{"id":644598,"date":"2026-03-11T12:15:12","date_gmt":"2026-03-11T15:15:12","guid":{"rendered":"https:\/\/www.suno.com.br\/noticias\/prio-prio3-sobe-mais-3-apos-prejuizo-4t25-go\/"},"modified":"2026-03-11T12:15:12","modified_gmt":"2026-03-11T15:15:12","slug":"prio-prio3-sobe-mais-3-apos-prejuizo-4t25-go","status":"publish","type":"post","link":"https:\/\/www.suno.com.br\/noticias\/prio-prio3-sobe-mais-3-apos-prejuizo-4t25-go\/","title":{"rendered":"PRIO (PRIO3) sobe mais de 3% ap\u00f3s preju\u00edzo no 4T25; veja an\u00e1lises"},"content":{"rendered":"<p>As a\u00e7\u00f5es da <strong>PRIO (<a class=\"suno-keyword\" target=\"_blank\" data-force=\"no\" data-priority=\"2\" href=\"https:\/\/www.suno.com.br\/analitica\/acoes\/prio3\/\" rel=\"noopener\">PRIO3<\/a>) <\/strong>est\u00e3o operando em forte alta nesta quarta-feira (11), ap\u00f3s a divulga\u00e7\u00e3o dos resultados do quarto trimestre de 2025. Por volta das 11h, os pap\u00e9is da companhia sobem 3,36%, a R$ 60,88.<\/p>\t<div class=\"wrapper-featured-image\">\n\t\t<figure class=\"spotlightImg\">\n\n\t\t\t<picture>\n\t\t\t\t<source media=\"(max-width: 768px)\" srcset=\"https:\/\/files.sunoresearch.com.br\/n\/uploads\/2026\/03\/prio3-2-1-1-400x200.webp\">\n\t\t\t\t<img loading=\"lazy\" decoding=\"async\" class=\"newsContent__article__imgCapa lazyloadDisabled \" src=\"https:\/\/files.sunoresearch.com.br\/n\/uploads\/2026\/03\/prio3-2-1-1-800x450.webp\" width=\"800\" height=\"450\" alt=\"PRIO (PRIO3) sobe mais de 3% ap\u00f3s preju\u00edzo no 4T25; veja an\u00e1lises\" fetchpriority=high \/>\n\t\t\t<\/picture>\n\n\t\t\t<figcaption class=\"wp-caption-text wp-caption-text--show\">Prio (PRIO3). Foto: Divulga\u00e7\u00e3o\/Prio<\/figcaption>\n\t\t<\/figure>\n\t<\/div>\n\n\n\n\n\n\n<p>No \u00faltimo trimestre de 2025, a PRIO registrou um preju\u00edzo l\u00edquido de US$ 185 milh\u00f5es, excluindo a norma IFRS-16. A regra cont\u00e1bil exige que contratos de arrendamento sejam registrados como d\u00edvida e ativo no balan\u00e7o, o que pode alterar o lucro reportado.<\/p>\n\n\n\n<p>Por outro lado, o lucro antes de juros, impostos, <a class=\"suno-keyword\" target=\"_blank\" data-force=\"no\" data-priority=\"1\" href=\"https:\/\/www.suno.com.br\/artigos\/depreciacao-amortizacao\/\" rel=\"noopener\">deprecia\u00e7\u00e3o e amortiza\u00e7\u00e3o<\/a> (Ebitda) avan\u00e7ou 7% na compara\u00e7\u00e3o anual, para US$ 324,2 milh\u00f5es. J\u00e1 a margem Ebtida caiu 7 pontos percentuais, para 55%.&nbsp;<\/p>\n\n\n\t<p>\n\t\t<a href=\"https:\/\/lp2.suno.com.br\/onde-investir-2026\/?utm_campaign=_SNC390A0FD0_ao&#038;utm_source=suno-not\u00edcias&#038;utm_medium=banner.noticias\" target=\"_blank\" data-element=\"shortcode-suno-banner\" title=\"Banner SUNO, clique e saiba mais\">\n\t\t\t<picture>\n\t\t\t\t<source media=\"(max-width: 500px)\" srcset=\"https:\/\/files.sunoresearch.com.br\/gaia\/uploads\/2026\/01\/Banner-Materias-01-Mbl_-400x300-1.png\">\n\t\t\t\t<img class=\"newsContent__article__imgCapa newsContent__article__imgCapa--banner\"\n\t\t\t\t\tsrc=\"https:\/\/files.sunoresearch.com.br\/gaia\/uploads\/2026\/01\/Banner-Materias-01-Dkp_-1420x240-1.png\"\n\t\t\t\t\tdata-promo-id=\"651623\"\t\t\t\t\t\t\t\t\t\twidth='1420' height='240'\t\t\t\t\talt=\"https:\/\/files.sunoresearch.com.br\/gaia\/uploads\/2026\/01\/Banner-Materias-01-Dkp_-1420x240-1.png\"\n\t\t\t\t>\n\t\t\t<\/picture>\n\t\t<\/a>\n\t<\/p>\n\n\n\n\n\n\n\n<h2 class=\"wp-block-heading\">O que dizem os analistas sobre os resultados da PRIO (PRIO3)?<\/h2>\n\n\n\n<p>Na avalia\u00e7\u00e3o da XP Investimentos, os resultados da PRIO (PRIO3) vieram, em geral, em linha com as estimativas da casa. O Ebitda ajustado veio praticamente est\u00e1vel em rela\u00e7\u00e3o \u00e0s proje\u00e7\u00f5es dos analistas, mesmo em um cen\u00e1rio de pre\u00e7os mais baixos do petr\u00f3leo no per\u00edodo.<\/p>\n\n\n\n<p>Segundo os analistas, o desempenho operacional foi sustentado principalmente pelo aumento nos volumes de vendas e pela redu\u00e7\u00e3o do custo de extra\u00e7\u00e3o. \u201cO Ebitda ajustado de US$ 324 milh\u00f5es ficou em linha com nossas estimativas, apesar dos pre\u00e7os mais baixos do Brent\u201d, destacaram.<\/p>\n\n\n\n<p>A XP tamb\u00e9m ressaltou que o avan\u00e7o sequencial do indicador ocorreu mesmo com a queda de cerca de 7,5% no pre\u00e7o do Brent em rela\u00e7\u00e3o ao trimestre anterior. O resultado foi favorecido, sobretudo, pela produ\u00e7\u00e3o mais elevada e por custos operacionais menores.<\/p>\n\n\n\n<p>Outro ponto destacado pelos analistas \u00e9 o in\u00edcio iminente da produ\u00e7\u00e3o no campo de Wahoo, considerado um dos principais catalisadores para a tese de investimento da companhia. Segundo a PRIO, o primeiro \u00f3leo do projeto \u00e9 esperado para os pr\u00f3ximos dias.<\/p>\n\n\n\t<p>\n\t\t<a href=\"https:\/\/lp2.suno.com.br\/lm\/minicurso-construindo-um-portfolio-milionario\/?utm_campaign=_SNC35CF3834_ao&#038;utm_source=suno-not\u00edcias&#038;utm_medium=banner.noticias\" target=\"_blank\" data-element=\"shortcode-suno-banner\" title=\"Banner SUNO, clique e saiba mais\">\n\t\t\t<picture>\n\t\t\t\t<source media=\"(max-width: 500px)\" srcset=\"https:\/\/files.sunoresearch.com.br\/gaia\/uploads\/2026\/01\/MB-PS-HOME-DE-ARTIGOS-400x300-ID_01_x1.jpg\">\n\t\t\t\t<img class=\"newsContent__article__imgCapa newsContent__article__imgCapa--banner\"\n\t\t\t\t\tsrc=\"https:\/\/files.sunoresearch.com.br\/gaia\/uploads\/2026\/01\/DT-PS-HOME-DE-ARTIGOS-1420x240-ID_01_x1.jpg\"\n\t\t\t\t\tdata-promo-id=\"651626\"\t\t\t\t\t\t\t\t\t\twidth='1420' height='240'\t\t\t\t\talt=\"https:\/\/files.sunoresearch.com.br\/gaia\/uploads\/2026\/01\/DT-PS-HOME-DE-ARTIGOS-1420x240-ID_01_x1.jpg\"\n\t\t\t\t>\n\t\t\t<\/picture>\n\t\t<\/a>\n\t<\/p>\n\n\n\n\n\n\n\n<p>J\u00e1 o BTG Pactual afirmou que os n\u00fameros operacionais vieram em linha com as expectativas do mercado, com destaque para a expans\u00e3o da produ\u00e7\u00e3o e a melhora no custo de extra\u00e7\u00e3o. \u201cAcreditamos que o catalisador mais importante da PRIO continua sendo o primeiro \u00f3leo de Wahoo\u201d, escreveram os analistas.<\/p>\n\n\n\n<p>O banco tamb\u00e9m destacou que a produ\u00e7\u00e3o da companhia avan\u00e7ou de forma relevante no trimestre, alcan\u00e7ando cerca de 128 mil barris de \u00f3leo equivalente por dia, enquanto o custo de extra\u00e7\u00e3o recuou para cerca de US$ 12,5 por barril. Para o BTG, a combina\u00e7\u00e3o de crescimento da produ\u00e7\u00e3o e redu\u00e7\u00e3o de custos deve continuar sustentando a <a class=\"suno-keyword\" target=\"_blank\" data-force=\"no\" data-priority=\"1\" href=\"https:\/\/www.suno.com.br\/artigos\/geracao-de-caixa\/\" rel=\"noopener\">gera\u00e7\u00e3o de caixa<\/a> da empresa nos pr\u00f3ximos trimestres.<\/p>\n\n\n\n<h2 class=\"wp-block-heading\">Vale a pena investir em PRIO3? <\/h2>\n\n\n\n<p>Tanto BTG quanto XP possuem recomenda\u00e7\u00e3o de compra para as <strong>a\u00e7\u00f5es PRIO3<\/strong> e posicionam a companhia como escolha principal dentro do setor.<\/p>\n\n\n\n<p>Os analistas da XP consideram um pre\u00e7o-alvo de R$ 64 por a\u00e7\u00e3o da PRIO (PRIO3), enquanto o BTG aponta R$ 61.&nbsp;<\/p>\n","protected":false},"excerpt":{"rendered":"<p>As a\u00e7\u00f5es da PRIO (PRIO3) est\u00e3o operando em forte alta nesta quarta-feira (11), ap\u00f3s a divulga\u00e7\u00e3o dos resultados do quarto trimestre de 2025. Por volta das 11h, os pap\u00e9is da companhia sobem 3,36%, a R$ 60,88. No \u00faltimo trimestre de 2025, a PRIO registrou um preju\u00edzo l\u00edquido de US$ 185 milh\u00f5es, excluindo a norma IFRS-16. &hellip; Continued<\/p>\n","protected":false},"author":404,"featured_media":644599,"comment_status":"closed","ping_status":"closed","sticky":false,"template":"","format":"standard","meta":[],"categories":[64],"tags":[107114],"suno_strategy":[],"class_list":["post-644598","post","type-post","status-publish","format-standard","has-post-thumbnail","hentry","category-negocios","tag-prio-prio3"],"yoast_head":"<!-- This site is optimized with the Yoast SEO plugin v24.4 - https:\/\/yoast.com\/wordpress\/plugins\/seo\/ -->\n<title>PRIO (PRIO3) sobe mais de 3% ap\u00f3s preju\u00edzo no 4T25<\/title>\n<meta name=\"description\" content=\"As a\u00e7\u00f5es da PRIO (PRIO3) est\u00e3o operando em forte alta nesta quarta-feira (11), ap\u00f3s os resultados do 4T25. Leia mais.\" \/>\n<meta name=\"robots\" content=\"index, follow, max-snippet:-1, max-image-preview:large, max-video-preview:-1\" \/>\n<link rel=\"canonical\" href=\"https:\/\/www.suno.com.br\/noticias\/prio-prio3-sobe-mais-3-apos-prejuizo-4t25-go\/\" \/>\n<meta property=\"og:locale\" content=\"pt_BR\" \/>\n<meta property=\"og:type\" content=\"article\" \/>\n<meta property=\"og:title\" content=\"PRIO (PRIO3) sobe mais de 3% ap\u00f3s preju\u00edzo no 4T25\" \/>\n<meta property=\"og:description\" content=\"As a\u00e7\u00f5es da PRIO (PRIO3) est\u00e3o operando em forte alta nesta quarta-feira (11), ap\u00f3s os resultados do 4T25. Leia mais.\" \/>\n<meta property=\"og:url\" content=\"https:\/\/www.suno.com.br\/noticias\/prio-prio3-sobe-mais-3-apos-prejuizo-4t25-go\/\" \/>\n<meta property=\"og:site_name\" content=\"Suno Not\u00edcias\" \/>\n<meta property=\"article:publisher\" content=\"https:\/\/facebook.com\/sunoresearch\" \/>\n<meta property=\"og:image\" content=\"http:\/\/files.sunoresearch.com.br\/n\/uploads\/2026\/03\/prio3-2-1-1-png.webp\" \/>\n\t<meta property=\"og:image:width\" content=\"1920\" \/>\n\t<meta property=\"og:image:height\" content=\"1080\" \/>\n\t<meta property=\"og:image:type\" content=\"image\/png\" \/>\n<meta name=\"author\" content=\"Giovanna Oliveira\" \/>\n<meta name=\"twitter:card\" content=\"summary_large_image\" \/>\n<meta name=\"twitter:creator\" content=\"@sunoresearch\" \/>\n<meta name=\"twitter:site\" content=\"@sunoresearch\" \/>\n<meta name=\"twitter:label1\" content=\"Escrito por\" \/>\n\t<meta name=\"twitter:data1\" content=\"Giovanna Oliveira\" \/>\n\t<meta name=\"twitter:label2\" content=\"Est. tempo de leitura\" \/>\n\t<meta name=\"twitter:data2\" content=\"3 minutos\" \/>\n<script type=\"application\/ld+json\" class=\"yoast-schema-graph\">{\"@context\":\"https:\/\/schema.org\",\"@graph\":[{\"@type\":\"NewsArticle\",\"@id\":\"https:\/\/www.suno.com.br\/noticias\/prio-prio3-sobe-mais-3-apos-prejuizo-4t25-go\/#article\",\"isPartOf\":{\"@id\":\"https:\/\/www.suno.com.br\/noticias\/prio-prio3-sobe-mais-3-apos-prejuizo-4t25-go\/\"},\"author\":{\"name\":\"Giovanna Oliveira\",\"@id\":\"https:\/\/www.suno.com.br\/noticias\/#\/schema\/person\/506bb13f624e6983050ae5bf648c7a54\"},\"headline\":\"PRIO (PRIO3) sobe mais de 3% ap\u00f3s preju\u00edzo no 4T25; veja an\u00e1lises\",\"datePublished\":\"2026-03-11T15:15:12+00:00\",\"mainEntityOfPage\":{\"@id\":\"https:\/\/www.suno.com.br\/noticias\/prio-prio3-sobe-mais-3-apos-prejuizo-4t25-go\/\"},\"wordCount\":515,\"publisher\":{\"@id\":\"https:\/\/www.suno.com.br\/noticias\/#organization\"},\"image\":{\"@id\":\"https:\/\/www.suno.com.br\/noticias\/prio-prio3-sobe-mais-3-apos-prejuizo-4t25-go\/#primaryimage\"},\"thumbnailUrl\":\"https:\/\/files.sunoresearch.com.br\/n\/uploads\/2026\/03\/prio3-2-1-1-png.webp\",\"keywords\":[\"Prio (PRIO3)\"],\"articleSection\":[\"Neg\u00f3cios\"],\"inLanguage\":\"pt-BR\"},{\"@type\":\"WebPage\",\"@id\":\"https:\/\/www.suno.com.br\/noticias\/prio-prio3-sobe-mais-3-apos-prejuizo-4t25-go\/\",\"url\":\"https:\/\/www.suno.com.br\/noticias\/prio-prio3-sobe-mais-3-apos-prejuizo-4t25-go\/\",\"name\":\"PRIO (PRIO3) sobe mais de 3% ap\u00f3s preju\u00edzo no 4T25\",\"isPartOf\":{\"@id\":\"https:\/\/www.suno.com.br\/noticias\/#website\"},\"primaryImageOfPage\":{\"@id\":\"https:\/\/www.suno.com.br\/noticias\/prio-prio3-sobe-mais-3-apos-prejuizo-4t25-go\/#primaryimage\"},\"image\":{\"@id\":\"https:\/\/www.suno.com.br\/noticias\/prio-prio3-sobe-mais-3-apos-prejuizo-4t25-go\/#primaryimage\"},\"thumbnailUrl\":\"https:\/\/files.sunoresearch.com.br\/n\/uploads\/2026\/03\/prio3-2-1-1-png.webp\",\"datePublished\":\"2026-03-11T15:15:12+00:00\",\"description\":\"As a\u00e7\u00f5es da PRIO (PRIO3) est\u00e3o operando em forte alta nesta quarta-feira (11), ap\u00f3s os resultados do 4T25. Leia mais.\",\"breadcrumb\":{\"@id\":\"https:\/\/www.suno.com.br\/noticias\/prio-prio3-sobe-mais-3-apos-prejuizo-4t25-go\/#breadcrumb\"},\"inLanguage\":\"pt-BR\",\"potentialAction\":[{\"@type\":\"ReadAction\",\"target\":[\"https:\/\/www.suno.com.br\/noticias\/prio-prio3-sobe-mais-3-apos-prejuizo-4t25-go\/\"]}]},{\"@type\":\"ImageObject\",\"inLanguage\":\"pt-BR\",\"@id\":\"https:\/\/www.suno.com.br\/noticias\/prio-prio3-sobe-mais-3-apos-prejuizo-4t25-go\/#primaryimage\",\"url\":\"https:\/\/files.sunoresearch.com.br\/n\/uploads\/2026\/03\/prio3-2-1-1-png.webp\",\"contentUrl\":\"https:\/\/files.sunoresearch.com.br\/n\/uploads\/2026\/03\/prio3-2-1-1-png.webp\",\"width\":1920,\"height\":1080,\"caption\":\"Prio (PRIO3). Foto: Divulga\u00e7\u00e3o\/Prio\"},{\"@type\":\"BreadcrumbList\",\"@id\":\"https:\/\/www.suno.com.br\/noticias\/prio-prio3-sobe-mais-3-apos-prejuizo-4t25-go\/#breadcrumb\",\"itemListElement\":[{\"@type\":\"ListItem\",\"position\":1,\"name\":\"Not\u00edcias\",\"item\":\"https:\/\/www.suno.com.br\/noticias\/\"},{\"@type\":\"ListItem\",\"position\":2,\"name\":\"Neg\u00f3cios\",\"item\":\"https:\/\/www.suno.com.br\/noticias\/negocios\/\"},{\"@type\":\"ListItem\",\"position\":3,\"name\":\"PRIO (PRIO3) sobe mais de 3% ap\u00f3s preju\u00edzo no 4T25; veja an\u00e1lises\"}]},{\"@type\":\"WebSite\",\"@id\":\"https:\/\/www.suno.com.br\/noticias\/#website\",\"url\":\"https:\/\/www.suno.com.br\/noticias\/\",\"name\":\"Suno Not\u00edcias\",\"description\":\"Seu portal de informa\u00e7\u00e3o sobre o mundo dos investimentos\",\"publisher\":{\"@id\":\"https:\/\/www.suno.com.br\/noticias\/#organization\"},\"potentialAction\":[{\"@type\":\"SearchAction\",\"target\":{\"@type\":\"EntryPoint\",\"urlTemplate\":\"https:\/\/www.suno.com.br\/noticias\/?s={search_term_string}\"},\"query-input\":{\"@type\":\"PropertyValueSpecification\",\"valueRequired\":true,\"valueName\":\"search_term_string\"}}],\"inLanguage\":\"pt-BR\"},{\"@type\":\"Organization\",\"@id\":\"https:\/\/www.suno.com.br\/noticias\/#organization\",\"name\":\"Suno Not\u00edcias\",\"url\":\"https:\/\/www.suno.com.br\/noticias\/\",\"logo\":{\"@type\":\"ImageObject\",\"inLanguage\":\"pt-BR\",\"@id\":\"https:\/\/www.suno.com.br\/noticias\/#\/schema\/logo\/image\/\",\"url\":\"https:\/\/files.sunoresearch.com.br\/n\/uploads\/2021\/09\/suno-logo.png\",\"contentUrl\":\"https:\/\/files.sunoresearch.com.br\/n\/uploads\/2021\/09\/suno-logo.png\",\"width\":180,\"height\":180,\"caption\":\"Suno Not\u00edcias\"},\"image\":{\"@id\":\"https:\/\/www.suno.com.br\/noticias\/#\/schema\/logo\/image\/\"},\"sameAs\":[\"https:\/\/facebook.com\/sunoresearch\",\"https:\/\/x.com\/sunoresearch\",\"https:\/\/www.instagram.com\/suno\",\"https:\/\/www.linkedin.com\/company\/suno-research\/\",\"https:\/\/www.youtube.com\/c\/sunoresearch\"]},{\"@type\":\"Person\",\"@id\":\"https:\/\/www.suno.com.br\/noticias\/#\/schema\/person\/506bb13f624e6983050ae5bf648c7a54\",\"name\":\"Giovanna Oliveira\",\"image\":{\"@type\":\"ImageObject\",\"inLanguage\":\"pt-BR\",\"@id\":\"https:\/\/www.suno.com.br\/noticias\/#\/schema\/person\/image\/\",\"url\":\"https:\/\/secure.gravatar.com\/avatar\/8d180e5cea232a9bb3af521589b133fa?s=96&r=g\",\"contentUrl\":\"https:\/\/secure.gravatar.com\/avatar\/8d180e5cea232a9bb3af521589b133fa?s=96&r=g\",\"caption\":\"Giovanna Oliveira\"},\"description\":\"Jornalista com mais de sete anos de experi\u00eancia na cobertura de finan\u00e7as e economia. P\u00f3s-graduada em Neg\u00f3cios e Inova\u00e7\u00e3o (ESPM-SP) e mestranda em Finan\u00e7as (UADE Business School\u2013Buenos Aires).\",\"url\":\"https:\/\/www.suno.com.br\/noticias\/author\/giovannalmd-oliveiragmail-com\/\"}]}<\/script>\n<!-- \/ Yoast SEO plugin. -->","yoast_head_json":{"title":"PRIO (PRIO3) sobe mais de 3% ap\u00f3s preju\u00edzo no 4T25","description":"As a\u00e7\u00f5es da PRIO (PRIO3) est\u00e3o operando em forte alta nesta quarta-feira (11), ap\u00f3s os resultados do 4T25. Leia mais.","robots":{"index":"index","follow":"follow","max-snippet":"max-snippet:-1","max-image-preview":"max-image-preview:large","max-video-preview":"max-video-preview:-1"},"canonical":"https:\/\/www.suno.com.br\/noticias\/prio-prio3-sobe-mais-3-apos-prejuizo-4t25-go\/","og_locale":"pt_BR","og_type":"article","og_title":"PRIO (PRIO3) sobe mais de 3% ap\u00f3s preju\u00edzo no 4T25","og_description":"As a\u00e7\u00f5es da PRIO (PRIO3) est\u00e3o operando em forte alta nesta quarta-feira (11), ap\u00f3s os resultados do 4T25. Leia mais.","og_url":"https:\/\/www.suno.com.br\/noticias\/prio-prio3-sobe-mais-3-apos-prejuizo-4t25-go\/","og_site_name":"Suno Not\u00edcias","article_publisher":"https:\/\/facebook.com\/sunoresearch","og_image":[{"width":1920,"height":1080,"url":"http:\/\/files.sunoresearch.com.br\/n\/uploads\/2026\/03\/prio3-2-1-1-png.webp","type":"image\/png"}],"author":"Giovanna Oliveira","twitter_card":"summary_large_image","twitter_creator":"@sunoresearch","twitter_site":"@sunoresearch","twitter_misc":{"Escrito por":"Giovanna Oliveira","Est. tempo de leitura":"3 minutos"},"schema":{"@context":"https:\/\/schema.org","@graph":[{"@type":"NewsArticle","@id":"https:\/\/www.suno.com.br\/noticias\/prio-prio3-sobe-mais-3-apos-prejuizo-4t25-go\/#article","isPartOf":{"@id":"https:\/\/www.suno.com.br\/noticias\/prio-prio3-sobe-mais-3-apos-prejuizo-4t25-go\/"},"author":{"name":"Giovanna Oliveira","@id":"https:\/\/www.suno.com.br\/noticias\/#\/schema\/person\/506bb13f624e6983050ae5bf648c7a54"},"headline":"PRIO (PRIO3) sobe mais de 3% ap\u00f3s preju\u00edzo no 4T25; veja an\u00e1lises","datePublished":"2026-03-11T15:15:12+00:00","mainEntityOfPage":{"@id":"https:\/\/www.suno.com.br\/noticias\/prio-prio3-sobe-mais-3-apos-prejuizo-4t25-go\/"},"wordCount":515,"publisher":{"@id":"https:\/\/www.suno.com.br\/noticias\/#organization"},"image":{"@id":"https:\/\/www.suno.com.br\/noticias\/prio-prio3-sobe-mais-3-apos-prejuizo-4t25-go\/#primaryimage"},"thumbnailUrl":"https:\/\/files.sunoresearch.com.br\/n\/uploads\/2026\/03\/prio3-2-1-1-png.webp","keywords":["Prio (PRIO3)"],"articleSection":["Neg\u00f3cios"],"inLanguage":"pt-BR"},{"@type":"WebPage","@id":"https:\/\/www.suno.com.br\/noticias\/prio-prio3-sobe-mais-3-apos-prejuizo-4t25-go\/","url":"https:\/\/www.suno.com.br\/noticias\/prio-prio3-sobe-mais-3-apos-prejuizo-4t25-go\/","name":"PRIO (PRIO3) sobe mais de 3% ap\u00f3s preju\u00edzo no 4T25","isPartOf":{"@id":"https:\/\/www.suno.com.br\/noticias\/#website"},"primaryImageOfPage":{"@id":"https:\/\/www.suno.com.br\/noticias\/prio-prio3-sobe-mais-3-apos-prejuizo-4t25-go\/#primaryimage"},"image":{"@id":"https:\/\/www.suno.com.br\/noticias\/prio-prio3-sobe-mais-3-apos-prejuizo-4t25-go\/#primaryimage"},"thumbnailUrl":"https:\/\/files.sunoresearch.com.br\/n\/uploads\/2026\/03\/prio3-2-1-1-png.webp","datePublished":"2026-03-11T15:15:12+00:00","description":"As a\u00e7\u00f5es da PRIO (PRIO3) est\u00e3o operando em forte alta nesta quarta-feira (11), ap\u00f3s os resultados do 4T25. Leia mais.","breadcrumb":{"@id":"https:\/\/www.suno.com.br\/noticias\/prio-prio3-sobe-mais-3-apos-prejuizo-4t25-go\/#breadcrumb"},"inLanguage":"pt-BR","potentialAction":[{"@type":"ReadAction","target":["https:\/\/www.suno.com.br\/noticias\/prio-prio3-sobe-mais-3-apos-prejuizo-4t25-go\/"]}]},{"@type":"ImageObject","inLanguage":"pt-BR","@id":"https:\/\/www.suno.com.br\/noticias\/prio-prio3-sobe-mais-3-apos-prejuizo-4t25-go\/#primaryimage","url":"https:\/\/files.sunoresearch.com.br\/n\/uploads\/2026\/03\/prio3-2-1-1-png.webp","contentUrl":"https:\/\/files.sunoresearch.com.br\/n\/uploads\/2026\/03\/prio3-2-1-1-png.webp","width":1920,"height":1080,"caption":"Prio (PRIO3). Foto: Divulga\u00e7\u00e3o\/Prio"},{"@type":"BreadcrumbList","@id":"https:\/\/www.suno.com.br\/noticias\/prio-prio3-sobe-mais-3-apos-prejuizo-4t25-go\/#breadcrumb","itemListElement":[{"@type":"ListItem","position":1,"name":"Not\u00edcias","item":"https:\/\/www.suno.com.br\/noticias\/"},{"@type":"ListItem","position":2,"name":"Neg\u00f3cios","item":"https:\/\/www.suno.com.br\/noticias\/negocios\/"},{"@type":"ListItem","position":3,"name":"PRIO (PRIO3) sobe mais de 3% ap\u00f3s preju\u00edzo no 4T25; veja an\u00e1lises"}]},{"@type":"WebSite","@id":"https:\/\/www.suno.com.br\/noticias\/#website","url":"https:\/\/www.suno.com.br\/noticias\/","name":"Suno Not\u00edcias","description":"Seu portal de informa\u00e7\u00e3o sobre o mundo dos investimentos","publisher":{"@id":"https:\/\/www.suno.com.br\/noticias\/#organization"},"potentialAction":[{"@type":"SearchAction","target":{"@type":"EntryPoint","urlTemplate":"https:\/\/www.suno.com.br\/noticias\/?s={search_term_string}"},"query-input":{"@type":"PropertyValueSpecification","valueRequired":true,"valueName":"search_term_string"}}],"inLanguage":"pt-BR"},{"@type":"Organization","@id":"https:\/\/www.suno.com.br\/noticias\/#organization","name":"Suno Not\u00edcias","url":"https:\/\/www.suno.com.br\/noticias\/","logo":{"@type":"ImageObject","inLanguage":"pt-BR","@id":"https:\/\/www.suno.com.br\/noticias\/#\/schema\/logo\/image\/","url":"https:\/\/files.sunoresearch.com.br\/n\/uploads\/2021\/09\/suno-logo.png","contentUrl":"https:\/\/files.sunoresearch.com.br\/n\/uploads\/2021\/09\/suno-logo.png","width":180,"height":180,"caption":"Suno Not\u00edcias"},"image":{"@id":"https:\/\/www.suno.com.br\/noticias\/#\/schema\/logo\/image\/"},"sameAs":["https:\/\/facebook.com\/sunoresearch","https:\/\/x.com\/sunoresearch","https:\/\/www.instagram.com\/suno","https:\/\/www.linkedin.com\/company\/suno-research\/","https:\/\/www.youtube.com\/c\/sunoresearch"]},{"@type":"Person","@id":"https:\/\/www.suno.com.br\/noticias\/#\/schema\/person\/506bb13f624e6983050ae5bf648c7a54","name":"Giovanna Oliveira","image":{"@type":"ImageObject","inLanguage":"pt-BR","@id":"https:\/\/www.suno.com.br\/noticias\/#\/schema\/person\/image\/","url":"https:\/\/secure.gravatar.com\/avatar\/8d180e5cea232a9bb3af521589b133fa?s=96&r=g","contentUrl":"https:\/\/secure.gravatar.com\/avatar\/8d180e5cea232a9bb3af521589b133fa?s=96&r=g","caption":"Giovanna Oliveira"},"description":"Jornalista com mais de sete anos de experi\u00eancia na cobertura de finan\u00e7as e economia. P\u00f3s-graduada em Neg\u00f3cios e Inova\u00e7\u00e3o (ESPM-SP) e mestranda em Finan\u00e7as (UADE Business School\u2013Buenos Aires).","url":"https:\/\/www.suno.com.br\/noticias\/author\/giovannalmd-oliveiragmail-com\/"}]}},"default_loop_html":"<div class=\"cardsPage__listCard__boxs\"><div class=\"cardsPage__listCard__boxs__img\"><a href=\"https:\/\/www.suno.com.br\/noticias\/prio-prio3-sobe-mais-3-apos-prejuizo-4t25-go\/\"><img class=\"mask\" src=\"https:\/\/www.suno.com.br\/noticias\/wp-content\/themes\/suno\/resources\/images\/spotlight\/spotlight1img\/bg-mask.png\" alt=\"Image Mask\"\/><img src=\"https:\/\/files.sunoresearch.com.br\/n\/uploads\/2026\/03\/prio3-2-1-1-400x200.webp\" alt=\"PRIO (PRIO3) sobe mais de 3% ap\u00f3s preju\u00edzo no 4T25; veja an\u00e1lises\"\/><\/a><span class=\"spotlightCategory\"><a href=\"https:\/\/www.suno.com.br\/noticias\/negocios\/\">Neg\u00f3cios<\/a><\/span><\/div><div class=\"cardsPage__listCard__boxs__content\"><a href=\"https:\/\/www.suno.com.br\/noticias\/prio-prio3-sobe-mais-3-apos-prejuizo-4t25-go\/\"><h2 class=\"content__title\">PRIO (PRIO3) sobe mais de 3% ap\u00f3s preju\u00edzo no 4T25; veja an\u00e1lises<\/h2><\/a><div class=\"newsContent__article__meta\"><div class=\"newsContent__article__meta__authorBox\"><a href=\"https:\/\/www.suno.com.br\/noticias\/author\/giovannalmd-oliveiragmail-com\/\" class=\"authorBox__avatar noMobi\"><img src=\"https:\/\/secure.gravatar.com\/avatar\/8d180e5cea232a9bb3af521589b133fa?s=96&#038;r=g\" alt=\"Giovanna Oliveira\"><\/a><div class=\"authorBox__name\"><span>por\n\t\t\t<a href=\"https:\/\/www.suno.com.br\/noticias\/author\/giovannalmd-oliveiragmail-com\/\"><span itemprop=\"author\">Giovanna Oliveira<\/span><\/a><\/span><time datetime=\"2026-03-11T12:15:12-03:00\" itemprop=\"datePublished\">11\/03\/2026 12:15<\/time><\/div><\/div><\/div><\/div><\/div>","single_layout":"posts","amp_enabled":true,"_links":{"self":[{"href":"https:\/\/www.suno.com.br\/noticias\/wp-json\/wp\/v2\/posts\/644598"}],"collection":[{"href":"https:\/\/www.suno.com.br\/noticias\/wp-json\/wp\/v2\/posts"}],"about":[{"href":"https:\/\/www.suno.com.br\/noticias\/wp-json\/wp\/v2\/types\/post"}],"author":[{"embeddable":true,"href":"https:\/\/www.suno.com.br\/noticias\/wp-json\/wp\/v2\/users\/404"}],"replies":[{"embeddable":true,"href":"https:\/\/www.suno.com.br\/noticias\/wp-json\/wp\/v2\/comments?post=644598"}],"version-history":[{"count":0,"href":"https:\/\/www.suno.com.br\/noticias\/wp-json\/wp\/v2\/posts\/644598\/revisions"}],"wp:featuredmedia":[{"embeddable":true,"href":"https:\/\/www.suno.com.br\/noticias\/wp-json\/wp\/v2\/media\/644599"}],"wp:attachment":[{"href":"https:\/\/www.suno.com.br\/noticias\/wp-json\/wp\/v2\/media?parent=644598"}],"wp:term":[{"taxonomy":"category","embeddable":true,"href":"https:\/\/www.suno.com.br\/noticias\/wp-json\/wp\/v2\/categories?post=644598"},{"taxonomy":"post_tag","embeddable":true,"href":"https:\/\/www.suno.com.br\/noticias\/wp-json\/wp\/v2\/tags?post=644598"},{"taxonomy":"suno_strategy","embeddable":true,"href":"https:\/\/www.suno.com.br\/noticias\/wp-json\/wp\/v2\/suno_strategy?post=644598"}],"curies":[{"name":"wp","href":"https:\/\/api.w.org\/{rel}","templated":true}]}}