{"id":644589,"date":"2026-03-11T11:55:21","date_gmt":"2026-03-11T14:55:21","guid":{"rendered":"https:\/\/www.suno.com.br\/noticias\/gare11-sem-impacto-reestruturacao-gpa\/"},"modified":"2026-03-11T11:55:21","modified_gmt":"2026-03-11T14:55:21","slug":"gare11-sem-impacto-reestruturacao-gpa","status":"publish","type":"post","link":"https:\/\/www.suno.com.br\/noticias\/gare11-sem-impacto-reestruturacao-gpa\/","title":{"rendered":"GARE11 segue sem impacto enquanto GPA renegocia d\u00edvidas"},"content":{"rendered":"<p>A administradora do <strong>GARE11<\/strong>, a Guardian Gestora, divulgou comunicado refor\u00e7ando que acompanha de perto a reestrutura\u00e7\u00e3o financeira do <strong>Grupo P\u00e3o de A\u00e7\u00facar<\/strong>. Segundo a gestora, n\u00e3o h\u00e1 efeitos imediatos para o <a class=\"suno-keyword\" target=\"_blank\" data-force=\"no\" data-priority=\"2\" href=\"https:\/\/www.suno.com.br\/artigos\/fundo-de-investimento-em-participacoes\/\" rel=\"noopener\">fundo de investimento<\/a> imobili\u00e1rio e as opera\u00e7\u00f5es seguem normalmente. O foco \u00e9 manter transpar\u00eancia com os cotistas e atualizar o mercado conforme a evolu\u00e7\u00e3o do processo.<\/p>\t<div class=\"wrapper-featured-image\">\n\t\t<figure class=\"spotlightImg\">\n\n\t\t\t<picture>\n\t\t\t\t<source media=\"(max-width: 768px)\" srcset=\"https:\/\/files.sunoresearch.com.br\/n\/uploads\/2026\/03\/close-de-notebook-ex-1_03-1-400x200.webp\">\n\t\t\t\t<img loading=\"lazy\" decoding=\"async\" class=\"newsContent__article__imgCapa lazyloadDisabled \" src=\"https:\/\/files.sunoresearch.com.br\/n\/uploads\/2026\/03\/close-de-notebook-ex-1_03-1-800x450.webp\" width=\"800\" height=\"450\" alt=\"GARE11 segue sem impacto enquanto GPA renegocia d\u00edvidas\" fetchpriority=high \/>\n\t\t\t<\/picture>\n\n\t\t\t<figcaption class=\"wp-caption-text wp-caption-text--show\">Imagem gerada por IA<\/figcaption>\n\t\t<\/figure>\n\t<\/div>\n\n\n<p>Conforme as comunica\u00e7\u00f5es oficiais da varejista, a reestrutura\u00e7\u00e3o envolve exclusivamente <strong>d\u00edvidas financeiras n\u00e3o operacionais<\/strong>, preservando o <a class=\"suno-keyword\" target=\"_blank\" data-force=\"no\" data-priority=\"1\" href=\"https:\/\/www.suno.com.br\/artigos\/ciclo-operacional\/\" rel=\"noopener\">ciclo operacional<\/a>. Dessa forma, pagamentos a fornecedores, folha salarial e, especialmente, loca\u00e7\u00f5es permanecem fora do escopo da renegocia\u00e7\u00e3o. Esse desenho reduz o risco de impactos indiretos sobre o fundo.<\/p>\n<p>A companhia informou ter alcan\u00e7ado entendimento com credores estrat\u00e9gicos para um plano de <strong>recupera\u00e7\u00e3o extrajudicial<\/strong>, contemplando cerca de <strong>R$ 4,5 bilh\u00f5es em d\u00edvidas<\/strong>. O objetivo \u00e9 ajustar o passivo financeiro e alongar prazos, preservando o funcionamento das lojas e a manuten\u00e7\u00e3o dos contratos vigentes. Para o segmento imobili\u00e1rio, o sinal \u00e9 de continuidade operacional.<\/p>\n\n\t<p>\n\t\t<a href=\"https:\/\/lp2.suno.com.br\/onde-investir-2026\/?utm_campaign=_SNC390A0FD0_ao&#038;utm_source=suno-not\u00edcias&#038;utm_medium=banner.noticias\" target=\"_blank\" data-element=\"shortcode-suno-banner\" title=\"Banner SUNO, clique e saiba mais\">\n\t\t\t<picture>\n\t\t\t\t<source media=\"(max-width: 500px)\" srcset=\"https:\/\/files.sunoresearch.com.br\/gaia\/uploads\/2026\/01\/Banner-Materias-01-Mbl_-400x300-1.png\">\n\t\t\t\t<img class=\"newsContent__article__imgCapa newsContent__article__imgCapa--banner\"\n\t\t\t\t\tsrc=\"https:\/\/files.sunoresearch.com.br\/gaia\/uploads\/2026\/01\/Banner-Materias-01-Dkp_-1420x240-1.png\"\n\t\t\t\t\tdata-promo-id=\"651623\"\t\t\t\t\t\t\t\t\t\twidth='1420' height='240'\t\t\t\t\talt=\"https:\/\/files.sunoresearch.com.br\/gaia\/uploads\/2026\/01\/Banner-Materias-01-Dkp_-1420x240-1.png\"\n\t\t\t\t>\n\t\t\t<\/picture>\n\t\t<\/a>\n\t<\/p>\n\n\n\n\n<h2>Acompanhamento do GARE11 e garantias operacionais<\/h2>\n<p>No caso do <strong>GARE11<\/strong>, a administradora destacou que <strong>n\u00e3o existe inadimpl\u00eancia do inquilino<\/strong>. Os alugu\u00e9is dos im\u00f3veis ocupados pelo <strong>Grupo P\u00e3o de A\u00e7\u00facar<\/strong> est\u00e3o sendo quitados regularmente, sem atrasos ou pedidos de revis\u00e3o extraordin\u00e1ria. As atividades comerciais nas unidades arrendadas permanecem inalteradas, conforme informa\u00e7\u00f5es j\u00e1 prestadas pela pr\u00f3pria varejista ao mercado.<\/p>\n<p>A gestora mant\u00e9m di\u00e1logo cont\u00ednuo com o GPA, avaliando cen\u00e1rios e mitigadores de risco. Caso surjam fatos relevantes que possam afetar o fundo ou seus cotistas, a Guardian Gestora indica que novas comunica\u00e7\u00f5es ser\u00e3o prontamente divulgadas, refor\u00e7ando o compromisso com governan\u00e7a e clareza informacional.<\/p>\n\n\t<p>\n\t\t<a href=\"https:\/\/lp2.suno.com.br\/lm\/minicurso-construindo-um-portfolio-milionario\/?utm_campaign=_SNC35CF3834_ao&#038;utm_source=suno-not\u00edcias&#038;utm_medium=banner.noticias\" target=\"_blank\" data-element=\"shortcode-suno-banner\" title=\"Banner SUNO, clique e saiba mais\">\n\t\t\t<picture>\n\t\t\t\t<source media=\"(max-width: 500px)\" srcset=\"https:\/\/files.sunoresearch.com.br\/gaia\/uploads\/2026\/01\/MB-PS-HOME-DE-ARTIGOS-400x300-ID_01_x1.jpg\">\n\t\t\t\t<img class=\"newsContent__article__imgCapa newsContent__article__imgCapa--banner\"\n\t\t\t\t\tsrc=\"https:\/\/files.sunoresearch.com.br\/gaia\/uploads\/2026\/01\/DT-PS-HOME-DE-ARTIGOS-1420x240-ID_01_x1.jpg\"\n\t\t\t\t\tdata-promo-id=\"651626\"\t\t\t\t\t\t\t\t\t\twidth='1420' height='240'\t\t\t\t\talt=\"https:\/\/files.sunoresearch.com.br\/gaia\/uploads\/2026\/01\/DT-PS-HOME-DE-ARTIGOS-1420x240-ID_01_x1.jpg\"\n\t\t\t\t>\n\t\t\t<\/picture>\n\t\t<\/a>\n\t<\/p>\n\n\n\n\n<h2>Qualidade dos ativos e perspectivas<\/h2>\n<p>Outro ponto ressaltado foi a <strong>qualidade dos im\u00f3veis<\/strong> do portf\u00f3lio, com localiza\u00e7\u00e3o privilegiada, voca\u00e7\u00e3o comercial consolidada e espa\u00e7o para desenvolvimento. Esses atributos, aliados \u00e0 estrutura contratual, fortalecem a resili\u00eancia do fundo em ciclos econ\u00f4micos desafiadores e eventuais mudan\u00e7as do locat\u00e1rio. Na vis\u00e3o da administradora, tais fatores sustentam a <strong>solidez da carteira<\/strong> e a atratividade dos ativos no mercado.<\/p>\n<p>A <strong>Guardian Gestora<\/strong> seguir\u00e1 monitorando a evolu\u00e7\u00e3o da reestrutura\u00e7\u00e3o do <strong>Grupo P\u00e3o de A\u00e7\u00facar<\/strong>. Permanecem v\u00e1lidos os contratos e os pagamentos, e, at\u00e9 o momento, n\u00e3o se observam impactos diretos sobre o fundo. Em caso de qualquer altera\u00e7\u00e3o relevante, ser\u00e3o publicados novos informes para orientar investidores e o mercado em geral.<\/p>","protected":false},"excerpt":{"rendered":"<p>A administradora do GARE11, a Guardian Gestora, divulgou comunicado refor\u00e7ando que acompanha de perto a reestrutura\u00e7\u00e3o financeira do Grupo P\u00e3o de A\u00e7\u00facar. Segundo a gestora, n\u00e3o h\u00e1 efeitos imediatos para o fundo de investimento imobili\u00e1rio e as opera\u00e7\u00f5es seguem normalmente. O foco \u00e9 manter transpar\u00eancia com os cotistas e atualizar o mercado conforme a evolu\u00e7\u00e3o &hellip; Continued<\/p>\n","protected":false},"author":43,"featured_media":644590,"comment_status":"closed","ping_status":"closed","sticky":false,"template":"","format":"standard","meta":[],"categories":[66],"tags":[315,107234],"suno_strategy":[],"class_list":["post-644589","post","type-post","status-publish","format-standard","has-post-thumbnail","hentry","category-fiis","tag-fundos-imobiliarios-fiis","tag-gare11"],"yoast_head":"<!-- This site is optimized with the Yoast SEO plugin v24.4 - https:\/\/yoast.com\/wordpress\/plugins\/seo\/ -->\n<title>GARE11 sem impacto na reestrutura\u00e7\u00e3o do GPA<\/title>\n<meta name=\"description\" content=\"Guardian Gestora diz que GARE11 segue sem impacto enquanto o GPA renegocia R$ 4,5 bi, com alugu\u00e9is em dia e opera\u00e7\u00f5es mantidas.\" \/>\n<meta name=\"robots\" content=\"index, follow, max-snippet:-1, max-image-preview:large, max-video-preview:-1\" \/>\n<link rel=\"canonical\" href=\"https:\/\/www.suno.com.br\/noticias\/gare11-sem-impacto-reestruturacao-gpa\/\" \/>\n<meta property=\"og:locale\" content=\"pt_BR\" \/>\n<meta property=\"og:type\" content=\"article\" \/>\n<meta property=\"og:title\" content=\"GARE11 sem impacto na reestrutura\u00e7\u00e3o do GPA\" \/>\n<meta property=\"og:description\" content=\"Guardian Gestora diz que GARE11 segue sem impacto enquanto o GPA renegocia R$ 4,5 bi, com alugu\u00e9is em dia e opera\u00e7\u00f5es mantidas.\" \/>\n<meta property=\"og:url\" content=\"https:\/\/www.suno.com.br\/noticias\/gare11-sem-impacto-reestruturacao-gpa\/\" \/>\n<meta property=\"og:site_name\" content=\"Suno Not\u00edcias\" \/>\n<meta property=\"article:publisher\" content=\"https:\/\/facebook.com\/sunoresearch\" \/>\n<meta property=\"article:author\" content=\"https:\/\/www.facebook.com\/sunonoticias\/\" \/>\n<meta property=\"og:image\" content=\"http:\/\/files.sunoresearch.com.br\/n\/uploads\/2026\/03\/close-de-notebook-ex-1_03-1.webp\" \/>\n\t<meta property=\"og:image:width\" content=\"1365\" \/>\n\t<meta property=\"og:image:height\" content=\"768\" \/>\n\t<meta property=\"og:image:type\" content=\"image\/webp\" \/>\n<meta name=\"author\" content=\"Reda\u00e7\u00e3o Suno Not\u00edcias\" \/>\n<meta name=\"twitter:card\" content=\"summary_large_image\" \/>\n<meta name=\"twitter:creator\" content=\"@https:\/\/twitter.com\/sunoresearch\" \/>\n<meta name=\"twitter:site\" content=\"@sunoresearch\" \/>\n<meta name=\"twitter:label1\" content=\"Escrito por\" \/>\n\t<meta name=\"twitter:data1\" content=\"Reda\u00e7\u00e3o Suno Not\u00edcias\" \/>\n\t<meta name=\"twitter:label2\" content=\"Est. tempo de leitura\" \/>\n\t<meta name=\"twitter:data2\" content=\"2 minutos\" \/>\n<script type=\"application\/ld+json\" class=\"yoast-schema-graph\">{\"@context\":\"https:\/\/schema.org\",\"@graph\":[{\"@type\":\"NewsArticle\",\"@id\":\"https:\/\/www.suno.com.br\/noticias\/gare11-sem-impacto-reestruturacao-gpa\/#article\",\"isPartOf\":{\"@id\":\"https:\/\/www.suno.com.br\/noticias\/gare11-sem-impacto-reestruturacao-gpa\/\"},\"author\":{\"name\":\"Reda\u00e7\u00e3o Suno Not\u00edcias\",\"@id\":\"https:\/\/www.suno.com.br\/noticias\/#\/schema\/person\/c1b1bd3727fa852bd045e9dbff3673ea\"},\"headline\":\"GARE11 segue sem impacto enquanto GPA renegocia d\u00edvidas\",\"datePublished\":\"2026-03-11T14:55:21+00:00\",\"mainEntityOfPage\":{\"@id\":\"https:\/\/www.suno.com.br\/noticias\/gare11-sem-impacto-reestruturacao-gpa\/\"},\"wordCount\":444,\"publisher\":{\"@id\":\"https:\/\/www.suno.com.br\/noticias\/#organization\"},\"image\":{\"@id\":\"https:\/\/www.suno.com.br\/noticias\/gare11-sem-impacto-reestruturacao-gpa\/#primaryimage\"},\"thumbnailUrl\":\"https:\/\/files.sunoresearch.com.br\/n\/uploads\/2026\/03\/close-de-notebook-ex-1_03-1.webp\",\"keywords\":[\"Fundos Imobili\u00e1rios (FIIs)\",\"GARE11\"],\"articleSection\":[\"FIIs\"],\"inLanguage\":\"pt-BR\"},{\"@type\":\"WebPage\",\"@id\":\"https:\/\/www.suno.com.br\/noticias\/gare11-sem-impacto-reestruturacao-gpa\/\",\"url\":\"https:\/\/www.suno.com.br\/noticias\/gare11-sem-impacto-reestruturacao-gpa\/\",\"name\":\"GARE11 sem impacto na reestrutura\u00e7\u00e3o do GPA\",\"isPartOf\":{\"@id\":\"https:\/\/www.suno.com.br\/noticias\/#website\"},\"primaryImageOfPage\":{\"@id\":\"https:\/\/www.suno.com.br\/noticias\/gare11-sem-impacto-reestruturacao-gpa\/#primaryimage\"},\"image\":{\"@id\":\"https:\/\/www.suno.com.br\/noticias\/gare11-sem-impacto-reestruturacao-gpa\/#primaryimage\"},\"thumbnailUrl\":\"https:\/\/files.sunoresearch.com.br\/n\/uploads\/2026\/03\/close-de-notebook-ex-1_03-1.webp\",\"datePublished\":\"2026-03-11T14:55:21+00:00\",\"description\":\"Guardian Gestora diz que GARE11 segue sem impacto enquanto o GPA renegocia R$ 4,5 bi, com alugu\u00e9is em dia e opera\u00e7\u00f5es mantidas.\",\"breadcrumb\":{\"@id\":\"https:\/\/www.suno.com.br\/noticias\/gare11-sem-impacto-reestruturacao-gpa\/#breadcrumb\"},\"inLanguage\":\"pt-BR\",\"potentialAction\":[{\"@type\":\"ReadAction\",\"target\":[\"https:\/\/www.suno.com.br\/noticias\/gare11-sem-impacto-reestruturacao-gpa\/\"]}]},{\"@type\":\"ImageObject\",\"inLanguage\":\"pt-BR\",\"@id\":\"https:\/\/www.suno.com.br\/noticias\/gare11-sem-impacto-reestruturacao-gpa\/#primaryimage\",\"url\":\"https:\/\/files.sunoresearch.com.br\/n\/uploads\/2026\/03\/close-de-notebook-ex-1_03-1.webp\",\"contentUrl\":\"https:\/\/files.sunoresearch.com.br\/n\/uploads\/2026\/03\/close-de-notebook-ex-1_03-1.webp\",\"width\":1365,\"height\":768,\"caption\":\"Imagem gerada por IA\"},{\"@type\":\"BreadcrumbList\",\"@id\":\"https:\/\/www.suno.com.br\/noticias\/gare11-sem-impacto-reestruturacao-gpa\/#breadcrumb\",\"itemListElement\":[{\"@type\":\"ListItem\",\"position\":1,\"name\":\"Not\u00edcias\",\"item\":\"https:\/\/www.suno.com.br\/noticias\/\"},{\"@type\":\"ListItem\",\"position\":2,\"name\":\"Neg\u00f3cios\",\"item\":\"https:\/\/www.suno.com.br\/noticias\/negocios\/\"},{\"@type\":\"ListItem\",\"position\":3,\"name\":\"GARE11 segue sem impacto enquanto GPA renegocia d\u00edvidas\"}]},{\"@type\":\"WebSite\",\"@id\":\"https:\/\/www.suno.com.br\/noticias\/#website\",\"url\":\"https:\/\/www.suno.com.br\/noticias\/\",\"name\":\"Suno Not\u00edcias\",\"description\":\"Seu portal de informa\u00e7\u00e3o sobre o mundo dos investimentos\",\"publisher\":{\"@id\":\"https:\/\/www.suno.com.br\/noticias\/#organization\"},\"potentialAction\":[{\"@type\":\"SearchAction\",\"target\":{\"@type\":\"EntryPoint\",\"urlTemplate\":\"https:\/\/www.suno.com.br\/noticias\/?s={search_term_string}\"},\"query-input\":{\"@type\":\"PropertyValueSpecification\",\"valueRequired\":true,\"valueName\":\"search_term_string\"}}],\"inLanguage\":\"pt-BR\"},{\"@type\":\"Organization\",\"@id\":\"https:\/\/www.suno.com.br\/noticias\/#organization\",\"name\":\"Suno Not\u00edcias\",\"url\":\"https:\/\/www.suno.com.br\/noticias\/\",\"logo\":{\"@type\":\"ImageObject\",\"inLanguage\":\"pt-BR\",\"@id\":\"https:\/\/www.suno.com.br\/noticias\/#\/schema\/logo\/image\/\",\"url\":\"https:\/\/files.sunoresearch.com.br\/n\/uploads\/2021\/09\/suno-logo.png\",\"contentUrl\":\"https:\/\/files.sunoresearch.com.br\/n\/uploads\/2021\/09\/suno-logo.png\",\"width\":180,\"height\":180,\"caption\":\"Suno Not\u00edcias\"},\"image\":{\"@id\":\"https:\/\/www.suno.com.br\/noticias\/#\/schema\/logo\/image\/\"},\"sameAs\":[\"https:\/\/facebook.com\/sunoresearch\",\"https:\/\/x.com\/sunoresearch\",\"https:\/\/www.instagram.com\/suno\",\"https:\/\/www.linkedin.com\/company\/suno-research\/\",\"https:\/\/www.youtube.com\/c\/sunoresearch\"]},{\"@type\":\"Person\",\"@id\":\"https:\/\/www.suno.com.br\/noticias\/#\/schema\/person\/c1b1bd3727fa852bd045e9dbff3673ea\",\"name\":\"Reda\u00e7\u00e3o Suno Not\u00edcias\",\"image\":{\"@type\":\"ImageObject\",\"inLanguage\":\"pt-BR\",\"@id\":\"https:\/\/www.suno.com.br\/noticias\/#\/schema\/person\/image\/\",\"url\":\"https:\/\/secure.gravatar.com\/avatar\/b8104b9b5a71985d5238ee59fbe418af?s=96&r=g\",\"contentUrl\":\"https:\/\/secure.gravatar.com\/avatar\/b8104b9b5a71985d5238ee59fbe418af?s=96&r=g\",\"caption\":\"Reda\u00e7\u00e3o Suno Not\u00edcias\"},\"description\":\"O Suno Not\u00edcias \u00e9 um portal de informa\u00e7\u00f5es sobre Mercado Financeiro, Pol\u00edtica, Neg\u00f3cios, Economia e Finan\u00e7as Pessoais.\",\"sameAs\":[\"https:\/\/www.suno.com.br\/noticias\",\"https:\/\/www.facebook.com\/sunonoticias\/\",\"https:\/\/www.instagram.com\/sunonoticias\/\",\"https:\/\/x.com\/https:\/\/twitter.com\/sunoresearch\",\"https:\/\/www.youtube.com\/sunonoticias\"],\"url\":\"https:\/\/www.suno.com.br\/noticias\/author\/redacao-suno\/\"}]}<\/script>\n<!-- \/ Yoast SEO plugin. -->","yoast_head_json":{"title":"GARE11 sem impacto na reestrutura\u00e7\u00e3o do GPA","description":"Guardian Gestora diz que GARE11 segue sem impacto enquanto o GPA renegocia R$ 4,5 bi, com alugu\u00e9is em dia e opera\u00e7\u00f5es mantidas.","robots":{"index":"index","follow":"follow","max-snippet":"max-snippet:-1","max-image-preview":"max-image-preview:large","max-video-preview":"max-video-preview:-1"},"canonical":"https:\/\/www.suno.com.br\/noticias\/gare11-sem-impacto-reestruturacao-gpa\/","og_locale":"pt_BR","og_type":"article","og_title":"GARE11 sem impacto na reestrutura\u00e7\u00e3o do GPA","og_description":"Guardian Gestora diz que GARE11 segue sem impacto enquanto o GPA renegocia R$ 4,5 bi, com alugu\u00e9is em dia e opera\u00e7\u00f5es mantidas.","og_url":"https:\/\/www.suno.com.br\/noticias\/gare11-sem-impacto-reestruturacao-gpa\/","og_site_name":"Suno Not\u00edcias","article_publisher":"https:\/\/facebook.com\/sunoresearch","article_author":"https:\/\/www.facebook.com\/sunonoticias\/","og_image":[{"width":1365,"height":768,"url":"http:\/\/files.sunoresearch.com.br\/n\/uploads\/2026\/03\/close-de-notebook-ex-1_03-1.webp","type":"image\/webp"}],"author":"Reda\u00e7\u00e3o Suno Not\u00edcias","twitter_card":"summary_large_image","twitter_creator":"@https:\/\/twitter.com\/sunoresearch","twitter_site":"@sunoresearch","twitter_misc":{"Escrito por":"Reda\u00e7\u00e3o Suno Not\u00edcias","Est. tempo de leitura":"2 minutos"},"schema":{"@context":"https:\/\/schema.org","@graph":[{"@type":"NewsArticle","@id":"https:\/\/www.suno.com.br\/noticias\/gare11-sem-impacto-reestruturacao-gpa\/#article","isPartOf":{"@id":"https:\/\/www.suno.com.br\/noticias\/gare11-sem-impacto-reestruturacao-gpa\/"},"author":{"name":"Reda\u00e7\u00e3o Suno Not\u00edcias","@id":"https:\/\/www.suno.com.br\/noticias\/#\/schema\/person\/c1b1bd3727fa852bd045e9dbff3673ea"},"headline":"GARE11 segue sem impacto enquanto GPA renegocia d\u00edvidas","datePublished":"2026-03-11T14:55:21+00:00","mainEntityOfPage":{"@id":"https:\/\/www.suno.com.br\/noticias\/gare11-sem-impacto-reestruturacao-gpa\/"},"wordCount":444,"publisher":{"@id":"https:\/\/www.suno.com.br\/noticias\/#organization"},"image":{"@id":"https:\/\/www.suno.com.br\/noticias\/gare11-sem-impacto-reestruturacao-gpa\/#primaryimage"},"thumbnailUrl":"https:\/\/files.sunoresearch.com.br\/n\/uploads\/2026\/03\/close-de-notebook-ex-1_03-1.webp","keywords":["Fundos Imobili\u00e1rios (FIIs)","GARE11"],"articleSection":["FIIs"],"inLanguage":"pt-BR"},{"@type":"WebPage","@id":"https:\/\/www.suno.com.br\/noticias\/gare11-sem-impacto-reestruturacao-gpa\/","url":"https:\/\/www.suno.com.br\/noticias\/gare11-sem-impacto-reestruturacao-gpa\/","name":"GARE11 sem impacto na reestrutura\u00e7\u00e3o do GPA","isPartOf":{"@id":"https:\/\/www.suno.com.br\/noticias\/#website"},"primaryImageOfPage":{"@id":"https:\/\/www.suno.com.br\/noticias\/gare11-sem-impacto-reestruturacao-gpa\/#primaryimage"},"image":{"@id":"https:\/\/www.suno.com.br\/noticias\/gare11-sem-impacto-reestruturacao-gpa\/#primaryimage"},"thumbnailUrl":"https:\/\/files.sunoresearch.com.br\/n\/uploads\/2026\/03\/close-de-notebook-ex-1_03-1.webp","datePublished":"2026-03-11T14:55:21+00:00","description":"Guardian Gestora diz que GARE11 segue sem impacto enquanto o GPA renegocia R$ 4,5 bi, com alugu\u00e9is em dia e opera\u00e7\u00f5es mantidas.","breadcrumb":{"@id":"https:\/\/www.suno.com.br\/noticias\/gare11-sem-impacto-reestruturacao-gpa\/#breadcrumb"},"inLanguage":"pt-BR","potentialAction":[{"@type":"ReadAction","target":["https:\/\/www.suno.com.br\/noticias\/gare11-sem-impacto-reestruturacao-gpa\/"]}]},{"@type":"ImageObject","inLanguage":"pt-BR","@id":"https:\/\/www.suno.com.br\/noticias\/gare11-sem-impacto-reestruturacao-gpa\/#primaryimage","url":"https:\/\/files.sunoresearch.com.br\/n\/uploads\/2026\/03\/close-de-notebook-ex-1_03-1.webp","contentUrl":"https:\/\/files.sunoresearch.com.br\/n\/uploads\/2026\/03\/close-de-notebook-ex-1_03-1.webp","width":1365,"height":768,"caption":"Imagem gerada por IA"},{"@type":"BreadcrumbList","@id":"https:\/\/www.suno.com.br\/noticias\/gare11-sem-impacto-reestruturacao-gpa\/#breadcrumb","itemListElement":[{"@type":"ListItem","position":1,"name":"Not\u00edcias","item":"https:\/\/www.suno.com.br\/noticias\/"},{"@type":"ListItem","position":2,"name":"Neg\u00f3cios","item":"https:\/\/www.suno.com.br\/noticias\/negocios\/"},{"@type":"ListItem","position":3,"name":"GARE11 segue sem impacto enquanto GPA renegocia d\u00edvidas"}]},{"@type":"WebSite","@id":"https:\/\/www.suno.com.br\/noticias\/#website","url":"https:\/\/www.suno.com.br\/noticias\/","name":"Suno Not\u00edcias","description":"Seu portal de informa\u00e7\u00e3o sobre o mundo dos investimentos","publisher":{"@id":"https:\/\/www.suno.com.br\/noticias\/#organization"},"potentialAction":[{"@type":"SearchAction","target":{"@type":"EntryPoint","urlTemplate":"https:\/\/www.suno.com.br\/noticias\/?s={search_term_string}"},"query-input":{"@type":"PropertyValueSpecification","valueRequired":true,"valueName":"search_term_string"}}],"inLanguage":"pt-BR"},{"@type":"Organization","@id":"https:\/\/www.suno.com.br\/noticias\/#organization","name":"Suno Not\u00edcias","url":"https:\/\/www.suno.com.br\/noticias\/","logo":{"@type":"ImageObject","inLanguage":"pt-BR","@id":"https:\/\/www.suno.com.br\/noticias\/#\/schema\/logo\/image\/","url":"https:\/\/files.sunoresearch.com.br\/n\/uploads\/2021\/09\/suno-logo.png","contentUrl":"https:\/\/files.sunoresearch.com.br\/n\/uploads\/2021\/09\/suno-logo.png","width":180,"height":180,"caption":"Suno Not\u00edcias"},"image":{"@id":"https:\/\/www.suno.com.br\/noticias\/#\/schema\/logo\/image\/"},"sameAs":["https:\/\/facebook.com\/sunoresearch","https:\/\/x.com\/sunoresearch","https:\/\/www.instagram.com\/suno","https:\/\/www.linkedin.com\/company\/suno-research\/","https:\/\/www.youtube.com\/c\/sunoresearch"]},{"@type":"Person","@id":"https:\/\/www.suno.com.br\/noticias\/#\/schema\/person\/c1b1bd3727fa852bd045e9dbff3673ea","name":"Reda\u00e7\u00e3o Suno Not\u00edcias","image":{"@type":"ImageObject","inLanguage":"pt-BR","@id":"https:\/\/www.suno.com.br\/noticias\/#\/schema\/person\/image\/","url":"https:\/\/secure.gravatar.com\/avatar\/b8104b9b5a71985d5238ee59fbe418af?s=96&r=g","contentUrl":"https:\/\/secure.gravatar.com\/avatar\/b8104b9b5a71985d5238ee59fbe418af?s=96&r=g","caption":"Reda\u00e7\u00e3o Suno Not\u00edcias"},"description":"O Suno Not\u00edcias \u00e9 um portal de informa\u00e7\u00f5es sobre Mercado Financeiro, Pol\u00edtica, Neg\u00f3cios, Economia e Finan\u00e7as Pessoais.","sameAs":["https:\/\/www.suno.com.br\/noticias","https:\/\/www.facebook.com\/sunonoticias\/","https:\/\/www.instagram.com\/sunonoticias\/","https:\/\/x.com\/https:\/\/twitter.com\/sunoresearch","https:\/\/www.youtube.com\/sunonoticias"],"url":"https:\/\/www.suno.com.br\/noticias\/author\/redacao-suno\/"}]}},"default_loop_html":"<div class=\"cardsPage__listCard__boxs\"><div class=\"cardsPage__listCard__boxs__img\"><a href=\"https:\/\/www.suno.com.br\/noticias\/gare11-sem-impacto-reestruturacao-gpa\/\"><img class=\"mask\" src=\"https:\/\/www.suno.com.br\/noticias\/wp-content\/themes\/suno\/resources\/images\/spotlight\/spotlight1img\/bg-mask.png\" alt=\"Image Mask\"\/><img src=\"https:\/\/files.sunoresearch.com.br\/n\/uploads\/2026\/03\/close-de-notebook-ex-1_03-1-400x200.webp\" alt=\"GARE11 segue sem impacto enquanto GPA renegocia d\u00edvidas\"\/><\/a><span class=\"spotlightCategory\"><a href=\"https:\/\/www.suno.com.br\/noticias\/fiis\/\">FIIs<\/a><\/span><\/div><div class=\"cardsPage__listCard__boxs__content\"><a href=\"https:\/\/www.suno.com.br\/noticias\/gare11-sem-impacto-reestruturacao-gpa\/\"><h2 class=\"content__title\">GARE11 segue sem impacto enquanto GPA renegocia d\u00edvidas<\/h2><\/a><div class=\"newsContent__article__meta\"><div class=\"newsContent__article__meta__authorBox\"><a href=\"https:\/\/www.suno.com.br\/noticias\/author\/redacao-suno\/\" class=\"authorBox__avatar noMobi\"><img src=\"https:\/\/files.sunoresearch.com.br\/n\/uploads\/2020\/08\/0ace682d-redacao-1-150x150.webp\" alt=\"Reda\u00e7\u00e3o Suno Not\u00edcias\"><\/a><div class=\"authorBox__name\"><span>por\n\t\t\t<a href=\"https:\/\/www.suno.com.br\/noticias\/author\/redacao-suno\/\"><span itemprop=\"author\">Reda\u00e7\u00e3o Suno Not\u00edcias<\/span><\/a><\/span><time datetime=\"2026-03-11T11:55:21-03:00\" itemprop=\"datePublished\">11\/03\/2026 11:55<\/time><\/div><\/div><\/div><\/div><\/div>","single_layout":"posts","amp_enabled":true,"_links":{"self":[{"href":"https:\/\/www.suno.com.br\/noticias\/wp-json\/wp\/v2\/posts\/644589"}],"collection":[{"href":"https:\/\/www.suno.com.br\/noticias\/wp-json\/wp\/v2\/posts"}],"about":[{"href":"https:\/\/www.suno.com.br\/noticias\/wp-json\/wp\/v2\/types\/post"}],"author":[{"embeddable":true,"href":"https:\/\/www.suno.com.br\/noticias\/wp-json\/wp\/v2\/users\/43"}],"replies":[{"embeddable":true,"href":"https:\/\/www.suno.com.br\/noticias\/wp-json\/wp\/v2\/comments?post=644589"}],"version-history":[{"count":0,"href":"https:\/\/www.suno.com.br\/noticias\/wp-json\/wp\/v2\/posts\/644589\/revisions"}],"wp:featuredmedia":[{"embeddable":true,"href":"https:\/\/www.suno.com.br\/noticias\/wp-json\/wp\/v2\/media\/644590"}],"wp:attachment":[{"href":"https:\/\/www.suno.com.br\/noticias\/wp-json\/wp\/v2\/media?parent=644589"}],"wp:term":[{"taxonomy":"category","embeddable":true,"href":"https:\/\/www.suno.com.br\/noticias\/wp-json\/wp\/v2\/categories?post=644589"},{"taxonomy":"post_tag","embeddable":true,"href":"https:\/\/www.suno.com.br\/noticias\/wp-json\/wp\/v2\/tags?post=644589"},{"taxonomy":"suno_strategy","embeddable":true,"href":"https:\/\/www.suno.com.br\/noticias\/wp-json\/wp\/v2\/suno_strategy?post=644589"}],"curies":[{"name":"wp","href":"https:\/\/api.w.org\/{rel}","templated":true}]}}