{"id":644440,"date":"2026-03-10T10:55:58","date_gmt":"2026-03-10T13:55:58","guid":{"rendered":"https:\/\/www.suno.com.br\/noticias\/grupo-pao-de-acucar-pcar3-pedido-recuperacao-extrajudicial-go\/"},"modified":"2026-03-10T10:55:58","modified_gmt":"2026-03-10T13:55:58","slug":"grupo-pao-de-acucar-pcar3-pedido-recuperacao-extrajudicial-go","status":"publish","type":"post","link":"https:\/\/www.suno.com.br\/noticias\/grupo-pao-de-acucar-pcar3-pedido-recuperacao-extrajudicial-go\/","title":{"rendered":"GPA (PCAR3) fecha acordo para plano de recupera\u00e7\u00e3o extrajudicial\u00a0"},"content":{"rendered":"<p>O <strong>Grupo <a class=\"suno-keyword\" target=\"_blank\" data-force=\"no\" data-priority=\"2\" href=\"https:\/\/www.suno.com.br\/analitica\/acoes\/PCAR3\/\" rel=\"noopener\">P\u00e3o de A\u00e7\u00facar (PCAR3)<\/strong><\/a> anunciou nesta ter\u00e7a-feira (10) um pedido de <a class=\"suno-keyword\" target=\"_blank\" data-force=\"no\" data-priority=\"1\" href=\"https:\/\/www.suno.com.br\/artigos\/recuperacao-extrajudicial\/\" rel=\"noopener\">recupera\u00e7\u00e3o extrajudicial<\/a>. De acordo com o <a class=\"suno-keyword\" target=\"_blank\" data-force=\"no\" data-priority=\"1\" href=\"https:\/\/www.suno.com.br\/artigos\/fato-relevante\/\" rel=\"noopener\">fato relevante<\/a> divulgado pela companhia, a medida busca renegociar cerca de R$ 4,5 bilh\u00f5es em d\u00edvidas.\u00a0<\/p>\t<div class=\"wrapper-featured-image\">\n\t\t<figure class=\"spotlightImg\">\n\n\t\t\t<picture>\n\t\t\t\t<source media=\"(max-width: 768px)\" srcset=\"https:\/\/files.sunoresearch.com.br\/n\/uploads\/2026\/03\/916b7c1a-gpa_-2-400x200.webp\">\n\t\t\t\t<img loading=\"lazy\" decoding=\"async\" class=\"newsContent__article__imgCapa lazyloadDisabled \" src=\"https:\/\/files.sunoresearch.com.br\/n\/uploads\/2026\/03\/916b7c1a-gpa_-2-800x450.webp\" width=\"800\" height=\"450\" alt=\"GPA (PCAR3) fecha acordo para plano de recupera\u00e7\u00e3o extrajudicial\u00a0\" fetchpriority=high \/>\n\t\t\t<\/picture>\n\n\t\t\t<figcaption class=\"wp-caption-text wp-caption-text--show\">P\u00e3o de A\u00e7\u00facar (PCAR3). Foto: Divulga\u00e7\u00e3o\/GPA<\/figcaption>\n\t\t<\/figure>\n\t<\/div>\n\n\n\n\n\n\n<p>No comunicado, o <strong>GPA<\/strong> destacou que as d\u00edvidas a serem negociadas n\u00e3o constituem obriga\u00e7\u00f5es correntes ou operacionais da empresa. Dessa forma, obriga\u00e7\u00f5es com fornecedores, parceiros e clientes, al\u00e9m de quest\u00f5es trabalhistas, n\u00e3o ser\u00e3o afetadas.\u00a0<\/p>\n\n\n\n<p>O plano foi aprovado com ades\u00e3o de credores que representam 46% do montante total dos cr\u00e9ditos sujeitos ao plano, equivalente a R$ 2,1 bilh\u00f5es. O qu\u00f3rum m\u00ednimo legal era de um ter\u00e7o dos cr\u00e9ditos afetados.&nbsp;<\/p>\n\n\n\t<p>\n\t\t<a href=\"https:\/\/lp2.suno.com.br\/onde-investir-2026\/?utm_campaign=_SNC390A0FD0_ao&#038;utm_source=suno-not\u00edcias&#038;utm_medium=banner.noticias\" target=\"_blank\" data-element=\"shortcode-suno-banner\" title=\"Banner SUNO, clique e saiba mais\">\n\t\t\t<picture>\n\t\t\t\t<source media=\"(max-width: 500px)\" srcset=\"https:\/\/files.sunoresearch.com.br\/gaia\/uploads\/2026\/01\/Banner-Materias-01-Mbl_-400x300-1.png\">\n\t\t\t\t<img class=\"newsContent__article__imgCapa newsContent__article__imgCapa--banner\"\n\t\t\t\t\tsrc=\"https:\/\/files.sunoresearch.com.br\/gaia\/uploads\/2026\/01\/Banner-Materias-01-Dkp_-1420x240-1.png\"\n\t\t\t\t\tdata-promo-id=\"651623\"\t\t\t\t\t\t\t\t\t\twidth='1420' height='240'\t\t\t\t\talt=\"https:\/\/files.sunoresearch.com.br\/gaia\/uploads\/2026\/01\/Banner-Materias-01-Dkp_-1420x240-1.png\"\n\t\t\t\t>\n\t\t\t<\/picture>\n\t\t<\/a>\n\t<\/p>\n\n\n\n\n\n\n\n<p>O plano tem efeito imediato e prev\u00ea a suspens\u00e3o das obriga\u00e7\u00f5es da companhia com os credores afetados. Dessa forma, a empresa tem um prazo inicial de 90 dias para seguir negociando as d\u00edvidas, per\u00edodo em que as obriga\u00e7\u00f5es financeiras do acordo ficam suspensas.&nbsp;<\/p>\n\n\n\n<p>\u201cNesse per\u00edodo, a Companhia confia que conseguir\u00e1 o apoio da maioria dos cr\u00e9ditos sujeitos ao processo e espera chegar a uma solu\u00e7\u00e3o estruturada que resolva simultaneamente a liquidez de <a class=\"suno-keyword\" target=\"_blank\" data-force=\"no\" data-priority=\"1\" href=\"https:\/\/www.suno.com.br\/artigos\/curto-prazo\/\" rel=\"noopener\">curto prazo<\/a> e a sustentabilidade financeira de longo prazo\u201d, diz o GPA.&nbsp;<\/p>\n\n\n\n<p>Segundo a empresa, o plano faz parte dos objetivos da administra\u00e7\u00e3o da companhia de fortalecer o balan\u00e7o e melhorar o perfil de endividamento do grupo.&nbsp;<\/p>\n\n\n\t<p>\n\t\t<a href=\"https:\/\/lp2.suno.com.br\/lm\/minicurso-construindo-um-portfolio-milionario\/?utm_campaign=_SNC35CF3834_ao&#038;utm_source=suno-not\u00edcias&#038;utm_medium=banner.noticias\" target=\"_blank\" data-element=\"shortcode-suno-banner\" title=\"Banner SUNO, clique e saiba mais\">\n\t\t\t<picture>\n\t\t\t\t<source media=\"(max-width: 500px)\" srcset=\"https:\/\/files.sunoresearch.com.br\/gaia\/uploads\/2026\/01\/MB-PS-HOME-DE-ARTIGOS-400x300-ID_01_x1.jpg\">\n\t\t\t\t<img class=\"newsContent__article__imgCapa newsContent__article__imgCapa--banner\"\n\t\t\t\t\tsrc=\"https:\/\/files.sunoresearch.com.br\/gaia\/uploads\/2026\/01\/DT-PS-HOME-DE-ARTIGOS-1420x240-ID_01_x1.jpg\"\n\t\t\t\t\tdata-promo-id=\"651626\"\t\t\t\t\t\t\t\t\t\twidth='1420' height='240'\t\t\t\t\talt=\"https:\/\/files.sunoresearch.com.br\/gaia\/uploads\/2026\/01\/DT-PS-HOME-DE-ARTIGOS-1420x240-ID_01_x1.jpg\"\n\t\t\t\t>\n\t\t\t<\/picture>\n\t\t<\/a>\n\t<\/p>\n\n\n\n\n\n\n\n<h2 class=\"wp-block-heading\">Resultados do GPA (PCAR3) no 4T25 <\/h2>\n\n\n\n<p>No final de fevereiro, o GPA divulgou o balan\u00e7o de resultados do quarto trimestre de 2025 e reportou um preju\u00edzo l\u00edquido de R$ 572 milh\u00f5es. O n\u00famero veio bem pior do que as estimativas dos analistas, que esperam um resultado negativo de R$ 134 milh\u00f5es, de acordo com dados da LSEG.<\/p>\n\n\n\n<p>O Ebtida ajustado, por outro lado, ficou acima das expectativas do mercado, em R$ 510 milh\u00f5es no per\u00edodo. Para o consenso da LSEG, a proje\u00e7\u00e3o era de R$ 466 milh\u00f5es para o indicador.<\/p>\n\n\n\n<p>Ap\u00f3s a divulga\u00e7\u00e3o dos resultados, os pap\u00e9is da companhia lideraram as perdas do Ibovespa. No ano, as a\u00e7\u00f5es do <strong>P\u00e3o de A\u00e7\u00facar (PCAR3) <\/strong>acumulam queda de mais de 35%.\u00a0<\/p>\n","protected":false},"excerpt":{"rendered":"<p>O Grupo P\u00e3o de A\u00e7\u00facar (PCAR3) anunciou nesta ter\u00e7a-feira (10) um pedido de recupera\u00e7\u00e3o extrajudicial. De acordo com o fato relevante divulgado pela companhia, a medida busca renegociar cerca de R$ 4,5 bilh\u00f5es em d\u00edvidas.\u00a0 No comunicado, o GPA destacou que as d\u00edvidas a serem negociadas n\u00e3o constituem obriga\u00e7\u00f5es correntes ou operacionais da empresa. Dessa &hellip; Continued<\/p>\n","protected":false},"author":404,"featured_media":644441,"comment_status":"closed","ping_status":"closed","sticky":false,"template":"","format":"standard","meta":[],"categories":[64],"tags":[],"suno_strategy":[],"class_list":["post-644440","post","type-post","status-publish","format-standard","has-post-thumbnail","hentry","category-negocios"],"yoast_head":"<!-- This site is optimized with the Yoast SEO plugin v24.4 - https:\/\/yoast.com\/wordpress\/plugins\/seo\/ -->\n<title>GPA (PCAR3) anuncia plano de recupera\u00e7\u00e3o extrajudicial\u00a0<\/title>\n<meta name=\"description\" content=\"O Grupo P\u00e3o de A\u00e7\u00facar (PCAR3) anunciou nesta ter\u00e7a-feira (10) um pedido de recupera\u00e7\u00e3o extrajudicial. Clique e saiba mais!\" \/>\n<meta name=\"robots\" content=\"index, follow, max-snippet:-1, max-image-preview:large, max-video-preview:-1\" \/>\n<link rel=\"canonical\" href=\"https:\/\/www.suno.com.br\/noticias\/grupo-pao-de-acucar-pcar3-pedido-recuperacao-extrajudicial-go\/\" \/>\n<meta property=\"og:locale\" content=\"pt_BR\" \/>\n<meta property=\"og:type\" content=\"article\" \/>\n<meta property=\"og:title\" content=\"GPA (PCAR3) anuncia plano de recupera\u00e7\u00e3o extrajudicial\u00a0\" \/>\n<meta property=\"og:description\" content=\"O Grupo P\u00e3o de A\u00e7\u00facar (PCAR3) anunciou nesta ter\u00e7a-feira (10) um pedido de recupera\u00e7\u00e3o extrajudicial. Clique e saiba mais!\" \/>\n<meta property=\"og:url\" content=\"https:\/\/www.suno.com.br\/noticias\/grupo-pao-de-acucar-pcar3-pedido-recuperacao-extrajudicial-go\/\" \/>\n<meta property=\"og:site_name\" content=\"Suno Not\u00edcias\" \/>\n<meta property=\"article:publisher\" content=\"https:\/\/facebook.com\/sunoresearch\" \/>\n<meta property=\"og:image\" content=\"http:\/\/files.sunoresearch.com.br\/n\/uploads\/2026\/03\/916b7c1a-gpa_-2-jpg.webp\" \/>\n\t<meta property=\"og:image:width\" content=\"1200\" \/>\n\t<meta property=\"og:image:height\" content=\"800\" \/>\n\t<meta property=\"og:image:type\" content=\"image\/jpeg\" \/>\n<meta name=\"author\" content=\"Giovanna Oliveira\" \/>\n<meta name=\"twitter:card\" content=\"summary_large_image\" \/>\n<meta name=\"twitter:creator\" content=\"@sunoresearch\" \/>\n<meta name=\"twitter:site\" content=\"@sunoresearch\" \/>\n<meta name=\"twitter:label1\" content=\"Escrito por\" \/>\n\t<meta name=\"twitter:data1\" content=\"Giovanna Oliveira\" \/>\n\t<meta name=\"twitter:label2\" content=\"Est. tempo de leitura\" \/>\n\t<meta name=\"twitter:data2\" content=\"2 minutos\" \/>\n<script type=\"application\/ld+json\" class=\"yoast-schema-graph\">{\"@context\":\"https:\/\/schema.org\",\"@graph\":[{\"@type\":\"NewsArticle\",\"@id\":\"https:\/\/www.suno.com.br\/noticias\/grupo-pao-de-acucar-pcar3-pedido-recuperacao-extrajudicial-go\/#article\",\"isPartOf\":{\"@id\":\"https:\/\/www.suno.com.br\/noticias\/grupo-pao-de-acucar-pcar3-pedido-recuperacao-extrajudicial-go\/\"},\"author\":{\"name\":\"Giovanna Oliveira\",\"@id\":\"https:\/\/www.suno.com.br\/noticias\/#\/schema\/person\/506bb13f624e6983050ae5bf648c7a54\"},\"headline\":\"GPA (PCAR3) fecha acordo para plano de recupera\u00e7\u00e3o extrajudicial\u00a0\",\"datePublished\":\"2026-03-10T13:55:58+00:00\",\"mainEntityOfPage\":{\"@id\":\"https:\/\/www.suno.com.br\/noticias\/grupo-pao-de-acucar-pcar3-pedido-recuperacao-extrajudicial-go\/\"},\"wordCount\":392,\"publisher\":{\"@id\":\"https:\/\/www.suno.com.br\/noticias\/#organization\"},\"image\":{\"@id\":\"https:\/\/www.suno.com.br\/noticias\/grupo-pao-de-acucar-pcar3-pedido-recuperacao-extrajudicial-go\/#primaryimage\"},\"thumbnailUrl\":\"https:\/\/files.sunoresearch.com.br\/n\/uploads\/2026\/03\/916b7c1a-gpa_-2-jpg.webp\",\"articleSection\":[\"Neg\u00f3cios\"],\"inLanguage\":\"pt-BR\"},{\"@type\":\"WebPage\",\"@id\":\"https:\/\/www.suno.com.br\/noticias\/grupo-pao-de-acucar-pcar3-pedido-recuperacao-extrajudicial-go\/\",\"url\":\"https:\/\/www.suno.com.br\/noticias\/grupo-pao-de-acucar-pcar3-pedido-recuperacao-extrajudicial-go\/\",\"name\":\"GPA (PCAR3) anuncia plano de recupera\u00e7\u00e3o extrajudicial\u00a0\",\"isPartOf\":{\"@id\":\"https:\/\/www.suno.com.br\/noticias\/#website\"},\"primaryImageOfPage\":{\"@id\":\"https:\/\/www.suno.com.br\/noticias\/grupo-pao-de-acucar-pcar3-pedido-recuperacao-extrajudicial-go\/#primaryimage\"},\"image\":{\"@id\":\"https:\/\/www.suno.com.br\/noticias\/grupo-pao-de-acucar-pcar3-pedido-recuperacao-extrajudicial-go\/#primaryimage\"},\"thumbnailUrl\":\"https:\/\/files.sunoresearch.com.br\/n\/uploads\/2026\/03\/916b7c1a-gpa_-2-jpg.webp\",\"datePublished\":\"2026-03-10T13:55:58+00:00\",\"description\":\"O Grupo P\u00e3o de A\u00e7\u00facar (PCAR3) anunciou nesta ter\u00e7a-feira (10) um pedido de recupera\u00e7\u00e3o extrajudicial. Clique e saiba mais!\",\"breadcrumb\":{\"@id\":\"https:\/\/www.suno.com.br\/noticias\/grupo-pao-de-acucar-pcar3-pedido-recuperacao-extrajudicial-go\/#breadcrumb\"},\"inLanguage\":\"pt-BR\",\"potentialAction\":[{\"@type\":\"ReadAction\",\"target\":[\"https:\/\/www.suno.com.br\/noticias\/grupo-pao-de-acucar-pcar3-pedido-recuperacao-extrajudicial-go\/\"]}]},{\"@type\":\"ImageObject\",\"inLanguage\":\"pt-BR\",\"@id\":\"https:\/\/www.suno.com.br\/noticias\/grupo-pao-de-acucar-pcar3-pedido-recuperacao-extrajudicial-go\/#primaryimage\",\"url\":\"https:\/\/files.sunoresearch.com.br\/n\/uploads\/2026\/03\/916b7c1a-gpa_-2-jpg.webp\",\"contentUrl\":\"https:\/\/files.sunoresearch.com.br\/n\/uploads\/2026\/03\/916b7c1a-gpa_-2-jpg.webp\",\"width\":1200,\"height\":800,\"caption\":\"P\u00e3o de A\u00e7\u00facar (PCAR3). Foto: Divulga\u00e7\u00e3o\/GPA\"},{\"@type\":\"BreadcrumbList\",\"@id\":\"https:\/\/www.suno.com.br\/noticias\/grupo-pao-de-acucar-pcar3-pedido-recuperacao-extrajudicial-go\/#breadcrumb\",\"itemListElement\":[{\"@type\":\"ListItem\",\"position\":1,\"name\":\"Not\u00edcias\",\"item\":\"https:\/\/www.suno.com.br\/noticias\/\"},{\"@type\":\"ListItem\",\"position\":2,\"name\":\"Neg\u00f3cios\",\"item\":\"https:\/\/www.suno.com.br\/noticias\/negocios\/\"},{\"@type\":\"ListItem\",\"position\":3,\"name\":\"GPA (PCAR3) fecha acordo para plano de recupera\u00e7\u00e3o extrajudicial\u00a0\"}]},{\"@type\":\"WebSite\",\"@id\":\"https:\/\/www.suno.com.br\/noticias\/#website\",\"url\":\"https:\/\/www.suno.com.br\/noticias\/\",\"name\":\"Suno Not\u00edcias\",\"description\":\"Seu portal de informa\u00e7\u00e3o sobre o mundo dos investimentos\",\"publisher\":{\"@id\":\"https:\/\/www.suno.com.br\/noticias\/#organization\"},\"potentialAction\":[{\"@type\":\"SearchAction\",\"target\":{\"@type\":\"EntryPoint\",\"urlTemplate\":\"https:\/\/www.suno.com.br\/noticias\/?s={search_term_string}\"},\"query-input\":{\"@type\":\"PropertyValueSpecification\",\"valueRequired\":true,\"valueName\":\"search_term_string\"}}],\"inLanguage\":\"pt-BR\"},{\"@type\":\"Organization\",\"@id\":\"https:\/\/www.suno.com.br\/noticias\/#organization\",\"name\":\"Suno Not\u00edcias\",\"url\":\"https:\/\/www.suno.com.br\/noticias\/\",\"logo\":{\"@type\":\"ImageObject\",\"inLanguage\":\"pt-BR\",\"@id\":\"https:\/\/www.suno.com.br\/noticias\/#\/schema\/logo\/image\/\",\"url\":\"https:\/\/files.sunoresearch.com.br\/n\/uploads\/2021\/09\/suno-logo.png\",\"contentUrl\":\"https:\/\/files.sunoresearch.com.br\/n\/uploads\/2021\/09\/suno-logo.png\",\"width\":180,\"height\":180,\"caption\":\"Suno Not\u00edcias\"},\"image\":{\"@id\":\"https:\/\/www.suno.com.br\/noticias\/#\/schema\/logo\/image\/\"},\"sameAs\":[\"https:\/\/facebook.com\/sunoresearch\",\"https:\/\/x.com\/sunoresearch\",\"https:\/\/www.instagram.com\/suno\",\"https:\/\/www.linkedin.com\/company\/suno-research\/\",\"https:\/\/www.youtube.com\/c\/sunoresearch\"]},{\"@type\":\"Person\",\"@id\":\"https:\/\/www.suno.com.br\/noticias\/#\/schema\/person\/506bb13f624e6983050ae5bf648c7a54\",\"name\":\"Giovanna Oliveira\",\"image\":{\"@type\":\"ImageObject\",\"inLanguage\":\"pt-BR\",\"@id\":\"https:\/\/www.suno.com.br\/noticias\/#\/schema\/person\/image\/\",\"url\":\"https:\/\/secure.gravatar.com\/avatar\/8d180e5cea232a9bb3af521589b133fa?s=96&r=g\",\"contentUrl\":\"https:\/\/secure.gravatar.com\/avatar\/8d180e5cea232a9bb3af521589b133fa?s=96&r=g\",\"caption\":\"Giovanna Oliveira\"},\"description\":\"Jornalista com mais de sete anos de experi\u00eancia na cobertura de finan\u00e7as e economia. P\u00f3s-graduada em Neg\u00f3cios e Inova\u00e7\u00e3o (ESPM-SP) e mestranda em Finan\u00e7as (UADE Business School\u2013Buenos Aires).\",\"url\":\"https:\/\/www.suno.com.br\/noticias\/author\/giovannalmd-oliveiragmail-com\/\"}]}<\/script>\n<!-- \/ Yoast SEO plugin. -->","yoast_head_json":{"title":"GPA (PCAR3) anuncia plano de recupera\u00e7\u00e3o extrajudicial\u00a0","description":"O Grupo P\u00e3o de A\u00e7\u00facar (PCAR3) anunciou nesta ter\u00e7a-feira (10) um pedido de recupera\u00e7\u00e3o extrajudicial. Clique e saiba mais!","robots":{"index":"index","follow":"follow","max-snippet":"max-snippet:-1","max-image-preview":"max-image-preview:large","max-video-preview":"max-video-preview:-1"},"canonical":"https:\/\/www.suno.com.br\/noticias\/grupo-pao-de-acucar-pcar3-pedido-recuperacao-extrajudicial-go\/","og_locale":"pt_BR","og_type":"article","og_title":"GPA (PCAR3) anuncia plano de recupera\u00e7\u00e3o extrajudicial\u00a0","og_description":"O Grupo P\u00e3o de A\u00e7\u00facar (PCAR3) anunciou nesta ter\u00e7a-feira (10) um pedido de recupera\u00e7\u00e3o extrajudicial. Clique e saiba mais!","og_url":"https:\/\/www.suno.com.br\/noticias\/grupo-pao-de-acucar-pcar3-pedido-recuperacao-extrajudicial-go\/","og_site_name":"Suno Not\u00edcias","article_publisher":"https:\/\/facebook.com\/sunoresearch","og_image":[{"width":1200,"height":800,"url":"http:\/\/files.sunoresearch.com.br\/n\/uploads\/2026\/03\/916b7c1a-gpa_-2-jpg.webp","type":"image\/jpeg"}],"author":"Giovanna Oliveira","twitter_card":"summary_large_image","twitter_creator":"@sunoresearch","twitter_site":"@sunoresearch","twitter_misc":{"Escrito por":"Giovanna Oliveira","Est. tempo de leitura":"2 minutos"},"schema":{"@context":"https:\/\/schema.org","@graph":[{"@type":"NewsArticle","@id":"https:\/\/www.suno.com.br\/noticias\/grupo-pao-de-acucar-pcar3-pedido-recuperacao-extrajudicial-go\/#article","isPartOf":{"@id":"https:\/\/www.suno.com.br\/noticias\/grupo-pao-de-acucar-pcar3-pedido-recuperacao-extrajudicial-go\/"},"author":{"name":"Giovanna Oliveira","@id":"https:\/\/www.suno.com.br\/noticias\/#\/schema\/person\/506bb13f624e6983050ae5bf648c7a54"},"headline":"GPA (PCAR3) fecha acordo para plano de recupera\u00e7\u00e3o extrajudicial\u00a0","datePublished":"2026-03-10T13:55:58+00:00","mainEntityOfPage":{"@id":"https:\/\/www.suno.com.br\/noticias\/grupo-pao-de-acucar-pcar3-pedido-recuperacao-extrajudicial-go\/"},"wordCount":392,"publisher":{"@id":"https:\/\/www.suno.com.br\/noticias\/#organization"},"image":{"@id":"https:\/\/www.suno.com.br\/noticias\/grupo-pao-de-acucar-pcar3-pedido-recuperacao-extrajudicial-go\/#primaryimage"},"thumbnailUrl":"https:\/\/files.sunoresearch.com.br\/n\/uploads\/2026\/03\/916b7c1a-gpa_-2-jpg.webp","articleSection":["Neg\u00f3cios"],"inLanguage":"pt-BR"},{"@type":"WebPage","@id":"https:\/\/www.suno.com.br\/noticias\/grupo-pao-de-acucar-pcar3-pedido-recuperacao-extrajudicial-go\/","url":"https:\/\/www.suno.com.br\/noticias\/grupo-pao-de-acucar-pcar3-pedido-recuperacao-extrajudicial-go\/","name":"GPA (PCAR3) anuncia plano de recupera\u00e7\u00e3o extrajudicial\u00a0","isPartOf":{"@id":"https:\/\/www.suno.com.br\/noticias\/#website"},"primaryImageOfPage":{"@id":"https:\/\/www.suno.com.br\/noticias\/grupo-pao-de-acucar-pcar3-pedido-recuperacao-extrajudicial-go\/#primaryimage"},"image":{"@id":"https:\/\/www.suno.com.br\/noticias\/grupo-pao-de-acucar-pcar3-pedido-recuperacao-extrajudicial-go\/#primaryimage"},"thumbnailUrl":"https:\/\/files.sunoresearch.com.br\/n\/uploads\/2026\/03\/916b7c1a-gpa_-2-jpg.webp","datePublished":"2026-03-10T13:55:58+00:00","description":"O Grupo P\u00e3o de A\u00e7\u00facar (PCAR3) anunciou nesta ter\u00e7a-feira (10) um pedido de recupera\u00e7\u00e3o extrajudicial. Clique e saiba mais!","breadcrumb":{"@id":"https:\/\/www.suno.com.br\/noticias\/grupo-pao-de-acucar-pcar3-pedido-recuperacao-extrajudicial-go\/#breadcrumb"},"inLanguage":"pt-BR","potentialAction":[{"@type":"ReadAction","target":["https:\/\/www.suno.com.br\/noticias\/grupo-pao-de-acucar-pcar3-pedido-recuperacao-extrajudicial-go\/"]}]},{"@type":"ImageObject","inLanguage":"pt-BR","@id":"https:\/\/www.suno.com.br\/noticias\/grupo-pao-de-acucar-pcar3-pedido-recuperacao-extrajudicial-go\/#primaryimage","url":"https:\/\/files.sunoresearch.com.br\/n\/uploads\/2026\/03\/916b7c1a-gpa_-2-jpg.webp","contentUrl":"https:\/\/files.sunoresearch.com.br\/n\/uploads\/2026\/03\/916b7c1a-gpa_-2-jpg.webp","width":1200,"height":800,"caption":"P\u00e3o de A\u00e7\u00facar (PCAR3). Foto: Divulga\u00e7\u00e3o\/GPA"},{"@type":"BreadcrumbList","@id":"https:\/\/www.suno.com.br\/noticias\/grupo-pao-de-acucar-pcar3-pedido-recuperacao-extrajudicial-go\/#breadcrumb","itemListElement":[{"@type":"ListItem","position":1,"name":"Not\u00edcias","item":"https:\/\/www.suno.com.br\/noticias\/"},{"@type":"ListItem","position":2,"name":"Neg\u00f3cios","item":"https:\/\/www.suno.com.br\/noticias\/negocios\/"},{"@type":"ListItem","position":3,"name":"GPA (PCAR3) fecha acordo para plano de recupera\u00e7\u00e3o extrajudicial\u00a0"}]},{"@type":"WebSite","@id":"https:\/\/www.suno.com.br\/noticias\/#website","url":"https:\/\/www.suno.com.br\/noticias\/","name":"Suno Not\u00edcias","description":"Seu portal de informa\u00e7\u00e3o sobre o mundo dos investimentos","publisher":{"@id":"https:\/\/www.suno.com.br\/noticias\/#organization"},"potentialAction":[{"@type":"SearchAction","target":{"@type":"EntryPoint","urlTemplate":"https:\/\/www.suno.com.br\/noticias\/?s={search_term_string}"},"query-input":{"@type":"PropertyValueSpecification","valueRequired":true,"valueName":"search_term_string"}}],"inLanguage":"pt-BR"},{"@type":"Organization","@id":"https:\/\/www.suno.com.br\/noticias\/#organization","name":"Suno Not\u00edcias","url":"https:\/\/www.suno.com.br\/noticias\/","logo":{"@type":"ImageObject","inLanguage":"pt-BR","@id":"https:\/\/www.suno.com.br\/noticias\/#\/schema\/logo\/image\/","url":"https:\/\/files.sunoresearch.com.br\/n\/uploads\/2021\/09\/suno-logo.png","contentUrl":"https:\/\/files.sunoresearch.com.br\/n\/uploads\/2021\/09\/suno-logo.png","width":180,"height":180,"caption":"Suno Not\u00edcias"},"image":{"@id":"https:\/\/www.suno.com.br\/noticias\/#\/schema\/logo\/image\/"},"sameAs":["https:\/\/facebook.com\/sunoresearch","https:\/\/x.com\/sunoresearch","https:\/\/www.instagram.com\/suno","https:\/\/www.linkedin.com\/company\/suno-research\/","https:\/\/www.youtube.com\/c\/sunoresearch"]},{"@type":"Person","@id":"https:\/\/www.suno.com.br\/noticias\/#\/schema\/person\/506bb13f624e6983050ae5bf648c7a54","name":"Giovanna Oliveira","image":{"@type":"ImageObject","inLanguage":"pt-BR","@id":"https:\/\/www.suno.com.br\/noticias\/#\/schema\/person\/image\/","url":"https:\/\/secure.gravatar.com\/avatar\/8d180e5cea232a9bb3af521589b133fa?s=96&r=g","contentUrl":"https:\/\/secure.gravatar.com\/avatar\/8d180e5cea232a9bb3af521589b133fa?s=96&r=g","caption":"Giovanna Oliveira"},"description":"Jornalista com mais de sete anos de experi\u00eancia na cobertura de finan\u00e7as e economia. P\u00f3s-graduada em Neg\u00f3cios e Inova\u00e7\u00e3o (ESPM-SP) e mestranda em Finan\u00e7as (UADE Business School\u2013Buenos Aires).","url":"https:\/\/www.suno.com.br\/noticias\/author\/giovannalmd-oliveiragmail-com\/"}]}},"default_loop_html":"<div class=\"cardsPage__listCard__boxs\"><div class=\"cardsPage__listCard__boxs__img\"><a href=\"https:\/\/www.suno.com.br\/noticias\/grupo-pao-de-acucar-pcar3-pedido-recuperacao-extrajudicial-go\/\"><img class=\"mask\" src=\"https:\/\/www.suno.com.br\/noticias\/wp-content\/themes\/suno\/resources\/images\/spotlight\/spotlight1img\/bg-mask.png\" alt=\"Image Mask\"\/><img src=\"https:\/\/files.sunoresearch.com.br\/n\/uploads\/2026\/03\/916b7c1a-gpa_-2-400x200.webp\" alt=\"GPA (PCAR3) fecha acordo para plano de recupera\u00e7\u00e3o extrajudicial\u00a0\"\/><\/a><span class=\"spotlightCategory\"><a href=\"https:\/\/www.suno.com.br\/noticias\/negocios\/\">Neg\u00f3cios<\/a><\/span><\/div><div class=\"cardsPage__listCard__boxs__content\"><a href=\"https:\/\/www.suno.com.br\/noticias\/grupo-pao-de-acucar-pcar3-pedido-recuperacao-extrajudicial-go\/\"><h2 class=\"content__title\">GPA (PCAR3) fecha acordo para plano de recupera\u00e7\u00e3o extrajudicial\u00a0<\/h2><\/a><div class=\"newsContent__article__meta\"><div class=\"newsContent__article__meta__authorBox\"><a href=\"https:\/\/www.suno.com.br\/noticias\/author\/giovannalmd-oliveiragmail-com\/\" class=\"authorBox__avatar noMobi\"><img src=\"https:\/\/secure.gravatar.com\/avatar\/8d180e5cea232a9bb3af521589b133fa?s=96&#038;r=g\" alt=\"Giovanna Oliveira\"><\/a><div class=\"authorBox__name\"><span>por\n\t\t\t<a href=\"https:\/\/www.suno.com.br\/noticias\/author\/giovannalmd-oliveiragmail-com\/\"><span itemprop=\"author\">Giovanna Oliveira<\/span><\/a><\/span><time datetime=\"2026-03-10T10:55:58-03:00\" itemprop=\"datePublished\">10\/03\/2026 10:55<\/time><\/div><\/div><\/div><\/div><\/div>","single_layout":"posts","amp_enabled":true,"_links":{"self":[{"href":"https:\/\/www.suno.com.br\/noticias\/wp-json\/wp\/v2\/posts\/644440"}],"collection":[{"href":"https:\/\/www.suno.com.br\/noticias\/wp-json\/wp\/v2\/posts"}],"about":[{"href":"https:\/\/www.suno.com.br\/noticias\/wp-json\/wp\/v2\/types\/post"}],"author":[{"embeddable":true,"href":"https:\/\/www.suno.com.br\/noticias\/wp-json\/wp\/v2\/users\/404"}],"replies":[{"embeddable":true,"href":"https:\/\/www.suno.com.br\/noticias\/wp-json\/wp\/v2\/comments?post=644440"}],"version-history":[{"count":0,"href":"https:\/\/www.suno.com.br\/noticias\/wp-json\/wp\/v2\/posts\/644440\/revisions"}],"wp:featuredmedia":[{"embeddable":true,"href":"https:\/\/www.suno.com.br\/noticias\/wp-json\/wp\/v2\/media\/644441"}],"wp:attachment":[{"href":"https:\/\/www.suno.com.br\/noticias\/wp-json\/wp\/v2\/media?parent=644440"}],"wp:term":[{"taxonomy":"category","embeddable":true,"href":"https:\/\/www.suno.com.br\/noticias\/wp-json\/wp\/v2\/categories?post=644440"},{"taxonomy":"post_tag","embeddable":true,"href":"https:\/\/www.suno.com.br\/noticias\/wp-json\/wp\/v2\/tags?post=644440"},{"taxonomy":"suno_strategy","embeddable":true,"href":"https:\/\/www.suno.com.br\/noticias\/wp-json\/wp\/v2\/suno_strategy?post=644440"}],"curies":[{"name":"wp","href":"https:\/\/api.w.org\/{rel}","templated":true}]}}