{"id":644243,"date":"2026-03-08T08:55:10","date_gmt":"2026-03-08T11:55:10","guid":{"rendered":"https:\/\/www.suno.com.br\/noticias\/mulher-lideranca-executivas-empresas-brasil-mt\/"},"modified":"2026-03-09T09:55:58","modified_gmt":"2026-03-09T12:55:58","slug":"mulher-lideranca-executivas-empresas-brasil-mt","status":"publish","type":"post","link":"https:\/\/www.suno.com.br\/noticias\/mulher-lideranca-executivas-empresas-brasil-mt\/","title":{"rendered":"Petrobras (PETR4) ao BB (BBAS3): quem s\u00e3o as mulheres que desafiam o poder corporativo"},"content":{"rendered":"<p>Durante d\u00e9cadas, as salas de conselho das grandes empresas brasileiras foram espa\u00e7os quase exclusivamente masculinos. A presen\u00e7a de\u00a0<strong>mulher<\/strong>\u00a0no comando ainda \u00e9 minorit\u00e1ria, mas algumas executivas v\u00eam rompendo esse padr\u00e3o e ocupando posi\u00e7\u00f5es estrat\u00e9gicas em setores-chave da economia. <\/p>\t<div class=\"wrapper-featured-image\">\n\t\t<figure class=\"spotlightImg\">\n\n\t\t\t<picture>\n\t\t\t\t<source media=\"(max-width: 768px)\" srcset=\"https:\/\/files.sunoresearch.com.br\/n\/uploads\/2026\/03\/Taciana-Medeiros-400x200.webp\">\n\t\t\t\t<img loading=\"lazy\" decoding=\"async\" class=\"newsContent__article__imgCapa lazyloadDisabled \" src=\"https:\/\/files.sunoresearch.com.br\/n\/uploads\/2026\/03\/Taciana-Medeiros-800x450.webp\" width=\"800\" height=\"450\" alt=\"Petrobras (PETR4) ao BB (BBAS3): quem s\u00e3o as mulheres que desafiam o poder corporativo\" fetchpriority=high \/>\n\t\t\t<\/picture>\n\n\t\t\t<figcaption class=\"wp-caption-text wp-caption-text--show\">Dia da Mulher destaca executivas que lideram empresas e iniciativas relevantes no Brasil.<\/figcaption>\n\t\t<\/figure>\n\t<\/div>\n\n\n\n\n\n\n<p>O avan\u00e7o \u00e9 vis\u00edvel, ainda que lento. Estudos recentes mostram que apenas cerca de 5% dos cargos de CEO no Brasil s\u00e3o ocupados por mulheres, o que evidencia o tamanho do desafio para alcan\u00e7ar maior equidade na lideran\u00e7a corporativa.<\/p>\n\n\n\n<p>Mesmo assim, nomes femininos come\u00e7am a ganhar protagonismo em empresas relevantes do pa\u00eds, do sistema financeiro \u00e0 energia, passando por sa\u00fade e tecnologia. Mais do que simbolizar conquistas individuais, essas trajet\u00f3rias ajudam a ampliar o debate sobre diversidade, governan\u00e7a e inova\u00e7\u00e3o dentro das organiza\u00e7\u00f5es.<\/p>\n\n\n\n<h2 class=\"wp-block-heading\">Quando a lideran\u00e7a feminina rompe o teto de vidro nas grandes companhias<\/h2>\n\n\n\n<p>Entre os exemplos mais emblem\u00e1ticos est\u00e1&nbsp;<strong>Tarciana Medeiros<\/strong>, presidente do&nbsp;<a class=\"suno-keyword\" target=\"_blank\" data-force=\"no\" data-priority=\"2\" href=\"https:\/\/www.suno.com.br\/analitica\/acoes\/BBAS3\/\" rel=\"noopener\"><strong>Banco do Brasil (BBAS3)<\/strong><\/a>. Funcion\u00e1ria de carreira da institui\u00e7\u00e3o, ela iniciou sua trajet\u00f3ria no banco em 2000 e construiu um caminho que passou por diversas \u00e1reas estrat\u00e9gicas da companhia at\u00e9 chegar \u00e0 presid\u00eancia. Em 2023, tornou-se a&nbsp;<strong>primeira mulher a comandar o Banco do Brasil em mais de dois s\u00e9culos de hist\u00f3ria<\/strong>, liderando uma institui\u00e7\u00e3o que hoje figura entre os maiores bancos da Am\u00e9rica Latina.<\/p>\n\n\n\n<p>A chegada de Tarciana ao cargo simboliza n\u00e3o apenas uma conquista individual, mas tamb\u00e9m uma mudan\u00e7a gradual na forma como grandes <a class=\"suno-keyword\" target=\"_blank\" data-force=\"no\" data-priority=\"1\" href=\"https:\/\/www.suno.com.br\/artigos\/instituicoes-financeiras\/\" rel=\"noopener\">institui\u00e7\u00f5es financeiras<\/a> brasileiras enxergam lideran\u00e7a e diversidade. Sob sua gest\u00e3o, o banco tem buscado refor\u00e7ar temas ligados a inclus\u00e3o financeira, inova\u00e7\u00e3o e sustentabilidade.<\/p>\n\n\n\n<p>Outro nome de destaque \u00e9&nbsp;<strong>Magda Chambriard<\/strong>, que assumiu a presid\u00eancia da&nbsp;<strong>Petrobras (PETR4)<\/strong>. Engenheira civil de forma\u00e7\u00e3o e com longa carreira no setor de energia, ela ganhou proje\u00e7\u00e3o nacional ao comandar a Ag\u00eancia Nacional do Petr\u00f3leo (ANP) entre 2012 e 2016, per\u00edodo marcado por importantes discuss\u00f5es sobre o pr\u00e9-sal.<\/p>\n\n\n\n<p>Ao assumir a Petrobras, Magda passou a liderar uma das maiores empresas da Am\u00e9rica Latina e uma das principais produtoras de petr\u00f3leo do mundo. Sua chegada ao comando da companhia representa um momento relevante para a presen\u00e7a de&nbsp;<strong>mulher<\/strong>&nbsp;em posi\u00e7\u00f5es estrat\u00e9gicas em um setor historicamente dominado por homens.<\/p>\n\n\n\t<p>\n\t\t<a href=\"https:\/\/lp2.suno.com.br\/onde-investir-2026\/?utm_campaign=_SNC390A0FD0_ao&#038;utm_source=suno-not\u00edcias&#038;utm_medium=banner.noticias\" target=\"_blank\" data-element=\"shortcode-suno-banner\" title=\"Banner SUNO, clique e saiba mais\">\n\t\t\t<picture>\n\t\t\t\t<source media=\"(max-width: 500px)\" srcset=\"https:\/\/files.sunoresearch.com.br\/gaia\/uploads\/2026\/01\/Banner-Materias-01-Mbl_-400x300-1.png\">\n\t\t\t\t<img class=\"newsContent__article__imgCapa newsContent__article__imgCapa--banner\"\n\t\t\t\t\tsrc=\"https:\/\/files.sunoresearch.com.br\/gaia\/uploads\/2026\/01\/Banner-Materias-01-Dkp_-1420x240-1.png\"\n\t\t\t\t\tdata-promo-id=\"651623\"\t\t\t\t\t\t\t\t\t\twidth='1420' height='240'\t\t\t\t\talt=\"https:\/\/files.sunoresearch.com.br\/gaia\/uploads\/2026\/01\/Banner-Materias-01-Dkp_-1420x240-1.png\"\n\t\t\t\t>\n\t\t\t<\/picture>\n\t\t<\/a>\n\t<\/p>\n\n\n\n\n\n<p>Na \u00e1rea de sa\u00fade,&nbsp;<strong>Jeane Tsutsui<\/strong>&nbsp;lidera o&nbsp;<strong>Grupo <a class=\"suno-keyword\" target=\"_blank\" data-force=\"no\" data-priority=\"2\" href=\"https:\/\/www.suno.com.br\/analitica\/acoes\/FLRY3\/\" rel=\"noopener\">Fleury (FLRY3)<\/a><\/strong>, uma das companhias mais tradicionais do pa\u00eds em medicina diagn\u00f3stica. Para ela, a lideran\u00e7a executiva \u00e9 constru\u00edda ao longo do tempo, combinando vis\u00e3o estrat\u00e9gica e capacidade de mobilizar pessoas.<\/p>\n\n\n\n<p>\u201cA chegada \u00e0 posi\u00e7\u00e3o de CEO \u00e9 resultado de uma trajet\u00f3ria que combina vis\u00e3o estrat\u00e9gica do neg\u00f3cio com a capacidade de liderar e inspirar pessoas. Ao longo do caminho, \u00e9 importante estar disposto a assumir desafios relevantes\u201d, afirma Tsutsui.<\/p>\n\n\n\n<p>Segundo a executiva, muitas vezes s\u00e3o justamente os desafios mais dif\u00edceis que impulsionam o crescimento profissional.<\/p>\n\n\n\n<p>\u201cOs desafios que nos tiram da zona de conforto s\u00e3o justamente os que impulsionam nosso crescimento. Tamb\u00e9m faz diferen\u00e7a construir uma rede de apoio com pessoas que tragam perspectivas e compet\u00eancias complementares, al\u00e9m de manter uma postura de aprendizado cont\u00ednuo.\u201d<\/p>\n\n\n\n<p>No universo das fintechs,&nbsp;<a class=\"suno-keyword\" target=\"_blank\" data-force=\"no\" data-priority=\"2\" href=\"https:\/\/www.suno.com.br\/tudo-sobre\/cristina-junqueira\/\" rel=\"noopener\"><strong>Cristina Junqueira<\/strong><\/a>, cofundadora do&nbsp;<strong>Nubank<\/strong>, tornou-se uma das executivas mais influentes da nova gera\u00e7\u00e3o do mercado financeiro. Ela participou da cria\u00e7\u00e3o do <a class=\"suno-keyword\" target=\"_blank\" data-force=\"no\" data-priority=\"2\" href=\"https:\/\/www.suno.com.br\/artigos\/banco-digital\/\" rel=\"noopener\">banco digital<\/a> em 2013, ajudando a transformar o setor banc\u00e1rio no Brasil e impulsionar um modelo baseado em tecnologia e inclus\u00e3o financeira. Hoje, o Nubank j\u00e1 ultrapassou a marca de 100 milh\u00f5es de clientes, tornando-se uma das maiores fintechs do mundo.<\/p>\n\n\n\n<figure class=\"wp-block-gallery has-nested-images columns-default is-cropped wp-block-gallery-1 is-layout-flex wp-block-gallery-is-layout-flex\">\n<figure class=\"wp-block-image size-large\"><img decoding=\"async\" data-id=\"658279\" src=\"https:\/\/files.sunoresearch.com.br\/gaia\/uploads\/2026\/03\/Cristina-Junqueira.jpeg\" alt=\"\" class=\"wp-image-658279\"\/><figcaption class=\"wp-element-caption\"><strong>Cristina Junqueira<\/strong><\/figcaption><\/figure>\n\n\n\t<p>\n\t\t<a href=\"https:\/\/lp2.suno.com.br\/lm\/minicurso-construindo-um-portfolio-milionario\/?utm_campaign=_SNC35CF3834_ao&#038;utm_source=suno-not\u00edcias&#038;utm_medium=banner.noticias\" target=\"_blank\" data-element=\"shortcode-suno-banner\" title=\"Banner SUNO, clique e saiba mais\">\n\t\t\t<picture>\n\t\t\t\t<source media=\"(max-width: 500px)\" srcset=\"https:\/\/files.sunoresearch.com.br\/gaia\/uploads\/2026\/01\/MB-PS-HOME-DE-ARTIGOS-400x300-ID_01_x1.jpg\">\n\t\t\t\t<img class=\"newsContent__article__imgCapa newsContent__article__imgCapa--banner\"\n\t\t\t\t\tsrc=\"https:\/\/files.sunoresearch.com.br\/gaia\/uploads\/2026\/01\/DT-PS-HOME-DE-ARTIGOS-1420x240-ID_01_x1.jpg\"\n\t\t\t\t\tdata-promo-id=\"651626\"\t\t\t\t\t\t\t\t\t\twidth='1420' height='240'\t\t\t\t\talt=\"https:\/\/files.sunoresearch.com.br\/gaia\/uploads\/2026\/01\/DT-PS-HOME-DE-ARTIGOS-1420x240-ID_01_x1.jpg\"\n\t\t\t\t>\n\t\t\t<\/picture>\n\t\t<\/a>\n\t<\/p>\n\n\n\n\n\n<figure class=\"wp-block-image size-large\"><img decoding=\"async\" data-id=\"658281\" src=\"https:\/\/files.sunoresearch.com.br\/gaia\/uploads\/2026\/03\/Jeane-Tsutsui.jpeg\" alt=\"\" class=\"wp-image-658281\"\/><figcaption class=\"wp-element-caption\"><strong>Jeane Tsutsui<\/strong><\/figcaption><\/figure>\n\n\n\n<figure class=\"wp-block-image size-large\"><img decoding=\"async\" data-id=\"658280\" src=\"https:\/\/files.sunoresearch.com.br\/gaia\/uploads\/2026\/03\/Julie-Lamac.jpeg\" alt=\"\" class=\"wp-image-658280\"\/><figcaption class=\"wp-element-caption\"><strong>Julie Lamac<\/strong><\/figcaption><\/figure>\n\n\n\n<figure class=\"wp-block-image size-large\"><img decoding=\"async\" data-id=\"658282\" src=\"https:\/\/files.sunoresearch.com.br\/gaia\/uploads\/2026\/03\/Magda-Chambriard.jpeg\" alt=\"\" class=\"wp-image-658282\"\/><figcaption class=\"wp-element-caption\"><strong>Magda Chambriard<\/strong><\/figcaption><\/figure>\n\n\n\n<figure class=\"wp-block-image size-large\"><img decoding=\"async\" data-id=\"658278\" src=\"https:\/\/files.sunoresearch.com.br\/gaia\/uploads\/2026\/03\/Taciana-Medeiros.jpeg\" alt=\"\" class=\"wp-image-658278\"\/><figcaption class=\"wp-element-caption\"><strong>Tarciana Medeiros<\/strong><\/figcaption><\/figure>\n<\/figure>\n\n\n\n<h2 class=\"wp-block-heading\">Empreendedorismo, impacto e novas iniciativas<\/h2>\n\n\n\n<p>Outro exemplo de trajet\u00f3ria empreendedora \u00e9&nbsp;<strong>Julie Lamac<\/strong>, fundadora da&nbsp;<strong>Moveer<\/strong>, plataforma que conecta esporte, bem-estar e experi\u00eancias entre marcas e pessoas. Julie tamb\u00e9m \u00e9 esposa de&nbsp;<strong>David Feffer<\/strong>, integrante da fam\u00edlia controladora da&nbsp;<strong>Suzano (SUZB3)<\/strong>, um dos grupos empresariais mais tradicionais do pa\u00eds e respons\u00e1vel por uma das maiores produtoras de celulose do mundo.<\/p>\n\n\n\t<p>\n\t\t<a href=\"https:\/\/lp.suno.com.br\/ebook-como-analisar-uma-acao\/?utm_campaign=_SNC390A0FD0_ao&#038;utm_source=suno-not\u00edcias&#038;utm_medium=banner.noticias\" target=\"_blank\" data-element=\"shortcode-suno-banner\" title=\"Banner SUNO, clique e saiba mais\">\n\t\t\t<picture>\n\t\t\t\t<source media=\"(max-width: 500px)\" srcset=\"https:\/\/files.sunoresearch.com.br\/gaia\/uploads\/2026\/01\/Ebook-Acoes-Mobile.webp\">\n\t\t\t\t<img class=\"newsContent__article__imgCapa newsContent__article__imgCapa--banner\"\n\t\t\t\t\tsrc=\"https:\/\/files.sunoresearch.com.br\/gaia\/uploads\/2026\/01\/Ebook-Acoes-Desktop.webp\"\n\t\t\t\t\tdata-promo-id=\"651105\"\t\t\t\t\t\t\t\t\t\twidth='1420' height='286'\t\t\t\t\talt=\"https:\/\/files.sunoresearch.com.br\/gaia\/uploads\/2026\/01\/Ebook-Acoes-Desktop.webp\"\n\t\t\t\t>\n\t\t\t<\/picture>\n\t\t<\/a>\n\t<\/p>\n\n\n\n\n\n<p>David Feffer \u00e9 herdeiro da fam\u00edlia Feffer e figura central na hist\u00f3ria recente da Suzano, companhia que se consolidou como l\u00edder global no setor de papel e celulose. A liga\u00e7\u00e3o com um dos principais grupos industriais do pa\u00eds coloca Julie em um ambiente empresarial de grande relev\u00e2ncia, mas sua trajet\u00f3ria profissional seguiu um caminho pr\u00f3prio, voltado ao empreendedorismo e \u00e0 cria\u00e7\u00e3o de novos projetos.<\/p>\n\n\n\n<p>A Moveer nasceu a partir do crescimento do beach tennis no Brasil e evoluiu para uma plataforma que conecta esporte, comunidade e experi\u00eancias. \u201cA Moveer nasceu de forma muito org\u00e2nica. Come\u00e7ou com competi\u00e7\u00f5es cheias de inova\u00e7\u00e3o e rapidamente se transformou em algo maior: uma plataforma que conecta esporte, bem-estar e relacionamento entre pessoas e marcas\u201d, afirma Julie.&nbsp;<\/p>\n\n\n\n<p>Ao falar sobre sua trajet\u00f3ria, a empreendedora tamb\u00e9m destaca a import\u00e2ncia da confian\u00e7a e da coragem ao longo da jornada profissional. \u201cEu diria para confiarem muito na pr\u00f3pria intui\u00e7\u00e3o. Muitas vezes ela faz bastante sentido, e aprender a escut\u00e1-la \u00e9 uma habilidade importante ao longo da jornada.\u201d&nbsp;<\/p>\n\n\n\n<h2 class=\"wp-block-heading\">Avan\u00e7os que ainda convivem com desigualdade<\/h2>\n\n\n\n<p>Apesar das trajet\u00f3rias inspiradoras, os n\u00fameros mostram que a presen\u00e7a feminina no topo das organiza\u00e7\u00f5es ainda \u00e9 limitada. Pesquisas indicam que apenas cerca de 17% das empresas brasileiras s\u00e3o lideradas por mulheres, enquanto a participa\u00e7\u00e3o feminina nos conselhos de administra\u00e7\u00e3o ainda permanece abaixo de 20%.<\/p>\n\n\n\n<p>Mesmo nas companhias listadas na bolsa, o avan\u00e7o ocorre de forma gradual. Um levantamento recente aponta que 46% das empresas da B3 t\u00eam ao menos uma mulher na diretoria, mas na maioria dos casos trata-se de apenas uma executiva em estruturas ainda majoritariamente masculinas.<\/p>\n\n\n\n<p>Nesse contexto, hist\u00f3rias como as de Tarciana Medeiros, Magda Chambriard, Jeane Tsutsui, Cristina Junqueira e Julie Lamac ajudam a ilustrar um movimento de transforma\u00e7\u00e3o em andamento. Ainda que a igualdade esteja distante, cada nova&nbsp;<strong>mulher<\/strong>&nbsp;em posi\u00e7\u00f5es de lideran\u00e7a amplia o espa\u00e7o para que outras tamb\u00e9m possam chegar ao topo.<\/p>\n\n\n\n<p><\/p>\n","protected":false},"excerpt":{"rendered":"<p>Durante d\u00e9cadas, as salas de conselho das grandes empresas brasileiras foram espa\u00e7os quase exclusivamente masculinos. A presen\u00e7a de&nbsp;mulher&nbsp;no comando ainda \u00e9 minorit\u00e1ria, mas algumas executivas v\u00eam rompendo esse padr\u00e3o e ocupando posi\u00e7\u00f5es estrat\u00e9gicas em setores-chave da economia. O avan\u00e7o \u00e9 vis\u00edvel, ainda que lento. Estudos recentes mostram que apenas cerca de 5% dos cargos de &hellip; Continued<\/p>\n","protected":false},"author":402,"featured_media":644244,"comment_status":"closed","ping_status":"closed","sticky":false,"template":"","format":"standard","meta":[],"categories":[64],"tags":[],"suno_strategy":[],"class_list":["post-644243","post","type-post","status-publish","format-standard","has-post-thumbnail","hentry","category-negocios"],"yoast_head":"<!-- This site is optimized with the Yoast SEO plugin v24.4 - https:\/\/yoast.com\/wordpress\/plugins\/seo\/ -->\n<title>Dia da Mulher: executivas que comandam empresas no Brasil<\/title>\n<meta name=\"description\" content=\"Dia da Mulher destaca executivas como Tarciana Medeiros, Magda Chambriard e Jeane Tsutsui no comando de grandes empresas\" \/>\n<meta name=\"robots\" content=\"index, follow, max-snippet:-1, max-image-preview:large, max-video-preview:-1\" \/>\n<link rel=\"canonical\" href=\"https:\/\/www.suno.com.br\/noticias\/mulher-lideranca-executivas-empresas-brasil-mt\/\" \/>\n<meta property=\"og:locale\" content=\"pt_BR\" \/>\n<meta property=\"og:type\" content=\"article\" \/>\n<meta property=\"og:title\" content=\"Dia da Mulher: executivas que comandam empresas no Brasil\" \/>\n<meta property=\"og:description\" content=\"Dia da Mulher destaca executivas como Tarciana Medeiros, Magda Chambriard e Jeane Tsutsui no comando de grandes empresas\" \/>\n<meta property=\"og:url\" content=\"https:\/\/www.suno.com.br\/noticias\/mulher-lideranca-executivas-empresas-brasil-mt\/\" \/>\n<meta property=\"og:site_name\" content=\"Suno Not\u00edcias\" \/>\n<meta property=\"article:publisher\" content=\"https:\/\/facebook.com\/sunoresearch\" \/>\n<meta property=\"og:image\" content=\"https:\/\/files.sunoresearch.com.br\/n\/uploads\/2026\/03\/Taciana-Medeiros-jpeg.webp\" \/>\n\t<meta property=\"og:image:width\" content=\"800\" \/>\n\t<meta property=\"og:image:height\" content=\"800\" \/>\n\t<meta property=\"og:image:type\" content=\"image\/jpeg\" \/>\n<meta name=\"author\" content=\"Ma\u00edra Telles\" \/>\n<meta name=\"twitter:card\" content=\"summary_large_image\" \/>\n<meta name=\"twitter:creator\" content=\"@sunoresearch\" \/>\n<meta name=\"twitter:site\" content=\"@sunoresearch\" \/>\n<meta name=\"twitter:label1\" content=\"Escrito por\" \/>\n\t<meta name=\"twitter:data1\" content=\"Ma\u00edra Telles\" \/>\n\t<meta name=\"twitter:label2\" content=\"Est. tempo de leitura\" \/>\n\t<meta name=\"twitter:data2\" content=\"7 minutos\" \/>\n<script type=\"application\/ld+json\" class=\"yoast-schema-graph\">{\"@context\":\"https:\/\/schema.org\",\"@graph\":[{\"@type\":\"NewsArticle\",\"@id\":\"https:\/\/www.suno.com.br\/noticias\/mulher-lideranca-executivas-empresas-brasil-mt\/#article\",\"isPartOf\":{\"@id\":\"https:\/\/www.suno.com.br\/noticias\/mulher-lideranca-executivas-empresas-brasil-mt\/\"},\"author\":{\"name\":\"Ma\u00edra Telles\",\"@id\":\"https:\/\/www.suno.com.br\/noticias\/#\/schema\/person\/0a8b51292bb96ee5f104094c0907eaef\"},\"headline\":\"Petrobras (PETR4) ao BB (BBAS3): quem s\u00e3o as mulheres que desafiam o poder corporativo\",\"datePublished\":\"2026-03-08T11:55:10+00:00\",\"dateModified\":\"2026-03-09T12:55:58+00:00\",\"mainEntityOfPage\":{\"@id\":\"https:\/\/www.suno.com.br\/noticias\/mulher-lideranca-executivas-empresas-brasil-mt\/\"},\"wordCount\":1083,\"publisher\":{\"@id\":\"https:\/\/www.suno.com.br\/noticias\/#organization\"},\"image\":{\"@id\":\"https:\/\/www.suno.com.br\/noticias\/mulher-lideranca-executivas-empresas-brasil-mt\/#primaryimage\"},\"thumbnailUrl\":\"https:\/\/files.sunoresearch.com.br\/n\/uploads\/2026\/03\/Taciana-Medeiros-jpeg.webp\",\"articleSection\":[\"Neg\u00f3cios\"],\"inLanguage\":\"pt-BR\"},{\"@type\":\"WebPage\",\"@id\":\"https:\/\/www.suno.com.br\/noticias\/mulher-lideranca-executivas-empresas-brasil-mt\/\",\"url\":\"https:\/\/www.suno.com.br\/noticias\/mulher-lideranca-executivas-empresas-brasil-mt\/\",\"name\":\"Dia da Mulher: executivas que comandam empresas no Brasil\",\"isPartOf\":{\"@id\":\"https:\/\/www.suno.com.br\/noticias\/#website\"},\"primaryImageOfPage\":{\"@id\":\"https:\/\/www.suno.com.br\/noticias\/mulher-lideranca-executivas-empresas-brasil-mt\/#primaryimage\"},\"image\":{\"@id\":\"https:\/\/www.suno.com.br\/noticias\/mulher-lideranca-executivas-empresas-brasil-mt\/#primaryimage\"},\"thumbnailUrl\":\"https:\/\/files.sunoresearch.com.br\/n\/uploads\/2026\/03\/Taciana-Medeiros-jpeg.webp\",\"datePublished\":\"2026-03-08T11:55:10+00:00\",\"dateModified\":\"2026-03-09T12:55:58+00:00\",\"description\":\"Dia da Mulher destaca executivas como Tarciana Medeiros, Magda Chambriard e Jeane Tsutsui no comando de grandes empresas\",\"breadcrumb\":{\"@id\":\"https:\/\/www.suno.com.br\/noticias\/mulher-lideranca-executivas-empresas-brasil-mt\/#breadcrumb\"},\"inLanguage\":\"pt-BR\",\"potentialAction\":[{\"@type\":\"ReadAction\",\"target\":[\"https:\/\/www.suno.com.br\/noticias\/mulher-lideranca-executivas-empresas-brasil-mt\/\"]}]},{\"@type\":\"ImageObject\",\"inLanguage\":\"pt-BR\",\"@id\":\"https:\/\/www.suno.com.br\/noticias\/mulher-lideranca-executivas-empresas-brasil-mt\/#primaryimage\",\"url\":\"https:\/\/files.sunoresearch.com.br\/n\/uploads\/2026\/03\/Taciana-Medeiros-jpeg.webp\",\"contentUrl\":\"https:\/\/files.sunoresearch.com.br\/n\/uploads\/2026\/03\/Taciana-Medeiros-jpeg.webp\",\"width\":800,\"height\":800,\"caption\":\"Dia da Mulher destaca executivas que lideram empresas e iniciativas relevantes no Brasil.\"},{\"@type\":\"BreadcrumbList\",\"@id\":\"https:\/\/www.suno.com.br\/noticias\/mulher-lideranca-executivas-empresas-brasil-mt\/#breadcrumb\",\"itemListElement\":[{\"@type\":\"ListItem\",\"position\":1,\"name\":\"Not\u00edcias\",\"item\":\"https:\/\/www.suno.com.br\/noticias\/\"},{\"@type\":\"ListItem\",\"position\":2,\"name\":\"Neg\u00f3cios\",\"item\":\"https:\/\/www.suno.com.br\/noticias\/negocios\/\"},{\"@type\":\"ListItem\",\"position\":3,\"name\":\"Petrobras (PETR4) ao BB (BBAS3): quem s\u00e3o as mulheres que desafiam o poder corporativo\"}]},{\"@type\":\"WebSite\",\"@id\":\"https:\/\/www.suno.com.br\/noticias\/#website\",\"url\":\"https:\/\/www.suno.com.br\/noticias\/\",\"name\":\"Suno Not\u00edcias\",\"description\":\"Seu portal de informa\u00e7\u00e3o sobre o mundo dos investimentos\",\"publisher\":{\"@id\":\"https:\/\/www.suno.com.br\/noticias\/#organization\"},\"potentialAction\":[{\"@type\":\"SearchAction\",\"target\":{\"@type\":\"EntryPoint\",\"urlTemplate\":\"https:\/\/www.suno.com.br\/noticias\/?s={search_term_string}\"},\"query-input\":{\"@type\":\"PropertyValueSpecification\",\"valueRequired\":true,\"valueName\":\"search_term_string\"}}],\"inLanguage\":\"pt-BR\"},{\"@type\":\"Organization\",\"@id\":\"https:\/\/www.suno.com.br\/noticias\/#organization\",\"name\":\"Suno Not\u00edcias\",\"url\":\"https:\/\/www.suno.com.br\/noticias\/\",\"logo\":{\"@type\":\"ImageObject\",\"inLanguage\":\"pt-BR\",\"@id\":\"https:\/\/www.suno.com.br\/noticias\/#\/schema\/logo\/image\/\",\"url\":\"https:\/\/files.sunoresearch.com.br\/n\/uploads\/2021\/09\/suno-logo.png\",\"contentUrl\":\"https:\/\/files.sunoresearch.com.br\/n\/uploads\/2021\/09\/suno-logo.png\",\"width\":180,\"height\":180,\"caption\":\"Suno Not\u00edcias\"},\"image\":{\"@id\":\"https:\/\/www.suno.com.br\/noticias\/#\/schema\/logo\/image\/\"},\"sameAs\":[\"https:\/\/facebook.com\/sunoresearch\",\"https:\/\/x.com\/sunoresearch\",\"https:\/\/www.instagram.com\/suno\",\"https:\/\/www.linkedin.com\/company\/suno-research\/\",\"https:\/\/www.youtube.com\/c\/sunoresearch\"]},{\"@type\":\"Person\",\"@id\":\"https:\/\/www.suno.com.br\/noticias\/#\/schema\/person\/0a8b51292bb96ee5f104094c0907eaef\",\"name\":\"Ma\u00edra Telles\",\"image\":{\"@type\":\"ImageObject\",\"inLanguage\":\"pt-BR\",\"@id\":\"https:\/\/www.suno.com.br\/noticias\/#\/schema\/person\/image\/\",\"url\":\"https:\/\/secure.gravatar.com\/avatar\/8d13691eab6abc1d1050b62a4c2a6116?s=96&r=g\",\"contentUrl\":\"https:\/\/secure.gravatar.com\/avatar\/8d13691eab6abc1d1050b62a4c2a6116?s=96&r=g\",\"caption\":\"Ma\u00edra Telles\"},\"description\":\"Jornalista com passagem por reda\u00e7\u00f5es como ESPN, especializa\u00e7\u00e3o em marketing digital e em gest\u00e3o de crise. Com foco no mercado financeiro e no setor agropecu\u00e1rio, desenvolve conte\u00fados estrat\u00e9gicos e especializados para m\u00faltiplas plataformas, unindo an\u00e1lise de investimentos e neg\u00f3cios\",\"url\":\"https:\/\/www.suno.com.br\/noticias\/author\/mairaftellesgmail-com\/\"}]}<\/script>\n<!-- \/ Yoast SEO plugin. -->","yoast_head_json":{"title":"Dia da Mulher: executivas que comandam empresas no Brasil","description":"Dia da Mulher destaca executivas como Tarciana Medeiros, Magda Chambriard e Jeane Tsutsui no comando de grandes empresas","robots":{"index":"index","follow":"follow","max-snippet":"max-snippet:-1","max-image-preview":"max-image-preview:large","max-video-preview":"max-video-preview:-1"},"canonical":"https:\/\/www.suno.com.br\/noticias\/mulher-lideranca-executivas-empresas-brasil-mt\/","og_locale":"pt_BR","og_type":"article","og_title":"Dia da Mulher: executivas que comandam empresas no Brasil","og_description":"Dia da Mulher destaca executivas como Tarciana Medeiros, Magda Chambriard e Jeane Tsutsui no comando de grandes empresas","og_url":"https:\/\/www.suno.com.br\/noticias\/mulher-lideranca-executivas-empresas-brasil-mt\/","og_site_name":"Suno Not\u00edcias","article_publisher":"https:\/\/facebook.com\/sunoresearch","og_image":[{"width":800,"height":800,"url":"https:\/\/files.sunoresearch.com.br\/n\/uploads\/2026\/03\/Taciana-Medeiros-jpeg.webp","type":"image\/jpeg"}],"author":"Ma\u00edra Telles","twitter_card":"summary_large_image","twitter_creator":"@sunoresearch","twitter_site":"@sunoresearch","twitter_misc":{"Escrito por":"Ma\u00edra Telles","Est. tempo de leitura":"7 minutos"},"schema":{"@context":"https:\/\/schema.org","@graph":[{"@type":"NewsArticle","@id":"https:\/\/www.suno.com.br\/noticias\/mulher-lideranca-executivas-empresas-brasil-mt\/#article","isPartOf":{"@id":"https:\/\/www.suno.com.br\/noticias\/mulher-lideranca-executivas-empresas-brasil-mt\/"},"author":{"name":"Ma\u00edra Telles","@id":"https:\/\/www.suno.com.br\/noticias\/#\/schema\/person\/0a8b51292bb96ee5f104094c0907eaef"},"headline":"Petrobras (PETR4) ao BB (BBAS3): quem s\u00e3o as mulheres que desafiam o poder corporativo","datePublished":"2026-03-08T11:55:10+00:00","dateModified":"2026-03-09T12:55:58+00:00","mainEntityOfPage":{"@id":"https:\/\/www.suno.com.br\/noticias\/mulher-lideranca-executivas-empresas-brasil-mt\/"},"wordCount":1083,"publisher":{"@id":"https:\/\/www.suno.com.br\/noticias\/#organization"},"image":{"@id":"https:\/\/www.suno.com.br\/noticias\/mulher-lideranca-executivas-empresas-brasil-mt\/#primaryimage"},"thumbnailUrl":"https:\/\/files.sunoresearch.com.br\/n\/uploads\/2026\/03\/Taciana-Medeiros-jpeg.webp","articleSection":["Neg\u00f3cios"],"inLanguage":"pt-BR"},{"@type":"WebPage","@id":"https:\/\/www.suno.com.br\/noticias\/mulher-lideranca-executivas-empresas-brasil-mt\/","url":"https:\/\/www.suno.com.br\/noticias\/mulher-lideranca-executivas-empresas-brasil-mt\/","name":"Dia da Mulher: executivas que comandam empresas no Brasil","isPartOf":{"@id":"https:\/\/www.suno.com.br\/noticias\/#website"},"primaryImageOfPage":{"@id":"https:\/\/www.suno.com.br\/noticias\/mulher-lideranca-executivas-empresas-brasil-mt\/#primaryimage"},"image":{"@id":"https:\/\/www.suno.com.br\/noticias\/mulher-lideranca-executivas-empresas-brasil-mt\/#primaryimage"},"thumbnailUrl":"https:\/\/files.sunoresearch.com.br\/n\/uploads\/2026\/03\/Taciana-Medeiros-jpeg.webp","datePublished":"2026-03-08T11:55:10+00:00","dateModified":"2026-03-09T12:55:58+00:00","description":"Dia da Mulher destaca executivas como Tarciana Medeiros, Magda Chambriard e Jeane Tsutsui no comando de grandes empresas","breadcrumb":{"@id":"https:\/\/www.suno.com.br\/noticias\/mulher-lideranca-executivas-empresas-brasil-mt\/#breadcrumb"},"inLanguage":"pt-BR","potentialAction":[{"@type":"ReadAction","target":["https:\/\/www.suno.com.br\/noticias\/mulher-lideranca-executivas-empresas-brasil-mt\/"]}]},{"@type":"ImageObject","inLanguage":"pt-BR","@id":"https:\/\/www.suno.com.br\/noticias\/mulher-lideranca-executivas-empresas-brasil-mt\/#primaryimage","url":"https:\/\/files.sunoresearch.com.br\/n\/uploads\/2026\/03\/Taciana-Medeiros-jpeg.webp","contentUrl":"https:\/\/files.sunoresearch.com.br\/n\/uploads\/2026\/03\/Taciana-Medeiros-jpeg.webp","width":800,"height":800,"caption":"Dia da Mulher destaca executivas que lideram empresas e iniciativas relevantes no Brasil."},{"@type":"BreadcrumbList","@id":"https:\/\/www.suno.com.br\/noticias\/mulher-lideranca-executivas-empresas-brasil-mt\/#breadcrumb","itemListElement":[{"@type":"ListItem","position":1,"name":"Not\u00edcias","item":"https:\/\/www.suno.com.br\/noticias\/"},{"@type":"ListItem","position":2,"name":"Neg\u00f3cios","item":"https:\/\/www.suno.com.br\/noticias\/negocios\/"},{"@type":"ListItem","position":3,"name":"Petrobras (PETR4) ao BB (BBAS3): quem s\u00e3o as mulheres que desafiam o poder corporativo"}]},{"@type":"WebSite","@id":"https:\/\/www.suno.com.br\/noticias\/#website","url":"https:\/\/www.suno.com.br\/noticias\/","name":"Suno Not\u00edcias","description":"Seu portal de informa\u00e7\u00e3o sobre o mundo dos investimentos","publisher":{"@id":"https:\/\/www.suno.com.br\/noticias\/#organization"},"potentialAction":[{"@type":"SearchAction","target":{"@type":"EntryPoint","urlTemplate":"https:\/\/www.suno.com.br\/noticias\/?s={search_term_string}"},"query-input":{"@type":"PropertyValueSpecification","valueRequired":true,"valueName":"search_term_string"}}],"inLanguage":"pt-BR"},{"@type":"Organization","@id":"https:\/\/www.suno.com.br\/noticias\/#organization","name":"Suno Not\u00edcias","url":"https:\/\/www.suno.com.br\/noticias\/","logo":{"@type":"ImageObject","inLanguage":"pt-BR","@id":"https:\/\/www.suno.com.br\/noticias\/#\/schema\/logo\/image\/","url":"https:\/\/files.sunoresearch.com.br\/n\/uploads\/2021\/09\/suno-logo.png","contentUrl":"https:\/\/files.sunoresearch.com.br\/n\/uploads\/2021\/09\/suno-logo.png","width":180,"height":180,"caption":"Suno Not\u00edcias"},"image":{"@id":"https:\/\/www.suno.com.br\/noticias\/#\/schema\/logo\/image\/"},"sameAs":["https:\/\/facebook.com\/sunoresearch","https:\/\/x.com\/sunoresearch","https:\/\/www.instagram.com\/suno","https:\/\/www.linkedin.com\/company\/suno-research\/","https:\/\/www.youtube.com\/c\/sunoresearch"]},{"@type":"Person","@id":"https:\/\/www.suno.com.br\/noticias\/#\/schema\/person\/0a8b51292bb96ee5f104094c0907eaef","name":"Ma\u00edra Telles","image":{"@type":"ImageObject","inLanguage":"pt-BR","@id":"https:\/\/www.suno.com.br\/noticias\/#\/schema\/person\/image\/","url":"https:\/\/secure.gravatar.com\/avatar\/8d13691eab6abc1d1050b62a4c2a6116?s=96&r=g","contentUrl":"https:\/\/secure.gravatar.com\/avatar\/8d13691eab6abc1d1050b62a4c2a6116?s=96&r=g","caption":"Ma\u00edra Telles"},"description":"Jornalista com passagem por reda\u00e7\u00f5es como ESPN, especializa\u00e7\u00e3o em marketing digital e em gest\u00e3o de crise. Com foco no mercado financeiro e no setor agropecu\u00e1rio, desenvolve conte\u00fados estrat\u00e9gicos e especializados para m\u00faltiplas plataformas, unindo an\u00e1lise de investimentos e neg\u00f3cios","url":"https:\/\/www.suno.com.br\/noticias\/author\/mairaftellesgmail-com\/"}]}},"default_loop_html":"<div class=\"cardsPage__listCard__boxs\"><div class=\"cardsPage__listCard__boxs__img\"><a href=\"https:\/\/www.suno.com.br\/noticias\/mulher-lideranca-executivas-empresas-brasil-mt\/\"><img class=\"mask\" src=\"https:\/\/www.suno.com.br\/noticias\/wp-content\/themes\/suno\/resources\/images\/spotlight\/spotlight1img\/bg-mask.png\" alt=\"Image Mask\"\/><img src=\"https:\/\/files.sunoresearch.com.br\/n\/uploads\/2026\/03\/Taciana-Medeiros-400x200.webp\" alt=\"Petrobras (PETR4) ao BB (BBAS3): quem s\u00e3o as mulheres que desafiam o poder corporativo\"\/><\/a><span class=\"spotlightCategory\"><a href=\"https:\/\/www.suno.com.br\/noticias\/negocios\/\">Neg\u00f3cios<\/a><\/span><\/div><div class=\"cardsPage__listCard__boxs__content\"><a href=\"https:\/\/www.suno.com.br\/noticias\/mulher-lideranca-executivas-empresas-brasil-mt\/\"><h2 class=\"content__title\">Petrobras (PETR4) ao BB (BBAS3): quem s\u00e3o as mulheres que desafiam o poder corporativo<\/h2><\/a><div class=\"newsContent__article__meta\"><div class=\"newsContent__article__meta__authorBox\"><a href=\"https:\/\/www.suno.com.br\/noticias\/author\/mairaftellesgmail-com\/\" class=\"authorBox__avatar noMobi\"><img src=\"https:\/\/secure.gravatar.com\/avatar\/8d13691eab6abc1d1050b62a4c2a6116?s=96&#038;r=g\" alt=\"Ma\u00edra Telles\"><\/a><div class=\"authorBox__name\"><span>por\n\t\t\t<a href=\"https:\/\/www.suno.com.br\/noticias\/author\/mairaftellesgmail-com\/\"><span itemprop=\"author\">Ma\u00edra Telles<\/span><\/a><\/span><time datetime=\"2026-03-08T08:55:10-03:00\" itemprop=\"datePublished\">08\/03\/2026 08:55<\/time><\/div><\/div><\/div><\/div><\/div>","single_layout":"posts","amp_enabled":true,"_links":{"self":[{"href":"https:\/\/www.suno.com.br\/noticias\/wp-json\/wp\/v2\/posts\/644243"}],"collection":[{"href":"https:\/\/www.suno.com.br\/noticias\/wp-json\/wp\/v2\/posts"}],"about":[{"href":"https:\/\/www.suno.com.br\/noticias\/wp-json\/wp\/v2\/types\/post"}],"author":[{"embeddable":true,"href":"https:\/\/www.suno.com.br\/noticias\/wp-json\/wp\/v2\/users\/402"}],"replies":[{"embeddable":true,"href":"https:\/\/www.suno.com.br\/noticias\/wp-json\/wp\/v2\/comments?post=644243"}],"version-history":[{"count":3,"href":"https:\/\/www.suno.com.br\/noticias\/wp-json\/wp\/v2\/posts\/644243\/revisions"}],"predecessor-version":[{"id":644281,"href":"https:\/\/www.suno.com.br\/noticias\/wp-json\/wp\/v2\/posts\/644243\/revisions\/644281"}],"wp:featuredmedia":[{"embeddable":true,"href":"https:\/\/www.suno.com.br\/noticias\/wp-json\/wp\/v2\/media\/644244"}],"wp:attachment":[{"href":"https:\/\/www.suno.com.br\/noticias\/wp-json\/wp\/v2\/media?parent=644243"}],"wp:term":[{"taxonomy":"category","embeddable":true,"href":"https:\/\/www.suno.com.br\/noticias\/wp-json\/wp\/v2\/categories?post=644243"},{"taxonomy":"post_tag","embeddable":true,"href":"https:\/\/www.suno.com.br\/noticias\/wp-json\/wp\/v2\/tags?post=644243"},{"taxonomy":"suno_strategy","embeddable":true,"href":"https:\/\/www.suno.com.br\/noticias\/wp-json\/wp\/v2\/suno_strategy?post=644243"}],"curies":[{"name":"wp","href":"https:\/\/api.w.org\/{rel}","templated":true}]}}