{"id":6436,"date":"2018-11-18T13:14:30","date_gmt":"2018-11-18T15:14:30","guid":{"rendered":"https:\/\/www.suno.com.br\/noticias\/?p=6436"},"modified":"2021-02-18T17:56:15","modified_gmt":"2021-02-18T20:56:15","slug":"a-seguir-emprego-no-brasil-e-economia-americana","status":"publish","type":"post","link":"https:\/\/www.suno.com.br\/noticias\/a-seguir-emprego-no-brasil-e-economia-americana\/","title":{"rendered":"A Seguir: Emprego no Brasil e Economia Americana"},"content":{"rendered":"<h2>O que deve movimentar a semana no Brasil<\/h2>\n<p><strong>Recesso parlamentar mina chances de reformas ainda em 2018<\/strong><\/p>\t<div class=\"wrapper-featured-image\">\n\t\t<figure class=\"spotlightImg\">\n\n\t\t\t<picture>\n\t\t\t\t<source media=\"(max-width: 768px)\" srcset=\"https:\/\/files.sunoresearch.com.br\/n\/uploads\/2018\/11\/7e70175c-indicadoreseconomicos-400x200.webp\">\n\t\t\t\t<img loading=\"lazy\" decoding=\"async\" class=\"newsContent__article__imgCapa lazyloadDisabled newsContent__article__imgCapa--noCaption\" src=\"https:\/\/files.sunoresearch.com.br\/n\/uploads\/2018\/11\/7e70175c-indicadoreseconomicos-800x450.webp\" width=\"800\" height=\"450\" alt=\"A Seguir: Emprego no Brasil e Economia Americana\" fetchpriority=high \/>\n\t\t\t<\/picture>\n\n\t\t\t<figcaption class=\"wp-caption-text wp-caption-text--hide\"><\/figcaption>\n\t\t<\/figure>\n\t<\/div>\n\n<h2>O que deve movimentar a semana no Brasil<\/h2>\n\n<p>No cen\u00e1rio nacional a aproxima\u00e7\u00e3o do recesso parlamentar vai tornando cada vez mais invi\u00e1vel a possibilidade de aprova\u00e7\u00f5es de reformas relevantes para a economia ainda esse ano, deixando assim o cen\u00e1rio pol\u00edtico concentrado na forma\u00e7\u00e3o do time de transi\u00e7\u00e3o para o novo governo em 2019.<\/p>\n<hr \/>\n<p><strong>Anunciado futuro presidente do BC<\/strong><\/p>\n<p>Na semana passada foi anunciado que Roberto Campos Neto ser\u00e1 o novo presidente do BC e assumir\u00e1 o cargo durante o governo Bolsonaro.<\/p>\n<p>Apesar da expectativa existente pela manuten\u00e7\u00e3o de Ilan Goldfajn no cargo, a nomea\u00e7\u00e3o de Roberto Campos \u00e9 bem vista o que \u00e9 positivo para o mercado.<\/p>\n<p><a href=\"https:\/\/www.suno.com.br\/noticias\/presidente-do-bc-bolsonaro\/\">Presidente do BC no governo Bolsonaro \u00e9 anunciado &#8211; Saiba mais<\/a><\/p>\n<hr \/>\n<p><strong>Importantes dados econ\u00f4micos ser\u00e3o liberados\u00a0<\/strong><\/p>\n<p>Na sexta-feira tamb\u00e9m teremos a libera\u00e7\u00e3o dos dados de infla\u00e7\u00e3o mensal (IPC), e emprego (CAGED).<\/p>\n<p>Enquanto no caso da infla\u00e7\u00e3o mensal a relev\u00e2ncia a menos que haja uma grande surpresa em rela\u00e7\u00e3o ao consenso \u00e9 baixa, uma vez que pode ser influenciado por fatores n\u00e3o diretamente ligados a fundamentos econ\u00f4micos significativos no longo prazo, o \u00edndice de empregos \u00e9 de alta relev\u00e2ncia, pois \u00e9 um forte indicador do cen\u00e1rio econ\u00f4mico.<\/p>\n<p>Um \u00edndice em tend\u00eancia de alta demonstra recupera\u00e7\u00e3o econ\u00f4mica e crescimento, enquanto que uma queda ou resultados abaixo da expectativa pode significar um cen\u00e1rio mais desafiador do que o esperado para a economia do pa\u00eds.<\/p>\n<hr \/>\n<p><strong>Semana mais curta<\/strong><\/p>\n<p>Por fim, vale lembrar que o feriado do Dia da Consci\u00eancia Negra torna a semana da Bolsa mais curta (mercado fechado na ter\u00e7a-feira).<\/p>\n<hr \/>\n<h2>O que deve movimentar o mundo essa semana<\/h2>\n<p><strong>Guerra comercial entre EUA e CHINA continua<\/strong><\/p>\n<p>Em nossa vis\u00e3o global da semana os principais destaques ficam com os Estados Unidos e a China.<\/p>\n<p>A come\u00e7ar pelos poss\u00edveis desenvolvimentos da guerra tarif\u00e1ria entre os dois pa\u00edses que podem se desenrolar ao longo da pr\u00f3xima semana.<\/p>\n<p>Por um lado o presidente americano Donald Trump disse que pode n\u00e3o impor novas san\u00e7\u00f5es a Pequim ap\u00f3s receber uma lista com 142 itens com os quais a China se compromete para reduzir as tens\u00f5es entre os dois pa\u00edses.<\/p>\n<p>Por\u00e9m, Trump ressaltou que ainda existem 4 ou 5 itens importantes que foram deixados de fora na lista e que requerem mais conversas, deixando assim o mercado atento a poss\u00edveis desdobramentos da situa\u00e7\u00e3o.<\/p>\n<p>\u00c9 esperado que Trump se encontre com Xi Jinping (Presidente Chin\u00eas) no fim do m\u00eas durante o G20 na Argentina, por\u00e9m as expectativas a respeito da produtividade desse encontro s\u00e3o baixas.<\/p>\n<hr \/>\n<p><strong>FED indica poss\u00edvel fim da alta dos juros<\/strong><\/p>\n<p>Ainda sobre os EUA, na semana passada Richard Clarida, vice presidente do FED fez um importante discurso onde apontou que as expectativas de redu\u00e7\u00e3o do crescimento global, fazem com que uma faixa de juros neutra (que n\u00e3o estimula nem freia a economia) passa a fazer mais sentido, e que essa desacelera\u00e7\u00e3o deve afetar os EUA.<\/p>\n<p><a href=\"https:\/\/www.suno.com.br\/noticias\/global-vice-presidente-do-fed\/\">\u201cH\u00e1 ind\u00edcios de desacelera\u00e7\u00e3o global\u201d, diz vice-presidente do Fed &#8211; Saiba mais<\/a><\/p>\n<p>Considerando que essa faixa no cen\u00e1rio americano se situa em uma taxa entre 2,5 e 3,0 e que a atual taxa de juros est\u00e1 em 2,25 a fala \u00e9 um indicativo de que possivelmente teremos um novo aumento no curto prazo, mas ao mesmo, indica um fim do ciclo de altas com um teto, permitindo assim que o mercado se ajuste de forma mais suave aos cen\u00e1rios.<\/p>\n<hr \/>\n<p><strong>Indicadores econ\u00f4micos s\u00e3o destaques tamb\u00e9m nos EUA<\/strong><\/p>\n<p>Nessa semana tamb\u00e9m ser\u00e3o liberados alguns indicadores diretos e indiretos sobre a economia americana.<\/p>\n<p>Al\u00e9m de diversas varejistas como a Target, Best Buy e Wholesales anunciarem seus resultados trimestrais, dados sobre o mercado imobili\u00e1rio (Housing) e Bens Duraveis (Durable Goods) ser\u00e3o liberados.<\/p>\n<p>\u00c9 interessante notar que o mercado est\u00e1 apreensivo com o cen\u00e1rio de Housing nos EUA, que vem sofrendo com o aumento das taxas de Mortagage (financiamento imobili\u00e1rio) e redu\u00e7\u00e3o de oferta.<\/p>\n","protected":false},"excerpt":{"rendered":"<p>O que deve movimentar a semana no Brasil Recesso parlamentar mina chances de reformas ainda em 2018 O que deve movimentar a semana no Brasil No cen\u00e1rio nacional a aproxima\u00e7\u00e3o do recesso parlamentar vai tornando cada vez mais invi\u00e1vel a possibilidade de aprova\u00e7\u00f5es de reformas relevantes para a economia ainda esse ano, deixando assim o [&hellip;]<\/p>\n","protected":false},"author":2,"featured_media":6439,"comment_status":"closed","ping_status":"closed","sticky":false,"template":"","format":"standard","meta":[],"categories":[60],"tags":[309,711,724,740,793],"suno_strategy":[],"class_list":["post-6436","post","type-post","status-publish","format-standard","has-post-thumbnail","hentry","category-mercado","tag-bolsa-de-valores","tag-china","tag-donald-trump","tag-economia","tag-estados-unidos-eua"],"yoast_head":"<!-- This site is optimized with the Yoast SEO plugin v24.4 - https:\/\/yoast.com\/wordpress\/plugins\/seo\/ -->\n<title>A Seguir: Emprego no Brasil e Economia Americana<\/title>\n<meta name=\"robots\" content=\"index, follow, max-snippet:-1, max-image-preview:large, max-video-preview:-1\" \/>\n<link rel=\"canonical\" href=\"https:\/\/www.suno.com.br\/noticias\/a-seguir-emprego-no-brasil-e-economia-americana\/\" \/>\n<meta property=\"og:locale\" content=\"pt_BR\" \/>\n<meta property=\"og:type\" content=\"article\" \/>\n<meta property=\"og:title\" content=\"A Seguir: Emprego no Brasil e Economia Americana\" \/>\n<meta property=\"og:description\" content=\"O que deve movimentar a semana no Brasil Recesso parlamentar mina chances de reformas ainda em 2018 O que deve movimentar a semana no Brasil No cen\u00e1rio nacional a aproxima\u00e7\u00e3o do recesso parlamentar vai tornando cada vez mais invi\u00e1vel a possibilidade de aprova\u00e7\u00f5es de reformas relevantes para a economia ainda esse ano, deixando assim o [&hellip;]\" \/>\n<meta property=\"og:url\" content=\"https:\/\/www.suno.com.br\/noticias\/a-seguir-emprego-no-brasil-e-economia-americana\/\" \/>\n<meta property=\"og:site_name\" content=\"Suno Not\u00edcias\" \/>\n<meta property=\"article:publisher\" content=\"https:\/\/facebook.com\/sunoresearch\" \/>\n<meta property=\"article:author\" content=\"https:\/\/www.facebook.com\/joaovitor2763\" \/>\n<meta property=\"og:image\" content=\"https:\/\/files.sunoresearch.com.br\/n\/uploads\/2018\/11\/7e70175c-indicadoreseconomicos.jpg\" \/>\n\t<meta property=\"og:image:width\" content=\"1200\" \/>\n\t<meta property=\"og:image:height\" content=\"627\" \/>\n\t<meta property=\"og:image:type\" content=\"image\/jpeg\" \/>\n<meta name=\"author\" content=\"Jo\u00e3o Vitor Chaves Silva\" \/>\n<meta name=\"twitter:card\" content=\"summary_large_image\" \/>\n<meta name=\"twitter:creator\" content=\"@https:\/\/twitter.com\/joaovitor2763\" \/>\n<meta name=\"twitter:site\" content=\"@sunoresearch\" \/>\n<meta name=\"twitter:label1\" content=\"Escrito por\" \/>\n\t<meta name=\"twitter:data1\" content=\"Jo\u00e3o Vitor Chaves Silva\" \/>\n\t<meta name=\"twitter:label2\" content=\"Est. tempo de leitura\" \/>\n\t<meta name=\"twitter:data2\" content=\"3 minutos\" \/>\n<script type=\"application\/ld+json\" class=\"yoast-schema-graph\">{\"@context\":\"https:\/\/schema.org\",\"@graph\":[{\"@type\":\"NewsArticle\",\"@id\":\"https:\/\/www.suno.com.br\/noticias\/a-seguir-emprego-no-brasil-e-economia-americana\/#article\",\"isPartOf\":{\"@id\":\"https:\/\/www.suno.com.br\/noticias\/a-seguir-emprego-no-brasil-e-economia-americana\/\"},\"author\":{\"name\":\"Jo\u00e3o Vitor Chaves Silva\",\"@id\":\"https:\/\/www.suno.com.br\/noticias\/#\/schema\/person\/962c5e214a16b408badbd2e3e889decc\"},\"headline\":\"A Seguir: Emprego no Brasil e Economia Americana\",\"datePublished\":\"2018-11-18T15:14:30+00:00\",\"dateModified\":\"2021-02-18T20:56:15+00:00\",\"mainEntityOfPage\":{\"@id\":\"https:\/\/www.suno.com.br\/noticias\/a-seguir-emprego-no-brasil-e-economia-americana\/\"},\"wordCount\":699,\"publisher\":{\"@id\":\"https:\/\/www.suno.com.br\/noticias\/#organization\"},\"image\":{\"@id\":\"https:\/\/www.suno.com.br\/noticias\/a-seguir-emprego-no-brasil-e-economia-americana\/#primaryimage\"},\"thumbnailUrl\":\"https:\/\/files.sunoresearch.com.br\/n\/uploads\/2018\/11\/7e70175c-indicadoreseconomicos-jpg.webp\",\"keywords\":[\"Bolsa de Valores\",\"China\",\"Donald Trump\",\"Economia\",\"Estados Unidos (EUA)\"],\"articleSection\":[\"Mercado\"],\"inLanguage\":\"pt-BR\"},{\"@type\":\"WebPage\",\"@id\":\"https:\/\/www.suno.com.br\/noticias\/a-seguir-emprego-no-brasil-e-economia-americana\/\",\"url\":\"https:\/\/www.suno.com.br\/noticias\/a-seguir-emprego-no-brasil-e-economia-americana\/\",\"name\":\"A Seguir: Emprego no Brasil e Economia Americana\",\"isPartOf\":{\"@id\":\"https:\/\/www.suno.com.br\/noticias\/#website\"},\"primaryImageOfPage\":{\"@id\":\"https:\/\/www.suno.com.br\/noticias\/a-seguir-emprego-no-brasil-e-economia-americana\/#primaryimage\"},\"image\":{\"@id\":\"https:\/\/www.suno.com.br\/noticias\/a-seguir-emprego-no-brasil-e-economia-americana\/#primaryimage\"},\"thumbnailUrl\":\"https:\/\/files.sunoresearch.com.br\/n\/uploads\/2018\/11\/7e70175c-indicadoreseconomicos-jpg.webp\",\"datePublished\":\"2018-11-18T15:14:30+00:00\",\"dateModified\":\"2021-02-18T20:56:15+00:00\",\"breadcrumb\":{\"@id\":\"https:\/\/www.suno.com.br\/noticias\/a-seguir-emprego-no-brasil-e-economia-americana\/#breadcrumb\"},\"inLanguage\":\"pt-BR\",\"potentialAction\":[{\"@type\":\"ReadAction\",\"target\":[\"https:\/\/www.suno.com.br\/noticias\/a-seguir-emprego-no-brasil-e-economia-americana\/\"]}]},{\"@type\":\"ImageObject\",\"inLanguage\":\"pt-BR\",\"@id\":\"https:\/\/www.suno.com.br\/noticias\/a-seguir-emprego-no-brasil-e-economia-americana\/#primaryimage\",\"url\":\"https:\/\/files.sunoresearch.com.br\/n\/uploads\/2018\/11\/7e70175c-indicadoreseconomicos-jpg.webp\",\"contentUrl\":\"https:\/\/files.sunoresearch.com.br\/n\/uploads\/2018\/11\/7e70175c-indicadoreseconomicos-jpg.webp\",\"width\":1200,\"height\":627},{\"@type\":\"BreadcrumbList\",\"@id\":\"https:\/\/www.suno.com.br\/noticias\/a-seguir-emprego-no-brasil-e-economia-americana\/#breadcrumb\",\"itemListElement\":[{\"@type\":\"ListItem\",\"position\":1,\"name\":\"Not\u00edcias\",\"item\":\"https:\/\/www.suno.com.br\/noticias\/\"},{\"@type\":\"ListItem\",\"position\":2,\"name\":\"Mercado\",\"item\":\"https:\/\/www.suno.com.br\/noticias\/mercado\/\"},{\"@type\":\"ListItem\",\"position\":3,\"name\":\"A Seguir: Emprego no Brasil e Economia Americana\"}]},{\"@type\":\"WebSite\",\"@id\":\"https:\/\/www.suno.com.br\/noticias\/#website\",\"url\":\"https:\/\/www.suno.com.br\/noticias\/\",\"name\":\"Suno Not\u00edcias\",\"description\":\"Seu portal de informa\u00e7\u00e3o sobre o mundo dos investimentos\",\"publisher\":{\"@id\":\"https:\/\/www.suno.com.br\/noticias\/#organization\"},\"potentialAction\":[{\"@type\":\"SearchAction\",\"target\":{\"@type\":\"EntryPoint\",\"urlTemplate\":\"https:\/\/www.suno.com.br\/noticias\/?s={search_term_string}\"},\"query-input\":{\"@type\":\"PropertyValueSpecification\",\"valueRequired\":true,\"valueName\":\"search_term_string\"}}],\"inLanguage\":\"pt-BR\"},{\"@type\":\"Organization\",\"@id\":\"https:\/\/www.suno.com.br\/noticias\/#organization\",\"name\":\"Suno Not\u00edcias\",\"url\":\"https:\/\/www.suno.com.br\/noticias\/\",\"logo\":{\"@type\":\"ImageObject\",\"inLanguage\":\"pt-BR\",\"@id\":\"https:\/\/www.suno.com.br\/noticias\/#\/schema\/logo\/image\/\",\"url\":\"https:\/\/files.sunoresearch.com.br\/n\/uploads\/2021\/09\/suno-logo.png\",\"contentUrl\":\"https:\/\/files.sunoresearch.com.br\/n\/uploads\/2021\/09\/suno-logo.png\",\"width\":180,\"height\":180,\"caption\":\"Suno Not\u00edcias\"},\"image\":{\"@id\":\"https:\/\/www.suno.com.br\/noticias\/#\/schema\/logo\/image\/\"},\"sameAs\":[\"https:\/\/facebook.com\/sunoresearch\",\"https:\/\/x.com\/sunoresearch\",\"https:\/\/www.instagram.com\/suno\",\"https:\/\/www.linkedin.com\/company\/suno-research\/\",\"https:\/\/www.youtube.com\/c\/sunoresearch\"]},{\"@type\":\"Person\",\"@id\":\"https:\/\/www.suno.com.br\/noticias\/#\/schema\/person\/962c5e214a16b408badbd2e3e889decc\",\"name\":\"Jo\u00e3o Vitor Chaves Silva\",\"image\":{\"@type\":\"ImageObject\",\"inLanguage\":\"pt-BR\",\"@id\":\"https:\/\/www.suno.com.br\/noticias\/#\/schema\/person\/image\/\",\"url\":\"https:\/\/secure.gravatar.com\/avatar\/e2e62d3d83007a9c98150149e35d1c78?s=96&r=g\",\"contentUrl\":\"https:\/\/secure.gravatar.com\/avatar\/e2e62d3d83007a9c98150149e35d1c78?s=96&r=g\",\"caption\":\"Jo\u00e3o Vitor Chaves Silva\"},\"description\":\"Fundador do Empreenda Junto, 2\u00ba\u00a0Maior comunidade online de empreendedores do Brasil, 1\u00ba\u00a0Brasileiro e Pessoa mais jovem a receber o t\u00edtulo de Teacher Of New Ventures And Leadership pelo MIT GEB, COO da Suno Research.\",\"sameAs\":[\"https:\/\/www.suno.com.br\",\"https:\/\/www.facebook.com\/joaovitor2763\",\"https:\/\/x.com\/https:\/\/twitter.com\/joaovitor2763\"],\"url\":\"https:\/\/www.suno.com.br\/noticias\/author\/joao-vitor\/\"}]}<\/script>\n<!-- \/ Yoast SEO plugin. -->","yoast_head_json":{"title":"A Seguir: Emprego no Brasil e Economia Americana","robots":{"index":"index","follow":"follow","max-snippet":"max-snippet:-1","max-image-preview":"max-image-preview:large","max-video-preview":"max-video-preview:-1"},"canonical":"https:\/\/www.suno.com.br\/noticias\/a-seguir-emprego-no-brasil-e-economia-americana\/","og_locale":"pt_BR","og_type":"article","og_title":"A Seguir: Emprego no Brasil e Economia Americana","og_description":"O que deve movimentar a semana no Brasil Recesso parlamentar mina chances de reformas ainda em 2018 O que deve movimentar a semana no Brasil No cen\u00e1rio nacional a aproxima\u00e7\u00e3o do recesso parlamentar vai tornando cada vez mais invi\u00e1vel a possibilidade de aprova\u00e7\u00f5es de reformas relevantes para a economia ainda esse ano, deixando assim o [&hellip;]","og_url":"https:\/\/www.suno.com.br\/noticias\/a-seguir-emprego-no-brasil-e-economia-americana\/","og_site_name":"Suno Not\u00edcias","article_publisher":"https:\/\/facebook.com\/sunoresearch","article_author":"https:\/\/www.facebook.com\/joaovitor2763","og_image":[{"width":1200,"height":627,"url":"https:\/\/files.sunoresearch.com.br\/n\/uploads\/2018\/11\/7e70175c-indicadoreseconomicos.jpg","type":"image\/jpeg"}],"author":"Jo\u00e3o Vitor Chaves Silva","twitter_card":"summary_large_image","twitter_creator":"@https:\/\/twitter.com\/joaovitor2763","twitter_site":"@sunoresearch","twitter_misc":{"Escrito por":"Jo\u00e3o Vitor Chaves Silva","Est. tempo de leitura":"3 minutos"},"schema":{"@context":"https:\/\/schema.org","@graph":[{"@type":"NewsArticle","@id":"https:\/\/www.suno.com.br\/noticias\/a-seguir-emprego-no-brasil-e-economia-americana\/#article","isPartOf":{"@id":"https:\/\/www.suno.com.br\/noticias\/a-seguir-emprego-no-brasil-e-economia-americana\/"},"author":{"name":"Jo\u00e3o Vitor Chaves Silva","@id":"https:\/\/www.suno.com.br\/noticias\/#\/schema\/person\/962c5e214a16b408badbd2e3e889decc"},"headline":"A Seguir: Emprego no Brasil e Economia Americana","datePublished":"2018-11-18T15:14:30+00:00","dateModified":"2021-02-18T20:56:15+00:00","mainEntityOfPage":{"@id":"https:\/\/www.suno.com.br\/noticias\/a-seguir-emprego-no-brasil-e-economia-americana\/"},"wordCount":699,"publisher":{"@id":"https:\/\/www.suno.com.br\/noticias\/#organization"},"image":{"@id":"https:\/\/www.suno.com.br\/noticias\/a-seguir-emprego-no-brasil-e-economia-americana\/#primaryimage"},"thumbnailUrl":"https:\/\/files.sunoresearch.com.br\/n\/uploads\/2018\/11\/7e70175c-indicadoreseconomicos-jpg.webp","keywords":["Bolsa de Valores","China","Donald Trump","Economia","Estados Unidos (EUA)"],"articleSection":["Mercado"],"inLanguage":"pt-BR"},{"@type":"WebPage","@id":"https:\/\/www.suno.com.br\/noticias\/a-seguir-emprego-no-brasil-e-economia-americana\/","url":"https:\/\/www.suno.com.br\/noticias\/a-seguir-emprego-no-brasil-e-economia-americana\/","name":"A Seguir: Emprego no Brasil e Economia Americana","isPartOf":{"@id":"https:\/\/www.suno.com.br\/noticias\/#website"},"primaryImageOfPage":{"@id":"https:\/\/www.suno.com.br\/noticias\/a-seguir-emprego-no-brasil-e-economia-americana\/#primaryimage"},"image":{"@id":"https:\/\/www.suno.com.br\/noticias\/a-seguir-emprego-no-brasil-e-economia-americana\/#primaryimage"},"thumbnailUrl":"https:\/\/files.sunoresearch.com.br\/n\/uploads\/2018\/11\/7e70175c-indicadoreseconomicos-jpg.webp","datePublished":"2018-11-18T15:14:30+00:00","dateModified":"2021-02-18T20:56:15+00:00","breadcrumb":{"@id":"https:\/\/www.suno.com.br\/noticias\/a-seguir-emprego-no-brasil-e-economia-americana\/#breadcrumb"},"inLanguage":"pt-BR","potentialAction":[{"@type":"ReadAction","target":["https:\/\/www.suno.com.br\/noticias\/a-seguir-emprego-no-brasil-e-economia-americana\/"]}]},{"@type":"ImageObject","inLanguage":"pt-BR","@id":"https:\/\/www.suno.com.br\/noticias\/a-seguir-emprego-no-brasil-e-economia-americana\/#primaryimage","url":"https:\/\/files.sunoresearch.com.br\/n\/uploads\/2018\/11\/7e70175c-indicadoreseconomicos-jpg.webp","contentUrl":"https:\/\/files.sunoresearch.com.br\/n\/uploads\/2018\/11\/7e70175c-indicadoreseconomicos-jpg.webp","width":1200,"height":627},{"@type":"BreadcrumbList","@id":"https:\/\/www.suno.com.br\/noticias\/a-seguir-emprego-no-brasil-e-economia-americana\/#breadcrumb","itemListElement":[{"@type":"ListItem","position":1,"name":"Not\u00edcias","item":"https:\/\/www.suno.com.br\/noticias\/"},{"@type":"ListItem","position":2,"name":"Mercado","item":"https:\/\/www.suno.com.br\/noticias\/mercado\/"},{"@type":"ListItem","position":3,"name":"A Seguir: Emprego no Brasil e Economia Americana"}]},{"@type":"WebSite","@id":"https:\/\/www.suno.com.br\/noticias\/#website","url":"https:\/\/www.suno.com.br\/noticias\/","name":"Suno Not\u00edcias","description":"Seu portal de informa\u00e7\u00e3o sobre o mundo dos investimentos","publisher":{"@id":"https:\/\/www.suno.com.br\/noticias\/#organization"},"potentialAction":[{"@type":"SearchAction","target":{"@type":"EntryPoint","urlTemplate":"https:\/\/www.suno.com.br\/noticias\/?s={search_term_string}"},"query-input":{"@type":"PropertyValueSpecification","valueRequired":true,"valueName":"search_term_string"}}],"inLanguage":"pt-BR"},{"@type":"Organization","@id":"https:\/\/www.suno.com.br\/noticias\/#organization","name":"Suno Not\u00edcias","url":"https:\/\/www.suno.com.br\/noticias\/","logo":{"@type":"ImageObject","inLanguage":"pt-BR","@id":"https:\/\/www.suno.com.br\/noticias\/#\/schema\/logo\/image\/","url":"https:\/\/files.sunoresearch.com.br\/n\/uploads\/2021\/09\/suno-logo.png","contentUrl":"https:\/\/files.sunoresearch.com.br\/n\/uploads\/2021\/09\/suno-logo.png","width":180,"height":180,"caption":"Suno Not\u00edcias"},"image":{"@id":"https:\/\/www.suno.com.br\/noticias\/#\/schema\/logo\/image\/"},"sameAs":["https:\/\/facebook.com\/sunoresearch","https:\/\/x.com\/sunoresearch","https:\/\/www.instagram.com\/suno","https:\/\/www.linkedin.com\/company\/suno-research\/","https:\/\/www.youtube.com\/c\/sunoresearch"]},{"@type":"Person","@id":"https:\/\/www.suno.com.br\/noticias\/#\/schema\/person\/962c5e214a16b408badbd2e3e889decc","name":"Jo\u00e3o Vitor Chaves Silva","image":{"@type":"ImageObject","inLanguage":"pt-BR","@id":"https:\/\/www.suno.com.br\/noticias\/#\/schema\/person\/image\/","url":"https:\/\/secure.gravatar.com\/avatar\/e2e62d3d83007a9c98150149e35d1c78?s=96&r=g","contentUrl":"https:\/\/secure.gravatar.com\/avatar\/e2e62d3d83007a9c98150149e35d1c78?s=96&r=g","caption":"Jo\u00e3o Vitor Chaves Silva"},"description":"Fundador do Empreenda Junto, 2\u00ba\u00a0Maior comunidade online de empreendedores do Brasil, 1\u00ba\u00a0Brasileiro e Pessoa mais jovem a receber o t\u00edtulo de Teacher Of New Ventures And Leadership pelo MIT GEB, COO da Suno Research.","sameAs":["https:\/\/www.suno.com.br","https:\/\/www.facebook.com\/joaovitor2763","https:\/\/x.com\/https:\/\/twitter.com\/joaovitor2763"],"url":"https:\/\/www.suno.com.br\/noticias\/author\/joao-vitor\/"}]}},"default_loop_html":"<div class=\"cardsPage__listCard__boxs\"><div class=\"cardsPage__listCard__boxs__img\"><a href=\"https:\/\/www.suno.com.br\/noticias\/a-seguir-emprego-no-brasil-e-economia-americana\/\"><img class=\"mask\" src=\"https:\/\/www.suno.com.br\/noticias\/wp-content\/themes\/suno\/resources\/images\/spotlight\/spotlight1img\/bg-mask.png\" alt=\"Image Mask\"\/><img src=\"https:\/\/files.sunoresearch.com.br\/n\/uploads\/2018\/11\/7e70175c-indicadoreseconomicos-400x200.webp\" alt=\"A Seguir: Emprego no Brasil e Economia Americana\"\/><\/a><span class=\"spotlightCategory\"><a href=\"https:\/\/www.suno.com.br\/noticias\/mercado\/\">Mercado<\/a><\/span><\/div><div class=\"cardsPage__listCard__boxs__content\"><a href=\"https:\/\/www.suno.com.br\/noticias\/a-seguir-emprego-no-brasil-e-economia-americana\/\"><h2 class=\"content__title\">A Seguir: Emprego no Brasil e Economia Americana<\/h2><\/a><div class=\"newsContent__article__meta\"><div class=\"newsContent__article__meta__authorBox\"><a href=\"https:\/\/www.suno.com.br\/noticias\/author\/joao-vitor\/\" class=\"authorBox__avatar noMobi\"><img src=\"https:\/\/secure.gravatar.com\/avatar\/e2e62d3d83007a9c98150149e35d1c78?s=96&#038;r=g\" alt=\"Jo\u00e3o Vitor Chaves Silva\"><\/a><div class=\"authorBox__name\"><span>por\n\t\t\t<a href=\"https:\/\/www.suno.com.br\/noticias\/author\/joao-vitor\/\"><span itemprop=\"author\">Jo\u00e3o Vitor Chaves Silva<\/span><\/a><\/span><time datetime=\"2018-11-18T13:14:30-02:00\" itemprop=\"datePublished\">18\/11\/2018 13:14<\/time><\/div><\/div><\/div><\/div><\/div>","single_layout":"posts","amp_enabled":true,"_links":{"self":[{"href":"https:\/\/www.suno.com.br\/noticias\/wp-json\/wp\/v2\/posts\/6436"}],"collection":[{"href":"https:\/\/www.suno.com.br\/noticias\/wp-json\/wp\/v2\/posts"}],"about":[{"href":"https:\/\/www.suno.com.br\/noticias\/wp-json\/wp\/v2\/types\/post"}],"author":[{"embeddable":true,"href":"https:\/\/www.suno.com.br\/noticias\/wp-json\/wp\/v2\/users\/2"}],"replies":[{"embeddable":true,"href":"https:\/\/www.suno.com.br\/noticias\/wp-json\/wp\/v2\/comments?post=6436"}],"version-history":[{"count":0,"href":"https:\/\/www.suno.com.br\/noticias\/wp-json\/wp\/v2\/posts\/6436\/revisions"}],"wp:featuredmedia":[{"embeddable":true,"href":"https:\/\/www.suno.com.br\/noticias\/wp-json\/wp\/v2\/media\/6439"}],"wp:attachment":[{"href":"https:\/\/www.suno.com.br\/noticias\/wp-json\/wp\/v2\/media?parent=6436"}],"wp:term":[{"taxonomy":"category","embeddable":true,"href":"https:\/\/www.suno.com.br\/noticias\/wp-json\/wp\/v2\/categories?post=6436"},{"taxonomy":"post_tag","embeddable":true,"href":"https:\/\/www.suno.com.br\/noticias\/wp-json\/wp\/v2\/tags?post=6436"},{"taxonomy":"suno_strategy","embeddable":true,"href":"https:\/\/www.suno.com.br\/noticias\/wp-json\/wp\/v2\/suno_strategy?post=6436"}],"curies":[{"name":"wp","href":"https:\/\/api.w.org\/{rel}","templated":true}]}}