{"id":64328,"date":"2020-05-11T16:04:40","date_gmt":"2020-05-11T19:04:40","guid":{"rendered":"https:\/\/www.suno.com.br\/noticias\/?p=64328"},"modified":"2021-02-18T15:23:10","modified_gmt":"2021-02-18T18:23:10","slug":"itau-itub3-projeta-queda-de-45-no-pib-brasileiro","status":"publish","type":"post","link":"https:\/\/www.suno.com.br\/noticias\/itau-itub3-projeta-queda-de-45-no-pib-brasileiro\/","title":{"rendered":"Ita\u00fa (ITUB3) projeta queda de 4,5% no PIB brasileiro"},"content":{"rendered":"<p>O <a href=\"https:\/\/www.suno.com.br\/acoes\/itub3\/\"><strong>Ita\u00fa<\/strong> (ITUB3<\/a>; <a href=\"https:\/\/www.suno.com.br\/acoes\/itub4\/\">ITUB4<\/a>) informou nessa segunda-feira (11) atrav\u00e9s de um relat\u00f3rio, que prev\u00ea uma queda de 4,5% no <a href=\"https:\/\/www.suno.com.br\/artigos\/pib-produto-interno-bruto\/\">Produto Interno Bruto (PIB)<\/a> do Brasil em 2020. Anteriormente o banco j\u00e1 havia projetado uma queda de 2,5% do Produto.<\/p>\t<div class=\"wrapper-featured-image\">\n\t\t<figure class=\"spotlightImg\">\n\n\t\t\t<picture>\n\t\t\t\t<source media=\"(max-width: 768px)\" srcset=\"https:\/\/files.sunoresearch.com.br\/n\/uploads\/2019\/09\/e43f3119-itau-400x200.webp\">\n\t\t\t\t<img loading=\"lazy\" decoding=\"async\" class=\"newsContent__article__imgCapa lazyloadDisabled newsContent__article__imgCapa--noCaption\" src=\"https:\/\/files.sunoresearch.com.br\/n\/uploads\/2019\/09\/e43f3119-itau-800x450.webp\" width=\"800\" height=\"450\" alt=\"Ita\u00fa (ITUB3) projeta queda de 4,5% no PIB brasileiro\" fetchpriority=high \/>\n\t\t\t<\/picture>\n\n\t\t\t<figcaption class=\"wp-caption-text wp-caption-text--hide\">Destaques de empresas<\/figcaption>\n\t\t<\/figure>\n\t<\/div>\n\n\n\n<p>Para o primeiro trimestre do ano, o Ita\u00fa projeta uma contra\u00e7\u00e3o de 2,1% do <strong>PIB<\/strong>, ao passo que pra o segundo trimestre a previs\u00e3o \u00e9 de um resumo de 10,6%. Sobre o terceiro e quarto trimestres desse ano, o banco acredita em uma alta de 10,1% e 0,70% respectivamente.<\/p>\n<p><a href=\"https:\/\/lp.suno.com.br\/suno-one\/\">Na Suno One voc\u00ea aprende como fazer o seu dinheiro para trabalhar para voc\u00ea. Cadastre-se agora.<\/a><\/p>\n<p>De acordo com o banco, &#8220;a mudan\u00e7a foi causada por crescimento global mais baixo; propaga\u00e7\u00e3o do v\u00edrus [<strong>Coronav\u00edrus<\/strong> (Covid-19)] no Brasil ainda intensa e persistente; e expectativa de deteriora\u00e7\u00e3o do cen\u00e1rio fiscal no Brasil, que gera condi\u00e7\u00f5es financeiras menos estimulativas e reduz a capacidade da economia de retomar o crescimento depois que a epidemia passa&#8221;<\/p>\n<p>Al\u00e9m disso, a institui\u00e7\u00e3o monet\u00e1ria projetou uma eleva\u00e7\u00e3o na <a href=\"https:\/\/www.suno.com.br\/noticias\/tags\/taxa-de-desemprego\/\"><strong>taxa de desemprego<\/strong><\/a>, que passou de 12,6% para 14% no final de 2020. Para o final de 2021, a taxa aumentou de 12% para 13,7%.<\/p>\n<p>Em rela\u00e7\u00e3o ao <a href=\"https:\/\/www.suno.com.br\/artigos\/deficit-primario\/\"><strong>d\u00e9ficit prim\u00e1rio<\/strong><\/a> nesse ano, a institui\u00e7\u00e3o financeira projeta que ser\u00e1 de 10,2% do <strong>PIB<\/strong>, ou seja R$ 735 bilh\u00f5es, representando um aumento em rela\u00e7\u00e3o a proje\u00e7\u00e3o anterior, que era de 8% do PIB, ficando em R$ 590 bilh\u00f5es.<\/p>\n<p>Para o ano que vem, a proje\u00e7\u00e3o deficit\u00e1ria \u00e9 de 2,2% do Produto Interno Bruto, em 175 bilh\u00f5es, enquanto a previs\u00e3o anterior ficava em 0,8% do PIB, representando R$ 70 bilh\u00f5es.<\/p>\n<h2>Ita\u00fa prev\u00ea crescimento dos gastos sociais<\/h2>\n<p>Para o banco, os gastos sociais devem sofrer um crescimento de, aproximadamente, R$ 67 bilh\u00f5es em 2021. Frente a isso, a <strong><a href=\"https:\/\/www.suno.com.br\/artigos\/carga-tributaria\/\">carga tribut\u00e1ria<\/a><\/strong> deve aumentar 0,2% (R$ 20 bilh\u00f5es), com foco em impostos sobre <a href=\"https:\/\/www.suno.com.br\/artigos\/o-que-as-empresas-fazem-com-os-lucros\/\">lucro<\/a> de setores espec\u00edficos e de alta renda, para financiar parcialmente esses gastos.<\/p>\n<p>&#8220;O aumento de gastos sociais deve elevar o benef\u00edcio m\u00e9dio do <strong>Programa Bolsa Fam\u00edlia<\/strong> de R$ 200 para R$ 600 mensais e ser implementado por meio de um fundo fora do or\u00e7amento p\u00fablico, e n\u00e3o sujeito ao teto de gastos, de modo que todos os gastos prim\u00e1rios restantes continuar\u00e3o respeitando a regra fiscal&#8221;, informou atrav\u00e9s do relat\u00f3rio.<\/p>\n<p><a class=\"LinkSuggestion__Link-sc-1mdih4x-2 jZPuuT\" href=\"https:\/\/www.suno.com.br\/noticias\/itau-itub4-nao-e-claro-como-brasil-saira-crise\/\" target=\"_blank\" rel=\"noopener noreferrer\">Veja tamb\u00e9m: Ita\u00fa (ITUB4): N\u00e3o \u00e9 claro como o Brasil sair\u00e1 da crise, diz Setubal<\/a><\/p>\n<p>A <strong><a href=\"https:\/\/www.suno.com.br\/artigos\/divida-bruta\/\">d\u00edvida bruta<\/a><\/strong> deve chegar a 92% do PIB em 2020, e a 88% em 2021. As proje\u00e7\u00f5es do banco representam uma alta frente ao ano de 2019, quando a d\u00edvida bruta ficou em 76% do PIB. Segundo o banco, caso aconte\u00e7a uma piora fiscal, a retomada da economia e a sustentabilidade de taxas de juros minimas hist\u00f3ricas seriam ainda mais prejudicadas.<\/p>\n<p>Por fim, o <strong>Ita\u00fa<\/strong> indicou que &#8220;a piora em 2020 decorre principalmente da perspectiva de aumento de gastos para o combate aos impactos do <a href=\"https:\/\/www.suno.com.br\/noticias\/tags\/coronavirus\/\">coronav\u00edrus<\/a>, al\u00e9m da atividade econ\u00f4mica mais fraca&#8221;.<\/p>\n\n","protected":false},"excerpt":{"rendered":"<p>O Ita\u00fa (ITUB3; ITUB4) informou nessa segunda-feira (11) atrav\u00e9s de um relat\u00f3rio, que prev\u00ea uma queda de 4,5% no Produto Interno Bruto (PIB) do Brasil em 2020. Anteriormente o banco j\u00e1 havia projetado uma queda de 2,5% do Produto. Destaques de empresas Para o primeiro trimestre do ano, o Ita\u00fa projeta uma contra\u00e7\u00e3o de 2,1% [&hellip;]<\/p>\n","protected":false},"author":39,"featured_media":36372,"comment_status":"closed","ping_status":"closed","sticky":false,"template":"","format":"standard","meta":[],"categories":[62],"tags":[1296,519,807],"suno_strategy":[],"class_list":["post-64328","post","type-post","status-publish","format-standard","has-post-thumbnail","hentry","category-economia","tag-desemprego","tag-itau-unibanco-itub3-itub4","tag-produto-interno-bruto-pib"],"yoast_head":"<!-- This site is optimized with the Yoast SEO plugin v24.4 - https:\/\/yoast.com\/wordpress\/plugins\/seo\/ -->\n<title>Ita\u00fa (ITUB3) projeta queda de 4,5% no PIB brasileiro<\/title>\n<meta name=\"description\" content=\"O Ita\u00fa (ITUB3) informou nessa segunda-feira (11), que prev\u00ea uma queda de 4,5% no PIB brasileiro em 2020. Clique aqui para saber mais.\" \/>\n<meta name=\"robots\" content=\"index, follow, max-snippet:-1, max-image-preview:large, max-video-preview:-1\" \/>\n<link rel=\"canonical\" href=\"https:\/\/www.suno.com.br\/noticias\/itau-itub3-projeta-queda-de-45-no-pib-brasileiro\/\" \/>\n<meta property=\"og:locale\" content=\"pt_BR\" \/>\n<meta property=\"og:type\" content=\"article\" \/>\n<meta property=\"og:title\" content=\"Ita\u00fa (ITUB3) projeta queda de 4,5% no PIB brasileiro\" \/>\n<meta property=\"og:description\" content=\"O Ita\u00fa (ITUB3) informou nessa segunda-feira (11), que prev\u00ea uma queda de 4,5% no PIB brasileiro em 2020. Clique aqui para saber mais.\" \/>\n<meta property=\"og:url\" content=\"https:\/\/www.suno.com.br\/noticias\/itau-itub3-projeta-queda-de-45-no-pib-brasileiro\/\" \/>\n<meta property=\"og:site_name\" content=\"Suno Not\u00edcias\" \/>\n<meta property=\"article:publisher\" content=\"https:\/\/facebook.com\/sunoresearch\" \/>\n<meta property=\"og:image\" content=\"https:\/\/files.sunoresearch.com.br\/n\/uploads\/2019\/09\/e43f3119-itau.jpg\" \/>\n\t<meta property=\"og:image:width\" content=\"1024\" \/>\n\t<meta property=\"og:image:height\" content=\"768\" \/>\n\t<meta property=\"og:image:type\" content=\"image\/jpeg\" \/>\n<meta name=\"author\" content=\"Laura Moutinho\" \/>\n<meta name=\"twitter:card\" content=\"summary_large_image\" \/>\n<meta name=\"twitter:creator\" content=\"@sunoresearch\" \/>\n<meta name=\"twitter:site\" content=\"@sunoresearch\" \/>\n<meta name=\"twitter:label1\" content=\"Escrito por\" \/>\n\t<meta name=\"twitter:data1\" content=\"Laura Moutinho\" \/>\n\t<meta name=\"twitter:label2\" content=\"Est. tempo de leitura\" \/>\n\t<meta name=\"twitter:data2\" content=\"3 minutos\" \/>\n<script type=\"application\/ld+json\" class=\"yoast-schema-graph\">{\"@context\":\"https:\/\/schema.org\",\"@graph\":[{\"@type\":\"NewsArticle\",\"@id\":\"https:\/\/www.suno.com.br\/noticias\/itau-itub3-projeta-queda-de-45-no-pib-brasileiro\/#article\",\"isPartOf\":{\"@id\":\"https:\/\/www.suno.com.br\/noticias\/itau-itub3-projeta-queda-de-45-no-pib-brasileiro\/\"},\"author\":{\"name\":\"Laura Moutinho\",\"@id\":\"https:\/\/www.suno.com.br\/noticias\/#\/schema\/person\/3df0d2808748b74496efe5dbeaef2c72\"},\"headline\":\"Ita\u00fa (ITUB3) projeta queda de 4,5% no PIB brasileiro\",\"datePublished\":\"2020-05-11T19:04:40+00:00\",\"dateModified\":\"2021-02-18T18:23:10+00:00\",\"mainEntityOfPage\":{\"@id\":\"https:\/\/www.suno.com.br\/noticias\/itau-itub3-projeta-queda-de-45-no-pib-brasileiro\/\"},\"wordCount\":513,\"publisher\":{\"@id\":\"https:\/\/www.suno.com.br\/noticias\/#organization\"},\"image\":{\"@id\":\"https:\/\/www.suno.com.br\/noticias\/itau-itub3-projeta-queda-de-45-no-pib-brasileiro\/#primaryimage\"},\"thumbnailUrl\":\"https:\/\/files.sunoresearch.com.br\/n\/uploads\/2019\/09\/e43f3119-itau-jpg.webp\",\"keywords\":[\"Desemprego\",\"Ita\u00fa Unibanco (ITUB3\/ITUB4)\",\"Produto Interno Bruto (PIB)\"],\"articleSection\":[\"Economia\"],\"inLanguage\":\"pt-BR\"},{\"@type\":\"WebPage\",\"@id\":\"https:\/\/www.suno.com.br\/noticias\/itau-itub3-projeta-queda-de-45-no-pib-brasileiro\/\",\"url\":\"https:\/\/www.suno.com.br\/noticias\/itau-itub3-projeta-queda-de-45-no-pib-brasileiro\/\",\"name\":\"Ita\u00fa (ITUB3) projeta queda de 4,5% no PIB brasileiro\",\"isPartOf\":{\"@id\":\"https:\/\/www.suno.com.br\/noticias\/#website\"},\"primaryImageOfPage\":{\"@id\":\"https:\/\/www.suno.com.br\/noticias\/itau-itub3-projeta-queda-de-45-no-pib-brasileiro\/#primaryimage\"},\"image\":{\"@id\":\"https:\/\/www.suno.com.br\/noticias\/itau-itub3-projeta-queda-de-45-no-pib-brasileiro\/#primaryimage\"},\"thumbnailUrl\":\"https:\/\/files.sunoresearch.com.br\/n\/uploads\/2019\/09\/e43f3119-itau-jpg.webp\",\"datePublished\":\"2020-05-11T19:04:40+00:00\",\"dateModified\":\"2021-02-18T18:23:10+00:00\",\"description\":\"O Ita\u00fa (ITUB3) informou nessa segunda-feira (11), que prev\u00ea uma queda de 4,5% no PIB brasileiro em 2020. Clique aqui para saber mais.\",\"breadcrumb\":{\"@id\":\"https:\/\/www.suno.com.br\/noticias\/itau-itub3-projeta-queda-de-45-no-pib-brasileiro\/#breadcrumb\"},\"inLanguage\":\"pt-BR\",\"potentialAction\":[{\"@type\":\"ReadAction\",\"target\":[\"https:\/\/www.suno.com.br\/noticias\/itau-itub3-projeta-queda-de-45-no-pib-brasileiro\/\"]}]},{\"@type\":\"ImageObject\",\"inLanguage\":\"pt-BR\",\"@id\":\"https:\/\/www.suno.com.br\/noticias\/itau-itub3-projeta-queda-de-45-no-pib-brasileiro\/#primaryimage\",\"url\":\"https:\/\/files.sunoresearch.com.br\/n\/uploads\/2019\/09\/e43f3119-itau-jpg.webp\",\"contentUrl\":\"https:\/\/files.sunoresearch.com.br\/n\/uploads\/2019\/09\/e43f3119-itau-jpg.webp\",\"width\":1024,\"height\":768,\"caption\":\"Destaques de empresas\"},{\"@type\":\"BreadcrumbList\",\"@id\":\"https:\/\/www.suno.com.br\/noticias\/itau-itub3-projeta-queda-de-45-no-pib-brasileiro\/#breadcrumb\",\"itemListElement\":[{\"@type\":\"ListItem\",\"position\":1,\"name\":\"Not\u00edcias\",\"item\":\"https:\/\/www.suno.com.br\/noticias\/\"},{\"@type\":\"ListItem\",\"position\":2,\"name\":\"Economia\",\"item\":\"https:\/\/www.suno.com.br\/noticias\/economia\/\"},{\"@type\":\"ListItem\",\"position\":3,\"name\":\"Ita\u00fa (ITUB3) projeta queda de 4,5% no PIB brasileiro\"}]},{\"@type\":\"WebSite\",\"@id\":\"https:\/\/www.suno.com.br\/noticias\/#website\",\"url\":\"https:\/\/www.suno.com.br\/noticias\/\",\"name\":\"Suno Not\u00edcias\",\"description\":\"Seu portal de informa\u00e7\u00e3o sobre o mundo dos investimentos\",\"publisher\":{\"@id\":\"https:\/\/www.suno.com.br\/noticias\/#organization\"},\"potentialAction\":[{\"@type\":\"SearchAction\",\"target\":{\"@type\":\"EntryPoint\",\"urlTemplate\":\"https:\/\/www.suno.com.br\/noticias\/?s={search_term_string}\"},\"query-input\":{\"@type\":\"PropertyValueSpecification\",\"valueRequired\":true,\"valueName\":\"search_term_string\"}}],\"inLanguage\":\"pt-BR\"},{\"@type\":\"Organization\",\"@id\":\"https:\/\/www.suno.com.br\/noticias\/#organization\",\"name\":\"Suno Not\u00edcias\",\"url\":\"https:\/\/www.suno.com.br\/noticias\/\",\"logo\":{\"@type\":\"ImageObject\",\"inLanguage\":\"pt-BR\",\"@id\":\"https:\/\/www.suno.com.br\/noticias\/#\/schema\/logo\/image\/\",\"url\":\"https:\/\/files.sunoresearch.com.br\/n\/uploads\/2021\/09\/suno-logo.png\",\"contentUrl\":\"https:\/\/files.sunoresearch.com.br\/n\/uploads\/2021\/09\/suno-logo.png\",\"width\":180,\"height\":180,\"caption\":\"Suno Not\u00edcias\"},\"image\":{\"@id\":\"https:\/\/www.suno.com.br\/noticias\/#\/schema\/logo\/image\/\"},\"sameAs\":[\"https:\/\/facebook.com\/sunoresearch\",\"https:\/\/x.com\/sunoresearch\",\"https:\/\/www.instagram.com\/suno\",\"https:\/\/www.linkedin.com\/company\/suno-research\/\",\"https:\/\/www.youtube.com\/c\/sunoresearch\"]},{\"@type\":\"Person\",\"@id\":\"https:\/\/www.suno.com.br\/noticias\/#\/schema\/person\/3df0d2808748b74496efe5dbeaef2c72\",\"name\":\"Laura Moutinho\",\"image\":{\"@type\":\"ImageObject\",\"inLanguage\":\"pt-BR\",\"@id\":\"https:\/\/www.suno.com.br\/noticias\/#\/schema\/person\/image\/\",\"url\":\"https:\/\/secure.gravatar.com\/avatar\/7571c7c8ca3a6fca5e41384ece5557ff?s=96&r=g\",\"contentUrl\":\"https:\/\/secure.gravatar.com\/avatar\/7571c7c8ca3a6fca5e41384ece5557ff?s=96&r=g\",\"caption\":\"Laura Moutinho\"},\"description\":\"Estagi\u00e1ria na Suno Not\u00edcias, escreve not\u00edcias que afetam o mercado financeiro. Estuda administra\u00e7\u00e3o na Universidade Presbiteriana Mackenzie.\",\"url\":\"https:\/\/www.suno.com.br\/noticias\/author\/laura-moutinho\/\"}]}<\/script>\n<!-- \/ Yoast SEO plugin. -->","yoast_head_json":{"title":"Ita\u00fa (ITUB3) projeta queda de 4,5% no PIB brasileiro","description":"O Ita\u00fa (ITUB3) informou nessa segunda-feira (11), que prev\u00ea uma queda de 4,5% no PIB brasileiro em 2020. Clique aqui para saber mais.","robots":{"index":"index","follow":"follow","max-snippet":"max-snippet:-1","max-image-preview":"max-image-preview:large","max-video-preview":"max-video-preview:-1"},"canonical":"https:\/\/www.suno.com.br\/noticias\/itau-itub3-projeta-queda-de-45-no-pib-brasileiro\/","og_locale":"pt_BR","og_type":"article","og_title":"Ita\u00fa (ITUB3) projeta queda de 4,5% no PIB brasileiro","og_description":"O Ita\u00fa (ITUB3) informou nessa segunda-feira (11), que prev\u00ea uma queda de 4,5% no PIB brasileiro em 2020. Clique aqui para saber mais.","og_url":"https:\/\/www.suno.com.br\/noticias\/itau-itub3-projeta-queda-de-45-no-pib-brasileiro\/","og_site_name":"Suno Not\u00edcias","article_publisher":"https:\/\/facebook.com\/sunoresearch","og_image":[{"width":1024,"height":768,"url":"https:\/\/files.sunoresearch.com.br\/n\/uploads\/2019\/09\/e43f3119-itau.jpg","type":"image\/jpeg"}],"author":"Laura Moutinho","twitter_card":"summary_large_image","twitter_creator":"@sunoresearch","twitter_site":"@sunoresearch","twitter_misc":{"Escrito por":"Laura Moutinho","Est. tempo de leitura":"3 minutos"},"schema":{"@context":"https:\/\/schema.org","@graph":[{"@type":"NewsArticle","@id":"https:\/\/www.suno.com.br\/noticias\/itau-itub3-projeta-queda-de-45-no-pib-brasileiro\/#article","isPartOf":{"@id":"https:\/\/www.suno.com.br\/noticias\/itau-itub3-projeta-queda-de-45-no-pib-brasileiro\/"},"author":{"name":"Laura Moutinho","@id":"https:\/\/www.suno.com.br\/noticias\/#\/schema\/person\/3df0d2808748b74496efe5dbeaef2c72"},"headline":"Ita\u00fa (ITUB3) projeta queda de 4,5% no PIB brasileiro","datePublished":"2020-05-11T19:04:40+00:00","dateModified":"2021-02-18T18:23:10+00:00","mainEntityOfPage":{"@id":"https:\/\/www.suno.com.br\/noticias\/itau-itub3-projeta-queda-de-45-no-pib-brasileiro\/"},"wordCount":513,"publisher":{"@id":"https:\/\/www.suno.com.br\/noticias\/#organization"},"image":{"@id":"https:\/\/www.suno.com.br\/noticias\/itau-itub3-projeta-queda-de-45-no-pib-brasileiro\/#primaryimage"},"thumbnailUrl":"https:\/\/files.sunoresearch.com.br\/n\/uploads\/2019\/09\/e43f3119-itau-jpg.webp","keywords":["Desemprego","Ita\u00fa Unibanco (ITUB3\/ITUB4)","Produto Interno Bruto (PIB)"],"articleSection":["Economia"],"inLanguage":"pt-BR"},{"@type":"WebPage","@id":"https:\/\/www.suno.com.br\/noticias\/itau-itub3-projeta-queda-de-45-no-pib-brasileiro\/","url":"https:\/\/www.suno.com.br\/noticias\/itau-itub3-projeta-queda-de-45-no-pib-brasileiro\/","name":"Ita\u00fa (ITUB3) projeta queda de 4,5% no PIB brasileiro","isPartOf":{"@id":"https:\/\/www.suno.com.br\/noticias\/#website"},"primaryImageOfPage":{"@id":"https:\/\/www.suno.com.br\/noticias\/itau-itub3-projeta-queda-de-45-no-pib-brasileiro\/#primaryimage"},"image":{"@id":"https:\/\/www.suno.com.br\/noticias\/itau-itub3-projeta-queda-de-45-no-pib-brasileiro\/#primaryimage"},"thumbnailUrl":"https:\/\/files.sunoresearch.com.br\/n\/uploads\/2019\/09\/e43f3119-itau-jpg.webp","datePublished":"2020-05-11T19:04:40+00:00","dateModified":"2021-02-18T18:23:10+00:00","description":"O Ita\u00fa (ITUB3) informou nessa segunda-feira (11), que prev\u00ea uma queda de 4,5% no PIB brasileiro em 2020. Clique aqui para saber mais.","breadcrumb":{"@id":"https:\/\/www.suno.com.br\/noticias\/itau-itub3-projeta-queda-de-45-no-pib-brasileiro\/#breadcrumb"},"inLanguage":"pt-BR","potentialAction":[{"@type":"ReadAction","target":["https:\/\/www.suno.com.br\/noticias\/itau-itub3-projeta-queda-de-45-no-pib-brasileiro\/"]}]},{"@type":"ImageObject","inLanguage":"pt-BR","@id":"https:\/\/www.suno.com.br\/noticias\/itau-itub3-projeta-queda-de-45-no-pib-brasileiro\/#primaryimage","url":"https:\/\/files.sunoresearch.com.br\/n\/uploads\/2019\/09\/e43f3119-itau-jpg.webp","contentUrl":"https:\/\/files.sunoresearch.com.br\/n\/uploads\/2019\/09\/e43f3119-itau-jpg.webp","width":1024,"height":768,"caption":"Destaques de empresas"},{"@type":"BreadcrumbList","@id":"https:\/\/www.suno.com.br\/noticias\/itau-itub3-projeta-queda-de-45-no-pib-brasileiro\/#breadcrumb","itemListElement":[{"@type":"ListItem","position":1,"name":"Not\u00edcias","item":"https:\/\/www.suno.com.br\/noticias\/"},{"@type":"ListItem","position":2,"name":"Economia","item":"https:\/\/www.suno.com.br\/noticias\/economia\/"},{"@type":"ListItem","position":3,"name":"Ita\u00fa (ITUB3) projeta queda de 4,5% no PIB brasileiro"}]},{"@type":"WebSite","@id":"https:\/\/www.suno.com.br\/noticias\/#website","url":"https:\/\/www.suno.com.br\/noticias\/","name":"Suno Not\u00edcias","description":"Seu portal de informa\u00e7\u00e3o sobre o mundo dos investimentos","publisher":{"@id":"https:\/\/www.suno.com.br\/noticias\/#organization"},"potentialAction":[{"@type":"SearchAction","target":{"@type":"EntryPoint","urlTemplate":"https:\/\/www.suno.com.br\/noticias\/?s={search_term_string}"},"query-input":{"@type":"PropertyValueSpecification","valueRequired":true,"valueName":"search_term_string"}}],"inLanguage":"pt-BR"},{"@type":"Organization","@id":"https:\/\/www.suno.com.br\/noticias\/#organization","name":"Suno Not\u00edcias","url":"https:\/\/www.suno.com.br\/noticias\/","logo":{"@type":"ImageObject","inLanguage":"pt-BR","@id":"https:\/\/www.suno.com.br\/noticias\/#\/schema\/logo\/image\/","url":"https:\/\/files.sunoresearch.com.br\/n\/uploads\/2021\/09\/suno-logo.png","contentUrl":"https:\/\/files.sunoresearch.com.br\/n\/uploads\/2021\/09\/suno-logo.png","width":180,"height":180,"caption":"Suno Not\u00edcias"},"image":{"@id":"https:\/\/www.suno.com.br\/noticias\/#\/schema\/logo\/image\/"},"sameAs":["https:\/\/facebook.com\/sunoresearch","https:\/\/x.com\/sunoresearch","https:\/\/www.instagram.com\/suno","https:\/\/www.linkedin.com\/company\/suno-research\/","https:\/\/www.youtube.com\/c\/sunoresearch"]},{"@type":"Person","@id":"https:\/\/www.suno.com.br\/noticias\/#\/schema\/person\/3df0d2808748b74496efe5dbeaef2c72","name":"Laura Moutinho","image":{"@type":"ImageObject","inLanguage":"pt-BR","@id":"https:\/\/www.suno.com.br\/noticias\/#\/schema\/person\/image\/","url":"https:\/\/secure.gravatar.com\/avatar\/7571c7c8ca3a6fca5e41384ece5557ff?s=96&r=g","contentUrl":"https:\/\/secure.gravatar.com\/avatar\/7571c7c8ca3a6fca5e41384ece5557ff?s=96&r=g","caption":"Laura Moutinho"},"description":"Estagi\u00e1ria na Suno Not\u00edcias, escreve not\u00edcias que afetam o mercado financeiro. Estuda administra\u00e7\u00e3o na Universidade Presbiteriana Mackenzie.","url":"https:\/\/www.suno.com.br\/noticias\/author\/laura-moutinho\/"}]}},"default_loop_html":"<div class=\"cardsPage__listCard__boxs\"><div class=\"cardsPage__listCard__boxs__img\"><a href=\"https:\/\/www.suno.com.br\/noticias\/itau-itub3-projeta-queda-de-45-no-pib-brasileiro\/\"><img class=\"mask\" src=\"https:\/\/www.suno.com.br\/noticias\/wp-content\/themes\/suno\/resources\/images\/spotlight\/spotlight1img\/bg-mask.png\" alt=\"Image Mask\"\/><img src=\"https:\/\/files.sunoresearch.com.br\/n\/uploads\/2019\/09\/e43f3119-itau-400x200.webp\" alt=\"Ita\u00fa (ITUB3) projeta queda de 4,5% no PIB brasileiro\"\/><\/a><span class=\"spotlightCategory\"><a href=\"https:\/\/www.suno.com.br\/noticias\/economia\/\">Economia<\/a><\/span><\/div><div class=\"cardsPage__listCard__boxs__content\"><a href=\"https:\/\/www.suno.com.br\/noticias\/itau-itub3-projeta-queda-de-45-no-pib-brasileiro\/\"><h2 class=\"content__title\">Ita\u00fa (ITUB3) projeta queda de 4,5% no PIB brasileiro<\/h2><\/a><div class=\"newsContent__article__meta\"><div class=\"newsContent__article__meta__authorBox\"><a href=\"https:\/\/www.suno.com.br\/noticias\/author\/laura-moutinho\/\" class=\"authorBox__avatar noMobi\"><img src=\"https:\/\/files.sunoresearch.com.br\/n\/uploads\/2020\/08\/531ff69d-whatsapp-image-2020-08-03-at-14.54.38-150x150.webp\" alt=\"Laura Moutinho\"><\/a><div class=\"authorBox__name\"><span>por\n\t\t\t<a href=\"https:\/\/www.suno.com.br\/noticias\/author\/laura-moutinho\/\"><span itemprop=\"author\">Laura Moutinho<\/span><\/a><\/span><time datetime=\"2020-05-11T16:04:40-03:00\" itemprop=\"datePublished\">11\/05\/2020 16:04<\/time><\/div><\/div><\/div><\/div><\/div>","single_layout":"posts","amp_enabled":true,"_links":{"self":[{"href":"https:\/\/www.suno.com.br\/noticias\/wp-json\/wp\/v2\/posts\/64328"}],"collection":[{"href":"https:\/\/www.suno.com.br\/noticias\/wp-json\/wp\/v2\/posts"}],"about":[{"href":"https:\/\/www.suno.com.br\/noticias\/wp-json\/wp\/v2\/types\/post"}],"author":[{"embeddable":true,"href":"https:\/\/www.suno.com.br\/noticias\/wp-json\/wp\/v2\/users\/39"}],"replies":[{"embeddable":true,"href":"https:\/\/www.suno.com.br\/noticias\/wp-json\/wp\/v2\/comments?post=64328"}],"version-history":[{"count":0,"href":"https:\/\/www.suno.com.br\/noticias\/wp-json\/wp\/v2\/posts\/64328\/revisions"}],"wp:featuredmedia":[{"embeddable":true,"href":"https:\/\/www.suno.com.br\/noticias\/wp-json\/wp\/v2\/media\/36372"}],"wp:attachment":[{"href":"https:\/\/www.suno.com.br\/noticias\/wp-json\/wp\/v2\/media?parent=64328"}],"wp:term":[{"taxonomy":"category","embeddable":true,"href":"https:\/\/www.suno.com.br\/noticias\/wp-json\/wp\/v2\/categories?post=64328"},{"taxonomy":"post_tag","embeddable":true,"href":"https:\/\/www.suno.com.br\/noticias\/wp-json\/wp\/v2\/tags?post=64328"},{"taxonomy":"suno_strategy","embeddable":true,"href":"https:\/\/www.suno.com.br\/noticias\/wp-json\/wp\/v2\/suno_strategy?post=64328"}],"curies":[{"name":"wp","href":"https:\/\/api.w.org\/{rel}","templated":true}]}}