{"id":64275,"date":"2020-05-11T11:25:28","date_gmt":"2020-05-11T14:25:28","guid":{"rendered":"https:\/\/www.suno.com.br\/noticias\/?p=64275"},"modified":"2020-05-11T12:38:20","modified_gmt":"2020-05-11T15:38:20","slug":"azul-azul4-trafego-passageiros-menor-abril","status":"publish","type":"post","link":"https:\/\/www.suno.com.br\/noticias\/azul-azul4-trafego-passageiros-menor-abril\/","title":{"rendered":"Azul (AZUL4): em abril, demanda por voos caiu 90%"},"content":{"rendered":"<p>A <a href=\"https:\/\/www.suno.com.br\/acoes\/azul4\/\"><strong>Azul<\/strong> (AZUL4)<\/a> divulgou, na manh\u00e3 desta segunda-feira (11), as informa\u00e7\u00f5es de tr\u00e1fego referentes ao m\u00eas passado. A demanda total por voos da companhia, em RPK (indicador que traduz a porcentagem de passageiros por quil\u00f4metro transportado), recuou 90%, em compara\u00e7\u00e3o a abril de 2019.<\/p>\t<div class=\"wrapper-featured-image\">\n\t\t<figure class=\"spotlightImg\">\n\n\t\t\t<picture>\n\t\t\t\t<source media=\"(max-width: 768px)\" srcset=\"https:\/\/files.sunoresearch.com.br\/n\/uploads\/2020\/04\/ac0c1ea4-azul-400x200.webp\">\n\t\t\t\t<img loading=\"lazy\" decoding=\"async\" class=\"newsContent__article__imgCapa lazyloadDisabled newsContent__article__imgCapa--noCaption\" src=\"https:\/\/files.sunoresearch.com.br\/n\/uploads\/2020\/04\/ac0c1ea4-azul-800x450.webp\" width=\"800\" height=\"450\" alt=\"Azul (AZUL4): em abril, demanda por voos caiu 90%\" fetchpriority=high \/>\n\t\t\t<\/picture>\n\n\t\t\t<figcaption class=\"wp-caption-text wp-caption-text--hide\">A Agenda do Dia desta segunda destaca mais um dia cheio de resultados corporativos do terceiro trimestre, al\u00e9m da estreia do Pix.<\/figcaption>\n\t\t<\/figure>\n\t<\/div>\n\n\n\n<p>A capacidade, ou seja, a redu\u00e7\u00e3o de oferta, segundo a Azul, foi reduzida em 87,7%. Isso fez com que a ocupa\u00e7\u00e3o total ca\u00edsse para 68,8%, ante 84,4% durante o mesmo per\u00edodo do ano passado.<\/p>\n<p><a href=\"https:\/\/lp.suno.com.br\/suno-one\/\">Suno One: O primeiro passo para alcan\u00e7ar a sua independ\u00eancia financeira<\/a><\/p>\n<p>Dentre os mercados da Azul, a taxa de ocupa\u00e7\u00e3o no mercado dom\u00e9stico, de acordo com a companhia, foi de 69,8%, enquanto no mercado internacional foi de 64%. Em abril do ano passado, as taxas foram de 83,7% e 86,9%, respectivamente.<\/p>\n<p>\u201cDe 25 de mar\u00e7o a 30 de abril, operamos uma malha essencial com 70 voos diretos por dia para 25 cidades, representando uma redu\u00e7\u00e3o de 87% na capacidade dom\u00e9stica comparado com o ano passado. A taxa de ocupa\u00e7\u00e3o no mercado dom\u00e9stico foi em torno de 70%, o suficiente para compensar os custos vari\u00e1veis atrelados a essa malha essencial&#8221;, disse, em nota, o <a href=\"https:\/\/www.suno.com.br\/artigos\/ceo\/\">CEO da a\u00e9rea<\/a>, John Rodgerson.<\/p>\n<p>&#8220;Acreditamos que estamos pr\u00f3ximos a atingir um ponto de inflex\u00e3o na demanda e esperamos retornar gradualmente nossos voos nos pr\u00f3ximos meses\u201d, pontuou o executivo.<\/p>\n<h2>Azul enfrenta o coronav\u00edrus<\/h2>\n<p>A Azul, assim como outras companhias a\u00e9reas e fabricantes de aeronaves, vem sofrendo com os impactos da pandemia do <a href=\"https:\/\/www.suno.com.br\/noticias\/?s=coronavirus\">novo <strong>coronav\u00edrus<\/strong> (Covid-19)<\/a> em todo o mundo.<\/p>\n<p>Em meados do m\u00eas passado, a Azul confirmou, por meio de um comunicado, a contrata\u00e7\u00e3o de uma equipe de consultores da Galeazzi para auxiliar a minimizar os impactos da crise. Segundo a companhia, a consultoria ir\u00e1 atuar nas medidas j\u00e1 anunciadas, como a redu\u00e7\u00e3o da malha, corte salarial e o lan\u00e7amento de um programa de licen\u00e7a n\u00e3o remunerada, que conta com ades\u00e3o de 10 mil tripulantes.<\/p>\n<p>&#8220;Nos \u00faltimos 11 anos, n\u00f3s criamos um sustent\u00e1vel modelo de neg\u00f3cio, que possui uma vantagem competitiva \u00fanica e de longo prazo. Nosso foco agora \u00e9 aproveitar ao m\u00e1ximo essa vantagem competitiva e otimiz\u00e1-la para o mundo p\u00f3s-COVID-19, para que sejamos ainda mais eficientes, flex\u00edveis e bem posicionados para aproveitar as oportunidades futuras&#8221;. disse o diretor financeiro da Azul, Alex Malfitani.<\/p>\n<p>Na noite do \u00faltimo domingo (10), a <strong>Avianca Holdings<\/strong>, centen\u00e1ria e segunda maior companhia a\u00e9rea da Am\u00e9rica Latina, apresentou seu pedido de <a href=\"https:\/\/www.suno.com.br\/artigos\/recuperacao-judicial\/\">recupera\u00e7\u00e3o judicial<\/a> em Nova York. Segundo a ag\u00eancia de not\u00edcias &#8220;Reuters&#8221;, a d\u00edvida da empresa est\u00e1 estimada entre US$ 1 bilh\u00e3o e US$ 10 bilh\u00f5es.<\/p>\n<p><a href=\"https:\/\/www.suno.com.br\/noticias\/avianca-recuperacao-judicial-coronavirus\/\">Confira: Avianca pede recupera\u00e7\u00e3o judicial em meio \u00e0 crise do coronav\u00edrus<\/a><\/p>\n<p>A Avianca sentiu o peso das medidas de isolamento social, com o intuito de mitigar a dissemina\u00e7\u00e3o do coronav\u00edrus. Cerca de 80% da receita foi perdida desde mar\u00e7o, o que faz com que seus 20 mil funcion\u00e1rios estejam sem receber seus sal\u00e1rios deste ent\u00e3o.<\/p>\n<p><a href=\"https:\/\/www.suno.com.br\/noticias\/coronavirus-fara-setor-aereo-sofrer-ate-2023\/\">Segundo a Bain &amp; Company, gigante norte-americana do ramo de consultorias<\/a>, o setor a\u00e9reo dever\u00e1 sofrer os impactos negativos em sua cadeia, causados pela pandemia, at\u00e9 ao menos o fim de 2023, e com a <strong>Azul<\/strong> n\u00e3o dever\u00e1 ser diferente.<\/p>\n\n","protected":false},"excerpt":{"rendered":"<p>A Azul (AZUL4) divulgou, na manh\u00e3 desta segunda-feira (11), as informa\u00e7\u00f5es de tr\u00e1fego referentes ao m\u00eas passado. A demanda total por voos da companhia, em RPK (indicador que traduz a porcentagem de passageiros por quil\u00f4metro transportado), recuou 90%, em compara\u00e7\u00e3o a abril de 2019. A Agenda do Dia desta segunda destaca mais um dia cheio [&hellip;]<\/p>\n","protected":false},"author":24,"featured_media":61324,"comment_status":"closed","ping_status":"closed","sticky":false,"template":"","format":"standard","meta":[],"categories":[64],"tags":[106932,2487],"suno_strategy":[],"class_list":["post-64275","post","type-post","status-publish","format-standard","has-post-thumbnail","hentry","category-negocios","tag-azul-azul4","tag-coronavirus"],"yoast_head":"<!-- This site is optimized with the Yoast SEO plugin v24.4 - https:\/\/yoast.com\/wordpress\/plugins\/seo\/ -->\n<title>Azul (AZUL4): em abril, demanda por voos caiu 90%<\/title>\n<meta name=\"description\" content=\"A Azul divulgou, na manh\u00e3 desta segunda-feira (11), as informa\u00e7\u00f5es de tr\u00e1fego referentes ao m\u00eas passado. Clique aqui e saiba mais.\" \/>\n<meta name=\"robots\" content=\"index, follow, max-snippet:-1, max-image-preview:large, max-video-preview:-1\" \/>\n<link rel=\"canonical\" href=\"https:\/\/www.suno.com.br\/noticias\/azul-azul4-trafego-passageiros-menor-abril\/\" \/>\n<meta property=\"og:locale\" content=\"pt_BR\" \/>\n<meta property=\"og:type\" content=\"article\" \/>\n<meta property=\"og:title\" content=\"Azul (AZUL4): em abril, demanda por voos caiu 90%\" \/>\n<meta property=\"og:description\" content=\"A Azul divulgou, na manh\u00e3 desta segunda-feira (11), as informa\u00e7\u00f5es de tr\u00e1fego referentes ao m\u00eas passado. Clique aqui e saiba mais.\" \/>\n<meta property=\"og:url\" content=\"https:\/\/www.suno.com.br\/noticias\/azul-azul4-trafego-passageiros-menor-abril\/\" \/>\n<meta property=\"og:site_name\" content=\"Suno Not\u00edcias\" \/>\n<meta property=\"article:publisher\" content=\"https:\/\/facebook.com\/sunoresearch\" \/>\n<meta property=\"og:image\" content=\"https:\/\/files.sunoresearch.com.br\/n\/uploads\/2020\/04\/ac0c1ea4-azul.jpg\" \/>\n\t<meta property=\"og:image:width\" content=\"1200\" \/>\n\t<meta property=\"og:image:height\" content=\"800\" \/>\n\t<meta property=\"og:image:type\" content=\"image\/jpeg\" \/>\n<meta name=\"author\" content=\"Jader Lazarini\" \/>\n<meta name=\"twitter:card\" content=\"summary_large_image\" \/>\n<meta name=\"twitter:creator\" content=\"@sunoresearch\" \/>\n<meta name=\"twitter:site\" content=\"@sunoresearch\" \/>\n<meta name=\"twitter:label1\" content=\"Escrito por\" \/>\n\t<meta name=\"twitter:data1\" content=\"Jader Lazarini\" \/>\n\t<meta name=\"twitter:label2\" content=\"Est. tempo de leitura\" \/>\n\t<meta name=\"twitter:data2\" content=\"3 minutos\" \/>\n<script type=\"application\/ld+json\" class=\"yoast-schema-graph\">{\"@context\":\"https:\/\/schema.org\",\"@graph\":[{\"@type\":\"NewsArticle\",\"@id\":\"https:\/\/www.suno.com.br\/noticias\/azul-azul4-trafego-passageiros-menor-abril\/#article\",\"isPartOf\":{\"@id\":\"https:\/\/www.suno.com.br\/noticias\/azul-azul4-trafego-passageiros-menor-abril\/\"},\"author\":{\"name\":\"Jader Lazarini\",\"@id\":\"https:\/\/www.suno.com.br\/noticias\/#\/schema\/person\/918d79de1f0281f01599b93f9ea6e23f\"},\"headline\":\"Azul (AZUL4): em abril, demanda por voos caiu 90%\",\"datePublished\":\"2020-05-11T14:25:28+00:00\",\"dateModified\":\"2020-05-11T15:38:20+00:00\",\"mainEntityOfPage\":{\"@id\":\"https:\/\/www.suno.com.br\/noticias\/azul-azul4-trafego-passageiros-menor-abril\/\"},\"wordCount\":567,\"publisher\":{\"@id\":\"https:\/\/www.suno.com.br\/noticias\/#organization\"},\"image\":{\"@id\":\"https:\/\/www.suno.com.br\/noticias\/azul-azul4-trafego-passageiros-menor-abril\/#primaryimage\"},\"thumbnailUrl\":\"https:\/\/files.sunoresearch.com.br\/n\/uploads\/2020\/04\/ac0c1ea4-azul-jpg.webp\",\"keywords\":[\"Azul (AZUL4)\",\"coronav\u00edrus\"],\"articleSection\":[\"Neg\u00f3cios\"],\"inLanguage\":\"pt-BR\"},{\"@type\":\"WebPage\",\"@id\":\"https:\/\/www.suno.com.br\/noticias\/azul-azul4-trafego-passageiros-menor-abril\/\",\"url\":\"https:\/\/www.suno.com.br\/noticias\/azul-azul4-trafego-passageiros-menor-abril\/\",\"name\":\"Azul (AZUL4): em abril, demanda por voos caiu 90%\",\"isPartOf\":{\"@id\":\"https:\/\/www.suno.com.br\/noticias\/#website\"},\"primaryImageOfPage\":{\"@id\":\"https:\/\/www.suno.com.br\/noticias\/azul-azul4-trafego-passageiros-menor-abril\/#primaryimage\"},\"image\":{\"@id\":\"https:\/\/www.suno.com.br\/noticias\/azul-azul4-trafego-passageiros-menor-abril\/#primaryimage\"},\"thumbnailUrl\":\"https:\/\/files.sunoresearch.com.br\/n\/uploads\/2020\/04\/ac0c1ea4-azul-jpg.webp\",\"datePublished\":\"2020-05-11T14:25:28+00:00\",\"dateModified\":\"2020-05-11T15:38:20+00:00\",\"description\":\"A Azul divulgou, na manh\u00e3 desta segunda-feira (11), as informa\u00e7\u00f5es de tr\u00e1fego referentes ao m\u00eas passado. Clique aqui e saiba mais.\",\"breadcrumb\":{\"@id\":\"https:\/\/www.suno.com.br\/noticias\/azul-azul4-trafego-passageiros-menor-abril\/#breadcrumb\"},\"inLanguage\":\"pt-BR\",\"potentialAction\":[{\"@type\":\"ReadAction\",\"target\":[\"https:\/\/www.suno.com.br\/noticias\/azul-azul4-trafego-passageiros-menor-abril\/\"]}]},{\"@type\":\"ImageObject\",\"inLanguage\":\"pt-BR\",\"@id\":\"https:\/\/www.suno.com.br\/noticias\/azul-azul4-trafego-passageiros-menor-abril\/#primaryimage\",\"url\":\"https:\/\/files.sunoresearch.com.br\/n\/uploads\/2020\/04\/ac0c1ea4-azul-jpg.webp\",\"contentUrl\":\"https:\/\/files.sunoresearch.com.br\/n\/uploads\/2020\/04\/ac0c1ea4-azul-jpg.webp\",\"width\":1200,\"height\":800,\"caption\":\"A Agenda do Dia desta segunda destaca mais um dia cheio de resultados corporativos do terceiro trimestre, al\u00e9m da estreia do Pix.\"},{\"@type\":\"BreadcrumbList\",\"@id\":\"https:\/\/www.suno.com.br\/noticias\/azul-azul4-trafego-passageiros-menor-abril\/#breadcrumb\",\"itemListElement\":[{\"@type\":\"ListItem\",\"position\":1,\"name\":\"Not\u00edcias\",\"item\":\"https:\/\/www.suno.com.br\/noticias\/\"},{\"@type\":\"ListItem\",\"position\":2,\"name\":\"Neg\u00f3cios\",\"item\":\"https:\/\/www.suno.com.br\/noticias\/negocios\/\"},{\"@type\":\"ListItem\",\"position\":3,\"name\":\"Azul (AZUL4): em abril, demanda por voos caiu 90%\"}]},{\"@type\":\"WebSite\",\"@id\":\"https:\/\/www.suno.com.br\/noticias\/#website\",\"url\":\"https:\/\/www.suno.com.br\/noticias\/\",\"name\":\"Suno Not\u00edcias\",\"description\":\"Seu portal de informa\u00e7\u00e3o sobre o mundo dos investimentos\",\"publisher\":{\"@id\":\"https:\/\/www.suno.com.br\/noticias\/#organization\"},\"potentialAction\":[{\"@type\":\"SearchAction\",\"target\":{\"@type\":\"EntryPoint\",\"urlTemplate\":\"https:\/\/www.suno.com.br\/noticias\/?s={search_term_string}\"},\"query-input\":{\"@type\":\"PropertyValueSpecification\",\"valueRequired\":true,\"valueName\":\"search_term_string\"}}],\"inLanguage\":\"pt-BR\"},{\"@type\":\"Organization\",\"@id\":\"https:\/\/www.suno.com.br\/noticias\/#organization\",\"name\":\"Suno Not\u00edcias\",\"url\":\"https:\/\/www.suno.com.br\/noticias\/\",\"logo\":{\"@type\":\"ImageObject\",\"inLanguage\":\"pt-BR\",\"@id\":\"https:\/\/www.suno.com.br\/noticias\/#\/schema\/logo\/image\/\",\"url\":\"https:\/\/files.sunoresearch.com.br\/n\/uploads\/2021\/09\/suno-logo.png\",\"contentUrl\":\"https:\/\/files.sunoresearch.com.br\/n\/uploads\/2021\/09\/suno-logo.png\",\"width\":180,\"height\":180,\"caption\":\"Suno Not\u00edcias\"},\"image\":{\"@id\":\"https:\/\/www.suno.com.br\/noticias\/#\/schema\/logo\/image\/\"},\"sameAs\":[\"https:\/\/facebook.com\/sunoresearch\",\"https:\/\/x.com\/sunoresearch\",\"https:\/\/www.instagram.com\/suno\",\"https:\/\/www.linkedin.com\/company\/suno-research\/\",\"https:\/\/www.youtube.com\/c\/sunoresearch\"]},{\"@type\":\"Person\",\"@id\":\"https:\/\/www.suno.com.br\/noticias\/#\/schema\/person\/918d79de1f0281f01599b93f9ea6e23f\",\"name\":\"Jader Lazarini\",\"image\":{\"@type\":\"ImageObject\",\"inLanguage\":\"pt-BR\",\"@id\":\"https:\/\/www.suno.com.br\/noticias\/#\/schema\/person\/image\/\",\"url\":\"https:\/\/secure.gravatar.com\/avatar\/3c1ad8caa51589841baeb923fcddea97?s=96&r=g\",\"contentUrl\":\"https:\/\/secure.gravatar.com\/avatar\/3c1ad8caa51589841baeb923fcddea97?s=96&r=g\",\"caption\":\"Jader Lazarini\"},\"description\":\"Jader Lazarini escreve sobre investimentos, finan\u00e7as, economia e neg\u00f3cios. \u00c9 bacharel em Rela\u00e7\u00f5es Internacionais e analista CNPI (2619).\",\"url\":\"https:\/\/www.suno.com.br\/noticias\/author\/jader-lazarini\/\"}]}<\/script>\n<!-- \/ Yoast SEO plugin. -->","yoast_head_json":{"title":"Azul (AZUL4): em abril, demanda por voos caiu 90%","description":"A Azul divulgou, na manh\u00e3 desta segunda-feira (11), as informa\u00e7\u00f5es de tr\u00e1fego referentes ao m\u00eas passado. Clique aqui e saiba mais.","robots":{"index":"index","follow":"follow","max-snippet":"max-snippet:-1","max-image-preview":"max-image-preview:large","max-video-preview":"max-video-preview:-1"},"canonical":"https:\/\/www.suno.com.br\/noticias\/azul-azul4-trafego-passageiros-menor-abril\/","og_locale":"pt_BR","og_type":"article","og_title":"Azul (AZUL4): em abril, demanda por voos caiu 90%","og_description":"A Azul divulgou, na manh\u00e3 desta segunda-feira (11), as informa\u00e7\u00f5es de tr\u00e1fego referentes ao m\u00eas passado. Clique aqui e saiba mais.","og_url":"https:\/\/www.suno.com.br\/noticias\/azul-azul4-trafego-passageiros-menor-abril\/","og_site_name":"Suno Not\u00edcias","article_publisher":"https:\/\/facebook.com\/sunoresearch","og_image":[{"width":1200,"height":800,"url":"https:\/\/files.sunoresearch.com.br\/n\/uploads\/2020\/04\/ac0c1ea4-azul.jpg","type":"image\/jpeg"}],"author":"Jader Lazarini","twitter_card":"summary_large_image","twitter_creator":"@sunoresearch","twitter_site":"@sunoresearch","twitter_misc":{"Escrito por":"Jader Lazarini","Est. tempo de leitura":"3 minutos"},"schema":{"@context":"https:\/\/schema.org","@graph":[{"@type":"NewsArticle","@id":"https:\/\/www.suno.com.br\/noticias\/azul-azul4-trafego-passageiros-menor-abril\/#article","isPartOf":{"@id":"https:\/\/www.suno.com.br\/noticias\/azul-azul4-trafego-passageiros-menor-abril\/"},"author":{"name":"Jader Lazarini","@id":"https:\/\/www.suno.com.br\/noticias\/#\/schema\/person\/918d79de1f0281f01599b93f9ea6e23f"},"headline":"Azul (AZUL4): em abril, demanda por voos caiu 90%","datePublished":"2020-05-11T14:25:28+00:00","dateModified":"2020-05-11T15:38:20+00:00","mainEntityOfPage":{"@id":"https:\/\/www.suno.com.br\/noticias\/azul-azul4-trafego-passageiros-menor-abril\/"},"wordCount":567,"publisher":{"@id":"https:\/\/www.suno.com.br\/noticias\/#organization"},"image":{"@id":"https:\/\/www.suno.com.br\/noticias\/azul-azul4-trafego-passageiros-menor-abril\/#primaryimage"},"thumbnailUrl":"https:\/\/files.sunoresearch.com.br\/n\/uploads\/2020\/04\/ac0c1ea4-azul-jpg.webp","keywords":["Azul (AZUL4)","coronav\u00edrus"],"articleSection":["Neg\u00f3cios"],"inLanguage":"pt-BR"},{"@type":"WebPage","@id":"https:\/\/www.suno.com.br\/noticias\/azul-azul4-trafego-passageiros-menor-abril\/","url":"https:\/\/www.suno.com.br\/noticias\/azul-azul4-trafego-passageiros-menor-abril\/","name":"Azul (AZUL4): em abril, demanda por voos caiu 90%","isPartOf":{"@id":"https:\/\/www.suno.com.br\/noticias\/#website"},"primaryImageOfPage":{"@id":"https:\/\/www.suno.com.br\/noticias\/azul-azul4-trafego-passageiros-menor-abril\/#primaryimage"},"image":{"@id":"https:\/\/www.suno.com.br\/noticias\/azul-azul4-trafego-passageiros-menor-abril\/#primaryimage"},"thumbnailUrl":"https:\/\/files.sunoresearch.com.br\/n\/uploads\/2020\/04\/ac0c1ea4-azul-jpg.webp","datePublished":"2020-05-11T14:25:28+00:00","dateModified":"2020-05-11T15:38:20+00:00","description":"A Azul divulgou, na manh\u00e3 desta segunda-feira (11), as informa\u00e7\u00f5es de tr\u00e1fego referentes ao m\u00eas passado. Clique aqui e saiba mais.","breadcrumb":{"@id":"https:\/\/www.suno.com.br\/noticias\/azul-azul4-trafego-passageiros-menor-abril\/#breadcrumb"},"inLanguage":"pt-BR","potentialAction":[{"@type":"ReadAction","target":["https:\/\/www.suno.com.br\/noticias\/azul-azul4-trafego-passageiros-menor-abril\/"]}]},{"@type":"ImageObject","inLanguage":"pt-BR","@id":"https:\/\/www.suno.com.br\/noticias\/azul-azul4-trafego-passageiros-menor-abril\/#primaryimage","url":"https:\/\/files.sunoresearch.com.br\/n\/uploads\/2020\/04\/ac0c1ea4-azul-jpg.webp","contentUrl":"https:\/\/files.sunoresearch.com.br\/n\/uploads\/2020\/04\/ac0c1ea4-azul-jpg.webp","width":1200,"height":800,"caption":"A Agenda do Dia desta segunda destaca mais um dia cheio de resultados corporativos do terceiro trimestre, al\u00e9m da estreia do Pix."},{"@type":"BreadcrumbList","@id":"https:\/\/www.suno.com.br\/noticias\/azul-azul4-trafego-passageiros-menor-abril\/#breadcrumb","itemListElement":[{"@type":"ListItem","position":1,"name":"Not\u00edcias","item":"https:\/\/www.suno.com.br\/noticias\/"},{"@type":"ListItem","position":2,"name":"Neg\u00f3cios","item":"https:\/\/www.suno.com.br\/noticias\/negocios\/"},{"@type":"ListItem","position":3,"name":"Azul (AZUL4): em abril, demanda por voos caiu 90%"}]},{"@type":"WebSite","@id":"https:\/\/www.suno.com.br\/noticias\/#website","url":"https:\/\/www.suno.com.br\/noticias\/","name":"Suno Not\u00edcias","description":"Seu portal de informa\u00e7\u00e3o sobre o mundo dos investimentos","publisher":{"@id":"https:\/\/www.suno.com.br\/noticias\/#organization"},"potentialAction":[{"@type":"SearchAction","target":{"@type":"EntryPoint","urlTemplate":"https:\/\/www.suno.com.br\/noticias\/?s={search_term_string}"},"query-input":{"@type":"PropertyValueSpecification","valueRequired":true,"valueName":"search_term_string"}}],"inLanguage":"pt-BR"},{"@type":"Organization","@id":"https:\/\/www.suno.com.br\/noticias\/#organization","name":"Suno Not\u00edcias","url":"https:\/\/www.suno.com.br\/noticias\/","logo":{"@type":"ImageObject","inLanguage":"pt-BR","@id":"https:\/\/www.suno.com.br\/noticias\/#\/schema\/logo\/image\/","url":"https:\/\/files.sunoresearch.com.br\/n\/uploads\/2021\/09\/suno-logo.png","contentUrl":"https:\/\/files.sunoresearch.com.br\/n\/uploads\/2021\/09\/suno-logo.png","width":180,"height":180,"caption":"Suno Not\u00edcias"},"image":{"@id":"https:\/\/www.suno.com.br\/noticias\/#\/schema\/logo\/image\/"},"sameAs":["https:\/\/facebook.com\/sunoresearch","https:\/\/x.com\/sunoresearch","https:\/\/www.instagram.com\/suno","https:\/\/www.linkedin.com\/company\/suno-research\/","https:\/\/www.youtube.com\/c\/sunoresearch"]},{"@type":"Person","@id":"https:\/\/www.suno.com.br\/noticias\/#\/schema\/person\/918d79de1f0281f01599b93f9ea6e23f","name":"Jader Lazarini","image":{"@type":"ImageObject","inLanguage":"pt-BR","@id":"https:\/\/www.suno.com.br\/noticias\/#\/schema\/person\/image\/","url":"https:\/\/secure.gravatar.com\/avatar\/3c1ad8caa51589841baeb923fcddea97?s=96&r=g","contentUrl":"https:\/\/secure.gravatar.com\/avatar\/3c1ad8caa51589841baeb923fcddea97?s=96&r=g","caption":"Jader Lazarini"},"description":"Jader Lazarini escreve sobre investimentos, finan\u00e7as, economia e neg\u00f3cios. \u00c9 bacharel em Rela\u00e7\u00f5es Internacionais e analista CNPI (2619).","url":"https:\/\/www.suno.com.br\/noticias\/author\/jader-lazarini\/"}]}},"default_loop_html":"<div class=\"cardsPage__listCard__boxs\"><div class=\"cardsPage__listCard__boxs__img\"><a href=\"https:\/\/www.suno.com.br\/noticias\/azul-azul4-trafego-passageiros-menor-abril\/\"><img class=\"mask\" src=\"https:\/\/www.suno.com.br\/noticias\/wp-content\/themes\/suno\/resources\/images\/spotlight\/spotlight1img\/bg-mask.png\" alt=\"Image Mask\"\/><img src=\"https:\/\/files.sunoresearch.com.br\/n\/uploads\/2020\/04\/ac0c1ea4-azul-400x200.webp\" alt=\"Azul (AZUL4): em abril, demanda por voos caiu 90%\"\/><\/a><span class=\"spotlightCategory\"><a href=\"https:\/\/www.suno.com.br\/noticias\/negocios\/\">Neg\u00f3cios<\/a><\/span><\/div><div class=\"cardsPage__listCard__boxs__content\"><a href=\"https:\/\/www.suno.com.br\/noticias\/azul-azul4-trafego-passageiros-menor-abril\/\"><h2 class=\"content__title\">Azul (AZUL4): em abril, demanda por voos caiu 90%<\/h2><\/a><div class=\"newsContent__article__meta\"><div class=\"newsContent__article__meta__authorBox\"><a href=\"https:\/\/www.suno.com.br\/noticias\/author\/jader-lazarini\/\" class=\"authorBox__avatar noMobi\"><img src=\"https:\/\/files.sunoresearch.com.br\/n\/uploads\/2021\/01\/178e6598-foto-perfil-2-150x150.jpg\" alt=\"Jader Lazarini\"><\/a><div class=\"authorBox__name\"><span>por\n\t\t\t<a href=\"https:\/\/www.suno.com.br\/noticias\/author\/jader-lazarini\/\"><span itemprop=\"author\">Jader Lazarini<\/span><\/a><\/span><time datetime=\"2020-05-11T11:25:28-03:00\" itemprop=\"datePublished\">11\/05\/2020 11:25<\/time><\/div><\/div><\/div><\/div><\/div>","single_layout":"posts","amp_enabled":true,"_links":{"self":[{"href":"https:\/\/www.suno.com.br\/noticias\/wp-json\/wp\/v2\/posts\/64275"}],"collection":[{"href":"https:\/\/www.suno.com.br\/noticias\/wp-json\/wp\/v2\/posts"}],"about":[{"href":"https:\/\/www.suno.com.br\/noticias\/wp-json\/wp\/v2\/types\/post"}],"author":[{"embeddable":true,"href":"https:\/\/www.suno.com.br\/noticias\/wp-json\/wp\/v2\/users\/24"}],"replies":[{"embeddable":true,"href":"https:\/\/www.suno.com.br\/noticias\/wp-json\/wp\/v2\/comments?post=64275"}],"version-history":[{"count":0,"href":"https:\/\/www.suno.com.br\/noticias\/wp-json\/wp\/v2\/posts\/64275\/revisions"}],"wp:featuredmedia":[{"embeddable":true,"href":"https:\/\/www.suno.com.br\/noticias\/wp-json\/wp\/v2\/media\/61324"}],"wp:attachment":[{"href":"https:\/\/www.suno.com.br\/noticias\/wp-json\/wp\/v2\/media?parent=64275"}],"wp:term":[{"taxonomy":"category","embeddable":true,"href":"https:\/\/www.suno.com.br\/noticias\/wp-json\/wp\/v2\/categories?post=64275"},{"taxonomy":"post_tag","embeddable":true,"href":"https:\/\/www.suno.com.br\/noticias\/wp-json\/wp\/v2\/tags?post=64275"},{"taxonomy":"suno_strategy","embeddable":true,"href":"https:\/\/www.suno.com.br\/noticias\/wp-json\/wp\/v2\/suno_strategy?post=64275"}],"curies":[{"name":"wp","href":"https:\/\/api.w.org\/{rel}","templated":true}]}}