{"id":64086,"date":"2020-05-08T11:05:52","date_gmt":"2020-05-08T14:05:52","guid":{"rendered":"https:\/\/www.suno.com.br\/noticias\/?p=64086"},"modified":"2020-05-08T11:39:19","modified_gmt":"2020-05-08T14:39:19","slug":"desemprego-eua-maior-desde-crise-de-1929","status":"publish","type":"post","link":"https:\/\/www.suno.com.br\/noticias\/desemprego-eua-maior-desde-crise-de-1929\/","title":{"rendered":"Coronav\u00edrus: desemprego nos EUA dispara e chega a 14,7%"},"content":{"rendered":"<p>Impactada pela pandemia do novo <strong>coronav\u00edrus<\/strong> (Covid-19), a taxa de desemprego dos Estados Unidos atingiu 14,7% em abril, segundo as informa\u00e7\u00f5es divulgadas pelo Departamento do Trabalho nesta sexta-feira (8), frente a 4,4% em mar\u00e7o. Essa \u00e9 a maior taxa desde a <a href=\"https:\/\/www.suno.com.br\/artigos\/a-grande-depressao\/\">Grande Depress\u00e3o, ocasionada pela crise de 1929<\/a>.<\/p>\t<div class=\"wrapper-featured-image\">\n\t\t<figure class=\"spotlightImg\">\n\n\t\t\t<picture>\n\t\t\t\t<source media=\"(max-width: 768px)\" srcset=\"https:\/\/files.sunoresearch.com.br\/n\/uploads\/2020\/03\/7250113e-gettyimages-87228988-e1490701579694-400x200.webp\">\n\t\t\t\t<img loading=\"lazy\" decoding=\"async\" class=\"newsContent__article__imgCapa lazyloadDisabled newsContent__article__imgCapa--noCaption\" src=\"https:\/\/files.sunoresearch.com.br\/n\/uploads\/2020\/03\/7250113e-gettyimages-87228988-e1490701579694-800x450.webp\" width=\"800\" height=\"450\" alt=\"Coronav\u00edrus: desemprego nos EUA dispara e chega a 14,7%\" fetchpriority=high \/>\n\t\t\t<\/picture>\n\n\t\t\t<figcaption class=\"wp-caption-text wp-caption-text--hide\">Coronav\u00edrus: desemprego nos EUA dispara e chega a 14,7%<\/figcaption>\n\t\t<\/figure>\n\t<\/div>\n\n\n\n<p>O avan\u00e7o do desemprego no pa\u00eds, decorrente em grande parte pelo coronav\u00edrus, \u00e9 de aproximadamente o dobro do registrado entre 2007 e 2009, per\u00edodo em que a <a href=\"https:\/\/www.suno.com.br\/artigos\/crise-do-subprime\/\">crise do subprime<\/a> trazia suas consequ\u00eancias aos Estados Unidos e ao mundo.<\/p>\n<p><a href=\"https:\/\/lp.suno.com.br\/suno-one\/\">Na Suno One voc\u00ea aprende como fazer o seu dinheiro para trabalhar para voc\u00ea. Cadastre-se agora!<\/a><\/p>\n<p>Na crise deste ano, as medidas de conten\u00e7\u00e3o da dissemina\u00e7\u00e3o do v\u00edrus, autorizadas pelo presidente <a href=\"https:\/\/www.suno.com.br\/tudo-sobre\/donald-trump\/\"><strong>Donald Trump<\/strong><\/a> e lideradas l\u00edderes regionais, fizeram com que diversas empresas paralisassem suas opera\u00e7\u00f5es. Sem gerar receita, muitas empresas, para n\u00e3o quebrar, demitiram muitos funcion\u00e1rios.<\/p>\n<p>Segundo o jornal &#8220;Washington Post&#8221;, analistas relatam que poder\u00e1 levar anos para que o pa\u00eds retorne \u00e0 taxa de desemprego de 3,5% que o pa\u00eds tinha at\u00e9 fevereiro. A \u00faltima d\u00e9cada foi marcada por levar o pa\u00eds praticamente ao pleno emprego.<\/p>\n<p>Al\u00e9m disso, economistas dizem que a taxa reportada pelo governo subestima a amplitude das demiss\u00f5es pelo pa\u00eds. O pr\u00f3prio Departamento de Trabalho afirmou que a taxa seria de aproximadamente 20% se os trabalhadores que respoderam a pesquisa como ausentes do trabalho por &#8220;outras raz\u00f5es&#8221; tivessem sido classificados como desempregados ou que recebem algum tipo de benef\u00edcio governamental.<\/p>\n<p>A parada da atividade econ\u00f4mica for\u00e7ou milh\u00f5es de norte-americanos a recorrerem a pedidos de seguro-desempregos e aux\u00edlios governamentais. O <strong>International Revenue Service<\/strong>, \u00f3rg\u00e3o que equivalente \u00e0 Receita Federal nos Estados Unidos, est\u00e1 pagando US$ 1.200 (R$ 6.943) mensais a cidad\u00e3os com renda anual de at\u00e9 US$ 75 mil (R$ 433,9 mil) para combater a pandemia.<\/p>\n<p><a href=\"https:\/\/www.suno.com.br\/noticias\/china-e-eua-se-comprometem-com-a-primeira-fase-do-acordo-comercial\/\">Confira: China e EUA se comprometem com a primeira fase do acordo comercial<\/a><\/p>\n<p>&#8220;Isso \u00e9 assustador. Receio que muitos desses empregos n\u00e3o voltem e teremos uma taxa de desemprego de 10% at\u00e9 2021&#8221;, disse Lindsey Piegza, economista-chefe da Stifel ao &#8220;Washington Post&#8221;. Dentre os setores que mais perderam empregos est\u00e3o:<\/p>\n<ul>\n<li>Hospitalar (7,7 milh\u00f5es de empregos)<\/li>\n<li>Varejo (2,1 milh\u00f5es de empregos)<\/li>\n<li>Sa\u00fade (1,4 milh\u00e3o de empregos)<\/li>\n<li>Ind\u00fastria (1,3 milh\u00e3o de empregos)<\/li>\n<\/ul>\n<p>Embora os parlamentares democratas e republicanos tenham chegado a um acordo em liberar US$ 3 trilh\u00f5es em aux\u00edlio \u00e0 sociedade e a economia do pa\u00eds, esse valor demorou para chegar \u00e0 ponta. Segundo relatou o jornal da capital norte-americana, muitos ainda est\u00e3o lidando com sites desatualizados e linhas telef\u00f4nicas congestionadas em busca de alguma ajuda em meio ao desemprego.<\/p>\n<p>A situa\u00e7\u00e3o da maior economia do planeta poder\u00e1 ficar ainda pior. No primeiro trimestre deste ano, per\u00edodo parcialmente impactado pelo <strong>coronav\u00edrus<\/strong>, o <a href=\"https:\/\/www.suno.com.br\/artigos\/pib-produto-interno-bruto\/\">Produto Interno Bruto (PIB)<\/a> dos EUA recuou 4,8%. O <a href=\"https:\/\/www.suno.com.br\/artigos\/fed\/\">Federal Reserve (Fed)<\/a> j\u00e1 considera que o <a href=\"https:\/\/www.suno.com.br\/noticias\/estados-unidos-recessao-diz-fed\/\">pa\u00eds est\u00e1 em recess\u00e3o<\/a>.<\/p>\n\n","protected":false},"excerpt":{"rendered":"<p>Impactada pela pandemia do novo coronav\u00edrus (Covid-19), a taxa de desemprego dos Estados Unidos atingiu 14,7% em abril, segundo as informa\u00e7\u00f5es divulgadas pelo Departamento do Trabalho nesta sexta-feira (8), frente a 4,4% em mar\u00e7o. Essa \u00e9 a maior taxa desde a Grande Depress\u00e3o, ocasionada pela crise de 1929. Coronav\u00edrus: desemprego nos EUA dispara e chega [&hellip;]<\/p>\n","protected":false},"author":24,"featured_media":58958,"comment_status":"closed","ping_status":"closed","sticky":false,"template":"","format":"standard","meta":[],"categories":[63],"tags":[2487,1296,793],"suno_strategy":[],"class_list":["post-64086","post","type-post","status-publish","format-standard","has-post-thumbnail","hentry","category-internacional","tag-coronavirus","tag-desemprego","tag-estados-unidos-eua"],"yoast_head":"<!-- This site is optimized with the Yoast SEO plugin v24.4 - https:\/\/yoast.com\/wordpress\/plugins\/seo\/ -->\n<title>Coronav\u00edrus: desemprego nos EUA dispara e chega a 14,7%<\/title>\n<meta name=\"description\" content=\"De acordo com o Departamento do Trabalho dos Estados Unidos, a taxa de desemprego do pa\u00eds atingiu 14,7% em abril. Clique e saiba mais.\" \/>\n<meta name=\"robots\" content=\"index, follow, max-snippet:-1, max-image-preview:large, max-video-preview:-1\" \/>\n<link rel=\"canonical\" href=\"https:\/\/www.suno.com.br\/noticias\/desemprego-eua-maior-desde-crise-de-1929\/\" \/>\n<meta property=\"og:locale\" content=\"pt_BR\" \/>\n<meta property=\"og:type\" content=\"article\" \/>\n<meta property=\"og:title\" content=\"Coronav\u00edrus: desemprego nos EUA dispara e chega a 14,7%\" \/>\n<meta property=\"og:description\" content=\"De acordo com o Departamento do Trabalho dos Estados Unidos, a taxa de desemprego do pa\u00eds atingiu 14,7% em abril. Clique e saiba mais.\" \/>\n<meta property=\"og:url\" content=\"https:\/\/www.suno.com.br\/noticias\/desemprego-eua-maior-desde-crise-de-1929\/\" \/>\n<meta property=\"og:site_name\" content=\"Suno Not\u00edcias\" \/>\n<meta property=\"article:publisher\" content=\"https:\/\/facebook.com\/sunoresearch\" \/>\n<meta property=\"og:image\" content=\"https:\/\/files.sunoresearch.com.br\/n\/uploads\/2020\/03\/7250113e-gettyimages-87228988-e1490701579694.jpg\" \/>\n\t<meta property=\"og:image:width\" content=\"2962\" \/>\n\t<meta property=\"og:image:height\" content=\"1950\" \/>\n\t<meta property=\"og:image:type\" content=\"image\/jpeg\" \/>\n<meta name=\"author\" content=\"Jader Lazarini\" \/>\n<meta name=\"twitter:card\" content=\"summary_large_image\" \/>\n<meta name=\"twitter:creator\" content=\"@sunoresearch\" \/>\n<meta name=\"twitter:site\" content=\"@sunoresearch\" \/>\n<meta name=\"twitter:label1\" content=\"Escrito por\" \/>\n\t<meta name=\"twitter:data1\" content=\"Jader Lazarini\" \/>\n\t<meta name=\"twitter:label2\" content=\"Est. tempo de leitura\" \/>\n\t<meta name=\"twitter:data2\" content=\"2 minutos\" \/>\n<script type=\"application\/ld+json\" class=\"yoast-schema-graph\">{\"@context\":\"https:\/\/schema.org\",\"@graph\":[{\"@type\":\"NewsArticle\",\"@id\":\"https:\/\/www.suno.com.br\/noticias\/desemprego-eua-maior-desde-crise-de-1929\/#article\",\"isPartOf\":{\"@id\":\"https:\/\/www.suno.com.br\/noticias\/desemprego-eua-maior-desde-crise-de-1929\/\"},\"author\":{\"name\":\"Jader Lazarini\",\"@id\":\"https:\/\/www.suno.com.br\/noticias\/#\/schema\/person\/918d79de1f0281f01599b93f9ea6e23f\"},\"headline\":\"Coronav\u00edrus: desemprego nos EUA dispara e chega a 14,7%\",\"datePublished\":\"2020-05-08T14:05:52+00:00\",\"dateModified\":\"2020-05-08T14:39:19+00:00\",\"mainEntityOfPage\":{\"@id\":\"https:\/\/www.suno.com.br\/noticias\/desemprego-eua-maior-desde-crise-de-1929\/\"},\"wordCount\":507,\"publisher\":{\"@id\":\"https:\/\/www.suno.com.br\/noticias\/#organization\"},\"image\":{\"@id\":\"https:\/\/www.suno.com.br\/noticias\/desemprego-eua-maior-desde-crise-de-1929\/#primaryimage\"},\"thumbnailUrl\":\"https:\/\/files.sunoresearch.com.br\/n\/uploads\/2020\/03\/7250113e-gettyimages-87228988-e1490701579694-scaled.webp\",\"keywords\":[\"coronav\u00edrus\",\"Desemprego\",\"Estados Unidos (EUA)\"],\"articleSection\":[\"Internacional\"],\"inLanguage\":\"pt-BR\"},{\"@type\":\"WebPage\",\"@id\":\"https:\/\/www.suno.com.br\/noticias\/desemprego-eua-maior-desde-crise-de-1929\/\",\"url\":\"https:\/\/www.suno.com.br\/noticias\/desemprego-eua-maior-desde-crise-de-1929\/\",\"name\":\"Coronav\u00edrus: desemprego nos EUA dispara e chega a 14,7%\",\"isPartOf\":{\"@id\":\"https:\/\/www.suno.com.br\/noticias\/#website\"},\"primaryImageOfPage\":{\"@id\":\"https:\/\/www.suno.com.br\/noticias\/desemprego-eua-maior-desde-crise-de-1929\/#primaryimage\"},\"image\":{\"@id\":\"https:\/\/www.suno.com.br\/noticias\/desemprego-eua-maior-desde-crise-de-1929\/#primaryimage\"},\"thumbnailUrl\":\"https:\/\/files.sunoresearch.com.br\/n\/uploads\/2020\/03\/7250113e-gettyimages-87228988-e1490701579694-scaled.webp\",\"datePublished\":\"2020-05-08T14:05:52+00:00\",\"dateModified\":\"2020-05-08T14:39:19+00:00\",\"description\":\"De acordo com o Departamento do Trabalho dos Estados Unidos, a taxa de desemprego do pa\u00eds atingiu 14,7% em abril. Clique e saiba mais.\",\"breadcrumb\":{\"@id\":\"https:\/\/www.suno.com.br\/noticias\/desemprego-eua-maior-desde-crise-de-1929\/#breadcrumb\"},\"inLanguage\":\"pt-BR\",\"potentialAction\":[{\"@type\":\"ReadAction\",\"target\":[\"https:\/\/www.suno.com.br\/noticias\/desemprego-eua-maior-desde-crise-de-1929\/\"]}]},{\"@type\":\"ImageObject\",\"inLanguage\":\"pt-BR\",\"@id\":\"https:\/\/www.suno.com.br\/noticias\/desemprego-eua-maior-desde-crise-de-1929\/#primaryimage\",\"url\":\"https:\/\/files.sunoresearch.com.br\/n\/uploads\/2020\/03\/7250113e-gettyimages-87228988-e1490701579694-scaled.webp\",\"contentUrl\":\"https:\/\/files.sunoresearch.com.br\/n\/uploads\/2020\/03\/7250113e-gettyimages-87228988-e1490701579694-scaled.webp\",\"width\":2560,\"height\":1685,\"caption\":\"Coronav\u00edrus: desemprego nos EUA dispara e chega a 14,7%\"},{\"@type\":\"BreadcrumbList\",\"@id\":\"https:\/\/www.suno.com.br\/noticias\/desemprego-eua-maior-desde-crise-de-1929\/#breadcrumb\",\"itemListElement\":[{\"@type\":\"ListItem\",\"position\":1,\"name\":\"Not\u00edcias\",\"item\":\"https:\/\/www.suno.com.br\/noticias\/\"},{\"@type\":\"ListItem\",\"position\":2,\"name\":\"Internacional\",\"item\":\"https:\/\/www.suno.com.br\/noticias\/internacional\/\"},{\"@type\":\"ListItem\",\"position\":3,\"name\":\"Coronav\u00edrus: desemprego nos EUA dispara e chega a 14,7%\"}]},{\"@type\":\"WebSite\",\"@id\":\"https:\/\/www.suno.com.br\/noticias\/#website\",\"url\":\"https:\/\/www.suno.com.br\/noticias\/\",\"name\":\"Suno Not\u00edcias\",\"description\":\"Seu portal de informa\u00e7\u00e3o sobre o mundo dos investimentos\",\"publisher\":{\"@id\":\"https:\/\/www.suno.com.br\/noticias\/#organization\"},\"potentialAction\":[{\"@type\":\"SearchAction\",\"target\":{\"@type\":\"EntryPoint\",\"urlTemplate\":\"https:\/\/www.suno.com.br\/noticias\/?s={search_term_string}\"},\"query-input\":{\"@type\":\"PropertyValueSpecification\",\"valueRequired\":true,\"valueName\":\"search_term_string\"}}],\"inLanguage\":\"pt-BR\"},{\"@type\":\"Organization\",\"@id\":\"https:\/\/www.suno.com.br\/noticias\/#organization\",\"name\":\"Suno Not\u00edcias\",\"url\":\"https:\/\/www.suno.com.br\/noticias\/\",\"logo\":{\"@type\":\"ImageObject\",\"inLanguage\":\"pt-BR\",\"@id\":\"https:\/\/www.suno.com.br\/noticias\/#\/schema\/logo\/image\/\",\"url\":\"https:\/\/files.sunoresearch.com.br\/n\/uploads\/2021\/09\/suno-logo.png\",\"contentUrl\":\"https:\/\/files.sunoresearch.com.br\/n\/uploads\/2021\/09\/suno-logo.png\",\"width\":180,\"height\":180,\"caption\":\"Suno Not\u00edcias\"},\"image\":{\"@id\":\"https:\/\/www.suno.com.br\/noticias\/#\/schema\/logo\/image\/\"},\"sameAs\":[\"https:\/\/facebook.com\/sunoresearch\",\"https:\/\/x.com\/sunoresearch\",\"https:\/\/www.instagram.com\/suno\",\"https:\/\/www.linkedin.com\/company\/suno-research\/\",\"https:\/\/www.youtube.com\/c\/sunoresearch\"]},{\"@type\":\"Person\",\"@id\":\"https:\/\/www.suno.com.br\/noticias\/#\/schema\/person\/918d79de1f0281f01599b93f9ea6e23f\",\"name\":\"Jader Lazarini\",\"image\":{\"@type\":\"ImageObject\",\"inLanguage\":\"pt-BR\",\"@id\":\"https:\/\/www.suno.com.br\/noticias\/#\/schema\/person\/image\/\",\"url\":\"https:\/\/secure.gravatar.com\/avatar\/3c1ad8caa51589841baeb923fcddea97?s=96&r=g\",\"contentUrl\":\"https:\/\/secure.gravatar.com\/avatar\/3c1ad8caa51589841baeb923fcddea97?s=96&r=g\",\"caption\":\"Jader Lazarini\"},\"description\":\"Jader Lazarini escreve sobre investimentos, finan\u00e7as, economia e neg\u00f3cios. \u00c9 bacharel em Rela\u00e7\u00f5es Internacionais e analista CNPI (2619).\",\"url\":\"https:\/\/www.suno.com.br\/noticias\/author\/jader-lazarini\/\"}]}<\/script>\n<!-- \/ Yoast SEO plugin. -->","yoast_head_json":{"title":"Coronav\u00edrus: desemprego nos EUA dispara e chega a 14,7%","description":"De acordo com o Departamento do Trabalho dos Estados Unidos, a taxa de desemprego do pa\u00eds atingiu 14,7% em abril. Clique e saiba mais.","robots":{"index":"index","follow":"follow","max-snippet":"max-snippet:-1","max-image-preview":"max-image-preview:large","max-video-preview":"max-video-preview:-1"},"canonical":"https:\/\/www.suno.com.br\/noticias\/desemprego-eua-maior-desde-crise-de-1929\/","og_locale":"pt_BR","og_type":"article","og_title":"Coronav\u00edrus: desemprego nos EUA dispara e chega a 14,7%","og_description":"De acordo com o Departamento do Trabalho dos Estados Unidos, a taxa de desemprego do pa\u00eds atingiu 14,7% em abril. Clique e saiba mais.","og_url":"https:\/\/www.suno.com.br\/noticias\/desemprego-eua-maior-desde-crise-de-1929\/","og_site_name":"Suno Not\u00edcias","article_publisher":"https:\/\/facebook.com\/sunoresearch","og_image":[{"width":2962,"height":1950,"url":"https:\/\/files.sunoresearch.com.br\/n\/uploads\/2020\/03\/7250113e-gettyimages-87228988-e1490701579694.jpg","type":"image\/jpeg"}],"author":"Jader Lazarini","twitter_card":"summary_large_image","twitter_creator":"@sunoresearch","twitter_site":"@sunoresearch","twitter_misc":{"Escrito por":"Jader Lazarini","Est. tempo de leitura":"2 minutos"},"schema":{"@context":"https:\/\/schema.org","@graph":[{"@type":"NewsArticle","@id":"https:\/\/www.suno.com.br\/noticias\/desemprego-eua-maior-desde-crise-de-1929\/#article","isPartOf":{"@id":"https:\/\/www.suno.com.br\/noticias\/desemprego-eua-maior-desde-crise-de-1929\/"},"author":{"name":"Jader Lazarini","@id":"https:\/\/www.suno.com.br\/noticias\/#\/schema\/person\/918d79de1f0281f01599b93f9ea6e23f"},"headline":"Coronav\u00edrus: desemprego nos EUA dispara e chega a 14,7%","datePublished":"2020-05-08T14:05:52+00:00","dateModified":"2020-05-08T14:39:19+00:00","mainEntityOfPage":{"@id":"https:\/\/www.suno.com.br\/noticias\/desemprego-eua-maior-desde-crise-de-1929\/"},"wordCount":507,"publisher":{"@id":"https:\/\/www.suno.com.br\/noticias\/#organization"},"image":{"@id":"https:\/\/www.suno.com.br\/noticias\/desemprego-eua-maior-desde-crise-de-1929\/#primaryimage"},"thumbnailUrl":"https:\/\/files.sunoresearch.com.br\/n\/uploads\/2020\/03\/7250113e-gettyimages-87228988-e1490701579694-scaled.webp","keywords":["coronav\u00edrus","Desemprego","Estados Unidos (EUA)"],"articleSection":["Internacional"],"inLanguage":"pt-BR"},{"@type":"WebPage","@id":"https:\/\/www.suno.com.br\/noticias\/desemprego-eua-maior-desde-crise-de-1929\/","url":"https:\/\/www.suno.com.br\/noticias\/desemprego-eua-maior-desde-crise-de-1929\/","name":"Coronav\u00edrus: desemprego nos EUA dispara e chega a 14,7%","isPartOf":{"@id":"https:\/\/www.suno.com.br\/noticias\/#website"},"primaryImageOfPage":{"@id":"https:\/\/www.suno.com.br\/noticias\/desemprego-eua-maior-desde-crise-de-1929\/#primaryimage"},"image":{"@id":"https:\/\/www.suno.com.br\/noticias\/desemprego-eua-maior-desde-crise-de-1929\/#primaryimage"},"thumbnailUrl":"https:\/\/files.sunoresearch.com.br\/n\/uploads\/2020\/03\/7250113e-gettyimages-87228988-e1490701579694-scaled.webp","datePublished":"2020-05-08T14:05:52+00:00","dateModified":"2020-05-08T14:39:19+00:00","description":"De acordo com o Departamento do Trabalho dos Estados Unidos, a taxa de desemprego do pa\u00eds atingiu 14,7% em abril. Clique e saiba mais.","breadcrumb":{"@id":"https:\/\/www.suno.com.br\/noticias\/desemprego-eua-maior-desde-crise-de-1929\/#breadcrumb"},"inLanguage":"pt-BR","potentialAction":[{"@type":"ReadAction","target":["https:\/\/www.suno.com.br\/noticias\/desemprego-eua-maior-desde-crise-de-1929\/"]}]},{"@type":"ImageObject","inLanguage":"pt-BR","@id":"https:\/\/www.suno.com.br\/noticias\/desemprego-eua-maior-desde-crise-de-1929\/#primaryimage","url":"https:\/\/files.sunoresearch.com.br\/n\/uploads\/2020\/03\/7250113e-gettyimages-87228988-e1490701579694-scaled.webp","contentUrl":"https:\/\/files.sunoresearch.com.br\/n\/uploads\/2020\/03\/7250113e-gettyimages-87228988-e1490701579694-scaled.webp","width":2560,"height":1685,"caption":"Coronav\u00edrus: desemprego nos EUA dispara e chega a 14,7%"},{"@type":"BreadcrumbList","@id":"https:\/\/www.suno.com.br\/noticias\/desemprego-eua-maior-desde-crise-de-1929\/#breadcrumb","itemListElement":[{"@type":"ListItem","position":1,"name":"Not\u00edcias","item":"https:\/\/www.suno.com.br\/noticias\/"},{"@type":"ListItem","position":2,"name":"Internacional","item":"https:\/\/www.suno.com.br\/noticias\/internacional\/"},{"@type":"ListItem","position":3,"name":"Coronav\u00edrus: desemprego nos EUA dispara e chega a 14,7%"}]},{"@type":"WebSite","@id":"https:\/\/www.suno.com.br\/noticias\/#website","url":"https:\/\/www.suno.com.br\/noticias\/","name":"Suno Not\u00edcias","description":"Seu portal de informa\u00e7\u00e3o sobre o mundo dos investimentos","publisher":{"@id":"https:\/\/www.suno.com.br\/noticias\/#organization"},"potentialAction":[{"@type":"SearchAction","target":{"@type":"EntryPoint","urlTemplate":"https:\/\/www.suno.com.br\/noticias\/?s={search_term_string}"},"query-input":{"@type":"PropertyValueSpecification","valueRequired":true,"valueName":"search_term_string"}}],"inLanguage":"pt-BR"},{"@type":"Organization","@id":"https:\/\/www.suno.com.br\/noticias\/#organization","name":"Suno Not\u00edcias","url":"https:\/\/www.suno.com.br\/noticias\/","logo":{"@type":"ImageObject","inLanguage":"pt-BR","@id":"https:\/\/www.suno.com.br\/noticias\/#\/schema\/logo\/image\/","url":"https:\/\/files.sunoresearch.com.br\/n\/uploads\/2021\/09\/suno-logo.png","contentUrl":"https:\/\/files.sunoresearch.com.br\/n\/uploads\/2021\/09\/suno-logo.png","width":180,"height":180,"caption":"Suno Not\u00edcias"},"image":{"@id":"https:\/\/www.suno.com.br\/noticias\/#\/schema\/logo\/image\/"},"sameAs":["https:\/\/facebook.com\/sunoresearch","https:\/\/x.com\/sunoresearch","https:\/\/www.instagram.com\/suno","https:\/\/www.linkedin.com\/company\/suno-research\/","https:\/\/www.youtube.com\/c\/sunoresearch"]},{"@type":"Person","@id":"https:\/\/www.suno.com.br\/noticias\/#\/schema\/person\/918d79de1f0281f01599b93f9ea6e23f","name":"Jader Lazarini","image":{"@type":"ImageObject","inLanguage":"pt-BR","@id":"https:\/\/www.suno.com.br\/noticias\/#\/schema\/person\/image\/","url":"https:\/\/secure.gravatar.com\/avatar\/3c1ad8caa51589841baeb923fcddea97?s=96&r=g","contentUrl":"https:\/\/secure.gravatar.com\/avatar\/3c1ad8caa51589841baeb923fcddea97?s=96&r=g","caption":"Jader Lazarini"},"description":"Jader Lazarini escreve sobre investimentos, finan\u00e7as, economia e neg\u00f3cios. \u00c9 bacharel em Rela\u00e7\u00f5es Internacionais e analista CNPI (2619).","url":"https:\/\/www.suno.com.br\/noticias\/author\/jader-lazarini\/"}]}},"default_loop_html":"<div class=\"cardsPage__listCard__boxs\"><div class=\"cardsPage__listCard__boxs__img\"><a href=\"https:\/\/www.suno.com.br\/noticias\/desemprego-eua-maior-desde-crise-de-1929\/\"><img class=\"mask\" src=\"https:\/\/www.suno.com.br\/noticias\/wp-content\/themes\/suno\/resources\/images\/spotlight\/spotlight1img\/bg-mask.png\" alt=\"Image Mask\"\/><img src=\"https:\/\/files.sunoresearch.com.br\/n\/uploads\/2020\/03\/7250113e-gettyimages-87228988-e1490701579694-400x200.webp\" alt=\"Coronav\u00edrus: desemprego nos EUA dispara e chega a 14,7%\"\/><\/a><span class=\"spotlightCategory\"><a href=\"https:\/\/www.suno.com.br\/noticias\/internacional\/\">Internacional<\/a><\/span><\/div><div class=\"cardsPage__listCard__boxs__content\"><a href=\"https:\/\/www.suno.com.br\/noticias\/desemprego-eua-maior-desde-crise-de-1929\/\"><h2 class=\"content__title\">Coronav\u00edrus: desemprego nos EUA dispara e chega a 14,7%<\/h2><\/a><div class=\"newsContent__article__meta\"><div class=\"newsContent__article__meta__authorBox\"><a href=\"https:\/\/www.suno.com.br\/noticias\/author\/jader-lazarini\/\" class=\"authorBox__avatar noMobi\"><img src=\"https:\/\/files.sunoresearch.com.br\/n\/uploads\/2021\/01\/178e6598-foto-perfil-2-150x150.jpg\" alt=\"Jader Lazarini\"><\/a><div class=\"authorBox__name\"><span>por\n\t\t\t<a href=\"https:\/\/www.suno.com.br\/noticias\/author\/jader-lazarini\/\"><span itemprop=\"author\">Jader Lazarini<\/span><\/a><\/span><time datetime=\"2020-05-08T11:05:52-03:00\" itemprop=\"datePublished\">08\/05\/2020 11:05<\/time><\/div><\/div><\/div><\/div><\/div>","single_layout":"posts","amp_enabled":true,"_links":{"self":[{"href":"https:\/\/www.suno.com.br\/noticias\/wp-json\/wp\/v2\/posts\/64086"}],"collection":[{"href":"https:\/\/www.suno.com.br\/noticias\/wp-json\/wp\/v2\/posts"}],"about":[{"href":"https:\/\/www.suno.com.br\/noticias\/wp-json\/wp\/v2\/types\/post"}],"author":[{"embeddable":true,"href":"https:\/\/www.suno.com.br\/noticias\/wp-json\/wp\/v2\/users\/24"}],"replies":[{"embeddable":true,"href":"https:\/\/www.suno.com.br\/noticias\/wp-json\/wp\/v2\/comments?post=64086"}],"version-history":[{"count":0,"href":"https:\/\/www.suno.com.br\/noticias\/wp-json\/wp\/v2\/posts\/64086\/revisions"}],"wp:featuredmedia":[{"embeddable":true,"href":"https:\/\/www.suno.com.br\/noticias\/wp-json\/wp\/v2\/media\/58958"}],"wp:attachment":[{"href":"https:\/\/www.suno.com.br\/noticias\/wp-json\/wp\/v2\/media?parent=64086"}],"wp:term":[{"taxonomy":"category","embeddable":true,"href":"https:\/\/www.suno.com.br\/noticias\/wp-json\/wp\/v2\/categories?post=64086"},{"taxonomy":"post_tag","embeddable":true,"href":"https:\/\/www.suno.com.br\/noticias\/wp-json\/wp\/v2\/tags?post=64086"},{"taxonomy":"suno_strategy","embeddable":true,"href":"https:\/\/www.suno.com.br\/noticias\/wp-json\/wp\/v2\/suno_strategy?post=64086"}],"curies":[{"name":"wp","href":"https:\/\/api.w.org\/{rel}","templated":true}]}}