{"id":640237,"date":"2026-01-29T17:35:13","date_gmt":"2026-01-29T20:35:13","guid":{"rendered":"https:\/\/www.suno.com.br\/noticias\/escritorios-alto-padrao-sp-alta-ocupacao-2025\/"},"modified":"2026-01-29T17:35:13","modified_gmt":"2026-01-29T20:35:13","slug":"escritorios-alto-padrao-sp-alta-ocupacao-2025","status":"publish","type":"post","link":"https:\/\/www.suno.com.br\/noticias\/escritorios-alto-padrao-sp-alta-ocupacao-2025\/","title":{"rendered":"Aluguel de escrit\u00f3rios sobe 6% e ocupa\u00e7\u00e3o bate recorde em SP"},"content":{"rendered":"<p>O segmento de <strong>escrit\u00f3rios de alto padr\u00e3o<\/strong> em S\u00e3o Paulo acelerou em 2025, com alta de 6% nos valores de loca\u00e7\u00e3o e contratos acima de R$ 300 por metro quadrado. O movimento marca uma inflex\u00e3o ap\u00f3s anos de excesso de oferta, abrindo espa\u00e7o para renegocia\u00e7\u00f5es mais favor\u00e1veis aos propriet\u00e1rios e novas estrat\u00e9gias de ocupa\u00e7\u00e3o. Segundo o BTG Pactual, trata-se de uma mudan\u00e7a estrutural no ciclo imobili\u00e1rio corporativo da capital.<\/p>\t<div class=\"wrapper-featured-image\">\n\t\t<figure class=\"spotlightImg\">\n\n\t\t\t<picture>\n\t\t\t\t<source media=\"(max-width: 768px)\" srcset=\"https:\/\/files.sunoresearch.com.br\/n\/uploads\/2026\/01\/architecture-3928896_1280-400x200.webp\">\n\t\t\t\t<img loading=\"lazy\" decoding=\"async\" class=\"newsContent__article__imgCapa lazyloadDisabled \" src=\"https:\/\/files.sunoresearch.com.br\/n\/uploads\/2026\/01\/architecture-3928896_1280-800x450.webp\" width=\"800\" height=\"450\" alt=\"Aluguel de escrit\u00f3rios sobe 6% e ocupa\u00e7\u00e3o bate recorde em SP\" fetchpriority=high \/>\n\t\t\t<\/picture>\n\n\t\t\t<figcaption class=\"wp-caption-text wp-caption-text--show\">Com m\u00b2 acima de R$ 300, aluguel de escrit\u00f3rios sobe 6% em um ano em SP - Foto: Pixabay<\/figcaption>\n\t\t<\/figure>\n\t<\/div>\n\n\n<p>A retomada ganhou for\u00e7a ap\u00f3s o per\u00edodo p\u00f3s-crise sanit\u00e1ria, quando o estoque elevado pressionava pre\u00e7os e alongava prazos de vac\u00e2ncia. Hoje, a demanda se concentra em empreendimentos bem localizados, com especifica\u00e7\u00f5es t\u00e9cnicas superiores e <a class=\"suno-keyword\" target=\"_blank\" data-force=\"no\" data-priority=\"1\" href=\"https:\/\/www.suno.com.br\/artigos\/eficiencia-operacional\/\" rel=\"noopener\">efici\u00eancia operacional<\/a>. Nessas pra\u00e7as, os alugu\u00e9is j\u00e1 superam R$ 300\/m\u00b2, refletindo a corrida por ativos de padr\u00e3o AAA e consolidados em eixos de mobilidade.<\/p>\n\n\t<p>\n\t\t<a href=\"https:\/\/lp2.suno.com.br\/onde-investir-2026\/?utm_campaign=_SNC390A0FD0_ao&#038;utm_source=suno-not\u00edcias&#038;utm_medium=banner.noticias\" target=\"_blank\" data-element=\"shortcode-suno-banner\" title=\"Banner SUNO, clique e saiba mais\">\n\t\t\t<picture>\n\t\t\t\t<source media=\"(max-width: 500px)\" srcset=\"https:\/\/files.sunoresearch.com.br\/gaia\/uploads\/2026\/01\/Banner-Materias-01-Mbl_-400x300-1.png\">\n\t\t\t\t<img class=\"newsContent__article__imgCapa newsContent__article__imgCapa--banner\"\n\t\t\t\t\tsrc=\"https:\/\/files.sunoresearch.com.br\/gaia\/uploads\/2026\/01\/Banner-Materias-01-Dkp_-1420x240-1.png\"\n\t\t\t\t\tdata-promo-id=\"651623\"\t\t\t\t\t\t\t\t\t\twidth='1420' height='240'\t\t\t\t\talt=\"https:\/\/files.sunoresearch.com.br\/gaia\/uploads\/2026\/01\/Banner-Materias-01-Dkp_-1420x240-1.png\"\n\t\t\t\t>\n\t\t\t<\/picture>\n\t\t<\/a>\n\t<\/p>\n\n\n\n\n\n<p>Os <strong>pre\u00e7os dos alugu\u00e9is<\/strong> subiram 6% frente ao \u00faltimo trimestre de 2024, consolidando um ano de recupera\u00e7\u00e3o consistente. Esse avan\u00e7o acompanha a melhora na ocupa\u00e7\u00e3o, o retorno gradual das atividades presenciais e a readequa\u00e7\u00e3o de portf\u00f3lios corporativos. Para inquilinos, o cen\u00e1rio exige maior seletividade e negocia\u00e7\u00e3o antecipada em locais premium.<\/p>\n<p>Em 2025, a absor\u00e7\u00e3o l\u00edquida atingiu o maior n\u00edvel desde 2005, somando mais de 238 mil m\u00b2 ocupados de <strong>escrit\u00f3rios de alto padr\u00e3o em S\u00e3o Paulo<\/strong>. A melhora contribuiu para reduzir a <a class=\"suno-keyword\" target=\"_blank\" data-force=\"no\" data-priority=\"1\" href=\"https:\/\/www.suno.com.br\/artigos\/taxa-de-vacancia\/\" rel=\"noopener\"><strong>taxa de vac\u00e2ncia<\/strong><\/a> abaixo de 15% em \u00e1reas-chave, reaproximando o mercado dos indicadores pr\u00e9-<strong>pandemia<\/strong> e sustentando expectativas de novos reajustes seletivos.<\/p>\n\n\t<p>\n\t\t<a href=\"https:\/\/lp2.suno.com.br\/lm\/minicurso-construindo-um-portfolio-milionario\/?utm_campaign=_SNC35CF3834_ao&#038;utm_source=suno-not\u00edcias&#038;utm_medium=banner.noticias\" target=\"_blank\" data-element=\"shortcode-suno-banner\" title=\"Banner SUNO, clique e saiba mais\">\n\t\t\t<picture>\n\t\t\t\t<source media=\"(max-width: 500px)\" srcset=\"https:\/\/files.sunoresearch.com.br\/gaia\/uploads\/2026\/01\/MB-PS-HOME-DE-ARTIGOS-400x300-ID_01_x1.jpg\">\n\t\t\t\t<img class=\"newsContent__article__imgCapa newsContent__article__imgCapa--banner\"\n\t\t\t\t\tsrc=\"https:\/\/files.sunoresearch.com.br\/gaia\/uploads\/2026\/01\/DT-PS-HOME-DE-ARTIGOS-1420x240-ID_01_x1.jpg\"\n\t\t\t\t\tdata-promo-id=\"651626\"\t\t\t\t\t\t\t\t\t\twidth='1420' height='240'\t\t\t\t\talt=\"https:\/\/files.sunoresearch.com.br\/gaia\/uploads\/2026\/01\/DT-PS-HOME-DE-ARTIGOS-1420x240-ID_01_x1.jpg\"\n\t\t\t\t>\n\t\t\t<\/picture>\n\t\t<\/a>\n\t<\/p>\n\n\n\n\n\n<p>Investidores de fundos imobili\u00e1rios come\u00e7am a capturar parte desse ciclo. O <strong>mercado corporativo<\/strong> mostra avan\u00e7o em <strong>indicadores operacionais<\/strong>, com revis\u00f5es contratuais positivas, eleva\u00e7\u00e3o de ocupa\u00e7\u00e3o e menor press\u00e3o financeira, o que fortalece a <a class=\"suno-keyword\" target=\"_blank\" data-force=\"no\" data-priority=\"1\" href=\"https:\/\/www.suno.com.br\/artigos\/geracao-de-caixa\/\" rel=\"noopener\"><strong>gera\u00e7\u00e3o de caixa<\/strong><\/a>. Ainda assim, v\u00e1rias carteiras negociam com desconto frente ao <strong>valor patrimonial<\/strong>, criando oportunidades.<\/p>\n<p>O <strong>BTG Pactual<\/strong> destaca <strong>PVBI11<\/strong>, <strong>BRCR11<\/strong> e <strong>JSRE11<\/strong> pela liquidez e pre\u00e7os por m\u00b2 abaixo de transa\u00e7\u00f5es privadas. Mant\u00e9m compra para <strong>HGRE11<\/strong>, <strong>TEPP11<\/strong> e <strong>RCRB11<\/strong>, citando progresso de ocupa\u00e7\u00e3o e reajustes favor\u00e1veis em um ambiente de juros em queda. Para 2026, a institui\u00e7\u00e3o prev\u00ea continuidade da recupera\u00e7\u00e3o dos <strong>escrit\u00f3rios de alto padr\u00e3o<\/strong> e recomposi\u00e7\u00e3o de pre\u00e7os nas pra\u00e7as mais disputadas.<\/p>","protected":false},"excerpt":{"rendered":"<p>O segmento de escrit\u00f3rios de alto padr\u00e3o em S\u00e3o Paulo acelerou em 2025, com alta de 6% nos valores de loca\u00e7\u00e3o e contratos acima de R$ 300 por metro quadrado. O movimento marca uma inflex\u00e3o ap\u00f3s anos de excesso de oferta, abrindo espa\u00e7o para renegocia\u00e7\u00f5es mais favor\u00e1veis aos propriet\u00e1rios e novas estrat\u00e9gias de ocupa\u00e7\u00e3o. Segundo &hellip; Continued<\/p>\n","protected":false},"author":43,"featured_media":640238,"comment_status":"closed","ping_status":"closed","sticky":false,"template":"","format":"standard","meta":[],"categories":[66],"tags":[315,105501,106199,105500,105796],"suno_strategy":[],"class_list":["post-640237","post","type-post","status-publish","format-standard","has-post-thumbnail","hentry","category-fiis","tag-fundos-imobiliarios-fiis","tag-hgre11","tag-pvbi11","tag-rcrb11","tag-tepp11"],"yoast_head":"<!-- This site is optimized with the Yoast SEO plugin v24.4 - https:\/\/yoast.com\/wordpress\/plugins\/seo\/ -->\n<title>Escrit\u00f3rios de alto padr\u00e3o sobem 6% em SP<\/title>\n<meta name=\"description\" content=\"Alugu\u00e9is de alto padr\u00e3o em SP avan\u00e7am 6% em 2025, passam de R$ 300\/m\u00b2 e atingem maior ocupa\u00e7\u00e3o desde 2005, segundo BTG Pactual.\" \/>\n<meta name=\"robots\" content=\"index, follow, max-snippet:-1, max-image-preview:large, max-video-preview:-1\" \/>\n<link rel=\"canonical\" href=\"https:\/\/www.suno.com.br\/noticias\/escritorios-alto-padrao-sp-alta-ocupacao-2025\/\" \/>\n<meta property=\"og:locale\" content=\"pt_BR\" \/>\n<meta property=\"og:type\" content=\"article\" \/>\n<meta property=\"og:title\" content=\"Escrit\u00f3rios de alto padr\u00e3o sobem 6% em SP\" \/>\n<meta property=\"og:description\" content=\"Alugu\u00e9is de alto padr\u00e3o em SP avan\u00e7am 6% em 2025, passam de R$ 300\/m\u00b2 e atingem maior ocupa\u00e7\u00e3o desde 2005, segundo BTG Pactual.\" \/>\n<meta property=\"og:url\" content=\"https:\/\/www.suno.com.br\/noticias\/escritorios-alto-padrao-sp-alta-ocupacao-2025\/\" \/>\n<meta property=\"og:site_name\" content=\"Suno Not\u00edcias\" \/>\n<meta property=\"article:publisher\" content=\"https:\/\/facebook.com\/sunoresearch\" \/>\n<meta property=\"article:author\" content=\"https:\/\/www.facebook.com\/sunonoticias\/\" \/>\n<meta property=\"og:image\" content=\"http:\/\/files.sunoresearch.com.br\/n\/uploads\/2026\/01\/architecture-3928896_1280-jpg.webp\" \/>\n\t<meta property=\"og:image:width\" content=\"1280\" \/>\n\t<meta property=\"og:image:height\" content=\"853\" \/>\n\t<meta property=\"og:image:type\" content=\"image\/jpeg\" \/>\n<meta name=\"author\" content=\"Reda\u00e7\u00e3o Suno Not\u00edcias\" \/>\n<meta name=\"twitter:card\" content=\"summary_large_image\" \/>\n<meta name=\"twitter:creator\" content=\"@https:\/\/twitter.com\/sunoresearch\" \/>\n<meta name=\"twitter:site\" content=\"@sunoresearch\" \/>\n<meta name=\"twitter:label1\" content=\"Escrito por\" \/>\n\t<meta name=\"twitter:data1\" content=\"Reda\u00e7\u00e3o Suno Not\u00edcias\" \/>\n\t<meta name=\"twitter:label2\" content=\"Est. tempo de leitura\" \/>\n\t<meta name=\"twitter:data2\" content=\"2 minutos\" \/>\n<script type=\"application\/ld+json\" class=\"yoast-schema-graph\">{\"@context\":\"https:\/\/schema.org\",\"@graph\":[{\"@type\":\"NewsArticle\",\"@id\":\"https:\/\/www.suno.com.br\/noticias\/escritorios-alto-padrao-sp-alta-ocupacao-2025\/#article\",\"isPartOf\":{\"@id\":\"https:\/\/www.suno.com.br\/noticias\/escritorios-alto-padrao-sp-alta-ocupacao-2025\/\"},\"author\":{\"name\":\"Reda\u00e7\u00e3o Suno Not\u00edcias\",\"@id\":\"https:\/\/www.suno.com.br\/noticias\/#\/schema\/person\/c1b1bd3727fa852bd045e9dbff3673ea\"},\"headline\":\"Aluguel de escrit\u00f3rios sobe 6% e ocupa\u00e7\u00e3o bate recorde em SP\",\"datePublished\":\"2026-01-29T20:35:13+00:00\",\"mainEntityOfPage\":{\"@id\":\"https:\/\/www.suno.com.br\/noticias\/escritorios-alto-padrao-sp-alta-ocupacao-2025\/\"},\"wordCount\":416,\"publisher\":{\"@id\":\"https:\/\/www.suno.com.br\/noticias\/#organization\"},\"image\":{\"@id\":\"https:\/\/www.suno.com.br\/noticias\/escritorios-alto-padrao-sp-alta-ocupacao-2025\/#primaryimage\"},\"thumbnailUrl\":\"https:\/\/files.sunoresearch.com.br\/n\/uploads\/2026\/01\/architecture-3928896_1280-jpg.webp\",\"keywords\":[\"Fundos Imobili\u00e1rios (FIIs)\",\"HGRE11\",\"PVBI11\",\"RCRB11\",\"TEPP11\"],\"articleSection\":[\"FIIs\"],\"inLanguage\":\"pt-BR\"},{\"@type\":\"WebPage\",\"@id\":\"https:\/\/www.suno.com.br\/noticias\/escritorios-alto-padrao-sp-alta-ocupacao-2025\/\",\"url\":\"https:\/\/www.suno.com.br\/noticias\/escritorios-alto-padrao-sp-alta-ocupacao-2025\/\",\"name\":\"Escrit\u00f3rios de alto padr\u00e3o sobem 6% em SP\",\"isPartOf\":{\"@id\":\"https:\/\/www.suno.com.br\/noticias\/#website\"},\"primaryImageOfPage\":{\"@id\":\"https:\/\/www.suno.com.br\/noticias\/escritorios-alto-padrao-sp-alta-ocupacao-2025\/#primaryimage\"},\"image\":{\"@id\":\"https:\/\/www.suno.com.br\/noticias\/escritorios-alto-padrao-sp-alta-ocupacao-2025\/#primaryimage\"},\"thumbnailUrl\":\"https:\/\/files.sunoresearch.com.br\/n\/uploads\/2026\/01\/architecture-3928896_1280-jpg.webp\",\"datePublished\":\"2026-01-29T20:35:13+00:00\",\"description\":\"Alugu\u00e9is de alto padr\u00e3o em SP avan\u00e7am 6% em 2025, passam de R$ 300\/m\u00b2 e atingem maior ocupa\u00e7\u00e3o desde 2005, segundo BTG Pactual.\",\"breadcrumb\":{\"@id\":\"https:\/\/www.suno.com.br\/noticias\/escritorios-alto-padrao-sp-alta-ocupacao-2025\/#breadcrumb\"},\"inLanguage\":\"pt-BR\",\"potentialAction\":[{\"@type\":\"ReadAction\",\"target\":[\"https:\/\/www.suno.com.br\/noticias\/escritorios-alto-padrao-sp-alta-ocupacao-2025\/\"]}]},{\"@type\":\"ImageObject\",\"inLanguage\":\"pt-BR\",\"@id\":\"https:\/\/www.suno.com.br\/noticias\/escritorios-alto-padrao-sp-alta-ocupacao-2025\/#primaryimage\",\"url\":\"https:\/\/files.sunoresearch.com.br\/n\/uploads\/2026\/01\/architecture-3928896_1280-jpg.webp\",\"contentUrl\":\"https:\/\/files.sunoresearch.com.br\/n\/uploads\/2026\/01\/architecture-3928896_1280-jpg.webp\",\"width\":1280,\"height\":853,\"caption\":\"Com m\u00b2 acima de R$ 300, aluguel de escrit\u00f3rios sobe 6% em um ano em SP - Foto: Pixabay\"},{\"@type\":\"BreadcrumbList\",\"@id\":\"https:\/\/www.suno.com.br\/noticias\/escritorios-alto-padrao-sp-alta-ocupacao-2025\/#breadcrumb\",\"itemListElement\":[{\"@type\":\"ListItem\",\"position\":1,\"name\":\"Not\u00edcias\",\"item\":\"https:\/\/www.suno.com.br\/noticias\/\"},{\"@type\":\"ListItem\",\"position\":2,\"name\":\"Neg\u00f3cios\",\"item\":\"https:\/\/www.suno.com.br\/noticias\/negocios\/\"},{\"@type\":\"ListItem\",\"position\":3,\"name\":\"Aluguel de escrit\u00f3rios sobe 6% e ocupa\u00e7\u00e3o bate recorde em SP\"}]},{\"@type\":\"WebSite\",\"@id\":\"https:\/\/www.suno.com.br\/noticias\/#website\",\"url\":\"https:\/\/www.suno.com.br\/noticias\/\",\"name\":\"Suno Not\u00edcias\",\"description\":\"Seu portal de informa\u00e7\u00e3o sobre o mundo dos investimentos\",\"publisher\":{\"@id\":\"https:\/\/www.suno.com.br\/noticias\/#organization\"},\"potentialAction\":[{\"@type\":\"SearchAction\",\"target\":{\"@type\":\"EntryPoint\",\"urlTemplate\":\"https:\/\/www.suno.com.br\/noticias\/?s={search_term_string}\"},\"query-input\":{\"@type\":\"PropertyValueSpecification\",\"valueRequired\":true,\"valueName\":\"search_term_string\"}}],\"inLanguage\":\"pt-BR\"},{\"@type\":\"Organization\",\"@id\":\"https:\/\/www.suno.com.br\/noticias\/#organization\",\"name\":\"Suno Not\u00edcias\",\"url\":\"https:\/\/www.suno.com.br\/noticias\/\",\"logo\":{\"@type\":\"ImageObject\",\"inLanguage\":\"pt-BR\",\"@id\":\"https:\/\/www.suno.com.br\/noticias\/#\/schema\/logo\/image\/\",\"url\":\"https:\/\/files.sunoresearch.com.br\/n\/uploads\/2021\/09\/suno-logo.png\",\"contentUrl\":\"https:\/\/files.sunoresearch.com.br\/n\/uploads\/2021\/09\/suno-logo.png\",\"width\":180,\"height\":180,\"caption\":\"Suno Not\u00edcias\"},\"image\":{\"@id\":\"https:\/\/www.suno.com.br\/noticias\/#\/schema\/logo\/image\/\"},\"sameAs\":[\"https:\/\/facebook.com\/sunoresearch\",\"https:\/\/x.com\/sunoresearch\",\"https:\/\/www.instagram.com\/suno\",\"https:\/\/www.linkedin.com\/company\/suno-research\/\",\"https:\/\/www.youtube.com\/c\/sunoresearch\"]},{\"@type\":\"Person\",\"@id\":\"https:\/\/www.suno.com.br\/noticias\/#\/schema\/person\/c1b1bd3727fa852bd045e9dbff3673ea\",\"name\":\"Reda\u00e7\u00e3o Suno Not\u00edcias\",\"image\":{\"@type\":\"ImageObject\",\"inLanguage\":\"pt-BR\",\"@id\":\"https:\/\/www.suno.com.br\/noticias\/#\/schema\/person\/image\/\",\"url\":\"https:\/\/secure.gravatar.com\/avatar\/b8104b9b5a71985d5238ee59fbe418af?s=96&r=g\",\"contentUrl\":\"https:\/\/secure.gravatar.com\/avatar\/b8104b9b5a71985d5238ee59fbe418af?s=96&r=g\",\"caption\":\"Reda\u00e7\u00e3o Suno Not\u00edcias\"},\"description\":\"O Suno Not\u00edcias \u00e9 um portal de informa\u00e7\u00f5es sobre Mercado Financeiro, Pol\u00edtica, Neg\u00f3cios, Economia e Finan\u00e7as Pessoais.\",\"sameAs\":[\"https:\/\/www.suno.com.br\/noticias\",\"https:\/\/www.facebook.com\/sunonoticias\/\",\"https:\/\/www.instagram.com\/sunonoticias\/\",\"https:\/\/x.com\/https:\/\/twitter.com\/sunoresearch\",\"https:\/\/www.youtube.com\/sunonoticias\"],\"url\":\"https:\/\/www.suno.com.br\/noticias\/author\/redacao-suno\/\"}]}<\/script>\n<!-- \/ Yoast SEO plugin. -->","yoast_head_json":{"title":"Escrit\u00f3rios de alto padr\u00e3o sobem 6% em SP","description":"Alugu\u00e9is de alto padr\u00e3o em SP avan\u00e7am 6% em 2025, passam de R$ 300\/m\u00b2 e atingem maior ocupa\u00e7\u00e3o desde 2005, segundo BTG Pactual.","robots":{"index":"index","follow":"follow","max-snippet":"max-snippet:-1","max-image-preview":"max-image-preview:large","max-video-preview":"max-video-preview:-1"},"canonical":"https:\/\/www.suno.com.br\/noticias\/escritorios-alto-padrao-sp-alta-ocupacao-2025\/","og_locale":"pt_BR","og_type":"article","og_title":"Escrit\u00f3rios de alto padr\u00e3o sobem 6% em SP","og_description":"Alugu\u00e9is de alto padr\u00e3o em SP avan\u00e7am 6% em 2025, passam de R$ 300\/m\u00b2 e atingem maior ocupa\u00e7\u00e3o desde 2005, segundo BTG Pactual.","og_url":"https:\/\/www.suno.com.br\/noticias\/escritorios-alto-padrao-sp-alta-ocupacao-2025\/","og_site_name":"Suno Not\u00edcias","article_publisher":"https:\/\/facebook.com\/sunoresearch","article_author":"https:\/\/www.facebook.com\/sunonoticias\/","og_image":[{"width":1280,"height":853,"url":"http:\/\/files.sunoresearch.com.br\/n\/uploads\/2026\/01\/architecture-3928896_1280-jpg.webp","type":"image\/jpeg"}],"author":"Reda\u00e7\u00e3o Suno Not\u00edcias","twitter_card":"summary_large_image","twitter_creator":"@https:\/\/twitter.com\/sunoresearch","twitter_site":"@sunoresearch","twitter_misc":{"Escrito por":"Reda\u00e7\u00e3o Suno Not\u00edcias","Est. tempo de leitura":"2 minutos"},"schema":{"@context":"https:\/\/schema.org","@graph":[{"@type":"NewsArticle","@id":"https:\/\/www.suno.com.br\/noticias\/escritorios-alto-padrao-sp-alta-ocupacao-2025\/#article","isPartOf":{"@id":"https:\/\/www.suno.com.br\/noticias\/escritorios-alto-padrao-sp-alta-ocupacao-2025\/"},"author":{"name":"Reda\u00e7\u00e3o Suno Not\u00edcias","@id":"https:\/\/www.suno.com.br\/noticias\/#\/schema\/person\/c1b1bd3727fa852bd045e9dbff3673ea"},"headline":"Aluguel de escrit\u00f3rios sobe 6% e ocupa\u00e7\u00e3o bate recorde em SP","datePublished":"2026-01-29T20:35:13+00:00","mainEntityOfPage":{"@id":"https:\/\/www.suno.com.br\/noticias\/escritorios-alto-padrao-sp-alta-ocupacao-2025\/"},"wordCount":416,"publisher":{"@id":"https:\/\/www.suno.com.br\/noticias\/#organization"},"image":{"@id":"https:\/\/www.suno.com.br\/noticias\/escritorios-alto-padrao-sp-alta-ocupacao-2025\/#primaryimage"},"thumbnailUrl":"https:\/\/files.sunoresearch.com.br\/n\/uploads\/2026\/01\/architecture-3928896_1280-jpg.webp","keywords":["Fundos Imobili\u00e1rios (FIIs)","HGRE11","PVBI11","RCRB11","TEPP11"],"articleSection":["FIIs"],"inLanguage":"pt-BR"},{"@type":"WebPage","@id":"https:\/\/www.suno.com.br\/noticias\/escritorios-alto-padrao-sp-alta-ocupacao-2025\/","url":"https:\/\/www.suno.com.br\/noticias\/escritorios-alto-padrao-sp-alta-ocupacao-2025\/","name":"Escrit\u00f3rios de alto padr\u00e3o sobem 6% em SP","isPartOf":{"@id":"https:\/\/www.suno.com.br\/noticias\/#website"},"primaryImageOfPage":{"@id":"https:\/\/www.suno.com.br\/noticias\/escritorios-alto-padrao-sp-alta-ocupacao-2025\/#primaryimage"},"image":{"@id":"https:\/\/www.suno.com.br\/noticias\/escritorios-alto-padrao-sp-alta-ocupacao-2025\/#primaryimage"},"thumbnailUrl":"https:\/\/files.sunoresearch.com.br\/n\/uploads\/2026\/01\/architecture-3928896_1280-jpg.webp","datePublished":"2026-01-29T20:35:13+00:00","description":"Alugu\u00e9is de alto padr\u00e3o em SP avan\u00e7am 6% em 2025, passam de R$ 300\/m\u00b2 e atingem maior ocupa\u00e7\u00e3o desde 2005, segundo BTG Pactual.","breadcrumb":{"@id":"https:\/\/www.suno.com.br\/noticias\/escritorios-alto-padrao-sp-alta-ocupacao-2025\/#breadcrumb"},"inLanguage":"pt-BR","potentialAction":[{"@type":"ReadAction","target":["https:\/\/www.suno.com.br\/noticias\/escritorios-alto-padrao-sp-alta-ocupacao-2025\/"]}]},{"@type":"ImageObject","inLanguage":"pt-BR","@id":"https:\/\/www.suno.com.br\/noticias\/escritorios-alto-padrao-sp-alta-ocupacao-2025\/#primaryimage","url":"https:\/\/files.sunoresearch.com.br\/n\/uploads\/2026\/01\/architecture-3928896_1280-jpg.webp","contentUrl":"https:\/\/files.sunoresearch.com.br\/n\/uploads\/2026\/01\/architecture-3928896_1280-jpg.webp","width":1280,"height":853,"caption":"Com m\u00b2 acima de R$ 300, aluguel de escrit\u00f3rios sobe 6% em um ano em SP - Foto: Pixabay"},{"@type":"BreadcrumbList","@id":"https:\/\/www.suno.com.br\/noticias\/escritorios-alto-padrao-sp-alta-ocupacao-2025\/#breadcrumb","itemListElement":[{"@type":"ListItem","position":1,"name":"Not\u00edcias","item":"https:\/\/www.suno.com.br\/noticias\/"},{"@type":"ListItem","position":2,"name":"Neg\u00f3cios","item":"https:\/\/www.suno.com.br\/noticias\/negocios\/"},{"@type":"ListItem","position":3,"name":"Aluguel de escrit\u00f3rios sobe 6% e ocupa\u00e7\u00e3o bate recorde em SP"}]},{"@type":"WebSite","@id":"https:\/\/www.suno.com.br\/noticias\/#website","url":"https:\/\/www.suno.com.br\/noticias\/","name":"Suno Not\u00edcias","description":"Seu portal de informa\u00e7\u00e3o sobre o mundo dos investimentos","publisher":{"@id":"https:\/\/www.suno.com.br\/noticias\/#organization"},"potentialAction":[{"@type":"SearchAction","target":{"@type":"EntryPoint","urlTemplate":"https:\/\/www.suno.com.br\/noticias\/?s={search_term_string}"},"query-input":{"@type":"PropertyValueSpecification","valueRequired":true,"valueName":"search_term_string"}}],"inLanguage":"pt-BR"},{"@type":"Organization","@id":"https:\/\/www.suno.com.br\/noticias\/#organization","name":"Suno Not\u00edcias","url":"https:\/\/www.suno.com.br\/noticias\/","logo":{"@type":"ImageObject","inLanguage":"pt-BR","@id":"https:\/\/www.suno.com.br\/noticias\/#\/schema\/logo\/image\/","url":"https:\/\/files.sunoresearch.com.br\/n\/uploads\/2021\/09\/suno-logo.png","contentUrl":"https:\/\/files.sunoresearch.com.br\/n\/uploads\/2021\/09\/suno-logo.png","width":180,"height":180,"caption":"Suno Not\u00edcias"},"image":{"@id":"https:\/\/www.suno.com.br\/noticias\/#\/schema\/logo\/image\/"},"sameAs":["https:\/\/facebook.com\/sunoresearch","https:\/\/x.com\/sunoresearch","https:\/\/www.instagram.com\/suno","https:\/\/www.linkedin.com\/company\/suno-research\/","https:\/\/www.youtube.com\/c\/sunoresearch"]},{"@type":"Person","@id":"https:\/\/www.suno.com.br\/noticias\/#\/schema\/person\/c1b1bd3727fa852bd045e9dbff3673ea","name":"Reda\u00e7\u00e3o Suno Not\u00edcias","image":{"@type":"ImageObject","inLanguage":"pt-BR","@id":"https:\/\/www.suno.com.br\/noticias\/#\/schema\/person\/image\/","url":"https:\/\/secure.gravatar.com\/avatar\/b8104b9b5a71985d5238ee59fbe418af?s=96&r=g","contentUrl":"https:\/\/secure.gravatar.com\/avatar\/b8104b9b5a71985d5238ee59fbe418af?s=96&r=g","caption":"Reda\u00e7\u00e3o Suno Not\u00edcias"},"description":"O Suno Not\u00edcias \u00e9 um portal de informa\u00e7\u00f5es sobre Mercado Financeiro, Pol\u00edtica, Neg\u00f3cios, Economia e Finan\u00e7as Pessoais.","sameAs":["https:\/\/www.suno.com.br\/noticias","https:\/\/www.facebook.com\/sunonoticias\/","https:\/\/www.instagram.com\/sunonoticias\/","https:\/\/x.com\/https:\/\/twitter.com\/sunoresearch","https:\/\/www.youtube.com\/sunonoticias"],"url":"https:\/\/www.suno.com.br\/noticias\/author\/redacao-suno\/"}]}},"default_loop_html":"<div class=\"cardsPage__listCard__boxs\"><div class=\"cardsPage__listCard__boxs__img\"><a href=\"https:\/\/www.suno.com.br\/noticias\/escritorios-alto-padrao-sp-alta-ocupacao-2025\/\"><img class=\"mask\" src=\"https:\/\/www.suno.com.br\/noticias\/wp-content\/themes\/suno\/resources\/images\/spotlight\/spotlight1img\/bg-mask.png\" alt=\"Image Mask\"\/><img src=\"https:\/\/files.sunoresearch.com.br\/n\/uploads\/2026\/01\/architecture-3928896_1280-400x200.webp\" alt=\"Aluguel de escrit\u00f3rios sobe 6% e ocupa\u00e7\u00e3o bate recorde em SP\"\/><\/a><span class=\"spotlightCategory\"><a href=\"https:\/\/www.suno.com.br\/noticias\/fiis\/\">FIIs<\/a><\/span><\/div><div class=\"cardsPage__listCard__boxs__content\"><a href=\"https:\/\/www.suno.com.br\/noticias\/escritorios-alto-padrao-sp-alta-ocupacao-2025\/\"><h2 class=\"content__title\">Aluguel de escrit\u00f3rios sobe 6% e ocupa\u00e7\u00e3o bate recorde em SP<\/h2><\/a><div class=\"newsContent__article__meta\"><div class=\"newsContent__article__meta__authorBox\"><a href=\"https:\/\/www.suno.com.br\/noticias\/author\/redacao-suno\/\" class=\"authorBox__avatar noMobi\"><img src=\"https:\/\/files.sunoresearch.com.br\/n\/uploads\/2020\/08\/0ace682d-redacao-1-150x150.webp\" alt=\"Reda\u00e7\u00e3o Suno Not\u00edcias\"><\/a><div class=\"authorBox__name\"><span>por\n\t\t\t<a href=\"https:\/\/www.suno.com.br\/noticias\/author\/redacao-suno\/\"><span itemprop=\"author\">Reda\u00e7\u00e3o Suno Not\u00edcias<\/span><\/a><\/span><time datetime=\"2026-01-29T17:35:13-03:00\" itemprop=\"datePublished\">29\/01\/2026 17:35<\/time><\/div><\/div><\/div><\/div><\/div>","single_layout":"posts","amp_enabled":true,"_links":{"self":[{"href":"https:\/\/www.suno.com.br\/noticias\/wp-json\/wp\/v2\/posts\/640237"}],"collection":[{"href":"https:\/\/www.suno.com.br\/noticias\/wp-json\/wp\/v2\/posts"}],"about":[{"href":"https:\/\/www.suno.com.br\/noticias\/wp-json\/wp\/v2\/types\/post"}],"author":[{"embeddable":true,"href":"https:\/\/www.suno.com.br\/noticias\/wp-json\/wp\/v2\/users\/43"}],"replies":[{"embeddable":true,"href":"https:\/\/www.suno.com.br\/noticias\/wp-json\/wp\/v2\/comments?post=640237"}],"version-history":[{"count":0,"href":"https:\/\/www.suno.com.br\/noticias\/wp-json\/wp\/v2\/posts\/640237\/revisions"}],"wp:featuredmedia":[{"embeddable":true,"href":"https:\/\/www.suno.com.br\/noticias\/wp-json\/wp\/v2\/media\/640238"}],"wp:attachment":[{"href":"https:\/\/www.suno.com.br\/noticias\/wp-json\/wp\/v2\/media?parent=640237"}],"wp:term":[{"taxonomy":"category","embeddable":true,"href":"https:\/\/www.suno.com.br\/noticias\/wp-json\/wp\/v2\/categories?post=640237"},{"taxonomy":"post_tag","embeddable":true,"href":"https:\/\/www.suno.com.br\/noticias\/wp-json\/wp\/v2\/tags?post=640237"},{"taxonomy":"suno_strategy","embeddable":true,"href":"https:\/\/www.suno.com.br\/noticias\/wp-json\/wp\/v2\/suno_strategy?post=640237"}],"curies":[{"name":"wp","href":"https:\/\/api.w.org\/{rel}","templated":true}]}}