{"id":64023,"date":"2020-05-08T08:00:25","date_gmt":"2020-05-08T11:00:25","guid":{"rendered":"https:\/\/www.suno.com.br\/noticias\/?p=64023"},"modified":"2020-05-08T08:46:16","modified_gmt":"2020-05-08T11:46:16","slug":"china-e-eua-se-comprometem-com-a-primeira-fase-do-acordo-comercial","status":"publish","type":"post","link":"https:\/\/www.suno.com.br\/noticias\/china-e-eua-se-comprometem-com-a-primeira-fase-do-acordo-comercial\/","title":{"rendered":"China e EUA se comprometem com a primeira fase do acordo comercial"},"content":{"rendered":"<p>Os Estados Unidos e a <strong>China<\/strong> se comprometeram a criar condi\u00e7\u00f5es favor\u00e1veis para a fase 1 do acordo comercial. Os negociadores dos pa\u00edses se conversaram nesta sexta-feira (8) por meio de uma liga\u00e7\u00e3o telef\u00f4nica, conforme foi divulgado na ag\u00eancia de not\u00edcias estatal chinesa Xinhua.<\/p>\t<div class=\"wrapper-featured-image\">\n\t\t<figure class=\"spotlightImg\">\n\n\t\t\t<picture>\n\t\t\t\t<source media=\"(max-width: 768px)\" srcset=\"https:\/\/files.sunoresearch.com.br\/n\/uploads\/2019\/08\/f934f304-guerra-400x200.webp\">\n\t\t\t\t<img loading=\"lazy\" decoding=\"async\" class=\"newsContent__article__imgCapa lazyloadDisabled newsContent__article__imgCapa--noCaption\" src=\"https:\/\/files.sunoresearch.com.br\/n\/uploads\/2019\/08\/f934f304-guerra-jpg.webp\" width=\"800\" height=\"450\" alt=\"China e EUA se comprometem com a primeira fase do acordo comercial\" fetchpriority=high \/>\n\t\t\t<\/picture>\n\n\t\t\t<figcaption class=\"wp-caption-text wp-caption-text--hide\">china<\/figcaption>\n\t\t<\/figure>\n\t<\/div>\n\n\n\n<p>A liga\u00e7\u00e3o foi entre o vice-primeiro-ministro da China, Liu He, e o representante comercial dos EUA, Robert Lighthizer, e com secret\u00e1rio do Tesouro americano, Steve Mnunchin.<\/p>\n<p><a href=\"https:\/\/lp.suno.com.br\/suno-one\/\">Garanta acesso gratuito \u00e0 eBooks, Minicursos, Artigos e Video Aulas com um \u00fanico cadastro. Clique para saber mais<\/a>!<\/p>\n<p>Ap\u00f3s dois anos de guerra comercial, o acordo fase 1 foi anunciado em janeiro deste ano. O tratado consiste na suspens\u00e3o de aumento de tarifas por parte de Washington, e Pequim intensificaria as compras de produtos norte-americanos em US$ 200 bilh\u00f5es.<\/p>\n<p>No entanto, a pandemia do novo coronav\u00edrus (covid-19), originado no pa\u00eds asi\u00e1tico, paralisou as negocia\u00e7\u00f5es e provocou d\u00favidas de que a China conseguiria cumprir o acordo.<\/p>\n<p>Na \u00faltima semana, o secret\u00e1rio do Tesouro advertiu que existiriam &#8220;consequ\u00eancias muito importantes&#8221; se Pequim n\u00e3o cumprisse sua parte.<\/p>\n<p>De acordo com o minist\u00e9rio chin\u00eas do com\u00e9rcio, os dois pa\u00edses se declaram dispostos a &#8220;fortalecer a coopera\u00e7\u00e3o macroecon\u00f4mica e na \u00e1rea de sa\u00fade p\u00fablica, com um esfor\u00e7o para criar uma atmosfera e condi\u00e7\u00f5es favor\u00e1veis para a implementa\u00e7\u00e3o da fase 1 do acordo econ\u00f4mico e comercial entre EUA e China, promovendo resultados positivos&#8221;.<\/p>\n<h2>EUA e China assinam primeira fase do acordo<\/h2>\n<p>Os governos dos Estados Unidos e da China assinaram, no dia 15 de janeiro, a primeira fase do acordo comercial. A troca de tarifas entre os dois pa\u00edses, em meio a guerra comercial, acontece desde 2018.<\/p>\n<p><a href=\"https:\/\/www.suno.com.br\/noticias\/guerra-comercial-eua-china-tarifas-metade\/\">Veja Tamb\u00e9m: Guerra comercial: EUA e China reduzem pela metade as tarifas<\/a><\/p>\n<p>Na fase inicial do acordo para encerrar a guerra comercial, a China prometeu comprar mais de US$ 200 bilh\u00f5es em produtos dos Estados Unidos em um per\u00edodo de dois anos.<\/p>\n<p>O pa\u00eds asi\u00e1tico dever\u00e1 comprar US$ 18,5 bilh\u00f5es adicionais em suprimentos de energia no primeiro ano e US$ 33,9 bilh\u00f5es no segundo ano. Al\u00e9m disso, Trump salientou que a <strong>China<\/strong> ir\u00e1 adquirir US$ 12,8 bilh\u00f5es em servi\u00e7os norte-americanos no primeiro ano e US$ 25,1 bilh\u00f5es no segundo ano.<\/p>\n\n","protected":false},"excerpt":{"rendered":"<p>Os Estados Unidos e a China se comprometeram a criar condi\u00e7\u00f5es favor\u00e1veis para a fase 1 do acordo comercial. Os negociadores dos pa\u00edses se conversaram nesta sexta-feira (8) por meio de uma liga\u00e7\u00e3o telef\u00f4nica, conforme foi divulgado na ag\u00eancia de not\u00edcias estatal chinesa Xinhua. china A liga\u00e7\u00e3o foi entre o vice-primeiro-ministro da China, Liu He, [&hellip;]<\/p>\n","protected":false},"author":15,"featured_media":33152,"comment_status":"closed","ping_status":"closed","sticky":false,"template":"","format":"standard","meta":[],"categories":[63],"tags":[711,793],"suno_strategy":[],"class_list":["post-64023","post","type-post","status-publish","format-standard","has-post-thumbnail","hentry","category-internacional","tag-china","tag-estados-unidos-eua"],"yoast_head":"<!-- This site is optimized with the Yoast SEO plugin v24.4 - https:\/\/yoast.com\/wordpress\/plugins\/seo\/ -->\n<title>China e EUA se comprometem com a fase 1 do acordo comercial<\/title>\n<meta name=\"description\" content=\"Os Estados Unidos e a China se comprometeram a criar condi\u00e7\u00f5es favor\u00e1veis para a fase 1 do acordo comercial. Clique aqui e saiba mais\" \/>\n<meta name=\"robots\" content=\"index, follow, max-snippet:-1, max-image-preview:large, max-video-preview:-1\" \/>\n<link rel=\"canonical\" href=\"https:\/\/www.suno.com.br\/noticias\/china-e-eua-se-comprometem-com-a-primeira-fase-do-acordo-comercial\/\" \/>\n<meta property=\"og:locale\" content=\"pt_BR\" \/>\n<meta property=\"og:type\" content=\"article\" \/>\n<meta property=\"og:title\" content=\"China e EUA se comprometem com a fase 1 do acordo comercial\" \/>\n<meta property=\"og:description\" content=\"Os Estados Unidos e a China se comprometeram a criar condi\u00e7\u00f5es favor\u00e1veis para a fase 1 do acordo comercial. Clique aqui e saiba mais\" \/>\n<meta property=\"og:url\" content=\"https:\/\/www.suno.com.br\/noticias\/china-e-eua-se-comprometem-com-a-primeira-fase-do-acordo-comercial\/\" \/>\n<meta property=\"og:site_name\" content=\"Suno Not\u00edcias\" \/>\n<meta property=\"article:publisher\" content=\"https:\/\/facebook.com\/sunoresearch\" \/>\n<meta property=\"og:image\" content=\"https:\/\/files.sunoresearch.com.br\/n\/uploads\/2019\/08\/f934f304-guerra.jpg\" \/>\n\t<meta property=\"og:image:width\" content=\"700\" \/>\n\t<meta property=\"og:image:height\" content=\"426\" \/>\n\t<meta property=\"og:image:type\" content=\"image\/jpeg\" \/>\n<meta name=\"author\" content=\"Poliana Santos\" \/>\n<meta name=\"twitter:card\" content=\"summary_large_image\" \/>\n<meta name=\"twitter:creator\" content=\"@sunoresearch\" \/>\n<meta name=\"twitter:site\" content=\"@sunoresearch\" \/>\n<meta name=\"twitter:label1\" content=\"Escrito por\" \/>\n\t<meta name=\"twitter:data1\" content=\"Poliana Santos\" \/>\n\t<meta name=\"twitter:label2\" content=\"Est. tempo de leitura\" \/>\n\t<meta name=\"twitter:data2\" content=\"2 minutos\" \/>\n<script type=\"application\/ld+json\" class=\"yoast-schema-graph\">{\"@context\":\"https:\/\/schema.org\",\"@graph\":[{\"@type\":\"NewsArticle\",\"@id\":\"https:\/\/www.suno.com.br\/noticias\/china-e-eua-se-comprometem-com-a-primeira-fase-do-acordo-comercial\/#article\",\"isPartOf\":{\"@id\":\"https:\/\/www.suno.com.br\/noticias\/china-e-eua-se-comprometem-com-a-primeira-fase-do-acordo-comercial\/\"},\"author\":{\"name\":\"Poliana Santos\",\"@id\":\"https:\/\/www.suno.com.br\/noticias\/#\/schema\/person\/02ec1f752758247878a2bf4abee1aeda\"},\"headline\":\"China e EUA se comprometem com a primeira fase do acordo comercial\",\"datePublished\":\"2020-05-08T11:00:25+00:00\",\"dateModified\":\"2020-05-08T11:46:16+00:00\",\"mainEntityOfPage\":{\"@id\":\"https:\/\/www.suno.com.br\/noticias\/china-e-eua-se-comprometem-com-a-primeira-fase-do-acordo-comercial\/\"},\"wordCount\":413,\"publisher\":{\"@id\":\"https:\/\/www.suno.com.br\/noticias\/#organization\"},\"image\":{\"@id\":\"https:\/\/www.suno.com.br\/noticias\/china-e-eua-se-comprometem-com-a-primeira-fase-do-acordo-comercial\/#primaryimage\"},\"thumbnailUrl\":\"https:\/\/files.sunoresearch.com.br\/n\/uploads\/2019\/08\/f934f304-guerra-jpg.webp\",\"keywords\":[\"China\",\"Estados Unidos (EUA)\"],\"articleSection\":[\"Internacional\"],\"inLanguage\":\"pt-BR\"},{\"@type\":\"WebPage\",\"@id\":\"https:\/\/www.suno.com.br\/noticias\/china-e-eua-se-comprometem-com-a-primeira-fase-do-acordo-comercial\/\",\"url\":\"https:\/\/www.suno.com.br\/noticias\/china-e-eua-se-comprometem-com-a-primeira-fase-do-acordo-comercial\/\",\"name\":\"China e EUA se comprometem com a fase 1 do acordo comercial\",\"isPartOf\":{\"@id\":\"https:\/\/www.suno.com.br\/noticias\/#website\"},\"primaryImageOfPage\":{\"@id\":\"https:\/\/www.suno.com.br\/noticias\/china-e-eua-se-comprometem-com-a-primeira-fase-do-acordo-comercial\/#primaryimage\"},\"image\":{\"@id\":\"https:\/\/www.suno.com.br\/noticias\/china-e-eua-se-comprometem-com-a-primeira-fase-do-acordo-comercial\/#primaryimage\"},\"thumbnailUrl\":\"https:\/\/files.sunoresearch.com.br\/n\/uploads\/2019\/08\/f934f304-guerra-jpg.webp\",\"datePublished\":\"2020-05-08T11:00:25+00:00\",\"dateModified\":\"2020-05-08T11:46:16+00:00\",\"description\":\"Os Estados Unidos e a China se comprometeram a criar condi\u00e7\u00f5es favor\u00e1veis para a fase 1 do acordo comercial. Clique aqui e saiba mais\",\"breadcrumb\":{\"@id\":\"https:\/\/www.suno.com.br\/noticias\/china-e-eua-se-comprometem-com-a-primeira-fase-do-acordo-comercial\/#breadcrumb\"},\"inLanguage\":\"pt-BR\",\"potentialAction\":[{\"@type\":\"ReadAction\",\"target\":[\"https:\/\/www.suno.com.br\/noticias\/china-e-eua-se-comprometem-com-a-primeira-fase-do-acordo-comercial\/\"]}]},{\"@type\":\"ImageObject\",\"inLanguage\":\"pt-BR\",\"@id\":\"https:\/\/www.suno.com.br\/noticias\/china-e-eua-se-comprometem-com-a-primeira-fase-do-acordo-comercial\/#primaryimage\",\"url\":\"https:\/\/files.sunoresearch.com.br\/n\/uploads\/2019\/08\/f934f304-guerra-jpg.webp\",\"contentUrl\":\"https:\/\/files.sunoresearch.com.br\/n\/uploads\/2019\/08\/f934f304-guerra-jpg.webp\",\"width\":700,\"height\":426,\"caption\":\"china\"},{\"@type\":\"BreadcrumbList\",\"@id\":\"https:\/\/www.suno.com.br\/noticias\/china-e-eua-se-comprometem-com-a-primeira-fase-do-acordo-comercial\/#breadcrumb\",\"itemListElement\":[{\"@type\":\"ListItem\",\"position\":1,\"name\":\"Not\u00edcias\",\"item\":\"https:\/\/www.suno.com.br\/noticias\/\"},{\"@type\":\"ListItem\",\"position\":2,\"name\":\"Internacional\",\"item\":\"https:\/\/www.suno.com.br\/noticias\/internacional\/\"},{\"@type\":\"ListItem\",\"position\":3,\"name\":\"China e EUA se comprometem com a primeira fase do acordo comercial\"}]},{\"@type\":\"WebSite\",\"@id\":\"https:\/\/www.suno.com.br\/noticias\/#website\",\"url\":\"https:\/\/www.suno.com.br\/noticias\/\",\"name\":\"Suno Not\u00edcias\",\"description\":\"Seu portal de informa\u00e7\u00e3o sobre o mundo dos investimentos\",\"publisher\":{\"@id\":\"https:\/\/www.suno.com.br\/noticias\/#organization\"},\"potentialAction\":[{\"@type\":\"SearchAction\",\"target\":{\"@type\":\"EntryPoint\",\"urlTemplate\":\"https:\/\/www.suno.com.br\/noticias\/?s={search_term_string}\"},\"query-input\":{\"@type\":\"PropertyValueSpecification\",\"valueRequired\":true,\"valueName\":\"search_term_string\"}}],\"inLanguage\":\"pt-BR\"},{\"@type\":\"Organization\",\"@id\":\"https:\/\/www.suno.com.br\/noticias\/#organization\",\"name\":\"Suno Not\u00edcias\",\"url\":\"https:\/\/www.suno.com.br\/noticias\/\",\"logo\":{\"@type\":\"ImageObject\",\"inLanguage\":\"pt-BR\",\"@id\":\"https:\/\/www.suno.com.br\/noticias\/#\/schema\/logo\/image\/\",\"url\":\"https:\/\/files.sunoresearch.com.br\/n\/uploads\/2021\/09\/suno-logo.png\",\"contentUrl\":\"https:\/\/files.sunoresearch.com.br\/n\/uploads\/2021\/09\/suno-logo.png\",\"width\":180,\"height\":180,\"caption\":\"Suno Not\u00edcias\"},\"image\":{\"@id\":\"https:\/\/www.suno.com.br\/noticias\/#\/schema\/logo\/image\/\"},\"sameAs\":[\"https:\/\/facebook.com\/sunoresearch\",\"https:\/\/x.com\/sunoresearch\",\"https:\/\/www.instagram.com\/suno\",\"https:\/\/www.linkedin.com\/company\/suno-research\/\",\"https:\/\/www.youtube.com\/c\/sunoresearch\"]},{\"@type\":\"Person\",\"@id\":\"https:\/\/www.suno.com.br\/noticias\/#\/schema\/person\/02ec1f752758247878a2bf4abee1aeda\",\"name\":\"Poliana Santos\",\"image\":{\"@type\":\"ImageObject\",\"inLanguage\":\"pt-BR\",\"@id\":\"https:\/\/www.suno.com.br\/noticias\/#\/schema\/person\/image\/\",\"url\":\"https:\/\/secure.gravatar.com\/avatar\/0645bd32f23d87b2130f2b2dff1d3f8d?s=96&r=g\",\"contentUrl\":\"https:\/\/secure.gravatar.com\/avatar\/0645bd32f23d87b2130f2b2dff1d3f8d?s=96&r=g\",\"caption\":\"Poliana Santos\"},\"description\":\"Rep\u00f3rter no Suno Not\u00edcias, com cobertura em mercado financeiro, economia, finan\u00e7as pessoais, renda fixa e varejo. Jornalista formada pela Faculdade C\u00e1sper L\u00edbero e possui passagem na R\u00e1dio Gazeta AM com a produ\u00e7\u00e3o de conte\u00fado sobre economia, pol\u00edtica, sa\u00fade, moda e m\u00fasica. Possui certificado de conclus\u00e3o do curso de An\u00e1lise de Balan\u00e7os pela Funda\u00e7\u00e3o Bradesco, Agenda Brasil pela FAAP, Educa\u00e7\u00e3o Pol\u00edtica por Alexandre Garcia e do Tesouro Direto e Mercado de A\u00e7\u00f5es pela B3.\",\"url\":\"https:\/\/www.suno.com.br\/noticias\/author\/poliana-santos\/\"}]}<\/script>\n<!-- \/ Yoast SEO plugin. -->","yoast_head_json":{"title":"China e EUA se comprometem com a fase 1 do acordo comercial","description":"Os Estados Unidos e a China se comprometeram a criar condi\u00e7\u00f5es favor\u00e1veis para a fase 1 do acordo comercial. Clique aqui e saiba mais","robots":{"index":"index","follow":"follow","max-snippet":"max-snippet:-1","max-image-preview":"max-image-preview:large","max-video-preview":"max-video-preview:-1"},"canonical":"https:\/\/www.suno.com.br\/noticias\/china-e-eua-se-comprometem-com-a-primeira-fase-do-acordo-comercial\/","og_locale":"pt_BR","og_type":"article","og_title":"China e EUA se comprometem com a fase 1 do acordo comercial","og_description":"Os Estados Unidos e a China se comprometeram a criar condi\u00e7\u00f5es favor\u00e1veis para a fase 1 do acordo comercial. Clique aqui e saiba mais","og_url":"https:\/\/www.suno.com.br\/noticias\/china-e-eua-se-comprometem-com-a-primeira-fase-do-acordo-comercial\/","og_site_name":"Suno Not\u00edcias","article_publisher":"https:\/\/facebook.com\/sunoresearch","og_image":[{"width":700,"height":426,"url":"https:\/\/files.sunoresearch.com.br\/n\/uploads\/2019\/08\/f934f304-guerra.jpg","type":"image\/jpeg"}],"author":"Poliana Santos","twitter_card":"summary_large_image","twitter_creator":"@sunoresearch","twitter_site":"@sunoresearch","twitter_misc":{"Escrito por":"Poliana Santos","Est. tempo de leitura":"2 minutos"},"schema":{"@context":"https:\/\/schema.org","@graph":[{"@type":"NewsArticle","@id":"https:\/\/www.suno.com.br\/noticias\/china-e-eua-se-comprometem-com-a-primeira-fase-do-acordo-comercial\/#article","isPartOf":{"@id":"https:\/\/www.suno.com.br\/noticias\/china-e-eua-se-comprometem-com-a-primeira-fase-do-acordo-comercial\/"},"author":{"name":"Poliana Santos","@id":"https:\/\/www.suno.com.br\/noticias\/#\/schema\/person\/02ec1f752758247878a2bf4abee1aeda"},"headline":"China e EUA se comprometem com a primeira fase do acordo comercial","datePublished":"2020-05-08T11:00:25+00:00","dateModified":"2020-05-08T11:46:16+00:00","mainEntityOfPage":{"@id":"https:\/\/www.suno.com.br\/noticias\/china-e-eua-se-comprometem-com-a-primeira-fase-do-acordo-comercial\/"},"wordCount":413,"publisher":{"@id":"https:\/\/www.suno.com.br\/noticias\/#organization"},"image":{"@id":"https:\/\/www.suno.com.br\/noticias\/china-e-eua-se-comprometem-com-a-primeira-fase-do-acordo-comercial\/#primaryimage"},"thumbnailUrl":"https:\/\/files.sunoresearch.com.br\/n\/uploads\/2019\/08\/f934f304-guerra-jpg.webp","keywords":["China","Estados Unidos (EUA)"],"articleSection":["Internacional"],"inLanguage":"pt-BR"},{"@type":"WebPage","@id":"https:\/\/www.suno.com.br\/noticias\/china-e-eua-se-comprometem-com-a-primeira-fase-do-acordo-comercial\/","url":"https:\/\/www.suno.com.br\/noticias\/china-e-eua-se-comprometem-com-a-primeira-fase-do-acordo-comercial\/","name":"China e EUA se comprometem com a fase 1 do acordo comercial","isPartOf":{"@id":"https:\/\/www.suno.com.br\/noticias\/#website"},"primaryImageOfPage":{"@id":"https:\/\/www.suno.com.br\/noticias\/china-e-eua-se-comprometem-com-a-primeira-fase-do-acordo-comercial\/#primaryimage"},"image":{"@id":"https:\/\/www.suno.com.br\/noticias\/china-e-eua-se-comprometem-com-a-primeira-fase-do-acordo-comercial\/#primaryimage"},"thumbnailUrl":"https:\/\/files.sunoresearch.com.br\/n\/uploads\/2019\/08\/f934f304-guerra-jpg.webp","datePublished":"2020-05-08T11:00:25+00:00","dateModified":"2020-05-08T11:46:16+00:00","description":"Os Estados Unidos e a China se comprometeram a criar condi\u00e7\u00f5es favor\u00e1veis para a fase 1 do acordo comercial. Clique aqui e saiba mais","breadcrumb":{"@id":"https:\/\/www.suno.com.br\/noticias\/china-e-eua-se-comprometem-com-a-primeira-fase-do-acordo-comercial\/#breadcrumb"},"inLanguage":"pt-BR","potentialAction":[{"@type":"ReadAction","target":["https:\/\/www.suno.com.br\/noticias\/china-e-eua-se-comprometem-com-a-primeira-fase-do-acordo-comercial\/"]}]},{"@type":"ImageObject","inLanguage":"pt-BR","@id":"https:\/\/www.suno.com.br\/noticias\/china-e-eua-se-comprometem-com-a-primeira-fase-do-acordo-comercial\/#primaryimage","url":"https:\/\/files.sunoresearch.com.br\/n\/uploads\/2019\/08\/f934f304-guerra-jpg.webp","contentUrl":"https:\/\/files.sunoresearch.com.br\/n\/uploads\/2019\/08\/f934f304-guerra-jpg.webp","width":700,"height":426,"caption":"china"},{"@type":"BreadcrumbList","@id":"https:\/\/www.suno.com.br\/noticias\/china-e-eua-se-comprometem-com-a-primeira-fase-do-acordo-comercial\/#breadcrumb","itemListElement":[{"@type":"ListItem","position":1,"name":"Not\u00edcias","item":"https:\/\/www.suno.com.br\/noticias\/"},{"@type":"ListItem","position":2,"name":"Internacional","item":"https:\/\/www.suno.com.br\/noticias\/internacional\/"},{"@type":"ListItem","position":3,"name":"China e EUA se comprometem com a primeira fase do acordo comercial"}]},{"@type":"WebSite","@id":"https:\/\/www.suno.com.br\/noticias\/#website","url":"https:\/\/www.suno.com.br\/noticias\/","name":"Suno Not\u00edcias","description":"Seu portal de informa\u00e7\u00e3o sobre o mundo dos investimentos","publisher":{"@id":"https:\/\/www.suno.com.br\/noticias\/#organization"},"potentialAction":[{"@type":"SearchAction","target":{"@type":"EntryPoint","urlTemplate":"https:\/\/www.suno.com.br\/noticias\/?s={search_term_string}"},"query-input":{"@type":"PropertyValueSpecification","valueRequired":true,"valueName":"search_term_string"}}],"inLanguage":"pt-BR"},{"@type":"Organization","@id":"https:\/\/www.suno.com.br\/noticias\/#organization","name":"Suno Not\u00edcias","url":"https:\/\/www.suno.com.br\/noticias\/","logo":{"@type":"ImageObject","inLanguage":"pt-BR","@id":"https:\/\/www.suno.com.br\/noticias\/#\/schema\/logo\/image\/","url":"https:\/\/files.sunoresearch.com.br\/n\/uploads\/2021\/09\/suno-logo.png","contentUrl":"https:\/\/files.sunoresearch.com.br\/n\/uploads\/2021\/09\/suno-logo.png","width":180,"height":180,"caption":"Suno Not\u00edcias"},"image":{"@id":"https:\/\/www.suno.com.br\/noticias\/#\/schema\/logo\/image\/"},"sameAs":["https:\/\/facebook.com\/sunoresearch","https:\/\/x.com\/sunoresearch","https:\/\/www.instagram.com\/suno","https:\/\/www.linkedin.com\/company\/suno-research\/","https:\/\/www.youtube.com\/c\/sunoresearch"]},{"@type":"Person","@id":"https:\/\/www.suno.com.br\/noticias\/#\/schema\/person\/02ec1f752758247878a2bf4abee1aeda","name":"Poliana Santos","image":{"@type":"ImageObject","inLanguage":"pt-BR","@id":"https:\/\/www.suno.com.br\/noticias\/#\/schema\/person\/image\/","url":"https:\/\/secure.gravatar.com\/avatar\/0645bd32f23d87b2130f2b2dff1d3f8d?s=96&r=g","contentUrl":"https:\/\/secure.gravatar.com\/avatar\/0645bd32f23d87b2130f2b2dff1d3f8d?s=96&r=g","caption":"Poliana Santos"},"description":"Rep\u00f3rter no Suno Not\u00edcias, com cobertura em mercado financeiro, economia, finan\u00e7as pessoais, renda fixa e varejo. Jornalista formada pela Faculdade C\u00e1sper L\u00edbero e possui passagem na R\u00e1dio Gazeta AM com a produ\u00e7\u00e3o de conte\u00fado sobre economia, pol\u00edtica, sa\u00fade, moda e m\u00fasica. Possui certificado de conclus\u00e3o do curso de An\u00e1lise de Balan\u00e7os pela Funda\u00e7\u00e3o Bradesco, Agenda Brasil pela FAAP, Educa\u00e7\u00e3o Pol\u00edtica por Alexandre Garcia e do Tesouro Direto e Mercado de A\u00e7\u00f5es pela B3.","url":"https:\/\/www.suno.com.br\/noticias\/author\/poliana-santos\/"}]}},"default_loop_html":"<div class=\"cardsPage__listCard__boxs\"><div class=\"cardsPage__listCard__boxs__img\"><a href=\"https:\/\/www.suno.com.br\/noticias\/china-e-eua-se-comprometem-com-a-primeira-fase-do-acordo-comercial\/\"><img class=\"mask\" src=\"https:\/\/www.suno.com.br\/noticias\/wp-content\/themes\/suno\/resources\/images\/spotlight\/spotlight1img\/bg-mask.png\" alt=\"Image Mask\"\/><img src=\"https:\/\/files.sunoresearch.com.br\/n\/uploads\/2019\/08\/f934f304-guerra-400x200.webp\" alt=\"China e EUA se comprometem com a primeira fase do acordo comercial\"\/><\/a><span class=\"spotlightCategory\"><a href=\"https:\/\/www.suno.com.br\/noticias\/internacional\/\">Internacional<\/a><\/span><\/div><div class=\"cardsPage__listCard__boxs__content\"><a href=\"https:\/\/www.suno.com.br\/noticias\/china-e-eua-se-comprometem-com-a-primeira-fase-do-acordo-comercial\/\"><h2 class=\"content__title\">China e EUA se comprometem com a primeira fase do acordo comercial<\/h2><\/a><div class=\"newsContent__article__meta\"><div class=\"newsContent__article__meta__authorBox\"><a href=\"https:\/\/www.suno.com.br\/noticias\/author\/poliana-santos\/\" class=\"authorBox__avatar noMobi\"><img src=\"https:\/\/files.sunoresearch.com.br\/n\/uploads\/2020\/08\/7ef34026-whatsapp-image-2020-08-03-at-12.37.57-150x150.webp\" alt=\"Poliana Santos\"><\/a><div class=\"authorBox__name\"><span>por\n\t\t\t<a href=\"https:\/\/www.suno.com.br\/noticias\/author\/poliana-santos\/\"><span itemprop=\"author\">Poliana Santos<\/span><\/a><\/span><time datetime=\"2020-05-08T08:00:25-03:00\" itemprop=\"datePublished\">08\/05\/2020 08:00<\/time><\/div><\/div><\/div><\/div><\/div>","single_layout":"posts","amp_enabled":true,"_links":{"self":[{"href":"https:\/\/www.suno.com.br\/noticias\/wp-json\/wp\/v2\/posts\/64023"}],"collection":[{"href":"https:\/\/www.suno.com.br\/noticias\/wp-json\/wp\/v2\/posts"}],"about":[{"href":"https:\/\/www.suno.com.br\/noticias\/wp-json\/wp\/v2\/types\/post"}],"author":[{"embeddable":true,"href":"https:\/\/www.suno.com.br\/noticias\/wp-json\/wp\/v2\/users\/15"}],"replies":[{"embeddable":true,"href":"https:\/\/www.suno.com.br\/noticias\/wp-json\/wp\/v2\/comments?post=64023"}],"version-history":[{"count":0,"href":"https:\/\/www.suno.com.br\/noticias\/wp-json\/wp\/v2\/posts\/64023\/revisions"}],"wp:featuredmedia":[{"embeddable":true,"href":"https:\/\/www.suno.com.br\/noticias\/wp-json\/wp\/v2\/media\/33152"}],"wp:attachment":[{"href":"https:\/\/www.suno.com.br\/noticias\/wp-json\/wp\/v2\/media?parent=64023"}],"wp:term":[{"taxonomy":"category","embeddable":true,"href":"https:\/\/www.suno.com.br\/noticias\/wp-json\/wp\/v2\/categories?post=64023"},{"taxonomy":"post_tag","embeddable":true,"href":"https:\/\/www.suno.com.br\/noticias\/wp-json\/wp\/v2\/tags?post=64023"},{"taxonomy":"suno_strategy","embeddable":true,"href":"https:\/\/www.suno.com.br\/noticias\/wp-json\/wp\/v2\/suno_strategy?post=64023"}],"curies":[{"name":"wp","href":"https:\/\/api.w.org\/{rel}","templated":true}]}}