{"id":640223,"date":"2026-01-29T17:17:34","date_gmt":"2026-01-29T20:17:34","guid":{"rendered":"https:\/\/www.suno.com.br\/noticias\/?p=640223"},"modified":"2026-01-29T18:09:21","modified_gmt":"2026-01-29T21:09:21","slug":"jalles-jall3-rebaixada-citi-acucar-etanol-mt","status":"publish","type":"post","link":"https:\/\/www.suno.com.br\/noticias\/jalles-jall3-rebaixada-citi-acucar-etanol-mt\/","title":{"rendered":"A\u00e7\u00facar azeda e Citi rebaixa Jalles (JALL3) ap\u00f3s tombo das commodities"},"content":{"rendered":"<p>A <strong>JALL3<\/strong> entrou no radar negativo do Citi em meio \u00e0 queda dos pre\u00e7os do a\u00e7\u00facar e do etanol. O banco rebaixou a recomenda\u00e7\u00e3o da a\u00e7\u00e3o de compra para neutra e manteve o pre\u00e7o-alvo em R$ 3,50, citando um cen\u00e1rio mais pressionado para as commodities e impacto nos resultados da safra 2025\/26. Nesta quinta-feira (29), os pap\u00e9is chegaram a cair mais de 5% no preg\u00e3o, refletindo a mudan\u00e7a de vis\u00e3o do mercado.<\/p>\t<div class=\"wrapper-featured-image\">\n\t\t<figure class=\"spotlightImg\">\n\n\t\t\t<picture>\n\t\t\t\t<source media=\"(max-width: 768px)\" srcset=\"https:\/\/files.sunoresearch.com.br\/n\/uploads\/2024\/04\/iStock-1497533900-400x200.jpg\">\n\t\t\t\t<img loading=\"lazy\" decoding=\"async\" class=\"newsContent__article__imgCapa lazyloadDisabled \" src=\"https:\/\/files.sunoresearch.com.br\/n\/uploads\/2024\/04\/iStock-1497533900-800x450.jpg\" width=\"800\" height=\"450\" alt=\"A\u00e7\u00facar azeda e Citi rebaixa Jalles (JALL3) ap\u00f3s tombo das commodities\" fetchpriority=high \/>\n\t\t\t<\/picture>\n\n\t\t\t<figcaption class=\"wp-caption-text wp-caption-text--show\">Ibovespa. Foto: iStock<\/figcaption>\n\t\t<\/figure>\n\t<\/div>\n\n\n\n\n\n\t<p>\n\t\t<a href=\"https:\/\/lp.suno.com.br\/planilha-da-vida-financeira\/\" target=\"_blank\" data-element=\"shortcode-suno-banner\" title=\"Banner SUNO, clique e saiba mais\">\n\t\t\t<picture>\n\t\t\t\t<source media=\"(max-width: 500px)\" srcset=\"https:\/\/files.sunoresearch.com.br\/n\/uploads\/2023\/04\/400x300-Planilha-vida-financeira-true.png\">\n\t\t\t\t<img class=\"newsContent__article__imgCapa newsContent__article__imgCapa--banner\"\n\t\t\t\t\tsrc=\"https:\/\/files.sunoresearch.com.br\/n\/uploads\/2023\/04\/1420x240-Planilha-vida-financeira-true.png\"\n\t\t\t\t\tdata-promo-id=\"383123\"\t\t\t\t\t\t\t\t\t\twidth='1420' height='240'\t\t\t\t\talt=\"https:\/\/files.sunoresearch.com.br\/n\/uploads\/2023\/04\/1420x240-Planilha-vida-financeira-true.png\"\n\t\t\t\t>\n\t\t\t<\/picture>\n\t\t<\/a>\n\t<\/p>\n\n\n\n\n\n<p><strong>JALL3 deve sentir queda de pre\u00e7os no 3\u00ba tri da safra<\/strong><\/p>\n\n\n\n<p>Segundo os analistas Gabriel Barra e Pedro Gama, a Jalles Machado deve apresentar n\u00fameros mais fracos no terceiro trimestre da safra 2025\/26. As estimativas do Citi apontam para <a class=\"suno-keyword\" target=\"_blank\" data-force=\"no\" data-priority=\"1\" href=\"https:\/\/www.suno.com.br\/artigos\/o-que-receita-liquida\/\" rel=\"noopener\">receita l\u00edquida<\/a> de R$ 516 milh\u00f5es, <a class=\"suno-keyword\" target=\"_blank\" data-force=\"no\" data-priority=\"1\" href=\"https:\/\/www.suno.com.br\/artigos\/ebitda-ajustado\/\" rel=\"noopener\">Ebitda ajustado<\/a> de R$ 325 milh\u00f5es e preju\u00edzo l\u00edquido de R$ 14 milh\u00f5es no per\u00edodo.<\/p>\n\n\n\n<p>O banco atribui a piora principalmente \u00e0 menor moagem de cana, redu\u00e7\u00e3o nos volumes vendidos de a\u00e7\u00facar e etanol e queda nas cota\u00e7\u00f5es do a\u00e7\u00facar, movimento apenas parcialmente compensado por pre\u00e7os um pouco melhores do etanol. Ainda assim, os analistas destacam que \u201co impacto no desempenho anual tende a ser limitado\u201d, j\u00e1 que parte das press\u00f5es pode ser dilu\u00edda ao longo da safra.<\/p>\n\n\n\t<p>\n\t\t<a href=\"https:\/\/lp.suno.com.br\/planilha-da-vida-financeira\/\" target=\"_blank\" data-element=\"shortcode-suno-banner\" title=\"Banner SUNO, clique e saiba mais\">\n\t\t\t<picture>\n\t\t\t\t<source media=\"(max-width: 500px)\" srcset=\"https:\/\/files.sunoresearch.com.br\/n\/uploads\/2023\/04\/400x300-Planilha-vida-financeira-true.png\">\n\t\t\t\t<img class=\"newsContent__article__imgCapa newsContent__article__imgCapa--banner\"\n\t\t\t\t\tsrc=\"https:\/\/files.sunoresearch.com.br\/n\/uploads\/2023\/04\/1420x240-Planilha-vida-financeira-true.png\"\n\t\t\t\t\tdata-promo-id=\"106682\"\t\t\t\t\t\t\t\t\t\twidth='1420' height='240'\t\t\t\t\talt=\"https:\/\/files.sunoresearch.com.br\/n\/uploads\/2023\/04\/1420x240-Planilha-vida-financeira-true.png\"\n\t\t\t\t>\n\t\t\t<\/picture>\n\t\t<\/a>\n\t<\/p>\n\n\n\n\n\n<p><strong>Press\u00e3o no caixa e riscos para a\u00e7\u00facar e etanol<\/strong><\/p>\n\n\n\n<p>A recomenda\u00e7\u00e3o neutra tamb\u00e9m reflete a expectativa de <a class=\"suno-keyword\" target=\"_blank\" data-force=\"no\" data-priority=\"1\" href=\"https:\/\/www.suno.com.br\/artigos\/geracao-de-caixa\/\" rel=\"noopener\">gera\u00e7\u00e3o de caixa<\/a> livre pouco atrativa em um ambiente de pre\u00e7os mais fracos. Al\u00e9m disso, as a\u00e7\u00f5es da companhia j\u00e1 estariam pr\u00f3ximas do pre\u00e7o-alvo do banco, o que reduz a assimetria positiva no <a class=\"suno-keyword\" target=\"_blank\" data-force=\"no\" data-priority=\"1\" href=\"https:\/\/www.suno.com.br\/artigos\/curto-prazo\/\" rel=\"noopener\">curto prazo<\/a>.<\/p>\n\n\n\n<p>Para a safra 2026\/27, o Citi cortou a proje\u00e7\u00e3o de Ebitda ajustado para R$ 1,4 bilh\u00e3o, considerando moagem perto de 8 milh\u00f5es de toneladas de cana e menor participa\u00e7\u00e3o do a\u00e7\u00facar no mix, em torno de 45%. Em um cen\u00e1rio de pre\u00e7os pressionados, a tend\u00eancia seria direcionar mais produ\u00e7\u00e3o para o etanol, que oferece benef\u00edcios fiscais.<\/p>\n\n\n\n<p>No curto prazo, o banco adota uma vis\u00e3o negativa para a <strong>JALL3<\/strong>, citando \u201criscos relevantes de queda nos pre\u00e7os do etanol no mercado dom\u00e9stico\u201d, al\u00e9m da possibilidade de o a\u00e7\u00facar seguir pressionado diante da oferta global elevada.<\/p>\n\n\n\n\n\n<p><\/p>\n\n\n\t<p>\n\t\t<a href=\"https:\/\/lp.suno.com.br\/ebook-como-analisar-uma-acao\/\" target=\"_blank\" data-element=\"shortcode-suno-banner\" title=\"Banner SUNO, clique e saiba mais\">\n\t\t\t<picture>\n\t\t\t\t<source media=\"(max-width: 500px)\" srcset=\"https:\/\/files.sunoresearch.com.br\/n\/uploads\/2023\/03\/Ebook-Acoes-Mobile.jpg\">\n\t\t\t\t<img class=\"newsContent__article__imgCapa newsContent__article__imgCapa--banner\"\n\t\t\t\t\tsrc=\"https:\/\/files.sunoresearch.com.br\/n\/uploads\/2023\/03\/Ebook-Acoes-Desktop.jpg\"\n\t\t\t\t\tdata-promo-id=\"378302\"\t\t\t\t\t\t\t\t\t\twidth='1420' height='286'\t\t\t\t\talt=\"https:\/\/files.sunoresearch.com.br\/n\/uploads\/2023\/03\/Ebook-Acoes-Desktop.jpg\"\n\t\t\t\t>\n\t\t\t<\/picture>\n\t\t<\/a>\n\t<\/p>\n\n\n","protected":false},"excerpt":{"rendered":"<p>A JALL3 entrou no radar negativo do Citi em meio \u00e0 queda dos pre\u00e7os do a\u00e7\u00facar e do etanol. O banco rebaixou a recomenda\u00e7\u00e3o da a\u00e7\u00e3o de compra para neutra e manteve o pre\u00e7o-alvo em R$ 3,50, citando um cen\u00e1rio mais pressionado para as commodities e impacto nos resultados da safra 2025\/26. Nesta quinta-feira (29), [&hellip;]<\/p>\n","protected":false},"author":402,"featured_media":546838,"comment_status":"closed","ping_status":"closed","sticky":false,"template":"","format":"standard","meta":[],"categories":[1],"tags":[105726],"suno_strategy":[],"class_list":["post-640223","post","type-post","status-publish","format-standard","has-post-thumbnail","hentry","category-uncategorized","tag-jalles-machado-jall3"],"yoast_head":"<!-- This site is optimized with the Yoast SEO plugin v24.4 - https:\/\/yoast.com\/wordpress\/plugins\/seo\/ -->\n<title>Jalles (JALL3) \u00e9 rebaixada pelo Citi ap\u00f3s queda do a\u00e7\u00facar<\/title>\n<meta name=\"description\" content=\"JALL3 cai ap\u00f3s Citi rebaixar recomenda\u00e7\u00e3o e alertar para riscos com pre\u00e7os mais fracos de a\u00e7\u00facar e etanol.\" \/>\n<meta name=\"robots\" content=\"index, follow, max-snippet:-1, max-image-preview:large, max-video-preview:-1\" \/>\n<link rel=\"canonical\" href=\"https:\/\/www.suno.com.br\/noticias\/jalles-jall3-rebaixada-citi-acucar-etanol-mt\/\" \/>\n<meta property=\"og:locale\" content=\"pt_BR\" \/>\n<meta property=\"og:type\" content=\"article\" \/>\n<meta property=\"og:title\" content=\"Jalles (JALL3) \u00e9 rebaixada pelo Citi ap\u00f3s queda do a\u00e7\u00facar\" \/>\n<meta property=\"og:description\" content=\"JALL3 cai ap\u00f3s Citi rebaixar recomenda\u00e7\u00e3o e alertar para riscos com pre\u00e7os mais fracos de a\u00e7\u00facar e etanol.\" \/>\n<meta property=\"og:url\" content=\"https:\/\/www.suno.com.br\/noticias\/jalles-jall3-rebaixada-citi-acucar-etanol-mt\/\" \/>\n<meta property=\"og:site_name\" content=\"Suno Not\u00edcias\" \/>\n<meta property=\"article:publisher\" content=\"https:\/\/facebook.com\/sunoresearch\" \/>\n<meta property=\"og:image\" content=\"https:\/\/files.sunoresearch.com.br\/n\/uploads\/2024\/04\/iStock-1497533900.jpg\" \/>\n\t<meta property=\"og:image:width\" content=\"1254\" \/>\n\t<meta property=\"og:image:height\" content=\"836\" \/>\n\t<meta property=\"og:image:type\" content=\"image\/jpeg\" \/>\n<meta name=\"author\" content=\"Ma\u00edra Telles\" \/>\n<meta name=\"twitter:card\" content=\"summary_large_image\" \/>\n<meta name=\"twitter:creator\" content=\"@sunoresearch\" \/>\n<meta name=\"twitter:site\" content=\"@sunoresearch\" \/>\n<meta name=\"twitter:label1\" content=\"Escrito por\" \/>\n\t<meta name=\"twitter:data1\" content=\"Ma\u00edra Telles\" \/>\n\t<meta name=\"twitter:label2\" content=\"Est. tempo de leitura\" \/>\n\t<meta name=\"twitter:data2\" content=\"3 minutos\" \/>\n<script type=\"application\/ld+json\" class=\"yoast-schema-graph\">{\"@context\":\"https:\/\/schema.org\",\"@graph\":[{\"@type\":\"NewsArticle\",\"@id\":\"https:\/\/www.suno.com.br\/noticias\/jalles-jall3-rebaixada-citi-acucar-etanol-mt\/#article\",\"isPartOf\":{\"@id\":\"https:\/\/www.suno.com.br\/noticias\/jalles-jall3-rebaixada-citi-acucar-etanol-mt\/\"},\"author\":{\"name\":\"Ma\u00edra Telles\",\"@id\":\"https:\/\/www.suno.com.br\/noticias\/#\/schema\/person\/0a8b51292bb96ee5f104094c0907eaef\"},\"headline\":\"A\u00e7\u00facar azeda e Citi rebaixa Jalles (JALL3) ap\u00f3s tombo das commodities\",\"datePublished\":\"2026-01-29T20:17:34+00:00\",\"dateModified\":\"2026-01-29T21:09:21+00:00\",\"mainEntityOfPage\":{\"@id\":\"https:\/\/www.suno.com.br\/noticias\/jalles-jall3-rebaixada-citi-acucar-etanol-mt\/\"},\"wordCount\":398,\"publisher\":{\"@id\":\"https:\/\/www.suno.com.br\/noticias\/#organization\"},\"image\":{\"@id\":\"https:\/\/www.suno.com.br\/noticias\/jalles-jall3-rebaixada-citi-acucar-etanol-mt\/#primaryimage\"},\"thumbnailUrl\":\"https:\/\/files.sunoresearch.com.br\/n\/uploads\/2024\/04\/iStock-1497533900.jpg\",\"keywords\":[\"Jalles Machado (JALL3)\"],\"articleSection\":[\"Mercado Financeiro\"],\"inLanguage\":\"pt-BR\"},{\"@type\":\"WebPage\",\"@id\":\"https:\/\/www.suno.com.br\/noticias\/jalles-jall3-rebaixada-citi-acucar-etanol-mt\/\",\"url\":\"https:\/\/www.suno.com.br\/noticias\/jalles-jall3-rebaixada-citi-acucar-etanol-mt\/\",\"name\":\"Jalles (JALL3) \u00e9 rebaixada pelo Citi ap\u00f3s queda do a\u00e7\u00facar\",\"isPartOf\":{\"@id\":\"https:\/\/www.suno.com.br\/noticias\/#website\"},\"primaryImageOfPage\":{\"@id\":\"https:\/\/www.suno.com.br\/noticias\/jalles-jall3-rebaixada-citi-acucar-etanol-mt\/#primaryimage\"},\"image\":{\"@id\":\"https:\/\/www.suno.com.br\/noticias\/jalles-jall3-rebaixada-citi-acucar-etanol-mt\/#primaryimage\"},\"thumbnailUrl\":\"https:\/\/files.sunoresearch.com.br\/n\/uploads\/2024\/04\/iStock-1497533900.jpg\",\"datePublished\":\"2026-01-29T20:17:34+00:00\",\"dateModified\":\"2026-01-29T21:09:21+00:00\",\"description\":\"JALL3 cai ap\u00f3s Citi rebaixar recomenda\u00e7\u00e3o e alertar para riscos com pre\u00e7os mais fracos de a\u00e7\u00facar e etanol.\",\"breadcrumb\":{\"@id\":\"https:\/\/www.suno.com.br\/noticias\/jalles-jall3-rebaixada-citi-acucar-etanol-mt\/#breadcrumb\"},\"inLanguage\":\"pt-BR\",\"potentialAction\":[{\"@type\":\"ReadAction\",\"target\":[\"https:\/\/www.suno.com.br\/noticias\/jalles-jall3-rebaixada-citi-acucar-etanol-mt\/\"]}]},{\"@type\":\"ImageObject\",\"inLanguage\":\"pt-BR\",\"@id\":\"https:\/\/www.suno.com.br\/noticias\/jalles-jall3-rebaixada-citi-acucar-etanol-mt\/#primaryimage\",\"url\":\"https:\/\/files.sunoresearch.com.br\/n\/uploads\/2024\/04\/iStock-1497533900.jpg\",\"contentUrl\":\"https:\/\/files.sunoresearch.com.br\/n\/uploads\/2024\/04\/iStock-1497533900.jpg\",\"width\":1254,\"height\":836,\"caption\":\"Ibovespa. Foto: iStock\"},{\"@type\":\"BreadcrumbList\",\"@id\":\"https:\/\/www.suno.com.br\/noticias\/jalles-jall3-rebaixada-citi-acucar-etanol-mt\/#breadcrumb\",\"itemListElement\":[{\"@type\":\"ListItem\",\"position\":1,\"name\":\"Not\u00edcias\",\"item\":\"https:\/\/www.suno.com.br\/noticias\/\"},{\"@type\":\"ListItem\",\"position\":2,\"name\":\"Mercado Financeiro\",\"item\":\"https:\/\/www.suno.com.br\/noticias\/uncategorized\/\"},{\"@type\":\"ListItem\",\"position\":3,\"name\":\"A\u00e7\u00facar azeda e Citi rebaixa Jalles (JALL3) ap\u00f3s tombo das commodities\"}]},{\"@type\":\"WebSite\",\"@id\":\"https:\/\/www.suno.com.br\/noticias\/#website\",\"url\":\"https:\/\/www.suno.com.br\/noticias\/\",\"name\":\"Suno Not\u00edcias\",\"description\":\"Seu portal de informa\u00e7\u00e3o sobre o mundo dos investimentos\",\"publisher\":{\"@id\":\"https:\/\/www.suno.com.br\/noticias\/#organization\"},\"potentialAction\":[{\"@type\":\"SearchAction\",\"target\":{\"@type\":\"EntryPoint\",\"urlTemplate\":\"https:\/\/www.suno.com.br\/noticias\/?s={search_term_string}\"},\"query-input\":{\"@type\":\"PropertyValueSpecification\",\"valueRequired\":true,\"valueName\":\"search_term_string\"}}],\"inLanguage\":\"pt-BR\"},{\"@type\":\"Organization\",\"@id\":\"https:\/\/www.suno.com.br\/noticias\/#organization\",\"name\":\"Suno Not\u00edcias\",\"url\":\"https:\/\/www.suno.com.br\/noticias\/\",\"logo\":{\"@type\":\"ImageObject\",\"inLanguage\":\"pt-BR\",\"@id\":\"https:\/\/www.suno.com.br\/noticias\/#\/schema\/logo\/image\/\",\"url\":\"https:\/\/files.sunoresearch.com.br\/n\/uploads\/2021\/09\/suno-logo.png\",\"contentUrl\":\"https:\/\/files.sunoresearch.com.br\/n\/uploads\/2021\/09\/suno-logo.png\",\"width\":180,\"height\":180,\"caption\":\"Suno Not\u00edcias\"},\"image\":{\"@id\":\"https:\/\/www.suno.com.br\/noticias\/#\/schema\/logo\/image\/\"},\"sameAs\":[\"https:\/\/facebook.com\/sunoresearch\",\"https:\/\/x.com\/sunoresearch\",\"https:\/\/www.instagram.com\/suno\",\"https:\/\/www.linkedin.com\/company\/suno-research\/\",\"https:\/\/www.youtube.com\/c\/sunoresearch\"]},{\"@type\":\"Person\",\"@id\":\"https:\/\/www.suno.com.br\/noticias\/#\/schema\/person\/0a8b51292bb96ee5f104094c0907eaef\",\"name\":\"Ma\u00edra Telles\",\"image\":{\"@type\":\"ImageObject\",\"inLanguage\":\"pt-BR\",\"@id\":\"https:\/\/www.suno.com.br\/noticias\/#\/schema\/person\/image\/\",\"url\":\"https:\/\/secure.gravatar.com\/avatar\/8d13691eab6abc1d1050b62a4c2a6116?s=96&r=g\",\"contentUrl\":\"https:\/\/secure.gravatar.com\/avatar\/8d13691eab6abc1d1050b62a4c2a6116?s=96&r=g\",\"caption\":\"Ma\u00edra Telles\"},\"description\":\"Jornalista com passagem por reda\u00e7\u00f5es como ESPN, especializa\u00e7\u00e3o em marketing digital e em gest\u00e3o de crise. Com foco no mercado financeiro e no setor agropecu\u00e1rio, desenvolve conte\u00fados estrat\u00e9gicos e especializados para m\u00faltiplas plataformas, unindo an\u00e1lise de investimentos e neg\u00f3cios\",\"url\":\"https:\/\/www.suno.com.br\/noticias\/author\/mairaftellesgmail-com\/\"}]}<\/script>\n<!-- \/ Yoast SEO plugin. -->","yoast_head_json":{"title":"Jalles (JALL3) \u00e9 rebaixada pelo Citi ap\u00f3s queda do a\u00e7\u00facar","description":"JALL3 cai ap\u00f3s Citi rebaixar recomenda\u00e7\u00e3o e alertar para riscos com pre\u00e7os mais fracos de a\u00e7\u00facar e etanol.","robots":{"index":"index","follow":"follow","max-snippet":"max-snippet:-1","max-image-preview":"max-image-preview:large","max-video-preview":"max-video-preview:-1"},"canonical":"https:\/\/www.suno.com.br\/noticias\/jalles-jall3-rebaixada-citi-acucar-etanol-mt\/","og_locale":"pt_BR","og_type":"article","og_title":"Jalles (JALL3) \u00e9 rebaixada pelo Citi ap\u00f3s queda do a\u00e7\u00facar","og_description":"JALL3 cai ap\u00f3s Citi rebaixar recomenda\u00e7\u00e3o e alertar para riscos com pre\u00e7os mais fracos de a\u00e7\u00facar e etanol.","og_url":"https:\/\/www.suno.com.br\/noticias\/jalles-jall3-rebaixada-citi-acucar-etanol-mt\/","og_site_name":"Suno Not\u00edcias","article_publisher":"https:\/\/facebook.com\/sunoresearch","og_image":[{"width":1254,"height":836,"url":"https:\/\/files.sunoresearch.com.br\/n\/uploads\/2024\/04\/iStock-1497533900.jpg","type":"image\/jpeg"}],"author":"Ma\u00edra Telles","twitter_card":"summary_large_image","twitter_creator":"@sunoresearch","twitter_site":"@sunoresearch","twitter_misc":{"Escrito por":"Ma\u00edra Telles","Est. tempo de leitura":"3 minutos"},"schema":{"@context":"https:\/\/schema.org","@graph":[{"@type":"NewsArticle","@id":"https:\/\/www.suno.com.br\/noticias\/jalles-jall3-rebaixada-citi-acucar-etanol-mt\/#article","isPartOf":{"@id":"https:\/\/www.suno.com.br\/noticias\/jalles-jall3-rebaixada-citi-acucar-etanol-mt\/"},"author":{"name":"Ma\u00edra Telles","@id":"https:\/\/www.suno.com.br\/noticias\/#\/schema\/person\/0a8b51292bb96ee5f104094c0907eaef"},"headline":"A\u00e7\u00facar azeda e Citi rebaixa Jalles (JALL3) ap\u00f3s tombo das commodities","datePublished":"2026-01-29T20:17:34+00:00","dateModified":"2026-01-29T21:09:21+00:00","mainEntityOfPage":{"@id":"https:\/\/www.suno.com.br\/noticias\/jalles-jall3-rebaixada-citi-acucar-etanol-mt\/"},"wordCount":398,"publisher":{"@id":"https:\/\/www.suno.com.br\/noticias\/#organization"},"image":{"@id":"https:\/\/www.suno.com.br\/noticias\/jalles-jall3-rebaixada-citi-acucar-etanol-mt\/#primaryimage"},"thumbnailUrl":"https:\/\/files.sunoresearch.com.br\/n\/uploads\/2024\/04\/iStock-1497533900.jpg","keywords":["Jalles Machado (JALL3)"],"articleSection":["Mercado Financeiro"],"inLanguage":"pt-BR"},{"@type":"WebPage","@id":"https:\/\/www.suno.com.br\/noticias\/jalles-jall3-rebaixada-citi-acucar-etanol-mt\/","url":"https:\/\/www.suno.com.br\/noticias\/jalles-jall3-rebaixada-citi-acucar-etanol-mt\/","name":"Jalles (JALL3) \u00e9 rebaixada pelo Citi ap\u00f3s queda do a\u00e7\u00facar","isPartOf":{"@id":"https:\/\/www.suno.com.br\/noticias\/#website"},"primaryImageOfPage":{"@id":"https:\/\/www.suno.com.br\/noticias\/jalles-jall3-rebaixada-citi-acucar-etanol-mt\/#primaryimage"},"image":{"@id":"https:\/\/www.suno.com.br\/noticias\/jalles-jall3-rebaixada-citi-acucar-etanol-mt\/#primaryimage"},"thumbnailUrl":"https:\/\/files.sunoresearch.com.br\/n\/uploads\/2024\/04\/iStock-1497533900.jpg","datePublished":"2026-01-29T20:17:34+00:00","dateModified":"2026-01-29T21:09:21+00:00","description":"JALL3 cai ap\u00f3s Citi rebaixar recomenda\u00e7\u00e3o e alertar para riscos com pre\u00e7os mais fracos de a\u00e7\u00facar e etanol.","breadcrumb":{"@id":"https:\/\/www.suno.com.br\/noticias\/jalles-jall3-rebaixada-citi-acucar-etanol-mt\/#breadcrumb"},"inLanguage":"pt-BR","potentialAction":[{"@type":"ReadAction","target":["https:\/\/www.suno.com.br\/noticias\/jalles-jall3-rebaixada-citi-acucar-etanol-mt\/"]}]},{"@type":"ImageObject","inLanguage":"pt-BR","@id":"https:\/\/www.suno.com.br\/noticias\/jalles-jall3-rebaixada-citi-acucar-etanol-mt\/#primaryimage","url":"https:\/\/files.sunoresearch.com.br\/n\/uploads\/2024\/04\/iStock-1497533900.jpg","contentUrl":"https:\/\/files.sunoresearch.com.br\/n\/uploads\/2024\/04\/iStock-1497533900.jpg","width":1254,"height":836,"caption":"Ibovespa. Foto: iStock"},{"@type":"BreadcrumbList","@id":"https:\/\/www.suno.com.br\/noticias\/jalles-jall3-rebaixada-citi-acucar-etanol-mt\/#breadcrumb","itemListElement":[{"@type":"ListItem","position":1,"name":"Not\u00edcias","item":"https:\/\/www.suno.com.br\/noticias\/"},{"@type":"ListItem","position":2,"name":"Mercado Financeiro","item":"https:\/\/www.suno.com.br\/noticias\/uncategorized\/"},{"@type":"ListItem","position":3,"name":"A\u00e7\u00facar azeda e Citi rebaixa Jalles (JALL3) ap\u00f3s tombo das commodities"}]},{"@type":"WebSite","@id":"https:\/\/www.suno.com.br\/noticias\/#website","url":"https:\/\/www.suno.com.br\/noticias\/","name":"Suno Not\u00edcias","description":"Seu portal de informa\u00e7\u00e3o sobre o mundo dos investimentos","publisher":{"@id":"https:\/\/www.suno.com.br\/noticias\/#organization"},"potentialAction":[{"@type":"SearchAction","target":{"@type":"EntryPoint","urlTemplate":"https:\/\/www.suno.com.br\/noticias\/?s={search_term_string}"},"query-input":{"@type":"PropertyValueSpecification","valueRequired":true,"valueName":"search_term_string"}}],"inLanguage":"pt-BR"},{"@type":"Organization","@id":"https:\/\/www.suno.com.br\/noticias\/#organization","name":"Suno Not\u00edcias","url":"https:\/\/www.suno.com.br\/noticias\/","logo":{"@type":"ImageObject","inLanguage":"pt-BR","@id":"https:\/\/www.suno.com.br\/noticias\/#\/schema\/logo\/image\/","url":"https:\/\/files.sunoresearch.com.br\/n\/uploads\/2021\/09\/suno-logo.png","contentUrl":"https:\/\/files.sunoresearch.com.br\/n\/uploads\/2021\/09\/suno-logo.png","width":180,"height":180,"caption":"Suno Not\u00edcias"},"image":{"@id":"https:\/\/www.suno.com.br\/noticias\/#\/schema\/logo\/image\/"},"sameAs":["https:\/\/facebook.com\/sunoresearch","https:\/\/x.com\/sunoresearch","https:\/\/www.instagram.com\/suno","https:\/\/www.linkedin.com\/company\/suno-research\/","https:\/\/www.youtube.com\/c\/sunoresearch"]},{"@type":"Person","@id":"https:\/\/www.suno.com.br\/noticias\/#\/schema\/person\/0a8b51292bb96ee5f104094c0907eaef","name":"Ma\u00edra Telles","image":{"@type":"ImageObject","inLanguage":"pt-BR","@id":"https:\/\/www.suno.com.br\/noticias\/#\/schema\/person\/image\/","url":"https:\/\/secure.gravatar.com\/avatar\/8d13691eab6abc1d1050b62a4c2a6116?s=96&r=g","contentUrl":"https:\/\/secure.gravatar.com\/avatar\/8d13691eab6abc1d1050b62a4c2a6116?s=96&r=g","caption":"Ma\u00edra Telles"},"description":"Jornalista com passagem por reda\u00e7\u00f5es como ESPN, especializa\u00e7\u00e3o em marketing digital e em gest\u00e3o de crise. Com foco no mercado financeiro e no setor agropecu\u00e1rio, desenvolve conte\u00fados estrat\u00e9gicos e especializados para m\u00faltiplas plataformas, unindo an\u00e1lise de investimentos e neg\u00f3cios","url":"https:\/\/www.suno.com.br\/noticias\/author\/mairaftellesgmail-com\/"}]}},"default_loop_html":"<div class=\"cardsPage__listCard__boxs\"><div class=\"cardsPage__listCard__boxs__img\"><a href=\"https:\/\/www.suno.com.br\/noticias\/jalles-jall3-rebaixada-citi-acucar-etanol-mt\/\"><img class=\"mask\" src=\"https:\/\/www.suno.com.br\/noticias\/wp-content\/themes\/suno\/resources\/images\/spotlight\/spotlight1img\/bg-mask.png\" alt=\"Image Mask\"\/><img src=\"https:\/\/files.sunoresearch.com.br\/n\/uploads\/2024\/04\/iStock-1497533900-400x200.jpg\" alt=\"A\u00e7\u00facar azeda e Citi rebaixa Jalles (JALL3) ap\u00f3s tombo das commodities\"\/><\/a><span class=\"spotlightCategory\"><a href=\"https:\/\/www.suno.com.br\/noticias\/uncategorized\/\">Mercado Financeiro<\/a><\/span><\/div><div class=\"cardsPage__listCard__boxs__content\"><a href=\"https:\/\/www.suno.com.br\/noticias\/jalles-jall3-rebaixada-citi-acucar-etanol-mt\/\"><h2 class=\"content__title\">A\u00e7\u00facar azeda e Citi rebaixa Jalles (JALL3) ap\u00f3s tombo das commodities<\/h2><\/a><div class=\"newsContent__article__meta\"><div class=\"newsContent__article__meta__authorBox\"><a href=\"https:\/\/www.suno.com.br\/noticias\/author\/mairaftellesgmail-com\/\" class=\"authorBox__avatar noMobi\"><img src=\"https:\/\/secure.gravatar.com\/avatar\/8d13691eab6abc1d1050b62a4c2a6116?s=96&#038;r=g\" alt=\"Ma\u00edra Telles\"><\/a><div class=\"authorBox__name\"><span>por\n\t\t\t<a href=\"https:\/\/www.suno.com.br\/noticias\/author\/mairaftellesgmail-com\/\"><span itemprop=\"author\">Ma\u00edra Telles<\/span><\/a><\/span><time datetime=\"2026-01-29T17:17:34-03:00\" itemprop=\"datePublished\">29\/01\/2026 17:17<\/time><\/div><\/div><\/div><\/div><\/div>","single_layout":"posts","amp_enabled":true,"_links":{"self":[{"href":"https:\/\/www.suno.com.br\/noticias\/wp-json\/wp\/v2\/posts\/640223"}],"collection":[{"href":"https:\/\/www.suno.com.br\/noticias\/wp-json\/wp\/v2\/posts"}],"about":[{"href":"https:\/\/www.suno.com.br\/noticias\/wp-json\/wp\/v2\/types\/post"}],"author":[{"embeddable":true,"href":"https:\/\/www.suno.com.br\/noticias\/wp-json\/wp\/v2\/users\/402"}],"replies":[{"embeddable":true,"href":"https:\/\/www.suno.com.br\/noticias\/wp-json\/wp\/v2\/comments?post=640223"}],"version-history":[{"count":1,"href":"https:\/\/www.suno.com.br\/noticias\/wp-json\/wp\/v2\/posts\/640223\/revisions"}],"predecessor-version":[{"id":640230,"href":"https:\/\/www.suno.com.br\/noticias\/wp-json\/wp\/v2\/posts\/640223\/revisions\/640230"}],"wp:featuredmedia":[{"embeddable":true,"href":"https:\/\/www.suno.com.br\/noticias\/wp-json\/wp\/v2\/media\/546838"}],"wp:attachment":[{"href":"https:\/\/www.suno.com.br\/noticias\/wp-json\/wp\/v2\/media?parent=640223"}],"wp:term":[{"taxonomy":"category","embeddable":true,"href":"https:\/\/www.suno.com.br\/noticias\/wp-json\/wp\/v2\/categories?post=640223"},{"taxonomy":"post_tag","embeddable":true,"href":"https:\/\/www.suno.com.br\/noticias\/wp-json\/wp\/v2\/tags?post=640223"},{"taxonomy":"suno_strategy","embeddable":true,"href":"https:\/\/www.suno.com.br\/noticias\/wp-json\/wp\/v2\/suno_strategy?post=640223"}],"curies":[{"name":"wp","href":"https:\/\/api.w.org\/{rel}","templated":true}]}}