{"id":640211,"date":"2026-01-29T16:15:08","date_gmt":"2026-01-29T19:15:08","guid":{"rendered":"https:\/\/www.suno.com.br\/noticias\/snel11-capta-620-mi-lideranca-b3\/"},"modified":"2026-01-29T16:15:08","modified_gmt":"2026-01-29T19:15:08","slug":"snel11-capta-620-mi-lideranca-b3","status":"publish","type":"post","link":"https:\/\/www.suno.com.br\/noticias\/snel11-capta-620-mi-lideranca-b3\/","title":{"rendered":"SNEL11 capta R$ 620 mi e vira refer\u00eancia em FII de energia"},"content":{"rendered":"<p>A B3 sediou a cerim\u00f4nia de toque de campainha que celebrou o fechamento da quarta emiss\u00e3o p\u00fablica do <strong>SNEL11<\/strong>, fundo imobili\u00e1rio focado em ativos de energia limpa. Em um ambiente desafiador para o mercado acion\u00e1rio, o FII captou mais de R$ 620 milh\u00f5es, consolidando sua presen\u00e7a entre os principais ve\u00edculos listados da bolsa paulista.<\/p>\t<div class=\"wrapper-featured-image\">\n\t\t<figure class=\"spotlightImg\">\n\n\t\t\t<picture>\n\t\t\t\t<source media=\"(max-width: 768px)\" srcset=\"https:\/\/files.sunoresearch.com.br\/n\/uploads\/2026\/01\/IMG_9787-400x200.webp\">\n\t\t\t\t<img loading=\"lazy\" decoding=\"async\" class=\"newsContent__article__imgCapa lazyloadDisabled \" src=\"https:\/\/files.sunoresearch.com.br\/n\/uploads\/2026\/01\/IMG_9787-jpg.webp\" width=\"800\" height=\"450\" alt=\"SNEL11 capta R$ 620 mi e vira refer\u00eancia em FII de energia\" fetchpriority=high \/>\n\t\t\t<\/picture>\n\n\t\t\t<figcaption class=\"wp-caption-text wp-caption-text--show\">SNEL11 na B3. Foto: Divulga\u00e7\u00e3o.<\/figcaption>\n\t\t<\/figure>\n\t<\/div>\n\n\n\n\n\n\n<p>O evento contou com dirigentes da gestora, convidados e representantes do setor financeiro. Com a nova capta\u00e7\u00e3o, o <a class=\"suno-keyword\" href=\"https:\/\/www.suno.com.br\/artigos\/valor-de-mercado\/\" target=\"_blank\" rel=\"noopener\" data-force=\"no\" data-priority=\"1\">valor de mercado<\/a> do <strong>SNEL11<\/strong> alcan\u00e7ou cerca de R$ 950 milh\u00f5es, refor\u00e7ando a posi\u00e7\u00e3o do fundo como o maior FII da B3 dedicado exclusivamente ao segmento energ\u00e9tico.<\/p>\n\n\n\n<p>Durante 2025, o mercado prim\u00e1rio apresentou baixa atividade, afetado por juros elevados e maior cautela dos investidores. Mesmo assim, a oferta do fundo avan\u00e7ou, refletindo demanda consistente por exposi\u00e7\u00e3o a energia e infraestrutura. Esse movimento evidencia a resili\u00eancia do produto em um ciclo adverso.<\/p>\n\n\n\n<p>Desde a listagem, o FII expandiu rapidamente sua base de cotistas, saindo de aproximadamente 3 mil para cerca de 65 mil investidores. Esse crescimento acompanhou a amplia\u00e7\u00e3o do portf\u00f3lio e o ganho de escala operacional, favorecendo a dilui\u00e7\u00e3o de riscos e a previsibilidade dos fluxos de caixa. A gestora destaca que a governan\u00e7a e a disciplina de aloca\u00e7\u00e3o foram essenciais nessa trajet\u00f3ria.<\/p>\n\n\n\n<h2 class=\"wp-block-heading\"><strong>SNEL11<\/strong> e a consolida\u00e7\u00e3o de uma nova classe de FII<\/h2>\n\n\n\n<p>Para a gest\u00e3o, o avan\u00e7o do fundo traduz a consolida\u00e7\u00e3o de uma categoria in\u00e9dita no universo dos FIIs: um ve\u00edculo estruturado de energia. Segundo a Suno Asset, o produto oferece alternativa real de diversifica\u00e7\u00e3o, ao lado de galp\u00f5es, lajes e cr\u00e9dito. A escala pr\u00f3xima de R$ 1 bilh\u00e3o permitiu acessar ativos maiores, negociar com players relevantes e aprofundar a atua\u00e7\u00e3o em gera\u00e7\u00e3o distribu\u00edda.<\/p>\n\n\n\n<p>O modelo de aquisi\u00e7\u00e3o tem atra\u00eddo antigos donos de usinas, que vendem os ativos e permanecem expostos via cotas. Esse arranjo converte a concentra\u00e7\u00e3o em um \u00fanico ativo em participa\u00e7\u00e3o num portf\u00f3lio diversificado, com ganhos de escala, efici\u00eancia tribut\u00e1ria e dispers\u00e3o geogr\u00e1fica. Entre as palavras-chave do momento, destacam-se a busca por \u201c<a class=\"suno-keyword\" href=\"https:\/\/www.suno.com.br\/artigos\/renda-mensal\/\" target=\"_blank\" rel=\"noopener\" data-force=\"no\" data-priority=\"1\">renda mensal<\/a>\u201d e \u201c<a class=\"suno-keyword\" href=\"https:\/\/www.suno.com.br\/artigos\/gestao-ativa\/\" target=\"_blank\" rel=\"noopener\" data-force=\"no\" data-priority=\"1\">gest\u00e3o ativa<\/a>\u201d, que refor\u00e7am o apelo do produto para diferentes perfis de investidor.<\/p>\n\n\n\n<h2 class=\"wp-block-heading\">Capta\u00e7\u00e3o robusta e tese ancorada em infla\u00e7\u00e3o<\/h2>\n\n\n\n<p>A capta\u00e7\u00e3o de R$ 620 milh\u00f5es em um ano hostil para ofertas foi um marco, sinalizando confian\u00e7a do mercado. A expectativa de queda de juros tende a aumentar a atratividade de contratos indexados, com taxa m\u00e9dia em torno de 14% mais infla\u00e7\u00e3o. Em ciclos de juros mais baixos, o pr\u00eamio real se destaca frente a alternativas de renda fixa e cr\u00e9dito privado, agregando previsibilidade aos rendimentos.<\/p>\n\n\n\n<p>Na vis\u00e3o da gestora, o movimento inaugura uma nova fase para a energia sustent\u00e1vel no <a class=\"suno-keyword\" href=\"https:\/\/www.suno.com.br\/artigos\/mercado-de-capitais-conceito\/\" target=\"_blank\" rel=\"noopener\" data-force=\"no\" data-priority=\"1\">mercado de capitais<\/a>. Mais de 65 mil investidores j\u00e1 recebem rendimentos mensais oriundos do setor, e a plataforma deve seguir na consolida\u00e7\u00e3o de ativos da economia real. A perspectiva \u00e9 de continuidade do pipeline de aquisi\u00e7\u00f5es, com participa\u00e7\u00e3o crescente de investidores institucionais e do varejo no <strong>SNEL11<\/strong>.<\/p>\n","protected":false},"excerpt":{"rendered":"<p>A B3 sediou a cerim\u00f4nia de toque de campainha que celebrou o fechamento da quarta emiss\u00e3o p\u00fablica do SNEL11, fundo imobili\u00e1rio focado em ativos de energia limpa. Em um ambiente desafiador para o mercado acion\u00e1rio, o FII captou mais de R$ 620 milh\u00f5es, consolidando sua presen\u00e7a entre os principais ve\u00edculos listados da bolsa paulista. O &hellip; Continued<\/p>\n","protected":false},"author":43,"featured_media":640212,"comment_status":"closed","ping_status":"closed","sticky":false,"template":"","format":"standard","meta":[],"categories":[64],"tags":[107095,105966],"suno_strategy":[],"class_list":["post-640211","post","type-post","status-publish","format-standard","has-post-thumbnail","hentry","category-negocios","tag-snel11","tag-suno-asset"],"yoast_head":"<!-- This site is optimized with the Yoast SEO plugin v24.4 - https:\/\/yoast.com\/wordpress\/plugins\/seo\/ -->\n<title>SNEL11 capta R$ 620 mi e consolida lideran\u00e7a na B3<\/title>\n<meta name=\"description\" content=\"SNEL11 capta R$ 620 mi na quarta oferta e atinge R$ 950 mi em valor de mercado, consolidando lideran\u00e7a entre FIIs de energia limpa na B3.\" \/>\n<meta name=\"robots\" content=\"index, follow, max-snippet:-1, max-image-preview:large, max-video-preview:-1\" \/>\n<link rel=\"canonical\" href=\"https:\/\/www.suno.com.br\/noticias\/snel11-capta-620-mi-lideranca-b3\/\" \/>\n<meta property=\"og:locale\" content=\"pt_BR\" \/>\n<meta property=\"og:type\" content=\"article\" \/>\n<meta property=\"og:title\" content=\"SNEL11 capta R$ 620 mi e consolida lideran\u00e7a na B3\" \/>\n<meta property=\"og:description\" content=\"SNEL11 capta R$ 620 mi na quarta oferta e atinge R$ 950 mi em valor de mercado, consolidando lideran\u00e7a entre FIIs de energia limpa na B3.\" \/>\n<meta property=\"og:url\" content=\"https:\/\/www.suno.com.br\/noticias\/snel11-capta-620-mi-lideranca-b3\/\" \/>\n<meta property=\"og:site_name\" content=\"Suno Not\u00edcias\" \/>\n<meta property=\"article:publisher\" content=\"https:\/\/facebook.com\/sunoresearch\" \/>\n<meta property=\"article:author\" content=\"https:\/\/www.facebook.com\/sunonoticias\/\" \/>\n<meta property=\"og:image\" content=\"http:\/\/files.sunoresearch.com.br\/n\/uploads\/2026\/01\/IMG_9787-jpg.webp\" \/>\n\t<meta property=\"og:image:width\" content=\"791\" \/>\n\t<meta property=\"og:image:height\" content=\"482\" \/>\n\t<meta property=\"og:image:type\" content=\"image\/jpeg\" \/>\n<meta name=\"author\" content=\"Reda\u00e7\u00e3o Suno Not\u00edcias\" \/>\n<meta name=\"twitter:card\" content=\"summary_large_image\" \/>\n<meta name=\"twitter:creator\" content=\"@https:\/\/twitter.com\/sunoresearch\" \/>\n<meta name=\"twitter:site\" content=\"@sunoresearch\" \/>\n<meta name=\"twitter:label1\" content=\"Escrito por\" \/>\n\t<meta name=\"twitter:data1\" content=\"Reda\u00e7\u00e3o Suno Not\u00edcias\" \/>\n\t<meta name=\"twitter:label2\" content=\"Est. tempo de leitura\" \/>\n\t<meta name=\"twitter:data2\" content=\"3 minutos\" \/>\n<script type=\"application\/ld+json\" class=\"yoast-schema-graph\">{\"@context\":\"https:\/\/schema.org\",\"@graph\":[{\"@type\":\"NewsArticle\",\"@id\":\"https:\/\/www.suno.com.br\/noticias\/snel11-capta-620-mi-lideranca-b3\/#article\",\"isPartOf\":{\"@id\":\"https:\/\/www.suno.com.br\/noticias\/snel11-capta-620-mi-lideranca-b3\/\"},\"author\":{\"name\":\"Reda\u00e7\u00e3o Suno Not\u00edcias\",\"@id\":\"https:\/\/www.suno.com.br\/noticias\/#\/schema\/person\/c1b1bd3727fa852bd045e9dbff3673ea\"},\"headline\":\"SNEL11 capta R$ 620 mi e vira refer\u00eancia em FII de energia\",\"datePublished\":\"2026-01-29T19:15:08+00:00\",\"mainEntityOfPage\":{\"@id\":\"https:\/\/www.suno.com.br\/noticias\/snel11-capta-620-mi-lideranca-b3\/\"},\"wordCount\":545,\"publisher\":{\"@id\":\"https:\/\/www.suno.com.br\/noticias\/#organization\"},\"image\":{\"@id\":\"https:\/\/www.suno.com.br\/noticias\/snel11-capta-620-mi-lideranca-b3\/#primaryimage\"},\"thumbnailUrl\":\"https:\/\/files.sunoresearch.com.br\/n\/uploads\/2026\/01\/IMG_9787-jpg.webp\",\"keywords\":[\"SNEL11\",\"Suno Asset\"],\"articleSection\":[\"Neg\u00f3cios\"],\"inLanguage\":\"pt-BR\"},{\"@type\":\"WebPage\",\"@id\":\"https:\/\/www.suno.com.br\/noticias\/snel11-capta-620-mi-lideranca-b3\/\",\"url\":\"https:\/\/www.suno.com.br\/noticias\/snel11-capta-620-mi-lideranca-b3\/\",\"name\":\"SNEL11 capta R$ 620 mi e consolida lideran\u00e7a na B3\",\"isPartOf\":{\"@id\":\"https:\/\/www.suno.com.br\/noticias\/#website\"},\"primaryImageOfPage\":{\"@id\":\"https:\/\/www.suno.com.br\/noticias\/snel11-capta-620-mi-lideranca-b3\/#primaryimage\"},\"image\":{\"@id\":\"https:\/\/www.suno.com.br\/noticias\/snel11-capta-620-mi-lideranca-b3\/#primaryimage\"},\"thumbnailUrl\":\"https:\/\/files.sunoresearch.com.br\/n\/uploads\/2026\/01\/IMG_9787-jpg.webp\",\"datePublished\":\"2026-01-29T19:15:08+00:00\",\"description\":\"SNEL11 capta R$ 620 mi na quarta oferta e atinge R$ 950 mi em valor de mercado, consolidando lideran\u00e7a entre FIIs de energia limpa na B3.\",\"breadcrumb\":{\"@id\":\"https:\/\/www.suno.com.br\/noticias\/snel11-capta-620-mi-lideranca-b3\/#breadcrumb\"},\"inLanguage\":\"pt-BR\",\"potentialAction\":[{\"@type\":\"ReadAction\",\"target\":[\"https:\/\/www.suno.com.br\/noticias\/snel11-capta-620-mi-lideranca-b3\/\"]}]},{\"@type\":\"ImageObject\",\"inLanguage\":\"pt-BR\",\"@id\":\"https:\/\/www.suno.com.br\/noticias\/snel11-capta-620-mi-lideranca-b3\/#primaryimage\",\"url\":\"https:\/\/files.sunoresearch.com.br\/n\/uploads\/2026\/01\/IMG_9787-jpg.webp\",\"contentUrl\":\"https:\/\/files.sunoresearch.com.br\/n\/uploads\/2026\/01\/IMG_9787-jpg.webp\",\"width\":791,\"height\":482,\"caption\":\"SNEL11 na B3. Foto: Divulga\u00e7\u00e3o.\"},{\"@type\":\"BreadcrumbList\",\"@id\":\"https:\/\/www.suno.com.br\/noticias\/snel11-capta-620-mi-lideranca-b3\/#breadcrumb\",\"itemListElement\":[{\"@type\":\"ListItem\",\"position\":1,\"name\":\"Not\u00edcias\",\"item\":\"https:\/\/www.suno.com.br\/noticias\/\"},{\"@type\":\"ListItem\",\"position\":2,\"name\":\"Neg\u00f3cios\",\"item\":\"https:\/\/www.suno.com.br\/noticias\/negocios\/\"},{\"@type\":\"ListItem\",\"position\":3,\"name\":\"SNEL11 capta R$ 620 mi e vira refer\u00eancia em FII de energia\"}]},{\"@type\":\"WebSite\",\"@id\":\"https:\/\/www.suno.com.br\/noticias\/#website\",\"url\":\"https:\/\/www.suno.com.br\/noticias\/\",\"name\":\"Suno Not\u00edcias\",\"description\":\"Seu portal de informa\u00e7\u00e3o sobre o mundo dos investimentos\",\"publisher\":{\"@id\":\"https:\/\/www.suno.com.br\/noticias\/#organization\"},\"potentialAction\":[{\"@type\":\"SearchAction\",\"target\":{\"@type\":\"EntryPoint\",\"urlTemplate\":\"https:\/\/www.suno.com.br\/noticias\/?s={search_term_string}\"},\"query-input\":{\"@type\":\"PropertyValueSpecification\",\"valueRequired\":true,\"valueName\":\"search_term_string\"}}],\"inLanguage\":\"pt-BR\"},{\"@type\":\"Organization\",\"@id\":\"https:\/\/www.suno.com.br\/noticias\/#organization\",\"name\":\"Suno Not\u00edcias\",\"url\":\"https:\/\/www.suno.com.br\/noticias\/\",\"logo\":{\"@type\":\"ImageObject\",\"inLanguage\":\"pt-BR\",\"@id\":\"https:\/\/www.suno.com.br\/noticias\/#\/schema\/logo\/image\/\",\"url\":\"https:\/\/files.sunoresearch.com.br\/n\/uploads\/2021\/09\/suno-logo.png\",\"contentUrl\":\"https:\/\/files.sunoresearch.com.br\/n\/uploads\/2021\/09\/suno-logo.png\",\"width\":180,\"height\":180,\"caption\":\"Suno Not\u00edcias\"},\"image\":{\"@id\":\"https:\/\/www.suno.com.br\/noticias\/#\/schema\/logo\/image\/\"},\"sameAs\":[\"https:\/\/facebook.com\/sunoresearch\",\"https:\/\/x.com\/sunoresearch\",\"https:\/\/www.instagram.com\/suno\",\"https:\/\/www.linkedin.com\/company\/suno-research\/\",\"https:\/\/www.youtube.com\/c\/sunoresearch\"]},{\"@type\":\"Person\",\"@id\":\"https:\/\/www.suno.com.br\/noticias\/#\/schema\/person\/c1b1bd3727fa852bd045e9dbff3673ea\",\"name\":\"Reda\u00e7\u00e3o Suno Not\u00edcias\",\"image\":{\"@type\":\"ImageObject\",\"inLanguage\":\"pt-BR\",\"@id\":\"https:\/\/www.suno.com.br\/noticias\/#\/schema\/person\/image\/\",\"url\":\"https:\/\/secure.gravatar.com\/avatar\/b8104b9b5a71985d5238ee59fbe418af?s=96&r=g\",\"contentUrl\":\"https:\/\/secure.gravatar.com\/avatar\/b8104b9b5a71985d5238ee59fbe418af?s=96&r=g\",\"caption\":\"Reda\u00e7\u00e3o Suno Not\u00edcias\"},\"description\":\"O Suno Not\u00edcias \u00e9 um portal de informa\u00e7\u00f5es sobre Mercado Financeiro, Pol\u00edtica, Neg\u00f3cios, Economia e Finan\u00e7as Pessoais.\",\"sameAs\":[\"https:\/\/www.suno.com.br\/noticias\",\"https:\/\/www.facebook.com\/sunonoticias\/\",\"https:\/\/www.instagram.com\/sunonoticias\/\",\"https:\/\/x.com\/https:\/\/twitter.com\/sunoresearch\",\"https:\/\/www.youtube.com\/sunonoticias\"],\"url\":\"https:\/\/www.suno.com.br\/noticias\/author\/redacao-suno\/\"}]}<\/script>\n<!-- \/ Yoast SEO plugin. -->","yoast_head_json":{"title":"SNEL11 capta R$ 620 mi e consolida lideran\u00e7a na B3","description":"SNEL11 capta R$ 620 mi na quarta oferta e atinge R$ 950 mi em valor de mercado, consolidando lideran\u00e7a entre FIIs de energia limpa na B3.","robots":{"index":"index","follow":"follow","max-snippet":"max-snippet:-1","max-image-preview":"max-image-preview:large","max-video-preview":"max-video-preview:-1"},"canonical":"https:\/\/www.suno.com.br\/noticias\/snel11-capta-620-mi-lideranca-b3\/","og_locale":"pt_BR","og_type":"article","og_title":"SNEL11 capta R$ 620 mi e consolida lideran\u00e7a na B3","og_description":"SNEL11 capta R$ 620 mi na quarta oferta e atinge R$ 950 mi em valor de mercado, consolidando lideran\u00e7a entre FIIs de energia limpa na B3.","og_url":"https:\/\/www.suno.com.br\/noticias\/snel11-capta-620-mi-lideranca-b3\/","og_site_name":"Suno Not\u00edcias","article_publisher":"https:\/\/facebook.com\/sunoresearch","article_author":"https:\/\/www.facebook.com\/sunonoticias\/","og_image":[{"width":791,"height":482,"url":"http:\/\/files.sunoresearch.com.br\/n\/uploads\/2026\/01\/IMG_9787-jpg.webp","type":"image\/jpeg"}],"author":"Reda\u00e7\u00e3o Suno Not\u00edcias","twitter_card":"summary_large_image","twitter_creator":"@https:\/\/twitter.com\/sunoresearch","twitter_site":"@sunoresearch","twitter_misc":{"Escrito por":"Reda\u00e7\u00e3o Suno Not\u00edcias","Est. tempo de leitura":"3 minutos"},"schema":{"@context":"https:\/\/schema.org","@graph":[{"@type":"NewsArticle","@id":"https:\/\/www.suno.com.br\/noticias\/snel11-capta-620-mi-lideranca-b3\/#article","isPartOf":{"@id":"https:\/\/www.suno.com.br\/noticias\/snel11-capta-620-mi-lideranca-b3\/"},"author":{"name":"Reda\u00e7\u00e3o Suno Not\u00edcias","@id":"https:\/\/www.suno.com.br\/noticias\/#\/schema\/person\/c1b1bd3727fa852bd045e9dbff3673ea"},"headline":"SNEL11 capta R$ 620 mi e vira refer\u00eancia em FII de energia","datePublished":"2026-01-29T19:15:08+00:00","mainEntityOfPage":{"@id":"https:\/\/www.suno.com.br\/noticias\/snel11-capta-620-mi-lideranca-b3\/"},"wordCount":545,"publisher":{"@id":"https:\/\/www.suno.com.br\/noticias\/#organization"},"image":{"@id":"https:\/\/www.suno.com.br\/noticias\/snel11-capta-620-mi-lideranca-b3\/#primaryimage"},"thumbnailUrl":"https:\/\/files.sunoresearch.com.br\/n\/uploads\/2026\/01\/IMG_9787-jpg.webp","keywords":["SNEL11","Suno Asset"],"articleSection":["Neg\u00f3cios"],"inLanguage":"pt-BR"},{"@type":"WebPage","@id":"https:\/\/www.suno.com.br\/noticias\/snel11-capta-620-mi-lideranca-b3\/","url":"https:\/\/www.suno.com.br\/noticias\/snel11-capta-620-mi-lideranca-b3\/","name":"SNEL11 capta R$ 620 mi e consolida lideran\u00e7a na B3","isPartOf":{"@id":"https:\/\/www.suno.com.br\/noticias\/#website"},"primaryImageOfPage":{"@id":"https:\/\/www.suno.com.br\/noticias\/snel11-capta-620-mi-lideranca-b3\/#primaryimage"},"image":{"@id":"https:\/\/www.suno.com.br\/noticias\/snel11-capta-620-mi-lideranca-b3\/#primaryimage"},"thumbnailUrl":"https:\/\/files.sunoresearch.com.br\/n\/uploads\/2026\/01\/IMG_9787-jpg.webp","datePublished":"2026-01-29T19:15:08+00:00","description":"SNEL11 capta R$ 620 mi na quarta oferta e atinge R$ 950 mi em valor de mercado, consolidando lideran\u00e7a entre FIIs de energia limpa na B3.","breadcrumb":{"@id":"https:\/\/www.suno.com.br\/noticias\/snel11-capta-620-mi-lideranca-b3\/#breadcrumb"},"inLanguage":"pt-BR","potentialAction":[{"@type":"ReadAction","target":["https:\/\/www.suno.com.br\/noticias\/snel11-capta-620-mi-lideranca-b3\/"]}]},{"@type":"ImageObject","inLanguage":"pt-BR","@id":"https:\/\/www.suno.com.br\/noticias\/snel11-capta-620-mi-lideranca-b3\/#primaryimage","url":"https:\/\/files.sunoresearch.com.br\/n\/uploads\/2026\/01\/IMG_9787-jpg.webp","contentUrl":"https:\/\/files.sunoresearch.com.br\/n\/uploads\/2026\/01\/IMG_9787-jpg.webp","width":791,"height":482,"caption":"SNEL11 na B3. Foto: Divulga\u00e7\u00e3o."},{"@type":"BreadcrumbList","@id":"https:\/\/www.suno.com.br\/noticias\/snel11-capta-620-mi-lideranca-b3\/#breadcrumb","itemListElement":[{"@type":"ListItem","position":1,"name":"Not\u00edcias","item":"https:\/\/www.suno.com.br\/noticias\/"},{"@type":"ListItem","position":2,"name":"Neg\u00f3cios","item":"https:\/\/www.suno.com.br\/noticias\/negocios\/"},{"@type":"ListItem","position":3,"name":"SNEL11 capta R$ 620 mi e vira refer\u00eancia em FII de energia"}]},{"@type":"WebSite","@id":"https:\/\/www.suno.com.br\/noticias\/#website","url":"https:\/\/www.suno.com.br\/noticias\/","name":"Suno Not\u00edcias","description":"Seu portal de informa\u00e7\u00e3o sobre o mundo dos investimentos","publisher":{"@id":"https:\/\/www.suno.com.br\/noticias\/#organization"},"potentialAction":[{"@type":"SearchAction","target":{"@type":"EntryPoint","urlTemplate":"https:\/\/www.suno.com.br\/noticias\/?s={search_term_string}"},"query-input":{"@type":"PropertyValueSpecification","valueRequired":true,"valueName":"search_term_string"}}],"inLanguage":"pt-BR"},{"@type":"Organization","@id":"https:\/\/www.suno.com.br\/noticias\/#organization","name":"Suno Not\u00edcias","url":"https:\/\/www.suno.com.br\/noticias\/","logo":{"@type":"ImageObject","inLanguage":"pt-BR","@id":"https:\/\/www.suno.com.br\/noticias\/#\/schema\/logo\/image\/","url":"https:\/\/files.sunoresearch.com.br\/n\/uploads\/2021\/09\/suno-logo.png","contentUrl":"https:\/\/files.sunoresearch.com.br\/n\/uploads\/2021\/09\/suno-logo.png","width":180,"height":180,"caption":"Suno Not\u00edcias"},"image":{"@id":"https:\/\/www.suno.com.br\/noticias\/#\/schema\/logo\/image\/"},"sameAs":["https:\/\/facebook.com\/sunoresearch","https:\/\/x.com\/sunoresearch","https:\/\/www.instagram.com\/suno","https:\/\/www.linkedin.com\/company\/suno-research\/","https:\/\/www.youtube.com\/c\/sunoresearch"]},{"@type":"Person","@id":"https:\/\/www.suno.com.br\/noticias\/#\/schema\/person\/c1b1bd3727fa852bd045e9dbff3673ea","name":"Reda\u00e7\u00e3o Suno Not\u00edcias","image":{"@type":"ImageObject","inLanguage":"pt-BR","@id":"https:\/\/www.suno.com.br\/noticias\/#\/schema\/person\/image\/","url":"https:\/\/secure.gravatar.com\/avatar\/b8104b9b5a71985d5238ee59fbe418af?s=96&r=g","contentUrl":"https:\/\/secure.gravatar.com\/avatar\/b8104b9b5a71985d5238ee59fbe418af?s=96&r=g","caption":"Reda\u00e7\u00e3o Suno Not\u00edcias"},"description":"O Suno Not\u00edcias \u00e9 um portal de informa\u00e7\u00f5es sobre Mercado Financeiro, Pol\u00edtica, Neg\u00f3cios, Economia e Finan\u00e7as Pessoais.","sameAs":["https:\/\/www.suno.com.br\/noticias","https:\/\/www.facebook.com\/sunonoticias\/","https:\/\/www.instagram.com\/sunonoticias\/","https:\/\/x.com\/https:\/\/twitter.com\/sunoresearch","https:\/\/www.youtube.com\/sunonoticias"],"url":"https:\/\/www.suno.com.br\/noticias\/author\/redacao-suno\/"}]}},"default_loop_html":"<div class=\"cardsPage__listCard__boxs\"><div class=\"cardsPage__listCard__boxs__img\"><a href=\"https:\/\/www.suno.com.br\/noticias\/snel11-capta-620-mi-lideranca-b3\/\"><img class=\"mask\" src=\"https:\/\/www.suno.com.br\/noticias\/wp-content\/themes\/suno\/resources\/images\/spotlight\/spotlight1img\/bg-mask.png\" alt=\"Image Mask\"\/><img src=\"https:\/\/files.sunoresearch.com.br\/n\/uploads\/2026\/01\/IMG_9787-400x200.webp\" alt=\"SNEL11 capta R$ 620 mi e vira refer\u00eancia em FII de energia\"\/><\/a><span class=\"spotlightCategory\"><a href=\"https:\/\/www.suno.com.br\/noticias\/negocios\/\">Neg\u00f3cios<\/a><\/span><\/div><div class=\"cardsPage__listCard__boxs__content\"><a href=\"https:\/\/www.suno.com.br\/noticias\/snel11-capta-620-mi-lideranca-b3\/\"><h2 class=\"content__title\">SNEL11 capta R$ 620 mi e vira refer\u00eancia em FII de energia<\/h2><\/a><div class=\"newsContent__article__meta\"><div class=\"newsContent__article__meta__authorBox\"><a href=\"https:\/\/www.suno.com.br\/noticias\/author\/redacao-suno\/\" class=\"authorBox__avatar noMobi\"><img src=\"https:\/\/files.sunoresearch.com.br\/n\/uploads\/2020\/08\/0ace682d-redacao-1-150x150.webp\" alt=\"Reda\u00e7\u00e3o Suno Not\u00edcias\"><\/a><div class=\"authorBox__name\"><span>por\n\t\t\t<a href=\"https:\/\/www.suno.com.br\/noticias\/author\/redacao-suno\/\"><span itemprop=\"author\">Reda\u00e7\u00e3o Suno Not\u00edcias<\/span><\/a><\/span><time datetime=\"2026-01-29T16:15:08-03:00\" itemprop=\"datePublished\">29\/01\/2026 16:15<\/time><\/div><\/div><\/div><\/div><\/div>","single_layout":"posts","amp_enabled":true,"_links":{"self":[{"href":"https:\/\/www.suno.com.br\/noticias\/wp-json\/wp\/v2\/posts\/640211"}],"collection":[{"href":"https:\/\/www.suno.com.br\/noticias\/wp-json\/wp\/v2\/posts"}],"about":[{"href":"https:\/\/www.suno.com.br\/noticias\/wp-json\/wp\/v2\/types\/post"}],"author":[{"embeddable":true,"href":"https:\/\/www.suno.com.br\/noticias\/wp-json\/wp\/v2\/users\/43"}],"replies":[{"embeddable":true,"href":"https:\/\/www.suno.com.br\/noticias\/wp-json\/wp\/v2\/comments?post=640211"}],"version-history":[{"count":0,"href":"https:\/\/www.suno.com.br\/noticias\/wp-json\/wp\/v2\/posts\/640211\/revisions"}],"wp:featuredmedia":[{"embeddable":true,"href":"https:\/\/www.suno.com.br\/noticias\/wp-json\/wp\/v2\/media\/640212"}],"wp:attachment":[{"href":"https:\/\/www.suno.com.br\/noticias\/wp-json\/wp\/v2\/media?parent=640211"}],"wp:term":[{"taxonomy":"category","embeddable":true,"href":"https:\/\/www.suno.com.br\/noticias\/wp-json\/wp\/v2\/categories?post=640211"},{"taxonomy":"post_tag","embeddable":true,"href":"https:\/\/www.suno.com.br\/noticias\/wp-json\/wp\/v2\/tags?post=640211"},{"taxonomy":"suno_strategy","embeddable":true,"href":"https:\/\/www.suno.com.br\/noticias\/wp-json\/wp\/v2\/suno_strategy?post=640211"}],"curies":[{"name":"wp","href":"https:\/\/api.w.org\/{rel}","templated":true}]}}