{"id":640146,"date":"2026-01-29T10:56:05","date_gmt":"2026-01-29T13:56:05","guid":{"rendered":"https:\/\/www.suno.com.br\/noticias\/?p=640146"},"modified":"2026-01-30T12:47:58","modified_gmt":"2026-01-30T15:47:58","slug":"embj3-btg-cadeia-suprimentos-aviacao-mt","status":"publish","type":"post","link":"https:\/\/www.suno.com.br\/noticias\/embj3-btg-cadeia-suprimentos-aviacao-mt\/","title":{"rendered":"Motores voltam a girar e BTG v\u00ea Embraer (EMBJ3) pronta para acelerar entregas"},"content":{"rendered":"<p>A\u00a0<strong><a href=\"https:\/\/www.suno.com.br\/analitica\/acoes\/embj3\/\">EMBJ3<\/a><\/strong>\u00a0segue se beneficiando da melhora na cadeia global de suprimentos da avia\u00e7\u00e3o, segundo relat\u00f3rio do BTG Pactual divulgado em 28 de janeiro. Ap\u00f3s resultados recentes de GE Aerospace e RTX, fornecedoras-chave de motores, os analistas refor\u00e7aram a vis\u00e3o positiva para a Embraer, destacando avan\u00e7o na <a class=\"suno-keyword\" data-force=\"no\" data-priority=\"1\" href=\"https:\/\/www.suno.com.br\/artigos\/capacidade-produtiva\/\" target=\"_blank\" rel=\"noopener\">capacidade produtiva<\/a> do setor e melhor visibilidade para entregas de aeronaves.<\/p>\t<div class=\"wrapper-featured-image\">\n\t\t<figure class=\"spotlightImg\">\n\n\t\t\t<picture>\n\t\t\t\t<source media=\"(max-width: 768px)\" srcset=\"https:\/\/files.sunoresearch.com.br\/n\/uploads\/2026\/01\/3ea60ba8-embraer-divulgacao-868x500-1-1-400x200.webp\">\n\t\t\t\t<img loading=\"lazy\" decoding=\"async\" class=\"newsContent__article__imgCapa lazyloadDisabled \" src=\"https:\/\/files.sunoresearch.com.br\/n\/uploads\/2026\/01\/3ea60ba8-embraer-divulgacao-868x500-1-1-800x450.webp\" width=\"800\" height=\"450\" alt=\"Motores voltam a girar e BTG v\u00ea Embraer (EMBJ3) pronta para acelerar entregas\" fetchpriority=high \/>\n\t\t\t<\/picture>\n\n\t\t\t<figcaption class=\"wp-caption-text wp-caption-text--show\">Embraer (EMBJ3):  (Foto: Divulga\u00e7\u00e3o)<\/figcaption>\n\t\t<\/figure>\n\t<\/div>\n\n\n\n\n\n\t<p>\n\t\t<a href=\"https:\/\/lp.suno.com.br\/planilha-da-vida-financeira\/\" target=\"_blank\" data-element=\"shortcode-suno-banner\" title=\"Banner SUNO, clique e saiba mais\">\n\t\t\t<picture>\n\t\t\t\t<source media=\"(max-width: 500px)\" srcset=\"https:\/\/files.sunoresearch.com.br\/n\/uploads\/2023\/04\/400x300-Planilha-vida-financeira-true.png\">\n\t\t\t\t<img class=\"newsContent__article__imgCapa newsContent__article__imgCapa--banner\"\n\t\t\t\t\tsrc=\"https:\/\/files.sunoresearch.com.br\/n\/uploads\/2023\/04\/1420x240-Planilha-vida-financeira-true.png\"\n\t\t\t\t\tdata-promo-id=\"383123\"\t\t\t\t\t\t\t\t\t\twidth='1420' height='240'\t\t\t\t\talt=\"https:\/\/files.sunoresearch.com.br\/n\/uploads\/2023\/04\/1420x240-Planilha-vida-financeira-true.png\"\n\t\t\t\t>\n\t\t\t<\/picture>\n\t\t<\/a>\n\t<\/p>\n\n\n\n\n\n<h3 class=\"wp-block-heading\">Fornecedores destravam produ\u00e7\u00e3o da&nbsp;<strong>EMBJ3<\/strong><\/h3>\n\n\n\n<p>A GE, respons\u00e1vel por motores da fam\u00edlia E1 da Embraer, reportou forte crescimento nas entregas e melhora relevante na cadeia de suprimentos. A companhia encerrou 2025 com cerca de 3 mil motores entregues, alta de 26% em rela\u00e7\u00e3o ao ano anterior, com destaque para os motores LEAP, que cresceram 28%.<\/p>\n\n\n\n<p>J\u00e1 a RTX, dona da Pratt &amp; Whitney \u2014 fornecedora dos motores da fam\u00edlia E2 \u2014 tamb\u00e9m apresentou avan\u00e7o nas entregas. Segundo o relat\u00f3rio, a fabricante registrou melhora sequencial na produ\u00e7\u00e3o e levou as entregas de motores comerciais para cerca de 1,1 mil unidades em 2025. Para o BTG, isso reduz gargalos e d\u00e1 mais seguran\u00e7a ao ritmo de produ\u00e7\u00e3o da Embraer.<\/p>\n\n\n\n<h3 class=\"wp-block-heading\">Carteira recorde e foco em execu\u00e7\u00e3o<\/h3>\n\n\n\t<p>\n\t\t<a href=\"https:\/\/lp.suno.com.br\/planilha-da-vida-financeira\/\" target=\"_blank\" data-element=\"shortcode-suno-banner\" title=\"Banner SUNO, clique e saiba mais\">\n\t\t\t<picture>\n\t\t\t\t<source media=\"(max-width: 500px)\" srcset=\"https:\/\/files.sunoresearch.com.br\/n\/uploads\/2023\/04\/400x300-Planilha-vida-financeira-true.png\">\n\t\t\t\t<img class=\"newsContent__article__imgCapa newsContent__article__imgCapa--banner\"\n\t\t\t\t\tsrc=\"https:\/\/files.sunoresearch.com.br\/n\/uploads\/2023\/04\/1420x240-Planilha-vida-financeira-true.png\"\n\t\t\t\t\tdata-promo-id=\"106682\"\t\t\t\t\t\t\t\t\t\twidth='1420' height='240'\t\t\t\t\talt=\"https:\/\/files.sunoresearch.com.br\/n\/uploads\/2023\/04\/1420x240-Planilha-vida-financeira-true.png\"\n\t\t\t\t>\n\t\t\t<\/picture>\n\t\t<\/a>\n\t<\/p>\n\n\n\n\n\n<p>Al\u00e9m da melhora nos fornecedores, a Embraer encerrou o per\u00edodo com carteira de pedidos recorde de US$ 31,6 bilh\u00f5es, alta de 20% em rela\u00e7\u00e3o ao ano anterior. Os analistas destacam que 2024 foi um ano forte em encomendas e que o foco agora deve migrar gradualmente da entrada de pedidos para a execu\u00e7\u00e3o e entrega das aeronaves.<\/p>\n\n\n\n<p>Segundo o BTG, o mercado passa a olhar com mais aten\u00e7\u00e3o para a capacidade da empresa de ampliar entregas e margens de forma sequencial. Ainda assim, o banco mant\u00e9m vis\u00e3o construtiva para o papel, apoiada na melhora operacional e no desconto em rela\u00e7\u00e3o a concorrentes globais.<\/p>\n\n\n\n<p>Na avalia\u00e7\u00e3o dos analistas, \u201cos resultados dos fornecedores e pares refor\u00e7am uma tend\u00eancia de melhora na cadeia de suprimentos\u201d, cen\u00e1rio que sustenta a recomenda\u00e7\u00e3o de compra para a&nbsp;EMBJ3.<\/p>\n\n\n\n\n\t<p>\n\t\t<a href=\"https:\/\/lp.suno.com.br\/ebook-como-analisar-uma-acao\/\" target=\"_blank\" data-element=\"shortcode-suno-banner\" title=\"Banner SUNO, clique e saiba mais\">\n\t\t\t<picture>\n\t\t\t\t<source media=\"(max-width: 500px)\" srcset=\"https:\/\/files.sunoresearch.com.br\/n\/uploads\/2023\/03\/Ebook-Acoes-Mobile.jpg\">\n\t\t\t\t<img class=\"newsContent__article__imgCapa newsContent__article__imgCapa--banner\"\n\t\t\t\t\tsrc=\"https:\/\/files.sunoresearch.com.br\/n\/uploads\/2023\/03\/Ebook-Acoes-Desktop.jpg\"\n\t\t\t\t\tdata-promo-id=\"378302\"\t\t\t\t\t\t\t\t\t\twidth='1420' height='286'\t\t\t\t\talt=\"https:\/\/files.sunoresearch.com.br\/n\/uploads\/2023\/03\/Ebook-Acoes-Desktop.jpg\"\n\t\t\t\t>\n\t\t\t<\/picture>\n\t\t<\/a>\n\t<\/p>\n\n\n","protected":false},"excerpt":{"rendered":"<p>A\u00a0EMBJ3\u00a0segue se beneficiando da melhora na cadeia global de suprimentos da avia\u00e7\u00e3o, segundo relat\u00f3rio do BTG Pactual divulgado em 28 de janeiro. Ap\u00f3s resultados recentes de GE Aerospace e RTX, fornecedoras-chave de motores, os analistas refor\u00e7aram a vis\u00e3o positiva para a Embraer, destacando avan\u00e7o na capacidade produtiva do setor e melhor visibilidade para entregas de [&hellip;]<\/p>\n","protected":false},"author":402,"featured_media":637927,"comment_status":"closed","ping_status":"closed","sticky":false,"template":"","format":"standard","meta":[],"categories":[64],"tags":[460],"suno_strategy":[],"class_list":["post-640146","post","type-post","status-publish","format-standard","has-post-thumbnail","hentry","category-negocios","tag-embraer-embr3"],"yoast_head":"<!-- This site is optimized with the Yoast SEO plugin v24.4 - https:\/\/yoast.com\/wordpress\/plugins\/seo\/ -->\n<title>Embraer (EMBJ3) pode decolar com melhora na cadeia global<\/title>\n<meta name=\"description\" content=\"EMBJ3 \u00e9 mantida como compra pelo BTG, que v\u00ea melhora na cadeia de suprimentos e mais visibilidade para entregas de aeronaves\" \/>\n<meta name=\"robots\" content=\"index, follow, max-snippet:-1, max-image-preview:large, max-video-preview:-1\" \/>\n<link rel=\"canonical\" href=\"https:\/\/www.suno.com.br\/noticias\/embj3-btg-cadeia-suprimentos-aviacao-mt\/\" \/>\n<meta property=\"og:locale\" content=\"pt_BR\" \/>\n<meta property=\"og:type\" content=\"article\" \/>\n<meta property=\"og:title\" content=\"Embraer (EMBJ3) pode decolar com melhora na cadeia global\" \/>\n<meta property=\"og:description\" content=\"EMBJ3 \u00e9 mantida como compra pelo BTG, que v\u00ea melhora na cadeia de suprimentos e mais visibilidade para entregas de aeronaves\" \/>\n<meta property=\"og:url\" content=\"https:\/\/www.suno.com.br\/noticias\/embj3-btg-cadeia-suprimentos-aviacao-mt\/\" \/>\n<meta property=\"og:site_name\" content=\"Suno Not\u00edcias\" \/>\n<meta property=\"article:publisher\" content=\"https:\/\/facebook.com\/sunoresearch\" \/>\n<meta property=\"og:image\" content=\"https:\/\/files.sunoresearch.com.br\/n\/uploads\/2026\/01\/3ea60ba8-embraer-divulgacao-868x500-1-1-jpg.webp\" \/>\n\t<meta property=\"og:image:width\" content=\"868\" \/>\n\t<meta property=\"og:image:height\" content=\"500\" \/>\n\t<meta property=\"og:image:type\" content=\"image\/jpeg\" \/>\n<meta name=\"author\" content=\"Ma\u00edra Telles\" \/>\n<meta name=\"twitter:card\" content=\"summary_large_image\" \/>\n<meta name=\"twitter:creator\" content=\"@sunoresearch\" \/>\n<meta name=\"twitter:site\" content=\"@sunoresearch\" \/>\n<meta name=\"twitter:label1\" content=\"Escrito por\" \/>\n\t<meta name=\"twitter:data1\" content=\"Ma\u00edra Telles\" \/>\n\t<meta name=\"twitter:label2\" content=\"Est. tempo de leitura\" \/>\n\t<meta name=\"twitter:data2\" content=\"2 minutos\" \/>\n<script type=\"application\/ld+json\" class=\"yoast-schema-graph\">{\"@context\":\"https:\/\/schema.org\",\"@graph\":[{\"@type\":\"NewsArticle\",\"@id\":\"https:\/\/www.suno.com.br\/noticias\/embj3-btg-cadeia-suprimentos-aviacao-mt\/#article\",\"isPartOf\":{\"@id\":\"https:\/\/www.suno.com.br\/noticias\/embj3-btg-cadeia-suprimentos-aviacao-mt\/\"},\"author\":{\"name\":\"Ma\u00edra Telles\",\"@id\":\"https:\/\/www.suno.com.br\/noticias\/#\/schema\/person\/0a8b51292bb96ee5f104094c0907eaef\"},\"headline\":\"Motores voltam a girar e BTG v\u00ea Embraer (EMBJ3) pronta para acelerar entregas\",\"datePublished\":\"2026-01-29T13:56:05+00:00\",\"dateModified\":\"2026-01-30T15:47:58+00:00\",\"mainEntityOfPage\":{\"@id\":\"https:\/\/www.suno.com.br\/noticias\/embj3-btg-cadeia-suprimentos-aviacao-mt\/\"},\"wordCount\":357,\"publisher\":{\"@id\":\"https:\/\/www.suno.com.br\/noticias\/#organization\"},\"image\":{\"@id\":\"https:\/\/www.suno.com.br\/noticias\/embj3-btg-cadeia-suprimentos-aviacao-mt\/#primaryimage\"},\"thumbnailUrl\":\"https:\/\/files.sunoresearch.com.br\/n\/uploads\/2026\/01\/3ea60ba8-embraer-divulgacao-868x500-1-1-jpg.webp\",\"keywords\":[\"Embraer (EMBR3)\"],\"articleSection\":[\"Neg\u00f3cios\"],\"inLanguage\":\"pt-BR\"},{\"@type\":\"WebPage\",\"@id\":\"https:\/\/www.suno.com.br\/noticias\/embj3-btg-cadeia-suprimentos-aviacao-mt\/\",\"url\":\"https:\/\/www.suno.com.br\/noticias\/embj3-btg-cadeia-suprimentos-aviacao-mt\/\",\"name\":\"Embraer (EMBJ3) pode decolar com melhora na cadeia global\",\"isPartOf\":{\"@id\":\"https:\/\/www.suno.com.br\/noticias\/#website\"},\"primaryImageOfPage\":{\"@id\":\"https:\/\/www.suno.com.br\/noticias\/embj3-btg-cadeia-suprimentos-aviacao-mt\/#primaryimage\"},\"image\":{\"@id\":\"https:\/\/www.suno.com.br\/noticias\/embj3-btg-cadeia-suprimentos-aviacao-mt\/#primaryimage\"},\"thumbnailUrl\":\"https:\/\/files.sunoresearch.com.br\/n\/uploads\/2026\/01\/3ea60ba8-embraer-divulgacao-868x500-1-1-jpg.webp\",\"datePublished\":\"2026-01-29T13:56:05+00:00\",\"dateModified\":\"2026-01-30T15:47:58+00:00\",\"description\":\"EMBJ3 \u00e9 mantida como compra pelo BTG, que v\u00ea melhora na cadeia de suprimentos e mais visibilidade para entregas de aeronaves\",\"breadcrumb\":{\"@id\":\"https:\/\/www.suno.com.br\/noticias\/embj3-btg-cadeia-suprimentos-aviacao-mt\/#breadcrumb\"},\"inLanguage\":\"pt-BR\",\"potentialAction\":[{\"@type\":\"ReadAction\",\"target\":[\"https:\/\/www.suno.com.br\/noticias\/embj3-btg-cadeia-suprimentos-aviacao-mt\/\"]}]},{\"@type\":\"ImageObject\",\"inLanguage\":\"pt-BR\",\"@id\":\"https:\/\/www.suno.com.br\/noticias\/embj3-btg-cadeia-suprimentos-aviacao-mt\/#primaryimage\",\"url\":\"https:\/\/files.sunoresearch.com.br\/n\/uploads\/2026\/01\/3ea60ba8-embraer-divulgacao-868x500-1-1-jpg.webp\",\"contentUrl\":\"https:\/\/files.sunoresearch.com.br\/n\/uploads\/2026\/01\/3ea60ba8-embraer-divulgacao-868x500-1-1-jpg.webp\",\"width\":868,\"height\":500,\"caption\":\"Embraer (EMBJ3): (Foto: Divulga\u00e7\u00e3o)\"},{\"@type\":\"BreadcrumbList\",\"@id\":\"https:\/\/www.suno.com.br\/noticias\/embj3-btg-cadeia-suprimentos-aviacao-mt\/#breadcrumb\",\"itemListElement\":[{\"@type\":\"ListItem\",\"position\":1,\"name\":\"Not\u00edcias\",\"item\":\"https:\/\/www.suno.com.br\/noticias\/\"},{\"@type\":\"ListItem\",\"position\":2,\"name\":\"Neg\u00f3cios\",\"item\":\"https:\/\/www.suno.com.br\/noticias\/negocios\/\"},{\"@type\":\"ListItem\",\"position\":3,\"name\":\"Motores voltam a girar e BTG v\u00ea Embraer (EMBJ3) pronta para acelerar entregas\"}]},{\"@type\":\"WebSite\",\"@id\":\"https:\/\/www.suno.com.br\/noticias\/#website\",\"url\":\"https:\/\/www.suno.com.br\/noticias\/\",\"name\":\"Suno Not\u00edcias\",\"description\":\"Seu portal de informa\u00e7\u00e3o sobre o mundo dos investimentos\",\"publisher\":{\"@id\":\"https:\/\/www.suno.com.br\/noticias\/#organization\"},\"potentialAction\":[{\"@type\":\"SearchAction\",\"target\":{\"@type\":\"EntryPoint\",\"urlTemplate\":\"https:\/\/www.suno.com.br\/noticias\/?s={search_term_string}\"},\"query-input\":{\"@type\":\"PropertyValueSpecification\",\"valueRequired\":true,\"valueName\":\"search_term_string\"}}],\"inLanguage\":\"pt-BR\"},{\"@type\":\"Organization\",\"@id\":\"https:\/\/www.suno.com.br\/noticias\/#organization\",\"name\":\"Suno Not\u00edcias\",\"url\":\"https:\/\/www.suno.com.br\/noticias\/\",\"logo\":{\"@type\":\"ImageObject\",\"inLanguage\":\"pt-BR\",\"@id\":\"https:\/\/www.suno.com.br\/noticias\/#\/schema\/logo\/image\/\",\"url\":\"https:\/\/files.sunoresearch.com.br\/n\/uploads\/2021\/09\/suno-logo.png\",\"contentUrl\":\"https:\/\/files.sunoresearch.com.br\/n\/uploads\/2021\/09\/suno-logo.png\",\"width\":180,\"height\":180,\"caption\":\"Suno Not\u00edcias\"},\"image\":{\"@id\":\"https:\/\/www.suno.com.br\/noticias\/#\/schema\/logo\/image\/\"},\"sameAs\":[\"https:\/\/facebook.com\/sunoresearch\",\"https:\/\/x.com\/sunoresearch\",\"https:\/\/www.instagram.com\/suno\",\"https:\/\/www.linkedin.com\/company\/suno-research\/\",\"https:\/\/www.youtube.com\/c\/sunoresearch\"]},{\"@type\":\"Person\",\"@id\":\"https:\/\/www.suno.com.br\/noticias\/#\/schema\/person\/0a8b51292bb96ee5f104094c0907eaef\",\"name\":\"Ma\u00edra Telles\",\"image\":{\"@type\":\"ImageObject\",\"inLanguage\":\"pt-BR\",\"@id\":\"https:\/\/www.suno.com.br\/noticias\/#\/schema\/person\/image\/\",\"url\":\"https:\/\/secure.gravatar.com\/avatar\/8d13691eab6abc1d1050b62a4c2a6116?s=96&r=g\",\"contentUrl\":\"https:\/\/secure.gravatar.com\/avatar\/8d13691eab6abc1d1050b62a4c2a6116?s=96&r=g\",\"caption\":\"Ma\u00edra Telles\"},\"description\":\"Jornalista com passagem por reda\u00e7\u00f5es como ESPN, especializa\u00e7\u00e3o em marketing digital e em gest\u00e3o de crise. Com foco no mercado financeiro e no setor agropecu\u00e1rio, desenvolve conte\u00fados estrat\u00e9gicos e especializados para m\u00faltiplas plataformas, unindo an\u00e1lise de investimentos e neg\u00f3cios\",\"url\":\"https:\/\/www.suno.com.br\/noticias\/author\/mairaftellesgmail-com\/\"}]}<\/script>\n<!-- \/ Yoast SEO plugin. -->","yoast_head_json":{"title":"Embraer (EMBJ3) pode decolar com melhora na cadeia global","description":"EMBJ3 \u00e9 mantida como compra pelo BTG, que v\u00ea melhora na cadeia de suprimentos e mais visibilidade para entregas de aeronaves","robots":{"index":"index","follow":"follow","max-snippet":"max-snippet:-1","max-image-preview":"max-image-preview:large","max-video-preview":"max-video-preview:-1"},"canonical":"https:\/\/www.suno.com.br\/noticias\/embj3-btg-cadeia-suprimentos-aviacao-mt\/","og_locale":"pt_BR","og_type":"article","og_title":"Embraer (EMBJ3) pode decolar com melhora na cadeia global","og_description":"EMBJ3 \u00e9 mantida como compra pelo BTG, que v\u00ea melhora na cadeia de suprimentos e mais visibilidade para entregas de aeronaves","og_url":"https:\/\/www.suno.com.br\/noticias\/embj3-btg-cadeia-suprimentos-aviacao-mt\/","og_site_name":"Suno Not\u00edcias","article_publisher":"https:\/\/facebook.com\/sunoresearch","og_image":[{"width":868,"height":500,"url":"https:\/\/files.sunoresearch.com.br\/n\/uploads\/2026\/01\/3ea60ba8-embraer-divulgacao-868x500-1-1-jpg.webp","type":"image\/jpeg"}],"author":"Ma\u00edra Telles","twitter_card":"summary_large_image","twitter_creator":"@sunoresearch","twitter_site":"@sunoresearch","twitter_misc":{"Escrito por":"Ma\u00edra Telles","Est. tempo de leitura":"2 minutos"},"schema":{"@context":"https:\/\/schema.org","@graph":[{"@type":"NewsArticle","@id":"https:\/\/www.suno.com.br\/noticias\/embj3-btg-cadeia-suprimentos-aviacao-mt\/#article","isPartOf":{"@id":"https:\/\/www.suno.com.br\/noticias\/embj3-btg-cadeia-suprimentos-aviacao-mt\/"},"author":{"name":"Ma\u00edra Telles","@id":"https:\/\/www.suno.com.br\/noticias\/#\/schema\/person\/0a8b51292bb96ee5f104094c0907eaef"},"headline":"Motores voltam a girar e BTG v\u00ea Embraer (EMBJ3) pronta para acelerar entregas","datePublished":"2026-01-29T13:56:05+00:00","dateModified":"2026-01-30T15:47:58+00:00","mainEntityOfPage":{"@id":"https:\/\/www.suno.com.br\/noticias\/embj3-btg-cadeia-suprimentos-aviacao-mt\/"},"wordCount":357,"publisher":{"@id":"https:\/\/www.suno.com.br\/noticias\/#organization"},"image":{"@id":"https:\/\/www.suno.com.br\/noticias\/embj3-btg-cadeia-suprimentos-aviacao-mt\/#primaryimage"},"thumbnailUrl":"https:\/\/files.sunoresearch.com.br\/n\/uploads\/2026\/01\/3ea60ba8-embraer-divulgacao-868x500-1-1-jpg.webp","keywords":["Embraer (EMBR3)"],"articleSection":["Neg\u00f3cios"],"inLanguage":"pt-BR"},{"@type":"WebPage","@id":"https:\/\/www.suno.com.br\/noticias\/embj3-btg-cadeia-suprimentos-aviacao-mt\/","url":"https:\/\/www.suno.com.br\/noticias\/embj3-btg-cadeia-suprimentos-aviacao-mt\/","name":"Embraer (EMBJ3) pode decolar com melhora na cadeia global","isPartOf":{"@id":"https:\/\/www.suno.com.br\/noticias\/#website"},"primaryImageOfPage":{"@id":"https:\/\/www.suno.com.br\/noticias\/embj3-btg-cadeia-suprimentos-aviacao-mt\/#primaryimage"},"image":{"@id":"https:\/\/www.suno.com.br\/noticias\/embj3-btg-cadeia-suprimentos-aviacao-mt\/#primaryimage"},"thumbnailUrl":"https:\/\/files.sunoresearch.com.br\/n\/uploads\/2026\/01\/3ea60ba8-embraer-divulgacao-868x500-1-1-jpg.webp","datePublished":"2026-01-29T13:56:05+00:00","dateModified":"2026-01-30T15:47:58+00:00","description":"EMBJ3 \u00e9 mantida como compra pelo BTG, que v\u00ea melhora na cadeia de suprimentos e mais visibilidade para entregas de aeronaves","breadcrumb":{"@id":"https:\/\/www.suno.com.br\/noticias\/embj3-btg-cadeia-suprimentos-aviacao-mt\/#breadcrumb"},"inLanguage":"pt-BR","potentialAction":[{"@type":"ReadAction","target":["https:\/\/www.suno.com.br\/noticias\/embj3-btg-cadeia-suprimentos-aviacao-mt\/"]}]},{"@type":"ImageObject","inLanguage":"pt-BR","@id":"https:\/\/www.suno.com.br\/noticias\/embj3-btg-cadeia-suprimentos-aviacao-mt\/#primaryimage","url":"https:\/\/files.sunoresearch.com.br\/n\/uploads\/2026\/01\/3ea60ba8-embraer-divulgacao-868x500-1-1-jpg.webp","contentUrl":"https:\/\/files.sunoresearch.com.br\/n\/uploads\/2026\/01\/3ea60ba8-embraer-divulgacao-868x500-1-1-jpg.webp","width":868,"height":500,"caption":"Embraer (EMBJ3): (Foto: Divulga\u00e7\u00e3o)"},{"@type":"BreadcrumbList","@id":"https:\/\/www.suno.com.br\/noticias\/embj3-btg-cadeia-suprimentos-aviacao-mt\/#breadcrumb","itemListElement":[{"@type":"ListItem","position":1,"name":"Not\u00edcias","item":"https:\/\/www.suno.com.br\/noticias\/"},{"@type":"ListItem","position":2,"name":"Neg\u00f3cios","item":"https:\/\/www.suno.com.br\/noticias\/negocios\/"},{"@type":"ListItem","position":3,"name":"Motores voltam a girar e BTG v\u00ea Embraer (EMBJ3) pronta para acelerar entregas"}]},{"@type":"WebSite","@id":"https:\/\/www.suno.com.br\/noticias\/#website","url":"https:\/\/www.suno.com.br\/noticias\/","name":"Suno Not\u00edcias","description":"Seu portal de informa\u00e7\u00e3o sobre o mundo dos investimentos","publisher":{"@id":"https:\/\/www.suno.com.br\/noticias\/#organization"},"potentialAction":[{"@type":"SearchAction","target":{"@type":"EntryPoint","urlTemplate":"https:\/\/www.suno.com.br\/noticias\/?s={search_term_string}"},"query-input":{"@type":"PropertyValueSpecification","valueRequired":true,"valueName":"search_term_string"}}],"inLanguage":"pt-BR"},{"@type":"Organization","@id":"https:\/\/www.suno.com.br\/noticias\/#organization","name":"Suno Not\u00edcias","url":"https:\/\/www.suno.com.br\/noticias\/","logo":{"@type":"ImageObject","inLanguage":"pt-BR","@id":"https:\/\/www.suno.com.br\/noticias\/#\/schema\/logo\/image\/","url":"https:\/\/files.sunoresearch.com.br\/n\/uploads\/2021\/09\/suno-logo.png","contentUrl":"https:\/\/files.sunoresearch.com.br\/n\/uploads\/2021\/09\/suno-logo.png","width":180,"height":180,"caption":"Suno Not\u00edcias"},"image":{"@id":"https:\/\/www.suno.com.br\/noticias\/#\/schema\/logo\/image\/"},"sameAs":["https:\/\/facebook.com\/sunoresearch","https:\/\/x.com\/sunoresearch","https:\/\/www.instagram.com\/suno","https:\/\/www.linkedin.com\/company\/suno-research\/","https:\/\/www.youtube.com\/c\/sunoresearch"]},{"@type":"Person","@id":"https:\/\/www.suno.com.br\/noticias\/#\/schema\/person\/0a8b51292bb96ee5f104094c0907eaef","name":"Ma\u00edra Telles","image":{"@type":"ImageObject","inLanguage":"pt-BR","@id":"https:\/\/www.suno.com.br\/noticias\/#\/schema\/person\/image\/","url":"https:\/\/secure.gravatar.com\/avatar\/8d13691eab6abc1d1050b62a4c2a6116?s=96&r=g","contentUrl":"https:\/\/secure.gravatar.com\/avatar\/8d13691eab6abc1d1050b62a4c2a6116?s=96&r=g","caption":"Ma\u00edra Telles"},"description":"Jornalista com passagem por reda\u00e7\u00f5es como ESPN, especializa\u00e7\u00e3o em marketing digital e em gest\u00e3o de crise. Com foco no mercado financeiro e no setor agropecu\u00e1rio, desenvolve conte\u00fados estrat\u00e9gicos e especializados para m\u00faltiplas plataformas, unindo an\u00e1lise de investimentos e neg\u00f3cios","url":"https:\/\/www.suno.com.br\/noticias\/author\/mairaftellesgmail-com\/"}]}},"default_loop_html":"<div class=\"cardsPage__listCard__boxs\"><div class=\"cardsPage__listCard__boxs__img\"><a href=\"https:\/\/www.suno.com.br\/noticias\/embj3-btg-cadeia-suprimentos-aviacao-mt\/\"><img class=\"mask\" src=\"https:\/\/www.suno.com.br\/noticias\/wp-content\/themes\/suno\/resources\/images\/spotlight\/spotlight1img\/bg-mask.png\" alt=\"Image Mask\"\/><img src=\"https:\/\/files.sunoresearch.com.br\/n\/uploads\/2026\/01\/3ea60ba8-embraer-divulgacao-868x500-1-1-400x200.webp\" alt=\"Motores voltam a girar e BTG v\u00ea Embraer (EMBJ3) pronta para acelerar entregas\"\/><\/a><span class=\"spotlightCategory\"><a href=\"https:\/\/www.suno.com.br\/noticias\/negocios\/\">Neg\u00f3cios<\/a><\/span><\/div><div class=\"cardsPage__listCard__boxs__content\"><a href=\"https:\/\/www.suno.com.br\/noticias\/embj3-btg-cadeia-suprimentos-aviacao-mt\/\"><h2 class=\"content__title\">Motores voltam a girar e BTG v\u00ea Embraer (EMBJ3) pronta para acelerar entregas<\/h2><\/a><div class=\"newsContent__article__meta\"><div class=\"newsContent__article__meta__authorBox\"><a href=\"https:\/\/www.suno.com.br\/noticias\/author\/mairaftellesgmail-com\/\" class=\"authorBox__avatar noMobi\"><img src=\"https:\/\/secure.gravatar.com\/avatar\/8d13691eab6abc1d1050b62a4c2a6116?s=96&#038;r=g\" alt=\"Ma\u00edra Telles\"><\/a><div class=\"authorBox__name\"><span>por\n\t\t\t<a href=\"https:\/\/www.suno.com.br\/noticias\/author\/mairaftellesgmail-com\/\"><span itemprop=\"author\">Ma\u00edra Telles<\/span><\/a><\/span><time datetime=\"2026-01-29T10:56:05-03:00\" itemprop=\"datePublished\">29\/01\/2026 10:56<\/time><\/div><\/div><\/div><\/div><\/div>","single_layout":"posts","amp_enabled":true,"_links":{"self":[{"href":"https:\/\/www.suno.com.br\/noticias\/wp-json\/wp\/v2\/posts\/640146"}],"collection":[{"href":"https:\/\/www.suno.com.br\/noticias\/wp-json\/wp\/v2\/posts"}],"about":[{"href":"https:\/\/www.suno.com.br\/noticias\/wp-json\/wp\/v2\/types\/post"}],"author":[{"embeddable":true,"href":"https:\/\/www.suno.com.br\/noticias\/wp-json\/wp\/v2\/users\/402"}],"replies":[{"embeddable":true,"href":"https:\/\/www.suno.com.br\/noticias\/wp-json\/wp\/v2\/comments?post=640146"}],"version-history":[{"count":3,"href":"https:\/\/www.suno.com.br\/noticias\/wp-json\/wp\/v2\/posts\/640146\/revisions"}],"predecessor-version":[{"id":640359,"href":"https:\/\/www.suno.com.br\/noticias\/wp-json\/wp\/v2\/posts\/640146\/revisions\/640359"}],"wp:featuredmedia":[{"embeddable":true,"href":"https:\/\/www.suno.com.br\/noticias\/wp-json\/wp\/v2\/media\/637927"}],"wp:attachment":[{"href":"https:\/\/www.suno.com.br\/noticias\/wp-json\/wp\/v2\/media?parent=640146"}],"wp:term":[{"taxonomy":"category","embeddable":true,"href":"https:\/\/www.suno.com.br\/noticias\/wp-json\/wp\/v2\/categories?post=640146"},{"taxonomy":"post_tag","embeddable":true,"href":"https:\/\/www.suno.com.br\/noticias\/wp-json\/wp\/v2\/tags?post=640146"},{"taxonomy":"suno_strategy","embeddable":true,"href":"https:\/\/www.suno.com.br\/noticias\/wp-json\/wp\/v2\/suno_strategy?post=640146"}],"curies":[{"name":"wp","href":"https:\/\/api.w.org\/{rel}","templated":true}]}}