{"id":640079,"date":"2026-01-28T18:55:10","date_gmt":"2026-01-28T21:55:10","guid":{"rendered":"https:\/\/www.suno.com.br\/noticias\/ifix-sobe-fecha-384856-pontos\/"},"modified":"2026-01-28T18:55:10","modified_gmt":"2026-01-28T21:55:10","slug":"ifix-sobe-fecha-384856-pontos","status":"publish","type":"post","link":"https:\/\/www.suno.com.br\/noticias\/ifix-sobe-fecha-384856-pontos\/","title":{"rendered":"IFIX sobe 0,22% e fecha perto da m\u00e1xima do dia"},"content":{"rendered":"<p>O \u00edndice de <strong>IFIX<\/strong> encerrou a sess\u00e3o desta quarta-feira (28) em alta, aos 3.848,56 pontos. O avan\u00e7o foi de 0,22%, um ganho de 8,48 pontos em rela\u00e7\u00e3o ao fechamento da v\u00e9spera. O movimento confirma a melhora gradual do apetite por risco no mercado de <a class=\"suno-keyword\" href=\"https:\/\/www.suno.com.br\/fundos-imobiliarios\/\" target=\"_blank\" rel=\"noopener\" data-force=\"no\" data-priority=\"2\"><strong>fundos imobili\u00e1rios<\/strong><\/a>, ap\u00f3s a pequena realiza\u00e7\u00e3o observada no preg\u00e3o anterior.<\/p>\t<div class=\"wrapper-featured-image\">\n\t\t<figure class=\"spotlightImg\">\n\n\t\t\t<picture>\n\t\t\t\t<source media=\"(max-width: 768px)\" srcset=\"https:\/\/files.sunoresearch.com.br\/n\/uploads\/2026\/01\/be5cd6c2-ifix-400x200.webp\">\n\t\t\t\t<img loading=\"lazy\" decoding=\"async\" class=\"newsContent__article__imgCapa lazyloadDisabled \" src=\"https:\/\/files.sunoresearch.com.br\/n\/uploads\/2026\/01\/be5cd6c2-ifix-800x450.webp\" width=\"800\" height=\"450\" alt=\"IFIX sobe 0,22% e fecha perto da m\u00e1xima do dia\" fetchpriority=high \/>\n\t\t\t<\/picture>\n\n\t\t\t<figcaption class=\"wp-caption-text wp-caption-text--show\">GOL (GOLL54) salta 10% na Bolsa ap\u00f3s CVM aprovar OPA<\/figcaption>\n\t\t<\/figure>\n\t<\/div>\n\n\n<p>Ao longo do dia, o <strong>IFIX<\/strong> permaneceu acima dos 3.840 pontos e terminou pr\u00f3ximo \u00e0 m\u00e1xima intradi\u00e1ria. O indicador oscilou em faixa estreita, refletindo um preg\u00e3o tecnicamente positivo, com predom\u00ednio de compras em setores defensivos e de renda previs\u00edvel.<\/p>\n<p>Os extremos do dia ficaram em 3.840,11 pontos na m\u00ednima e 3.849,45 pontos na m\u00e1xima. O fechamento pr\u00f3ximo do topo do intervalo refor\u00e7a a leitura de for\u00e7a compradora, ainda que moderada, e sustenta o vi\u00e9s de <a class=\"suno-keyword\" href=\"https:\/\/www.suno.com.br\/artigos\/curto-prazo\/\" target=\"_blank\" rel=\"noopener\" data-force=\"no\" data-priority=\"1\">curto prazo<\/a> para o \u00edndice.<\/p>\n<p>A performance desta quarta marca a retomada do movimento de alta visto nas \u00faltimas semanas. Na ter\u00e7a-feira (27), o <strong>IFIX<\/strong> havia recuado 0,15% em um ajuste pontual, sem altera\u00e7\u00e3o relevante na tend\u00eancia predominante. O comportamento atual indica continuidade do fluxo seletivo para a classe.<\/p>\n<p>Entre os fatores de suporte, investidores destacaram a busca por renda passiva e a percep\u00e7\u00e3o de estabilidade nos rendimentos distribu\u00eddos pelos principais fundos. Esse pano de fundo tende a manter o interesse no segmento, mesmo diante de volatilidade pontual.<\/p>\n<h2>IFIX retoma f\u00f4lego e confirma tend\u00eancia de alta<\/h2>\n<p>O resultado de hoje sugere recupera\u00e7\u00e3o ap\u00f3s a corre\u00e7\u00e3o breve da v\u00e9spera, com os fundos imobili\u00e1rios voltando a atrair ordens de compra. Para os pr\u00f3ximos preg\u00f5es, a sustenta\u00e7\u00e3o acima de 3.840 pontos segue como refer\u00eancia t\u00e9cnica relevante para o mercado de <strong>fundos imobili\u00e1rios<\/strong>.<\/p>\n<p>Em s\u00edntese, o <strong>IFIX<\/strong> consolidou ganhos e refor\u00e7ou a trajet\u00f3ria de curto prazo, em linha com o humor mais favor\u00e1vel ao risco. A demanda por ativos de renda e a proximidade do topo intradi\u00e1rio no fechamento indicam um mercado atento a oportunidades, mas com disciplina nas aloca\u00e7\u00f5es.<\/p>\n","protected":false},"excerpt":{"rendered":"<p>O \u00edndice de IFIX encerrou a sess\u00e3o desta quarta-feira (28) em alta, aos 3.848,56 pontos. O avan\u00e7o foi de 0,22%, um ganho de 8,48 pontos em rela\u00e7\u00e3o ao fechamento da v\u00e9spera. O movimento confirma a melhora gradual do apetite por risco no mercado de fundos imobili\u00e1rios, ap\u00f3s a pequena realiza\u00e7\u00e3o observada no preg\u00e3o anterior. Ao &hellip; Continued<\/p>\n","protected":false},"author":43,"featured_media":640080,"comment_status":"closed","ping_status":"closed","sticky":false,"template":"","format":"standard","meta":[],"categories":[66],"tags":[107130,315,2689],"suno_strategy":[],"class_list":["post-640079","post","type-post","status-publish","format-standard","has-post-thumbnail","hentry","category-fiis","tag-b3","tag-fundos-imobiliarios-fiis","tag-ifix"],"yoast_head":"<!-- This site is optimized with the Yoast SEO plugin v24.4 - https:\/\/yoast.com\/wordpress\/plugins\/seo\/ -->\n<title>IFIX sobe 0,22% e fecha em 3.848,56 pontos<\/title>\n<meta name=\"description\" content=\"IFIX avan\u00e7a 0,22%, fecha em 3.848,56 pontos e retoma a tend\u00eancia de alta ap\u00f3s queda de 0,15% na v\u00e9spera.\" \/>\n<meta name=\"robots\" content=\"index, follow, max-snippet:-1, max-image-preview:large, max-video-preview:-1\" \/>\n<link rel=\"canonical\" href=\"https:\/\/www.suno.com.br\/noticias\/ifix-sobe-fecha-384856-pontos\/\" \/>\n<meta property=\"og:locale\" content=\"pt_BR\" \/>\n<meta property=\"og:type\" content=\"article\" \/>\n<meta property=\"og:title\" content=\"IFIX sobe 0,22% e fecha em 3.848,56 pontos\" \/>\n<meta property=\"og:description\" content=\"IFIX avan\u00e7a 0,22%, fecha em 3.848,56 pontos e retoma a tend\u00eancia de alta ap\u00f3s queda de 0,15% na v\u00e9spera.\" \/>\n<meta property=\"og:url\" content=\"https:\/\/www.suno.com.br\/noticias\/ifix-sobe-fecha-384856-pontos\/\" \/>\n<meta property=\"og:site_name\" content=\"Suno Not\u00edcias\" \/>\n<meta property=\"article:publisher\" content=\"https:\/\/facebook.com\/sunoresearch\" \/>\n<meta property=\"article:author\" content=\"https:\/\/www.facebook.com\/sunonoticias\/\" \/>\n<meta property=\"og:image\" content=\"http:\/\/files.sunoresearch.com.br\/n\/uploads\/2026\/01\/be5cd6c2-ifix-jpg.webp\" \/>\n\t<meta property=\"og:image:width\" content=\"2000\" \/>\n\t<meta property=\"og:image:height\" content=\"1333\" \/>\n\t<meta property=\"og:image:type\" content=\"image\/jpeg\" \/>\n<meta name=\"author\" content=\"Reda\u00e7\u00e3o Suno Not\u00edcias\" \/>\n<meta name=\"twitter:card\" content=\"summary_large_image\" \/>\n<meta name=\"twitter:creator\" content=\"@https:\/\/twitter.com\/sunoresearch\" \/>\n<meta name=\"twitter:site\" content=\"@sunoresearch\" \/>\n<meta name=\"twitter:label1\" content=\"Escrito por\" \/>\n\t<meta name=\"twitter:data1\" content=\"Reda\u00e7\u00e3o Suno Not\u00edcias\" \/>\n\t<meta name=\"twitter:label2\" content=\"Est. tempo de leitura\" \/>\n\t<meta name=\"twitter:data2\" content=\"2 minutos\" \/>\n<script type=\"application\/ld+json\" class=\"yoast-schema-graph\">{\"@context\":\"https:\/\/schema.org\",\"@graph\":[{\"@type\":\"NewsArticle\",\"@id\":\"https:\/\/www.suno.com.br\/noticias\/ifix-sobe-fecha-384856-pontos\/#article\",\"isPartOf\":{\"@id\":\"https:\/\/www.suno.com.br\/noticias\/ifix-sobe-fecha-384856-pontos\/\"},\"author\":{\"name\":\"Reda\u00e7\u00e3o Suno Not\u00edcias\",\"@id\":\"https:\/\/www.suno.com.br\/noticias\/#\/schema\/person\/c1b1bd3727fa852bd045e9dbff3673ea\"},\"headline\":\"IFIX sobe 0,22% e fecha perto da m\u00e1xima do dia\",\"datePublished\":\"2026-01-28T21:55:10+00:00\",\"mainEntityOfPage\":{\"@id\":\"https:\/\/www.suno.com.br\/noticias\/ifix-sobe-fecha-384856-pontos\/\"},\"wordCount\":358,\"publisher\":{\"@id\":\"https:\/\/www.suno.com.br\/noticias\/#organization\"},\"image\":{\"@id\":\"https:\/\/www.suno.com.br\/noticias\/ifix-sobe-fecha-384856-pontos\/#primaryimage\"},\"thumbnailUrl\":\"https:\/\/files.sunoresearch.com.br\/n\/uploads\/2026\/01\/be5cd6c2-ifix-jpg.webp\",\"keywords\":[\"b3\",\"Fundos Imobili\u00e1rios (FIIs)\",\"IFIX\"],\"articleSection\":[\"FIIs\"],\"inLanguage\":\"pt-BR\"},{\"@type\":\"WebPage\",\"@id\":\"https:\/\/www.suno.com.br\/noticias\/ifix-sobe-fecha-384856-pontos\/\",\"url\":\"https:\/\/www.suno.com.br\/noticias\/ifix-sobe-fecha-384856-pontos\/\",\"name\":\"IFIX sobe 0,22% e fecha em 3.848,56 pontos\",\"isPartOf\":{\"@id\":\"https:\/\/www.suno.com.br\/noticias\/#website\"},\"primaryImageOfPage\":{\"@id\":\"https:\/\/www.suno.com.br\/noticias\/ifix-sobe-fecha-384856-pontos\/#primaryimage\"},\"image\":{\"@id\":\"https:\/\/www.suno.com.br\/noticias\/ifix-sobe-fecha-384856-pontos\/#primaryimage\"},\"thumbnailUrl\":\"https:\/\/files.sunoresearch.com.br\/n\/uploads\/2026\/01\/be5cd6c2-ifix-jpg.webp\",\"datePublished\":\"2026-01-28T21:55:10+00:00\",\"description\":\"IFIX avan\u00e7a 0,22%, fecha em 3.848,56 pontos e retoma a tend\u00eancia de alta ap\u00f3s queda de 0,15% na v\u00e9spera.\",\"breadcrumb\":{\"@id\":\"https:\/\/www.suno.com.br\/noticias\/ifix-sobe-fecha-384856-pontos\/#breadcrumb\"},\"inLanguage\":\"pt-BR\",\"potentialAction\":[{\"@type\":\"ReadAction\",\"target\":[\"https:\/\/www.suno.com.br\/noticias\/ifix-sobe-fecha-384856-pontos\/\"]}]},{\"@type\":\"ImageObject\",\"inLanguage\":\"pt-BR\",\"@id\":\"https:\/\/www.suno.com.br\/noticias\/ifix-sobe-fecha-384856-pontos\/#primaryimage\",\"url\":\"https:\/\/files.sunoresearch.com.br\/n\/uploads\/2026\/01\/be5cd6c2-ifix-jpg.webp\",\"contentUrl\":\"https:\/\/files.sunoresearch.com.br\/n\/uploads\/2026\/01\/be5cd6c2-ifix-jpg.webp\",\"width\":2000,\"height\":1333,\"caption\":\"GOL (GOLL54) salta 10% na Bolsa ap\u00f3s CVM aprovar OPA\"},{\"@type\":\"BreadcrumbList\",\"@id\":\"https:\/\/www.suno.com.br\/noticias\/ifix-sobe-fecha-384856-pontos\/#breadcrumb\",\"itemListElement\":[{\"@type\":\"ListItem\",\"position\":1,\"name\":\"Not\u00edcias\",\"item\":\"https:\/\/www.suno.com.br\/noticias\/\"},{\"@type\":\"ListItem\",\"position\":2,\"name\":\"Neg\u00f3cios\",\"item\":\"https:\/\/www.suno.com.br\/noticias\/negocios\/\"},{\"@type\":\"ListItem\",\"position\":3,\"name\":\"IFIX sobe 0,22% e fecha perto da m\u00e1xima do dia\"}]},{\"@type\":\"WebSite\",\"@id\":\"https:\/\/www.suno.com.br\/noticias\/#website\",\"url\":\"https:\/\/www.suno.com.br\/noticias\/\",\"name\":\"Suno Not\u00edcias\",\"description\":\"Seu portal de informa\u00e7\u00e3o sobre o mundo dos investimentos\",\"publisher\":{\"@id\":\"https:\/\/www.suno.com.br\/noticias\/#organization\"},\"potentialAction\":[{\"@type\":\"SearchAction\",\"target\":{\"@type\":\"EntryPoint\",\"urlTemplate\":\"https:\/\/www.suno.com.br\/noticias\/?s={search_term_string}\"},\"query-input\":{\"@type\":\"PropertyValueSpecification\",\"valueRequired\":true,\"valueName\":\"search_term_string\"}}],\"inLanguage\":\"pt-BR\"},{\"@type\":\"Organization\",\"@id\":\"https:\/\/www.suno.com.br\/noticias\/#organization\",\"name\":\"Suno Not\u00edcias\",\"url\":\"https:\/\/www.suno.com.br\/noticias\/\",\"logo\":{\"@type\":\"ImageObject\",\"inLanguage\":\"pt-BR\",\"@id\":\"https:\/\/www.suno.com.br\/noticias\/#\/schema\/logo\/image\/\",\"url\":\"https:\/\/files.sunoresearch.com.br\/n\/uploads\/2021\/09\/suno-logo.png\",\"contentUrl\":\"https:\/\/files.sunoresearch.com.br\/n\/uploads\/2021\/09\/suno-logo.png\",\"width\":180,\"height\":180,\"caption\":\"Suno Not\u00edcias\"},\"image\":{\"@id\":\"https:\/\/www.suno.com.br\/noticias\/#\/schema\/logo\/image\/\"},\"sameAs\":[\"https:\/\/facebook.com\/sunoresearch\",\"https:\/\/x.com\/sunoresearch\",\"https:\/\/www.instagram.com\/suno\",\"https:\/\/www.linkedin.com\/company\/suno-research\/\",\"https:\/\/www.youtube.com\/c\/sunoresearch\"]},{\"@type\":\"Person\",\"@id\":\"https:\/\/www.suno.com.br\/noticias\/#\/schema\/person\/c1b1bd3727fa852bd045e9dbff3673ea\",\"name\":\"Reda\u00e7\u00e3o Suno Not\u00edcias\",\"image\":{\"@type\":\"ImageObject\",\"inLanguage\":\"pt-BR\",\"@id\":\"https:\/\/www.suno.com.br\/noticias\/#\/schema\/person\/image\/\",\"url\":\"https:\/\/secure.gravatar.com\/avatar\/b8104b9b5a71985d5238ee59fbe418af?s=96&r=g\",\"contentUrl\":\"https:\/\/secure.gravatar.com\/avatar\/b8104b9b5a71985d5238ee59fbe418af?s=96&r=g\",\"caption\":\"Reda\u00e7\u00e3o Suno Not\u00edcias\"},\"description\":\"O Suno Not\u00edcias \u00e9 um portal de informa\u00e7\u00f5es sobre Mercado Financeiro, Pol\u00edtica, Neg\u00f3cios, Economia e Finan\u00e7as Pessoais.\",\"sameAs\":[\"https:\/\/www.suno.com.br\/noticias\",\"https:\/\/www.facebook.com\/sunonoticias\/\",\"https:\/\/www.instagram.com\/sunonoticias\/\",\"https:\/\/x.com\/https:\/\/twitter.com\/sunoresearch\",\"https:\/\/www.youtube.com\/sunonoticias\"],\"url\":\"https:\/\/www.suno.com.br\/noticias\/author\/redacao-suno\/\"}]}<\/script>\n<!-- \/ Yoast SEO plugin. -->","yoast_head_json":{"title":"IFIX sobe 0,22% e fecha em 3.848,56 pontos","description":"IFIX avan\u00e7a 0,22%, fecha em 3.848,56 pontos e retoma a tend\u00eancia de alta ap\u00f3s queda de 0,15% na v\u00e9spera.","robots":{"index":"index","follow":"follow","max-snippet":"max-snippet:-1","max-image-preview":"max-image-preview:large","max-video-preview":"max-video-preview:-1"},"canonical":"https:\/\/www.suno.com.br\/noticias\/ifix-sobe-fecha-384856-pontos\/","og_locale":"pt_BR","og_type":"article","og_title":"IFIX sobe 0,22% e fecha em 3.848,56 pontos","og_description":"IFIX avan\u00e7a 0,22%, fecha em 3.848,56 pontos e retoma a tend\u00eancia de alta ap\u00f3s queda de 0,15% na v\u00e9spera.","og_url":"https:\/\/www.suno.com.br\/noticias\/ifix-sobe-fecha-384856-pontos\/","og_site_name":"Suno Not\u00edcias","article_publisher":"https:\/\/facebook.com\/sunoresearch","article_author":"https:\/\/www.facebook.com\/sunonoticias\/","og_image":[{"width":2000,"height":1333,"url":"http:\/\/files.sunoresearch.com.br\/n\/uploads\/2026\/01\/be5cd6c2-ifix-jpg.webp","type":"image\/jpeg"}],"author":"Reda\u00e7\u00e3o Suno Not\u00edcias","twitter_card":"summary_large_image","twitter_creator":"@https:\/\/twitter.com\/sunoresearch","twitter_site":"@sunoresearch","twitter_misc":{"Escrito por":"Reda\u00e7\u00e3o Suno Not\u00edcias","Est. tempo de leitura":"2 minutos"},"schema":{"@context":"https:\/\/schema.org","@graph":[{"@type":"NewsArticle","@id":"https:\/\/www.suno.com.br\/noticias\/ifix-sobe-fecha-384856-pontos\/#article","isPartOf":{"@id":"https:\/\/www.suno.com.br\/noticias\/ifix-sobe-fecha-384856-pontos\/"},"author":{"name":"Reda\u00e7\u00e3o Suno Not\u00edcias","@id":"https:\/\/www.suno.com.br\/noticias\/#\/schema\/person\/c1b1bd3727fa852bd045e9dbff3673ea"},"headline":"IFIX sobe 0,22% e fecha perto da m\u00e1xima do dia","datePublished":"2026-01-28T21:55:10+00:00","mainEntityOfPage":{"@id":"https:\/\/www.suno.com.br\/noticias\/ifix-sobe-fecha-384856-pontos\/"},"wordCount":358,"publisher":{"@id":"https:\/\/www.suno.com.br\/noticias\/#organization"},"image":{"@id":"https:\/\/www.suno.com.br\/noticias\/ifix-sobe-fecha-384856-pontos\/#primaryimage"},"thumbnailUrl":"https:\/\/files.sunoresearch.com.br\/n\/uploads\/2026\/01\/be5cd6c2-ifix-jpg.webp","keywords":["b3","Fundos Imobili\u00e1rios (FIIs)","IFIX"],"articleSection":["FIIs"],"inLanguage":"pt-BR"},{"@type":"WebPage","@id":"https:\/\/www.suno.com.br\/noticias\/ifix-sobe-fecha-384856-pontos\/","url":"https:\/\/www.suno.com.br\/noticias\/ifix-sobe-fecha-384856-pontos\/","name":"IFIX sobe 0,22% e fecha em 3.848,56 pontos","isPartOf":{"@id":"https:\/\/www.suno.com.br\/noticias\/#website"},"primaryImageOfPage":{"@id":"https:\/\/www.suno.com.br\/noticias\/ifix-sobe-fecha-384856-pontos\/#primaryimage"},"image":{"@id":"https:\/\/www.suno.com.br\/noticias\/ifix-sobe-fecha-384856-pontos\/#primaryimage"},"thumbnailUrl":"https:\/\/files.sunoresearch.com.br\/n\/uploads\/2026\/01\/be5cd6c2-ifix-jpg.webp","datePublished":"2026-01-28T21:55:10+00:00","description":"IFIX avan\u00e7a 0,22%, fecha em 3.848,56 pontos e retoma a tend\u00eancia de alta ap\u00f3s queda de 0,15% na v\u00e9spera.","breadcrumb":{"@id":"https:\/\/www.suno.com.br\/noticias\/ifix-sobe-fecha-384856-pontos\/#breadcrumb"},"inLanguage":"pt-BR","potentialAction":[{"@type":"ReadAction","target":["https:\/\/www.suno.com.br\/noticias\/ifix-sobe-fecha-384856-pontos\/"]}]},{"@type":"ImageObject","inLanguage":"pt-BR","@id":"https:\/\/www.suno.com.br\/noticias\/ifix-sobe-fecha-384856-pontos\/#primaryimage","url":"https:\/\/files.sunoresearch.com.br\/n\/uploads\/2026\/01\/be5cd6c2-ifix-jpg.webp","contentUrl":"https:\/\/files.sunoresearch.com.br\/n\/uploads\/2026\/01\/be5cd6c2-ifix-jpg.webp","width":2000,"height":1333,"caption":"GOL (GOLL54) salta 10% na Bolsa ap\u00f3s CVM aprovar OPA"},{"@type":"BreadcrumbList","@id":"https:\/\/www.suno.com.br\/noticias\/ifix-sobe-fecha-384856-pontos\/#breadcrumb","itemListElement":[{"@type":"ListItem","position":1,"name":"Not\u00edcias","item":"https:\/\/www.suno.com.br\/noticias\/"},{"@type":"ListItem","position":2,"name":"Neg\u00f3cios","item":"https:\/\/www.suno.com.br\/noticias\/negocios\/"},{"@type":"ListItem","position":3,"name":"IFIX sobe 0,22% e fecha perto da m\u00e1xima do dia"}]},{"@type":"WebSite","@id":"https:\/\/www.suno.com.br\/noticias\/#website","url":"https:\/\/www.suno.com.br\/noticias\/","name":"Suno Not\u00edcias","description":"Seu portal de informa\u00e7\u00e3o sobre o mundo dos investimentos","publisher":{"@id":"https:\/\/www.suno.com.br\/noticias\/#organization"},"potentialAction":[{"@type":"SearchAction","target":{"@type":"EntryPoint","urlTemplate":"https:\/\/www.suno.com.br\/noticias\/?s={search_term_string}"},"query-input":{"@type":"PropertyValueSpecification","valueRequired":true,"valueName":"search_term_string"}}],"inLanguage":"pt-BR"},{"@type":"Organization","@id":"https:\/\/www.suno.com.br\/noticias\/#organization","name":"Suno Not\u00edcias","url":"https:\/\/www.suno.com.br\/noticias\/","logo":{"@type":"ImageObject","inLanguage":"pt-BR","@id":"https:\/\/www.suno.com.br\/noticias\/#\/schema\/logo\/image\/","url":"https:\/\/files.sunoresearch.com.br\/n\/uploads\/2021\/09\/suno-logo.png","contentUrl":"https:\/\/files.sunoresearch.com.br\/n\/uploads\/2021\/09\/suno-logo.png","width":180,"height":180,"caption":"Suno Not\u00edcias"},"image":{"@id":"https:\/\/www.suno.com.br\/noticias\/#\/schema\/logo\/image\/"},"sameAs":["https:\/\/facebook.com\/sunoresearch","https:\/\/x.com\/sunoresearch","https:\/\/www.instagram.com\/suno","https:\/\/www.linkedin.com\/company\/suno-research\/","https:\/\/www.youtube.com\/c\/sunoresearch"]},{"@type":"Person","@id":"https:\/\/www.suno.com.br\/noticias\/#\/schema\/person\/c1b1bd3727fa852bd045e9dbff3673ea","name":"Reda\u00e7\u00e3o Suno Not\u00edcias","image":{"@type":"ImageObject","inLanguage":"pt-BR","@id":"https:\/\/www.suno.com.br\/noticias\/#\/schema\/person\/image\/","url":"https:\/\/secure.gravatar.com\/avatar\/b8104b9b5a71985d5238ee59fbe418af?s=96&r=g","contentUrl":"https:\/\/secure.gravatar.com\/avatar\/b8104b9b5a71985d5238ee59fbe418af?s=96&r=g","caption":"Reda\u00e7\u00e3o Suno Not\u00edcias"},"description":"O Suno Not\u00edcias \u00e9 um portal de informa\u00e7\u00f5es sobre Mercado Financeiro, Pol\u00edtica, Neg\u00f3cios, Economia e Finan\u00e7as Pessoais.","sameAs":["https:\/\/www.suno.com.br\/noticias","https:\/\/www.facebook.com\/sunonoticias\/","https:\/\/www.instagram.com\/sunonoticias\/","https:\/\/x.com\/https:\/\/twitter.com\/sunoresearch","https:\/\/www.youtube.com\/sunonoticias"],"url":"https:\/\/www.suno.com.br\/noticias\/author\/redacao-suno\/"}]}},"default_loop_html":"<div class=\"cardsPage__listCard__boxs\"><div class=\"cardsPage__listCard__boxs__img\"><a href=\"https:\/\/www.suno.com.br\/noticias\/ifix-sobe-fecha-384856-pontos\/\"><img class=\"mask\" src=\"https:\/\/www.suno.com.br\/noticias\/wp-content\/themes\/suno\/resources\/images\/spotlight\/spotlight1img\/bg-mask.png\" alt=\"Image Mask\"\/><img src=\"https:\/\/files.sunoresearch.com.br\/n\/uploads\/2026\/01\/be5cd6c2-ifix-400x200.webp\" alt=\"IFIX sobe 0,22% e fecha perto da m\u00e1xima do dia\"\/><\/a><span class=\"spotlightCategory\"><a href=\"https:\/\/www.suno.com.br\/noticias\/fiis\/\">FIIs<\/a><\/span><\/div><div class=\"cardsPage__listCard__boxs__content\"><a href=\"https:\/\/www.suno.com.br\/noticias\/ifix-sobe-fecha-384856-pontos\/\"><h2 class=\"content__title\">IFIX sobe 0,22% e fecha perto da m\u00e1xima do dia<\/h2><\/a><div class=\"newsContent__article__meta\"><div class=\"newsContent__article__meta__authorBox\"><a href=\"https:\/\/www.suno.com.br\/noticias\/author\/redacao-suno\/\" class=\"authorBox__avatar noMobi\"><img src=\"https:\/\/files.sunoresearch.com.br\/n\/uploads\/2020\/08\/0ace682d-redacao-1-150x150.webp\" alt=\"Reda\u00e7\u00e3o Suno Not\u00edcias\"><\/a><div class=\"authorBox__name\"><span>por\n\t\t\t<a href=\"https:\/\/www.suno.com.br\/noticias\/author\/redacao-suno\/\"><span itemprop=\"author\">Reda\u00e7\u00e3o Suno Not\u00edcias<\/span><\/a><\/span><time datetime=\"2026-01-28T18:55:10-03:00\" itemprop=\"datePublished\">28\/01\/2026 18:55<\/time><\/div><\/div><\/div><\/div><\/div>","single_layout":"posts","amp_enabled":true,"_links":{"self":[{"href":"https:\/\/www.suno.com.br\/noticias\/wp-json\/wp\/v2\/posts\/640079"}],"collection":[{"href":"https:\/\/www.suno.com.br\/noticias\/wp-json\/wp\/v2\/posts"}],"about":[{"href":"https:\/\/www.suno.com.br\/noticias\/wp-json\/wp\/v2\/types\/post"}],"author":[{"embeddable":true,"href":"https:\/\/www.suno.com.br\/noticias\/wp-json\/wp\/v2\/users\/43"}],"replies":[{"embeddable":true,"href":"https:\/\/www.suno.com.br\/noticias\/wp-json\/wp\/v2\/comments?post=640079"}],"version-history":[{"count":0,"href":"https:\/\/www.suno.com.br\/noticias\/wp-json\/wp\/v2\/posts\/640079\/revisions"}],"wp:featuredmedia":[{"embeddable":true,"href":"https:\/\/www.suno.com.br\/noticias\/wp-json\/wp\/v2\/media\/640080"}],"wp:attachment":[{"href":"https:\/\/www.suno.com.br\/noticias\/wp-json\/wp\/v2\/media?parent=640079"}],"wp:term":[{"taxonomy":"category","embeddable":true,"href":"https:\/\/www.suno.com.br\/noticias\/wp-json\/wp\/v2\/categories?post=640079"},{"taxonomy":"post_tag","embeddable":true,"href":"https:\/\/www.suno.com.br\/noticias\/wp-json\/wp\/v2\/tags?post=640079"},{"taxonomy":"suno_strategy","embeddable":true,"href":"https:\/\/www.suno.com.br\/noticias\/wp-json\/wp\/v2\/suno_strategy?post=640079"}],"curies":[{"name":"wp","href":"https:\/\/api.w.org\/{rel}","templated":true}]}}