{"id":639957,"date":"2026-01-28T13:33:00","date_gmt":"2026-01-28T16:33:00","guid":{"rendered":"https:\/\/www.suno.com.br\/noticias\/?p=639957"},"modified":"2026-02-02T19:13:40","modified_gmt":"2026-02-02T22:13:40","slug":"vale3-genial-rebaixa-acao-apos-rali-mt","status":"publish","type":"post","link":"https:\/\/www.suno.com.br\/noticias\/vale3-genial-rebaixa-acao-apos-rali-mt\/","title":{"rendered":"Analistas rebaixam Vale (VALE3) ap\u00f3s forte rali e veem pouco espa\u00e7o para alta"},"content":{"rendered":"<p>A&nbsp;<strong>VALE3<\/strong>&nbsp;at\u00e9 entregou n\u00fameros operacionais fortes em 2025, mas isso n\u00e3o foi suficiente para manter a recomenda\u00e7\u00e3o de compra da Genial Investimentos. Em relat\u00f3rio divulgado antes da publica\u00e7\u00e3o oficial dos dados da mineradora, a casa rebaixou a a\u00e7\u00e3o de&nbsp;<strong>compra para neutra<\/strong>, avaliando que a recente disparada dos pap\u00e9is j\u00e1 incorporou boa parte das not\u00edcias positivas.&nbsp;<\/p>\t<div class=\"wrapper-featured-image\">\n\t\t<figure class=\"spotlightImg\">\n\n\t\t\t<picture>\n\t\t\t\t<source media=\"(max-width: 768px)\" srcset=\"https:\/\/files.sunoresearch.com.br\/n\/uploads\/2025\/12\/vale-vale3-2-400x200.webp\">\n\t\t\t\t<img loading=\"lazy\" decoding=\"async\" class=\"newsContent__article__imgCapa lazyloadDisabled \" src=\"https:\/\/files.sunoresearch.com.br\/n\/uploads\/2025\/12\/vale-vale3-2-800x450.webp\" width=\"800\" height=\"450\" alt=\"Analistas rebaixam Vale (VALE3) ap\u00f3s forte rali e veem pouco espa\u00e7o para alta\" fetchpriority=high \/>\n\t\t\t<\/picture>\n\n\t\t\t<figcaption class=\"wp-caption-text wp-caption-text--show\">Vale (VALE3). Foto: Divulga\u00e7\u00e3o\/Vale<\/figcaption>\n\t\t<\/figure>\n\t<\/div>\n\n\n\n\n\n\t<p>\n\t\t<a href=\"\" target=\"_blank\" data-element=\"shortcode-suno-banner\" title=\"Banner SUNO, clique e saiba mais\">\n\t\t\t<picture>\n\t\t\t\t<source media=\"(max-width: 500px)\" srcset=\"\">\n\t\t\t\t<img class=\"newsContent__article__imgCapa newsContent__article__imgCapa--banner\"\n\t\t\t\t\tsrc=\"\"\n\t\t\t\t\tdata-promo-id=\"285519\"\t\t\t\t\t\t\t\t\t\t\t\t\t\t\talt=\"\"\n\t\t\t\t>\n\t\t\t<\/picture>\n\t\t<\/a>\n\t<\/p>\n\n\n\n\n\n<h3 class=\"wp-block-heading\">Rali da&nbsp;<strong>VALE3<\/strong>&nbsp;esgota \u201cgordura\u201d na avalia\u00e7\u00e3o<\/h3>\n\n\n\n<p>Segundo os analistas, as a\u00e7\u00f5es da Vale acumulam alta de cerca de 48% em seis meses, movimento impulsionado tanto pela valoriza\u00e7\u00e3o do min\u00e9rio de ferro quanto por fluxo estrangeiro para a bolsa brasileira. Com isso, o papel passou a negociar pr\u00f3ximo do que a Genial considera seu <a class=\"suno-keyword\" target=\"_blank\" data-force=\"no\" data-priority=\"1\" href=\"https:\/\/www.suno.com.br\/artigos\/valor-justo\/\" rel=\"noopener\">valor justo<\/a>.<\/p>\n\n\n\n<p>Os analistas afirmam que \u201cj\u00e1 n\u00e3o enxergam mais um desconto relevante a ser fechado do ponto de vista fundamentalista que justifique a continuidade da alta das a\u00e7\u00f5es\u201d, ao explicar o corte da recomenda\u00e7\u00e3o. A nova classifica\u00e7\u00e3o \u00e9&nbsp;<strong>neutra<\/strong>, mesmo com leve revis\u00e3o para cima no pre\u00e7o-alvo.<\/p>\n\n\n\n<h3 class=\"wp-block-heading\">Produ\u00e7\u00e3o forte, mas pre\u00e7o do min\u00e9rio preocupa<\/h3>\n\n\n\t<p>\n\t\t<a href=\"\" target=\"_blank\" data-element=\"shortcode-suno-banner\" title=\"Banner SUNO, clique e saiba mais\">\n\t\t\t<picture>\n\t\t\t\t<source media=\"(max-width: 500px)\" srcset=\"\">\n\t\t\t\t<img class=\"newsContent__article__imgCapa newsContent__article__imgCapa--banner\"\n\t\t\t\t\tsrc=\"\"\n\t\t\t\t\tdata-promo-id=\"526845\"\t\t\t\t\t\t\t\t\t\t\t\t\t\t\talt=\"\"\n\t\t\t\t>\n\t\t\t<\/picture>\n\t\t<\/a>\n\t<\/p>\n\n\n\n\n\n<p>O rebaixamento acontece apesar de a Vale ter reportado produ\u00e7\u00e3o anual de 336 milh\u00f5es de toneladas de min\u00e9rio de ferro em 2025, maior n\u00edvel desde 2018, al\u00e9m de crescimento em cobre e n\u00edquel. Para a Genial, por\u00e9m, o ponto central n\u00e3o est\u00e1 no volume, mas no cen\u00e1rio de pre\u00e7os da commodity.<\/p>\n\n\n\n<p>A casa adota uma vis\u00e3o mais conservadora para o min\u00e9rio de ferro do que o consenso de mercado. No relat\u00f3rio, os analistas destacam que \u201cesses n\u00edveis de pre\u00e7os n\u00e3o parecem ser fundamentalmente sustent\u00e1veis no <a class=\"suno-keyword\" target=\"_blank\" data-force=\"no\" data-priority=\"1\" href=\"https:\/\/www.suno.com.br\/artigos\/curto-prazo\/\" rel=\"noopener\">curto prazo<\/a>\u201d, citando estoques elevados e demanda por a\u00e7o ainda enfraquecida.<\/p>\n\n\n\n<h3 class=\"wp-block-heading\">O que sustenta a recomenda\u00e7\u00e3o neutra<\/h3>\n\n\n\n<p>Mesmo reconhecendo avan\u00e7os operacionais e <a class=\"suno-keyword\" target=\"_blank\" data-force=\"no\" data-priority=\"1\" href=\"https:\/\/www.suno.com.br\/artigos\/geracao-de-caixa\/\" rel=\"noopener\">gera\u00e7\u00e3o de caixa<\/a> relevante, os analistas avaliam que a rela\u00e7\u00e3o risco-retorno ficou menos atraente. Com o papel j\u00e1 refletindo boa parte da melhora operacional, a&nbsp;<strong>VALE3<\/strong>&nbsp;passa a exigir novos gatilhos \u2014 seja via pre\u00e7os mais fortes do min\u00e9rio ou revis\u00f5es relevantes de estimativas \u2014 para voltar a oferecer um potencial de valoriza\u00e7\u00e3o mais claro, segundo a Genial.<\/p>\n\n\n\n\n\t<p>\n\t\t<a href=\"https:\/\/lp.suno.com.br\/asset\/fundos\/suno-fiagro-snag11\/\" target=\"_blank\" data-element=\"shortcode-suno-banner\" title=\"Banner SUNO, clique e saiba mais\">\n\t\t\t<picture>\n\t\t\t\t<source media=\"(max-width: 500px)\" srcset=\"https:\/\/files.sunoresearch.com.br\/n\/uploads\/2024\/03\/400x300-Mobile-Artigos-1_SNAG.png\">\n\t\t\t\t<img class=\"newsContent__article__imgCapa newsContent__article__imgCapa--banner\"\n\t\t\t\t\tsrc=\"https:\/\/files.sunoresearch.com.br\/n\/uploads\/2024\/03\/1420x240-Banner-Artigos-1-_-Banner-Materias-1_SNAG.png\"\n\t\t\t\t\tdata-promo-id=\"364416\"\t\t\t\t\t\t\t\t\t\twidth='1420' height='240'\t\t\t\t\talt=\"https:\/\/files.sunoresearch.com.br\/n\/uploads\/2024\/03\/1420x240-Banner-Artigos-1-_-Banner-Materias-1_SNAG.png\"\n\t\t\t\t>\n\t\t\t<\/picture>\n\t\t<\/a>\n\t<\/p>\n\n\n","protected":false},"excerpt":{"rendered":"<p>A&nbsp;VALE3&nbsp;at\u00e9 entregou n\u00fameros operacionais fortes em 2025, mas isso n\u00e3o foi suficiente para manter a recomenda\u00e7\u00e3o de compra da Genial Investimentos. Em relat\u00f3rio divulgado antes da publica\u00e7\u00e3o oficial dos dados da mineradora, a casa rebaixou a a\u00e7\u00e3o de&nbsp;compra para neutra, avaliando que a recente disparada dos pap\u00e9is j\u00e1 incorporou boa parte das not\u00edcias positivas.&nbsp; Vale [&hellip;]<\/p>\n","protected":false},"author":402,"featured_media":634256,"comment_status":"closed","ping_status":"closed","sticky":false,"template":"","format":"standard","meta":[],"categories":[64],"tags":[676],"suno_strategy":[],"class_list":["post-639957","post","type-post","status-publish","format-standard","has-post-thumbnail","hentry","category-negocios","tag-vale-vale3"],"yoast_head":"<!-- This site is optimized with the Yoast SEO plugin v24.4 - https:\/\/yoast.com\/wordpress\/plugins\/seo\/ -->\n<title>VALE3 \u00e9 rebaixada pela Genial ap\u00f3s forte alta das a\u00e7\u00f5es<\/title>\n<meta name=\"description\" content=\"VALE3 \u00e9 rebaixada para neutra pela Genial, que v\u00ea pouco espa\u00e7o para novas altas mesmo ap\u00f3s forte produ\u00e7\u00e3o da Vale.\" \/>\n<meta name=\"robots\" content=\"index, follow, max-snippet:-1, max-image-preview:large, max-video-preview:-1\" \/>\n<link rel=\"canonical\" href=\"https:\/\/www.suno.com.br\/noticias\/vale3-genial-rebaixa-acao-apos-rali-mt\/\" \/>\n<meta property=\"og:locale\" content=\"pt_BR\" \/>\n<meta property=\"og:type\" content=\"article\" \/>\n<meta property=\"og:title\" content=\"VALE3 \u00e9 rebaixada pela Genial ap\u00f3s forte alta das a\u00e7\u00f5es\" \/>\n<meta property=\"og:description\" content=\"VALE3 \u00e9 rebaixada para neutra pela Genial, que v\u00ea pouco espa\u00e7o para novas altas mesmo ap\u00f3s forte produ\u00e7\u00e3o da Vale.\" \/>\n<meta property=\"og:url\" content=\"https:\/\/www.suno.com.br\/noticias\/vale3-genial-rebaixa-acao-apos-rali-mt\/\" \/>\n<meta property=\"og:site_name\" content=\"Suno Not\u00edcias\" \/>\n<meta property=\"article:publisher\" content=\"https:\/\/facebook.com\/sunoresearch\" \/>\n<meta property=\"og:image\" content=\"https:\/\/files.sunoresearch.com.br\/n\/uploads\/2025\/12\/vale-vale3-2-jpg.webp\" \/>\n\t<meta property=\"og:image:width\" content=\"1200\" \/>\n\t<meta property=\"og:image:height\" content=\"800\" \/>\n\t<meta property=\"og:image:type\" content=\"image\/jpeg\" \/>\n<meta name=\"author\" content=\"Ma\u00edra Telles\" \/>\n<meta name=\"twitter:card\" content=\"summary_large_image\" \/>\n<meta name=\"twitter:creator\" content=\"@sunoresearch\" \/>\n<meta name=\"twitter:site\" content=\"@sunoresearch\" \/>\n<meta name=\"twitter:label1\" content=\"Escrito por\" \/>\n\t<meta name=\"twitter:data1\" content=\"Ma\u00edra Telles\" \/>\n\t<meta name=\"twitter:label2\" content=\"Est. tempo de leitura\" \/>\n\t<meta name=\"twitter:data2\" content=\"3 minutos\" \/>\n<script type=\"application\/ld+json\" class=\"yoast-schema-graph\">{\"@context\":\"https:\/\/schema.org\",\"@graph\":[{\"@type\":\"NewsArticle\",\"@id\":\"https:\/\/www.suno.com.br\/noticias\/vale3-genial-rebaixa-acao-apos-rali-mt\/#article\",\"isPartOf\":{\"@id\":\"https:\/\/www.suno.com.br\/noticias\/vale3-genial-rebaixa-acao-apos-rali-mt\/\"},\"author\":{\"name\":\"Ma\u00edra Telles\",\"@id\":\"https:\/\/www.suno.com.br\/noticias\/#\/schema\/person\/0a8b51292bb96ee5f104094c0907eaef\"},\"headline\":\"Analistas rebaixam Vale (VALE3) ap\u00f3s forte rali e veem pouco espa\u00e7o para alta\",\"datePublished\":\"2026-01-28T16:33:00+00:00\",\"dateModified\":\"2026-02-02T22:13:40+00:00\",\"mainEntityOfPage\":{\"@id\":\"https:\/\/www.suno.com.br\/noticias\/vale3-genial-rebaixa-acao-apos-rali-mt\/\"},\"wordCount\":404,\"publisher\":{\"@id\":\"https:\/\/www.suno.com.br\/noticias\/#organization\"},\"image\":{\"@id\":\"https:\/\/www.suno.com.br\/noticias\/vale3-genial-rebaixa-acao-apos-rali-mt\/#primaryimage\"},\"thumbnailUrl\":\"https:\/\/files.sunoresearch.com.br\/n\/uploads\/2025\/12\/vale-vale3-2-jpg.webp\",\"keywords\":[\"Vale (VALE3)\"],\"articleSection\":[\"Neg\u00f3cios\"],\"inLanguage\":\"pt-BR\"},{\"@type\":\"WebPage\",\"@id\":\"https:\/\/www.suno.com.br\/noticias\/vale3-genial-rebaixa-acao-apos-rali-mt\/\",\"url\":\"https:\/\/www.suno.com.br\/noticias\/vale3-genial-rebaixa-acao-apos-rali-mt\/\",\"name\":\"VALE3 \u00e9 rebaixada pela Genial ap\u00f3s forte alta das a\u00e7\u00f5es\",\"isPartOf\":{\"@id\":\"https:\/\/www.suno.com.br\/noticias\/#website\"},\"primaryImageOfPage\":{\"@id\":\"https:\/\/www.suno.com.br\/noticias\/vale3-genial-rebaixa-acao-apos-rali-mt\/#primaryimage\"},\"image\":{\"@id\":\"https:\/\/www.suno.com.br\/noticias\/vale3-genial-rebaixa-acao-apos-rali-mt\/#primaryimage\"},\"thumbnailUrl\":\"https:\/\/files.sunoresearch.com.br\/n\/uploads\/2025\/12\/vale-vale3-2-jpg.webp\",\"datePublished\":\"2026-01-28T16:33:00+00:00\",\"dateModified\":\"2026-02-02T22:13:40+00:00\",\"description\":\"VALE3 \u00e9 rebaixada para neutra pela Genial, que v\u00ea pouco espa\u00e7o para novas altas mesmo ap\u00f3s forte produ\u00e7\u00e3o da Vale.\",\"breadcrumb\":{\"@id\":\"https:\/\/www.suno.com.br\/noticias\/vale3-genial-rebaixa-acao-apos-rali-mt\/#breadcrumb\"},\"inLanguage\":\"pt-BR\",\"potentialAction\":[{\"@type\":\"ReadAction\",\"target\":[\"https:\/\/www.suno.com.br\/noticias\/vale3-genial-rebaixa-acao-apos-rali-mt\/\"]}]},{\"@type\":\"ImageObject\",\"inLanguage\":\"pt-BR\",\"@id\":\"https:\/\/www.suno.com.br\/noticias\/vale3-genial-rebaixa-acao-apos-rali-mt\/#primaryimage\",\"url\":\"https:\/\/files.sunoresearch.com.br\/n\/uploads\/2025\/12\/vale-vale3-2-jpg.webp\",\"contentUrl\":\"https:\/\/files.sunoresearch.com.br\/n\/uploads\/2025\/12\/vale-vale3-2-jpg.webp\",\"width\":1200,\"height\":800,\"caption\":\"Vale (VALE3). Foto: Divulga\u00e7\u00e3o\/Vale\"},{\"@type\":\"BreadcrumbList\",\"@id\":\"https:\/\/www.suno.com.br\/noticias\/vale3-genial-rebaixa-acao-apos-rali-mt\/#breadcrumb\",\"itemListElement\":[{\"@type\":\"ListItem\",\"position\":1,\"name\":\"Not\u00edcias\",\"item\":\"https:\/\/www.suno.com.br\/noticias\/\"},{\"@type\":\"ListItem\",\"position\":2,\"name\":\"Neg\u00f3cios\",\"item\":\"https:\/\/www.suno.com.br\/noticias\/negocios\/\"},{\"@type\":\"ListItem\",\"position\":3,\"name\":\"Analistas rebaixam Vale (VALE3) ap\u00f3s forte rali e veem pouco espa\u00e7o para alta\"}]},{\"@type\":\"WebSite\",\"@id\":\"https:\/\/www.suno.com.br\/noticias\/#website\",\"url\":\"https:\/\/www.suno.com.br\/noticias\/\",\"name\":\"Suno Not\u00edcias\",\"description\":\"Seu portal de informa\u00e7\u00e3o sobre o mundo dos investimentos\",\"publisher\":{\"@id\":\"https:\/\/www.suno.com.br\/noticias\/#organization\"},\"potentialAction\":[{\"@type\":\"SearchAction\",\"target\":{\"@type\":\"EntryPoint\",\"urlTemplate\":\"https:\/\/www.suno.com.br\/noticias\/?s={search_term_string}\"},\"query-input\":{\"@type\":\"PropertyValueSpecification\",\"valueRequired\":true,\"valueName\":\"search_term_string\"}}],\"inLanguage\":\"pt-BR\"},{\"@type\":\"Organization\",\"@id\":\"https:\/\/www.suno.com.br\/noticias\/#organization\",\"name\":\"Suno Not\u00edcias\",\"url\":\"https:\/\/www.suno.com.br\/noticias\/\",\"logo\":{\"@type\":\"ImageObject\",\"inLanguage\":\"pt-BR\",\"@id\":\"https:\/\/www.suno.com.br\/noticias\/#\/schema\/logo\/image\/\",\"url\":\"https:\/\/files.sunoresearch.com.br\/n\/uploads\/2021\/09\/suno-logo.png\",\"contentUrl\":\"https:\/\/files.sunoresearch.com.br\/n\/uploads\/2021\/09\/suno-logo.png\",\"width\":180,\"height\":180,\"caption\":\"Suno Not\u00edcias\"},\"image\":{\"@id\":\"https:\/\/www.suno.com.br\/noticias\/#\/schema\/logo\/image\/\"},\"sameAs\":[\"https:\/\/facebook.com\/sunoresearch\",\"https:\/\/x.com\/sunoresearch\",\"https:\/\/www.instagram.com\/suno\",\"https:\/\/www.linkedin.com\/company\/suno-research\/\",\"https:\/\/www.youtube.com\/c\/sunoresearch\"]},{\"@type\":\"Person\",\"@id\":\"https:\/\/www.suno.com.br\/noticias\/#\/schema\/person\/0a8b51292bb96ee5f104094c0907eaef\",\"name\":\"Ma\u00edra Telles\",\"image\":{\"@type\":\"ImageObject\",\"inLanguage\":\"pt-BR\",\"@id\":\"https:\/\/www.suno.com.br\/noticias\/#\/schema\/person\/image\/\",\"url\":\"https:\/\/secure.gravatar.com\/avatar\/8d13691eab6abc1d1050b62a4c2a6116?s=96&r=g\",\"contentUrl\":\"https:\/\/secure.gravatar.com\/avatar\/8d13691eab6abc1d1050b62a4c2a6116?s=96&r=g\",\"caption\":\"Ma\u00edra Telles\"},\"description\":\"Jornalista com passagem por reda\u00e7\u00f5es como ESPN, especializa\u00e7\u00e3o em marketing digital e em gest\u00e3o de crise. Com foco no mercado financeiro e no setor agropecu\u00e1rio, desenvolve conte\u00fados estrat\u00e9gicos e especializados para m\u00faltiplas plataformas, unindo an\u00e1lise de investimentos e neg\u00f3cios\",\"url\":\"https:\/\/www.suno.com.br\/noticias\/author\/mairaftellesgmail-com\/\"}]}<\/script>\n<!-- \/ Yoast SEO plugin. -->","yoast_head_json":{"title":"VALE3 \u00e9 rebaixada pela Genial ap\u00f3s forte alta das a\u00e7\u00f5es","description":"VALE3 \u00e9 rebaixada para neutra pela Genial, que v\u00ea pouco espa\u00e7o para novas altas mesmo ap\u00f3s forte produ\u00e7\u00e3o da Vale.","robots":{"index":"index","follow":"follow","max-snippet":"max-snippet:-1","max-image-preview":"max-image-preview:large","max-video-preview":"max-video-preview:-1"},"canonical":"https:\/\/www.suno.com.br\/noticias\/vale3-genial-rebaixa-acao-apos-rali-mt\/","og_locale":"pt_BR","og_type":"article","og_title":"VALE3 \u00e9 rebaixada pela Genial ap\u00f3s forte alta das a\u00e7\u00f5es","og_description":"VALE3 \u00e9 rebaixada para neutra pela Genial, que v\u00ea pouco espa\u00e7o para novas altas mesmo ap\u00f3s forte produ\u00e7\u00e3o da Vale.","og_url":"https:\/\/www.suno.com.br\/noticias\/vale3-genial-rebaixa-acao-apos-rali-mt\/","og_site_name":"Suno Not\u00edcias","article_publisher":"https:\/\/facebook.com\/sunoresearch","og_image":[{"width":1200,"height":800,"url":"https:\/\/files.sunoresearch.com.br\/n\/uploads\/2025\/12\/vale-vale3-2-jpg.webp","type":"image\/jpeg"}],"author":"Ma\u00edra Telles","twitter_card":"summary_large_image","twitter_creator":"@sunoresearch","twitter_site":"@sunoresearch","twitter_misc":{"Escrito por":"Ma\u00edra Telles","Est. tempo de leitura":"3 minutos"},"schema":{"@context":"https:\/\/schema.org","@graph":[{"@type":"NewsArticle","@id":"https:\/\/www.suno.com.br\/noticias\/vale3-genial-rebaixa-acao-apos-rali-mt\/#article","isPartOf":{"@id":"https:\/\/www.suno.com.br\/noticias\/vale3-genial-rebaixa-acao-apos-rali-mt\/"},"author":{"name":"Ma\u00edra Telles","@id":"https:\/\/www.suno.com.br\/noticias\/#\/schema\/person\/0a8b51292bb96ee5f104094c0907eaef"},"headline":"Analistas rebaixam Vale (VALE3) ap\u00f3s forte rali e veem pouco espa\u00e7o para alta","datePublished":"2026-01-28T16:33:00+00:00","dateModified":"2026-02-02T22:13:40+00:00","mainEntityOfPage":{"@id":"https:\/\/www.suno.com.br\/noticias\/vale3-genial-rebaixa-acao-apos-rali-mt\/"},"wordCount":404,"publisher":{"@id":"https:\/\/www.suno.com.br\/noticias\/#organization"},"image":{"@id":"https:\/\/www.suno.com.br\/noticias\/vale3-genial-rebaixa-acao-apos-rali-mt\/#primaryimage"},"thumbnailUrl":"https:\/\/files.sunoresearch.com.br\/n\/uploads\/2025\/12\/vale-vale3-2-jpg.webp","keywords":["Vale (VALE3)"],"articleSection":["Neg\u00f3cios"],"inLanguage":"pt-BR"},{"@type":"WebPage","@id":"https:\/\/www.suno.com.br\/noticias\/vale3-genial-rebaixa-acao-apos-rali-mt\/","url":"https:\/\/www.suno.com.br\/noticias\/vale3-genial-rebaixa-acao-apos-rali-mt\/","name":"VALE3 \u00e9 rebaixada pela Genial ap\u00f3s forte alta das a\u00e7\u00f5es","isPartOf":{"@id":"https:\/\/www.suno.com.br\/noticias\/#website"},"primaryImageOfPage":{"@id":"https:\/\/www.suno.com.br\/noticias\/vale3-genial-rebaixa-acao-apos-rali-mt\/#primaryimage"},"image":{"@id":"https:\/\/www.suno.com.br\/noticias\/vale3-genial-rebaixa-acao-apos-rali-mt\/#primaryimage"},"thumbnailUrl":"https:\/\/files.sunoresearch.com.br\/n\/uploads\/2025\/12\/vale-vale3-2-jpg.webp","datePublished":"2026-01-28T16:33:00+00:00","dateModified":"2026-02-02T22:13:40+00:00","description":"VALE3 \u00e9 rebaixada para neutra pela Genial, que v\u00ea pouco espa\u00e7o para novas altas mesmo ap\u00f3s forte produ\u00e7\u00e3o da Vale.","breadcrumb":{"@id":"https:\/\/www.suno.com.br\/noticias\/vale3-genial-rebaixa-acao-apos-rali-mt\/#breadcrumb"},"inLanguage":"pt-BR","potentialAction":[{"@type":"ReadAction","target":["https:\/\/www.suno.com.br\/noticias\/vale3-genial-rebaixa-acao-apos-rali-mt\/"]}]},{"@type":"ImageObject","inLanguage":"pt-BR","@id":"https:\/\/www.suno.com.br\/noticias\/vale3-genial-rebaixa-acao-apos-rali-mt\/#primaryimage","url":"https:\/\/files.sunoresearch.com.br\/n\/uploads\/2025\/12\/vale-vale3-2-jpg.webp","contentUrl":"https:\/\/files.sunoresearch.com.br\/n\/uploads\/2025\/12\/vale-vale3-2-jpg.webp","width":1200,"height":800,"caption":"Vale (VALE3). Foto: Divulga\u00e7\u00e3o\/Vale"},{"@type":"BreadcrumbList","@id":"https:\/\/www.suno.com.br\/noticias\/vale3-genial-rebaixa-acao-apos-rali-mt\/#breadcrumb","itemListElement":[{"@type":"ListItem","position":1,"name":"Not\u00edcias","item":"https:\/\/www.suno.com.br\/noticias\/"},{"@type":"ListItem","position":2,"name":"Neg\u00f3cios","item":"https:\/\/www.suno.com.br\/noticias\/negocios\/"},{"@type":"ListItem","position":3,"name":"Analistas rebaixam Vale (VALE3) ap\u00f3s forte rali e veem pouco espa\u00e7o para alta"}]},{"@type":"WebSite","@id":"https:\/\/www.suno.com.br\/noticias\/#website","url":"https:\/\/www.suno.com.br\/noticias\/","name":"Suno Not\u00edcias","description":"Seu portal de informa\u00e7\u00e3o sobre o mundo dos investimentos","publisher":{"@id":"https:\/\/www.suno.com.br\/noticias\/#organization"},"potentialAction":[{"@type":"SearchAction","target":{"@type":"EntryPoint","urlTemplate":"https:\/\/www.suno.com.br\/noticias\/?s={search_term_string}"},"query-input":{"@type":"PropertyValueSpecification","valueRequired":true,"valueName":"search_term_string"}}],"inLanguage":"pt-BR"},{"@type":"Organization","@id":"https:\/\/www.suno.com.br\/noticias\/#organization","name":"Suno Not\u00edcias","url":"https:\/\/www.suno.com.br\/noticias\/","logo":{"@type":"ImageObject","inLanguage":"pt-BR","@id":"https:\/\/www.suno.com.br\/noticias\/#\/schema\/logo\/image\/","url":"https:\/\/files.sunoresearch.com.br\/n\/uploads\/2021\/09\/suno-logo.png","contentUrl":"https:\/\/files.sunoresearch.com.br\/n\/uploads\/2021\/09\/suno-logo.png","width":180,"height":180,"caption":"Suno Not\u00edcias"},"image":{"@id":"https:\/\/www.suno.com.br\/noticias\/#\/schema\/logo\/image\/"},"sameAs":["https:\/\/facebook.com\/sunoresearch","https:\/\/x.com\/sunoresearch","https:\/\/www.instagram.com\/suno","https:\/\/www.linkedin.com\/company\/suno-research\/","https:\/\/www.youtube.com\/c\/sunoresearch"]},{"@type":"Person","@id":"https:\/\/www.suno.com.br\/noticias\/#\/schema\/person\/0a8b51292bb96ee5f104094c0907eaef","name":"Ma\u00edra Telles","image":{"@type":"ImageObject","inLanguage":"pt-BR","@id":"https:\/\/www.suno.com.br\/noticias\/#\/schema\/person\/image\/","url":"https:\/\/secure.gravatar.com\/avatar\/8d13691eab6abc1d1050b62a4c2a6116?s=96&r=g","contentUrl":"https:\/\/secure.gravatar.com\/avatar\/8d13691eab6abc1d1050b62a4c2a6116?s=96&r=g","caption":"Ma\u00edra Telles"},"description":"Jornalista com passagem por reda\u00e7\u00f5es como ESPN, especializa\u00e7\u00e3o em marketing digital e em gest\u00e3o de crise. Com foco no mercado financeiro e no setor agropecu\u00e1rio, desenvolve conte\u00fados estrat\u00e9gicos e especializados para m\u00faltiplas plataformas, unindo an\u00e1lise de investimentos e neg\u00f3cios","url":"https:\/\/www.suno.com.br\/noticias\/author\/mairaftellesgmail-com\/"}]}},"default_loop_html":"<div class=\"cardsPage__listCard__boxs\"><div class=\"cardsPage__listCard__boxs__img\"><a href=\"https:\/\/www.suno.com.br\/noticias\/vale3-genial-rebaixa-acao-apos-rali-mt\/\"><img class=\"mask\" src=\"https:\/\/www.suno.com.br\/noticias\/wp-content\/themes\/suno\/resources\/images\/spotlight\/spotlight1img\/bg-mask.png\" alt=\"Image Mask\"\/><img src=\"https:\/\/files.sunoresearch.com.br\/n\/uploads\/2025\/12\/vale-vale3-2-400x200.webp\" alt=\"Analistas rebaixam Vale (VALE3) ap\u00f3s forte rali e veem pouco espa\u00e7o para alta\"\/><\/a><span class=\"spotlightCategory\"><a href=\"https:\/\/www.suno.com.br\/noticias\/negocios\/\">Neg\u00f3cios<\/a><\/span><\/div><div class=\"cardsPage__listCard__boxs__content\"><a href=\"https:\/\/www.suno.com.br\/noticias\/vale3-genial-rebaixa-acao-apos-rali-mt\/\"><h2 class=\"content__title\">Analistas rebaixam Vale (VALE3) ap\u00f3s forte rali e veem pouco espa\u00e7o para alta<\/h2><\/a><div class=\"newsContent__article__meta\"><div class=\"newsContent__article__meta__authorBox\"><a href=\"https:\/\/www.suno.com.br\/noticias\/author\/mairaftellesgmail-com\/\" class=\"authorBox__avatar noMobi\"><img src=\"https:\/\/secure.gravatar.com\/avatar\/8d13691eab6abc1d1050b62a4c2a6116?s=96&#038;r=g\" alt=\"Ma\u00edra Telles\"><\/a><div class=\"authorBox__name\"><span>por\n\t\t\t<a href=\"https:\/\/www.suno.com.br\/noticias\/author\/mairaftellesgmail-com\/\"><span itemprop=\"author\">Ma\u00edra Telles<\/span><\/a><\/span><time datetime=\"2026-01-28T13:33:00-03:00\" itemprop=\"datePublished\">28\/01\/2026 13:33<\/time><\/div><\/div><\/div><\/div><\/div>","single_layout":"posts","amp_enabled":true,"_links":{"self":[{"href":"https:\/\/www.suno.com.br\/noticias\/wp-json\/wp\/v2\/posts\/639957"}],"collection":[{"href":"https:\/\/www.suno.com.br\/noticias\/wp-json\/wp\/v2\/posts"}],"about":[{"href":"https:\/\/www.suno.com.br\/noticias\/wp-json\/wp\/v2\/types\/post"}],"author":[{"embeddable":true,"href":"https:\/\/www.suno.com.br\/noticias\/wp-json\/wp\/v2\/users\/402"}],"replies":[{"embeddable":true,"href":"https:\/\/www.suno.com.br\/noticias\/wp-json\/wp\/v2\/comments?post=639957"}],"version-history":[{"count":2,"href":"https:\/\/www.suno.com.br\/noticias\/wp-json\/wp\/v2\/posts\/639957\/revisions"}],"predecessor-version":[{"id":640663,"href":"https:\/\/www.suno.com.br\/noticias\/wp-json\/wp\/v2\/posts\/639957\/revisions\/640663"}],"wp:featuredmedia":[{"embeddable":true,"href":"https:\/\/www.suno.com.br\/noticias\/wp-json\/wp\/v2\/media\/634256"}],"wp:attachment":[{"href":"https:\/\/www.suno.com.br\/noticias\/wp-json\/wp\/v2\/media?parent=639957"}],"wp:term":[{"taxonomy":"category","embeddable":true,"href":"https:\/\/www.suno.com.br\/noticias\/wp-json\/wp\/v2\/categories?post=639957"},{"taxonomy":"post_tag","embeddable":true,"href":"https:\/\/www.suno.com.br\/noticias\/wp-json\/wp\/v2\/tags?post=639957"},{"taxonomy":"suno_strategy","embeddable":true,"href":"https:\/\/www.suno.com.br\/noticias\/wp-json\/wp\/v2\/suno_strategy?post=639957"}],"curies":[{"name":"wp","href":"https:\/\/api.w.org\/{rel}","templated":true}]}}