{"id":639814,"date":"2026-01-27T08:35:09","date_gmt":"2026-01-27T11:35:09","guid":{"rendered":"https:\/\/www.suno.com.br\/noticias\/vale-vale3-suspensao-atividades-incidentes-mt\/"},"modified":"2026-01-27T10:45:12","modified_gmt":"2026-01-27T13:45:12","slug":"vale-vale3-suspensao-atividades-incidentes-mt","status":"publish","type":"post","link":"https:\/\/www.suno.com.br\/noticias\/vale-vale3-suspensao-atividades-incidentes-mt\/","title":{"rendered":"Vale (VALE3) tem alvar\u00e1s suspensos em MG ap\u00f3s incidente e prefeitura exige medidas emergenciais"},"content":{"rendered":"<p>A&nbsp;<a class=\"suno-keyword\" target=\"_blank\" data-force=\"no\" data-priority=\"2\" href=\"https:\/\/www.suno.com.br\/analitica\/acoes\/VALE3\/\" rel=\"noopener\"><strong>Vale (VALE3)<\/strong><\/a>&nbsp;informou na noite desta segunda-feira, 26, que recebeu um of\u00edcio da Prefeitura de Congonhas (MG) determinando a&nbsp;suspens\u00e3o dos alvar\u00e1s de funcionamento&nbsp;das atividades nas unidades de&nbsp;F\u00e1brica&nbsp;e&nbsp;Viga. A medida tamb\u00e9m imp\u00f5e \u00e0 mineradora a ado\u00e7\u00e3o de&nbsp;a\u00e7\u00f5es emergenciais de controle, monitoramento e mitiga\u00e7\u00e3o ambiental.<\/p>\t<div class=\"wrapper-featured-image\">\n\t\t<figure class=\"spotlightImg\">\n\n\t\t\t<picture>\n\t\t\t\t<source media=\"(max-width: 768px)\" srcset=\"https:\/\/files.sunoresearch.com.br\/n\/uploads\/2026\/01\/3dc4f6b1-vale-400x200.webp\">\n\t\t\t\t<img loading=\"lazy\" decoding=\"async\" class=\"newsContent__article__imgCapa lazyloadDisabled \" src=\"https:\/\/files.sunoresearch.com.br\/n\/uploads\/2026\/01\/3dc4f6b1-vale-800x450.webp\" width=\"800\" height=\"450\" alt=\"Vale (VALE3) tem alvar\u00e1s suspensos em MG ap\u00f3s incidente e prefeitura exige medidas emergenciais\" fetchpriority=high \/>\n\t\t\t<\/picture>\n\n\t\t\t<figcaption class=\"wp-caption-text wp-caption-text--show\">Vale (VALE3)<\/figcaption>\n\t\t<\/figure>\n\t<\/div>\n\n\n\n\n\n\t<p>\n\t\t<a href=\"https:\/\/lp.suno.com.br\/planilha-da-vida-financeira\/\" target=\"_blank\" data-element=\"shortcode-suno-banner\" title=\"Banner SUNO, clique e saiba mais\">\n\t\t\t<picture>\n\t\t\t\t<source media=\"(max-width: 500px)\" srcset=\"https:\/\/files.sunoresearch.com.br\/n\/uploads\/2023\/04\/400x300-Planilha-vida-financeira-true.png\">\n\t\t\t\t<img class=\"newsContent__article__imgCapa newsContent__article__imgCapa--banner\"\n\t\t\t\t\tsrc=\"https:\/\/files.sunoresearch.com.br\/n\/uploads\/2023\/04\/1420x240-Planilha-vida-financeira-true.png\"\n\t\t\t\t\tdata-promo-id=\"106682\"\t\t\t\t\t\t\t\t\t\twidth='1420' height='240'\t\t\t\t\talt=\"https:\/\/files.sunoresearch.com.br\/n\/uploads\/2023\/04\/1420x240-Planilha-vida-financeira-true.png\"\n\t\t\t\t>\n\t\t\t<\/picture>\n\t\t<\/a>\n\t<\/p>\n\n\n\n\n\n<p>Segundo a companhia, as opera\u00e7\u00f5es nas duas unidades j\u00e1 foram interrompidas. A Vale afirmou ainda que ir\u00e1 se manifestar dentro dos prazos legais sobre as exig\u00eancias feitas pelo munic\u00edpio, colaborando integralmente com as autoridades e prestando todos os esclarecimentos necess\u00e1rios.<\/p>\n\n\n\n<p>O novo desdobramento ocorre um dia ap\u00f3s a empresa comunicar ao mercado um&nbsp;<strong>extravasamento de \u00e1gua com sedimentos<\/strong>&nbsp;proveniente de uma cava da mina de F\u00e1brica, em Ouro Preto (MG). Na ocasi\u00e3o, a Vale informou que n\u00e3o houve feridos e que comunidades n\u00e3o foram atingidas, mas o material alcan\u00e7ou \u00e1reas de uma empresa instalada na regi\u00e3o. A&nbsp;<strong>CSN Minera\u00e7\u00e3o<\/strong>&nbsp;declarou que o epis\u00f3dio provocou alagamento de \u00e1reas na unidade Pires, de sua propriedade.<\/p>\n\n\n\t<p>\n\t\t<a href=\"https:\/\/lp.suno.com.br\/ebook-como-analisar-uma-acao\/\" target=\"_blank\" data-element=\"shortcode-suno-banner\" title=\"Banner SUNO, clique e saiba mais\">\n\t\t\t<picture>\n\t\t\t\t<source media=\"(max-width: 500px)\" srcset=\"https:\/\/files.sunoresearch.com.br\/n\/uploads\/2023\/03\/Ebook-Acoes-Mobile.jpg\">\n\t\t\t\t<img class=\"newsContent__article__imgCapa newsContent__article__imgCapa--banner\"\n\t\t\t\t\tsrc=\"https:\/\/files.sunoresearch.com.br\/n\/uploads\/2023\/03\/Ebook-Acoes-Desktop.jpg\"\n\t\t\t\t\tdata-promo-id=\"378302\"\t\t\t\t\t\t\t\t\t\twidth='1420' height='286'\t\t\t\t\talt=\"https:\/\/files.sunoresearch.com.br\/n\/uploads\/2023\/03\/Ebook-Acoes-Desktop.jpg\"\n\t\t\t\t>\n\t\t\t<\/picture>\n\t\t<\/a>\n\t<\/p>\n\n\n\n\n\n<h3 class=\"wp-block-heading\">Vale refor\u00e7a que barragens seguem est\u00e1veis<\/h3>\n\n\n\n<p>Em nota, a Vale voltou a enfatizar que o epis\u00f3dio n\u00e3o tem rela\u00e7\u00e3o com suas estruturas de conten\u00e7\u00e3o. A companhia destacou que suas barragens na regi\u00e3o seguem com condi\u00e7\u00f5es de estabilidade e seguran\u00e7a inalteradas, sob monitoramento cont\u00ednuo.<\/p>\n\n\n\n<p>Al\u00e9m das medidas determinadas pelo munic\u00edpio, a mineradora tamb\u00e9m buscou tranquilizar o mercado quanto aos impactos financeiros. A empresa afirmou que, apesar da suspens\u00e3o das atividades nas unidades afetadas, suas proje\u00e7\u00f5es operacionais permanecem inalteradas.<\/p>\n\n\n\n<p>No comunicado assinado pelo vice-presidente executivo de Finan\u00e7as e <a class=\"suno-keyword\" target=\"_blank\" data-force=\"no\" data-priority=\"1\" href=\"https:\/\/www.suno.com.br\/artigos\/relacoes-com-investidores\/\" rel=\"noopener\">Rela\u00e7\u00f5es com Investidores<\/a>, Marcelo Feriozzi Bacci, a companhia declarou:&nbsp;\u201cA <strong>Vale <\/strong>reitera seu compromisso com a seguran\u00e7a das pessoas e de suas opera\u00e7\u00f5es, esclarecendo que suas barragens na regi\u00e3o seguem com condi\u00e7\u00f5es de estabilidade e seguran\u00e7a inalteradas, sendo monitoradas 24 horas por dia, 7 dias por semana.\u201d<\/p>\n\n\n\n\n\t<p>\n\t\t<a href=\"https:\/\/lp.suno.com.br\/planilha-da-vida-financeira\/\" target=\"_blank\" data-element=\"shortcode-suno-banner\" title=\"Banner SUNO, clique e saiba mais\">\n\t\t\t<picture>\n\t\t\t\t<source media=\"(max-width: 500px)\" srcset=\"https:\/\/files.sunoresearch.com.br\/n\/uploads\/2023\/04\/400x300-Planilha-vida-financeira-true.png\">\n\t\t\t\t<img class=\"newsContent__article__imgCapa newsContent__article__imgCapa--banner\"\n\t\t\t\t\tsrc=\"https:\/\/files.sunoresearch.com.br\/n\/uploads\/2023\/04\/1420x240-Planilha-vida-financeira-true.png\"\n\t\t\t\t\tdata-promo-id=\"383123\"\t\t\t\t\t\t\t\t\t\twidth='1420' height='240'\t\t\t\t\talt=\"https:\/\/files.sunoresearch.com.br\/n\/uploads\/2023\/04\/1420x240-Planilha-vida-financeira-true.png\"\n\t\t\t\t>\n\t\t\t<\/picture>\n\t\t<\/a>\n\t<\/p>\n\n\n","protected":false},"excerpt":{"rendered":"<p>A\u00a0Vale (VALE3)\u00a0informou na noite desta segunda-feira, 26, que recebeu um of\u00edcio da Prefeitura de Congonhas (MG) determinando a\u00a0suspens\u00e3o dos alvar\u00e1s de funcionamento\u00a0das atividades nas unidades de\u00a0F\u00e1brica\u00a0e\u00a0Viga. A medida tamb\u00e9m imp\u00f5e \u00e0 mineradora a ado\u00e7\u00e3o de\u00a0a\u00e7\u00f5es emergenciais de controle, monitoramento e mitiga\u00e7\u00e3o ambiental. Segundo a companhia, as opera\u00e7\u00f5es nas duas unidades j\u00e1 foram interrompidas. A Vale &hellip; Continued<\/p>\n","protected":false},"author":402,"featured_media":639815,"comment_status":"closed","ping_status":"closed","sticky":false,"template":"","format":"standard","meta":[],"categories":[64],"tags":[676],"suno_strategy":[],"class_list":["post-639814","post","type-post","status-publish","format-standard","has-post-thumbnail","hentry","category-negocios","tag-vale-vale3"],"yoast_head":"<!-- This site is optimized with the Yoast SEO plugin v24.4 - https:\/\/yoast.com\/wordpress\/plugins\/seo\/ -->\n<title>Vale (VALE3) tem atividades suspensas em MG ap\u00f3s incidentes<\/title>\n<meta name=\"description\" content=\"Vale (VALE3) tem alvar\u00e1s suspensos em unidades de MG ap\u00f3s incidente; empresa diz que barragens seguem seguras.\" \/>\n<meta name=\"robots\" content=\"index, follow, max-snippet:-1, max-image-preview:large, max-video-preview:-1\" \/>\n<link rel=\"canonical\" href=\"https:\/\/www.suno.com.br\/noticias\/vale-vale3-suspensao-atividades-incidentes-mt\/\" \/>\n<meta property=\"og:locale\" content=\"pt_BR\" \/>\n<meta property=\"og:type\" content=\"article\" \/>\n<meta property=\"og:title\" content=\"Vale (VALE3) tem atividades suspensas em MG ap\u00f3s incidentes\" \/>\n<meta property=\"og:description\" content=\"Vale (VALE3) tem alvar\u00e1s suspensos em unidades de MG ap\u00f3s incidente; empresa diz que barragens seguem seguras.\" \/>\n<meta property=\"og:url\" content=\"https:\/\/www.suno.com.br\/noticias\/vale-vale3-suspensao-atividades-incidentes-mt\/\" \/>\n<meta property=\"og:site_name\" content=\"Suno Not\u00edcias\" \/>\n<meta property=\"article:publisher\" content=\"https:\/\/facebook.com\/sunoresearch\" \/>\n<meta property=\"og:image\" content=\"https:\/\/files.sunoresearch.com.br\/n\/uploads\/2026\/01\/3dc4f6b1-vale-jpg.webp\" \/>\n\t<meta property=\"og:image:width\" content=\"1086\" \/>\n\t<meta property=\"og:image:height\" content=\"652\" \/>\n\t<meta property=\"og:image:type\" content=\"image\/jpeg\" \/>\n<meta name=\"author\" content=\"Ma\u00edra Telles\" \/>\n<meta name=\"twitter:card\" content=\"summary_large_image\" \/>\n<meta name=\"twitter:creator\" content=\"@sunoresearch\" \/>\n<meta name=\"twitter:site\" content=\"@sunoresearch\" \/>\n<meta name=\"twitter:label1\" content=\"Escrito por\" \/>\n\t<meta name=\"twitter:data1\" content=\"Ma\u00edra Telles\" \/>\n\t<meta name=\"twitter:label2\" content=\"Est. tempo de leitura\" \/>\n\t<meta name=\"twitter:data2\" content=\"2 minutos\" \/>\n<script type=\"application\/ld+json\" class=\"yoast-schema-graph\">{\"@context\":\"https:\/\/schema.org\",\"@graph\":[{\"@type\":\"NewsArticle\",\"@id\":\"https:\/\/www.suno.com.br\/noticias\/vale-vale3-suspensao-atividades-incidentes-mt\/#article\",\"isPartOf\":{\"@id\":\"https:\/\/www.suno.com.br\/noticias\/vale-vale3-suspensao-atividades-incidentes-mt\/\"},\"author\":{\"name\":\"Ma\u00edra Telles\",\"@id\":\"https:\/\/www.suno.com.br\/noticias\/#\/schema\/person\/0a8b51292bb96ee5f104094c0907eaef\"},\"headline\":\"Vale (VALE3) tem alvar\u00e1s suspensos em MG ap\u00f3s incidente e prefeitura exige medidas emergenciais\",\"datePublished\":\"2026-01-27T11:35:09+00:00\",\"dateModified\":\"2026-01-27T13:45:12+00:00\",\"mainEntityOfPage\":{\"@id\":\"https:\/\/www.suno.com.br\/noticias\/vale-vale3-suspensao-atividades-incidentes-mt\/\"},\"wordCount\":374,\"publisher\":{\"@id\":\"https:\/\/www.suno.com.br\/noticias\/#organization\"},\"image\":{\"@id\":\"https:\/\/www.suno.com.br\/noticias\/vale-vale3-suspensao-atividades-incidentes-mt\/#primaryimage\"},\"thumbnailUrl\":\"https:\/\/files.sunoresearch.com.br\/n\/uploads\/2026\/01\/3dc4f6b1-vale-jpg.webp\",\"keywords\":[\"Vale (VALE3)\"],\"articleSection\":[\"Neg\u00f3cios\"],\"inLanguage\":\"pt-BR\"},{\"@type\":\"WebPage\",\"@id\":\"https:\/\/www.suno.com.br\/noticias\/vale-vale3-suspensao-atividades-incidentes-mt\/\",\"url\":\"https:\/\/www.suno.com.br\/noticias\/vale-vale3-suspensao-atividades-incidentes-mt\/\",\"name\":\"Vale (VALE3) tem atividades suspensas em MG ap\u00f3s incidentes\",\"isPartOf\":{\"@id\":\"https:\/\/www.suno.com.br\/noticias\/#website\"},\"primaryImageOfPage\":{\"@id\":\"https:\/\/www.suno.com.br\/noticias\/vale-vale3-suspensao-atividades-incidentes-mt\/#primaryimage\"},\"image\":{\"@id\":\"https:\/\/www.suno.com.br\/noticias\/vale-vale3-suspensao-atividades-incidentes-mt\/#primaryimage\"},\"thumbnailUrl\":\"https:\/\/files.sunoresearch.com.br\/n\/uploads\/2026\/01\/3dc4f6b1-vale-jpg.webp\",\"datePublished\":\"2026-01-27T11:35:09+00:00\",\"dateModified\":\"2026-01-27T13:45:12+00:00\",\"description\":\"Vale (VALE3) tem alvar\u00e1s suspensos em unidades de MG ap\u00f3s incidente; empresa diz que barragens seguem seguras.\",\"breadcrumb\":{\"@id\":\"https:\/\/www.suno.com.br\/noticias\/vale-vale3-suspensao-atividades-incidentes-mt\/#breadcrumb\"},\"inLanguage\":\"pt-BR\",\"potentialAction\":[{\"@type\":\"ReadAction\",\"target\":[\"https:\/\/www.suno.com.br\/noticias\/vale-vale3-suspensao-atividades-incidentes-mt\/\"]}]},{\"@type\":\"ImageObject\",\"inLanguage\":\"pt-BR\",\"@id\":\"https:\/\/www.suno.com.br\/noticias\/vale-vale3-suspensao-atividades-incidentes-mt\/#primaryimage\",\"url\":\"https:\/\/files.sunoresearch.com.br\/n\/uploads\/2026\/01\/3dc4f6b1-vale-jpg.webp\",\"contentUrl\":\"https:\/\/files.sunoresearch.com.br\/n\/uploads\/2026\/01\/3dc4f6b1-vale-jpg.webp\",\"width\":1086,\"height\":652,\"caption\":\"Vale (VALE3)\"},{\"@type\":\"BreadcrumbList\",\"@id\":\"https:\/\/www.suno.com.br\/noticias\/vale-vale3-suspensao-atividades-incidentes-mt\/#breadcrumb\",\"itemListElement\":[{\"@type\":\"ListItem\",\"position\":1,\"name\":\"Not\u00edcias\",\"item\":\"https:\/\/www.suno.com.br\/noticias\/\"},{\"@type\":\"ListItem\",\"position\":2,\"name\":\"Neg\u00f3cios\",\"item\":\"https:\/\/www.suno.com.br\/noticias\/negocios\/\"},{\"@type\":\"ListItem\",\"position\":3,\"name\":\"Vale (VALE3) tem alvar\u00e1s suspensos em MG ap\u00f3s incidente e prefeitura exige medidas emergenciais\"}]},{\"@type\":\"WebSite\",\"@id\":\"https:\/\/www.suno.com.br\/noticias\/#website\",\"url\":\"https:\/\/www.suno.com.br\/noticias\/\",\"name\":\"Suno Not\u00edcias\",\"description\":\"Seu portal de informa\u00e7\u00e3o sobre o mundo dos investimentos\",\"publisher\":{\"@id\":\"https:\/\/www.suno.com.br\/noticias\/#organization\"},\"potentialAction\":[{\"@type\":\"SearchAction\",\"target\":{\"@type\":\"EntryPoint\",\"urlTemplate\":\"https:\/\/www.suno.com.br\/noticias\/?s={search_term_string}\"},\"query-input\":{\"@type\":\"PropertyValueSpecification\",\"valueRequired\":true,\"valueName\":\"search_term_string\"}}],\"inLanguage\":\"pt-BR\"},{\"@type\":\"Organization\",\"@id\":\"https:\/\/www.suno.com.br\/noticias\/#organization\",\"name\":\"Suno Not\u00edcias\",\"url\":\"https:\/\/www.suno.com.br\/noticias\/\",\"logo\":{\"@type\":\"ImageObject\",\"inLanguage\":\"pt-BR\",\"@id\":\"https:\/\/www.suno.com.br\/noticias\/#\/schema\/logo\/image\/\",\"url\":\"https:\/\/files.sunoresearch.com.br\/n\/uploads\/2021\/09\/suno-logo.png\",\"contentUrl\":\"https:\/\/files.sunoresearch.com.br\/n\/uploads\/2021\/09\/suno-logo.png\",\"width\":180,\"height\":180,\"caption\":\"Suno Not\u00edcias\"},\"image\":{\"@id\":\"https:\/\/www.suno.com.br\/noticias\/#\/schema\/logo\/image\/\"},\"sameAs\":[\"https:\/\/facebook.com\/sunoresearch\",\"https:\/\/x.com\/sunoresearch\",\"https:\/\/www.instagram.com\/suno\",\"https:\/\/www.linkedin.com\/company\/suno-research\/\",\"https:\/\/www.youtube.com\/c\/sunoresearch\"]},{\"@type\":\"Person\",\"@id\":\"https:\/\/www.suno.com.br\/noticias\/#\/schema\/person\/0a8b51292bb96ee5f104094c0907eaef\",\"name\":\"Ma\u00edra Telles\",\"image\":{\"@type\":\"ImageObject\",\"inLanguage\":\"pt-BR\",\"@id\":\"https:\/\/www.suno.com.br\/noticias\/#\/schema\/person\/image\/\",\"url\":\"https:\/\/secure.gravatar.com\/avatar\/8d13691eab6abc1d1050b62a4c2a6116?s=96&r=g\",\"contentUrl\":\"https:\/\/secure.gravatar.com\/avatar\/8d13691eab6abc1d1050b62a4c2a6116?s=96&r=g\",\"caption\":\"Ma\u00edra Telles\"},\"description\":\"Jornalista com passagem por reda\u00e7\u00f5es como ESPN, especializa\u00e7\u00e3o em marketing digital e em gest\u00e3o de crise. Com foco no mercado financeiro e no setor agropecu\u00e1rio, desenvolve conte\u00fados estrat\u00e9gicos e especializados para m\u00faltiplas plataformas, unindo an\u00e1lise de investimentos e neg\u00f3cios\",\"url\":\"https:\/\/www.suno.com.br\/noticias\/author\/mairaftellesgmail-com\/\"}]}<\/script>\n<!-- \/ Yoast SEO plugin. -->","yoast_head_json":{"title":"Vale (VALE3) tem atividades suspensas em MG ap\u00f3s incidentes","description":"Vale (VALE3) tem alvar\u00e1s suspensos em unidades de MG ap\u00f3s incidente; empresa diz que barragens seguem seguras.","robots":{"index":"index","follow":"follow","max-snippet":"max-snippet:-1","max-image-preview":"max-image-preview:large","max-video-preview":"max-video-preview:-1"},"canonical":"https:\/\/www.suno.com.br\/noticias\/vale-vale3-suspensao-atividades-incidentes-mt\/","og_locale":"pt_BR","og_type":"article","og_title":"Vale (VALE3) tem atividades suspensas em MG ap\u00f3s incidentes","og_description":"Vale (VALE3) tem alvar\u00e1s suspensos em unidades de MG ap\u00f3s incidente; empresa diz que barragens seguem seguras.","og_url":"https:\/\/www.suno.com.br\/noticias\/vale-vale3-suspensao-atividades-incidentes-mt\/","og_site_name":"Suno Not\u00edcias","article_publisher":"https:\/\/facebook.com\/sunoresearch","og_image":[{"width":1086,"height":652,"url":"https:\/\/files.sunoresearch.com.br\/n\/uploads\/2026\/01\/3dc4f6b1-vale-jpg.webp","type":"image\/jpeg"}],"author":"Ma\u00edra Telles","twitter_card":"summary_large_image","twitter_creator":"@sunoresearch","twitter_site":"@sunoresearch","twitter_misc":{"Escrito por":"Ma\u00edra Telles","Est. tempo de leitura":"2 minutos"},"schema":{"@context":"https:\/\/schema.org","@graph":[{"@type":"NewsArticle","@id":"https:\/\/www.suno.com.br\/noticias\/vale-vale3-suspensao-atividades-incidentes-mt\/#article","isPartOf":{"@id":"https:\/\/www.suno.com.br\/noticias\/vale-vale3-suspensao-atividades-incidentes-mt\/"},"author":{"name":"Ma\u00edra Telles","@id":"https:\/\/www.suno.com.br\/noticias\/#\/schema\/person\/0a8b51292bb96ee5f104094c0907eaef"},"headline":"Vale (VALE3) tem alvar\u00e1s suspensos em MG ap\u00f3s incidente e prefeitura exige medidas emergenciais","datePublished":"2026-01-27T11:35:09+00:00","dateModified":"2026-01-27T13:45:12+00:00","mainEntityOfPage":{"@id":"https:\/\/www.suno.com.br\/noticias\/vale-vale3-suspensao-atividades-incidentes-mt\/"},"wordCount":374,"publisher":{"@id":"https:\/\/www.suno.com.br\/noticias\/#organization"},"image":{"@id":"https:\/\/www.suno.com.br\/noticias\/vale-vale3-suspensao-atividades-incidentes-mt\/#primaryimage"},"thumbnailUrl":"https:\/\/files.sunoresearch.com.br\/n\/uploads\/2026\/01\/3dc4f6b1-vale-jpg.webp","keywords":["Vale (VALE3)"],"articleSection":["Neg\u00f3cios"],"inLanguage":"pt-BR"},{"@type":"WebPage","@id":"https:\/\/www.suno.com.br\/noticias\/vale-vale3-suspensao-atividades-incidentes-mt\/","url":"https:\/\/www.suno.com.br\/noticias\/vale-vale3-suspensao-atividades-incidentes-mt\/","name":"Vale (VALE3) tem atividades suspensas em MG ap\u00f3s incidentes","isPartOf":{"@id":"https:\/\/www.suno.com.br\/noticias\/#website"},"primaryImageOfPage":{"@id":"https:\/\/www.suno.com.br\/noticias\/vale-vale3-suspensao-atividades-incidentes-mt\/#primaryimage"},"image":{"@id":"https:\/\/www.suno.com.br\/noticias\/vale-vale3-suspensao-atividades-incidentes-mt\/#primaryimage"},"thumbnailUrl":"https:\/\/files.sunoresearch.com.br\/n\/uploads\/2026\/01\/3dc4f6b1-vale-jpg.webp","datePublished":"2026-01-27T11:35:09+00:00","dateModified":"2026-01-27T13:45:12+00:00","description":"Vale (VALE3) tem alvar\u00e1s suspensos em unidades de MG ap\u00f3s incidente; empresa diz que barragens seguem seguras.","breadcrumb":{"@id":"https:\/\/www.suno.com.br\/noticias\/vale-vale3-suspensao-atividades-incidentes-mt\/#breadcrumb"},"inLanguage":"pt-BR","potentialAction":[{"@type":"ReadAction","target":["https:\/\/www.suno.com.br\/noticias\/vale-vale3-suspensao-atividades-incidentes-mt\/"]}]},{"@type":"ImageObject","inLanguage":"pt-BR","@id":"https:\/\/www.suno.com.br\/noticias\/vale-vale3-suspensao-atividades-incidentes-mt\/#primaryimage","url":"https:\/\/files.sunoresearch.com.br\/n\/uploads\/2026\/01\/3dc4f6b1-vale-jpg.webp","contentUrl":"https:\/\/files.sunoresearch.com.br\/n\/uploads\/2026\/01\/3dc4f6b1-vale-jpg.webp","width":1086,"height":652,"caption":"Vale (VALE3)"},{"@type":"BreadcrumbList","@id":"https:\/\/www.suno.com.br\/noticias\/vale-vale3-suspensao-atividades-incidentes-mt\/#breadcrumb","itemListElement":[{"@type":"ListItem","position":1,"name":"Not\u00edcias","item":"https:\/\/www.suno.com.br\/noticias\/"},{"@type":"ListItem","position":2,"name":"Neg\u00f3cios","item":"https:\/\/www.suno.com.br\/noticias\/negocios\/"},{"@type":"ListItem","position":3,"name":"Vale (VALE3) tem alvar\u00e1s suspensos em MG ap\u00f3s incidente e prefeitura exige medidas emergenciais"}]},{"@type":"WebSite","@id":"https:\/\/www.suno.com.br\/noticias\/#website","url":"https:\/\/www.suno.com.br\/noticias\/","name":"Suno Not\u00edcias","description":"Seu portal de informa\u00e7\u00e3o sobre o mundo dos investimentos","publisher":{"@id":"https:\/\/www.suno.com.br\/noticias\/#organization"},"potentialAction":[{"@type":"SearchAction","target":{"@type":"EntryPoint","urlTemplate":"https:\/\/www.suno.com.br\/noticias\/?s={search_term_string}"},"query-input":{"@type":"PropertyValueSpecification","valueRequired":true,"valueName":"search_term_string"}}],"inLanguage":"pt-BR"},{"@type":"Organization","@id":"https:\/\/www.suno.com.br\/noticias\/#organization","name":"Suno Not\u00edcias","url":"https:\/\/www.suno.com.br\/noticias\/","logo":{"@type":"ImageObject","inLanguage":"pt-BR","@id":"https:\/\/www.suno.com.br\/noticias\/#\/schema\/logo\/image\/","url":"https:\/\/files.sunoresearch.com.br\/n\/uploads\/2021\/09\/suno-logo.png","contentUrl":"https:\/\/files.sunoresearch.com.br\/n\/uploads\/2021\/09\/suno-logo.png","width":180,"height":180,"caption":"Suno Not\u00edcias"},"image":{"@id":"https:\/\/www.suno.com.br\/noticias\/#\/schema\/logo\/image\/"},"sameAs":["https:\/\/facebook.com\/sunoresearch","https:\/\/x.com\/sunoresearch","https:\/\/www.instagram.com\/suno","https:\/\/www.linkedin.com\/company\/suno-research\/","https:\/\/www.youtube.com\/c\/sunoresearch"]},{"@type":"Person","@id":"https:\/\/www.suno.com.br\/noticias\/#\/schema\/person\/0a8b51292bb96ee5f104094c0907eaef","name":"Ma\u00edra Telles","image":{"@type":"ImageObject","inLanguage":"pt-BR","@id":"https:\/\/www.suno.com.br\/noticias\/#\/schema\/person\/image\/","url":"https:\/\/secure.gravatar.com\/avatar\/8d13691eab6abc1d1050b62a4c2a6116?s=96&r=g","contentUrl":"https:\/\/secure.gravatar.com\/avatar\/8d13691eab6abc1d1050b62a4c2a6116?s=96&r=g","caption":"Ma\u00edra Telles"},"description":"Jornalista com passagem por reda\u00e7\u00f5es como ESPN, especializa\u00e7\u00e3o em marketing digital e em gest\u00e3o de crise. Com foco no mercado financeiro e no setor agropecu\u00e1rio, desenvolve conte\u00fados estrat\u00e9gicos e especializados para m\u00faltiplas plataformas, unindo an\u00e1lise de investimentos e neg\u00f3cios","url":"https:\/\/www.suno.com.br\/noticias\/author\/mairaftellesgmail-com\/"}]}},"default_loop_html":"<div class=\"cardsPage__listCard__boxs\"><div class=\"cardsPage__listCard__boxs__img\"><a href=\"https:\/\/www.suno.com.br\/noticias\/vale-vale3-suspensao-atividades-incidentes-mt\/\"><img class=\"mask\" src=\"https:\/\/www.suno.com.br\/noticias\/wp-content\/themes\/suno\/resources\/images\/spotlight\/spotlight1img\/bg-mask.png\" alt=\"Image Mask\"\/><img src=\"https:\/\/files.sunoresearch.com.br\/n\/uploads\/2026\/01\/3dc4f6b1-vale-400x200.webp\" alt=\"Vale (VALE3) tem alvar\u00e1s suspensos em MG ap\u00f3s incidente e prefeitura exige medidas emergenciais\"\/><\/a><span class=\"spotlightCategory\"><a href=\"https:\/\/www.suno.com.br\/noticias\/negocios\/\">Neg\u00f3cios<\/a><\/span><\/div><div class=\"cardsPage__listCard__boxs__content\"><a href=\"https:\/\/www.suno.com.br\/noticias\/vale-vale3-suspensao-atividades-incidentes-mt\/\"><h2 class=\"content__title\">Vale (VALE3) tem alvar\u00e1s suspensos em MG ap\u00f3s incidente e prefeitura exige medidas emergenciais<\/h2><\/a><div class=\"newsContent__article__meta\"><div class=\"newsContent__article__meta__authorBox\"><a href=\"https:\/\/www.suno.com.br\/noticias\/author\/mairaftellesgmail-com\/\" class=\"authorBox__avatar noMobi\"><img src=\"https:\/\/secure.gravatar.com\/avatar\/8d13691eab6abc1d1050b62a4c2a6116?s=96&#038;r=g\" alt=\"Ma\u00edra Telles\"><\/a><div class=\"authorBox__name\"><span>por\n\t\t\t<a href=\"https:\/\/www.suno.com.br\/noticias\/author\/mairaftellesgmail-com\/\"><span itemprop=\"author\">Ma\u00edra Telles<\/span><\/a><\/span><time datetime=\"2026-01-27T08:35:09-03:00\" itemprop=\"datePublished\">27\/01\/2026 08:35<\/time><\/div><\/div><\/div><\/div><\/div>","single_layout":"posts","amp_enabled":true,"_links":{"self":[{"href":"https:\/\/www.suno.com.br\/noticias\/wp-json\/wp\/v2\/posts\/639814"}],"collection":[{"href":"https:\/\/www.suno.com.br\/noticias\/wp-json\/wp\/v2\/posts"}],"about":[{"href":"https:\/\/www.suno.com.br\/noticias\/wp-json\/wp\/v2\/types\/post"}],"author":[{"embeddable":true,"href":"https:\/\/www.suno.com.br\/noticias\/wp-json\/wp\/v2\/users\/402"}],"replies":[{"embeddable":true,"href":"https:\/\/www.suno.com.br\/noticias\/wp-json\/wp\/v2\/comments?post=639814"}],"version-history":[{"count":1,"href":"https:\/\/www.suno.com.br\/noticias\/wp-json\/wp\/v2\/posts\/639814\/revisions"}],"predecessor-version":[{"id":639844,"href":"https:\/\/www.suno.com.br\/noticias\/wp-json\/wp\/v2\/posts\/639814\/revisions\/639844"}],"wp:featuredmedia":[{"embeddable":true,"href":"https:\/\/www.suno.com.br\/noticias\/wp-json\/wp\/v2\/media\/639815"}],"wp:attachment":[{"href":"https:\/\/www.suno.com.br\/noticias\/wp-json\/wp\/v2\/media?parent=639814"}],"wp:term":[{"taxonomy":"category","embeddable":true,"href":"https:\/\/www.suno.com.br\/noticias\/wp-json\/wp\/v2\/categories?post=639814"},{"taxonomy":"post_tag","embeddable":true,"href":"https:\/\/www.suno.com.br\/noticias\/wp-json\/wp\/v2\/tags?post=639814"},{"taxonomy":"suno_strategy","embeddable":true,"href":"https:\/\/www.suno.com.br\/noticias\/wp-json\/wp\/v2\/suno_strategy?post=639814"}],"curies":[{"name":"wp","href":"https:\/\/api.w.org\/{rel}","templated":true}]}}