{"id":63976,"date":"2020-05-07T17:29:40","date_gmt":"2020-05-07T20:29:40","guid":{"rendered":"https:\/\/www.suno.com.br\/noticias\/?p=63976"},"modified":"2021-02-18T17:23:40","modified_gmt":"2021-02-18T20:23:40","slug":"dolar-bate-recorde-07052020","status":"publish","type":"post","link":"https:\/\/www.suno.com.br\/noticias\/dolar-bate-recorde-07052020\/","title":{"rendered":"D\u00f3lar sobe 2,392% e renova m\u00e1xima hist\u00f3rica cotado a R$ 5,8399"},"content":{"rendered":"<p>O <strong><a href=\"https:\/\/www.suno.com.br\/artigos\/dolar\/\">d\u00f3lar<\/a><\/strong> encerrou as negocia\u00e7\u00f5es desta quinta-feira (7) em forte alta de 2,392%, vendido a R$ <span class=\"chart-info-val ng-binding\">5,8399<\/span>. Com isso, a moeda americana bateu o segundo recorde nominal de cota\u00e7\u00e3o consecutivo.<\/p>\t<div class=\"wrapper-featured-image\">\n\t\t<figure class=\"spotlightImg\">\n\n\t\t\t<picture>\n\t\t\t\t<source media=\"(max-width: 768px)\" srcset=\"https:\/\/files.sunoresearch.com.br\/n\/uploads\/2019\/01\/7e88c6e8-d\u00f3lar-400x200.webp\">\n\t\t\t\t<img loading=\"lazy\" decoding=\"async\" class=\"newsContent__article__imgCapa lazyloadDisabled newsContent__article__imgCapa--noCaption\" src=\"https:\/\/files.sunoresearch.com.br\/n\/uploads\/2019\/01\/7e88c6e8-d\u00f3lar-800x450.webp\" width=\"800\" height=\"450\" alt=\"D\u00f3lar sobe 2,392% e renova m\u00e1xima hist\u00f3rica cotado a R$ 5,8399\" fetchpriority=high \/>\n\t\t\t<\/picture>\n\n\t\t\t<figcaption class=\"wp-caption-text wp-caption-text--hide\">O d\u00f3lar hoje ampliou os ganhos ap\u00f3s avan\u00e7ar 0,43% no dia anterior<\/figcaption>\n\t\t<\/figure>\n\t<\/div>\n\n\n\n<p>O d\u00f3lar abriu em forte alta pela manh\u00e3 e ampliou os ganhos com o passar do dia. A valoriza\u00e7\u00e3o foi impulsionada pela surpresa do mercado com o corte mais acentuado da <a href=\"https:\/\/www.suno.com.br\/artigos\/taxa-de-juros-em-2020\/\">taxa b\u00e1sica de juros (Selic)<\/a> pelo <a href=\"https:\/\/www.suno.com.br\/artigos\/bacen\/\">Banco Central (BC)<\/a>.<\/p>\n<p><a href=\"https:\/\/lp.suno.com.br\/suno-one\/\">Na Suno One voc\u00ea aprende como fazer o seu dinheiro para trabalhar para voc\u00ea. Cadastre-se agora.<\/a><\/p>\n<p>Al\u00e9m disso, a autoridade monet\u00e1ria realizou o leil\u00e3o de 7,54 mil contratos de <a href=\"https:\/\/www.suno.com.br\/artigos\/swap-cambial\/\">swap cambial<\/a>, com prazo de vencimento para setembro deste ano e para janeiro de 2021.<\/p>\n<p>Confira as principais not\u00edcias que afetaram o mercado de c\u00e2mbio nesta quinta-feira:<\/p>\n<ul>\n<li>Banco Central corta Selic em 0,75 ponto para 3% ao ano<\/li>\n<li>Paulo Guedes afirma que economia est\u00e1 &#8216;come\u00e7ando a colapsar&#8217;<\/li>\n<li>FMI aprova aux\u00edlio emergencial de US$ 18 bi a 50 pa\u00edses<\/li>\n<li>Investimentos apresentam queda de 8,9%, segundo Ipea<\/li>\n<\/ul>\n<h2>Banco Central corta Selic em 0,75 ponto para 3% ao ano<\/h2>\n<p>O <a href=\"https:\/\/www.suno.com.br\/artigos\/copom\/\">Comit\u00ea de Pol\u00edtica Monet\u00e1ria (Copom)<\/a> do BC decidiu na noite da \u00faltima quarta-feira reduzir a <strong>Taxa Selic<\/strong> em 0,75%. Com o novo corte a taxa caiu para 3% ao ano, uma nova m\u00ednima hist\u00f3rica.<\/p>\n<p><a href=\"https:\/\/www.suno.com.br\/noticias\/banco-central-selic-copom-06052020\/\">Saiba mais: Banco Central corta Selic em 0,75 ponto para 3% ao ano<\/a><\/p>\n<p>A decis\u00e3o de cortar a Selic foi tomada pela unanimidade dos membros do Copom. Segundo o comunicado divulgado pelo BC, &#8220;o Comit\u00ea entende que, neste momento, a conjuntura econ\u00f4mica prescreve est\u00edmulo monet\u00e1rio extraordinariamente elevado, mas refor\u00e7a que h\u00e1 potenciais limita\u00e7\u00f5es para o grau de ajuste adicional&#8221;.<\/p>\n<p>O Banco Central tamb\u00e9m deu indica\u00e7\u00e3o sobre o futuro da pol\u00edtica monet\u00e1ria, salientando como &#8220;o Comit\u00ea avalia que a trajet\u00f3ria fiscal ao longo do pr\u00f3ximo ano, assim como a percep\u00e7\u00e3o sobre sua sustentabilidade, ser\u00e3o decisivas para determinar o prolongamento do est\u00edmulo&#8221;.<\/p>\n<h2>Paulo Guedes afirma que economia est\u00e1 &#8220;come\u00e7ando a colapsar&#8221;<\/h2>\n<p>O ministro da Economia, <a href=\"https:\/\/www.suno.com.br\/tudo-sobre\/paulo-guedes\/\"><strong>Paulo Guedes<\/strong><\/a>, afirmou que a economia brasileira est\u00e1 come\u00e7ando a entrar em colapso. A fala foi proferida durante uma reuni\u00e3o no Supremo Tribunal Federal (STF), nesta quinta-feira, que contou com o presidente Jair Bolsonaro, o presidente do STF, Dias Toffoli, al\u00e9m de empres\u00e1rios e ministros.<\/p>\n<p><a href=\"https:\/\/www.suno.com.br\/noticias\/paulo-guedes-economia-comecando-colapsar\/\">Saiba mais: Paulo Guedes afirma que economia est\u00e1 &#8216;come\u00e7ando a colapsar&#8217;<\/a><\/p>\n<p>&#8220;A informa\u00e7\u00e3o que n\u00f3s tivemos \u00e9 que, embora tenhamos lan\u00e7ado dois ou tr\u00eas meses de prote\u00e7\u00e3o, talvez os sinais vitais n\u00e3o sustentem por tanto tempo. Talvez vamos ter um colapso antes. A economia est\u00e1 come\u00e7ando a colapsar&#8221;, afirmou Paulo Guedes.<\/p>\n<h2>FMI aprova aux\u00edlio emergencial de US$ 18 bi a 50 pa\u00edses<\/h2>\n<p>O <a href=\"https:\/\/www.suno.com.br\/artigos\/fmi\/\">Fundo Monet\u00e1rio Internacional (FMI)<\/a> destinar\u00e1 US$ 18 bilh\u00f5es (cerca de R$ 104,66 bilh\u00f5es) para 50 pa\u00edses que solicitaram ajuda. A informa\u00e7\u00e3o foi divulgada pelo porta-voz da organiza\u00e7\u00e3o, Gerry Rice, em entrevista coletiva online.<\/p>\n<p><a href=\"https:\/\/www.suno.com.br\/noticias\/coronavirus-fmi-aprova-auxilio-emergencial-de-us-18-bi-a-50-paises\/\">Saiba mais: Coronav\u00edrus: FMI aprova aux\u00edlio emergencial de US$ 18 bi a 50 pa\u00edses<\/a><\/p>\n<p>Segundo ele, o <strong>FMI<\/strong> ainda est\u00e1 trabalhando para autorizar os outros 50 pedidos restantes. Dessa forma, 100 dos 189 pa\u00edses integrantes do fundo receberiam um aux\u00edlio para combater o coronav\u00edrus.<\/p>\n<h2>Investimentos apresentam queda de 8,9%, segundo Ipea<\/h2>\n<p>O Instituto de Pesquisa Econ\u00f4mica Aplicada (Ipea) informou nessa quinta-feira que os <a href=\"https:\/\/www.suno.com.br\/?gclid=EAIaIQobChMI0cfs57Ki6QIVEgiRCh0K3AGPEAAYAyAAEgLopfD_BwE\"><strong>investimentos<\/strong> <\/a>medidos pelo indicador de <a href=\"https:\/\/www.suno.com.br\/artigos\/formacao-bruta-capital-fixo-fbcf\/\">Forma\u00e7\u00e3o Bruta de Capital Fixo (FBCF)<\/a> ca\u00edram 8,9% em mar\u00e7o, devido aos impactos econ\u00f4micos da pandemia do novo coronav\u00edrus (covid-19).<\/p>\n<p><a href=\"https:\/\/www.suno.com.br\/noticias\/investimentos-apresentam-queda-de-89-segundo-ipea\/\">Saiba mais: Investimentos apresentam queda de 8,9%, segundo Ipea<\/a><\/p>\n<p>A redu\u00e7\u00e3o dos investimentos em mar\u00e7o interferiu negativamente nos dados do primeiro trimestre de 2020, mas ainda assim, os tr\u00eas primeiros meses do ano apresentaram uma alta de 1,7% quando comparado com os dados do mesmo per\u00edodo de 2019. Em janeiro desse ano houve uma alta de 7,9%, enquanto fevereiro tamb\u00e9m apresentou um crescimento de 1,2%.<\/p>\n<h2>\u00daltima cota\u00e7\u00e3o do d\u00f3lar<\/h2>\n<p>Na \u00faltima sess\u00e3o, quarta-feira (6), o <strong>d\u00f3lar<\/strong> encerrou em recorde de cota\u00e7\u00e3o, a R$ 5,70, com varia\u00e7\u00e3o positiva de 2,027%.<\/p>\n","protected":false},"excerpt":{"rendered":"<p>O d\u00f3lar encerrou as negocia\u00e7\u00f5es desta quinta-feira (7) em forte alta de 2,392%, vendido a R$ 5,8399. Com isso, a moeda americana bateu o segundo recorde nominal de cota\u00e7\u00e3o consecutivo. O d\u00f3lar hoje ampliou os ganhos ap\u00f3s avan\u00e7ar 0,43% no dia anterior O d\u00f3lar abriu em forte alta pela manh\u00e3 e ampliou os ganhos com [&hellip;]<\/p>\n","protected":false},"author":35,"featured_media":12223,"comment_status":"closed","ping_status":"closed","sticky":false,"template":"","format":"standard","meta":[],"categories":[60],"tags":[326,806,796,290],"suno_strategy":[],"class_list":["post-63976","post","type-post","status-publish","format-standard","has-post-thumbnail","hentry","category-mercado","tag-dolar","tag-fundo-monetario-internacional-fmi","tag-paulo-guedes","tag-taxa-selic"],"yoast_head":"<!-- This site is optimized with the Yoast SEO plugin v24.4 - https:\/\/yoast.com\/wordpress\/plugins\/seo\/ -->\n<title>D\u00f3lar sobe 2,392% e renova m\u00e1xima hist\u00f3rica cotado a R$ 5,8399<\/title>\n<meta name=\"description\" content=\"O d\u00f3lar encerrou em forte alta de 2,392%, vendido a R$ 5,8399, em segundo recorde nominal de cota\u00e7\u00e3o consecutivo. Clique para saber mais\" \/>\n<meta name=\"robots\" content=\"index, follow, max-snippet:-1, max-image-preview:large, max-video-preview:-1\" \/>\n<link rel=\"canonical\" href=\"https:\/\/www.suno.com.br\/noticias\/dolar-bate-recorde-07052020\/\" \/>\n<meta property=\"og:locale\" content=\"pt_BR\" \/>\n<meta property=\"og:type\" content=\"article\" \/>\n<meta property=\"og:title\" content=\"D\u00f3lar sobe 2,392% e renova m\u00e1xima hist\u00f3rica cotado a R$ 5,8399\" \/>\n<meta property=\"og:description\" content=\"O d\u00f3lar encerrou em forte alta de 2,392%, vendido a R$ 5,8399, em segundo recorde nominal de cota\u00e7\u00e3o consecutivo. Clique para saber mais\" \/>\n<meta property=\"og:url\" content=\"https:\/\/www.suno.com.br\/noticias\/dolar-bate-recorde-07052020\/\" \/>\n<meta property=\"og:site_name\" content=\"Suno Not\u00edcias\" \/>\n<meta property=\"article:publisher\" content=\"https:\/\/facebook.com\/sunoresearch\" \/>\n<meta property=\"og:image\" content=\"https:\/\/files.sunoresearch.com.br\/n\/uploads\/2019\/01\/7e88c6e8-d\u00f3lar.jpg\" \/>\n\t<meta property=\"og:image:width\" content=\"1024\" \/>\n\t<meta property=\"og:image:height\" content=\"658\" \/>\n\t<meta property=\"og:image:type\" content=\"image\/jpeg\" \/>\n<meta name=\"author\" content=\"Arthur Guimar\u00e3es\" \/>\n<meta name=\"twitter:card\" content=\"summary_large_image\" \/>\n<meta name=\"twitter:creator\" content=\"@sunoresearch\" \/>\n<meta name=\"twitter:site\" content=\"@sunoresearch\" \/>\n<meta name=\"twitter:label1\" content=\"Escrito por\" \/>\n\t<meta name=\"twitter:data1\" content=\"Arthur Guimar\u00e3es\" \/>\n\t<meta name=\"twitter:label2\" content=\"Est. tempo de leitura\" \/>\n\t<meta name=\"twitter:data2\" content=\"3 minutos\" \/>\n<script type=\"application\/ld+json\" class=\"yoast-schema-graph\">{\"@context\":\"https:\/\/schema.org\",\"@graph\":[{\"@type\":\"NewsArticle\",\"@id\":\"https:\/\/www.suno.com.br\/noticias\/dolar-bate-recorde-07052020\/#article\",\"isPartOf\":{\"@id\":\"https:\/\/www.suno.com.br\/noticias\/dolar-bate-recorde-07052020\/\"},\"author\":{\"name\":\"Arthur Guimar\u00e3es\",\"@id\":\"https:\/\/www.suno.com.br\/noticias\/#\/schema\/person\/053a750a709a263919a20f976caae91c\"},\"headline\":\"D\u00f3lar sobe 2,392% e renova m\u00e1xima hist\u00f3rica cotado a R$ 5,8399\",\"datePublished\":\"2020-05-07T20:29:40+00:00\",\"dateModified\":\"2021-02-18T20:23:40+00:00\",\"mainEntityOfPage\":{\"@id\":\"https:\/\/www.suno.com.br\/noticias\/dolar-bate-recorde-07052020\/\"},\"wordCount\":694,\"publisher\":{\"@id\":\"https:\/\/www.suno.com.br\/noticias\/#organization\"},\"image\":{\"@id\":\"https:\/\/www.suno.com.br\/noticias\/dolar-bate-recorde-07052020\/#primaryimage\"},\"thumbnailUrl\":\"https:\/\/files.sunoresearch.com.br\/n\/uploads\/2019\/01\/7e88c6e8-d\u00f3lar-jpg.webp\",\"keywords\":[\"d\u00f3lar\",\"Fundo Monet\u00e1rio Internacional (FMI)\",\"Paulo Guedes\",\"Taxa Selic\"],\"articleSection\":[\"Mercado\"],\"inLanguage\":\"pt-BR\"},{\"@type\":\"WebPage\",\"@id\":\"https:\/\/www.suno.com.br\/noticias\/dolar-bate-recorde-07052020\/\",\"url\":\"https:\/\/www.suno.com.br\/noticias\/dolar-bate-recorde-07052020\/\",\"name\":\"D\u00f3lar sobe 2,392% e renova m\u00e1xima hist\u00f3rica cotado a R$ 5,8399\",\"isPartOf\":{\"@id\":\"https:\/\/www.suno.com.br\/noticias\/#website\"},\"primaryImageOfPage\":{\"@id\":\"https:\/\/www.suno.com.br\/noticias\/dolar-bate-recorde-07052020\/#primaryimage\"},\"image\":{\"@id\":\"https:\/\/www.suno.com.br\/noticias\/dolar-bate-recorde-07052020\/#primaryimage\"},\"thumbnailUrl\":\"https:\/\/files.sunoresearch.com.br\/n\/uploads\/2019\/01\/7e88c6e8-d\u00f3lar-jpg.webp\",\"datePublished\":\"2020-05-07T20:29:40+00:00\",\"dateModified\":\"2021-02-18T20:23:40+00:00\",\"description\":\"O d\u00f3lar encerrou em forte alta de 2,392%, vendido a R$ 5,8399, em segundo recorde nominal de cota\u00e7\u00e3o consecutivo. Clique para saber mais\",\"breadcrumb\":{\"@id\":\"https:\/\/www.suno.com.br\/noticias\/dolar-bate-recorde-07052020\/#breadcrumb\"},\"inLanguage\":\"pt-BR\",\"potentialAction\":[{\"@type\":\"ReadAction\",\"target\":[\"https:\/\/www.suno.com.br\/noticias\/dolar-bate-recorde-07052020\/\"]}]},{\"@type\":\"ImageObject\",\"inLanguage\":\"pt-BR\",\"@id\":\"https:\/\/www.suno.com.br\/noticias\/dolar-bate-recorde-07052020\/#primaryimage\",\"url\":\"https:\/\/files.sunoresearch.com.br\/n\/uploads\/2019\/01\/7e88c6e8-d\u00f3lar-jpg.webp\",\"contentUrl\":\"https:\/\/files.sunoresearch.com.br\/n\/uploads\/2019\/01\/7e88c6e8-d\u00f3lar-jpg.webp\",\"width\":1024,\"height\":658,\"caption\":\"O d\u00f3lar hoje ampliou os ganhos ap\u00f3s avan\u00e7ar 0,43% no dia anterior\"},{\"@type\":\"BreadcrumbList\",\"@id\":\"https:\/\/www.suno.com.br\/noticias\/dolar-bate-recorde-07052020\/#breadcrumb\",\"itemListElement\":[{\"@type\":\"ListItem\",\"position\":1,\"name\":\"Not\u00edcias\",\"item\":\"https:\/\/www.suno.com.br\/noticias\/\"},{\"@type\":\"ListItem\",\"position\":2,\"name\":\"Mercado\",\"item\":\"https:\/\/www.suno.com.br\/noticias\/mercado\/\"},{\"@type\":\"ListItem\",\"position\":3,\"name\":\"D\u00f3lar sobe 2,392% e renova m\u00e1xima hist\u00f3rica cotado a R$ 5,8399\"}]},{\"@type\":\"WebSite\",\"@id\":\"https:\/\/www.suno.com.br\/noticias\/#website\",\"url\":\"https:\/\/www.suno.com.br\/noticias\/\",\"name\":\"Suno Not\u00edcias\",\"description\":\"Seu portal de informa\u00e7\u00e3o sobre o mundo dos investimentos\",\"publisher\":{\"@id\":\"https:\/\/www.suno.com.br\/noticias\/#organization\"},\"potentialAction\":[{\"@type\":\"SearchAction\",\"target\":{\"@type\":\"EntryPoint\",\"urlTemplate\":\"https:\/\/www.suno.com.br\/noticias\/?s={search_term_string}\"},\"query-input\":{\"@type\":\"PropertyValueSpecification\",\"valueRequired\":true,\"valueName\":\"search_term_string\"}}],\"inLanguage\":\"pt-BR\"},{\"@type\":\"Organization\",\"@id\":\"https:\/\/www.suno.com.br\/noticias\/#organization\",\"name\":\"Suno Not\u00edcias\",\"url\":\"https:\/\/www.suno.com.br\/noticias\/\",\"logo\":{\"@type\":\"ImageObject\",\"inLanguage\":\"pt-BR\",\"@id\":\"https:\/\/www.suno.com.br\/noticias\/#\/schema\/logo\/image\/\",\"url\":\"https:\/\/files.sunoresearch.com.br\/n\/uploads\/2021\/09\/suno-logo.png\",\"contentUrl\":\"https:\/\/files.sunoresearch.com.br\/n\/uploads\/2021\/09\/suno-logo.png\",\"width\":180,\"height\":180,\"caption\":\"Suno Not\u00edcias\"},\"image\":{\"@id\":\"https:\/\/www.suno.com.br\/noticias\/#\/schema\/logo\/image\/\"},\"sameAs\":[\"https:\/\/facebook.com\/sunoresearch\",\"https:\/\/x.com\/sunoresearch\",\"https:\/\/www.instagram.com\/suno\",\"https:\/\/www.linkedin.com\/company\/suno-research\/\",\"https:\/\/www.youtube.com\/c\/sunoresearch\"]},{\"@type\":\"Person\",\"@id\":\"https:\/\/www.suno.com.br\/noticias\/#\/schema\/person\/053a750a709a263919a20f976caae91c\",\"name\":\"Arthur Guimar\u00e3es\",\"image\":{\"@type\":\"ImageObject\",\"inLanguage\":\"pt-BR\",\"@id\":\"https:\/\/www.suno.com.br\/noticias\/#\/schema\/person\/image\/\",\"url\":\"https:\/\/secure.gravatar.com\/avatar\/1affd86a11209ae09eb6dd3bcad3e96c?s=96&r=g\",\"contentUrl\":\"https:\/\/secure.gravatar.com\/avatar\/1affd86a11209ae09eb6dd3bcad3e96c?s=96&r=g\",\"caption\":\"Arthur Guimar\u00e3es\"},\"description\":\"Arthur Guimar\u00e3es escreve sobre pol\u00edtica, economia e neg\u00f3cios para o portal de not\u00edcias da Suno Research. Atualmente, \u00e9 estudante de jornalismo pela Faculdade C\u00e1sper L\u00edbero.\",\"url\":\"https:\/\/www.suno.com.br\/noticias\/author\/arthur-guimaraes\/\"}]}<\/script>\n<!-- \/ Yoast SEO plugin. -->","yoast_head_json":{"title":"D\u00f3lar sobe 2,392% e renova m\u00e1xima hist\u00f3rica cotado a R$ 5,8399","description":"O d\u00f3lar encerrou em forte alta de 2,392%, vendido a R$ 5,8399, em segundo recorde nominal de cota\u00e7\u00e3o consecutivo. Clique para saber mais","robots":{"index":"index","follow":"follow","max-snippet":"max-snippet:-1","max-image-preview":"max-image-preview:large","max-video-preview":"max-video-preview:-1"},"canonical":"https:\/\/www.suno.com.br\/noticias\/dolar-bate-recorde-07052020\/","og_locale":"pt_BR","og_type":"article","og_title":"D\u00f3lar sobe 2,392% e renova m\u00e1xima hist\u00f3rica cotado a R$ 5,8399","og_description":"O d\u00f3lar encerrou em forte alta de 2,392%, vendido a R$ 5,8399, em segundo recorde nominal de cota\u00e7\u00e3o consecutivo. Clique para saber mais","og_url":"https:\/\/www.suno.com.br\/noticias\/dolar-bate-recorde-07052020\/","og_site_name":"Suno Not\u00edcias","article_publisher":"https:\/\/facebook.com\/sunoresearch","og_image":[{"width":1024,"height":658,"url":"https:\/\/files.sunoresearch.com.br\/n\/uploads\/2019\/01\/7e88c6e8-d\u00f3lar.jpg","type":"image\/jpeg"}],"author":"Arthur Guimar\u00e3es","twitter_card":"summary_large_image","twitter_creator":"@sunoresearch","twitter_site":"@sunoresearch","twitter_misc":{"Escrito por":"Arthur Guimar\u00e3es","Est. tempo de leitura":"3 minutos"},"schema":{"@context":"https:\/\/schema.org","@graph":[{"@type":"NewsArticle","@id":"https:\/\/www.suno.com.br\/noticias\/dolar-bate-recorde-07052020\/#article","isPartOf":{"@id":"https:\/\/www.suno.com.br\/noticias\/dolar-bate-recorde-07052020\/"},"author":{"name":"Arthur Guimar\u00e3es","@id":"https:\/\/www.suno.com.br\/noticias\/#\/schema\/person\/053a750a709a263919a20f976caae91c"},"headline":"D\u00f3lar sobe 2,392% e renova m\u00e1xima hist\u00f3rica cotado a R$ 5,8399","datePublished":"2020-05-07T20:29:40+00:00","dateModified":"2021-02-18T20:23:40+00:00","mainEntityOfPage":{"@id":"https:\/\/www.suno.com.br\/noticias\/dolar-bate-recorde-07052020\/"},"wordCount":694,"publisher":{"@id":"https:\/\/www.suno.com.br\/noticias\/#organization"},"image":{"@id":"https:\/\/www.suno.com.br\/noticias\/dolar-bate-recorde-07052020\/#primaryimage"},"thumbnailUrl":"https:\/\/files.sunoresearch.com.br\/n\/uploads\/2019\/01\/7e88c6e8-d\u00f3lar-jpg.webp","keywords":["d\u00f3lar","Fundo Monet\u00e1rio Internacional (FMI)","Paulo Guedes","Taxa Selic"],"articleSection":["Mercado"],"inLanguage":"pt-BR"},{"@type":"WebPage","@id":"https:\/\/www.suno.com.br\/noticias\/dolar-bate-recorde-07052020\/","url":"https:\/\/www.suno.com.br\/noticias\/dolar-bate-recorde-07052020\/","name":"D\u00f3lar sobe 2,392% e renova m\u00e1xima hist\u00f3rica cotado a R$ 5,8399","isPartOf":{"@id":"https:\/\/www.suno.com.br\/noticias\/#website"},"primaryImageOfPage":{"@id":"https:\/\/www.suno.com.br\/noticias\/dolar-bate-recorde-07052020\/#primaryimage"},"image":{"@id":"https:\/\/www.suno.com.br\/noticias\/dolar-bate-recorde-07052020\/#primaryimage"},"thumbnailUrl":"https:\/\/files.sunoresearch.com.br\/n\/uploads\/2019\/01\/7e88c6e8-d\u00f3lar-jpg.webp","datePublished":"2020-05-07T20:29:40+00:00","dateModified":"2021-02-18T20:23:40+00:00","description":"O d\u00f3lar encerrou em forte alta de 2,392%, vendido a R$ 5,8399, em segundo recorde nominal de cota\u00e7\u00e3o consecutivo. Clique para saber mais","breadcrumb":{"@id":"https:\/\/www.suno.com.br\/noticias\/dolar-bate-recorde-07052020\/#breadcrumb"},"inLanguage":"pt-BR","potentialAction":[{"@type":"ReadAction","target":["https:\/\/www.suno.com.br\/noticias\/dolar-bate-recorde-07052020\/"]}]},{"@type":"ImageObject","inLanguage":"pt-BR","@id":"https:\/\/www.suno.com.br\/noticias\/dolar-bate-recorde-07052020\/#primaryimage","url":"https:\/\/files.sunoresearch.com.br\/n\/uploads\/2019\/01\/7e88c6e8-d\u00f3lar-jpg.webp","contentUrl":"https:\/\/files.sunoresearch.com.br\/n\/uploads\/2019\/01\/7e88c6e8-d\u00f3lar-jpg.webp","width":1024,"height":658,"caption":"O d\u00f3lar hoje ampliou os ganhos ap\u00f3s avan\u00e7ar 0,43% no dia anterior"},{"@type":"BreadcrumbList","@id":"https:\/\/www.suno.com.br\/noticias\/dolar-bate-recorde-07052020\/#breadcrumb","itemListElement":[{"@type":"ListItem","position":1,"name":"Not\u00edcias","item":"https:\/\/www.suno.com.br\/noticias\/"},{"@type":"ListItem","position":2,"name":"Mercado","item":"https:\/\/www.suno.com.br\/noticias\/mercado\/"},{"@type":"ListItem","position":3,"name":"D\u00f3lar sobe 2,392% e renova m\u00e1xima hist\u00f3rica cotado a R$ 5,8399"}]},{"@type":"WebSite","@id":"https:\/\/www.suno.com.br\/noticias\/#website","url":"https:\/\/www.suno.com.br\/noticias\/","name":"Suno Not\u00edcias","description":"Seu portal de informa\u00e7\u00e3o sobre o mundo dos investimentos","publisher":{"@id":"https:\/\/www.suno.com.br\/noticias\/#organization"},"potentialAction":[{"@type":"SearchAction","target":{"@type":"EntryPoint","urlTemplate":"https:\/\/www.suno.com.br\/noticias\/?s={search_term_string}"},"query-input":{"@type":"PropertyValueSpecification","valueRequired":true,"valueName":"search_term_string"}}],"inLanguage":"pt-BR"},{"@type":"Organization","@id":"https:\/\/www.suno.com.br\/noticias\/#organization","name":"Suno Not\u00edcias","url":"https:\/\/www.suno.com.br\/noticias\/","logo":{"@type":"ImageObject","inLanguage":"pt-BR","@id":"https:\/\/www.suno.com.br\/noticias\/#\/schema\/logo\/image\/","url":"https:\/\/files.sunoresearch.com.br\/n\/uploads\/2021\/09\/suno-logo.png","contentUrl":"https:\/\/files.sunoresearch.com.br\/n\/uploads\/2021\/09\/suno-logo.png","width":180,"height":180,"caption":"Suno Not\u00edcias"},"image":{"@id":"https:\/\/www.suno.com.br\/noticias\/#\/schema\/logo\/image\/"},"sameAs":["https:\/\/facebook.com\/sunoresearch","https:\/\/x.com\/sunoresearch","https:\/\/www.instagram.com\/suno","https:\/\/www.linkedin.com\/company\/suno-research\/","https:\/\/www.youtube.com\/c\/sunoresearch"]},{"@type":"Person","@id":"https:\/\/www.suno.com.br\/noticias\/#\/schema\/person\/053a750a709a263919a20f976caae91c","name":"Arthur Guimar\u00e3es","image":{"@type":"ImageObject","inLanguage":"pt-BR","@id":"https:\/\/www.suno.com.br\/noticias\/#\/schema\/person\/image\/","url":"https:\/\/secure.gravatar.com\/avatar\/1affd86a11209ae09eb6dd3bcad3e96c?s=96&r=g","contentUrl":"https:\/\/secure.gravatar.com\/avatar\/1affd86a11209ae09eb6dd3bcad3e96c?s=96&r=g","caption":"Arthur Guimar\u00e3es"},"description":"Arthur Guimar\u00e3es escreve sobre pol\u00edtica, economia e neg\u00f3cios para o portal de not\u00edcias da Suno Research. Atualmente, \u00e9 estudante de jornalismo pela Faculdade C\u00e1sper L\u00edbero.","url":"https:\/\/www.suno.com.br\/noticias\/author\/arthur-guimaraes\/"}]}},"default_loop_html":"<div class=\"cardsPage__listCard__boxs\"><div class=\"cardsPage__listCard__boxs__img\"><a href=\"https:\/\/www.suno.com.br\/noticias\/dolar-bate-recorde-07052020\/\"><img class=\"mask\" src=\"https:\/\/www.suno.com.br\/noticias\/wp-content\/themes\/suno\/resources\/images\/spotlight\/spotlight1img\/bg-mask.png\" alt=\"Image Mask\"\/><img src=\"https:\/\/files.sunoresearch.com.br\/n\/uploads\/2019\/01\/7e88c6e8-d\u00f3lar-400x200.webp\" alt=\"D\u00f3lar sobe 2,392% e renova m\u00e1xima hist\u00f3rica cotado a R$ 5,8399\"\/><\/a><span class=\"spotlightCategory\"><a href=\"https:\/\/www.suno.com.br\/noticias\/mercado\/\">Mercado<\/a><\/span><\/div><div class=\"cardsPage__listCard__boxs__content\"><a href=\"https:\/\/www.suno.com.br\/noticias\/dolar-bate-recorde-07052020\/\"><h2 class=\"content__title\">D\u00f3lar sobe 2,392% e renova m\u00e1xima hist\u00f3rica cotado a R$ 5,8399<\/h2><\/a><div class=\"newsContent__article__meta\"><div class=\"newsContent__article__meta__authorBox\"><a href=\"https:\/\/www.suno.com.br\/noticias\/author\/arthur-guimaraes\/\" class=\"authorBox__avatar noMobi\"><img src=\"https:\/\/files.sunoresearch.com.br\/n\/uploads\/2020\/02\/dfb40897-eu-150x150.webp\" alt=\"Arthur Guimar\u00e3es\"><\/a><div class=\"authorBox__name\"><span>por\n\t\t\t<a href=\"https:\/\/www.suno.com.br\/noticias\/author\/arthur-guimaraes\/\"><span itemprop=\"author\">Arthur Guimar\u00e3es<\/span><\/a><\/span><time datetime=\"2020-05-07T17:29:40-03:00\" itemprop=\"datePublished\">07\/05\/2020 17:29<\/time><\/div><\/div><\/div><\/div><\/div>","single_layout":"posts","amp_enabled":true,"_links":{"self":[{"href":"https:\/\/www.suno.com.br\/noticias\/wp-json\/wp\/v2\/posts\/63976"}],"collection":[{"href":"https:\/\/www.suno.com.br\/noticias\/wp-json\/wp\/v2\/posts"}],"about":[{"href":"https:\/\/www.suno.com.br\/noticias\/wp-json\/wp\/v2\/types\/post"}],"author":[{"embeddable":true,"href":"https:\/\/www.suno.com.br\/noticias\/wp-json\/wp\/v2\/users\/35"}],"replies":[{"embeddable":true,"href":"https:\/\/www.suno.com.br\/noticias\/wp-json\/wp\/v2\/comments?post=63976"}],"version-history":[{"count":0,"href":"https:\/\/www.suno.com.br\/noticias\/wp-json\/wp\/v2\/posts\/63976\/revisions"}],"wp:featuredmedia":[{"embeddable":true,"href":"https:\/\/www.suno.com.br\/noticias\/wp-json\/wp\/v2\/media\/12223"}],"wp:attachment":[{"href":"https:\/\/www.suno.com.br\/noticias\/wp-json\/wp\/v2\/media?parent=63976"}],"wp:term":[{"taxonomy":"category","embeddable":true,"href":"https:\/\/www.suno.com.br\/noticias\/wp-json\/wp\/v2\/categories?post=63976"},{"taxonomy":"post_tag","embeddable":true,"href":"https:\/\/www.suno.com.br\/noticias\/wp-json\/wp\/v2\/tags?post=63976"},{"taxonomy":"suno_strategy","embeddable":true,"href":"https:\/\/www.suno.com.br\/noticias\/wp-json\/wp\/v2\/suno_strategy?post=63976"}],"curies":[{"name":"wp","href":"https:\/\/api.w.org\/{rel}","templated":true}]}}