{"id":639689,"date":"2026-01-26T09:30:04","date_gmt":"2026-01-26T12:30:04","guid":{"rendered":"https:\/\/www.suno.com.br\/noticias\/?p=639689"},"modified":"2026-01-26T09:30:07","modified_gmt":"2026-01-26T12:30:07","slug":"vale-vale3-extravasamento-mina-ouro-preto-mt","status":"publish","type":"post","link":"https:\/\/www.suno.com.br\/noticias\/vale-vale3-extravasamento-mina-ouro-preto-mt\/","title":{"rendered":"Vale (VALE3) registra extravasamento em mina de MG e nega rela\u00e7\u00e3o com barragens"},"content":{"rendered":"<p>A <a class=\"suno-keyword\" target=\"_blank\" data-force=\"yes\" data-priority=\"2\" href=\"https:\/\/www.suno.com.br\/analitica\/acoes\/VALE3\/\" rel=\"noopener\">Vale (<\/a><a class=\"suno-keyword\" target=\"_blank\" data-force=\"yes\" data-priority=\"2\" href=\"https:\/\/www.suno.com.br\/analitica\/acoes\/vale3\/\" rel=\"noopener\">VALE3<\/a>) informou ao mercado que registrou um extravasamento de \u00e1gua com sedimentos na mina de F\u00e1brica, em Ouro Preto (MG), durante a madrugada do \u00faltimo domingo. Segundo a companhia, o evento n\u00e3o deixou feridos e n\u00e3o afetou comunidades do entorno, mas atingiu \u00e1reas de uma empresa instalada na regi\u00e3o.<\/p>\t<div class=\"wrapper-featured-image\">\n\t\t<figure class=\"spotlightImg\">\n\n\t\t\t<picture>\n\t\t\t\t<source media=\"(max-width: 768px)\" srcset=\"https:\/\/files.sunoresearch.com.br\/n\/uploads\/2026\/01\/vale-vale3-2-400x200.webp\">\n\t\t\t\t<img loading=\"lazy\" decoding=\"async\" class=\"newsContent__article__imgCapa lazyloadDisabled \" src=\"https:\/\/files.sunoresearch.com.br\/n\/uploads\/2026\/01\/vale-vale3-2-800x450.webp\" width=\"800\" height=\"450\" alt=\"Vale (VALE3) registra extravasamento em mina de MG e nega rela\u00e7\u00e3o com barragens\" fetchpriority=high \/>\n\t\t\t<\/picture>\n\n\t\t\t<figcaption class=\"wp-caption-text wp-caption-text--show\">Vale (VALE3). Foto: Divulga\u00e7\u00e3o\/Vale<\/figcaption>\n\t\t<\/figure>\n\t<\/div>\n\n\n\n\n\n\n<p>O comunicado foi divulgado nesta segunda-feira, 26, e detalha que o material teve origem em uma cava da mina, n\u00e3o em estruturas de conten\u00e7\u00e3o. A mineradora ressaltou que adotou os procedimentos previstos em seus protocolos operacionais logo ap\u00f3s a identifica\u00e7\u00e3o da ocorr\u00eancia.<\/p>\n\n\n\n<p>Em nota assinada pelo vice-presidente executivo de Finan\u00e7as e <a class=\"suno-keyword\" target=\"_blank\" data-force=\"no\" data-priority=\"1\" href=\"https:\/\/www.suno.com.br\/artigos\/relacoes-com-investidores\/\" rel=\"noopener\">Rela\u00e7\u00f5es com Investidores<\/a>, Marcelo Bacci, a companhia afirmou que \u201cna madrugada do \u00faltimo domingo, houve um extravasamento de \u00e1gua com sedimentos proveniente de uma cava da mina de F\u00e1brica, localizada em Ouro Preto (MG)\u201d.<\/p>\n\n\n\n<p><strong>Vale refor\u00e7a que barragens n\u00e3o foram afetadas<\/strong><\/p>\n\n\n\n<p>Um dos principais pontos destacados pela mineradora foi a desvincula\u00e7\u00e3o do epis\u00f3dio em rela\u00e7\u00e3o \u00e0s barragens da regi\u00e3o, tema sens\u00edvel para o mercado e para a popula\u00e7\u00e3o local desde trag\u00e9dias passadas.<\/p>\n\n\n\n<p>Segundo a Vale, \u201ca Companhia refor\u00e7a que o ocorrido n\u00e3o tem qualquer rela\u00e7\u00e3o com suas barragens na regi\u00e3o, que seguem com suas condi\u00e7\u00f5es de estabilidade e seguran\u00e7a inalteradas, sob monitoramento cont\u00ednuo 24 horas por dia, 7 dias por semana\u201d.<\/p>\n\n\n\n<p>A empresa informou ainda que comunicou imediatamente o caso aos \u00f3rg\u00e3os competentes e que est\u00e1 conduzindo a apura\u00e7\u00e3o das causas do evento. \u201cEm conformidade com os protocolos operacionais, a Vale comunicou imediatamente a ocorr\u00eancia aos \u00f3rg\u00e3os competentes e est\u00e1 realizando a apura\u00e7\u00e3o das causas do evento\u201d, diz o comunicado.<\/p>\n\n\n\n<p>Apesar do incidente, a mineradora afirmou que n\u00e3o houve impacto em suas estimativas operacionais e financeiras. No documento, a companhia declara que \u201csuas proje\u00e7\u00f5es seguem inalteradas, conforme divulgadas no <a class=\"suno-keyword\" target=\"_blank\" data-force=\"no\" data-priority=\"1\" href=\"https:\/\/www.suno.com.br\/artigos\/formulario-de-referencia\/\" rel=\"noopener\">Formul\u00e1rio de Refer\u00eancia<\/a> da Companhia\u201d.<\/p>\n\n\n\n<p>O caso volta a colocar a opera\u00e7\u00e3o da Vale (VALE3) sob aten\u00e7\u00e3o do mercado, ainda que a companhia destaque que o evento foi pontual, sem v\u00edtimas e sem liga\u00e7\u00e3o com estruturas de barragens.<\/p>\n","protected":false},"excerpt":{"rendered":"<p>A Vale (VALE3) informou ao mercado que registrou um extravasamento de \u00e1gua com sedimentos na mina de F\u00e1brica, em Ouro Preto (MG), durante a madrugada do \u00faltimo domingo. Segundo a companhia, o evento n\u00e3o deixou feridos e n\u00e3o afetou comunidades do entorno, mas atingiu \u00e1reas de uma empresa instalada na regi\u00e3o. Vale (VALE3). Foto: Divulga\u00e7\u00e3o\/Vale [&hellip;]<\/p>\n","protected":false},"author":402,"featured_media":638464,"comment_status":"closed","ping_status":"closed","sticky":false,"template":"","format":"standard","meta":[],"categories":[64],"tags":[676],"suno_strategy":[],"class_list":["post-639689","post","type-post","status-publish","format-standard","has-post-thumbnail","hentry","category-negocios","tag-vale-vale3"],"yoast_head":"<!-- This site is optimized with the Yoast SEO plugin v24.4 - https:\/\/yoast.com\/wordpress\/plugins\/seo\/ -->\n<title>Vale (VALE3) informa extravasamento em mina de Ouro Preto<\/title>\n<meta name=\"description\" content=\"Vale (VALE3) comunica extravasamento de sedimentos em mina de MG, afirma que barragens n\u00e3o foram afetadas.\" \/>\n<meta name=\"robots\" content=\"index, follow, max-snippet:-1, max-image-preview:large, max-video-preview:-1\" \/>\n<link rel=\"canonical\" href=\"https:\/\/www.suno.com.br\/noticias\/vale-vale3-extravasamento-mina-ouro-preto-mt\/\" \/>\n<meta property=\"og:locale\" content=\"pt_BR\" \/>\n<meta property=\"og:type\" content=\"article\" \/>\n<meta property=\"og:title\" content=\"Vale (VALE3) informa extravasamento em mina de Ouro Preto\" \/>\n<meta property=\"og:description\" content=\"Vale (VALE3) comunica extravasamento de sedimentos em mina de MG, afirma que barragens n\u00e3o foram afetadas.\" \/>\n<meta property=\"og:url\" content=\"https:\/\/www.suno.com.br\/noticias\/vale-vale3-extravasamento-mina-ouro-preto-mt\/\" \/>\n<meta property=\"og:site_name\" content=\"Suno Not\u00edcias\" \/>\n<meta property=\"article:publisher\" content=\"https:\/\/facebook.com\/sunoresearch\" \/>\n<meta property=\"og:image\" content=\"https:\/\/files.sunoresearch.com.br\/n\/uploads\/2026\/01\/vale-vale3-2-jpg.webp\" \/>\n\t<meta property=\"og:image:width\" content=\"1200\" \/>\n\t<meta property=\"og:image:height\" content=\"800\" \/>\n\t<meta property=\"og:image:type\" content=\"image\/jpeg\" \/>\n<meta name=\"author\" content=\"Ma\u00edra Telles\" \/>\n<meta name=\"twitter:card\" content=\"summary_large_image\" \/>\n<meta name=\"twitter:creator\" content=\"@sunoresearch\" \/>\n<meta name=\"twitter:site\" content=\"@sunoresearch\" \/>\n<meta name=\"twitter:label1\" content=\"Escrito por\" \/>\n\t<meta name=\"twitter:data1\" content=\"Ma\u00edra Telles\" \/>\n\t<meta name=\"twitter:label2\" content=\"Est. tempo de leitura\" \/>\n\t<meta name=\"twitter:data2\" content=\"2 minutos\" \/>\n<script type=\"application\/ld+json\" class=\"yoast-schema-graph\">{\"@context\":\"https:\/\/schema.org\",\"@graph\":[{\"@type\":\"NewsArticle\",\"@id\":\"https:\/\/www.suno.com.br\/noticias\/vale-vale3-extravasamento-mina-ouro-preto-mt\/#article\",\"isPartOf\":{\"@id\":\"https:\/\/www.suno.com.br\/noticias\/vale-vale3-extravasamento-mina-ouro-preto-mt\/\"},\"author\":{\"name\":\"Ma\u00edra Telles\",\"@id\":\"https:\/\/www.suno.com.br\/noticias\/#\/schema\/person\/0a8b51292bb96ee5f104094c0907eaef\"},\"headline\":\"Vale (VALE3) registra extravasamento em mina de MG e nega rela\u00e7\u00e3o com barragens\",\"datePublished\":\"2026-01-26T12:30:04+00:00\",\"dateModified\":\"2026-01-26T12:30:07+00:00\",\"mainEntityOfPage\":{\"@id\":\"https:\/\/www.suno.com.br\/noticias\/vale-vale3-extravasamento-mina-ouro-preto-mt\/\"},\"wordCount\":381,\"publisher\":{\"@id\":\"https:\/\/www.suno.com.br\/noticias\/#organization\"},\"image\":{\"@id\":\"https:\/\/www.suno.com.br\/noticias\/vale-vale3-extravasamento-mina-ouro-preto-mt\/#primaryimage\"},\"thumbnailUrl\":\"https:\/\/files.sunoresearch.com.br\/n\/uploads\/2026\/01\/vale-vale3-2-jpg.webp\",\"keywords\":[\"Vale (VALE3)\"],\"articleSection\":[\"Neg\u00f3cios\"],\"inLanguage\":\"pt-BR\"},{\"@type\":\"WebPage\",\"@id\":\"https:\/\/www.suno.com.br\/noticias\/vale-vale3-extravasamento-mina-ouro-preto-mt\/\",\"url\":\"https:\/\/www.suno.com.br\/noticias\/vale-vale3-extravasamento-mina-ouro-preto-mt\/\",\"name\":\"Vale (VALE3) informa extravasamento em mina de Ouro Preto\",\"isPartOf\":{\"@id\":\"https:\/\/www.suno.com.br\/noticias\/#website\"},\"primaryImageOfPage\":{\"@id\":\"https:\/\/www.suno.com.br\/noticias\/vale-vale3-extravasamento-mina-ouro-preto-mt\/#primaryimage\"},\"image\":{\"@id\":\"https:\/\/www.suno.com.br\/noticias\/vale-vale3-extravasamento-mina-ouro-preto-mt\/#primaryimage\"},\"thumbnailUrl\":\"https:\/\/files.sunoresearch.com.br\/n\/uploads\/2026\/01\/vale-vale3-2-jpg.webp\",\"datePublished\":\"2026-01-26T12:30:04+00:00\",\"dateModified\":\"2026-01-26T12:30:07+00:00\",\"description\":\"Vale (VALE3) comunica extravasamento de sedimentos em mina de MG, afirma que barragens n\u00e3o foram afetadas.\",\"breadcrumb\":{\"@id\":\"https:\/\/www.suno.com.br\/noticias\/vale-vale3-extravasamento-mina-ouro-preto-mt\/#breadcrumb\"},\"inLanguage\":\"pt-BR\",\"potentialAction\":[{\"@type\":\"ReadAction\",\"target\":[\"https:\/\/www.suno.com.br\/noticias\/vale-vale3-extravasamento-mina-ouro-preto-mt\/\"]}]},{\"@type\":\"ImageObject\",\"inLanguage\":\"pt-BR\",\"@id\":\"https:\/\/www.suno.com.br\/noticias\/vale-vale3-extravasamento-mina-ouro-preto-mt\/#primaryimage\",\"url\":\"https:\/\/files.sunoresearch.com.br\/n\/uploads\/2026\/01\/vale-vale3-2-jpg.webp\",\"contentUrl\":\"https:\/\/files.sunoresearch.com.br\/n\/uploads\/2026\/01\/vale-vale3-2-jpg.webp\",\"width\":1200,\"height\":800,\"caption\":\"Vale (VALE3). Foto: Divulga\u00e7\u00e3o\/Vale\"},{\"@type\":\"BreadcrumbList\",\"@id\":\"https:\/\/www.suno.com.br\/noticias\/vale-vale3-extravasamento-mina-ouro-preto-mt\/#breadcrumb\",\"itemListElement\":[{\"@type\":\"ListItem\",\"position\":1,\"name\":\"Not\u00edcias\",\"item\":\"https:\/\/www.suno.com.br\/noticias\/\"},{\"@type\":\"ListItem\",\"position\":2,\"name\":\"Neg\u00f3cios\",\"item\":\"https:\/\/www.suno.com.br\/noticias\/negocios\/\"},{\"@type\":\"ListItem\",\"position\":3,\"name\":\"Vale (VALE3) registra extravasamento em mina de MG e nega rela\u00e7\u00e3o com barragens\"}]},{\"@type\":\"WebSite\",\"@id\":\"https:\/\/www.suno.com.br\/noticias\/#website\",\"url\":\"https:\/\/www.suno.com.br\/noticias\/\",\"name\":\"Suno Not\u00edcias\",\"description\":\"Seu portal de informa\u00e7\u00e3o sobre o mundo dos investimentos\",\"publisher\":{\"@id\":\"https:\/\/www.suno.com.br\/noticias\/#organization\"},\"potentialAction\":[{\"@type\":\"SearchAction\",\"target\":{\"@type\":\"EntryPoint\",\"urlTemplate\":\"https:\/\/www.suno.com.br\/noticias\/?s={search_term_string}\"},\"query-input\":{\"@type\":\"PropertyValueSpecification\",\"valueRequired\":true,\"valueName\":\"search_term_string\"}}],\"inLanguage\":\"pt-BR\"},{\"@type\":\"Organization\",\"@id\":\"https:\/\/www.suno.com.br\/noticias\/#organization\",\"name\":\"Suno Not\u00edcias\",\"url\":\"https:\/\/www.suno.com.br\/noticias\/\",\"logo\":{\"@type\":\"ImageObject\",\"inLanguage\":\"pt-BR\",\"@id\":\"https:\/\/www.suno.com.br\/noticias\/#\/schema\/logo\/image\/\",\"url\":\"https:\/\/files.sunoresearch.com.br\/n\/uploads\/2021\/09\/suno-logo.png\",\"contentUrl\":\"https:\/\/files.sunoresearch.com.br\/n\/uploads\/2021\/09\/suno-logo.png\",\"width\":180,\"height\":180,\"caption\":\"Suno Not\u00edcias\"},\"image\":{\"@id\":\"https:\/\/www.suno.com.br\/noticias\/#\/schema\/logo\/image\/\"},\"sameAs\":[\"https:\/\/facebook.com\/sunoresearch\",\"https:\/\/x.com\/sunoresearch\",\"https:\/\/www.instagram.com\/suno\",\"https:\/\/www.linkedin.com\/company\/suno-research\/\",\"https:\/\/www.youtube.com\/c\/sunoresearch\"]},{\"@type\":\"Person\",\"@id\":\"https:\/\/www.suno.com.br\/noticias\/#\/schema\/person\/0a8b51292bb96ee5f104094c0907eaef\",\"name\":\"Ma\u00edra Telles\",\"image\":{\"@type\":\"ImageObject\",\"inLanguage\":\"pt-BR\",\"@id\":\"https:\/\/www.suno.com.br\/noticias\/#\/schema\/person\/image\/\",\"url\":\"https:\/\/secure.gravatar.com\/avatar\/8d13691eab6abc1d1050b62a4c2a6116?s=96&r=g\",\"contentUrl\":\"https:\/\/secure.gravatar.com\/avatar\/8d13691eab6abc1d1050b62a4c2a6116?s=96&r=g\",\"caption\":\"Ma\u00edra Telles\"},\"description\":\"Jornalista com passagem por reda\u00e7\u00f5es como ESPN, especializa\u00e7\u00e3o em marketing digital e em gest\u00e3o de crise. Com foco no mercado financeiro e no setor agropecu\u00e1rio, desenvolve conte\u00fados estrat\u00e9gicos e especializados para m\u00faltiplas plataformas, unindo an\u00e1lise de investimentos e neg\u00f3cios\",\"url\":\"https:\/\/www.suno.com.br\/noticias\/author\/mairaftellesgmail-com\/\"}]}<\/script>\n<!-- \/ Yoast SEO plugin. -->","yoast_head_json":{"title":"Vale (VALE3) informa extravasamento em mina de Ouro Preto","description":"Vale (VALE3) comunica extravasamento de sedimentos em mina de MG, afirma que barragens n\u00e3o foram afetadas.","robots":{"index":"index","follow":"follow","max-snippet":"max-snippet:-1","max-image-preview":"max-image-preview:large","max-video-preview":"max-video-preview:-1"},"canonical":"https:\/\/www.suno.com.br\/noticias\/vale-vale3-extravasamento-mina-ouro-preto-mt\/","og_locale":"pt_BR","og_type":"article","og_title":"Vale (VALE3) informa extravasamento em mina de Ouro Preto","og_description":"Vale (VALE3) comunica extravasamento de sedimentos em mina de MG, afirma que barragens n\u00e3o foram afetadas.","og_url":"https:\/\/www.suno.com.br\/noticias\/vale-vale3-extravasamento-mina-ouro-preto-mt\/","og_site_name":"Suno Not\u00edcias","article_publisher":"https:\/\/facebook.com\/sunoresearch","og_image":[{"width":1200,"height":800,"url":"https:\/\/files.sunoresearch.com.br\/n\/uploads\/2026\/01\/vale-vale3-2-jpg.webp","type":"image\/jpeg"}],"author":"Ma\u00edra Telles","twitter_card":"summary_large_image","twitter_creator":"@sunoresearch","twitter_site":"@sunoresearch","twitter_misc":{"Escrito por":"Ma\u00edra Telles","Est. tempo de leitura":"2 minutos"},"schema":{"@context":"https:\/\/schema.org","@graph":[{"@type":"NewsArticle","@id":"https:\/\/www.suno.com.br\/noticias\/vale-vale3-extravasamento-mina-ouro-preto-mt\/#article","isPartOf":{"@id":"https:\/\/www.suno.com.br\/noticias\/vale-vale3-extravasamento-mina-ouro-preto-mt\/"},"author":{"name":"Ma\u00edra Telles","@id":"https:\/\/www.suno.com.br\/noticias\/#\/schema\/person\/0a8b51292bb96ee5f104094c0907eaef"},"headline":"Vale (VALE3) registra extravasamento em mina de MG e nega rela\u00e7\u00e3o com barragens","datePublished":"2026-01-26T12:30:04+00:00","dateModified":"2026-01-26T12:30:07+00:00","mainEntityOfPage":{"@id":"https:\/\/www.suno.com.br\/noticias\/vale-vale3-extravasamento-mina-ouro-preto-mt\/"},"wordCount":381,"publisher":{"@id":"https:\/\/www.suno.com.br\/noticias\/#organization"},"image":{"@id":"https:\/\/www.suno.com.br\/noticias\/vale-vale3-extravasamento-mina-ouro-preto-mt\/#primaryimage"},"thumbnailUrl":"https:\/\/files.sunoresearch.com.br\/n\/uploads\/2026\/01\/vale-vale3-2-jpg.webp","keywords":["Vale (VALE3)"],"articleSection":["Neg\u00f3cios"],"inLanguage":"pt-BR"},{"@type":"WebPage","@id":"https:\/\/www.suno.com.br\/noticias\/vale-vale3-extravasamento-mina-ouro-preto-mt\/","url":"https:\/\/www.suno.com.br\/noticias\/vale-vale3-extravasamento-mina-ouro-preto-mt\/","name":"Vale (VALE3) informa extravasamento em mina de Ouro Preto","isPartOf":{"@id":"https:\/\/www.suno.com.br\/noticias\/#website"},"primaryImageOfPage":{"@id":"https:\/\/www.suno.com.br\/noticias\/vale-vale3-extravasamento-mina-ouro-preto-mt\/#primaryimage"},"image":{"@id":"https:\/\/www.suno.com.br\/noticias\/vale-vale3-extravasamento-mina-ouro-preto-mt\/#primaryimage"},"thumbnailUrl":"https:\/\/files.sunoresearch.com.br\/n\/uploads\/2026\/01\/vale-vale3-2-jpg.webp","datePublished":"2026-01-26T12:30:04+00:00","dateModified":"2026-01-26T12:30:07+00:00","description":"Vale (VALE3) comunica extravasamento de sedimentos em mina de MG, afirma que barragens n\u00e3o foram afetadas.","breadcrumb":{"@id":"https:\/\/www.suno.com.br\/noticias\/vale-vale3-extravasamento-mina-ouro-preto-mt\/#breadcrumb"},"inLanguage":"pt-BR","potentialAction":[{"@type":"ReadAction","target":["https:\/\/www.suno.com.br\/noticias\/vale-vale3-extravasamento-mina-ouro-preto-mt\/"]}]},{"@type":"ImageObject","inLanguage":"pt-BR","@id":"https:\/\/www.suno.com.br\/noticias\/vale-vale3-extravasamento-mina-ouro-preto-mt\/#primaryimage","url":"https:\/\/files.sunoresearch.com.br\/n\/uploads\/2026\/01\/vale-vale3-2-jpg.webp","contentUrl":"https:\/\/files.sunoresearch.com.br\/n\/uploads\/2026\/01\/vale-vale3-2-jpg.webp","width":1200,"height":800,"caption":"Vale (VALE3). Foto: Divulga\u00e7\u00e3o\/Vale"},{"@type":"BreadcrumbList","@id":"https:\/\/www.suno.com.br\/noticias\/vale-vale3-extravasamento-mina-ouro-preto-mt\/#breadcrumb","itemListElement":[{"@type":"ListItem","position":1,"name":"Not\u00edcias","item":"https:\/\/www.suno.com.br\/noticias\/"},{"@type":"ListItem","position":2,"name":"Neg\u00f3cios","item":"https:\/\/www.suno.com.br\/noticias\/negocios\/"},{"@type":"ListItem","position":3,"name":"Vale (VALE3) registra extravasamento em mina de MG e nega rela\u00e7\u00e3o com barragens"}]},{"@type":"WebSite","@id":"https:\/\/www.suno.com.br\/noticias\/#website","url":"https:\/\/www.suno.com.br\/noticias\/","name":"Suno Not\u00edcias","description":"Seu portal de informa\u00e7\u00e3o sobre o mundo dos investimentos","publisher":{"@id":"https:\/\/www.suno.com.br\/noticias\/#organization"},"potentialAction":[{"@type":"SearchAction","target":{"@type":"EntryPoint","urlTemplate":"https:\/\/www.suno.com.br\/noticias\/?s={search_term_string}"},"query-input":{"@type":"PropertyValueSpecification","valueRequired":true,"valueName":"search_term_string"}}],"inLanguage":"pt-BR"},{"@type":"Organization","@id":"https:\/\/www.suno.com.br\/noticias\/#organization","name":"Suno Not\u00edcias","url":"https:\/\/www.suno.com.br\/noticias\/","logo":{"@type":"ImageObject","inLanguage":"pt-BR","@id":"https:\/\/www.suno.com.br\/noticias\/#\/schema\/logo\/image\/","url":"https:\/\/files.sunoresearch.com.br\/n\/uploads\/2021\/09\/suno-logo.png","contentUrl":"https:\/\/files.sunoresearch.com.br\/n\/uploads\/2021\/09\/suno-logo.png","width":180,"height":180,"caption":"Suno Not\u00edcias"},"image":{"@id":"https:\/\/www.suno.com.br\/noticias\/#\/schema\/logo\/image\/"},"sameAs":["https:\/\/facebook.com\/sunoresearch","https:\/\/x.com\/sunoresearch","https:\/\/www.instagram.com\/suno","https:\/\/www.linkedin.com\/company\/suno-research\/","https:\/\/www.youtube.com\/c\/sunoresearch"]},{"@type":"Person","@id":"https:\/\/www.suno.com.br\/noticias\/#\/schema\/person\/0a8b51292bb96ee5f104094c0907eaef","name":"Ma\u00edra Telles","image":{"@type":"ImageObject","inLanguage":"pt-BR","@id":"https:\/\/www.suno.com.br\/noticias\/#\/schema\/person\/image\/","url":"https:\/\/secure.gravatar.com\/avatar\/8d13691eab6abc1d1050b62a4c2a6116?s=96&r=g","contentUrl":"https:\/\/secure.gravatar.com\/avatar\/8d13691eab6abc1d1050b62a4c2a6116?s=96&r=g","caption":"Ma\u00edra Telles"},"description":"Jornalista com passagem por reda\u00e7\u00f5es como ESPN, especializa\u00e7\u00e3o em marketing digital e em gest\u00e3o de crise. Com foco no mercado financeiro e no setor agropecu\u00e1rio, desenvolve conte\u00fados estrat\u00e9gicos e especializados para m\u00faltiplas plataformas, unindo an\u00e1lise de investimentos e neg\u00f3cios","url":"https:\/\/www.suno.com.br\/noticias\/author\/mairaftellesgmail-com\/"}]}},"default_loop_html":"<div class=\"cardsPage__listCard__boxs\"><div class=\"cardsPage__listCard__boxs__img\"><a href=\"https:\/\/www.suno.com.br\/noticias\/vale-vale3-extravasamento-mina-ouro-preto-mt\/\"><img class=\"mask\" src=\"https:\/\/www.suno.com.br\/noticias\/wp-content\/themes\/suno\/resources\/images\/spotlight\/spotlight1img\/bg-mask.png\" alt=\"Image Mask\"\/><img src=\"https:\/\/files.sunoresearch.com.br\/n\/uploads\/2026\/01\/vale-vale3-2-400x200.webp\" alt=\"Vale (VALE3) registra extravasamento em mina de MG e nega rela\u00e7\u00e3o com barragens\"\/><\/a><span class=\"spotlightCategory\"><a href=\"https:\/\/www.suno.com.br\/noticias\/negocios\/\">Neg\u00f3cios<\/a><\/span><\/div><div class=\"cardsPage__listCard__boxs__content\"><a href=\"https:\/\/www.suno.com.br\/noticias\/vale-vale3-extravasamento-mina-ouro-preto-mt\/\"><h2 class=\"content__title\">Vale (VALE3) registra extravasamento em mina de MG e nega rela\u00e7\u00e3o com barragens<\/h2><\/a><div class=\"newsContent__article__meta\"><div class=\"newsContent__article__meta__authorBox\"><a href=\"https:\/\/www.suno.com.br\/noticias\/author\/mairaftellesgmail-com\/\" class=\"authorBox__avatar noMobi\"><img src=\"https:\/\/secure.gravatar.com\/avatar\/8d13691eab6abc1d1050b62a4c2a6116?s=96&#038;r=g\" alt=\"Ma\u00edra Telles\"><\/a><div class=\"authorBox__name\"><span>por\n\t\t\t<a href=\"https:\/\/www.suno.com.br\/noticias\/author\/mairaftellesgmail-com\/\"><span itemprop=\"author\">Ma\u00edra Telles<\/span><\/a><\/span><time datetime=\"2026-01-26T09:30:04-03:00\" itemprop=\"datePublished\">26\/01\/2026 09:30<\/time><\/div><\/div><\/div><\/div><\/div>","single_layout":"posts","amp_enabled":true,"_links":{"self":[{"href":"https:\/\/www.suno.com.br\/noticias\/wp-json\/wp\/v2\/posts\/639689"}],"collection":[{"href":"https:\/\/www.suno.com.br\/noticias\/wp-json\/wp\/v2\/posts"}],"about":[{"href":"https:\/\/www.suno.com.br\/noticias\/wp-json\/wp\/v2\/types\/post"}],"author":[{"embeddable":true,"href":"https:\/\/www.suno.com.br\/noticias\/wp-json\/wp\/v2\/users\/402"}],"replies":[{"embeddable":true,"href":"https:\/\/www.suno.com.br\/noticias\/wp-json\/wp\/v2\/comments?post=639689"}],"version-history":[{"count":1,"href":"https:\/\/www.suno.com.br\/noticias\/wp-json\/wp\/v2\/posts\/639689\/revisions"}],"predecessor-version":[{"id":639690,"href":"https:\/\/www.suno.com.br\/noticias\/wp-json\/wp\/v2\/posts\/639689\/revisions\/639690"}],"wp:featuredmedia":[{"embeddable":true,"href":"https:\/\/www.suno.com.br\/noticias\/wp-json\/wp\/v2\/media\/638464"}],"wp:attachment":[{"href":"https:\/\/www.suno.com.br\/noticias\/wp-json\/wp\/v2\/media?parent=639689"}],"wp:term":[{"taxonomy":"category","embeddable":true,"href":"https:\/\/www.suno.com.br\/noticias\/wp-json\/wp\/v2\/categories?post=639689"},{"taxonomy":"post_tag","embeddable":true,"href":"https:\/\/www.suno.com.br\/noticias\/wp-json\/wp\/v2\/tags?post=639689"},{"taxonomy":"suno_strategy","embeddable":true,"href":"https:\/\/www.suno.com.br\/noticias\/wp-json\/wp\/v2\/suno_strategy?post=639689"}],"curies":[{"name":"wp","href":"https:\/\/api.w.org\/{rel}","templated":true}]}}