{"id":63958,"date":"2020-05-07T15:57:11","date_gmt":"2020-05-07T18:57:11","guid":{"rendered":"https:\/\/www.suno.com.br\/noticias\/?p=63958"},"modified":"2020-05-07T15:57:11","modified_gmt":"2020-05-07T18:57:11","slug":"investimentos-apresentam-queda-de-89-segundo-ipea","status":"publish","type":"post","link":"https:\/\/www.suno.com.br\/noticias\/investimentos-apresentam-queda-de-89-segundo-ipea\/","title":{"rendered":"Investimentos apresentam queda de 8,9%, segundo Ipea"},"content":{"rendered":"<p>O Instituto de Pesquisa Econ\u00f4mica Aplicada (Ipea) informou nessa quinta-feira (7) que os <a href=\"https:\/\/www.suno.com.br\/?gclid=EAIaIQobChMI0cfs57Ki6QIVEgiRCh0K3AGPEAAYAyAAEgLopfD_BwE\"><strong>investimentos<\/strong> <\/a>medidos pelo indicador de <a href=\"https:\/\/www.suno.com.br\/artigos\/formacao-bruta-capital-fixo-fbcf\/\">Forma\u00e7\u00e3o Bruta de Capital Fixo (FBCF)<\/a> ca\u00edram 8,9% em mar\u00e7o, devido aos impactos econ\u00f4micos da pandemia do novo <a href=\"https:\/\/www.suno.com.br\/noticias\/tags\/coronavirus\/\">coronav\u00edrus (Covid-19).<\/a><\/p>\t<div class=\"wrapper-featured-image\">\n\t\t<figure class=\"spotlightImg\">\n\n\t\t\t<picture>\n\t\t\t\t<source media=\"(max-width: 768px)\" srcset=\"https:\/\/files.sunoresearch.com.br\/n\/uploads\/2018\/09\/bf29dcff-investing-1-1239039-400x200.webp\">\n\t\t\t\t<img loading=\"lazy\" decoding=\"async\" class=\"newsContent__article__imgCapa lazyloadDisabled newsContent__article__imgCapa--noCaption\" src=\"https:\/\/files.sunoresearch.com.br\/n\/uploads\/2018\/09\/bf29dcff-investing-1-1239039-800x450.webp\" width=\"800\" height=\"450\" alt=\"Investimentos apresentam queda de 8,9%, segundo Ipea\" fetchpriority=high \/>\n\t\t\t<\/picture>\n\n\t\t\t<figcaption class=\"wp-caption-text wp-caption-text--hide\">Fundos de investimento t\u00eam capta\u00e7\u00e3o l\u00edquida de R$ 1,4 bi<\/figcaption>\n\t\t<\/figure>\n\t<\/div>\n\n\n\n<p>A redu\u00e7\u00e3o dos investimentos em mar\u00e7o interferiu negativamente nos dados do primeiro trimestre de 2020, mas ainda assim, os tr\u00eas primeiros meses do ano apresentaram uma alta de 1,7% quando comparado com os dados do mesmo per\u00edodo de 2019. Em janeiro desse ano houve uma alta de 7,9%, enquanto fevereiro tamb\u00e9m apresentou um crescimento de 1,2%.<\/p>\n<p><a href=\"https:\/\/lp.suno.com.br\/suno-one\/\">Na Suno One voc\u00ea aprende como fazer o seu dinheiro para trabalhar para voc\u00ea. Cadastre-se agora.<\/a><\/p>\n<p>Em mar\u00e7o de 2019, o \u00edndice tamb\u00e9m apresentou uma queda, dessa vez, de 0,9%, ao passo que o primeiro trimestre do ano passado apresentou uma alta de 4%.<\/p>\n<p>De acordo com a pesquisa, o indicador da <a href=\"https:\/\/www.suno.com.br\/noticias\/tags\/construcao-civil\/\">constru\u00e7\u00e3o civil<\/a> apresentou um decr\u00e9scimo de 6,7% no m\u00eas de mar\u00e7o, frente ao m\u00eas anterior. Os dados tamb\u00e9m mostraram uma queda de 1% em compara\u00e7\u00e3o com o \u00faltimo trimestre de 2019.<\/p>\n<p>Al\u00e9m disso, os investimentos em m\u00e1quinas e equipamentos recuaram 15,1% em mar\u00e7o. Em contrapartida no primeiro trimestre cresceram 6,6%. Em rela\u00e7\u00e3o a produ\u00e7\u00e3o nacional de m\u00e1quinas, a pesquisa indicou que houve um decr\u00e9scimo de 9,5% no terceiro m\u00eas do ano, enquanto a importa\u00e7\u00e3o teve um resumo de 35,9% no mesmo per\u00edodo.<\/p>\n<p>Por fim, a pesquisa do <strong>Ipea<\/strong> salientou que os demais investimentos apresentaram um decr\u00e9scimo de 7,9% no m\u00eas de mar\u00e7o ao passo que no primeiro trimestre tamb\u00e9m apresentaram uma queda de 2,6%.<\/p>\n<h2>Investimentos em produtos financeiros apresentam queda em mar\u00e7o<\/h2>\n<p>Al\u00e9m disso, no in\u00edcio da semana, a<a href=\"https:\/\/www.suno.com.br\/artigos\/anbima\/\">\u00a0Associa\u00e7\u00e3o Brasileira das Entidades dos Mercados Financeiro e de Capitais (<strong>Anbima<\/strong>)<\/a> informou que os <a href=\"https:\/\/www.suno.com.br\/\"><strong>investimentos<\/strong> <\/a>dos brasileiros somaram R$ 3,09 trilh\u00f5es em mar\u00e7o, apresentando uma queda em compara\u00e7\u00e3o a fevereiro quando somaram R$ 3,26 trilh\u00f5es.<\/p>\n<p><a href=\"https:\/\/www.suno.com.br\/noticias\/investimentos-em-produtos-financeiros-somam-3-trilhoes-em-marco-2\/\">Saiba mais: Investimentos em produtos financeiros somam 3 trilh\u00f5es em mar\u00e7o<\/a><\/p>\n<p>O segmento de varejo \u00e9 respons\u00e1vel por R$ 1,89 trilh\u00e3o dos <strong>investimentos<\/strong> em mar\u00e7o, enquanto o <a href=\"https:\/\/www.suno.com.br\/artigos\/private-equity\/\">private<\/a> soma R$ 1,19 trilh\u00e3o. Em fevereiro, esses n\u00fameros eram maiores, uma vez que o varejo era respons\u00e1vel por R$ 1,94 trilh\u00e3o e o private por e o private R$ 1,32 trilh\u00e3o. Segundo a Anbima, os dados s\u00e3o referentes a aportes de 80,4 milh\u00f5es de contas desses segmentos em bancos e <a href=\"https:\/\/www.suno.com.br\/artigos\/qual-corretora-voce-deve-utilizar\/\">corretoras<\/a>.<\/p>\n\n","protected":false},"excerpt":{"rendered":"<p>O Instituto de Pesquisa Econ\u00f4mica Aplicada (Ipea) informou nessa quinta-feira (7) que os investimentos medidos pelo indicador de Forma\u00e7\u00e3o Bruta de Capital Fixo (FBCF) ca\u00edram 8,9% em mar\u00e7o, devido aos impactos econ\u00f4micos da pandemia do novo coronav\u00edrus (Covid-19). Fundos de investimento t\u00eam capta\u00e7\u00e3o l\u00edquida de R$ 1,4 bi A redu\u00e7\u00e3o dos investimentos em mar\u00e7o interferiu [&hellip;]<\/p>\n","protected":false},"author":39,"featured_media":3396,"comment_status":"closed","ping_status":"closed","sticky":false,"template":"","format":"standard","meta":[],"categories":[62],"tags":[786],"suno_strategy":[],"class_list":["post-63958","post","type-post","status-publish","format-standard","has-post-thumbnail","hentry","category-economia","tag-ipea"],"yoast_head":"<!-- This site is optimized with the Yoast SEO plugin v24.4 - https:\/\/yoast.com\/wordpress\/plugins\/seo\/ -->\n<title>Investimentos apresentam queda de 8,9%, segundo Ipea<\/title>\n<meta name=\"description\" content=\"Segundo o Ipea, os investimentos medidos pelo indicador FBCF ca\u00edram 8,9% em mar\u00e7o, com impacto da pandemia. Clique aqui para saber mais.\" \/>\n<meta name=\"robots\" content=\"index, follow, max-snippet:-1, max-image-preview:large, max-video-preview:-1\" \/>\n<link rel=\"canonical\" href=\"https:\/\/www.suno.com.br\/noticias\/investimentos-apresentam-queda-de-89-segundo-ipea\/\" \/>\n<meta property=\"og:locale\" content=\"pt_BR\" \/>\n<meta property=\"og:type\" content=\"article\" \/>\n<meta property=\"og:title\" content=\"Investimentos apresentam queda de 8,9%, segundo Ipea\" \/>\n<meta property=\"og:description\" content=\"Segundo o Ipea, os investimentos medidos pelo indicador FBCF ca\u00edram 8,9% em mar\u00e7o, com impacto da pandemia. Clique aqui para saber mais.\" \/>\n<meta property=\"og:url\" content=\"https:\/\/www.suno.com.br\/noticias\/investimentos-apresentam-queda-de-89-segundo-ipea\/\" \/>\n<meta property=\"og:site_name\" content=\"Suno Not\u00edcias\" \/>\n<meta property=\"article:publisher\" content=\"https:\/\/facebook.com\/sunoresearch\" \/>\n<meta property=\"og:image\" content=\"https:\/\/files.sunoresearch.com.br\/n\/uploads\/2018\/09\/bf29dcff-investing-1-1239039.jpg\" \/>\n\t<meta property=\"og:image:width\" content=\"1300\" \/>\n\t<meta property=\"og:image:height\" content=\"867\" \/>\n\t<meta property=\"og:image:type\" content=\"image\/jpeg\" \/>\n<meta name=\"author\" content=\"Laura Moutinho\" \/>\n<meta name=\"twitter:card\" content=\"summary_large_image\" \/>\n<meta name=\"twitter:creator\" content=\"@sunoresearch\" \/>\n<meta name=\"twitter:site\" content=\"@sunoresearch\" \/>\n<meta name=\"twitter:label1\" content=\"Escrito por\" \/>\n\t<meta name=\"twitter:data1\" content=\"Laura Moutinho\" \/>\n\t<meta name=\"twitter:label2\" content=\"Est. tempo de leitura\" \/>\n\t<meta name=\"twitter:data2\" content=\"2 minutos\" \/>\n<script type=\"application\/ld+json\" class=\"yoast-schema-graph\">{\"@context\":\"https:\/\/schema.org\",\"@graph\":[{\"@type\":\"NewsArticle\",\"@id\":\"https:\/\/www.suno.com.br\/noticias\/investimentos-apresentam-queda-de-89-segundo-ipea\/#article\",\"isPartOf\":{\"@id\":\"https:\/\/www.suno.com.br\/noticias\/investimentos-apresentam-queda-de-89-segundo-ipea\/\"},\"author\":{\"name\":\"Laura Moutinho\",\"@id\":\"https:\/\/www.suno.com.br\/noticias\/#\/schema\/person\/3df0d2808748b74496efe5dbeaef2c72\"},\"headline\":\"Investimentos apresentam queda de 8,9%, segundo Ipea\",\"datePublished\":\"2020-05-07T18:57:11+00:00\",\"mainEntityOfPage\":{\"@id\":\"https:\/\/www.suno.com.br\/noticias\/investimentos-apresentam-queda-de-89-segundo-ipea\/\"},\"wordCount\":429,\"publisher\":{\"@id\":\"https:\/\/www.suno.com.br\/noticias\/#organization\"},\"image\":{\"@id\":\"https:\/\/www.suno.com.br\/noticias\/investimentos-apresentam-queda-de-89-segundo-ipea\/#primaryimage\"},\"thumbnailUrl\":\"https:\/\/files.sunoresearch.com.br\/n\/uploads\/2018\/09\/bf29dcff-investing-1-1239039-jpg.webp\",\"keywords\":[\"Ipea\"],\"articleSection\":[\"Economia\"],\"inLanguage\":\"pt-BR\"},{\"@type\":\"WebPage\",\"@id\":\"https:\/\/www.suno.com.br\/noticias\/investimentos-apresentam-queda-de-89-segundo-ipea\/\",\"url\":\"https:\/\/www.suno.com.br\/noticias\/investimentos-apresentam-queda-de-89-segundo-ipea\/\",\"name\":\"Investimentos apresentam queda de 8,9%, segundo Ipea\",\"isPartOf\":{\"@id\":\"https:\/\/www.suno.com.br\/noticias\/#website\"},\"primaryImageOfPage\":{\"@id\":\"https:\/\/www.suno.com.br\/noticias\/investimentos-apresentam-queda-de-89-segundo-ipea\/#primaryimage\"},\"image\":{\"@id\":\"https:\/\/www.suno.com.br\/noticias\/investimentos-apresentam-queda-de-89-segundo-ipea\/#primaryimage\"},\"thumbnailUrl\":\"https:\/\/files.sunoresearch.com.br\/n\/uploads\/2018\/09\/bf29dcff-investing-1-1239039-jpg.webp\",\"datePublished\":\"2020-05-07T18:57:11+00:00\",\"description\":\"Segundo o Ipea, os investimentos medidos pelo indicador FBCF ca\u00edram 8,9% em mar\u00e7o, com impacto da pandemia. Clique aqui para saber mais.\",\"breadcrumb\":{\"@id\":\"https:\/\/www.suno.com.br\/noticias\/investimentos-apresentam-queda-de-89-segundo-ipea\/#breadcrumb\"},\"inLanguage\":\"pt-BR\",\"potentialAction\":[{\"@type\":\"ReadAction\",\"target\":[\"https:\/\/www.suno.com.br\/noticias\/investimentos-apresentam-queda-de-89-segundo-ipea\/\"]}]},{\"@type\":\"ImageObject\",\"inLanguage\":\"pt-BR\",\"@id\":\"https:\/\/www.suno.com.br\/noticias\/investimentos-apresentam-queda-de-89-segundo-ipea\/#primaryimage\",\"url\":\"https:\/\/files.sunoresearch.com.br\/n\/uploads\/2018\/09\/bf29dcff-investing-1-1239039-jpg.webp\",\"contentUrl\":\"https:\/\/files.sunoresearch.com.br\/n\/uploads\/2018\/09\/bf29dcff-investing-1-1239039-jpg.webp\",\"width\":1300,\"height\":867,\"caption\":\"Fundos de investimento t\u00eam capta\u00e7\u00e3o l\u00edquida de R$ 1,4 bi\"},{\"@type\":\"BreadcrumbList\",\"@id\":\"https:\/\/www.suno.com.br\/noticias\/investimentos-apresentam-queda-de-89-segundo-ipea\/#breadcrumb\",\"itemListElement\":[{\"@type\":\"ListItem\",\"position\":1,\"name\":\"Not\u00edcias\",\"item\":\"https:\/\/www.suno.com.br\/noticias\/\"},{\"@type\":\"ListItem\",\"position\":2,\"name\":\"Economia\",\"item\":\"https:\/\/www.suno.com.br\/noticias\/economia\/\"},{\"@type\":\"ListItem\",\"position\":3,\"name\":\"Investimentos apresentam queda de 8,9%, segundo Ipea\"}]},{\"@type\":\"WebSite\",\"@id\":\"https:\/\/www.suno.com.br\/noticias\/#website\",\"url\":\"https:\/\/www.suno.com.br\/noticias\/\",\"name\":\"Suno Not\u00edcias\",\"description\":\"Seu portal de informa\u00e7\u00e3o sobre o mundo dos investimentos\",\"publisher\":{\"@id\":\"https:\/\/www.suno.com.br\/noticias\/#organization\"},\"potentialAction\":[{\"@type\":\"SearchAction\",\"target\":{\"@type\":\"EntryPoint\",\"urlTemplate\":\"https:\/\/www.suno.com.br\/noticias\/?s={search_term_string}\"},\"query-input\":{\"@type\":\"PropertyValueSpecification\",\"valueRequired\":true,\"valueName\":\"search_term_string\"}}],\"inLanguage\":\"pt-BR\"},{\"@type\":\"Organization\",\"@id\":\"https:\/\/www.suno.com.br\/noticias\/#organization\",\"name\":\"Suno Not\u00edcias\",\"url\":\"https:\/\/www.suno.com.br\/noticias\/\",\"logo\":{\"@type\":\"ImageObject\",\"inLanguage\":\"pt-BR\",\"@id\":\"https:\/\/www.suno.com.br\/noticias\/#\/schema\/logo\/image\/\",\"url\":\"https:\/\/files.sunoresearch.com.br\/n\/uploads\/2021\/09\/suno-logo.png\",\"contentUrl\":\"https:\/\/files.sunoresearch.com.br\/n\/uploads\/2021\/09\/suno-logo.png\",\"width\":180,\"height\":180,\"caption\":\"Suno Not\u00edcias\"},\"image\":{\"@id\":\"https:\/\/www.suno.com.br\/noticias\/#\/schema\/logo\/image\/\"},\"sameAs\":[\"https:\/\/facebook.com\/sunoresearch\",\"https:\/\/x.com\/sunoresearch\",\"https:\/\/www.instagram.com\/suno\",\"https:\/\/www.linkedin.com\/company\/suno-research\/\",\"https:\/\/www.youtube.com\/c\/sunoresearch\"]},{\"@type\":\"Person\",\"@id\":\"https:\/\/www.suno.com.br\/noticias\/#\/schema\/person\/3df0d2808748b74496efe5dbeaef2c72\",\"name\":\"Laura Moutinho\",\"image\":{\"@type\":\"ImageObject\",\"inLanguage\":\"pt-BR\",\"@id\":\"https:\/\/www.suno.com.br\/noticias\/#\/schema\/person\/image\/\",\"url\":\"https:\/\/secure.gravatar.com\/avatar\/7571c7c8ca3a6fca5e41384ece5557ff?s=96&r=g\",\"contentUrl\":\"https:\/\/secure.gravatar.com\/avatar\/7571c7c8ca3a6fca5e41384ece5557ff?s=96&r=g\",\"caption\":\"Laura Moutinho\"},\"description\":\"Estagi\u00e1ria na Suno Not\u00edcias, escreve not\u00edcias que afetam o mercado financeiro. Estuda administra\u00e7\u00e3o na Universidade Presbiteriana Mackenzie.\",\"url\":\"https:\/\/www.suno.com.br\/noticias\/author\/laura-moutinho\/\"}]}<\/script>\n<!-- \/ Yoast SEO plugin. -->","yoast_head_json":{"title":"Investimentos apresentam queda de 8,9%, segundo Ipea","description":"Segundo o Ipea, os investimentos medidos pelo indicador FBCF ca\u00edram 8,9% em mar\u00e7o, com impacto da pandemia. Clique aqui para saber mais.","robots":{"index":"index","follow":"follow","max-snippet":"max-snippet:-1","max-image-preview":"max-image-preview:large","max-video-preview":"max-video-preview:-1"},"canonical":"https:\/\/www.suno.com.br\/noticias\/investimentos-apresentam-queda-de-89-segundo-ipea\/","og_locale":"pt_BR","og_type":"article","og_title":"Investimentos apresentam queda de 8,9%, segundo Ipea","og_description":"Segundo o Ipea, os investimentos medidos pelo indicador FBCF ca\u00edram 8,9% em mar\u00e7o, com impacto da pandemia. Clique aqui para saber mais.","og_url":"https:\/\/www.suno.com.br\/noticias\/investimentos-apresentam-queda-de-89-segundo-ipea\/","og_site_name":"Suno Not\u00edcias","article_publisher":"https:\/\/facebook.com\/sunoresearch","og_image":[{"width":1300,"height":867,"url":"https:\/\/files.sunoresearch.com.br\/n\/uploads\/2018\/09\/bf29dcff-investing-1-1239039.jpg","type":"image\/jpeg"}],"author":"Laura Moutinho","twitter_card":"summary_large_image","twitter_creator":"@sunoresearch","twitter_site":"@sunoresearch","twitter_misc":{"Escrito por":"Laura Moutinho","Est. tempo de leitura":"2 minutos"},"schema":{"@context":"https:\/\/schema.org","@graph":[{"@type":"NewsArticle","@id":"https:\/\/www.suno.com.br\/noticias\/investimentos-apresentam-queda-de-89-segundo-ipea\/#article","isPartOf":{"@id":"https:\/\/www.suno.com.br\/noticias\/investimentos-apresentam-queda-de-89-segundo-ipea\/"},"author":{"name":"Laura Moutinho","@id":"https:\/\/www.suno.com.br\/noticias\/#\/schema\/person\/3df0d2808748b74496efe5dbeaef2c72"},"headline":"Investimentos apresentam queda de 8,9%, segundo Ipea","datePublished":"2020-05-07T18:57:11+00:00","mainEntityOfPage":{"@id":"https:\/\/www.suno.com.br\/noticias\/investimentos-apresentam-queda-de-89-segundo-ipea\/"},"wordCount":429,"publisher":{"@id":"https:\/\/www.suno.com.br\/noticias\/#organization"},"image":{"@id":"https:\/\/www.suno.com.br\/noticias\/investimentos-apresentam-queda-de-89-segundo-ipea\/#primaryimage"},"thumbnailUrl":"https:\/\/files.sunoresearch.com.br\/n\/uploads\/2018\/09\/bf29dcff-investing-1-1239039-jpg.webp","keywords":["Ipea"],"articleSection":["Economia"],"inLanguage":"pt-BR"},{"@type":"WebPage","@id":"https:\/\/www.suno.com.br\/noticias\/investimentos-apresentam-queda-de-89-segundo-ipea\/","url":"https:\/\/www.suno.com.br\/noticias\/investimentos-apresentam-queda-de-89-segundo-ipea\/","name":"Investimentos apresentam queda de 8,9%, segundo Ipea","isPartOf":{"@id":"https:\/\/www.suno.com.br\/noticias\/#website"},"primaryImageOfPage":{"@id":"https:\/\/www.suno.com.br\/noticias\/investimentos-apresentam-queda-de-89-segundo-ipea\/#primaryimage"},"image":{"@id":"https:\/\/www.suno.com.br\/noticias\/investimentos-apresentam-queda-de-89-segundo-ipea\/#primaryimage"},"thumbnailUrl":"https:\/\/files.sunoresearch.com.br\/n\/uploads\/2018\/09\/bf29dcff-investing-1-1239039-jpg.webp","datePublished":"2020-05-07T18:57:11+00:00","description":"Segundo o Ipea, os investimentos medidos pelo indicador FBCF ca\u00edram 8,9% em mar\u00e7o, com impacto da pandemia. Clique aqui para saber mais.","breadcrumb":{"@id":"https:\/\/www.suno.com.br\/noticias\/investimentos-apresentam-queda-de-89-segundo-ipea\/#breadcrumb"},"inLanguage":"pt-BR","potentialAction":[{"@type":"ReadAction","target":["https:\/\/www.suno.com.br\/noticias\/investimentos-apresentam-queda-de-89-segundo-ipea\/"]}]},{"@type":"ImageObject","inLanguage":"pt-BR","@id":"https:\/\/www.suno.com.br\/noticias\/investimentos-apresentam-queda-de-89-segundo-ipea\/#primaryimage","url":"https:\/\/files.sunoresearch.com.br\/n\/uploads\/2018\/09\/bf29dcff-investing-1-1239039-jpg.webp","contentUrl":"https:\/\/files.sunoresearch.com.br\/n\/uploads\/2018\/09\/bf29dcff-investing-1-1239039-jpg.webp","width":1300,"height":867,"caption":"Fundos de investimento t\u00eam capta\u00e7\u00e3o l\u00edquida de R$ 1,4 bi"},{"@type":"BreadcrumbList","@id":"https:\/\/www.suno.com.br\/noticias\/investimentos-apresentam-queda-de-89-segundo-ipea\/#breadcrumb","itemListElement":[{"@type":"ListItem","position":1,"name":"Not\u00edcias","item":"https:\/\/www.suno.com.br\/noticias\/"},{"@type":"ListItem","position":2,"name":"Economia","item":"https:\/\/www.suno.com.br\/noticias\/economia\/"},{"@type":"ListItem","position":3,"name":"Investimentos apresentam queda de 8,9%, segundo Ipea"}]},{"@type":"WebSite","@id":"https:\/\/www.suno.com.br\/noticias\/#website","url":"https:\/\/www.suno.com.br\/noticias\/","name":"Suno Not\u00edcias","description":"Seu portal de informa\u00e7\u00e3o sobre o mundo dos investimentos","publisher":{"@id":"https:\/\/www.suno.com.br\/noticias\/#organization"},"potentialAction":[{"@type":"SearchAction","target":{"@type":"EntryPoint","urlTemplate":"https:\/\/www.suno.com.br\/noticias\/?s={search_term_string}"},"query-input":{"@type":"PropertyValueSpecification","valueRequired":true,"valueName":"search_term_string"}}],"inLanguage":"pt-BR"},{"@type":"Organization","@id":"https:\/\/www.suno.com.br\/noticias\/#organization","name":"Suno Not\u00edcias","url":"https:\/\/www.suno.com.br\/noticias\/","logo":{"@type":"ImageObject","inLanguage":"pt-BR","@id":"https:\/\/www.suno.com.br\/noticias\/#\/schema\/logo\/image\/","url":"https:\/\/files.sunoresearch.com.br\/n\/uploads\/2021\/09\/suno-logo.png","contentUrl":"https:\/\/files.sunoresearch.com.br\/n\/uploads\/2021\/09\/suno-logo.png","width":180,"height":180,"caption":"Suno Not\u00edcias"},"image":{"@id":"https:\/\/www.suno.com.br\/noticias\/#\/schema\/logo\/image\/"},"sameAs":["https:\/\/facebook.com\/sunoresearch","https:\/\/x.com\/sunoresearch","https:\/\/www.instagram.com\/suno","https:\/\/www.linkedin.com\/company\/suno-research\/","https:\/\/www.youtube.com\/c\/sunoresearch"]},{"@type":"Person","@id":"https:\/\/www.suno.com.br\/noticias\/#\/schema\/person\/3df0d2808748b74496efe5dbeaef2c72","name":"Laura Moutinho","image":{"@type":"ImageObject","inLanguage":"pt-BR","@id":"https:\/\/www.suno.com.br\/noticias\/#\/schema\/person\/image\/","url":"https:\/\/secure.gravatar.com\/avatar\/7571c7c8ca3a6fca5e41384ece5557ff?s=96&r=g","contentUrl":"https:\/\/secure.gravatar.com\/avatar\/7571c7c8ca3a6fca5e41384ece5557ff?s=96&r=g","caption":"Laura Moutinho"},"description":"Estagi\u00e1ria na Suno Not\u00edcias, escreve not\u00edcias que afetam o mercado financeiro. Estuda administra\u00e7\u00e3o na Universidade Presbiteriana Mackenzie.","url":"https:\/\/www.suno.com.br\/noticias\/author\/laura-moutinho\/"}]}},"default_loop_html":"<div class=\"cardsPage__listCard__boxs\"><div class=\"cardsPage__listCard__boxs__img\"><a href=\"https:\/\/www.suno.com.br\/noticias\/investimentos-apresentam-queda-de-89-segundo-ipea\/\"><img class=\"mask\" src=\"https:\/\/www.suno.com.br\/noticias\/wp-content\/themes\/suno\/resources\/images\/spotlight\/spotlight1img\/bg-mask.png\" alt=\"Image Mask\"\/><img src=\"https:\/\/files.sunoresearch.com.br\/n\/uploads\/2018\/09\/bf29dcff-investing-1-1239039-400x200.webp\" alt=\"Investimentos apresentam queda de 8,9%, segundo Ipea\"\/><\/a><span class=\"spotlightCategory\"><a href=\"https:\/\/www.suno.com.br\/noticias\/economia\/\">Economia<\/a><\/span><\/div><div class=\"cardsPage__listCard__boxs__content\"><a href=\"https:\/\/www.suno.com.br\/noticias\/investimentos-apresentam-queda-de-89-segundo-ipea\/\"><h2 class=\"content__title\">Investimentos apresentam queda de 8,9%, segundo Ipea<\/h2><\/a><div class=\"newsContent__article__meta\"><div class=\"newsContent__article__meta__authorBox\"><a href=\"https:\/\/www.suno.com.br\/noticias\/author\/laura-moutinho\/\" class=\"authorBox__avatar noMobi\"><img src=\"https:\/\/files.sunoresearch.com.br\/n\/uploads\/2020\/08\/531ff69d-whatsapp-image-2020-08-03-at-14.54.38-150x150.webp\" alt=\"Laura Moutinho\"><\/a><div class=\"authorBox__name\"><span>por\n\t\t\t<a href=\"https:\/\/www.suno.com.br\/noticias\/author\/laura-moutinho\/\"><span itemprop=\"author\">Laura Moutinho<\/span><\/a><\/span><time datetime=\"2020-05-07T15:57:11-03:00\" itemprop=\"datePublished\">07\/05\/2020 15:57<\/time><\/div><\/div><\/div><\/div><\/div>","single_layout":"posts","amp_enabled":true,"_links":{"self":[{"href":"https:\/\/www.suno.com.br\/noticias\/wp-json\/wp\/v2\/posts\/63958"}],"collection":[{"href":"https:\/\/www.suno.com.br\/noticias\/wp-json\/wp\/v2\/posts"}],"about":[{"href":"https:\/\/www.suno.com.br\/noticias\/wp-json\/wp\/v2\/types\/post"}],"author":[{"embeddable":true,"href":"https:\/\/www.suno.com.br\/noticias\/wp-json\/wp\/v2\/users\/39"}],"replies":[{"embeddable":true,"href":"https:\/\/www.suno.com.br\/noticias\/wp-json\/wp\/v2\/comments?post=63958"}],"version-history":[{"count":0,"href":"https:\/\/www.suno.com.br\/noticias\/wp-json\/wp\/v2\/posts\/63958\/revisions"}],"wp:featuredmedia":[{"embeddable":true,"href":"https:\/\/www.suno.com.br\/noticias\/wp-json\/wp\/v2\/media\/3396"}],"wp:attachment":[{"href":"https:\/\/www.suno.com.br\/noticias\/wp-json\/wp\/v2\/media?parent=63958"}],"wp:term":[{"taxonomy":"category","embeddable":true,"href":"https:\/\/www.suno.com.br\/noticias\/wp-json\/wp\/v2\/categories?post=63958"},{"taxonomy":"post_tag","embeddable":true,"href":"https:\/\/www.suno.com.br\/noticias\/wp-json\/wp\/v2\/tags?post=63958"},{"taxonomy":"suno_strategy","embeddable":true,"href":"https:\/\/www.suno.com.br\/noticias\/wp-json\/wp\/v2\/suno_strategy?post=63958"}],"curies":[{"name":"wp","href":"https:\/\/api.w.org\/{rel}","templated":true}]}}