{"id":63956,"date":"2020-05-07T18:29:04","date_gmt":"2020-05-07T21:29:04","guid":{"rendered":"https:\/\/www.suno.com.br\/noticias\/?p=63956"},"modified":"2021-02-18T17:23:39","modified_gmt":"2021-02-18T20:23:39","slug":"dolar-6-normal","status":"publish","type":"post","link":"https:\/\/www.suno.com.br\/noticias\/dolar-6-normal\/","title":{"rendered":"D\u00f3lar pr\u00f3ximo dos R$ 6 \u00e9 novo normal, dizem especialistas"},"content":{"rendered":"<p>A cota\u00e7\u00e3o do <a href=\"https:\/\/www.suno.com.br\/artigos\/dolar\/\"><strong>d\u00f3lar<\/strong> <\/a>ante o real, <a href=\"https:\/\/www.suno.com.br\/noticias\/dolar-bate-recorde-07052020\/\">que vem batendo recordes nominais recentes<\/a>, deve se manter pr\u00f3ximo dos R$ 6 no curto e m\u00e9dio prazo e esse patamar dever\u00e1 ser o novo normal, segundo especialistas ouvidos pelo<strong> SUNO Not\u00edcias<\/strong>.<\/p>\t<div class=\"wrapper-featured-image\">\n\t\t<figure class=\"spotlightImg\">\n\n\t\t\t<picture>\n\t\t\t\t<source media=\"(max-width: 768px)\" srcset=\"https:\/\/files.sunoresearch.com.br\/n\/uploads\/2020\/03\/a8faecee-42e7ccb3-d\u00f3lar-400x200.webp\">\n\t\t\t\t<img loading=\"lazy\" decoding=\"async\" class=\"newsContent__article__imgCapa lazyloadDisabled newsContent__article__imgCapa--noCaption\" src=\"https:\/\/files.sunoresearch.com.br\/n\/uploads\/2020\/03\/a8faecee-42e7ccb3-d\u00f3lar-800x450.webp\" width=\"800\" height=\"450\" alt=\"D\u00f3lar pr\u00f3ximo dos R$ 6 \u00e9 novo normal, dizem especialistas\" fetchpriority=high \/>\n\t\t\t<\/picture>\n\n\t\t\t<figcaption class=\"wp-caption-text wp-caption-text--hide\">D\u00f3lar encerra em queda de 0,152%, cotado em R$ 5,5739<\/figcaption>\n\t\t<\/figure>\n\t<\/div>\n\n\n\n<p>&#8220;A tend\u00eancia, na nossa opini\u00e3o, \u00e9 que o mercado continue nos pr\u00f3ximos dois meses, com a crise do coronav\u00edrus, o d\u00f3lar deve ficar entre R$ 5,50 e R$ 6&#8221;, disse\u00a0Mauriciano Cavalcante, gerente de c\u00e2mbio da Ourominas.<\/p>\n<p><a href=\"https:\/\/lp.suno.com.br\/suno-one\/\">Garanta acesso gratuito \u00e0 eBooks, Minicursos, Artigos e Video Aulas com um \u00fanico cadastro. Clique para saber mais!<\/a><\/p>\n<p>Para Francisca Brasileiro, s\u00f3cia da TAG Investimentos, h\u00e1 um novo patamar dado a uma combina\u00e7\u00e3o de crise mundial, causada pelo <a href=\"https:\/\/www.suno.com.br\/noticias\/tags\/coronavirus\/\">coronav\u00edrus (covid-19)<\/a>, com a queda da <a href=\"https:\/\/www.suno.com.br\/artigos\/taxa-selic\/\">taxa b\u00e1sica de juros (Selic)<\/a> e problemas pol\u00edticos no Brasil.<\/p>\n<p>&#8220;Talvez tenhamos uma coisa entre R$ 5,70 e R$ 6, mas a gente n\u00e3o tem nenhuma aposta em rela\u00e7\u00e3o ao c\u00e2mbio h\u00e1 bastante tempo&#8221;, afirmou.<\/p>\n<p>Segundo Cavalcante, a d\u00favida no m\u00e9dio prazo, entretanto, a d\u00favida \u00e9 se a moeda americana ficar\u00e1 acima de R$ 6.\u00a0&#8220;A m\u00e9dio prazo, acho que R$ 6 o d\u00f3lar deve buscar. Mas a curto prazo, o prov\u00e1vel \u00e9 estar entre esses dois patamares citado&#8221;, afirmou.<\/p>\n<h2>Coronav\u00edrus, Selic e crise pol\u00edtica aumentam problema<\/h2>\n<p>A alta do d\u00f3lar ante o real se baseia, principalmente, em tr\u00eas fatores preponderantes: crise, Selic e pol\u00edtica.<\/p>\n<p>A crise causada pelo coronav\u00edrus fez com que o mercado retirasse as divisas de pa\u00edses emergentes para correr a ativos mais seguros, como o d\u00f3lar.<\/p>\n<p>&#8220;Acho que o d\u00f3lar tem sido muito mais elevado pela din\u00e2mica externa do que pelas vis\u00f5es locais. Em um ambiente de recess\u00e3o global, somos vistos como um pa\u00eds de pouca qualidade no mundo dos investimentos e, com essa fuga do risco&#8221;, disse Francisca Brasileiro.<\/p>\n<p>Para ela, al\u00e9m da crise, a queda da Selic, <a href=\"https:\/\/www.suno.com.br\/noticias\/banco-central-selic-copom-06052020\/\">que foi a 3,00% ao ano<\/a> na quarta-feira (7), ajuda a deixar o Pa\u00eds menos atrativo ao mercado financeiro mundial.<\/p>\n<p><a href=\"https:\/\/www.suno.com.br\/noticias\/sergio-moro-mercado-demissao\/\">Veja tamb\u00e9m: S\u00e9rgio Moro: mercado v\u00ea perda de apoio e problema econ\u00f4mico ap\u00f3s demiss\u00e3o<\/a><\/p>\n<p>&#8220;Para contribuir com isso tudo, o diferencial de juros j\u00e1 tinha sido um componente com pouco peso, diminuindo a diferen\u00e7a entre juros l\u00e1 fora e aqui, deixando o Brasil menos atraente para o capital externo&#8221;, afirmou.<\/p>\n<p>E, para contribuir \u00e0 tempestade perfeita, ru\u00eddos pol\u00edticos, como a<a href=\"https:\/\/www.suno.com.br\/noticias\/sergio-moro-mercado-demissao\/\"> demiss\u00e3o do ministro S\u00e9rgio Moro<\/a> e a m\u00e1 rela\u00e7\u00e3o com o Congresso e governadores por parte do governo federal, faz com que o mercado aumente a avers\u00e3o ao risco.<\/p>\n<p>&#8220;A alta tamb\u00e9m se d\u00e1, fato, por tudo que tem acontecido, tantas crise internas, discuss\u00f5es entre os tr\u00eas poderes&#8221;, disse Mauriciano Cavalcante, da Ourominas.<\/p>\n<p>&#8220;Esse novo patamar do <strong>d\u00f3lar<\/strong> reflete muito isso, junto com a piora do ambiente&#8221;, completou Francisca, da TAG.<\/p>\n\n","protected":false},"excerpt":{"rendered":"<p>A cota\u00e7\u00e3o do d\u00f3lar ante o real, que vem batendo recordes nominais recentes, deve se manter pr\u00f3ximo dos R$ 6 no curto e m\u00e9dio prazo e esse patamar dever\u00e1 ser o novo normal, segundo especialistas ouvidos pelo SUNO Not\u00edcias. D\u00f3lar encerra em queda de 0,152%, cotado em R$ 5,5739 &#8220;A tend\u00eancia, na nossa opini\u00e3o, \u00e9 [&hellip;]<\/p>\n","protected":false},"author":27,"featured_media":57844,"comment_status":"closed","ping_status":"closed","sticky":false,"template":"","format":"standard","meta":[],"categories":[62],"tags":[2487,5255,326,31998,290],"suno_strategy":[],"class_list":["post-63956","post","type-post","status-publish","format-standard","has-post-thumbnail","hentry","category-economia","tag-coronavirus","tag-covid-19","tag-dolar","tag-real","tag-taxa-selic"],"yoast_head":"<!-- This site is optimized with the Yoast SEO plugin v24.4 - https:\/\/yoast.com\/wordpress\/plugins\/seo\/ -->\n<title>D\u00f3lar pr\u00f3ximo R$ 6 \u00e9 novo normal, dizem especialistas<\/title>\n<meta name=\"description\" content=\"A cota\u00e7\u00e3o do d\u00f3lar deve ficar pr\u00f3xima dos R$ 6, dado uma conjun\u00e7\u00e3o de problema pol\u00edtico, coronav\u00edrus e Selic baixa. Clique para ler mais.\" \/>\n<meta name=\"robots\" content=\"index, follow, max-snippet:-1, max-image-preview:large, max-video-preview:-1\" \/>\n<link rel=\"canonical\" href=\"https:\/\/www.suno.com.br\/noticias\/dolar-6-normal\/\" \/>\n<meta property=\"og:locale\" content=\"pt_BR\" \/>\n<meta property=\"og:type\" content=\"article\" \/>\n<meta property=\"og:title\" content=\"D\u00f3lar pr\u00f3ximo R$ 6 \u00e9 novo normal, dizem especialistas\" \/>\n<meta property=\"og:description\" content=\"A cota\u00e7\u00e3o do d\u00f3lar deve ficar pr\u00f3xima dos R$ 6, dado uma conjun\u00e7\u00e3o de problema pol\u00edtico, coronav\u00edrus e Selic baixa. Clique para ler mais.\" \/>\n<meta property=\"og:url\" content=\"https:\/\/www.suno.com.br\/noticias\/dolar-6-normal\/\" \/>\n<meta property=\"og:site_name\" content=\"Suno Not\u00edcias\" \/>\n<meta property=\"article:publisher\" content=\"https:\/\/facebook.com\/sunoresearch\" \/>\n<meta property=\"og:image\" content=\"https:\/\/files.sunoresearch.com.br\/n\/uploads\/2020\/03\/a8faecee-42e7ccb3-d\u00f3lar.jpg\" \/>\n\t<meta property=\"og:image:width\" content=\"1140\" \/>\n\t<meta property=\"og:image:height\" content=\"760\" \/>\n\t<meta property=\"og:image:type\" content=\"image\/jpeg\" \/>\n<meta name=\"author\" content=\"Vinicius Pereira\" \/>\n<meta name=\"twitter:card\" content=\"summary_large_image\" \/>\n<meta name=\"twitter:creator\" content=\"@https:\/\/twitter.com\/viniciuspjornal\" \/>\n<meta name=\"twitter:site\" content=\"@sunoresearch\" \/>\n<meta name=\"twitter:label1\" content=\"Escrito por\" \/>\n\t<meta name=\"twitter:data1\" content=\"Vinicius Pereira\" \/>\n\t<meta name=\"twitter:label2\" content=\"Est. tempo de leitura\" \/>\n\t<meta name=\"twitter:data2\" content=\"3 minutos\" \/>\n<script type=\"application\/ld+json\" class=\"yoast-schema-graph\">{\"@context\":\"https:\/\/schema.org\",\"@graph\":[{\"@type\":\"NewsArticle\",\"@id\":\"https:\/\/www.suno.com.br\/noticias\/dolar-6-normal\/#article\",\"isPartOf\":{\"@id\":\"https:\/\/www.suno.com.br\/noticias\/dolar-6-normal\/\"},\"author\":{\"name\":\"Vinicius Pereira\",\"@id\":\"https:\/\/www.suno.com.br\/noticias\/#\/schema\/person\/a20761b96e4df7eb57f1f9e41be1dbf3\"},\"headline\":\"D\u00f3lar pr\u00f3ximo dos R$ 6 \u00e9 novo normal, dizem especialistas\",\"datePublished\":\"2020-05-07T21:29:04+00:00\",\"dateModified\":\"2021-02-18T20:23:39+00:00\",\"mainEntityOfPage\":{\"@id\":\"https:\/\/www.suno.com.br\/noticias\/dolar-6-normal\/\"},\"wordCount\":514,\"publisher\":{\"@id\":\"https:\/\/www.suno.com.br\/noticias\/#organization\"},\"image\":{\"@id\":\"https:\/\/www.suno.com.br\/noticias\/dolar-6-normal\/#primaryimage\"},\"thumbnailUrl\":\"https:\/\/files.sunoresearch.com.br\/n\/uploads\/2020\/03\/a8faecee-42e7ccb3-d\u00f3lar-jpg.webp\",\"keywords\":[\"coronav\u00edrus\",\"covid-19\",\"d\u00f3lar\",\"real\",\"Taxa Selic\"],\"articleSection\":[\"Economia\"],\"inLanguage\":\"pt-BR\"},{\"@type\":\"WebPage\",\"@id\":\"https:\/\/www.suno.com.br\/noticias\/dolar-6-normal\/\",\"url\":\"https:\/\/www.suno.com.br\/noticias\/dolar-6-normal\/\",\"name\":\"D\u00f3lar pr\u00f3ximo R$ 6 \u00e9 novo normal, dizem especialistas\",\"isPartOf\":{\"@id\":\"https:\/\/www.suno.com.br\/noticias\/#website\"},\"primaryImageOfPage\":{\"@id\":\"https:\/\/www.suno.com.br\/noticias\/dolar-6-normal\/#primaryimage\"},\"image\":{\"@id\":\"https:\/\/www.suno.com.br\/noticias\/dolar-6-normal\/#primaryimage\"},\"thumbnailUrl\":\"https:\/\/files.sunoresearch.com.br\/n\/uploads\/2020\/03\/a8faecee-42e7ccb3-d\u00f3lar-jpg.webp\",\"datePublished\":\"2020-05-07T21:29:04+00:00\",\"dateModified\":\"2021-02-18T20:23:39+00:00\",\"description\":\"A cota\u00e7\u00e3o do d\u00f3lar deve ficar pr\u00f3xima dos R$ 6, dado uma conjun\u00e7\u00e3o de problema pol\u00edtico, coronav\u00edrus e Selic baixa. Clique para ler mais.\",\"breadcrumb\":{\"@id\":\"https:\/\/www.suno.com.br\/noticias\/dolar-6-normal\/#breadcrumb\"},\"inLanguage\":\"pt-BR\",\"potentialAction\":[{\"@type\":\"ReadAction\",\"target\":[\"https:\/\/www.suno.com.br\/noticias\/dolar-6-normal\/\"]}]},{\"@type\":\"ImageObject\",\"inLanguage\":\"pt-BR\",\"@id\":\"https:\/\/www.suno.com.br\/noticias\/dolar-6-normal\/#primaryimage\",\"url\":\"https:\/\/files.sunoresearch.com.br\/n\/uploads\/2020\/03\/a8faecee-42e7ccb3-d\u00f3lar-jpg.webp\",\"contentUrl\":\"https:\/\/files.sunoresearch.com.br\/n\/uploads\/2020\/03\/a8faecee-42e7ccb3-d\u00f3lar-jpg.webp\",\"width\":1140,\"height\":760,\"caption\":\"D\u00f3lar encerra em queda de 0,152%, cotado em R$ 5,5739\"},{\"@type\":\"BreadcrumbList\",\"@id\":\"https:\/\/www.suno.com.br\/noticias\/dolar-6-normal\/#breadcrumb\",\"itemListElement\":[{\"@type\":\"ListItem\",\"position\":1,\"name\":\"Not\u00edcias\",\"item\":\"https:\/\/www.suno.com.br\/noticias\/\"},{\"@type\":\"ListItem\",\"position\":2,\"name\":\"Economia\",\"item\":\"https:\/\/www.suno.com.br\/noticias\/economia\/\"},{\"@type\":\"ListItem\",\"position\":3,\"name\":\"D\u00f3lar pr\u00f3ximo dos R$ 6 \u00e9 novo normal, dizem especialistas\"}]},{\"@type\":\"WebSite\",\"@id\":\"https:\/\/www.suno.com.br\/noticias\/#website\",\"url\":\"https:\/\/www.suno.com.br\/noticias\/\",\"name\":\"Suno Not\u00edcias\",\"description\":\"Seu portal de informa\u00e7\u00e3o sobre o mundo dos investimentos\",\"publisher\":{\"@id\":\"https:\/\/www.suno.com.br\/noticias\/#organization\"},\"potentialAction\":[{\"@type\":\"SearchAction\",\"target\":{\"@type\":\"EntryPoint\",\"urlTemplate\":\"https:\/\/www.suno.com.br\/noticias\/?s={search_term_string}\"},\"query-input\":{\"@type\":\"PropertyValueSpecification\",\"valueRequired\":true,\"valueName\":\"search_term_string\"}}],\"inLanguage\":\"pt-BR\"},{\"@type\":\"Organization\",\"@id\":\"https:\/\/www.suno.com.br\/noticias\/#organization\",\"name\":\"Suno Not\u00edcias\",\"url\":\"https:\/\/www.suno.com.br\/noticias\/\",\"logo\":{\"@type\":\"ImageObject\",\"inLanguage\":\"pt-BR\",\"@id\":\"https:\/\/www.suno.com.br\/noticias\/#\/schema\/logo\/image\/\",\"url\":\"https:\/\/files.sunoresearch.com.br\/n\/uploads\/2021\/09\/suno-logo.png\",\"contentUrl\":\"https:\/\/files.sunoresearch.com.br\/n\/uploads\/2021\/09\/suno-logo.png\",\"width\":180,\"height\":180,\"caption\":\"Suno Not\u00edcias\"},\"image\":{\"@id\":\"https:\/\/www.suno.com.br\/noticias\/#\/schema\/logo\/image\/\"},\"sameAs\":[\"https:\/\/facebook.com\/sunoresearch\",\"https:\/\/x.com\/sunoresearch\",\"https:\/\/www.instagram.com\/suno\",\"https:\/\/www.linkedin.com\/company\/suno-research\/\",\"https:\/\/www.youtube.com\/c\/sunoresearch\"]},{\"@type\":\"Person\",\"@id\":\"https:\/\/www.suno.com.br\/noticias\/#\/schema\/person\/a20761b96e4df7eb57f1f9e41be1dbf3\",\"name\":\"Vinicius Pereira\",\"image\":{\"@type\":\"ImageObject\",\"inLanguage\":\"pt-BR\",\"@id\":\"https:\/\/www.suno.com.br\/noticias\/#\/schema\/person\/image\/\",\"url\":\"https:\/\/secure.gravatar.com\/avatar\/783866b933198f5cc4c5d03fcc8b1301?s=96&r=g\",\"contentUrl\":\"https:\/\/secure.gravatar.com\/avatar\/783866b933198f5cc4c5d03fcc8b1301?s=96&r=g\",\"caption\":\"Vinicius Pereira\"},\"description\":\"Vinicius Pereira foi rep\u00f3rter de economia da Folha de S.Paulo, stringer do jornal no Canad\u00e1 e colaborador de VEJA. J\u00e1 escreveu tamb\u00e9m para BBC Brasil, The Intercept Brasil e UOL. Tem MBA em Informa\u00e7\u00f5es Econ\u00f4mico-Financeiras e Mercado de Capitais pela FIA\/B3.\",\"sameAs\":[\"https:\/\/x.com\/https:\/\/twitter.com\/viniciuspjornal\"],\"url\":\"https:\/\/www.suno.com.br\/noticias\/author\/vinicius-pereira\/\"}]}<\/script>\n<!-- \/ Yoast SEO plugin. -->","yoast_head_json":{"title":"D\u00f3lar pr\u00f3ximo R$ 6 \u00e9 novo normal, dizem especialistas","description":"A cota\u00e7\u00e3o do d\u00f3lar deve ficar pr\u00f3xima dos R$ 6, dado uma conjun\u00e7\u00e3o de problema pol\u00edtico, coronav\u00edrus e Selic baixa. Clique para ler mais.","robots":{"index":"index","follow":"follow","max-snippet":"max-snippet:-1","max-image-preview":"max-image-preview:large","max-video-preview":"max-video-preview:-1"},"canonical":"https:\/\/www.suno.com.br\/noticias\/dolar-6-normal\/","og_locale":"pt_BR","og_type":"article","og_title":"D\u00f3lar pr\u00f3ximo R$ 6 \u00e9 novo normal, dizem especialistas","og_description":"A cota\u00e7\u00e3o do d\u00f3lar deve ficar pr\u00f3xima dos R$ 6, dado uma conjun\u00e7\u00e3o de problema pol\u00edtico, coronav\u00edrus e Selic baixa. Clique para ler mais.","og_url":"https:\/\/www.suno.com.br\/noticias\/dolar-6-normal\/","og_site_name":"Suno Not\u00edcias","article_publisher":"https:\/\/facebook.com\/sunoresearch","og_image":[{"width":1140,"height":760,"url":"https:\/\/files.sunoresearch.com.br\/n\/uploads\/2020\/03\/a8faecee-42e7ccb3-d\u00f3lar.jpg","type":"image\/jpeg"}],"author":"Vinicius Pereira","twitter_card":"summary_large_image","twitter_creator":"@https:\/\/twitter.com\/viniciuspjornal","twitter_site":"@sunoresearch","twitter_misc":{"Escrito por":"Vinicius Pereira","Est. tempo de leitura":"3 minutos"},"schema":{"@context":"https:\/\/schema.org","@graph":[{"@type":"NewsArticle","@id":"https:\/\/www.suno.com.br\/noticias\/dolar-6-normal\/#article","isPartOf":{"@id":"https:\/\/www.suno.com.br\/noticias\/dolar-6-normal\/"},"author":{"name":"Vinicius Pereira","@id":"https:\/\/www.suno.com.br\/noticias\/#\/schema\/person\/a20761b96e4df7eb57f1f9e41be1dbf3"},"headline":"D\u00f3lar pr\u00f3ximo dos R$ 6 \u00e9 novo normal, dizem especialistas","datePublished":"2020-05-07T21:29:04+00:00","dateModified":"2021-02-18T20:23:39+00:00","mainEntityOfPage":{"@id":"https:\/\/www.suno.com.br\/noticias\/dolar-6-normal\/"},"wordCount":514,"publisher":{"@id":"https:\/\/www.suno.com.br\/noticias\/#organization"},"image":{"@id":"https:\/\/www.suno.com.br\/noticias\/dolar-6-normal\/#primaryimage"},"thumbnailUrl":"https:\/\/files.sunoresearch.com.br\/n\/uploads\/2020\/03\/a8faecee-42e7ccb3-d\u00f3lar-jpg.webp","keywords":["coronav\u00edrus","covid-19","d\u00f3lar","real","Taxa Selic"],"articleSection":["Economia"],"inLanguage":"pt-BR"},{"@type":"WebPage","@id":"https:\/\/www.suno.com.br\/noticias\/dolar-6-normal\/","url":"https:\/\/www.suno.com.br\/noticias\/dolar-6-normal\/","name":"D\u00f3lar pr\u00f3ximo R$ 6 \u00e9 novo normal, dizem especialistas","isPartOf":{"@id":"https:\/\/www.suno.com.br\/noticias\/#website"},"primaryImageOfPage":{"@id":"https:\/\/www.suno.com.br\/noticias\/dolar-6-normal\/#primaryimage"},"image":{"@id":"https:\/\/www.suno.com.br\/noticias\/dolar-6-normal\/#primaryimage"},"thumbnailUrl":"https:\/\/files.sunoresearch.com.br\/n\/uploads\/2020\/03\/a8faecee-42e7ccb3-d\u00f3lar-jpg.webp","datePublished":"2020-05-07T21:29:04+00:00","dateModified":"2021-02-18T20:23:39+00:00","description":"A cota\u00e7\u00e3o do d\u00f3lar deve ficar pr\u00f3xima dos R$ 6, dado uma conjun\u00e7\u00e3o de problema pol\u00edtico, coronav\u00edrus e Selic baixa. Clique para ler mais.","breadcrumb":{"@id":"https:\/\/www.suno.com.br\/noticias\/dolar-6-normal\/#breadcrumb"},"inLanguage":"pt-BR","potentialAction":[{"@type":"ReadAction","target":["https:\/\/www.suno.com.br\/noticias\/dolar-6-normal\/"]}]},{"@type":"ImageObject","inLanguage":"pt-BR","@id":"https:\/\/www.suno.com.br\/noticias\/dolar-6-normal\/#primaryimage","url":"https:\/\/files.sunoresearch.com.br\/n\/uploads\/2020\/03\/a8faecee-42e7ccb3-d\u00f3lar-jpg.webp","contentUrl":"https:\/\/files.sunoresearch.com.br\/n\/uploads\/2020\/03\/a8faecee-42e7ccb3-d\u00f3lar-jpg.webp","width":1140,"height":760,"caption":"D\u00f3lar encerra em queda de 0,152%, cotado em R$ 5,5739"},{"@type":"BreadcrumbList","@id":"https:\/\/www.suno.com.br\/noticias\/dolar-6-normal\/#breadcrumb","itemListElement":[{"@type":"ListItem","position":1,"name":"Not\u00edcias","item":"https:\/\/www.suno.com.br\/noticias\/"},{"@type":"ListItem","position":2,"name":"Economia","item":"https:\/\/www.suno.com.br\/noticias\/economia\/"},{"@type":"ListItem","position":3,"name":"D\u00f3lar pr\u00f3ximo dos R$ 6 \u00e9 novo normal, dizem especialistas"}]},{"@type":"WebSite","@id":"https:\/\/www.suno.com.br\/noticias\/#website","url":"https:\/\/www.suno.com.br\/noticias\/","name":"Suno Not\u00edcias","description":"Seu portal de informa\u00e7\u00e3o sobre o mundo dos investimentos","publisher":{"@id":"https:\/\/www.suno.com.br\/noticias\/#organization"},"potentialAction":[{"@type":"SearchAction","target":{"@type":"EntryPoint","urlTemplate":"https:\/\/www.suno.com.br\/noticias\/?s={search_term_string}"},"query-input":{"@type":"PropertyValueSpecification","valueRequired":true,"valueName":"search_term_string"}}],"inLanguage":"pt-BR"},{"@type":"Organization","@id":"https:\/\/www.suno.com.br\/noticias\/#organization","name":"Suno Not\u00edcias","url":"https:\/\/www.suno.com.br\/noticias\/","logo":{"@type":"ImageObject","inLanguage":"pt-BR","@id":"https:\/\/www.suno.com.br\/noticias\/#\/schema\/logo\/image\/","url":"https:\/\/files.sunoresearch.com.br\/n\/uploads\/2021\/09\/suno-logo.png","contentUrl":"https:\/\/files.sunoresearch.com.br\/n\/uploads\/2021\/09\/suno-logo.png","width":180,"height":180,"caption":"Suno Not\u00edcias"},"image":{"@id":"https:\/\/www.suno.com.br\/noticias\/#\/schema\/logo\/image\/"},"sameAs":["https:\/\/facebook.com\/sunoresearch","https:\/\/x.com\/sunoresearch","https:\/\/www.instagram.com\/suno","https:\/\/www.linkedin.com\/company\/suno-research\/","https:\/\/www.youtube.com\/c\/sunoresearch"]},{"@type":"Person","@id":"https:\/\/www.suno.com.br\/noticias\/#\/schema\/person\/a20761b96e4df7eb57f1f9e41be1dbf3","name":"Vinicius Pereira","image":{"@type":"ImageObject","inLanguage":"pt-BR","@id":"https:\/\/www.suno.com.br\/noticias\/#\/schema\/person\/image\/","url":"https:\/\/secure.gravatar.com\/avatar\/783866b933198f5cc4c5d03fcc8b1301?s=96&r=g","contentUrl":"https:\/\/secure.gravatar.com\/avatar\/783866b933198f5cc4c5d03fcc8b1301?s=96&r=g","caption":"Vinicius Pereira"},"description":"Vinicius Pereira foi rep\u00f3rter de economia da Folha de S.Paulo, stringer do jornal no Canad\u00e1 e colaborador de VEJA. J\u00e1 escreveu tamb\u00e9m para BBC Brasil, The Intercept Brasil e UOL. Tem MBA em Informa\u00e7\u00f5es Econ\u00f4mico-Financeiras e Mercado de Capitais pela FIA\/B3.","sameAs":["https:\/\/x.com\/https:\/\/twitter.com\/viniciuspjornal"],"url":"https:\/\/www.suno.com.br\/noticias\/author\/vinicius-pereira\/"}]}},"default_loop_html":"<div class=\"cardsPage__listCard__boxs\"><div class=\"cardsPage__listCard__boxs__img\"><a href=\"https:\/\/www.suno.com.br\/noticias\/dolar-6-normal\/\"><img class=\"mask\" src=\"https:\/\/www.suno.com.br\/noticias\/wp-content\/themes\/suno\/resources\/images\/spotlight\/spotlight1img\/bg-mask.png\" alt=\"Image Mask\"\/><img src=\"https:\/\/files.sunoresearch.com.br\/n\/uploads\/2020\/03\/a8faecee-42e7ccb3-d\u00f3lar-400x200.webp\" alt=\"D\u00f3lar pr\u00f3ximo dos R$ 6 \u00e9 novo normal, dizem especialistas\"\/><\/a><span class=\"spotlightCategory\"><a href=\"https:\/\/www.suno.com.br\/noticias\/economia\/\">Economia<\/a><\/span><\/div><div class=\"cardsPage__listCard__boxs__content\"><a href=\"https:\/\/www.suno.com.br\/noticias\/dolar-6-normal\/\"><h2 class=\"content__title\">D\u00f3lar pr\u00f3ximo dos R$ 6 \u00e9 novo normal, dizem especialistas<\/h2><\/a><div class=\"newsContent__article__meta\"><div class=\"newsContent__article__meta__authorBox\"><a href=\"https:\/\/www.suno.com.br\/noticias\/author\/vinicius-pereira\/\" class=\"authorBox__avatar noMobi\"><img src=\"https:\/\/files.sunoresearch.com.br\/n\/uploads\/2020\/08\/77510613-whatsapp-image-2020-08-03-at-13.40.40-150x150.webp\" alt=\"Vinicius Pereira\"><\/a><div class=\"authorBox__name\"><span>por\n\t\t\t<a href=\"https:\/\/www.suno.com.br\/noticias\/author\/vinicius-pereira\/\"><span itemprop=\"author\">Vinicius Pereira<\/span><\/a><\/span><time datetime=\"2020-05-07T18:29:04-03:00\" itemprop=\"datePublished\">07\/05\/2020 18:29<\/time><\/div><\/div><\/div><\/div><\/div>","single_layout":"posts","amp_enabled":true,"_links":{"self":[{"href":"https:\/\/www.suno.com.br\/noticias\/wp-json\/wp\/v2\/posts\/63956"}],"collection":[{"href":"https:\/\/www.suno.com.br\/noticias\/wp-json\/wp\/v2\/posts"}],"about":[{"href":"https:\/\/www.suno.com.br\/noticias\/wp-json\/wp\/v2\/types\/post"}],"author":[{"embeddable":true,"href":"https:\/\/www.suno.com.br\/noticias\/wp-json\/wp\/v2\/users\/27"}],"replies":[{"embeddable":true,"href":"https:\/\/www.suno.com.br\/noticias\/wp-json\/wp\/v2\/comments?post=63956"}],"version-history":[{"count":0,"href":"https:\/\/www.suno.com.br\/noticias\/wp-json\/wp\/v2\/posts\/63956\/revisions"}],"wp:featuredmedia":[{"embeddable":true,"href":"https:\/\/www.suno.com.br\/noticias\/wp-json\/wp\/v2\/media\/57844"}],"wp:attachment":[{"href":"https:\/\/www.suno.com.br\/noticias\/wp-json\/wp\/v2\/media?parent=63956"}],"wp:term":[{"taxonomy":"category","embeddable":true,"href":"https:\/\/www.suno.com.br\/noticias\/wp-json\/wp\/v2\/categories?post=63956"},{"taxonomy":"post_tag","embeddable":true,"href":"https:\/\/www.suno.com.br\/noticias\/wp-json\/wp\/v2\/tags?post=63956"},{"taxonomy":"suno_strategy","embeddable":true,"href":"https:\/\/www.suno.com.br\/noticias\/wp-json\/wp\/v2\/suno_strategy?post=63956"}],"curies":[{"name":"wp","href":"https:\/\/api.w.org\/{rel}","templated":true}]}}