{"id":639462,"date":"2026-01-22T17:55:16","date_gmt":"2026-01-22T20:55:16","guid":{"rendered":"https:\/\/www.suno.com.br\/noticias\/embraer-embj3-safra-eleva-preco-alvo-acoes-disparam-go\/"},"modified":"2026-01-22T17:55:16","modified_gmt":"2026-01-22T20:55:16","slug":"embraer-embj3-safra-eleva-preco-alvo-acoes-disparam-go","status":"publish","type":"post","link":"https:\/\/www.suno.com.br\/noticias\/embraer-embj3-safra-eleva-preco-alvo-acoes-disparam-go\/","title":{"rendered":"Embraer (EMBJ3): Safra eleva pre\u00e7o-alvo e a\u00e7\u00f5es disparam mais de 3%; veja detalhes"},"content":{"rendered":"<p>O Banco Safra revisou sua vis\u00e3o sobre a <strong>Embraer (EMBJ3) <\/strong>ao avaliar que a companhia entrou em uma fase mais madura do seu <a class=\"suno-keyword\" target=\"_blank\" data-force=\"no\" data-priority=\"1\" href=\"https:\/\/www.suno.com.br\/artigos\/ciclo-operacional\/\" rel=\"noopener\">ciclo operacional<\/a>, com maior previsibilidade de resultados. Com isso, o banco elevou o pre\u00e7o-alvo para os ADRs da companhia, negociados nos Estados Unidos, de US$ 70 para US$ 92 ao fim de 2026. <\/p>\t<div class=\"wrapper-featured-image\">\n\t\t<figure class=\"spotlightImg\">\n\n\t\t\t<picture>\n\t\t\t\t<source media=\"(max-width: 768px)\" srcset=\"https:\/\/files.sunoresearch.com.br\/n\/uploads\/2026\/01\/embraer-embr3-1-1-400x200.webp\">\n\t\t\t\t<img loading=\"lazy\" decoding=\"async\" class=\"newsContent__article__imgCapa lazyloadDisabled \" src=\"https:\/\/files.sunoresearch.com.br\/n\/uploads\/2026\/01\/embraer-embr3-1-1-800x450.webp\" width=\"800\" height=\"450\" alt=\"Embraer (EMBJ3): Safra eleva pre\u00e7o-alvo e a\u00e7\u00f5es disparam mais de 3%; veja detalhes\" fetchpriority=high \/>\n\t\t\t<\/picture>\n\n\t\t\t<figcaption class=\"wp-caption-text wp-caption-text--show\">Embraer (EMBJ3). Foto: Divulga\u00e7\u00e3o<\/figcaption>\n\t\t<\/figure>\n\t<\/div>\n\n\n\n\n\n\n<p>No novo relat\u00f3rio divulgado nesta quinta-feira (22), o Safra manteve a recomenda\u00e7\u00e3o de compra para os pap\u00e9is da <strong>Embraer<\/strong>, mas revisou as proje\u00e7\u00f5es para os pap\u00e9is da companhia. <\/p>\n\n\n\n<p>A revis\u00e3o do valuation reflete a atualiza\u00e7\u00e3o das estimativas financeiras, a incorpora\u00e7\u00e3o dos resultados mais recentes e um cen\u00e1rio macroecon\u00f4mico mais favor\u00e1vel no modelo. O Safra tamb\u00e9m reduziu o <a class=\"suno-keyword\" target=\"_blank\" data-force=\"no\" data-priority=\"1\" href=\"https:\/\/www.suno.com.br\/artigos\/custo-de-capital\/\" rel=\"noopener\">custo de capital<\/a> pr\u00f3prio (Ke) em d\u00f3lar de 12,80% para 11,72%, fator que contribuiu diretamente para a eleva\u00e7\u00e3o do pre\u00e7o-alvo.<\/p>\n\n\n\n<p>Com a revis\u00e3o positiva, as <strong>a\u00e7\u00f5es da Embraer<\/strong> est\u00e3o operando em forte alta nesta tarde. Por volta das 17h30, os pap\u00e9is disparam 4,03%, a R$ 103,30.<\/p>\n\n\n\n<h2 class=\"wp-block-heading\">Forte demanda e melhora de margens sustenta tese da Embraer (EMBJ3)<\/h2>\n\n\n\n<p>Na avalia\u00e7\u00e3o do banco, o principal suporte da tese est\u00e1 na carteira de pedidos, que cresceu 38% em base anual em 2025 e ficou 87% acima do n\u00edvel de 2019, ampliando a visibilidade de receitas para os pr\u00f3ximos anos.<\/p>\n\n\n\n<p>Na Avia\u00e7\u00e3o Comercial, a leitura \u00e9 de demanda consistente. O Safra avalia que o avan\u00e7o do programa E2 tende a melhorar o mix de entregas ao longo do tempo, com impacto positivo sobre a rentabilidade conforme o programa amadurece.<\/p>\n\n\n\n<p>No segmento Executivo, o backlog j\u00e1 se estende at\u00e9 2029, deslocando o foco da divis\u00e3o para a execu\u00e7\u00e3o e a amplia\u00e7\u00e3o de <a class=\"suno-keyword\" target=\"_blank\" data-force=\"no\" data-priority=\"1\" href=\"https:\/\/www.suno.com.br\/artigos\/capacidade-produtiva\/\" rel=\"noopener\">capacidade produtiva<\/a>. Para o banco, esse cen\u00e1rio sustenta crescimento com menor risco.<\/p>\n\n\n\n<p>A \u00e1rea de Defesa completa a tese. O Safra v\u00ea o segmento como benefici\u00e1rio direto do aumento das tens\u00f5es geopol\u00edticas e da expans\u00e3o dos or\u00e7amentos militares globais, com destaque para o avan\u00e7o do KC-390 e o crescimento das entregas fora da For\u00e7a A\u00e9rea Brasileira.<\/p>\n\n\n\n<p>Com esse pano de fundo, o banco projeta crescimento m\u00e9dio anual de 8,8% na receita da <strong>Embraer (EMBJ3)<\/strong>, que deve atingir US$ 7,97 bilh\u00f5es em 2026, enquanto a margem Ebit \u00e9 estimada em 8,9%. Apesar das tarifas impostas pelos Estados Unidos pressionarem os custos, o Safra avalia que o maior volume de entregas tende a compensar parte desse impacto.<\/p>\n","protected":false},"excerpt":{"rendered":"<p>O Banco Safra revisou sua vis\u00e3o sobre a Embraer (EMBJ3) ao avaliar que a companhia entrou em uma fase mais madura do seu ciclo operacional, com maior previsibilidade de resultados. Com isso, o banco elevou o pre\u00e7o-alvo para os ADRs da companhia, negociados nos Estados Unidos, de US$ 70 para US$ 92 ao fim de &hellip; Continued<\/p>\n","protected":false},"author":404,"featured_media":639463,"comment_status":"closed","ping_status":"closed","sticky":false,"template":"","format":"standard","meta":[],"categories":[64],"tags":[],"suno_strategy":[],"class_list":["post-639462","post","type-post","status-publish","format-standard","has-post-thumbnail","hentry","category-negocios"],"yoast_head":"<!-- This site is optimized with the Yoast SEO plugin v24.4 - https:\/\/yoast.com\/wordpress\/plugins\/seo\/ -->\n<title>Embraer (EMBJ3): Safra eleva pre\u00e7o-alvo e a\u00e7\u00f5es disparam<\/title>\n<meta name=\"description\" content=\"O Safra revisou sua vis\u00e3o sobre a Embraer (EMBJ3) ao avaliar que a companhia entrou em uma fase madura do seu ciclo operacional. Leia mais.\" \/>\n<meta name=\"robots\" content=\"index, follow, max-snippet:-1, max-image-preview:large, max-video-preview:-1\" \/>\n<link rel=\"canonical\" href=\"https:\/\/www.suno.com.br\/noticias\/embraer-embj3-safra-eleva-preco-alvo-acoes-disparam-go\/\" \/>\n<meta property=\"og:locale\" content=\"pt_BR\" \/>\n<meta property=\"og:type\" content=\"article\" \/>\n<meta property=\"og:title\" content=\"Embraer (EMBJ3): Safra eleva pre\u00e7o-alvo e a\u00e7\u00f5es disparam\" \/>\n<meta property=\"og:description\" content=\"O Safra revisou sua vis\u00e3o sobre a Embraer (EMBJ3) ao avaliar que a companhia entrou em uma fase madura do seu ciclo operacional. Leia mais.\" \/>\n<meta property=\"og:url\" content=\"https:\/\/www.suno.com.br\/noticias\/embraer-embj3-safra-eleva-preco-alvo-acoes-disparam-go\/\" \/>\n<meta property=\"og:site_name\" content=\"Suno Not\u00edcias\" \/>\n<meta property=\"article:publisher\" content=\"https:\/\/facebook.com\/sunoresearch\" \/>\n<meta property=\"og:image\" content=\"http:\/\/files.sunoresearch.com.br\/n\/uploads\/2026\/01\/embraer-embr3-1-1-jpg.webp\" \/>\n\t<meta property=\"og:image:width\" content=\"1200\" \/>\n\t<meta property=\"og:image:height\" content=\"800\" \/>\n\t<meta property=\"og:image:type\" content=\"image\/jpeg\" \/>\n<meta name=\"author\" content=\"Giovanna Oliveira\" \/>\n<meta name=\"twitter:card\" content=\"summary_large_image\" \/>\n<meta name=\"twitter:creator\" content=\"@sunoresearch\" \/>\n<meta name=\"twitter:site\" content=\"@sunoresearch\" \/>\n<meta name=\"twitter:label1\" content=\"Escrito por\" \/>\n\t<meta name=\"twitter:data1\" content=\"Giovanna Oliveira\" \/>\n\t<meta name=\"twitter:label2\" content=\"Est. tempo de leitura\" \/>\n\t<meta name=\"twitter:data2\" content=\"2 minutos\" \/>\n<script type=\"application\/ld+json\" class=\"yoast-schema-graph\">{\"@context\":\"https:\/\/schema.org\",\"@graph\":[{\"@type\":\"NewsArticle\",\"@id\":\"https:\/\/www.suno.com.br\/noticias\/embraer-embj3-safra-eleva-preco-alvo-acoes-disparam-go\/#article\",\"isPartOf\":{\"@id\":\"https:\/\/www.suno.com.br\/noticias\/embraer-embj3-safra-eleva-preco-alvo-acoes-disparam-go\/\"},\"author\":{\"name\":\"Giovanna Oliveira\",\"@id\":\"https:\/\/www.suno.com.br\/noticias\/#\/schema\/person\/506bb13f624e6983050ae5bf648c7a54\"},\"headline\":\"Embraer (EMBJ3): Safra eleva pre\u00e7o-alvo e a\u00e7\u00f5es disparam mais de 3%; veja detalhes\",\"datePublished\":\"2026-01-22T20:55:16+00:00\",\"mainEntityOfPage\":{\"@id\":\"https:\/\/www.suno.com.br\/noticias\/embraer-embj3-safra-eleva-preco-alvo-acoes-disparam-go\/\"},\"wordCount\":421,\"publisher\":{\"@id\":\"https:\/\/www.suno.com.br\/noticias\/#organization\"},\"image\":{\"@id\":\"https:\/\/www.suno.com.br\/noticias\/embraer-embj3-safra-eleva-preco-alvo-acoes-disparam-go\/#primaryimage\"},\"thumbnailUrl\":\"https:\/\/files.sunoresearch.com.br\/n\/uploads\/2026\/01\/embraer-embr3-1-1-jpg.webp\",\"articleSection\":[\"Neg\u00f3cios\"],\"inLanguage\":\"pt-BR\"},{\"@type\":\"WebPage\",\"@id\":\"https:\/\/www.suno.com.br\/noticias\/embraer-embj3-safra-eleva-preco-alvo-acoes-disparam-go\/\",\"url\":\"https:\/\/www.suno.com.br\/noticias\/embraer-embj3-safra-eleva-preco-alvo-acoes-disparam-go\/\",\"name\":\"Embraer (EMBJ3): Safra eleva pre\u00e7o-alvo e a\u00e7\u00f5es disparam\",\"isPartOf\":{\"@id\":\"https:\/\/www.suno.com.br\/noticias\/#website\"},\"primaryImageOfPage\":{\"@id\":\"https:\/\/www.suno.com.br\/noticias\/embraer-embj3-safra-eleva-preco-alvo-acoes-disparam-go\/#primaryimage\"},\"image\":{\"@id\":\"https:\/\/www.suno.com.br\/noticias\/embraer-embj3-safra-eleva-preco-alvo-acoes-disparam-go\/#primaryimage\"},\"thumbnailUrl\":\"https:\/\/files.sunoresearch.com.br\/n\/uploads\/2026\/01\/embraer-embr3-1-1-jpg.webp\",\"datePublished\":\"2026-01-22T20:55:16+00:00\",\"description\":\"O Safra revisou sua vis\u00e3o sobre a Embraer (EMBJ3) ao avaliar que a companhia entrou em uma fase madura do seu ciclo operacional. Leia mais.\",\"breadcrumb\":{\"@id\":\"https:\/\/www.suno.com.br\/noticias\/embraer-embj3-safra-eleva-preco-alvo-acoes-disparam-go\/#breadcrumb\"},\"inLanguage\":\"pt-BR\",\"potentialAction\":[{\"@type\":\"ReadAction\",\"target\":[\"https:\/\/www.suno.com.br\/noticias\/embraer-embj3-safra-eleva-preco-alvo-acoes-disparam-go\/\"]}]},{\"@type\":\"ImageObject\",\"inLanguage\":\"pt-BR\",\"@id\":\"https:\/\/www.suno.com.br\/noticias\/embraer-embj3-safra-eleva-preco-alvo-acoes-disparam-go\/#primaryimage\",\"url\":\"https:\/\/files.sunoresearch.com.br\/n\/uploads\/2026\/01\/embraer-embr3-1-1-jpg.webp\",\"contentUrl\":\"https:\/\/files.sunoresearch.com.br\/n\/uploads\/2026\/01\/embraer-embr3-1-1-jpg.webp\",\"width\":1200,\"height\":800,\"caption\":\"Embraer (EMBJ3). Foto: Divulga\u00e7\u00e3o\"},{\"@type\":\"BreadcrumbList\",\"@id\":\"https:\/\/www.suno.com.br\/noticias\/embraer-embj3-safra-eleva-preco-alvo-acoes-disparam-go\/#breadcrumb\",\"itemListElement\":[{\"@type\":\"ListItem\",\"position\":1,\"name\":\"Not\u00edcias\",\"item\":\"https:\/\/www.suno.com.br\/noticias\/\"},{\"@type\":\"ListItem\",\"position\":2,\"name\":\"Neg\u00f3cios\",\"item\":\"https:\/\/www.suno.com.br\/noticias\/negocios\/\"},{\"@type\":\"ListItem\",\"position\":3,\"name\":\"Embraer (EMBJ3): Safra eleva pre\u00e7o-alvo e a\u00e7\u00f5es disparam mais de 3%; veja detalhes\"}]},{\"@type\":\"WebSite\",\"@id\":\"https:\/\/www.suno.com.br\/noticias\/#website\",\"url\":\"https:\/\/www.suno.com.br\/noticias\/\",\"name\":\"Suno Not\u00edcias\",\"description\":\"Seu portal de informa\u00e7\u00e3o sobre o mundo dos investimentos\",\"publisher\":{\"@id\":\"https:\/\/www.suno.com.br\/noticias\/#organization\"},\"potentialAction\":[{\"@type\":\"SearchAction\",\"target\":{\"@type\":\"EntryPoint\",\"urlTemplate\":\"https:\/\/www.suno.com.br\/noticias\/?s={search_term_string}\"},\"query-input\":{\"@type\":\"PropertyValueSpecification\",\"valueRequired\":true,\"valueName\":\"search_term_string\"}}],\"inLanguage\":\"pt-BR\"},{\"@type\":\"Organization\",\"@id\":\"https:\/\/www.suno.com.br\/noticias\/#organization\",\"name\":\"Suno Not\u00edcias\",\"url\":\"https:\/\/www.suno.com.br\/noticias\/\",\"logo\":{\"@type\":\"ImageObject\",\"inLanguage\":\"pt-BR\",\"@id\":\"https:\/\/www.suno.com.br\/noticias\/#\/schema\/logo\/image\/\",\"url\":\"https:\/\/files.sunoresearch.com.br\/n\/uploads\/2021\/09\/suno-logo.png\",\"contentUrl\":\"https:\/\/files.sunoresearch.com.br\/n\/uploads\/2021\/09\/suno-logo.png\",\"width\":180,\"height\":180,\"caption\":\"Suno Not\u00edcias\"},\"image\":{\"@id\":\"https:\/\/www.suno.com.br\/noticias\/#\/schema\/logo\/image\/\"},\"sameAs\":[\"https:\/\/facebook.com\/sunoresearch\",\"https:\/\/x.com\/sunoresearch\",\"https:\/\/www.instagram.com\/suno\",\"https:\/\/www.linkedin.com\/company\/suno-research\/\",\"https:\/\/www.youtube.com\/c\/sunoresearch\"]},{\"@type\":\"Person\",\"@id\":\"https:\/\/www.suno.com.br\/noticias\/#\/schema\/person\/506bb13f624e6983050ae5bf648c7a54\",\"name\":\"Giovanna Oliveira\",\"image\":{\"@type\":\"ImageObject\",\"inLanguage\":\"pt-BR\",\"@id\":\"https:\/\/www.suno.com.br\/noticias\/#\/schema\/person\/image\/\",\"url\":\"https:\/\/secure.gravatar.com\/avatar\/8d180e5cea232a9bb3af521589b133fa?s=96&r=g\",\"contentUrl\":\"https:\/\/secure.gravatar.com\/avatar\/8d180e5cea232a9bb3af521589b133fa?s=96&r=g\",\"caption\":\"Giovanna Oliveira\"},\"description\":\"Jornalista com mais de sete anos de experi\u00eancia na cobertura de finan\u00e7as e economia. P\u00f3s-graduada em Neg\u00f3cios e Inova\u00e7\u00e3o (ESPM-SP) e mestranda em Finan\u00e7as (UADE Business School\u2013Buenos Aires).\",\"url\":\"https:\/\/www.suno.com.br\/noticias\/author\/giovannalmd-oliveiragmail-com\/\"}]}<\/script>\n<!-- \/ Yoast SEO plugin. -->","yoast_head_json":{"title":"Embraer (EMBJ3): Safra eleva pre\u00e7o-alvo e a\u00e7\u00f5es disparam","description":"O Safra revisou sua vis\u00e3o sobre a Embraer (EMBJ3) ao avaliar que a companhia entrou em uma fase madura do seu ciclo operacional. Leia mais.","robots":{"index":"index","follow":"follow","max-snippet":"max-snippet:-1","max-image-preview":"max-image-preview:large","max-video-preview":"max-video-preview:-1"},"canonical":"https:\/\/www.suno.com.br\/noticias\/embraer-embj3-safra-eleva-preco-alvo-acoes-disparam-go\/","og_locale":"pt_BR","og_type":"article","og_title":"Embraer (EMBJ3): Safra eleva pre\u00e7o-alvo e a\u00e7\u00f5es disparam","og_description":"O Safra revisou sua vis\u00e3o sobre a Embraer (EMBJ3) ao avaliar que a companhia entrou em uma fase madura do seu ciclo operacional. Leia mais.","og_url":"https:\/\/www.suno.com.br\/noticias\/embraer-embj3-safra-eleva-preco-alvo-acoes-disparam-go\/","og_site_name":"Suno Not\u00edcias","article_publisher":"https:\/\/facebook.com\/sunoresearch","og_image":[{"width":1200,"height":800,"url":"http:\/\/files.sunoresearch.com.br\/n\/uploads\/2026\/01\/embraer-embr3-1-1-jpg.webp","type":"image\/jpeg"}],"author":"Giovanna Oliveira","twitter_card":"summary_large_image","twitter_creator":"@sunoresearch","twitter_site":"@sunoresearch","twitter_misc":{"Escrito por":"Giovanna Oliveira","Est. tempo de leitura":"2 minutos"},"schema":{"@context":"https:\/\/schema.org","@graph":[{"@type":"NewsArticle","@id":"https:\/\/www.suno.com.br\/noticias\/embraer-embj3-safra-eleva-preco-alvo-acoes-disparam-go\/#article","isPartOf":{"@id":"https:\/\/www.suno.com.br\/noticias\/embraer-embj3-safra-eleva-preco-alvo-acoes-disparam-go\/"},"author":{"name":"Giovanna Oliveira","@id":"https:\/\/www.suno.com.br\/noticias\/#\/schema\/person\/506bb13f624e6983050ae5bf648c7a54"},"headline":"Embraer (EMBJ3): Safra eleva pre\u00e7o-alvo e a\u00e7\u00f5es disparam mais de 3%; veja detalhes","datePublished":"2026-01-22T20:55:16+00:00","mainEntityOfPage":{"@id":"https:\/\/www.suno.com.br\/noticias\/embraer-embj3-safra-eleva-preco-alvo-acoes-disparam-go\/"},"wordCount":421,"publisher":{"@id":"https:\/\/www.suno.com.br\/noticias\/#organization"},"image":{"@id":"https:\/\/www.suno.com.br\/noticias\/embraer-embj3-safra-eleva-preco-alvo-acoes-disparam-go\/#primaryimage"},"thumbnailUrl":"https:\/\/files.sunoresearch.com.br\/n\/uploads\/2026\/01\/embraer-embr3-1-1-jpg.webp","articleSection":["Neg\u00f3cios"],"inLanguage":"pt-BR"},{"@type":"WebPage","@id":"https:\/\/www.suno.com.br\/noticias\/embraer-embj3-safra-eleva-preco-alvo-acoes-disparam-go\/","url":"https:\/\/www.suno.com.br\/noticias\/embraer-embj3-safra-eleva-preco-alvo-acoes-disparam-go\/","name":"Embraer (EMBJ3): Safra eleva pre\u00e7o-alvo e a\u00e7\u00f5es disparam","isPartOf":{"@id":"https:\/\/www.suno.com.br\/noticias\/#website"},"primaryImageOfPage":{"@id":"https:\/\/www.suno.com.br\/noticias\/embraer-embj3-safra-eleva-preco-alvo-acoes-disparam-go\/#primaryimage"},"image":{"@id":"https:\/\/www.suno.com.br\/noticias\/embraer-embj3-safra-eleva-preco-alvo-acoes-disparam-go\/#primaryimage"},"thumbnailUrl":"https:\/\/files.sunoresearch.com.br\/n\/uploads\/2026\/01\/embraer-embr3-1-1-jpg.webp","datePublished":"2026-01-22T20:55:16+00:00","description":"O Safra revisou sua vis\u00e3o sobre a Embraer (EMBJ3) ao avaliar que a companhia entrou em uma fase madura do seu ciclo operacional. Leia mais.","breadcrumb":{"@id":"https:\/\/www.suno.com.br\/noticias\/embraer-embj3-safra-eleva-preco-alvo-acoes-disparam-go\/#breadcrumb"},"inLanguage":"pt-BR","potentialAction":[{"@type":"ReadAction","target":["https:\/\/www.suno.com.br\/noticias\/embraer-embj3-safra-eleva-preco-alvo-acoes-disparam-go\/"]}]},{"@type":"ImageObject","inLanguage":"pt-BR","@id":"https:\/\/www.suno.com.br\/noticias\/embraer-embj3-safra-eleva-preco-alvo-acoes-disparam-go\/#primaryimage","url":"https:\/\/files.sunoresearch.com.br\/n\/uploads\/2026\/01\/embraer-embr3-1-1-jpg.webp","contentUrl":"https:\/\/files.sunoresearch.com.br\/n\/uploads\/2026\/01\/embraer-embr3-1-1-jpg.webp","width":1200,"height":800,"caption":"Embraer (EMBJ3). Foto: Divulga\u00e7\u00e3o"},{"@type":"BreadcrumbList","@id":"https:\/\/www.suno.com.br\/noticias\/embraer-embj3-safra-eleva-preco-alvo-acoes-disparam-go\/#breadcrumb","itemListElement":[{"@type":"ListItem","position":1,"name":"Not\u00edcias","item":"https:\/\/www.suno.com.br\/noticias\/"},{"@type":"ListItem","position":2,"name":"Neg\u00f3cios","item":"https:\/\/www.suno.com.br\/noticias\/negocios\/"},{"@type":"ListItem","position":3,"name":"Embraer (EMBJ3): Safra eleva pre\u00e7o-alvo e a\u00e7\u00f5es disparam mais de 3%; veja detalhes"}]},{"@type":"WebSite","@id":"https:\/\/www.suno.com.br\/noticias\/#website","url":"https:\/\/www.suno.com.br\/noticias\/","name":"Suno Not\u00edcias","description":"Seu portal de informa\u00e7\u00e3o sobre o mundo dos investimentos","publisher":{"@id":"https:\/\/www.suno.com.br\/noticias\/#organization"},"potentialAction":[{"@type":"SearchAction","target":{"@type":"EntryPoint","urlTemplate":"https:\/\/www.suno.com.br\/noticias\/?s={search_term_string}"},"query-input":{"@type":"PropertyValueSpecification","valueRequired":true,"valueName":"search_term_string"}}],"inLanguage":"pt-BR"},{"@type":"Organization","@id":"https:\/\/www.suno.com.br\/noticias\/#organization","name":"Suno Not\u00edcias","url":"https:\/\/www.suno.com.br\/noticias\/","logo":{"@type":"ImageObject","inLanguage":"pt-BR","@id":"https:\/\/www.suno.com.br\/noticias\/#\/schema\/logo\/image\/","url":"https:\/\/files.sunoresearch.com.br\/n\/uploads\/2021\/09\/suno-logo.png","contentUrl":"https:\/\/files.sunoresearch.com.br\/n\/uploads\/2021\/09\/suno-logo.png","width":180,"height":180,"caption":"Suno Not\u00edcias"},"image":{"@id":"https:\/\/www.suno.com.br\/noticias\/#\/schema\/logo\/image\/"},"sameAs":["https:\/\/facebook.com\/sunoresearch","https:\/\/x.com\/sunoresearch","https:\/\/www.instagram.com\/suno","https:\/\/www.linkedin.com\/company\/suno-research\/","https:\/\/www.youtube.com\/c\/sunoresearch"]},{"@type":"Person","@id":"https:\/\/www.suno.com.br\/noticias\/#\/schema\/person\/506bb13f624e6983050ae5bf648c7a54","name":"Giovanna Oliveira","image":{"@type":"ImageObject","inLanguage":"pt-BR","@id":"https:\/\/www.suno.com.br\/noticias\/#\/schema\/person\/image\/","url":"https:\/\/secure.gravatar.com\/avatar\/8d180e5cea232a9bb3af521589b133fa?s=96&r=g","contentUrl":"https:\/\/secure.gravatar.com\/avatar\/8d180e5cea232a9bb3af521589b133fa?s=96&r=g","caption":"Giovanna Oliveira"},"description":"Jornalista com mais de sete anos de experi\u00eancia na cobertura de finan\u00e7as e economia. P\u00f3s-graduada em Neg\u00f3cios e Inova\u00e7\u00e3o (ESPM-SP) e mestranda em Finan\u00e7as (UADE Business School\u2013Buenos Aires).","url":"https:\/\/www.suno.com.br\/noticias\/author\/giovannalmd-oliveiragmail-com\/"}]}},"default_loop_html":"<div class=\"cardsPage__listCard__boxs\"><div class=\"cardsPage__listCard__boxs__img\"><a href=\"https:\/\/www.suno.com.br\/noticias\/embraer-embj3-safra-eleva-preco-alvo-acoes-disparam-go\/\"><img class=\"mask\" src=\"https:\/\/www.suno.com.br\/noticias\/wp-content\/themes\/suno\/resources\/images\/spotlight\/spotlight1img\/bg-mask.png\" alt=\"Image Mask\"\/><img src=\"https:\/\/files.sunoresearch.com.br\/n\/uploads\/2026\/01\/embraer-embr3-1-1-400x200.webp\" alt=\"Embraer (EMBJ3): Safra eleva pre\u00e7o-alvo e a\u00e7\u00f5es disparam mais de 3%; veja detalhes\"\/><\/a><span class=\"spotlightCategory\"><a href=\"https:\/\/www.suno.com.br\/noticias\/negocios\/\">Neg\u00f3cios<\/a><\/span><\/div><div class=\"cardsPage__listCard__boxs__content\"><a href=\"https:\/\/www.suno.com.br\/noticias\/embraer-embj3-safra-eleva-preco-alvo-acoes-disparam-go\/\"><h2 class=\"content__title\">Embraer (EMBJ3): Safra eleva pre\u00e7o-alvo e a\u00e7\u00f5es disparam mais de 3%; veja detalhes<\/h2><\/a><div class=\"newsContent__article__meta\"><div class=\"newsContent__article__meta__authorBox\"><a href=\"https:\/\/www.suno.com.br\/noticias\/author\/giovannalmd-oliveiragmail-com\/\" class=\"authorBox__avatar noMobi\"><img src=\"https:\/\/secure.gravatar.com\/avatar\/8d180e5cea232a9bb3af521589b133fa?s=96&#038;r=g\" alt=\"Giovanna Oliveira\"><\/a><div class=\"authorBox__name\"><span>por\n\t\t\t<a href=\"https:\/\/www.suno.com.br\/noticias\/author\/giovannalmd-oliveiragmail-com\/\"><span itemprop=\"author\">Giovanna Oliveira<\/span><\/a><\/span><time datetime=\"2026-01-22T17:55:16-03:00\" itemprop=\"datePublished\">22\/01\/2026 17:55<\/time><\/div><\/div><\/div><\/div><\/div>","single_layout":"posts","amp_enabled":true,"_links":{"self":[{"href":"https:\/\/www.suno.com.br\/noticias\/wp-json\/wp\/v2\/posts\/639462"}],"collection":[{"href":"https:\/\/www.suno.com.br\/noticias\/wp-json\/wp\/v2\/posts"}],"about":[{"href":"https:\/\/www.suno.com.br\/noticias\/wp-json\/wp\/v2\/types\/post"}],"author":[{"embeddable":true,"href":"https:\/\/www.suno.com.br\/noticias\/wp-json\/wp\/v2\/users\/404"}],"replies":[{"embeddable":true,"href":"https:\/\/www.suno.com.br\/noticias\/wp-json\/wp\/v2\/comments?post=639462"}],"version-history":[{"count":0,"href":"https:\/\/www.suno.com.br\/noticias\/wp-json\/wp\/v2\/posts\/639462\/revisions"}],"wp:featuredmedia":[{"embeddable":true,"href":"https:\/\/www.suno.com.br\/noticias\/wp-json\/wp\/v2\/media\/639463"}],"wp:attachment":[{"href":"https:\/\/www.suno.com.br\/noticias\/wp-json\/wp\/v2\/media?parent=639462"}],"wp:term":[{"taxonomy":"category","embeddable":true,"href":"https:\/\/www.suno.com.br\/noticias\/wp-json\/wp\/v2\/categories?post=639462"},{"taxonomy":"post_tag","embeddable":true,"href":"https:\/\/www.suno.com.br\/noticias\/wp-json\/wp\/v2\/tags?post=639462"},{"taxonomy":"suno_strategy","embeddable":true,"href":"https:\/\/www.suno.com.br\/noticias\/wp-json\/wp\/v2\/suno_strategy?post=639462"}],"curies":[{"name":"wp","href":"https:\/\/api.w.org\/{rel}","templated":true}]}}