{"id":639401,"date":"2026-01-22T15:15:14","date_gmt":"2026-01-22T18:15:14","guid":{"rendered":"https:\/\/www.suno.com.br\/noticias\/cea-ceab3-varejistas-tem-preco-alvo-reduzido-btg-go\/"},"modified":"2026-01-22T16:05:44","modified_gmt":"2026-01-22T19:05:44","slug":"cea-ceab3-varejistas-tem-preco-alvo-reduzido-btg-go","status":"publish","type":"post","link":"https:\/\/www.suno.com.br\/noticias\/cea-ceab3-varejistas-tem-preco-alvo-reduzido-btg-go\/","title":{"rendered":"C&amp;A (CEAB3) e Renner (LREN3) t\u00eam pre\u00e7os-alvo cortados; veja quais varejistas devem se destacar"},"content":{"rendered":"<p>Mesmo com a valoriza\u00e7\u00e3o do real ao longo de 2025, o Brasil segue como um dos pa\u00edses mais caros do mundo para o consumo de moda. Este cen\u00e1rio pode pressionar as a\u00e7\u00f5es das varejistas brasileiras, como <a class=\"suno-keyword\" target=\"_blank\" data-force=\"no\" data-priority=\"2\" href=\"https:\/\/www.suno.com.br\/analitica\/acoes\/CEAB3\/\" rel=\"noopener\"><strong>C&amp;A (CEAB3)<\/strong><\/a> e <a class=\"suno-keyword\" target=\"_blank\" data-force=\"no\" data-priority=\"2\" href=\"https:\/\/www.suno.com.br\/analitica\/acoes\/LREN3\/\" rel=\"noopener\">Lojas Renner (LREN3)<\/a>, conforme apontou um relat\u00f3rio divulgado nesta quinta-feira (22) pelo BTG Pactual. <\/p>\t<div class=\"wrapper-featured-image\">\n\t\t<figure class=\"spotlightImg\">\n\n\t\t\t<picture>\n\t\t\t\t<source media=\"(max-width: 768px)\" srcset=\"https:\/\/files.sunoresearch.com.br\/n\/uploads\/2026\/01\/cea-ceab3-fachada-loja-foto-divulgacao-400x200.webp\">\n\t\t\t\t<img loading=\"lazy\" decoding=\"async\" class=\"newsContent__article__imgCapa lazyloadDisabled \" src=\"https:\/\/files.sunoresearch.com.br\/n\/uploads\/2026\/01\/cea-ceab3-fachada-loja-foto-divulgacao-800x450.webp\" width=\"800\" height=\"450\" alt=\"C&amp;A (CEAB3) e Renner (LREN3) t\u00eam pre\u00e7os-alvo cortados; veja quais varejistas devem se destacar\" fetchpriority=high \/>\n\t\t\t<\/picture>\n\n\t\t\t<figcaption class=\"wp-caption-text wp-caption-text--show\">Fachada da C&amp;A (CEAB3). Foto: Divulga\u00e7\u00e3o<\/figcaption>\n\t\t<\/figure>\n\t<\/div>\n\n\n\n\n\n\t<p>\n\t\t<a href=\"https:\/\/lp.suno.com.br\/planilha-da-vida-financeira\/\" target=\"_blank\" data-element=\"shortcode-suno-banner\" title=\"Banner SUNO, clique e saiba mais\">\n\t\t\t<picture>\n\t\t\t\t<source media=\"(max-width: 500px)\" srcset=\"https:\/\/files.sunoresearch.com.br\/n\/uploads\/2023\/04\/400x300-Planilha-vida-financeira-true.png\">\n\t\t\t\t<img class=\"newsContent__article__imgCapa newsContent__article__imgCapa--banner\"\n\t\t\t\t\tsrc=\"https:\/\/files.sunoresearch.com.br\/n\/uploads\/2023\/04\/1420x240-Planilha-vida-financeira-true.png\"\n\t\t\t\t\tdata-promo-id=\"106682\"\t\t\t\t\t\t\t\t\t\twidth='1420' height='240'\t\t\t\t\talt=\"https:\/\/files.sunoresearch.com.br\/n\/uploads\/2023\/04\/1420x240-Planilha-vida-financeira-true.png\"\n\t\t\t\t>\n\t\t\t<\/picture>\n\t\t<\/a>\n\t<\/p>\n\n\n\n\n\n\n\n<p>De acordo com o <em><strong>Zara Index 2026<\/strong><\/em>, estudo elaborado pelo BTG Pactual, os produtos da <strong>Zara<\/strong> no Brasil est\u00e3o hoje 3% mais caros do que nos Estados Unidos. Quando ajustados pela <a class=\"suno-keyword\" target=\"_blank\" data-force=\"no\" data-priority=\"1\" href=\"https:\/\/www.suno.com.br\/artigos\/paridade-de-poder-de-compra-ppc\/\" rel=\"noopener\">paridade do poder de compra<\/a> (PPP), a diferen\u00e7a sobe para 123%, mantendo o pa\u00eds entre os mercados mais caros da rede espanhola.<\/p>\n\n\n\n<p>Em meio ao cen\u00e1rio de pre\u00e7os elevados, a concorr\u00eancia com plataformas internacionais segue tamb\u00e9m como um dos principais desafios do setor. Mesmo ap\u00f3s a taxa\u00e7\u00e3o de compras internacionais de at\u00e9 US$ 50, a Shein continua oferecendo pre\u00e7os mais baixos do que as varejistas locais.<\/p>\n\n\n\n<p>De acordo com o relat\u00f3rio, a plataforma chinesa \u00e9 6% mais barata que a <strong>Guararapes (GUAR3)<\/strong>, dona da <strong>Riachuelo<\/strong>, 10% mais barata que a <strong>Lojas Renner (LREN3)<\/strong> e 13% mais barata que a C&amp;A (CEAB3), considerando uma cesta compar\u00e1vel de produtos.<\/p>\n\n\n\n<h2 class=\"wp-block-heading\">Pre\u00e7os altos e desacelera\u00e7\u00e3o do consumo pressionam varejistas <\/h2>\n\n\n\n<p>Ap\u00f3s um primeiro semestre positivo em 2025, o setor de moda passou a apresentar sinais de desacelera\u00e7\u00e3o. O relat\u00f3rio aponta que o consumo mais fraco, aliado a juros elevados, alto endividamento das fam\u00edlias e <a class=\"suno-keyword\" target=\"_blank\" data-force=\"no\" data-priority=\"1\" href=\"https:\/\/www.suno.com.br\/artigos\/inflacao-acumulada\/\" rel=\"noopener\">infla\u00e7\u00e3o acumulada<\/a>, tem pesado principalmente sobre empresas mais expostas \u00e0 baixa e m\u00e9dia renda.<\/p>\n\n\n\n<p>Esse cen\u00e1rio reduz a <a class=\"suno-keyword\" target=\"_blank\" data-force=\"no\" data-priority=\"1\" href=\"https:\/\/www.suno.com.br\/artigos\/alavancagem-operacional\/\" rel=\"noopener\">alavancagem operacional<\/a> e limita o poder de precifica\u00e7\u00e3o, em um ambiente j\u00e1 pressionado pela competi\u00e7\u00e3o com o e-commerce internacional.<\/p>\n\n\n\n<p>Diante desse contexto, o BTG revisou para baixo suas estimativas para o setor. Em m\u00e9dia, houve cortes de 1,3% na receita, 2,7% no EBITDA e 3,2% no lucro l\u00edquido das companhias analisadas. Apesar disso, o banco avalia que o movimento recente de queda das a\u00e7\u00f5es deixou o setor mais atrativo do ponto de vista de valuation.<\/p>\n\n\n\t<p>\n\t\t<a href=\"https:\/\/lp.suno.com.br\/ebook-como-analisar-uma-acao\/\" target=\"_blank\" data-element=\"shortcode-suno-banner\" title=\"Banner SUNO, clique e saiba mais\">\n\t\t\t<picture>\n\t\t\t\t<source media=\"(max-width: 500px)\" srcset=\"https:\/\/files.sunoresearch.com.br\/n\/uploads\/2023\/03\/Ebook-Acoes-Mobile.jpg\">\n\t\t\t\t<img class=\"newsContent__article__imgCapa newsContent__article__imgCapa--banner\"\n\t\t\t\t\tsrc=\"https:\/\/files.sunoresearch.com.br\/n\/uploads\/2023\/03\/Ebook-Acoes-Desktop.jpg\"\n\t\t\t\t\tdata-promo-id=\"378302\"\t\t\t\t\t\t\t\t\t\twidth='1420' height='286'\t\t\t\t\talt=\"https:\/\/files.sunoresearch.com.br\/n\/uploads\/2023\/03\/Ebook-Acoes-Desktop.jpg\"\n\t\t\t\t>\n\t\t\t<\/picture>\n\t\t<\/a>\n\t<\/p>\n\n\n\n\n\n<p>\u201cA recente queda das a\u00e7\u00f5es tornou as avalia\u00e7\u00f5es do segmento de moda atrativas, com o setor negociando, em m\u00e9dia, a 8 vezes o lucro estimado para 2026, j\u00e1 incorporando tend\u00eancias mais fracas de consumo no curto prazo&#8221;, destacam os analistas do BTG.<\/p>\n\n\n\n<p>Em meio a um ambiente ainda desafiador, o BTG mant\u00e9m prefer\u00eancia por empresas com maior exposi\u00e7\u00e3o \u00e0 renda alta, que tendem a ter mais poder de precifica\u00e7\u00e3o e menor depend\u00eancia de cr\u00e9dito.<\/p>\n\n\n\n<p>Desse modo, as principais escolhas do banco no setor s\u00e3o <a class=\"suno-keyword\" target=\"_blank\" data-force=\"no\" data-priority=\"2\" href=\"https:\/\/www.suno.com.br\/analitica\/acoes\/VIVA3\/\" rel=\"noopener\"><strong>Vivara (VIVA3)<\/strong><\/a>, cujas a\u00e7\u00f5es s\u00e3o negociadas a cerca de 9 vezes o lucro esperado para 2026, e <strong>Track&amp;Field (TFCO4)<\/strong>, avaliada em torno de 12 vezes o lucro projetado, ambas destacadas por margens mais s\u00f3lidas e modelos de neg\u00f3cio considerados mais defensivos.<\/p>\n\n\n\n<p>J\u00e1 companhias como Lojas Renner, C&amp;A e Guararapes seguem com recomenda\u00e7\u00e3o de compra, mas devem continuar enfrentando maior volatilidade, pressionadas pela concorr\u00eancia internacional e pelo consumo ainda enfraquecido no Brasil.<\/p>\n\n\n\n<h2 class=\"wp-block-heading\">Novos pre\u00e7os-alvo do BTG para C&amp;A (CEAB3) e outras varejistas<\/h2>\n\n\n\n<p>O BTG Pactual revisou os pre\u00e7os-alvo das principais varejistas de moda, refletindo o cen\u00e1rio mais competitivo e um consumo ainda pressionado no Brasil. Para Vivara (VIVA3), o pre\u00e7o-alvo passou de R$ 38 para R$ 36. <\/p>\n\n\n\n<p>No caso da Lojas Renner (LREN3), a estimativa foi reduzida de R$ 22 para R$ 20, enquanto o pre\u00e7o-alvo da <strong>C&amp;A (CEAB3)<\/strong> caiu de R$ 23 para R$ 19. J\u00e1 a Guararapes (GUAR3) foi a exce\u00e7\u00e3o, com aumento de R$ 13 para R$ 14, assim como a Track&amp;Field (TFCO4), cujo pre\u00e7o-alvo subiu de R$ 18 para R$ 19. Para o Grupo SBF (SBFG3), o pre\u00e7o-alvo foi mantido em R$ 16, enquanto a <a class=\"suno-keyword\" target=\"_blank\" data-force=\"no\" data-priority=\"2\" href=\"https:\/\/www.suno.com.br\/analitica\/acoes\/VULC3\/\" rel=\"noopener\">Vulcabras (VULC3)<\/a> teve revis\u00e3o positiva, de R$ 20 para R$ 21.<\/p>\n\n\n\t<p>\n\t\t<a href=\"https:\/\/lp.suno.com.br\/planilha-da-vida-financeira\/\" target=\"_blank\" data-element=\"shortcode-suno-banner\" title=\"Banner SUNO, clique e saiba mais\">\n\t\t\t<picture>\n\t\t\t\t<source media=\"(max-width: 500px)\" srcset=\"https:\/\/files.sunoresearch.com.br\/n\/uploads\/2023\/04\/400x300-Planilha-vida-financeira-true.png\">\n\t\t\t\t<img class=\"newsContent__article__imgCapa newsContent__article__imgCapa--banner\"\n\t\t\t\t\tsrc=\"https:\/\/files.sunoresearch.com.br\/n\/uploads\/2023\/04\/1420x240-Planilha-vida-financeira-true.png\"\n\t\t\t\t\tdata-promo-id=\"383123\"\t\t\t\t\t\t\t\t\t\twidth='1420' height='240'\t\t\t\t\talt=\"https:\/\/files.sunoresearch.com.br\/n\/uploads\/2023\/04\/1420x240-Planilha-vida-financeira-true.png\"\n\t\t\t\t>\n\t\t\t<\/picture>\n\t\t<\/a>\n\t<\/p>\n\n\n","protected":false},"excerpt":{"rendered":"<p>Mesmo com a valoriza\u00e7\u00e3o do real ao longo de 2025, o Brasil segue como um dos pa\u00edses mais caros do mundo para o consumo de moda. Este cen\u00e1rio pode pressionar as a\u00e7\u00f5es das varejistas brasileiras, como C&amp;A (CEAB3) e Lojas Renner (LREN3), conforme apontou um relat\u00f3rio divulgado nesta quinta-feira (22) pelo BTG Pactual. De acordo &hellip; Continued<\/p>\n","protected":false},"author":404,"featured_media":639402,"comment_status":"closed","ping_status":"closed","sticky":false,"template":"","format":"standard","meta":[],"categories":[64],"tags":[1898,542,1431],"suno_strategy":[],"class_list":["post-639401","post","type-post","status-publish","format-standard","has-post-thumbnail","hentry","category-negocios","tag-ca-ceab3","tag-lojas-renner-lren3","tag-vivara-viva3"],"yoast_head":"<!-- This site is optimized with the Yoast SEO plugin v24.4 - https:\/\/yoast.com\/wordpress\/plugins\/seo\/ -->\n<title>C&amp;A (CEAB3) e varejistas t\u00eam pre\u00e7os-alvo reduzidos pelo BTG<\/title>\n<meta name=\"description\" content=\"O Brasil segue como um dos pa\u00edses mais caros do mundo para o consumo de moda, o que impacta a\u00e7\u00f5es como C&amp;A (CEAB3) e Renner. Entenda!\" \/>\n<meta name=\"robots\" content=\"index, follow, max-snippet:-1, max-image-preview:large, max-video-preview:-1\" \/>\n<link rel=\"canonical\" href=\"https:\/\/www.suno.com.br\/noticias\/cea-ceab3-varejistas-tem-preco-alvo-reduzido-btg-go\/\" \/>\n<meta property=\"og:locale\" content=\"pt_BR\" \/>\n<meta property=\"og:type\" content=\"article\" \/>\n<meta property=\"og:title\" content=\"C&amp;A (CEAB3) e varejistas t\u00eam pre\u00e7os-alvo reduzidos pelo BTG\" \/>\n<meta property=\"og:description\" content=\"O Brasil segue como um dos pa\u00edses mais caros do mundo para o consumo de moda, o que impacta a\u00e7\u00f5es como C&amp;A (CEAB3) e Renner. Entenda!\" \/>\n<meta property=\"og:url\" content=\"https:\/\/www.suno.com.br\/noticias\/cea-ceab3-varejistas-tem-preco-alvo-reduzido-btg-go\/\" \/>\n<meta property=\"og:site_name\" content=\"Suno Not\u00edcias\" \/>\n<meta property=\"article:publisher\" content=\"https:\/\/facebook.com\/sunoresearch\" \/>\n<meta property=\"og:image\" content=\"https:\/\/files.sunoresearch.com.br\/n\/uploads\/2026\/01\/cea-ceab3-fachada-loja-foto-divulgacao-jpg.webp\" \/>\n\t<meta property=\"og:image:width\" content=\"1200\" \/>\n\t<meta property=\"og:image:height\" content=\"675\" \/>\n\t<meta property=\"og:image:type\" content=\"image\/jpeg\" \/>\n<meta name=\"author\" content=\"Giovanna Oliveira\" \/>\n<meta name=\"twitter:card\" content=\"summary_large_image\" \/>\n<meta name=\"twitter:creator\" content=\"@sunoresearch\" \/>\n<meta name=\"twitter:site\" content=\"@sunoresearch\" \/>\n<meta name=\"twitter:label1\" content=\"Escrito por\" \/>\n\t<meta name=\"twitter:data1\" content=\"Giovanna Oliveira\" \/>\n\t<meta name=\"twitter:label2\" content=\"Est. tempo de leitura\" \/>\n\t<meta name=\"twitter:data2\" content=\"4 minutos\" \/>\n<script type=\"application\/ld+json\" class=\"yoast-schema-graph\">{\"@context\":\"https:\/\/schema.org\",\"@graph\":[{\"@type\":\"NewsArticle\",\"@id\":\"https:\/\/www.suno.com.br\/noticias\/cea-ceab3-varejistas-tem-preco-alvo-reduzido-btg-go\/#article\",\"isPartOf\":{\"@id\":\"https:\/\/www.suno.com.br\/noticias\/cea-ceab3-varejistas-tem-preco-alvo-reduzido-btg-go\/\"},\"author\":{\"name\":\"Giovanna Oliveira\",\"@id\":\"https:\/\/www.suno.com.br\/noticias\/#\/schema\/person\/506bb13f624e6983050ae5bf648c7a54\"},\"headline\":\"C&amp;A (CEAB3) e Renner (LREN3) t\u00eam pre\u00e7os-alvo cortados; veja quais varejistas devem se destacar\",\"datePublished\":\"2026-01-22T18:15:14+00:00\",\"dateModified\":\"2026-01-22T19:05:44+00:00\",\"mainEntityOfPage\":{\"@id\":\"https:\/\/www.suno.com.br\/noticias\/cea-ceab3-varejistas-tem-preco-alvo-reduzido-btg-go\/\"},\"wordCount\":673,\"publisher\":{\"@id\":\"https:\/\/www.suno.com.br\/noticias\/#organization\"},\"image\":{\"@id\":\"https:\/\/www.suno.com.br\/noticias\/cea-ceab3-varejistas-tem-preco-alvo-reduzido-btg-go\/#primaryimage\"},\"thumbnailUrl\":\"https:\/\/files.sunoresearch.com.br\/n\/uploads\/2026\/01\/cea-ceab3-fachada-loja-foto-divulgacao-jpg.webp\",\"keywords\":[\"C&amp;A (CEAB3)\",\"Lojas Renner (LREN3)\",\"Vivara (VIVA3)\"],\"articleSection\":[\"Neg\u00f3cios\"],\"inLanguage\":\"pt-BR\"},{\"@type\":\"WebPage\",\"@id\":\"https:\/\/www.suno.com.br\/noticias\/cea-ceab3-varejistas-tem-preco-alvo-reduzido-btg-go\/\",\"url\":\"https:\/\/www.suno.com.br\/noticias\/cea-ceab3-varejistas-tem-preco-alvo-reduzido-btg-go\/\",\"name\":\"C&A (CEAB3) e varejistas t\u00eam pre\u00e7os-alvo reduzidos pelo BTG\",\"isPartOf\":{\"@id\":\"https:\/\/www.suno.com.br\/noticias\/#website\"},\"primaryImageOfPage\":{\"@id\":\"https:\/\/www.suno.com.br\/noticias\/cea-ceab3-varejistas-tem-preco-alvo-reduzido-btg-go\/#primaryimage\"},\"image\":{\"@id\":\"https:\/\/www.suno.com.br\/noticias\/cea-ceab3-varejistas-tem-preco-alvo-reduzido-btg-go\/#primaryimage\"},\"thumbnailUrl\":\"https:\/\/files.sunoresearch.com.br\/n\/uploads\/2026\/01\/cea-ceab3-fachada-loja-foto-divulgacao-jpg.webp\",\"datePublished\":\"2026-01-22T18:15:14+00:00\",\"dateModified\":\"2026-01-22T19:05:44+00:00\",\"description\":\"O Brasil segue como um dos pa\u00edses mais caros do mundo para o consumo de moda, o que impacta a\u00e7\u00f5es como C&A (CEAB3) e Renner. Entenda!\",\"breadcrumb\":{\"@id\":\"https:\/\/www.suno.com.br\/noticias\/cea-ceab3-varejistas-tem-preco-alvo-reduzido-btg-go\/#breadcrumb\"},\"inLanguage\":\"pt-BR\",\"potentialAction\":[{\"@type\":\"ReadAction\",\"target\":[\"https:\/\/www.suno.com.br\/noticias\/cea-ceab3-varejistas-tem-preco-alvo-reduzido-btg-go\/\"]}]},{\"@type\":\"ImageObject\",\"inLanguage\":\"pt-BR\",\"@id\":\"https:\/\/www.suno.com.br\/noticias\/cea-ceab3-varejistas-tem-preco-alvo-reduzido-btg-go\/#primaryimage\",\"url\":\"https:\/\/files.sunoresearch.com.br\/n\/uploads\/2026\/01\/cea-ceab3-fachada-loja-foto-divulgacao-jpg.webp\",\"contentUrl\":\"https:\/\/files.sunoresearch.com.br\/n\/uploads\/2026\/01\/cea-ceab3-fachada-loja-foto-divulgacao-jpg.webp\",\"width\":1200,\"height\":675,\"caption\":\"Fachada da C&A (CEAB3). Foto: Divulga\u00e7\u00e3o\"},{\"@type\":\"BreadcrumbList\",\"@id\":\"https:\/\/www.suno.com.br\/noticias\/cea-ceab3-varejistas-tem-preco-alvo-reduzido-btg-go\/#breadcrumb\",\"itemListElement\":[{\"@type\":\"ListItem\",\"position\":1,\"name\":\"Not\u00edcias\",\"item\":\"https:\/\/www.suno.com.br\/noticias\/\"},{\"@type\":\"ListItem\",\"position\":2,\"name\":\"Neg\u00f3cios\",\"item\":\"https:\/\/www.suno.com.br\/noticias\/negocios\/\"},{\"@type\":\"ListItem\",\"position\":3,\"name\":\"C&amp;A (CEAB3) e Renner (LREN3) t\u00eam pre\u00e7os-alvo cortados; veja quais varejistas devem se destacar\"}]},{\"@type\":\"WebSite\",\"@id\":\"https:\/\/www.suno.com.br\/noticias\/#website\",\"url\":\"https:\/\/www.suno.com.br\/noticias\/\",\"name\":\"Suno Not\u00edcias\",\"description\":\"Seu portal de informa\u00e7\u00e3o sobre o mundo dos investimentos\",\"publisher\":{\"@id\":\"https:\/\/www.suno.com.br\/noticias\/#organization\"},\"potentialAction\":[{\"@type\":\"SearchAction\",\"target\":{\"@type\":\"EntryPoint\",\"urlTemplate\":\"https:\/\/www.suno.com.br\/noticias\/?s={search_term_string}\"},\"query-input\":{\"@type\":\"PropertyValueSpecification\",\"valueRequired\":true,\"valueName\":\"search_term_string\"}}],\"inLanguage\":\"pt-BR\"},{\"@type\":\"Organization\",\"@id\":\"https:\/\/www.suno.com.br\/noticias\/#organization\",\"name\":\"Suno Not\u00edcias\",\"url\":\"https:\/\/www.suno.com.br\/noticias\/\",\"logo\":{\"@type\":\"ImageObject\",\"inLanguage\":\"pt-BR\",\"@id\":\"https:\/\/www.suno.com.br\/noticias\/#\/schema\/logo\/image\/\",\"url\":\"https:\/\/files.sunoresearch.com.br\/n\/uploads\/2021\/09\/suno-logo.png\",\"contentUrl\":\"https:\/\/files.sunoresearch.com.br\/n\/uploads\/2021\/09\/suno-logo.png\",\"width\":180,\"height\":180,\"caption\":\"Suno Not\u00edcias\"},\"image\":{\"@id\":\"https:\/\/www.suno.com.br\/noticias\/#\/schema\/logo\/image\/\"},\"sameAs\":[\"https:\/\/facebook.com\/sunoresearch\",\"https:\/\/x.com\/sunoresearch\",\"https:\/\/www.instagram.com\/suno\",\"https:\/\/www.linkedin.com\/company\/suno-research\/\",\"https:\/\/www.youtube.com\/c\/sunoresearch\"]},{\"@type\":\"Person\",\"@id\":\"https:\/\/www.suno.com.br\/noticias\/#\/schema\/person\/506bb13f624e6983050ae5bf648c7a54\",\"name\":\"Giovanna Oliveira\",\"image\":{\"@type\":\"ImageObject\",\"inLanguage\":\"pt-BR\",\"@id\":\"https:\/\/www.suno.com.br\/noticias\/#\/schema\/person\/image\/\",\"url\":\"https:\/\/secure.gravatar.com\/avatar\/8d180e5cea232a9bb3af521589b133fa?s=96&r=g\",\"contentUrl\":\"https:\/\/secure.gravatar.com\/avatar\/8d180e5cea232a9bb3af521589b133fa?s=96&r=g\",\"caption\":\"Giovanna Oliveira\"},\"description\":\"Jornalista com mais de sete anos de experi\u00eancia na cobertura de finan\u00e7as e economia. P\u00f3s-graduada em Neg\u00f3cios e Inova\u00e7\u00e3o (ESPM-SP) e mestranda em Finan\u00e7as (UADE Business School\u2013Buenos Aires).\",\"url\":\"https:\/\/www.suno.com.br\/noticias\/author\/giovannalmd-oliveiragmail-com\/\"}]}<\/script>\n<!-- \/ Yoast SEO plugin. -->","yoast_head_json":{"title":"C&A (CEAB3) e varejistas t\u00eam pre\u00e7os-alvo reduzidos pelo BTG","description":"O Brasil segue como um dos pa\u00edses mais caros do mundo para o consumo de moda, o que impacta a\u00e7\u00f5es como C&A (CEAB3) e Renner. Entenda!","robots":{"index":"index","follow":"follow","max-snippet":"max-snippet:-1","max-image-preview":"max-image-preview:large","max-video-preview":"max-video-preview:-1"},"canonical":"https:\/\/www.suno.com.br\/noticias\/cea-ceab3-varejistas-tem-preco-alvo-reduzido-btg-go\/","og_locale":"pt_BR","og_type":"article","og_title":"C&A (CEAB3) e varejistas t\u00eam pre\u00e7os-alvo reduzidos pelo BTG","og_description":"O Brasil segue como um dos pa\u00edses mais caros do mundo para o consumo de moda, o que impacta a\u00e7\u00f5es como C&A (CEAB3) e Renner. Entenda!","og_url":"https:\/\/www.suno.com.br\/noticias\/cea-ceab3-varejistas-tem-preco-alvo-reduzido-btg-go\/","og_site_name":"Suno Not\u00edcias","article_publisher":"https:\/\/facebook.com\/sunoresearch","og_image":[{"width":1200,"height":675,"url":"https:\/\/files.sunoresearch.com.br\/n\/uploads\/2026\/01\/cea-ceab3-fachada-loja-foto-divulgacao-jpg.webp","type":"image\/jpeg"}],"author":"Giovanna Oliveira","twitter_card":"summary_large_image","twitter_creator":"@sunoresearch","twitter_site":"@sunoresearch","twitter_misc":{"Escrito por":"Giovanna Oliveira","Est. tempo de leitura":"4 minutos"},"schema":{"@context":"https:\/\/schema.org","@graph":[{"@type":"NewsArticle","@id":"https:\/\/www.suno.com.br\/noticias\/cea-ceab3-varejistas-tem-preco-alvo-reduzido-btg-go\/#article","isPartOf":{"@id":"https:\/\/www.suno.com.br\/noticias\/cea-ceab3-varejistas-tem-preco-alvo-reduzido-btg-go\/"},"author":{"name":"Giovanna Oliveira","@id":"https:\/\/www.suno.com.br\/noticias\/#\/schema\/person\/506bb13f624e6983050ae5bf648c7a54"},"headline":"C&amp;A (CEAB3) e Renner (LREN3) t\u00eam pre\u00e7os-alvo cortados; veja quais varejistas devem se destacar","datePublished":"2026-01-22T18:15:14+00:00","dateModified":"2026-01-22T19:05:44+00:00","mainEntityOfPage":{"@id":"https:\/\/www.suno.com.br\/noticias\/cea-ceab3-varejistas-tem-preco-alvo-reduzido-btg-go\/"},"wordCount":673,"publisher":{"@id":"https:\/\/www.suno.com.br\/noticias\/#organization"},"image":{"@id":"https:\/\/www.suno.com.br\/noticias\/cea-ceab3-varejistas-tem-preco-alvo-reduzido-btg-go\/#primaryimage"},"thumbnailUrl":"https:\/\/files.sunoresearch.com.br\/n\/uploads\/2026\/01\/cea-ceab3-fachada-loja-foto-divulgacao-jpg.webp","keywords":["C&amp;A (CEAB3)","Lojas Renner (LREN3)","Vivara (VIVA3)"],"articleSection":["Neg\u00f3cios"],"inLanguage":"pt-BR"},{"@type":"WebPage","@id":"https:\/\/www.suno.com.br\/noticias\/cea-ceab3-varejistas-tem-preco-alvo-reduzido-btg-go\/","url":"https:\/\/www.suno.com.br\/noticias\/cea-ceab3-varejistas-tem-preco-alvo-reduzido-btg-go\/","name":"C&A (CEAB3) e varejistas t\u00eam pre\u00e7os-alvo reduzidos pelo BTG","isPartOf":{"@id":"https:\/\/www.suno.com.br\/noticias\/#website"},"primaryImageOfPage":{"@id":"https:\/\/www.suno.com.br\/noticias\/cea-ceab3-varejistas-tem-preco-alvo-reduzido-btg-go\/#primaryimage"},"image":{"@id":"https:\/\/www.suno.com.br\/noticias\/cea-ceab3-varejistas-tem-preco-alvo-reduzido-btg-go\/#primaryimage"},"thumbnailUrl":"https:\/\/files.sunoresearch.com.br\/n\/uploads\/2026\/01\/cea-ceab3-fachada-loja-foto-divulgacao-jpg.webp","datePublished":"2026-01-22T18:15:14+00:00","dateModified":"2026-01-22T19:05:44+00:00","description":"O Brasil segue como um dos pa\u00edses mais caros do mundo para o consumo de moda, o que impacta a\u00e7\u00f5es como C&A (CEAB3) e Renner. Entenda!","breadcrumb":{"@id":"https:\/\/www.suno.com.br\/noticias\/cea-ceab3-varejistas-tem-preco-alvo-reduzido-btg-go\/#breadcrumb"},"inLanguage":"pt-BR","potentialAction":[{"@type":"ReadAction","target":["https:\/\/www.suno.com.br\/noticias\/cea-ceab3-varejistas-tem-preco-alvo-reduzido-btg-go\/"]}]},{"@type":"ImageObject","inLanguage":"pt-BR","@id":"https:\/\/www.suno.com.br\/noticias\/cea-ceab3-varejistas-tem-preco-alvo-reduzido-btg-go\/#primaryimage","url":"https:\/\/files.sunoresearch.com.br\/n\/uploads\/2026\/01\/cea-ceab3-fachada-loja-foto-divulgacao-jpg.webp","contentUrl":"https:\/\/files.sunoresearch.com.br\/n\/uploads\/2026\/01\/cea-ceab3-fachada-loja-foto-divulgacao-jpg.webp","width":1200,"height":675,"caption":"Fachada da C&A (CEAB3). Foto: Divulga\u00e7\u00e3o"},{"@type":"BreadcrumbList","@id":"https:\/\/www.suno.com.br\/noticias\/cea-ceab3-varejistas-tem-preco-alvo-reduzido-btg-go\/#breadcrumb","itemListElement":[{"@type":"ListItem","position":1,"name":"Not\u00edcias","item":"https:\/\/www.suno.com.br\/noticias\/"},{"@type":"ListItem","position":2,"name":"Neg\u00f3cios","item":"https:\/\/www.suno.com.br\/noticias\/negocios\/"},{"@type":"ListItem","position":3,"name":"C&amp;A (CEAB3) e Renner (LREN3) t\u00eam pre\u00e7os-alvo cortados; veja quais varejistas devem se destacar"}]},{"@type":"WebSite","@id":"https:\/\/www.suno.com.br\/noticias\/#website","url":"https:\/\/www.suno.com.br\/noticias\/","name":"Suno Not\u00edcias","description":"Seu portal de informa\u00e7\u00e3o sobre o mundo dos investimentos","publisher":{"@id":"https:\/\/www.suno.com.br\/noticias\/#organization"},"potentialAction":[{"@type":"SearchAction","target":{"@type":"EntryPoint","urlTemplate":"https:\/\/www.suno.com.br\/noticias\/?s={search_term_string}"},"query-input":{"@type":"PropertyValueSpecification","valueRequired":true,"valueName":"search_term_string"}}],"inLanguage":"pt-BR"},{"@type":"Organization","@id":"https:\/\/www.suno.com.br\/noticias\/#organization","name":"Suno Not\u00edcias","url":"https:\/\/www.suno.com.br\/noticias\/","logo":{"@type":"ImageObject","inLanguage":"pt-BR","@id":"https:\/\/www.suno.com.br\/noticias\/#\/schema\/logo\/image\/","url":"https:\/\/files.sunoresearch.com.br\/n\/uploads\/2021\/09\/suno-logo.png","contentUrl":"https:\/\/files.sunoresearch.com.br\/n\/uploads\/2021\/09\/suno-logo.png","width":180,"height":180,"caption":"Suno Not\u00edcias"},"image":{"@id":"https:\/\/www.suno.com.br\/noticias\/#\/schema\/logo\/image\/"},"sameAs":["https:\/\/facebook.com\/sunoresearch","https:\/\/x.com\/sunoresearch","https:\/\/www.instagram.com\/suno","https:\/\/www.linkedin.com\/company\/suno-research\/","https:\/\/www.youtube.com\/c\/sunoresearch"]},{"@type":"Person","@id":"https:\/\/www.suno.com.br\/noticias\/#\/schema\/person\/506bb13f624e6983050ae5bf648c7a54","name":"Giovanna Oliveira","image":{"@type":"ImageObject","inLanguage":"pt-BR","@id":"https:\/\/www.suno.com.br\/noticias\/#\/schema\/person\/image\/","url":"https:\/\/secure.gravatar.com\/avatar\/8d180e5cea232a9bb3af521589b133fa?s=96&r=g","contentUrl":"https:\/\/secure.gravatar.com\/avatar\/8d180e5cea232a9bb3af521589b133fa?s=96&r=g","caption":"Giovanna Oliveira"},"description":"Jornalista com mais de sete anos de experi\u00eancia na cobertura de finan\u00e7as e economia. P\u00f3s-graduada em Neg\u00f3cios e Inova\u00e7\u00e3o (ESPM-SP) e mestranda em Finan\u00e7as (UADE Business School\u2013Buenos Aires).","url":"https:\/\/www.suno.com.br\/noticias\/author\/giovannalmd-oliveiragmail-com\/"}]}},"default_loop_html":"<div class=\"cardsPage__listCard__boxs\"><div class=\"cardsPage__listCard__boxs__img\"><a href=\"https:\/\/www.suno.com.br\/noticias\/cea-ceab3-varejistas-tem-preco-alvo-reduzido-btg-go\/\"><img class=\"mask\" src=\"https:\/\/www.suno.com.br\/noticias\/wp-content\/themes\/suno\/resources\/images\/spotlight\/spotlight1img\/bg-mask.png\" alt=\"Image Mask\"\/><img src=\"https:\/\/files.sunoresearch.com.br\/n\/uploads\/2026\/01\/cea-ceab3-fachada-loja-foto-divulgacao-400x200.webp\" alt=\"C&amp;A (CEAB3) e Renner (LREN3) t\u00eam pre\u00e7os-alvo cortados; veja quais varejistas devem se destacar\"\/><\/a><span class=\"spotlightCategory\"><a href=\"https:\/\/www.suno.com.br\/noticias\/negocios\/\">Neg\u00f3cios<\/a><\/span><\/div><div class=\"cardsPage__listCard__boxs__content\"><a href=\"https:\/\/www.suno.com.br\/noticias\/cea-ceab3-varejistas-tem-preco-alvo-reduzido-btg-go\/\"><h2 class=\"content__title\">C&amp;A (CEAB3) e Renner (LREN3) t\u00eam pre\u00e7os-alvo cortados; veja quais varejistas devem se destacar<\/h2><\/a><div class=\"newsContent__article__meta\"><div class=\"newsContent__article__meta__authorBox\"><a href=\"https:\/\/www.suno.com.br\/noticias\/author\/giovannalmd-oliveiragmail-com\/\" class=\"authorBox__avatar noMobi\"><img src=\"https:\/\/secure.gravatar.com\/avatar\/8d180e5cea232a9bb3af521589b133fa?s=96&#038;r=g\" alt=\"Giovanna Oliveira\"><\/a><div class=\"authorBox__name\"><span>por\n\t\t\t<a href=\"https:\/\/www.suno.com.br\/noticias\/author\/giovannalmd-oliveiragmail-com\/\"><span itemprop=\"author\">Giovanna Oliveira<\/span><\/a><\/span><time datetime=\"2026-01-22T15:15:14-03:00\" itemprop=\"datePublished\">22\/01\/2026 15:15<\/time><\/div><\/div><\/div><\/div><\/div>","single_layout":"posts","amp_enabled":true,"_links":{"self":[{"href":"https:\/\/www.suno.com.br\/noticias\/wp-json\/wp\/v2\/posts\/639401"}],"collection":[{"href":"https:\/\/www.suno.com.br\/noticias\/wp-json\/wp\/v2\/posts"}],"about":[{"href":"https:\/\/www.suno.com.br\/noticias\/wp-json\/wp\/v2\/types\/post"}],"author":[{"embeddable":true,"href":"https:\/\/www.suno.com.br\/noticias\/wp-json\/wp\/v2\/users\/404"}],"replies":[{"embeddable":true,"href":"https:\/\/www.suno.com.br\/noticias\/wp-json\/wp\/v2\/comments?post=639401"}],"version-history":[{"count":2,"href":"https:\/\/www.suno.com.br\/noticias\/wp-json\/wp\/v2\/posts\/639401\/revisions"}],"predecessor-version":[{"id":639418,"href":"https:\/\/www.suno.com.br\/noticias\/wp-json\/wp\/v2\/posts\/639401\/revisions\/639418"}],"wp:featuredmedia":[{"embeddable":true,"href":"https:\/\/www.suno.com.br\/noticias\/wp-json\/wp\/v2\/media\/639402"}],"wp:attachment":[{"href":"https:\/\/www.suno.com.br\/noticias\/wp-json\/wp\/v2\/media?parent=639401"}],"wp:term":[{"taxonomy":"category","embeddable":true,"href":"https:\/\/www.suno.com.br\/noticias\/wp-json\/wp\/v2\/categories?post=639401"},{"taxonomy":"post_tag","embeddable":true,"href":"https:\/\/www.suno.com.br\/noticias\/wp-json\/wp\/v2\/tags?post=639401"},{"taxonomy":"suno_strategy","embeddable":true,"href":"https:\/\/www.suno.com.br\/noticias\/wp-json\/wp\/v2\/suno_strategy?post=639401"}],"curies":[{"name":"wp","href":"https:\/\/api.w.org\/{rel}","templated":true}]}}