{"id":639391,"date":"2026-01-22T14:25:00","date_gmt":"2026-01-22T17:25:00","guid":{"rendered":"https:\/\/www.suno.com.br\/noticias\/?p=639391"},"modified":"2026-01-22T15:01:19","modified_gmt":"2026-01-22T18:01:19","slug":"fgc-corrige-informacao-relacionada-a-data-de-corte-will-bank-go","status":"publish","type":"post","link":"https:\/\/www.suno.com.br\/noticias\/fgc-corrige-informacao-relacionada-a-data-de-corte-will-bank-go\/","title":{"rendered":"FGC corrige informa\u00e7\u00e3o relacionada \u00e0 garantias de credores do Will Bank"},"content":{"rendered":"<p>O Fundo Garantidor de Cr\u00e9dito (FGC) corrigiu uma informa\u00e7\u00e3o divulgada na quarta-feira, 21, relacionada \u00e0 <a class=\"suno-keyword\" target=\"_blank\" data-force=\"no\" data-priority=\"2\" href=\"https:\/\/www.suno.com.br\/artigos\/dividendos-datas-importantes\/\" rel=\"noopener\">data de corte<\/a> no processo de garantia em favor de depositantes e investidores do Will Bank. A data da aquisi\u00e7\u00e3o do <strong>Will Bank<\/strong> pelo Master foi 30 de agosto de 2024, e n\u00e3o 22 de agosto de 2024, como constava na informa\u00e7\u00e3o divulgada anteriormente. Portanto, a data de corte \u00e9 31 de agosto de 2024.<\/p>\t<div class=\"wrapper-featured-image\">\n\t\t<figure class=\"spotlightImg\">\n\n\t\t\t<picture>\n\t\t\t\t<source media=\"(max-width: 768px)\" srcset=\"https:\/\/files.sunoresearch.com.br\/n\/uploads\/2026\/01\/6970bb4bd7288-1-400x200.webp\">\n\t\t\t\t<img loading=\"lazy\" decoding=\"async\" class=\"newsContent__article__imgCapa lazyloadDisabled \" src=\"https:\/\/files.sunoresearch.com.br\/n\/uploads\/2026\/01\/6970bb4bd7288-1-800x450.webp\" width=\"800\" height=\"450\" alt=\"FGC corrige informa\u00e7\u00e3o relacionada \u00e0 garantias de credores do Will Bank\" fetchpriority=high \/>\n\t\t\t<\/picture>\n\n\t\t\t<figcaption class=\"wp-caption-text wp-caption-text--show\">Will Bank. Foto: Divulga\u00e7\u00e3o<\/figcaption>\n\t\t<\/figure>\n\t<\/div>\n\n\n\n\n\n\t<p>\n\t\t<a href=\"https:\/\/lp.suno.com.br\/planilha-da-vida-financeira\/\" target=\"_blank\" data-element=\"shortcode-suno-banner\" title=\"Banner SUNO, clique e saiba mais\">\n\t\t\t<picture>\n\t\t\t\t<source media=\"(max-width: 500px)\" srcset=\"https:\/\/files.sunoresearch.com.br\/n\/uploads\/2023\/04\/400x300-Planilha-vida-financeira-true.png\">\n\t\t\t\t<img class=\"newsContent__article__imgCapa newsContent__article__imgCapa--banner\"\n\t\t\t\t\tsrc=\"https:\/\/files.sunoresearch.com.br\/n\/uploads\/2023\/04\/1420x240-Planilha-vida-financeira-true.png\"\n\t\t\t\t\tdata-promo-id=\"106682\"\t\t\t\t\t\t\t\t\t\twidth='1420' height='240'\t\t\t\t\talt=\"https:\/\/files.sunoresearch.com.br\/n\/uploads\/2023\/04\/1420x240-Planilha-vida-financeira-true.png\"\n\t\t\t\t>\n\t\t\t<\/picture>\n\t\t<\/a>\n\t<\/p>\n\n\n\n\n\n\n\n<p>Na quarta-feira, o <strong>FGC<\/strong> anunciou que o acionamento do processo de garantia em favor de depositantes e investidores do Will Bank, que teve liquida\u00e7\u00e3o extrajudicial decretada pelo Banco Central pela manh\u00e3.<\/p>\n\n\n\n<p>Em nota, o FGC estima que o valor a ser pago ser\u00e1 de cerca de R$ 6,3 bilh\u00f5es, com base em dados de novembro do ano passado. A cifra final e o n\u00famero de clientes eleg\u00edveis, por\u00e9m, depender\u00e3o das informa\u00e7\u00f5es entregues pelo liquidante.<\/p>\n\n\n\n<p>O fato de a fintech fazer parte do conglomerado do Banco Master, liquidado em novembro, complica os c\u00e1lculos, uma vez que alguns benefici\u00e1rios podem j\u00e1 ter superado o limite de garantia.<\/p>\n\n\n\n<p>Clientes que adquiriram produtos financeiras antes da aquisi\u00e7\u00e3o do Master, em 2024, ter\u00e3o o direito preservados.<\/p>\n\n\n\n<p>A partir de 31 de agosto daquele ano, nos casos das pessoas que tiverem aplica\u00e7\u00f5es em ambas institui\u00e7\u00f5es, os valores ser\u00e3o consolidados por CPF ou CNPJ, at\u00e9 o limite de R$ 250 mil, de acordo com o FGC.<\/p>\n\n\n\n<p>Se o reembolso j\u00e1 tiver sido integralmente efetuado, n\u00e3o haver\u00e1 ressarcimento adicional do FGC. Pela atualiza\u00e7\u00e3o mais recente, 448 mil dos 800 mil credores do Master j\u00e1 finalizaram o processo de solicita\u00e7\u00e3o das garantias. Os pagamentos come\u00e7aram oficialmente na \u00faltima segunda-feira.<\/p>\n\n\n\n<p>O FGC ressalta ainda que n\u00e3o h\u00e1 prazo legal para o in\u00edcio dos pagamentos, embora assegure empreender esfor\u00e7os para come\u00e7\u00e1-los no menor tempo poss\u00edvel. Em outras liquida\u00e7\u00f5es, o prazo esteve entre 30 e 60 dias.<\/p>\n\n\n\n<p>O BC determinou a liquida\u00e7\u00e3o extrajudicial do Will Bank um dia ap\u00f3s a Mastercard bloquear cart\u00f5es da fintech pela falta de pagamento de valores devidos. A bandeira executou garantias de d\u00edvida e passou a ter parte das a\u00e7\u00f5es do Banco de Bras\u00edlia (BRB) e da varejista de m\u00f3veis online Westwing.<\/p>\n\n\n\n<p class=\"newsProviderSignature\">Com Estad\u00e3o Conte\u00fado<\/p>\n\n\n\t<p>\n\t\t<a href=\"https:\/\/lp.suno.com.br\/planilha-da-vida-financeira\/\" target=\"_blank\" data-element=\"shortcode-suno-banner\" title=\"Banner SUNO, clique e saiba mais\">\n\t\t\t<picture>\n\t\t\t\t<source media=\"(max-width: 500px)\" srcset=\"https:\/\/files.sunoresearch.com.br\/n\/uploads\/2023\/04\/400x300-Planilha-vida-financeira-true.png\">\n\t\t\t\t<img class=\"newsContent__article__imgCapa newsContent__article__imgCapa--banner\"\n\t\t\t\t\tsrc=\"https:\/\/files.sunoresearch.com.br\/n\/uploads\/2023\/04\/1420x240-Planilha-vida-financeira-true.png\"\n\t\t\t\t\tdata-promo-id=\"383123\"\t\t\t\t\t\t\t\t\t\twidth='1420' height='240'\t\t\t\t\talt=\"https:\/\/files.sunoresearch.com.br\/n\/uploads\/2023\/04\/1420x240-Planilha-vida-financeira-true.png\"\n\t\t\t\t>\n\t\t\t<\/picture>\n\t\t<\/a>\n\t<\/p>\n\n\n","protected":false},"excerpt":{"rendered":"<p>O Fundo Garantidor de Cr\u00e9dito (FGC) corrigiu uma informa\u00e7\u00e3o divulgada na quarta-feira, 21, relacionada \u00e0 data de corte no processo de garantia em favor de depositantes e investidores do Will Bank. A data da aquisi\u00e7\u00e3o do Will Bank pelo Master foi 30 de agosto de 2024, e n\u00e3o 22 de agosto de 2024, como constava [&hellip;]<\/p>\n","protected":false},"author":43,"featured_media":639396,"comment_status":"closed","ping_status":"closed","sticky":false,"template":"","format":"standard","meta":[],"categories":[64],"tags":[1842],"suno_strategy":[],"class_list":["post-639391","post","type-post","status-publish","format-standard","has-post-thumbnail","hentry","category-negocios","tag-banco-central-bc"],"yoast_head":"<!-- This site is optimized with the Yoast SEO plugin v24.4 - https:\/\/yoast.com\/wordpress\/plugins\/seo\/ -->\n<title>FGC corrige informa\u00e7\u00e3o relacionada \u00e0 garantias do Will Bank<\/title>\n<meta name=\"description\" content=\"O Fundo Garantidor de Cr\u00e9dito (FGC) corrigiu uma informa\u00e7\u00e3o relacionada \u00e0 garantia de depositantes e investidores do Will Bank. Leia mais.\" \/>\n<meta name=\"robots\" content=\"index, follow, max-snippet:-1, max-image-preview:large, max-video-preview:-1\" \/>\n<link rel=\"canonical\" href=\"https:\/\/www.suno.com.br\/noticias\/fgc-corrige-informacao-relacionada-a-data-de-corte-will-bank-go\/\" \/>\n<meta property=\"og:locale\" content=\"pt_BR\" \/>\n<meta property=\"og:type\" content=\"article\" \/>\n<meta property=\"og:title\" content=\"FGC corrige informa\u00e7\u00e3o relacionada \u00e0 garantias do Will Bank\" \/>\n<meta property=\"og:description\" content=\"O Fundo Garantidor de Cr\u00e9dito (FGC) corrigiu uma informa\u00e7\u00e3o relacionada \u00e0 garantia de depositantes e investidores do Will Bank. Leia mais.\" \/>\n<meta property=\"og:url\" content=\"https:\/\/www.suno.com.br\/noticias\/fgc-corrige-informacao-relacionada-a-data-de-corte-will-bank-go\/\" \/>\n<meta property=\"og:site_name\" content=\"Suno Not\u00edcias\" \/>\n<meta property=\"article:publisher\" content=\"https:\/\/facebook.com\/sunoresearch\" \/>\n<meta property=\"article:author\" content=\"https:\/\/www.facebook.com\/sunonoticias\/\" \/>\n<meta property=\"og:image\" content=\"https:\/\/files.sunoresearch.com.br\/n\/uploads\/2026\/01\/6970bb4bd7288-1-jpg.webp\" \/>\n\t<meta property=\"og:image:width\" content=\"1200\" \/>\n\t<meta property=\"og:image:height\" content=\"675\" \/>\n\t<meta property=\"og:image:type\" content=\"image\/jpeg\" \/>\n<meta name=\"author\" content=\"Reda\u00e7\u00e3o Suno Not\u00edcias\" \/>\n<meta name=\"twitter:card\" content=\"summary_large_image\" \/>\n<meta name=\"twitter:creator\" content=\"@https:\/\/twitter.com\/sunoresearch\" \/>\n<meta name=\"twitter:site\" content=\"@sunoresearch\" \/>\n<meta name=\"twitter:label1\" content=\"Escrito por\" \/>\n\t<meta name=\"twitter:data1\" content=\"Reda\u00e7\u00e3o Suno Not\u00edcias\" \/>\n\t<meta name=\"twitter:label2\" content=\"Est. tempo de leitura\" \/>\n\t<meta name=\"twitter:data2\" content=\"3 minutos\" \/>\n<script type=\"application\/ld+json\" class=\"yoast-schema-graph\">{\"@context\":\"https:\/\/schema.org\",\"@graph\":[{\"@type\":\"NewsArticle\",\"@id\":\"https:\/\/www.suno.com.br\/noticias\/fgc-corrige-informacao-relacionada-a-data-de-corte-will-bank-go\/#article\",\"isPartOf\":{\"@id\":\"https:\/\/www.suno.com.br\/noticias\/fgc-corrige-informacao-relacionada-a-data-de-corte-will-bank-go\/\"},\"author\":{\"name\":\"Reda\u00e7\u00e3o Suno Not\u00edcias\",\"@id\":\"https:\/\/www.suno.com.br\/noticias\/#\/schema\/person\/c1b1bd3727fa852bd045e9dbff3673ea\"},\"headline\":\"FGC corrige informa\u00e7\u00e3o relacionada \u00e0 garantias de credores do Will Bank\",\"datePublished\":\"2026-01-22T17:25:00+00:00\",\"dateModified\":\"2026-01-22T18:01:19+00:00\",\"mainEntityOfPage\":{\"@id\":\"https:\/\/www.suno.com.br\/noticias\/fgc-corrige-informacao-relacionada-a-data-de-corte-will-bank-go\/\"},\"wordCount\":396,\"publisher\":{\"@id\":\"https:\/\/www.suno.com.br\/noticias\/#organization\"},\"image\":{\"@id\":\"https:\/\/www.suno.com.br\/noticias\/fgc-corrige-informacao-relacionada-a-data-de-corte-will-bank-go\/#primaryimage\"},\"thumbnailUrl\":\"https:\/\/files.sunoresearch.com.br\/n\/uploads\/2026\/01\/6970bb4bd7288-1-jpg.webp\",\"keywords\":[\"Banco Central (BC)\"],\"articleSection\":[\"Neg\u00f3cios\"],\"inLanguage\":\"pt-BR\"},{\"@type\":\"WebPage\",\"@id\":\"https:\/\/www.suno.com.br\/noticias\/fgc-corrige-informacao-relacionada-a-data-de-corte-will-bank-go\/\",\"url\":\"https:\/\/www.suno.com.br\/noticias\/fgc-corrige-informacao-relacionada-a-data-de-corte-will-bank-go\/\",\"name\":\"FGC corrige informa\u00e7\u00e3o relacionada \u00e0 garantias do Will Bank\",\"isPartOf\":{\"@id\":\"https:\/\/www.suno.com.br\/noticias\/#website\"},\"primaryImageOfPage\":{\"@id\":\"https:\/\/www.suno.com.br\/noticias\/fgc-corrige-informacao-relacionada-a-data-de-corte-will-bank-go\/#primaryimage\"},\"image\":{\"@id\":\"https:\/\/www.suno.com.br\/noticias\/fgc-corrige-informacao-relacionada-a-data-de-corte-will-bank-go\/#primaryimage\"},\"thumbnailUrl\":\"https:\/\/files.sunoresearch.com.br\/n\/uploads\/2026\/01\/6970bb4bd7288-1-jpg.webp\",\"datePublished\":\"2026-01-22T17:25:00+00:00\",\"dateModified\":\"2026-01-22T18:01:19+00:00\",\"description\":\"O Fundo Garantidor de Cr\u00e9dito (FGC) corrigiu uma informa\u00e7\u00e3o relacionada \u00e0 garantia de depositantes e investidores do Will Bank. Leia mais.\",\"breadcrumb\":{\"@id\":\"https:\/\/www.suno.com.br\/noticias\/fgc-corrige-informacao-relacionada-a-data-de-corte-will-bank-go\/#breadcrumb\"},\"inLanguage\":\"pt-BR\",\"potentialAction\":[{\"@type\":\"ReadAction\",\"target\":[\"https:\/\/www.suno.com.br\/noticias\/fgc-corrige-informacao-relacionada-a-data-de-corte-will-bank-go\/\"]}]},{\"@type\":\"ImageObject\",\"inLanguage\":\"pt-BR\",\"@id\":\"https:\/\/www.suno.com.br\/noticias\/fgc-corrige-informacao-relacionada-a-data-de-corte-will-bank-go\/#primaryimage\",\"url\":\"https:\/\/files.sunoresearch.com.br\/n\/uploads\/2026\/01\/6970bb4bd7288-1-jpg.webp\",\"contentUrl\":\"https:\/\/files.sunoresearch.com.br\/n\/uploads\/2026\/01\/6970bb4bd7288-1-jpg.webp\",\"width\":1200,\"height\":675,\"caption\":\"Will Bank. Foto: Divulga\u00e7\u00e3o\"},{\"@type\":\"BreadcrumbList\",\"@id\":\"https:\/\/www.suno.com.br\/noticias\/fgc-corrige-informacao-relacionada-a-data-de-corte-will-bank-go\/#breadcrumb\",\"itemListElement\":[{\"@type\":\"ListItem\",\"position\":1,\"name\":\"Not\u00edcias\",\"item\":\"https:\/\/www.suno.com.br\/noticias\/\"},{\"@type\":\"ListItem\",\"position\":2,\"name\":\"Neg\u00f3cios\",\"item\":\"https:\/\/www.suno.com.br\/noticias\/negocios\/\"},{\"@type\":\"ListItem\",\"position\":3,\"name\":\"FGC corrige informa\u00e7\u00e3o relacionada \u00e0 garantias de credores do Will Bank\"}]},{\"@type\":\"WebSite\",\"@id\":\"https:\/\/www.suno.com.br\/noticias\/#website\",\"url\":\"https:\/\/www.suno.com.br\/noticias\/\",\"name\":\"Suno Not\u00edcias\",\"description\":\"Seu portal de informa\u00e7\u00e3o sobre o mundo dos investimentos\",\"publisher\":{\"@id\":\"https:\/\/www.suno.com.br\/noticias\/#organization\"},\"potentialAction\":[{\"@type\":\"SearchAction\",\"target\":{\"@type\":\"EntryPoint\",\"urlTemplate\":\"https:\/\/www.suno.com.br\/noticias\/?s={search_term_string}\"},\"query-input\":{\"@type\":\"PropertyValueSpecification\",\"valueRequired\":true,\"valueName\":\"search_term_string\"}}],\"inLanguage\":\"pt-BR\"},{\"@type\":\"Organization\",\"@id\":\"https:\/\/www.suno.com.br\/noticias\/#organization\",\"name\":\"Suno Not\u00edcias\",\"url\":\"https:\/\/www.suno.com.br\/noticias\/\",\"logo\":{\"@type\":\"ImageObject\",\"inLanguage\":\"pt-BR\",\"@id\":\"https:\/\/www.suno.com.br\/noticias\/#\/schema\/logo\/image\/\",\"url\":\"https:\/\/files.sunoresearch.com.br\/n\/uploads\/2021\/09\/suno-logo.png\",\"contentUrl\":\"https:\/\/files.sunoresearch.com.br\/n\/uploads\/2021\/09\/suno-logo.png\",\"width\":180,\"height\":180,\"caption\":\"Suno Not\u00edcias\"},\"image\":{\"@id\":\"https:\/\/www.suno.com.br\/noticias\/#\/schema\/logo\/image\/\"},\"sameAs\":[\"https:\/\/facebook.com\/sunoresearch\",\"https:\/\/x.com\/sunoresearch\",\"https:\/\/www.instagram.com\/suno\",\"https:\/\/www.linkedin.com\/company\/suno-research\/\",\"https:\/\/www.youtube.com\/c\/sunoresearch\"]},{\"@type\":\"Person\",\"@id\":\"https:\/\/www.suno.com.br\/noticias\/#\/schema\/person\/c1b1bd3727fa852bd045e9dbff3673ea\",\"name\":\"Reda\u00e7\u00e3o Suno Not\u00edcias\",\"image\":{\"@type\":\"ImageObject\",\"inLanguage\":\"pt-BR\",\"@id\":\"https:\/\/www.suno.com.br\/noticias\/#\/schema\/person\/image\/\",\"url\":\"https:\/\/secure.gravatar.com\/avatar\/b8104b9b5a71985d5238ee59fbe418af?s=96&r=g\",\"contentUrl\":\"https:\/\/secure.gravatar.com\/avatar\/b8104b9b5a71985d5238ee59fbe418af?s=96&r=g\",\"caption\":\"Reda\u00e7\u00e3o Suno Not\u00edcias\"},\"description\":\"O Suno Not\u00edcias \u00e9 um portal de informa\u00e7\u00f5es sobre Mercado Financeiro, Pol\u00edtica, Neg\u00f3cios, Economia e Finan\u00e7as Pessoais.\",\"sameAs\":[\"https:\/\/www.suno.com.br\/noticias\",\"https:\/\/www.facebook.com\/sunonoticias\/\",\"https:\/\/www.instagram.com\/sunonoticias\/\",\"https:\/\/x.com\/https:\/\/twitter.com\/sunoresearch\",\"https:\/\/www.youtube.com\/sunonoticias\"],\"url\":\"https:\/\/www.suno.com.br\/noticias\/author\/redacao-suno\/\"}]}<\/script>\n<!-- \/ Yoast SEO plugin. -->","yoast_head_json":{"title":"FGC corrige informa\u00e7\u00e3o relacionada \u00e0 garantias do Will Bank","description":"O Fundo Garantidor de Cr\u00e9dito (FGC) corrigiu uma informa\u00e7\u00e3o relacionada \u00e0 garantia de depositantes e investidores do Will Bank. Leia mais.","robots":{"index":"index","follow":"follow","max-snippet":"max-snippet:-1","max-image-preview":"max-image-preview:large","max-video-preview":"max-video-preview:-1"},"canonical":"https:\/\/www.suno.com.br\/noticias\/fgc-corrige-informacao-relacionada-a-data-de-corte-will-bank-go\/","og_locale":"pt_BR","og_type":"article","og_title":"FGC corrige informa\u00e7\u00e3o relacionada \u00e0 garantias do Will Bank","og_description":"O Fundo Garantidor de Cr\u00e9dito (FGC) corrigiu uma informa\u00e7\u00e3o relacionada \u00e0 garantia de depositantes e investidores do Will Bank. Leia mais.","og_url":"https:\/\/www.suno.com.br\/noticias\/fgc-corrige-informacao-relacionada-a-data-de-corte-will-bank-go\/","og_site_name":"Suno Not\u00edcias","article_publisher":"https:\/\/facebook.com\/sunoresearch","article_author":"https:\/\/www.facebook.com\/sunonoticias\/","og_image":[{"width":1200,"height":675,"url":"https:\/\/files.sunoresearch.com.br\/n\/uploads\/2026\/01\/6970bb4bd7288-1-jpg.webp","type":"image\/jpeg"}],"author":"Reda\u00e7\u00e3o Suno Not\u00edcias","twitter_card":"summary_large_image","twitter_creator":"@https:\/\/twitter.com\/sunoresearch","twitter_site":"@sunoresearch","twitter_misc":{"Escrito por":"Reda\u00e7\u00e3o Suno Not\u00edcias","Est. tempo de leitura":"3 minutos"},"schema":{"@context":"https:\/\/schema.org","@graph":[{"@type":"NewsArticle","@id":"https:\/\/www.suno.com.br\/noticias\/fgc-corrige-informacao-relacionada-a-data-de-corte-will-bank-go\/#article","isPartOf":{"@id":"https:\/\/www.suno.com.br\/noticias\/fgc-corrige-informacao-relacionada-a-data-de-corte-will-bank-go\/"},"author":{"name":"Reda\u00e7\u00e3o Suno Not\u00edcias","@id":"https:\/\/www.suno.com.br\/noticias\/#\/schema\/person\/c1b1bd3727fa852bd045e9dbff3673ea"},"headline":"FGC corrige informa\u00e7\u00e3o relacionada \u00e0 garantias de credores do Will Bank","datePublished":"2026-01-22T17:25:00+00:00","dateModified":"2026-01-22T18:01:19+00:00","mainEntityOfPage":{"@id":"https:\/\/www.suno.com.br\/noticias\/fgc-corrige-informacao-relacionada-a-data-de-corte-will-bank-go\/"},"wordCount":396,"publisher":{"@id":"https:\/\/www.suno.com.br\/noticias\/#organization"},"image":{"@id":"https:\/\/www.suno.com.br\/noticias\/fgc-corrige-informacao-relacionada-a-data-de-corte-will-bank-go\/#primaryimage"},"thumbnailUrl":"https:\/\/files.sunoresearch.com.br\/n\/uploads\/2026\/01\/6970bb4bd7288-1-jpg.webp","keywords":["Banco Central (BC)"],"articleSection":["Neg\u00f3cios"],"inLanguage":"pt-BR"},{"@type":"WebPage","@id":"https:\/\/www.suno.com.br\/noticias\/fgc-corrige-informacao-relacionada-a-data-de-corte-will-bank-go\/","url":"https:\/\/www.suno.com.br\/noticias\/fgc-corrige-informacao-relacionada-a-data-de-corte-will-bank-go\/","name":"FGC corrige informa\u00e7\u00e3o relacionada \u00e0 garantias do Will Bank","isPartOf":{"@id":"https:\/\/www.suno.com.br\/noticias\/#website"},"primaryImageOfPage":{"@id":"https:\/\/www.suno.com.br\/noticias\/fgc-corrige-informacao-relacionada-a-data-de-corte-will-bank-go\/#primaryimage"},"image":{"@id":"https:\/\/www.suno.com.br\/noticias\/fgc-corrige-informacao-relacionada-a-data-de-corte-will-bank-go\/#primaryimage"},"thumbnailUrl":"https:\/\/files.sunoresearch.com.br\/n\/uploads\/2026\/01\/6970bb4bd7288-1-jpg.webp","datePublished":"2026-01-22T17:25:00+00:00","dateModified":"2026-01-22T18:01:19+00:00","description":"O Fundo Garantidor de Cr\u00e9dito (FGC) corrigiu uma informa\u00e7\u00e3o relacionada \u00e0 garantia de depositantes e investidores do Will Bank. Leia mais.","breadcrumb":{"@id":"https:\/\/www.suno.com.br\/noticias\/fgc-corrige-informacao-relacionada-a-data-de-corte-will-bank-go\/#breadcrumb"},"inLanguage":"pt-BR","potentialAction":[{"@type":"ReadAction","target":["https:\/\/www.suno.com.br\/noticias\/fgc-corrige-informacao-relacionada-a-data-de-corte-will-bank-go\/"]}]},{"@type":"ImageObject","inLanguage":"pt-BR","@id":"https:\/\/www.suno.com.br\/noticias\/fgc-corrige-informacao-relacionada-a-data-de-corte-will-bank-go\/#primaryimage","url":"https:\/\/files.sunoresearch.com.br\/n\/uploads\/2026\/01\/6970bb4bd7288-1-jpg.webp","contentUrl":"https:\/\/files.sunoresearch.com.br\/n\/uploads\/2026\/01\/6970bb4bd7288-1-jpg.webp","width":1200,"height":675,"caption":"Will Bank. Foto: Divulga\u00e7\u00e3o"},{"@type":"BreadcrumbList","@id":"https:\/\/www.suno.com.br\/noticias\/fgc-corrige-informacao-relacionada-a-data-de-corte-will-bank-go\/#breadcrumb","itemListElement":[{"@type":"ListItem","position":1,"name":"Not\u00edcias","item":"https:\/\/www.suno.com.br\/noticias\/"},{"@type":"ListItem","position":2,"name":"Neg\u00f3cios","item":"https:\/\/www.suno.com.br\/noticias\/negocios\/"},{"@type":"ListItem","position":3,"name":"FGC corrige informa\u00e7\u00e3o relacionada \u00e0 garantias de credores do Will Bank"}]},{"@type":"WebSite","@id":"https:\/\/www.suno.com.br\/noticias\/#website","url":"https:\/\/www.suno.com.br\/noticias\/","name":"Suno Not\u00edcias","description":"Seu portal de informa\u00e7\u00e3o sobre o mundo dos investimentos","publisher":{"@id":"https:\/\/www.suno.com.br\/noticias\/#organization"},"potentialAction":[{"@type":"SearchAction","target":{"@type":"EntryPoint","urlTemplate":"https:\/\/www.suno.com.br\/noticias\/?s={search_term_string}"},"query-input":{"@type":"PropertyValueSpecification","valueRequired":true,"valueName":"search_term_string"}}],"inLanguage":"pt-BR"},{"@type":"Organization","@id":"https:\/\/www.suno.com.br\/noticias\/#organization","name":"Suno Not\u00edcias","url":"https:\/\/www.suno.com.br\/noticias\/","logo":{"@type":"ImageObject","inLanguage":"pt-BR","@id":"https:\/\/www.suno.com.br\/noticias\/#\/schema\/logo\/image\/","url":"https:\/\/files.sunoresearch.com.br\/n\/uploads\/2021\/09\/suno-logo.png","contentUrl":"https:\/\/files.sunoresearch.com.br\/n\/uploads\/2021\/09\/suno-logo.png","width":180,"height":180,"caption":"Suno Not\u00edcias"},"image":{"@id":"https:\/\/www.suno.com.br\/noticias\/#\/schema\/logo\/image\/"},"sameAs":["https:\/\/facebook.com\/sunoresearch","https:\/\/x.com\/sunoresearch","https:\/\/www.instagram.com\/suno","https:\/\/www.linkedin.com\/company\/suno-research\/","https:\/\/www.youtube.com\/c\/sunoresearch"]},{"@type":"Person","@id":"https:\/\/www.suno.com.br\/noticias\/#\/schema\/person\/c1b1bd3727fa852bd045e9dbff3673ea","name":"Reda\u00e7\u00e3o Suno Not\u00edcias","image":{"@type":"ImageObject","inLanguage":"pt-BR","@id":"https:\/\/www.suno.com.br\/noticias\/#\/schema\/person\/image\/","url":"https:\/\/secure.gravatar.com\/avatar\/b8104b9b5a71985d5238ee59fbe418af?s=96&r=g","contentUrl":"https:\/\/secure.gravatar.com\/avatar\/b8104b9b5a71985d5238ee59fbe418af?s=96&r=g","caption":"Reda\u00e7\u00e3o Suno Not\u00edcias"},"description":"O Suno Not\u00edcias \u00e9 um portal de informa\u00e7\u00f5es sobre Mercado Financeiro, Pol\u00edtica, Neg\u00f3cios, Economia e Finan\u00e7as Pessoais.","sameAs":["https:\/\/www.suno.com.br\/noticias","https:\/\/www.facebook.com\/sunonoticias\/","https:\/\/www.instagram.com\/sunonoticias\/","https:\/\/x.com\/https:\/\/twitter.com\/sunoresearch","https:\/\/www.youtube.com\/sunonoticias"],"url":"https:\/\/www.suno.com.br\/noticias\/author\/redacao-suno\/"}]}},"default_loop_html":"<div class=\"cardsPage__listCard__boxs\"><div class=\"cardsPage__listCard__boxs__img\"><a href=\"https:\/\/www.suno.com.br\/noticias\/fgc-corrige-informacao-relacionada-a-data-de-corte-will-bank-go\/\"><img class=\"mask\" src=\"https:\/\/www.suno.com.br\/noticias\/wp-content\/themes\/suno\/resources\/images\/spotlight\/spotlight1img\/bg-mask.png\" alt=\"Image Mask\"\/><img src=\"https:\/\/files.sunoresearch.com.br\/n\/uploads\/2026\/01\/6970bb4bd7288-1-400x200.webp\" alt=\"FGC corrige informa\u00e7\u00e3o relacionada \u00e0 garantias de credores do Will Bank\"\/><\/a><span class=\"spotlightCategory\"><a href=\"https:\/\/www.suno.com.br\/noticias\/negocios\/\">Neg\u00f3cios<\/a><\/span><\/div><div class=\"cardsPage__listCard__boxs__content\"><a href=\"https:\/\/www.suno.com.br\/noticias\/fgc-corrige-informacao-relacionada-a-data-de-corte-will-bank-go\/\"><h2 class=\"content__title\">FGC corrige informa\u00e7\u00e3o relacionada \u00e0 garantias de credores do Will Bank<\/h2><\/a><div class=\"newsContent__article__meta\"><div class=\"newsContent__article__meta__authorBox\"><a href=\"https:\/\/www.suno.com.br\/noticias\/author\/redacao-suno\/\" class=\"authorBox__avatar noMobi\"><img src=\"https:\/\/files.sunoresearch.com.br\/n\/uploads\/2020\/08\/0ace682d-redacao-1-150x150.webp\" alt=\"Reda\u00e7\u00e3o Suno Not\u00edcias\"><\/a><div class=\"authorBox__name\"><span>por\n\t\t\t<a href=\"https:\/\/www.suno.com.br\/noticias\/author\/redacao-suno\/\"><span itemprop=\"author\">Reda\u00e7\u00e3o Suno Not\u00edcias<\/span><\/a><\/span><time datetime=\"2026-01-22T14:25:00-03:00\" itemprop=\"datePublished\">22\/01\/2026 14:25<\/time><\/div><\/div><\/div><\/div><\/div>","single_layout":"posts","amp_enabled":true,"_links":{"self":[{"href":"https:\/\/www.suno.com.br\/noticias\/wp-json\/wp\/v2\/posts\/639391"}],"collection":[{"href":"https:\/\/www.suno.com.br\/noticias\/wp-json\/wp\/v2\/posts"}],"about":[{"href":"https:\/\/www.suno.com.br\/noticias\/wp-json\/wp\/v2\/types\/post"}],"author":[{"embeddable":true,"href":"https:\/\/www.suno.com.br\/noticias\/wp-json\/wp\/v2\/users\/43"}],"replies":[{"embeddable":true,"href":"https:\/\/www.suno.com.br\/noticias\/wp-json\/wp\/v2\/comments?post=639391"}],"version-history":[{"count":1,"href":"https:\/\/www.suno.com.br\/noticias\/wp-json\/wp\/v2\/posts\/639391\/revisions"}],"predecessor-version":[{"id":639398,"href":"https:\/\/www.suno.com.br\/noticias\/wp-json\/wp\/v2\/posts\/639391\/revisions\/639398"}],"wp:featuredmedia":[{"embeddable":true,"href":"https:\/\/www.suno.com.br\/noticias\/wp-json\/wp\/v2\/media\/639396"}],"wp:attachment":[{"href":"https:\/\/www.suno.com.br\/noticias\/wp-json\/wp\/v2\/media?parent=639391"}],"wp:term":[{"taxonomy":"category","embeddable":true,"href":"https:\/\/www.suno.com.br\/noticias\/wp-json\/wp\/v2\/categories?post=639391"},{"taxonomy":"post_tag","embeddable":true,"href":"https:\/\/www.suno.com.br\/noticias\/wp-json\/wp\/v2\/tags?post=639391"},{"taxonomy":"suno_strategy","embeddable":true,"href":"https:\/\/www.suno.com.br\/noticias\/wp-json\/wp\/v2\/suno_strategy?post=639391"}],"curies":[{"name":"wp","href":"https:\/\/api.w.org\/{rel}","templated":true}]}}