{"id":639361,"date":"2026-01-22T11:45:20","date_gmt":"2026-01-22T14:45:20","guid":{"rendered":"https:\/\/www.suno.com.br\/noticias\/btg-pactual-age-vvco11\/"},"modified":"2026-01-22T11:45:20","modified_gmt":"2026-01-22T14:45:20","slug":"btg-pactual-age-vvco11","status":"publish","type":"post","link":"https:\/\/www.suno.com.br\/noticias\/btg-pactual-age-vvco11\/","title":{"rendered":"BTG Pactual avalia pedido de AGE do VVCO11 feito por majorit\u00e1rio"},"content":{"rendered":"<p>A administradora BTG Pactual Servi\u00e7os Financeiros S.A. DTVM informou ter recebido pedido formal para convoca\u00e7\u00e3o de Assembleia Geral Extraordin\u00e1ria do <strong>VVCO11<\/strong>, feito por um investidor que det\u00e9m aproximadamente 53,78% das cotas. A institui\u00e7\u00e3o confirmou a regularidade da representa\u00e7\u00e3o do cotista e comunicou o in\u00edcio da <a class=\"suno-keyword\" href=\"https:\/\/www.suno.com.br\/artigos\/analise-tecnica\/\" target=\"_blank\" rel=\"noopener\" data-force=\"no\" data-priority=\"1\">an\u00e1lise t\u00e9cnica<\/a> do conte\u00fado protocolado.<\/p>\t<div class=\"wrapper-featured-image\">\n\t\t<figure class=\"spotlightImg\">\n\n\t\t\t<picture>\n\t\t\t\t<source media=\"(max-width: 768px)\" srcset=\"https:\/\/files.sunoresearch.com.br\/n\/uploads\/2026\/01\/FIIs-IFIX-predios-pb-5-1-400x200.webp\">\n\t\t\t\t<img loading=\"lazy\" decoding=\"async\" class=\"newsContent__article__imgCapa lazyloadDisabled \" src=\"https:\/\/files.sunoresearch.com.br\/n\/uploads\/2026\/01\/FIIs-IFIX-predios-pb-5-1-800x450.webp\" width=\"800\" height=\"450\" alt=\"BTG Pactual avalia pedido de AGE do VVCO11 feito por majorit\u00e1rio\" fetchpriority=high \/>\n\t\t\t<\/picture>\n\n\t\t\t<figcaption class=\"wp-caption-text wp-caption-text--show\">VVCO11 recebe pedido de convoca\u00e7\u00e3o de assembleia para discutir taxas Foto: Pixabay<\/figcaption>\n\t\t<\/figure>\n\t<\/div>\n\n\n<p>Segundo o fato relevante, a verifica\u00e7\u00e3o documental foi conclu\u00edda, e a administradora passou \u00e0 etapa de avalia\u00e7\u00e3o de m\u00e9rito do pedido. O processo abrange a checagem de conformidade regulat\u00f3ria e ader\u00eancia \u00e0s regras aplic\u00e1veis aos fundos imobili\u00e1rios, resguardando a transpar\u00eancia e a equidade entre cotistas. A an\u00e1lise envolve \u00e1reas jur\u00eddicas e de governan\u00e7a, em linha com as melhores pr\u00e1ticas do mercado.<\/p>\n<p>A BTG Pactual disp\u00f5e de at\u00e9 30 dias corridos, contados do recebimento, para decidir sobre a convoca\u00e7\u00e3o da <strong>Assembleia Geral Extraordin\u00e1ria<\/strong>. Caso o pleito seja acatado, ser\u00e3o observados todos os ritos formais de divulga\u00e7\u00e3o, prazos e canais oficiais, garantindo acesso ison\u00f4mico \u00e0s informa\u00e7\u00f5es e participa\u00e7\u00e3o dos investidores. Eventual convoca\u00e7\u00e3o contemplar\u00e1 a pauta integral submetida pelo cotista.<\/p>\n<p>No momento, o pedido permanece em avalia\u00e7\u00e3o, sem delibera\u00e7\u00f5es tomadas pela administradora. O teor completo da solicita\u00e7\u00e3o foi anexado ao comunicado disponibilizado aos cotistas, permitindo o acompanhamento do processo decis\u00f3rio. A BTG refor\u00e7ou que a iniciativa n\u00e3o altera, por ora, o calend\u00e1rio operacional do fundo.<\/p>\n<p>A gestora destacou que n\u00e3o h\u00e1 impactos imediatos no <strong>portf\u00f3lio do fundo<\/strong>, na gest\u00e3o dos <strong>ativos imobili\u00e1rios<\/strong> nem na pol\u00edtica de <strong>rendimentos distribu\u00eddos<\/strong>. A rotina de administra\u00e7\u00e3o, <a class=\"suno-keyword\" href=\"https:\/\/www.suno.com.br\/artigos\/gestao-de-caixa\/\" target=\"_blank\" rel=\"noopener\" data-force=\"no\" data-priority=\"1\">gest\u00e3o de caixa<\/a> e comunica\u00e7\u00e3o de resultados segue inalterada, preservando a previsibilidade aos participantes do mercado.<\/p>\n<p>Sem se posicionar sobre os temas que podem compor a pauta, a administradora mant\u00e9m postura t\u00e9cnica na avalia\u00e7\u00e3o. O cotista majorit\u00e1rio, ao exercer seus direitos, inaugura um procedimento de governan\u00e7a que, se confirmado, dever\u00e1 refletir a participa\u00e7\u00e3o ampla dos investidores do <strong>VVCO11<\/strong> na delibera\u00e7\u00e3o.<\/p>\n","protected":false},"excerpt":{"rendered":"<p>A administradora BTG Pactual Servi\u00e7os Financeiros S.A. DTVM informou ter recebido pedido formal para convoca\u00e7\u00e3o de Assembleia Geral Extraordin\u00e1ria do VVCO11, feito por um investidor que det\u00e9m aproximadamente 53,78% das cotas. A institui\u00e7\u00e3o confirmou a regularidade da representa\u00e7\u00e3o do cotista e comunicou o in\u00edcio da an\u00e1lise t\u00e9cnica do conte\u00fado protocolado. Segundo o fato relevante, a &hellip; Continued<\/p>\n","protected":false},"author":43,"featured_media":639362,"comment_status":"closed","ping_status":"closed","sticky":false,"template":"","format":"standard","meta":[],"categories":[66,64],"tags":[],"suno_strategy":[],"class_list":["post-639361","post","type-post","status-publish","format-standard","has-post-thumbnail","hentry","category-fiis","category-negocios"],"yoast_head":"<!-- This site is optimized with the Yoast SEO plugin v24.4 - https:\/\/yoast.com\/wordpress\/plugins\/seo\/ -->\n<title>BTG Pactual avalia pedido de AGE do VVCO11<\/title>\n<meta name=\"description\" content=\"BTG Pactual analisa pedido de AGE do VVCO11 feito por cotista majorit\u00e1rio. Decis\u00e3o sair\u00e1 em at\u00e9 30 dias, conforme regras dos FIIs.\" \/>\n<meta name=\"robots\" content=\"index, follow, max-snippet:-1, max-image-preview:large, max-video-preview:-1\" \/>\n<link rel=\"canonical\" href=\"https:\/\/www.suno.com.br\/noticias\/btg-pactual-age-vvco11\/\" \/>\n<meta property=\"og:locale\" content=\"pt_BR\" \/>\n<meta property=\"og:type\" content=\"article\" \/>\n<meta property=\"og:title\" content=\"BTG Pactual avalia pedido de AGE do VVCO11\" \/>\n<meta property=\"og:description\" content=\"BTG Pactual analisa pedido de AGE do VVCO11 feito por cotista majorit\u00e1rio. Decis\u00e3o sair\u00e1 em at\u00e9 30 dias, conforme regras dos FIIs.\" \/>\n<meta property=\"og:url\" content=\"https:\/\/www.suno.com.br\/noticias\/btg-pactual-age-vvco11\/\" \/>\n<meta property=\"og:site_name\" content=\"Suno Not\u00edcias\" \/>\n<meta property=\"article:publisher\" content=\"https:\/\/facebook.com\/sunoresearch\" \/>\n<meta property=\"article:author\" content=\"https:\/\/www.facebook.com\/sunonoticias\/\" \/>\n<meta property=\"og:image\" content=\"http:\/\/files.sunoresearch.com.br\/n\/uploads\/2026\/01\/FIIs-IFIX-predios-pb-5-1-jpg.webp\" \/>\n\t<meta property=\"og:image:width\" content=\"1280\" \/>\n\t<meta property=\"og:image:height\" content=\"721\" \/>\n\t<meta property=\"og:image:type\" content=\"image\/jpeg\" \/>\n<meta name=\"author\" content=\"Reda\u00e7\u00e3o Suno Not\u00edcias\" \/>\n<meta name=\"twitter:card\" content=\"summary_large_image\" \/>\n<meta name=\"twitter:creator\" content=\"@https:\/\/twitter.com\/sunoresearch\" \/>\n<meta name=\"twitter:site\" content=\"@sunoresearch\" \/>\n<meta name=\"twitter:label1\" content=\"Escrito por\" \/>\n\t<meta name=\"twitter:data1\" content=\"Reda\u00e7\u00e3o Suno Not\u00edcias\" \/>\n\t<meta name=\"twitter:label2\" content=\"Est. tempo de leitura\" \/>\n\t<meta name=\"twitter:data2\" content=\"2 minutos\" \/>\n<script type=\"application\/ld+json\" class=\"yoast-schema-graph\">{\"@context\":\"https:\/\/schema.org\",\"@graph\":[{\"@type\":\"NewsArticle\",\"@id\":\"https:\/\/www.suno.com.br\/noticias\/btg-pactual-age-vvco11\/#article\",\"isPartOf\":{\"@id\":\"https:\/\/www.suno.com.br\/noticias\/btg-pactual-age-vvco11\/\"},\"author\":{\"name\":\"Reda\u00e7\u00e3o Suno Not\u00edcias\",\"@id\":\"https:\/\/www.suno.com.br\/noticias\/#\/schema\/person\/c1b1bd3727fa852bd045e9dbff3673ea\"},\"headline\":\"BTG Pactual avalia pedido de AGE do VVCO11 feito por majorit\u00e1rio\",\"datePublished\":\"2026-01-22T14:45:20+00:00\",\"mainEntityOfPage\":{\"@id\":\"https:\/\/www.suno.com.br\/noticias\/btg-pactual-age-vvco11\/\"},\"wordCount\":364,\"publisher\":{\"@id\":\"https:\/\/www.suno.com.br\/noticias\/#organization\"},\"image\":{\"@id\":\"https:\/\/www.suno.com.br\/noticias\/btg-pactual-age-vvco11\/#primaryimage\"},\"thumbnailUrl\":\"https:\/\/files.sunoresearch.com.br\/n\/uploads\/2026\/01\/FIIs-IFIX-predios-pb-5-1-jpg.webp\",\"articleSection\":[\"FIIs\",\"Neg\u00f3cios\"],\"inLanguage\":\"pt-BR\"},{\"@type\":\"WebPage\",\"@id\":\"https:\/\/www.suno.com.br\/noticias\/btg-pactual-age-vvco11\/\",\"url\":\"https:\/\/www.suno.com.br\/noticias\/btg-pactual-age-vvco11\/\",\"name\":\"BTG Pactual avalia pedido de AGE do VVCO11\",\"isPartOf\":{\"@id\":\"https:\/\/www.suno.com.br\/noticias\/#website\"},\"primaryImageOfPage\":{\"@id\":\"https:\/\/www.suno.com.br\/noticias\/btg-pactual-age-vvco11\/#primaryimage\"},\"image\":{\"@id\":\"https:\/\/www.suno.com.br\/noticias\/btg-pactual-age-vvco11\/#primaryimage\"},\"thumbnailUrl\":\"https:\/\/files.sunoresearch.com.br\/n\/uploads\/2026\/01\/FIIs-IFIX-predios-pb-5-1-jpg.webp\",\"datePublished\":\"2026-01-22T14:45:20+00:00\",\"description\":\"BTG Pactual analisa pedido de AGE do VVCO11 feito por cotista majorit\u00e1rio. Decis\u00e3o sair\u00e1 em at\u00e9 30 dias, conforme regras dos FIIs.\",\"breadcrumb\":{\"@id\":\"https:\/\/www.suno.com.br\/noticias\/btg-pactual-age-vvco11\/#breadcrumb\"},\"inLanguage\":\"pt-BR\",\"potentialAction\":[{\"@type\":\"ReadAction\",\"target\":[\"https:\/\/www.suno.com.br\/noticias\/btg-pactual-age-vvco11\/\"]}]},{\"@type\":\"ImageObject\",\"inLanguage\":\"pt-BR\",\"@id\":\"https:\/\/www.suno.com.br\/noticias\/btg-pactual-age-vvco11\/#primaryimage\",\"url\":\"https:\/\/files.sunoresearch.com.br\/n\/uploads\/2026\/01\/FIIs-IFIX-predios-pb-5-1-jpg.webp\",\"contentUrl\":\"https:\/\/files.sunoresearch.com.br\/n\/uploads\/2026\/01\/FIIs-IFIX-predios-pb-5-1-jpg.webp\",\"width\":1280,\"height\":721,\"caption\":\"VVCO11 recebe pedido de convoca\u00e7\u00e3o de assembleia para discutir taxas Foto: Pixabay\"},{\"@type\":\"BreadcrumbList\",\"@id\":\"https:\/\/www.suno.com.br\/noticias\/btg-pactual-age-vvco11\/#breadcrumb\",\"itemListElement\":[{\"@type\":\"ListItem\",\"position\":1,\"name\":\"Not\u00edcias\",\"item\":\"https:\/\/www.suno.com.br\/noticias\/\"},{\"@type\":\"ListItem\",\"position\":2,\"name\":\"Neg\u00f3cios\",\"item\":\"https:\/\/www.suno.com.br\/noticias\/negocios\/\"},{\"@type\":\"ListItem\",\"position\":3,\"name\":\"BTG Pactual avalia pedido de AGE do VVCO11 feito por majorit\u00e1rio\"}]},{\"@type\":\"WebSite\",\"@id\":\"https:\/\/www.suno.com.br\/noticias\/#website\",\"url\":\"https:\/\/www.suno.com.br\/noticias\/\",\"name\":\"Suno Not\u00edcias\",\"description\":\"Seu portal de informa\u00e7\u00e3o sobre o mundo dos investimentos\",\"publisher\":{\"@id\":\"https:\/\/www.suno.com.br\/noticias\/#organization\"},\"potentialAction\":[{\"@type\":\"SearchAction\",\"target\":{\"@type\":\"EntryPoint\",\"urlTemplate\":\"https:\/\/www.suno.com.br\/noticias\/?s={search_term_string}\"},\"query-input\":{\"@type\":\"PropertyValueSpecification\",\"valueRequired\":true,\"valueName\":\"search_term_string\"}}],\"inLanguage\":\"pt-BR\"},{\"@type\":\"Organization\",\"@id\":\"https:\/\/www.suno.com.br\/noticias\/#organization\",\"name\":\"Suno Not\u00edcias\",\"url\":\"https:\/\/www.suno.com.br\/noticias\/\",\"logo\":{\"@type\":\"ImageObject\",\"inLanguage\":\"pt-BR\",\"@id\":\"https:\/\/www.suno.com.br\/noticias\/#\/schema\/logo\/image\/\",\"url\":\"https:\/\/files.sunoresearch.com.br\/n\/uploads\/2021\/09\/suno-logo.png\",\"contentUrl\":\"https:\/\/files.sunoresearch.com.br\/n\/uploads\/2021\/09\/suno-logo.png\",\"width\":180,\"height\":180,\"caption\":\"Suno Not\u00edcias\"},\"image\":{\"@id\":\"https:\/\/www.suno.com.br\/noticias\/#\/schema\/logo\/image\/\"},\"sameAs\":[\"https:\/\/facebook.com\/sunoresearch\",\"https:\/\/x.com\/sunoresearch\",\"https:\/\/www.instagram.com\/suno\",\"https:\/\/www.linkedin.com\/company\/suno-research\/\",\"https:\/\/www.youtube.com\/c\/sunoresearch\"]},{\"@type\":\"Person\",\"@id\":\"https:\/\/www.suno.com.br\/noticias\/#\/schema\/person\/c1b1bd3727fa852bd045e9dbff3673ea\",\"name\":\"Reda\u00e7\u00e3o Suno Not\u00edcias\",\"image\":{\"@type\":\"ImageObject\",\"inLanguage\":\"pt-BR\",\"@id\":\"https:\/\/www.suno.com.br\/noticias\/#\/schema\/person\/image\/\",\"url\":\"https:\/\/secure.gravatar.com\/avatar\/b8104b9b5a71985d5238ee59fbe418af?s=96&r=g\",\"contentUrl\":\"https:\/\/secure.gravatar.com\/avatar\/b8104b9b5a71985d5238ee59fbe418af?s=96&r=g\",\"caption\":\"Reda\u00e7\u00e3o Suno Not\u00edcias\"},\"description\":\"O Suno Not\u00edcias \u00e9 um portal de informa\u00e7\u00f5es sobre Mercado Financeiro, Pol\u00edtica, Neg\u00f3cios, Economia e Finan\u00e7as Pessoais.\",\"sameAs\":[\"https:\/\/www.suno.com.br\/noticias\",\"https:\/\/www.facebook.com\/sunonoticias\/\",\"https:\/\/www.instagram.com\/sunonoticias\/\",\"https:\/\/x.com\/https:\/\/twitter.com\/sunoresearch\",\"https:\/\/www.youtube.com\/sunonoticias\"],\"url\":\"https:\/\/www.suno.com.br\/noticias\/author\/redacao-suno\/\"}]}<\/script>\n<!-- \/ Yoast SEO plugin. -->","yoast_head_json":{"title":"BTG Pactual avalia pedido de AGE do VVCO11","description":"BTG Pactual analisa pedido de AGE do VVCO11 feito por cotista majorit\u00e1rio. Decis\u00e3o sair\u00e1 em at\u00e9 30 dias, conforme regras dos FIIs.","robots":{"index":"index","follow":"follow","max-snippet":"max-snippet:-1","max-image-preview":"max-image-preview:large","max-video-preview":"max-video-preview:-1"},"canonical":"https:\/\/www.suno.com.br\/noticias\/btg-pactual-age-vvco11\/","og_locale":"pt_BR","og_type":"article","og_title":"BTG Pactual avalia pedido de AGE do VVCO11","og_description":"BTG Pactual analisa pedido de AGE do VVCO11 feito por cotista majorit\u00e1rio. Decis\u00e3o sair\u00e1 em at\u00e9 30 dias, conforme regras dos FIIs.","og_url":"https:\/\/www.suno.com.br\/noticias\/btg-pactual-age-vvco11\/","og_site_name":"Suno Not\u00edcias","article_publisher":"https:\/\/facebook.com\/sunoresearch","article_author":"https:\/\/www.facebook.com\/sunonoticias\/","og_image":[{"width":1280,"height":721,"url":"http:\/\/files.sunoresearch.com.br\/n\/uploads\/2026\/01\/FIIs-IFIX-predios-pb-5-1-jpg.webp","type":"image\/jpeg"}],"author":"Reda\u00e7\u00e3o Suno Not\u00edcias","twitter_card":"summary_large_image","twitter_creator":"@https:\/\/twitter.com\/sunoresearch","twitter_site":"@sunoresearch","twitter_misc":{"Escrito por":"Reda\u00e7\u00e3o Suno Not\u00edcias","Est. tempo de leitura":"2 minutos"},"schema":{"@context":"https:\/\/schema.org","@graph":[{"@type":"NewsArticle","@id":"https:\/\/www.suno.com.br\/noticias\/btg-pactual-age-vvco11\/#article","isPartOf":{"@id":"https:\/\/www.suno.com.br\/noticias\/btg-pactual-age-vvco11\/"},"author":{"name":"Reda\u00e7\u00e3o Suno Not\u00edcias","@id":"https:\/\/www.suno.com.br\/noticias\/#\/schema\/person\/c1b1bd3727fa852bd045e9dbff3673ea"},"headline":"BTG Pactual avalia pedido de AGE do VVCO11 feito por majorit\u00e1rio","datePublished":"2026-01-22T14:45:20+00:00","mainEntityOfPage":{"@id":"https:\/\/www.suno.com.br\/noticias\/btg-pactual-age-vvco11\/"},"wordCount":364,"publisher":{"@id":"https:\/\/www.suno.com.br\/noticias\/#organization"},"image":{"@id":"https:\/\/www.suno.com.br\/noticias\/btg-pactual-age-vvco11\/#primaryimage"},"thumbnailUrl":"https:\/\/files.sunoresearch.com.br\/n\/uploads\/2026\/01\/FIIs-IFIX-predios-pb-5-1-jpg.webp","articleSection":["FIIs","Neg\u00f3cios"],"inLanguage":"pt-BR"},{"@type":"WebPage","@id":"https:\/\/www.suno.com.br\/noticias\/btg-pactual-age-vvco11\/","url":"https:\/\/www.suno.com.br\/noticias\/btg-pactual-age-vvco11\/","name":"BTG Pactual avalia pedido de AGE do VVCO11","isPartOf":{"@id":"https:\/\/www.suno.com.br\/noticias\/#website"},"primaryImageOfPage":{"@id":"https:\/\/www.suno.com.br\/noticias\/btg-pactual-age-vvco11\/#primaryimage"},"image":{"@id":"https:\/\/www.suno.com.br\/noticias\/btg-pactual-age-vvco11\/#primaryimage"},"thumbnailUrl":"https:\/\/files.sunoresearch.com.br\/n\/uploads\/2026\/01\/FIIs-IFIX-predios-pb-5-1-jpg.webp","datePublished":"2026-01-22T14:45:20+00:00","description":"BTG Pactual analisa pedido de AGE do VVCO11 feito por cotista majorit\u00e1rio. Decis\u00e3o sair\u00e1 em at\u00e9 30 dias, conforme regras dos FIIs.","breadcrumb":{"@id":"https:\/\/www.suno.com.br\/noticias\/btg-pactual-age-vvco11\/#breadcrumb"},"inLanguage":"pt-BR","potentialAction":[{"@type":"ReadAction","target":["https:\/\/www.suno.com.br\/noticias\/btg-pactual-age-vvco11\/"]}]},{"@type":"ImageObject","inLanguage":"pt-BR","@id":"https:\/\/www.suno.com.br\/noticias\/btg-pactual-age-vvco11\/#primaryimage","url":"https:\/\/files.sunoresearch.com.br\/n\/uploads\/2026\/01\/FIIs-IFIX-predios-pb-5-1-jpg.webp","contentUrl":"https:\/\/files.sunoresearch.com.br\/n\/uploads\/2026\/01\/FIIs-IFIX-predios-pb-5-1-jpg.webp","width":1280,"height":721,"caption":"VVCO11 recebe pedido de convoca\u00e7\u00e3o de assembleia para discutir taxas Foto: Pixabay"},{"@type":"BreadcrumbList","@id":"https:\/\/www.suno.com.br\/noticias\/btg-pactual-age-vvco11\/#breadcrumb","itemListElement":[{"@type":"ListItem","position":1,"name":"Not\u00edcias","item":"https:\/\/www.suno.com.br\/noticias\/"},{"@type":"ListItem","position":2,"name":"Neg\u00f3cios","item":"https:\/\/www.suno.com.br\/noticias\/negocios\/"},{"@type":"ListItem","position":3,"name":"BTG Pactual avalia pedido de AGE do VVCO11 feito por majorit\u00e1rio"}]},{"@type":"WebSite","@id":"https:\/\/www.suno.com.br\/noticias\/#website","url":"https:\/\/www.suno.com.br\/noticias\/","name":"Suno Not\u00edcias","description":"Seu portal de informa\u00e7\u00e3o sobre o mundo dos investimentos","publisher":{"@id":"https:\/\/www.suno.com.br\/noticias\/#organization"},"potentialAction":[{"@type":"SearchAction","target":{"@type":"EntryPoint","urlTemplate":"https:\/\/www.suno.com.br\/noticias\/?s={search_term_string}"},"query-input":{"@type":"PropertyValueSpecification","valueRequired":true,"valueName":"search_term_string"}}],"inLanguage":"pt-BR"},{"@type":"Organization","@id":"https:\/\/www.suno.com.br\/noticias\/#organization","name":"Suno Not\u00edcias","url":"https:\/\/www.suno.com.br\/noticias\/","logo":{"@type":"ImageObject","inLanguage":"pt-BR","@id":"https:\/\/www.suno.com.br\/noticias\/#\/schema\/logo\/image\/","url":"https:\/\/files.sunoresearch.com.br\/n\/uploads\/2021\/09\/suno-logo.png","contentUrl":"https:\/\/files.sunoresearch.com.br\/n\/uploads\/2021\/09\/suno-logo.png","width":180,"height":180,"caption":"Suno Not\u00edcias"},"image":{"@id":"https:\/\/www.suno.com.br\/noticias\/#\/schema\/logo\/image\/"},"sameAs":["https:\/\/facebook.com\/sunoresearch","https:\/\/x.com\/sunoresearch","https:\/\/www.instagram.com\/suno","https:\/\/www.linkedin.com\/company\/suno-research\/","https:\/\/www.youtube.com\/c\/sunoresearch"]},{"@type":"Person","@id":"https:\/\/www.suno.com.br\/noticias\/#\/schema\/person\/c1b1bd3727fa852bd045e9dbff3673ea","name":"Reda\u00e7\u00e3o Suno Not\u00edcias","image":{"@type":"ImageObject","inLanguage":"pt-BR","@id":"https:\/\/www.suno.com.br\/noticias\/#\/schema\/person\/image\/","url":"https:\/\/secure.gravatar.com\/avatar\/b8104b9b5a71985d5238ee59fbe418af?s=96&r=g","contentUrl":"https:\/\/secure.gravatar.com\/avatar\/b8104b9b5a71985d5238ee59fbe418af?s=96&r=g","caption":"Reda\u00e7\u00e3o Suno Not\u00edcias"},"description":"O Suno Not\u00edcias \u00e9 um portal de informa\u00e7\u00f5es sobre Mercado Financeiro, Pol\u00edtica, Neg\u00f3cios, Economia e Finan\u00e7as Pessoais.","sameAs":["https:\/\/www.suno.com.br\/noticias","https:\/\/www.facebook.com\/sunonoticias\/","https:\/\/www.instagram.com\/sunonoticias\/","https:\/\/x.com\/https:\/\/twitter.com\/sunoresearch","https:\/\/www.youtube.com\/sunonoticias"],"url":"https:\/\/www.suno.com.br\/noticias\/author\/redacao-suno\/"}]}},"default_loop_html":"<div class=\"cardsPage__listCard__boxs\"><div class=\"cardsPage__listCard__boxs__img\"><a href=\"https:\/\/www.suno.com.br\/noticias\/btg-pactual-age-vvco11\/\"><img class=\"mask\" src=\"https:\/\/www.suno.com.br\/noticias\/wp-content\/themes\/suno\/resources\/images\/spotlight\/spotlight1img\/bg-mask.png\" alt=\"Image Mask\"\/><img src=\"https:\/\/files.sunoresearch.com.br\/n\/uploads\/2026\/01\/FIIs-IFIX-predios-pb-5-1-400x200.webp\" alt=\"BTG Pactual avalia pedido de AGE do VVCO11 feito por majorit\u00e1rio\"\/><\/a><span class=\"spotlightCategory\"><a href=\"https:\/\/www.suno.com.br\/noticias\/fiis\/\">FIIs<\/a><\/span><\/div><div class=\"cardsPage__listCard__boxs__content\"><a href=\"https:\/\/www.suno.com.br\/noticias\/btg-pactual-age-vvco11\/\"><h2 class=\"content__title\">BTG Pactual avalia pedido de AGE do VVCO11 feito por majorit\u00e1rio<\/h2><\/a><div class=\"newsContent__article__meta\"><div class=\"newsContent__article__meta__authorBox\"><a href=\"https:\/\/www.suno.com.br\/noticias\/author\/redacao-suno\/\" class=\"authorBox__avatar noMobi\"><img src=\"https:\/\/files.sunoresearch.com.br\/n\/uploads\/2020\/08\/0ace682d-redacao-1-150x150.webp\" alt=\"Reda\u00e7\u00e3o Suno Not\u00edcias\"><\/a><div class=\"authorBox__name\"><span>por\n\t\t\t<a href=\"https:\/\/www.suno.com.br\/noticias\/author\/redacao-suno\/\"><span itemprop=\"author\">Reda\u00e7\u00e3o Suno Not\u00edcias<\/span><\/a><\/span><time datetime=\"2026-01-22T11:45:20-03:00\" itemprop=\"datePublished\">22\/01\/2026 11:45<\/time><\/div><\/div><\/div><\/div><\/div>","single_layout":"posts","amp_enabled":true,"_links":{"self":[{"href":"https:\/\/www.suno.com.br\/noticias\/wp-json\/wp\/v2\/posts\/639361"}],"collection":[{"href":"https:\/\/www.suno.com.br\/noticias\/wp-json\/wp\/v2\/posts"}],"about":[{"href":"https:\/\/www.suno.com.br\/noticias\/wp-json\/wp\/v2\/types\/post"}],"author":[{"embeddable":true,"href":"https:\/\/www.suno.com.br\/noticias\/wp-json\/wp\/v2\/users\/43"}],"replies":[{"embeddable":true,"href":"https:\/\/www.suno.com.br\/noticias\/wp-json\/wp\/v2\/comments?post=639361"}],"version-history":[{"count":0,"href":"https:\/\/www.suno.com.br\/noticias\/wp-json\/wp\/v2\/posts\/639361\/revisions"}],"wp:featuredmedia":[{"embeddable":true,"href":"https:\/\/www.suno.com.br\/noticias\/wp-json\/wp\/v2\/media\/639362"}],"wp:attachment":[{"href":"https:\/\/www.suno.com.br\/noticias\/wp-json\/wp\/v2\/media?parent=639361"}],"wp:term":[{"taxonomy":"category","embeddable":true,"href":"https:\/\/www.suno.com.br\/noticias\/wp-json\/wp\/v2\/categories?post=639361"},{"taxonomy":"post_tag","embeddable":true,"href":"https:\/\/www.suno.com.br\/noticias\/wp-json\/wp\/v2\/tags?post=639361"},{"taxonomy":"suno_strategy","embeddable":true,"href":"https:\/\/www.suno.com.br\/noticias\/wp-json\/wp\/v2\/suno_strategy?post=639361"}],"curies":[{"name":"wp","href":"https:\/\/api.w.org\/{rel}","templated":true}]}}