{"id":63933,"date":"2020-05-07T12:26:54","date_gmt":"2020-05-07T15:26:54","guid":{"rendered":"https:\/\/www.suno.com.br\/noticias\/?p=63933"},"modified":"2020-05-07T12:26:54","modified_gmt":"2020-05-07T15:26:54","slug":"ecorodovias-ecor3-registra-queda-de-29-no-trafego-com-pandemia","status":"publish","type":"post","link":"https:\/\/www.suno.com.br\/noticias\/ecorodovias-ecor3-registra-queda-de-29-no-trafego-com-pandemia\/","title":{"rendered":"Ecorodovias (ECOR3) registra queda de 29% no tr\u00e1fego com pandemia"},"content":{"rendered":"<p>A <strong><a href=\"https:\/\/www.suno.com.br\/acoes\/ecor3\/\">Ecorodovias (ECOR3)<\/a><\/strong> informou nesta quinta-feira (7) que em fun\u00e7\u00e3o da pandemia do novo coronav\u00edrus (covid-19) o volume de ve\u00edculos nas estradas caiu 29,1% entre 16 de mar\u00e7o e 5 de maio, em compara\u00e7\u00e3o com o mesmo per\u00edodo no ano passado.<\/p>\t<div class=\"wrapper-featured-image\">\n\t\t<figure class=\"spotlightImg\">\n\n\t\t\t<picture>\n\t\t\t\t<source media=\"(max-width: 768px)\" srcset=\"https:\/\/files.sunoresearch.com.br\/n\/uploads\/2019\/09\/f4bdad78-ecorodovias-400x200.webp\">\n\t\t\t\t<img loading=\"lazy\" decoding=\"async\" class=\"newsContent__article__imgCapa lazyloadDisabled newsContent__article__imgCapa--noCaption\" src=\"https:\/\/files.sunoresearch.com.br\/n\/uploads\/2019\/09\/f4bdad78-ecorodovias-800x450.webp\" width=\"800\" height=\"450\" alt=\"Ecorodovias (ECOR3) registra queda de 29% no tr\u00e1fego com pandemia\" fetchpriority=high \/>\n\t\t\t<\/picture>\n\n\t\t\t<figcaption class=\"wp-caption-text wp-caption-text--hide\">Ecorodovias (ECOR3). Foto: Divulga\u00e7\u00e3o<\/figcaption>\n\t\t<\/figure>\n\t<\/div>\n\n\n\n<p>A Ecorodovias informou que a Ecovias dos Imigrantes registrou uma queda de 28,1% no tr\u00e1fego neste per\u00edodo. Por sua vez, a Ecopistas, localizada tamb\u00e9m no estado de S\u00e3o Paulo, apresentou um recuou de 45,1%.<\/p>\n<p><a href=\"https:\/\/lp.suno.com.br\/suno-one\/\">Garanta acesso gratuito \u00e0 eBooks, Minicursos, Artigos e Video Aulas com um \u00fanico cadastro. Clique para saber mais!<\/a><\/p>\n<p>A concession\u00e1ria Ecoponte, no Rio de Janeiro, perdeu 47,2% de movimento. E, a Eco101, no Esp\u00edrito Santo registrou queda de 21,8%.\u00a0 No Paran\u00e1, a Ecocataratas teve diminui\u00e7\u00e3o de 21,1%. No Rio Grande do Sul a diminui\u00e7\u00e3o foi de 5,3% e, em Curitiba o movimento recuou 17,3%.<\/p>\n<h2>Ecorodovias registra queda de 24,6% no tr\u00e1fego nas estradas em 44 dias<\/h2>\n<p>A Ecorodovias informou no dia 30 de mar\u00e7o que o tr\u00e1fego de ve\u00edculos nas estradas sob sua concess\u00e3o teve queda de 24,6%, no per\u00edodo entre 16 de mar\u00e7o e 28 de abril deste ano, ante os mesmos dias de 2019. O in\u00edcio do intervalo utilizado para o c\u00e1lculo compreende o come\u00e7o da crise do novo <a href=\"https:\/\/www.suno.com.br\/noticias\/tags\/covid-19\/\">coronav\u00edrus (Covid-19)<\/a> no Brasil.<\/p>\n<p>Considerando o acumulado do ano at\u00e9 o dia 28 de abril, a queda no tr\u00e1fego foi de 2,3%. A administradora das rodovias que fazem parte do Corredor Ayrton Senna\/Carvalho Pinto em S\u00e3o Paulo, Ecopistas, foi a que registrou a maior queda, com 46,8% a menos no tr\u00e1fego, em rela\u00e7\u00e3o ao mesmo per\u00edodo do ano passado.<\/p>\n<p>A Ecovias do Sistema Imigrantes, em S\u00e3o Paulo, apresentou queda de 28,3% no volume de tr\u00e1fego. A Eco101, que corta uma regi\u00e3o do Esp\u00edrito Santos, registrou perda de 22,8% no tr\u00e1fego. A <strong>Ecorodovias<\/strong> salientou que a Ecoponte, que administra a ponte Rio-Niter\u00f3i, viu o tr\u00e1fego diminuir em 47,9% em pouco mais de 40 dias.<\/p>\n\n","protected":false},"excerpt":{"rendered":"<p>A Ecorodovias (ECOR3) informou nesta quinta-feira (7) que em fun\u00e7\u00e3o da pandemia do novo coronav\u00edrus (covid-19) o volume de ve\u00edculos nas estradas caiu 29,1% entre 16 de mar\u00e7o e 5 de maio, em compara\u00e7\u00e3o com o mesmo per\u00edodo no ano passado. Ecorodovias (ECOR3). Foto: Divulga\u00e7\u00e3o A Ecorodovias informou que a Ecovias dos Imigrantes registrou uma [&hellip;]<\/p>\n","protected":false},"author":15,"featured_media":39140,"comment_status":"closed","ping_status":"closed","sticky":false,"template":"","format":"standard","meta":[],"categories":[64],"tags":[452],"suno_strategy":[],"class_list":["post-63933","post","type-post","status-publish","format-standard","has-post-thumbnail","hentry","category-negocios","tag-ecorodovias-ecor3"],"yoast_head":"<!-- This site is optimized with the Yoast SEO plugin v24.4 - https:\/\/yoast.com\/wordpress\/plugins\/seo\/ -->\n<title>Ecorodovias (ECOR3) registra queda de 29% no tr\u00e1fego com pandemia<\/title>\n<meta name=\"description\" content=\"A Ecorodovias (ECOR3) informou nesta quinta(7) que em fun\u00e7\u00e3o da pandemia do coronav\u00edrus o volume de ve\u00edculos nas estradas caiu. Clique aqui\" \/>\n<meta name=\"robots\" content=\"index, follow, max-snippet:-1, max-image-preview:large, max-video-preview:-1\" \/>\n<link rel=\"canonical\" href=\"https:\/\/www.suno.com.br\/noticias\/ecorodovias-ecor3-registra-queda-de-29-no-trafego-com-pandemia\/\" \/>\n<meta property=\"og:locale\" content=\"pt_BR\" \/>\n<meta property=\"og:type\" content=\"article\" \/>\n<meta property=\"og:title\" content=\"Ecorodovias (ECOR3) registra queda de 29% no tr\u00e1fego com pandemia\" \/>\n<meta property=\"og:description\" content=\"A Ecorodovias (ECOR3) informou nesta quinta(7) que em fun\u00e7\u00e3o da pandemia do coronav\u00edrus o volume de ve\u00edculos nas estradas caiu. Clique aqui\" \/>\n<meta property=\"og:url\" content=\"https:\/\/www.suno.com.br\/noticias\/ecorodovias-ecor3-registra-queda-de-29-no-trafego-com-pandemia\/\" \/>\n<meta property=\"og:site_name\" content=\"Suno Not\u00edcias\" \/>\n<meta property=\"article:publisher\" content=\"https:\/\/facebook.com\/sunoresearch\" \/>\n<meta property=\"og:image\" content=\"https:\/\/files.sunoresearch.com.br\/n\/uploads\/2019\/09\/f4bdad78-ecorodovias.jpg\" \/>\n\t<meta property=\"og:image:width\" content=\"1600\" \/>\n\t<meta property=\"og:image:height\" content=\"1200\" \/>\n\t<meta property=\"og:image:type\" content=\"image\/jpeg\" \/>\n<meta name=\"author\" content=\"Poliana Santos\" \/>\n<meta name=\"twitter:card\" content=\"summary_large_image\" \/>\n<meta name=\"twitter:creator\" content=\"@sunoresearch\" \/>\n<meta name=\"twitter:site\" content=\"@sunoresearch\" \/>\n<meta name=\"twitter:label1\" content=\"Escrito por\" \/>\n\t<meta name=\"twitter:data1\" content=\"Poliana Santos\" \/>\n\t<meta name=\"twitter:label2\" content=\"Est. tempo de leitura\" \/>\n\t<meta name=\"twitter:data2\" content=\"2 minutos\" \/>\n<script type=\"application\/ld+json\" class=\"yoast-schema-graph\">{\"@context\":\"https:\/\/schema.org\",\"@graph\":[{\"@type\":\"NewsArticle\",\"@id\":\"https:\/\/www.suno.com.br\/noticias\/ecorodovias-ecor3-registra-queda-de-29-no-trafego-com-pandemia\/#article\",\"isPartOf\":{\"@id\":\"https:\/\/www.suno.com.br\/noticias\/ecorodovias-ecor3-registra-queda-de-29-no-trafego-com-pandemia\/\"},\"author\":{\"name\":\"Poliana Santos\",\"@id\":\"https:\/\/www.suno.com.br\/noticias\/#\/schema\/person\/02ec1f752758247878a2bf4abee1aeda\"},\"headline\":\"Ecorodovias (ECOR3) registra queda de 29% no tr\u00e1fego com pandemia\",\"datePublished\":\"2020-05-07T15:26:54+00:00\",\"mainEntityOfPage\":{\"@id\":\"https:\/\/www.suno.com.br\/noticias\/ecorodovias-ecor3-registra-queda-de-29-no-trafego-com-pandemia\/\"},\"wordCount\":349,\"publisher\":{\"@id\":\"https:\/\/www.suno.com.br\/noticias\/#organization\"},\"image\":{\"@id\":\"https:\/\/www.suno.com.br\/noticias\/ecorodovias-ecor3-registra-queda-de-29-no-trafego-com-pandemia\/#primaryimage\"},\"thumbnailUrl\":\"https:\/\/files.sunoresearch.com.br\/n\/uploads\/2019\/09\/f4bdad78-ecorodovias-jpg.webp\",\"keywords\":[\"Ecorodovias (ECOR3)\"],\"articleSection\":[\"Neg\u00f3cios\"],\"inLanguage\":\"pt-BR\"},{\"@type\":\"WebPage\",\"@id\":\"https:\/\/www.suno.com.br\/noticias\/ecorodovias-ecor3-registra-queda-de-29-no-trafego-com-pandemia\/\",\"url\":\"https:\/\/www.suno.com.br\/noticias\/ecorodovias-ecor3-registra-queda-de-29-no-trafego-com-pandemia\/\",\"name\":\"Ecorodovias (ECOR3) registra queda de 29% no tr\u00e1fego com pandemia\",\"isPartOf\":{\"@id\":\"https:\/\/www.suno.com.br\/noticias\/#website\"},\"primaryImageOfPage\":{\"@id\":\"https:\/\/www.suno.com.br\/noticias\/ecorodovias-ecor3-registra-queda-de-29-no-trafego-com-pandemia\/#primaryimage\"},\"image\":{\"@id\":\"https:\/\/www.suno.com.br\/noticias\/ecorodovias-ecor3-registra-queda-de-29-no-trafego-com-pandemia\/#primaryimage\"},\"thumbnailUrl\":\"https:\/\/files.sunoresearch.com.br\/n\/uploads\/2019\/09\/f4bdad78-ecorodovias-jpg.webp\",\"datePublished\":\"2020-05-07T15:26:54+00:00\",\"description\":\"A Ecorodovias (ECOR3) informou nesta quinta(7) que em fun\u00e7\u00e3o da pandemia do coronav\u00edrus o volume de ve\u00edculos nas estradas caiu. Clique aqui\",\"breadcrumb\":{\"@id\":\"https:\/\/www.suno.com.br\/noticias\/ecorodovias-ecor3-registra-queda-de-29-no-trafego-com-pandemia\/#breadcrumb\"},\"inLanguage\":\"pt-BR\",\"potentialAction\":[{\"@type\":\"ReadAction\",\"target\":[\"https:\/\/www.suno.com.br\/noticias\/ecorodovias-ecor3-registra-queda-de-29-no-trafego-com-pandemia\/\"]}]},{\"@type\":\"ImageObject\",\"inLanguage\":\"pt-BR\",\"@id\":\"https:\/\/www.suno.com.br\/noticias\/ecorodovias-ecor3-registra-queda-de-29-no-trafego-com-pandemia\/#primaryimage\",\"url\":\"https:\/\/files.sunoresearch.com.br\/n\/uploads\/2019\/09\/f4bdad78-ecorodovias-jpg.webp\",\"contentUrl\":\"https:\/\/files.sunoresearch.com.br\/n\/uploads\/2019\/09\/f4bdad78-ecorodovias-jpg.webp\",\"width\":1600,\"height\":1200,\"caption\":\"Ecorodovias (ECOR3). Foto: Divulga\u00e7\u00e3o\"},{\"@type\":\"BreadcrumbList\",\"@id\":\"https:\/\/www.suno.com.br\/noticias\/ecorodovias-ecor3-registra-queda-de-29-no-trafego-com-pandemia\/#breadcrumb\",\"itemListElement\":[{\"@type\":\"ListItem\",\"position\":1,\"name\":\"Not\u00edcias\",\"item\":\"https:\/\/www.suno.com.br\/noticias\/\"},{\"@type\":\"ListItem\",\"position\":2,\"name\":\"Neg\u00f3cios\",\"item\":\"https:\/\/www.suno.com.br\/noticias\/negocios\/\"},{\"@type\":\"ListItem\",\"position\":3,\"name\":\"Ecorodovias (ECOR3) registra queda de 29% no tr\u00e1fego com pandemia\"}]},{\"@type\":\"WebSite\",\"@id\":\"https:\/\/www.suno.com.br\/noticias\/#website\",\"url\":\"https:\/\/www.suno.com.br\/noticias\/\",\"name\":\"Suno Not\u00edcias\",\"description\":\"Seu portal de informa\u00e7\u00e3o sobre o mundo dos investimentos\",\"publisher\":{\"@id\":\"https:\/\/www.suno.com.br\/noticias\/#organization\"},\"potentialAction\":[{\"@type\":\"SearchAction\",\"target\":{\"@type\":\"EntryPoint\",\"urlTemplate\":\"https:\/\/www.suno.com.br\/noticias\/?s={search_term_string}\"},\"query-input\":{\"@type\":\"PropertyValueSpecification\",\"valueRequired\":true,\"valueName\":\"search_term_string\"}}],\"inLanguage\":\"pt-BR\"},{\"@type\":\"Organization\",\"@id\":\"https:\/\/www.suno.com.br\/noticias\/#organization\",\"name\":\"Suno Not\u00edcias\",\"url\":\"https:\/\/www.suno.com.br\/noticias\/\",\"logo\":{\"@type\":\"ImageObject\",\"inLanguage\":\"pt-BR\",\"@id\":\"https:\/\/www.suno.com.br\/noticias\/#\/schema\/logo\/image\/\",\"url\":\"https:\/\/files.sunoresearch.com.br\/n\/uploads\/2021\/09\/suno-logo.png\",\"contentUrl\":\"https:\/\/files.sunoresearch.com.br\/n\/uploads\/2021\/09\/suno-logo.png\",\"width\":180,\"height\":180,\"caption\":\"Suno Not\u00edcias\"},\"image\":{\"@id\":\"https:\/\/www.suno.com.br\/noticias\/#\/schema\/logo\/image\/\"},\"sameAs\":[\"https:\/\/facebook.com\/sunoresearch\",\"https:\/\/x.com\/sunoresearch\",\"https:\/\/www.instagram.com\/suno\",\"https:\/\/www.linkedin.com\/company\/suno-research\/\",\"https:\/\/www.youtube.com\/c\/sunoresearch\"]},{\"@type\":\"Person\",\"@id\":\"https:\/\/www.suno.com.br\/noticias\/#\/schema\/person\/02ec1f752758247878a2bf4abee1aeda\",\"name\":\"Poliana Santos\",\"image\":{\"@type\":\"ImageObject\",\"inLanguage\":\"pt-BR\",\"@id\":\"https:\/\/www.suno.com.br\/noticias\/#\/schema\/person\/image\/\",\"url\":\"https:\/\/secure.gravatar.com\/avatar\/0645bd32f23d87b2130f2b2dff1d3f8d?s=96&r=g\",\"contentUrl\":\"https:\/\/secure.gravatar.com\/avatar\/0645bd32f23d87b2130f2b2dff1d3f8d?s=96&r=g\",\"caption\":\"Poliana Santos\"},\"description\":\"Rep\u00f3rter no Suno Not\u00edcias, com cobertura em mercado financeiro, economia, finan\u00e7as pessoais, renda fixa e varejo. Jornalista formada pela Faculdade C\u00e1sper L\u00edbero e possui passagem na R\u00e1dio Gazeta AM com a produ\u00e7\u00e3o de conte\u00fado sobre economia, pol\u00edtica, sa\u00fade, moda e m\u00fasica. Possui certificado de conclus\u00e3o do curso de An\u00e1lise de Balan\u00e7os pela Funda\u00e7\u00e3o Bradesco, Agenda Brasil pela FAAP, Educa\u00e7\u00e3o Pol\u00edtica por Alexandre Garcia e do Tesouro Direto e Mercado de A\u00e7\u00f5es pela B3.\",\"url\":\"https:\/\/www.suno.com.br\/noticias\/author\/poliana-santos\/\"}]}<\/script>\n<!-- \/ Yoast SEO plugin. -->","yoast_head_json":{"title":"Ecorodovias (ECOR3) registra queda de 29% no tr\u00e1fego com pandemia","description":"A Ecorodovias (ECOR3) informou nesta quinta(7) que em fun\u00e7\u00e3o da pandemia do coronav\u00edrus o volume de ve\u00edculos nas estradas caiu. Clique aqui","robots":{"index":"index","follow":"follow","max-snippet":"max-snippet:-1","max-image-preview":"max-image-preview:large","max-video-preview":"max-video-preview:-1"},"canonical":"https:\/\/www.suno.com.br\/noticias\/ecorodovias-ecor3-registra-queda-de-29-no-trafego-com-pandemia\/","og_locale":"pt_BR","og_type":"article","og_title":"Ecorodovias (ECOR3) registra queda de 29% no tr\u00e1fego com pandemia","og_description":"A Ecorodovias (ECOR3) informou nesta quinta(7) que em fun\u00e7\u00e3o da pandemia do coronav\u00edrus o volume de ve\u00edculos nas estradas caiu. Clique aqui","og_url":"https:\/\/www.suno.com.br\/noticias\/ecorodovias-ecor3-registra-queda-de-29-no-trafego-com-pandemia\/","og_site_name":"Suno Not\u00edcias","article_publisher":"https:\/\/facebook.com\/sunoresearch","og_image":[{"width":1600,"height":1200,"url":"https:\/\/files.sunoresearch.com.br\/n\/uploads\/2019\/09\/f4bdad78-ecorodovias.jpg","type":"image\/jpeg"}],"author":"Poliana Santos","twitter_card":"summary_large_image","twitter_creator":"@sunoresearch","twitter_site":"@sunoresearch","twitter_misc":{"Escrito por":"Poliana Santos","Est. tempo de leitura":"2 minutos"},"schema":{"@context":"https:\/\/schema.org","@graph":[{"@type":"NewsArticle","@id":"https:\/\/www.suno.com.br\/noticias\/ecorodovias-ecor3-registra-queda-de-29-no-trafego-com-pandemia\/#article","isPartOf":{"@id":"https:\/\/www.suno.com.br\/noticias\/ecorodovias-ecor3-registra-queda-de-29-no-trafego-com-pandemia\/"},"author":{"name":"Poliana Santos","@id":"https:\/\/www.suno.com.br\/noticias\/#\/schema\/person\/02ec1f752758247878a2bf4abee1aeda"},"headline":"Ecorodovias (ECOR3) registra queda de 29% no tr\u00e1fego com pandemia","datePublished":"2020-05-07T15:26:54+00:00","mainEntityOfPage":{"@id":"https:\/\/www.suno.com.br\/noticias\/ecorodovias-ecor3-registra-queda-de-29-no-trafego-com-pandemia\/"},"wordCount":349,"publisher":{"@id":"https:\/\/www.suno.com.br\/noticias\/#organization"},"image":{"@id":"https:\/\/www.suno.com.br\/noticias\/ecorodovias-ecor3-registra-queda-de-29-no-trafego-com-pandemia\/#primaryimage"},"thumbnailUrl":"https:\/\/files.sunoresearch.com.br\/n\/uploads\/2019\/09\/f4bdad78-ecorodovias-jpg.webp","keywords":["Ecorodovias (ECOR3)"],"articleSection":["Neg\u00f3cios"],"inLanguage":"pt-BR"},{"@type":"WebPage","@id":"https:\/\/www.suno.com.br\/noticias\/ecorodovias-ecor3-registra-queda-de-29-no-trafego-com-pandemia\/","url":"https:\/\/www.suno.com.br\/noticias\/ecorodovias-ecor3-registra-queda-de-29-no-trafego-com-pandemia\/","name":"Ecorodovias (ECOR3) registra queda de 29% no tr\u00e1fego com pandemia","isPartOf":{"@id":"https:\/\/www.suno.com.br\/noticias\/#website"},"primaryImageOfPage":{"@id":"https:\/\/www.suno.com.br\/noticias\/ecorodovias-ecor3-registra-queda-de-29-no-trafego-com-pandemia\/#primaryimage"},"image":{"@id":"https:\/\/www.suno.com.br\/noticias\/ecorodovias-ecor3-registra-queda-de-29-no-trafego-com-pandemia\/#primaryimage"},"thumbnailUrl":"https:\/\/files.sunoresearch.com.br\/n\/uploads\/2019\/09\/f4bdad78-ecorodovias-jpg.webp","datePublished":"2020-05-07T15:26:54+00:00","description":"A Ecorodovias (ECOR3) informou nesta quinta(7) que em fun\u00e7\u00e3o da pandemia do coronav\u00edrus o volume de ve\u00edculos nas estradas caiu. Clique aqui","breadcrumb":{"@id":"https:\/\/www.suno.com.br\/noticias\/ecorodovias-ecor3-registra-queda-de-29-no-trafego-com-pandemia\/#breadcrumb"},"inLanguage":"pt-BR","potentialAction":[{"@type":"ReadAction","target":["https:\/\/www.suno.com.br\/noticias\/ecorodovias-ecor3-registra-queda-de-29-no-trafego-com-pandemia\/"]}]},{"@type":"ImageObject","inLanguage":"pt-BR","@id":"https:\/\/www.suno.com.br\/noticias\/ecorodovias-ecor3-registra-queda-de-29-no-trafego-com-pandemia\/#primaryimage","url":"https:\/\/files.sunoresearch.com.br\/n\/uploads\/2019\/09\/f4bdad78-ecorodovias-jpg.webp","contentUrl":"https:\/\/files.sunoresearch.com.br\/n\/uploads\/2019\/09\/f4bdad78-ecorodovias-jpg.webp","width":1600,"height":1200,"caption":"Ecorodovias (ECOR3). Foto: Divulga\u00e7\u00e3o"},{"@type":"BreadcrumbList","@id":"https:\/\/www.suno.com.br\/noticias\/ecorodovias-ecor3-registra-queda-de-29-no-trafego-com-pandemia\/#breadcrumb","itemListElement":[{"@type":"ListItem","position":1,"name":"Not\u00edcias","item":"https:\/\/www.suno.com.br\/noticias\/"},{"@type":"ListItem","position":2,"name":"Neg\u00f3cios","item":"https:\/\/www.suno.com.br\/noticias\/negocios\/"},{"@type":"ListItem","position":3,"name":"Ecorodovias (ECOR3) registra queda de 29% no tr\u00e1fego com pandemia"}]},{"@type":"WebSite","@id":"https:\/\/www.suno.com.br\/noticias\/#website","url":"https:\/\/www.suno.com.br\/noticias\/","name":"Suno Not\u00edcias","description":"Seu portal de informa\u00e7\u00e3o sobre o mundo dos investimentos","publisher":{"@id":"https:\/\/www.suno.com.br\/noticias\/#organization"},"potentialAction":[{"@type":"SearchAction","target":{"@type":"EntryPoint","urlTemplate":"https:\/\/www.suno.com.br\/noticias\/?s={search_term_string}"},"query-input":{"@type":"PropertyValueSpecification","valueRequired":true,"valueName":"search_term_string"}}],"inLanguage":"pt-BR"},{"@type":"Organization","@id":"https:\/\/www.suno.com.br\/noticias\/#organization","name":"Suno Not\u00edcias","url":"https:\/\/www.suno.com.br\/noticias\/","logo":{"@type":"ImageObject","inLanguage":"pt-BR","@id":"https:\/\/www.suno.com.br\/noticias\/#\/schema\/logo\/image\/","url":"https:\/\/files.sunoresearch.com.br\/n\/uploads\/2021\/09\/suno-logo.png","contentUrl":"https:\/\/files.sunoresearch.com.br\/n\/uploads\/2021\/09\/suno-logo.png","width":180,"height":180,"caption":"Suno Not\u00edcias"},"image":{"@id":"https:\/\/www.suno.com.br\/noticias\/#\/schema\/logo\/image\/"},"sameAs":["https:\/\/facebook.com\/sunoresearch","https:\/\/x.com\/sunoresearch","https:\/\/www.instagram.com\/suno","https:\/\/www.linkedin.com\/company\/suno-research\/","https:\/\/www.youtube.com\/c\/sunoresearch"]},{"@type":"Person","@id":"https:\/\/www.suno.com.br\/noticias\/#\/schema\/person\/02ec1f752758247878a2bf4abee1aeda","name":"Poliana Santos","image":{"@type":"ImageObject","inLanguage":"pt-BR","@id":"https:\/\/www.suno.com.br\/noticias\/#\/schema\/person\/image\/","url":"https:\/\/secure.gravatar.com\/avatar\/0645bd32f23d87b2130f2b2dff1d3f8d?s=96&r=g","contentUrl":"https:\/\/secure.gravatar.com\/avatar\/0645bd32f23d87b2130f2b2dff1d3f8d?s=96&r=g","caption":"Poliana Santos"},"description":"Rep\u00f3rter no Suno Not\u00edcias, com cobertura em mercado financeiro, economia, finan\u00e7as pessoais, renda fixa e varejo. Jornalista formada pela Faculdade C\u00e1sper L\u00edbero e possui passagem na R\u00e1dio Gazeta AM com a produ\u00e7\u00e3o de conte\u00fado sobre economia, pol\u00edtica, sa\u00fade, moda e m\u00fasica. Possui certificado de conclus\u00e3o do curso de An\u00e1lise de Balan\u00e7os pela Funda\u00e7\u00e3o Bradesco, Agenda Brasil pela FAAP, Educa\u00e7\u00e3o Pol\u00edtica por Alexandre Garcia e do Tesouro Direto e Mercado de A\u00e7\u00f5es pela B3.","url":"https:\/\/www.suno.com.br\/noticias\/author\/poliana-santos\/"}]}},"default_loop_html":"<div class=\"cardsPage__listCard__boxs\"><div class=\"cardsPage__listCard__boxs__img\"><a href=\"https:\/\/www.suno.com.br\/noticias\/ecorodovias-ecor3-registra-queda-de-29-no-trafego-com-pandemia\/\"><img class=\"mask\" src=\"https:\/\/www.suno.com.br\/noticias\/wp-content\/themes\/suno\/resources\/images\/spotlight\/spotlight1img\/bg-mask.png\" alt=\"Image Mask\"\/><img src=\"https:\/\/files.sunoresearch.com.br\/n\/uploads\/2019\/09\/f4bdad78-ecorodovias-400x200.webp\" alt=\"Ecorodovias (ECOR3) registra queda de 29% no tr\u00e1fego com pandemia\"\/><\/a><span class=\"spotlightCategory\"><a href=\"https:\/\/www.suno.com.br\/noticias\/negocios\/\">Neg\u00f3cios<\/a><\/span><\/div><div class=\"cardsPage__listCard__boxs__content\"><a href=\"https:\/\/www.suno.com.br\/noticias\/ecorodovias-ecor3-registra-queda-de-29-no-trafego-com-pandemia\/\"><h2 class=\"content__title\">Ecorodovias (ECOR3) registra queda de 29% no tr\u00e1fego com pandemia<\/h2><\/a><div class=\"newsContent__article__meta\"><div class=\"newsContent__article__meta__authorBox\"><a href=\"https:\/\/www.suno.com.br\/noticias\/author\/poliana-santos\/\" class=\"authorBox__avatar noMobi\"><img src=\"https:\/\/files.sunoresearch.com.br\/n\/uploads\/2020\/08\/7ef34026-whatsapp-image-2020-08-03-at-12.37.57-150x150.webp\" alt=\"Poliana Santos\"><\/a><div class=\"authorBox__name\"><span>por\n\t\t\t<a href=\"https:\/\/www.suno.com.br\/noticias\/author\/poliana-santos\/\"><span itemprop=\"author\">Poliana Santos<\/span><\/a><\/span><time datetime=\"2020-05-07T12:26:54-03:00\" itemprop=\"datePublished\">07\/05\/2020 12:26<\/time><\/div><\/div><\/div><\/div><\/div>","single_layout":"posts","amp_enabled":true,"_links":{"self":[{"href":"https:\/\/www.suno.com.br\/noticias\/wp-json\/wp\/v2\/posts\/63933"}],"collection":[{"href":"https:\/\/www.suno.com.br\/noticias\/wp-json\/wp\/v2\/posts"}],"about":[{"href":"https:\/\/www.suno.com.br\/noticias\/wp-json\/wp\/v2\/types\/post"}],"author":[{"embeddable":true,"href":"https:\/\/www.suno.com.br\/noticias\/wp-json\/wp\/v2\/users\/15"}],"replies":[{"embeddable":true,"href":"https:\/\/www.suno.com.br\/noticias\/wp-json\/wp\/v2\/comments?post=63933"}],"version-history":[{"count":0,"href":"https:\/\/www.suno.com.br\/noticias\/wp-json\/wp\/v2\/posts\/63933\/revisions"}],"wp:featuredmedia":[{"embeddable":true,"href":"https:\/\/www.suno.com.br\/noticias\/wp-json\/wp\/v2\/media\/39140"}],"wp:attachment":[{"href":"https:\/\/www.suno.com.br\/noticias\/wp-json\/wp\/v2\/media?parent=63933"}],"wp:term":[{"taxonomy":"category","embeddable":true,"href":"https:\/\/www.suno.com.br\/noticias\/wp-json\/wp\/v2\/categories?post=63933"},{"taxonomy":"post_tag","embeddable":true,"href":"https:\/\/www.suno.com.br\/noticias\/wp-json\/wp\/v2\/tags?post=63933"},{"taxonomy":"suno_strategy","embeddable":true,"href":"https:\/\/www.suno.com.br\/noticias\/wp-json\/wp\/v2\/suno_strategy?post=63933"}],"curies":[{"name":"wp","href":"https:\/\/api.w.org\/{rel}","templated":true}]}}