{"id":639235,"date":"2026-01-21T12:57:42","date_gmt":"2026-01-21T15:57:42","guid":{"rendered":"https:\/\/www.suno.com.br\/noticias\/?p=639235"},"modified":"2026-01-21T12:57:47","modified_gmt":"2026-01-21T15:57:47","slug":"fraude-americanas-cvm-ex-presidente-mentor-mt","status":"publish","type":"post","link":"https:\/\/www.suno.com.br\/noticias\/fraude-americanas-cvm-ex-presidente-mentor-mt\/","title":{"rendered":"Fraude da Americanas: CVM aponta ex-presidente como mentor, diz jornal"},"content":{"rendered":"<p>A Comiss\u00e3o de Valores Mobili\u00e1rios concluiu que o rombo cont\u00e1bil da <strong>Americanas<\/strong> foi resultado de um esquema estruturado e sustentado pela alta administra\u00e7\u00e3o da companhia. Segundo o Valor Investe, a autarquia acusa formalmente 31 pessoas e aponta o ex-presidente Miguel Gutierrez como o principal mentor da fraude.<\/p>\t<div class=\"wrapper-featured-image\">\n\t\t<figure class=\"spotlightImg\">\n\n\t\t\t<picture>\n\t\t\t\t<source media=\"(max-width: 768px)\" srcset=\"https:\/\/files.sunoresearch.com.br\/n\/uploads\/2023\/05\/cropped-Americanas-Foto-2021-Credito-Divulgacao-scaled-1-640x853-1-400x200.webp\">\n\t\t\t\t<img loading=\"lazy\" decoding=\"async\" class=\"newsContent__article__imgCapa lazyloadDisabled \" src=\"https:\/\/files.sunoresearch.com.br\/n\/uploads\/2023\/05\/cropped-Americanas-Foto-2021-Credito-Divulgacao-scaled-1-640x853-1.webp\" width=\"800\" height=\"450\" alt=\"Fraude da Americanas: CVM aponta ex-presidente como mentor, diz jornal\" fetchpriority=high \/>\n\t\t\t<\/picture>\n\n\t\t\t<figcaption class=\"wp-caption-text wp-caption-text--show\">Americanas (AMER3). Foto: Reprodu\u00e7\u00e3o<\/figcaption>\n\t\t<\/figure>\n\t<\/div>\n\n\n\n\n\n\t<p>\n\t\t<a href=\"https:\/\/lp.suno.com.br\/planilha-da-vida-financeira\/\" target=\"_blank\" data-element=\"shortcode-suno-banner\" title=\"Banner SUNO, clique e saiba mais\">\n\t\t\t<picture>\n\t\t\t\t<source media=\"(max-width: 500px)\" srcset=\"https:\/\/files.sunoresearch.com.br\/n\/uploads\/2023\/04\/400x300-Planilha-vida-financeira-true.png\">\n\t\t\t\t<img class=\"newsContent__article__imgCapa newsContent__article__imgCapa--banner\"\n\t\t\t\t\tsrc=\"https:\/\/files.sunoresearch.com.br\/n\/uploads\/2023\/04\/1420x240-Planilha-vida-financeira-true.png\"\n\t\t\t\t\tdata-promo-id=\"383123\"\t\t\t\t\t\t\t\t\t\twidth='1420' height='240'\t\t\t\t\talt=\"https:\/\/files.sunoresearch.com.br\/n\/uploads\/2023\/04\/1420x240-Planilha-vida-financeira-true.png\"\n\t\t\t\t>\n\t\t\t<\/picture>\n\t\t<\/a>\n\t<\/p>\n\n\n\n\n\n<p>De acordo com o jornal, a acusa\u00e7\u00e3o consta em um processo administrativo de 264 p\u00e1ginas, no qual a CVM afirma que houve <strong>oculta\u00e7\u00e3o deliberada de informa\u00e7\u00f5es relevantes<\/strong>, divulga\u00e7\u00e3o de dados cont\u00e1beis falsos e pr\u00e1ticas destinadas a enganar investidores, credores e a auditoria independente. Para a autarquia, o epis\u00f3dio configura <strong>o maior esc\u00e2ndalo do mercado de capitais brasileiro<\/strong>, tanto pelo valor envolvido quanto pela dura\u00e7\u00e3o e pelo impacto sist\u00eamico.<\/p>\n\n\n\n<h3 class=\"wp-block-heading\">CVM afirma que esquema partiu da alta administra\u00e7\u00e3o<\/h3>\n\n\n\n<p>Ainda segundo o Valor Investe, Miguel Gutierrez responde a seis acusa\u00e7\u00f5es, incluindo fraude contra a auditoria e omiss\u00e3o de fatos relevantes. A CVM sustenta que o esquema n\u00e3o foi conduzido por executivos de n\u00edvel intermedi\u00e1rio, mas contou com <strong>coordena\u00e7\u00e3o, participa\u00e7\u00e3o e ci\u00eancia da c\u00fapula da Americanas<\/strong>, afastando a tese de falhas pontuais de controle.<\/p>\n\n\n\t<p>\n\t\t<a href=\"https:\/\/lp.suno.com.br\/planilha-da-vida-financeira\/\" target=\"_blank\" data-element=\"shortcode-suno-banner\" title=\"Banner SUNO, clique e saiba mais\">\n\t\t\t<picture>\n\t\t\t\t<source media=\"(max-width: 500px)\" srcset=\"https:\/\/files.sunoresearch.com.br\/n\/uploads\/2023\/04\/400x300-Planilha-vida-financeira-true.png\">\n\t\t\t\t<img class=\"newsContent__article__imgCapa newsContent__article__imgCapa--banner\"\n\t\t\t\t\tsrc=\"https:\/\/files.sunoresearch.com.br\/n\/uploads\/2023\/04\/1420x240-Planilha-vida-financeira-true.png\"\n\t\t\t\t\tdata-promo-id=\"106682\"\t\t\t\t\t\t\t\t\t\twidth='1420' height='240'\t\t\t\t\talt=\"https:\/\/files.sunoresearch.com.br\/n\/uploads\/2023\/04\/1420x240-Planilha-vida-financeira-true.png\"\n\t\t\t\t>\n\t\t\t<\/picture>\n\t\t<\/a>\n\t<\/p>\n\n\n\n\n\n<p>O processo descreve a exist\u00eancia de um <strong>sistema paralelo de controle financeiro<\/strong>, mantido por anos, utilizado para esconder d\u00edvidas bilion\u00e1rias e inflar artificialmente os resultados divulgados ao mercado. Esse mecanismo teria levado investidores e <a class=\"suno-keyword\" target=\"_blank\" data-force=\"no\" data-priority=\"1\" href=\"https:\/\/www.suno.com.br\/artigos\/instituicoes-financeiras\/\" rel=\"noopener\">institui\u00e7\u00f5es financeiras<\/a> a tomar decis\u00f5es com base em informa\u00e7\u00f5es distorcidas, ampliando os preju\u00edzos quando o caso veio a p\u00fablico.<\/p>\n\n\n\n<p>A crise da Americanas explodiu em janeiro de 2023, quando a companhia revelou inconsist\u00eancias cont\u00e1beis inicialmente estimadas em cerca de R$ 20 bilh\u00f5es, valor que posteriormente ultrapassou R$ 40 bilh\u00f5es. O epis\u00f3dio levou a empresa a pedir recupera\u00e7\u00e3o judicial, provocou perdas bilion\u00e1rias para bancos e investidores e destruiu o <a class=\"suno-keyword\" target=\"_blank\" data-force=\"no\" data-priority=\"1\" href=\"https:\/\/www.suno.com.br\/artigos\/valor-de-mercado\/\" rel=\"noopener\">valor de mercado<\/a> da varejista.<\/p>\n\n\n\n<p>Apesar da gravidade das acusa\u00e7\u00f5es, as a\u00e7\u00f5es da Americanas operavam em alta de cerca de 1,5% por volta do fim da manh\u00e3, segundo o jornal, refletindo movimentos pontuais do mercado enquanto o processo administrativo avan\u00e7a.<\/p>\n\n\n\n<p>Segundo o Valor Investe, a leitura da CVM refor\u00e7a a avalia\u00e7\u00e3o de que o caso da <strong>Americanas<\/strong> se tornou um marco negativo para a governan\u00e7a corporativa no Brasil, com potenciais desdobramentos em outras esferas, como a\u00e7\u00f5es c\u00edveis e criminais envolvendo a companhia e seus ex-executivos.<\/p>\n\n\n\n\n\t<p>\n\t\t<a href=\"https:\/\/lp.suno.com.br\/ebook-como-analisar-uma-acao\/\" target=\"_blank\" data-element=\"shortcode-suno-banner\" title=\"Banner SUNO, clique e saiba mais\">\n\t\t\t<picture>\n\t\t\t\t<source media=\"(max-width: 500px)\" srcset=\"https:\/\/files.sunoresearch.com.br\/n\/uploads\/2023\/03\/Ebook-Acoes-Mobile.jpg\">\n\t\t\t\t<img class=\"newsContent__article__imgCapa newsContent__article__imgCapa--banner\"\n\t\t\t\t\tsrc=\"https:\/\/files.sunoresearch.com.br\/n\/uploads\/2023\/03\/Ebook-Acoes-Desktop.jpg\"\n\t\t\t\t\tdata-promo-id=\"378302\"\t\t\t\t\t\t\t\t\t\twidth='1420' height='286'\t\t\t\t\talt=\"https:\/\/files.sunoresearch.com.br\/n\/uploads\/2023\/03\/Ebook-Acoes-Desktop.jpg\"\n\t\t\t\t>\n\t\t\t<\/picture>\n\t\t<\/a>\n\t<\/p>\n\n\n","protected":false},"excerpt":{"rendered":"<p>A Comiss\u00e3o de Valores Mobili\u00e1rios concluiu que o rombo cont\u00e1bil da Americanas foi resultado de um esquema estruturado e sustentado pela alta administra\u00e7\u00e3o da companhia. Segundo o Valor Investe, a autarquia acusa formalmente 31 pessoas e aponta o ex-presidente Miguel Gutierrez como o principal mentor da fraude. Americanas (AMER3). Foto: Reprodu\u00e7\u00e3o De acordo com o [&hellip;]<\/p>\n","protected":false},"author":402,"featured_media":401560,"comment_status":"closed","ping_status":"closed","sticky":false,"template":"","format":"standard","meta":[],"categories":[62],"tags":[106605],"suno_strategy":[],"class_list":["post-639235","post","type-post","status-publish","format-standard","has-post-thumbnail","hentry","category-economia","tag-americanas-s-a-amer3"],"yoast_head":"<!-- This site is optimized with the Yoast SEO plugin v24.4 - https:\/\/yoast.com\/wordpress\/plugins\/seo\/ -->\n<title>Fraude da Americanas: CVM aponta ex-presidente como mentor<\/title>\n<meta name=\"description\" content=\"Segundo jornal, CVM acusa ex-presidente da Americanas de liderar fraude cont\u00e1bil bilion\u00e1ria. Entenda o caso\" \/>\n<meta name=\"robots\" content=\"index, follow, max-snippet:-1, max-image-preview:large, max-video-preview:-1\" \/>\n<link rel=\"canonical\" href=\"https:\/\/www.suno.com.br\/noticias\/fraude-americanas-cvm-ex-presidente-mentor-mt\/\" \/>\n<meta property=\"og:locale\" content=\"pt_BR\" \/>\n<meta property=\"og:type\" content=\"article\" \/>\n<meta property=\"og:title\" content=\"Fraude da Americanas: CVM aponta ex-presidente como mentor\" \/>\n<meta property=\"og:description\" content=\"Segundo jornal, CVM acusa ex-presidente da Americanas de liderar fraude cont\u00e1bil bilion\u00e1ria. Entenda o caso\" \/>\n<meta property=\"og:url\" content=\"https:\/\/www.suno.com.br\/noticias\/fraude-americanas-cvm-ex-presidente-mentor-mt\/\" \/>\n<meta property=\"og:site_name\" content=\"Suno Not\u00edcias\" \/>\n<meta property=\"article:publisher\" content=\"https:\/\/facebook.com\/sunoresearch\" \/>\n<meta property=\"og:image\" content=\"https:\/\/files.sunoresearch.com.br\/n\/uploads\/2023\/05\/cropped-Americanas-Foto-2021-Credito-Divulgacao-scaled-1-640x853-1.webp\" \/>\n\t<meta property=\"og:image:width\" content=\"640\" \/>\n\t<meta property=\"og:image:height\" content=\"853\" \/>\n\t<meta property=\"og:image:type\" content=\"image\/webp\" \/>\n<meta name=\"author\" content=\"Ma\u00edra Telles\" \/>\n<meta name=\"twitter:card\" content=\"summary_large_image\" \/>\n<meta name=\"twitter:creator\" content=\"@sunoresearch\" \/>\n<meta name=\"twitter:site\" content=\"@sunoresearch\" \/>\n<meta name=\"twitter:label1\" content=\"Escrito por\" \/>\n\t<meta name=\"twitter:data1\" content=\"Ma\u00edra Telles\" \/>\n\t<meta name=\"twitter:label2\" content=\"Est. tempo de leitura\" \/>\n\t<meta name=\"twitter:data2\" content=\"3 minutos\" \/>\n<script type=\"application\/ld+json\" class=\"yoast-schema-graph\">{\"@context\":\"https:\/\/schema.org\",\"@graph\":[{\"@type\":\"NewsArticle\",\"@id\":\"https:\/\/www.suno.com.br\/noticias\/fraude-americanas-cvm-ex-presidente-mentor-mt\/#article\",\"isPartOf\":{\"@id\":\"https:\/\/www.suno.com.br\/noticias\/fraude-americanas-cvm-ex-presidente-mentor-mt\/\"},\"author\":{\"name\":\"Ma\u00edra Telles\",\"@id\":\"https:\/\/www.suno.com.br\/noticias\/#\/schema\/person\/0a8b51292bb96ee5f104094c0907eaef\"},\"headline\":\"Fraude da Americanas: CVM aponta ex-presidente como mentor, diz jornal\",\"datePublished\":\"2026-01-21T15:57:42+00:00\",\"dateModified\":\"2026-01-21T15:57:47+00:00\",\"mainEntityOfPage\":{\"@id\":\"https:\/\/www.suno.com.br\/noticias\/fraude-americanas-cvm-ex-presidente-mentor-mt\/\"},\"wordCount\":425,\"publisher\":{\"@id\":\"https:\/\/www.suno.com.br\/noticias\/#organization\"},\"image\":{\"@id\":\"https:\/\/www.suno.com.br\/noticias\/fraude-americanas-cvm-ex-presidente-mentor-mt\/#primaryimage\"},\"thumbnailUrl\":\"https:\/\/files.sunoresearch.com.br\/n\/uploads\/2023\/05\/cropped-Americanas-Foto-2021-Credito-Divulgacao-scaled-1-640x853-1.webp\",\"keywords\":[\"Americanas (AMER3)\"],\"articleSection\":[\"Economia\"],\"inLanguage\":\"pt-BR\"},{\"@type\":\"WebPage\",\"@id\":\"https:\/\/www.suno.com.br\/noticias\/fraude-americanas-cvm-ex-presidente-mentor-mt\/\",\"url\":\"https:\/\/www.suno.com.br\/noticias\/fraude-americanas-cvm-ex-presidente-mentor-mt\/\",\"name\":\"Fraude da Americanas: CVM aponta ex-presidente como mentor\",\"isPartOf\":{\"@id\":\"https:\/\/www.suno.com.br\/noticias\/#website\"},\"primaryImageOfPage\":{\"@id\":\"https:\/\/www.suno.com.br\/noticias\/fraude-americanas-cvm-ex-presidente-mentor-mt\/#primaryimage\"},\"image\":{\"@id\":\"https:\/\/www.suno.com.br\/noticias\/fraude-americanas-cvm-ex-presidente-mentor-mt\/#primaryimage\"},\"thumbnailUrl\":\"https:\/\/files.sunoresearch.com.br\/n\/uploads\/2023\/05\/cropped-Americanas-Foto-2021-Credito-Divulgacao-scaled-1-640x853-1.webp\",\"datePublished\":\"2026-01-21T15:57:42+00:00\",\"dateModified\":\"2026-01-21T15:57:47+00:00\",\"description\":\"Segundo jornal, CVM acusa ex-presidente da Americanas de liderar fraude cont\u00e1bil bilion\u00e1ria. Entenda o caso\",\"breadcrumb\":{\"@id\":\"https:\/\/www.suno.com.br\/noticias\/fraude-americanas-cvm-ex-presidente-mentor-mt\/#breadcrumb\"},\"inLanguage\":\"pt-BR\",\"potentialAction\":[{\"@type\":\"ReadAction\",\"target\":[\"https:\/\/www.suno.com.br\/noticias\/fraude-americanas-cvm-ex-presidente-mentor-mt\/\"]}]},{\"@type\":\"ImageObject\",\"inLanguage\":\"pt-BR\",\"@id\":\"https:\/\/www.suno.com.br\/noticias\/fraude-americanas-cvm-ex-presidente-mentor-mt\/#primaryimage\",\"url\":\"https:\/\/files.sunoresearch.com.br\/n\/uploads\/2023\/05\/cropped-Americanas-Foto-2021-Credito-Divulgacao-scaled-1-640x853-1.webp\",\"contentUrl\":\"https:\/\/files.sunoresearch.com.br\/n\/uploads\/2023\/05\/cropped-Americanas-Foto-2021-Credito-Divulgacao-scaled-1-640x853-1.webp\",\"width\":640,\"height\":853,\"caption\":\"Americanas (AMER3). Foto: Reprodu\u00e7\u00e3o\"},{\"@type\":\"BreadcrumbList\",\"@id\":\"https:\/\/www.suno.com.br\/noticias\/fraude-americanas-cvm-ex-presidente-mentor-mt\/#breadcrumb\",\"itemListElement\":[{\"@type\":\"ListItem\",\"position\":1,\"name\":\"Not\u00edcias\",\"item\":\"https:\/\/www.suno.com.br\/noticias\/\"},{\"@type\":\"ListItem\",\"position\":2,\"name\":\"Economia\",\"item\":\"https:\/\/www.suno.com.br\/noticias\/economia\/\"},{\"@type\":\"ListItem\",\"position\":3,\"name\":\"Fraude da Americanas: CVM aponta ex-presidente como mentor, diz jornal\"}]},{\"@type\":\"WebSite\",\"@id\":\"https:\/\/www.suno.com.br\/noticias\/#website\",\"url\":\"https:\/\/www.suno.com.br\/noticias\/\",\"name\":\"Suno Not\u00edcias\",\"description\":\"Seu portal de informa\u00e7\u00e3o sobre o mundo dos investimentos\",\"publisher\":{\"@id\":\"https:\/\/www.suno.com.br\/noticias\/#organization\"},\"potentialAction\":[{\"@type\":\"SearchAction\",\"target\":{\"@type\":\"EntryPoint\",\"urlTemplate\":\"https:\/\/www.suno.com.br\/noticias\/?s={search_term_string}\"},\"query-input\":{\"@type\":\"PropertyValueSpecification\",\"valueRequired\":true,\"valueName\":\"search_term_string\"}}],\"inLanguage\":\"pt-BR\"},{\"@type\":\"Organization\",\"@id\":\"https:\/\/www.suno.com.br\/noticias\/#organization\",\"name\":\"Suno Not\u00edcias\",\"url\":\"https:\/\/www.suno.com.br\/noticias\/\",\"logo\":{\"@type\":\"ImageObject\",\"inLanguage\":\"pt-BR\",\"@id\":\"https:\/\/www.suno.com.br\/noticias\/#\/schema\/logo\/image\/\",\"url\":\"https:\/\/files.sunoresearch.com.br\/n\/uploads\/2021\/09\/suno-logo.png\",\"contentUrl\":\"https:\/\/files.sunoresearch.com.br\/n\/uploads\/2021\/09\/suno-logo.png\",\"width\":180,\"height\":180,\"caption\":\"Suno Not\u00edcias\"},\"image\":{\"@id\":\"https:\/\/www.suno.com.br\/noticias\/#\/schema\/logo\/image\/\"},\"sameAs\":[\"https:\/\/facebook.com\/sunoresearch\",\"https:\/\/x.com\/sunoresearch\",\"https:\/\/www.instagram.com\/suno\",\"https:\/\/www.linkedin.com\/company\/suno-research\/\",\"https:\/\/www.youtube.com\/c\/sunoresearch\"]},{\"@type\":\"Person\",\"@id\":\"https:\/\/www.suno.com.br\/noticias\/#\/schema\/person\/0a8b51292bb96ee5f104094c0907eaef\",\"name\":\"Ma\u00edra Telles\",\"image\":{\"@type\":\"ImageObject\",\"inLanguage\":\"pt-BR\",\"@id\":\"https:\/\/www.suno.com.br\/noticias\/#\/schema\/person\/image\/\",\"url\":\"https:\/\/secure.gravatar.com\/avatar\/8d13691eab6abc1d1050b62a4c2a6116?s=96&r=g\",\"contentUrl\":\"https:\/\/secure.gravatar.com\/avatar\/8d13691eab6abc1d1050b62a4c2a6116?s=96&r=g\",\"caption\":\"Ma\u00edra Telles\"},\"description\":\"Jornalista com passagem por reda\u00e7\u00f5es como ESPN, especializa\u00e7\u00e3o em marketing digital e em gest\u00e3o de crise. Com foco no mercado financeiro e no setor agropecu\u00e1rio, desenvolve conte\u00fados estrat\u00e9gicos e especializados para m\u00faltiplas plataformas, unindo an\u00e1lise de investimentos e neg\u00f3cios\",\"url\":\"https:\/\/www.suno.com.br\/noticias\/author\/mairaftellesgmail-com\/\"}]}<\/script>\n<!-- \/ Yoast SEO plugin. -->","yoast_head_json":{"title":"Fraude da Americanas: CVM aponta ex-presidente como mentor","description":"Segundo jornal, CVM acusa ex-presidente da Americanas de liderar fraude cont\u00e1bil bilion\u00e1ria. Entenda o caso","robots":{"index":"index","follow":"follow","max-snippet":"max-snippet:-1","max-image-preview":"max-image-preview:large","max-video-preview":"max-video-preview:-1"},"canonical":"https:\/\/www.suno.com.br\/noticias\/fraude-americanas-cvm-ex-presidente-mentor-mt\/","og_locale":"pt_BR","og_type":"article","og_title":"Fraude da Americanas: CVM aponta ex-presidente como mentor","og_description":"Segundo jornal, CVM acusa ex-presidente da Americanas de liderar fraude cont\u00e1bil bilion\u00e1ria. Entenda o caso","og_url":"https:\/\/www.suno.com.br\/noticias\/fraude-americanas-cvm-ex-presidente-mentor-mt\/","og_site_name":"Suno Not\u00edcias","article_publisher":"https:\/\/facebook.com\/sunoresearch","og_image":[{"width":640,"height":853,"url":"https:\/\/files.sunoresearch.com.br\/n\/uploads\/2023\/05\/cropped-Americanas-Foto-2021-Credito-Divulgacao-scaled-1-640x853-1.webp","type":"image\/webp"}],"author":"Ma\u00edra Telles","twitter_card":"summary_large_image","twitter_creator":"@sunoresearch","twitter_site":"@sunoresearch","twitter_misc":{"Escrito por":"Ma\u00edra Telles","Est. tempo de leitura":"3 minutos"},"schema":{"@context":"https:\/\/schema.org","@graph":[{"@type":"NewsArticle","@id":"https:\/\/www.suno.com.br\/noticias\/fraude-americanas-cvm-ex-presidente-mentor-mt\/#article","isPartOf":{"@id":"https:\/\/www.suno.com.br\/noticias\/fraude-americanas-cvm-ex-presidente-mentor-mt\/"},"author":{"name":"Ma\u00edra Telles","@id":"https:\/\/www.suno.com.br\/noticias\/#\/schema\/person\/0a8b51292bb96ee5f104094c0907eaef"},"headline":"Fraude da Americanas: CVM aponta ex-presidente como mentor, diz jornal","datePublished":"2026-01-21T15:57:42+00:00","dateModified":"2026-01-21T15:57:47+00:00","mainEntityOfPage":{"@id":"https:\/\/www.suno.com.br\/noticias\/fraude-americanas-cvm-ex-presidente-mentor-mt\/"},"wordCount":425,"publisher":{"@id":"https:\/\/www.suno.com.br\/noticias\/#organization"},"image":{"@id":"https:\/\/www.suno.com.br\/noticias\/fraude-americanas-cvm-ex-presidente-mentor-mt\/#primaryimage"},"thumbnailUrl":"https:\/\/files.sunoresearch.com.br\/n\/uploads\/2023\/05\/cropped-Americanas-Foto-2021-Credito-Divulgacao-scaled-1-640x853-1.webp","keywords":["Americanas (AMER3)"],"articleSection":["Economia"],"inLanguage":"pt-BR"},{"@type":"WebPage","@id":"https:\/\/www.suno.com.br\/noticias\/fraude-americanas-cvm-ex-presidente-mentor-mt\/","url":"https:\/\/www.suno.com.br\/noticias\/fraude-americanas-cvm-ex-presidente-mentor-mt\/","name":"Fraude da Americanas: CVM aponta ex-presidente como mentor","isPartOf":{"@id":"https:\/\/www.suno.com.br\/noticias\/#website"},"primaryImageOfPage":{"@id":"https:\/\/www.suno.com.br\/noticias\/fraude-americanas-cvm-ex-presidente-mentor-mt\/#primaryimage"},"image":{"@id":"https:\/\/www.suno.com.br\/noticias\/fraude-americanas-cvm-ex-presidente-mentor-mt\/#primaryimage"},"thumbnailUrl":"https:\/\/files.sunoresearch.com.br\/n\/uploads\/2023\/05\/cropped-Americanas-Foto-2021-Credito-Divulgacao-scaled-1-640x853-1.webp","datePublished":"2026-01-21T15:57:42+00:00","dateModified":"2026-01-21T15:57:47+00:00","description":"Segundo jornal, CVM acusa ex-presidente da Americanas de liderar fraude cont\u00e1bil bilion\u00e1ria. Entenda o caso","breadcrumb":{"@id":"https:\/\/www.suno.com.br\/noticias\/fraude-americanas-cvm-ex-presidente-mentor-mt\/#breadcrumb"},"inLanguage":"pt-BR","potentialAction":[{"@type":"ReadAction","target":["https:\/\/www.suno.com.br\/noticias\/fraude-americanas-cvm-ex-presidente-mentor-mt\/"]}]},{"@type":"ImageObject","inLanguage":"pt-BR","@id":"https:\/\/www.suno.com.br\/noticias\/fraude-americanas-cvm-ex-presidente-mentor-mt\/#primaryimage","url":"https:\/\/files.sunoresearch.com.br\/n\/uploads\/2023\/05\/cropped-Americanas-Foto-2021-Credito-Divulgacao-scaled-1-640x853-1.webp","contentUrl":"https:\/\/files.sunoresearch.com.br\/n\/uploads\/2023\/05\/cropped-Americanas-Foto-2021-Credito-Divulgacao-scaled-1-640x853-1.webp","width":640,"height":853,"caption":"Americanas (AMER3). Foto: Reprodu\u00e7\u00e3o"},{"@type":"BreadcrumbList","@id":"https:\/\/www.suno.com.br\/noticias\/fraude-americanas-cvm-ex-presidente-mentor-mt\/#breadcrumb","itemListElement":[{"@type":"ListItem","position":1,"name":"Not\u00edcias","item":"https:\/\/www.suno.com.br\/noticias\/"},{"@type":"ListItem","position":2,"name":"Economia","item":"https:\/\/www.suno.com.br\/noticias\/economia\/"},{"@type":"ListItem","position":3,"name":"Fraude da Americanas: CVM aponta ex-presidente como mentor, diz jornal"}]},{"@type":"WebSite","@id":"https:\/\/www.suno.com.br\/noticias\/#website","url":"https:\/\/www.suno.com.br\/noticias\/","name":"Suno Not\u00edcias","description":"Seu portal de informa\u00e7\u00e3o sobre o mundo dos investimentos","publisher":{"@id":"https:\/\/www.suno.com.br\/noticias\/#organization"},"potentialAction":[{"@type":"SearchAction","target":{"@type":"EntryPoint","urlTemplate":"https:\/\/www.suno.com.br\/noticias\/?s={search_term_string}"},"query-input":{"@type":"PropertyValueSpecification","valueRequired":true,"valueName":"search_term_string"}}],"inLanguage":"pt-BR"},{"@type":"Organization","@id":"https:\/\/www.suno.com.br\/noticias\/#organization","name":"Suno Not\u00edcias","url":"https:\/\/www.suno.com.br\/noticias\/","logo":{"@type":"ImageObject","inLanguage":"pt-BR","@id":"https:\/\/www.suno.com.br\/noticias\/#\/schema\/logo\/image\/","url":"https:\/\/files.sunoresearch.com.br\/n\/uploads\/2021\/09\/suno-logo.png","contentUrl":"https:\/\/files.sunoresearch.com.br\/n\/uploads\/2021\/09\/suno-logo.png","width":180,"height":180,"caption":"Suno Not\u00edcias"},"image":{"@id":"https:\/\/www.suno.com.br\/noticias\/#\/schema\/logo\/image\/"},"sameAs":["https:\/\/facebook.com\/sunoresearch","https:\/\/x.com\/sunoresearch","https:\/\/www.instagram.com\/suno","https:\/\/www.linkedin.com\/company\/suno-research\/","https:\/\/www.youtube.com\/c\/sunoresearch"]},{"@type":"Person","@id":"https:\/\/www.suno.com.br\/noticias\/#\/schema\/person\/0a8b51292bb96ee5f104094c0907eaef","name":"Ma\u00edra Telles","image":{"@type":"ImageObject","inLanguage":"pt-BR","@id":"https:\/\/www.suno.com.br\/noticias\/#\/schema\/person\/image\/","url":"https:\/\/secure.gravatar.com\/avatar\/8d13691eab6abc1d1050b62a4c2a6116?s=96&r=g","contentUrl":"https:\/\/secure.gravatar.com\/avatar\/8d13691eab6abc1d1050b62a4c2a6116?s=96&r=g","caption":"Ma\u00edra Telles"},"description":"Jornalista com passagem por reda\u00e7\u00f5es como ESPN, especializa\u00e7\u00e3o em marketing digital e em gest\u00e3o de crise. Com foco no mercado financeiro e no setor agropecu\u00e1rio, desenvolve conte\u00fados estrat\u00e9gicos e especializados para m\u00faltiplas plataformas, unindo an\u00e1lise de investimentos e neg\u00f3cios","url":"https:\/\/www.suno.com.br\/noticias\/author\/mairaftellesgmail-com\/"}]}},"default_loop_html":"<div class=\"cardsPage__listCard__boxs\"><div class=\"cardsPage__listCard__boxs__img\"><a href=\"https:\/\/www.suno.com.br\/noticias\/fraude-americanas-cvm-ex-presidente-mentor-mt\/\"><img class=\"mask\" src=\"https:\/\/www.suno.com.br\/noticias\/wp-content\/themes\/suno\/resources\/images\/spotlight\/spotlight1img\/bg-mask.png\" alt=\"Image Mask\"\/><img src=\"https:\/\/files.sunoresearch.com.br\/n\/uploads\/2023\/05\/cropped-Americanas-Foto-2021-Credito-Divulgacao-scaled-1-640x853-1-400x200.webp\" alt=\"Fraude da Americanas: CVM aponta ex-presidente como mentor, diz jornal\"\/><\/a><span class=\"spotlightCategory\"><a href=\"https:\/\/www.suno.com.br\/noticias\/economia\/\">Economia<\/a><\/span><\/div><div class=\"cardsPage__listCard__boxs__content\"><a href=\"https:\/\/www.suno.com.br\/noticias\/fraude-americanas-cvm-ex-presidente-mentor-mt\/\"><h2 class=\"content__title\">Fraude da Americanas: CVM aponta ex-presidente como mentor, diz jornal<\/h2><\/a><div class=\"newsContent__article__meta\"><div class=\"newsContent__article__meta__authorBox\"><a href=\"https:\/\/www.suno.com.br\/noticias\/author\/mairaftellesgmail-com\/\" class=\"authorBox__avatar noMobi\"><img src=\"https:\/\/secure.gravatar.com\/avatar\/8d13691eab6abc1d1050b62a4c2a6116?s=96&#038;r=g\" alt=\"Ma\u00edra Telles\"><\/a><div class=\"authorBox__name\"><span>por\n\t\t\t<a href=\"https:\/\/www.suno.com.br\/noticias\/author\/mairaftellesgmail-com\/\"><span itemprop=\"author\">Ma\u00edra Telles<\/span><\/a><\/span><time datetime=\"2026-01-21T12:57:42-03:00\" itemprop=\"datePublished\">21\/01\/2026 12:57<\/time><\/div><\/div><\/div><\/div><\/div>","single_layout":"posts","amp_enabled":true,"_links":{"self":[{"href":"https:\/\/www.suno.com.br\/noticias\/wp-json\/wp\/v2\/posts\/639235"}],"collection":[{"href":"https:\/\/www.suno.com.br\/noticias\/wp-json\/wp\/v2\/posts"}],"about":[{"href":"https:\/\/www.suno.com.br\/noticias\/wp-json\/wp\/v2\/types\/post"}],"author":[{"embeddable":true,"href":"https:\/\/www.suno.com.br\/noticias\/wp-json\/wp\/v2\/users\/402"}],"replies":[{"embeddable":true,"href":"https:\/\/www.suno.com.br\/noticias\/wp-json\/wp\/v2\/comments?post=639235"}],"version-history":[{"count":1,"href":"https:\/\/www.suno.com.br\/noticias\/wp-json\/wp\/v2\/posts\/639235\/revisions"}],"predecessor-version":[{"id":639237,"href":"https:\/\/www.suno.com.br\/noticias\/wp-json\/wp\/v2\/posts\/639235\/revisions\/639237"}],"wp:featuredmedia":[{"embeddable":true,"href":"https:\/\/www.suno.com.br\/noticias\/wp-json\/wp\/v2\/media\/401560"}],"wp:attachment":[{"href":"https:\/\/www.suno.com.br\/noticias\/wp-json\/wp\/v2\/media?parent=639235"}],"wp:term":[{"taxonomy":"category","embeddable":true,"href":"https:\/\/www.suno.com.br\/noticias\/wp-json\/wp\/v2\/categories?post=639235"},{"taxonomy":"post_tag","embeddable":true,"href":"https:\/\/www.suno.com.br\/noticias\/wp-json\/wp\/v2\/tags?post=639235"},{"taxonomy":"suno_strategy","embeddable":true,"href":"https:\/\/www.suno.com.br\/noticias\/wp-json\/wp\/v2\/suno_strategy?post=639235"}],"curies":[{"name":"wp","href":"https:\/\/api.w.org\/{rel}","templated":true}]}}