{"id":639233,"date":"2026-01-21T12:45:29","date_gmt":"2026-01-21T15:45:29","guid":{"rendered":"https:\/\/www.suno.com.br\/noticias\/tim-tims3-citi-corta-preco-alvo-rebaixa-recomendacao-entenda-go\/"},"modified":"2026-01-21T12:45:29","modified_gmt":"2026-01-21T15:45:29","slug":"tim-tims3-citi-corta-preco-alvo-rebaixa-recomendacao-entenda-go","status":"publish","type":"post","link":"https:\/\/www.suno.com.br\/noticias\/tim-tims3-citi-corta-preco-alvo-rebaixa-recomendacao-entenda-go\/","title":{"rendered":"Tim (TIMS3): Citi corta pre\u00e7o-alvo e rebaixa recomenda\u00e7\u00e3o; a\u00e7\u00f5es caem"},"content":{"rendered":"<p>Em dia de alta consistente do Ibovespa, com novas m\u00e1ximas hist\u00f3ricas intradi\u00e1rias, as a\u00e7\u00f5es da<strong> <a class=\"suno-keyword\" target=\"_blank\" data-force=\"no\" data-priority=\"2\" href=\"https:\/\/www.suno.com.br\/analitica\/acoes\/TIMS3\/\" rel=\"noopener\">Tim (TIMS3)<\/a> <\/strong>aparecem entre os destaques negativos do indicador. Por volta das 11h40, os pap\u00e9is da companhia operam em baixa de 1,11%, a R$ 23,98.\u00a0<\/p>\t<div class=\"wrapper-featured-image\">\n\t\t<figure class=\"spotlightImg\">\n\n\t\t\t<picture>\n\t\t\t\t<source media=\"(max-width: 768px)\" srcset=\"https:\/\/files.sunoresearch.com.br\/n\/uploads\/2026\/01\/7d155a01-tim-400x200.webp\">\n\t\t\t\t<img loading=\"lazy\" decoding=\"async\" class=\"newsContent__article__imgCapa lazyloadDisabled \" src=\"https:\/\/files.sunoresearch.com.br\/n\/uploads\/2026\/01\/7d155a01-tim-800x450.webp\" width=\"800\" height=\"450\" alt=\"Tim (TIMS3): Citi corta pre\u00e7o-alvo e rebaixa recomenda\u00e7\u00e3o; a\u00e7\u00f5es caem\" fetchpriority=high \/>\n\t\t\t<\/picture>\n\n\t\t\t<figcaption class=\"wp-caption-text wp-caption-text--show\">TIM. Cr\u00e9ditos: Divulga\u00e7\u00e3o<\/figcaption>\n\t\t<\/figure>\n\t<\/div>\n\n\n\n\n\n\n<p>A varia\u00e7\u00e3o negativa das <strong>a\u00e7\u00f5es TIMS3<\/strong> acontece ap\u00f3s o <strong>Citi<\/strong> divulgar um novo relat\u00f3rio sobre os pap\u00e9is da companhia, rebaixando a recomenda\u00e7\u00e3o de compra para neutra. Al\u00e9m disso, a institui\u00e7\u00e3o financeira tamb\u00e9m reduziu o pre\u00e7o-alvo para os pr\u00f3ximos 12 meses, passando de R$ 27 para R$ 25.\u00a0<\/p>\n\n\n\n<p>O novo pre\u00e7o-alvo proposto pelo Citi para os pap\u00e9is da Tim representa uma varia\u00e7\u00e3o positiva de pouco mais de 3% em rela\u00e7\u00e3o \u00e0 cota\u00e7\u00e3o dos ativos no fechamento da \u00faltima ter\u00e7a-feira (20).&nbsp;<\/p>\n\n\n\n<h2 class=\"wp-block-heading\">Por que o Citi rebaixou a recomenda\u00e7\u00e3o para as a\u00e7\u00f5es da Tim (TIMS3)?\u00a0<\/h2>\n\n\n\n<p>O Citi rebaixou a recomenda\u00e7\u00e3o para as <strong>a\u00e7\u00f5es da Tim (TIMS3) <\/strong>porque enxerga uma combina\u00e7\u00e3o de piora no cen\u00e1rio competitivo e valuation menos atrativo ap\u00f3s a forte alta recente do papel.<\/p>\n\n\n\n<p>Em primeiro lugar, os analistas destacam que a tese positiva que sustentava a Tim come\u00e7ou a perder for\u00e7a. Isso porque dados mais recentes indicam ventos contr\u00e1rios no segmento m\u00f3vel, especialmente no p\u00f3s-pago, com aumento da portabilidade e continuidade da perda de participa\u00e7\u00e3o das operadoras. Esse movimento reduz a visibilidade de crescimento e pressiona a din\u00e2mica competitiva.<\/p>\n\n\n\n<p>Al\u00e9m disso, embora a TIM ainda apresente fundamentos s\u00f3lidos, o Citi avalia que a valoriza\u00e7\u00e3o recente das a\u00e7\u00f5es foi puxada principalmente pela expans\u00e3o de m\u00faltiplos, e n\u00e3o por uma melhora proporcional dos fundamentos. Na pr\u00e1tica, isso significa que o papel ficou mais caro em rela\u00e7\u00e3o ao seu potencial de <a class=\"suno-keyword\" target=\"_blank\" data-force=\"no\" data-priority=\"1\" href=\"https:\/\/www.suno.com.br\/artigos\/geracao-de-caixa\/\" rel=\"noopener\">gera\u00e7\u00e3o de caixa<\/a>, o que piorou a rela\u00e7\u00e3o risco-retorno sob a \u00f3tica de valuation.<\/p>\n\n\n\n<p>O banco tamb\u00e9m chama aten\u00e7\u00e3o para o desempenho relativo do papel. A <strong>Tim (TIMS3) <\/strong>acumula alta de 63% em 12 meses, bem acima da Telef\u00f4nica Vivo (VIVT3), que subiu 39%, e do Ibovespa, com avan\u00e7o de 35%. Para o Citi, essa diferen\u00e7a refor\u00e7a a percep\u00e7\u00e3o de que boa parte do cen\u00e1rio positivo j\u00e1 est\u00e1 refletida no pre\u00e7o da a\u00e7\u00e3o, limitando espa\u00e7o para novas revis\u00f5es positivas no curto prazo.<\/p>\n","protected":false},"excerpt":{"rendered":"<p>Em dia de alta consistente do Ibovespa, com novas m\u00e1ximas hist\u00f3ricas intradi\u00e1rias, as a\u00e7\u00f5es da Tim (TIMS3) aparecem entre os destaques negativos do indicador. Por volta das 11h40, os pap\u00e9is da companhia operam em baixa de 1,11%, a R$ 23,98.\u00a0 A varia\u00e7\u00e3o negativa das a\u00e7\u00f5es TIMS3 acontece ap\u00f3s o Citi divulgar um novo relat\u00f3rio sobre &hellip; Continued<\/p>\n","protected":false},"author":404,"featured_media":639234,"comment_status":"closed","ping_status":"closed","sticky":false,"template":"","format":"standard","meta":[],"categories":[64],"tags":[],"suno_strategy":[],"class_list":["post-639233","post","type-post","status-publish","format-standard","has-post-thumbnail","hentry","category-negocios"],"yoast_head":"<!-- This site is optimized with the Yoast SEO plugin v24.4 - https:\/\/yoast.com\/wordpress\/plugins\/seo\/ -->\n<title>Tim (TIMS3): Citi corta pre\u00e7o-alvo e rebaixa recomenda\u00e7\u00e3o<\/title>\n<meta name=\"description\" content=\"As a\u00e7\u00f5es da Tim (TIMS3) aparecem entre os destaques negativos do indicador, ap\u00f3s o Citi rebaixar os pap\u00e9is. Clique e saiba mais!\" \/>\n<meta name=\"robots\" content=\"index, follow, max-snippet:-1, max-image-preview:large, max-video-preview:-1\" \/>\n<link rel=\"canonical\" href=\"https:\/\/www.suno.com.br\/noticias\/tim-tims3-citi-corta-preco-alvo-rebaixa-recomendacao-entenda-go\/\" \/>\n<meta property=\"og:locale\" content=\"pt_BR\" \/>\n<meta property=\"og:type\" content=\"article\" \/>\n<meta property=\"og:title\" content=\"Tim (TIMS3): Citi corta pre\u00e7o-alvo e rebaixa recomenda\u00e7\u00e3o\" \/>\n<meta property=\"og:description\" content=\"As a\u00e7\u00f5es da Tim (TIMS3) aparecem entre os destaques negativos do indicador, ap\u00f3s o Citi rebaixar os pap\u00e9is. Clique e saiba mais!\" \/>\n<meta property=\"og:url\" content=\"https:\/\/www.suno.com.br\/noticias\/tim-tims3-citi-corta-preco-alvo-rebaixa-recomendacao-entenda-go\/\" \/>\n<meta property=\"og:site_name\" content=\"Suno Not\u00edcias\" \/>\n<meta property=\"article:publisher\" content=\"https:\/\/facebook.com\/sunoresearch\" \/>\n<meta property=\"og:image\" content=\"http:\/\/files.sunoresearch.com.br\/n\/uploads\/2026\/01\/7d155a01-tim-jpg.webp\" \/>\n\t<meta property=\"og:image:width\" content=\"2560\" \/>\n\t<meta property=\"og:image:height\" content=\"1707\" \/>\n\t<meta property=\"og:image:type\" content=\"image\/jpeg\" \/>\n<meta name=\"author\" content=\"Giovanna Oliveira\" \/>\n<meta name=\"twitter:card\" content=\"summary_large_image\" \/>\n<meta name=\"twitter:creator\" content=\"@sunoresearch\" \/>\n<meta name=\"twitter:site\" content=\"@sunoresearch\" \/>\n<meta name=\"twitter:label1\" content=\"Escrito por\" \/>\n\t<meta name=\"twitter:data1\" content=\"Giovanna Oliveira\" \/>\n\t<meta name=\"twitter:label2\" content=\"Est. tempo de leitura\" \/>\n\t<meta name=\"twitter:data2\" content=\"2 minutos\" \/>\n<script type=\"application\/ld+json\" class=\"yoast-schema-graph\">{\"@context\":\"https:\/\/schema.org\",\"@graph\":[{\"@type\":\"NewsArticle\",\"@id\":\"https:\/\/www.suno.com.br\/noticias\/tim-tims3-citi-corta-preco-alvo-rebaixa-recomendacao-entenda-go\/#article\",\"isPartOf\":{\"@id\":\"https:\/\/www.suno.com.br\/noticias\/tim-tims3-citi-corta-preco-alvo-rebaixa-recomendacao-entenda-go\/\"},\"author\":{\"name\":\"Giovanna Oliveira\",\"@id\":\"https:\/\/www.suno.com.br\/noticias\/#\/schema\/person\/506bb13f624e6983050ae5bf648c7a54\"},\"headline\":\"Tim (TIMS3): Citi corta pre\u00e7o-alvo e rebaixa recomenda\u00e7\u00e3o; a\u00e7\u00f5es caem\",\"datePublished\":\"2026-01-21T15:45:29+00:00\",\"mainEntityOfPage\":{\"@id\":\"https:\/\/www.suno.com.br\/noticias\/tim-tims3-citi-corta-preco-alvo-rebaixa-recomendacao-entenda-go\/\"},\"wordCount\":411,\"publisher\":{\"@id\":\"https:\/\/www.suno.com.br\/noticias\/#organization\"},\"image\":{\"@id\":\"https:\/\/www.suno.com.br\/noticias\/tim-tims3-citi-corta-preco-alvo-rebaixa-recomendacao-entenda-go\/#primaryimage\"},\"thumbnailUrl\":\"https:\/\/files.sunoresearch.com.br\/n\/uploads\/2026\/01\/7d155a01-tim-jpg.webp\",\"articleSection\":[\"Neg\u00f3cios\"],\"inLanguage\":\"pt-BR\"},{\"@type\":\"WebPage\",\"@id\":\"https:\/\/www.suno.com.br\/noticias\/tim-tims3-citi-corta-preco-alvo-rebaixa-recomendacao-entenda-go\/\",\"url\":\"https:\/\/www.suno.com.br\/noticias\/tim-tims3-citi-corta-preco-alvo-rebaixa-recomendacao-entenda-go\/\",\"name\":\"Tim (TIMS3): Citi corta pre\u00e7o-alvo e rebaixa recomenda\u00e7\u00e3o\",\"isPartOf\":{\"@id\":\"https:\/\/www.suno.com.br\/noticias\/#website\"},\"primaryImageOfPage\":{\"@id\":\"https:\/\/www.suno.com.br\/noticias\/tim-tims3-citi-corta-preco-alvo-rebaixa-recomendacao-entenda-go\/#primaryimage\"},\"image\":{\"@id\":\"https:\/\/www.suno.com.br\/noticias\/tim-tims3-citi-corta-preco-alvo-rebaixa-recomendacao-entenda-go\/#primaryimage\"},\"thumbnailUrl\":\"https:\/\/files.sunoresearch.com.br\/n\/uploads\/2026\/01\/7d155a01-tim-jpg.webp\",\"datePublished\":\"2026-01-21T15:45:29+00:00\",\"description\":\"As a\u00e7\u00f5es da Tim (TIMS3) aparecem entre os destaques negativos do indicador, ap\u00f3s o Citi rebaixar os pap\u00e9is. Clique e saiba mais!\",\"breadcrumb\":{\"@id\":\"https:\/\/www.suno.com.br\/noticias\/tim-tims3-citi-corta-preco-alvo-rebaixa-recomendacao-entenda-go\/#breadcrumb\"},\"inLanguage\":\"pt-BR\",\"potentialAction\":[{\"@type\":\"ReadAction\",\"target\":[\"https:\/\/www.suno.com.br\/noticias\/tim-tims3-citi-corta-preco-alvo-rebaixa-recomendacao-entenda-go\/\"]}]},{\"@type\":\"ImageObject\",\"inLanguage\":\"pt-BR\",\"@id\":\"https:\/\/www.suno.com.br\/noticias\/tim-tims3-citi-corta-preco-alvo-rebaixa-recomendacao-entenda-go\/#primaryimage\",\"url\":\"https:\/\/files.sunoresearch.com.br\/n\/uploads\/2026\/01\/7d155a01-tim-jpg.webp\",\"contentUrl\":\"https:\/\/files.sunoresearch.com.br\/n\/uploads\/2026\/01\/7d155a01-tim-jpg.webp\",\"width\":2560,\"height\":1707,\"caption\":\"TIM. Cr\u00e9ditos: Divulga\u00e7\u00e3o\"},{\"@type\":\"BreadcrumbList\",\"@id\":\"https:\/\/www.suno.com.br\/noticias\/tim-tims3-citi-corta-preco-alvo-rebaixa-recomendacao-entenda-go\/#breadcrumb\",\"itemListElement\":[{\"@type\":\"ListItem\",\"position\":1,\"name\":\"Not\u00edcias\",\"item\":\"https:\/\/www.suno.com.br\/noticias\/\"},{\"@type\":\"ListItem\",\"position\":2,\"name\":\"Neg\u00f3cios\",\"item\":\"https:\/\/www.suno.com.br\/noticias\/negocios\/\"},{\"@type\":\"ListItem\",\"position\":3,\"name\":\"Tim (TIMS3): Citi corta pre\u00e7o-alvo e rebaixa recomenda\u00e7\u00e3o; a\u00e7\u00f5es caem\"}]},{\"@type\":\"WebSite\",\"@id\":\"https:\/\/www.suno.com.br\/noticias\/#website\",\"url\":\"https:\/\/www.suno.com.br\/noticias\/\",\"name\":\"Suno Not\u00edcias\",\"description\":\"Seu portal de informa\u00e7\u00e3o sobre o mundo dos investimentos\",\"publisher\":{\"@id\":\"https:\/\/www.suno.com.br\/noticias\/#organization\"},\"potentialAction\":[{\"@type\":\"SearchAction\",\"target\":{\"@type\":\"EntryPoint\",\"urlTemplate\":\"https:\/\/www.suno.com.br\/noticias\/?s={search_term_string}\"},\"query-input\":{\"@type\":\"PropertyValueSpecification\",\"valueRequired\":true,\"valueName\":\"search_term_string\"}}],\"inLanguage\":\"pt-BR\"},{\"@type\":\"Organization\",\"@id\":\"https:\/\/www.suno.com.br\/noticias\/#organization\",\"name\":\"Suno Not\u00edcias\",\"url\":\"https:\/\/www.suno.com.br\/noticias\/\",\"logo\":{\"@type\":\"ImageObject\",\"inLanguage\":\"pt-BR\",\"@id\":\"https:\/\/www.suno.com.br\/noticias\/#\/schema\/logo\/image\/\",\"url\":\"https:\/\/files.sunoresearch.com.br\/n\/uploads\/2021\/09\/suno-logo.png\",\"contentUrl\":\"https:\/\/files.sunoresearch.com.br\/n\/uploads\/2021\/09\/suno-logo.png\",\"width\":180,\"height\":180,\"caption\":\"Suno Not\u00edcias\"},\"image\":{\"@id\":\"https:\/\/www.suno.com.br\/noticias\/#\/schema\/logo\/image\/\"},\"sameAs\":[\"https:\/\/facebook.com\/sunoresearch\",\"https:\/\/x.com\/sunoresearch\",\"https:\/\/www.instagram.com\/suno\",\"https:\/\/www.linkedin.com\/company\/suno-research\/\",\"https:\/\/www.youtube.com\/c\/sunoresearch\"]},{\"@type\":\"Person\",\"@id\":\"https:\/\/www.suno.com.br\/noticias\/#\/schema\/person\/506bb13f624e6983050ae5bf648c7a54\",\"name\":\"Giovanna Oliveira\",\"image\":{\"@type\":\"ImageObject\",\"inLanguage\":\"pt-BR\",\"@id\":\"https:\/\/www.suno.com.br\/noticias\/#\/schema\/person\/image\/\",\"url\":\"https:\/\/secure.gravatar.com\/avatar\/8d180e5cea232a9bb3af521589b133fa?s=96&r=g\",\"contentUrl\":\"https:\/\/secure.gravatar.com\/avatar\/8d180e5cea232a9bb3af521589b133fa?s=96&r=g\",\"caption\":\"Giovanna Oliveira\"},\"description\":\"Jornalista com mais de sete anos de experi\u00eancia na cobertura de finan\u00e7as e economia. P\u00f3s-graduada em Neg\u00f3cios e Inova\u00e7\u00e3o (ESPM-SP) e mestranda em Finan\u00e7as (UADE Business School\u2013Buenos Aires).\",\"url\":\"https:\/\/www.suno.com.br\/noticias\/author\/giovannalmd-oliveiragmail-com\/\"}]}<\/script>\n<!-- \/ Yoast SEO plugin. -->","yoast_head_json":{"title":"Tim (TIMS3): Citi corta pre\u00e7o-alvo e rebaixa recomenda\u00e7\u00e3o","description":"As a\u00e7\u00f5es da Tim (TIMS3) aparecem entre os destaques negativos do indicador, ap\u00f3s o Citi rebaixar os pap\u00e9is. Clique e saiba mais!","robots":{"index":"index","follow":"follow","max-snippet":"max-snippet:-1","max-image-preview":"max-image-preview:large","max-video-preview":"max-video-preview:-1"},"canonical":"https:\/\/www.suno.com.br\/noticias\/tim-tims3-citi-corta-preco-alvo-rebaixa-recomendacao-entenda-go\/","og_locale":"pt_BR","og_type":"article","og_title":"Tim (TIMS3): Citi corta pre\u00e7o-alvo e rebaixa recomenda\u00e7\u00e3o","og_description":"As a\u00e7\u00f5es da Tim (TIMS3) aparecem entre os destaques negativos do indicador, ap\u00f3s o Citi rebaixar os pap\u00e9is. Clique e saiba mais!","og_url":"https:\/\/www.suno.com.br\/noticias\/tim-tims3-citi-corta-preco-alvo-rebaixa-recomendacao-entenda-go\/","og_site_name":"Suno Not\u00edcias","article_publisher":"https:\/\/facebook.com\/sunoresearch","og_image":[{"width":2560,"height":1707,"url":"http:\/\/files.sunoresearch.com.br\/n\/uploads\/2026\/01\/7d155a01-tim-jpg.webp","type":"image\/jpeg"}],"author":"Giovanna Oliveira","twitter_card":"summary_large_image","twitter_creator":"@sunoresearch","twitter_site":"@sunoresearch","twitter_misc":{"Escrito por":"Giovanna Oliveira","Est. tempo de leitura":"2 minutos"},"schema":{"@context":"https:\/\/schema.org","@graph":[{"@type":"NewsArticle","@id":"https:\/\/www.suno.com.br\/noticias\/tim-tims3-citi-corta-preco-alvo-rebaixa-recomendacao-entenda-go\/#article","isPartOf":{"@id":"https:\/\/www.suno.com.br\/noticias\/tim-tims3-citi-corta-preco-alvo-rebaixa-recomendacao-entenda-go\/"},"author":{"name":"Giovanna Oliveira","@id":"https:\/\/www.suno.com.br\/noticias\/#\/schema\/person\/506bb13f624e6983050ae5bf648c7a54"},"headline":"Tim (TIMS3): Citi corta pre\u00e7o-alvo e rebaixa recomenda\u00e7\u00e3o; a\u00e7\u00f5es caem","datePublished":"2026-01-21T15:45:29+00:00","mainEntityOfPage":{"@id":"https:\/\/www.suno.com.br\/noticias\/tim-tims3-citi-corta-preco-alvo-rebaixa-recomendacao-entenda-go\/"},"wordCount":411,"publisher":{"@id":"https:\/\/www.suno.com.br\/noticias\/#organization"},"image":{"@id":"https:\/\/www.suno.com.br\/noticias\/tim-tims3-citi-corta-preco-alvo-rebaixa-recomendacao-entenda-go\/#primaryimage"},"thumbnailUrl":"https:\/\/files.sunoresearch.com.br\/n\/uploads\/2026\/01\/7d155a01-tim-jpg.webp","articleSection":["Neg\u00f3cios"],"inLanguage":"pt-BR"},{"@type":"WebPage","@id":"https:\/\/www.suno.com.br\/noticias\/tim-tims3-citi-corta-preco-alvo-rebaixa-recomendacao-entenda-go\/","url":"https:\/\/www.suno.com.br\/noticias\/tim-tims3-citi-corta-preco-alvo-rebaixa-recomendacao-entenda-go\/","name":"Tim (TIMS3): Citi corta pre\u00e7o-alvo e rebaixa recomenda\u00e7\u00e3o","isPartOf":{"@id":"https:\/\/www.suno.com.br\/noticias\/#website"},"primaryImageOfPage":{"@id":"https:\/\/www.suno.com.br\/noticias\/tim-tims3-citi-corta-preco-alvo-rebaixa-recomendacao-entenda-go\/#primaryimage"},"image":{"@id":"https:\/\/www.suno.com.br\/noticias\/tim-tims3-citi-corta-preco-alvo-rebaixa-recomendacao-entenda-go\/#primaryimage"},"thumbnailUrl":"https:\/\/files.sunoresearch.com.br\/n\/uploads\/2026\/01\/7d155a01-tim-jpg.webp","datePublished":"2026-01-21T15:45:29+00:00","description":"As a\u00e7\u00f5es da Tim (TIMS3) aparecem entre os destaques negativos do indicador, ap\u00f3s o Citi rebaixar os pap\u00e9is. Clique e saiba mais!","breadcrumb":{"@id":"https:\/\/www.suno.com.br\/noticias\/tim-tims3-citi-corta-preco-alvo-rebaixa-recomendacao-entenda-go\/#breadcrumb"},"inLanguage":"pt-BR","potentialAction":[{"@type":"ReadAction","target":["https:\/\/www.suno.com.br\/noticias\/tim-tims3-citi-corta-preco-alvo-rebaixa-recomendacao-entenda-go\/"]}]},{"@type":"ImageObject","inLanguage":"pt-BR","@id":"https:\/\/www.suno.com.br\/noticias\/tim-tims3-citi-corta-preco-alvo-rebaixa-recomendacao-entenda-go\/#primaryimage","url":"https:\/\/files.sunoresearch.com.br\/n\/uploads\/2026\/01\/7d155a01-tim-jpg.webp","contentUrl":"https:\/\/files.sunoresearch.com.br\/n\/uploads\/2026\/01\/7d155a01-tim-jpg.webp","width":2560,"height":1707,"caption":"TIM. Cr\u00e9ditos: Divulga\u00e7\u00e3o"},{"@type":"BreadcrumbList","@id":"https:\/\/www.suno.com.br\/noticias\/tim-tims3-citi-corta-preco-alvo-rebaixa-recomendacao-entenda-go\/#breadcrumb","itemListElement":[{"@type":"ListItem","position":1,"name":"Not\u00edcias","item":"https:\/\/www.suno.com.br\/noticias\/"},{"@type":"ListItem","position":2,"name":"Neg\u00f3cios","item":"https:\/\/www.suno.com.br\/noticias\/negocios\/"},{"@type":"ListItem","position":3,"name":"Tim (TIMS3): Citi corta pre\u00e7o-alvo e rebaixa recomenda\u00e7\u00e3o; a\u00e7\u00f5es caem"}]},{"@type":"WebSite","@id":"https:\/\/www.suno.com.br\/noticias\/#website","url":"https:\/\/www.suno.com.br\/noticias\/","name":"Suno Not\u00edcias","description":"Seu portal de informa\u00e7\u00e3o sobre o mundo dos investimentos","publisher":{"@id":"https:\/\/www.suno.com.br\/noticias\/#organization"},"potentialAction":[{"@type":"SearchAction","target":{"@type":"EntryPoint","urlTemplate":"https:\/\/www.suno.com.br\/noticias\/?s={search_term_string}"},"query-input":{"@type":"PropertyValueSpecification","valueRequired":true,"valueName":"search_term_string"}}],"inLanguage":"pt-BR"},{"@type":"Organization","@id":"https:\/\/www.suno.com.br\/noticias\/#organization","name":"Suno Not\u00edcias","url":"https:\/\/www.suno.com.br\/noticias\/","logo":{"@type":"ImageObject","inLanguage":"pt-BR","@id":"https:\/\/www.suno.com.br\/noticias\/#\/schema\/logo\/image\/","url":"https:\/\/files.sunoresearch.com.br\/n\/uploads\/2021\/09\/suno-logo.png","contentUrl":"https:\/\/files.sunoresearch.com.br\/n\/uploads\/2021\/09\/suno-logo.png","width":180,"height":180,"caption":"Suno Not\u00edcias"},"image":{"@id":"https:\/\/www.suno.com.br\/noticias\/#\/schema\/logo\/image\/"},"sameAs":["https:\/\/facebook.com\/sunoresearch","https:\/\/x.com\/sunoresearch","https:\/\/www.instagram.com\/suno","https:\/\/www.linkedin.com\/company\/suno-research\/","https:\/\/www.youtube.com\/c\/sunoresearch"]},{"@type":"Person","@id":"https:\/\/www.suno.com.br\/noticias\/#\/schema\/person\/506bb13f624e6983050ae5bf648c7a54","name":"Giovanna Oliveira","image":{"@type":"ImageObject","inLanguage":"pt-BR","@id":"https:\/\/www.suno.com.br\/noticias\/#\/schema\/person\/image\/","url":"https:\/\/secure.gravatar.com\/avatar\/8d180e5cea232a9bb3af521589b133fa?s=96&r=g","contentUrl":"https:\/\/secure.gravatar.com\/avatar\/8d180e5cea232a9bb3af521589b133fa?s=96&r=g","caption":"Giovanna Oliveira"},"description":"Jornalista com mais de sete anos de experi\u00eancia na cobertura de finan\u00e7as e economia. P\u00f3s-graduada em Neg\u00f3cios e Inova\u00e7\u00e3o (ESPM-SP) e mestranda em Finan\u00e7as (UADE Business School\u2013Buenos Aires).","url":"https:\/\/www.suno.com.br\/noticias\/author\/giovannalmd-oliveiragmail-com\/"}]}},"default_loop_html":"<div class=\"cardsPage__listCard__boxs\"><div class=\"cardsPage__listCard__boxs__img\"><a href=\"https:\/\/www.suno.com.br\/noticias\/tim-tims3-citi-corta-preco-alvo-rebaixa-recomendacao-entenda-go\/\"><img class=\"mask\" src=\"https:\/\/www.suno.com.br\/noticias\/wp-content\/themes\/suno\/resources\/images\/spotlight\/spotlight1img\/bg-mask.png\" alt=\"Image Mask\"\/><img src=\"https:\/\/files.sunoresearch.com.br\/n\/uploads\/2026\/01\/7d155a01-tim-400x200.webp\" alt=\"Tim (TIMS3): Citi corta pre\u00e7o-alvo e rebaixa recomenda\u00e7\u00e3o; a\u00e7\u00f5es caem\"\/><\/a><span class=\"spotlightCategory\"><a href=\"https:\/\/www.suno.com.br\/noticias\/negocios\/\">Neg\u00f3cios<\/a><\/span><\/div><div class=\"cardsPage__listCard__boxs__content\"><a href=\"https:\/\/www.suno.com.br\/noticias\/tim-tims3-citi-corta-preco-alvo-rebaixa-recomendacao-entenda-go\/\"><h2 class=\"content__title\">Tim (TIMS3): Citi corta pre\u00e7o-alvo e rebaixa recomenda\u00e7\u00e3o; a\u00e7\u00f5es caem<\/h2><\/a><div class=\"newsContent__article__meta\"><div class=\"newsContent__article__meta__authorBox\"><a href=\"https:\/\/www.suno.com.br\/noticias\/author\/giovannalmd-oliveiragmail-com\/\" class=\"authorBox__avatar noMobi\"><img src=\"https:\/\/secure.gravatar.com\/avatar\/8d180e5cea232a9bb3af521589b133fa?s=96&#038;r=g\" alt=\"Giovanna Oliveira\"><\/a><div class=\"authorBox__name\"><span>por\n\t\t\t<a href=\"https:\/\/www.suno.com.br\/noticias\/author\/giovannalmd-oliveiragmail-com\/\"><span itemprop=\"author\">Giovanna Oliveira<\/span><\/a><\/span><time datetime=\"2026-01-21T12:45:29-03:00\" itemprop=\"datePublished\">21\/01\/2026 12:45<\/time><\/div><\/div><\/div><\/div><\/div>","single_layout":"posts","amp_enabled":true,"_links":{"self":[{"href":"https:\/\/www.suno.com.br\/noticias\/wp-json\/wp\/v2\/posts\/639233"}],"collection":[{"href":"https:\/\/www.suno.com.br\/noticias\/wp-json\/wp\/v2\/posts"}],"about":[{"href":"https:\/\/www.suno.com.br\/noticias\/wp-json\/wp\/v2\/types\/post"}],"author":[{"embeddable":true,"href":"https:\/\/www.suno.com.br\/noticias\/wp-json\/wp\/v2\/users\/404"}],"replies":[{"embeddable":true,"href":"https:\/\/www.suno.com.br\/noticias\/wp-json\/wp\/v2\/comments?post=639233"}],"version-history":[{"count":0,"href":"https:\/\/www.suno.com.br\/noticias\/wp-json\/wp\/v2\/posts\/639233\/revisions"}],"wp:featuredmedia":[{"embeddable":true,"href":"https:\/\/www.suno.com.br\/noticias\/wp-json\/wp\/v2\/media\/639234"}],"wp:attachment":[{"href":"https:\/\/www.suno.com.br\/noticias\/wp-json\/wp\/v2\/media?parent=639233"}],"wp:term":[{"taxonomy":"category","embeddable":true,"href":"https:\/\/www.suno.com.br\/noticias\/wp-json\/wp\/v2\/categories?post=639233"},{"taxonomy":"post_tag","embeddable":true,"href":"https:\/\/www.suno.com.br\/noticias\/wp-json\/wp\/v2\/tags?post=639233"},{"taxonomy":"suno_strategy","embeddable":true,"href":"https:\/\/www.suno.com.br\/noticias\/wp-json\/wp\/v2\/suno_strategy?post=639233"}],"curies":[{"name":"wp","href":"https:\/\/api.w.org\/{rel}","templated":true}]}}