{"id":639214,"date":"2026-01-21T11:15:15","date_gmt":"2026-01-21T14:15:15","guid":{"rendered":"https:\/\/www.suno.com.br\/noticias\/banco-central-decreta-liquidacao-extrajudicial-will-bank-go\/"},"modified":"2026-01-21T11:15:15","modified_gmt":"2026-01-21T14:15:15","slug":"banco-central-decreta-liquidacao-extrajudicial-will-bank-go","status":"publish","type":"post","link":"https:\/\/www.suno.com.br\/noticias\/banco-central-decreta-liquidacao-extrajudicial-will-bank-go\/","title":{"rendered":"Ap\u00f3s Banco Master, Banco Central decreta liquida\u00e7\u00e3o extrajudicial do Will Bank"},"content":{"rendered":"<p>Dois meses ap\u00f3s decretar o fim do Banco Master, o Banco Central anunciou nesta quarta-feira (21) a liquida\u00e7\u00e3o extrajudicial da Will Financeira S.A. Cr\u00e9dito, Financiamento e Investimento, conhecida como <strong>Will Bank<\/strong>. A institui\u00e7\u00e3o financeira pertencia ao Master.<\/p>\t<div class=\"wrapper-featured-image\">\n\t\t<figure class=\"spotlightImg\">\n\n\t\t\t<picture>\n\t\t\t\t<source media=\"(max-width: 768px)\" srcset=\"https:\/\/files.sunoresearch.com.br\/n\/uploads\/2026\/01\/6970bb4bd7288-400x200.webp\">\n\t\t\t\t<img loading=\"lazy\" decoding=\"async\" class=\"newsContent__article__imgCapa lazyloadDisabled \" src=\"https:\/\/files.sunoresearch.com.br\/n\/uploads\/2026\/01\/6970bb4bd7288-800x450.webp\" width=\"800\" height=\"450\" alt=\"Ap\u00f3s Banco Master, Banco Central decreta liquida\u00e7\u00e3o extrajudicial do Will Bank\" fetchpriority=high \/>\n\t\t\t<\/picture>\n\n\t\t\t<figcaption class=\"wp-caption-text wp-caption-text--show\">Will Bank. Foto: Divulga\u00e7\u00e3o\/Will Bank<\/figcaption>\n\t\t<\/figure>\n\t<\/div>\n\n\n\n\n\n\n<p>A decis\u00e3o foi formalizada em um ato assinado pelo presidente do <strong>BC<\/strong>, Gabriel Gal\u00edpolo, que apontou o \u201ccomprometimento da situa\u00e7\u00e3o econ\u00f4mico-financeira, a insolv\u00eancia e o v\u00ednculo de interesse\u201d entre o <strong>Will Bank<\/strong> e o <strong>Banco Master<\/strong>, controlador da financeira.<\/p>\n\n\n\n\n\n\n\n\n<p>O Will Bank integrava o conglomerado do Banco Master e estava sob seu controle direto. Quando o BC decretou a liquida\u00e7\u00e3o do Master, em novembro, optou por preservar temporariamente o Will Bank, ao avaliar que poderia haver interessados na compra da opera\u00e7\u00e3o. Por isso, a institui\u00e7\u00e3o foi mantida sob um regime especial por at\u00e9 120 dias.<\/p>\n\n\n\n<p>A venda, no entanto, n\u00e3o se concretizou. Sem novos investidores e com a deteriora\u00e7\u00e3o da situa\u00e7\u00e3o financeira, o Banco Central concluiu que o banco n\u00e3o tinha condi\u00e7\u00f5es de continuar operando, levando \u00e0 decreta\u00e7\u00e3o da liquida\u00e7\u00e3o extrajudicial.<\/p>\n\n\n\n<h2 class=\"wp-block-heading\">O que vai acontecer com os CDBs do Will Bank? <\/h2>\n\n\n\n<p>Com a liquida\u00e7\u00e3o, os CDBs emitidos pela Will Financeira passam a ser cobertos pelo <a class=\"suno-keyword\" target=\"_blank\" data-force=\"no\" data-priority=\"2\" href=\"https:\/\/www.suno.com.br\/guias\/fgc\/\" rel=\"noopener\"><strong>Fundo Garantidor de Cr\u00e9ditos (FGC)<\/strong><\/a>, respeitado o limite de R$ 250 mil por CPF. O fundo j\u00e1 iniciou nesta semana os pagamentos referentes aos <strong>CDBs do Banco<\/strong> <strong>Master<\/strong> e deve desembolsar cerca de R$ 40,6 bilh\u00f5es para aproximadamente 800 mil investidores, no maior ressarcimento de sua hist\u00f3ria.<\/p>\n\n\n\n\n\n\n\n\n<p>O Banco Central tamb\u00e9m determinou a indisponibilidade dos bens dos controladores e ex-administradores da Will Financeira. A medida atinge, entre outros, <strong>Daniel Vorcaro<\/strong>, Armando Miguel Gallo Neto, Felipe Wallace Simonsen, al\u00e9m das holdings ligadas ao grupo Master. A EFB Regimes Especiais de Empresas Ltda. foi nomeada como liquidante, a mesma respons\u00e1vel pelo processo do Banco Master.<\/p>\n\n\n\n<p>Antes mesmo da publica\u00e7\u00e3o oficial da liquida\u00e7\u00e3o, a <strong>Mastercard<\/strong> deixou de aceitar transa\u00e7\u00f5es com cart\u00f5es emitidos pelo Will Bank, ap\u00f3s opera\u00e7\u00f5es realizadas por clientes n\u00e3o terem sido honradas junto a participantes do arranjo de pagamento. A bandeira tamb\u00e9m executou garantias relacionadas a d\u00edvidas do banco.<\/p>\n\n\n\n<p>Criado em 2017 e adquirido pelo Banco Master em 2024, o <strong>Will Bank<\/strong> encerrou o primeiro semestre com R$ 14,4 bilh\u00f5es em ativos, preju\u00edzo de R$ 244,7 milh\u00f5es e <a class=\"suno-keyword\" target=\"_blank\" data-force=\"no\" data-priority=\"2\" href=\"https:\/\/www.suno.com.br\/artigos\/patrimonio-liquido\/\" rel=\"noopener\">patrim\u00f4nio l\u00edquido<\/a> pr\u00f3ximo de R$ 300 milh\u00f5es, segundo dados do Banco Central.<\/p>\n","protected":false},"excerpt":{"rendered":"<p>Dois meses ap\u00f3s decretar o fim do Banco Master, o Banco Central anunciou nesta quarta-feira (21) a liquida\u00e7\u00e3o extrajudicial da Will Financeira S.A. Cr\u00e9dito, Financiamento e Investimento, conhecida como Will Bank. A institui\u00e7\u00e3o financeira pertencia ao Master. A decis\u00e3o foi formalizada em um ato assinado pelo presidente do BC, Gabriel Gal\u00edpolo, que apontou o \u201ccomprometimento &hellip; Continued<\/p>\n","protected":false},"author":404,"featured_media":639215,"comment_status":"closed","ping_status":"closed","sticky":false,"template":"","format":"standard","meta":[],"categories":[64],"tags":[],"suno_strategy":[],"class_list":["post-639214","post","type-post","status-publish","format-standard","has-post-thumbnail","hentry","category-negocios"],"yoast_head":"<!-- This site is optimized with the Yoast SEO plugin v24.4 - https:\/\/yoast.com\/wordpress\/plugins\/seo\/ -->\n<title>Banco Central decreta liquida\u00e7\u00e3o extrajudicial do Will Bank<\/title>\n<meta name=\"description\" content=\"O Banco Central anunciou a liquida\u00e7\u00e3o extrajudicial da Will Financeira S.A., conhecida como Will Bank. Leia mais.\" \/>\n<meta name=\"robots\" content=\"index, follow, max-snippet:-1, max-image-preview:large, max-video-preview:-1\" \/>\n<link rel=\"canonical\" href=\"https:\/\/www.suno.com.br\/noticias\/banco-central-decreta-liquidacao-extrajudicial-will-bank-go\/\" \/>\n<meta property=\"og:locale\" content=\"pt_BR\" \/>\n<meta property=\"og:type\" content=\"article\" \/>\n<meta property=\"og:title\" content=\"Banco Central decreta liquida\u00e7\u00e3o extrajudicial do Will Bank\" \/>\n<meta property=\"og:description\" content=\"O Banco Central anunciou a liquida\u00e7\u00e3o extrajudicial da Will Financeira S.A., conhecida como Will Bank. Leia mais.\" \/>\n<meta property=\"og:url\" content=\"https:\/\/www.suno.com.br\/noticias\/banco-central-decreta-liquidacao-extrajudicial-will-bank-go\/\" \/>\n<meta property=\"og:site_name\" content=\"Suno Not\u00edcias\" \/>\n<meta property=\"article:publisher\" content=\"https:\/\/facebook.com\/sunoresearch\" \/>\n<meta property=\"og:image\" content=\"http:\/\/files.sunoresearch.com.br\/n\/uploads\/2026\/01\/6970bb4bd7288-jpg.webp\" \/>\n\t<meta property=\"og:image:width\" content=\"1200\" \/>\n\t<meta property=\"og:image:height\" content=\"675\" \/>\n\t<meta property=\"og:image:type\" content=\"image\/jpeg\" \/>\n<meta name=\"author\" content=\"Giovanna Oliveira\" \/>\n<meta name=\"twitter:card\" content=\"summary_large_image\" \/>\n<meta name=\"twitter:creator\" content=\"@sunoresearch\" \/>\n<meta name=\"twitter:site\" content=\"@sunoresearch\" \/>\n<meta name=\"twitter:label1\" content=\"Escrito por\" \/>\n\t<meta name=\"twitter:data1\" content=\"Giovanna Oliveira\" \/>\n\t<meta name=\"twitter:label2\" content=\"Est. tempo de leitura\" \/>\n\t<meta name=\"twitter:data2\" content=\"2 minutos\" \/>\n<script type=\"application\/ld+json\" class=\"yoast-schema-graph\">{\"@context\":\"https:\/\/schema.org\",\"@graph\":[{\"@type\":\"NewsArticle\",\"@id\":\"https:\/\/www.suno.com.br\/noticias\/banco-central-decreta-liquidacao-extrajudicial-will-bank-go\/#article\",\"isPartOf\":{\"@id\":\"https:\/\/www.suno.com.br\/noticias\/banco-central-decreta-liquidacao-extrajudicial-will-bank-go\/\"},\"author\":{\"name\":\"Giovanna Oliveira\",\"@id\":\"https:\/\/www.suno.com.br\/noticias\/#\/schema\/person\/506bb13f624e6983050ae5bf648c7a54\"},\"headline\":\"Ap\u00f3s Banco Master, Banco Central decreta liquida\u00e7\u00e3o extrajudicial do Will Bank\",\"datePublished\":\"2026-01-21T14:15:15+00:00\",\"mainEntityOfPage\":{\"@id\":\"https:\/\/www.suno.com.br\/noticias\/banco-central-decreta-liquidacao-extrajudicial-will-bank-go\/\"},\"wordCount\":437,\"publisher\":{\"@id\":\"https:\/\/www.suno.com.br\/noticias\/#organization\"},\"image\":{\"@id\":\"https:\/\/www.suno.com.br\/noticias\/banco-central-decreta-liquidacao-extrajudicial-will-bank-go\/#primaryimage\"},\"thumbnailUrl\":\"https:\/\/files.sunoresearch.com.br\/n\/uploads\/2026\/01\/6970bb4bd7288-jpg.webp\",\"articleSection\":[\"Neg\u00f3cios\"],\"inLanguage\":\"pt-BR\"},{\"@type\":\"WebPage\",\"@id\":\"https:\/\/www.suno.com.br\/noticias\/banco-central-decreta-liquidacao-extrajudicial-will-bank-go\/\",\"url\":\"https:\/\/www.suno.com.br\/noticias\/banco-central-decreta-liquidacao-extrajudicial-will-bank-go\/\",\"name\":\"Banco Central decreta liquida\u00e7\u00e3o extrajudicial do Will Bank\",\"isPartOf\":{\"@id\":\"https:\/\/www.suno.com.br\/noticias\/#website\"},\"primaryImageOfPage\":{\"@id\":\"https:\/\/www.suno.com.br\/noticias\/banco-central-decreta-liquidacao-extrajudicial-will-bank-go\/#primaryimage\"},\"image\":{\"@id\":\"https:\/\/www.suno.com.br\/noticias\/banco-central-decreta-liquidacao-extrajudicial-will-bank-go\/#primaryimage\"},\"thumbnailUrl\":\"https:\/\/files.sunoresearch.com.br\/n\/uploads\/2026\/01\/6970bb4bd7288-jpg.webp\",\"datePublished\":\"2026-01-21T14:15:15+00:00\",\"description\":\"O Banco Central anunciou a liquida\u00e7\u00e3o extrajudicial da Will Financeira S.A., conhecida como Will Bank. Leia mais.\",\"breadcrumb\":{\"@id\":\"https:\/\/www.suno.com.br\/noticias\/banco-central-decreta-liquidacao-extrajudicial-will-bank-go\/#breadcrumb\"},\"inLanguage\":\"pt-BR\",\"potentialAction\":[{\"@type\":\"ReadAction\",\"target\":[\"https:\/\/www.suno.com.br\/noticias\/banco-central-decreta-liquidacao-extrajudicial-will-bank-go\/\"]}]},{\"@type\":\"ImageObject\",\"inLanguage\":\"pt-BR\",\"@id\":\"https:\/\/www.suno.com.br\/noticias\/banco-central-decreta-liquidacao-extrajudicial-will-bank-go\/#primaryimage\",\"url\":\"https:\/\/files.sunoresearch.com.br\/n\/uploads\/2026\/01\/6970bb4bd7288-jpg.webp\",\"contentUrl\":\"https:\/\/files.sunoresearch.com.br\/n\/uploads\/2026\/01\/6970bb4bd7288-jpg.webp\",\"width\":1200,\"height\":675,\"caption\":\"Will Bank. Foto: Divulga\u00e7\u00e3o\/Will Bank\"},{\"@type\":\"BreadcrumbList\",\"@id\":\"https:\/\/www.suno.com.br\/noticias\/banco-central-decreta-liquidacao-extrajudicial-will-bank-go\/#breadcrumb\",\"itemListElement\":[{\"@type\":\"ListItem\",\"position\":1,\"name\":\"Not\u00edcias\",\"item\":\"https:\/\/www.suno.com.br\/noticias\/\"},{\"@type\":\"ListItem\",\"position\":2,\"name\":\"Neg\u00f3cios\",\"item\":\"https:\/\/www.suno.com.br\/noticias\/negocios\/\"},{\"@type\":\"ListItem\",\"position\":3,\"name\":\"Ap\u00f3s Banco Master, Banco Central decreta liquida\u00e7\u00e3o extrajudicial do Will Bank\"}]},{\"@type\":\"WebSite\",\"@id\":\"https:\/\/www.suno.com.br\/noticias\/#website\",\"url\":\"https:\/\/www.suno.com.br\/noticias\/\",\"name\":\"Suno Not\u00edcias\",\"description\":\"Seu portal de informa\u00e7\u00e3o sobre o mundo dos investimentos\",\"publisher\":{\"@id\":\"https:\/\/www.suno.com.br\/noticias\/#organization\"},\"potentialAction\":[{\"@type\":\"SearchAction\",\"target\":{\"@type\":\"EntryPoint\",\"urlTemplate\":\"https:\/\/www.suno.com.br\/noticias\/?s={search_term_string}\"},\"query-input\":{\"@type\":\"PropertyValueSpecification\",\"valueRequired\":true,\"valueName\":\"search_term_string\"}}],\"inLanguage\":\"pt-BR\"},{\"@type\":\"Organization\",\"@id\":\"https:\/\/www.suno.com.br\/noticias\/#organization\",\"name\":\"Suno Not\u00edcias\",\"url\":\"https:\/\/www.suno.com.br\/noticias\/\",\"logo\":{\"@type\":\"ImageObject\",\"inLanguage\":\"pt-BR\",\"@id\":\"https:\/\/www.suno.com.br\/noticias\/#\/schema\/logo\/image\/\",\"url\":\"https:\/\/files.sunoresearch.com.br\/n\/uploads\/2021\/09\/suno-logo.png\",\"contentUrl\":\"https:\/\/files.sunoresearch.com.br\/n\/uploads\/2021\/09\/suno-logo.png\",\"width\":180,\"height\":180,\"caption\":\"Suno Not\u00edcias\"},\"image\":{\"@id\":\"https:\/\/www.suno.com.br\/noticias\/#\/schema\/logo\/image\/\"},\"sameAs\":[\"https:\/\/facebook.com\/sunoresearch\",\"https:\/\/x.com\/sunoresearch\",\"https:\/\/www.instagram.com\/suno\",\"https:\/\/www.linkedin.com\/company\/suno-research\/\",\"https:\/\/www.youtube.com\/c\/sunoresearch\"]},{\"@type\":\"Person\",\"@id\":\"https:\/\/www.suno.com.br\/noticias\/#\/schema\/person\/506bb13f624e6983050ae5bf648c7a54\",\"name\":\"Giovanna Oliveira\",\"image\":{\"@type\":\"ImageObject\",\"inLanguage\":\"pt-BR\",\"@id\":\"https:\/\/www.suno.com.br\/noticias\/#\/schema\/person\/image\/\",\"url\":\"https:\/\/secure.gravatar.com\/avatar\/8d180e5cea232a9bb3af521589b133fa?s=96&r=g\",\"contentUrl\":\"https:\/\/secure.gravatar.com\/avatar\/8d180e5cea232a9bb3af521589b133fa?s=96&r=g\",\"caption\":\"Giovanna Oliveira\"},\"description\":\"Jornalista com mais de sete anos de experi\u00eancia na cobertura de finan\u00e7as e economia. P\u00f3s-graduada em Neg\u00f3cios e Inova\u00e7\u00e3o (ESPM-SP) e mestranda em Finan\u00e7as (UADE Business School\u2013Buenos Aires).\",\"url\":\"https:\/\/www.suno.com.br\/noticias\/author\/giovannalmd-oliveiragmail-com\/\"}]}<\/script>\n<!-- \/ Yoast SEO plugin. -->","yoast_head_json":{"title":"Banco Central decreta liquida\u00e7\u00e3o extrajudicial do Will Bank","description":"O Banco Central anunciou a liquida\u00e7\u00e3o extrajudicial da Will Financeira S.A., conhecida como Will Bank. Leia mais.","robots":{"index":"index","follow":"follow","max-snippet":"max-snippet:-1","max-image-preview":"max-image-preview:large","max-video-preview":"max-video-preview:-1"},"canonical":"https:\/\/www.suno.com.br\/noticias\/banco-central-decreta-liquidacao-extrajudicial-will-bank-go\/","og_locale":"pt_BR","og_type":"article","og_title":"Banco Central decreta liquida\u00e7\u00e3o extrajudicial do Will Bank","og_description":"O Banco Central anunciou a liquida\u00e7\u00e3o extrajudicial da Will Financeira S.A., conhecida como Will Bank. Leia mais.","og_url":"https:\/\/www.suno.com.br\/noticias\/banco-central-decreta-liquidacao-extrajudicial-will-bank-go\/","og_site_name":"Suno Not\u00edcias","article_publisher":"https:\/\/facebook.com\/sunoresearch","og_image":[{"width":1200,"height":675,"url":"http:\/\/files.sunoresearch.com.br\/n\/uploads\/2026\/01\/6970bb4bd7288-jpg.webp","type":"image\/jpeg"}],"author":"Giovanna Oliveira","twitter_card":"summary_large_image","twitter_creator":"@sunoresearch","twitter_site":"@sunoresearch","twitter_misc":{"Escrito por":"Giovanna Oliveira","Est. tempo de leitura":"2 minutos"},"schema":{"@context":"https:\/\/schema.org","@graph":[{"@type":"NewsArticle","@id":"https:\/\/www.suno.com.br\/noticias\/banco-central-decreta-liquidacao-extrajudicial-will-bank-go\/#article","isPartOf":{"@id":"https:\/\/www.suno.com.br\/noticias\/banco-central-decreta-liquidacao-extrajudicial-will-bank-go\/"},"author":{"name":"Giovanna Oliveira","@id":"https:\/\/www.suno.com.br\/noticias\/#\/schema\/person\/506bb13f624e6983050ae5bf648c7a54"},"headline":"Ap\u00f3s Banco Master, Banco Central decreta liquida\u00e7\u00e3o extrajudicial do Will Bank","datePublished":"2026-01-21T14:15:15+00:00","mainEntityOfPage":{"@id":"https:\/\/www.suno.com.br\/noticias\/banco-central-decreta-liquidacao-extrajudicial-will-bank-go\/"},"wordCount":437,"publisher":{"@id":"https:\/\/www.suno.com.br\/noticias\/#organization"},"image":{"@id":"https:\/\/www.suno.com.br\/noticias\/banco-central-decreta-liquidacao-extrajudicial-will-bank-go\/#primaryimage"},"thumbnailUrl":"https:\/\/files.sunoresearch.com.br\/n\/uploads\/2026\/01\/6970bb4bd7288-jpg.webp","articleSection":["Neg\u00f3cios"],"inLanguage":"pt-BR"},{"@type":"WebPage","@id":"https:\/\/www.suno.com.br\/noticias\/banco-central-decreta-liquidacao-extrajudicial-will-bank-go\/","url":"https:\/\/www.suno.com.br\/noticias\/banco-central-decreta-liquidacao-extrajudicial-will-bank-go\/","name":"Banco Central decreta liquida\u00e7\u00e3o extrajudicial do Will Bank","isPartOf":{"@id":"https:\/\/www.suno.com.br\/noticias\/#website"},"primaryImageOfPage":{"@id":"https:\/\/www.suno.com.br\/noticias\/banco-central-decreta-liquidacao-extrajudicial-will-bank-go\/#primaryimage"},"image":{"@id":"https:\/\/www.suno.com.br\/noticias\/banco-central-decreta-liquidacao-extrajudicial-will-bank-go\/#primaryimage"},"thumbnailUrl":"https:\/\/files.sunoresearch.com.br\/n\/uploads\/2026\/01\/6970bb4bd7288-jpg.webp","datePublished":"2026-01-21T14:15:15+00:00","description":"O Banco Central anunciou a liquida\u00e7\u00e3o extrajudicial da Will Financeira S.A., conhecida como Will Bank. Leia mais.","breadcrumb":{"@id":"https:\/\/www.suno.com.br\/noticias\/banco-central-decreta-liquidacao-extrajudicial-will-bank-go\/#breadcrumb"},"inLanguage":"pt-BR","potentialAction":[{"@type":"ReadAction","target":["https:\/\/www.suno.com.br\/noticias\/banco-central-decreta-liquidacao-extrajudicial-will-bank-go\/"]}]},{"@type":"ImageObject","inLanguage":"pt-BR","@id":"https:\/\/www.suno.com.br\/noticias\/banco-central-decreta-liquidacao-extrajudicial-will-bank-go\/#primaryimage","url":"https:\/\/files.sunoresearch.com.br\/n\/uploads\/2026\/01\/6970bb4bd7288-jpg.webp","contentUrl":"https:\/\/files.sunoresearch.com.br\/n\/uploads\/2026\/01\/6970bb4bd7288-jpg.webp","width":1200,"height":675,"caption":"Will Bank. Foto: Divulga\u00e7\u00e3o\/Will Bank"},{"@type":"BreadcrumbList","@id":"https:\/\/www.suno.com.br\/noticias\/banco-central-decreta-liquidacao-extrajudicial-will-bank-go\/#breadcrumb","itemListElement":[{"@type":"ListItem","position":1,"name":"Not\u00edcias","item":"https:\/\/www.suno.com.br\/noticias\/"},{"@type":"ListItem","position":2,"name":"Neg\u00f3cios","item":"https:\/\/www.suno.com.br\/noticias\/negocios\/"},{"@type":"ListItem","position":3,"name":"Ap\u00f3s Banco Master, Banco Central decreta liquida\u00e7\u00e3o extrajudicial do Will Bank"}]},{"@type":"WebSite","@id":"https:\/\/www.suno.com.br\/noticias\/#website","url":"https:\/\/www.suno.com.br\/noticias\/","name":"Suno Not\u00edcias","description":"Seu portal de informa\u00e7\u00e3o sobre o mundo dos investimentos","publisher":{"@id":"https:\/\/www.suno.com.br\/noticias\/#organization"},"potentialAction":[{"@type":"SearchAction","target":{"@type":"EntryPoint","urlTemplate":"https:\/\/www.suno.com.br\/noticias\/?s={search_term_string}"},"query-input":{"@type":"PropertyValueSpecification","valueRequired":true,"valueName":"search_term_string"}}],"inLanguage":"pt-BR"},{"@type":"Organization","@id":"https:\/\/www.suno.com.br\/noticias\/#organization","name":"Suno Not\u00edcias","url":"https:\/\/www.suno.com.br\/noticias\/","logo":{"@type":"ImageObject","inLanguage":"pt-BR","@id":"https:\/\/www.suno.com.br\/noticias\/#\/schema\/logo\/image\/","url":"https:\/\/files.sunoresearch.com.br\/n\/uploads\/2021\/09\/suno-logo.png","contentUrl":"https:\/\/files.sunoresearch.com.br\/n\/uploads\/2021\/09\/suno-logo.png","width":180,"height":180,"caption":"Suno Not\u00edcias"},"image":{"@id":"https:\/\/www.suno.com.br\/noticias\/#\/schema\/logo\/image\/"},"sameAs":["https:\/\/facebook.com\/sunoresearch","https:\/\/x.com\/sunoresearch","https:\/\/www.instagram.com\/suno","https:\/\/www.linkedin.com\/company\/suno-research\/","https:\/\/www.youtube.com\/c\/sunoresearch"]},{"@type":"Person","@id":"https:\/\/www.suno.com.br\/noticias\/#\/schema\/person\/506bb13f624e6983050ae5bf648c7a54","name":"Giovanna Oliveira","image":{"@type":"ImageObject","inLanguage":"pt-BR","@id":"https:\/\/www.suno.com.br\/noticias\/#\/schema\/person\/image\/","url":"https:\/\/secure.gravatar.com\/avatar\/8d180e5cea232a9bb3af521589b133fa?s=96&r=g","contentUrl":"https:\/\/secure.gravatar.com\/avatar\/8d180e5cea232a9bb3af521589b133fa?s=96&r=g","caption":"Giovanna Oliveira"},"description":"Jornalista com mais de sete anos de experi\u00eancia na cobertura de finan\u00e7as e economia. P\u00f3s-graduada em Neg\u00f3cios e Inova\u00e7\u00e3o (ESPM-SP) e mestranda em Finan\u00e7as (UADE Business School\u2013Buenos Aires).","url":"https:\/\/www.suno.com.br\/noticias\/author\/giovannalmd-oliveiragmail-com\/"}]}},"default_loop_html":"<div class=\"cardsPage__listCard__boxs\"><div class=\"cardsPage__listCard__boxs__img\"><a href=\"https:\/\/www.suno.com.br\/noticias\/banco-central-decreta-liquidacao-extrajudicial-will-bank-go\/\"><img class=\"mask\" src=\"https:\/\/www.suno.com.br\/noticias\/wp-content\/themes\/suno\/resources\/images\/spotlight\/spotlight1img\/bg-mask.png\" alt=\"Image Mask\"\/><img src=\"https:\/\/files.sunoresearch.com.br\/n\/uploads\/2026\/01\/6970bb4bd7288-400x200.webp\" alt=\"Ap\u00f3s Banco Master, Banco Central decreta liquida\u00e7\u00e3o extrajudicial do Will Bank\"\/><\/a><span class=\"spotlightCategory\"><a href=\"https:\/\/www.suno.com.br\/noticias\/negocios\/\">Neg\u00f3cios<\/a><\/span><\/div><div class=\"cardsPage__listCard__boxs__content\"><a href=\"https:\/\/www.suno.com.br\/noticias\/banco-central-decreta-liquidacao-extrajudicial-will-bank-go\/\"><h2 class=\"content__title\">Ap\u00f3s Banco Master, Banco Central decreta liquida\u00e7\u00e3o extrajudicial do Will Bank<\/h2><\/a><div class=\"newsContent__article__meta\"><div class=\"newsContent__article__meta__authorBox\"><a href=\"https:\/\/www.suno.com.br\/noticias\/author\/giovannalmd-oliveiragmail-com\/\" class=\"authorBox__avatar noMobi\"><img src=\"https:\/\/secure.gravatar.com\/avatar\/8d180e5cea232a9bb3af521589b133fa?s=96&#038;r=g\" alt=\"Giovanna Oliveira\"><\/a><div class=\"authorBox__name\"><span>por\n\t\t\t<a href=\"https:\/\/www.suno.com.br\/noticias\/author\/giovannalmd-oliveiragmail-com\/\"><span itemprop=\"author\">Giovanna Oliveira<\/span><\/a><\/span><time datetime=\"2026-01-21T11:15:15-03:00\" itemprop=\"datePublished\">21\/01\/2026 11:15<\/time><\/div><\/div><\/div><\/div><\/div>","single_layout":"posts","amp_enabled":true,"_links":{"self":[{"href":"https:\/\/www.suno.com.br\/noticias\/wp-json\/wp\/v2\/posts\/639214"}],"collection":[{"href":"https:\/\/www.suno.com.br\/noticias\/wp-json\/wp\/v2\/posts"}],"about":[{"href":"https:\/\/www.suno.com.br\/noticias\/wp-json\/wp\/v2\/types\/post"}],"author":[{"embeddable":true,"href":"https:\/\/www.suno.com.br\/noticias\/wp-json\/wp\/v2\/users\/404"}],"replies":[{"embeddable":true,"href":"https:\/\/www.suno.com.br\/noticias\/wp-json\/wp\/v2\/comments?post=639214"}],"version-history":[{"count":0,"href":"https:\/\/www.suno.com.br\/noticias\/wp-json\/wp\/v2\/posts\/639214\/revisions"}],"wp:featuredmedia":[{"embeddable":true,"href":"https:\/\/www.suno.com.br\/noticias\/wp-json\/wp\/v2\/media\/639215"}],"wp:attachment":[{"href":"https:\/\/www.suno.com.br\/noticias\/wp-json\/wp\/v2\/media?parent=639214"}],"wp:term":[{"taxonomy":"category","embeddable":true,"href":"https:\/\/www.suno.com.br\/noticias\/wp-json\/wp\/v2\/categories?post=639214"},{"taxonomy":"post_tag","embeddable":true,"href":"https:\/\/www.suno.com.br\/noticias\/wp-json\/wp\/v2\/tags?post=639214"},{"taxonomy":"suno_strategy","embeddable":true,"href":"https:\/\/www.suno.com.br\/noticias\/wp-json\/wp\/v2\/suno_strategy?post=639214"}],"curies":[{"name":"wp","href":"https:\/\/api.w.org\/{rel}","templated":true}]}}