{"id":639212,"date":"2026-01-21T13:02:27","date_gmt":"2026-01-21T16:02:27","guid":{"rendered":"https:\/\/www.suno.com.br\/noticias\/?p=639212"},"modified":"2026-01-21T13:02:30","modified_gmt":"2026-01-21T16:02:30","slug":"pib-do-brasil-sobe-11-em-novembro-mostra-fgv-mtae","status":"publish","type":"post","link":"https:\/\/www.suno.com.br\/noticias\/pib-do-brasil-sobe-11-em-novembro-mostra-fgv-mtae\/","title":{"rendered":"PIB brasileiro cresce 1,1% em novembro, aponta FGV"},"content":{"rendered":"<p>O <a class=\"suno-keyword\" target=\"_blank\" data-force=\"no\" data-priority=\"2\" href=\"https:\/\/www.suno.com.br\/artigos\/pib-produto-interno-bruto\/\" rel=\"noopener\">Produto Interno Bruto (PIB)<\/a> brasileiro subiu 1,1% em novembro ante outubro, segundo o Monitor do PIB, apurado pelo Instituto Brasileiro de Economia da Funda\u00e7\u00e3o Getulio Vargas (Ibre\/FGV). Na compara\u00e7\u00e3o com novembro de 2024, houve crescimento de 1,9% em novembro de 2025. A taxa acumulada em 12 meses at\u00e9 novembro foi de avan\u00e7o de 2,2%.<\/p>\t<div class=\"wrapper-featured-image\">\n\t\t<figure class=\"spotlightImg\">\n\n\t\t\t<picture>\n\t\t\t\t<source media=\"(max-width: 768px)\" srcset=\"https:\/\/files.sunoresearch.com.br\/n\/uploads\/2019\/03\/cropped-7f896d25-pib-400x200.jpg\">\n\t\t\t\t<img loading=\"lazy\" decoding=\"async\" class=\"newsContent__article__imgCapa lazyloadDisabled \" src=\"https:\/\/files.sunoresearch.com.br\/n\/uploads\/2019\/03\/cropped-7f896d25-pib.jpg\" width=\"800\" height=\"450\" alt=\"PIB brasileiro cresce 1,1% em novembro, aponta FGV\" fetchpriority=high \/>\n\t\t\t<\/picture>\n\n\t\t\t<figcaption class=\"wp-caption-text wp-caption-text--show\">PIB do Brasil<\/figcaption>\n\t\t<\/figure>\n\t<\/div>\n\n\n\n\n\n\t<p>\n\t\t<a href=\"https:\/\/lp.suno.com.br\/planilha-da-vida-financeira\/\" target=\"_blank\" data-element=\"shortcode-suno-banner\" title=\"Banner SUNO, clique e saiba mais\">\n\t\t\t<picture>\n\t\t\t\t<source media=\"(max-width: 500px)\" srcset=\"https:\/\/files.sunoresearch.com.br\/n\/uploads\/2023\/04\/400x300-Planilha-vida-financeira-true.png\">\n\t\t\t\t<img class=\"newsContent__article__imgCapa newsContent__article__imgCapa--banner\"\n\t\t\t\t\tsrc=\"https:\/\/files.sunoresearch.com.br\/n\/uploads\/2023\/04\/1420x240-Planilha-vida-financeira-true.png\"\n\t\t\t\t\tdata-promo-id=\"383123\"\t\t\t\t\t\t\t\t\t\twidth='1420' height='240'\t\t\t\t\talt=\"https:\/\/files.sunoresearch.com.br\/n\/uploads\/2023\/04\/1420x240-Planilha-vida-financeira-true.png\"\n\t\t\t\t>\n\t\t\t<\/picture>\n\t\t<\/a>\n\t<\/p>\n\n\n\n\n\n<p>O avan\u00e7o na passagem de outubro para novembro sucede dois meses seguidos de recuos.<\/p>\n\n\n\n<p>&#8220;Apesar da continuidade da perda de f\u00f4lego em determinadas atividades, como transporte e servi\u00e7os de informa\u00e7\u00e3o, outros componentes mostraram crescimento ap\u00f3s meses de queda, que \u00e9 o caso da <a class=\"suno-keyword\" target=\"_blank\" data-force=\"no\" data-priority=\"1\" href=\"https:\/\/www.suno.com.br\/artigos\/industria-de-transformacao\/\" rel=\"noopener\">ind\u00fastria de transforma\u00e7\u00e3o<\/a>, do com\u00e9rcio e dos investimentos (<a class=\"suno-keyword\" target=\"_blank\" data-force=\"no\" data-priority=\"1\" href=\"https:\/\/www.suno.com.br\/artigos\/formacao-bruta-capital-fixo-fbcf\/\" rel=\"noopener\">forma\u00e7\u00e3o bruta de capital fixo<\/a>). Embora o consumo das fam\u00edlias n\u00e3o tenha apresentado expressiva contribui\u00e7\u00e3o positiva em novembro, permaneceu com taxa em campo positivo, o que tamb\u00e9m contribuiu para um bom desempenho da economia&#8221;, apontou Juliana Trece, coordenadora do Monitor do PIB &#8211; FGV, em nota oficial.<\/p>\n\n\n\n<p>O Monitor do PIB antecipa a tend\u00eancia do principal \u00edndice da economia a partir das mesmas fontes de dados e metodologia empregadas pelo Instituto Brasileiro de Geografia e Estat\u00edstica (IBGE), respons\u00e1vel pelo c\u00e1lculo oficial das Contas Nacionais.<\/p>\n\n\n\n<p>&#8220;Mesmo permanecendo pressionada com os altos juros ao longo do ano, a economia voltou a ter um crescimento mais robusto em novembro&#8221;, completou Trece.<\/p>\n\n\n\n<p>No trimestre m\u00f3vel encerrado em novembro de 2025 ante o trimestre terminado em novembro de 2024, o PIB cresceu 1,5%. Sob a \u00f3tica da demanda, o consumo das fam\u00edlias avan\u00e7ou 1,2% no per\u00edodo.<\/p>\n\n\n\n<p>&#8220;Ap\u00f3s desacelerar desde o final de 2024, e registrar taxas de crescimento pr\u00f3ximas a 0% em meados de 2025, o consumo das fam\u00edlias voltou a apresentar crescimento mais forte no trimestre m\u00f3vel findo em novembro. Isto \u00e9 explicado pelo fim das contribui\u00e7\u00f5es negativas no consumo de dur\u00e1veis e de n\u00e3o dur\u00e1veis, que penalizaram o desempenho do consumo ao longo de 2025, al\u00e9m de um crescimento mais intenso no consumo de servi\u00e7os&#8221;, apontou o relat\u00f3rio do Monitor do PIB.<\/p>\n\n\n\t<p>\n\t\t<a href=\"\" target=\"_blank\" data-element=\"shortcode-suno-banner\" title=\"Banner SUNO, clique e saiba mais\">\n\t\t\t<picture>\n\t\t\t\t<source media=\"(max-width: 500px)\" srcset=\"\">\n\t\t\t\t<img class=\"newsContent__article__imgCapa newsContent__article__imgCapa--banner\"\n\t\t\t\t\tsrc=\"\"\n\t\t\t\t\tdata-promo-id=\"240038\"\t\t\t\t\t\t\t\t\t\t\t\t\t\t\talt=\"\"\n\t\t\t\t>\n\t\t\t<\/picture>\n\t\t<\/a>\n\t<\/p>\n\n\n\n\n\n<p>A Forma\u00e7\u00e3o Bruta de <a class=\"suno-keyword\" target=\"_blank\" data-force=\"no\" data-priority=\"1\" href=\"https:\/\/www.suno.com.br\/artigos\/capital-fixo\/\" rel=\"noopener\">Capital Fixo<\/a> (FBCF, medida dos investimentos no PIB) teve uma alta de 1,3% no trimestre at\u00e9 novembro de 2025 ante o mesmo per\u00edodo do ano anterior. O componente de m\u00e1quinas e equipamentos tem contribu\u00eddo negativamente, enquanto a constru\u00e7\u00e3o permanece com taxas positivas, embora mais brandas.<\/p>\n\n\n\n<p>A exporta\u00e7\u00e3o de bens e servi\u00e7os registrou alta de 8,8% no trimestre at\u00e9 novembro de 2025 ante o trimestre at\u00e9 novembro de 2024.<\/p>\n\n\n\n<p>&#8220;A exporta\u00e7\u00e3o seguiu ampliando seu crescimento em 2025 com contribui\u00e7\u00f5es positivas em todos os seus tipos. Embora as exporta\u00e7\u00f5es da extrativa mineral tenham reduzido significativamente sua contribui\u00e7\u00e3o positiva no trimestre m\u00f3vel findo em novembro, foi compensado pelo aumento das contribui\u00e7\u00f5es nas exporta\u00e7\u00f5es de produtos agropecu\u00e1rios, bens intermedi\u00e1rios, <a class=\"suno-keyword\" target=\"_blank\" data-force=\"no\" data-priority=\"1\" href=\"https:\/\/www.suno.com.br\/artigos\/bens-capital\/\" rel=\"noopener\">bens de capital<\/a> e de servi\u00e7os&#8221;, explicou a FGV.<\/p>\n\n\n\n<p>As importa\u00e7\u00f5es subiram 4,0% no trimestre at\u00e9 novembro ante o mesmo trimestre do ano anterior. Houve contribui\u00e7\u00e3o positiva de bens de capital e de <a class=\"suno-keyword\" target=\"_blank\" data-force=\"no\" data-priority=\"1\" href=\"https:\/\/www.suno.com.br\/artigos\/bens-de-consumo\/\" rel=\"noopener\">bens de consumo<\/a>, mas quedas em produtos da extrativa mineral e servi\u00e7os.<\/p>\n\n\n\n<p>Em termos monet\u00e1rios, o PIB alcan\u00e7ou R$ 11,577 trilh\u00f5es de janeiro a novembro de 2025, em valores correntes.<\/p>\n\n\n\n<p>A taxa de investimento da economia foi de 18,9% em novembro.<\/p>\n\n\n\n<p class=\"newsProviderSignature\">Com Estad\u00e3o Conte\u00fado<\/p>\n\n\n\n\n\t<p>\n\t\t<a href=\"https:\/\/lp.suno.com.br\/ebook-gratuito-investindo-no-exterior\/\" target=\"_blank\" data-element=\"shortcode-suno-banner\" title=\"Banner SUNO, clique e saiba mais\">\n\t\t\t<picture>\n\t\t\t\t<source media=\"(max-width: 500px)\" srcset=\"https:\/\/files.sunoresearch.com.br\/n\/uploads\/2023\/03\/400x300-Investindo-no-exterior.png\">\n\t\t\t\t<img class=\"newsContent__article__imgCapa newsContent__article__imgCapa--banner\"\n\t\t\t\t\tsrc=\"https:\/\/files.sunoresearch.com.br\/n\/uploads\/2023\/03\/1420x240-Investindo-no-exterior.png\"\n\t\t\t\t\tdata-promo-id=\"383161\"\t\t\t\t\t\t\t\t\t\twidth='1420' height='240'\t\t\t\t\talt=\"https:\/\/files.sunoresearch.com.br\/n\/uploads\/2023\/03\/1420x240-Investindo-no-exterior.png\"\n\t\t\t\t>\n\t\t\t<\/picture>\n\t\t<\/a>\n\t<\/p>\n\n\n","protected":false},"excerpt":{"rendered":"<p>O Produto Interno Bruto (PIB) brasileiro subiu 1,1% em novembro ante outubro, segundo o Monitor do PIB, apurado pelo Instituto Brasileiro de Economia da Funda\u00e7\u00e3o Getulio Vargas (Ibre\/FGV). Na compara\u00e7\u00e3o com novembro de 2024, houve crescimento de 1,9% em novembro de 2025. A taxa acumulada em 12 meses at\u00e9 novembro foi de avan\u00e7o de 2,2%. [&hellip;]<\/p>\n","protected":false},"author":43,"featured_media":309061,"comment_status":"closed","ping_status":"closed","sticky":false,"template":"","format":"standard","meta":[],"categories":[64],"tags":[2251],"suno_strategy":[],"class_list":["post-639212","post","type-post","status-publish","format-standard","has-post-thumbnail","hentry","category-negocios","tag-economia-brasileira"],"yoast_head":"<!-- This site is optimized with the Yoast SEO plugin v24.4 - https:\/\/yoast.com\/wordpress\/plugins\/seo\/ -->\n<title>PIB brasileiro cresce 1,1% em novembro, aponta FGV<\/title>\n<meta name=\"description\" content=\"PIB brasileiro avan\u00e7ou 1,1% em novembro ante outubro, segundo o Monitor do PIB da FGV, ap\u00f3s dois meses consecutivos de queda.\" \/>\n<meta name=\"robots\" content=\"index, follow, max-snippet:-1, max-image-preview:large, max-video-preview:-1\" \/>\n<link rel=\"canonical\" href=\"https:\/\/www.suno.com.br\/noticias\/pib-do-brasil-sobe-11-em-novembro-mostra-fgv-mtae\/\" \/>\n<meta property=\"og:locale\" content=\"pt_BR\" \/>\n<meta property=\"og:type\" content=\"article\" \/>\n<meta property=\"og:title\" content=\"PIB brasileiro cresce 1,1% em novembro, aponta FGV\" \/>\n<meta property=\"og:description\" content=\"PIB brasileiro avan\u00e7ou 1,1% em novembro ante outubro, segundo o Monitor do PIB da FGV, ap\u00f3s dois meses consecutivos de queda.\" \/>\n<meta property=\"og:url\" content=\"https:\/\/www.suno.com.br\/noticias\/pib-do-brasil-sobe-11-em-novembro-mostra-fgv-mtae\/\" \/>\n<meta property=\"og:site_name\" content=\"Suno Not\u00edcias\" \/>\n<meta property=\"article:publisher\" content=\"https:\/\/facebook.com\/sunoresearch\" \/>\n<meta property=\"article:author\" content=\"https:\/\/www.facebook.com\/sunonoticias\/\" \/>\n<meta property=\"og:image\" content=\"https:\/\/files.sunoresearch.com.br\/n\/uploads\/2019\/03\/cropped-7f896d25-pib.jpg\" \/>\n\t<meta property=\"og:image:width\" content=\"640\" \/>\n\t<meta property=\"og:image:height\" content=\"853\" \/>\n\t<meta property=\"og:image:type\" content=\"image\/jpeg\" \/>\n<meta name=\"author\" content=\"Reda\u00e7\u00e3o Suno Not\u00edcias\" \/>\n<meta name=\"twitter:card\" content=\"summary_large_image\" \/>\n<meta name=\"twitter:creator\" content=\"@https:\/\/twitter.com\/sunoresearch\" \/>\n<meta name=\"twitter:site\" content=\"@sunoresearch\" \/>\n<meta name=\"twitter:label1\" content=\"Escrito por\" \/>\n\t<meta name=\"twitter:data1\" content=\"Reda\u00e7\u00e3o Suno Not\u00edcias\" \/>\n\t<meta name=\"twitter:label2\" content=\"Est. tempo de leitura\" \/>\n\t<meta name=\"twitter:data2\" content=\"4 minutos\" \/>\n<script type=\"application\/ld+json\" class=\"yoast-schema-graph\">{\"@context\":\"https:\/\/schema.org\",\"@graph\":[{\"@type\":\"NewsArticle\",\"@id\":\"https:\/\/www.suno.com.br\/noticias\/pib-do-brasil-sobe-11-em-novembro-mostra-fgv-mtae\/#article\",\"isPartOf\":{\"@id\":\"https:\/\/www.suno.com.br\/noticias\/pib-do-brasil-sobe-11-em-novembro-mostra-fgv-mtae\/\"},\"author\":{\"name\":\"Reda\u00e7\u00e3o Suno Not\u00edcias\",\"@id\":\"https:\/\/www.suno.com.br\/noticias\/#\/schema\/person\/c1b1bd3727fa852bd045e9dbff3673ea\"},\"headline\":\"PIB brasileiro cresce 1,1% em novembro, aponta FGV\",\"datePublished\":\"2026-01-21T16:02:27+00:00\",\"dateModified\":\"2026-01-21T16:02:30+00:00\",\"mainEntityOfPage\":{\"@id\":\"https:\/\/www.suno.com.br\/noticias\/pib-do-brasil-sobe-11-em-novembro-mostra-fgv-mtae\/\"},\"wordCount\":572,\"publisher\":{\"@id\":\"https:\/\/www.suno.com.br\/noticias\/#organization\"},\"image\":{\"@id\":\"https:\/\/www.suno.com.br\/noticias\/pib-do-brasil-sobe-11-em-novembro-mostra-fgv-mtae\/#primaryimage\"},\"thumbnailUrl\":\"https:\/\/files.sunoresearch.com.br\/n\/uploads\/2019\/03\/cropped-7f896d25-pib.jpg\",\"keywords\":[\"economia brasileira\"],\"articleSection\":[\"Neg\u00f3cios\"],\"inLanguage\":\"pt-BR\"},{\"@type\":\"WebPage\",\"@id\":\"https:\/\/www.suno.com.br\/noticias\/pib-do-brasil-sobe-11-em-novembro-mostra-fgv-mtae\/\",\"url\":\"https:\/\/www.suno.com.br\/noticias\/pib-do-brasil-sobe-11-em-novembro-mostra-fgv-mtae\/\",\"name\":\"PIB brasileiro cresce 1,1% em novembro, aponta FGV\",\"isPartOf\":{\"@id\":\"https:\/\/www.suno.com.br\/noticias\/#website\"},\"primaryImageOfPage\":{\"@id\":\"https:\/\/www.suno.com.br\/noticias\/pib-do-brasil-sobe-11-em-novembro-mostra-fgv-mtae\/#primaryimage\"},\"image\":{\"@id\":\"https:\/\/www.suno.com.br\/noticias\/pib-do-brasil-sobe-11-em-novembro-mostra-fgv-mtae\/#primaryimage\"},\"thumbnailUrl\":\"https:\/\/files.sunoresearch.com.br\/n\/uploads\/2019\/03\/cropped-7f896d25-pib.jpg\",\"datePublished\":\"2026-01-21T16:02:27+00:00\",\"dateModified\":\"2026-01-21T16:02:30+00:00\",\"description\":\"PIB brasileiro avan\u00e7ou 1,1% em novembro ante outubro, segundo o Monitor do PIB da FGV, ap\u00f3s dois meses consecutivos de queda.\",\"breadcrumb\":{\"@id\":\"https:\/\/www.suno.com.br\/noticias\/pib-do-brasil-sobe-11-em-novembro-mostra-fgv-mtae\/#breadcrumb\"},\"inLanguage\":\"pt-BR\",\"potentialAction\":[{\"@type\":\"ReadAction\",\"target\":[\"https:\/\/www.suno.com.br\/noticias\/pib-do-brasil-sobe-11-em-novembro-mostra-fgv-mtae\/\"]}]},{\"@type\":\"ImageObject\",\"inLanguage\":\"pt-BR\",\"@id\":\"https:\/\/www.suno.com.br\/noticias\/pib-do-brasil-sobe-11-em-novembro-mostra-fgv-mtae\/#primaryimage\",\"url\":\"https:\/\/files.sunoresearch.com.br\/n\/uploads\/2019\/03\/cropped-7f896d25-pib.jpg\",\"contentUrl\":\"https:\/\/files.sunoresearch.com.br\/n\/uploads\/2019\/03\/cropped-7f896d25-pib.jpg\",\"width\":640,\"height\":853,\"caption\":\"PIB do Brasil\"},{\"@type\":\"BreadcrumbList\",\"@id\":\"https:\/\/www.suno.com.br\/noticias\/pib-do-brasil-sobe-11-em-novembro-mostra-fgv-mtae\/#breadcrumb\",\"itemListElement\":[{\"@type\":\"ListItem\",\"position\":1,\"name\":\"Not\u00edcias\",\"item\":\"https:\/\/www.suno.com.br\/noticias\/\"},{\"@type\":\"ListItem\",\"position\":2,\"name\":\"Neg\u00f3cios\",\"item\":\"https:\/\/www.suno.com.br\/noticias\/negocios\/\"},{\"@type\":\"ListItem\",\"position\":3,\"name\":\"PIB brasileiro cresce 1,1% em novembro, aponta FGV\"}]},{\"@type\":\"WebSite\",\"@id\":\"https:\/\/www.suno.com.br\/noticias\/#website\",\"url\":\"https:\/\/www.suno.com.br\/noticias\/\",\"name\":\"Suno Not\u00edcias\",\"description\":\"Seu portal de informa\u00e7\u00e3o sobre o mundo dos investimentos\",\"publisher\":{\"@id\":\"https:\/\/www.suno.com.br\/noticias\/#organization\"},\"potentialAction\":[{\"@type\":\"SearchAction\",\"target\":{\"@type\":\"EntryPoint\",\"urlTemplate\":\"https:\/\/www.suno.com.br\/noticias\/?s={search_term_string}\"},\"query-input\":{\"@type\":\"PropertyValueSpecification\",\"valueRequired\":true,\"valueName\":\"search_term_string\"}}],\"inLanguage\":\"pt-BR\"},{\"@type\":\"Organization\",\"@id\":\"https:\/\/www.suno.com.br\/noticias\/#organization\",\"name\":\"Suno Not\u00edcias\",\"url\":\"https:\/\/www.suno.com.br\/noticias\/\",\"logo\":{\"@type\":\"ImageObject\",\"inLanguage\":\"pt-BR\",\"@id\":\"https:\/\/www.suno.com.br\/noticias\/#\/schema\/logo\/image\/\",\"url\":\"https:\/\/files.sunoresearch.com.br\/n\/uploads\/2021\/09\/suno-logo.png\",\"contentUrl\":\"https:\/\/files.sunoresearch.com.br\/n\/uploads\/2021\/09\/suno-logo.png\",\"width\":180,\"height\":180,\"caption\":\"Suno Not\u00edcias\"},\"image\":{\"@id\":\"https:\/\/www.suno.com.br\/noticias\/#\/schema\/logo\/image\/\"},\"sameAs\":[\"https:\/\/facebook.com\/sunoresearch\",\"https:\/\/x.com\/sunoresearch\",\"https:\/\/www.instagram.com\/suno\",\"https:\/\/www.linkedin.com\/company\/suno-research\/\",\"https:\/\/www.youtube.com\/c\/sunoresearch\"]},{\"@type\":\"Person\",\"@id\":\"https:\/\/www.suno.com.br\/noticias\/#\/schema\/person\/c1b1bd3727fa852bd045e9dbff3673ea\",\"name\":\"Reda\u00e7\u00e3o Suno Not\u00edcias\",\"image\":{\"@type\":\"ImageObject\",\"inLanguage\":\"pt-BR\",\"@id\":\"https:\/\/www.suno.com.br\/noticias\/#\/schema\/person\/image\/\",\"url\":\"https:\/\/secure.gravatar.com\/avatar\/b8104b9b5a71985d5238ee59fbe418af?s=96&r=g\",\"contentUrl\":\"https:\/\/secure.gravatar.com\/avatar\/b8104b9b5a71985d5238ee59fbe418af?s=96&r=g\",\"caption\":\"Reda\u00e7\u00e3o Suno Not\u00edcias\"},\"description\":\"O Suno Not\u00edcias \u00e9 um portal de informa\u00e7\u00f5es sobre Mercado Financeiro, Pol\u00edtica, Neg\u00f3cios, Economia e Finan\u00e7as Pessoais.\",\"sameAs\":[\"https:\/\/www.suno.com.br\/noticias\",\"https:\/\/www.facebook.com\/sunonoticias\/\",\"https:\/\/www.instagram.com\/sunonoticias\/\",\"https:\/\/x.com\/https:\/\/twitter.com\/sunoresearch\",\"https:\/\/www.youtube.com\/sunonoticias\"],\"url\":\"https:\/\/www.suno.com.br\/noticias\/author\/redacao-suno\/\"}]}<\/script>\n<!-- \/ Yoast SEO plugin. -->","yoast_head_json":{"title":"PIB brasileiro cresce 1,1% em novembro, aponta FGV","description":"PIB brasileiro avan\u00e7ou 1,1% em novembro ante outubro, segundo o Monitor do PIB da FGV, ap\u00f3s dois meses consecutivos de queda.","robots":{"index":"index","follow":"follow","max-snippet":"max-snippet:-1","max-image-preview":"max-image-preview:large","max-video-preview":"max-video-preview:-1"},"canonical":"https:\/\/www.suno.com.br\/noticias\/pib-do-brasil-sobe-11-em-novembro-mostra-fgv-mtae\/","og_locale":"pt_BR","og_type":"article","og_title":"PIB brasileiro cresce 1,1% em novembro, aponta FGV","og_description":"PIB brasileiro avan\u00e7ou 1,1% em novembro ante outubro, segundo o Monitor do PIB da FGV, ap\u00f3s dois meses consecutivos de queda.","og_url":"https:\/\/www.suno.com.br\/noticias\/pib-do-brasil-sobe-11-em-novembro-mostra-fgv-mtae\/","og_site_name":"Suno Not\u00edcias","article_publisher":"https:\/\/facebook.com\/sunoresearch","article_author":"https:\/\/www.facebook.com\/sunonoticias\/","og_image":[{"width":640,"height":853,"url":"https:\/\/files.sunoresearch.com.br\/n\/uploads\/2019\/03\/cropped-7f896d25-pib.jpg","type":"image\/jpeg"}],"author":"Reda\u00e7\u00e3o Suno Not\u00edcias","twitter_card":"summary_large_image","twitter_creator":"@https:\/\/twitter.com\/sunoresearch","twitter_site":"@sunoresearch","twitter_misc":{"Escrito por":"Reda\u00e7\u00e3o Suno Not\u00edcias","Est. tempo de leitura":"4 minutos"},"schema":{"@context":"https:\/\/schema.org","@graph":[{"@type":"NewsArticle","@id":"https:\/\/www.suno.com.br\/noticias\/pib-do-brasil-sobe-11-em-novembro-mostra-fgv-mtae\/#article","isPartOf":{"@id":"https:\/\/www.suno.com.br\/noticias\/pib-do-brasil-sobe-11-em-novembro-mostra-fgv-mtae\/"},"author":{"name":"Reda\u00e7\u00e3o Suno Not\u00edcias","@id":"https:\/\/www.suno.com.br\/noticias\/#\/schema\/person\/c1b1bd3727fa852bd045e9dbff3673ea"},"headline":"PIB brasileiro cresce 1,1% em novembro, aponta FGV","datePublished":"2026-01-21T16:02:27+00:00","dateModified":"2026-01-21T16:02:30+00:00","mainEntityOfPage":{"@id":"https:\/\/www.suno.com.br\/noticias\/pib-do-brasil-sobe-11-em-novembro-mostra-fgv-mtae\/"},"wordCount":572,"publisher":{"@id":"https:\/\/www.suno.com.br\/noticias\/#organization"},"image":{"@id":"https:\/\/www.suno.com.br\/noticias\/pib-do-brasil-sobe-11-em-novembro-mostra-fgv-mtae\/#primaryimage"},"thumbnailUrl":"https:\/\/files.sunoresearch.com.br\/n\/uploads\/2019\/03\/cropped-7f896d25-pib.jpg","keywords":["economia brasileira"],"articleSection":["Neg\u00f3cios"],"inLanguage":"pt-BR"},{"@type":"WebPage","@id":"https:\/\/www.suno.com.br\/noticias\/pib-do-brasil-sobe-11-em-novembro-mostra-fgv-mtae\/","url":"https:\/\/www.suno.com.br\/noticias\/pib-do-brasil-sobe-11-em-novembro-mostra-fgv-mtae\/","name":"PIB brasileiro cresce 1,1% em novembro, aponta FGV","isPartOf":{"@id":"https:\/\/www.suno.com.br\/noticias\/#website"},"primaryImageOfPage":{"@id":"https:\/\/www.suno.com.br\/noticias\/pib-do-brasil-sobe-11-em-novembro-mostra-fgv-mtae\/#primaryimage"},"image":{"@id":"https:\/\/www.suno.com.br\/noticias\/pib-do-brasil-sobe-11-em-novembro-mostra-fgv-mtae\/#primaryimage"},"thumbnailUrl":"https:\/\/files.sunoresearch.com.br\/n\/uploads\/2019\/03\/cropped-7f896d25-pib.jpg","datePublished":"2026-01-21T16:02:27+00:00","dateModified":"2026-01-21T16:02:30+00:00","description":"PIB brasileiro avan\u00e7ou 1,1% em novembro ante outubro, segundo o Monitor do PIB da FGV, ap\u00f3s dois meses consecutivos de queda.","breadcrumb":{"@id":"https:\/\/www.suno.com.br\/noticias\/pib-do-brasil-sobe-11-em-novembro-mostra-fgv-mtae\/#breadcrumb"},"inLanguage":"pt-BR","potentialAction":[{"@type":"ReadAction","target":["https:\/\/www.suno.com.br\/noticias\/pib-do-brasil-sobe-11-em-novembro-mostra-fgv-mtae\/"]}]},{"@type":"ImageObject","inLanguage":"pt-BR","@id":"https:\/\/www.suno.com.br\/noticias\/pib-do-brasil-sobe-11-em-novembro-mostra-fgv-mtae\/#primaryimage","url":"https:\/\/files.sunoresearch.com.br\/n\/uploads\/2019\/03\/cropped-7f896d25-pib.jpg","contentUrl":"https:\/\/files.sunoresearch.com.br\/n\/uploads\/2019\/03\/cropped-7f896d25-pib.jpg","width":640,"height":853,"caption":"PIB do Brasil"},{"@type":"BreadcrumbList","@id":"https:\/\/www.suno.com.br\/noticias\/pib-do-brasil-sobe-11-em-novembro-mostra-fgv-mtae\/#breadcrumb","itemListElement":[{"@type":"ListItem","position":1,"name":"Not\u00edcias","item":"https:\/\/www.suno.com.br\/noticias\/"},{"@type":"ListItem","position":2,"name":"Neg\u00f3cios","item":"https:\/\/www.suno.com.br\/noticias\/negocios\/"},{"@type":"ListItem","position":3,"name":"PIB brasileiro cresce 1,1% em novembro, aponta FGV"}]},{"@type":"WebSite","@id":"https:\/\/www.suno.com.br\/noticias\/#website","url":"https:\/\/www.suno.com.br\/noticias\/","name":"Suno Not\u00edcias","description":"Seu portal de informa\u00e7\u00e3o sobre o mundo dos investimentos","publisher":{"@id":"https:\/\/www.suno.com.br\/noticias\/#organization"},"potentialAction":[{"@type":"SearchAction","target":{"@type":"EntryPoint","urlTemplate":"https:\/\/www.suno.com.br\/noticias\/?s={search_term_string}"},"query-input":{"@type":"PropertyValueSpecification","valueRequired":true,"valueName":"search_term_string"}}],"inLanguage":"pt-BR"},{"@type":"Organization","@id":"https:\/\/www.suno.com.br\/noticias\/#organization","name":"Suno Not\u00edcias","url":"https:\/\/www.suno.com.br\/noticias\/","logo":{"@type":"ImageObject","inLanguage":"pt-BR","@id":"https:\/\/www.suno.com.br\/noticias\/#\/schema\/logo\/image\/","url":"https:\/\/files.sunoresearch.com.br\/n\/uploads\/2021\/09\/suno-logo.png","contentUrl":"https:\/\/files.sunoresearch.com.br\/n\/uploads\/2021\/09\/suno-logo.png","width":180,"height":180,"caption":"Suno Not\u00edcias"},"image":{"@id":"https:\/\/www.suno.com.br\/noticias\/#\/schema\/logo\/image\/"},"sameAs":["https:\/\/facebook.com\/sunoresearch","https:\/\/x.com\/sunoresearch","https:\/\/www.instagram.com\/suno","https:\/\/www.linkedin.com\/company\/suno-research\/","https:\/\/www.youtube.com\/c\/sunoresearch"]},{"@type":"Person","@id":"https:\/\/www.suno.com.br\/noticias\/#\/schema\/person\/c1b1bd3727fa852bd045e9dbff3673ea","name":"Reda\u00e7\u00e3o Suno Not\u00edcias","image":{"@type":"ImageObject","inLanguage":"pt-BR","@id":"https:\/\/www.suno.com.br\/noticias\/#\/schema\/person\/image\/","url":"https:\/\/secure.gravatar.com\/avatar\/b8104b9b5a71985d5238ee59fbe418af?s=96&r=g","contentUrl":"https:\/\/secure.gravatar.com\/avatar\/b8104b9b5a71985d5238ee59fbe418af?s=96&r=g","caption":"Reda\u00e7\u00e3o Suno Not\u00edcias"},"description":"O Suno Not\u00edcias \u00e9 um portal de informa\u00e7\u00f5es sobre Mercado Financeiro, Pol\u00edtica, Neg\u00f3cios, Economia e Finan\u00e7as Pessoais.","sameAs":["https:\/\/www.suno.com.br\/noticias","https:\/\/www.facebook.com\/sunonoticias\/","https:\/\/www.instagram.com\/sunonoticias\/","https:\/\/x.com\/https:\/\/twitter.com\/sunoresearch","https:\/\/www.youtube.com\/sunonoticias"],"url":"https:\/\/www.suno.com.br\/noticias\/author\/redacao-suno\/"}]}},"default_loop_html":"<div class=\"cardsPage__listCard__boxs\"><div class=\"cardsPage__listCard__boxs__img\"><a href=\"https:\/\/www.suno.com.br\/noticias\/pib-do-brasil-sobe-11-em-novembro-mostra-fgv-mtae\/\"><img class=\"mask\" src=\"https:\/\/www.suno.com.br\/noticias\/wp-content\/themes\/suno\/resources\/images\/spotlight\/spotlight1img\/bg-mask.png\" alt=\"Image Mask\"\/><img src=\"https:\/\/files.sunoresearch.com.br\/n\/uploads\/2019\/03\/cropped-7f896d25-pib-400x200.jpg\" alt=\"PIB brasileiro cresce 1,1% em novembro, aponta FGV\"\/><\/a><span class=\"spotlightCategory\"><a href=\"https:\/\/www.suno.com.br\/noticias\/negocios\/\">Neg\u00f3cios<\/a><\/span><\/div><div class=\"cardsPage__listCard__boxs__content\"><a href=\"https:\/\/www.suno.com.br\/noticias\/pib-do-brasil-sobe-11-em-novembro-mostra-fgv-mtae\/\"><h2 class=\"content__title\">PIB brasileiro cresce 1,1% em novembro, aponta FGV<\/h2><\/a><div class=\"newsContent__article__meta\"><div class=\"newsContent__article__meta__authorBox\"><a href=\"https:\/\/www.suno.com.br\/noticias\/author\/redacao-suno\/\" class=\"authorBox__avatar noMobi\"><img src=\"https:\/\/files.sunoresearch.com.br\/n\/uploads\/2020\/08\/0ace682d-redacao-1-150x150.webp\" alt=\"Reda\u00e7\u00e3o Suno Not\u00edcias\"><\/a><div class=\"authorBox__name\"><span>por\n\t\t\t<a href=\"https:\/\/www.suno.com.br\/noticias\/author\/redacao-suno\/\"><span itemprop=\"author\">Reda\u00e7\u00e3o Suno Not\u00edcias<\/span><\/a><\/span><time datetime=\"2026-01-21T13:02:27-03:00\" itemprop=\"datePublished\">21\/01\/2026 13:02<\/time><\/div><\/div><\/div><\/div><\/div>","single_layout":"posts","amp_enabled":true,"_links":{"self":[{"href":"https:\/\/www.suno.com.br\/noticias\/wp-json\/wp\/v2\/posts\/639212"}],"collection":[{"href":"https:\/\/www.suno.com.br\/noticias\/wp-json\/wp\/v2\/posts"}],"about":[{"href":"https:\/\/www.suno.com.br\/noticias\/wp-json\/wp\/v2\/types\/post"}],"author":[{"embeddable":true,"href":"https:\/\/www.suno.com.br\/noticias\/wp-json\/wp\/v2\/users\/43"}],"replies":[{"embeddable":true,"href":"https:\/\/www.suno.com.br\/noticias\/wp-json\/wp\/v2\/comments?post=639212"}],"version-history":[{"count":1,"href":"https:\/\/www.suno.com.br\/noticias\/wp-json\/wp\/v2\/posts\/639212\/revisions"}],"predecessor-version":[{"id":639240,"href":"https:\/\/www.suno.com.br\/noticias\/wp-json\/wp\/v2\/posts\/639212\/revisions\/639240"}],"wp:featuredmedia":[{"embeddable":true,"href":"https:\/\/www.suno.com.br\/noticias\/wp-json\/wp\/v2\/media\/309061"}],"wp:attachment":[{"href":"https:\/\/www.suno.com.br\/noticias\/wp-json\/wp\/v2\/media?parent=639212"}],"wp:term":[{"taxonomy":"category","embeddable":true,"href":"https:\/\/www.suno.com.br\/noticias\/wp-json\/wp\/v2\/categories?post=639212"},{"taxonomy":"post_tag","embeddable":true,"href":"https:\/\/www.suno.com.br\/noticias\/wp-json\/wp\/v2\/tags?post=639212"},{"taxonomy":"suno_strategy","embeddable":true,"href":"https:\/\/www.suno.com.br\/noticias\/wp-json\/wp\/v2\/suno_strategy?post=639212"}],"curies":[{"name":"wp","href":"https:\/\/api.w.org\/{rel}","templated":true}]}}