{"id":639153,"date":"2026-01-20T19:35:10","date_gmt":"2026-01-20T22:35:10","guid":{"rendered":"https:\/\/www.suno.com.br\/noticias\/jcdb11-memorando-alienacao-ativos-sao-paulo\/"},"modified":"2026-01-21T09:06:45","modified_gmt":"2026-01-21T12:06:45","slug":"jcdb11-memorando-alienacao-ativos-sao-paulo","status":"publish","type":"post","link":"https:\/\/www.suno.com.br\/noticias\/jcdb11-memorando-alienacao-ativos-sao-paulo\/","title":{"rendered":"JCDB11 firma acordo para venda de participa\u00e7\u00e3o de 85% dos ativos"},"content":{"rendered":"<p>A <strong>gestora do JCDB11<\/strong> comunicou, via <a class=\"suno-keyword\" target=\"_blank\" data-force=\"no\" data-priority=\"1\" href=\"https:\/\/www.suno.com.br\/artigos\/fato-relevante\/\" rel=\"noopener\">fato relevante<\/a>, a formaliza\u00e7\u00e3o de um memorando de entendimentos referente a uma parcela expressiva dos ativos imobili\u00e1rios detidos indiretamente pelo fundo. A administradora e a gestora informaram oficialmente que o documento estabelece diretrizes iniciais para a poss\u00edvel transa\u00e7\u00e3o.<\/p>\t<div class=\"wrapper-featured-image\">\n\t\t<figure class=\"spotlightImg\">\n\n\t\t\t<picture>\n\t\t\t\t<source media=\"(max-width: 768px)\" srcset=\"https:\/\/files.sunoresearch.com.br\/n\/uploads\/2026\/01\/6192a95f-rbco11-400x200.webp\">\n\t\t\t\t<img loading=\"lazy\" decoding=\"async\" class=\"newsContent__article__imgCapa lazyloadDisabled \" src=\"https:\/\/files.sunoresearch.com.br\/n\/uploads\/2026\/01\/6192a95f-rbco11-800x450.webp\" width=\"800\" height=\"450\" alt=\"JCDB11 firma acordo para venda de participa\u00e7\u00e3o de 85% dos ativos\" fetchpriority=high \/>\n\t\t\t<\/picture>\n\n\t\t\t<figcaption class=\"wp-caption-text wp-caption-text--show\">JCDB11 assina memorando para aliena\u00e7\u00e3o indireta de 85% de ativos imobili\u00e1rios via permuta<\/figcaption>\n\t\t<\/figure>\n\t<\/div>\n\n\n<p>De acordo com o memorando, a gestora e a empresa investida, propriet\u00e1ria dos im\u00f3veis mantidos indiretamente pelo <strong>JCDB11<\/strong>, firmaram acordo preliminar com um grupo de incorporadoras para a <strong>aliena\u00e7\u00e3o indireta<\/strong> de 85% dos <strong>ativos imobili\u00e1rios<\/strong> sob gest\u00e3o.<\/p>\n<p>Os ativos em negocia\u00e7\u00e3o s\u00e3o terrenos localizados na <strong>cidade de S\u00e3o Paulo<\/strong>, destinados ao desenvolvimento de projetos futuros, alinhados ao potencial construtivo das \u00e1reas e \u00e0s diretrizes urban\u00edsticas vigentes.<\/p>\n<p>A opera\u00e7\u00e3o foi estruturada no modelo de permuta f\u00edsica e financeira, combinando uma <strong>parcela em caixa<\/strong> com a outorga de <strong>direitos econ\u00f4micos<\/strong> vinculados aos empreendimentos a serem desenvolvidos. Essa composi\u00e7\u00e3o busca equilibrar liquidez e participa\u00e7\u00e3o nos resultados futuros.<\/p>\n<p>O documento ressalta que a conclus\u00e3o depende de condi\u00e7\u00f5es precedentes, incluindo a valida\u00e7\u00e3o da estrutura jur\u00eddica que assegure ao fundo os <strong>direitos econ\u00f4micos<\/strong> sobre o potencial construtivo remanescente dos im\u00f3veis, al\u00e9m de aprova\u00e7\u00f5es societ\u00e1rias e regulat\u00f3rias aplic\u00e1veis.<\/p>\n<p>As partes destacam que o memorando n\u00e3o garante a efetiva consuma\u00e7\u00e3o da transa\u00e7\u00e3o e que a opera\u00e7\u00e3o segue sujeita ao cumprimento das condi\u00e7\u00f5es previamente acordadas entre os envolvidos, sem qualquer promessa de retorno imediato.<\/p>\n<p>O <strong>fato relevante<\/strong> refor\u00e7a que n\u00e3o h\u00e1 compromisso de rentabilidade, performance ou mitiga\u00e7\u00e3o de riscos para os cotistas em decorr\u00eancia do poss\u00edvel neg\u00f3cio, mantendo a comunica\u00e7\u00e3o alinhada \u00e0s melhores pr\u00e1ticas de transpar\u00eancia.<\/p>\n<p>Por fim, o <strong>JCDB11<\/strong> informou que continuar\u00e1 atualizando o mercado sobre desdobramentos materiais do memorando. No momento, a negocia\u00e7\u00e3o permanece em <strong>fase preliminar<\/strong>, sem impacto direto no patrim\u00f4nio ou no resultado operacional do fundo.<\/p>\n","protected":false},"excerpt":{"rendered":"<p>A gestora do JCDB11 comunicou, via fato relevante, a formaliza\u00e7\u00e3o de um memorando de entendimentos referente a uma parcela expressiva dos ativos imobili\u00e1rios detidos indiretamente pelo fundo. A administradora e a gestora informaram oficialmente que o documento estabelece diretrizes iniciais para a poss\u00edvel transa\u00e7\u00e3o. De acordo com o memorando, a gestora e a empresa investida, &hellip; Continued<\/p>\n","protected":false},"author":43,"featured_media":639154,"comment_status":"closed","ping_status":"closed","sticky":false,"template":"","format":"standard","meta":[],"categories":[66],"tags":[315,843],"suno_strategy":[],"class_list":["post-639153","post","type-post","status-publish","format-standard","has-post-thumbnail","hentry","category-fiis","tag-fundos-imobiliarios-fiis","tag-sao-paulo"],"yoast_head":"<!-- This site is optimized with the Yoast SEO plugin v24.4 - https:\/\/yoast.com\/wordpress\/plugins\/seo\/ -->\n<title>JCDB11 anuncia memorando de venda de ativos<\/title>\n<meta name=\"description\" content=\"JCDB11 firma memorando para aliena\u00e7\u00e3o indireta de 85% dos ativos em S\u00e3o Paulo; opera\u00e7\u00e3o em fase preliminar e sem impacto imediato aos cotistas.\" \/>\n<meta name=\"robots\" content=\"index, follow, max-snippet:-1, max-image-preview:large, max-video-preview:-1\" \/>\n<link rel=\"canonical\" href=\"https:\/\/www.suno.com.br\/noticias\/jcdb11-memorando-alienacao-ativos-sao-paulo\/\" \/>\n<meta property=\"og:locale\" content=\"pt_BR\" \/>\n<meta property=\"og:type\" content=\"article\" \/>\n<meta property=\"og:title\" content=\"JCDB11 anuncia memorando de venda de ativos\" \/>\n<meta property=\"og:description\" content=\"JCDB11 firma memorando para aliena\u00e7\u00e3o indireta de 85% dos ativos em S\u00e3o Paulo; opera\u00e7\u00e3o em fase preliminar e sem impacto imediato aos cotistas.\" \/>\n<meta property=\"og:url\" content=\"https:\/\/www.suno.com.br\/noticias\/jcdb11-memorando-alienacao-ativos-sao-paulo\/\" \/>\n<meta property=\"og:site_name\" content=\"Suno Not\u00edcias\" \/>\n<meta property=\"article:publisher\" content=\"https:\/\/facebook.com\/sunoresearch\" \/>\n<meta property=\"article:author\" content=\"https:\/\/www.facebook.com\/sunonoticias\/\" \/>\n<meta property=\"og:image\" content=\"https:\/\/files.sunoresearch.com.br\/n\/uploads\/2026\/01\/6192a95f-rbco11-jpg.webp\" \/>\n\t<meta property=\"og:image:width\" content=\"850\" \/>\n\t<meta property=\"og:image:height\" content=\"546\" \/>\n\t<meta property=\"og:image:type\" content=\"image\/jpeg\" \/>\n<meta name=\"author\" content=\"Reda\u00e7\u00e3o Suno Not\u00edcias\" \/>\n<meta name=\"twitter:card\" content=\"summary_large_image\" \/>\n<meta name=\"twitter:creator\" content=\"@https:\/\/twitter.com\/sunoresearch\" \/>\n<meta name=\"twitter:site\" content=\"@sunoresearch\" \/>\n<meta name=\"twitter:label1\" content=\"Escrito por\" \/>\n\t<meta name=\"twitter:data1\" content=\"Reda\u00e7\u00e3o Suno Not\u00edcias\" \/>\n\t<meta name=\"twitter:label2\" content=\"Est. tempo de leitura\" \/>\n\t<meta name=\"twitter:data2\" content=\"2 minutos\" \/>\n<script type=\"application\/ld+json\" class=\"yoast-schema-graph\">{\"@context\":\"https:\/\/schema.org\",\"@graph\":[{\"@type\":\"NewsArticle\",\"@id\":\"https:\/\/www.suno.com.br\/noticias\/jcdb11-memorando-alienacao-ativos-sao-paulo\/#article\",\"isPartOf\":{\"@id\":\"https:\/\/www.suno.com.br\/noticias\/jcdb11-memorando-alienacao-ativos-sao-paulo\/\"},\"author\":{\"name\":\"Reda\u00e7\u00e3o Suno Not\u00edcias\",\"@id\":\"https:\/\/www.suno.com.br\/noticias\/#\/schema\/person\/c1b1bd3727fa852bd045e9dbff3673ea\"},\"headline\":\"JCDB11 firma acordo para venda de participa\u00e7\u00e3o de 85% dos ativos\",\"datePublished\":\"2026-01-20T22:35:10+00:00\",\"dateModified\":\"2026-01-21T12:06:45+00:00\",\"mainEntityOfPage\":{\"@id\":\"https:\/\/www.suno.com.br\/noticias\/jcdb11-memorando-alienacao-ativos-sao-paulo\/\"},\"wordCount\":340,\"publisher\":{\"@id\":\"https:\/\/www.suno.com.br\/noticias\/#organization\"},\"image\":{\"@id\":\"https:\/\/www.suno.com.br\/noticias\/jcdb11-memorando-alienacao-ativos-sao-paulo\/#primaryimage\"},\"thumbnailUrl\":\"https:\/\/files.sunoresearch.com.br\/n\/uploads\/2026\/01\/6192a95f-rbco11-jpg.webp\",\"keywords\":[\"Fundos Imobili\u00e1rios (FIIs)\",\"S\u00e3o Paulo\"],\"articleSection\":[\"FIIs\"],\"inLanguage\":\"pt-BR\"},{\"@type\":\"WebPage\",\"@id\":\"https:\/\/www.suno.com.br\/noticias\/jcdb11-memorando-alienacao-ativos-sao-paulo\/\",\"url\":\"https:\/\/www.suno.com.br\/noticias\/jcdb11-memorando-alienacao-ativos-sao-paulo\/\",\"name\":\"JCDB11 anuncia memorando de venda de ativos\",\"isPartOf\":{\"@id\":\"https:\/\/www.suno.com.br\/noticias\/#website\"},\"primaryImageOfPage\":{\"@id\":\"https:\/\/www.suno.com.br\/noticias\/jcdb11-memorando-alienacao-ativos-sao-paulo\/#primaryimage\"},\"image\":{\"@id\":\"https:\/\/www.suno.com.br\/noticias\/jcdb11-memorando-alienacao-ativos-sao-paulo\/#primaryimage\"},\"thumbnailUrl\":\"https:\/\/files.sunoresearch.com.br\/n\/uploads\/2026\/01\/6192a95f-rbco11-jpg.webp\",\"datePublished\":\"2026-01-20T22:35:10+00:00\",\"dateModified\":\"2026-01-21T12:06:45+00:00\",\"description\":\"JCDB11 firma memorando para aliena\u00e7\u00e3o indireta de 85% dos ativos em S\u00e3o Paulo; opera\u00e7\u00e3o em fase preliminar e sem impacto imediato aos cotistas.\",\"breadcrumb\":{\"@id\":\"https:\/\/www.suno.com.br\/noticias\/jcdb11-memorando-alienacao-ativos-sao-paulo\/#breadcrumb\"},\"inLanguage\":\"pt-BR\",\"potentialAction\":[{\"@type\":\"ReadAction\",\"target\":[\"https:\/\/www.suno.com.br\/noticias\/jcdb11-memorando-alienacao-ativos-sao-paulo\/\"]}]},{\"@type\":\"ImageObject\",\"inLanguage\":\"pt-BR\",\"@id\":\"https:\/\/www.suno.com.br\/noticias\/jcdb11-memorando-alienacao-ativos-sao-paulo\/#primaryimage\",\"url\":\"https:\/\/files.sunoresearch.com.br\/n\/uploads\/2026\/01\/6192a95f-rbco11-jpg.webp\",\"contentUrl\":\"https:\/\/files.sunoresearch.com.br\/n\/uploads\/2026\/01\/6192a95f-rbco11-jpg.webp\",\"width\":850,\"height\":546,\"caption\":\"JCDB11 assina memorando para aliena\u00e7\u00e3o indireta de 85% de ativos imobili\u00e1rios via permuta\"},{\"@type\":\"BreadcrumbList\",\"@id\":\"https:\/\/www.suno.com.br\/noticias\/jcdb11-memorando-alienacao-ativos-sao-paulo\/#breadcrumb\",\"itemListElement\":[{\"@type\":\"ListItem\",\"position\":1,\"name\":\"Not\u00edcias\",\"item\":\"https:\/\/www.suno.com.br\/noticias\/\"},{\"@type\":\"ListItem\",\"position\":2,\"name\":\"FIIs\",\"item\":\"https:\/\/www.suno.com.br\/noticias\/fiis\/\"},{\"@type\":\"ListItem\",\"position\":3,\"name\":\"JCDB11 firma acordo para venda de participa\u00e7\u00e3o de 85% dos ativos\"}]},{\"@type\":\"WebSite\",\"@id\":\"https:\/\/www.suno.com.br\/noticias\/#website\",\"url\":\"https:\/\/www.suno.com.br\/noticias\/\",\"name\":\"Suno Not\u00edcias\",\"description\":\"Seu portal de informa\u00e7\u00e3o sobre o mundo dos investimentos\",\"publisher\":{\"@id\":\"https:\/\/www.suno.com.br\/noticias\/#organization\"},\"potentialAction\":[{\"@type\":\"SearchAction\",\"target\":{\"@type\":\"EntryPoint\",\"urlTemplate\":\"https:\/\/www.suno.com.br\/noticias\/?s={search_term_string}\"},\"query-input\":{\"@type\":\"PropertyValueSpecification\",\"valueRequired\":true,\"valueName\":\"search_term_string\"}}],\"inLanguage\":\"pt-BR\"},{\"@type\":\"Organization\",\"@id\":\"https:\/\/www.suno.com.br\/noticias\/#organization\",\"name\":\"Suno Not\u00edcias\",\"url\":\"https:\/\/www.suno.com.br\/noticias\/\",\"logo\":{\"@type\":\"ImageObject\",\"inLanguage\":\"pt-BR\",\"@id\":\"https:\/\/www.suno.com.br\/noticias\/#\/schema\/logo\/image\/\",\"url\":\"https:\/\/files.sunoresearch.com.br\/n\/uploads\/2021\/09\/suno-logo.png\",\"contentUrl\":\"https:\/\/files.sunoresearch.com.br\/n\/uploads\/2021\/09\/suno-logo.png\",\"width\":180,\"height\":180,\"caption\":\"Suno Not\u00edcias\"},\"image\":{\"@id\":\"https:\/\/www.suno.com.br\/noticias\/#\/schema\/logo\/image\/\"},\"sameAs\":[\"https:\/\/facebook.com\/sunoresearch\",\"https:\/\/x.com\/sunoresearch\",\"https:\/\/www.instagram.com\/suno\",\"https:\/\/www.linkedin.com\/company\/suno-research\/\",\"https:\/\/www.youtube.com\/c\/sunoresearch\"]},{\"@type\":\"Person\",\"@id\":\"https:\/\/www.suno.com.br\/noticias\/#\/schema\/person\/c1b1bd3727fa852bd045e9dbff3673ea\",\"name\":\"Reda\u00e7\u00e3o Suno Not\u00edcias\",\"image\":{\"@type\":\"ImageObject\",\"inLanguage\":\"pt-BR\",\"@id\":\"https:\/\/www.suno.com.br\/noticias\/#\/schema\/person\/image\/\",\"url\":\"https:\/\/secure.gravatar.com\/avatar\/b8104b9b5a71985d5238ee59fbe418af?s=96&r=g\",\"contentUrl\":\"https:\/\/secure.gravatar.com\/avatar\/b8104b9b5a71985d5238ee59fbe418af?s=96&r=g\",\"caption\":\"Reda\u00e7\u00e3o Suno Not\u00edcias\"},\"description\":\"O Suno Not\u00edcias \u00e9 um portal de informa\u00e7\u00f5es sobre Mercado Financeiro, Pol\u00edtica, Neg\u00f3cios, Economia e Finan\u00e7as Pessoais.\",\"sameAs\":[\"https:\/\/www.suno.com.br\/noticias\",\"https:\/\/www.facebook.com\/sunonoticias\/\",\"https:\/\/www.instagram.com\/sunonoticias\/\",\"https:\/\/x.com\/https:\/\/twitter.com\/sunoresearch\",\"https:\/\/www.youtube.com\/sunonoticias\"],\"url\":\"https:\/\/www.suno.com.br\/noticias\/author\/redacao-suno\/\"}]}<\/script>\n<!-- \/ Yoast SEO plugin. -->","yoast_head_json":{"title":"JCDB11 anuncia memorando de venda de ativos","description":"JCDB11 firma memorando para aliena\u00e7\u00e3o indireta de 85% dos ativos em S\u00e3o Paulo; opera\u00e7\u00e3o em fase preliminar e sem impacto imediato aos cotistas.","robots":{"index":"index","follow":"follow","max-snippet":"max-snippet:-1","max-image-preview":"max-image-preview:large","max-video-preview":"max-video-preview:-1"},"canonical":"https:\/\/www.suno.com.br\/noticias\/jcdb11-memorando-alienacao-ativos-sao-paulo\/","og_locale":"pt_BR","og_type":"article","og_title":"JCDB11 anuncia memorando de venda de ativos","og_description":"JCDB11 firma memorando para aliena\u00e7\u00e3o indireta de 85% dos ativos em S\u00e3o Paulo; opera\u00e7\u00e3o em fase preliminar e sem impacto imediato aos cotistas.","og_url":"https:\/\/www.suno.com.br\/noticias\/jcdb11-memorando-alienacao-ativos-sao-paulo\/","og_site_name":"Suno Not\u00edcias","article_publisher":"https:\/\/facebook.com\/sunoresearch","article_author":"https:\/\/www.facebook.com\/sunonoticias\/","og_image":[{"width":850,"height":546,"url":"https:\/\/files.sunoresearch.com.br\/n\/uploads\/2026\/01\/6192a95f-rbco11-jpg.webp","type":"image\/jpeg"}],"author":"Reda\u00e7\u00e3o Suno Not\u00edcias","twitter_card":"summary_large_image","twitter_creator":"@https:\/\/twitter.com\/sunoresearch","twitter_site":"@sunoresearch","twitter_misc":{"Escrito por":"Reda\u00e7\u00e3o Suno Not\u00edcias","Est. tempo de leitura":"2 minutos"},"schema":{"@context":"https:\/\/schema.org","@graph":[{"@type":"NewsArticle","@id":"https:\/\/www.suno.com.br\/noticias\/jcdb11-memorando-alienacao-ativos-sao-paulo\/#article","isPartOf":{"@id":"https:\/\/www.suno.com.br\/noticias\/jcdb11-memorando-alienacao-ativos-sao-paulo\/"},"author":{"name":"Reda\u00e7\u00e3o Suno Not\u00edcias","@id":"https:\/\/www.suno.com.br\/noticias\/#\/schema\/person\/c1b1bd3727fa852bd045e9dbff3673ea"},"headline":"JCDB11 firma acordo para venda de participa\u00e7\u00e3o de 85% dos ativos","datePublished":"2026-01-20T22:35:10+00:00","dateModified":"2026-01-21T12:06:45+00:00","mainEntityOfPage":{"@id":"https:\/\/www.suno.com.br\/noticias\/jcdb11-memorando-alienacao-ativos-sao-paulo\/"},"wordCount":340,"publisher":{"@id":"https:\/\/www.suno.com.br\/noticias\/#organization"},"image":{"@id":"https:\/\/www.suno.com.br\/noticias\/jcdb11-memorando-alienacao-ativos-sao-paulo\/#primaryimage"},"thumbnailUrl":"https:\/\/files.sunoresearch.com.br\/n\/uploads\/2026\/01\/6192a95f-rbco11-jpg.webp","keywords":["Fundos Imobili\u00e1rios (FIIs)","S\u00e3o Paulo"],"articleSection":["FIIs"],"inLanguage":"pt-BR"},{"@type":"WebPage","@id":"https:\/\/www.suno.com.br\/noticias\/jcdb11-memorando-alienacao-ativos-sao-paulo\/","url":"https:\/\/www.suno.com.br\/noticias\/jcdb11-memorando-alienacao-ativos-sao-paulo\/","name":"JCDB11 anuncia memorando de venda de ativos","isPartOf":{"@id":"https:\/\/www.suno.com.br\/noticias\/#website"},"primaryImageOfPage":{"@id":"https:\/\/www.suno.com.br\/noticias\/jcdb11-memorando-alienacao-ativos-sao-paulo\/#primaryimage"},"image":{"@id":"https:\/\/www.suno.com.br\/noticias\/jcdb11-memorando-alienacao-ativos-sao-paulo\/#primaryimage"},"thumbnailUrl":"https:\/\/files.sunoresearch.com.br\/n\/uploads\/2026\/01\/6192a95f-rbco11-jpg.webp","datePublished":"2026-01-20T22:35:10+00:00","dateModified":"2026-01-21T12:06:45+00:00","description":"JCDB11 firma memorando para aliena\u00e7\u00e3o indireta de 85% dos ativos em S\u00e3o Paulo; opera\u00e7\u00e3o em fase preliminar e sem impacto imediato aos cotistas.","breadcrumb":{"@id":"https:\/\/www.suno.com.br\/noticias\/jcdb11-memorando-alienacao-ativos-sao-paulo\/#breadcrumb"},"inLanguage":"pt-BR","potentialAction":[{"@type":"ReadAction","target":["https:\/\/www.suno.com.br\/noticias\/jcdb11-memorando-alienacao-ativos-sao-paulo\/"]}]},{"@type":"ImageObject","inLanguage":"pt-BR","@id":"https:\/\/www.suno.com.br\/noticias\/jcdb11-memorando-alienacao-ativos-sao-paulo\/#primaryimage","url":"https:\/\/files.sunoresearch.com.br\/n\/uploads\/2026\/01\/6192a95f-rbco11-jpg.webp","contentUrl":"https:\/\/files.sunoresearch.com.br\/n\/uploads\/2026\/01\/6192a95f-rbco11-jpg.webp","width":850,"height":546,"caption":"JCDB11 assina memorando para aliena\u00e7\u00e3o indireta de 85% de ativos imobili\u00e1rios via permuta"},{"@type":"BreadcrumbList","@id":"https:\/\/www.suno.com.br\/noticias\/jcdb11-memorando-alienacao-ativos-sao-paulo\/#breadcrumb","itemListElement":[{"@type":"ListItem","position":1,"name":"Not\u00edcias","item":"https:\/\/www.suno.com.br\/noticias\/"},{"@type":"ListItem","position":2,"name":"FIIs","item":"https:\/\/www.suno.com.br\/noticias\/fiis\/"},{"@type":"ListItem","position":3,"name":"JCDB11 firma acordo para venda de participa\u00e7\u00e3o de 85% dos ativos"}]},{"@type":"WebSite","@id":"https:\/\/www.suno.com.br\/noticias\/#website","url":"https:\/\/www.suno.com.br\/noticias\/","name":"Suno Not\u00edcias","description":"Seu portal de informa\u00e7\u00e3o sobre o mundo dos investimentos","publisher":{"@id":"https:\/\/www.suno.com.br\/noticias\/#organization"},"potentialAction":[{"@type":"SearchAction","target":{"@type":"EntryPoint","urlTemplate":"https:\/\/www.suno.com.br\/noticias\/?s={search_term_string}"},"query-input":{"@type":"PropertyValueSpecification","valueRequired":true,"valueName":"search_term_string"}}],"inLanguage":"pt-BR"},{"@type":"Organization","@id":"https:\/\/www.suno.com.br\/noticias\/#organization","name":"Suno Not\u00edcias","url":"https:\/\/www.suno.com.br\/noticias\/","logo":{"@type":"ImageObject","inLanguage":"pt-BR","@id":"https:\/\/www.suno.com.br\/noticias\/#\/schema\/logo\/image\/","url":"https:\/\/files.sunoresearch.com.br\/n\/uploads\/2021\/09\/suno-logo.png","contentUrl":"https:\/\/files.sunoresearch.com.br\/n\/uploads\/2021\/09\/suno-logo.png","width":180,"height":180,"caption":"Suno Not\u00edcias"},"image":{"@id":"https:\/\/www.suno.com.br\/noticias\/#\/schema\/logo\/image\/"},"sameAs":["https:\/\/facebook.com\/sunoresearch","https:\/\/x.com\/sunoresearch","https:\/\/www.instagram.com\/suno","https:\/\/www.linkedin.com\/company\/suno-research\/","https:\/\/www.youtube.com\/c\/sunoresearch"]},{"@type":"Person","@id":"https:\/\/www.suno.com.br\/noticias\/#\/schema\/person\/c1b1bd3727fa852bd045e9dbff3673ea","name":"Reda\u00e7\u00e3o Suno Not\u00edcias","image":{"@type":"ImageObject","inLanguage":"pt-BR","@id":"https:\/\/www.suno.com.br\/noticias\/#\/schema\/person\/image\/","url":"https:\/\/secure.gravatar.com\/avatar\/b8104b9b5a71985d5238ee59fbe418af?s=96&r=g","contentUrl":"https:\/\/secure.gravatar.com\/avatar\/b8104b9b5a71985d5238ee59fbe418af?s=96&r=g","caption":"Reda\u00e7\u00e3o Suno Not\u00edcias"},"description":"O Suno Not\u00edcias \u00e9 um portal de informa\u00e7\u00f5es sobre Mercado Financeiro, Pol\u00edtica, Neg\u00f3cios, Economia e Finan\u00e7as Pessoais.","sameAs":["https:\/\/www.suno.com.br\/noticias","https:\/\/www.facebook.com\/sunonoticias\/","https:\/\/www.instagram.com\/sunonoticias\/","https:\/\/x.com\/https:\/\/twitter.com\/sunoresearch","https:\/\/www.youtube.com\/sunonoticias"],"url":"https:\/\/www.suno.com.br\/noticias\/author\/redacao-suno\/"}]}},"default_loop_html":"<div class=\"cardsPage__listCard__boxs\"><div class=\"cardsPage__listCard__boxs__img\"><a href=\"https:\/\/www.suno.com.br\/noticias\/jcdb11-memorando-alienacao-ativos-sao-paulo\/\"><img class=\"mask\" src=\"https:\/\/www.suno.com.br\/noticias\/wp-content\/themes\/suno\/resources\/images\/spotlight\/spotlight1img\/bg-mask.png\" alt=\"Image Mask\"\/><img src=\"https:\/\/files.sunoresearch.com.br\/n\/uploads\/2026\/01\/6192a95f-rbco11-400x200.webp\" alt=\"JCDB11 firma acordo para venda de participa\u00e7\u00e3o de 85% dos ativos\"\/><\/a><span class=\"spotlightCategory\"><a href=\"https:\/\/www.suno.com.br\/noticias\/fiis\/\">FIIs<\/a><\/span><\/div><div class=\"cardsPage__listCard__boxs__content\"><a href=\"https:\/\/www.suno.com.br\/noticias\/jcdb11-memorando-alienacao-ativos-sao-paulo\/\"><h2 class=\"content__title\">JCDB11 firma acordo para venda de participa\u00e7\u00e3o de 85% dos ativos<\/h2><\/a><div class=\"newsContent__article__meta\"><div class=\"newsContent__article__meta__authorBox\"><a href=\"https:\/\/www.suno.com.br\/noticias\/author\/redacao-suno\/\" class=\"authorBox__avatar noMobi\"><img src=\"https:\/\/files.sunoresearch.com.br\/n\/uploads\/2020\/08\/0ace682d-redacao-1-150x150.webp\" alt=\"Reda\u00e7\u00e3o Suno Not\u00edcias\"><\/a><div class=\"authorBox__name\"><span>por\n\t\t\t<a href=\"https:\/\/www.suno.com.br\/noticias\/author\/redacao-suno\/\"><span itemprop=\"author\">Reda\u00e7\u00e3o Suno Not\u00edcias<\/span><\/a><\/span><time datetime=\"2026-01-20T19:35:10-03:00\" itemprop=\"datePublished\">20\/01\/2026 19:35<\/time><\/div><\/div><\/div><\/div><\/div>","single_layout":"posts","amp_enabled":true,"_links":{"self":[{"href":"https:\/\/www.suno.com.br\/noticias\/wp-json\/wp\/v2\/posts\/639153"}],"collection":[{"href":"https:\/\/www.suno.com.br\/noticias\/wp-json\/wp\/v2\/posts"}],"about":[{"href":"https:\/\/www.suno.com.br\/noticias\/wp-json\/wp\/v2\/types\/post"}],"author":[{"embeddable":true,"href":"https:\/\/www.suno.com.br\/noticias\/wp-json\/wp\/v2\/users\/43"}],"replies":[{"embeddable":true,"href":"https:\/\/www.suno.com.br\/noticias\/wp-json\/wp\/v2\/comments?post=639153"}],"version-history":[{"count":1,"href":"https:\/\/www.suno.com.br\/noticias\/wp-json\/wp\/v2\/posts\/639153\/revisions"}],"predecessor-version":[{"id":639196,"href":"https:\/\/www.suno.com.br\/noticias\/wp-json\/wp\/v2\/posts\/639153\/revisions\/639196"}],"wp:featuredmedia":[{"embeddable":true,"href":"https:\/\/www.suno.com.br\/noticias\/wp-json\/wp\/v2\/media\/639154"}],"wp:attachment":[{"href":"https:\/\/www.suno.com.br\/noticias\/wp-json\/wp\/v2\/media?parent=639153"}],"wp:term":[{"taxonomy":"category","embeddable":true,"href":"https:\/\/www.suno.com.br\/noticias\/wp-json\/wp\/v2\/categories?post=639153"},{"taxonomy":"post_tag","embeddable":true,"href":"https:\/\/www.suno.com.br\/noticias\/wp-json\/wp\/v2\/tags?post=639153"},{"taxonomy":"suno_strategy","embeddable":true,"href":"https:\/\/www.suno.com.br\/noticias\/wp-json\/wp\/v2\/suno_strategy?post=639153"}],"curies":[{"name":"wp","href":"https:\/\/api.w.org\/{rel}","templated":true}]}}