{"id":638997,"date":"2026-01-19T19:47:09","date_gmt":"2026-01-19T22:47:09","guid":{"rendered":"https:\/\/www.suno.com.br\/noticias\/?p=638997"},"modified":"2026-01-19T19:47:12","modified_gmt":"2026-01-19T22:47:12","slug":"ibovespa-estavel-feriado-eua-tensao-groenlandia-mt","status":"publish","type":"post","link":"https:\/\/www.suno.com.br\/noticias\/ibovespa-estavel-feriado-eua-tensao-groenlandia-mt\/","title":{"rendered":"Ibovespa tem in\u00edcio de semana est\u00e1vel apesar de tens\u00e3o geopol\u00edtica"},"content":{"rendered":"<p>O&nbsp;<strong>Ibovespa<\/strong>&nbsp;teve um preg\u00e3o de baixa volatilidade nesta&nbsp;segunda-feira (19)&nbsp;e encerrou praticamente est\u00e1vel, em meio ao feriado nos Estados Unidos e \u00e0 retomada das tens\u00f5es geopol\u00edticas envolvendo a ambi\u00e7\u00e3o do presidente americano <a class=\"suno-keyword\" target=\"_blank\" data-force=\"no\" data-priority=\"2\" href=\"https:\/\/www.suno.com.br\/tudo-sobre\/donald-trump\/\" rel=\"noopener\">Donald Trump<\/a> sobre a Groenl\u00e2ndia. Sem a refer\u00eancia de Nova York e com fluxo reduzido, o principal \u00edndice da B3 oscilou entre&nbsp;164.264,75&nbsp;e&nbsp;165.154,76 pontos, fechando em&nbsp;leve alta de 0,03%, aos&nbsp;164.849,27 pontos. O giro financeiro ficou em&nbsp;R$ 12,6 bilh\u00f5e<strong>s<\/strong>.<\/p>\t<div class=\"wrapper-featured-image\">\n\t\t<figure class=\"spotlightImg\">\n\n\t\t\t<picture>\n\t\t\t\t<source media=\"(max-width: 768px)\" srcset=\"https:\/\/files.sunoresearch.com.br\/n\/uploads\/2025\/11\/ff569066-bolsas-jpg-400x200.webp\">\n\t\t\t\t<img loading=\"lazy\" decoding=\"async\" class=\"newsContent__article__imgCapa lazyloadDisabled \" src=\"https:\/\/files.sunoresearch.com.br\/n\/uploads\/2025\/11\/ff569066-bolsas-jpg.webp\" width=\"800\" height=\"450\" alt=\"Ibovespa tem in\u00edcio de semana est\u00e1vel apesar de tens\u00e3o geopol\u00edtica\" fetchpriority=high \/>\n\t\t\t<\/picture>\n\n\t\t\t<figcaption class=\"wp-caption-text wp-caption-text--show\">O Ibovespa<\/figcaption>\n\t\t<\/figure>\n\t<\/div>\n\n\n\n\n\n\t<p>\n\t\t<a href=\"https:\/\/lp.suno.com.br\/planilha-da-vida-financeira\/\" target=\"_blank\" data-element=\"shortcode-suno-banner\" title=\"Banner SUNO, clique e saiba mais\">\n\t\t\t<picture>\n\t\t\t\t<source media=\"(max-width: 500px)\" srcset=\"https:\/\/files.sunoresearch.com.br\/n\/uploads\/2023\/04\/400x300-Planilha-vida-financeira-true.png\">\n\t\t\t\t<img class=\"newsContent__article__imgCapa newsContent__article__imgCapa--banner\"\n\t\t\t\t\tsrc=\"https:\/\/files.sunoresearch.com.br\/n\/uploads\/2023\/04\/1420x240-Planilha-vida-financeira-true.png\"\n\t\t\t\t\tdata-promo-id=\"106682\"\t\t\t\t\t\t\t\t\t\twidth='1420' height='240'\t\t\t\t\talt=\"https:\/\/files.sunoresearch.com.br\/n\/uploads\/2023\/04\/1420x240-Planilha-vida-financeira-true.png\"\n\t\t\t\t>\n\t\t\t<\/picture>\n\t\t<\/a>\n\t<\/p>\n\n\n\n\n\n<p>O cen\u00e1rio externo dominou o notici\u00e1rio do dia. Trump voltou a sinalizar a imposi\u00e7\u00e3o de tarifas a pa\u00edses europeus como forma de pressionar pela transfer\u00eancia do controle da Groenl\u00e2ndia \u2014 territ\u00f3rio semiaut\u00f4nomo sob soberania da Dinamarca \u2014 para os Estados Unidos. Em resposta, a Uni\u00e3o Europeia prometeu retalia\u00e7\u00f5es comerciais com impacto estimado em&nbsp;<strong>US$ 100 bilh\u00f5es<\/strong>, a partir de&nbsp;<strong>1\u00ba de fevereiro<\/strong>, caso as medidas avancem. Na Europa, os principais \u00edndices acion\u00e1rios recuaram mais de&nbsp;<strong>1%<\/strong>.<\/p>\n\n\n\n<h2 class=\"wp-block-heading\">Cota\u00e7\u00e3o do <a class=\"suno-keyword\" target=\"_blank\" data-force=\"no\" data-priority=\"1\" href=\"https:\/\/www.suno.com.br\/analitica\/moedas\/dolar-hoje\/\" rel=\"noopener\">d\u00f3lar hoje<\/a> e bolsas americanas<\/h2>\n\n\n\n<p>O&nbsp;<strong>d\u00f3lar comercial<\/strong>&nbsp;encerrou a sess\u00e3o com leve varia\u00e7\u00e3o, pressionado pela incerteza global e pelo feriado nos EUA. Analistas destacam que o movimento da moeda no preg\u00e3o foi contido pelo diferencial de juros favor\u00e1vel ao Brasil e pela liquidez reduzida.<\/p>\n\n\n\n<p>No exterior, os principais \u00edndices acion\u00e1rios americanos fecharam o dia em&nbsp;<strong>baixas leves<\/strong>, refletindo o cen\u00e1rio de <a class=\"suno-keyword\" target=\"_blank\" data-force=\"no\" data-priority=\"1\" href=\"https:\/\/www.suno.com.br\/artigos\/aversao-ao-risco\/\" rel=\"noopener\">avers\u00e3o ao risco<\/a> global:<\/p>\n\n\n\n<ul class=\"wp-block-list\">\n<li><strong>Dow Jones:<\/strong>\u00a0-0,17%<\/li>\n\n\n\n<li><strong>S&amp;P 500:<\/strong>\u00a0-0,06%<\/li>\n\n\n\n<li><strong>Nasdaq:<\/strong>\u00a0-0,06%<\/li>\n<\/ul>\n\n\n\n<p>As oscila\u00e7\u00f5es acompanharam dados mistos e a cautela dos investidores diante da lentid\u00e3o no andamento de poss\u00edveis pol\u00edticas de est\u00edmulo e dos desdobramentos geopol\u00edticos envolvendo o Ir\u00e3 e tens\u00f5es comerciais.<\/p>\n\n\n\n<h2 class=\"wp-block-heading\">Mercado brasileiro reage a setores espec\u00edficos<\/h2>\n\n\n\n<p>Na B3, o desempenho do&nbsp;<strong>Ibovespa<\/strong>&nbsp;teve suporte de a\u00e7\u00f5es como&nbsp;<strong>Petrobras<\/strong>, com altas de&nbsp;<strong>0,53% na ON<\/strong>&nbsp;e&nbsp;<strong>0,41% na PN<\/strong>, e de&nbsp;<strong>Santander Unit (+0,69%)<\/strong>, que ajudaram a compensar a queda da&nbsp;<strong>Vale ON (-0,39%)<\/strong>, principal papel do \u00edndice. Entre as maiores altas do dia, destacaram-se&nbsp;<strong>Hapvida (+3,85%)<\/strong>,&nbsp;<strong>IRB (+3,59%)<\/strong>&nbsp;e&nbsp;<strong>Cury (+2,94%)<\/strong>. No campo oposto,&nbsp;<strong>Natura (-3,41%)<\/strong>,&nbsp;<strong>CSN (-3,15%)<\/strong>&nbsp;e&nbsp;<strong>Ra\u00edzen (-2,44%)<\/strong>&nbsp;foram os principais decl\u00ednios.<\/p>\n\n\n\t<p>\n\t\t<a href=\"https:\/\/lp.suno.com.br\/planilha-da-vida-financeira\/\" target=\"_blank\" data-element=\"shortcode-suno-banner\" title=\"Banner SUNO, clique e saiba mais\">\n\t\t\t<picture>\n\t\t\t\t<source media=\"(max-width: 500px)\" srcset=\"https:\/\/files.sunoresearch.com.br\/n\/uploads\/2023\/04\/400x300-Planilha-vida-financeira-true.png\">\n\t\t\t\t<img class=\"newsContent__article__imgCapa newsContent__article__imgCapa--banner\"\n\t\t\t\t\tsrc=\"https:\/\/files.sunoresearch.com.br\/n\/uploads\/2023\/04\/1420x240-Planilha-vida-financeira-true.png\"\n\t\t\t\t\tdata-promo-id=\"383123\"\t\t\t\t\t\t\t\t\t\twidth='1420' height='240'\t\t\t\t\talt=\"https:\/\/files.sunoresearch.com.br\/n\/uploads\/2023\/04\/1420x240-Planilha-vida-financeira-true.png\"\n\t\t\t\t>\n\t\t\t<\/picture>\n\t\t<\/a>\n\t<\/p>\n\n\n\n\n\n<p>No campo diplom\u00e1tico, Trump evitou detalhar at\u00e9 onde pretende ir para obter o controle da Groenl\u00e2ndia, enquanto autoridades americanas refor\u00e7aram que suas declara\u00e7\u00f5es devem ser levadas \u201cao p\u00e9 da letra\u201d. A diretora-gerente do FMI, Kristalina Georgieva, afirmou que ainda \u00e9 cedo para mensurar os impactos das novas tens\u00f5es comerciais. A China, por sua vez, pediu que Washington abandone a narrativa de \u201camea\u00e7a chinesa\u201d para justificar interesses na regi\u00e3o.<\/p>\n\n\n\n<p>Mesmo em segundo plano, o mercado local reagiu de forma positiva \u00e0 entrevista do ministro da Fazenda, Fernando Haddad, que refor\u00e7ou apoio institucional ao Banco Central, especialmente no processo de interven\u00e7\u00e3o e liquida\u00e7\u00e3o do Banco Master, observa Bruno Perri, da Forum Investimentos. Assim, em um dia de baixa liquidez e foco quase exclusivo no notici\u00e1rio internacional, o&nbsp;<strong>Ibovespa<\/strong>&nbsp;conseguiu encerrar a sess\u00e3o pr\u00f3ximo da estabilidade.<\/p>\n\n\n\n<p>Com Estad\u00e3o Conte\u00fado<\/p>\n\n\n\n\n\t<p>\n\t\t<a href=\"https:\/\/lp.suno.com.br\/ebook-como-analisar-uma-acao\/\" target=\"_blank\" data-element=\"shortcode-suno-banner\" title=\"Banner SUNO, clique e saiba mais\">\n\t\t\t<picture>\n\t\t\t\t<source media=\"(max-width: 500px)\" srcset=\"https:\/\/files.sunoresearch.com.br\/n\/uploads\/2023\/03\/Ebook-Acoes-Mobile.jpg\">\n\t\t\t\t<img class=\"newsContent__article__imgCapa newsContent__article__imgCapa--banner\"\n\t\t\t\t\tsrc=\"https:\/\/files.sunoresearch.com.br\/n\/uploads\/2023\/03\/Ebook-Acoes-Desktop.jpg\"\n\t\t\t\t\tdata-promo-id=\"378302\"\t\t\t\t\t\t\t\t\t\twidth='1420' height='286'\t\t\t\t\talt=\"https:\/\/files.sunoresearch.com.br\/n\/uploads\/2023\/03\/Ebook-Acoes-Desktop.jpg\"\n\t\t\t\t>\n\t\t\t<\/picture>\n\t\t<\/a>\n\t<\/p>\n\n\n","protected":false},"excerpt":{"rendered":"<p>O&nbsp;Ibovespa&nbsp;teve um preg\u00e3o de baixa volatilidade nesta&nbsp;segunda-feira (19)&nbsp;e encerrou praticamente est\u00e1vel, em meio ao feriado nos Estados Unidos e \u00e0 retomada das tens\u00f5es geopol\u00edticas envolvendo a ambi\u00e7\u00e3o do presidente americano Donald Trump sobre a Groenl\u00e2ndia. Sem a refer\u00eancia de Nova York e com fluxo reduzido, o principal \u00edndice da B3 oscilou entre&nbsp;164.264,75&nbsp;e&nbsp;165.154,76 pontos, fechando em&nbsp;leve [&hellip;]<\/p>\n","protected":false},"author":402,"featured_media":632914,"comment_status":"closed","ping_status":"closed","sticky":false,"template":"","format":"standard","meta":[],"categories":[64],"tags":[721,106949],"suno_strategy":[],"class_list":["post-638997","post","type-post","status-publish","format-standard","has-post-thumbnail","hentry","category-negocios","tag-ibovespa","tag-ibovespa-fechamento"],"yoast_head":"<!-- This site is optimized with the Yoast SEO plugin v24.4 - https:\/\/yoast.com\/wordpress\/plugins\/seo\/ -->\n<title>Ibovespa fica est\u00e1vel com feriado nos EUA e tens\u00e3o internacional<\/title>\n<meta name=\"description\" content=\"Ibovespa fecha perto da estabilidade com feriado nos EUA, baixa liquidez e tens\u00e3o geopol\u00edtica ap\u00f3s amea\u00e7as de tarifas de Donald Trump.\" \/>\n<meta name=\"robots\" content=\"index, follow, max-snippet:-1, max-image-preview:large, max-video-preview:-1\" \/>\n<link rel=\"canonical\" href=\"https:\/\/www.suno.com.br\/noticias\/ibovespa-estavel-feriado-eua-tensao-groenlandia-mt\/\" \/>\n<meta property=\"og:locale\" content=\"pt_BR\" \/>\n<meta property=\"og:type\" content=\"article\" \/>\n<meta property=\"og:title\" content=\"Ibovespa fica est\u00e1vel com feriado nos EUA e tens\u00e3o internacional\" \/>\n<meta property=\"og:description\" content=\"Ibovespa fecha perto da estabilidade com feriado nos EUA, baixa liquidez e tens\u00e3o geopol\u00edtica ap\u00f3s amea\u00e7as de tarifas de Donald Trump.\" \/>\n<meta property=\"og:url\" content=\"https:\/\/www.suno.com.br\/noticias\/ibovespa-estavel-feriado-eua-tensao-groenlandia-mt\/\" \/>\n<meta property=\"og:site_name\" content=\"Suno Not\u00edcias\" \/>\n<meta property=\"article:publisher\" content=\"https:\/\/facebook.com\/sunoresearch\" \/>\n<meta property=\"og:image\" content=\"https:\/\/files.sunoresearch.com.br\/n\/uploads\/2025\/11\/ff569066-bolsas-jpg.webp\" \/>\n\t<meta property=\"og:image:width\" content=\"770\" \/>\n\t<meta property=\"og:image:height\" content=\"400\" \/>\n\t<meta property=\"og:image:type\" content=\"image\/webp\" \/>\n<meta name=\"author\" content=\"Ma\u00edra Telles\" \/>\n<meta name=\"twitter:card\" content=\"summary_large_image\" \/>\n<meta name=\"twitter:creator\" content=\"@sunoresearch\" \/>\n<meta name=\"twitter:site\" content=\"@sunoresearch\" \/>\n<meta name=\"twitter:label1\" content=\"Escrito por\" \/>\n\t<meta name=\"twitter:data1\" content=\"Ma\u00edra Telles\" \/>\n\t<meta name=\"twitter:label2\" content=\"Est. tempo de leitura\" \/>\n\t<meta name=\"twitter:data2\" content=\"3 minutos\" \/>\n<script type=\"application\/ld+json\" class=\"yoast-schema-graph\">{\"@context\":\"https:\/\/schema.org\",\"@graph\":[{\"@type\":\"NewsArticle\",\"@id\":\"https:\/\/www.suno.com.br\/noticias\/ibovespa-estavel-feriado-eua-tensao-groenlandia-mt\/#article\",\"isPartOf\":{\"@id\":\"https:\/\/www.suno.com.br\/noticias\/ibovespa-estavel-feriado-eua-tensao-groenlandia-mt\/\"},\"author\":{\"name\":\"Ma\u00edra Telles\",\"@id\":\"https:\/\/www.suno.com.br\/noticias\/#\/schema\/person\/0a8b51292bb96ee5f104094c0907eaef\"},\"headline\":\"Ibovespa tem in\u00edcio de semana est\u00e1vel apesar de tens\u00e3o geopol\u00edtica\",\"datePublished\":\"2026-01-19T22:47:09+00:00\",\"dateModified\":\"2026-01-19T22:47:12+00:00\",\"mainEntityOfPage\":{\"@id\":\"https:\/\/www.suno.com.br\/noticias\/ibovespa-estavel-feriado-eua-tensao-groenlandia-mt\/\"},\"wordCount\":565,\"publisher\":{\"@id\":\"https:\/\/www.suno.com.br\/noticias\/#organization\"},\"image\":{\"@id\":\"https:\/\/www.suno.com.br\/noticias\/ibovespa-estavel-feriado-eua-tensao-groenlandia-mt\/#primaryimage\"},\"thumbnailUrl\":\"https:\/\/files.sunoresearch.com.br\/n\/uploads\/2025\/11\/ff569066-bolsas-jpg.webp\",\"keywords\":[\"Ibovespa\",\"Ibovespa fechamento\"],\"articleSection\":[\"Neg\u00f3cios\"],\"inLanguage\":\"pt-BR\"},{\"@type\":\"WebPage\",\"@id\":\"https:\/\/www.suno.com.br\/noticias\/ibovespa-estavel-feriado-eua-tensao-groenlandia-mt\/\",\"url\":\"https:\/\/www.suno.com.br\/noticias\/ibovespa-estavel-feriado-eua-tensao-groenlandia-mt\/\",\"name\":\"Ibovespa fica est\u00e1vel com feriado nos EUA e tens\u00e3o internacional\",\"isPartOf\":{\"@id\":\"https:\/\/www.suno.com.br\/noticias\/#website\"},\"primaryImageOfPage\":{\"@id\":\"https:\/\/www.suno.com.br\/noticias\/ibovespa-estavel-feriado-eua-tensao-groenlandia-mt\/#primaryimage\"},\"image\":{\"@id\":\"https:\/\/www.suno.com.br\/noticias\/ibovespa-estavel-feriado-eua-tensao-groenlandia-mt\/#primaryimage\"},\"thumbnailUrl\":\"https:\/\/files.sunoresearch.com.br\/n\/uploads\/2025\/11\/ff569066-bolsas-jpg.webp\",\"datePublished\":\"2026-01-19T22:47:09+00:00\",\"dateModified\":\"2026-01-19T22:47:12+00:00\",\"description\":\"Ibovespa fecha perto da estabilidade com feriado nos EUA, baixa liquidez e tens\u00e3o geopol\u00edtica ap\u00f3s amea\u00e7as de tarifas de Donald Trump.\",\"breadcrumb\":{\"@id\":\"https:\/\/www.suno.com.br\/noticias\/ibovespa-estavel-feriado-eua-tensao-groenlandia-mt\/#breadcrumb\"},\"inLanguage\":\"pt-BR\",\"potentialAction\":[{\"@type\":\"ReadAction\",\"target\":[\"https:\/\/www.suno.com.br\/noticias\/ibovespa-estavel-feriado-eua-tensao-groenlandia-mt\/\"]}]},{\"@type\":\"ImageObject\",\"inLanguage\":\"pt-BR\",\"@id\":\"https:\/\/www.suno.com.br\/noticias\/ibovespa-estavel-feriado-eua-tensao-groenlandia-mt\/#primaryimage\",\"url\":\"https:\/\/files.sunoresearch.com.br\/n\/uploads\/2025\/11\/ff569066-bolsas-jpg.webp\",\"contentUrl\":\"https:\/\/files.sunoresearch.com.br\/n\/uploads\/2025\/11\/ff569066-bolsas-jpg.webp\",\"width\":770,\"height\":400,\"caption\":\"O Ibovespa\"},{\"@type\":\"BreadcrumbList\",\"@id\":\"https:\/\/www.suno.com.br\/noticias\/ibovespa-estavel-feriado-eua-tensao-groenlandia-mt\/#breadcrumb\",\"itemListElement\":[{\"@type\":\"ListItem\",\"position\":1,\"name\":\"Not\u00edcias\",\"item\":\"https:\/\/www.suno.com.br\/noticias\/\"},{\"@type\":\"ListItem\",\"position\":2,\"name\":\"Neg\u00f3cios\",\"item\":\"https:\/\/www.suno.com.br\/noticias\/negocios\/\"},{\"@type\":\"ListItem\",\"position\":3,\"name\":\"Ibovespa tem in\u00edcio de semana est\u00e1vel apesar de tens\u00e3o geopol\u00edtica\"}]},{\"@type\":\"WebSite\",\"@id\":\"https:\/\/www.suno.com.br\/noticias\/#website\",\"url\":\"https:\/\/www.suno.com.br\/noticias\/\",\"name\":\"Suno Not\u00edcias\",\"description\":\"Seu portal de informa\u00e7\u00e3o sobre o mundo dos investimentos\",\"publisher\":{\"@id\":\"https:\/\/www.suno.com.br\/noticias\/#organization\"},\"potentialAction\":[{\"@type\":\"SearchAction\",\"target\":{\"@type\":\"EntryPoint\",\"urlTemplate\":\"https:\/\/www.suno.com.br\/noticias\/?s={search_term_string}\"},\"query-input\":{\"@type\":\"PropertyValueSpecification\",\"valueRequired\":true,\"valueName\":\"search_term_string\"}}],\"inLanguage\":\"pt-BR\"},{\"@type\":\"Organization\",\"@id\":\"https:\/\/www.suno.com.br\/noticias\/#organization\",\"name\":\"Suno Not\u00edcias\",\"url\":\"https:\/\/www.suno.com.br\/noticias\/\",\"logo\":{\"@type\":\"ImageObject\",\"inLanguage\":\"pt-BR\",\"@id\":\"https:\/\/www.suno.com.br\/noticias\/#\/schema\/logo\/image\/\",\"url\":\"https:\/\/files.sunoresearch.com.br\/n\/uploads\/2021\/09\/suno-logo.png\",\"contentUrl\":\"https:\/\/files.sunoresearch.com.br\/n\/uploads\/2021\/09\/suno-logo.png\",\"width\":180,\"height\":180,\"caption\":\"Suno Not\u00edcias\"},\"image\":{\"@id\":\"https:\/\/www.suno.com.br\/noticias\/#\/schema\/logo\/image\/\"},\"sameAs\":[\"https:\/\/facebook.com\/sunoresearch\",\"https:\/\/x.com\/sunoresearch\",\"https:\/\/www.instagram.com\/suno\",\"https:\/\/www.linkedin.com\/company\/suno-research\/\",\"https:\/\/www.youtube.com\/c\/sunoresearch\"]},{\"@type\":\"Person\",\"@id\":\"https:\/\/www.suno.com.br\/noticias\/#\/schema\/person\/0a8b51292bb96ee5f104094c0907eaef\",\"name\":\"Ma\u00edra Telles\",\"image\":{\"@type\":\"ImageObject\",\"inLanguage\":\"pt-BR\",\"@id\":\"https:\/\/www.suno.com.br\/noticias\/#\/schema\/person\/image\/\",\"url\":\"https:\/\/secure.gravatar.com\/avatar\/8d13691eab6abc1d1050b62a4c2a6116?s=96&r=g\",\"contentUrl\":\"https:\/\/secure.gravatar.com\/avatar\/8d13691eab6abc1d1050b62a4c2a6116?s=96&r=g\",\"caption\":\"Ma\u00edra Telles\"},\"description\":\"Jornalista com passagem por reda\u00e7\u00f5es como ESPN, especializa\u00e7\u00e3o em marketing digital e em gest\u00e3o de crise. Com foco no mercado financeiro e no setor agropecu\u00e1rio, desenvolve conte\u00fados estrat\u00e9gicos e especializados para m\u00faltiplas plataformas, unindo an\u00e1lise de investimentos e neg\u00f3cios\",\"url\":\"https:\/\/www.suno.com.br\/noticias\/author\/mairaftellesgmail-com\/\"}]}<\/script>\n<!-- \/ Yoast SEO plugin. -->","yoast_head_json":{"title":"Ibovespa fica est\u00e1vel com feriado nos EUA e tens\u00e3o internacional","description":"Ibovespa fecha perto da estabilidade com feriado nos EUA, baixa liquidez e tens\u00e3o geopol\u00edtica ap\u00f3s amea\u00e7as de tarifas de Donald Trump.","robots":{"index":"index","follow":"follow","max-snippet":"max-snippet:-1","max-image-preview":"max-image-preview:large","max-video-preview":"max-video-preview:-1"},"canonical":"https:\/\/www.suno.com.br\/noticias\/ibovespa-estavel-feriado-eua-tensao-groenlandia-mt\/","og_locale":"pt_BR","og_type":"article","og_title":"Ibovespa fica est\u00e1vel com feriado nos EUA e tens\u00e3o internacional","og_description":"Ibovespa fecha perto da estabilidade com feriado nos EUA, baixa liquidez e tens\u00e3o geopol\u00edtica ap\u00f3s amea\u00e7as de tarifas de Donald Trump.","og_url":"https:\/\/www.suno.com.br\/noticias\/ibovespa-estavel-feriado-eua-tensao-groenlandia-mt\/","og_site_name":"Suno Not\u00edcias","article_publisher":"https:\/\/facebook.com\/sunoresearch","og_image":[{"width":770,"height":400,"url":"https:\/\/files.sunoresearch.com.br\/n\/uploads\/2025\/11\/ff569066-bolsas-jpg.webp","type":"image\/webp"}],"author":"Ma\u00edra Telles","twitter_card":"summary_large_image","twitter_creator":"@sunoresearch","twitter_site":"@sunoresearch","twitter_misc":{"Escrito por":"Ma\u00edra Telles","Est. tempo de leitura":"3 minutos"},"schema":{"@context":"https:\/\/schema.org","@graph":[{"@type":"NewsArticle","@id":"https:\/\/www.suno.com.br\/noticias\/ibovespa-estavel-feriado-eua-tensao-groenlandia-mt\/#article","isPartOf":{"@id":"https:\/\/www.suno.com.br\/noticias\/ibovespa-estavel-feriado-eua-tensao-groenlandia-mt\/"},"author":{"name":"Ma\u00edra Telles","@id":"https:\/\/www.suno.com.br\/noticias\/#\/schema\/person\/0a8b51292bb96ee5f104094c0907eaef"},"headline":"Ibovespa tem in\u00edcio de semana est\u00e1vel apesar de tens\u00e3o geopol\u00edtica","datePublished":"2026-01-19T22:47:09+00:00","dateModified":"2026-01-19T22:47:12+00:00","mainEntityOfPage":{"@id":"https:\/\/www.suno.com.br\/noticias\/ibovespa-estavel-feriado-eua-tensao-groenlandia-mt\/"},"wordCount":565,"publisher":{"@id":"https:\/\/www.suno.com.br\/noticias\/#organization"},"image":{"@id":"https:\/\/www.suno.com.br\/noticias\/ibovespa-estavel-feriado-eua-tensao-groenlandia-mt\/#primaryimage"},"thumbnailUrl":"https:\/\/files.sunoresearch.com.br\/n\/uploads\/2025\/11\/ff569066-bolsas-jpg.webp","keywords":["Ibovespa","Ibovespa fechamento"],"articleSection":["Neg\u00f3cios"],"inLanguage":"pt-BR"},{"@type":"WebPage","@id":"https:\/\/www.suno.com.br\/noticias\/ibovespa-estavel-feriado-eua-tensao-groenlandia-mt\/","url":"https:\/\/www.suno.com.br\/noticias\/ibovespa-estavel-feriado-eua-tensao-groenlandia-mt\/","name":"Ibovespa fica est\u00e1vel com feriado nos EUA e tens\u00e3o internacional","isPartOf":{"@id":"https:\/\/www.suno.com.br\/noticias\/#website"},"primaryImageOfPage":{"@id":"https:\/\/www.suno.com.br\/noticias\/ibovespa-estavel-feriado-eua-tensao-groenlandia-mt\/#primaryimage"},"image":{"@id":"https:\/\/www.suno.com.br\/noticias\/ibovespa-estavel-feriado-eua-tensao-groenlandia-mt\/#primaryimage"},"thumbnailUrl":"https:\/\/files.sunoresearch.com.br\/n\/uploads\/2025\/11\/ff569066-bolsas-jpg.webp","datePublished":"2026-01-19T22:47:09+00:00","dateModified":"2026-01-19T22:47:12+00:00","description":"Ibovespa fecha perto da estabilidade com feriado nos EUA, baixa liquidez e tens\u00e3o geopol\u00edtica ap\u00f3s amea\u00e7as de tarifas de Donald Trump.","breadcrumb":{"@id":"https:\/\/www.suno.com.br\/noticias\/ibovespa-estavel-feriado-eua-tensao-groenlandia-mt\/#breadcrumb"},"inLanguage":"pt-BR","potentialAction":[{"@type":"ReadAction","target":["https:\/\/www.suno.com.br\/noticias\/ibovespa-estavel-feriado-eua-tensao-groenlandia-mt\/"]}]},{"@type":"ImageObject","inLanguage":"pt-BR","@id":"https:\/\/www.suno.com.br\/noticias\/ibovespa-estavel-feriado-eua-tensao-groenlandia-mt\/#primaryimage","url":"https:\/\/files.sunoresearch.com.br\/n\/uploads\/2025\/11\/ff569066-bolsas-jpg.webp","contentUrl":"https:\/\/files.sunoresearch.com.br\/n\/uploads\/2025\/11\/ff569066-bolsas-jpg.webp","width":770,"height":400,"caption":"O Ibovespa"},{"@type":"BreadcrumbList","@id":"https:\/\/www.suno.com.br\/noticias\/ibovespa-estavel-feriado-eua-tensao-groenlandia-mt\/#breadcrumb","itemListElement":[{"@type":"ListItem","position":1,"name":"Not\u00edcias","item":"https:\/\/www.suno.com.br\/noticias\/"},{"@type":"ListItem","position":2,"name":"Neg\u00f3cios","item":"https:\/\/www.suno.com.br\/noticias\/negocios\/"},{"@type":"ListItem","position":3,"name":"Ibovespa tem in\u00edcio de semana est\u00e1vel apesar de tens\u00e3o geopol\u00edtica"}]},{"@type":"WebSite","@id":"https:\/\/www.suno.com.br\/noticias\/#website","url":"https:\/\/www.suno.com.br\/noticias\/","name":"Suno Not\u00edcias","description":"Seu portal de informa\u00e7\u00e3o sobre o mundo dos investimentos","publisher":{"@id":"https:\/\/www.suno.com.br\/noticias\/#organization"},"potentialAction":[{"@type":"SearchAction","target":{"@type":"EntryPoint","urlTemplate":"https:\/\/www.suno.com.br\/noticias\/?s={search_term_string}"},"query-input":{"@type":"PropertyValueSpecification","valueRequired":true,"valueName":"search_term_string"}}],"inLanguage":"pt-BR"},{"@type":"Organization","@id":"https:\/\/www.suno.com.br\/noticias\/#organization","name":"Suno Not\u00edcias","url":"https:\/\/www.suno.com.br\/noticias\/","logo":{"@type":"ImageObject","inLanguage":"pt-BR","@id":"https:\/\/www.suno.com.br\/noticias\/#\/schema\/logo\/image\/","url":"https:\/\/files.sunoresearch.com.br\/n\/uploads\/2021\/09\/suno-logo.png","contentUrl":"https:\/\/files.sunoresearch.com.br\/n\/uploads\/2021\/09\/suno-logo.png","width":180,"height":180,"caption":"Suno Not\u00edcias"},"image":{"@id":"https:\/\/www.suno.com.br\/noticias\/#\/schema\/logo\/image\/"},"sameAs":["https:\/\/facebook.com\/sunoresearch","https:\/\/x.com\/sunoresearch","https:\/\/www.instagram.com\/suno","https:\/\/www.linkedin.com\/company\/suno-research\/","https:\/\/www.youtube.com\/c\/sunoresearch"]},{"@type":"Person","@id":"https:\/\/www.suno.com.br\/noticias\/#\/schema\/person\/0a8b51292bb96ee5f104094c0907eaef","name":"Ma\u00edra Telles","image":{"@type":"ImageObject","inLanguage":"pt-BR","@id":"https:\/\/www.suno.com.br\/noticias\/#\/schema\/person\/image\/","url":"https:\/\/secure.gravatar.com\/avatar\/8d13691eab6abc1d1050b62a4c2a6116?s=96&r=g","contentUrl":"https:\/\/secure.gravatar.com\/avatar\/8d13691eab6abc1d1050b62a4c2a6116?s=96&r=g","caption":"Ma\u00edra Telles"},"description":"Jornalista com passagem por reda\u00e7\u00f5es como ESPN, especializa\u00e7\u00e3o em marketing digital e em gest\u00e3o de crise. Com foco no mercado financeiro e no setor agropecu\u00e1rio, desenvolve conte\u00fados estrat\u00e9gicos e especializados para m\u00faltiplas plataformas, unindo an\u00e1lise de investimentos e neg\u00f3cios","url":"https:\/\/www.suno.com.br\/noticias\/author\/mairaftellesgmail-com\/"}]}},"default_loop_html":"<div class=\"cardsPage__listCard__boxs\"><div class=\"cardsPage__listCard__boxs__img\"><a href=\"https:\/\/www.suno.com.br\/noticias\/ibovespa-estavel-feriado-eua-tensao-groenlandia-mt\/\"><img class=\"mask\" src=\"https:\/\/www.suno.com.br\/noticias\/wp-content\/themes\/suno\/resources\/images\/spotlight\/spotlight1img\/bg-mask.png\" alt=\"Image Mask\"\/><img src=\"https:\/\/files.sunoresearch.com.br\/n\/uploads\/2025\/11\/ff569066-bolsas-jpg-400x200.webp\" alt=\"Ibovespa tem in\u00edcio de semana est\u00e1vel apesar de tens\u00e3o geopol\u00edtica\"\/><\/a><span class=\"spotlightCategory\"><a href=\"https:\/\/www.suno.com.br\/noticias\/negocios\/\">Neg\u00f3cios<\/a><\/span><\/div><div class=\"cardsPage__listCard__boxs__content\"><a href=\"https:\/\/www.suno.com.br\/noticias\/ibovespa-estavel-feriado-eua-tensao-groenlandia-mt\/\"><h2 class=\"content__title\">Ibovespa tem in\u00edcio de semana est\u00e1vel apesar de tens\u00e3o geopol\u00edtica<\/h2><\/a><div class=\"newsContent__article__meta\"><div class=\"newsContent__article__meta__authorBox\"><a href=\"https:\/\/www.suno.com.br\/noticias\/author\/mairaftellesgmail-com\/\" class=\"authorBox__avatar noMobi\"><img src=\"https:\/\/secure.gravatar.com\/avatar\/8d13691eab6abc1d1050b62a4c2a6116?s=96&#038;r=g\" alt=\"Ma\u00edra Telles\"><\/a><div class=\"authorBox__name\"><span>por\n\t\t\t<a href=\"https:\/\/www.suno.com.br\/noticias\/author\/mairaftellesgmail-com\/\"><span itemprop=\"author\">Ma\u00edra Telles<\/span><\/a><\/span><time datetime=\"2026-01-19T19:47:09-03:00\" itemprop=\"datePublished\">19\/01\/2026 19:47<\/time><\/div><\/div><\/div><\/div><\/div>","single_layout":"posts","amp_enabled":true,"_links":{"self":[{"href":"https:\/\/www.suno.com.br\/noticias\/wp-json\/wp\/v2\/posts\/638997"}],"collection":[{"href":"https:\/\/www.suno.com.br\/noticias\/wp-json\/wp\/v2\/posts"}],"about":[{"href":"https:\/\/www.suno.com.br\/noticias\/wp-json\/wp\/v2\/types\/post"}],"author":[{"embeddable":true,"href":"https:\/\/www.suno.com.br\/noticias\/wp-json\/wp\/v2\/users\/402"}],"replies":[{"embeddable":true,"href":"https:\/\/www.suno.com.br\/noticias\/wp-json\/wp\/v2\/comments?post=638997"}],"version-history":[{"count":1,"href":"https:\/\/www.suno.com.br\/noticias\/wp-json\/wp\/v2\/posts\/638997\/revisions"}],"predecessor-version":[{"id":639008,"href":"https:\/\/www.suno.com.br\/noticias\/wp-json\/wp\/v2\/posts\/638997\/revisions\/639008"}],"wp:featuredmedia":[{"embeddable":true,"href":"https:\/\/www.suno.com.br\/noticias\/wp-json\/wp\/v2\/media\/632914"}],"wp:attachment":[{"href":"https:\/\/www.suno.com.br\/noticias\/wp-json\/wp\/v2\/media?parent=638997"}],"wp:term":[{"taxonomy":"category","embeddable":true,"href":"https:\/\/www.suno.com.br\/noticias\/wp-json\/wp\/v2\/categories?post=638997"},{"taxonomy":"post_tag","embeddable":true,"href":"https:\/\/www.suno.com.br\/noticias\/wp-json\/wp\/v2\/tags?post=638997"},{"taxonomy":"suno_strategy","embeddable":true,"href":"https:\/\/www.suno.com.br\/noticias\/wp-json\/wp\/v2\/suno_strategy?post=638997"}],"curies":[{"name":"wp","href":"https:\/\/api.w.org\/{rel}","templated":true}]}}