{"id":638950,"date":"2026-01-19T16:15:51","date_gmt":"2026-01-19T19:15:51","guid":{"rendered":"https:\/\/www.suno.com.br\/noticias\/?p=638950"},"modified":"2026-01-19T16:15:54","modified_gmt":"2026-01-19T19:15:54","slug":"mercado-americano-ciclo-etf-global-investo-gss","status":"publish","type":"post","link":"https:\/\/www.suno.com.br\/noticias\/mercado-americano-ciclo-etf-global-investo-gss\/","title":{"rendered":"Mercado americano tem melhor ciclo em 3 anos e ETF global vira op\u00e7\u00e3o"},"content":{"rendered":"<p>O mercado acion\u00e1rio dos Estados Unidos est\u00e1 atravessando um dos ciclos mais fortes de sua hist\u00f3ria recente. Nos \u00faltimos tr\u00eas anos, o <a class=\"suno-keyword\" target=\"_blank\" data-force=\"no\" data-priority=\"3\" href=\"https:\/\/www.suno.com.br\/artigos\/sp-500\/\" rel=\"noopener\">S&amp;P 500<\/a> acumulou valoriza\u00e7\u00e3o pr\u00f3xima a 90% em d\u00f3lares, figurando entre os melhores desempenhos trienais desde a d\u00e9cada de 1940, o que faz com que o investidor brasileiro considere cada vez mais um <strong>ETF global<\/strong> como op\u00e7\u00e3o para o portf\u00f3lio.<\/p>\t<div class=\"wrapper-featured-image\">\n\t\t<figure class=\"spotlightImg\">\n\n\t\t\t<picture>\n\t\t\t\t<source media=\"(max-width: 768px)\" srcset=\"https:\/\/files.sunoresearch.com.br\/n\/uploads\/2026\/01\/usa-2661656_1280-400x200.webp\">\n\t\t\t\t<img loading=\"lazy\" decoding=\"async\" class=\"newsContent__article__imgCapa lazyloadDisabled \" src=\"https:\/\/files.sunoresearch.com.br\/n\/uploads\/2026\/01\/usa-2661656_1280-800x450.webp\" width=\"800\" height=\"450\" alt=\"Mercado americano tem melhor ciclo em 3 anos e ETF global vira op\u00e7\u00e3o\" fetchpriority=high \/>\n\t\t\t<\/picture>\n\n\t\t\t<figcaption class=\"wp-caption-text wp-caption-text--show\">Foto: Pixabay<\/figcaption>\n\t\t<\/figure>\n\t<\/div>\n\n\n\n\n\n\t<p>\n\t\t<a href=\"https:\/\/lp.suno.com.br\/planilha-da-vida-financeira\/\" target=\"_blank\" data-element=\"shortcode-suno-banner\" title=\"Banner SUNO, clique e saiba mais\">\n\t\t\t<picture>\n\t\t\t\t<source media=\"(max-width: 500px)\" srcset=\"https:\/\/files.sunoresearch.com.br\/n\/uploads\/2023\/04\/400x300-Planilha-vida-financeira-true.png\">\n\t\t\t\t<img class=\"newsContent__article__imgCapa newsContent__article__imgCapa--banner\"\n\t\t\t\t\tsrc=\"https:\/\/files.sunoresearch.com.br\/n\/uploads\/2023\/04\/1420x240-Planilha-vida-financeira-true.png\"\n\t\t\t\t\tdata-promo-id=\"106682\"\t\t\t\t\t\t\t\t\t\twidth='1420' height='240'\t\t\t\t\talt=\"https:\/\/files.sunoresearch.com.br\/n\/uploads\/2023\/04\/1420x240-Planilha-vida-financeira-true.png\"\n\t\t\t\t>\n\t\t\t<\/picture>\n\t\t<\/a>\n\t<\/p>\n\n\n\n\n\n<p>Em 2023, o <strong>S&amp;P 500<\/strong>, \u00edndice que re\u00fane as 500 principais <strong>a\u00e7\u00f5es dos Estados Unidos<\/strong>, avan\u00e7ou cerca de 24%, seguido por uma alta pr\u00f3xima de 23% em 2024 e mais 16% em 2025. E em todos esses anos, a lideran\u00e7a do mercado foi menos concentrada do que em ciclos anteriores.<\/p>\n\n\n\n<p>No ano passado, por exemplo, apenas duas das chamadas \u201csete magn\u00edficas\u201d (Nvidia e Google) conseguiram superar o <strong>desempenho do S&amp;P 500<\/strong>, mostrando que a sele\u00e7\u00e3o de vencedores individuais se tornou mais complexa em um mercado j\u00e1 bastante valorizado.<\/p>\n\n\n\n<h2 class=\"wp-block-heading\">Como aproveitar essa tend\u00eancia?<\/h2>\n\n\n\n<p>Diante desse cen\u00e1rio, cresce o interesse por produtos que ofercem exposi\u00e7\u00e3o ao <strong>mercado dos Estados Unidos<\/strong> de forma ampla e eficiente, sem a necessidade de escolher a\u00e7\u00f5es espec\u00edficas. \u00c9 nesse contexto que <strong>ETFs globais<\/strong> atrelados ao S&amp;P 500 voltam ao radar do investidor brasileiro.<\/p>\n\n\n\n<p>Um dos exemplos \u00e9 o <strong>GPUS11<\/strong>, <strong>ETF da Investo<\/strong> listado na B3 que replica o <strong>Vanguard S&amp;P 500 UCITS ETF <\/strong>(VUAA), negociado na bolsa de Londres e domiciliado na Irlanda. <\/p>\n\n\n\n<p>O fundo investido conta com mais de US$ 79 bilh\u00f5es sob gest\u00e3o e oferece aos investidores uma forma pr\u00e1tica e acess\u00edvel de acompanhar o desempenho do <strong>\u00edndice S&amp;P 500<\/strong>. Entre as maiores posi\u00e7\u00f5es da carteira est\u00e3o Apple, Microsoft, NVIDIA, Amazon, Meta, <a class=\"suno-keyword\" target=\"_blank\" data-force=\"no\" data-priority=\"2\" href=\"https:\/\/www.suno.com.br\/artigos\/berkshire-hathaway\/\" rel=\"noopener\">Berkshire Hathaway<\/a>, Google, Broadcom e Tesla.<\/p>\n\n\n\n<p>Al\u00e9m disso, a estrutura do <strong>ETF global da Investo<\/strong> chama aten\u00e7\u00e3o por alguns outros diferenciais diferenciais relevantes.<\/p>\n\n\n\n<p>O primeiro deles \u00e9 a efici\u00eancia tribut\u00e1ria. ETFs domiciliados na Irlanda sofrem reten\u00e7\u00e3o de 15% sobre os <a class=\"suno-keyword\" target=\"_blank\" data-force=\"no\" data-priority=\"1\" href=\"https:\/\/www.suno.com.br\/guias\/dividendos\/\" rel=\"noopener\">dividendos<\/a> pagos pelas empresas do portf\u00f3lio, enquanto produtos sediados diretamente nos Estados Unidos est\u00e3o sujeitos a uma al\u00edquota de 30%. Na pr\u00e1tica, isso significa maior reten\u00e7\u00e3o de retorno ao longo do tempo, especialmente para investidores com horizonte de <a class=\"suno-keyword\" target=\"_blank\" data-force=\"no\" data-priority=\"1\" href=\"https:\/\/www.suno.com.br\/artigos\/longo-prazo\/\" rel=\"noopener\">longo prazo<\/a>.<\/p>\n\n\n\n<p>Outro ponto \u00e9 a diversifica\u00e7\u00e3o. O ETF oferece exposi\u00e7\u00e3o direta \u00e0s 500 maiores empresas dos Estados Unidos, incluindo setores como tecnologia, sa\u00fade, consumo, financeiro e industria, sem depender da performance de um grupo restrito de companhias. Em um mercado cada vez mais amplo e menos concentrado em poucos vencedores, essa caracter\u00edstica ganha relev\u00e2ncia.<\/p>\n\n\n\n<p>Por fim, o custo tamb\u00e9m entra na conta. A taxa global do ETF da <strong>Investo<\/strong> \u00e9 de 0,18% ao ano, patamar considerado competitivo quando comparado a outras alternativas internacionais de exposi\u00e7\u00e3o ao S&amp;P 500.<\/p>\n\n\n\n<h2 class=\"wp-block-heading\">Exposi\u00e7\u00e3o ao mercado americano como estrat\u00e9gia <\/h2>\n\n\n\n<p>O forte ciclo recente do mercado americano n\u00e3o elimina riscos nem garante retornos futuros no mesmo ritmo, mas refor\u00e7a o papel estrutural dos Estados Unidos como principal polo de gera\u00e7\u00e3o de valor do mercado acion\u00e1rio global. <\/p>\n\n\n\n<p>Para o investidor brasileiro, instrumentos como um <strong>ETF global<\/strong> permitem participar desse movimento de forma disciplinada, diversificada e com menor depend\u00eancia de decis\u00f5es t\u00e1ticas de <a class=\"suno-keyword\" target=\"_blank\" data-force=\"no\" data-priority=\"1\" href=\"https:\/\/www.suno.com.br\/artigos\/curto-prazo\/\" rel=\"noopener\">curto prazo<\/a>. Em um ambiente em que tentar prever corre\u00e7\u00f5es se mostra cada vez mais dif\u00edcil, a exposi\u00e7\u00e3o cont\u00ednua a mercados maduros volta a se consolidar como uma estrat\u00e9gia central de constru\u00e7\u00e3o de patrim\u00f4nio no longo prazo.<\/p>\n\n\n\n\n\t<p>\n\t\t<a href=\"https:\/\/lp.suno.com.br\/planilha-da-vida-financeira\/\" target=\"_blank\" data-element=\"shortcode-suno-banner\" title=\"Banner SUNO, clique e saiba mais\">\n\t\t\t<picture>\n\t\t\t\t<source media=\"(max-width: 500px)\" srcset=\"https:\/\/files.sunoresearch.com.br\/n\/uploads\/2023\/04\/400x300-Planilha-vida-financeira-true.png\">\n\t\t\t\t<img class=\"newsContent__article__imgCapa newsContent__article__imgCapa--banner\"\n\t\t\t\t\tsrc=\"https:\/\/files.sunoresearch.com.br\/n\/uploads\/2023\/04\/1420x240-Planilha-vida-financeira-true.png\"\n\t\t\t\t\tdata-promo-id=\"383123\"\t\t\t\t\t\t\t\t\t\twidth='1420' height='240'\t\t\t\t\talt=\"https:\/\/files.sunoresearch.com.br\/n\/uploads\/2023\/04\/1420x240-Planilha-vida-financeira-true.png\"\n\t\t\t\t>\n\t\t\t<\/picture>\n\t\t<\/a>\n\t<\/p>\n\n\n","protected":false},"excerpt":{"rendered":"<p>O mercado acion\u00e1rio dos Estados Unidos est\u00e1 atravessando um dos ciclos mais fortes de sua hist\u00f3ria recente. Nos \u00faltimos tr\u00eas anos, o S&amp;P 500 acumulou valoriza\u00e7\u00e3o pr\u00f3xima a 90% em d\u00f3lares, figurando entre os melhores desempenhos trienais desde a d\u00e9cada de 1940, o que faz com que o investidor brasileiro considere cada vez mais um [&hellip;]<\/p>\n","protected":false},"author":322,"featured_media":638953,"comment_status":"closed","ping_status":"closed","sticky":false,"template":"","format":"standard","meta":[],"categories":[64],"tags":[1270],"suno_strategy":[],"class_list":["post-638950","post","type-post","status-publish","format-standard","has-post-thumbnail","hentry","category-negocios","tag-etfs"],"yoast_head":"<!-- This site is optimized with the Yoast SEO plugin v24.4 - https:\/\/yoast.com\/wordpress\/plugins\/seo\/ -->\n<title>Mercado americano tem melhor ciclo em 3 anos e ETF global vira op\u00e7\u00e3o<\/title>\n<meta name=\"description\" content=\"O mercado americano vive um dos melhores ciclos de sua hist\u00f3ria recente; saiba como aproveitar essa tend\u00eancia por meio de um ETF Global.\" \/>\n<meta name=\"robots\" content=\"index, follow, max-snippet:-1, max-image-preview:large, max-video-preview:-1\" \/>\n<link rel=\"canonical\" href=\"https:\/\/www.suno.com.br\/noticias\/mercado-americano-ciclo-etf-global-investo-gss\/\" \/>\n<meta property=\"og:locale\" content=\"pt_BR\" \/>\n<meta property=\"og:type\" content=\"article\" \/>\n<meta property=\"og:title\" content=\"Mercado americano tem melhor ciclo em 3 anos e ETF global vira op\u00e7\u00e3o\" \/>\n<meta property=\"og:description\" content=\"O mercado americano vive um dos melhores ciclos de sua hist\u00f3ria recente; saiba como aproveitar essa tend\u00eancia por meio de um ETF Global.\" \/>\n<meta property=\"og:url\" content=\"https:\/\/www.suno.com.br\/noticias\/mercado-americano-ciclo-etf-global-investo-gss\/\" \/>\n<meta property=\"og:site_name\" content=\"Suno Not\u00edcias\" \/>\n<meta property=\"article:publisher\" content=\"https:\/\/facebook.com\/sunoresearch\" \/>\n<meta property=\"og:image\" content=\"https:\/\/files.sunoresearch.com.br\/n\/uploads\/2026\/01\/usa-2661656_1280-jpg.webp\" \/>\n\t<meta property=\"og:image:width\" content=\"1280\" \/>\n\t<meta property=\"og:image:height\" content=\"925\" \/>\n\t<meta property=\"og:image:type\" content=\"image\/jpeg\" \/>\n<meta name=\"author\" content=\"Guilherme Serrano Silva\" \/>\n<meta name=\"twitter:card\" content=\"summary_large_image\" \/>\n<meta name=\"twitter:creator\" content=\"@sunoresearch\" \/>\n<meta name=\"twitter:site\" content=\"@sunoresearch\" \/>\n<meta name=\"twitter:label1\" content=\"Escrito por\" \/>\n\t<meta name=\"twitter:data1\" content=\"Guilherme Serrano Silva\" \/>\n\t<meta name=\"twitter:label2\" content=\"Est. tempo de leitura\" \/>\n\t<meta name=\"twitter:data2\" content=\"4 minutos\" \/>\n<script type=\"application\/ld+json\" class=\"yoast-schema-graph\">{\"@context\":\"https:\/\/schema.org\",\"@graph\":[{\"@type\":\"NewsArticle\",\"@id\":\"https:\/\/www.suno.com.br\/noticias\/mercado-americano-ciclo-etf-global-investo-gss\/#article\",\"isPartOf\":{\"@id\":\"https:\/\/www.suno.com.br\/noticias\/mercado-americano-ciclo-etf-global-investo-gss\/\"},\"author\":{\"name\":\"Guilherme Serrano Silva\",\"@id\":\"https:\/\/www.suno.com.br\/noticias\/#\/schema\/person\/4a72de8e10febe6d8a50711404b010b3\"},\"headline\":\"Mercado americano tem melhor ciclo em 3 anos e ETF global vira op\u00e7\u00e3o\",\"datePublished\":\"2026-01-19T19:15:51+00:00\",\"dateModified\":\"2026-01-19T19:15:54+00:00\",\"mainEntityOfPage\":{\"@id\":\"https:\/\/www.suno.com.br\/noticias\/mercado-americano-ciclo-etf-global-investo-gss\/\"},\"wordCount\":607,\"publisher\":{\"@id\":\"https:\/\/www.suno.com.br\/noticias\/#organization\"},\"image\":{\"@id\":\"https:\/\/www.suno.com.br\/noticias\/mercado-americano-ciclo-etf-global-investo-gss\/#primaryimage\"},\"thumbnailUrl\":\"https:\/\/files.sunoresearch.com.br\/n\/uploads\/2026\/01\/usa-2661656_1280-jpg.webp\",\"keywords\":[\"ETFs\"],\"articleSection\":[\"Neg\u00f3cios\"],\"inLanguage\":\"pt-BR\"},{\"@type\":\"WebPage\",\"@id\":\"https:\/\/www.suno.com.br\/noticias\/mercado-americano-ciclo-etf-global-investo-gss\/\",\"url\":\"https:\/\/www.suno.com.br\/noticias\/mercado-americano-ciclo-etf-global-investo-gss\/\",\"name\":\"Mercado americano tem melhor ciclo em 3 anos e ETF global vira op\u00e7\u00e3o\",\"isPartOf\":{\"@id\":\"https:\/\/www.suno.com.br\/noticias\/#website\"},\"primaryImageOfPage\":{\"@id\":\"https:\/\/www.suno.com.br\/noticias\/mercado-americano-ciclo-etf-global-investo-gss\/#primaryimage\"},\"image\":{\"@id\":\"https:\/\/www.suno.com.br\/noticias\/mercado-americano-ciclo-etf-global-investo-gss\/#primaryimage\"},\"thumbnailUrl\":\"https:\/\/files.sunoresearch.com.br\/n\/uploads\/2026\/01\/usa-2661656_1280-jpg.webp\",\"datePublished\":\"2026-01-19T19:15:51+00:00\",\"dateModified\":\"2026-01-19T19:15:54+00:00\",\"description\":\"O mercado americano vive um dos melhores ciclos de sua hist\u00f3ria recente; saiba como aproveitar essa tend\u00eancia por meio de um ETF Global.\",\"breadcrumb\":{\"@id\":\"https:\/\/www.suno.com.br\/noticias\/mercado-americano-ciclo-etf-global-investo-gss\/#breadcrumb\"},\"inLanguage\":\"pt-BR\",\"potentialAction\":[{\"@type\":\"ReadAction\",\"target\":[\"https:\/\/www.suno.com.br\/noticias\/mercado-americano-ciclo-etf-global-investo-gss\/\"]}]},{\"@type\":\"ImageObject\",\"inLanguage\":\"pt-BR\",\"@id\":\"https:\/\/www.suno.com.br\/noticias\/mercado-americano-ciclo-etf-global-investo-gss\/#primaryimage\",\"url\":\"https:\/\/files.sunoresearch.com.br\/n\/uploads\/2026\/01\/usa-2661656_1280-jpg.webp\",\"contentUrl\":\"https:\/\/files.sunoresearch.com.br\/n\/uploads\/2026\/01\/usa-2661656_1280-jpg.webp\",\"width\":1280,\"height\":925,\"caption\":\"Foto: Pixabay\"},{\"@type\":\"BreadcrumbList\",\"@id\":\"https:\/\/www.suno.com.br\/noticias\/mercado-americano-ciclo-etf-global-investo-gss\/#breadcrumb\",\"itemListElement\":[{\"@type\":\"ListItem\",\"position\":1,\"name\":\"Not\u00edcias\",\"item\":\"https:\/\/www.suno.com.br\/noticias\/\"},{\"@type\":\"ListItem\",\"position\":2,\"name\":\"Neg\u00f3cios\",\"item\":\"https:\/\/www.suno.com.br\/noticias\/negocios\/\"},{\"@type\":\"ListItem\",\"position\":3,\"name\":\"Mercado americano tem melhor ciclo em 3 anos e ETF global vira op\u00e7\u00e3o\"}]},{\"@type\":\"WebSite\",\"@id\":\"https:\/\/www.suno.com.br\/noticias\/#website\",\"url\":\"https:\/\/www.suno.com.br\/noticias\/\",\"name\":\"Suno Not\u00edcias\",\"description\":\"Seu portal de informa\u00e7\u00e3o sobre o mundo dos investimentos\",\"publisher\":{\"@id\":\"https:\/\/www.suno.com.br\/noticias\/#organization\"},\"potentialAction\":[{\"@type\":\"SearchAction\",\"target\":{\"@type\":\"EntryPoint\",\"urlTemplate\":\"https:\/\/www.suno.com.br\/noticias\/?s={search_term_string}\"},\"query-input\":{\"@type\":\"PropertyValueSpecification\",\"valueRequired\":true,\"valueName\":\"search_term_string\"}}],\"inLanguage\":\"pt-BR\"},{\"@type\":\"Organization\",\"@id\":\"https:\/\/www.suno.com.br\/noticias\/#organization\",\"name\":\"Suno Not\u00edcias\",\"url\":\"https:\/\/www.suno.com.br\/noticias\/\",\"logo\":{\"@type\":\"ImageObject\",\"inLanguage\":\"pt-BR\",\"@id\":\"https:\/\/www.suno.com.br\/noticias\/#\/schema\/logo\/image\/\",\"url\":\"https:\/\/files.sunoresearch.com.br\/n\/uploads\/2021\/09\/suno-logo.png\",\"contentUrl\":\"https:\/\/files.sunoresearch.com.br\/n\/uploads\/2021\/09\/suno-logo.png\",\"width\":180,\"height\":180,\"caption\":\"Suno Not\u00edcias\"},\"image\":{\"@id\":\"https:\/\/www.suno.com.br\/noticias\/#\/schema\/logo\/image\/\"},\"sameAs\":[\"https:\/\/facebook.com\/sunoresearch\",\"https:\/\/x.com\/sunoresearch\",\"https:\/\/www.instagram.com\/suno\",\"https:\/\/www.linkedin.com\/company\/suno-research\/\",\"https:\/\/www.youtube.com\/c\/sunoresearch\"]},{\"@type\":\"Person\",\"@id\":\"https:\/\/www.suno.com.br\/noticias\/#\/schema\/person\/4a72de8e10febe6d8a50711404b010b3\",\"name\":\"Guilherme Serrano Silva\",\"image\":{\"@type\":\"ImageObject\",\"inLanguage\":\"pt-BR\",\"@id\":\"https:\/\/www.suno.com.br\/noticias\/#\/schema\/person\/image\/\",\"url\":\"https:\/\/secure.gravatar.com\/avatar\/aba5eb082d0443f542e94a82c79e9d50?s=96&r=g\",\"contentUrl\":\"https:\/\/secure.gravatar.com\/avatar\/aba5eb082d0443f542e94a82c79e9d50?s=96&r=g\",\"caption\":\"Guilherme Serrano Silva\"},\"description\":\"Jornalista formado pela Faculdade C\u00e1sper L\u00edbero e p\u00f3s-graduado em Can\u00e7\u00e3o Popular pela Faculdade Santa Marcelina. Passagens por R\u00e1dio Gazeta AM, gazetaesportiva.com e TC R\u00e1dio.\",\"url\":\"https:\/\/www.suno.com.br\/noticias\/author\/guilhermeserranosilvagmail-com\/\"}]}<\/script>\n<!-- \/ Yoast SEO plugin. -->","yoast_head_json":{"title":"Mercado americano tem melhor ciclo em 3 anos e ETF global vira op\u00e7\u00e3o","description":"O mercado americano vive um dos melhores ciclos de sua hist\u00f3ria recente; saiba como aproveitar essa tend\u00eancia por meio de um ETF Global.","robots":{"index":"index","follow":"follow","max-snippet":"max-snippet:-1","max-image-preview":"max-image-preview:large","max-video-preview":"max-video-preview:-1"},"canonical":"https:\/\/www.suno.com.br\/noticias\/mercado-americano-ciclo-etf-global-investo-gss\/","og_locale":"pt_BR","og_type":"article","og_title":"Mercado americano tem melhor ciclo em 3 anos e ETF global vira op\u00e7\u00e3o","og_description":"O mercado americano vive um dos melhores ciclos de sua hist\u00f3ria recente; saiba como aproveitar essa tend\u00eancia por meio de um ETF Global.","og_url":"https:\/\/www.suno.com.br\/noticias\/mercado-americano-ciclo-etf-global-investo-gss\/","og_site_name":"Suno Not\u00edcias","article_publisher":"https:\/\/facebook.com\/sunoresearch","og_image":[{"width":1280,"height":925,"url":"https:\/\/files.sunoresearch.com.br\/n\/uploads\/2026\/01\/usa-2661656_1280-jpg.webp","type":"image\/jpeg"}],"author":"Guilherme Serrano Silva","twitter_card":"summary_large_image","twitter_creator":"@sunoresearch","twitter_site":"@sunoresearch","twitter_misc":{"Escrito por":"Guilherme Serrano Silva","Est. tempo de leitura":"4 minutos"},"schema":{"@context":"https:\/\/schema.org","@graph":[{"@type":"NewsArticle","@id":"https:\/\/www.suno.com.br\/noticias\/mercado-americano-ciclo-etf-global-investo-gss\/#article","isPartOf":{"@id":"https:\/\/www.suno.com.br\/noticias\/mercado-americano-ciclo-etf-global-investo-gss\/"},"author":{"name":"Guilherme Serrano Silva","@id":"https:\/\/www.suno.com.br\/noticias\/#\/schema\/person\/4a72de8e10febe6d8a50711404b010b3"},"headline":"Mercado americano tem melhor ciclo em 3 anos e ETF global vira op\u00e7\u00e3o","datePublished":"2026-01-19T19:15:51+00:00","dateModified":"2026-01-19T19:15:54+00:00","mainEntityOfPage":{"@id":"https:\/\/www.suno.com.br\/noticias\/mercado-americano-ciclo-etf-global-investo-gss\/"},"wordCount":607,"publisher":{"@id":"https:\/\/www.suno.com.br\/noticias\/#organization"},"image":{"@id":"https:\/\/www.suno.com.br\/noticias\/mercado-americano-ciclo-etf-global-investo-gss\/#primaryimage"},"thumbnailUrl":"https:\/\/files.sunoresearch.com.br\/n\/uploads\/2026\/01\/usa-2661656_1280-jpg.webp","keywords":["ETFs"],"articleSection":["Neg\u00f3cios"],"inLanguage":"pt-BR"},{"@type":"WebPage","@id":"https:\/\/www.suno.com.br\/noticias\/mercado-americano-ciclo-etf-global-investo-gss\/","url":"https:\/\/www.suno.com.br\/noticias\/mercado-americano-ciclo-etf-global-investo-gss\/","name":"Mercado americano tem melhor ciclo em 3 anos e ETF global vira op\u00e7\u00e3o","isPartOf":{"@id":"https:\/\/www.suno.com.br\/noticias\/#website"},"primaryImageOfPage":{"@id":"https:\/\/www.suno.com.br\/noticias\/mercado-americano-ciclo-etf-global-investo-gss\/#primaryimage"},"image":{"@id":"https:\/\/www.suno.com.br\/noticias\/mercado-americano-ciclo-etf-global-investo-gss\/#primaryimage"},"thumbnailUrl":"https:\/\/files.sunoresearch.com.br\/n\/uploads\/2026\/01\/usa-2661656_1280-jpg.webp","datePublished":"2026-01-19T19:15:51+00:00","dateModified":"2026-01-19T19:15:54+00:00","description":"O mercado americano vive um dos melhores ciclos de sua hist\u00f3ria recente; saiba como aproveitar essa tend\u00eancia por meio de um ETF Global.","breadcrumb":{"@id":"https:\/\/www.suno.com.br\/noticias\/mercado-americano-ciclo-etf-global-investo-gss\/#breadcrumb"},"inLanguage":"pt-BR","potentialAction":[{"@type":"ReadAction","target":["https:\/\/www.suno.com.br\/noticias\/mercado-americano-ciclo-etf-global-investo-gss\/"]}]},{"@type":"ImageObject","inLanguage":"pt-BR","@id":"https:\/\/www.suno.com.br\/noticias\/mercado-americano-ciclo-etf-global-investo-gss\/#primaryimage","url":"https:\/\/files.sunoresearch.com.br\/n\/uploads\/2026\/01\/usa-2661656_1280-jpg.webp","contentUrl":"https:\/\/files.sunoresearch.com.br\/n\/uploads\/2026\/01\/usa-2661656_1280-jpg.webp","width":1280,"height":925,"caption":"Foto: Pixabay"},{"@type":"BreadcrumbList","@id":"https:\/\/www.suno.com.br\/noticias\/mercado-americano-ciclo-etf-global-investo-gss\/#breadcrumb","itemListElement":[{"@type":"ListItem","position":1,"name":"Not\u00edcias","item":"https:\/\/www.suno.com.br\/noticias\/"},{"@type":"ListItem","position":2,"name":"Neg\u00f3cios","item":"https:\/\/www.suno.com.br\/noticias\/negocios\/"},{"@type":"ListItem","position":3,"name":"Mercado americano tem melhor ciclo em 3 anos e ETF global vira op\u00e7\u00e3o"}]},{"@type":"WebSite","@id":"https:\/\/www.suno.com.br\/noticias\/#website","url":"https:\/\/www.suno.com.br\/noticias\/","name":"Suno Not\u00edcias","description":"Seu portal de informa\u00e7\u00e3o sobre o mundo dos investimentos","publisher":{"@id":"https:\/\/www.suno.com.br\/noticias\/#organization"},"potentialAction":[{"@type":"SearchAction","target":{"@type":"EntryPoint","urlTemplate":"https:\/\/www.suno.com.br\/noticias\/?s={search_term_string}"},"query-input":{"@type":"PropertyValueSpecification","valueRequired":true,"valueName":"search_term_string"}}],"inLanguage":"pt-BR"},{"@type":"Organization","@id":"https:\/\/www.suno.com.br\/noticias\/#organization","name":"Suno Not\u00edcias","url":"https:\/\/www.suno.com.br\/noticias\/","logo":{"@type":"ImageObject","inLanguage":"pt-BR","@id":"https:\/\/www.suno.com.br\/noticias\/#\/schema\/logo\/image\/","url":"https:\/\/files.sunoresearch.com.br\/n\/uploads\/2021\/09\/suno-logo.png","contentUrl":"https:\/\/files.sunoresearch.com.br\/n\/uploads\/2021\/09\/suno-logo.png","width":180,"height":180,"caption":"Suno Not\u00edcias"},"image":{"@id":"https:\/\/www.suno.com.br\/noticias\/#\/schema\/logo\/image\/"},"sameAs":["https:\/\/facebook.com\/sunoresearch","https:\/\/x.com\/sunoresearch","https:\/\/www.instagram.com\/suno","https:\/\/www.linkedin.com\/company\/suno-research\/","https:\/\/www.youtube.com\/c\/sunoresearch"]},{"@type":"Person","@id":"https:\/\/www.suno.com.br\/noticias\/#\/schema\/person\/4a72de8e10febe6d8a50711404b010b3","name":"Guilherme Serrano Silva","image":{"@type":"ImageObject","inLanguage":"pt-BR","@id":"https:\/\/www.suno.com.br\/noticias\/#\/schema\/person\/image\/","url":"https:\/\/secure.gravatar.com\/avatar\/aba5eb082d0443f542e94a82c79e9d50?s=96&r=g","contentUrl":"https:\/\/secure.gravatar.com\/avatar\/aba5eb082d0443f542e94a82c79e9d50?s=96&r=g","caption":"Guilherme Serrano Silva"},"description":"Jornalista formado pela Faculdade C\u00e1sper L\u00edbero e p\u00f3s-graduado em Can\u00e7\u00e3o Popular pela Faculdade Santa Marcelina. Passagens por R\u00e1dio Gazeta AM, gazetaesportiva.com e TC R\u00e1dio.","url":"https:\/\/www.suno.com.br\/noticias\/author\/guilhermeserranosilvagmail-com\/"}]}},"default_loop_html":"<div class=\"cardsPage__listCard__boxs\"><div class=\"cardsPage__listCard__boxs__img\"><a href=\"https:\/\/www.suno.com.br\/noticias\/mercado-americano-ciclo-etf-global-investo-gss\/\"><img class=\"mask\" src=\"https:\/\/www.suno.com.br\/noticias\/wp-content\/themes\/suno\/resources\/images\/spotlight\/spotlight1img\/bg-mask.png\" alt=\"Image Mask\"\/><img src=\"https:\/\/files.sunoresearch.com.br\/n\/uploads\/2026\/01\/usa-2661656_1280-400x200.webp\" alt=\"Mercado americano tem melhor ciclo em 3 anos e ETF global vira op\u00e7\u00e3o\"\/><\/a><span class=\"spotlightCategory\"><a href=\"https:\/\/www.suno.com.br\/noticias\/negocios\/\">Neg\u00f3cios<\/a><\/span><\/div><div class=\"cardsPage__listCard__boxs__content\"><a href=\"https:\/\/www.suno.com.br\/noticias\/mercado-americano-ciclo-etf-global-investo-gss\/\"><h2 class=\"content__title\">Mercado americano tem melhor ciclo em 3 anos e ETF global vira op\u00e7\u00e3o<\/h2><\/a><div class=\"newsContent__article__meta\"><div class=\"newsContent__article__meta__authorBox\"><a href=\"https:\/\/www.suno.com.br\/noticias\/author\/guilhermeserranosilvagmail-com\/\" class=\"authorBox__avatar noMobi\"><img src=\"https:\/\/files.sunoresearch.com.br\/n\/uploads\/2023\/09\/WhatsApp-Image-2023-09-05-at-11.02.17-150x150.jpeg\" alt=\"Guilherme Serrano Silva\"><\/a><div class=\"authorBox__name\"><span>por\n\t\t\t<a href=\"https:\/\/www.suno.com.br\/noticias\/author\/guilhermeserranosilvagmail-com\/\"><span itemprop=\"author\">Guilherme Serrano Silva<\/span><\/a><\/span><time datetime=\"2026-01-19T16:15:51-03:00\" itemprop=\"datePublished\">19\/01\/2026 16:15<\/time><\/div><\/div><\/div><\/div><\/div>","single_layout":"posts","amp_enabled":true,"_links":{"self":[{"href":"https:\/\/www.suno.com.br\/noticias\/wp-json\/wp\/v2\/posts\/638950"}],"collection":[{"href":"https:\/\/www.suno.com.br\/noticias\/wp-json\/wp\/v2\/posts"}],"about":[{"href":"https:\/\/www.suno.com.br\/noticias\/wp-json\/wp\/v2\/types\/post"}],"author":[{"embeddable":true,"href":"https:\/\/www.suno.com.br\/noticias\/wp-json\/wp\/v2\/users\/322"}],"replies":[{"embeddable":true,"href":"https:\/\/www.suno.com.br\/noticias\/wp-json\/wp\/v2\/comments?post=638950"}],"version-history":[{"count":2,"href":"https:\/\/www.suno.com.br\/noticias\/wp-json\/wp\/v2\/posts\/638950\/revisions"}],"predecessor-version":[{"id":638960,"href":"https:\/\/www.suno.com.br\/noticias\/wp-json\/wp\/v2\/posts\/638950\/revisions\/638960"}],"wp:featuredmedia":[{"embeddable":true,"href":"https:\/\/www.suno.com.br\/noticias\/wp-json\/wp\/v2\/media\/638953"}],"wp:attachment":[{"href":"https:\/\/www.suno.com.br\/noticias\/wp-json\/wp\/v2\/media?parent=638950"}],"wp:term":[{"taxonomy":"category","embeddable":true,"href":"https:\/\/www.suno.com.br\/noticias\/wp-json\/wp\/v2\/categories?post=638950"},{"taxonomy":"post_tag","embeddable":true,"href":"https:\/\/www.suno.com.br\/noticias\/wp-json\/wp\/v2\/tags?post=638950"},{"taxonomy":"suno_strategy","embeddable":true,"href":"https:\/\/www.suno.com.br\/noticias\/wp-json\/wp\/v2\/suno_strategy?post=638950"}],"curies":[{"name":"wp","href":"https:\/\/api.w.org\/{rel}","templated":true}]}}