{"id":638928,"date":"2026-01-19T11:55:00","date_gmt":"2026-01-19T14:55:00","guid":{"rendered":"https:\/\/www.suno.com.br\/noticias\/eztec-eztc3-recorde-vendas-4t25-acoes-sobem-go\/"},"modified":"2026-01-19T14:25:56","modified_gmt":"2026-01-19T17:25:56","slug":"eztec-eztc3-recorde-vendas-4t25-acoes-sobem-go","status":"publish","type":"post","link":"https:\/\/www.suno.com.br\/noticias\/eztec-eztc3-recorde-vendas-4t25-acoes-sobem-go\/","title":{"rendered":"Eztec (EZTC3) tem recorde de vendas no 4T25 e a\u00e7\u00f5es sobem; analistas mant\u00e9m cautela"},"content":{"rendered":"<p>Em dia de queda do Ibovespa, as a\u00e7\u00f5es da<strong> <a class=\"suno-keyword\" target=\"_blank\" data-force=\"no\" data-priority=\"2\" href=\"https:\/\/www.suno.com.br\/analitica\/acoes\/EZTC3\/\" rel=\"noopener\">Eztec (EZTC3)<\/strong><\/a> aparecem entre os principais destaques positivos do indicador. Por volta das 11h30, os pap\u00e9is da companhia operam em alta de 1,64%, a R$ 14,27.\u00a0<\/p>\t<div class=\"wrapper-featured-image\">\n\t\t<figure class=\"spotlightImg\">\n\n\t\t\t<picture>\n\t\t\t\t<source media=\"(max-width: 768px)\" srcset=\"https:\/\/files.sunoresearch.com.br\/n\/uploads\/2026\/01\/593d73ae-cidade-maia-eztec-400x200.webp\">\n\t\t\t\t<img loading=\"lazy\" decoding=\"async\" class=\"newsContent__article__imgCapa lazyloadDisabled \" src=\"https:\/\/files.sunoresearch.com.br\/n\/uploads\/2026\/01\/593d73ae-cidade-maia-eztec-800x450.webp\" width=\"800\" height=\"450\" alt=\"Eztec (EZTC3) tem recorde de vendas no 4T25 e a\u00e7\u00f5es sobem; analistas mant\u00e9m cautela\" fetchpriority=high \/>\n\t\t\t<\/picture>\n\n\t\t\t<figcaption class=\"wp-caption-text wp-caption-text--show\">Eztec (EZTC3). Foto: Divulga\u00e7\u00e3o<\/figcaption>\n\t\t<\/figure>\n\t<\/div>\n\n\n\n\n\n\n<p>A varia\u00e7\u00e3o positiva dos ativos reflete o bom humor dos investidores em rela\u00e7\u00e3o aos dados operacionais do quarto trimestre de 2025, divulgados pela companhia na \u00faltima sexta-feira (16). Nos tr\u00eas \u00faltimos meses do ano passado, as <strong>vendas l\u00edquidas da Eztec<\/strong> somam R$ 557,4 milh\u00f5es, o que representa uma alta de 5,9% em rela\u00e7\u00e3o ao trimestre anterior e 41,4% na compara\u00e7\u00e3o anual.<\/p>\n\n\n\n<p>J\u00e1 o volume geral de vendas (VGV) de lan\u00e7amentos foi de R$ 783 milh\u00f5es no quarto trimestre. O n\u00famero indica uma alta surpreendente de 198,9% em rela\u00e7\u00e3o ao mesmo per\u00edodo de 2024.<\/p>\n\n\n\n<p>Al\u00e9m disso, a companhia tamb\u00e9m registrou, no acumulado de 2025, o maior volume de lan\u00e7amentos da hist\u00f3ria, com um VGV de R$ 2,36 bilh\u00f5es no ano passado.&nbsp;<\/p>\n\n\n\n<h2 class=\"wp-block-heading\">Analistas veem n\u00fameros da Eztec (EZTC3) como positivos, mas com cautela<\/h2>\n\n\n\n<p>O bom humor do mercado em rela\u00e7\u00e3o aos n\u00fameros apresentados pela <strong>Eztec<\/strong> j\u00e1 era esperado pelos analistas da XP Investimentos. Para Ygor Altero e Jo\u00e3o Rodrigues, os n\u00fameros foram positivos, com destaque para resultados s\u00f3lidos de vendas e volumes.<\/p>\n\n\n\n<p>\u201cConsideramos os <strong>resultados operacionais da Eztec<\/strong> positivos, apoiados pela forte aceita\u00e7\u00e3o de seus projetos rec\u00e9m-lan\u00e7ados para a classe m\u00e9dia (especialmente o Reserva S\u00e3o Caetano Bosque). Isso impulsionou uma s\u00f3lida expans\u00e3o da VSO e pode potencialmente gerar efeitos positivos no resultado do 4T25, uma vez que as cl\u00e1usulas suspensivas j\u00e1 foram superadas\u201d, destaca o relat\u00f3rio.\u00a0<\/p>\n\n\n\n<p>Para os analistas do Citi, a companhia tamb\u00e9m apresentou um forte desempenho no per\u00edodo. No entanto, a casa destaca que a Eztec ainda precisa melhorar para voltar a n\u00edveis considerados atraentes de retorno sobre o <a class=\"suno-keyword\" target=\"_blank\" data-force=\"no\" data-priority=\"2\" href=\"https:\/\/www.suno.com.br\/artigos\/patrimonio-liquido\/\" rel=\"noopener\">patrim\u00f4nio l\u00edquido<\/a> (ROE).<\/p>\n\n\n\n<p>Segundo os analistas, a empresa est\u00e1 caminhando na dire\u00e7\u00e3o certa. No entanto, ainda possui um longo caminho para recorrer. Por conta disso, o Citi possui uma recomenda\u00e7\u00e3o neutra para as <strong>a\u00e7\u00f5es da Eztec (EZTC3)<\/strong>, com pre\u00e7o-alvo de R$ 17 para os pap\u00e9is da empresa.<\/p>\n","protected":false},"excerpt":{"rendered":"<p>Em dia de queda do Ibovespa, as a\u00e7\u00f5es da Eztec (EZTC3) aparecem entre os principais destaques positivos do indicador. Por volta das 11h30, os pap\u00e9is da companhia operam em alta de 1,64%, a R$ 14,27.\u00a0 A varia\u00e7\u00e3o positiva dos ativos reflete o bom humor dos investidores em rela\u00e7\u00e3o aos dados operacionais do quarto trimestre de &hellip; Continued<\/p>\n","protected":false},"author":404,"featured_media":638929,"comment_status":"closed","ping_status":"closed","sticky":false,"template":"","format":"standard","meta":[],"categories":[64],"tags":[473],"suno_strategy":[],"class_list":["post-638928","post","type-post","status-publish","format-standard","has-post-thumbnail","hentry","category-negocios","tag-eztec-eztc3"],"yoast_head":"<!-- This site is optimized with the Yoast SEO plugin v24.4 - https:\/\/yoast.com\/wordpress\/plugins\/seo\/ -->\n<title>Eztec (EZTC3) tem recorde de vendas no 4T25 e a\u00e7\u00f5es sobem<\/title>\n<meta name=\"description\" content=\"Em dia de queda do Ibovespa, as a\u00e7\u00f5es da Eztec (EZTC3) aparecem entre os principais destaques positivos do indicador. Leia mais!\" \/>\n<meta name=\"robots\" content=\"index, follow, max-snippet:-1, max-image-preview:large, max-video-preview:-1\" \/>\n<link rel=\"canonical\" href=\"https:\/\/www.suno.com.br\/noticias\/eztec-eztc3-recorde-vendas-4t25-acoes-sobem-go\/\" \/>\n<meta property=\"og:locale\" content=\"pt_BR\" \/>\n<meta property=\"og:type\" content=\"article\" \/>\n<meta property=\"og:title\" content=\"Eztec (EZTC3) tem recorde de vendas no 4T25 e a\u00e7\u00f5es sobem\" \/>\n<meta property=\"og:description\" content=\"Em dia de queda do Ibovespa, as a\u00e7\u00f5es da Eztec (EZTC3) aparecem entre os principais destaques positivos do indicador. Leia mais!\" \/>\n<meta property=\"og:url\" content=\"https:\/\/www.suno.com.br\/noticias\/eztec-eztc3-recorde-vendas-4t25-acoes-sobem-go\/\" \/>\n<meta property=\"og:site_name\" content=\"Suno Not\u00edcias\" \/>\n<meta property=\"article:publisher\" content=\"https:\/\/facebook.com\/sunoresearch\" \/>\n<meta property=\"og:image\" content=\"https:\/\/files.sunoresearch.com.br\/n\/uploads\/2026\/01\/593d73ae-cidade-maia-eztec-jpg.webp\" \/>\n\t<meta property=\"og:image:width\" content=\"1200\" \/>\n\t<meta property=\"og:image:height\" content=\"800\" \/>\n\t<meta property=\"og:image:type\" content=\"image\/jpeg\" \/>\n<meta name=\"author\" content=\"Giovanna Oliveira\" \/>\n<meta name=\"twitter:card\" content=\"summary_large_image\" \/>\n<meta name=\"twitter:creator\" content=\"@sunoresearch\" \/>\n<meta name=\"twitter:site\" content=\"@sunoresearch\" \/>\n<meta name=\"twitter:label1\" content=\"Escrito por\" \/>\n\t<meta name=\"twitter:data1\" content=\"Giovanna Oliveira\" \/>\n\t<meta name=\"twitter:label2\" content=\"Est. tempo de leitura\" \/>\n\t<meta name=\"twitter:data2\" content=\"3 minutos\" \/>\n<script type=\"application\/ld+json\" class=\"yoast-schema-graph\">{\"@context\":\"https:\/\/schema.org\",\"@graph\":[{\"@type\":\"NewsArticle\",\"@id\":\"https:\/\/www.suno.com.br\/noticias\/eztec-eztc3-recorde-vendas-4t25-acoes-sobem-go\/#article\",\"isPartOf\":{\"@id\":\"https:\/\/www.suno.com.br\/noticias\/eztec-eztc3-recorde-vendas-4t25-acoes-sobem-go\/\"},\"author\":{\"name\":\"Giovanna Oliveira\",\"@id\":\"https:\/\/www.suno.com.br\/noticias\/#\/schema\/person\/506bb13f624e6983050ae5bf648c7a54\"},\"headline\":\"Eztec (EZTC3) tem recorde de vendas no 4T25 e a\u00e7\u00f5es sobem; analistas mant\u00e9m cautela\",\"datePublished\":\"2026-01-19T14:55:00+00:00\",\"dateModified\":\"2026-01-19T17:25:56+00:00\",\"mainEntityOfPage\":{\"@id\":\"https:\/\/www.suno.com.br\/noticias\/eztec-eztc3-recorde-vendas-4t25-acoes-sobem-go\/\"},\"wordCount\":389,\"publisher\":{\"@id\":\"https:\/\/www.suno.com.br\/noticias\/#organization\"},\"image\":{\"@id\":\"https:\/\/www.suno.com.br\/noticias\/eztec-eztc3-recorde-vendas-4t25-acoes-sobem-go\/#primaryimage\"},\"thumbnailUrl\":\"https:\/\/files.sunoresearch.com.br\/n\/uploads\/2026\/01\/593d73ae-cidade-maia-eztec-jpg.webp\",\"keywords\":[\"Eztec (EZTC3)\"],\"articleSection\":[\"Neg\u00f3cios\"],\"inLanguage\":\"pt-BR\"},{\"@type\":\"WebPage\",\"@id\":\"https:\/\/www.suno.com.br\/noticias\/eztec-eztc3-recorde-vendas-4t25-acoes-sobem-go\/\",\"url\":\"https:\/\/www.suno.com.br\/noticias\/eztec-eztc3-recorde-vendas-4t25-acoes-sobem-go\/\",\"name\":\"Eztec (EZTC3) tem recorde de vendas no 4T25 e a\u00e7\u00f5es sobem\",\"isPartOf\":{\"@id\":\"https:\/\/www.suno.com.br\/noticias\/#website\"},\"primaryImageOfPage\":{\"@id\":\"https:\/\/www.suno.com.br\/noticias\/eztec-eztc3-recorde-vendas-4t25-acoes-sobem-go\/#primaryimage\"},\"image\":{\"@id\":\"https:\/\/www.suno.com.br\/noticias\/eztec-eztc3-recorde-vendas-4t25-acoes-sobem-go\/#primaryimage\"},\"thumbnailUrl\":\"https:\/\/files.sunoresearch.com.br\/n\/uploads\/2026\/01\/593d73ae-cidade-maia-eztec-jpg.webp\",\"datePublished\":\"2026-01-19T14:55:00+00:00\",\"dateModified\":\"2026-01-19T17:25:56+00:00\",\"description\":\"Em dia de queda do Ibovespa, as a\u00e7\u00f5es da Eztec (EZTC3) aparecem entre os principais destaques positivos do indicador. Leia mais!\",\"breadcrumb\":{\"@id\":\"https:\/\/www.suno.com.br\/noticias\/eztec-eztc3-recorde-vendas-4t25-acoes-sobem-go\/#breadcrumb\"},\"inLanguage\":\"pt-BR\",\"potentialAction\":[{\"@type\":\"ReadAction\",\"target\":[\"https:\/\/www.suno.com.br\/noticias\/eztec-eztc3-recorde-vendas-4t25-acoes-sobem-go\/\"]}]},{\"@type\":\"ImageObject\",\"inLanguage\":\"pt-BR\",\"@id\":\"https:\/\/www.suno.com.br\/noticias\/eztec-eztc3-recorde-vendas-4t25-acoes-sobem-go\/#primaryimage\",\"url\":\"https:\/\/files.sunoresearch.com.br\/n\/uploads\/2026\/01\/593d73ae-cidade-maia-eztec-jpg.webp\",\"contentUrl\":\"https:\/\/files.sunoresearch.com.br\/n\/uploads\/2026\/01\/593d73ae-cidade-maia-eztec-jpg.webp\",\"width\":1200,\"height\":800,\"caption\":\"Eztec (EZTC3). Foto: Divulga\u00e7\u00e3o\"},{\"@type\":\"BreadcrumbList\",\"@id\":\"https:\/\/www.suno.com.br\/noticias\/eztec-eztc3-recorde-vendas-4t25-acoes-sobem-go\/#breadcrumb\",\"itemListElement\":[{\"@type\":\"ListItem\",\"position\":1,\"name\":\"Not\u00edcias\",\"item\":\"https:\/\/www.suno.com.br\/noticias\/\"},{\"@type\":\"ListItem\",\"position\":2,\"name\":\"Neg\u00f3cios\",\"item\":\"https:\/\/www.suno.com.br\/noticias\/negocios\/\"},{\"@type\":\"ListItem\",\"position\":3,\"name\":\"Eztec (EZTC3) tem recorde de vendas no 4T25 e a\u00e7\u00f5es sobem; analistas mant\u00e9m cautela\"}]},{\"@type\":\"WebSite\",\"@id\":\"https:\/\/www.suno.com.br\/noticias\/#website\",\"url\":\"https:\/\/www.suno.com.br\/noticias\/\",\"name\":\"Suno Not\u00edcias\",\"description\":\"Seu portal de informa\u00e7\u00e3o sobre o mundo dos investimentos\",\"publisher\":{\"@id\":\"https:\/\/www.suno.com.br\/noticias\/#organization\"},\"potentialAction\":[{\"@type\":\"SearchAction\",\"target\":{\"@type\":\"EntryPoint\",\"urlTemplate\":\"https:\/\/www.suno.com.br\/noticias\/?s={search_term_string}\"},\"query-input\":{\"@type\":\"PropertyValueSpecification\",\"valueRequired\":true,\"valueName\":\"search_term_string\"}}],\"inLanguage\":\"pt-BR\"},{\"@type\":\"Organization\",\"@id\":\"https:\/\/www.suno.com.br\/noticias\/#organization\",\"name\":\"Suno Not\u00edcias\",\"url\":\"https:\/\/www.suno.com.br\/noticias\/\",\"logo\":{\"@type\":\"ImageObject\",\"inLanguage\":\"pt-BR\",\"@id\":\"https:\/\/www.suno.com.br\/noticias\/#\/schema\/logo\/image\/\",\"url\":\"https:\/\/files.sunoresearch.com.br\/n\/uploads\/2021\/09\/suno-logo.png\",\"contentUrl\":\"https:\/\/files.sunoresearch.com.br\/n\/uploads\/2021\/09\/suno-logo.png\",\"width\":180,\"height\":180,\"caption\":\"Suno Not\u00edcias\"},\"image\":{\"@id\":\"https:\/\/www.suno.com.br\/noticias\/#\/schema\/logo\/image\/\"},\"sameAs\":[\"https:\/\/facebook.com\/sunoresearch\",\"https:\/\/x.com\/sunoresearch\",\"https:\/\/www.instagram.com\/suno\",\"https:\/\/www.linkedin.com\/company\/suno-research\/\",\"https:\/\/www.youtube.com\/c\/sunoresearch\"]},{\"@type\":\"Person\",\"@id\":\"https:\/\/www.suno.com.br\/noticias\/#\/schema\/person\/506bb13f624e6983050ae5bf648c7a54\",\"name\":\"Giovanna Oliveira\",\"image\":{\"@type\":\"ImageObject\",\"inLanguage\":\"pt-BR\",\"@id\":\"https:\/\/www.suno.com.br\/noticias\/#\/schema\/person\/image\/\",\"url\":\"https:\/\/secure.gravatar.com\/avatar\/8d180e5cea232a9bb3af521589b133fa?s=96&r=g\",\"contentUrl\":\"https:\/\/secure.gravatar.com\/avatar\/8d180e5cea232a9bb3af521589b133fa?s=96&r=g\",\"caption\":\"Giovanna Oliveira\"},\"description\":\"Jornalista com mais de sete anos de experi\u00eancia na cobertura de finan\u00e7as e economia. P\u00f3s-graduada em Neg\u00f3cios e Inova\u00e7\u00e3o (ESPM-SP) e mestranda em Finan\u00e7as (UADE Business School\u2013Buenos Aires).\",\"url\":\"https:\/\/www.suno.com.br\/noticias\/author\/giovannalmd-oliveiragmail-com\/\"}]}<\/script>\n<!-- \/ Yoast SEO plugin. -->","yoast_head_json":{"title":"Eztec (EZTC3) tem recorde de vendas no 4T25 e a\u00e7\u00f5es sobem","description":"Em dia de queda do Ibovespa, as a\u00e7\u00f5es da Eztec (EZTC3) aparecem entre os principais destaques positivos do indicador. Leia mais!","robots":{"index":"index","follow":"follow","max-snippet":"max-snippet:-1","max-image-preview":"max-image-preview:large","max-video-preview":"max-video-preview:-1"},"canonical":"https:\/\/www.suno.com.br\/noticias\/eztec-eztc3-recorde-vendas-4t25-acoes-sobem-go\/","og_locale":"pt_BR","og_type":"article","og_title":"Eztec (EZTC3) tem recorde de vendas no 4T25 e a\u00e7\u00f5es sobem","og_description":"Em dia de queda do Ibovespa, as a\u00e7\u00f5es da Eztec (EZTC3) aparecem entre os principais destaques positivos do indicador. Leia mais!","og_url":"https:\/\/www.suno.com.br\/noticias\/eztec-eztc3-recorde-vendas-4t25-acoes-sobem-go\/","og_site_name":"Suno Not\u00edcias","article_publisher":"https:\/\/facebook.com\/sunoresearch","og_image":[{"width":1200,"height":800,"url":"https:\/\/files.sunoresearch.com.br\/n\/uploads\/2026\/01\/593d73ae-cidade-maia-eztec-jpg.webp","type":"image\/jpeg"}],"author":"Giovanna Oliveira","twitter_card":"summary_large_image","twitter_creator":"@sunoresearch","twitter_site":"@sunoresearch","twitter_misc":{"Escrito por":"Giovanna Oliveira","Est. tempo de leitura":"3 minutos"},"schema":{"@context":"https:\/\/schema.org","@graph":[{"@type":"NewsArticle","@id":"https:\/\/www.suno.com.br\/noticias\/eztec-eztc3-recorde-vendas-4t25-acoes-sobem-go\/#article","isPartOf":{"@id":"https:\/\/www.suno.com.br\/noticias\/eztec-eztc3-recorde-vendas-4t25-acoes-sobem-go\/"},"author":{"name":"Giovanna Oliveira","@id":"https:\/\/www.suno.com.br\/noticias\/#\/schema\/person\/506bb13f624e6983050ae5bf648c7a54"},"headline":"Eztec (EZTC3) tem recorde de vendas no 4T25 e a\u00e7\u00f5es sobem; analistas mant\u00e9m cautela","datePublished":"2026-01-19T14:55:00+00:00","dateModified":"2026-01-19T17:25:56+00:00","mainEntityOfPage":{"@id":"https:\/\/www.suno.com.br\/noticias\/eztec-eztc3-recorde-vendas-4t25-acoes-sobem-go\/"},"wordCount":389,"publisher":{"@id":"https:\/\/www.suno.com.br\/noticias\/#organization"},"image":{"@id":"https:\/\/www.suno.com.br\/noticias\/eztec-eztc3-recorde-vendas-4t25-acoes-sobem-go\/#primaryimage"},"thumbnailUrl":"https:\/\/files.sunoresearch.com.br\/n\/uploads\/2026\/01\/593d73ae-cidade-maia-eztec-jpg.webp","keywords":["Eztec (EZTC3)"],"articleSection":["Neg\u00f3cios"],"inLanguage":"pt-BR"},{"@type":"WebPage","@id":"https:\/\/www.suno.com.br\/noticias\/eztec-eztc3-recorde-vendas-4t25-acoes-sobem-go\/","url":"https:\/\/www.suno.com.br\/noticias\/eztec-eztc3-recorde-vendas-4t25-acoes-sobem-go\/","name":"Eztec (EZTC3) tem recorde de vendas no 4T25 e a\u00e7\u00f5es sobem","isPartOf":{"@id":"https:\/\/www.suno.com.br\/noticias\/#website"},"primaryImageOfPage":{"@id":"https:\/\/www.suno.com.br\/noticias\/eztec-eztc3-recorde-vendas-4t25-acoes-sobem-go\/#primaryimage"},"image":{"@id":"https:\/\/www.suno.com.br\/noticias\/eztec-eztc3-recorde-vendas-4t25-acoes-sobem-go\/#primaryimage"},"thumbnailUrl":"https:\/\/files.sunoresearch.com.br\/n\/uploads\/2026\/01\/593d73ae-cidade-maia-eztec-jpg.webp","datePublished":"2026-01-19T14:55:00+00:00","dateModified":"2026-01-19T17:25:56+00:00","description":"Em dia de queda do Ibovespa, as a\u00e7\u00f5es da Eztec (EZTC3) aparecem entre os principais destaques positivos do indicador. Leia mais!","breadcrumb":{"@id":"https:\/\/www.suno.com.br\/noticias\/eztec-eztc3-recorde-vendas-4t25-acoes-sobem-go\/#breadcrumb"},"inLanguage":"pt-BR","potentialAction":[{"@type":"ReadAction","target":["https:\/\/www.suno.com.br\/noticias\/eztec-eztc3-recorde-vendas-4t25-acoes-sobem-go\/"]}]},{"@type":"ImageObject","inLanguage":"pt-BR","@id":"https:\/\/www.suno.com.br\/noticias\/eztec-eztc3-recorde-vendas-4t25-acoes-sobem-go\/#primaryimage","url":"https:\/\/files.sunoresearch.com.br\/n\/uploads\/2026\/01\/593d73ae-cidade-maia-eztec-jpg.webp","contentUrl":"https:\/\/files.sunoresearch.com.br\/n\/uploads\/2026\/01\/593d73ae-cidade-maia-eztec-jpg.webp","width":1200,"height":800,"caption":"Eztec (EZTC3). Foto: Divulga\u00e7\u00e3o"},{"@type":"BreadcrumbList","@id":"https:\/\/www.suno.com.br\/noticias\/eztec-eztc3-recorde-vendas-4t25-acoes-sobem-go\/#breadcrumb","itemListElement":[{"@type":"ListItem","position":1,"name":"Not\u00edcias","item":"https:\/\/www.suno.com.br\/noticias\/"},{"@type":"ListItem","position":2,"name":"Neg\u00f3cios","item":"https:\/\/www.suno.com.br\/noticias\/negocios\/"},{"@type":"ListItem","position":3,"name":"Eztec (EZTC3) tem recorde de vendas no 4T25 e a\u00e7\u00f5es sobem; analistas mant\u00e9m cautela"}]},{"@type":"WebSite","@id":"https:\/\/www.suno.com.br\/noticias\/#website","url":"https:\/\/www.suno.com.br\/noticias\/","name":"Suno Not\u00edcias","description":"Seu portal de informa\u00e7\u00e3o sobre o mundo dos investimentos","publisher":{"@id":"https:\/\/www.suno.com.br\/noticias\/#organization"},"potentialAction":[{"@type":"SearchAction","target":{"@type":"EntryPoint","urlTemplate":"https:\/\/www.suno.com.br\/noticias\/?s={search_term_string}"},"query-input":{"@type":"PropertyValueSpecification","valueRequired":true,"valueName":"search_term_string"}}],"inLanguage":"pt-BR"},{"@type":"Organization","@id":"https:\/\/www.suno.com.br\/noticias\/#organization","name":"Suno Not\u00edcias","url":"https:\/\/www.suno.com.br\/noticias\/","logo":{"@type":"ImageObject","inLanguage":"pt-BR","@id":"https:\/\/www.suno.com.br\/noticias\/#\/schema\/logo\/image\/","url":"https:\/\/files.sunoresearch.com.br\/n\/uploads\/2021\/09\/suno-logo.png","contentUrl":"https:\/\/files.sunoresearch.com.br\/n\/uploads\/2021\/09\/suno-logo.png","width":180,"height":180,"caption":"Suno Not\u00edcias"},"image":{"@id":"https:\/\/www.suno.com.br\/noticias\/#\/schema\/logo\/image\/"},"sameAs":["https:\/\/facebook.com\/sunoresearch","https:\/\/x.com\/sunoresearch","https:\/\/www.instagram.com\/suno","https:\/\/www.linkedin.com\/company\/suno-research\/","https:\/\/www.youtube.com\/c\/sunoresearch"]},{"@type":"Person","@id":"https:\/\/www.suno.com.br\/noticias\/#\/schema\/person\/506bb13f624e6983050ae5bf648c7a54","name":"Giovanna Oliveira","image":{"@type":"ImageObject","inLanguage":"pt-BR","@id":"https:\/\/www.suno.com.br\/noticias\/#\/schema\/person\/image\/","url":"https:\/\/secure.gravatar.com\/avatar\/8d180e5cea232a9bb3af521589b133fa?s=96&r=g","contentUrl":"https:\/\/secure.gravatar.com\/avatar\/8d180e5cea232a9bb3af521589b133fa?s=96&r=g","caption":"Giovanna Oliveira"},"description":"Jornalista com mais de sete anos de experi\u00eancia na cobertura de finan\u00e7as e economia. P\u00f3s-graduada em Neg\u00f3cios e Inova\u00e7\u00e3o (ESPM-SP) e mestranda em Finan\u00e7as (UADE Business School\u2013Buenos Aires).","url":"https:\/\/www.suno.com.br\/noticias\/author\/giovannalmd-oliveiragmail-com\/"}]}},"default_loop_html":"<div class=\"cardsPage__listCard__boxs\"><div class=\"cardsPage__listCard__boxs__img\"><a href=\"https:\/\/www.suno.com.br\/noticias\/eztec-eztc3-recorde-vendas-4t25-acoes-sobem-go\/\"><img class=\"mask\" src=\"https:\/\/www.suno.com.br\/noticias\/wp-content\/themes\/suno\/resources\/images\/spotlight\/spotlight1img\/bg-mask.png\" alt=\"Image Mask\"\/><img src=\"https:\/\/files.sunoresearch.com.br\/n\/uploads\/2026\/01\/593d73ae-cidade-maia-eztec-400x200.webp\" alt=\"Eztec (EZTC3) tem recorde de vendas no 4T25 e a\u00e7\u00f5es sobem; analistas mant\u00e9m cautela\"\/><\/a><span class=\"spotlightCategory\"><a href=\"https:\/\/www.suno.com.br\/noticias\/negocios\/\">Neg\u00f3cios<\/a><\/span><\/div><div class=\"cardsPage__listCard__boxs__content\"><a href=\"https:\/\/www.suno.com.br\/noticias\/eztec-eztc3-recorde-vendas-4t25-acoes-sobem-go\/\"><h2 class=\"content__title\">Eztec (EZTC3) tem recorde de vendas no 4T25 e a\u00e7\u00f5es sobem; analistas mant\u00e9m cautela<\/h2><\/a><div class=\"newsContent__article__meta\"><div class=\"newsContent__article__meta__authorBox\"><a href=\"https:\/\/www.suno.com.br\/noticias\/author\/giovannalmd-oliveiragmail-com\/\" class=\"authorBox__avatar noMobi\"><img src=\"https:\/\/secure.gravatar.com\/avatar\/8d180e5cea232a9bb3af521589b133fa?s=96&#038;r=g\" alt=\"Giovanna Oliveira\"><\/a><div class=\"authorBox__name\"><span>por\n\t\t\t<a href=\"https:\/\/www.suno.com.br\/noticias\/author\/giovannalmd-oliveiragmail-com\/\"><span itemprop=\"author\">Giovanna Oliveira<\/span><\/a><\/span><time datetime=\"2026-01-19T11:55:00-03:00\" itemprop=\"datePublished\">19\/01\/2026 11:55<\/time><\/div><\/div><\/div><\/div><\/div>","single_layout":"posts","amp_enabled":true,"_links":{"self":[{"href":"https:\/\/www.suno.com.br\/noticias\/wp-json\/wp\/v2\/posts\/638928"}],"collection":[{"href":"https:\/\/www.suno.com.br\/noticias\/wp-json\/wp\/v2\/posts"}],"about":[{"href":"https:\/\/www.suno.com.br\/noticias\/wp-json\/wp\/v2\/types\/post"}],"author":[{"embeddable":true,"href":"https:\/\/www.suno.com.br\/noticias\/wp-json\/wp\/v2\/users\/404"}],"replies":[{"embeddable":true,"href":"https:\/\/www.suno.com.br\/noticias\/wp-json\/wp\/v2\/comments?post=638928"}],"version-history":[{"count":1,"href":"https:\/\/www.suno.com.br\/noticias\/wp-json\/wp\/v2\/posts\/638928\/revisions"}],"predecessor-version":[{"id":638943,"href":"https:\/\/www.suno.com.br\/noticias\/wp-json\/wp\/v2\/posts\/638928\/revisions\/638943"}],"wp:featuredmedia":[{"embeddable":true,"href":"https:\/\/www.suno.com.br\/noticias\/wp-json\/wp\/v2\/media\/638929"}],"wp:attachment":[{"href":"https:\/\/www.suno.com.br\/noticias\/wp-json\/wp\/v2\/media?parent=638928"}],"wp:term":[{"taxonomy":"category","embeddable":true,"href":"https:\/\/www.suno.com.br\/noticias\/wp-json\/wp\/v2\/categories?post=638928"},{"taxonomy":"post_tag","embeddable":true,"href":"https:\/\/www.suno.com.br\/noticias\/wp-json\/wp\/v2\/tags?post=638928"},{"taxonomy":"suno_strategy","embeddable":true,"href":"https:\/\/www.suno.com.br\/noticias\/wp-json\/wp\/v2\/suno_strategy?post=638928"}],"curies":[{"name":"wp","href":"https:\/\/api.w.org\/{rel}","templated":true}]}}