{"id":638891,"date":"2026-01-19T10:05:19","date_gmt":"2026-01-19T13:05:19","guid":{"rendered":"https:\/\/www.suno.com.br\/noticias\/ajfi11-segunda-emissao-registro-automatico\/"},"modified":"2026-01-19T10:05:19","modified_gmt":"2026-01-19T13:05:19","slug":"ajfi11-segunda-emissao-registro-automatico","status":"publish","type":"post","link":"https:\/\/www.suno.com.br\/noticias\/ajfi11-segunda-emissao-registro-automatico\/","title":{"rendered":"AJFI11 autoriza 2\u00aa capta\u00e7\u00e3o com oferta para profissionais"},"content":{"rendered":"<p>O fundo imobili\u00e1rio <strong>AJFI11<\/strong> confirmou a autoriza\u00e7\u00e3o para sua segunda capta\u00e7\u00e3o de recursos no mercado, por meio de <a class=\"suno-keyword\" target=\"_blank\" data-force=\"no\" data-priority=\"1\" href=\"https:\/\/www.suno.com.br\/artigos\/fato-relevante\/\" rel=\"noopener\">fato relevante<\/a> divulgado pela administradora e gestora do ve\u00edculo. A opera\u00e7\u00e3o ser\u00e1 realizada via oferta p\u00fablica com registro autom\u00e1tico, conforme a Resolu\u00e7\u00e3o CVM 160, dispensando aprova\u00e7\u00e3o pr\u00e9via em assembleia de cotistas. A decis\u00e3o partiu dos prestadores de servi\u00e7os essenciais do fundo, de acordo com as normas internas, e a <strong>oferta p\u00fablica<\/strong> ser\u00e1 destinada exclusivamente a investidores profissionais.<\/p>\t<div class=\"wrapper-featured-image\">\n\t\t<figure class=\"spotlightImg\">\n\n\t\t\t<picture>\n\t\t\t\t<source media=\"(max-width: 768px)\" srcset=\"https:\/\/files.sunoresearch.com.br\/n\/uploads\/2026\/01\/stock-market-6690190_1280-1-400x200.webp\">\n\t\t\t\t<img loading=\"lazy\" decoding=\"async\" class=\"newsContent__article__imgCapa lazyloadDisabled \" src=\"https:\/\/files.sunoresearch.com.br\/n\/uploads\/2026\/01\/stock-market-6690190_1280-1-800x450.webp\" width=\"800\" height=\"450\" alt=\"AJFI11 autoriza 2\u00aa capta\u00e7\u00e3o com oferta para profissionais\" fetchpriority=high \/>\n\t\t\t<\/picture>\n\n\t\t\t<figcaption class=\"wp-caption-text wp-caption-text--show\">AJFI11 anuncia 2\u00aa emiss\u00e3o de cotas; capta\u00e7\u00e3o ser\u00e1 de R$ 30 milh\u00f5es<\/figcaption>\n\t\t<\/figure>\n\t<\/div>\n\n\n<p>No comunicado, o fundo informa a emiss\u00e3o inicial de 3 milh\u00f5es de novas cotas, todas nominativas e escriturais, pertencentes a classe e s\u00e9rie \u00fanicas. O volume-alvo \u00e9 de R$ 30 milh\u00f5es, j\u00e1 considerando o pre\u00e7o unit\u00e1rio das cotas e a taxa de distribui\u00e7\u00e3o prim\u00e1ria. A coordena\u00e7\u00e3o ficar\u00e1 a cargo da <strong>XP Investimentos<\/strong>, sob o regime de <a class=\"suno-keyword\" target=\"_blank\" data-force=\"no\" data-priority=\"1\" href=\"https:\/\/www.suno.com.br\/artigos\/melhores-esforcos\/\" rel=\"noopener\">melhores esfor\u00e7os<\/a>, institui\u00e7\u00e3o que tamb\u00e9m atua como administradora fiduci\u00e1ria do fundo.<\/p>\n<p>A oferta seguir\u00e1 o procedimento de registro autom\u00e1tico previsto nos artigos 27 e 28 da Resolu\u00e7\u00e3o CVM 160, o que acelera etapas e reduz prazos operacionais. Esse modelo \u00e9 amplamente utilizado em opera\u00e7\u00f5es voltadas a investidores profissionais, proporcionando maior efici\u00eancia regulat\u00f3ria. Prospecto e l\u00e2mina foram dispensados, em linha com as prerrogativas aplic\u00e1veis a esse tipo de distribui\u00e7\u00e3o.<\/p>\n<p>O fato relevante tamb\u00e9m esclarece que clubes de investimento n\u00e3o poder\u00e3o participar da oferta, em respeito \u00e0s restri\u00e7\u00f5es regulat\u00f3rias do p\u00fablico-alvo. Essa veda\u00e7\u00e3o refor\u00e7a o car\u00e1ter restrito da emiss\u00e3o e a ader\u00eancia \u00e0s regras da CVM para ofertas destinadas ao segmento profissional.<\/p>\n<p>Para os atuais cotistas, a nova capta\u00e7\u00e3o pode gerar dilui\u00e7\u00e3o na participa\u00e7\u00e3o de quem optar por n\u00e3o aderir \u00e0 subscri\u00e7\u00e3o. Esse efeito \u00e9 comum em opera\u00e7\u00f5es de <a class=\"suno-keyword\" target=\"_blank\" data-force=\"no\" data-priority=\"1\" href=\"https:\/\/www.suno.com.br\/artigos\/mercado-de-capitais-conceito\/\" rel=\"noopener\">mercado de capitais<\/a> e deve ser ponderado \u00e0 luz dos objetivos individuais e do perfil de risco de cada investidor.<\/p>\n<p>Os recursos levantados dever\u00e3o ser alocados conforme a pol\u00edtica de investimentos do fundo, seguindo par\u00e2metros e diretrizes do regulamento. O <strong>AJFI11<\/strong> informou que cronograma, pre\u00e7o definitivo e demais condi\u00e7\u00f5es ser\u00e3o divulgados oportunamente nos documentos oficiais da distribui\u00e7\u00e3o, oferecendo transpar\u00eancia sobre as pr\u00f3ximas etapas.<\/p>\n","protected":false},"excerpt":{"rendered":"<p>O fundo imobili\u00e1rio AJFI11 confirmou a autoriza\u00e7\u00e3o para sua segunda capta\u00e7\u00e3o de recursos no mercado, por meio de fato relevante divulgado pela administradora e gestora do ve\u00edculo. A opera\u00e7\u00e3o ser\u00e1 realizada via oferta p\u00fablica com registro autom\u00e1tico, conforme a Resolu\u00e7\u00e3o CVM 160, dispensando aprova\u00e7\u00e3o pr\u00e9via em assembleia de cotistas. A decis\u00e3o partiu dos prestadores de &hellip; Continued<\/p>\n","protected":false},"author":43,"featured_media":638892,"comment_status":"closed","ping_status":"closed","sticky":false,"template":"","format":"standard","meta":[],"categories":[66],"tags":[315],"suno_strategy":[],"class_list":["post-638891","post","type-post","status-publish","format-standard","has-post-thumbnail","hentry","category-fiis","tag-fundos-imobiliarios-fiis"],"yoast_head":"<!-- This site is optimized with the Yoast SEO plugin v24.4 - https:\/\/yoast.com\/wordpress\/plugins\/seo\/ -->\n<title>AJFI11 aprova 2\u00aa emiss\u00e3o com registro autom\u00e1tico<\/title>\n<meta name=\"description\" content=\"AJFI11 aprova segunda emiss\u00e3o com registro autom\u00e1tico da CVM, oferta restrita a investidores profissionais e volume inicial de R$ 30 milh\u00f5es.\" \/>\n<meta name=\"robots\" content=\"index, follow, max-snippet:-1, max-image-preview:large, max-video-preview:-1\" \/>\n<link rel=\"canonical\" href=\"https:\/\/www.suno.com.br\/noticias\/ajfi11-segunda-emissao-registro-automatico\/\" \/>\n<meta property=\"og:locale\" content=\"pt_BR\" \/>\n<meta property=\"og:type\" content=\"article\" \/>\n<meta property=\"og:title\" content=\"AJFI11 aprova 2\u00aa emiss\u00e3o com registro autom\u00e1tico\" \/>\n<meta property=\"og:description\" content=\"AJFI11 aprova segunda emiss\u00e3o com registro autom\u00e1tico da CVM, oferta restrita a investidores profissionais e volume inicial de R$ 30 milh\u00f5es.\" \/>\n<meta property=\"og:url\" content=\"https:\/\/www.suno.com.br\/noticias\/ajfi11-segunda-emissao-registro-automatico\/\" \/>\n<meta property=\"og:site_name\" content=\"Suno Not\u00edcias\" \/>\n<meta property=\"article:publisher\" content=\"https:\/\/facebook.com\/sunoresearch\" \/>\n<meta property=\"article:author\" content=\"https:\/\/www.facebook.com\/sunonoticias\/\" \/>\n<meta property=\"og:image\" content=\"http:\/\/files.sunoresearch.com.br\/n\/uploads\/2026\/01\/stock-market-6690190_1280-1-jpg.webp\" \/>\n\t<meta property=\"og:image:width\" content=\"1280\" \/>\n\t<meta property=\"og:image:height\" content=\"853\" \/>\n\t<meta property=\"og:image:type\" content=\"image\/jpeg\" \/>\n<meta name=\"author\" content=\"Reda\u00e7\u00e3o Suno Not\u00edcias\" \/>\n<meta name=\"twitter:card\" content=\"summary_large_image\" \/>\n<meta name=\"twitter:creator\" content=\"@https:\/\/twitter.com\/sunoresearch\" \/>\n<meta name=\"twitter:site\" content=\"@sunoresearch\" \/>\n<meta name=\"twitter:label1\" content=\"Escrito por\" \/>\n\t<meta name=\"twitter:data1\" content=\"Reda\u00e7\u00e3o Suno Not\u00edcias\" \/>\n\t<meta name=\"twitter:label2\" content=\"Est. tempo de leitura\" \/>\n\t<meta name=\"twitter:data2\" content=\"2 minutos\" \/>\n<script type=\"application\/ld+json\" class=\"yoast-schema-graph\">{\"@context\":\"https:\/\/schema.org\",\"@graph\":[{\"@type\":\"NewsArticle\",\"@id\":\"https:\/\/www.suno.com.br\/noticias\/ajfi11-segunda-emissao-registro-automatico\/#article\",\"isPartOf\":{\"@id\":\"https:\/\/www.suno.com.br\/noticias\/ajfi11-segunda-emissao-registro-automatico\/\"},\"author\":{\"name\":\"Reda\u00e7\u00e3o Suno Not\u00edcias\",\"@id\":\"https:\/\/www.suno.com.br\/noticias\/#\/schema\/person\/c1b1bd3727fa852bd045e9dbff3673ea\"},\"headline\":\"AJFI11 autoriza 2\u00aa capta\u00e7\u00e3o com oferta para profissionais\",\"datePublished\":\"2026-01-19T13:05:19+00:00\",\"mainEntityOfPage\":{\"@id\":\"https:\/\/www.suno.com.br\/noticias\/ajfi11-segunda-emissao-registro-automatico\/\"},\"wordCount\":388,\"publisher\":{\"@id\":\"https:\/\/www.suno.com.br\/noticias\/#organization\"},\"image\":{\"@id\":\"https:\/\/www.suno.com.br\/noticias\/ajfi11-segunda-emissao-registro-automatico\/#primaryimage\"},\"thumbnailUrl\":\"https:\/\/files.sunoresearch.com.br\/n\/uploads\/2026\/01\/stock-market-6690190_1280-1-jpg.webp\",\"keywords\":[\"Fundos Imobili\u00e1rios (FIIs)\"],\"articleSection\":[\"FIIs\"],\"inLanguage\":\"pt-BR\"},{\"@type\":\"WebPage\",\"@id\":\"https:\/\/www.suno.com.br\/noticias\/ajfi11-segunda-emissao-registro-automatico\/\",\"url\":\"https:\/\/www.suno.com.br\/noticias\/ajfi11-segunda-emissao-registro-automatico\/\",\"name\":\"AJFI11 aprova 2\u00aa emiss\u00e3o com registro autom\u00e1tico\",\"isPartOf\":{\"@id\":\"https:\/\/www.suno.com.br\/noticias\/#website\"},\"primaryImageOfPage\":{\"@id\":\"https:\/\/www.suno.com.br\/noticias\/ajfi11-segunda-emissao-registro-automatico\/#primaryimage\"},\"image\":{\"@id\":\"https:\/\/www.suno.com.br\/noticias\/ajfi11-segunda-emissao-registro-automatico\/#primaryimage\"},\"thumbnailUrl\":\"https:\/\/files.sunoresearch.com.br\/n\/uploads\/2026\/01\/stock-market-6690190_1280-1-jpg.webp\",\"datePublished\":\"2026-01-19T13:05:19+00:00\",\"description\":\"AJFI11 aprova segunda emiss\u00e3o com registro autom\u00e1tico da CVM, oferta restrita a investidores profissionais e volume inicial de R$ 30 milh\u00f5es.\",\"breadcrumb\":{\"@id\":\"https:\/\/www.suno.com.br\/noticias\/ajfi11-segunda-emissao-registro-automatico\/#breadcrumb\"},\"inLanguage\":\"pt-BR\",\"potentialAction\":[{\"@type\":\"ReadAction\",\"target\":[\"https:\/\/www.suno.com.br\/noticias\/ajfi11-segunda-emissao-registro-automatico\/\"]}]},{\"@type\":\"ImageObject\",\"inLanguage\":\"pt-BR\",\"@id\":\"https:\/\/www.suno.com.br\/noticias\/ajfi11-segunda-emissao-registro-automatico\/#primaryimage\",\"url\":\"https:\/\/files.sunoresearch.com.br\/n\/uploads\/2026\/01\/stock-market-6690190_1280-1-jpg.webp\",\"contentUrl\":\"https:\/\/files.sunoresearch.com.br\/n\/uploads\/2026\/01\/stock-market-6690190_1280-1-jpg.webp\",\"width\":1280,\"height\":853,\"caption\":\"AJFI11 anuncia 2\u00aa emiss\u00e3o de cotas; capta\u00e7\u00e3o ser\u00e1 de R$ 30 milh\u00f5es\"},{\"@type\":\"BreadcrumbList\",\"@id\":\"https:\/\/www.suno.com.br\/noticias\/ajfi11-segunda-emissao-registro-automatico\/#breadcrumb\",\"itemListElement\":[{\"@type\":\"ListItem\",\"position\":1,\"name\":\"Not\u00edcias\",\"item\":\"https:\/\/www.suno.com.br\/noticias\/\"},{\"@type\":\"ListItem\",\"position\":2,\"name\":\"Neg\u00f3cios\",\"item\":\"https:\/\/www.suno.com.br\/noticias\/negocios\/\"},{\"@type\":\"ListItem\",\"position\":3,\"name\":\"AJFI11 autoriza 2\u00aa capta\u00e7\u00e3o com oferta para profissionais\"}]},{\"@type\":\"WebSite\",\"@id\":\"https:\/\/www.suno.com.br\/noticias\/#website\",\"url\":\"https:\/\/www.suno.com.br\/noticias\/\",\"name\":\"Suno Not\u00edcias\",\"description\":\"Seu portal de informa\u00e7\u00e3o sobre o mundo dos investimentos\",\"publisher\":{\"@id\":\"https:\/\/www.suno.com.br\/noticias\/#organization\"},\"potentialAction\":[{\"@type\":\"SearchAction\",\"target\":{\"@type\":\"EntryPoint\",\"urlTemplate\":\"https:\/\/www.suno.com.br\/noticias\/?s={search_term_string}\"},\"query-input\":{\"@type\":\"PropertyValueSpecification\",\"valueRequired\":true,\"valueName\":\"search_term_string\"}}],\"inLanguage\":\"pt-BR\"},{\"@type\":\"Organization\",\"@id\":\"https:\/\/www.suno.com.br\/noticias\/#organization\",\"name\":\"Suno Not\u00edcias\",\"url\":\"https:\/\/www.suno.com.br\/noticias\/\",\"logo\":{\"@type\":\"ImageObject\",\"inLanguage\":\"pt-BR\",\"@id\":\"https:\/\/www.suno.com.br\/noticias\/#\/schema\/logo\/image\/\",\"url\":\"https:\/\/files.sunoresearch.com.br\/n\/uploads\/2021\/09\/suno-logo.png\",\"contentUrl\":\"https:\/\/files.sunoresearch.com.br\/n\/uploads\/2021\/09\/suno-logo.png\",\"width\":180,\"height\":180,\"caption\":\"Suno Not\u00edcias\"},\"image\":{\"@id\":\"https:\/\/www.suno.com.br\/noticias\/#\/schema\/logo\/image\/\"},\"sameAs\":[\"https:\/\/facebook.com\/sunoresearch\",\"https:\/\/x.com\/sunoresearch\",\"https:\/\/www.instagram.com\/suno\",\"https:\/\/www.linkedin.com\/company\/suno-research\/\",\"https:\/\/www.youtube.com\/c\/sunoresearch\"]},{\"@type\":\"Person\",\"@id\":\"https:\/\/www.suno.com.br\/noticias\/#\/schema\/person\/c1b1bd3727fa852bd045e9dbff3673ea\",\"name\":\"Reda\u00e7\u00e3o Suno Not\u00edcias\",\"image\":{\"@type\":\"ImageObject\",\"inLanguage\":\"pt-BR\",\"@id\":\"https:\/\/www.suno.com.br\/noticias\/#\/schema\/person\/image\/\",\"url\":\"https:\/\/secure.gravatar.com\/avatar\/b8104b9b5a71985d5238ee59fbe418af?s=96&r=g\",\"contentUrl\":\"https:\/\/secure.gravatar.com\/avatar\/b8104b9b5a71985d5238ee59fbe418af?s=96&r=g\",\"caption\":\"Reda\u00e7\u00e3o Suno Not\u00edcias\"},\"description\":\"O Suno Not\u00edcias \u00e9 um portal de informa\u00e7\u00f5es sobre Mercado Financeiro, Pol\u00edtica, Neg\u00f3cios, Economia e Finan\u00e7as Pessoais.\",\"sameAs\":[\"https:\/\/www.suno.com.br\/noticias\",\"https:\/\/www.facebook.com\/sunonoticias\/\",\"https:\/\/www.instagram.com\/sunonoticias\/\",\"https:\/\/x.com\/https:\/\/twitter.com\/sunoresearch\",\"https:\/\/www.youtube.com\/sunonoticias\"],\"url\":\"https:\/\/www.suno.com.br\/noticias\/author\/redacao-suno\/\"}]}<\/script>\n<!-- \/ Yoast SEO plugin. -->","yoast_head_json":{"title":"AJFI11 aprova 2\u00aa emiss\u00e3o com registro autom\u00e1tico","description":"AJFI11 aprova segunda emiss\u00e3o com registro autom\u00e1tico da CVM, oferta restrita a investidores profissionais e volume inicial de R$ 30 milh\u00f5es.","robots":{"index":"index","follow":"follow","max-snippet":"max-snippet:-1","max-image-preview":"max-image-preview:large","max-video-preview":"max-video-preview:-1"},"canonical":"https:\/\/www.suno.com.br\/noticias\/ajfi11-segunda-emissao-registro-automatico\/","og_locale":"pt_BR","og_type":"article","og_title":"AJFI11 aprova 2\u00aa emiss\u00e3o com registro autom\u00e1tico","og_description":"AJFI11 aprova segunda emiss\u00e3o com registro autom\u00e1tico da CVM, oferta restrita a investidores profissionais e volume inicial de R$ 30 milh\u00f5es.","og_url":"https:\/\/www.suno.com.br\/noticias\/ajfi11-segunda-emissao-registro-automatico\/","og_site_name":"Suno Not\u00edcias","article_publisher":"https:\/\/facebook.com\/sunoresearch","article_author":"https:\/\/www.facebook.com\/sunonoticias\/","og_image":[{"width":1280,"height":853,"url":"http:\/\/files.sunoresearch.com.br\/n\/uploads\/2026\/01\/stock-market-6690190_1280-1-jpg.webp","type":"image\/jpeg"}],"author":"Reda\u00e7\u00e3o Suno Not\u00edcias","twitter_card":"summary_large_image","twitter_creator":"@https:\/\/twitter.com\/sunoresearch","twitter_site":"@sunoresearch","twitter_misc":{"Escrito por":"Reda\u00e7\u00e3o Suno Not\u00edcias","Est. tempo de leitura":"2 minutos"},"schema":{"@context":"https:\/\/schema.org","@graph":[{"@type":"NewsArticle","@id":"https:\/\/www.suno.com.br\/noticias\/ajfi11-segunda-emissao-registro-automatico\/#article","isPartOf":{"@id":"https:\/\/www.suno.com.br\/noticias\/ajfi11-segunda-emissao-registro-automatico\/"},"author":{"name":"Reda\u00e7\u00e3o Suno Not\u00edcias","@id":"https:\/\/www.suno.com.br\/noticias\/#\/schema\/person\/c1b1bd3727fa852bd045e9dbff3673ea"},"headline":"AJFI11 autoriza 2\u00aa capta\u00e7\u00e3o com oferta para profissionais","datePublished":"2026-01-19T13:05:19+00:00","mainEntityOfPage":{"@id":"https:\/\/www.suno.com.br\/noticias\/ajfi11-segunda-emissao-registro-automatico\/"},"wordCount":388,"publisher":{"@id":"https:\/\/www.suno.com.br\/noticias\/#organization"},"image":{"@id":"https:\/\/www.suno.com.br\/noticias\/ajfi11-segunda-emissao-registro-automatico\/#primaryimage"},"thumbnailUrl":"https:\/\/files.sunoresearch.com.br\/n\/uploads\/2026\/01\/stock-market-6690190_1280-1-jpg.webp","keywords":["Fundos Imobili\u00e1rios (FIIs)"],"articleSection":["FIIs"],"inLanguage":"pt-BR"},{"@type":"WebPage","@id":"https:\/\/www.suno.com.br\/noticias\/ajfi11-segunda-emissao-registro-automatico\/","url":"https:\/\/www.suno.com.br\/noticias\/ajfi11-segunda-emissao-registro-automatico\/","name":"AJFI11 aprova 2\u00aa emiss\u00e3o com registro autom\u00e1tico","isPartOf":{"@id":"https:\/\/www.suno.com.br\/noticias\/#website"},"primaryImageOfPage":{"@id":"https:\/\/www.suno.com.br\/noticias\/ajfi11-segunda-emissao-registro-automatico\/#primaryimage"},"image":{"@id":"https:\/\/www.suno.com.br\/noticias\/ajfi11-segunda-emissao-registro-automatico\/#primaryimage"},"thumbnailUrl":"https:\/\/files.sunoresearch.com.br\/n\/uploads\/2026\/01\/stock-market-6690190_1280-1-jpg.webp","datePublished":"2026-01-19T13:05:19+00:00","description":"AJFI11 aprova segunda emiss\u00e3o com registro autom\u00e1tico da CVM, oferta restrita a investidores profissionais e volume inicial de R$ 30 milh\u00f5es.","breadcrumb":{"@id":"https:\/\/www.suno.com.br\/noticias\/ajfi11-segunda-emissao-registro-automatico\/#breadcrumb"},"inLanguage":"pt-BR","potentialAction":[{"@type":"ReadAction","target":["https:\/\/www.suno.com.br\/noticias\/ajfi11-segunda-emissao-registro-automatico\/"]}]},{"@type":"ImageObject","inLanguage":"pt-BR","@id":"https:\/\/www.suno.com.br\/noticias\/ajfi11-segunda-emissao-registro-automatico\/#primaryimage","url":"https:\/\/files.sunoresearch.com.br\/n\/uploads\/2026\/01\/stock-market-6690190_1280-1-jpg.webp","contentUrl":"https:\/\/files.sunoresearch.com.br\/n\/uploads\/2026\/01\/stock-market-6690190_1280-1-jpg.webp","width":1280,"height":853,"caption":"AJFI11 anuncia 2\u00aa emiss\u00e3o de cotas; capta\u00e7\u00e3o ser\u00e1 de R$ 30 milh\u00f5es"},{"@type":"BreadcrumbList","@id":"https:\/\/www.suno.com.br\/noticias\/ajfi11-segunda-emissao-registro-automatico\/#breadcrumb","itemListElement":[{"@type":"ListItem","position":1,"name":"Not\u00edcias","item":"https:\/\/www.suno.com.br\/noticias\/"},{"@type":"ListItem","position":2,"name":"Neg\u00f3cios","item":"https:\/\/www.suno.com.br\/noticias\/negocios\/"},{"@type":"ListItem","position":3,"name":"AJFI11 autoriza 2\u00aa capta\u00e7\u00e3o com oferta para profissionais"}]},{"@type":"WebSite","@id":"https:\/\/www.suno.com.br\/noticias\/#website","url":"https:\/\/www.suno.com.br\/noticias\/","name":"Suno Not\u00edcias","description":"Seu portal de informa\u00e7\u00e3o sobre o mundo dos investimentos","publisher":{"@id":"https:\/\/www.suno.com.br\/noticias\/#organization"},"potentialAction":[{"@type":"SearchAction","target":{"@type":"EntryPoint","urlTemplate":"https:\/\/www.suno.com.br\/noticias\/?s={search_term_string}"},"query-input":{"@type":"PropertyValueSpecification","valueRequired":true,"valueName":"search_term_string"}}],"inLanguage":"pt-BR"},{"@type":"Organization","@id":"https:\/\/www.suno.com.br\/noticias\/#organization","name":"Suno Not\u00edcias","url":"https:\/\/www.suno.com.br\/noticias\/","logo":{"@type":"ImageObject","inLanguage":"pt-BR","@id":"https:\/\/www.suno.com.br\/noticias\/#\/schema\/logo\/image\/","url":"https:\/\/files.sunoresearch.com.br\/n\/uploads\/2021\/09\/suno-logo.png","contentUrl":"https:\/\/files.sunoresearch.com.br\/n\/uploads\/2021\/09\/suno-logo.png","width":180,"height":180,"caption":"Suno Not\u00edcias"},"image":{"@id":"https:\/\/www.suno.com.br\/noticias\/#\/schema\/logo\/image\/"},"sameAs":["https:\/\/facebook.com\/sunoresearch","https:\/\/x.com\/sunoresearch","https:\/\/www.instagram.com\/suno","https:\/\/www.linkedin.com\/company\/suno-research\/","https:\/\/www.youtube.com\/c\/sunoresearch"]},{"@type":"Person","@id":"https:\/\/www.suno.com.br\/noticias\/#\/schema\/person\/c1b1bd3727fa852bd045e9dbff3673ea","name":"Reda\u00e7\u00e3o Suno Not\u00edcias","image":{"@type":"ImageObject","inLanguage":"pt-BR","@id":"https:\/\/www.suno.com.br\/noticias\/#\/schema\/person\/image\/","url":"https:\/\/secure.gravatar.com\/avatar\/b8104b9b5a71985d5238ee59fbe418af?s=96&r=g","contentUrl":"https:\/\/secure.gravatar.com\/avatar\/b8104b9b5a71985d5238ee59fbe418af?s=96&r=g","caption":"Reda\u00e7\u00e3o Suno Not\u00edcias"},"description":"O Suno Not\u00edcias \u00e9 um portal de informa\u00e7\u00f5es sobre Mercado Financeiro, Pol\u00edtica, Neg\u00f3cios, Economia e Finan\u00e7as Pessoais.","sameAs":["https:\/\/www.suno.com.br\/noticias","https:\/\/www.facebook.com\/sunonoticias\/","https:\/\/www.instagram.com\/sunonoticias\/","https:\/\/x.com\/https:\/\/twitter.com\/sunoresearch","https:\/\/www.youtube.com\/sunonoticias"],"url":"https:\/\/www.suno.com.br\/noticias\/author\/redacao-suno\/"}]}},"default_loop_html":"<div class=\"cardsPage__listCard__boxs\"><div class=\"cardsPage__listCard__boxs__img\"><a href=\"https:\/\/www.suno.com.br\/noticias\/ajfi11-segunda-emissao-registro-automatico\/\"><img class=\"mask\" src=\"https:\/\/www.suno.com.br\/noticias\/wp-content\/themes\/suno\/resources\/images\/spotlight\/spotlight1img\/bg-mask.png\" alt=\"Image Mask\"\/><img src=\"https:\/\/files.sunoresearch.com.br\/n\/uploads\/2026\/01\/stock-market-6690190_1280-1-400x200.webp\" alt=\"AJFI11 autoriza 2\u00aa capta\u00e7\u00e3o com oferta para profissionais\"\/><\/a><span class=\"spotlightCategory\"><a href=\"https:\/\/www.suno.com.br\/noticias\/fiis\/\">FIIs<\/a><\/span><\/div><div class=\"cardsPage__listCard__boxs__content\"><a href=\"https:\/\/www.suno.com.br\/noticias\/ajfi11-segunda-emissao-registro-automatico\/\"><h2 class=\"content__title\">AJFI11 autoriza 2\u00aa capta\u00e7\u00e3o com oferta para profissionais<\/h2><\/a><div class=\"newsContent__article__meta\"><div class=\"newsContent__article__meta__authorBox\"><a href=\"https:\/\/www.suno.com.br\/noticias\/author\/redacao-suno\/\" class=\"authorBox__avatar noMobi\"><img src=\"https:\/\/files.sunoresearch.com.br\/n\/uploads\/2020\/08\/0ace682d-redacao-1-150x150.webp\" alt=\"Reda\u00e7\u00e3o Suno Not\u00edcias\"><\/a><div class=\"authorBox__name\"><span>por\n\t\t\t<a href=\"https:\/\/www.suno.com.br\/noticias\/author\/redacao-suno\/\"><span itemprop=\"author\">Reda\u00e7\u00e3o Suno Not\u00edcias<\/span><\/a><\/span><time datetime=\"2026-01-19T10:05:19-03:00\" itemprop=\"datePublished\">19\/01\/2026 10:05<\/time><\/div><\/div><\/div><\/div><\/div>","single_layout":"posts","amp_enabled":true,"_links":{"self":[{"href":"https:\/\/www.suno.com.br\/noticias\/wp-json\/wp\/v2\/posts\/638891"}],"collection":[{"href":"https:\/\/www.suno.com.br\/noticias\/wp-json\/wp\/v2\/posts"}],"about":[{"href":"https:\/\/www.suno.com.br\/noticias\/wp-json\/wp\/v2\/types\/post"}],"author":[{"embeddable":true,"href":"https:\/\/www.suno.com.br\/noticias\/wp-json\/wp\/v2\/users\/43"}],"replies":[{"embeddable":true,"href":"https:\/\/www.suno.com.br\/noticias\/wp-json\/wp\/v2\/comments?post=638891"}],"version-history":[{"count":0,"href":"https:\/\/www.suno.com.br\/noticias\/wp-json\/wp\/v2\/posts\/638891\/revisions"}],"wp:featuredmedia":[{"embeddable":true,"href":"https:\/\/www.suno.com.br\/noticias\/wp-json\/wp\/v2\/media\/638892"}],"wp:attachment":[{"href":"https:\/\/www.suno.com.br\/noticias\/wp-json\/wp\/v2\/media?parent=638891"}],"wp:term":[{"taxonomy":"category","embeddable":true,"href":"https:\/\/www.suno.com.br\/noticias\/wp-json\/wp\/v2\/categories?post=638891"},{"taxonomy":"post_tag","embeddable":true,"href":"https:\/\/www.suno.com.br\/noticias\/wp-json\/wp\/v2\/tags?post=638891"},{"taxonomy":"suno_strategy","embeddable":true,"href":"https:\/\/www.suno.com.br\/noticias\/wp-json\/wp\/v2\/suno_strategy?post=638891"}],"curies":[{"name":"wp","href":"https:\/\/api.w.org\/{rel}","templated":true}]}}