{"id":63877,"date":"2020-05-07T08:09:21","date_gmt":"2020-05-07T11:09:21","guid":{"rendered":"https:\/\/www.suno.com.br\/noticias\/?p=63877"},"modified":"2020-05-07T08:09:21","modified_gmt":"2020-05-07T11:09:21","slug":"aes-tiete-tiet11-distribuicao-89-2-mi-dividendos","status":"publish","type":"post","link":"https:\/\/www.suno.com.br\/noticias\/aes-tiete-tiet11-distribuicao-89-2-mi-dividendos\/","title":{"rendered":"AES Tiet\u00ea (TIET11): Conselho aprova distribui\u00e7\u00e3o de R$ 89,2 mi em dividendos"},"content":{"rendered":"<p>O <a href=\"https:\/\/www.suno.com.br\/artigos\/conselho-administracao\/\">conselho administrativo<\/a> da <a href=\"https:\/\/www.suno.com.br\/acoes\/tiet11\/\"><strong>AES Tiet\u00ea (TIET11)<\/strong><\/a> aprovou, na \u00faltima quarta-feira (6), a distribui\u00e7\u00e3o de R$ 89,2 milh\u00f5es em <a href=\"https:\/\/www.suno.com.br\/dividendos\/\">dividendos<\/a>.<\/p>\t<div class=\"wrapper-featured-image\">\n\t\t<figure class=\"spotlightImg\">\n\n\t\t\t<picture>\n\t\t\t\t<source media=\"(max-width: 768px)\" srcset=\"https:\/\/files.sunoresearch.com.br\/n\/uploads\/2019\/02\/390de0f9-aes-tiet\u00ea-e1557240517461-400x200.webp\">\n\t\t\t\t<img loading=\"lazy\" decoding=\"async\" class=\"newsContent__article__imgCapa lazyloadDisabled newsContent__article__imgCapa--noCaption\" src=\"https:\/\/files.sunoresearch.com.br\/n\/uploads\/2019\/02\/390de0f9-aes-tiet\u00ea-e1557240517461-jpg.webp\" width=\"800\" height=\"450\" alt=\"AES Tiet\u00ea (TIET11): Conselho aprova distribui\u00e7\u00e3o de R$ 89,2 mi em dividendos\" fetchpriority=high \/>\n\t\t\t<\/picture>\n\n\t\t\t<figcaption class=\"wp-caption-text wp-caption-text--hide\">AES Tiet\u00ea (foto: divulga\u00e7\u00e3o)<\/figcaption>\n\t\t<\/figure>\n\t<\/div>\n\n\n\n<p>O valor corresponde a R$ 0,044 por <a href=\"https:\/\/www.suno.com.br\/artigos\/o-que-sao-acoes-ordinarias-preferenciais-e-units\/\">a\u00e7\u00e3o ordin\u00e1ria (ON)<\/a> e R$ 0,223 por unit. O pagamento ser\u00e1 feito no dia 20 de maio, de acordo com o comunicado da AES Tiet\u00ea.<\/p>\n<p><a href=\"https:\/\/lp.suno.com.br\/suno-one\/\"><span data-sheets-value=\"{&quot;1&quot;:2,&quot;2&quot;:&quot;Garanta acesso ao Suno One, a central de informa\u00e7\u00f5es para quem quer aprender a investir. Acesse gratuitamente clicando aqui.&quot;}\" data-sheets-userformat=\"{&quot;2&quot;:513,&quot;3&quot;:{&quot;1&quot;:0},&quot;12&quot;:0}\">Garanta acesso ao Suno One, a central de informa\u00e7\u00f5es para quem quer aprender a investir. Acesse gratuitamente clicando aqui.<\/span><\/a><\/p>\n<p>Os acionistas que tiverem posi\u00e7\u00e3o no dia 11 de maio ter\u00e3o direito aos proventos. A partir do dia 12 de maio, os pap\u00e9is ser\u00e3o negociados &#8220;ex-dividendos&#8221;.<\/p>\n<h2>Influ\u00eancia do coronav\u00edrus no resultado da companhia<\/h2>\n<p>Segundo informa\u00e7\u00f5es da AES Tiet\u00ea, a empresa n\u00e3o identificou nenhum evento relacionado ao cen\u00e1rio da pandemia de coronav\u00edrus que tenha influenciado diretamente seus resultados.<\/p>\n<p>A AES salientou ainda que a diversifica\u00e7\u00e3o de seu portf\u00f3lio ajuda a diminuir eventuais efeitos da crise. Ademais, a empresa ressaltou que realizou uma emiss\u00e3o de R$ 500 milh\u00f5es em notas promiss\u00f3rias para refor\u00e7ar seu caixa.<\/p>\n<h2>Lucro da AES Tiet\u00ea no 1T20<\/h2>\n<p>A AES divulgou seu balan\u00e7o na \u00faltima quarta-feira (6). A empresa registrou uma alta de 21,5% em seu <a href=\"https:\/\/www.suno.com.br\/artigos\/lucro-liquido\/\">lucro l\u00edquido<\/a> consolidado do primeiro trimestre deste ano. A companhia de energia el\u00e9trica lucrou R$ 75,3 milh\u00f5es no per\u00edodo. No mesmo intervalo do ano passado, a empresa apresentou lucro de R$ 62 milh\u00f5es.<\/p>\n<p>O <a href=\"https:\/\/www.suno.com.br\/artigos\/ebitda\/\"><strong>Ebitda<\/strong> (lucro antes de juros, impostos, deprecia\u00e7\u00e3o e amortiza\u00e7\u00e3o)<\/a> teve alta de 18,3%, para R$ 312,8 milh\u00f5es, em compara\u00e7\u00e3o com o valor apresentado no mesmo per\u00edodo de 2019. A <a href=\"https:\/\/www.suno.com.br\/artigos\/margem-ebitda\/\">margem Ebitda<\/a> cresceu 9 pontos percentuais, para 63,3%.<\/p>\n<p>\u201cMesmo com o cen\u00e1rio desafiador que temos pela frente, a<strong> AES Tiet\u00ea<\/strong> continua focada em avan\u00e7ar em sua estrat\u00e9gia de crescimento e gera\u00e7\u00e3o de valor para seus acionistas\u201d, comunicou a dire\u00e7\u00e3o da companhia.<\/p>\n\n","protected":false},"excerpt":{"rendered":"<p>O conselho administrativo da AES Tiet\u00ea (TIET11) aprovou, na \u00faltima quarta-feira (6), a distribui\u00e7\u00e3o de R$ 89,2 milh\u00f5es em dividendos. AES Tiet\u00ea (foto: divulga\u00e7\u00e3o) O valor corresponde a R$ 0,044 por a\u00e7\u00e3o ordin\u00e1ria (ON) e R$ 0,223 por unit. O pagamento ser\u00e1 feito no dia 20 de maio, de acordo com o comunicado da AES [&hellip;]<\/p>\n","protected":false},"author":19,"featured_media":16943,"comment_status":"closed","ping_status":"closed","sticky":false,"template":"","format":"standard","meta":[],"categories":[64],"tags":[347,295],"suno_strategy":[],"class_list":["post-63877","post","type-post","status-publish","format-standard","has-post-thumbnail","hentry","category-negocios","tag-aes-tiete-tiet3-tiet4-tiet11","tag-dividendos"],"yoast_head":"<!-- This site is optimized with the Yoast SEO plugin v24.4 - https:\/\/yoast.com\/wordpress\/plugins\/seo\/ -->\n<title>AES Tiet\u00ea (TIET11) aprova distribui\u00e7\u00e3o de R$ 89,2 mi em dividendos<\/title>\n<meta name=\"description\" content=\"O conselho administrativo da AES Tiet\u00ea (TIET11) aprovou, na \u00faltima quarta-feira (6), a distribui\u00e7\u00e3o de R$ 89,2 milh\u00f5es em dividendos.\u00a0\" \/>\n<meta name=\"robots\" content=\"index, follow, max-snippet:-1, max-image-preview:large, max-video-preview:-1\" \/>\n<link rel=\"canonical\" href=\"https:\/\/www.suno.com.br\/noticias\/aes-tiete-tiet11-distribuicao-89-2-mi-dividendos\/\" \/>\n<meta property=\"og:locale\" content=\"pt_BR\" \/>\n<meta property=\"og:type\" content=\"article\" \/>\n<meta property=\"og:title\" content=\"AES Tiet\u00ea (TIET11) aprova distribui\u00e7\u00e3o de R$ 89,2 mi em dividendos\" \/>\n<meta property=\"og:description\" content=\"O conselho administrativo da AES Tiet\u00ea (TIET11) aprovou, na \u00faltima quarta-feira (6), a distribui\u00e7\u00e3o de R$ 89,2 milh\u00f5es em dividendos.\u00a0\" \/>\n<meta property=\"og:url\" content=\"https:\/\/www.suno.com.br\/noticias\/aes-tiete-tiet11-distribuicao-89-2-mi-dividendos\/\" \/>\n<meta property=\"og:site_name\" content=\"Suno Not\u00edcias\" \/>\n<meta property=\"article:publisher\" content=\"https:\/\/facebook.com\/sunoresearch\" \/>\n<meta property=\"og:image\" content=\"https:\/\/files.sunoresearch.com.br\/n\/uploads\/2019\/02\/390de0f9-aes-tiet\u00ea-e1557240517461.jpg\" \/>\n\t<meta property=\"og:image:width\" content=\"778\" \/>\n\t<meta property=\"og:image:height\" content=\"397\" \/>\n\t<meta property=\"og:image:type\" content=\"image\/jpeg\" \/>\n<meta name=\"author\" content=\"Juliano Passaro\" \/>\n<meta name=\"twitter:card\" content=\"summary_large_image\" \/>\n<meta name=\"twitter:creator\" content=\"@sunoresearch\" \/>\n<meta name=\"twitter:site\" content=\"@sunoresearch\" \/>\n<meta name=\"twitter:label1\" content=\"Escrito por\" \/>\n\t<meta name=\"twitter:data1\" content=\"Juliano Passaro\" \/>\n\t<meta name=\"twitter:label2\" content=\"Est. tempo de leitura\" \/>\n\t<meta name=\"twitter:data2\" content=\"2 minutos\" \/>\n<script type=\"application\/ld+json\" class=\"yoast-schema-graph\">{\"@context\":\"https:\/\/schema.org\",\"@graph\":[{\"@type\":\"NewsArticle\",\"@id\":\"https:\/\/www.suno.com.br\/noticias\/aes-tiete-tiet11-distribuicao-89-2-mi-dividendos\/#article\",\"isPartOf\":{\"@id\":\"https:\/\/www.suno.com.br\/noticias\/aes-tiete-tiet11-distribuicao-89-2-mi-dividendos\/\"},\"author\":{\"name\":\"Juliano Passaro\",\"@id\":\"https:\/\/www.suno.com.br\/noticias\/#\/schema\/person\/1db762f78ffd8919a648a63e425953e3\"},\"headline\":\"AES Tiet\u00ea (TIET11): Conselho aprova distribui\u00e7\u00e3o de R$ 89,2 mi em dividendos\",\"datePublished\":\"2020-05-07T11:09:21+00:00\",\"mainEntityOfPage\":{\"@id\":\"https:\/\/www.suno.com.br\/noticias\/aes-tiete-tiet11-distribuicao-89-2-mi-dividendos\/\"},\"wordCount\":332,\"publisher\":{\"@id\":\"https:\/\/www.suno.com.br\/noticias\/#organization\"},\"image\":{\"@id\":\"https:\/\/www.suno.com.br\/noticias\/aes-tiete-tiet11-distribuicao-89-2-mi-dividendos\/#primaryimage\"},\"thumbnailUrl\":\"https:\/\/files.sunoresearch.com.br\/n\/uploads\/2019\/02\/390de0f9-aes-tiet\u00ea-e1557240517461-jpg.webp\",\"keywords\":[\"AES Tiet\u00ea (TIET3\/TIET4\/TIET11)\",\"dividendos\"],\"articleSection\":[\"Neg\u00f3cios\"],\"inLanguage\":\"pt-BR\"},{\"@type\":\"WebPage\",\"@id\":\"https:\/\/www.suno.com.br\/noticias\/aes-tiete-tiet11-distribuicao-89-2-mi-dividendos\/\",\"url\":\"https:\/\/www.suno.com.br\/noticias\/aes-tiete-tiet11-distribuicao-89-2-mi-dividendos\/\",\"name\":\"AES Tiet\u00ea (TIET11) aprova distribui\u00e7\u00e3o de R$ 89,2 mi em dividendos\",\"isPartOf\":{\"@id\":\"https:\/\/www.suno.com.br\/noticias\/#website\"},\"primaryImageOfPage\":{\"@id\":\"https:\/\/www.suno.com.br\/noticias\/aes-tiete-tiet11-distribuicao-89-2-mi-dividendos\/#primaryimage\"},\"image\":{\"@id\":\"https:\/\/www.suno.com.br\/noticias\/aes-tiete-tiet11-distribuicao-89-2-mi-dividendos\/#primaryimage\"},\"thumbnailUrl\":\"https:\/\/files.sunoresearch.com.br\/n\/uploads\/2019\/02\/390de0f9-aes-tiet\u00ea-e1557240517461-jpg.webp\",\"datePublished\":\"2020-05-07T11:09:21+00:00\",\"description\":\"O conselho administrativo da AES Tiet\u00ea (TIET11) aprovou, na \u00faltima quarta-feira (6), a distribui\u00e7\u00e3o de R$ 89,2 milh\u00f5es em dividendos.\u00a0\",\"breadcrumb\":{\"@id\":\"https:\/\/www.suno.com.br\/noticias\/aes-tiete-tiet11-distribuicao-89-2-mi-dividendos\/#breadcrumb\"},\"inLanguage\":\"pt-BR\",\"potentialAction\":[{\"@type\":\"ReadAction\",\"target\":[\"https:\/\/www.suno.com.br\/noticias\/aes-tiete-tiet11-distribuicao-89-2-mi-dividendos\/\"]}]},{\"@type\":\"ImageObject\",\"inLanguage\":\"pt-BR\",\"@id\":\"https:\/\/www.suno.com.br\/noticias\/aes-tiete-tiet11-distribuicao-89-2-mi-dividendos\/#primaryimage\",\"url\":\"https:\/\/files.sunoresearch.com.br\/n\/uploads\/2019\/02\/390de0f9-aes-tiet\u00ea-e1557240517461-jpg.webp\",\"contentUrl\":\"https:\/\/files.sunoresearch.com.br\/n\/uploads\/2019\/02\/390de0f9-aes-tiet\u00ea-e1557240517461-jpg.webp\",\"width\":778,\"height\":397,\"caption\":\"AES Tiet\u00ea (foto: divulga\u00e7\u00e3o)\"},{\"@type\":\"BreadcrumbList\",\"@id\":\"https:\/\/www.suno.com.br\/noticias\/aes-tiete-tiet11-distribuicao-89-2-mi-dividendos\/#breadcrumb\",\"itemListElement\":[{\"@type\":\"ListItem\",\"position\":1,\"name\":\"Not\u00edcias\",\"item\":\"https:\/\/www.suno.com.br\/noticias\/\"},{\"@type\":\"ListItem\",\"position\":2,\"name\":\"Neg\u00f3cios\",\"item\":\"https:\/\/www.suno.com.br\/noticias\/negocios\/\"},{\"@type\":\"ListItem\",\"position\":3,\"name\":\"AES Tiet\u00ea (TIET11): Conselho aprova distribui\u00e7\u00e3o de R$ 89,2 mi em dividendos\"}]},{\"@type\":\"WebSite\",\"@id\":\"https:\/\/www.suno.com.br\/noticias\/#website\",\"url\":\"https:\/\/www.suno.com.br\/noticias\/\",\"name\":\"Suno Not\u00edcias\",\"description\":\"Seu portal de informa\u00e7\u00e3o sobre o mundo dos investimentos\",\"publisher\":{\"@id\":\"https:\/\/www.suno.com.br\/noticias\/#organization\"},\"potentialAction\":[{\"@type\":\"SearchAction\",\"target\":{\"@type\":\"EntryPoint\",\"urlTemplate\":\"https:\/\/www.suno.com.br\/noticias\/?s={search_term_string}\"},\"query-input\":{\"@type\":\"PropertyValueSpecification\",\"valueRequired\":true,\"valueName\":\"search_term_string\"}}],\"inLanguage\":\"pt-BR\"},{\"@type\":\"Organization\",\"@id\":\"https:\/\/www.suno.com.br\/noticias\/#organization\",\"name\":\"Suno Not\u00edcias\",\"url\":\"https:\/\/www.suno.com.br\/noticias\/\",\"logo\":{\"@type\":\"ImageObject\",\"inLanguage\":\"pt-BR\",\"@id\":\"https:\/\/www.suno.com.br\/noticias\/#\/schema\/logo\/image\/\",\"url\":\"https:\/\/files.sunoresearch.com.br\/n\/uploads\/2021\/09\/suno-logo.png\",\"contentUrl\":\"https:\/\/files.sunoresearch.com.br\/n\/uploads\/2021\/09\/suno-logo.png\",\"width\":180,\"height\":180,\"caption\":\"Suno Not\u00edcias\"},\"image\":{\"@id\":\"https:\/\/www.suno.com.br\/noticias\/#\/schema\/logo\/image\/\"},\"sameAs\":[\"https:\/\/facebook.com\/sunoresearch\",\"https:\/\/x.com\/sunoresearch\",\"https:\/\/www.instagram.com\/suno\",\"https:\/\/www.linkedin.com\/company\/suno-research\/\",\"https:\/\/www.youtube.com\/c\/sunoresearch\"]},{\"@type\":\"Person\",\"@id\":\"https:\/\/www.suno.com.br\/noticias\/#\/schema\/person\/1db762f78ffd8919a648a63e425953e3\",\"name\":\"Juliano Passaro\",\"image\":{\"@type\":\"ImageObject\",\"inLanguage\":\"pt-BR\",\"@id\":\"https:\/\/www.suno.com.br\/noticias\/#\/schema\/person\/image\/\",\"url\":\"https:\/\/secure.gravatar.com\/avatar\/743d4df28eebf6dcc46b4ad03c319e92?s=96&r=g\",\"contentUrl\":\"https:\/\/secure.gravatar.com\/avatar\/743d4df28eebf6dcc46b4ad03c319e92?s=96&r=g\",\"caption\":\"Juliano Passaro\"},\"description\":\"Juliano Passaro escreve sobre pol\u00edtica, economia e neg\u00f3cios para o portal da Suno Research. Antes da Suno, trabalhou no Portal da Band. \u00c9 formado em jornalismo pela Universidade Presbiteriana Mackenzie.\",\"url\":\"https:\/\/www.suno.com.br\/noticias\/author\/juliano\/\"}]}<\/script>\n<!-- \/ Yoast SEO plugin. -->","yoast_head_json":{"title":"AES Tiet\u00ea (TIET11) aprova distribui\u00e7\u00e3o de R$ 89,2 mi em dividendos","description":"O conselho administrativo da AES Tiet\u00ea (TIET11) aprovou, na \u00faltima quarta-feira (6), a distribui\u00e7\u00e3o de R$ 89,2 milh\u00f5es em dividendos.\u00a0","robots":{"index":"index","follow":"follow","max-snippet":"max-snippet:-1","max-image-preview":"max-image-preview:large","max-video-preview":"max-video-preview:-1"},"canonical":"https:\/\/www.suno.com.br\/noticias\/aes-tiete-tiet11-distribuicao-89-2-mi-dividendos\/","og_locale":"pt_BR","og_type":"article","og_title":"AES Tiet\u00ea (TIET11) aprova distribui\u00e7\u00e3o de R$ 89,2 mi em dividendos","og_description":"O conselho administrativo da AES Tiet\u00ea (TIET11) aprovou, na \u00faltima quarta-feira (6), a distribui\u00e7\u00e3o de R$ 89,2 milh\u00f5es em dividendos.\u00a0","og_url":"https:\/\/www.suno.com.br\/noticias\/aes-tiete-tiet11-distribuicao-89-2-mi-dividendos\/","og_site_name":"Suno Not\u00edcias","article_publisher":"https:\/\/facebook.com\/sunoresearch","og_image":[{"width":778,"height":397,"url":"https:\/\/files.sunoresearch.com.br\/n\/uploads\/2019\/02\/390de0f9-aes-tiet\u00ea-e1557240517461.jpg","type":"image\/jpeg"}],"author":"Juliano Passaro","twitter_card":"summary_large_image","twitter_creator":"@sunoresearch","twitter_site":"@sunoresearch","twitter_misc":{"Escrito por":"Juliano Passaro","Est. tempo de leitura":"2 minutos"},"schema":{"@context":"https:\/\/schema.org","@graph":[{"@type":"NewsArticle","@id":"https:\/\/www.suno.com.br\/noticias\/aes-tiete-tiet11-distribuicao-89-2-mi-dividendos\/#article","isPartOf":{"@id":"https:\/\/www.suno.com.br\/noticias\/aes-tiete-tiet11-distribuicao-89-2-mi-dividendos\/"},"author":{"name":"Juliano Passaro","@id":"https:\/\/www.suno.com.br\/noticias\/#\/schema\/person\/1db762f78ffd8919a648a63e425953e3"},"headline":"AES Tiet\u00ea (TIET11): Conselho aprova distribui\u00e7\u00e3o de R$ 89,2 mi em dividendos","datePublished":"2020-05-07T11:09:21+00:00","mainEntityOfPage":{"@id":"https:\/\/www.suno.com.br\/noticias\/aes-tiete-tiet11-distribuicao-89-2-mi-dividendos\/"},"wordCount":332,"publisher":{"@id":"https:\/\/www.suno.com.br\/noticias\/#organization"},"image":{"@id":"https:\/\/www.suno.com.br\/noticias\/aes-tiete-tiet11-distribuicao-89-2-mi-dividendos\/#primaryimage"},"thumbnailUrl":"https:\/\/files.sunoresearch.com.br\/n\/uploads\/2019\/02\/390de0f9-aes-tiet\u00ea-e1557240517461-jpg.webp","keywords":["AES Tiet\u00ea (TIET3\/TIET4\/TIET11)","dividendos"],"articleSection":["Neg\u00f3cios"],"inLanguage":"pt-BR"},{"@type":"WebPage","@id":"https:\/\/www.suno.com.br\/noticias\/aes-tiete-tiet11-distribuicao-89-2-mi-dividendos\/","url":"https:\/\/www.suno.com.br\/noticias\/aes-tiete-tiet11-distribuicao-89-2-mi-dividendos\/","name":"AES Tiet\u00ea (TIET11) aprova distribui\u00e7\u00e3o de R$ 89,2 mi em dividendos","isPartOf":{"@id":"https:\/\/www.suno.com.br\/noticias\/#website"},"primaryImageOfPage":{"@id":"https:\/\/www.suno.com.br\/noticias\/aes-tiete-tiet11-distribuicao-89-2-mi-dividendos\/#primaryimage"},"image":{"@id":"https:\/\/www.suno.com.br\/noticias\/aes-tiete-tiet11-distribuicao-89-2-mi-dividendos\/#primaryimage"},"thumbnailUrl":"https:\/\/files.sunoresearch.com.br\/n\/uploads\/2019\/02\/390de0f9-aes-tiet\u00ea-e1557240517461-jpg.webp","datePublished":"2020-05-07T11:09:21+00:00","description":"O conselho administrativo da AES Tiet\u00ea (TIET11) aprovou, na \u00faltima quarta-feira (6), a distribui\u00e7\u00e3o de R$ 89,2 milh\u00f5es em dividendos.\u00a0","breadcrumb":{"@id":"https:\/\/www.suno.com.br\/noticias\/aes-tiete-tiet11-distribuicao-89-2-mi-dividendos\/#breadcrumb"},"inLanguage":"pt-BR","potentialAction":[{"@type":"ReadAction","target":["https:\/\/www.suno.com.br\/noticias\/aes-tiete-tiet11-distribuicao-89-2-mi-dividendos\/"]}]},{"@type":"ImageObject","inLanguage":"pt-BR","@id":"https:\/\/www.suno.com.br\/noticias\/aes-tiete-tiet11-distribuicao-89-2-mi-dividendos\/#primaryimage","url":"https:\/\/files.sunoresearch.com.br\/n\/uploads\/2019\/02\/390de0f9-aes-tiet\u00ea-e1557240517461-jpg.webp","contentUrl":"https:\/\/files.sunoresearch.com.br\/n\/uploads\/2019\/02\/390de0f9-aes-tiet\u00ea-e1557240517461-jpg.webp","width":778,"height":397,"caption":"AES Tiet\u00ea (foto: divulga\u00e7\u00e3o)"},{"@type":"BreadcrumbList","@id":"https:\/\/www.suno.com.br\/noticias\/aes-tiete-tiet11-distribuicao-89-2-mi-dividendos\/#breadcrumb","itemListElement":[{"@type":"ListItem","position":1,"name":"Not\u00edcias","item":"https:\/\/www.suno.com.br\/noticias\/"},{"@type":"ListItem","position":2,"name":"Neg\u00f3cios","item":"https:\/\/www.suno.com.br\/noticias\/negocios\/"},{"@type":"ListItem","position":3,"name":"AES Tiet\u00ea (TIET11): Conselho aprova distribui\u00e7\u00e3o de R$ 89,2 mi em dividendos"}]},{"@type":"WebSite","@id":"https:\/\/www.suno.com.br\/noticias\/#website","url":"https:\/\/www.suno.com.br\/noticias\/","name":"Suno Not\u00edcias","description":"Seu portal de informa\u00e7\u00e3o sobre o mundo dos investimentos","publisher":{"@id":"https:\/\/www.suno.com.br\/noticias\/#organization"},"potentialAction":[{"@type":"SearchAction","target":{"@type":"EntryPoint","urlTemplate":"https:\/\/www.suno.com.br\/noticias\/?s={search_term_string}"},"query-input":{"@type":"PropertyValueSpecification","valueRequired":true,"valueName":"search_term_string"}}],"inLanguage":"pt-BR"},{"@type":"Organization","@id":"https:\/\/www.suno.com.br\/noticias\/#organization","name":"Suno Not\u00edcias","url":"https:\/\/www.suno.com.br\/noticias\/","logo":{"@type":"ImageObject","inLanguage":"pt-BR","@id":"https:\/\/www.suno.com.br\/noticias\/#\/schema\/logo\/image\/","url":"https:\/\/files.sunoresearch.com.br\/n\/uploads\/2021\/09\/suno-logo.png","contentUrl":"https:\/\/files.sunoresearch.com.br\/n\/uploads\/2021\/09\/suno-logo.png","width":180,"height":180,"caption":"Suno Not\u00edcias"},"image":{"@id":"https:\/\/www.suno.com.br\/noticias\/#\/schema\/logo\/image\/"},"sameAs":["https:\/\/facebook.com\/sunoresearch","https:\/\/x.com\/sunoresearch","https:\/\/www.instagram.com\/suno","https:\/\/www.linkedin.com\/company\/suno-research\/","https:\/\/www.youtube.com\/c\/sunoresearch"]},{"@type":"Person","@id":"https:\/\/www.suno.com.br\/noticias\/#\/schema\/person\/1db762f78ffd8919a648a63e425953e3","name":"Juliano Passaro","image":{"@type":"ImageObject","inLanguage":"pt-BR","@id":"https:\/\/www.suno.com.br\/noticias\/#\/schema\/person\/image\/","url":"https:\/\/secure.gravatar.com\/avatar\/743d4df28eebf6dcc46b4ad03c319e92?s=96&r=g","contentUrl":"https:\/\/secure.gravatar.com\/avatar\/743d4df28eebf6dcc46b4ad03c319e92?s=96&r=g","caption":"Juliano Passaro"},"description":"Juliano Passaro escreve sobre pol\u00edtica, economia e neg\u00f3cios para o portal da Suno Research. Antes da Suno, trabalhou no Portal da Band. \u00c9 formado em jornalismo pela Universidade Presbiteriana Mackenzie.","url":"https:\/\/www.suno.com.br\/noticias\/author\/juliano\/"}]}},"default_loop_html":"<div class=\"cardsPage__listCard__boxs\"><div class=\"cardsPage__listCard__boxs__img\"><a href=\"https:\/\/www.suno.com.br\/noticias\/aes-tiete-tiet11-distribuicao-89-2-mi-dividendos\/\"><img class=\"mask\" src=\"https:\/\/www.suno.com.br\/noticias\/wp-content\/themes\/suno\/resources\/images\/spotlight\/spotlight1img\/bg-mask.png\" alt=\"Image Mask\"\/><img src=\"https:\/\/files.sunoresearch.com.br\/n\/uploads\/2019\/02\/390de0f9-aes-tiet\u00ea-e1557240517461-400x200.webp\" alt=\"AES Tiet\u00ea (TIET11): Conselho aprova distribui\u00e7\u00e3o de R$ 89,2 mi em dividendos\"\/><\/a><span class=\"spotlightCategory\"><a href=\"https:\/\/www.suno.com.br\/noticias\/negocios\/\">Neg\u00f3cios<\/a><\/span><\/div><div class=\"cardsPage__listCard__boxs__content\"><a href=\"https:\/\/www.suno.com.br\/noticias\/aes-tiete-tiet11-distribuicao-89-2-mi-dividendos\/\"><h2 class=\"content__title\">AES Tiet\u00ea (TIET11): Conselho aprova distribui\u00e7\u00e3o de R$ 89,2 mi em dividendos<\/h2><\/a><div class=\"newsContent__article__meta\"><div class=\"newsContent__article__meta__authorBox\"><a href=\"https:\/\/www.suno.com.br\/noticias\/author\/juliano\/\" class=\"authorBox__avatar noMobi\"><img src=\"https:\/\/files.sunoresearch.com.br\/n\/uploads\/2019\/06\/7cc3efea-whatsapp-image-2019-07-18-at-21.59.33-e1563499821209-150x150.webp\" alt=\"Juliano Passaro\"><\/a><div class=\"authorBox__name\"><span>por\n\t\t\t<a href=\"https:\/\/www.suno.com.br\/noticias\/author\/juliano\/\"><span itemprop=\"author\">Juliano Passaro<\/span><\/a><\/span><time datetime=\"2020-05-07T08:09:21-03:00\" itemprop=\"datePublished\">07\/05\/2020 08:09<\/time><\/div><\/div><\/div><\/div><\/div>","single_layout":"posts","amp_enabled":true,"_links":{"self":[{"href":"https:\/\/www.suno.com.br\/noticias\/wp-json\/wp\/v2\/posts\/63877"}],"collection":[{"href":"https:\/\/www.suno.com.br\/noticias\/wp-json\/wp\/v2\/posts"}],"about":[{"href":"https:\/\/www.suno.com.br\/noticias\/wp-json\/wp\/v2\/types\/post"}],"author":[{"embeddable":true,"href":"https:\/\/www.suno.com.br\/noticias\/wp-json\/wp\/v2\/users\/19"}],"replies":[{"embeddable":true,"href":"https:\/\/www.suno.com.br\/noticias\/wp-json\/wp\/v2\/comments?post=63877"}],"version-history":[{"count":0,"href":"https:\/\/www.suno.com.br\/noticias\/wp-json\/wp\/v2\/posts\/63877\/revisions"}],"wp:featuredmedia":[{"embeddable":true,"href":"https:\/\/www.suno.com.br\/noticias\/wp-json\/wp\/v2\/media\/16943"}],"wp:attachment":[{"href":"https:\/\/www.suno.com.br\/noticias\/wp-json\/wp\/v2\/media?parent=63877"}],"wp:term":[{"taxonomy":"category","embeddable":true,"href":"https:\/\/www.suno.com.br\/noticias\/wp-json\/wp\/v2\/categories?post=63877"},{"taxonomy":"post_tag","embeddable":true,"href":"https:\/\/www.suno.com.br\/noticias\/wp-json\/wp\/v2\/tags?post=63877"},{"taxonomy":"suno_strategy","embeddable":true,"href":"https:\/\/www.suno.com.br\/noticias\/wp-json\/wp\/v2\/suno_strategy?post=63877"}],"curies":[{"name":"wp","href":"https:\/\/api.w.org\/{rel}","templated":true}]}}