{"id":638745,"date":"2026-01-16T15:35:20","date_gmt":"2026-01-16T18:35:20","guid":{"rendered":"https:\/\/www.suno.com.br\/noticias\/rmai11-sem-impacto-liquidacao-ex-administradora\/"},"modified":"2026-01-16T15:53:33","modified_gmt":"2026-01-16T18:53:33","slug":"rmai11-sem-impacto-liquidacao-ex-administradora","status":"publish","type":"post","link":"https:\/\/www.suno.com.br\/noticias\/rmai11-sem-impacto-liquidacao-ex-administradora\/","title":{"rendered":"RMAI11 mant\u00e9m opera\u00e7\u00f5es ap\u00f3s liquida\u00e7\u00e3o da ex-administradora"},"content":{"rendered":"<p>O <a class=\"suno-keyword\" href=\"https:\/\/www.suno.com.br\/fundos-imobiliarios\/rmai11\/\" target=\"_blank\" rel=\"noopener\" data-force=\"no\" data-priority=\"2\"><strong>RMAI11<\/strong><\/a> comunicou aos investidores que a liquida\u00e7\u00e3o extrajudicial da Reag Trust DTVM, decretada pelo Banco Central, n\u00e3o traz impacto para suas opera\u00e7\u00f5es. A altera\u00e7\u00e3o da administradora fiduci\u00e1ria j\u00e1 havia sido deliberada e executada antes da medida, garantindo continuidade e seguran\u00e7a ao fundo. Com isso, as atividades seguem regulares, sem mudan\u00e7as na administra\u00e7\u00e3o ou na <strong>gest\u00e3o do fundo<\/strong>.<\/p>\t<div class=\"wrapper-featured-image\">\n\t\t<figure class=\"spotlightImg\">\n\n\t\t\t<picture>\n\t\t\t\t<source media=\"(max-width: 768px)\" srcset=\"https:\/\/files.sunoresearch.com.br\/n\/uploads\/2026\/01\/predios-empresariais-imoveis-investir-fii-400x200.webp\">\n\t\t\t\t<img loading=\"lazy\" decoding=\"async\" class=\"newsContent__article__imgCapa lazyloadDisabled \" src=\"https:\/\/files.sunoresearch.com.br\/n\/uploads\/2026\/01\/predios-empresariais-imoveis-investir-fii-800x450.webp\" width=\"800\" height=\"450\" alt=\"RMAI11 mant\u00e9m opera\u00e7\u00f5es ap\u00f3s liquida\u00e7\u00e3o da ex-administradora\" fetchpriority=high \/>\n\t\t\t<\/picture>\n\n\t\t\t<figcaption class=\"wp-caption-text wp-caption-text--show\">SNME11. Foto: iStock<\/figcaption>\n\t\t<\/figure>\n\t<\/div>\n\n\n\n\n\n\t<p>\n\t\t<a href=\"https:\/\/lp.suno.com.br\/plataforma-de-controle-de-investimentos\/\" target=\"_blank\" data-element=\"shortcode-suno-banner\" title=\"Banner SUNO, clique e saiba mais\">\n\t\t\t<picture>\n\t\t\t\t<source media=\"(max-width: 500px)\" srcset=\"https:\/\/files.sunoresearch.com.br\/n\/uploads\/2023\/03\/400x300-Controle-de-Investimentos.png\">\n\t\t\t\t<img class=\"newsContent__article__imgCapa newsContent__article__imgCapa--banner\"\n\t\t\t\t\tsrc=\"https:\/\/files.sunoresearch.com.br\/n\/uploads\/2023\/03\/1420x240-Controle-de-Investimentos.png\"\n\t\t\t\t\tdata-promo-id=\"383162\"\t\t\t\t\t\t\t\t\t\twidth='1420' height='240'\t\t\t\t\talt=\"https:\/\/files.sunoresearch.com.br\/n\/uploads\/2023\/03\/1420x240-Controle-de-Investimentos.png\"\n\t\t\t\t>\n\t\t\t<\/picture>\n\t\t<\/a>\n\t<\/p>\n\n\n\n\n\n<p>Em <a class=\"suno-keyword\" href=\"https:\/\/www.suno.com.br\/artigos\/fato-relevante\/\" target=\"_blank\" rel=\"noopener\" data-force=\"no\" data-priority=\"1\">Fato Relevante<\/a>, o fundo reafirmou que o processo de <strong>liquida\u00e7\u00e3o extrajudicial<\/strong> da antiga administradora n\u00e3o interfere no funcionamento. A decis\u00e3o se sustenta na aprova\u00e7\u00e3o em <strong>assembleia de cotistas<\/strong>, que autorizou a troca da administradora e preparou a estrutura para transi\u00e7\u00e3o ordenada. O foco permanece na prote\u00e7\u00e3o do patrim\u00f4nio e na rotina operacional.<\/p>\n\n\n\n<p>A <strong>Assembleia Geral de Cotistas<\/strong> realizada em 29 de dezembro de 2025 aprovou a substitui\u00e7\u00e3o da administradora fiduci\u00e1ria. A <strong>Planner Corretora de Valores S.A.<\/strong> assumiu oficialmente as fun\u00e7\u00f5es no in\u00edcio do preg\u00e3o de 30 de dezembro de 2025, assegurando continuidade na presta\u00e7\u00e3o de servi\u00e7os e na observ\u00e2ncia regulat\u00f3ria do mercado.<\/p>\n\n\n\n<p>Quando o Banco Central determinou a liquida\u00e7\u00e3o extrajudicial da <strong>Reag Trust DTVM<\/strong>, a companhia j\u00e1 n\u00e3o ocupava o papel de administradora fiduci\u00e1ria. Com isso, n\u00e3o havia v\u00ednculos pr\u00e1ticos que pudessem afetar governan\u00e7a, compliance ou rotinas operacionais do ve\u00edculo. Essa separa\u00e7\u00e3o reduziu riscos e evitou ru\u00eddos na comunica\u00e7\u00e3o ao mercado.<\/p>\n\n\n\t<p>\n\t\t<a href=\"\" target=\"_blank\" data-element=\"shortcode-suno-banner\" title=\"Banner SUNO, clique e saiba mais\">\n\t\t\t<picture>\n\t\t\t\t<source media=\"(max-width: 500px)\" srcset=\"\">\n\t\t\t\t<img class=\"newsContent__article__imgCapa newsContent__article__imgCapa--banner\"\n\t\t\t\t\tsrc=\"\"\n\t\t\t\t\tdata-promo-id=\"77014\"\t\t\t\t\t\t\t\t\t\t\t\t\t\t\talt=\"\"\n\t\t\t\t>\n\t\t\t<\/picture>\n\t\t<\/a>\n\t<\/p>\n\n\n\n\n\n<p>A <strong>Arandu Gest\u00e3o de <a class=\"suno-keyword\" href=\"https:\/\/www.suno.com.br\/fundos-imobiliarios\/\" target=\"_blank\" rel=\"noopener\" data-force=\"no\" data-priority=\"2\">Fundos Imobili\u00e1rios<\/a> Ltda.<\/strong> permanece como gestora, conforme deliberado em assembleia. A gestora, anteriormente denominada <strong>Reag Gest\u00e3o de Fundos Imobili\u00e1rios Ltda.<\/strong>, alterou sua raz\u00e3o social e se desvinculou do grupo econ\u00f4mico da antiga administradora. As diretrizes de aloca\u00e7\u00e3o e monitoramento dos ativos seguem inalteradas e alinhadas \u00e0 pol\u00edtica vigente.<\/p>\n\n\n\n<p>Tanto a administradora quanto a gestora reiteraram que a liquida\u00e7\u00e3o da ex-administradora n\u00e3o altera a <a class=\"suno-keyword\" href=\"https:\/\/www.suno.com.br\/artigos\/politica-de-investimentos\/\" target=\"_blank\" rel=\"noopener\" data-force=\"no\" data-priority=\"1\">pol\u00edtica de investimentos<\/a>, nem a <strong>gest\u00e3o do fundo<\/strong>. O portf\u00f3lio continua dentro dos par\u00e2metros usuais de risco e retorno, com foco em efici\u00eancia operacional e governan\u00e7a.<\/p>\n\n\n\n<p>O <strong>RMAI11<\/strong> informou ainda que suas cotas seguem negociadas normalmente na <strong>B3<\/strong>, sem interrup\u00e7\u00f5es ou restri\u00e7\u00f5es. A liquidez e a forma\u00e7\u00e3o de pre\u00e7os permanecem \u00edntegras, refor\u00e7ando a confian\u00e7a na estrutura atual e a continuidade da estrat\u00e9gia.<\/p>\n\n\n\n\n\t<p>\n\t\t<a href=\"https:\/\/lp.suno.com.br\/ebook-investindo-em-fiis\/\" target=\"_blank\" data-element=\"shortcode-suno-banner\" title=\"Banner SUNO, clique e saiba mais\">\n\t\t\t<picture>\n\t\t\t\t<source media=\"(max-width: 500px)\" srcset=\"https:\/\/files.sunoresearch.com.br\/n\/uploads\/2023\/07\/Ebook-Fundos-Imobiliarios-Mobile.jpg\">\n\t\t\t\t<img class=\"newsContent__article__imgCapa newsContent__article__imgCapa--banner\"\n\t\t\t\t\tsrc=\"https:\/\/files.sunoresearch.com.br\/n\/uploads\/2023\/07\/Ebook-Fundos-Imobiliarios-Desktop.jpg\"\n\t\t\t\t\tdata-promo-id=\"378301\"\t\t\t\t\t\t\t\t\t\twidth='1420' height='286'\t\t\t\t\talt=\"https:\/\/files.sunoresearch.com.br\/n\/uploads\/2023\/07\/Ebook-Fundos-Imobiliarios-Desktop.jpg\"\n\t\t\t\t>\n\t\t\t<\/picture>\n\t\t<\/a>\n\t<\/p>\n\n\n","protected":false},"excerpt":{"rendered":"<p>O RMAI11 comunicou aos investidores que a liquida\u00e7\u00e3o extrajudicial da Reag Trust DTVM, decretada pelo Banco Central, n\u00e3o traz impacto para suas opera\u00e7\u00f5es. A altera\u00e7\u00e3o da administradora fiduci\u00e1ria j\u00e1 havia sido deliberada e executada antes da medida, garantindo continuidade e seguran\u00e7a ao fundo. Com isso, as atividades seguem regulares, sem mudan\u00e7as na administra\u00e7\u00e3o ou na &hellip; Continued<\/p>\n","protected":false},"author":43,"featured_media":638746,"comment_status":"closed","ping_status":"closed","sticky":false,"template":"","format":"standard","meta":[],"categories":[66],"tags":[315],"suno_strategy":[],"class_list":["post-638745","post","type-post","status-publish","format-standard","has-post-thumbnail","hentry","category-fiis","tag-fundos-imobiliarios-fiis"],"yoast_head":"<!-- This site is optimized with the Yoast SEO plugin v24.4 - https:\/\/yoast.com\/wordpress\/plugins\/seo\/ -->\n<title>RMAI11: liquida\u00e7\u00e3o da ex-administradora sem impacto<\/title>\n<meta name=\"description\" content=\"RMAI11 informa que a liquida\u00e7\u00e3o da Reag Trust n\u00e3o afeta a gest\u00e3o do fundo; nova administradora j\u00e1 operava desde dezembro.\" \/>\n<meta name=\"robots\" content=\"index, follow, max-snippet:-1, max-image-preview:large, max-video-preview:-1\" \/>\n<link rel=\"canonical\" href=\"https:\/\/www.suno.com.br\/noticias\/rmai11-sem-impacto-liquidacao-ex-administradora\/\" \/>\n<meta property=\"og:locale\" content=\"pt_BR\" \/>\n<meta property=\"og:type\" content=\"article\" \/>\n<meta property=\"og:title\" content=\"RMAI11: liquida\u00e7\u00e3o da ex-administradora sem impacto\" \/>\n<meta property=\"og:description\" content=\"RMAI11 informa que a liquida\u00e7\u00e3o da Reag Trust n\u00e3o afeta a gest\u00e3o do fundo; nova administradora j\u00e1 operava desde dezembro.\" \/>\n<meta property=\"og:url\" content=\"https:\/\/www.suno.com.br\/noticias\/rmai11-sem-impacto-liquidacao-ex-administradora\/\" \/>\n<meta property=\"og:site_name\" content=\"Suno Not\u00edcias\" \/>\n<meta property=\"article:publisher\" content=\"https:\/\/facebook.com\/sunoresearch\" \/>\n<meta property=\"article:author\" content=\"https:\/\/www.facebook.com\/sunonoticias\/\" \/>\n<meta property=\"og:image\" content=\"https:\/\/files.sunoresearch.com.br\/n\/uploads\/2026\/01\/predios-empresariais-imoveis-investir-fii.jpg\" \/>\n\t<meta property=\"og:image:width\" content=\"1200\" \/>\n\t<meta property=\"og:image:height\" content=\"800\" \/>\n\t<meta property=\"og:image:type\" content=\"image\/jpeg\" \/>\n<meta name=\"author\" content=\"Reda\u00e7\u00e3o Suno Not\u00edcias\" \/>\n<meta name=\"twitter:card\" content=\"summary_large_image\" \/>\n<meta name=\"twitter:creator\" content=\"@https:\/\/twitter.com\/sunoresearch\" \/>\n<meta name=\"twitter:site\" content=\"@sunoresearch\" \/>\n<meta name=\"twitter:label1\" content=\"Escrito por\" \/>\n\t<meta name=\"twitter:data1\" content=\"Reda\u00e7\u00e3o Suno Not\u00edcias\" \/>\n\t<meta name=\"twitter:label2\" content=\"Est. tempo de leitura\" \/>\n\t<meta name=\"twitter:data2\" content=\"3 minutos\" \/>\n<script type=\"application\/ld+json\" class=\"yoast-schema-graph\">{\"@context\":\"https:\/\/schema.org\",\"@graph\":[{\"@type\":\"NewsArticle\",\"@id\":\"https:\/\/www.suno.com.br\/noticias\/rmai11-sem-impacto-liquidacao-ex-administradora\/#article\",\"isPartOf\":{\"@id\":\"https:\/\/www.suno.com.br\/noticias\/rmai11-sem-impacto-liquidacao-ex-administradora\/\"},\"author\":{\"name\":\"Reda\u00e7\u00e3o Suno Not\u00edcias\",\"@id\":\"https:\/\/www.suno.com.br\/noticias\/#\/schema\/person\/c1b1bd3727fa852bd045e9dbff3673ea\"},\"headline\":\"RMAI11 mant\u00e9m opera\u00e7\u00f5es ap\u00f3s liquida\u00e7\u00e3o da ex-administradora\",\"datePublished\":\"2026-01-16T18:35:20+00:00\",\"dateModified\":\"2026-01-16T18:53:33+00:00\",\"mainEntityOfPage\":{\"@id\":\"https:\/\/www.suno.com.br\/noticias\/rmai11-sem-impacto-liquidacao-ex-administradora\/\"},\"wordCount\":414,\"publisher\":{\"@id\":\"https:\/\/www.suno.com.br\/noticias\/#organization\"},\"image\":{\"@id\":\"https:\/\/www.suno.com.br\/noticias\/rmai11-sem-impacto-liquidacao-ex-administradora\/#primaryimage\"},\"thumbnailUrl\":\"https:\/\/files.sunoresearch.com.br\/n\/uploads\/2026\/01\/predios-empresariais-imoveis-investir-fii.jpg\",\"keywords\":[\"Fundos Imobili\u00e1rios (FIIs)\"],\"articleSection\":[\"FIIs\"],\"inLanguage\":\"pt-BR\"},{\"@type\":\"WebPage\",\"@id\":\"https:\/\/www.suno.com.br\/noticias\/rmai11-sem-impacto-liquidacao-ex-administradora\/\",\"url\":\"https:\/\/www.suno.com.br\/noticias\/rmai11-sem-impacto-liquidacao-ex-administradora\/\",\"name\":\"RMAI11: liquida\u00e7\u00e3o da ex-administradora sem impacto\",\"isPartOf\":{\"@id\":\"https:\/\/www.suno.com.br\/noticias\/#website\"},\"primaryImageOfPage\":{\"@id\":\"https:\/\/www.suno.com.br\/noticias\/rmai11-sem-impacto-liquidacao-ex-administradora\/#primaryimage\"},\"image\":{\"@id\":\"https:\/\/www.suno.com.br\/noticias\/rmai11-sem-impacto-liquidacao-ex-administradora\/#primaryimage\"},\"thumbnailUrl\":\"https:\/\/files.sunoresearch.com.br\/n\/uploads\/2026\/01\/predios-empresariais-imoveis-investir-fii.jpg\",\"datePublished\":\"2026-01-16T18:35:20+00:00\",\"dateModified\":\"2026-01-16T18:53:33+00:00\",\"description\":\"RMAI11 informa que a liquida\u00e7\u00e3o da Reag Trust n\u00e3o afeta a gest\u00e3o do fundo; nova administradora j\u00e1 operava desde dezembro.\",\"breadcrumb\":{\"@id\":\"https:\/\/www.suno.com.br\/noticias\/rmai11-sem-impacto-liquidacao-ex-administradora\/#breadcrumb\"},\"inLanguage\":\"pt-BR\",\"potentialAction\":[{\"@type\":\"ReadAction\",\"target\":[\"https:\/\/www.suno.com.br\/noticias\/rmai11-sem-impacto-liquidacao-ex-administradora\/\"]}]},{\"@type\":\"ImageObject\",\"inLanguage\":\"pt-BR\",\"@id\":\"https:\/\/www.suno.com.br\/noticias\/rmai11-sem-impacto-liquidacao-ex-administradora\/#primaryimage\",\"url\":\"https:\/\/files.sunoresearch.com.br\/n\/uploads\/2026\/01\/predios-empresariais-imoveis-investir-fii.jpg\",\"contentUrl\":\"https:\/\/files.sunoresearch.com.br\/n\/uploads\/2026\/01\/predios-empresariais-imoveis-investir-fii.jpg\",\"width\":1200,\"height\":800,\"caption\":\"SNME11. Foto: iStock\"},{\"@type\":\"BreadcrumbList\",\"@id\":\"https:\/\/www.suno.com.br\/noticias\/rmai11-sem-impacto-liquidacao-ex-administradora\/#breadcrumb\",\"itemListElement\":[{\"@type\":\"ListItem\",\"position\":1,\"name\":\"Not\u00edcias\",\"item\":\"https:\/\/www.suno.com.br\/noticias\/\"},{\"@type\":\"ListItem\",\"position\":2,\"name\":\"FIIs\",\"item\":\"https:\/\/www.suno.com.br\/noticias\/fiis\/\"},{\"@type\":\"ListItem\",\"position\":3,\"name\":\"RMAI11 mant\u00e9m opera\u00e7\u00f5es ap\u00f3s liquida\u00e7\u00e3o da ex-administradora\"}]},{\"@type\":\"WebSite\",\"@id\":\"https:\/\/www.suno.com.br\/noticias\/#website\",\"url\":\"https:\/\/www.suno.com.br\/noticias\/\",\"name\":\"Suno Not\u00edcias\",\"description\":\"Seu portal de informa\u00e7\u00e3o sobre o mundo dos investimentos\",\"publisher\":{\"@id\":\"https:\/\/www.suno.com.br\/noticias\/#organization\"},\"potentialAction\":[{\"@type\":\"SearchAction\",\"target\":{\"@type\":\"EntryPoint\",\"urlTemplate\":\"https:\/\/www.suno.com.br\/noticias\/?s={search_term_string}\"},\"query-input\":{\"@type\":\"PropertyValueSpecification\",\"valueRequired\":true,\"valueName\":\"search_term_string\"}}],\"inLanguage\":\"pt-BR\"},{\"@type\":\"Organization\",\"@id\":\"https:\/\/www.suno.com.br\/noticias\/#organization\",\"name\":\"Suno Not\u00edcias\",\"url\":\"https:\/\/www.suno.com.br\/noticias\/\",\"logo\":{\"@type\":\"ImageObject\",\"inLanguage\":\"pt-BR\",\"@id\":\"https:\/\/www.suno.com.br\/noticias\/#\/schema\/logo\/image\/\",\"url\":\"https:\/\/files.sunoresearch.com.br\/n\/uploads\/2021\/09\/suno-logo.png\",\"contentUrl\":\"https:\/\/files.sunoresearch.com.br\/n\/uploads\/2021\/09\/suno-logo.png\",\"width\":180,\"height\":180,\"caption\":\"Suno Not\u00edcias\"},\"image\":{\"@id\":\"https:\/\/www.suno.com.br\/noticias\/#\/schema\/logo\/image\/\"},\"sameAs\":[\"https:\/\/facebook.com\/sunoresearch\",\"https:\/\/x.com\/sunoresearch\",\"https:\/\/www.instagram.com\/suno\",\"https:\/\/www.linkedin.com\/company\/suno-research\/\",\"https:\/\/www.youtube.com\/c\/sunoresearch\"]},{\"@type\":\"Person\",\"@id\":\"https:\/\/www.suno.com.br\/noticias\/#\/schema\/person\/c1b1bd3727fa852bd045e9dbff3673ea\",\"name\":\"Reda\u00e7\u00e3o Suno Not\u00edcias\",\"image\":{\"@type\":\"ImageObject\",\"inLanguage\":\"pt-BR\",\"@id\":\"https:\/\/www.suno.com.br\/noticias\/#\/schema\/person\/image\/\",\"url\":\"https:\/\/secure.gravatar.com\/avatar\/b8104b9b5a71985d5238ee59fbe418af?s=96&r=g\",\"contentUrl\":\"https:\/\/secure.gravatar.com\/avatar\/b8104b9b5a71985d5238ee59fbe418af?s=96&r=g\",\"caption\":\"Reda\u00e7\u00e3o Suno Not\u00edcias\"},\"description\":\"O Suno Not\u00edcias \u00e9 um portal de informa\u00e7\u00f5es sobre Mercado Financeiro, Pol\u00edtica, Neg\u00f3cios, Economia e Finan\u00e7as Pessoais.\",\"sameAs\":[\"https:\/\/www.suno.com.br\/noticias\",\"https:\/\/www.facebook.com\/sunonoticias\/\",\"https:\/\/www.instagram.com\/sunonoticias\/\",\"https:\/\/x.com\/https:\/\/twitter.com\/sunoresearch\",\"https:\/\/www.youtube.com\/sunonoticias\"],\"url\":\"https:\/\/www.suno.com.br\/noticias\/author\/redacao-suno\/\"}]}<\/script>\n<!-- \/ Yoast SEO plugin. -->","yoast_head_json":{"title":"RMAI11: liquida\u00e7\u00e3o da ex-administradora sem impacto","description":"RMAI11 informa que a liquida\u00e7\u00e3o da Reag Trust n\u00e3o afeta a gest\u00e3o do fundo; nova administradora j\u00e1 operava desde dezembro.","robots":{"index":"index","follow":"follow","max-snippet":"max-snippet:-1","max-image-preview":"max-image-preview:large","max-video-preview":"max-video-preview:-1"},"canonical":"https:\/\/www.suno.com.br\/noticias\/rmai11-sem-impacto-liquidacao-ex-administradora\/","og_locale":"pt_BR","og_type":"article","og_title":"RMAI11: liquida\u00e7\u00e3o da ex-administradora sem impacto","og_description":"RMAI11 informa que a liquida\u00e7\u00e3o da Reag Trust n\u00e3o afeta a gest\u00e3o do fundo; nova administradora j\u00e1 operava desde dezembro.","og_url":"https:\/\/www.suno.com.br\/noticias\/rmai11-sem-impacto-liquidacao-ex-administradora\/","og_site_name":"Suno Not\u00edcias","article_publisher":"https:\/\/facebook.com\/sunoresearch","article_author":"https:\/\/www.facebook.com\/sunonoticias\/","og_image":[{"width":1200,"height":800,"url":"https:\/\/files.sunoresearch.com.br\/n\/uploads\/2026\/01\/predios-empresariais-imoveis-investir-fii.jpg","type":"image\/jpeg"}],"author":"Reda\u00e7\u00e3o Suno Not\u00edcias","twitter_card":"summary_large_image","twitter_creator":"@https:\/\/twitter.com\/sunoresearch","twitter_site":"@sunoresearch","twitter_misc":{"Escrito por":"Reda\u00e7\u00e3o Suno Not\u00edcias","Est. tempo de leitura":"3 minutos"},"schema":{"@context":"https:\/\/schema.org","@graph":[{"@type":"NewsArticle","@id":"https:\/\/www.suno.com.br\/noticias\/rmai11-sem-impacto-liquidacao-ex-administradora\/#article","isPartOf":{"@id":"https:\/\/www.suno.com.br\/noticias\/rmai11-sem-impacto-liquidacao-ex-administradora\/"},"author":{"name":"Reda\u00e7\u00e3o Suno Not\u00edcias","@id":"https:\/\/www.suno.com.br\/noticias\/#\/schema\/person\/c1b1bd3727fa852bd045e9dbff3673ea"},"headline":"RMAI11 mant\u00e9m opera\u00e7\u00f5es ap\u00f3s liquida\u00e7\u00e3o da ex-administradora","datePublished":"2026-01-16T18:35:20+00:00","dateModified":"2026-01-16T18:53:33+00:00","mainEntityOfPage":{"@id":"https:\/\/www.suno.com.br\/noticias\/rmai11-sem-impacto-liquidacao-ex-administradora\/"},"wordCount":414,"publisher":{"@id":"https:\/\/www.suno.com.br\/noticias\/#organization"},"image":{"@id":"https:\/\/www.suno.com.br\/noticias\/rmai11-sem-impacto-liquidacao-ex-administradora\/#primaryimage"},"thumbnailUrl":"https:\/\/files.sunoresearch.com.br\/n\/uploads\/2026\/01\/predios-empresariais-imoveis-investir-fii.jpg","keywords":["Fundos Imobili\u00e1rios (FIIs)"],"articleSection":["FIIs"],"inLanguage":"pt-BR"},{"@type":"WebPage","@id":"https:\/\/www.suno.com.br\/noticias\/rmai11-sem-impacto-liquidacao-ex-administradora\/","url":"https:\/\/www.suno.com.br\/noticias\/rmai11-sem-impacto-liquidacao-ex-administradora\/","name":"RMAI11: liquida\u00e7\u00e3o da ex-administradora sem impacto","isPartOf":{"@id":"https:\/\/www.suno.com.br\/noticias\/#website"},"primaryImageOfPage":{"@id":"https:\/\/www.suno.com.br\/noticias\/rmai11-sem-impacto-liquidacao-ex-administradora\/#primaryimage"},"image":{"@id":"https:\/\/www.suno.com.br\/noticias\/rmai11-sem-impacto-liquidacao-ex-administradora\/#primaryimage"},"thumbnailUrl":"https:\/\/files.sunoresearch.com.br\/n\/uploads\/2026\/01\/predios-empresariais-imoveis-investir-fii.jpg","datePublished":"2026-01-16T18:35:20+00:00","dateModified":"2026-01-16T18:53:33+00:00","description":"RMAI11 informa que a liquida\u00e7\u00e3o da Reag Trust n\u00e3o afeta a gest\u00e3o do fundo; nova administradora j\u00e1 operava desde dezembro.","breadcrumb":{"@id":"https:\/\/www.suno.com.br\/noticias\/rmai11-sem-impacto-liquidacao-ex-administradora\/#breadcrumb"},"inLanguage":"pt-BR","potentialAction":[{"@type":"ReadAction","target":["https:\/\/www.suno.com.br\/noticias\/rmai11-sem-impacto-liquidacao-ex-administradora\/"]}]},{"@type":"ImageObject","inLanguage":"pt-BR","@id":"https:\/\/www.suno.com.br\/noticias\/rmai11-sem-impacto-liquidacao-ex-administradora\/#primaryimage","url":"https:\/\/files.sunoresearch.com.br\/n\/uploads\/2026\/01\/predios-empresariais-imoveis-investir-fii.jpg","contentUrl":"https:\/\/files.sunoresearch.com.br\/n\/uploads\/2026\/01\/predios-empresariais-imoveis-investir-fii.jpg","width":1200,"height":800,"caption":"SNME11. Foto: iStock"},{"@type":"BreadcrumbList","@id":"https:\/\/www.suno.com.br\/noticias\/rmai11-sem-impacto-liquidacao-ex-administradora\/#breadcrumb","itemListElement":[{"@type":"ListItem","position":1,"name":"Not\u00edcias","item":"https:\/\/www.suno.com.br\/noticias\/"},{"@type":"ListItem","position":2,"name":"FIIs","item":"https:\/\/www.suno.com.br\/noticias\/fiis\/"},{"@type":"ListItem","position":3,"name":"RMAI11 mant\u00e9m opera\u00e7\u00f5es ap\u00f3s liquida\u00e7\u00e3o da ex-administradora"}]},{"@type":"WebSite","@id":"https:\/\/www.suno.com.br\/noticias\/#website","url":"https:\/\/www.suno.com.br\/noticias\/","name":"Suno Not\u00edcias","description":"Seu portal de informa\u00e7\u00e3o sobre o mundo dos investimentos","publisher":{"@id":"https:\/\/www.suno.com.br\/noticias\/#organization"},"potentialAction":[{"@type":"SearchAction","target":{"@type":"EntryPoint","urlTemplate":"https:\/\/www.suno.com.br\/noticias\/?s={search_term_string}"},"query-input":{"@type":"PropertyValueSpecification","valueRequired":true,"valueName":"search_term_string"}}],"inLanguage":"pt-BR"},{"@type":"Organization","@id":"https:\/\/www.suno.com.br\/noticias\/#organization","name":"Suno Not\u00edcias","url":"https:\/\/www.suno.com.br\/noticias\/","logo":{"@type":"ImageObject","inLanguage":"pt-BR","@id":"https:\/\/www.suno.com.br\/noticias\/#\/schema\/logo\/image\/","url":"https:\/\/files.sunoresearch.com.br\/n\/uploads\/2021\/09\/suno-logo.png","contentUrl":"https:\/\/files.sunoresearch.com.br\/n\/uploads\/2021\/09\/suno-logo.png","width":180,"height":180,"caption":"Suno Not\u00edcias"},"image":{"@id":"https:\/\/www.suno.com.br\/noticias\/#\/schema\/logo\/image\/"},"sameAs":["https:\/\/facebook.com\/sunoresearch","https:\/\/x.com\/sunoresearch","https:\/\/www.instagram.com\/suno","https:\/\/www.linkedin.com\/company\/suno-research\/","https:\/\/www.youtube.com\/c\/sunoresearch"]},{"@type":"Person","@id":"https:\/\/www.suno.com.br\/noticias\/#\/schema\/person\/c1b1bd3727fa852bd045e9dbff3673ea","name":"Reda\u00e7\u00e3o Suno Not\u00edcias","image":{"@type":"ImageObject","inLanguage":"pt-BR","@id":"https:\/\/www.suno.com.br\/noticias\/#\/schema\/person\/image\/","url":"https:\/\/secure.gravatar.com\/avatar\/b8104b9b5a71985d5238ee59fbe418af?s=96&r=g","contentUrl":"https:\/\/secure.gravatar.com\/avatar\/b8104b9b5a71985d5238ee59fbe418af?s=96&r=g","caption":"Reda\u00e7\u00e3o Suno Not\u00edcias"},"description":"O Suno Not\u00edcias \u00e9 um portal de informa\u00e7\u00f5es sobre Mercado Financeiro, Pol\u00edtica, Neg\u00f3cios, Economia e Finan\u00e7as Pessoais.","sameAs":["https:\/\/www.suno.com.br\/noticias","https:\/\/www.facebook.com\/sunonoticias\/","https:\/\/www.instagram.com\/sunonoticias\/","https:\/\/x.com\/https:\/\/twitter.com\/sunoresearch","https:\/\/www.youtube.com\/sunonoticias"],"url":"https:\/\/www.suno.com.br\/noticias\/author\/redacao-suno\/"}]}},"default_loop_html":"<div class=\"cardsPage__listCard__boxs\"><div class=\"cardsPage__listCard__boxs__img\"><a href=\"https:\/\/www.suno.com.br\/noticias\/rmai11-sem-impacto-liquidacao-ex-administradora\/\"><img class=\"mask\" src=\"https:\/\/www.suno.com.br\/noticias\/wp-content\/themes\/suno\/resources\/images\/spotlight\/spotlight1img\/bg-mask.png\" alt=\"Image Mask\"\/><img src=\"https:\/\/files.sunoresearch.com.br\/n\/uploads\/2026\/01\/predios-empresariais-imoveis-investir-fii-400x200.webp\" alt=\"RMAI11 mant\u00e9m opera\u00e7\u00f5es ap\u00f3s liquida\u00e7\u00e3o da ex-administradora\"\/><\/a><span class=\"spotlightCategory\"><a href=\"https:\/\/www.suno.com.br\/noticias\/fiis\/\">FIIs<\/a><\/span><\/div><div class=\"cardsPage__listCard__boxs__content\"><a href=\"https:\/\/www.suno.com.br\/noticias\/rmai11-sem-impacto-liquidacao-ex-administradora\/\"><h2 class=\"content__title\">RMAI11 mant\u00e9m opera\u00e7\u00f5es ap\u00f3s liquida\u00e7\u00e3o da ex-administradora<\/h2><\/a><div class=\"newsContent__article__meta\"><div class=\"newsContent__article__meta__authorBox\"><a href=\"https:\/\/www.suno.com.br\/noticias\/author\/redacao-suno\/\" class=\"authorBox__avatar noMobi\"><img src=\"https:\/\/files.sunoresearch.com.br\/n\/uploads\/2020\/08\/0ace682d-redacao-1-150x150.webp\" alt=\"Reda\u00e7\u00e3o Suno Not\u00edcias\"><\/a><div class=\"authorBox__name\"><span>por\n\t\t\t<a href=\"https:\/\/www.suno.com.br\/noticias\/author\/redacao-suno\/\"><span itemprop=\"author\">Reda\u00e7\u00e3o Suno Not\u00edcias<\/span><\/a><\/span><time datetime=\"2026-01-16T15:35:20-03:00\" itemprop=\"datePublished\">16\/01\/2026 15:35<\/time><\/div><\/div><\/div><\/div><\/div>","single_layout":"posts","amp_enabled":true,"_links":{"self":[{"href":"https:\/\/www.suno.com.br\/noticias\/wp-json\/wp\/v2\/posts\/638745"}],"collection":[{"href":"https:\/\/www.suno.com.br\/noticias\/wp-json\/wp\/v2\/posts"}],"about":[{"href":"https:\/\/www.suno.com.br\/noticias\/wp-json\/wp\/v2\/types\/post"}],"author":[{"embeddable":true,"href":"https:\/\/www.suno.com.br\/noticias\/wp-json\/wp\/v2\/users\/43"}],"replies":[{"embeddable":true,"href":"https:\/\/www.suno.com.br\/noticias\/wp-json\/wp\/v2\/comments?post=638745"}],"version-history":[{"count":1,"href":"https:\/\/www.suno.com.br\/noticias\/wp-json\/wp\/v2\/posts\/638745\/revisions"}],"predecessor-version":[{"id":638753,"href":"https:\/\/www.suno.com.br\/noticias\/wp-json\/wp\/v2\/posts\/638745\/revisions\/638753"}],"wp:featuredmedia":[{"embeddable":true,"href":"https:\/\/www.suno.com.br\/noticias\/wp-json\/wp\/v2\/media\/638746"}],"wp:attachment":[{"href":"https:\/\/www.suno.com.br\/noticias\/wp-json\/wp\/v2\/media?parent=638745"}],"wp:term":[{"taxonomy":"category","embeddable":true,"href":"https:\/\/www.suno.com.br\/noticias\/wp-json\/wp\/v2\/categories?post=638745"},{"taxonomy":"post_tag","embeddable":true,"href":"https:\/\/www.suno.com.br\/noticias\/wp-json\/wp\/v2\/tags?post=638745"},{"taxonomy":"suno_strategy","embeddable":true,"href":"https:\/\/www.suno.com.br\/noticias\/wp-json\/wp\/v2\/suno_strategy?post=638745"}],"curies":[{"name":"wp","href":"https:\/\/api.w.org\/{rel}","templated":true}]}}