{"id":63828,"date":"2020-05-06T18:10:34","date_gmt":"2020-05-06T21:10:34","guid":{"rendered":"https:\/\/www.suno.com.br\/noticias\/?p=63828"},"modified":"2020-05-06T19:58:49","modified_gmt":"2020-05-06T22:58:49","slug":"banco-central-selic-copom-06052020","status":"publish","type":"post","link":"https:\/\/www.suno.com.br\/noticias\/banco-central-selic-copom-06052020\/","title":{"rendered":"Banco Central corta Selic em 0,75 ponto para 3% ao ano"},"content":{"rendered":"<p>O <a href=\"https:\/\/www.suno.com.br\/artigos\/copom\/\">Comit\u00ea de Pol\u00edtica Monet\u00e1ria (Copom)<\/a> do <a href=\"https:\/\/www.suno.com.br\/artigos\/bacen\/\"><strong>Banco Central (BC)<\/strong><\/a> decidiu cortar a <a href=\"https:\/\/www.suno.com.br\/artigos\/taxa-de-juros-em-2020\/\"><strong>taxa b\u00e1sica de juros (Selic)<\/strong><\/a> em 0,75%. Com o novo corte a taxa caiu para 3% ao ano, uma nova m\u00ednima hist\u00f3rica.<\/p>\t<div class=\"wrapper-featured-image\">\n\t\t<figure class=\"spotlightImg\">\n\n\t\t\t<picture>\n\t\t\t\t<source media=\"(max-width: 768px)\" srcset=\"https:\/\/files.sunoresearch.com.br\/n\/uploads\/2018\/12\/521c980b-banco-central-do-brasil3-400x200.webp\">\n\t\t\t\t<img loading=\"lazy\" decoding=\"async\" class=\"newsContent__article__imgCapa lazyloadDisabled newsContent__article__imgCapa--noCaption\" src=\"https:\/\/files.sunoresearch.com.br\/n\/uploads\/2018\/12\/521c980b-banco-central-do-brasil3-800x450.webp\" width=\"800\" height=\"450\" alt=\"Banco Central corta Selic em 0,75 ponto para 3% ao ano\" fetchpriority=high \/>\n\t\t\t<\/picture>\n\n\t\t\t<figcaption class=\"wp-caption-text wp-caption-text--hide\">Banco Central decide sobre Selic Foto: Pinterest<\/figcaption>\n\t\t<\/figure>\n\t<\/div>\n\n\n\n<p>A decis\u00e3o de cortar a Selic foi tomada pela unanimidade dos membros do Copom. Segundo o comunicado divulgado pelo BC, &#8220;o Comit\u00ea entende que, neste momento, a conjuntura econ\u00f4mica prescreve est\u00edmulo monet\u00e1rio extraordinariamente elevado, mas refor\u00e7a que h\u00e1 potenciais limita\u00e7\u00f5es para o grau de ajuste adicional&#8221;.<\/p>\n<p><a href=\"https:\/\/lp.suno.com.br\/suno-one\/\">Garanta acesso ao Suno One, a central de informa\u00e7\u00f5es para quem quer aprender a investir. Acesse gratuitamente clicando aqui.<\/a><\/p>\n<p>O Banco Central tamb\u00e9m deu indica\u00e7\u00e3o sobre o futuro da pol\u00edtica monet\u00e1ria, salientando como &#8220;o Comit\u00ea avalia que a trajet\u00f3ria fiscal ao longo do pr\u00f3ximo ano, assim como a percep\u00e7\u00e3o sobre sua sustentabilidade, ser\u00e3o decisivas para determinar o prolongamento do est\u00edmulo&#8221;.<\/p>\n<p>Esse corte era esperado pelo mercado. Na \u00faltima segunda-feira (4), os especialistas do mercado financeiro, respons\u00e1veis pela elabora\u00e7\u00e3o do<strong> <a href=\"https:\/\/www.suno.com.br\/artigos\/relatorio-focus\/\">Boletim Focus<\/a><\/strong>, cortaram a previs\u00e3o da Selic de 2020 para 2,75%. Na semana passada a previs\u00e3o era de 3%.<\/p>\n<p>Entretanto, nessa reuni\u00e3o do Copom, os analistas aguardavam um corte meno agressivo, de 0,50 pontos, levando a taxa b\u00e1sica de juros para 3,25% ao ano. A decis\u00e3o do BC, todavia, ocorre em um contexto de forte contra\u00e7\u00e3o do n\u00edvel de atividade econ\u00f4mica global provocada pela pandemia de coronav\u00edrus (covid-19).<\/p>\n<p>Esse desaquecimento da economia gerou uma redu\u00e7\u00e3o dos \u00edndices de infla\u00e7\u00e3o, o que deu uma maior margem de manobra para os Bancos Centrais cortarem as taxas de juros. Em mar\u00e7o, o <a href=\"https:\/\/www.suno.com.br\/artigos\/ipca\/\">\u00cdndice Nacional de Pre\u00e7os ao Consumidor Amplo (IPCA)<\/a> foi de apenas 0,07%. A menor taxa para o terceiro m\u00eas do ano desde 1995.<\/p>\n<p>Tamb\u00e9m por isso, a expectativa pelo IPCA para 2020, de acordo com o Boletim Focus, foi cortada pela oitava semana consecutiva. Segundo os especialistas ouvidos pela autoridade monet\u00e1ria central do Brasil, a <a href=\"https:\/\/www.suno.com.br\/artigos\/inflacao\/\"><strong>infla\u00e7\u00e3o<\/strong> de 2020<\/a> ser\u00e1 de 1,97%. Na \u00faltima semana, a estimativa era de 2,20%.<\/p>\n<p>Sendo assim, o aumento dos pre\u00e7os permanece abaixo da meta fixada pelo <a href=\"https:\/\/www.suno.com.br\/artigos\/cmn-conselho-monetario-nacional\/\">Conselho Monet\u00e1rio Nacional (<strong>CMN<\/strong>)<\/a> para este ano, de 4%. A meta tem uma toler\u00e2ncia de 1,5 ponto percentual, podendo ir de 2,5% at\u00e9 5,5%.<\/p>\n<p><a href=\"https:\/\/www.suno.com.br\/noticias\/banco-central-poderia-cortar-selic\/\">Saiba mais: Banco Central poderia cortar mais uma vez a Selic, sinaliza Campos Neto<\/a><\/p>\n<p>Em rela\u00e7\u00e3o a 2021, os economistas ouvidos pelo BC esperam uma infla\u00e7\u00e3o de 3,30%, a mesma previs\u00e3o divulgada na semana passada, ap\u00f3s seis cortes consecutivos. H\u00e1 seis semanas, a estimativa era de 3,40%.<\/p>\n<h2>Banco Central explica raz\u00e3o do corte da Selic<\/h2>\n<p>Segundo o Banco Central, o corte da Selic foi provocado pelo <span style=\"font-size: 1.21429rem;\">cen\u00e1rio externo, &#8220;onde a pandemia da Covid-19 est\u00e1 provocando uma desacelera\u00e7\u00e3o significativa do crescimento global, queda nos pre\u00e7os das <\/span><em style=\"font-size: 1.21429rem;\">commodities<\/em><span style=\"font-size: 1.21429rem;\"> e aumento da volatilidade nos pre\u00e7os de ativos. Nesse contexto, apesar da provis\u00e3o adicional de est\u00edmulos fiscal e monet\u00e1rio pelas principais economias, e de alguma modera\u00e7\u00e3o na volatilidade dos ativos financeiros, o ambiente para as economias emergentes segue desafiador, com sa\u00edda de capitais significativamente superior \u00e0 de epis\u00f3dios anteriores&#8221;.<\/span><\/p>\n<p>Al\u00e9m disso, a institui\u00e7\u00e3o monet\u00e1ria central est\u00e1 preocupada com a atividade econ\u00f4mica brasileira, pois os dados mensais dispon\u00edveis at\u00e9 o m\u00eas de mar\u00e7o repercutem apenas parcialmente os efeitos da pandemia da Covid-19 sobre a economia nacional. Indicadores de maior frequ\u00eancia e tempestividade, referentes ao m\u00eas de abril, mostram que a contra\u00e7\u00e3o da atividade econ\u00f4mica ser\u00e1 significativamente superior \u00e0 prevista na \u00faltima reuni\u00e3o do Copom.<\/p>\n<p><a href=\"https:\/\/www.suno.com.br\/noticias\/banco-central-corta-selic-18032020\/\">Saiba mais: Banco Central corta Selic de 0,50 pontos para 3,75%<\/a><\/p>\n<p>No caso de um eventual risco de aumento da infla\u00e7\u00e3o provocado pelo corte, o Comit\u00ea &#8220;avalia que diversas medidas de infla\u00e7\u00e3o subjacente se encontram abaixo dos n\u00edveis compat\u00edveis com o cumprimento da meta para a infla\u00e7\u00e3o no horizonte relevante para a pol\u00edtica monet\u00e1ria&#8221;.<\/p>\n<h2>Corte ser\u00e1 positivo para retomada econ\u00f4mica<\/h2>\n<p>O corte da Selic poder\u00e1 gerar efeitos positivos, contribuindo para a retomada da economia brasileira, que esse ano dever\u00e1 sofrer uma recess\u00e3o gerada pelo coronav\u00edrus.<\/p>\n<p>Segundo o <strong>Fundo Monet\u00e1rio Internacional (FMI)<\/strong> e o <strong>Banco Mundial,<\/strong> o <a href=\"https:\/\/www.suno.com.br\/artigos\/pib-produto-interno-bruto\/\"><strong>Produto Interno Bruto (PIB)<\/strong><\/a> do Brasil dever\u00e1 se reduzir em mais de 5% em 2020. Os economistas do Boletim Focus, por sua vez, aguardam uma contra\u00e7\u00e3o de somente 3,7% no ano.<\/p>\n\n","protected":false},"excerpt":{"rendered":"<p>O Comit\u00ea de Pol\u00edtica Monet\u00e1ria (Copom) do Banco Central (BC) decidiu cortar a taxa b\u00e1sica de juros (Selic) em 0,75%. Com o novo corte a taxa caiu para 3% ao ano, uma nova m\u00ednima hist\u00f3rica. Banco Central decide sobre Selic Foto: Pinterest A decis\u00e3o de cortar a Selic foi tomada pela unanimidade dos membros do [&hellip;]<\/p>\n","protected":false},"author":9,"featured_media":9722,"comment_status":"closed","ping_status":"closed","sticky":false,"template":"","format":"standard","meta":[],"categories":[60],"tags":[1842,1104,290],"suno_strategy":[],"class_list":["post-63828","post","type-post","status-publish","format-standard","has-post-thumbnail","hentry","category-mercado","tag-banco-central-bc","tag-copom","tag-taxa-selic"],"yoast_head":"<!-- This site is optimized with the Yoast SEO plugin v24.4 - https:\/\/yoast.com\/wordpress\/plugins\/seo\/ -->\n<title>Banco Central corta Selic de 0,75 pontos para 3% ao ano<\/title>\n<meta name=\"description\" content=\"O Comit\u00ea de Pol\u00edtica Monet\u00e1ria do Banco Central decidiu cortar a taxa b\u00e1sica de juros (Selic) em 0,75%. Clique aqui para saber mais.\" \/>\n<meta name=\"robots\" content=\"index, follow, max-snippet:-1, max-image-preview:large, max-video-preview:-1\" \/>\n<link rel=\"canonical\" href=\"https:\/\/www.suno.com.br\/noticias\/banco-central-selic-copom-06052020\/\" \/>\n<meta property=\"og:locale\" content=\"pt_BR\" \/>\n<meta property=\"og:type\" content=\"article\" \/>\n<meta property=\"og:title\" content=\"Banco Central corta Selic de 0,75 pontos para 3% ao ano\" \/>\n<meta property=\"og:description\" content=\"O Comit\u00ea de Pol\u00edtica Monet\u00e1ria do Banco Central decidiu cortar a taxa b\u00e1sica de juros (Selic) em 0,75%. Clique aqui para saber mais.\" \/>\n<meta property=\"og:url\" content=\"https:\/\/www.suno.com.br\/noticias\/banco-central-selic-copom-06052020\/\" \/>\n<meta property=\"og:site_name\" content=\"Suno Not\u00edcias\" \/>\n<meta property=\"article:publisher\" content=\"https:\/\/facebook.com\/sunoresearch\" \/>\n<meta property=\"og:image\" content=\"https:\/\/files.sunoresearch.com.br\/n\/uploads\/2018\/12\/521c980b-banco-central-do-brasil3.jpg\" \/>\n\t<meta property=\"og:image:width\" content=\"1030\" \/>\n\t<meta property=\"og:image:height\" content=\"687\" \/>\n\t<meta property=\"og:image:type\" content=\"image\/jpeg\" \/>\n<meta name=\"author\" content=\"Carlo Cauti\" \/>\n<meta name=\"twitter:card\" content=\"summary_large_image\" \/>\n<meta name=\"twitter:creator\" content=\"@sunoresearch\" \/>\n<meta name=\"twitter:site\" content=\"@sunoresearch\" \/>\n<meta name=\"twitter:label1\" content=\"Escrito por\" \/>\n\t<meta name=\"twitter:data1\" content=\"Carlo Cauti\" \/>\n\t<meta name=\"twitter:label2\" content=\"Est. tempo de leitura\" \/>\n\t<meta name=\"twitter:data2\" content=\"4 minutos\" \/>\n<script type=\"application\/ld+json\" class=\"yoast-schema-graph\">{\"@context\":\"https:\/\/schema.org\",\"@graph\":[{\"@type\":\"NewsArticle\",\"@id\":\"https:\/\/www.suno.com.br\/noticias\/banco-central-selic-copom-06052020\/#article\",\"isPartOf\":{\"@id\":\"https:\/\/www.suno.com.br\/noticias\/banco-central-selic-copom-06052020\/\"},\"author\":{\"name\":\"Carlo Cauti\",\"@id\":\"https:\/\/www.suno.com.br\/noticias\/#\/schema\/person\/e6e0f723cc177805027f4566c1d5e0c8\"},\"headline\":\"Banco Central corta Selic em 0,75 ponto para 3% ao ano\",\"datePublished\":\"2020-05-06T21:10:34+00:00\",\"dateModified\":\"2020-05-06T22:58:49+00:00\",\"mainEntityOfPage\":{\"@id\":\"https:\/\/www.suno.com.br\/noticias\/banco-central-selic-copom-06052020\/\"},\"wordCount\":761,\"publisher\":{\"@id\":\"https:\/\/www.suno.com.br\/noticias\/#organization\"},\"image\":{\"@id\":\"https:\/\/www.suno.com.br\/noticias\/banco-central-selic-copom-06052020\/#primaryimage\"},\"thumbnailUrl\":\"https:\/\/files.sunoresearch.com.br\/n\/uploads\/2018\/12\/521c980b-banco-central-do-brasil3-jpg.webp\",\"keywords\":[\"Banco Central (BC)\",\"Copom\",\"Taxa Selic\"],\"articleSection\":[\"Mercado\"],\"inLanguage\":\"pt-BR\"},{\"@type\":\"WebPage\",\"@id\":\"https:\/\/www.suno.com.br\/noticias\/banco-central-selic-copom-06052020\/\",\"url\":\"https:\/\/www.suno.com.br\/noticias\/banco-central-selic-copom-06052020\/\",\"name\":\"Banco Central corta Selic de 0,75 pontos para 3% ao ano\",\"isPartOf\":{\"@id\":\"https:\/\/www.suno.com.br\/noticias\/#website\"},\"primaryImageOfPage\":{\"@id\":\"https:\/\/www.suno.com.br\/noticias\/banco-central-selic-copom-06052020\/#primaryimage\"},\"image\":{\"@id\":\"https:\/\/www.suno.com.br\/noticias\/banco-central-selic-copom-06052020\/#primaryimage\"},\"thumbnailUrl\":\"https:\/\/files.sunoresearch.com.br\/n\/uploads\/2018\/12\/521c980b-banco-central-do-brasil3-jpg.webp\",\"datePublished\":\"2020-05-06T21:10:34+00:00\",\"dateModified\":\"2020-05-06T22:58:49+00:00\",\"description\":\"O Comit\u00ea de Pol\u00edtica Monet\u00e1ria do Banco Central decidiu cortar a taxa b\u00e1sica de juros (Selic) em 0,75%. Clique aqui para saber mais.\",\"breadcrumb\":{\"@id\":\"https:\/\/www.suno.com.br\/noticias\/banco-central-selic-copom-06052020\/#breadcrumb\"},\"inLanguage\":\"pt-BR\",\"potentialAction\":[{\"@type\":\"ReadAction\",\"target\":[\"https:\/\/www.suno.com.br\/noticias\/banco-central-selic-copom-06052020\/\"]}]},{\"@type\":\"ImageObject\",\"inLanguage\":\"pt-BR\",\"@id\":\"https:\/\/www.suno.com.br\/noticias\/banco-central-selic-copom-06052020\/#primaryimage\",\"url\":\"https:\/\/files.sunoresearch.com.br\/n\/uploads\/2018\/12\/521c980b-banco-central-do-brasil3-jpg.webp\",\"contentUrl\":\"https:\/\/files.sunoresearch.com.br\/n\/uploads\/2018\/12\/521c980b-banco-central-do-brasil3-jpg.webp\",\"width\":1030,\"height\":687,\"caption\":\"Banco Central decide sobre Selic Foto: Pinterest\"},{\"@type\":\"BreadcrumbList\",\"@id\":\"https:\/\/www.suno.com.br\/noticias\/banco-central-selic-copom-06052020\/#breadcrumb\",\"itemListElement\":[{\"@type\":\"ListItem\",\"position\":1,\"name\":\"Not\u00edcias\",\"item\":\"https:\/\/www.suno.com.br\/noticias\/\"},{\"@type\":\"ListItem\",\"position\":2,\"name\":\"Mercado\",\"item\":\"https:\/\/www.suno.com.br\/noticias\/mercado\/\"},{\"@type\":\"ListItem\",\"position\":3,\"name\":\"Banco Central corta Selic em 0,75 ponto para 3% ao ano\"}]},{\"@type\":\"WebSite\",\"@id\":\"https:\/\/www.suno.com.br\/noticias\/#website\",\"url\":\"https:\/\/www.suno.com.br\/noticias\/\",\"name\":\"Suno Not\u00edcias\",\"description\":\"Seu portal de informa\u00e7\u00e3o sobre o mundo dos investimentos\",\"publisher\":{\"@id\":\"https:\/\/www.suno.com.br\/noticias\/#organization\"},\"potentialAction\":[{\"@type\":\"SearchAction\",\"target\":{\"@type\":\"EntryPoint\",\"urlTemplate\":\"https:\/\/www.suno.com.br\/noticias\/?s={search_term_string}\"},\"query-input\":{\"@type\":\"PropertyValueSpecification\",\"valueRequired\":true,\"valueName\":\"search_term_string\"}}],\"inLanguage\":\"pt-BR\"},{\"@type\":\"Organization\",\"@id\":\"https:\/\/www.suno.com.br\/noticias\/#organization\",\"name\":\"Suno Not\u00edcias\",\"url\":\"https:\/\/www.suno.com.br\/noticias\/\",\"logo\":{\"@type\":\"ImageObject\",\"inLanguage\":\"pt-BR\",\"@id\":\"https:\/\/www.suno.com.br\/noticias\/#\/schema\/logo\/image\/\",\"url\":\"https:\/\/files.sunoresearch.com.br\/n\/uploads\/2021\/09\/suno-logo.png\",\"contentUrl\":\"https:\/\/files.sunoresearch.com.br\/n\/uploads\/2021\/09\/suno-logo.png\",\"width\":180,\"height\":180,\"caption\":\"Suno Not\u00edcias\"},\"image\":{\"@id\":\"https:\/\/www.suno.com.br\/noticias\/#\/schema\/logo\/image\/\"},\"sameAs\":[\"https:\/\/facebook.com\/sunoresearch\",\"https:\/\/x.com\/sunoresearch\",\"https:\/\/www.instagram.com\/suno\",\"https:\/\/www.linkedin.com\/company\/suno-research\/\",\"https:\/\/www.youtube.com\/c\/sunoresearch\"]},{\"@type\":\"Person\",\"@id\":\"https:\/\/www.suno.com.br\/noticias\/#\/schema\/person\/e6e0f723cc177805027f4566c1d5e0c8\",\"name\":\"Carlo Cauti\",\"image\":{\"@type\":\"ImageObject\",\"inLanguage\":\"pt-BR\",\"@id\":\"https:\/\/www.suno.com.br\/noticias\/#\/schema\/person\/image\/\",\"url\":\"https:\/\/secure.gravatar.com\/avatar\/3ada9e0bd164c23abd4792a9606d583c?s=96&r=g\",\"contentUrl\":\"https:\/\/secure.gravatar.com\/avatar\/3ada9e0bd164c23abd4792a9606d583c?s=96&r=g\",\"caption\":\"Carlo Cauti\"},\"description\":\"Editor multim\u00eddia do SUNO Not\u00edcias. Italiano, formado em Ci\u00eancias Pol\u00edticas pela universidade LUISS G. Carli de Roma e mestre cum laude em Rela\u00e7\u00f5es Internacionais, Jornalismo Internacional e de Guerra e em Economia Internacional. Concluiu tamb\u00e9m um MBA em Finan\u00e7as na B3. No Brasil, teve passagem por ve\u00edculos como Estad\u00e3o, Globo, Veja e EXAME. e nas ag\u00eancias de not\u00edcias italianas ANSA e NOVA.\",\"url\":\"https:\/\/www.suno.com.br\/noticias\/author\/carlo-cauti\/\"}]}<\/script>\n<!-- \/ Yoast SEO plugin. -->","yoast_head_json":{"title":"Banco Central corta Selic de 0,75 pontos para 3% ao ano","description":"O Comit\u00ea de Pol\u00edtica Monet\u00e1ria do Banco Central decidiu cortar a taxa b\u00e1sica de juros (Selic) em 0,75%. Clique aqui para saber mais.","robots":{"index":"index","follow":"follow","max-snippet":"max-snippet:-1","max-image-preview":"max-image-preview:large","max-video-preview":"max-video-preview:-1"},"canonical":"https:\/\/www.suno.com.br\/noticias\/banco-central-selic-copom-06052020\/","og_locale":"pt_BR","og_type":"article","og_title":"Banco Central corta Selic de 0,75 pontos para 3% ao ano","og_description":"O Comit\u00ea de Pol\u00edtica Monet\u00e1ria do Banco Central decidiu cortar a taxa b\u00e1sica de juros (Selic) em 0,75%. Clique aqui para saber mais.","og_url":"https:\/\/www.suno.com.br\/noticias\/banco-central-selic-copom-06052020\/","og_site_name":"Suno Not\u00edcias","article_publisher":"https:\/\/facebook.com\/sunoresearch","og_image":[{"width":1030,"height":687,"url":"https:\/\/files.sunoresearch.com.br\/n\/uploads\/2018\/12\/521c980b-banco-central-do-brasil3.jpg","type":"image\/jpeg"}],"author":"Carlo Cauti","twitter_card":"summary_large_image","twitter_creator":"@sunoresearch","twitter_site":"@sunoresearch","twitter_misc":{"Escrito por":"Carlo Cauti","Est. tempo de leitura":"4 minutos"},"schema":{"@context":"https:\/\/schema.org","@graph":[{"@type":"NewsArticle","@id":"https:\/\/www.suno.com.br\/noticias\/banco-central-selic-copom-06052020\/#article","isPartOf":{"@id":"https:\/\/www.suno.com.br\/noticias\/banco-central-selic-copom-06052020\/"},"author":{"name":"Carlo Cauti","@id":"https:\/\/www.suno.com.br\/noticias\/#\/schema\/person\/e6e0f723cc177805027f4566c1d5e0c8"},"headline":"Banco Central corta Selic em 0,75 ponto para 3% ao ano","datePublished":"2020-05-06T21:10:34+00:00","dateModified":"2020-05-06T22:58:49+00:00","mainEntityOfPage":{"@id":"https:\/\/www.suno.com.br\/noticias\/banco-central-selic-copom-06052020\/"},"wordCount":761,"publisher":{"@id":"https:\/\/www.suno.com.br\/noticias\/#organization"},"image":{"@id":"https:\/\/www.suno.com.br\/noticias\/banco-central-selic-copom-06052020\/#primaryimage"},"thumbnailUrl":"https:\/\/files.sunoresearch.com.br\/n\/uploads\/2018\/12\/521c980b-banco-central-do-brasil3-jpg.webp","keywords":["Banco Central (BC)","Copom","Taxa Selic"],"articleSection":["Mercado"],"inLanguage":"pt-BR"},{"@type":"WebPage","@id":"https:\/\/www.suno.com.br\/noticias\/banco-central-selic-copom-06052020\/","url":"https:\/\/www.suno.com.br\/noticias\/banco-central-selic-copom-06052020\/","name":"Banco Central corta Selic de 0,75 pontos para 3% ao ano","isPartOf":{"@id":"https:\/\/www.suno.com.br\/noticias\/#website"},"primaryImageOfPage":{"@id":"https:\/\/www.suno.com.br\/noticias\/banco-central-selic-copom-06052020\/#primaryimage"},"image":{"@id":"https:\/\/www.suno.com.br\/noticias\/banco-central-selic-copom-06052020\/#primaryimage"},"thumbnailUrl":"https:\/\/files.sunoresearch.com.br\/n\/uploads\/2018\/12\/521c980b-banco-central-do-brasil3-jpg.webp","datePublished":"2020-05-06T21:10:34+00:00","dateModified":"2020-05-06T22:58:49+00:00","description":"O Comit\u00ea de Pol\u00edtica Monet\u00e1ria do Banco Central decidiu cortar a taxa b\u00e1sica de juros (Selic) em 0,75%. Clique aqui para saber mais.","breadcrumb":{"@id":"https:\/\/www.suno.com.br\/noticias\/banco-central-selic-copom-06052020\/#breadcrumb"},"inLanguage":"pt-BR","potentialAction":[{"@type":"ReadAction","target":["https:\/\/www.suno.com.br\/noticias\/banco-central-selic-copom-06052020\/"]}]},{"@type":"ImageObject","inLanguage":"pt-BR","@id":"https:\/\/www.suno.com.br\/noticias\/banco-central-selic-copom-06052020\/#primaryimage","url":"https:\/\/files.sunoresearch.com.br\/n\/uploads\/2018\/12\/521c980b-banco-central-do-brasil3-jpg.webp","contentUrl":"https:\/\/files.sunoresearch.com.br\/n\/uploads\/2018\/12\/521c980b-banco-central-do-brasil3-jpg.webp","width":1030,"height":687,"caption":"Banco Central decide sobre Selic Foto: Pinterest"},{"@type":"BreadcrumbList","@id":"https:\/\/www.suno.com.br\/noticias\/banco-central-selic-copom-06052020\/#breadcrumb","itemListElement":[{"@type":"ListItem","position":1,"name":"Not\u00edcias","item":"https:\/\/www.suno.com.br\/noticias\/"},{"@type":"ListItem","position":2,"name":"Mercado","item":"https:\/\/www.suno.com.br\/noticias\/mercado\/"},{"@type":"ListItem","position":3,"name":"Banco Central corta Selic em 0,75 ponto para 3% ao ano"}]},{"@type":"WebSite","@id":"https:\/\/www.suno.com.br\/noticias\/#website","url":"https:\/\/www.suno.com.br\/noticias\/","name":"Suno Not\u00edcias","description":"Seu portal de informa\u00e7\u00e3o sobre o mundo dos investimentos","publisher":{"@id":"https:\/\/www.suno.com.br\/noticias\/#organization"},"potentialAction":[{"@type":"SearchAction","target":{"@type":"EntryPoint","urlTemplate":"https:\/\/www.suno.com.br\/noticias\/?s={search_term_string}"},"query-input":{"@type":"PropertyValueSpecification","valueRequired":true,"valueName":"search_term_string"}}],"inLanguage":"pt-BR"},{"@type":"Organization","@id":"https:\/\/www.suno.com.br\/noticias\/#organization","name":"Suno Not\u00edcias","url":"https:\/\/www.suno.com.br\/noticias\/","logo":{"@type":"ImageObject","inLanguage":"pt-BR","@id":"https:\/\/www.suno.com.br\/noticias\/#\/schema\/logo\/image\/","url":"https:\/\/files.sunoresearch.com.br\/n\/uploads\/2021\/09\/suno-logo.png","contentUrl":"https:\/\/files.sunoresearch.com.br\/n\/uploads\/2021\/09\/suno-logo.png","width":180,"height":180,"caption":"Suno Not\u00edcias"},"image":{"@id":"https:\/\/www.suno.com.br\/noticias\/#\/schema\/logo\/image\/"},"sameAs":["https:\/\/facebook.com\/sunoresearch","https:\/\/x.com\/sunoresearch","https:\/\/www.instagram.com\/suno","https:\/\/www.linkedin.com\/company\/suno-research\/","https:\/\/www.youtube.com\/c\/sunoresearch"]},{"@type":"Person","@id":"https:\/\/www.suno.com.br\/noticias\/#\/schema\/person\/e6e0f723cc177805027f4566c1d5e0c8","name":"Carlo Cauti","image":{"@type":"ImageObject","inLanguage":"pt-BR","@id":"https:\/\/www.suno.com.br\/noticias\/#\/schema\/person\/image\/","url":"https:\/\/secure.gravatar.com\/avatar\/3ada9e0bd164c23abd4792a9606d583c?s=96&r=g","contentUrl":"https:\/\/secure.gravatar.com\/avatar\/3ada9e0bd164c23abd4792a9606d583c?s=96&r=g","caption":"Carlo Cauti"},"description":"Editor multim\u00eddia do SUNO Not\u00edcias. Italiano, formado em Ci\u00eancias Pol\u00edticas pela universidade LUISS G. Carli de Roma e mestre cum laude em Rela\u00e7\u00f5es Internacionais, Jornalismo Internacional e de Guerra e em Economia Internacional. Concluiu tamb\u00e9m um MBA em Finan\u00e7as na B3. No Brasil, teve passagem por ve\u00edculos como Estad\u00e3o, Globo, Veja e EXAME. e nas ag\u00eancias de not\u00edcias italianas ANSA e NOVA.","url":"https:\/\/www.suno.com.br\/noticias\/author\/carlo-cauti\/"}]}},"default_loop_html":"<div class=\"cardsPage__listCard__boxs\"><div class=\"cardsPage__listCard__boxs__img\"><a href=\"https:\/\/www.suno.com.br\/noticias\/banco-central-selic-copom-06052020\/\"><img class=\"mask\" src=\"https:\/\/www.suno.com.br\/noticias\/wp-content\/themes\/suno\/resources\/images\/spotlight\/spotlight1img\/bg-mask.png\" alt=\"Image Mask\"\/><img src=\"https:\/\/files.sunoresearch.com.br\/n\/uploads\/2018\/12\/521c980b-banco-central-do-brasil3-400x200.webp\" alt=\"Banco Central corta Selic em 0,75 ponto para 3% ao ano\"\/><\/a><span class=\"spotlightCategory\"><a href=\"https:\/\/www.suno.com.br\/noticias\/mercado\/\">Mercado<\/a><\/span><\/div><div class=\"cardsPage__listCard__boxs__content\"><a href=\"https:\/\/www.suno.com.br\/noticias\/banco-central-selic-copom-06052020\/\"><h2 class=\"content__title\">Banco Central corta Selic em 0,75 ponto para 3% ao ano<\/h2><\/a><div class=\"newsContent__article__meta\"><div class=\"newsContent__article__meta__authorBox\"><a href=\"https:\/\/www.suno.com.br\/noticias\/author\/carlo-cauti\/\" class=\"authorBox__avatar noMobi\"><img src=\"https:\/\/files.sunoresearch.com.br\/n\/uploads\/2020\/08\/e3745f9a-perfil-carlo-cauti-150x150.webp\" alt=\"Carlo Cauti\"><\/a><div class=\"authorBox__name\"><span>por\n\t\t\t<a href=\"https:\/\/www.suno.com.br\/noticias\/author\/carlo-cauti\/\"><span itemprop=\"author\">Carlo Cauti<\/span><\/a><\/span><time datetime=\"2020-05-06T18:10:34-03:00\" itemprop=\"datePublished\">06\/05\/2020 18:10<\/time><\/div><\/div><\/div><\/div><\/div>","single_layout":"posts","amp_enabled":true,"_links":{"self":[{"href":"https:\/\/www.suno.com.br\/noticias\/wp-json\/wp\/v2\/posts\/63828"}],"collection":[{"href":"https:\/\/www.suno.com.br\/noticias\/wp-json\/wp\/v2\/posts"}],"about":[{"href":"https:\/\/www.suno.com.br\/noticias\/wp-json\/wp\/v2\/types\/post"}],"author":[{"embeddable":true,"href":"https:\/\/www.suno.com.br\/noticias\/wp-json\/wp\/v2\/users\/9"}],"replies":[{"embeddable":true,"href":"https:\/\/www.suno.com.br\/noticias\/wp-json\/wp\/v2\/comments?post=63828"}],"version-history":[{"count":0,"href":"https:\/\/www.suno.com.br\/noticias\/wp-json\/wp\/v2\/posts\/63828\/revisions"}],"wp:featuredmedia":[{"embeddable":true,"href":"https:\/\/www.suno.com.br\/noticias\/wp-json\/wp\/v2\/media\/9722"}],"wp:attachment":[{"href":"https:\/\/www.suno.com.br\/noticias\/wp-json\/wp\/v2\/media?parent=63828"}],"wp:term":[{"taxonomy":"category","embeddable":true,"href":"https:\/\/www.suno.com.br\/noticias\/wp-json\/wp\/v2\/categories?post=63828"},{"taxonomy":"post_tag","embeddable":true,"href":"https:\/\/www.suno.com.br\/noticias\/wp-json\/wp\/v2\/tags?post=63828"},{"taxonomy":"suno_strategy","embeddable":true,"href":"https:\/\/www.suno.com.br\/noticias\/wp-json\/wp\/v2\/suno_strategy?post=63828"}],"curies":[{"name":"wp","href":"https:\/\/api.w.org\/{rel}","templated":true}]}}