{"id":63826,"date":"2020-05-06T19:10:00","date_gmt":"2020-05-06T22:10:00","guid":{"rendered":"https:\/\/www.suno.com.br\/noticias\/?p=63826"},"modified":"2021-02-18T17:23:38","modified_gmt":"2021-02-18T20:23:38","slug":"selic-mercado-surpresa","status":"publish","type":"post","link":"https:\/\/www.suno.com.br\/noticias\/selic-mercado-surpresa\/","title":{"rendered":"Selic: mercado v\u00ea com surpresa corte na taxa b\u00e1sica de juros"},"content":{"rendered":"<p>A redu\u00e7\u00e3o da <a href=\"https:\/\/www.suno.com.br\/artigos\/taxa-selic\/\">taxa b\u00e1sica de juros da economia <strong>(Selic)<\/strong><\/a> em <a href=\"https:\/\/www.suno.com.br\/noticias\/banco-central-selic-copom-06052020\/\">0,75 ponto percentual, para 3,00% ao ano<\/a>, surpreendeu agentes do mercado, que consideram a decis\u00e3o acertada, mas preveem uma maior press\u00e3o no d\u00f3lar ante o real.<\/p>\t<div class=\"wrapper-featured-image\">\n\t\t<figure class=\"spotlightImg\">\n\n\t\t\t<picture>\n\t\t\t\t<source media=\"(max-width: 768px)\" srcset=\"https:\/\/files.sunoresearch.com.br\/n\/uploads\/2018\/12\/6640b66a-selic-400x200.webp\">\n\t\t\t\t<img loading=\"lazy\" decoding=\"async\" class=\"newsContent__article__imgCapa lazyloadDisabled newsContent__article__imgCapa--noCaption\" src=\"https:\/\/files.sunoresearch.com.br\/n\/uploads\/2018\/12\/6640b66a-selic-800x450.webp\" width=\"800\" height=\"450\" alt=\"Selic: mercado v\u00ea com surpresa corte na taxa b\u00e1sica de juros\" fetchpriority=high \/>\n\t\t\t<\/picture>\n\n\t\t\t<figcaption class=\"wp-caption-text wp-caption-text--hide\">a\u00e7\u00f5es<\/figcaption>\n\t\t<\/figure>\n\t<\/div>\n\n\n\n<p>O <strong>SUNO Not\u00edcias<\/strong> conversou com agentes do mercado de capitais brasileiro. Segundo os especialistas, o corte da Selic, acima da expectativa do mercado, que era de 0,5 ponto percentual, deve ajudar na recupera\u00e7\u00e3o da crise causada pelo <a href=\"https:\/\/www.suno.com.br\/noticias\/tags\/coronavirus\/\">coronav\u00edrus (covid-19)<\/a>.<\/p>\n<p><a href=\"https:\/\/lp.suno.com.br\/suno-one\/\"><span data-sheets-value=\"{&quot;1&quot;:2,&quot;2&quot;:&quot;Garanta acesso ao Suno One, a central de informa\u00e7\u00f5es para quem quer aprender a investir. Acesse gratuitamente clicando aqui.&quot;}\" data-sheets-userformat=\"{&quot;2&quot;:513,&quot;3&quot;:{&quot;1&quot;:0},&quot;12&quot;:0}\">Garanta acesso ao Suno One, a central de informa\u00e7\u00f5es para quem quer aprender a investir. Acesse gratuitamente clicando aqui.<\/span><\/a><\/p>\n<p>&#8220;\u00c9 uma decis\u00e3o acertada. N\u00e3o era consenso do mercado, mas acho que pela atual situa\u00e7\u00e3o econ\u00f4mica e n\u00e3o qualquer risco inflacion\u00e1rio existir, acho que \u00e9 de bom tamanho e que isso ajude a atividade econ\u00f4mica com cr\u00e9dito mais barato&#8221;, disse Rodrigo Marcatti, s\u00f3cio-fundador da Veedha investimentos.<\/p>\n<p>J\u00e1 para Guilherme Foureaux, gestor da Paineiras, a decis\u00e3o levou em conta a perspectiva baixa de infla\u00e7\u00e3o, mas a queda da Selic a esse patamar deve acelerar a fuga de capitais, pressionando o d\u00f3lar ante o real.<\/p>\n<p>&#8220;Decis\u00e3o foi na ponta mais <a href=\"https:\/\/www.suno.com.br\/artigos\/dovish-hawkish\/\">Dovish (expansionista, leniente para com a infla\u00e7\u00e3o)<\/a> do mercado. O d\u00f3lar [ser\u00e1] pressionado. O BC optou por seguir o modelo de infla\u00e7\u00e3o. IPCA 2020 negociando no mercado perto de 1,0%&#8221;, disse Guilherme Foureaux, gestor da Paineiras.<\/p>\n<p>O economista F\u00e1bio Astrauskas, CEO da Siegen Consultoria, aprovou a decis\u00e3o do Copom e a v\u00ea como um alinhamento do BC do Brasil as demais institui\u00e7\u00f5es mundiais.<\/p>\n<p>&#8220;O corte de 0,75 ponto percentual anunciado hoje pelo Copom na taxa b\u00e1sica Selic est\u00e1 em linha com as a\u00e7\u00f5es at\u00e9 agora adotadas pelo governo em rela\u00e7\u00e3o \u00e0 crise do coronav\u00edrus. O corte de juros tem sido anunciado por v\u00e1rios pa\u00edses como parte da estrat\u00e9gia nessa dire\u00e7\u00e3o&#8221;, disse.<\/p>\n<p>Para o CEO, apenas o corte da taxa b\u00e1sica de juros, no entanto, n\u00e3o \u00e9 suficiente se n\u00e3o for acompanhado de outras iniciativas para estimular o cr\u00e9dito.<\/p>\n<p>&#8220;No entanto, n\u00e3o se pode esquecer que \u00e9 necess\u00e1rio ter outras iniciativas em rela\u00e7\u00e3o ao t\u00e3o necess\u00e1rio acesso ao cr\u00e9dito, principalmente por empresas de m\u00e9dio porte. Entre essas medidas, \u00e9 preciso garantir que os recursos destinados aos bancos cheguem \u00e0s ponta final, ou seja, \u00e0s empresas, principalmente nas linhas referentes a capital de giro&#8221;, afirmou sobre a <strong>Selic<\/strong>.<\/p>\n\n<p>&nbsp;<\/p>\n","protected":false},"excerpt":{"rendered":"<p>A redu\u00e7\u00e3o da taxa b\u00e1sica de juros da economia (Selic) em 0,75 ponto percentual, para 3,00% ao ano, surpreendeu agentes do mercado, que consideram a decis\u00e3o acertada, mas preveem uma maior press\u00e3o no d\u00f3lar ante o real. a\u00e7\u00f5es O SUNO Not\u00edcias conversou com agentes do mercado de capitais brasileiro. Segundo os especialistas, o corte da [&hellip;]<\/p>\n","protected":false},"author":27,"featured_media":8644,"comment_status":"closed","ping_status":"closed","sticky":false,"template":"","format":"standard","meta":[],"categories":[62],"tags":[2487,5255,1752,290],"suno_strategy":[],"class_list":["post-63826","post","type-post","status-publish","format-standard","has-post-thumbnail","hentry","category-economia","tag-coronavirus","tag-covid-19","tag-taxa-de-juros","tag-taxa-selic"],"yoast_head":"<!-- This site is optimized with the Yoast SEO plugin v24.4 - https:\/\/yoast.com\/wordpress\/plugins\/seo\/ -->\n<title>Selic: mercado v\u00ea com surpresa corte na taxa b\u00e1sica de juros<\/title>\n<meta name=\"description\" content=\"A redu\u00e7\u00e3o da Selic em 0,75 ponto percentual surpreendeu agentes, que preveem uma maior press\u00e3o no d\u00f3lar ante o real. Clique para ler\" \/>\n<meta name=\"robots\" content=\"index, follow, max-snippet:-1, max-image-preview:large, max-video-preview:-1\" \/>\n<link rel=\"canonical\" href=\"https:\/\/www.suno.com.br\/noticias\/selic-mercado-surpresa\/\" \/>\n<meta property=\"og:locale\" content=\"pt_BR\" \/>\n<meta property=\"og:type\" content=\"article\" \/>\n<meta property=\"og:title\" content=\"Selic: mercado v\u00ea com surpresa corte na taxa b\u00e1sica de juros\" \/>\n<meta property=\"og:description\" content=\"A redu\u00e7\u00e3o da Selic em 0,75 ponto percentual surpreendeu agentes, que preveem uma maior press\u00e3o no d\u00f3lar ante o real. Clique para ler\" \/>\n<meta property=\"og:url\" content=\"https:\/\/www.suno.com.br\/noticias\/selic-mercado-surpresa\/\" \/>\n<meta property=\"og:site_name\" content=\"Suno Not\u00edcias\" \/>\n<meta property=\"article:publisher\" content=\"https:\/\/facebook.com\/sunoresearch\" \/>\n<meta property=\"og:image\" content=\"https:\/\/files.sunoresearch.com.br\/n\/uploads\/2018\/12\/6640b66a-selic.jpg\" \/>\n\t<meta property=\"og:image:width\" content=\"1140\" \/>\n\t<meta property=\"og:image:height\" content=\"760\" \/>\n\t<meta property=\"og:image:type\" content=\"image\/jpeg\" \/>\n<meta name=\"author\" content=\"Vinicius Pereira\" \/>\n<meta name=\"twitter:card\" content=\"summary_large_image\" \/>\n<meta name=\"twitter:creator\" content=\"@https:\/\/twitter.com\/viniciuspjornal\" \/>\n<meta name=\"twitter:site\" content=\"@sunoresearch\" \/>\n<meta name=\"twitter:label1\" content=\"Escrito por\" \/>\n\t<meta name=\"twitter:data1\" content=\"Vinicius Pereira\" \/>\n\t<meta name=\"twitter:label2\" content=\"Est. tempo de leitura\" \/>\n\t<meta name=\"twitter:data2\" content=\"2 minutos\" \/>\n<script type=\"application\/ld+json\" class=\"yoast-schema-graph\">{\"@context\":\"https:\/\/schema.org\",\"@graph\":[{\"@type\":\"NewsArticle\",\"@id\":\"https:\/\/www.suno.com.br\/noticias\/selic-mercado-surpresa\/#article\",\"isPartOf\":{\"@id\":\"https:\/\/www.suno.com.br\/noticias\/selic-mercado-surpresa\/\"},\"author\":{\"name\":\"Vinicius Pereira\",\"@id\":\"https:\/\/www.suno.com.br\/noticias\/#\/schema\/person\/a20761b96e4df7eb57f1f9e41be1dbf3\"},\"headline\":\"Selic: mercado v\u00ea com surpresa corte na taxa b\u00e1sica de juros\",\"datePublished\":\"2020-05-06T22:10:00+00:00\",\"dateModified\":\"2021-02-18T20:23:38+00:00\",\"mainEntityOfPage\":{\"@id\":\"https:\/\/www.suno.com.br\/noticias\/selic-mercado-surpresa\/\"},\"wordCount\":435,\"publisher\":{\"@id\":\"https:\/\/www.suno.com.br\/noticias\/#organization\"},\"image\":{\"@id\":\"https:\/\/www.suno.com.br\/noticias\/selic-mercado-surpresa\/#primaryimage\"},\"thumbnailUrl\":\"https:\/\/files.sunoresearch.com.br\/n\/uploads\/2018\/12\/6640b66a-selic-jpg.webp\",\"keywords\":[\"coronav\u00edrus\",\"covid-19\",\"taxa de juros\",\"Taxa Selic\"],\"articleSection\":[\"Economia\"],\"inLanguage\":\"pt-BR\"},{\"@type\":\"WebPage\",\"@id\":\"https:\/\/www.suno.com.br\/noticias\/selic-mercado-surpresa\/\",\"url\":\"https:\/\/www.suno.com.br\/noticias\/selic-mercado-surpresa\/\",\"name\":\"Selic: mercado v\u00ea com surpresa corte na taxa b\u00e1sica de juros\",\"isPartOf\":{\"@id\":\"https:\/\/www.suno.com.br\/noticias\/#website\"},\"primaryImageOfPage\":{\"@id\":\"https:\/\/www.suno.com.br\/noticias\/selic-mercado-surpresa\/#primaryimage\"},\"image\":{\"@id\":\"https:\/\/www.suno.com.br\/noticias\/selic-mercado-surpresa\/#primaryimage\"},\"thumbnailUrl\":\"https:\/\/files.sunoresearch.com.br\/n\/uploads\/2018\/12\/6640b66a-selic-jpg.webp\",\"datePublished\":\"2020-05-06T22:10:00+00:00\",\"dateModified\":\"2021-02-18T20:23:38+00:00\",\"description\":\"A redu\u00e7\u00e3o da Selic em 0,75 ponto percentual surpreendeu agentes, que preveem uma maior press\u00e3o no d\u00f3lar ante o real. Clique para ler\",\"breadcrumb\":{\"@id\":\"https:\/\/www.suno.com.br\/noticias\/selic-mercado-surpresa\/#breadcrumb\"},\"inLanguage\":\"pt-BR\",\"potentialAction\":[{\"@type\":\"ReadAction\",\"target\":[\"https:\/\/www.suno.com.br\/noticias\/selic-mercado-surpresa\/\"]}]},{\"@type\":\"ImageObject\",\"inLanguage\":\"pt-BR\",\"@id\":\"https:\/\/www.suno.com.br\/noticias\/selic-mercado-surpresa\/#primaryimage\",\"url\":\"https:\/\/files.sunoresearch.com.br\/n\/uploads\/2018\/12\/6640b66a-selic-jpg.webp\",\"contentUrl\":\"https:\/\/files.sunoresearch.com.br\/n\/uploads\/2018\/12\/6640b66a-selic-jpg.webp\",\"width\":1140,\"height\":760,\"caption\":\"a\u00e7\u00f5es\"},{\"@type\":\"BreadcrumbList\",\"@id\":\"https:\/\/www.suno.com.br\/noticias\/selic-mercado-surpresa\/#breadcrumb\",\"itemListElement\":[{\"@type\":\"ListItem\",\"position\":1,\"name\":\"Not\u00edcias\",\"item\":\"https:\/\/www.suno.com.br\/noticias\/\"},{\"@type\":\"ListItem\",\"position\":2,\"name\":\"Economia\",\"item\":\"https:\/\/www.suno.com.br\/noticias\/economia\/\"},{\"@type\":\"ListItem\",\"position\":3,\"name\":\"Selic: mercado v\u00ea com surpresa corte na taxa b\u00e1sica de juros\"}]},{\"@type\":\"WebSite\",\"@id\":\"https:\/\/www.suno.com.br\/noticias\/#website\",\"url\":\"https:\/\/www.suno.com.br\/noticias\/\",\"name\":\"Suno Not\u00edcias\",\"description\":\"Seu portal de informa\u00e7\u00e3o sobre o mundo dos investimentos\",\"publisher\":{\"@id\":\"https:\/\/www.suno.com.br\/noticias\/#organization\"},\"potentialAction\":[{\"@type\":\"SearchAction\",\"target\":{\"@type\":\"EntryPoint\",\"urlTemplate\":\"https:\/\/www.suno.com.br\/noticias\/?s={search_term_string}\"},\"query-input\":{\"@type\":\"PropertyValueSpecification\",\"valueRequired\":true,\"valueName\":\"search_term_string\"}}],\"inLanguage\":\"pt-BR\"},{\"@type\":\"Organization\",\"@id\":\"https:\/\/www.suno.com.br\/noticias\/#organization\",\"name\":\"Suno Not\u00edcias\",\"url\":\"https:\/\/www.suno.com.br\/noticias\/\",\"logo\":{\"@type\":\"ImageObject\",\"inLanguage\":\"pt-BR\",\"@id\":\"https:\/\/www.suno.com.br\/noticias\/#\/schema\/logo\/image\/\",\"url\":\"https:\/\/files.sunoresearch.com.br\/n\/uploads\/2021\/09\/suno-logo.png\",\"contentUrl\":\"https:\/\/files.sunoresearch.com.br\/n\/uploads\/2021\/09\/suno-logo.png\",\"width\":180,\"height\":180,\"caption\":\"Suno Not\u00edcias\"},\"image\":{\"@id\":\"https:\/\/www.suno.com.br\/noticias\/#\/schema\/logo\/image\/\"},\"sameAs\":[\"https:\/\/facebook.com\/sunoresearch\",\"https:\/\/x.com\/sunoresearch\",\"https:\/\/www.instagram.com\/suno\",\"https:\/\/www.linkedin.com\/company\/suno-research\/\",\"https:\/\/www.youtube.com\/c\/sunoresearch\"]},{\"@type\":\"Person\",\"@id\":\"https:\/\/www.suno.com.br\/noticias\/#\/schema\/person\/a20761b96e4df7eb57f1f9e41be1dbf3\",\"name\":\"Vinicius Pereira\",\"image\":{\"@type\":\"ImageObject\",\"inLanguage\":\"pt-BR\",\"@id\":\"https:\/\/www.suno.com.br\/noticias\/#\/schema\/person\/image\/\",\"url\":\"https:\/\/secure.gravatar.com\/avatar\/783866b933198f5cc4c5d03fcc8b1301?s=96&r=g\",\"contentUrl\":\"https:\/\/secure.gravatar.com\/avatar\/783866b933198f5cc4c5d03fcc8b1301?s=96&r=g\",\"caption\":\"Vinicius Pereira\"},\"description\":\"Vinicius Pereira foi rep\u00f3rter de economia da Folha de S.Paulo, stringer do jornal no Canad\u00e1 e colaborador de VEJA. J\u00e1 escreveu tamb\u00e9m para BBC Brasil, The Intercept Brasil e UOL. Tem MBA em Informa\u00e7\u00f5es Econ\u00f4mico-Financeiras e Mercado de Capitais pela FIA\/B3.\",\"sameAs\":[\"https:\/\/x.com\/https:\/\/twitter.com\/viniciuspjornal\"],\"url\":\"https:\/\/www.suno.com.br\/noticias\/author\/vinicius-pereira\/\"}]}<\/script>\n<!-- \/ Yoast SEO plugin. -->","yoast_head_json":{"title":"Selic: mercado v\u00ea com surpresa corte na taxa b\u00e1sica de juros","description":"A redu\u00e7\u00e3o da Selic em 0,75 ponto percentual surpreendeu agentes, que preveem uma maior press\u00e3o no d\u00f3lar ante o real. Clique para ler","robots":{"index":"index","follow":"follow","max-snippet":"max-snippet:-1","max-image-preview":"max-image-preview:large","max-video-preview":"max-video-preview:-1"},"canonical":"https:\/\/www.suno.com.br\/noticias\/selic-mercado-surpresa\/","og_locale":"pt_BR","og_type":"article","og_title":"Selic: mercado v\u00ea com surpresa corte na taxa b\u00e1sica de juros","og_description":"A redu\u00e7\u00e3o da Selic em 0,75 ponto percentual surpreendeu agentes, que preveem uma maior press\u00e3o no d\u00f3lar ante o real. Clique para ler","og_url":"https:\/\/www.suno.com.br\/noticias\/selic-mercado-surpresa\/","og_site_name":"Suno Not\u00edcias","article_publisher":"https:\/\/facebook.com\/sunoresearch","og_image":[{"width":1140,"height":760,"url":"https:\/\/files.sunoresearch.com.br\/n\/uploads\/2018\/12\/6640b66a-selic.jpg","type":"image\/jpeg"}],"author":"Vinicius Pereira","twitter_card":"summary_large_image","twitter_creator":"@https:\/\/twitter.com\/viniciuspjornal","twitter_site":"@sunoresearch","twitter_misc":{"Escrito por":"Vinicius Pereira","Est. tempo de leitura":"2 minutos"},"schema":{"@context":"https:\/\/schema.org","@graph":[{"@type":"NewsArticle","@id":"https:\/\/www.suno.com.br\/noticias\/selic-mercado-surpresa\/#article","isPartOf":{"@id":"https:\/\/www.suno.com.br\/noticias\/selic-mercado-surpresa\/"},"author":{"name":"Vinicius Pereira","@id":"https:\/\/www.suno.com.br\/noticias\/#\/schema\/person\/a20761b96e4df7eb57f1f9e41be1dbf3"},"headline":"Selic: mercado v\u00ea com surpresa corte na taxa b\u00e1sica de juros","datePublished":"2020-05-06T22:10:00+00:00","dateModified":"2021-02-18T20:23:38+00:00","mainEntityOfPage":{"@id":"https:\/\/www.suno.com.br\/noticias\/selic-mercado-surpresa\/"},"wordCount":435,"publisher":{"@id":"https:\/\/www.suno.com.br\/noticias\/#organization"},"image":{"@id":"https:\/\/www.suno.com.br\/noticias\/selic-mercado-surpresa\/#primaryimage"},"thumbnailUrl":"https:\/\/files.sunoresearch.com.br\/n\/uploads\/2018\/12\/6640b66a-selic-jpg.webp","keywords":["coronav\u00edrus","covid-19","taxa de juros","Taxa Selic"],"articleSection":["Economia"],"inLanguage":"pt-BR"},{"@type":"WebPage","@id":"https:\/\/www.suno.com.br\/noticias\/selic-mercado-surpresa\/","url":"https:\/\/www.suno.com.br\/noticias\/selic-mercado-surpresa\/","name":"Selic: mercado v\u00ea com surpresa corte na taxa b\u00e1sica de juros","isPartOf":{"@id":"https:\/\/www.suno.com.br\/noticias\/#website"},"primaryImageOfPage":{"@id":"https:\/\/www.suno.com.br\/noticias\/selic-mercado-surpresa\/#primaryimage"},"image":{"@id":"https:\/\/www.suno.com.br\/noticias\/selic-mercado-surpresa\/#primaryimage"},"thumbnailUrl":"https:\/\/files.sunoresearch.com.br\/n\/uploads\/2018\/12\/6640b66a-selic-jpg.webp","datePublished":"2020-05-06T22:10:00+00:00","dateModified":"2021-02-18T20:23:38+00:00","description":"A redu\u00e7\u00e3o da Selic em 0,75 ponto percentual surpreendeu agentes, que preveem uma maior press\u00e3o no d\u00f3lar ante o real. Clique para ler","breadcrumb":{"@id":"https:\/\/www.suno.com.br\/noticias\/selic-mercado-surpresa\/#breadcrumb"},"inLanguage":"pt-BR","potentialAction":[{"@type":"ReadAction","target":["https:\/\/www.suno.com.br\/noticias\/selic-mercado-surpresa\/"]}]},{"@type":"ImageObject","inLanguage":"pt-BR","@id":"https:\/\/www.suno.com.br\/noticias\/selic-mercado-surpresa\/#primaryimage","url":"https:\/\/files.sunoresearch.com.br\/n\/uploads\/2018\/12\/6640b66a-selic-jpg.webp","contentUrl":"https:\/\/files.sunoresearch.com.br\/n\/uploads\/2018\/12\/6640b66a-selic-jpg.webp","width":1140,"height":760,"caption":"a\u00e7\u00f5es"},{"@type":"BreadcrumbList","@id":"https:\/\/www.suno.com.br\/noticias\/selic-mercado-surpresa\/#breadcrumb","itemListElement":[{"@type":"ListItem","position":1,"name":"Not\u00edcias","item":"https:\/\/www.suno.com.br\/noticias\/"},{"@type":"ListItem","position":2,"name":"Economia","item":"https:\/\/www.suno.com.br\/noticias\/economia\/"},{"@type":"ListItem","position":3,"name":"Selic: mercado v\u00ea com surpresa corte na taxa b\u00e1sica de juros"}]},{"@type":"WebSite","@id":"https:\/\/www.suno.com.br\/noticias\/#website","url":"https:\/\/www.suno.com.br\/noticias\/","name":"Suno Not\u00edcias","description":"Seu portal de informa\u00e7\u00e3o sobre o mundo dos investimentos","publisher":{"@id":"https:\/\/www.suno.com.br\/noticias\/#organization"},"potentialAction":[{"@type":"SearchAction","target":{"@type":"EntryPoint","urlTemplate":"https:\/\/www.suno.com.br\/noticias\/?s={search_term_string}"},"query-input":{"@type":"PropertyValueSpecification","valueRequired":true,"valueName":"search_term_string"}}],"inLanguage":"pt-BR"},{"@type":"Organization","@id":"https:\/\/www.suno.com.br\/noticias\/#organization","name":"Suno Not\u00edcias","url":"https:\/\/www.suno.com.br\/noticias\/","logo":{"@type":"ImageObject","inLanguage":"pt-BR","@id":"https:\/\/www.suno.com.br\/noticias\/#\/schema\/logo\/image\/","url":"https:\/\/files.sunoresearch.com.br\/n\/uploads\/2021\/09\/suno-logo.png","contentUrl":"https:\/\/files.sunoresearch.com.br\/n\/uploads\/2021\/09\/suno-logo.png","width":180,"height":180,"caption":"Suno Not\u00edcias"},"image":{"@id":"https:\/\/www.suno.com.br\/noticias\/#\/schema\/logo\/image\/"},"sameAs":["https:\/\/facebook.com\/sunoresearch","https:\/\/x.com\/sunoresearch","https:\/\/www.instagram.com\/suno","https:\/\/www.linkedin.com\/company\/suno-research\/","https:\/\/www.youtube.com\/c\/sunoresearch"]},{"@type":"Person","@id":"https:\/\/www.suno.com.br\/noticias\/#\/schema\/person\/a20761b96e4df7eb57f1f9e41be1dbf3","name":"Vinicius Pereira","image":{"@type":"ImageObject","inLanguage":"pt-BR","@id":"https:\/\/www.suno.com.br\/noticias\/#\/schema\/person\/image\/","url":"https:\/\/secure.gravatar.com\/avatar\/783866b933198f5cc4c5d03fcc8b1301?s=96&r=g","contentUrl":"https:\/\/secure.gravatar.com\/avatar\/783866b933198f5cc4c5d03fcc8b1301?s=96&r=g","caption":"Vinicius Pereira"},"description":"Vinicius Pereira foi rep\u00f3rter de economia da Folha de S.Paulo, stringer do jornal no Canad\u00e1 e colaborador de VEJA. J\u00e1 escreveu tamb\u00e9m para BBC Brasil, The Intercept Brasil e UOL. Tem MBA em Informa\u00e7\u00f5es Econ\u00f4mico-Financeiras e Mercado de Capitais pela FIA\/B3.","sameAs":["https:\/\/x.com\/https:\/\/twitter.com\/viniciuspjornal"],"url":"https:\/\/www.suno.com.br\/noticias\/author\/vinicius-pereira\/"}]}},"default_loop_html":"<div class=\"cardsPage__listCard__boxs\"><div class=\"cardsPage__listCard__boxs__img\"><a href=\"https:\/\/www.suno.com.br\/noticias\/selic-mercado-surpresa\/\"><img class=\"mask\" src=\"https:\/\/www.suno.com.br\/noticias\/wp-content\/themes\/suno\/resources\/images\/spotlight\/spotlight1img\/bg-mask.png\" alt=\"Image Mask\"\/><img src=\"https:\/\/files.sunoresearch.com.br\/n\/uploads\/2018\/12\/6640b66a-selic-400x200.webp\" alt=\"Selic: mercado v\u00ea com surpresa corte na taxa b\u00e1sica de juros\"\/><\/a><span class=\"spotlightCategory\"><a href=\"https:\/\/www.suno.com.br\/noticias\/economia\/\">Economia<\/a><\/span><\/div><div class=\"cardsPage__listCard__boxs__content\"><a href=\"https:\/\/www.suno.com.br\/noticias\/selic-mercado-surpresa\/\"><h2 class=\"content__title\">Selic: mercado v\u00ea com surpresa corte na taxa b\u00e1sica de juros<\/h2><\/a><div class=\"newsContent__article__meta\"><div class=\"newsContent__article__meta__authorBox\"><a href=\"https:\/\/www.suno.com.br\/noticias\/author\/vinicius-pereira\/\" class=\"authorBox__avatar noMobi\"><img src=\"https:\/\/files.sunoresearch.com.br\/n\/uploads\/2020\/08\/77510613-whatsapp-image-2020-08-03-at-13.40.40-150x150.webp\" alt=\"Vinicius Pereira\"><\/a><div class=\"authorBox__name\"><span>por\n\t\t\t<a href=\"https:\/\/www.suno.com.br\/noticias\/author\/vinicius-pereira\/\"><span itemprop=\"author\">Vinicius Pereira<\/span><\/a><\/span><time datetime=\"2020-05-06T19:10:00-03:00\" itemprop=\"datePublished\">06\/05\/2020 19:10<\/time><\/div><\/div><\/div><\/div><\/div>","single_layout":"posts","amp_enabled":true,"_links":{"self":[{"href":"https:\/\/www.suno.com.br\/noticias\/wp-json\/wp\/v2\/posts\/63826"}],"collection":[{"href":"https:\/\/www.suno.com.br\/noticias\/wp-json\/wp\/v2\/posts"}],"about":[{"href":"https:\/\/www.suno.com.br\/noticias\/wp-json\/wp\/v2\/types\/post"}],"author":[{"embeddable":true,"href":"https:\/\/www.suno.com.br\/noticias\/wp-json\/wp\/v2\/users\/27"}],"replies":[{"embeddable":true,"href":"https:\/\/www.suno.com.br\/noticias\/wp-json\/wp\/v2\/comments?post=63826"}],"version-history":[{"count":0,"href":"https:\/\/www.suno.com.br\/noticias\/wp-json\/wp\/v2\/posts\/63826\/revisions"}],"wp:featuredmedia":[{"embeddable":true,"href":"https:\/\/www.suno.com.br\/noticias\/wp-json\/wp\/v2\/media\/8644"}],"wp:attachment":[{"href":"https:\/\/www.suno.com.br\/noticias\/wp-json\/wp\/v2\/media?parent=63826"}],"wp:term":[{"taxonomy":"category","embeddable":true,"href":"https:\/\/www.suno.com.br\/noticias\/wp-json\/wp\/v2\/categories?post=63826"},{"taxonomy":"post_tag","embeddable":true,"href":"https:\/\/www.suno.com.br\/noticias\/wp-json\/wp\/v2\/tags?post=63826"},{"taxonomy":"suno_strategy","embeddable":true,"href":"https:\/\/www.suno.com.br\/noticias\/wp-json\/wp\/v2\/suno_strategy?post=63826"}],"curies":[{"name":"wp","href":"https:\/\/api.w.org\/{rel}","templated":true}]}}