{"id":638234,"date":"2026-01-13T12:45:14","date_gmt":"2026-01-13T15:45:14","guid":{"rendered":"https:\/\/www.suno.com.br\/noticias\/brav3-muda-comando-santander-mt\/"},"modified":"2026-01-13T12:45:14","modified_gmt":"2026-01-13T15:45:14","slug":"brav3-muda-comando-santander-mt","status":"publish","type":"post","link":"https:\/\/www.suno.com.br\/noticias\/brav3-muda-comando-santander-mt\/","title":{"rendered":"Brava Energia (BRAV3) vira a p\u00e1gina, troca o comando e reacende a tese no radar dos analistas"},"content":{"rendered":"<p>A&nbsp;<strong>Brava Energia (BRAV3)<\/strong>&nbsp;decidiu mexer no topo da companhia e o mercado leu o movimento como mais do que uma simples dan\u00e7a das cadeiras. A petroleira anunciou mudan\u00e7as simult\u00e2neas na presid\u00eancia executiva e no comando do conselho, em um gesto que sinaliza ajuste fino de estrat\u00e9gia e tentativa de alinhar governan\u00e7a, opera\u00e7\u00e3o e gera\u00e7\u00e3o de valor ao acionista.<\/p>\t<div class=\"wrapper-featured-image\">\n\t\t<figure class=\"spotlightImg\">\n\n\t\t\t<picture>\n\t\t\t\t<source media=\"(max-width: 768px)\" srcset=\"https:\/\/files.sunoresearch.com.br\/n\/uploads\/2026\/01\/BRAVA-400x200.webp\">\n\t\t\t\t<img loading=\"lazy\" decoding=\"async\" class=\"newsContent__article__imgCapa lazyloadDisabled \" src=\"https:\/\/files.sunoresearch.com.br\/n\/uploads\/2026\/01\/BRAVA-png.webp\" width=\"800\" height=\"450\" alt=\"Brava Energia (BRAV3) vira a p\u00e1gina, troca o comando e reacende a tese no radar dos analistas\" fetchpriority=high \/>\n\t\t\t<\/picture>\n\n\t\t\t<figcaption class=\"wp-caption-text wp-caption-text--show\">Brava (BRAV3)  Foto: Divulga\u00e7\u00e3o BRAVA<\/figcaption>\n\t\t<\/figure>\n\t<\/div>\n\n\n\n\n\n\t<p>\n\t\t<a href=\"\" target=\"_blank\" data-element=\"shortcode-suno-banner\" title=\"Banner SUNO, clique e saiba mais\">\n\t\t\t<picture>\n\t\t\t\t<source media=\"(max-width: 500px)\" srcset=\"\">\n\t\t\t\t<img class=\"newsContent__article__imgCapa newsContent__article__imgCapa--banner\"\n\t\t\t\t\tsrc=\"\"\n\t\t\t\t\tdata-promo-id=\"274968\"\t\t\t\t\t\t\t\t\t\t\t\t\t\t\talt=\"\"\n\t\t\t\t>\n\t\t\t<\/picture>\n\t\t<\/a>\n\t<\/p>\n\n\n\n\n\n<p>Richard Kovacs deixa a presid\u00eancia do conselho para assumir o cargo de CEO a partir de 1\u00ba de fevereiro, substituindo D\u00e9cio Oddone, que permanece at\u00e9 o fim de janeiro para garantir uma transi\u00e7\u00e3o estruturada. Ao mesmo tempo, Alexandre Cruz, fundador e CEO da JiveMau\u00e1, passa a ocupar a cadeira de chairman. Para o Santander, a decis\u00e3o ocorre em um momento-chave para a&nbsp;<strong>Brava Energia (BRAV3)<\/strong>, que busca consolidar ganhos operacionais e avan\u00e7ar na <a class=\"suno-keyword\" target=\"_blank\" data-force=\"no\" data-priority=\"1\" href=\"https:\/\/www.suno.com.br\/artigos\/disciplina-financeira\/\" rel=\"noopener\">disciplina financeira<\/a>.&nbsp;<\/p>\n\n\n\n<h2 class=\"wp-block-heading\">Brava Energia (BRAV3) fecha um ciclo e reposiciona a estrat\u00e9gia<\/h2>\n\n\n\n<p>Na leitura dos analistas Yuri Pereira, Eduardo Muniz e Nicole Alonso, do Santander, a sa\u00edda de D\u00e9cio Oddone marca o encerramento de um ciclo relevante na hist\u00f3ria recente da companhia. Segundo o banco, o executivo deixa um legado operacional importante, especialmente nos campos de Atlanta e Papa-Terra, que passaram a operar com maior previsibilidade e consist\u00eancia nos \u00faltimos trimestres.&nbsp;<\/p>\n\n\n\t<p>\n\t\t<a href=\"\" target=\"_blank\" data-element=\"shortcode-suno-banner\" title=\"Banner SUNO, clique e saiba mais\">\n\t\t\t<picture>\n\t\t\t\t<source media=\"(max-width: 500px)\" srcset=\"\">\n\t\t\t\t<img class=\"newsContent__article__imgCapa newsContent__article__imgCapa--banner\"\n\t\t\t\t\tsrc=\"\"\n\t\t\t\t\tdata-promo-id=\"378303\"\t\t\t\t\t\t\t\t\t\t\t\t\t\t\talt=\"\"\n\t\t\t\t>\n\t\t\t<\/picture>\n\t\t<\/a>\n\t<\/p>\n\n\n\n\n\n<p>A promo\u00e7\u00e3o de Kovacs ao cargo de CEO refor\u00e7a, na avalia\u00e7\u00e3o do Santander, a transi\u00e7\u00e3o da empresa para uma estrutura mais claramente liderada por acionistas. O banco lembra que o bloco formado por Ebrasil, Jive e Queiroz Galv\u00e3o concentra cerca de 21% do capital da companhia, fator que tende a reduzir riscos de desalinhamento entre gest\u00e3o e controle. Nesse contexto, a&nbsp;<strong>Brava Energia (BRAV3)<\/strong>&nbsp;passa a ser vista como uma empresa mais focada em execu\u00e7\u00e3o, <a class=\"suno-keyword\" target=\"_blank\" data-force=\"no\" data-priority=\"1\" href=\"https:\/\/www.suno.com.br\/artigos\/geracao-de-caixa\/\" rel=\"noopener\">gera\u00e7\u00e3o de caixa<\/a> e decis\u00f5es estrat\u00e9gicas de longo prazo.<\/p>\n\n\n\n<h2 class=\"wp-block-heading\">Santander v\u00ea BRAV3 mais disciplinada e com foco em retorno<\/h2>\n\n\n\n<p>Com a nova configura\u00e7\u00e3o de lideran\u00e7a, o Santander avalia que a companhia pode acelerar iniciativas de desalavancagem e fortalecer a gera\u00e7\u00e3o de <a class=\"suno-keyword\" target=\"_blank\" data-force=\"no\" data-priority=\"1\" href=\"https:\/\/www.suno.com.br\/artigos\/fluxo-caixa-livre\/\" rel=\"noopener\">fluxo de caixa livre<\/a> ao acionista. A leitura \u00e9 que esse movimento ganha ainda mais relev\u00e2ncia diante de um valuation considerado atrativo, com m\u00faltiplos projetados de EV\/EBITDA em queda e espa\u00e7o para captura de valor ao longo dos pr\u00f3ximos anos.<\/p>\n\n\n\n<p>Para o banco, a combina\u00e7\u00e3o entre ativos mais est\u00e1veis, governan\u00e7a ajustada e foco financeiro cria uma assimetria interessante na tese de investimento. \u201cN\u00f3s vemos a mudan\u00e7a de lideran\u00e7a como um passo positivo do ponto de vista de alinhamento estrat\u00e9gico, refor\u00e7ando a transi\u00e7\u00e3o da companhia para uma estrutura mais claramente liderada por acionistas e abrindo espa\u00e7o para maior foco em desalavancagem, gera\u00e7\u00e3o de caixa e maximiza\u00e7\u00e3o dos retornos ao acionista\u201d, afirmam os analistas do Santander sobre a&nbsp;<strong>Brava Energia (BRAV3)<\/strong>.&nbsp;<\/p>\n\n\n\n\n\t<p>\n\t\t<a href=\"https:\/\/lp.suno.com.br\/lm\/simulador-de-renda-passiva\/\" target=\"_blank\" data-element=\"shortcode-suno-banner\" title=\"Banner SUNO, clique e saiba mais\">\n\t\t\t<picture>\n\t\t\t\t<source media=\"(max-width: 500px)\" srcset=\"https:\/\/files.sunoresearch.com.br\/n\/uploads\/2024\/04\/Lead-Magnet-400x300-1.png\">\n\t\t\t\t<img class=\"newsContent__article__imgCapa newsContent__article__imgCapa--banner\"\n\t\t\t\t\tsrc=\"https:\/\/files.sunoresearch.com.br\/n\/uploads\/2024\/04\/Lead-Magnet-1420x240-1.png\"\n\t\t\t\t\tdata-promo-id=\"543552\"\t\t\t\t\t\t\t\t\t\twidth='1420' height='240'\t\t\t\t\talt=\"https:\/\/files.sunoresearch.com.br\/n\/uploads\/2024\/04\/Lead-Magnet-1420x240-1.png\"\n\t\t\t\t>\n\t\t\t<\/picture>\n\t\t<\/a>\n\t<\/p>\n\n\n","protected":false},"excerpt":{"rendered":"<p>A&nbsp;Brava Energia (BRAV3)&nbsp;decidiu mexer no topo da companhia e o mercado leu o movimento como mais do que uma simples dan\u00e7a das cadeiras. A petroleira anunciou mudan\u00e7as simult\u00e2neas na presid\u00eancia executiva e no comando do conselho, em um gesto que sinaliza ajuste fino de estrat\u00e9gia e tentativa de alinhar governan\u00e7a, opera\u00e7\u00e3o e gera\u00e7\u00e3o de valor &hellip; Continued<\/p>\n","protected":false},"author":402,"featured_media":638235,"comment_status":"closed","ping_status":"closed","sticky":false,"template":"","format":"standard","meta":[],"categories":[60],"tags":[107175],"suno_strategy":[],"class_list":["post-638234","post","type-post","status-publish","format-standard","has-post-thumbnail","hentry","category-mercado","tag-brava-energia-brav3"],"yoast_head":"<!-- This site is optimized with the Yoast SEO plugin v24.4 - https:\/\/yoast.com\/wordpress\/plugins\/seo\/ -->\n<title>BRAV3 muda comando e refor\u00e7a tese positiva no Santander<\/title>\n<meta name=\"description\" content=\"Brava Energia (BRAV3) anuncia novo CEO e chairman; Santander v\u00ea alinhamento estrat\u00e9gico e potencial de gera\u00e7\u00e3o de valor\" \/>\n<meta name=\"robots\" content=\"index, follow, max-snippet:-1, max-image-preview:large, max-video-preview:-1\" \/>\n<link rel=\"canonical\" href=\"https:\/\/www.suno.com.br\/noticias\/brav3-muda-comando-santander-mt\/\" \/>\n<meta property=\"og:locale\" content=\"pt_BR\" \/>\n<meta property=\"og:type\" content=\"article\" \/>\n<meta property=\"og:title\" content=\"BRAV3 muda comando e refor\u00e7a tese positiva no Santander\" \/>\n<meta property=\"og:description\" content=\"Brava Energia (BRAV3) anuncia novo CEO e chairman; Santander v\u00ea alinhamento estrat\u00e9gico e potencial de gera\u00e7\u00e3o de valor\" \/>\n<meta property=\"og:url\" content=\"https:\/\/www.suno.com.br\/noticias\/brav3-muda-comando-santander-mt\/\" \/>\n<meta property=\"og:site_name\" content=\"Suno Not\u00edcias\" \/>\n<meta property=\"article:publisher\" content=\"https:\/\/facebook.com\/sunoresearch\" \/>\n<meta property=\"og:image\" content=\"http:\/\/files.sunoresearch.com.br\/n\/uploads\/2026\/01\/BRAVA-png.webp\" \/>\n\t<meta property=\"og:image:width\" content=\"751\" \/>\n\t<meta property=\"og:image:height\" content=\"423\" \/>\n\t<meta property=\"og:image:type\" content=\"image\/png\" \/>\n<meta name=\"author\" content=\"Ma\u00edra Telles\" \/>\n<meta name=\"twitter:card\" content=\"summary_large_image\" \/>\n<meta name=\"twitter:creator\" content=\"@sunoresearch\" \/>\n<meta name=\"twitter:site\" content=\"@sunoresearch\" \/>\n<meta name=\"twitter:label1\" content=\"Escrito por\" \/>\n\t<meta name=\"twitter:data1\" content=\"Ma\u00edra Telles\" \/>\n\t<meta name=\"twitter:label2\" content=\"Est. tempo de leitura\" \/>\n\t<meta name=\"twitter:data2\" content=\"3 minutos\" \/>\n<script type=\"application\/ld+json\" class=\"yoast-schema-graph\">{\"@context\":\"https:\/\/schema.org\",\"@graph\":[{\"@type\":\"NewsArticle\",\"@id\":\"https:\/\/www.suno.com.br\/noticias\/brav3-muda-comando-santander-mt\/#article\",\"isPartOf\":{\"@id\":\"https:\/\/www.suno.com.br\/noticias\/brav3-muda-comando-santander-mt\/\"},\"author\":{\"name\":\"Ma\u00edra Telles\",\"@id\":\"https:\/\/www.suno.com.br\/noticias\/#\/schema\/person\/0a8b51292bb96ee5f104094c0907eaef\"},\"headline\":\"Brava Energia (BRAV3) vira a p\u00e1gina, troca o comando e reacende a tese no radar dos analistas\",\"datePublished\":\"2026-01-13T15:45:14+00:00\",\"mainEntityOfPage\":{\"@id\":\"https:\/\/www.suno.com.br\/noticias\/brav3-muda-comando-santander-mt\/\"},\"wordCount\":519,\"publisher\":{\"@id\":\"https:\/\/www.suno.com.br\/noticias\/#organization\"},\"image\":{\"@id\":\"https:\/\/www.suno.com.br\/noticias\/brav3-muda-comando-santander-mt\/#primaryimage\"},\"thumbnailUrl\":\"https:\/\/files.sunoresearch.com.br\/n\/uploads\/2026\/01\/BRAVA-png.webp\",\"keywords\":[\"Brava Energia (BRAV3)\"],\"articleSection\":[\"Mercado\"],\"inLanguage\":\"pt-BR\"},{\"@type\":\"WebPage\",\"@id\":\"https:\/\/www.suno.com.br\/noticias\/brav3-muda-comando-santander-mt\/\",\"url\":\"https:\/\/www.suno.com.br\/noticias\/brav3-muda-comando-santander-mt\/\",\"name\":\"BRAV3 muda comando e refor\u00e7a tese positiva no Santander\",\"isPartOf\":{\"@id\":\"https:\/\/www.suno.com.br\/noticias\/#website\"},\"primaryImageOfPage\":{\"@id\":\"https:\/\/www.suno.com.br\/noticias\/brav3-muda-comando-santander-mt\/#primaryimage\"},\"image\":{\"@id\":\"https:\/\/www.suno.com.br\/noticias\/brav3-muda-comando-santander-mt\/#primaryimage\"},\"thumbnailUrl\":\"https:\/\/files.sunoresearch.com.br\/n\/uploads\/2026\/01\/BRAVA-png.webp\",\"datePublished\":\"2026-01-13T15:45:14+00:00\",\"description\":\"Brava Energia (BRAV3) anuncia novo CEO e chairman; Santander v\u00ea alinhamento estrat\u00e9gico e potencial de gera\u00e7\u00e3o de valor\",\"breadcrumb\":{\"@id\":\"https:\/\/www.suno.com.br\/noticias\/brav3-muda-comando-santander-mt\/#breadcrumb\"},\"inLanguage\":\"pt-BR\",\"potentialAction\":[{\"@type\":\"ReadAction\",\"target\":[\"https:\/\/www.suno.com.br\/noticias\/brav3-muda-comando-santander-mt\/\"]}]},{\"@type\":\"ImageObject\",\"inLanguage\":\"pt-BR\",\"@id\":\"https:\/\/www.suno.com.br\/noticias\/brav3-muda-comando-santander-mt\/#primaryimage\",\"url\":\"https:\/\/files.sunoresearch.com.br\/n\/uploads\/2026\/01\/BRAVA-png.webp\",\"contentUrl\":\"https:\/\/files.sunoresearch.com.br\/n\/uploads\/2026\/01\/BRAVA-png.webp\",\"width\":751,\"height\":423,\"caption\":\"Brava (BRAV3) Foto: Divulga\u00e7\u00e3o BRAVA\"},{\"@type\":\"BreadcrumbList\",\"@id\":\"https:\/\/www.suno.com.br\/noticias\/brav3-muda-comando-santander-mt\/#breadcrumb\",\"itemListElement\":[{\"@type\":\"ListItem\",\"position\":1,\"name\":\"Not\u00edcias\",\"item\":\"https:\/\/www.suno.com.br\/noticias\/\"},{\"@type\":\"ListItem\",\"position\":2,\"name\":\"Neg\u00f3cios\",\"item\":\"https:\/\/www.suno.com.br\/noticias\/negocios\/\"},{\"@type\":\"ListItem\",\"position\":3,\"name\":\"Brava Energia (BRAV3) vira a p\u00e1gina, troca o comando e reacende a tese no radar dos analistas\"}]},{\"@type\":\"WebSite\",\"@id\":\"https:\/\/www.suno.com.br\/noticias\/#website\",\"url\":\"https:\/\/www.suno.com.br\/noticias\/\",\"name\":\"Suno Not\u00edcias\",\"description\":\"Seu portal de informa\u00e7\u00e3o sobre o mundo dos investimentos\",\"publisher\":{\"@id\":\"https:\/\/www.suno.com.br\/noticias\/#organization\"},\"potentialAction\":[{\"@type\":\"SearchAction\",\"target\":{\"@type\":\"EntryPoint\",\"urlTemplate\":\"https:\/\/www.suno.com.br\/noticias\/?s={search_term_string}\"},\"query-input\":{\"@type\":\"PropertyValueSpecification\",\"valueRequired\":true,\"valueName\":\"search_term_string\"}}],\"inLanguage\":\"pt-BR\"},{\"@type\":\"Organization\",\"@id\":\"https:\/\/www.suno.com.br\/noticias\/#organization\",\"name\":\"Suno Not\u00edcias\",\"url\":\"https:\/\/www.suno.com.br\/noticias\/\",\"logo\":{\"@type\":\"ImageObject\",\"inLanguage\":\"pt-BR\",\"@id\":\"https:\/\/www.suno.com.br\/noticias\/#\/schema\/logo\/image\/\",\"url\":\"https:\/\/files.sunoresearch.com.br\/n\/uploads\/2021\/09\/suno-logo.png\",\"contentUrl\":\"https:\/\/files.sunoresearch.com.br\/n\/uploads\/2021\/09\/suno-logo.png\",\"width\":180,\"height\":180,\"caption\":\"Suno Not\u00edcias\"},\"image\":{\"@id\":\"https:\/\/www.suno.com.br\/noticias\/#\/schema\/logo\/image\/\"},\"sameAs\":[\"https:\/\/facebook.com\/sunoresearch\",\"https:\/\/x.com\/sunoresearch\",\"https:\/\/www.instagram.com\/suno\",\"https:\/\/www.linkedin.com\/company\/suno-research\/\",\"https:\/\/www.youtube.com\/c\/sunoresearch\"]},{\"@type\":\"Person\",\"@id\":\"https:\/\/www.suno.com.br\/noticias\/#\/schema\/person\/0a8b51292bb96ee5f104094c0907eaef\",\"name\":\"Ma\u00edra Telles\",\"image\":{\"@type\":\"ImageObject\",\"inLanguage\":\"pt-BR\",\"@id\":\"https:\/\/www.suno.com.br\/noticias\/#\/schema\/person\/image\/\",\"url\":\"https:\/\/secure.gravatar.com\/avatar\/8d13691eab6abc1d1050b62a4c2a6116?s=96&r=g\",\"contentUrl\":\"https:\/\/secure.gravatar.com\/avatar\/8d13691eab6abc1d1050b62a4c2a6116?s=96&r=g\",\"caption\":\"Ma\u00edra Telles\"},\"description\":\"Jornalista com passagem por reda\u00e7\u00f5es como ESPN, especializa\u00e7\u00e3o em marketing digital e em gest\u00e3o de crise. Com foco no mercado financeiro e no setor agropecu\u00e1rio, desenvolve conte\u00fados estrat\u00e9gicos e especializados para m\u00faltiplas plataformas, unindo an\u00e1lise de investimentos e neg\u00f3cios\",\"url\":\"https:\/\/www.suno.com.br\/noticias\/author\/mairaftellesgmail-com\/\"}]}<\/script>\n<!-- \/ Yoast SEO plugin. -->","yoast_head_json":{"title":"BRAV3 muda comando e refor\u00e7a tese positiva no Santander","description":"Brava Energia (BRAV3) anuncia novo CEO e chairman; Santander v\u00ea alinhamento estrat\u00e9gico e potencial de gera\u00e7\u00e3o de valor","robots":{"index":"index","follow":"follow","max-snippet":"max-snippet:-1","max-image-preview":"max-image-preview:large","max-video-preview":"max-video-preview:-1"},"canonical":"https:\/\/www.suno.com.br\/noticias\/brav3-muda-comando-santander-mt\/","og_locale":"pt_BR","og_type":"article","og_title":"BRAV3 muda comando e refor\u00e7a tese positiva no Santander","og_description":"Brava Energia (BRAV3) anuncia novo CEO e chairman; Santander v\u00ea alinhamento estrat\u00e9gico e potencial de gera\u00e7\u00e3o de valor","og_url":"https:\/\/www.suno.com.br\/noticias\/brav3-muda-comando-santander-mt\/","og_site_name":"Suno Not\u00edcias","article_publisher":"https:\/\/facebook.com\/sunoresearch","og_image":[{"width":751,"height":423,"url":"http:\/\/files.sunoresearch.com.br\/n\/uploads\/2026\/01\/BRAVA-png.webp","type":"image\/png"}],"author":"Ma\u00edra Telles","twitter_card":"summary_large_image","twitter_creator":"@sunoresearch","twitter_site":"@sunoresearch","twitter_misc":{"Escrito por":"Ma\u00edra Telles","Est. tempo de leitura":"3 minutos"},"schema":{"@context":"https:\/\/schema.org","@graph":[{"@type":"NewsArticle","@id":"https:\/\/www.suno.com.br\/noticias\/brav3-muda-comando-santander-mt\/#article","isPartOf":{"@id":"https:\/\/www.suno.com.br\/noticias\/brav3-muda-comando-santander-mt\/"},"author":{"name":"Ma\u00edra Telles","@id":"https:\/\/www.suno.com.br\/noticias\/#\/schema\/person\/0a8b51292bb96ee5f104094c0907eaef"},"headline":"Brava Energia (BRAV3) vira a p\u00e1gina, troca o comando e reacende a tese no radar dos analistas","datePublished":"2026-01-13T15:45:14+00:00","mainEntityOfPage":{"@id":"https:\/\/www.suno.com.br\/noticias\/brav3-muda-comando-santander-mt\/"},"wordCount":519,"publisher":{"@id":"https:\/\/www.suno.com.br\/noticias\/#organization"},"image":{"@id":"https:\/\/www.suno.com.br\/noticias\/brav3-muda-comando-santander-mt\/#primaryimage"},"thumbnailUrl":"https:\/\/files.sunoresearch.com.br\/n\/uploads\/2026\/01\/BRAVA-png.webp","keywords":["Brava Energia (BRAV3)"],"articleSection":["Mercado"],"inLanguage":"pt-BR"},{"@type":"WebPage","@id":"https:\/\/www.suno.com.br\/noticias\/brav3-muda-comando-santander-mt\/","url":"https:\/\/www.suno.com.br\/noticias\/brav3-muda-comando-santander-mt\/","name":"BRAV3 muda comando e refor\u00e7a tese positiva no Santander","isPartOf":{"@id":"https:\/\/www.suno.com.br\/noticias\/#website"},"primaryImageOfPage":{"@id":"https:\/\/www.suno.com.br\/noticias\/brav3-muda-comando-santander-mt\/#primaryimage"},"image":{"@id":"https:\/\/www.suno.com.br\/noticias\/brav3-muda-comando-santander-mt\/#primaryimage"},"thumbnailUrl":"https:\/\/files.sunoresearch.com.br\/n\/uploads\/2026\/01\/BRAVA-png.webp","datePublished":"2026-01-13T15:45:14+00:00","description":"Brava Energia (BRAV3) anuncia novo CEO e chairman; Santander v\u00ea alinhamento estrat\u00e9gico e potencial de gera\u00e7\u00e3o de valor","breadcrumb":{"@id":"https:\/\/www.suno.com.br\/noticias\/brav3-muda-comando-santander-mt\/#breadcrumb"},"inLanguage":"pt-BR","potentialAction":[{"@type":"ReadAction","target":["https:\/\/www.suno.com.br\/noticias\/brav3-muda-comando-santander-mt\/"]}]},{"@type":"ImageObject","inLanguage":"pt-BR","@id":"https:\/\/www.suno.com.br\/noticias\/brav3-muda-comando-santander-mt\/#primaryimage","url":"https:\/\/files.sunoresearch.com.br\/n\/uploads\/2026\/01\/BRAVA-png.webp","contentUrl":"https:\/\/files.sunoresearch.com.br\/n\/uploads\/2026\/01\/BRAVA-png.webp","width":751,"height":423,"caption":"Brava (BRAV3) Foto: Divulga\u00e7\u00e3o BRAVA"},{"@type":"BreadcrumbList","@id":"https:\/\/www.suno.com.br\/noticias\/brav3-muda-comando-santander-mt\/#breadcrumb","itemListElement":[{"@type":"ListItem","position":1,"name":"Not\u00edcias","item":"https:\/\/www.suno.com.br\/noticias\/"},{"@type":"ListItem","position":2,"name":"Neg\u00f3cios","item":"https:\/\/www.suno.com.br\/noticias\/negocios\/"},{"@type":"ListItem","position":3,"name":"Brava Energia (BRAV3) vira a p\u00e1gina, troca o comando e reacende a tese no radar dos analistas"}]},{"@type":"WebSite","@id":"https:\/\/www.suno.com.br\/noticias\/#website","url":"https:\/\/www.suno.com.br\/noticias\/","name":"Suno Not\u00edcias","description":"Seu portal de informa\u00e7\u00e3o sobre o mundo dos investimentos","publisher":{"@id":"https:\/\/www.suno.com.br\/noticias\/#organization"},"potentialAction":[{"@type":"SearchAction","target":{"@type":"EntryPoint","urlTemplate":"https:\/\/www.suno.com.br\/noticias\/?s={search_term_string}"},"query-input":{"@type":"PropertyValueSpecification","valueRequired":true,"valueName":"search_term_string"}}],"inLanguage":"pt-BR"},{"@type":"Organization","@id":"https:\/\/www.suno.com.br\/noticias\/#organization","name":"Suno Not\u00edcias","url":"https:\/\/www.suno.com.br\/noticias\/","logo":{"@type":"ImageObject","inLanguage":"pt-BR","@id":"https:\/\/www.suno.com.br\/noticias\/#\/schema\/logo\/image\/","url":"https:\/\/files.sunoresearch.com.br\/n\/uploads\/2021\/09\/suno-logo.png","contentUrl":"https:\/\/files.sunoresearch.com.br\/n\/uploads\/2021\/09\/suno-logo.png","width":180,"height":180,"caption":"Suno Not\u00edcias"},"image":{"@id":"https:\/\/www.suno.com.br\/noticias\/#\/schema\/logo\/image\/"},"sameAs":["https:\/\/facebook.com\/sunoresearch","https:\/\/x.com\/sunoresearch","https:\/\/www.instagram.com\/suno","https:\/\/www.linkedin.com\/company\/suno-research\/","https:\/\/www.youtube.com\/c\/sunoresearch"]},{"@type":"Person","@id":"https:\/\/www.suno.com.br\/noticias\/#\/schema\/person\/0a8b51292bb96ee5f104094c0907eaef","name":"Ma\u00edra Telles","image":{"@type":"ImageObject","inLanguage":"pt-BR","@id":"https:\/\/www.suno.com.br\/noticias\/#\/schema\/person\/image\/","url":"https:\/\/secure.gravatar.com\/avatar\/8d13691eab6abc1d1050b62a4c2a6116?s=96&r=g","contentUrl":"https:\/\/secure.gravatar.com\/avatar\/8d13691eab6abc1d1050b62a4c2a6116?s=96&r=g","caption":"Ma\u00edra Telles"},"description":"Jornalista com passagem por reda\u00e7\u00f5es como ESPN, especializa\u00e7\u00e3o em marketing digital e em gest\u00e3o de crise. Com foco no mercado financeiro e no setor agropecu\u00e1rio, desenvolve conte\u00fados estrat\u00e9gicos e especializados para m\u00faltiplas plataformas, unindo an\u00e1lise de investimentos e neg\u00f3cios","url":"https:\/\/www.suno.com.br\/noticias\/author\/mairaftellesgmail-com\/"}]}},"default_loop_html":"<div class=\"cardsPage__listCard__boxs\"><div class=\"cardsPage__listCard__boxs__img\"><a href=\"https:\/\/www.suno.com.br\/noticias\/brav3-muda-comando-santander-mt\/\"><img class=\"mask\" src=\"https:\/\/www.suno.com.br\/noticias\/wp-content\/themes\/suno\/resources\/images\/spotlight\/spotlight1img\/bg-mask.png\" alt=\"Image Mask\"\/><img src=\"https:\/\/files.sunoresearch.com.br\/n\/uploads\/2026\/01\/BRAVA-400x200.webp\" alt=\"Brava Energia (BRAV3) vira a p\u00e1gina, troca o comando e reacende a tese no radar dos analistas\"\/><\/a><span class=\"spotlightCategory\"><a href=\"https:\/\/www.suno.com.br\/noticias\/mercado\/\">Mercado<\/a><\/span><\/div><div class=\"cardsPage__listCard__boxs__content\"><a href=\"https:\/\/www.suno.com.br\/noticias\/brav3-muda-comando-santander-mt\/\"><h2 class=\"content__title\">Brava Energia (BRAV3) vira a p\u00e1gina, troca o comando e reacende a tese no radar dos analistas<\/h2><\/a><div class=\"newsContent__article__meta\"><div class=\"newsContent__article__meta__authorBox\"><a href=\"https:\/\/www.suno.com.br\/noticias\/author\/mairaftellesgmail-com\/\" class=\"authorBox__avatar noMobi\"><img src=\"https:\/\/secure.gravatar.com\/avatar\/8d13691eab6abc1d1050b62a4c2a6116?s=96&#038;r=g\" alt=\"Ma\u00edra Telles\"><\/a><div class=\"authorBox__name\"><span>por\n\t\t\t<a href=\"https:\/\/www.suno.com.br\/noticias\/author\/mairaftellesgmail-com\/\"><span itemprop=\"author\">Ma\u00edra Telles<\/span><\/a><\/span><time datetime=\"2026-01-13T12:45:14-03:00\" itemprop=\"datePublished\">13\/01\/2026 12:45<\/time><\/div><\/div><\/div><\/div><\/div>","single_layout":"posts","amp_enabled":true,"_links":{"self":[{"href":"https:\/\/www.suno.com.br\/noticias\/wp-json\/wp\/v2\/posts\/638234"}],"collection":[{"href":"https:\/\/www.suno.com.br\/noticias\/wp-json\/wp\/v2\/posts"}],"about":[{"href":"https:\/\/www.suno.com.br\/noticias\/wp-json\/wp\/v2\/types\/post"}],"author":[{"embeddable":true,"href":"https:\/\/www.suno.com.br\/noticias\/wp-json\/wp\/v2\/users\/402"}],"replies":[{"embeddable":true,"href":"https:\/\/www.suno.com.br\/noticias\/wp-json\/wp\/v2\/comments?post=638234"}],"version-history":[{"count":0,"href":"https:\/\/www.suno.com.br\/noticias\/wp-json\/wp\/v2\/posts\/638234\/revisions"}],"wp:featuredmedia":[{"embeddable":true,"href":"https:\/\/www.suno.com.br\/noticias\/wp-json\/wp\/v2\/media\/638235"}],"wp:attachment":[{"href":"https:\/\/www.suno.com.br\/noticias\/wp-json\/wp\/v2\/media?parent=638234"}],"wp:term":[{"taxonomy":"category","embeddable":true,"href":"https:\/\/www.suno.com.br\/noticias\/wp-json\/wp\/v2\/categories?post=638234"},{"taxonomy":"post_tag","embeddable":true,"href":"https:\/\/www.suno.com.br\/noticias\/wp-json\/wp\/v2\/tags?post=638234"},{"taxonomy":"suno_strategy","embeddable":true,"href":"https:\/\/www.suno.com.br\/noticias\/wp-json\/wp\/v2\/suno_strategy?post=638234"}],"curies":[{"name":"wp","href":"https:\/\/api.w.org\/{rel}","templated":true}]}}