{"id":637974,"date":"2026-01-09T18:25:13","date_gmt":"2026-01-09T21:25:13","guid":{"rendered":"https:\/\/www.suno.com.br\/noticias\/ibovespa-sobe-163-mil-pontos-inflacao-meta-mt\/"},"modified":"2026-01-09T18:25:13","modified_gmt":"2026-01-09T21:25:13","slug":"ibovespa-sobe-163-mil-pontos-inflacao-meta-mt","status":"publish","type":"post","link":"https:\/\/www.suno.com.br\/noticias\/ibovespa-sobe-163-mil-pontos-inflacao-meta-mt\/","title":{"rendered":"Ibovespa sobe e volta aos 163 mil pontos com infla\u00e7\u00e3o sob controle e d\u00f3lar mais fraco"},"content":{"rendered":"<p>O&nbsp;<strong>Ibovespa<\/strong>&nbsp;encerrou o preg\u00e3o desta&nbsp;<strong>sexta-feira (9)<\/strong>&nbsp;em alta, retomando a linha dos&nbsp;<strong>163 mil pontos<\/strong>&nbsp;em um dia marcado por melhora na percep\u00e7\u00e3o de risco ap\u00f3s a divulga\u00e7\u00e3o da infla\u00e7\u00e3o brasileira dentro da meta. O principal \u00edndice da B3 avan\u00e7ou&nbsp;<strong>0,30%<\/strong>, aos&nbsp;<strong>163.424,94 pontos<\/strong>, ap\u00f3s oscilar entre&nbsp;<strong>162.637,86<\/strong>&nbsp;na m\u00ednima e&nbsp;<strong>164.263,23 pontos<\/strong>&nbsp;na m\u00e1xima da sess\u00e3o.<\/p>\t<div class=\"wrapper-featured-image\">\n\t\t<figure class=\"spotlightImg\">\n\n\t\t\t<picture>\n\t\t\t\t<source media=\"(max-width: 768px)\" srcset=\"https:\/\/files.sunoresearch.com.br\/n\/uploads\/2026\/01\/cropped-IbovespaUnsplash-6-scaled-1-1-400x200.webp\">\n\t\t\t\t<img loading=\"lazy\" decoding=\"async\" class=\"newsContent__article__imgCapa lazyloadDisabled \" src=\"https:\/\/files.sunoresearch.com.br\/n\/uploads\/2026\/01\/cropped-IbovespaUnsplash-6-scaled-1-1-jpg.webp\" width=\"800\" height=\"450\" alt=\"Ibovespa sobe e volta aos 163 mil pontos com infla\u00e7\u00e3o sob controle e d\u00f3lar mais fraco\" fetchpriority=high \/>\n\t\t\t<\/picture>\n\n\t\t\t<figcaption class=\"wp-caption-text wp-caption-text--show\">Ibovespa. Foto Unsplash.<\/figcaption>\n\t\t<\/figure>\n\t<\/div>\n\n\n\n\n\n\n<p>O movimento refletiu um ambiente mais favor\u00e1vel aos ativos dom\u00e9sticos, com o mercado reagindo ao&nbsp;<strong>IPCA de 2025 em 4,26%<\/strong>, abaixo do teto da meta de 4,5%, al\u00e9m do enfraquecimento do d\u00f3lar frente ao real. Mesmo assim, o preg\u00e3o foi marcado por movimentos pontuais nas a\u00e7\u00f5es, em meio a ajustes t\u00e9cnicos e not\u00edcias corporativas espec\u00edficas.<\/p>\n\n\n\n<h3 class=\"wp-block-heading\">Cota\u00e7\u00e3o do <a class=\"suno-keyword\" target=\"_blank\" data-force=\"no\" data-priority=\"1\" href=\"https:\/\/www.suno.com.br\/analitica\/moedas\/dolar-hoje\/\" rel=\"noopener\">d\u00f3lar hoje<\/a><\/h3>\n\n\n\n<p>O d\u00f3lar comercial fechou em queda de&nbsp;<strong>0,44%<\/strong>, cotado a&nbsp;<strong>R$ 5,365<\/strong>, acompanhando a melhora do apetite ao risco no mercado local. Segundo&nbsp;<strong>Bruno Shahini, especialista em investimentos da Nomad<\/strong>, a moeda reagiu inicialmente \u00e0 divulga\u00e7\u00e3o do payroll de dezembro, que mostrou cria\u00e7\u00e3o de vagas abaixo da expectativa do mercado.<\/p>\n\n\n\n<p>\u201cO d\u00f3lar reagiu inicialmente \u00e0 divulga\u00e7\u00e3o do payroll de dezembro, que mostrou cria\u00e7\u00e3o de vagas abaixo da expectativa do mercado, refor\u00e7ando a leitura de desacelera\u00e7\u00e3o gradual do mercado de trabalho nos Estados Unidos\u201d, afirmou Shahini.<\/p>\n\n\n\n<p>No cen\u00e1rio dom\u00e9stico, o IPCA em linha com o consenso manteve inalteradas as expectativas para a pol\u00edtica monet\u00e1ria e preservou o diferencial de juros favor\u00e1vel ao Brasil.<\/p>\n\n\n\n<blockquote class=\"wp-block-quote is-layout-flow wp-block-quote-is-layout-flow\">\n<p>\u201cEsse conjunto de fatores abriu espa\u00e7o para um d\u00f3lar mais fraco ao longo do dia, embora sem muita convic\u00e7\u00e3o estrutural. O d\u00f3lar vem operando em intervalos estreitos e num movimento de consolida\u00e7\u00e3o t\u00e9cnica, diante da aus\u00eancia de dados econ\u00f4micos que sustentem uma tend\u00eancia mais clara nesse come\u00e7o de ano\u201d, acrescentou o especialista.<\/p>\n<\/blockquote>\n\n\n\n<p>No exterior, os \u00edndices de a\u00e7\u00f5es dos Estados Unidos encerraram o dia sem dire\u00e7\u00e3o \u00fanica, refletindo a cautela dos investidores:<\/p>\n\n\n\n<ul class=\"wp-block-list\">\n<li><strong>Dow Jones:<\/strong>\u00a0desempenho misto<\/li>\n\n\n\n<li><strong>S&amp;P 500:<\/strong>\u00a0varia\u00e7\u00e3o moderada<\/li>\n\n\n\n<li><strong>Nasdaq:<\/strong>\u00a0leve alta<\/li>\n<\/ul>\n\n\n\n<h3 class=\"wp-block-heading\">Altas e baixas do Ibovespa<\/h3>\n\n\n\n<p>Apesar da alta do \u00edndice, algumas a\u00e7\u00f5es tiveram desempenho negativo relevante. Os pap\u00e9is do&nbsp;<strong>P\u00e3o de A\u00e7\u00facar&nbsp;(<a class=\"suno-keyword\" target=\"_blank\" data-force=\"no\" data-priority=\"2\" href=\"https:\/\/www.suno.com.br\/analitica\/acoes\/pcar3\/\" rel=\"noopener\">PCAR3<\/a>)<\/strong>figuraram entre as maiores quedas do preg\u00e3o, com recuo de&nbsp;<strong>3,52%<\/strong>, ap\u00f3s a ren\u00fancia de Sirotsky Russowsky aos cargos de CFO e diretor de <a class=\"suno-keyword\" target=\"_blank\" data-force=\"no\" data-priority=\"1\" href=\"https:\/\/www.suno.com.br\/artigos\/relacoes-com-investidores\/\" rel=\"noopener\">rela\u00e7\u00f5es com investidores<\/a>.<\/p>\n\n\n\n<p>A sa\u00edda do executivo \u2014 que liderava o processo de desalavancagem e negocia\u00e7\u00f5es fiscais da companhia \u2014 aumentou a percep\u00e7\u00e3o de risco, especialmente com o ac\u00famulo tempor\u00e1rio das fun\u00e7\u00f5es financeiras pelo CEO rec\u00e9m-empossado, Alexandre de Jesus Santoro.<\/p>\n\n\n\n<p>Mesmo com movimentos pontuais de press\u00e3o, o&nbsp;<strong>Ibovespa<\/strong>&nbsp;conseguiu sustentar o avan\u00e7o no fechamento, refletindo um ambiente mais construtivo para o risco Brasil no curto prazo. Com infla\u00e7\u00e3o dentro da meta e c\u00e2mbio mais comportado, o \u00edndice encerra a semana em tom mais firme, enquanto investidores seguem atentos \u00e0 consolida\u00e7\u00e3o do cen\u00e1rio macroecon\u00f4mico neste in\u00edcio de 2026.<\/p>\n","protected":false},"excerpt":{"rendered":"<p>O&nbsp;Ibovespa&nbsp;encerrou o preg\u00e3o desta&nbsp;sexta-feira (9)&nbsp;em alta, retomando a linha dos&nbsp;163 mil pontos&nbsp;em um dia marcado por melhora na percep\u00e7\u00e3o de risco ap\u00f3s a divulga\u00e7\u00e3o da infla\u00e7\u00e3o brasileira dentro da meta. O principal \u00edndice da B3 avan\u00e7ou&nbsp;0,30%, aos&nbsp;163.424,94 pontos, ap\u00f3s oscilar entre&nbsp;162.637,86&nbsp;na m\u00ednima e&nbsp;164.263,23 pontos&nbsp;na m\u00e1xima da sess\u00e3o. O movimento refletiu um ambiente mais favor\u00e1vel aos &hellip; Continued<\/p>\n","protected":false},"author":402,"featured_media":637975,"comment_status":"closed","ping_status":"closed","sticky":false,"template":"","format":"standard","meta":[],"categories":[1],"tags":[721,106949],"suno_strategy":[],"class_list":["post-637974","post","type-post","status-publish","format-standard","has-post-thumbnail","hentry","category-uncategorized","tag-ibovespa","tag-ibovespa-fechamento"],"yoast_head":"<!-- This site is optimized with the Yoast SEO plugin v24.4 - https:\/\/yoast.com\/wordpress\/plugins\/seo\/ -->\n<title>Ibovespa sobe aos 163 mil pontos com infla\u00e7\u00e3o dentro da meta<\/title>\n<meta name=\"description\" content=\"Ibovespa fecha em alta nesta sexta-feira, volta aos 163 mil pontos e reage ao IPCA dentro da meta e ao d\u00f3lar mais fraco.\" \/>\n<meta name=\"robots\" content=\"index, follow, max-snippet:-1, max-image-preview:large, max-video-preview:-1\" \/>\n<link rel=\"canonical\" href=\"https:\/\/www.suno.com.br\/noticias\/ibovespa-sobe-163-mil-pontos-inflacao-meta-mt\/\" \/>\n<meta property=\"og:locale\" content=\"pt_BR\" \/>\n<meta property=\"og:type\" content=\"article\" \/>\n<meta property=\"og:title\" content=\"Ibovespa sobe aos 163 mil pontos com infla\u00e7\u00e3o dentro da meta\" \/>\n<meta property=\"og:description\" content=\"Ibovespa fecha em alta nesta sexta-feira, volta aos 163 mil pontos e reage ao IPCA dentro da meta e ao d\u00f3lar mais fraco.\" \/>\n<meta property=\"og:url\" content=\"https:\/\/www.suno.com.br\/noticias\/ibovespa-sobe-163-mil-pontos-inflacao-meta-mt\/\" \/>\n<meta property=\"og:site_name\" content=\"Suno Not\u00edcias\" \/>\n<meta property=\"article:publisher\" content=\"https:\/\/facebook.com\/sunoresearch\" \/>\n<meta property=\"og:image\" content=\"http:\/\/files.sunoresearch.com.br\/n\/uploads\/2026\/01\/cropped-IbovespaUnsplash-6-scaled-1-1-jpg.webp\" \/>\n\t<meta property=\"og:image:width\" content=\"640\" \/>\n\t<meta property=\"og:image:height\" content=\"853\" \/>\n\t<meta property=\"og:image:type\" content=\"image\/jpeg\" \/>\n<meta name=\"author\" content=\"Ma\u00edra Telles\" \/>\n<meta name=\"twitter:card\" content=\"summary_large_image\" \/>\n<meta name=\"twitter:creator\" content=\"@sunoresearch\" \/>\n<meta name=\"twitter:site\" content=\"@sunoresearch\" \/>\n<meta name=\"twitter:label1\" content=\"Escrito por\" \/>\n\t<meta name=\"twitter:data1\" content=\"Ma\u00edra Telles\" \/>\n\t<meta name=\"twitter:label2\" content=\"Est. tempo de leitura\" \/>\n\t<meta name=\"twitter:data2\" content=\"3 minutos\" \/>\n<script type=\"application\/ld+json\" class=\"yoast-schema-graph\">{\"@context\":\"https:\/\/schema.org\",\"@graph\":[{\"@type\":\"NewsArticle\",\"@id\":\"https:\/\/www.suno.com.br\/noticias\/ibovespa-sobe-163-mil-pontos-inflacao-meta-mt\/#article\",\"isPartOf\":{\"@id\":\"https:\/\/www.suno.com.br\/noticias\/ibovespa-sobe-163-mil-pontos-inflacao-meta-mt\/\"},\"author\":{\"name\":\"Ma\u00edra Telles\",\"@id\":\"https:\/\/www.suno.com.br\/noticias\/#\/schema\/person\/0a8b51292bb96ee5f104094c0907eaef\"},\"headline\":\"Ibovespa sobe e volta aos 163 mil pontos com infla\u00e7\u00e3o sob controle e d\u00f3lar mais fraco\",\"datePublished\":\"2026-01-09T21:25:13+00:00\",\"mainEntityOfPage\":{\"@id\":\"https:\/\/www.suno.com.br\/noticias\/ibovespa-sobe-163-mil-pontos-inflacao-meta-mt\/\"},\"wordCount\":548,\"publisher\":{\"@id\":\"https:\/\/www.suno.com.br\/noticias\/#organization\"},\"image\":{\"@id\":\"https:\/\/www.suno.com.br\/noticias\/ibovespa-sobe-163-mil-pontos-inflacao-meta-mt\/#primaryimage\"},\"thumbnailUrl\":\"https:\/\/files.sunoresearch.com.br\/n\/uploads\/2026\/01\/cropped-IbovespaUnsplash-6-scaled-1-1-jpg.webp\",\"keywords\":[\"Ibovespa\",\"Ibovespa fechamento\"],\"articleSection\":[\"Mercado Financeiro\"],\"inLanguage\":\"pt-BR\"},{\"@type\":\"WebPage\",\"@id\":\"https:\/\/www.suno.com.br\/noticias\/ibovespa-sobe-163-mil-pontos-inflacao-meta-mt\/\",\"url\":\"https:\/\/www.suno.com.br\/noticias\/ibovespa-sobe-163-mil-pontos-inflacao-meta-mt\/\",\"name\":\"Ibovespa sobe aos 163 mil pontos com infla\u00e7\u00e3o dentro da meta\",\"isPartOf\":{\"@id\":\"https:\/\/www.suno.com.br\/noticias\/#website\"},\"primaryImageOfPage\":{\"@id\":\"https:\/\/www.suno.com.br\/noticias\/ibovespa-sobe-163-mil-pontos-inflacao-meta-mt\/#primaryimage\"},\"image\":{\"@id\":\"https:\/\/www.suno.com.br\/noticias\/ibovespa-sobe-163-mil-pontos-inflacao-meta-mt\/#primaryimage\"},\"thumbnailUrl\":\"https:\/\/files.sunoresearch.com.br\/n\/uploads\/2026\/01\/cropped-IbovespaUnsplash-6-scaled-1-1-jpg.webp\",\"datePublished\":\"2026-01-09T21:25:13+00:00\",\"description\":\"Ibovespa fecha em alta nesta sexta-feira, volta aos 163 mil pontos e reage ao IPCA dentro da meta e ao d\u00f3lar mais fraco.\",\"breadcrumb\":{\"@id\":\"https:\/\/www.suno.com.br\/noticias\/ibovespa-sobe-163-mil-pontos-inflacao-meta-mt\/#breadcrumb\"},\"inLanguage\":\"pt-BR\",\"potentialAction\":[{\"@type\":\"ReadAction\",\"target\":[\"https:\/\/www.suno.com.br\/noticias\/ibovespa-sobe-163-mil-pontos-inflacao-meta-mt\/\"]}]},{\"@type\":\"ImageObject\",\"inLanguage\":\"pt-BR\",\"@id\":\"https:\/\/www.suno.com.br\/noticias\/ibovespa-sobe-163-mil-pontos-inflacao-meta-mt\/#primaryimage\",\"url\":\"https:\/\/files.sunoresearch.com.br\/n\/uploads\/2026\/01\/cropped-IbovespaUnsplash-6-scaled-1-1-jpg.webp\",\"contentUrl\":\"https:\/\/files.sunoresearch.com.br\/n\/uploads\/2026\/01\/cropped-IbovespaUnsplash-6-scaled-1-1-jpg.webp\",\"width\":640,\"height\":853,\"caption\":\"Ibovespa. Foto Unsplash.\"},{\"@type\":\"BreadcrumbList\",\"@id\":\"https:\/\/www.suno.com.br\/noticias\/ibovespa-sobe-163-mil-pontos-inflacao-meta-mt\/#breadcrumb\",\"itemListElement\":[{\"@type\":\"ListItem\",\"position\":1,\"name\":\"Not\u00edcias\",\"item\":\"https:\/\/www.suno.com.br\/noticias\/\"},{\"@type\":\"ListItem\",\"position\":2,\"name\":\"Neg\u00f3cios\",\"item\":\"https:\/\/www.suno.com.br\/noticias\/negocios\/\"},{\"@type\":\"ListItem\",\"position\":3,\"name\":\"Ibovespa sobe e volta aos 163 mil pontos com infla\u00e7\u00e3o sob controle e d\u00f3lar mais fraco\"}]},{\"@type\":\"WebSite\",\"@id\":\"https:\/\/www.suno.com.br\/noticias\/#website\",\"url\":\"https:\/\/www.suno.com.br\/noticias\/\",\"name\":\"Suno Not\u00edcias\",\"description\":\"Seu portal de informa\u00e7\u00e3o sobre o mundo dos investimentos\",\"publisher\":{\"@id\":\"https:\/\/www.suno.com.br\/noticias\/#organization\"},\"potentialAction\":[{\"@type\":\"SearchAction\",\"target\":{\"@type\":\"EntryPoint\",\"urlTemplate\":\"https:\/\/www.suno.com.br\/noticias\/?s={search_term_string}\"},\"query-input\":{\"@type\":\"PropertyValueSpecification\",\"valueRequired\":true,\"valueName\":\"search_term_string\"}}],\"inLanguage\":\"pt-BR\"},{\"@type\":\"Organization\",\"@id\":\"https:\/\/www.suno.com.br\/noticias\/#organization\",\"name\":\"Suno Not\u00edcias\",\"url\":\"https:\/\/www.suno.com.br\/noticias\/\",\"logo\":{\"@type\":\"ImageObject\",\"inLanguage\":\"pt-BR\",\"@id\":\"https:\/\/www.suno.com.br\/noticias\/#\/schema\/logo\/image\/\",\"url\":\"https:\/\/files.sunoresearch.com.br\/n\/uploads\/2021\/09\/suno-logo.png\",\"contentUrl\":\"https:\/\/files.sunoresearch.com.br\/n\/uploads\/2021\/09\/suno-logo.png\",\"width\":180,\"height\":180,\"caption\":\"Suno Not\u00edcias\"},\"image\":{\"@id\":\"https:\/\/www.suno.com.br\/noticias\/#\/schema\/logo\/image\/\"},\"sameAs\":[\"https:\/\/facebook.com\/sunoresearch\",\"https:\/\/x.com\/sunoresearch\",\"https:\/\/www.instagram.com\/suno\",\"https:\/\/www.linkedin.com\/company\/suno-research\/\",\"https:\/\/www.youtube.com\/c\/sunoresearch\"]},{\"@type\":\"Person\",\"@id\":\"https:\/\/www.suno.com.br\/noticias\/#\/schema\/person\/0a8b51292bb96ee5f104094c0907eaef\",\"name\":\"Ma\u00edra Telles\",\"image\":{\"@type\":\"ImageObject\",\"inLanguage\":\"pt-BR\",\"@id\":\"https:\/\/www.suno.com.br\/noticias\/#\/schema\/person\/image\/\",\"url\":\"https:\/\/secure.gravatar.com\/avatar\/8d13691eab6abc1d1050b62a4c2a6116?s=96&r=g\",\"contentUrl\":\"https:\/\/secure.gravatar.com\/avatar\/8d13691eab6abc1d1050b62a4c2a6116?s=96&r=g\",\"caption\":\"Ma\u00edra Telles\"},\"description\":\"Jornalista com passagem por reda\u00e7\u00f5es como ESPN, especializa\u00e7\u00e3o em marketing digital e em gest\u00e3o de crise. Com foco no mercado financeiro e no setor agropecu\u00e1rio, desenvolve conte\u00fados estrat\u00e9gicos e especializados para m\u00faltiplas plataformas, unindo an\u00e1lise de investimentos e neg\u00f3cios\",\"url\":\"https:\/\/www.suno.com.br\/noticias\/author\/mairaftellesgmail-com\/\"}]}<\/script>\n<!-- \/ Yoast SEO plugin. -->","yoast_head_json":{"title":"Ibovespa sobe aos 163 mil pontos com infla\u00e7\u00e3o dentro da meta","description":"Ibovespa fecha em alta nesta sexta-feira, volta aos 163 mil pontos e reage ao IPCA dentro da meta e ao d\u00f3lar mais fraco.","robots":{"index":"index","follow":"follow","max-snippet":"max-snippet:-1","max-image-preview":"max-image-preview:large","max-video-preview":"max-video-preview:-1"},"canonical":"https:\/\/www.suno.com.br\/noticias\/ibovespa-sobe-163-mil-pontos-inflacao-meta-mt\/","og_locale":"pt_BR","og_type":"article","og_title":"Ibovespa sobe aos 163 mil pontos com infla\u00e7\u00e3o dentro da meta","og_description":"Ibovespa fecha em alta nesta sexta-feira, volta aos 163 mil pontos e reage ao IPCA dentro da meta e ao d\u00f3lar mais fraco.","og_url":"https:\/\/www.suno.com.br\/noticias\/ibovespa-sobe-163-mil-pontos-inflacao-meta-mt\/","og_site_name":"Suno Not\u00edcias","article_publisher":"https:\/\/facebook.com\/sunoresearch","og_image":[{"width":640,"height":853,"url":"http:\/\/files.sunoresearch.com.br\/n\/uploads\/2026\/01\/cropped-IbovespaUnsplash-6-scaled-1-1-jpg.webp","type":"image\/jpeg"}],"author":"Ma\u00edra Telles","twitter_card":"summary_large_image","twitter_creator":"@sunoresearch","twitter_site":"@sunoresearch","twitter_misc":{"Escrito por":"Ma\u00edra Telles","Est. tempo de leitura":"3 minutos"},"schema":{"@context":"https:\/\/schema.org","@graph":[{"@type":"NewsArticle","@id":"https:\/\/www.suno.com.br\/noticias\/ibovespa-sobe-163-mil-pontos-inflacao-meta-mt\/#article","isPartOf":{"@id":"https:\/\/www.suno.com.br\/noticias\/ibovespa-sobe-163-mil-pontos-inflacao-meta-mt\/"},"author":{"name":"Ma\u00edra Telles","@id":"https:\/\/www.suno.com.br\/noticias\/#\/schema\/person\/0a8b51292bb96ee5f104094c0907eaef"},"headline":"Ibovespa sobe e volta aos 163 mil pontos com infla\u00e7\u00e3o sob controle e d\u00f3lar mais fraco","datePublished":"2026-01-09T21:25:13+00:00","mainEntityOfPage":{"@id":"https:\/\/www.suno.com.br\/noticias\/ibovespa-sobe-163-mil-pontos-inflacao-meta-mt\/"},"wordCount":548,"publisher":{"@id":"https:\/\/www.suno.com.br\/noticias\/#organization"},"image":{"@id":"https:\/\/www.suno.com.br\/noticias\/ibovespa-sobe-163-mil-pontos-inflacao-meta-mt\/#primaryimage"},"thumbnailUrl":"https:\/\/files.sunoresearch.com.br\/n\/uploads\/2026\/01\/cropped-IbovespaUnsplash-6-scaled-1-1-jpg.webp","keywords":["Ibovespa","Ibovespa fechamento"],"articleSection":["Mercado Financeiro"],"inLanguage":"pt-BR"},{"@type":"WebPage","@id":"https:\/\/www.suno.com.br\/noticias\/ibovespa-sobe-163-mil-pontos-inflacao-meta-mt\/","url":"https:\/\/www.suno.com.br\/noticias\/ibovespa-sobe-163-mil-pontos-inflacao-meta-mt\/","name":"Ibovespa sobe aos 163 mil pontos com infla\u00e7\u00e3o dentro da meta","isPartOf":{"@id":"https:\/\/www.suno.com.br\/noticias\/#website"},"primaryImageOfPage":{"@id":"https:\/\/www.suno.com.br\/noticias\/ibovespa-sobe-163-mil-pontos-inflacao-meta-mt\/#primaryimage"},"image":{"@id":"https:\/\/www.suno.com.br\/noticias\/ibovespa-sobe-163-mil-pontos-inflacao-meta-mt\/#primaryimage"},"thumbnailUrl":"https:\/\/files.sunoresearch.com.br\/n\/uploads\/2026\/01\/cropped-IbovespaUnsplash-6-scaled-1-1-jpg.webp","datePublished":"2026-01-09T21:25:13+00:00","description":"Ibovespa fecha em alta nesta sexta-feira, volta aos 163 mil pontos e reage ao IPCA dentro da meta e ao d\u00f3lar mais fraco.","breadcrumb":{"@id":"https:\/\/www.suno.com.br\/noticias\/ibovespa-sobe-163-mil-pontos-inflacao-meta-mt\/#breadcrumb"},"inLanguage":"pt-BR","potentialAction":[{"@type":"ReadAction","target":["https:\/\/www.suno.com.br\/noticias\/ibovespa-sobe-163-mil-pontos-inflacao-meta-mt\/"]}]},{"@type":"ImageObject","inLanguage":"pt-BR","@id":"https:\/\/www.suno.com.br\/noticias\/ibovespa-sobe-163-mil-pontos-inflacao-meta-mt\/#primaryimage","url":"https:\/\/files.sunoresearch.com.br\/n\/uploads\/2026\/01\/cropped-IbovespaUnsplash-6-scaled-1-1-jpg.webp","contentUrl":"https:\/\/files.sunoresearch.com.br\/n\/uploads\/2026\/01\/cropped-IbovespaUnsplash-6-scaled-1-1-jpg.webp","width":640,"height":853,"caption":"Ibovespa. Foto Unsplash."},{"@type":"BreadcrumbList","@id":"https:\/\/www.suno.com.br\/noticias\/ibovespa-sobe-163-mil-pontos-inflacao-meta-mt\/#breadcrumb","itemListElement":[{"@type":"ListItem","position":1,"name":"Not\u00edcias","item":"https:\/\/www.suno.com.br\/noticias\/"},{"@type":"ListItem","position":2,"name":"Neg\u00f3cios","item":"https:\/\/www.suno.com.br\/noticias\/negocios\/"},{"@type":"ListItem","position":3,"name":"Ibovespa sobe e volta aos 163 mil pontos com infla\u00e7\u00e3o sob controle e d\u00f3lar mais fraco"}]},{"@type":"WebSite","@id":"https:\/\/www.suno.com.br\/noticias\/#website","url":"https:\/\/www.suno.com.br\/noticias\/","name":"Suno Not\u00edcias","description":"Seu portal de informa\u00e7\u00e3o sobre o mundo dos investimentos","publisher":{"@id":"https:\/\/www.suno.com.br\/noticias\/#organization"},"potentialAction":[{"@type":"SearchAction","target":{"@type":"EntryPoint","urlTemplate":"https:\/\/www.suno.com.br\/noticias\/?s={search_term_string}"},"query-input":{"@type":"PropertyValueSpecification","valueRequired":true,"valueName":"search_term_string"}}],"inLanguage":"pt-BR"},{"@type":"Organization","@id":"https:\/\/www.suno.com.br\/noticias\/#organization","name":"Suno Not\u00edcias","url":"https:\/\/www.suno.com.br\/noticias\/","logo":{"@type":"ImageObject","inLanguage":"pt-BR","@id":"https:\/\/www.suno.com.br\/noticias\/#\/schema\/logo\/image\/","url":"https:\/\/files.sunoresearch.com.br\/n\/uploads\/2021\/09\/suno-logo.png","contentUrl":"https:\/\/files.sunoresearch.com.br\/n\/uploads\/2021\/09\/suno-logo.png","width":180,"height":180,"caption":"Suno Not\u00edcias"},"image":{"@id":"https:\/\/www.suno.com.br\/noticias\/#\/schema\/logo\/image\/"},"sameAs":["https:\/\/facebook.com\/sunoresearch","https:\/\/x.com\/sunoresearch","https:\/\/www.instagram.com\/suno","https:\/\/www.linkedin.com\/company\/suno-research\/","https:\/\/www.youtube.com\/c\/sunoresearch"]},{"@type":"Person","@id":"https:\/\/www.suno.com.br\/noticias\/#\/schema\/person\/0a8b51292bb96ee5f104094c0907eaef","name":"Ma\u00edra Telles","image":{"@type":"ImageObject","inLanguage":"pt-BR","@id":"https:\/\/www.suno.com.br\/noticias\/#\/schema\/person\/image\/","url":"https:\/\/secure.gravatar.com\/avatar\/8d13691eab6abc1d1050b62a4c2a6116?s=96&r=g","contentUrl":"https:\/\/secure.gravatar.com\/avatar\/8d13691eab6abc1d1050b62a4c2a6116?s=96&r=g","caption":"Ma\u00edra Telles"},"description":"Jornalista com passagem por reda\u00e7\u00f5es como ESPN, especializa\u00e7\u00e3o em marketing digital e em gest\u00e3o de crise. Com foco no mercado financeiro e no setor agropecu\u00e1rio, desenvolve conte\u00fados estrat\u00e9gicos e especializados para m\u00faltiplas plataformas, unindo an\u00e1lise de investimentos e neg\u00f3cios","url":"https:\/\/www.suno.com.br\/noticias\/author\/mairaftellesgmail-com\/"}]}},"default_loop_html":"<div class=\"cardsPage__listCard__boxs\"><div class=\"cardsPage__listCard__boxs__img\"><a href=\"https:\/\/www.suno.com.br\/noticias\/ibovespa-sobe-163-mil-pontos-inflacao-meta-mt\/\"><img class=\"mask\" src=\"https:\/\/www.suno.com.br\/noticias\/wp-content\/themes\/suno\/resources\/images\/spotlight\/spotlight1img\/bg-mask.png\" alt=\"Image Mask\"\/><img src=\"https:\/\/files.sunoresearch.com.br\/n\/uploads\/2026\/01\/cropped-IbovespaUnsplash-6-scaled-1-1-400x200.webp\" alt=\"Ibovespa sobe e volta aos 163 mil pontos com infla\u00e7\u00e3o sob controle e d\u00f3lar mais fraco\"\/><\/a><span class=\"spotlightCategory\"><a href=\"https:\/\/www.suno.com.br\/noticias\/uncategorized\/\">Mercado Financeiro<\/a><\/span><\/div><div class=\"cardsPage__listCard__boxs__content\"><a href=\"https:\/\/www.suno.com.br\/noticias\/ibovespa-sobe-163-mil-pontos-inflacao-meta-mt\/\"><h2 class=\"content__title\">Ibovespa sobe e volta aos 163 mil pontos com infla\u00e7\u00e3o sob controle e d\u00f3lar mais fraco<\/h2><\/a><div class=\"newsContent__article__meta\"><div class=\"newsContent__article__meta__authorBox\"><a href=\"https:\/\/www.suno.com.br\/noticias\/author\/mairaftellesgmail-com\/\" class=\"authorBox__avatar noMobi\"><img src=\"https:\/\/secure.gravatar.com\/avatar\/8d13691eab6abc1d1050b62a4c2a6116?s=96&#038;r=g\" alt=\"Ma\u00edra Telles\"><\/a><div class=\"authorBox__name\"><span>por\n\t\t\t<a href=\"https:\/\/www.suno.com.br\/noticias\/author\/mairaftellesgmail-com\/\"><span itemprop=\"author\">Ma\u00edra Telles<\/span><\/a><\/span><time datetime=\"2026-01-09T18:25:13-03:00\" itemprop=\"datePublished\">09\/01\/2026 18:25<\/time><\/div><\/div><\/div><\/div><\/div>","single_layout":"posts","amp_enabled":true,"_links":{"self":[{"href":"https:\/\/www.suno.com.br\/noticias\/wp-json\/wp\/v2\/posts\/637974"}],"collection":[{"href":"https:\/\/www.suno.com.br\/noticias\/wp-json\/wp\/v2\/posts"}],"about":[{"href":"https:\/\/www.suno.com.br\/noticias\/wp-json\/wp\/v2\/types\/post"}],"author":[{"embeddable":true,"href":"https:\/\/www.suno.com.br\/noticias\/wp-json\/wp\/v2\/users\/402"}],"replies":[{"embeddable":true,"href":"https:\/\/www.suno.com.br\/noticias\/wp-json\/wp\/v2\/comments?post=637974"}],"version-history":[{"count":0,"href":"https:\/\/www.suno.com.br\/noticias\/wp-json\/wp\/v2\/posts\/637974\/revisions"}],"wp:featuredmedia":[{"embeddable":true,"href":"https:\/\/www.suno.com.br\/noticias\/wp-json\/wp\/v2\/media\/637975"}],"wp:attachment":[{"href":"https:\/\/www.suno.com.br\/noticias\/wp-json\/wp\/v2\/media?parent=637974"}],"wp:term":[{"taxonomy":"category","embeddable":true,"href":"https:\/\/www.suno.com.br\/noticias\/wp-json\/wp\/v2\/categories?post=637974"},{"taxonomy":"post_tag","embeddable":true,"href":"https:\/\/www.suno.com.br\/noticias\/wp-json\/wp\/v2\/tags?post=637974"},{"taxonomy":"suno_strategy","embeddable":true,"href":"https:\/\/www.suno.com.br\/noticias\/wp-json\/wp\/v2\/suno_strategy?post=637974"}],"curies":[{"name":"wp","href":"https:\/\/api.w.org\/{rel}","templated":true}]}}