{"id":637161,"date":"2026-01-02T10:05:09","date_gmt":"2026-01-02T13:05:09","guid":{"rendered":"https:\/\/www.suno.com.br\/noticias\/prio-prio3-amplia-capital-95-milhoes\/"},"modified":"2026-01-02T10:05:09","modified_gmt":"2026-01-02T13:05:09","slug":"prio-prio3-amplia-capital-95-milhoes","status":"publish","type":"post","link":"https:\/\/www.suno.com.br\/noticias\/prio-prio3-amplia-capital-95-milhoes\/","title":{"rendered":"PRIO (PRIO3) ajusta o tabuleiro e amplia capital em R$ 95 milh\u00f5es com op\u00e7\u00f5es"},"content":{"rendered":"<p>O investidor que acordou em janeiro olhando apenas para o pre\u00e7o das a\u00e7\u00f5es pode ter deixado passar um movimento silencioso, mas relevante, no capital das empresas listadas na B3. Em meio ao in\u00edcio de 2026, a&nbsp;<strong>PRIO (<a class=\"suno-keyword\" target=\"_blank\" data-force=\"no\" data-priority=\"2\" href=\"https:\/\/www.suno.com.br\/analitica\/acoes\/prio3\/\" rel=\"noopener\">PRIO3<\/a>)<\/strong>&nbsp;anunciou um <a class=\"suno-keyword\" target=\"_blank\" data-force=\"no\" data-priority=\"1\" href=\"https:\/\/www.suno.com.br\/artigos\/aumento-capital\/\" rel=\"noopener\">aumento de capital<\/a> decorrente do <a class=\"suno-keyword\" target=\"_blank\" data-force=\"no\" data-priority=\"1\" href=\"https:\/\/www.suno.com.br\/artigos\/exercicio-de-opcoes\/\" rel=\"noopener\">exerc\u00edcio de op\u00e7\u00f5es<\/a> de <a class=\"suno-keyword\" target=\"_blank\" data-force=\"no\" data-priority=\"1\" href=\"https:\/\/www.suno.com.br\/artigos\/compra-de-acoes\/\" rel=\"noopener\">compra de a\u00e7\u00f5es,<\/a> opera\u00e7\u00e3o que altera a base acion\u00e1ria da companhia e ajuda a entender como a empresa segue estruturando seus incentivos de <a class=\"suno-keyword\" target=\"_blank\" data-force=\"no\" data-priority=\"1\" href=\"https:\/\/www.suno.com.br\/artigos\/longo-prazo\/\" rel=\"noopener\">longo prazo.<\/a><\/p>\t<div class=\"wrapper-featured-image\">\n\t\t<figure class=\"spotlightImg\">\n\n\t\t\t<picture>\n\t\t\t\t<source media=\"(max-width: 768px)\" srcset=\"https:\/\/files.sunoresearch.com.br\/n\/uploads\/2026\/01\/prio3-2-400x200.webp\">\n\t\t\t\t<img loading=\"lazy\" decoding=\"async\" class=\"newsContent__article__imgCapa lazyloadDisabled \" src=\"https:\/\/files.sunoresearch.com.br\/n\/uploads\/2026\/01\/prio3-2-800x450.webp\" width=\"800\" height=\"450\" alt=\"PRIO (PRIO3) ajusta o tabuleiro e amplia capital em R$ 95 milh\u00f5es com op\u00e7\u00f5es\" fetchpriority=high \/>\n\t\t\t<\/picture>\n\n\t\t\t<figcaption class=\"wp-caption-text wp-caption-text--show\">PRIO3. Foto: Divulga\u00e7\u00e3o<\/figcaption>\n\t\t<\/figure>\n\t<\/div>\n\n\n\n\n\n\n<p>Em <a class=\"suno-keyword\" target=\"_blank\" data-force=\"no\" data-priority=\"1\" href=\"https:\/\/www.suno.com.br\/artigos\/fato-relevante\/\" rel=\"noopener\">fato relevante<\/a> divulgado ao mercado, a PRIO informou que seu <a class=\"suno-keyword\" target=\"_blank\" data-force=\"no\" data-priority=\"1\" href=\"https:\/\/www.suno.com.br\/artigos\/conselho-administracao\/\" rel=\"noopener\">Conselho de Administra\u00e7\u00e3o<\/a> aprovou a emiss\u00e3o de&nbsp;<strong>3.137.840 <a class=\"suno-keyword\" target=\"_blank\" data-force=\"no\" data-priority=\"1\" href=\"https:\/\/www.suno.com.br\/artigos\/o-que-sao-acoes-ordinarias-preferenciais-e-units\/\" rel=\"noopener\">a\u00e7\u00f5es ordin\u00e1rias<\/a><\/strong><a class=\"suno-keyword\" target=\"_blank\" data-force=\"no\" data-priority=\"1\" href=\"https:\/\/www.suno.com.br\/artigos\/o-que-sao-acoes-ordinarias-preferenciais-e-units\/\" rel=\"noopener\">,<\/a> como resultado do exerc\u00edcio de op\u00e7\u00f5es concedidas no \u00e2mbito dos planos de remunera\u00e7\u00e3o em a\u00e7\u00f5es da companhia. A opera\u00e7\u00e3o foi realizada dentro do limite do <a class=\"suno-keyword\" target=\"_blank\" data-force=\"no\" data-priority=\"1\" href=\"https:\/\/www.suno.com.br\/artigos\/capital-autorizado\/\" rel=\"noopener\">capital autorizado<\/a> previsto no <a class=\"suno-keyword\" target=\"_blank\" data-force=\"no\" data-priority=\"1\" href=\"https:\/\/www.suno.com.br\/artigos\/estatuto-social\/\" rel=\"noopener\">estatuto social.<\/a><\/p>\n\n\n\n<p>Com o exerc\u00edcio das op\u00e7\u00f5es, o capital social da&nbsp;<strong>PRIO (PRIO3)<\/strong>&nbsp;foi elevado em&nbsp;<strong>R$ 95,1 milh\u00f5es<\/strong>, valor integralmente subscrito pelos benefici\u00e1rios dos planos aprovados em assembleias realizadas nos anos de 2017, 2020 e 2023. N\u00e3o houve, portanto, uma oferta p\u00fablica ou capta\u00e7\u00e3o junto ao mercado, mas sim a convers\u00e3o de direitos previamente concedidos.<\/p>\n\n\n\n<h3 class=\"wp-block-heading\">Como fica a <a class=\"suno-keyword\" target=\"_blank\" data-force=\"no\" data-priority=\"1\" href=\"https:\/\/www.suno.com.br\/artigos\/indicadores-estrutura-capital\/\" rel=\"noopener\">estrutura de capital<\/a> da PRIO ap\u00f3s o aumento<\/h3>\n\n\n\n<p>Ap\u00f3s a homologa\u00e7\u00e3o do aumento de capital, o capital social da PRIO passou de&nbsp;<strong>R$ 15,73 bilh\u00f5es para R$ 15,83 bilh\u00f5es<\/strong>. O n\u00famero total de a\u00e7\u00f5es ordin\u00e1rias tamb\u00e9m foi ampliado, saindo de&nbsp;<strong>869.455.788 para 872.593.628 pap\u00e9is<\/strong>, todos ordin\u00e1rios, nominativos, escriturais e sem <a class=\"suno-keyword\" target=\"_blank\" data-force=\"no\" data-priority=\"1\" href=\"https:\/\/www.suno.com.br\/artigos\/valor-nominal\/\" rel=\"noopener\">valor nominal.<\/a><\/p>\n\n\n\n<p>Na pr\u00e1tica, o movimento altera marginalmente a base acion\u00e1ria da companhia e est\u00e1 diretamente ligado \u00e0 pol\u00edtica de incentivos de longo prazo adotada pela empresa. Planos de op\u00e7\u00f5es costumam ser utilizados para alinhar os interesses de executivos e colaboradores ao desempenho das a\u00e7\u00f5es, vinculando parte da remunera\u00e7\u00e3o \u00e0 valoriza\u00e7\u00e3o da companhia no mercado.<\/p>\n\n\n\n<p>A PRIO destacou que o aumento de capital foi realizado em conformidade com a legisla\u00e7\u00e3o societ\u00e1ria e com as normas da Comiss\u00e3o de Valores Mobili\u00e1rios. A empresa tamb\u00e9m informou que o Aviso aos Acionistas e a ata da reuni\u00e3o do Conselho de Administra\u00e7\u00e3o foram disponibilizados aos investidores na mesma data do fato relevante.<\/p>\n\n\n\n<p>Ao detalhar a opera\u00e7\u00e3o, a&nbsp;PRIO (<strong>PRIO3<\/strong>)&nbsp;afirmou que \u201co aumento de capital social foi realizado dentro do limite do capital autorizado previsto no Estatuto Social da PRIO, passando o capital social da Companhia de R$ 15.733.747.427,39 para R$ 15.828.869.816,49, dividido em 872.593.628 a\u00e7\u00f5es ordin\u00e1rias\u201d.<\/p>\n","protected":false},"excerpt":{"rendered":"<p>O investidor que acordou em janeiro olhando apenas para o pre\u00e7o das a\u00e7\u00f5es pode ter deixado passar um movimento silencioso, mas relevante, no capital das empresas listadas na B3. Em meio ao in\u00edcio de 2026, a&nbsp;PRIO (PRIO3)&nbsp;anunciou um aumento de capital decorrente do exerc\u00edcio de op\u00e7\u00f5es de compra de a\u00e7\u00f5es, opera\u00e7\u00e3o que altera a base &hellip; Continued<\/p>\n","protected":false},"author":402,"featured_media":637162,"comment_status":"closed","ping_status":"closed","sticky":false,"template":"","format":"standard","meta":[],"categories":[1],"tags":[107114],"suno_strategy":[],"class_list":["post-637161","post","type-post","status-publish","format-standard","has-post-thumbnail","hentry","category-uncategorized","tag-prio-prio3"],"yoast_head":"<!-- This site is optimized with the Yoast SEO plugin v24.4 - https:\/\/yoast.com\/wordpress\/plugins\/seo\/ -->\n<title>PRIO (PRIO3) amplia capital em R$ 95 milh\u00f5es; entenda<\/title>\n<meta name=\"description\" content=\"PRIO (PRIO3) anuncia aumento de capital de R$ 95 milh\u00f5es ap\u00f3s exerc\u00edcio de op\u00e7\u00f5es de a\u00e7\u00f5es previsto em seus planos de incentivo\" \/>\n<meta name=\"robots\" content=\"index, follow, max-snippet:-1, max-image-preview:large, max-video-preview:-1\" \/>\n<link rel=\"canonical\" href=\"https:\/\/www.suno.com.br\/noticias\/prio-prio3-amplia-capital-95-milhoes\/\" \/>\n<meta property=\"og:locale\" content=\"pt_BR\" \/>\n<meta property=\"og:type\" content=\"article\" \/>\n<meta property=\"og:title\" content=\"PRIO (PRIO3) amplia capital em R$ 95 milh\u00f5es; entenda\" \/>\n<meta property=\"og:description\" content=\"PRIO (PRIO3) anuncia aumento de capital de R$ 95 milh\u00f5es ap\u00f3s exerc\u00edcio de op\u00e7\u00f5es de a\u00e7\u00f5es previsto em seus planos de incentivo\" \/>\n<meta property=\"og:url\" content=\"https:\/\/www.suno.com.br\/noticias\/prio-prio3-amplia-capital-95-milhoes\/\" \/>\n<meta property=\"og:site_name\" content=\"Suno Not\u00edcias\" \/>\n<meta property=\"article:publisher\" content=\"https:\/\/facebook.com\/sunoresearch\" \/>\n<meta property=\"og:image\" content=\"http:\/\/files.sunoresearch.com.br\/n\/uploads\/2026\/01\/prio3-2-png.webp\" \/>\n\t<meta property=\"og:image:width\" content=\"1920\" \/>\n\t<meta property=\"og:image:height\" content=\"1080\" \/>\n\t<meta property=\"og:image:type\" content=\"image\/png\" \/>\n<meta name=\"author\" content=\"Ma\u00edra Telles\" \/>\n<meta name=\"twitter:card\" content=\"summary_large_image\" \/>\n<meta name=\"twitter:creator\" content=\"@sunoresearch\" \/>\n<meta name=\"twitter:site\" content=\"@sunoresearch\" \/>\n<meta name=\"twitter:label1\" content=\"Escrito por\" \/>\n\t<meta name=\"twitter:data1\" content=\"Ma\u00edra Telles\" \/>\n\t<meta name=\"twitter:label2\" content=\"Est. tempo de leitura\" \/>\n\t<meta name=\"twitter:data2\" content=\"2 minutos\" \/>\n<script type=\"application\/ld+json\" class=\"yoast-schema-graph\">{\"@context\":\"https:\/\/schema.org\",\"@graph\":[{\"@type\":\"NewsArticle\",\"@id\":\"https:\/\/www.suno.com.br\/noticias\/prio-prio3-amplia-capital-95-milhoes\/#article\",\"isPartOf\":{\"@id\":\"https:\/\/www.suno.com.br\/noticias\/prio-prio3-amplia-capital-95-milhoes\/\"},\"author\":{\"name\":\"Ma\u00edra Telles\",\"@id\":\"https:\/\/www.suno.com.br\/noticias\/#\/schema\/person\/0a8b51292bb96ee5f104094c0907eaef\"},\"headline\":\"PRIO (PRIO3) ajusta o tabuleiro e amplia capital em R$ 95 milh\u00f5es com op\u00e7\u00f5es\",\"datePublished\":\"2026-01-02T13:05:09+00:00\",\"mainEntityOfPage\":{\"@id\":\"https:\/\/www.suno.com.br\/noticias\/prio-prio3-amplia-capital-95-milhoes\/\"},\"wordCount\":449,\"publisher\":{\"@id\":\"https:\/\/www.suno.com.br\/noticias\/#organization\"},\"image\":{\"@id\":\"https:\/\/www.suno.com.br\/noticias\/prio-prio3-amplia-capital-95-milhoes\/#primaryimage\"},\"thumbnailUrl\":\"https:\/\/files.sunoresearch.com.br\/n\/uploads\/2026\/01\/prio3-2-png.webp\",\"keywords\":[\"Prio (PRIO3)\"],\"articleSection\":[\"Mercado Financeiro\"],\"inLanguage\":\"pt-BR\"},{\"@type\":\"WebPage\",\"@id\":\"https:\/\/www.suno.com.br\/noticias\/prio-prio3-amplia-capital-95-milhoes\/\",\"url\":\"https:\/\/www.suno.com.br\/noticias\/prio-prio3-amplia-capital-95-milhoes\/\",\"name\":\"PRIO (PRIO3) amplia capital em R$ 95 milh\u00f5es; entenda\",\"isPartOf\":{\"@id\":\"https:\/\/www.suno.com.br\/noticias\/#website\"},\"primaryImageOfPage\":{\"@id\":\"https:\/\/www.suno.com.br\/noticias\/prio-prio3-amplia-capital-95-milhoes\/#primaryimage\"},\"image\":{\"@id\":\"https:\/\/www.suno.com.br\/noticias\/prio-prio3-amplia-capital-95-milhoes\/#primaryimage\"},\"thumbnailUrl\":\"https:\/\/files.sunoresearch.com.br\/n\/uploads\/2026\/01\/prio3-2-png.webp\",\"datePublished\":\"2026-01-02T13:05:09+00:00\",\"description\":\"PRIO (PRIO3) anuncia aumento de capital de R$ 95 milh\u00f5es ap\u00f3s exerc\u00edcio de op\u00e7\u00f5es de a\u00e7\u00f5es previsto em seus planos de incentivo\",\"breadcrumb\":{\"@id\":\"https:\/\/www.suno.com.br\/noticias\/prio-prio3-amplia-capital-95-milhoes\/#breadcrumb\"},\"inLanguage\":\"pt-BR\",\"potentialAction\":[{\"@type\":\"ReadAction\",\"target\":[\"https:\/\/www.suno.com.br\/noticias\/prio-prio3-amplia-capital-95-milhoes\/\"]}]},{\"@type\":\"ImageObject\",\"inLanguage\":\"pt-BR\",\"@id\":\"https:\/\/www.suno.com.br\/noticias\/prio-prio3-amplia-capital-95-milhoes\/#primaryimage\",\"url\":\"https:\/\/files.sunoresearch.com.br\/n\/uploads\/2026\/01\/prio3-2-png.webp\",\"contentUrl\":\"https:\/\/files.sunoresearch.com.br\/n\/uploads\/2026\/01\/prio3-2-png.webp\",\"width\":1920,\"height\":1080,\"caption\":\"PRIO3. Foto: Divulga\u00e7\u00e3o\"},{\"@type\":\"BreadcrumbList\",\"@id\":\"https:\/\/www.suno.com.br\/noticias\/prio-prio3-amplia-capital-95-milhoes\/#breadcrumb\",\"itemListElement\":[{\"@type\":\"ListItem\",\"position\":1,\"name\":\"Not\u00edcias\",\"item\":\"https:\/\/www.suno.com.br\/noticias\/\"},{\"@type\":\"ListItem\",\"position\":2,\"name\":\"Neg\u00f3cios\",\"item\":\"https:\/\/www.suno.com.br\/noticias\/negocios\/\"},{\"@type\":\"ListItem\",\"position\":3,\"name\":\"PRIO (PRIO3) ajusta o tabuleiro e amplia capital em R$ 95 milh\u00f5es com op\u00e7\u00f5es\"}]},{\"@type\":\"WebSite\",\"@id\":\"https:\/\/www.suno.com.br\/noticias\/#website\",\"url\":\"https:\/\/www.suno.com.br\/noticias\/\",\"name\":\"Suno Not\u00edcias\",\"description\":\"Seu portal de informa\u00e7\u00e3o sobre o mundo dos investimentos\",\"publisher\":{\"@id\":\"https:\/\/www.suno.com.br\/noticias\/#organization\"},\"potentialAction\":[{\"@type\":\"SearchAction\",\"target\":{\"@type\":\"EntryPoint\",\"urlTemplate\":\"https:\/\/www.suno.com.br\/noticias\/?s={search_term_string}\"},\"query-input\":{\"@type\":\"PropertyValueSpecification\",\"valueRequired\":true,\"valueName\":\"search_term_string\"}}],\"inLanguage\":\"pt-BR\"},{\"@type\":\"Organization\",\"@id\":\"https:\/\/www.suno.com.br\/noticias\/#organization\",\"name\":\"Suno Not\u00edcias\",\"url\":\"https:\/\/www.suno.com.br\/noticias\/\",\"logo\":{\"@type\":\"ImageObject\",\"inLanguage\":\"pt-BR\",\"@id\":\"https:\/\/www.suno.com.br\/noticias\/#\/schema\/logo\/image\/\",\"url\":\"https:\/\/files.sunoresearch.com.br\/n\/uploads\/2021\/09\/suno-logo.png\",\"contentUrl\":\"https:\/\/files.sunoresearch.com.br\/n\/uploads\/2021\/09\/suno-logo.png\",\"width\":180,\"height\":180,\"caption\":\"Suno Not\u00edcias\"},\"image\":{\"@id\":\"https:\/\/www.suno.com.br\/noticias\/#\/schema\/logo\/image\/\"},\"sameAs\":[\"https:\/\/facebook.com\/sunoresearch\",\"https:\/\/x.com\/sunoresearch\",\"https:\/\/www.instagram.com\/suno\",\"https:\/\/www.linkedin.com\/company\/suno-research\/\",\"https:\/\/www.youtube.com\/c\/sunoresearch\"]},{\"@type\":\"Person\",\"@id\":\"https:\/\/www.suno.com.br\/noticias\/#\/schema\/person\/0a8b51292bb96ee5f104094c0907eaef\",\"name\":\"Ma\u00edra Telles\",\"image\":{\"@type\":\"ImageObject\",\"inLanguage\":\"pt-BR\",\"@id\":\"https:\/\/www.suno.com.br\/noticias\/#\/schema\/person\/image\/\",\"url\":\"https:\/\/secure.gravatar.com\/avatar\/8d13691eab6abc1d1050b62a4c2a6116?s=96&r=g\",\"contentUrl\":\"https:\/\/secure.gravatar.com\/avatar\/8d13691eab6abc1d1050b62a4c2a6116?s=96&r=g\",\"caption\":\"Ma\u00edra Telles\"},\"description\":\"Jornalista com passagem por reda\u00e7\u00f5es como ESPN, especializa\u00e7\u00e3o em marketing digital e em gest\u00e3o de crise. Com foco no mercado financeiro e no setor agropecu\u00e1rio, desenvolve conte\u00fados estrat\u00e9gicos e especializados para m\u00faltiplas plataformas, unindo an\u00e1lise de investimentos e neg\u00f3cios\",\"url\":\"https:\/\/www.suno.com.br\/noticias\/author\/mairaftellesgmail-com\/\"}]}<\/script>\n<!-- \/ Yoast SEO plugin. -->","yoast_head_json":{"title":"PRIO (PRIO3) amplia capital em R$ 95 milh\u00f5es; entenda","description":"PRIO (PRIO3) anuncia aumento de capital de R$ 95 milh\u00f5es ap\u00f3s exerc\u00edcio de op\u00e7\u00f5es de a\u00e7\u00f5es previsto em seus planos de incentivo","robots":{"index":"index","follow":"follow","max-snippet":"max-snippet:-1","max-image-preview":"max-image-preview:large","max-video-preview":"max-video-preview:-1"},"canonical":"https:\/\/www.suno.com.br\/noticias\/prio-prio3-amplia-capital-95-milhoes\/","og_locale":"pt_BR","og_type":"article","og_title":"PRIO (PRIO3) amplia capital em R$ 95 milh\u00f5es; entenda","og_description":"PRIO (PRIO3) anuncia aumento de capital de R$ 95 milh\u00f5es ap\u00f3s exerc\u00edcio de op\u00e7\u00f5es de a\u00e7\u00f5es previsto em seus planos de incentivo","og_url":"https:\/\/www.suno.com.br\/noticias\/prio-prio3-amplia-capital-95-milhoes\/","og_site_name":"Suno Not\u00edcias","article_publisher":"https:\/\/facebook.com\/sunoresearch","og_image":[{"width":1920,"height":1080,"url":"http:\/\/files.sunoresearch.com.br\/n\/uploads\/2026\/01\/prio3-2-png.webp","type":"image\/png"}],"author":"Ma\u00edra Telles","twitter_card":"summary_large_image","twitter_creator":"@sunoresearch","twitter_site":"@sunoresearch","twitter_misc":{"Escrito por":"Ma\u00edra Telles","Est. tempo de leitura":"2 minutos"},"schema":{"@context":"https:\/\/schema.org","@graph":[{"@type":"NewsArticle","@id":"https:\/\/www.suno.com.br\/noticias\/prio-prio3-amplia-capital-95-milhoes\/#article","isPartOf":{"@id":"https:\/\/www.suno.com.br\/noticias\/prio-prio3-amplia-capital-95-milhoes\/"},"author":{"name":"Ma\u00edra Telles","@id":"https:\/\/www.suno.com.br\/noticias\/#\/schema\/person\/0a8b51292bb96ee5f104094c0907eaef"},"headline":"PRIO (PRIO3) ajusta o tabuleiro e amplia capital em R$ 95 milh\u00f5es com op\u00e7\u00f5es","datePublished":"2026-01-02T13:05:09+00:00","mainEntityOfPage":{"@id":"https:\/\/www.suno.com.br\/noticias\/prio-prio3-amplia-capital-95-milhoes\/"},"wordCount":449,"publisher":{"@id":"https:\/\/www.suno.com.br\/noticias\/#organization"},"image":{"@id":"https:\/\/www.suno.com.br\/noticias\/prio-prio3-amplia-capital-95-milhoes\/#primaryimage"},"thumbnailUrl":"https:\/\/files.sunoresearch.com.br\/n\/uploads\/2026\/01\/prio3-2-png.webp","keywords":["Prio (PRIO3)"],"articleSection":["Mercado Financeiro"],"inLanguage":"pt-BR"},{"@type":"WebPage","@id":"https:\/\/www.suno.com.br\/noticias\/prio-prio3-amplia-capital-95-milhoes\/","url":"https:\/\/www.suno.com.br\/noticias\/prio-prio3-amplia-capital-95-milhoes\/","name":"PRIO (PRIO3) amplia capital em R$ 95 milh\u00f5es; entenda","isPartOf":{"@id":"https:\/\/www.suno.com.br\/noticias\/#website"},"primaryImageOfPage":{"@id":"https:\/\/www.suno.com.br\/noticias\/prio-prio3-amplia-capital-95-milhoes\/#primaryimage"},"image":{"@id":"https:\/\/www.suno.com.br\/noticias\/prio-prio3-amplia-capital-95-milhoes\/#primaryimage"},"thumbnailUrl":"https:\/\/files.sunoresearch.com.br\/n\/uploads\/2026\/01\/prio3-2-png.webp","datePublished":"2026-01-02T13:05:09+00:00","description":"PRIO (PRIO3) anuncia aumento de capital de R$ 95 milh\u00f5es ap\u00f3s exerc\u00edcio de op\u00e7\u00f5es de a\u00e7\u00f5es previsto em seus planos de incentivo","breadcrumb":{"@id":"https:\/\/www.suno.com.br\/noticias\/prio-prio3-amplia-capital-95-milhoes\/#breadcrumb"},"inLanguage":"pt-BR","potentialAction":[{"@type":"ReadAction","target":["https:\/\/www.suno.com.br\/noticias\/prio-prio3-amplia-capital-95-milhoes\/"]}]},{"@type":"ImageObject","inLanguage":"pt-BR","@id":"https:\/\/www.suno.com.br\/noticias\/prio-prio3-amplia-capital-95-milhoes\/#primaryimage","url":"https:\/\/files.sunoresearch.com.br\/n\/uploads\/2026\/01\/prio3-2-png.webp","contentUrl":"https:\/\/files.sunoresearch.com.br\/n\/uploads\/2026\/01\/prio3-2-png.webp","width":1920,"height":1080,"caption":"PRIO3. Foto: Divulga\u00e7\u00e3o"},{"@type":"BreadcrumbList","@id":"https:\/\/www.suno.com.br\/noticias\/prio-prio3-amplia-capital-95-milhoes\/#breadcrumb","itemListElement":[{"@type":"ListItem","position":1,"name":"Not\u00edcias","item":"https:\/\/www.suno.com.br\/noticias\/"},{"@type":"ListItem","position":2,"name":"Neg\u00f3cios","item":"https:\/\/www.suno.com.br\/noticias\/negocios\/"},{"@type":"ListItem","position":3,"name":"PRIO (PRIO3) ajusta o tabuleiro e amplia capital em R$ 95 milh\u00f5es com op\u00e7\u00f5es"}]},{"@type":"WebSite","@id":"https:\/\/www.suno.com.br\/noticias\/#website","url":"https:\/\/www.suno.com.br\/noticias\/","name":"Suno Not\u00edcias","description":"Seu portal de informa\u00e7\u00e3o sobre o mundo dos investimentos","publisher":{"@id":"https:\/\/www.suno.com.br\/noticias\/#organization"},"potentialAction":[{"@type":"SearchAction","target":{"@type":"EntryPoint","urlTemplate":"https:\/\/www.suno.com.br\/noticias\/?s={search_term_string}"},"query-input":{"@type":"PropertyValueSpecification","valueRequired":true,"valueName":"search_term_string"}}],"inLanguage":"pt-BR"},{"@type":"Organization","@id":"https:\/\/www.suno.com.br\/noticias\/#organization","name":"Suno Not\u00edcias","url":"https:\/\/www.suno.com.br\/noticias\/","logo":{"@type":"ImageObject","inLanguage":"pt-BR","@id":"https:\/\/www.suno.com.br\/noticias\/#\/schema\/logo\/image\/","url":"https:\/\/files.sunoresearch.com.br\/n\/uploads\/2021\/09\/suno-logo.png","contentUrl":"https:\/\/files.sunoresearch.com.br\/n\/uploads\/2021\/09\/suno-logo.png","width":180,"height":180,"caption":"Suno Not\u00edcias"},"image":{"@id":"https:\/\/www.suno.com.br\/noticias\/#\/schema\/logo\/image\/"},"sameAs":["https:\/\/facebook.com\/sunoresearch","https:\/\/x.com\/sunoresearch","https:\/\/www.instagram.com\/suno","https:\/\/www.linkedin.com\/company\/suno-research\/","https:\/\/www.youtube.com\/c\/sunoresearch"]},{"@type":"Person","@id":"https:\/\/www.suno.com.br\/noticias\/#\/schema\/person\/0a8b51292bb96ee5f104094c0907eaef","name":"Ma\u00edra Telles","image":{"@type":"ImageObject","inLanguage":"pt-BR","@id":"https:\/\/www.suno.com.br\/noticias\/#\/schema\/person\/image\/","url":"https:\/\/secure.gravatar.com\/avatar\/8d13691eab6abc1d1050b62a4c2a6116?s=96&r=g","contentUrl":"https:\/\/secure.gravatar.com\/avatar\/8d13691eab6abc1d1050b62a4c2a6116?s=96&r=g","caption":"Ma\u00edra Telles"},"description":"Jornalista com passagem por reda\u00e7\u00f5es como ESPN, especializa\u00e7\u00e3o em marketing digital e em gest\u00e3o de crise. Com foco no mercado financeiro e no setor agropecu\u00e1rio, desenvolve conte\u00fados estrat\u00e9gicos e especializados para m\u00faltiplas plataformas, unindo an\u00e1lise de investimentos e neg\u00f3cios","url":"https:\/\/www.suno.com.br\/noticias\/author\/mairaftellesgmail-com\/"}]}},"default_loop_html":"<div class=\"cardsPage__listCard__boxs\"><div class=\"cardsPage__listCard__boxs__img\"><a href=\"https:\/\/www.suno.com.br\/noticias\/prio-prio3-amplia-capital-95-milhoes\/\"><img class=\"mask\" src=\"https:\/\/www.suno.com.br\/noticias\/wp-content\/themes\/suno\/resources\/images\/spotlight\/spotlight1img\/bg-mask.png\" alt=\"Image Mask\"\/><img src=\"https:\/\/files.sunoresearch.com.br\/n\/uploads\/2026\/01\/prio3-2-400x200.webp\" alt=\"PRIO (PRIO3) ajusta o tabuleiro e amplia capital em R$ 95 milh\u00f5es com op\u00e7\u00f5es\"\/><\/a><span class=\"spotlightCategory\"><a href=\"https:\/\/www.suno.com.br\/noticias\/uncategorized\/\">Mercado Financeiro<\/a><\/span><\/div><div class=\"cardsPage__listCard__boxs__content\"><a href=\"https:\/\/www.suno.com.br\/noticias\/prio-prio3-amplia-capital-95-milhoes\/\"><h2 class=\"content__title\">PRIO (PRIO3) ajusta o tabuleiro e amplia capital em R$ 95 milh\u00f5es com op\u00e7\u00f5es<\/h2><\/a><div class=\"newsContent__article__meta\"><div class=\"newsContent__article__meta__authorBox\"><a href=\"https:\/\/www.suno.com.br\/noticias\/author\/mairaftellesgmail-com\/\" class=\"authorBox__avatar noMobi\"><img src=\"https:\/\/secure.gravatar.com\/avatar\/8d13691eab6abc1d1050b62a4c2a6116?s=96&#038;r=g\" alt=\"Ma\u00edra Telles\"><\/a><div class=\"authorBox__name\"><span>por\n\t\t\t<a href=\"https:\/\/www.suno.com.br\/noticias\/author\/mairaftellesgmail-com\/\"><span itemprop=\"author\">Ma\u00edra Telles<\/span><\/a><\/span><time datetime=\"2026-01-02T10:05:09-03:00\" itemprop=\"datePublished\">02\/01\/2026 10:05<\/time><\/div><\/div><\/div><\/div><\/div>","single_layout":"posts","amp_enabled":true,"_links":{"self":[{"href":"https:\/\/www.suno.com.br\/noticias\/wp-json\/wp\/v2\/posts\/637161"}],"collection":[{"href":"https:\/\/www.suno.com.br\/noticias\/wp-json\/wp\/v2\/posts"}],"about":[{"href":"https:\/\/www.suno.com.br\/noticias\/wp-json\/wp\/v2\/types\/post"}],"author":[{"embeddable":true,"href":"https:\/\/www.suno.com.br\/noticias\/wp-json\/wp\/v2\/users\/402"}],"replies":[{"embeddable":true,"href":"https:\/\/www.suno.com.br\/noticias\/wp-json\/wp\/v2\/comments?post=637161"}],"version-history":[{"count":0,"href":"https:\/\/www.suno.com.br\/noticias\/wp-json\/wp\/v2\/posts\/637161\/revisions"}],"wp:featuredmedia":[{"embeddable":true,"href":"https:\/\/www.suno.com.br\/noticias\/wp-json\/wp\/v2\/media\/637162"}],"wp:attachment":[{"href":"https:\/\/www.suno.com.br\/noticias\/wp-json\/wp\/v2\/media?parent=637161"}],"wp:term":[{"taxonomy":"category","embeddable":true,"href":"https:\/\/www.suno.com.br\/noticias\/wp-json\/wp\/v2\/categories?post=637161"},{"taxonomy":"post_tag","embeddable":true,"href":"https:\/\/www.suno.com.br\/noticias\/wp-json\/wp\/v2\/tags?post=637161"},{"taxonomy":"suno_strategy","embeddable":true,"href":"https:\/\/www.suno.com.br\/noticias\/wp-json\/wp\/v2\/suno_strategy?post=637161"}],"curies":[{"name":"wp","href":"https:\/\/api.w.org\/{rel}","templated":true}]}}