{"id":63676,"date":"2020-05-05T17:30:36","date_gmt":"2020-05-05T20:30:36","guid":{"rendered":"https:\/\/www.suno.com.br\/noticias\/?p=63676"},"modified":"2020-05-05T17:39:29","modified_gmt":"2020-05-05T20:39:29","slug":"dolar-fechamento-r-55902-05052020","status":"publish","type":"post","link":"https:\/\/www.suno.com.br\/noticias\/dolar-fechamento-r-55902-05052020\/","title":{"rendered":"D\u00f3lar sobe 1,228% cotado a R$ 5,5902 com expectativa de corte da Selic"},"content":{"rendered":"<p>O <a href=\"https:\/\/www.suno.com.br\/artigos\/dolar\/\"><strong>d\u00f3lar<\/strong><\/a> encerrou as negocia\u00e7\u00f5es desta ter\u00e7a-feira (5) com valoriza\u00e7\u00e3o de 1,228%, cotado a R$ <span class=\"chart-info-val ng-binding\">5,5902<\/span> na venda. A moeda americana registrou alta pela terceira sess\u00e3o consecutiva.<\/p>\t<div class=\"wrapper-featured-image\">\n\t\t<figure class=\"spotlightImg\">\n\n\t\t\t<picture>\n\t\t\t\t<source media=\"(max-width: 768px)\" srcset=\"https:\/\/files.sunoresearch.com.br\/n\/uploads\/2019\/06\/5da068bf-dolarr-400x200.webp\">\n\t\t\t\t<img loading=\"lazy\" decoding=\"async\" class=\"newsContent__article__imgCapa lazyloadDisabled newsContent__article__imgCapa--noCaption\" src=\"https:\/\/files.sunoresearch.com.br\/n\/uploads\/2019\/06\/5da068bf-dolarr-jpg.webp\" width=\"800\" height=\"450\" alt=\"D\u00f3lar sobe 1,228% cotado a R$ 5,5902 com expectativa de corte da Selic\" fetchpriority=high \/>\n\t\t\t<\/picture>\n\n\t\t\t<figcaption class=\"wp-caption-text wp-caption-text--hide\">No dia anterior, o d\u00f3lar encerrou em alta de 1,43%, a R$ 5,7630<\/figcaption>\n\t\t<\/figure>\n\t<\/div>\n\n\n\n<p>Apesar do bom humor do investidores no exterior com a reabertura de alguns pa\u00edses, o d\u00f3lar fechou em nova alta. No Brasil, o mercado ficou atento \u00e0s tens\u00f5es pol\u00edticas dom\u00e9sticas e \u00e0s expectativas de um corte na <a href=\"https:\/\/www.suno.com.br\/artigos\/taxa-selic\/\">taxa b\u00e1sica de juros (Selic)<\/a>, ap\u00f3s a divulga\u00e7\u00e3o do tombo na produ\u00e7\u00e3o industrial do Pa\u00eds.<\/p>\n<p><a href=\"https:\/\/lp.suno.com.br\/suno-one\/\">Garanta acesso gratuito \u00e0 eBooks, Minicursos, Artigos e Video Aulas com um \u00fanico cadastro. Clique para saber mais.<\/a><\/p>\n<p>Al\u00e9m disso, o <strong><a href=\"https:\/\/www.suno.com.br\/artigos\/bacen\/\">Banco Central (BC)<\/a><\/strong> realizou nesta sess\u00e3o uma oferta de 10 mil contratos de <a href=\"https:\/\/www.suno.com.br\/artigos\/swap-cambial\/\">swap cambial<\/a>. Os contratos negociados ter\u00e3o vencimento para setembro deste ano e para janeiro de 2021.<\/p>\n<p>Confira as principais not\u00edcias que afetaram o mercado de c\u00e2mbio nesta ter\u00e7a-feira:<\/p>\n<ul>\n<li>Alemanha critica programa de QE do BCE<\/li>\n<li>Produ\u00e7\u00e3o industrial despenca 9% em mar\u00e7o<\/li>\n<li>Economia mundial mostra sinais de recupera\u00e7\u00e3o<\/li>\n<\/ul>\n<h2>Alemanha critica programa de QE do BCE<\/h2>\n<p>A <strong>Alemanha<\/strong> comunicou nesta ter\u00e7a-feira que a compra de t\u00edtulos do <a href=\"https:\/\/www.suno.com.br\/artigos\/bce\/\">Banco Central Europeu (BCE)<\/a> pelo programa de<a href=\"https:\/\/www.suno.com.br\/artigos\/quantitative-easing\/\"> Quantitative Easing (QE)<\/a>, reiniciado no final do ano passado, n\u00e3o respeitava o &#8216;princ\u00edpio da proporcionalidade&#8217;.<\/p>\n<p>\u201cO BCE falha em conduzir o necess\u00e1rio equil\u00edbrio entre o objetivo da pol\u00edtica monet\u00e1ria e os efeitos da pol\u00edtica econ\u00f4mica decorrentes do programa. Portanto, as decis\u00f5es em quest\u00e3o &#8230; excedem o mandato de pol\u00edtica monet\u00e1ria do BCE\u201d, criticou o tribunal alem\u00e3o de alta escala.<\/p>\n<p><a href=\"https:\/\/www.suno.com.br\/noticias\/alemanha-quantitative-easing-bce\/\">Saiba mais: Alemanha critica programa de &#8216;quantitative easing&#8217; do BCE e pede explica\u00e7\u00f5es<\/a><\/p>\n<p>A Quantitative Easing \u00e9 uma pol\u00edtica monet\u00e1ria que aumenta a oferta de moeda de uma economia. O objetivo do programa iniciado pelo BCE em 2015 era dar apoio a economia da <a href=\"https:\/\/www.suno.com.br\/artigos\/zona-do-euro\/\">zona do euro<\/a>, mantendo os custos dos empr\u00e9stimos baixos para todos pa\u00edses que pertencem a essa uni\u00e3o monet\u00e1ria.<\/p>\n<h2>Produ\u00e7\u00e3o industrial despenca 9% em mar\u00e7o<\/h2>\n<p>Conforme dados divulgados pelo Instituto Brasileiro de Geografia e Estat\u00edstica (IBGE), a <strong>produ\u00e7\u00e3o industrial<\/strong> caiu 9,1% em mar\u00e7o, em compara\u00e7\u00e3o com fevereiro, pior resultado para o m\u00eas desde 2002.<\/p>\n<p><a href=\"https:\/\/www.suno.com.br\/noticias\/producao-industrial-marco-despenca-coronavirus\/\">Saiba mais: Produ\u00e7\u00e3o industrial despenca 9% em mar\u00e7o devido ao coronav\u00edrus, diz IBGE<\/a><\/p>\n<p>No acumulado anual, a produ\u00e7\u00e3o industrial queda de 1,7% , em rela\u00e7\u00e3o aos 12 meses a atividade industrial tamb\u00e9m acumulou um recuo de 1%. De acordo com o gerente da pesquisa, Andr\u00e9 Macedo, o resultado foi impactado pela pandemia do novo coronav\u00edrus e o isolamento social exigido para combater o v\u00edrus.<\/p>\n<p>\u201cEsse impacto da pandemia fica evidenciado quando se compara com o m\u00eas de fevereiro, j\u00e1 que a taxa \u00e9 fortemente negativa e representa a queda mais intensa desde maio de 2018, quando houve a greve dos caminhoneiros. E n\u00e3o apenas pela magnitude da taxa, mas tamb\u00e9m pelo alargamento por diversas atividades, incluindo todas as quatro categorias econ\u00f4micas e 23 das 26 atividades pesquisadas\u201d, afirmou Macedo.<\/p>\n<h2>Economia mundial mostra sinais de recupera\u00e7\u00e3o<\/h2>\n<p>O Goldman Sachs e o Morgan Stanley informaram nesta ter\u00e7a-feira que a economia mundial come\u00e7ou a se recuperar do crise do novo coronav\u00edrus e das restri\u00e7\u00f5es aplicadas para combater a pandemia.<\/p>\n<p>&#8220;A atividade econ\u00f4mica tem provavelmente se recuperado agora. Confinamentos e distanciamento social come\u00e7am a diminuir enquanto muitos pa\u00edses reabrem suas economias com cautela&#8221;, afirmou o economista-chefe do Goldman Sachs, Jan Hatzius, \u00e0 &#8220;Bloomberg&#8221;.<\/p>\n<p>&#8220;O maior risco negativo para as perspectivas econ\u00f4micas globais \u00e9 que as taxas de infec\u00e7\u00e3o voltem a acelerar acentuadamente \u00e0 medida que a economia reabre. Afinal, nossa an\u00e1lise recente confirma que grande parte da melhora m\u00e9dica resultou de confinamentos e distanciamento social&#8221;, disse Hatzius.<\/p>\n<h2>\u00daltima cota\u00e7\u00e3o do d\u00f3lar<\/h2>\n<p>Na \u00faltima sess\u00e3o, segunda-feira (4), o <strong>d\u00f3lar<\/strong> encerrou em alta de 1,5%, cotado em R$ 5,52<\/p>\n\n","protected":false},"excerpt":{"rendered":"<p>O d\u00f3lar encerrou as negocia\u00e7\u00f5es desta ter\u00e7a-feira (5) com valoriza\u00e7\u00e3o de 1,228%, cotado a R$ 5,5902 na venda. A moeda americana registrou alta pela terceira sess\u00e3o consecutiva. No dia anterior, o d\u00f3lar encerrou em alta de 1,43%, a R$ 5,7630 Apesar do bom humor do investidores no exterior com a reabertura de alguns pa\u00edses, o [&hellip;]<\/p>\n","protected":false},"author":35,"featured_media":28097,"comment_status":"closed","ping_status":"closed","sticky":false,"template":"","format":"standard","meta":[],"categories":[60],"tags":[856,863,326,775,1242,820],"suno_strategy":[],"class_list":["post-63676","post","type-post","status-publish","format-standard","has-post-thumbnail","hentry","category-mercado","tag-alemanha","tag-banco-central-europeu-bce","tag-dolar","tag-goldman-sachs-gsgi34","tag-morgan-stanley-msbr34","tag-producao-industrial"],"yoast_head":"<!-- This site is optimized with the Yoast SEO plugin v24.4 - https:\/\/yoast.com\/wordpress\/plugins\/seo\/ -->\n<title>D\u00f3lar sobe 1,228% cotado a R$ 5,5902 com expectativa de corte da Selic<\/title>\n<meta name=\"description\" content=\"O d\u00f3lar encerrou as negocia\u00e7\u00f5es com valoriza\u00e7\u00e3o de 1,228%, cotado a R$ 5,5902, terceira sess\u00e3o consecutiva de alta. Clique para saber mais\" \/>\n<meta name=\"robots\" content=\"index, follow, max-snippet:-1, max-image-preview:large, max-video-preview:-1\" \/>\n<link rel=\"canonical\" href=\"https:\/\/www.suno.com.br\/noticias\/dolar-fechamento-r-55902-05052020\/\" \/>\n<meta property=\"og:locale\" content=\"pt_BR\" \/>\n<meta property=\"og:type\" content=\"article\" \/>\n<meta property=\"og:title\" content=\"D\u00f3lar sobe 1,228% cotado a R$ 5,5902 com expectativa de corte da Selic\" \/>\n<meta property=\"og:description\" content=\"O d\u00f3lar encerrou as negocia\u00e7\u00f5es com valoriza\u00e7\u00e3o de 1,228%, cotado a R$ 5,5902, terceira sess\u00e3o consecutiva de alta. Clique para saber mais\" \/>\n<meta property=\"og:url\" content=\"https:\/\/www.suno.com.br\/noticias\/dolar-fechamento-r-55902-05052020\/\" \/>\n<meta property=\"og:site_name\" content=\"Suno Not\u00edcias\" \/>\n<meta property=\"article:publisher\" content=\"https:\/\/facebook.com\/sunoresearch\" \/>\n<meta property=\"og:image\" content=\"https:\/\/files.sunoresearch.com.br\/n\/uploads\/2019\/06\/5da068bf-dolarr.jpg\" \/>\n\t<meta property=\"og:image:width\" content=\"640\" \/>\n\t<meta property=\"og:image:height\" content=\"370\" \/>\n\t<meta property=\"og:image:type\" content=\"image\/jpeg\" \/>\n<meta name=\"author\" content=\"Arthur Guimar\u00e3es\" \/>\n<meta name=\"twitter:card\" content=\"summary_large_image\" \/>\n<meta name=\"twitter:creator\" content=\"@sunoresearch\" \/>\n<meta name=\"twitter:site\" content=\"@sunoresearch\" \/>\n<meta name=\"twitter:label1\" content=\"Escrito por\" \/>\n\t<meta name=\"twitter:data1\" content=\"Arthur Guimar\u00e3es\" \/>\n\t<meta name=\"twitter:label2\" content=\"Est. tempo de leitura\" \/>\n\t<meta name=\"twitter:data2\" content=\"3 minutos\" \/>\n<script type=\"application\/ld+json\" class=\"yoast-schema-graph\">{\"@context\":\"https:\/\/schema.org\",\"@graph\":[{\"@type\":\"NewsArticle\",\"@id\":\"https:\/\/www.suno.com.br\/noticias\/dolar-fechamento-r-55902-05052020\/#article\",\"isPartOf\":{\"@id\":\"https:\/\/www.suno.com.br\/noticias\/dolar-fechamento-r-55902-05052020\/\"},\"author\":{\"name\":\"Arthur Guimar\u00e3es\",\"@id\":\"https:\/\/www.suno.com.br\/noticias\/#\/schema\/person\/053a750a709a263919a20f976caae91c\"},\"headline\":\"D\u00f3lar sobe 1,228% cotado a R$ 5,5902 com expectativa de corte da Selic\",\"datePublished\":\"2020-05-05T20:30:36+00:00\",\"dateModified\":\"2020-05-05T20:39:29+00:00\",\"mainEntityOfPage\":{\"@id\":\"https:\/\/www.suno.com.br\/noticias\/dolar-fechamento-r-55902-05052020\/\"},\"wordCount\":677,\"publisher\":{\"@id\":\"https:\/\/www.suno.com.br\/noticias\/#organization\"},\"image\":{\"@id\":\"https:\/\/www.suno.com.br\/noticias\/dolar-fechamento-r-55902-05052020\/#primaryimage\"},\"thumbnailUrl\":\"https:\/\/files.sunoresearch.com.br\/n\/uploads\/2019\/06\/5da068bf-dolarr-jpg.webp\",\"keywords\":[\"Alemanha\",\"Banco Central Europeu (BCE)\",\"d\u00f3lar\",\"Goldman Sachs (GSGI34)\",\"Morgan Stanley (MSBR34)\",\"produ\u00e7\u00e3o industrial\"],\"articleSection\":[\"Mercado\"],\"inLanguage\":\"pt-BR\"},{\"@type\":\"WebPage\",\"@id\":\"https:\/\/www.suno.com.br\/noticias\/dolar-fechamento-r-55902-05052020\/\",\"url\":\"https:\/\/www.suno.com.br\/noticias\/dolar-fechamento-r-55902-05052020\/\",\"name\":\"D\u00f3lar sobe 1,228% cotado a R$ 5,5902 com expectativa de corte da Selic\",\"isPartOf\":{\"@id\":\"https:\/\/www.suno.com.br\/noticias\/#website\"},\"primaryImageOfPage\":{\"@id\":\"https:\/\/www.suno.com.br\/noticias\/dolar-fechamento-r-55902-05052020\/#primaryimage\"},\"image\":{\"@id\":\"https:\/\/www.suno.com.br\/noticias\/dolar-fechamento-r-55902-05052020\/#primaryimage\"},\"thumbnailUrl\":\"https:\/\/files.sunoresearch.com.br\/n\/uploads\/2019\/06\/5da068bf-dolarr-jpg.webp\",\"datePublished\":\"2020-05-05T20:30:36+00:00\",\"dateModified\":\"2020-05-05T20:39:29+00:00\",\"description\":\"O d\u00f3lar encerrou as negocia\u00e7\u00f5es com valoriza\u00e7\u00e3o de 1,228%, cotado a R$ 5,5902, terceira sess\u00e3o consecutiva de alta. Clique para saber mais\",\"breadcrumb\":{\"@id\":\"https:\/\/www.suno.com.br\/noticias\/dolar-fechamento-r-55902-05052020\/#breadcrumb\"},\"inLanguage\":\"pt-BR\",\"potentialAction\":[{\"@type\":\"ReadAction\",\"target\":[\"https:\/\/www.suno.com.br\/noticias\/dolar-fechamento-r-55902-05052020\/\"]}]},{\"@type\":\"ImageObject\",\"inLanguage\":\"pt-BR\",\"@id\":\"https:\/\/www.suno.com.br\/noticias\/dolar-fechamento-r-55902-05052020\/#primaryimage\",\"url\":\"https:\/\/files.sunoresearch.com.br\/n\/uploads\/2019\/06\/5da068bf-dolarr-jpg.webp\",\"contentUrl\":\"https:\/\/files.sunoresearch.com.br\/n\/uploads\/2019\/06\/5da068bf-dolarr-jpg.webp\",\"width\":640,\"height\":370,\"caption\":\"No dia anterior, o d\u00f3lar encerrou em alta de 1,43%, a R$ 5,7630\"},{\"@type\":\"BreadcrumbList\",\"@id\":\"https:\/\/www.suno.com.br\/noticias\/dolar-fechamento-r-55902-05052020\/#breadcrumb\",\"itemListElement\":[{\"@type\":\"ListItem\",\"position\":1,\"name\":\"Not\u00edcias\",\"item\":\"https:\/\/www.suno.com.br\/noticias\/\"},{\"@type\":\"ListItem\",\"position\":2,\"name\":\"Mercado\",\"item\":\"https:\/\/www.suno.com.br\/noticias\/mercado\/\"},{\"@type\":\"ListItem\",\"position\":3,\"name\":\"D\u00f3lar sobe 1,228% cotado a R$ 5,5902 com expectativa de corte da Selic\"}]},{\"@type\":\"WebSite\",\"@id\":\"https:\/\/www.suno.com.br\/noticias\/#website\",\"url\":\"https:\/\/www.suno.com.br\/noticias\/\",\"name\":\"Suno Not\u00edcias\",\"description\":\"Seu portal de informa\u00e7\u00e3o sobre o mundo dos investimentos\",\"publisher\":{\"@id\":\"https:\/\/www.suno.com.br\/noticias\/#organization\"},\"potentialAction\":[{\"@type\":\"SearchAction\",\"target\":{\"@type\":\"EntryPoint\",\"urlTemplate\":\"https:\/\/www.suno.com.br\/noticias\/?s={search_term_string}\"},\"query-input\":{\"@type\":\"PropertyValueSpecification\",\"valueRequired\":true,\"valueName\":\"search_term_string\"}}],\"inLanguage\":\"pt-BR\"},{\"@type\":\"Organization\",\"@id\":\"https:\/\/www.suno.com.br\/noticias\/#organization\",\"name\":\"Suno Not\u00edcias\",\"url\":\"https:\/\/www.suno.com.br\/noticias\/\",\"logo\":{\"@type\":\"ImageObject\",\"inLanguage\":\"pt-BR\",\"@id\":\"https:\/\/www.suno.com.br\/noticias\/#\/schema\/logo\/image\/\",\"url\":\"https:\/\/files.sunoresearch.com.br\/n\/uploads\/2021\/09\/suno-logo.png\",\"contentUrl\":\"https:\/\/files.sunoresearch.com.br\/n\/uploads\/2021\/09\/suno-logo.png\",\"width\":180,\"height\":180,\"caption\":\"Suno Not\u00edcias\"},\"image\":{\"@id\":\"https:\/\/www.suno.com.br\/noticias\/#\/schema\/logo\/image\/\"},\"sameAs\":[\"https:\/\/facebook.com\/sunoresearch\",\"https:\/\/x.com\/sunoresearch\",\"https:\/\/www.instagram.com\/suno\",\"https:\/\/www.linkedin.com\/company\/suno-research\/\",\"https:\/\/www.youtube.com\/c\/sunoresearch\"]},{\"@type\":\"Person\",\"@id\":\"https:\/\/www.suno.com.br\/noticias\/#\/schema\/person\/053a750a709a263919a20f976caae91c\",\"name\":\"Arthur Guimar\u00e3es\",\"image\":{\"@type\":\"ImageObject\",\"inLanguage\":\"pt-BR\",\"@id\":\"https:\/\/www.suno.com.br\/noticias\/#\/schema\/person\/image\/\",\"url\":\"https:\/\/secure.gravatar.com\/avatar\/1affd86a11209ae09eb6dd3bcad3e96c?s=96&r=g\",\"contentUrl\":\"https:\/\/secure.gravatar.com\/avatar\/1affd86a11209ae09eb6dd3bcad3e96c?s=96&r=g\",\"caption\":\"Arthur Guimar\u00e3es\"},\"description\":\"Arthur Guimar\u00e3es escreve sobre pol\u00edtica, economia e neg\u00f3cios para o portal de not\u00edcias da Suno Research. Atualmente, \u00e9 estudante de jornalismo pela Faculdade C\u00e1sper L\u00edbero.\",\"url\":\"https:\/\/www.suno.com.br\/noticias\/author\/arthur-guimaraes\/\"}]}<\/script>\n<!-- \/ Yoast SEO plugin. -->","yoast_head_json":{"title":"D\u00f3lar sobe 1,228% cotado a R$ 5,5902 com expectativa de corte da Selic","description":"O d\u00f3lar encerrou as negocia\u00e7\u00f5es com valoriza\u00e7\u00e3o de 1,228%, cotado a R$ 5,5902, terceira sess\u00e3o consecutiva de alta. Clique para saber mais","robots":{"index":"index","follow":"follow","max-snippet":"max-snippet:-1","max-image-preview":"max-image-preview:large","max-video-preview":"max-video-preview:-1"},"canonical":"https:\/\/www.suno.com.br\/noticias\/dolar-fechamento-r-55902-05052020\/","og_locale":"pt_BR","og_type":"article","og_title":"D\u00f3lar sobe 1,228% cotado a R$ 5,5902 com expectativa de corte da Selic","og_description":"O d\u00f3lar encerrou as negocia\u00e7\u00f5es com valoriza\u00e7\u00e3o de 1,228%, cotado a R$ 5,5902, terceira sess\u00e3o consecutiva de alta. Clique para saber mais","og_url":"https:\/\/www.suno.com.br\/noticias\/dolar-fechamento-r-55902-05052020\/","og_site_name":"Suno Not\u00edcias","article_publisher":"https:\/\/facebook.com\/sunoresearch","og_image":[{"width":640,"height":370,"url":"https:\/\/files.sunoresearch.com.br\/n\/uploads\/2019\/06\/5da068bf-dolarr.jpg","type":"image\/jpeg"}],"author":"Arthur Guimar\u00e3es","twitter_card":"summary_large_image","twitter_creator":"@sunoresearch","twitter_site":"@sunoresearch","twitter_misc":{"Escrito por":"Arthur Guimar\u00e3es","Est. tempo de leitura":"3 minutos"},"schema":{"@context":"https:\/\/schema.org","@graph":[{"@type":"NewsArticle","@id":"https:\/\/www.suno.com.br\/noticias\/dolar-fechamento-r-55902-05052020\/#article","isPartOf":{"@id":"https:\/\/www.suno.com.br\/noticias\/dolar-fechamento-r-55902-05052020\/"},"author":{"name":"Arthur Guimar\u00e3es","@id":"https:\/\/www.suno.com.br\/noticias\/#\/schema\/person\/053a750a709a263919a20f976caae91c"},"headline":"D\u00f3lar sobe 1,228% cotado a R$ 5,5902 com expectativa de corte da Selic","datePublished":"2020-05-05T20:30:36+00:00","dateModified":"2020-05-05T20:39:29+00:00","mainEntityOfPage":{"@id":"https:\/\/www.suno.com.br\/noticias\/dolar-fechamento-r-55902-05052020\/"},"wordCount":677,"publisher":{"@id":"https:\/\/www.suno.com.br\/noticias\/#organization"},"image":{"@id":"https:\/\/www.suno.com.br\/noticias\/dolar-fechamento-r-55902-05052020\/#primaryimage"},"thumbnailUrl":"https:\/\/files.sunoresearch.com.br\/n\/uploads\/2019\/06\/5da068bf-dolarr-jpg.webp","keywords":["Alemanha","Banco Central Europeu (BCE)","d\u00f3lar","Goldman Sachs (GSGI34)","Morgan Stanley (MSBR34)","produ\u00e7\u00e3o industrial"],"articleSection":["Mercado"],"inLanguage":"pt-BR"},{"@type":"WebPage","@id":"https:\/\/www.suno.com.br\/noticias\/dolar-fechamento-r-55902-05052020\/","url":"https:\/\/www.suno.com.br\/noticias\/dolar-fechamento-r-55902-05052020\/","name":"D\u00f3lar sobe 1,228% cotado a R$ 5,5902 com expectativa de corte da Selic","isPartOf":{"@id":"https:\/\/www.suno.com.br\/noticias\/#website"},"primaryImageOfPage":{"@id":"https:\/\/www.suno.com.br\/noticias\/dolar-fechamento-r-55902-05052020\/#primaryimage"},"image":{"@id":"https:\/\/www.suno.com.br\/noticias\/dolar-fechamento-r-55902-05052020\/#primaryimage"},"thumbnailUrl":"https:\/\/files.sunoresearch.com.br\/n\/uploads\/2019\/06\/5da068bf-dolarr-jpg.webp","datePublished":"2020-05-05T20:30:36+00:00","dateModified":"2020-05-05T20:39:29+00:00","description":"O d\u00f3lar encerrou as negocia\u00e7\u00f5es com valoriza\u00e7\u00e3o de 1,228%, cotado a R$ 5,5902, terceira sess\u00e3o consecutiva de alta. Clique para saber mais","breadcrumb":{"@id":"https:\/\/www.suno.com.br\/noticias\/dolar-fechamento-r-55902-05052020\/#breadcrumb"},"inLanguage":"pt-BR","potentialAction":[{"@type":"ReadAction","target":["https:\/\/www.suno.com.br\/noticias\/dolar-fechamento-r-55902-05052020\/"]}]},{"@type":"ImageObject","inLanguage":"pt-BR","@id":"https:\/\/www.suno.com.br\/noticias\/dolar-fechamento-r-55902-05052020\/#primaryimage","url":"https:\/\/files.sunoresearch.com.br\/n\/uploads\/2019\/06\/5da068bf-dolarr-jpg.webp","contentUrl":"https:\/\/files.sunoresearch.com.br\/n\/uploads\/2019\/06\/5da068bf-dolarr-jpg.webp","width":640,"height":370,"caption":"No dia anterior, o d\u00f3lar encerrou em alta de 1,43%, a R$ 5,7630"},{"@type":"BreadcrumbList","@id":"https:\/\/www.suno.com.br\/noticias\/dolar-fechamento-r-55902-05052020\/#breadcrumb","itemListElement":[{"@type":"ListItem","position":1,"name":"Not\u00edcias","item":"https:\/\/www.suno.com.br\/noticias\/"},{"@type":"ListItem","position":2,"name":"Mercado","item":"https:\/\/www.suno.com.br\/noticias\/mercado\/"},{"@type":"ListItem","position":3,"name":"D\u00f3lar sobe 1,228% cotado a R$ 5,5902 com expectativa de corte da Selic"}]},{"@type":"WebSite","@id":"https:\/\/www.suno.com.br\/noticias\/#website","url":"https:\/\/www.suno.com.br\/noticias\/","name":"Suno Not\u00edcias","description":"Seu portal de informa\u00e7\u00e3o sobre o mundo dos investimentos","publisher":{"@id":"https:\/\/www.suno.com.br\/noticias\/#organization"},"potentialAction":[{"@type":"SearchAction","target":{"@type":"EntryPoint","urlTemplate":"https:\/\/www.suno.com.br\/noticias\/?s={search_term_string}"},"query-input":{"@type":"PropertyValueSpecification","valueRequired":true,"valueName":"search_term_string"}}],"inLanguage":"pt-BR"},{"@type":"Organization","@id":"https:\/\/www.suno.com.br\/noticias\/#organization","name":"Suno Not\u00edcias","url":"https:\/\/www.suno.com.br\/noticias\/","logo":{"@type":"ImageObject","inLanguage":"pt-BR","@id":"https:\/\/www.suno.com.br\/noticias\/#\/schema\/logo\/image\/","url":"https:\/\/files.sunoresearch.com.br\/n\/uploads\/2021\/09\/suno-logo.png","contentUrl":"https:\/\/files.sunoresearch.com.br\/n\/uploads\/2021\/09\/suno-logo.png","width":180,"height":180,"caption":"Suno Not\u00edcias"},"image":{"@id":"https:\/\/www.suno.com.br\/noticias\/#\/schema\/logo\/image\/"},"sameAs":["https:\/\/facebook.com\/sunoresearch","https:\/\/x.com\/sunoresearch","https:\/\/www.instagram.com\/suno","https:\/\/www.linkedin.com\/company\/suno-research\/","https:\/\/www.youtube.com\/c\/sunoresearch"]},{"@type":"Person","@id":"https:\/\/www.suno.com.br\/noticias\/#\/schema\/person\/053a750a709a263919a20f976caae91c","name":"Arthur Guimar\u00e3es","image":{"@type":"ImageObject","inLanguage":"pt-BR","@id":"https:\/\/www.suno.com.br\/noticias\/#\/schema\/person\/image\/","url":"https:\/\/secure.gravatar.com\/avatar\/1affd86a11209ae09eb6dd3bcad3e96c?s=96&r=g","contentUrl":"https:\/\/secure.gravatar.com\/avatar\/1affd86a11209ae09eb6dd3bcad3e96c?s=96&r=g","caption":"Arthur Guimar\u00e3es"},"description":"Arthur Guimar\u00e3es escreve sobre pol\u00edtica, economia e neg\u00f3cios para o portal de not\u00edcias da Suno Research. Atualmente, \u00e9 estudante de jornalismo pela Faculdade C\u00e1sper L\u00edbero.","url":"https:\/\/www.suno.com.br\/noticias\/author\/arthur-guimaraes\/"}]}},"default_loop_html":"<div class=\"cardsPage__listCard__boxs\"><div class=\"cardsPage__listCard__boxs__img\"><a href=\"https:\/\/www.suno.com.br\/noticias\/dolar-fechamento-r-55902-05052020\/\"><img class=\"mask\" src=\"https:\/\/www.suno.com.br\/noticias\/wp-content\/themes\/suno\/resources\/images\/spotlight\/spotlight1img\/bg-mask.png\" alt=\"Image Mask\"\/><img src=\"https:\/\/files.sunoresearch.com.br\/n\/uploads\/2019\/06\/5da068bf-dolarr-400x200.webp\" alt=\"D\u00f3lar sobe 1,228% cotado a R$ 5,5902 com expectativa de corte da Selic\"\/><\/a><span class=\"spotlightCategory\"><a href=\"https:\/\/www.suno.com.br\/noticias\/mercado\/\">Mercado<\/a><\/span><\/div><div class=\"cardsPage__listCard__boxs__content\"><a href=\"https:\/\/www.suno.com.br\/noticias\/dolar-fechamento-r-55902-05052020\/\"><h2 class=\"content__title\">D\u00f3lar sobe 1,228% cotado a R$ 5,5902 com expectativa de corte da Selic<\/h2><\/a><div class=\"newsContent__article__meta\"><div class=\"newsContent__article__meta__authorBox\"><a href=\"https:\/\/www.suno.com.br\/noticias\/author\/arthur-guimaraes\/\" class=\"authorBox__avatar noMobi\"><img src=\"https:\/\/files.sunoresearch.com.br\/n\/uploads\/2020\/02\/dfb40897-eu-150x150.webp\" alt=\"Arthur Guimar\u00e3es\"><\/a><div class=\"authorBox__name\"><span>por\n\t\t\t<a href=\"https:\/\/www.suno.com.br\/noticias\/author\/arthur-guimaraes\/\"><span itemprop=\"author\">Arthur Guimar\u00e3es<\/span><\/a><\/span><time datetime=\"2020-05-05T17:30:36-03:00\" itemprop=\"datePublished\">05\/05\/2020 17:30<\/time><\/div><\/div><\/div><\/div><\/div>","single_layout":"posts","amp_enabled":true,"_links":{"self":[{"href":"https:\/\/www.suno.com.br\/noticias\/wp-json\/wp\/v2\/posts\/63676"}],"collection":[{"href":"https:\/\/www.suno.com.br\/noticias\/wp-json\/wp\/v2\/posts"}],"about":[{"href":"https:\/\/www.suno.com.br\/noticias\/wp-json\/wp\/v2\/types\/post"}],"author":[{"embeddable":true,"href":"https:\/\/www.suno.com.br\/noticias\/wp-json\/wp\/v2\/users\/35"}],"replies":[{"embeddable":true,"href":"https:\/\/www.suno.com.br\/noticias\/wp-json\/wp\/v2\/comments?post=63676"}],"version-history":[{"count":0,"href":"https:\/\/www.suno.com.br\/noticias\/wp-json\/wp\/v2\/posts\/63676\/revisions"}],"wp:featuredmedia":[{"embeddable":true,"href":"https:\/\/www.suno.com.br\/noticias\/wp-json\/wp\/v2\/media\/28097"}],"wp:attachment":[{"href":"https:\/\/www.suno.com.br\/noticias\/wp-json\/wp\/v2\/media?parent=63676"}],"wp:term":[{"taxonomy":"category","embeddable":true,"href":"https:\/\/www.suno.com.br\/noticias\/wp-json\/wp\/v2\/categories?post=63676"},{"taxonomy":"post_tag","embeddable":true,"href":"https:\/\/www.suno.com.br\/noticias\/wp-json\/wp\/v2\/tags?post=63676"},{"taxonomy":"suno_strategy","embeddable":true,"href":"https:\/\/www.suno.com.br\/noticias\/wp-json\/wp\/v2\/suno_strategy?post=63676"}],"curies":[{"name":"wp","href":"https:\/\/api.w.org\/{rel}","templated":true}]}}