{"id":63645,"date":"2020-05-05T14:44:59","date_gmt":"2020-05-05T17:44:59","guid":{"rendered":"https:\/\/www.suno.com.br\/noticias\/?p=63645"},"modified":"2020-05-05T14:44:59","modified_gmt":"2020-05-05T17:44:59","slug":"embraer-embr3-futuro-depende-dos-acionistas","status":"publish","type":"post","link":"https:\/\/www.suno.com.br\/noticias\/embraer-embr3-futuro-depende-dos-acionistas\/","title":{"rendered":"Embraer (EMBR3): futuro depende dos acionistas, n\u00e3o do governo, diz Mansueto"},"content":{"rendered":"<p>A <a href=\"https:\/\/www.suno.com.br\/acoes\/embr3\/\"><strong>Embraer<\/strong> (EMBR3)<\/a>\u00a0\u00e9 uma empresa privada desde a d\u00e9cada de 1990 e seu futuro depende de seus acionitas, n\u00e3o do governo. Foi o que o secret\u00e1rio do Tesouro Nacional, Mansueto Almeida, ressaltou nesta ter\u00e7a-feira (5) em entrevista \u00e0 consultoria Arkho Advice.<\/p>\t<div class=\"wrapper-featured-image\">\n\t\t<figure class=\"spotlightImg\">\n\n\t\t\t<picture>\n\t\t\t\t<source media=\"(max-width: 768px)\" srcset=\"https:\/\/files.sunoresearch.com.br\/n\/uploads\/2019\/11\/e69fc594-embraer_foto_divulgacao-400x200.webp\">\n\t\t\t\t<img loading=\"lazy\" decoding=\"async\" class=\"newsContent__article__imgCapa lazyloadDisabled newsContent__article__imgCapa--noCaption\" src=\"https:\/\/files.sunoresearch.com.br\/n\/uploads\/2019\/11\/e69fc594-embraer_foto_divulgacao-800x450.webp\" width=\"800\" height=\"450\" alt=\"Embraer (EMBR3): futuro depende dos acionistas, n\u00e3o do governo, diz Mansueto\" fetchpriority=high \/>\n\t\t\t<\/picture>\n\n\t\t\t<figcaption class=\"wp-caption-text wp-caption-text--hide\">A Embraer (EMBR3) apresentou, na manh\u00e3 desta ter\u00e7a-feira, um preju\u00edzo l\u00edquido de R$ 797,5 milh\u00f5es auferido no terceiro trimestre. <\/figcaption>\n\t\t<\/figure>\n\t<\/div>\n\n\n\n<p>Embora o governo possua uma <a href=\"https:\/\/www.suno.com.br\/artigos\/golden-share\/\">golden share<\/a> (a\u00e7\u00e3o especial que proporciona direito a alguns vetos dentro da empresa) na Embraer, Mansueto afirma que o governo n\u00e3o ir\u00e1 interferir no destino da empresa. \u201cAcho que as pessoas esqueceram que a Embraer \u00e9 uma empresa privada\u201d, disse.<\/p>\n<p><a href=\"https:\/\/lp.suno.com.br\/suno-one\/\">Na Suno One voc\u00ea aprende como fazer o seu dinheiro para trabalhar para voc\u00ea. Cadastre-se agora!<\/a><\/p>\n<p>Al\u00e9m disso, o secret\u00e1rio, na entrevista, afirmou que desconhece a informa\u00e7\u00e3o de que o o <a href=\"https:\/\/www.suno.com.br\/artigos\/bancos-de-desenvolvimento\/\">Banco Nacional de Desenvolvimento Econ\u00f4mico e Social (<strong>BNDES<\/strong>)<\/a> faria um <a href=\"https:\/\/www.suno.com.br\/noticias\/embraer-embr3-deve-receber-aporte-de-us-1-bilhao-do-bndes\/\">aporte de US$ 1 bilh\u00e3o (R$ 5,58 bilh\u00f5es) na companhia<\/a>. O investimento teria como objetivo priorit\u00e1rio o pagamento de funcion\u00e1rios e fornecedores locais da Embraer.<\/p>\n<p>\u201cA Embraer ao longo dos \u00faltimos anos fez investimentos grandes na avia\u00e7\u00e3o militar e na civil, ela agora est\u00e1 naqueles anos em que vai recuperar parte do dinheiro que investiu nos \u00faltimos 10 anos. Ela vai ter redu\u00e7\u00e3o de custo natural porque projetos chegaram na matura\u00e7\u00e3o&#8221;, disse Mansueto.<\/p>\n<p>O secret\u00e1rio do Tesouro disse que &#8220;acha evocadas algumas not\u00edcias de que a Embraer vai ter problemas&#8221;, uma vez que a empresa est\u00e1 em uma fase &#8220;muito boa&#8221;. Para ele, as a\u00e7\u00f5es da companhia ca\u00edram assim como as demais companhias do setor a\u00e9reo devido \u00e0 <a href=\"https:\/\/www.suno.com.br\/noticias\/?s=coronavirus\">pandemia do novo <strong>coronav\u00edrus<\/strong> (Covid-19)<\/a>, e n\u00e3o pela recusa da <strong>Boeing<\/strong> (NYSE: BA) em concluir a <a href=\"https:\/\/www.suno.com.br\/artigos\/joint-venture\/\">joint-venture<\/a> que estava em negocia\u00e7\u00e3o.<\/p>\n<p>\u201cPessoas est\u00e3o falando como se o fim do acordo com a Boeing tivesse deixado a Embraer em situa\u00e7\u00e3o muito fr\u00e1gil. N\u00e3o deixou. O fato de o acordo com a Boeing n\u00e3o ter sa\u00eddo n\u00e3o muda a perspectiva de uma empresa como a Embraer\u201d, salientou Mansueto.<\/p>\n<h2>Acordo entre Embraer e Boeing proibia desist\u00eancia<\/h2>\n<p>O acordo entre a Boeing e a Embraer, avaliada em US$ 4,2 bilh\u00f5es (cerca de R$ 22,9 bilh\u00f5es), <a href=\"https:\/\/www.suno.com.br\/noticias\/embraer-embr3-boeing-acordo\/\">inclu\u00eda uma cl\u00e1usula que proibia as partes de desistir<\/a> do neg\u00f3cio em caso de uma pandemia ou recess\u00e3o global.<\/p>\n<p>Os analistas apontam que o contrato colocou a Boeing em uma &#8220;encruzilhada&#8221;, onde \u00e9 pressionada a encontrar uma outra sa\u00edda do neg\u00f3cio. A companhia estadunidense alega que a desist\u00eancia se deu pelo n\u00e3o cumprimento de certas condi\u00e7\u00f5es por parte da companhia brasileira.<\/p>\n<p>No contrato assinado em janeiro de 2019, a Boeing e a Embraer fizeram uma lista de 10 condi\u00e7\u00f5es que n\u00e3o qualificariam como tipo de eventos adversos relevantes. Isto \u00e9, esses t\u00f3picos, entre eles uma pandemia e mudan\u00e7as na economia global, n\u00e3o poderiam ser utilizados como pretexto para potenciais quebras do acordo.<\/p>\n<p>A Boeing anunciou que demitiria 16 mil funcion\u00e1rios, quase o equivalente total de empregados Embraer. Tamb\u00e9m comunicou que j\u00e1 havia sacado toda a sua linha de cr\u00e9dito e estava avaliando uma oferta de <a href=\"https:\/\/www.suno.com.br\/artigos\/titulos-privados\/\">t\u00edtulos de d\u00edvida<\/a>. O S&amp;P reduziu, na \u00faltima quarta-feira (29), o <a href=\"https:\/\/www.suno.com.br\/artigos\/rating\/\">rating<\/a> da empresa norte-americana para um n\u00edvel acima do grau especulativo.<\/p>\n<p><a href=\"https:\/\/www.suno.com.br\/noticias\/boeing-nao-era-saudavel-continuar-as-negociacoes\/\">Saiba mais: Boeing: &#8220;n\u00e3o era saud\u00e1vel continuar as negocia\u00e7\u00f5es&#8221;<\/a><\/p>\n<p>\u201cSeremos uma empresa menor por um tempo\u201d, declarou o presidente-executivo da Boeing, David Calhoun, ap\u00f3s a divulga\u00e7\u00e3o dos resultados referentes ao primeiro trimestre de 2020.<\/p>\n<p>As a\u00e7\u00f5es da <strong>Embraer<\/strong>, por volta das 14h40 desta ter\u00e7a-feira (5), operavam em queda de 2,72%, cotadas a R$ 7,51. Apenas neste ano, os pap\u00e9is ordin\u00e1rios da empresa j\u00e1 apresentam uma desvaloriza\u00e7\u00e3o de 60,87%.<\/p>\n\n","protected":false},"excerpt":{"rendered":"<p>A Embraer (EMBR3)\u00a0\u00e9 uma empresa privada desde a d\u00e9cada de 1990 e seu futuro depende de seus acionitas, n\u00e3o do governo. Foi o que o secret\u00e1rio do Tesouro Nacional, Mansueto Almeida, ressaltou nesta ter\u00e7a-feira (5) em entrevista \u00e0 consultoria Arkho Advice. A Embraer (EMBR3) apresentou, na manh\u00e3 desta ter\u00e7a-feira, um preju\u00edzo l\u00edquido de R$ 797,5 [&hellip;]<\/p>\n","protected":false},"author":24,"featured_media":44529,"comment_status":"closed","ping_status":"closed","sticky":false,"template":"","format":"standard","meta":[],"categories":[64],"tags":[828,460],"suno_strategy":[],"class_list":["post-63645","post","type-post","status-publish","format-standard","has-post-thumbnail","hentry","category-negocios","tag-boeing-boei34","tag-embraer-embr3"],"yoast_head":"<!-- This site is optimized with the Yoast SEO plugin v24.4 - https:\/\/yoast.com\/wordpress\/plugins\/seo\/ -->\n<title>Embraer (EMBR3): futuro depende dos acionistas, diz Mansueto<\/title>\n<meta name=\"description\" content=\"O que o secret\u00e1rio do Tesouro Nacional, Mansueto Almeida, ressaltou nesta ter\u00e7a que o governo n\u00e3o interfir\u00e1 na Embraer. Saiba mais.\" \/>\n<meta name=\"robots\" content=\"index, follow, max-snippet:-1, max-image-preview:large, max-video-preview:-1\" \/>\n<link rel=\"canonical\" href=\"https:\/\/www.suno.com.br\/noticias\/embraer-embr3-futuro-depende-dos-acionistas\/\" \/>\n<meta property=\"og:locale\" content=\"pt_BR\" \/>\n<meta property=\"og:type\" content=\"article\" \/>\n<meta property=\"og:title\" content=\"Embraer (EMBR3): futuro depende dos acionistas, diz Mansueto\" \/>\n<meta property=\"og:description\" content=\"O que o secret\u00e1rio do Tesouro Nacional, Mansueto Almeida, ressaltou nesta ter\u00e7a que o governo n\u00e3o interfir\u00e1 na Embraer. Saiba mais.\" \/>\n<meta property=\"og:url\" content=\"https:\/\/www.suno.com.br\/noticias\/embraer-embr3-futuro-depende-dos-acionistas\/\" \/>\n<meta property=\"og:site_name\" content=\"Suno Not\u00edcias\" \/>\n<meta property=\"article:publisher\" content=\"https:\/\/facebook.com\/sunoresearch\" \/>\n<meta property=\"og:image\" content=\"https:\/\/files.sunoresearch.com.br\/n\/uploads\/2019\/11\/e69fc594-embraer_foto_divulgacao.jpg\" \/>\n\t<meta property=\"og:image:width\" content=\"1214\" \/>\n\t<meta property=\"og:image:height\" content=\"677\" \/>\n\t<meta property=\"og:image:type\" content=\"image\/jpeg\" \/>\n<meta name=\"author\" content=\"Jader Lazarini\" \/>\n<meta name=\"twitter:card\" content=\"summary_large_image\" \/>\n<meta name=\"twitter:creator\" content=\"@sunoresearch\" \/>\n<meta name=\"twitter:site\" content=\"@sunoresearch\" \/>\n<meta name=\"twitter:label1\" content=\"Escrito por\" \/>\n\t<meta name=\"twitter:data1\" content=\"Jader Lazarini\" \/>\n\t<meta name=\"twitter:label2\" content=\"Est. tempo de leitura\" \/>\n\t<meta name=\"twitter:data2\" content=\"3 minutos\" \/>\n<script type=\"application\/ld+json\" class=\"yoast-schema-graph\">{\"@context\":\"https:\/\/schema.org\",\"@graph\":[{\"@type\":\"NewsArticle\",\"@id\":\"https:\/\/www.suno.com.br\/noticias\/embraer-embr3-futuro-depende-dos-acionistas\/#article\",\"isPartOf\":{\"@id\":\"https:\/\/www.suno.com.br\/noticias\/embraer-embr3-futuro-depende-dos-acionistas\/\"},\"author\":{\"name\":\"Jader Lazarini\",\"@id\":\"https:\/\/www.suno.com.br\/noticias\/#\/schema\/person\/918d79de1f0281f01599b93f9ea6e23f\"},\"headline\":\"Embraer (EMBR3): futuro depende dos acionistas, n\u00e3o do governo, diz Mansueto\",\"datePublished\":\"2020-05-05T17:44:59+00:00\",\"mainEntityOfPage\":{\"@id\":\"https:\/\/www.suno.com.br\/noticias\/embraer-embr3-futuro-depende-dos-acionistas\/\"},\"wordCount\":637,\"publisher\":{\"@id\":\"https:\/\/www.suno.com.br\/noticias\/#organization\"},\"image\":{\"@id\":\"https:\/\/www.suno.com.br\/noticias\/embraer-embr3-futuro-depende-dos-acionistas\/#primaryimage\"},\"thumbnailUrl\":\"https:\/\/files.sunoresearch.com.br\/n\/uploads\/2019\/11\/e69fc594-embraer_foto_divulgacao.jpg\",\"keywords\":[\"Boeing (BOEI34)\",\"Embraer (EMBR3)\"],\"articleSection\":[\"Neg\u00f3cios\"],\"inLanguage\":\"pt-BR\"},{\"@type\":\"WebPage\",\"@id\":\"https:\/\/www.suno.com.br\/noticias\/embraer-embr3-futuro-depende-dos-acionistas\/\",\"url\":\"https:\/\/www.suno.com.br\/noticias\/embraer-embr3-futuro-depende-dos-acionistas\/\",\"name\":\"Embraer (EMBR3): futuro depende dos acionistas, diz Mansueto\",\"isPartOf\":{\"@id\":\"https:\/\/www.suno.com.br\/noticias\/#website\"},\"primaryImageOfPage\":{\"@id\":\"https:\/\/www.suno.com.br\/noticias\/embraer-embr3-futuro-depende-dos-acionistas\/#primaryimage\"},\"image\":{\"@id\":\"https:\/\/www.suno.com.br\/noticias\/embraer-embr3-futuro-depende-dos-acionistas\/#primaryimage\"},\"thumbnailUrl\":\"https:\/\/files.sunoresearch.com.br\/n\/uploads\/2019\/11\/e69fc594-embraer_foto_divulgacao.jpg\",\"datePublished\":\"2020-05-05T17:44:59+00:00\",\"description\":\"O que o secret\u00e1rio do Tesouro Nacional, Mansueto Almeida, ressaltou nesta ter\u00e7a que o governo n\u00e3o interfir\u00e1 na Embraer. Saiba mais.\",\"breadcrumb\":{\"@id\":\"https:\/\/www.suno.com.br\/noticias\/embraer-embr3-futuro-depende-dos-acionistas\/#breadcrumb\"},\"inLanguage\":\"pt-BR\",\"potentialAction\":[{\"@type\":\"ReadAction\",\"target\":[\"https:\/\/www.suno.com.br\/noticias\/embraer-embr3-futuro-depende-dos-acionistas\/\"]}]},{\"@type\":\"ImageObject\",\"inLanguage\":\"pt-BR\",\"@id\":\"https:\/\/www.suno.com.br\/noticias\/embraer-embr3-futuro-depende-dos-acionistas\/#primaryimage\",\"url\":\"https:\/\/files.sunoresearch.com.br\/n\/uploads\/2019\/11\/e69fc594-embraer_foto_divulgacao.jpg\",\"contentUrl\":\"https:\/\/files.sunoresearch.com.br\/n\/uploads\/2019\/11\/e69fc594-embraer_foto_divulgacao.jpg\",\"width\":1214,\"height\":677,\"caption\":\"A Embraer (EMBR3) apresentou, na manh\u00e3 desta ter\u00e7a-feira, um preju\u00edzo l\u00edquido de R$ 797,5 milh\u00f5es auferido no terceiro trimestre.\"},{\"@type\":\"BreadcrumbList\",\"@id\":\"https:\/\/www.suno.com.br\/noticias\/embraer-embr3-futuro-depende-dos-acionistas\/#breadcrumb\",\"itemListElement\":[{\"@type\":\"ListItem\",\"position\":1,\"name\":\"Not\u00edcias\",\"item\":\"https:\/\/www.suno.com.br\/noticias\/\"},{\"@type\":\"ListItem\",\"position\":2,\"name\":\"Neg\u00f3cios\",\"item\":\"https:\/\/www.suno.com.br\/noticias\/negocios\/\"},{\"@type\":\"ListItem\",\"position\":3,\"name\":\"Embraer (EMBR3): futuro depende dos acionistas, n\u00e3o do governo, diz Mansueto\"}]},{\"@type\":\"WebSite\",\"@id\":\"https:\/\/www.suno.com.br\/noticias\/#website\",\"url\":\"https:\/\/www.suno.com.br\/noticias\/\",\"name\":\"Suno Not\u00edcias\",\"description\":\"Seu portal de informa\u00e7\u00e3o sobre o mundo dos investimentos\",\"publisher\":{\"@id\":\"https:\/\/www.suno.com.br\/noticias\/#organization\"},\"potentialAction\":[{\"@type\":\"SearchAction\",\"target\":{\"@type\":\"EntryPoint\",\"urlTemplate\":\"https:\/\/www.suno.com.br\/noticias\/?s={search_term_string}\"},\"query-input\":{\"@type\":\"PropertyValueSpecification\",\"valueRequired\":true,\"valueName\":\"search_term_string\"}}],\"inLanguage\":\"pt-BR\"},{\"@type\":\"Organization\",\"@id\":\"https:\/\/www.suno.com.br\/noticias\/#organization\",\"name\":\"Suno Not\u00edcias\",\"url\":\"https:\/\/www.suno.com.br\/noticias\/\",\"logo\":{\"@type\":\"ImageObject\",\"inLanguage\":\"pt-BR\",\"@id\":\"https:\/\/www.suno.com.br\/noticias\/#\/schema\/logo\/image\/\",\"url\":\"https:\/\/files.sunoresearch.com.br\/n\/uploads\/2021\/09\/suno-logo.png\",\"contentUrl\":\"https:\/\/files.sunoresearch.com.br\/n\/uploads\/2021\/09\/suno-logo.png\",\"width\":180,\"height\":180,\"caption\":\"Suno Not\u00edcias\"},\"image\":{\"@id\":\"https:\/\/www.suno.com.br\/noticias\/#\/schema\/logo\/image\/\"},\"sameAs\":[\"https:\/\/facebook.com\/sunoresearch\",\"https:\/\/x.com\/sunoresearch\",\"https:\/\/www.instagram.com\/suno\",\"https:\/\/www.linkedin.com\/company\/suno-research\/\",\"https:\/\/www.youtube.com\/c\/sunoresearch\"]},{\"@type\":\"Person\",\"@id\":\"https:\/\/www.suno.com.br\/noticias\/#\/schema\/person\/918d79de1f0281f01599b93f9ea6e23f\",\"name\":\"Jader Lazarini\",\"image\":{\"@type\":\"ImageObject\",\"inLanguage\":\"pt-BR\",\"@id\":\"https:\/\/www.suno.com.br\/noticias\/#\/schema\/person\/image\/\",\"url\":\"https:\/\/secure.gravatar.com\/avatar\/3c1ad8caa51589841baeb923fcddea97?s=96&r=g\",\"contentUrl\":\"https:\/\/secure.gravatar.com\/avatar\/3c1ad8caa51589841baeb923fcddea97?s=96&r=g\",\"caption\":\"Jader Lazarini\"},\"description\":\"Jader Lazarini escreve sobre investimentos, finan\u00e7as, economia e neg\u00f3cios. \u00c9 bacharel em Rela\u00e7\u00f5es Internacionais e analista CNPI (2619).\",\"url\":\"https:\/\/www.suno.com.br\/noticias\/author\/jader-lazarini\/\"}]}<\/script>\n<!-- \/ Yoast SEO plugin. -->","yoast_head_json":{"title":"Embraer (EMBR3): futuro depende dos acionistas, diz Mansueto","description":"O que o secret\u00e1rio do Tesouro Nacional, Mansueto Almeida, ressaltou nesta ter\u00e7a que o governo n\u00e3o interfir\u00e1 na Embraer. Saiba mais.","robots":{"index":"index","follow":"follow","max-snippet":"max-snippet:-1","max-image-preview":"max-image-preview:large","max-video-preview":"max-video-preview:-1"},"canonical":"https:\/\/www.suno.com.br\/noticias\/embraer-embr3-futuro-depende-dos-acionistas\/","og_locale":"pt_BR","og_type":"article","og_title":"Embraer (EMBR3): futuro depende dos acionistas, diz Mansueto","og_description":"O que o secret\u00e1rio do Tesouro Nacional, Mansueto Almeida, ressaltou nesta ter\u00e7a que o governo n\u00e3o interfir\u00e1 na Embraer. Saiba mais.","og_url":"https:\/\/www.suno.com.br\/noticias\/embraer-embr3-futuro-depende-dos-acionistas\/","og_site_name":"Suno Not\u00edcias","article_publisher":"https:\/\/facebook.com\/sunoresearch","og_image":[{"width":1214,"height":677,"url":"https:\/\/files.sunoresearch.com.br\/n\/uploads\/2019\/11\/e69fc594-embraer_foto_divulgacao.jpg","type":"image\/jpeg"}],"author":"Jader Lazarini","twitter_card":"summary_large_image","twitter_creator":"@sunoresearch","twitter_site":"@sunoresearch","twitter_misc":{"Escrito por":"Jader Lazarini","Est. tempo de leitura":"3 minutos"},"schema":{"@context":"https:\/\/schema.org","@graph":[{"@type":"NewsArticle","@id":"https:\/\/www.suno.com.br\/noticias\/embraer-embr3-futuro-depende-dos-acionistas\/#article","isPartOf":{"@id":"https:\/\/www.suno.com.br\/noticias\/embraer-embr3-futuro-depende-dos-acionistas\/"},"author":{"name":"Jader Lazarini","@id":"https:\/\/www.suno.com.br\/noticias\/#\/schema\/person\/918d79de1f0281f01599b93f9ea6e23f"},"headline":"Embraer (EMBR3): futuro depende dos acionistas, n\u00e3o do governo, diz Mansueto","datePublished":"2020-05-05T17:44:59+00:00","mainEntityOfPage":{"@id":"https:\/\/www.suno.com.br\/noticias\/embraer-embr3-futuro-depende-dos-acionistas\/"},"wordCount":637,"publisher":{"@id":"https:\/\/www.suno.com.br\/noticias\/#organization"},"image":{"@id":"https:\/\/www.suno.com.br\/noticias\/embraer-embr3-futuro-depende-dos-acionistas\/#primaryimage"},"thumbnailUrl":"https:\/\/files.sunoresearch.com.br\/n\/uploads\/2019\/11\/e69fc594-embraer_foto_divulgacao.jpg","keywords":["Boeing (BOEI34)","Embraer (EMBR3)"],"articleSection":["Neg\u00f3cios"],"inLanguage":"pt-BR"},{"@type":"WebPage","@id":"https:\/\/www.suno.com.br\/noticias\/embraer-embr3-futuro-depende-dos-acionistas\/","url":"https:\/\/www.suno.com.br\/noticias\/embraer-embr3-futuro-depende-dos-acionistas\/","name":"Embraer (EMBR3): futuro depende dos acionistas, diz Mansueto","isPartOf":{"@id":"https:\/\/www.suno.com.br\/noticias\/#website"},"primaryImageOfPage":{"@id":"https:\/\/www.suno.com.br\/noticias\/embraer-embr3-futuro-depende-dos-acionistas\/#primaryimage"},"image":{"@id":"https:\/\/www.suno.com.br\/noticias\/embraer-embr3-futuro-depende-dos-acionistas\/#primaryimage"},"thumbnailUrl":"https:\/\/files.sunoresearch.com.br\/n\/uploads\/2019\/11\/e69fc594-embraer_foto_divulgacao.jpg","datePublished":"2020-05-05T17:44:59+00:00","description":"O que o secret\u00e1rio do Tesouro Nacional, Mansueto Almeida, ressaltou nesta ter\u00e7a que o governo n\u00e3o interfir\u00e1 na Embraer. Saiba mais.","breadcrumb":{"@id":"https:\/\/www.suno.com.br\/noticias\/embraer-embr3-futuro-depende-dos-acionistas\/#breadcrumb"},"inLanguage":"pt-BR","potentialAction":[{"@type":"ReadAction","target":["https:\/\/www.suno.com.br\/noticias\/embraer-embr3-futuro-depende-dos-acionistas\/"]}]},{"@type":"ImageObject","inLanguage":"pt-BR","@id":"https:\/\/www.suno.com.br\/noticias\/embraer-embr3-futuro-depende-dos-acionistas\/#primaryimage","url":"https:\/\/files.sunoresearch.com.br\/n\/uploads\/2019\/11\/e69fc594-embraer_foto_divulgacao.jpg","contentUrl":"https:\/\/files.sunoresearch.com.br\/n\/uploads\/2019\/11\/e69fc594-embraer_foto_divulgacao.jpg","width":1214,"height":677,"caption":"A Embraer (EMBR3) apresentou, na manh\u00e3 desta ter\u00e7a-feira, um preju\u00edzo l\u00edquido de R$ 797,5 milh\u00f5es auferido no terceiro trimestre."},{"@type":"BreadcrumbList","@id":"https:\/\/www.suno.com.br\/noticias\/embraer-embr3-futuro-depende-dos-acionistas\/#breadcrumb","itemListElement":[{"@type":"ListItem","position":1,"name":"Not\u00edcias","item":"https:\/\/www.suno.com.br\/noticias\/"},{"@type":"ListItem","position":2,"name":"Neg\u00f3cios","item":"https:\/\/www.suno.com.br\/noticias\/negocios\/"},{"@type":"ListItem","position":3,"name":"Embraer (EMBR3): futuro depende dos acionistas, n\u00e3o do governo, diz Mansueto"}]},{"@type":"WebSite","@id":"https:\/\/www.suno.com.br\/noticias\/#website","url":"https:\/\/www.suno.com.br\/noticias\/","name":"Suno Not\u00edcias","description":"Seu portal de informa\u00e7\u00e3o sobre o mundo dos investimentos","publisher":{"@id":"https:\/\/www.suno.com.br\/noticias\/#organization"},"potentialAction":[{"@type":"SearchAction","target":{"@type":"EntryPoint","urlTemplate":"https:\/\/www.suno.com.br\/noticias\/?s={search_term_string}"},"query-input":{"@type":"PropertyValueSpecification","valueRequired":true,"valueName":"search_term_string"}}],"inLanguage":"pt-BR"},{"@type":"Organization","@id":"https:\/\/www.suno.com.br\/noticias\/#organization","name":"Suno Not\u00edcias","url":"https:\/\/www.suno.com.br\/noticias\/","logo":{"@type":"ImageObject","inLanguage":"pt-BR","@id":"https:\/\/www.suno.com.br\/noticias\/#\/schema\/logo\/image\/","url":"https:\/\/files.sunoresearch.com.br\/n\/uploads\/2021\/09\/suno-logo.png","contentUrl":"https:\/\/files.sunoresearch.com.br\/n\/uploads\/2021\/09\/suno-logo.png","width":180,"height":180,"caption":"Suno Not\u00edcias"},"image":{"@id":"https:\/\/www.suno.com.br\/noticias\/#\/schema\/logo\/image\/"},"sameAs":["https:\/\/facebook.com\/sunoresearch","https:\/\/x.com\/sunoresearch","https:\/\/www.instagram.com\/suno","https:\/\/www.linkedin.com\/company\/suno-research\/","https:\/\/www.youtube.com\/c\/sunoresearch"]},{"@type":"Person","@id":"https:\/\/www.suno.com.br\/noticias\/#\/schema\/person\/918d79de1f0281f01599b93f9ea6e23f","name":"Jader Lazarini","image":{"@type":"ImageObject","inLanguage":"pt-BR","@id":"https:\/\/www.suno.com.br\/noticias\/#\/schema\/person\/image\/","url":"https:\/\/secure.gravatar.com\/avatar\/3c1ad8caa51589841baeb923fcddea97?s=96&r=g","contentUrl":"https:\/\/secure.gravatar.com\/avatar\/3c1ad8caa51589841baeb923fcddea97?s=96&r=g","caption":"Jader Lazarini"},"description":"Jader Lazarini escreve sobre investimentos, finan\u00e7as, economia e neg\u00f3cios. \u00c9 bacharel em Rela\u00e7\u00f5es Internacionais e analista CNPI (2619).","url":"https:\/\/www.suno.com.br\/noticias\/author\/jader-lazarini\/"}]}},"default_loop_html":"<div class=\"cardsPage__listCard__boxs\"><div class=\"cardsPage__listCard__boxs__img\"><a href=\"https:\/\/www.suno.com.br\/noticias\/embraer-embr3-futuro-depende-dos-acionistas\/\"><img class=\"mask\" src=\"https:\/\/www.suno.com.br\/noticias\/wp-content\/themes\/suno\/resources\/images\/spotlight\/spotlight1img\/bg-mask.png\" alt=\"Image Mask\"\/><img src=\"https:\/\/files.sunoresearch.com.br\/n\/uploads\/2019\/11\/e69fc594-embraer_foto_divulgacao-400x200.webp\" alt=\"Embraer (EMBR3): futuro depende dos acionistas, n\u00e3o do governo, diz Mansueto\"\/><\/a><span class=\"spotlightCategory\"><a href=\"https:\/\/www.suno.com.br\/noticias\/negocios\/\">Neg\u00f3cios<\/a><\/span><\/div><div class=\"cardsPage__listCard__boxs__content\"><a href=\"https:\/\/www.suno.com.br\/noticias\/embraer-embr3-futuro-depende-dos-acionistas\/\"><h2 class=\"content__title\">Embraer (EMBR3): futuro depende dos acionistas, n\u00e3o do governo, diz Mansueto<\/h2><\/a><div class=\"newsContent__article__meta\"><div class=\"newsContent__article__meta__authorBox\"><a href=\"https:\/\/www.suno.com.br\/noticias\/author\/jader-lazarini\/\" class=\"authorBox__avatar noMobi\"><img src=\"https:\/\/files.sunoresearch.com.br\/n\/uploads\/2021\/01\/178e6598-foto-perfil-2-150x150.jpg\" alt=\"Jader Lazarini\"><\/a><div class=\"authorBox__name\"><span>por\n\t\t\t<a href=\"https:\/\/www.suno.com.br\/noticias\/author\/jader-lazarini\/\"><span itemprop=\"author\">Jader Lazarini<\/span><\/a><\/span><time datetime=\"2020-05-05T14:44:59-03:00\" itemprop=\"datePublished\">05\/05\/2020 14:44<\/time><\/div><\/div><\/div><\/div><\/div>","single_layout":"posts","amp_enabled":true,"_links":{"self":[{"href":"https:\/\/www.suno.com.br\/noticias\/wp-json\/wp\/v2\/posts\/63645"}],"collection":[{"href":"https:\/\/www.suno.com.br\/noticias\/wp-json\/wp\/v2\/posts"}],"about":[{"href":"https:\/\/www.suno.com.br\/noticias\/wp-json\/wp\/v2\/types\/post"}],"author":[{"embeddable":true,"href":"https:\/\/www.suno.com.br\/noticias\/wp-json\/wp\/v2\/users\/24"}],"replies":[{"embeddable":true,"href":"https:\/\/www.suno.com.br\/noticias\/wp-json\/wp\/v2\/comments?post=63645"}],"version-history":[{"count":0,"href":"https:\/\/www.suno.com.br\/noticias\/wp-json\/wp\/v2\/posts\/63645\/revisions"}],"wp:featuredmedia":[{"embeddable":true,"href":"https:\/\/www.suno.com.br\/noticias\/wp-json\/wp\/v2\/media\/44529"}],"wp:attachment":[{"href":"https:\/\/www.suno.com.br\/noticias\/wp-json\/wp\/v2\/media?parent=63645"}],"wp:term":[{"taxonomy":"category","embeddable":true,"href":"https:\/\/www.suno.com.br\/noticias\/wp-json\/wp\/v2\/categories?post=63645"},{"taxonomy":"post_tag","embeddable":true,"href":"https:\/\/www.suno.com.br\/noticias\/wp-json\/wp\/v2\/tags?post=63645"},{"taxonomy":"suno_strategy","embeddable":true,"href":"https:\/\/www.suno.com.br\/noticias\/wp-json\/wp\/v2\/suno_strategy?post=63645"}],"curies":[{"name":"wp","href":"https:\/\/api.w.org\/{rel}","templated":true}]}}