{"id":636005,"date":"2025-12-17T21:06:00","date_gmt":"2025-12-18T00:06:00","guid":{"rendered":"https:\/\/www.suno.com.br\/noticias\/?p=636005"},"modified":"2025-12-17T21:06:41","modified_gmt":"2025-12-18T00:06:41","slug":"ifix-fechamento-171225","status":"publish","type":"post","link":"https:\/\/www.suno.com.br\/noticias\/ifix-fechamento-171225\/","title":{"rendered":"Fundo imobili\u00e1rio sobe ap\u00f3s anunciar \u201c13\u00ba\u201d em dividendos; IFIX cai ap\u00f3s 4 recordes"},"content":{"rendered":"<p>O <strong>fundo imobili\u00e1rio<\/strong> <a class=\"suno-keyword\" target=\"_blank\" data-force=\"yes\" data-priority=\"2\" href=\"https:\/\/www.suno.com.br\/fundos-imobiliarios\/rbff11\/\" rel=\"noopener\">RBFF11<\/a> foi um dos dos destaques positivos do preg\u00e3o de FIIs desta quarta-feira (17), ap\u00f3s projetar a distribui\u00e7\u00e3o de <a class=\"suno-keyword\" target=\"_blank\" data-force=\"no\" data-priority=\"1\" href=\"https:\/\/www.suno.com.br\/guias\/dividendos\/\" rel=\"noopener\">dividendos<\/a> extraordin\u00e1rios que v\u00e3o equivaler a um 13\u00ba sal\u00e1rio. O IFIX, depois de renovar a m\u00e1xima hist\u00f3rica por quatro dias seguidos, teve sua primeira queda na semana.<\/p>\t<div class=\"wrapper-featured-image\">\n\t\t<figure class=\"spotlightImg\">\n\n\t\t\t<picture>\n\t\t\t\t<source media=\"(max-width: 768px)\" srcset=\"https:\/\/files.sunoresearch.com.br\/n\/uploads\/2025\/12\/IFIX-predios-2025-06-fp-1-400x200.webp\">\n\t\t\t\t<img loading=\"lazy\" decoding=\"async\" class=\"newsContent__article__imgCapa lazyloadDisabled \" src=\"https:\/\/files.sunoresearch.com.br\/n\/uploads\/2025\/12\/IFIX-predios-2025-06-fp-1-800x450.webp\" width=\"800\" height=\"450\" alt=\"Fundo imobili\u00e1rio sobe ap\u00f3s anunciar \u201c13\u00ba\u201d em dividendos; IFIX cai ap\u00f3s 4 recordes\" fetchpriority=high \/>\n\t\t\t<\/picture>\n\n\t\t\t<figcaption class=\"wp-caption-text wp-caption-text--show\">Confira os destaques do mercado de FIIs - Foto:  Freepik<\/figcaption>\n\t\t<\/figure>\n\t<\/div>\n\n\n\n\n\n\n<p>O RBFF11 fechou o dia negociado a R$ 50,51, alta de 1,16%, maior <a class=\"suno-keyword\" target=\"_blank\" data-force=\"no\" data-priority=\"1\" href=\"https:\/\/www.suno.com.br\/artigos\/valor-de-mercado\/\" rel=\"noopener\">valor de mercado<\/a> de m\u00eas, depois de ter aprovado v\u00e1rios itens junto aos cotistas em assembleia geral extraordin\u00e1ria (AGE), entre eles a expans\u00e3o do mandato para FII multiestrat\u00e9gia e a mudan\u00e7a do ticker para RBME11.&nbsp;<\/p>\n\n\n\t<p>\n\t\t<a href=\"\" target=\"_blank\" data-element=\"shortcode-suno-banner\" title=\"Banner SUNO, clique e saiba mais\">\n\t\t\t<picture>\n\t\t\t\t<source media=\"(max-width: 500px)\" srcset=\"\">\n\t\t\t\t<img class=\"newsContent__article__imgCapa newsContent__article__imgCapa--banner\"\n\t\t\t\t\tsrc=\"\"\n\t\t\t\t\tdata-promo-id=\"494026\"\t\t\t\t\t\t\t\t\t\t\t\t\t\t\talt=\"\"\n\t\t\t\t>\n\t\t\t<\/picture>\n\t\t<\/a>\n\t<\/p>\n\n\n\n\n\n<p>Al\u00e9m disso, os investidores aprovaram a altera\u00e7\u00e3o na metodologia de c\u00e1lculo da <a class=\"suno-keyword\" target=\"_blank\" data-force=\"no\" data-priority=\"1\" href=\"https:\/\/www.suno.com.br\/artigos\/taxa-de-performance\/\" rel=\"noopener\">taxa de performance<\/a>, acompanhada da ren\u00fancia da <strong>Rio Bravo<\/strong>, gestora do FII, \u00e0 taxa at\u00e9 ent\u00e3o provisionada, estimada em cerca de R$ 4 milh\u00f5es. \u00c9 desses recursos que deve sair o pagamento extraordin\u00e1rio, calculado em R$ 0,51 por cota, o mesmo valor das \u00faltimas distribui\u00e7\u00f5es regulares, por isso a compara\u00e7\u00e3o feita pela pr\u00f3pria gestora com o 13\u00ba sal\u00e1rio.&nbsp;<\/p>\n\n\n\n<p>O an\u00fancio oficial ser\u00e1 em 30 de dezembro, \u00faltimo dia \u00fatil do ano, com pagamento junto aos dividendos regulares, o que deve acontecer em 15 de janeiro. At\u00e9 l\u00e1, a gestora deve anunciar informa\u00e7\u00f5es sobre o desmembramento de cotas, na propor\u00e7\u00e3o 1:5, medida que visa o aumento da liquidez do fundo, que passar\u00e1 ent\u00e3o a ser negociado por cerca de R$ 10.<\/p>\n\n\n\n<p>Entre as altas do dia, tamb\u00e9m se destacaram o <a class=\"suno-keyword\" target=\"_blank\" data-force=\"yes\" data-priority=\"2\" href=\"https:\/\/www.suno.com.br\/fundos-imobiliarios\/btal11\/\" rel=\"noopener\">BTAL11<\/a>, que subiu 1,79%, a R$ 81,45, no dia em que anunciou dividendos de R$ 0,95 por cota; e o <a class=\"suno-keyword\" target=\"_blank\" data-force=\"yes\" data-priority=\"2\" href=\"https:\/\/www.suno.com.br\/fundos-imobiliarios\/rbrp11\/\" rel=\"noopener\">RBRP11<\/a>, que avan\u00e7ou 1,48%, a R$ 54,30. Na ponta negativa, o <a class=\"suno-keyword\" target=\"_blank\" data-force=\"yes\" data-priority=\"2\" href=\"https:\/\/www.suno.com.br\/fundos-imobiliarios\/urpr11\/\" rel=\"noopener\">URPR11<\/a> fechou o dia com a maior queda, de 3,19%, a R$ 34,85.<\/p>\n\n\n\n<p>Entre os FIIs de maior liquidez, o <a class=\"suno-keyword\" target=\"_blank\" data-force=\"yes\" data-priority=\"2\" href=\"https:\/\/www.suno.com.br\/fundos-imobiliarios\/mxrf11\/\" rel=\"noopener\">MXRF11<\/a>, caiu 0,11%, a R$ 9,48 e o <a class=\"suno-keyword\" target=\"_blank\" data-force=\"yes\" data-priority=\"2\" href=\"https:\/\/www.suno.com.br\/fundos-imobiliarios\/cpts11\/\" rel=\"noopener\">CPTS11<\/a> recuou 0,13%, a R$ 7,52, no dia em que distribuiu dividendos, de R$ 0,09 por cota. O <a class=\"suno-keyword\" target=\"_blank\" data-force=\"yes\" data-priority=\"2\" href=\"https:\/\/www.suno.com.br\/fundos-imobiliarios\/vgir11\/\" rel=\"noopener\">VGIR11<\/a>, que tamb\u00e9m pagou dividendos, de R$ 0,13 por cota, subiu 0,52%, a R$ 9,58.<\/p>\n\n\n\n<h2 class=\"wp-block-heading\">Fundo imobili\u00e1rio RBFF11 sobe; IFIX recua 0,12%<\/h2>\n\n\n\n<p>O <strong>IFIX <\/strong>teve a sua primeira queda da semana, depois de quatro recordes consecutivos, e fechou o dia em 3.686,97 pontos, recuo de 0,12% em rela\u00e7\u00e3o ao resultado da v\u00e9spera.&nbsp;<\/p>\n\n\n\t<p>\n\t\t<a href=\"https:\/\/lp.suno.com.br\/4-emissao-snel11\/\" target=\"_blank\" data-element=\"shortcode-suno-banner\" title=\"Banner SUNO, clique e saiba mais\">\n\t\t\t<picture>\n\t\t\t\t<source media=\"(max-width: 500px)\" srcset=\"https:\/\/files.sunoresearch.com.br\/n\/uploads\/2025\/07\/400x300-Mobile-Artigos-7.webp\">\n\t\t\t\t<img class=\"newsContent__article__imgCapa newsContent__article__imgCapa--banner\"\n\t\t\t\t\tsrc=\"https:\/\/files.sunoresearch.com.br\/n\/uploads\/2025\/07\/1420x240-Banner-Artigos-1-_-Banner-Materias-5.webp\"\n\t\t\t\t\tdata-promo-id=\"364417\"\t\t\t\t\t\t\t\t\t\twidth='1420' height='240'\t\t\t\t\talt=\"https:\/\/files.sunoresearch.com.br\/n\/uploads\/2025\/07\/1420x240-Banner-Artigos-1-_-Banner-Materias-5.webp\"\n\t\t\t\t>\n\t\t\t<\/picture>\n\t\t<\/a>\n\t<\/p>\n\n\n\n\n\n<p>Depois de uma alta inicial, o <strong>\u00edndice de FIIs<\/strong> ficou praticamente todo o preg\u00e3o em patamar negativo, batendo na cota\u00e7\u00e3o m\u00ednima do dia por volta das 14h. Ainda assim, \u00e9 o terceiro melhor resultado da s\u00e9rie hist\u00f3rica.<\/p>\n\n\n\n<p>Para analistas, a movimenta\u00e7\u00e3o representou mais um ajuste, ap\u00f3s uma sequ\u00eancia de dias de forte movimenta\u00e7\u00e3o, do que a revers\u00e3o da tend\u00eancia de alta que deve se manter nos pr\u00f3ximos meses, puxada pela perspectiva de queda da Selic a partir de mar\u00e7o.<\/p>\n\n\n\n<h2 class=\"wp-block-heading\">IFIX \u2014 resumo do dia 17\/12\/2025<\/h2>\n\n\n\n<ul class=\"wp-block-list\">\n<li>Fechamento: 3.686,97 pontos (-0,12%)<\/li>\n\n\n\n<li>M\u00ednima: 3.685,96 (-0,15%)<\/li>\n\n\n\n<li>M\u00e1xima: 3.694,29 (+0,07%)<\/li>\n\n\n\n<li>Acumulado da semana: +0,03%<\/li>\n\n\n\n<li>Acumulado do m\u00eas: +0,73%<\/li>\n\n\n\n<li>Acumulado do ano: +18,28%<\/li>\n<\/ul>\n\n\n\n<p>A <a class=\"suno-keyword\" target=\"_blank\" data-force=\"no\" data-priority=\"1\" href=\"https:\/\/www.suno.com.br\/artigos\/carteira-teorica\/\" rel=\"noopener\">carteira te\u00f3rica<\/a> do IFIX \u00e9 modificada a cada quatro meses pela B3, e conta com 112 FIIs. A sele\u00e7\u00e3o de um <strong>fundo imobili\u00e1rio <\/strong>leva em conta fatores como <a class=\"suno-keyword\" target=\"_blank\" data-force=\"no\" data-priority=\"1\" href=\"https:\/\/www.suno.com.br\/artigos\/valor-patrimonial\/\" rel=\"noopener\">valor patrimonial<\/a>, regularidade no pagamento de dividendos e liquidez das cotas. A atual composi\u00e7\u00e3o da carteira valer\u00e1 at\u00e9 dezembro.<\/p>\n\n\n\t<p>\n\t\t<a href=\"https:\/\/lp.suno.com.br\/minicurso-investindo-fiis\/\" target=\"_blank\" data-element=\"shortcode-suno-banner\" title=\"Banner SUNO, clique e saiba mais\">\n\t\t\t<picture>\n\t\t\t\t<source media=\"(max-width: 500px)\" srcset=\"https:\/\/files.sunoresearch.com.br\/n\/uploads\/2023\/03\/400x300-Minicurso-FIIS.png\">\n\t\t\t\t<img class=\"newsContent__article__imgCapa newsContent__article__imgCapa--banner\"\n\t\t\t\t\tsrc=\"https:\/\/files.sunoresearch.com.br\/n\/uploads\/2023\/03\/1420x240-Minicurso-FIIS.png\"\n\t\t\t\t\tdata-promo-id=\"383125\"\t\t\t\t\t\t\t\t\t\twidth='1420' height='240'\t\t\t\t\talt=\"https:\/\/files.sunoresearch.com.br\/n\/uploads\/2023\/03\/1420x240-Minicurso-FIIS.png\"\n\t\t\t\t>\n\t\t\t<\/picture>\n\t\t<\/a>\n\t<\/p>\n\n\n","protected":false},"excerpt":{"rendered":"<p>O fundo imobili\u00e1rio RBFF11 foi um dos dos destaques positivos do preg\u00e3o de FIIs desta quarta-feira (17), ap\u00f3s projetar a distribui\u00e7\u00e3o de dividendos extraordin\u00e1rios que v\u00e3o equivaler a um 13\u00ba sal\u00e1rio. O IFIX, depois de renovar a m\u00e1xima hist\u00f3rica por quatro dias seguidos, teve sua primeira queda na semana. Confira os destaques do mercado de [&hellip;]<\/p>\n","protected":false},"author":339,"featured_media":636006,"comment_status":"closed","ping_status":"closed","sticky":false,"template":"","format":"standard","meta":[],"categories":[66],"tags":[315,2689,105833],"suno_strategy":[],"class_list":["post-636005","post","type-post","status-publish","format-standard","has-post-thumbnail","hentry","category-fiis","tag-fundos-imobiliarios-fiis","tag-ifix","tag-rbff11"],"yoast_head":"<!-- This site is optimized with the Yoast SEO plugin v24.4 - https:\/\/yoast.com\/wordpress\/plugins\/seo\/ -->\n<title>Fundo imobili\u00e1rio sobe ap\u00f3s anunciar \u201c13\u00ba\u201d; IFIX cai<\/title>\n<meta name=\"description\" content=\"Fundo imobili\u00e1rio RBFF11 foi um dos dos destaques positivos desta quarta-feira (17), ap\u00f3s projetar dividendos extraordin\u00e1rios.\" \/>\n<meta name=\"robots\" content=\"index, follow, max-snippet:-1, max-image-preview:large, max-video-preview:-1\" \/>\n<link rel=\"canonical\" href=\"https:\/\/www.suno.com.br\/noticias\/ifix-fechamento-171225\/\" \/>\n<meta property=\"og:locale\" content=\"pt_BR\" \/>\n<meta property=\"og:type\" content=\"article\" \/>\n<meta property=\"og:title\" content=\"Fundo imobili\u00e1rio sobe ap\u00f3s anunciar \u201c13\u00ba\u201d; IFIX cai\" \/>\n<meta property=\"og:description\" content=\"Fundo imobili\u00e1rio RBFF11 foi um dos dos destaques positivos desta quarta-feira (17), ap\u00f3s projetar dividendos extraordin\u00e1rios.\" \/>\n<meta property=\"og:url\" content=\"https:\/\/www.suno.com.br\/noticias\/ifix-fechamento-171225\/\" \/>\n<meta property=\"og:site_name\" content=\"Suno Not\u00edcias\" \/>\n<meta property=\"article:publisher\" content=\"https:\/\/facebook.com\/sunoresearch\" \/>\n<meta property=\"og:image\" content=\"https:\/\/files.sunoresearch.com.br\/n\/uploads\/2025\/12\/IFIX-predios-2025-06-fp-1-jpg.webp\" \/>\n\t<meta property=\"og:image:width\" content=\"1500\" \/>\n\t<meta property=\"og:image:height\" content=\"1001\" \/>\n\t<meta property=\"og:image:type\" content=\"image\/jpeg\" \/>\n<meta name=\"author\" content=\"Fernando Cesarotti\" \/>\n<meta name=\"twitter:card\" content=\"summary_large_image\" \/>\n<meta name=\"twitter:creator\" content=\"@sunoresearch\" \/>\n<meta name=\"twitter:site\" content=\"@sunoresearch\" \/>\n<meta name=\"twitter:label1\" content=\"Escrito por\" \/>\n\t<meta name=\"twitter:data1\" content=\"Fernando Cesarotti\" \/>\n\t<meta name=\"twitter:label2\" content=\"Est. tempo de leitura\" \/>\n\t<meta name=\"twitter:data2\" content=\"4 minutos\" \/>\n<script type=\"application\/ld+json\" class=\"yoast-schema-graph\">{\"@context\":\"https:\/\/schema.org\",\"@graph\":[{\"@type\":\"NewsArticle\",\"@id\":\"https:\/\/www.suno.com.br\/noticias\/ifix-fechamento-171225\/#article\",\"isPartOf\":{\"@id\":\"https:\/\/www.suno.com.br\/noticias\/ifix-fechamento-171225\/\"},\"author\":{\"name\":\"Fernando Cesarotti\",\"@id\":\"https:\/\/www.suno.com.br\/noticias\/#\/schema\/person\/02171f82e02ec2306ed662847e114507\"},\"headline\":\"Fundo imobili\u00e1rio sobe ap\u00f3s anunciar \u201c13\u00ba\u201d em dividendos; IFIX cai ap\u00f3s 4 recordes\",\"datePublished\":\"2025-12-18T00:06:00+00:00\",\"dateModified\":\"2025-12-18T00:06:41+00:00\",\"mainEntityOfPage\":{\"@id\":\"https:\/\/www.suno.com.br\/noticias\/ifix-fechamento-171225\/\"},\"wordCount\":561,\"publisher\":{\"@id\":\"https:\/\/www.suno.com.br\/noticias\/#organization\"},\"image\":{\"@id\":\"https:\/\/www.suno.com.br\/noticias\/ifix-fechamento-171225\/#primaryimage\"},\"thumbnailUrl\":\"https:\/\/files.sunoresearch.com.br\/n\/uploads\/2025\/12\/IFIX-predios-2025-06-fp-1-jpg.webp\",\"keywords\":[\"Fundos Imobili\u00e1rios (FIIs)\",\"IFIX\",\"RBFF11\"],\"articleSection\":[\"FIIs\"],\"inLanguage\":\"pt-BR\"},{\"@type\":\"WebPage\",\"@id\":\"https:\/\/www.suno.com.br\/noticias\/ifix-fechamento-171225\/\",\"url\":\"https:\/\/www.suno.com.br\/noticias\/ifix-fechamento-171225\/\",\"name\":\"Fundo imobili\u00e1rio sobe ap\u00f3s anunciar \u201c13\u00ba\u201d; IFIX cai\",\"isPartOf\":{\"@id\":\"https:\/\/www.suno.com.br\/noticias\/#website\"},\"primaryImageOfPage\":{\"@id\":\"https:\/\/www.suno.com.br\/noticias\/ifix-fechamento-171225\/#primaryimage\"},\"image\":{\"@id\":\"https:\/\/www.suno.com.br\/noticias\/ifix-fechamento-171225\/#primaryimage\"},\"thumbnailUrl\":\"https:\/\/files.sunoresearch.com.br\/n\/uploads\/2025\/12\/IFIX-predios-2025-06-fp-1-jpg.webp\",\"datePublished\":\"2025-12-18T00:06:00+00:00\",\"dateModified\":\"2025-12-18T00:06:41+00:00\",\"description\":\"Fundo imobili\u00e1rio RBFF11 foi um dos dos destaques positivos desta quarta-feira (17), ap\u00f3s projetar dividendos extraordin\u00e1rios.\",\"breadcrumb\":{\"@id\":\"https:\/\/www.suno.com.br\/noticias\/ifix-fechamento-171225\/#breadcrumb\"},\"inLanguage\":\"pt-BR\",\"potentialAction\":[{\"@type\":\"ReadAction\",\"target\":[\"https:\/\/www.suno.com.br\/noticias\/ifix-fechamento-171225\/\"]}]},{\"@type\":\"ImageObject\",\"inLanguage\":\"pt-BR\",\"@id\":\"https:\/\/www.suno.com.br\/noticias\/ifix-fechamento-171225\/#primaryimage\",\"url\":\"https:\/\/files.sunoresearch.com.br\/n\/uploads\/2025\/12\/IFIX-predios-2025-06-fp-1-jpg.webp\",\"contentUrl\":\"https:\/\/files.sunoresearch.com.br\/n\/uploads\/2025\/12\/IFIX-predios-2025-06-fp-1-jpg.webp\",\"width\":1500,\"height\":1001,\"caption\":\"Confira os destaques do mercado de FIIs - Foto: Freepik\"},{\"@type\":\"BreadcrumbList\",\"@id\":\"https:\/\/www.suno.com.br\/noticias\/ifix-fechamento-171225\/#breadcrumb\",\"itemListElement\":[{\"@type\":\"ListItem\",\"position\":1,\"name\":\"Not\u00edcias\",\"item\":\"https:\/\/www.suno.com.br\/noticias\/\"},{\"@type\":\"ListItem\",\"position\":2,\"name\":\"FIIs\",\"item\":\"https:\/\/www.suno.com.br\/noticias\/fiis\/\"},{\"@type\":\"ListItem\",\"position\":3,\"name\":\"Fundo imobili\u00e1rio sobe ap\u00f3s anunciar \u201c13\u00ba\u201d em dividendos; IFIX cai ap\u00f3s 4 recordes\"}]},{\"@type\":\"WebSite\",\"@id\":\"https:\/\/www.suno.com.br\/noticias\/#website\",\"url\":\"https:\/\/www.suno.com.br\/noticias\/\",\"name\":\"Suno Not\u00edcias\",\"description\":\"Seu portal de informa\u00e7\u00e3o sobre o mundo dos investimentos\",\"publisher\":{\"@id\":\"https:\/\/www.suno.com.br\/noticias\/#organization\"},\"potentialAction\":[{\"@type\":\"SearchAction\",\"target\":{\"@type\":\"EntryPoint\",\"urlTemplate\":\"https:\/\/www.suno.com.br\/noticias\/?s={search_term_string}\"},\"query-input\":{\"@type\":\"PropertyValueSpecification\",\"valueRequired\":true,\"valueName\":\"search_term_string\"}}],\"inLanguage\":\"pt-BR\"},{\"@type\":\"Organization\",\"@id\":\"https:\/\/www.suno.com.br\/noticias\/#organization\",\"name\":\"Suno Not\u00edcias\",\"url\":\"https:\/\/www.suno.com.br\/noticias\/\",\"logo\":{\"@type\":\"ImageObject\",\"inLanguage\":\"pt-BR\",\"@id\":\"https:\/\/www.suno.com.br\/noticias\/#\/schema\/logo\/image\/\",\"url\":\"https:\/\/files.sunoresearch.com.br\/n\/uploads\/2021\/09\/suno-logo.png\",\"contentUrl\":\"https:\/\/files.sunoresearch.com.br\/n\/uploads\/2021\/09\/suno-logo.png\",\"width\":180,\"height\":180,\"caption\":\"Suno Not\u00edcias\"},\"image\":{\"@id\":\"https:\/\/www.suno.com.br\/noticias\/#\/schema\/logo\/image\/\"},\"sameAs\":[\"https:\/\/facebook.com\/sunoresearch\",\"https:\/\/x.com\/sunoresearch\",\"https:\/\/www.instagram.com\/suno\",\"https:\/\/www.linkedin.com\/company\/suno-research\/\",\"https:\/\/www.youtube.com\/c\/sunoresearch\"]},{\"@type\":\"Person\",\"@id\":\"https:\/\/www.suno.com.br\/noticias\/#\/schema\/person\/02171f82e02ec2306ed662847e114507\",\"name\":\"Fernando Cesarotti\",\"image\":{\"@type\":\"ImageObject\",\"inLanguage\":\"pt-BR\",\"@id\":\"https:\/\/www.suno.com.br\/noticias\/#\/schema\/person\/image\/\",\"url\":\"https:\/\/secure.gravatar.com\/avatar\/fc3a37e1dd6249fd3cfdc1702d00d404?s=96&r=g\",\"contentUrl\":\"https:\/\/secure.gravatar.com\/avatar\/fc3a37e1dd6249fd3cfdc1702d00d404?s=96&r=g\",\"caption\":\"Fernando Cesarotti\"},\"description\":\"Jornalista, editor do FIIs.com.br. Graduado pela Unesp, com p\u00f3s-gradua\u00e7\u00e3o em Jornalismo Liter\u00e1rio, com mais de 20 anos de experi\u00eancia em coberturas de economia, pol\u00edtica e esportes. Passagem tamb\u00e9m pelo meio acad\u00eamico, como professor universit\u00e1rio em cursos de Comunica\u00e7\u00e3o e l\u00edder de empresa j\u00fanior.\",\"url\":\"https:\/\/www.suno.com.br\/noticias\/author\/fcesarottigmail-com\/\"}]}<\/script>\n<!-- \/ Yoast SEO plugin. -->","yoast_head_json":{"title":"Fundo imobili\u00e1rio sobe ap\u00f3s anunciar \u201c13\u00ba\u201d; IFIX cai","description":"Fundo imobili\u00e1rio RBFF11 foi um dos dos destaques positivos desta quarta-feira (17), ap\u00f3s projetar dividendos extraordin\u00e1rios.","robots":{"index":"index","follow":"follow","max-snippet":"max-snippet:-1","max-image-preview":"max-image-preview:large","max-video-preview":"max-video-preview:-1"},"canonical":"https:\/\/www.suno.com.br\/noticias\/ifix-fechamento-171225\/","og_locale":"pt_BR","og_type":"article","og_title":"Fundo imobili\u00e1rio sobe ap\u00f3s anunciar \u201c13\u00ba\u201d; IFIX cai","og_description":"Fundo imobili\u00e1rio RBFF11 foi um dos dos destaques positivos desta quarta-feira (17), ap\u00f3s projetar dividendos extraordin\u00e1rios.","og_url":"https:\/\/www.suno.com.br\/noticias\/ifix-fechamento-171225\/","og_site_name":"Suno Not\u00edcias","article_publisher":"https:\/\/facebook.com\/sunoresearch","og_image":[{"width":1500,"height":1001,"url":"https:\/\/files.sunoresearch.com.br\/n\/uploads\/2025\/12\/IFIX-predios-2025-06-fp-1-jpg.webp","type":"image\/jpeg"}],"author":"Fernando Cesarotti","twitter_card":"summary_large_image","twitter_creator":"@sunoresearch","twitter_site":"@sunoresearch","twitter_misc":{"Escrito por":"Fernando Cesarotti","Est. tempo de leitura":"4 minutos"},"schema":{"@context":"https:\/\/schema.org","@graph":[{"@type":"NewsArticle","@id":"https:\/\/www.suno.com.br\/noticias\/ifix-fechamento-171225\/#article","isPartOf":{"@id":"https:\/\/www.suno.com.br\/noticias\/ifix-fechamento-171225\/"},"author":{"name":"Fernando Cesarotti","@id":"https:\/\/www.suno.com.br\/noticias\/#\/schema\/person\/02171f82e02ec2306ed662847e114507"},"headline":"Fundo imobili\u00e1rio sobe ap\u00f3s anunciar \u201c13\u00ba\u201d em dividendos; IFIX cai ap\u00f3s 4 recordes","datePublished":"2025-12-18T00:06:00+00:00","dateModified":"2025-12-18T00:06:41+00:00","mainEntityOfPage":{"@id":"https:\/\/www.suno.com.br\/noticias\/ifix-fechamento-171225\/"},"wordCount":561,"publisher":{"@id":"https:\/\/www.suno.com.br\/noticias\/#organization"},"image":{"@id":"https:\/\/www.suno.com.br\/noticias\/ifix-fechamento-171225\/#primaryimage"},"thumbnailUrl":"https:\/\/files.sunoresearch.com.br\/n\/uploads\/2025\/12\/IFIX-predios-2025-06-fp-1-jpg.webp","keywords":["Fundos Imobili\u00e1rios (FIIs)","IFIX","RBFF11"],"articleSection":["FIIs"],"inLanguage":"pt-BR"},{"@type":"WebPage","@id":"https:\/\/www.suno.com.br\/noticias\/ifix-fechamento-171225\/","url":"https:\/\/www.suno.com.br\/noticias\/ifix-fechamento-171225\/","name":"Fundo imobili\u00e1rio sobe ap\u00f3s anunciar \u201c13\u00ba\u201d; IFIX cai","isPartOf":{"@id":"https:\/\/www.suno.com.br\/noticias\/#website"},"primaryImageOfPage":{"@id":"https:\/\/www.suno.com.br\/noticias\/ifix-fechamento-171225\/#primaryimage"},"image":{"@id":"https:\/\/www.suno.com.br\/noticias\/ifix-fechamento-171225\/#primaryimage"},"thumbnailUrl":"https:\/\/files.sunoresearch.com.br\/n\/uploads\/2025\/12\/IFIX-predios-2025-06-fp-1-jpg.webp","datePublished":"2025-12-18T00:06:00+00:00","dateModified":"2025-12-18T00:06:41+00:00","description":"Fundo imobili\u00e1rio RBFF11 foi um dos dos destaques positivos desta quarta-feira (17), ap\u00f3s projetar dividendos extraordin\u00e1rios.","breadcrumb":{"@id":"https:\/\/www.suno.com.br\/noticias\/ifix-fechamento-171225\/#breadcrumb"},"inLanguage":"pt-BR","potentialAction":[{"@type":"ReadAction","target":["https:\/\/www.suno.com.br\/noticias\/ifix-fechamento-171225\/"]}]},{"@type":"ImageObject","inLanguage":"pt-BR","@id":"https:\/\/www.suno.com.br\/noticias\/ifix-fechamento-171225\/#primaryimage","url":"https:\/\/files.sunoresearch.com.br\/n\/uploads\/2025\/12\/IFIX-predios-2025-06-fp-1-jpg.webp","contentUrl":"https:\/\/files.sunoresearch.com.br\/n\/uploads\/2025\/12\/IFIX-predios-2025-06-fp-1-jpg.webp","width":1500,"height":1001,"caption":"Confira os destaques do mercado de FIIs - Foto: Freepik"},{"@type":"BreadcrumbList","@id":"https:\/\/www.suno.com.br\/noticias\/ifix-fechamento-171225\/#breadcrumb","itemListElement":[{"@type":"ListItem","position":1,"name":"Not\u00edcias","item":"https:\/\/www.suno.com.br\/noticias\/"},{"@type":"ListItem","position":2,"name":"FIIs","item":"https:\/\/www.suno.com.br\/noticias\/fiis\/"},{"@type":"ListItem","position":3,"name":"Fundo imobili\u00e1rio sobe ap\u00f3s anunciar \u201c13\u00ba\u201d em dividendos; IFIX cai ap\u00f3s 4 recordes"}]},{"@type":"WebSite","@id":"https:\/\/www.suno.com.br\/noticias\/#website","url":"https:\/\/www.suno.com.br\/noticias\/","name":"Suno Not\u00edcias","description":"Seu portal de informa\u00e7\u00e3o sobre o mundo dos investimentos","publisher":{"@id":"https:\/\/www.suno.com.br\/noticias\/#organization"},"potentialAction":[{"@type":"SearchAction","target":{"@type":"EntryPoint","urlTemplate":"https:\/\/www.suno.com.br\/noticias\/?s={search_term_string}"},"query-input":{"@type":"PropertyValueSpecification","valueRequired":true,"valueName":"search_term_string"}}],"inLanguage":"pt-BR"},{"@type":"Organization","@id":"https:\/\/www.suno.com.br\/noticias\/#organization","name":"Suno Not\u00edcias","url":"https:\/\/www.suno.com.br\/noticias\/","logo":{"@type":"ImageObject","inLanguage":"pt-BR","@id":"https:\/\/www.suno.com.br\/noticias\/#\/schema\/logo\/image\/","url":"https:\/\/files.sunoresearch.com.br\/n\/uploads\/2021\/09\/suno-logo.png","contentUrl":"https:\/\/files.sunoresearch.com.br\/n\/uploads\/2021\/09\/suno-logo.png","width":180,"height":180,"caption":"Suno Not\u00edcias"},"image":{"@id":"https:\/\/www.suno.com.br\/noticias\/#\/schema\/logo\/image\/"},"sameAs":["https:\/\/facebook.com\/sunoresearch","https:\/\/x.com\/sunoresearch","https:\/\/www.instagram.com\/suno","https:\/\/www.linkedin.com\/company\/suno-research\/","https:\/\/www.youtube.com\/c\/sunoresearch"]},{"@type":"Person","@id":"https:\/\/www.suno.com.br\/noticias\/#\/schema\/person\/02171f82e02ec2306ed662847e114507","name":"Fernando Cesarotti","image":{"@type":"ImageObject","inLanguage":"pt-BR","@id":"https:\/\/www.suno.com.br\/noticias\/#\/schema\/person\/image\/","url":"https:\/\/secure.gravatar.com\/avatar\/fc3a37e1dd6249fd3cfdc1702d00d404?s=96&r=g","contentUrl":"https:\/\/secure.gravatar.com\/avatar\/fc3a37e1dd6249fd3cfdc1702d00d404?s=96&r=g","caption":"Fernando Cesarotti"},"description":"Jornalista, editor do FIIs.com.br. Graduado pela Unesp, com p\u00f3s-gradua\u00e7\u00e3o em Jornalismo Liter\u00e1rio, com mais de 20 anos de experi\u00eancia em coberturas de economia, pol\u00edtica e esportes. Passagem tamb\u00e9m pelo meio acad\u00eamico, como professor universit\u00e1rio em cursos de Comunica\u00e7\u00e3o e l\u00edder de empresa j\u00fanior.","url":"https:\/\/www.suno.com.br\/noticias\/author\/fcesarottigmail-com\/"}]}},"default_loop_html":"<div class=\"cardsPage__listCard__boxs\"><div class=\"cardsPage__listCard__boxs__img\"><a href=\"https:\/\/www.suno.com.br\/noticias\/ifix-fechamento-171225\/\"><img class=\"mask\" src=\"https:\/\/www.suno.com.br\/noticias\/wp-content\/themes\/suno\/resources\/images\/spotlight\/spotlight1img\/bg-mask.png\" alt=\"Image Mask\"\/><img src=\"https:\/\/files.sunoresearch.com.br\/n\/uploads\/2025\/12\/IFIX-predios-2025-06-fp-1-400x200.webp\" alt=\"Fundo imobili\u00e1rio sobe ap\u00f3s anunciar \u201c13\u00ba\u201d em dividendos; IFIX cai ap\u00f3s 4 recordes\"\/><\/a><span class=\"spotlightCategory\"><a href=\"https:\/\/www.suno.com.br\/noticias\/fiis\/\">FIIs<\/a><\/span><\/div><div class=\"cardsPage__listCard__boxs__content\"><a href=\"https:\/\/www.suno.com.br\/noticias\/ifix-fechamento-171225\/\"><h2 class=\"content__title\">Fundo imobili\u00e1rio sobe ap\u00f3s anunciar \u201c13\u00ba\u201d em dividendos; IFIX cai ap\u00f3s 4 recordes<\/h2><\/a><div class=\"newsContent__article__meta\"><div class=\"newsContent__article__meta__authorBox\"><a href=\"https:\/\/www.suno.com.br\/noticias\/author\/fcesarottigmail-com\/\" class=\"authorBox__avatar noMobi\"><img src=\"https:\/\/files.sunoresearch.com.br\/n\/uploads\/2024\/02\/perfil-150x150.jpg\" alt=\"Fernando Cesarotti\"><\/a><div class=\"authorBox__name\"><span>por\n\t\t\t<a href=\"https:\/\/www.suno.com.br\/noticias\/author\/fcesarottigmail-com\/\"><span itemprop=\"author\">Fernando Cesarotti<\/span><\/a><\/span><time datetime=\"2025-12-17T21:06:00-03:00\" itemprop=\"datePublished\">17\/12\/2025 21:06<\/time><\/div><\/div><\/div><\/div><\/div>","single_layout":"posts","amp_enabled":true,"_links":{"self":[{"href":"https:\/\/www.suno.com.br\/noticias\/wp-json\/wp\/v2\/posts\/636005"}],"collection":[{"href":"https:\/\/www.suno.com.br\/noticias\/wp-json\/wp\/v2\/posts"}],"about":[{"href":"https:\/\/www.suno.com.br\/noticias\/wp-json\/wp\/v2\/types\/post"}],"author":[{"embeddable":true,"href":"https:\/\/www.suno.com.br\/noticias\/wp-json\/wp\/v2\/users\/339"}],"replies":[{"embeddable":true,"href":"https:\/\/www.suno.com.br\/noticias\/wp-json\/wp\/v2\/comments?post=636005"}],"version-history":[{"count":2,"href":"https:\/\/www.suno.com.br\/noticias\/wp-json\/wp\/v2\/posts\/636005\/revisions"}],"predecessor-version":[{"id":636008,"href":"https:\/\/www.suno.com.br\/noticias\/wp-json\/wp\/v2\/posts\/636005\/revisions\/636008"}],"wp:featuredmedia":[{"embeddable":true,"href":"https:\/\/www.suno.com.br\/noticias\/wp-json\/wp\/v2\/media\/636006"}],"wp:attachment":[{"href":"https:\/\/www.suno.com.br\/noticias\/wp-json\/wp\/v2\/media?parent=636005"}],"wp:term":[{"taxonomy":"category","embeddable":true,"href":"https:\/\/www.suno.com.br\/noticias\/wp-json\/wp\/v2\/categories?post=636005"},{"taxonomy":"post_tag","embeddable":true,"href":"https:\/\/www.suno.com.br\/noticias\/wp-json\/wp\/v2\/tags?post=636005"},{"taxonomy":"suno_strategy","embeddable":true,"href":"https:\/\/www.suno.com.br\/noticias\/wp-json\/wp\/v2\/suno_strategy?post=636005"}],"curies":[{"name":"wp","href":"https:\/\/api.w.org\/{rel}","templated":true}]}}