{"id":635863,"date":"2025-12-16T21:41:16","date_gmt":"2025-12-17T00:41:16","guid":{"rendered":"https:\/\/www.suno.com.br\/noticias\/?p=635863"},"modified":"2025-12-17T01:42:48","modified_gmt":"2025-12-17T04:42:48","slug":"ifix-fechamento-161225","status":"publish","type":"post","link":"https:\/\/www.suno.com.br\/noticias\/ifix-fechamento-161225\/","title":{"rendered":"Fundos imobili\u00e1rios oscilam, mas mercado se recupera e IFIX emenda novo recorde"},"content":{"rendered":"<p>O mercado de <strong>fundos imobili\u00e1rios<\/strong> oscilou nos dois sentidos durante o preg\u00e3o desta ter\u00e7a-feira (16), mas os ventos positivos dos \u00faltimos dias predominaram especialmente no per\u00edodo da tarde e jogaram o IFIX para a quarta m\u00e1xima hist\u00f3rica em seguida.<\/p>\t<div class=\"wrapper-featured-image\">\n\t\t<figure class=\"spotlightImg\">\n\n\t\t\t<picture>\n\t\t\t\t<source media=\"(max-width: 768px)\" srcset=\"https:\/\/files.sunoresearch.com.br\/n\/uploads\/2025\/12\/FIIs-IFIX-predios-pb-11-400x200.webp\">\n\t\t\t\t<img loading=\"lazy\" decoding=\"async\" class=\"newsContent__article__imgCapa lazyloadDisabled \" src=\"https:\/\/files.sunoresearch.com.br\/n\/uploads\/2025\/12\/FIIs-IFIX-predios-pb-11-800x450.webp\" width=\"800\" height=\"450\" alt=\"Fundos imobili\u00e1rios oscilam, mas mercado se recupera e IFIX emenda novo recorde\" fetchpriority=high \/>\n\t\t\t<\/picture>\n\n\t\t\t<figcaption class=\"wp-caption-text wp-caption-text--show\">Confira os destaques do mercado de FIIs - Foto: Pixabay<\/figcaption>\n\t\t<\/figure>\n\t<\/div>\n\n\n\n\n\n\n<p>O <a class=\"suno-keyword\" target=\"_blank\" data-force=\"yes\" data-priority=\"2\" href=\"https:\/\/www.suno.com.br\/fundos-imobiliarios\/hsml11\/\" rel=\"noopener\">HSML11<\/a>, FII de shopping centers, se destacou entre as principais altas do dia, com valoriza\u00e7\u00e3o de 1,83% e fechamento em R$ 89,67. O <a class=\"suno-keyword\" target=\"_blank\" data-force=\"yes\" data-priority=\"2\" href=\"https:\/\/www.suno.com.br\/fundos-imobiliarios\/vrta11\/\" rel=\"noopener\">VRTA11<\/a>, que atua no segmento de receb\u00edveis imobili\u00e1rios, subiu 1,45% e terminou o dia cotado a R$ 78,17.<\/p>\n\n\n\t<p>\n\t\t<a href=\"https:\/\/lp.suno.com.br\/4-emissao-snel11\/\" target=\"_blank\" data-element=\"shortcode-suno-banner\" title=\"Banner SUNO, clique e saiba mais\">\n\t\t\t<picture>\n\t\t\t\t<source media=\"(max-width: 500px)\" srcset=\"https:\/\/files.sunoresearch.com.br\/n\/uploads\/2025\/07\/400x300-Mobile-Artigos-7.webp\">\n\t\t\t\t<img class=\"newsContent__article__imgCapa newsContent__article__imgCapa--banner\"\n\t\t\t\t\tsrc=\"https:\/\/files.sunoresearch.com.br\/n\/uploads\/2025\/07\/1420x240-Banner-Artigos-1-_-Banner-Materias-5.webp\"\n\t\t\t\t\tdata-promo-id=\"364417\"\t\t\t\t\t\t\t\t\t\twidth='1420' height='240'\t\t\t\t\talt=\"https:\/\/files.sunoresearch.com.br\/n\/uploads\/2025\/07\/1420x240-Banner-Artigos-1-_-Banner-Materias-5.webp\"\n\t\t\t\t>\n\t\t\t<\/picture>\n\t\t<\/a>\n\t<\/p>\n\n\n\n\n\n<p>Na ponta negativa, o <a class=\"suno-keyword\" target=\"_blank\" data-force=\"yes\" data-priority=\"2\" href=\"https:\/\/www.suno.com.br\/fundos-imobiliarios\/btal11\/\" rel=\"noopener\">BTAL11<\/a>, que det\u00e9m im\u00f3veis de log\u00edstica para uso do agroneg\u00f3cio, registrou a maior queda do dia, de 1,79%, e fechou negociado a R$ 80,02. O <a class=\"suno-keyword\" target=\"_blank\" data-force=\"yes\" data-priority=\"2\" href=\"https:\/\/www.suno.com.br\/fundos-imobiliarios\/blmg11\/\" rel=\"noopener\">BLMG11<\/a>, que explora im\u00f3veis log\u00edsticos, recuou 1,74% e terminou o dia cotado em R$ 33,86.<\/p>\n\n\n\t<div data-element=\"shortcode-read-more\" class=\"knowMore\">\n\t\t\t\t<span class=\"knowMore__title\">Leia mais<\/span>\n\t\t\t\t<a class=\"knowMore__link\" href=\"https:\/\/www.suno.com.br\/noticias\/mxrf11-novas-cotas-b3\/\">\n\t\t\tMXRF11 cai em primeiro preg\u00e3o com oferta ampliada em 22 milh\u00f5es de novas cotas\t\t<\/a>\n\t<\/div>\n\n\n\n\n<p>O <a class=\"suno-keyword\" target=\"_blank\" data-force=\"yes\" data-priority=\"2\" href=\"https:\/\/www.suno.com.br\/fundos-imobiliarios\/mxrf11\/\" rel=\"noopener\">MXRF11<\/a>, dono da maior base de investidores do mercado brasileiro de fundos imobili\u00e1rios, caiu 0,32%, a R$ 9,48, no primeiro dia de negocia\u00e7\u00f5es de mais de 22 milh\u00f5es de cotas, convertidas ap\u00f3s o fim da 11\u00aa emiss\u00e3o. O <a class=\"suno-keyword\" target=\"_blank\" data-force=\"yes\" data-priority=\"2\" href=\"https:\/\/www.suno.com.br\/fundos-imobiliarios\/cpts11\/\" rel=\"noopener\">CPTS11<\/a> subiu 0,13%, a R$ 7,53, na v\u00e9spera de sua distribui\u00e7\u00e3o de <a class=\"suno-keyword\" target=\"_blank\" data-force=\"no\" data-priority=\"1\" href=\"https:\/\/www.suno.com.br\/guias\/dividendos\/\" rel=\"noopener\">dividendos<\/a>, de R$ 0,09 por cota. O <a class=\"suno-keyword\" target=\"_blank\" data-force=\"yes\" data-priority=\"2\" href=\"https:\/\/www.suno.com.br\/fundos-imobiliarios\/xpml11\/\" rel=\"noopener\">XPML11<\/a>, que anunciou dividendos de R$ 0,92 por cota pelo 20\u00ba m\u00eas consecutivo, caiu 0,30%, a R$ 107,13.<\/p>\n\n\n\n<h2 class=\"wp-block-heading\">Fundos imobili\u00e1rios oscilam e IFIX sobe no fim do dia<\/h2>\n\n\n\n<p>O <strong>IFIX <\/strong>emendou sua quarta m\u00e1xima hist\u00f3rica, ao fechar a sess\u00e3o em 3.691,55 pontos, alta de 0,03% em rela\u00e7\u00e3o ao resultado da v\u00e9spera. Ao contr\u00e1rio dos outros dias dessa sequ\u00eancia de recordes, por\u00e9m, o preg\u00e3o foi mais conturbado.&nbsp;<\/p>\n\n\n\n<p>Depois de subir logo na abertura, o \u00edndice de FIIs caiu e passou a maior parte da manh\u00e3 em patamar negativo. A cota\u00e7\u00e3o voltou a subir e alcan\u00e7ou a m\u00e1xima por volta das 14h30, para depois recuar, mas o IFIX se manteve acima do resultado anterior at\u00e9 o encerramento das negocia\u00e7\u00f5es, selando a oitava m\u00e1xima hist\u00f3rica desde o in\u00edcio do m\u00eas.<\/p>\n\n\n\n<h2 class=\"wp-block-heading\">IFIX \u2014 resumo do dia 16\/12\/2025<\/h2>\n\n\n\n<ul class=\"wp-block-list\">\n<li>Fechamento: 3.691,55 pontos (+0,03%)<\/li>\n\n\n\n<li>M\u00ednima: 3.688,65 (-0,04%)<\/li>\n\n\n\n<li>M\u00e1xima: 3.693,37 (+0,08%)<\/li>\n\n\n\n<li>Acumulado da semana: +0,15%<\/li>\n\n\n\n<li>Acumulado do m\u00eas: +0,85%<\/li>\n\n\n\n<li>Acumulado do ano: +18,46%<\/li>\n<\/ul>\n\n\n\n<p>A <a class=\"suno-keyword\" target=\"_blank\" data-force=\"no\" data-priority=\"1\" href=\"https:\/\/www.suno.com.br\/artigos\/carteira-teorica\/\" rel=\"noopener\">carteira te\u00f3rica<\/a> do IFIX \u00e9 modificada a cada quatro meses pela B3, e conta com 112 <strong>fundos imobili\u00e1rios<\/strong>. A sele\u00e7\u00e3o de um FII leva em conta fatores como <a class=\"suno-keyword\" target=\"_blank\" data-force=\"no\" data-priority=\"1\" href=\"https:\/\/www.suno.com.br\/artigos\/valor-patrimonial\/\" rel=\"noopener\">valor patrimonial<\/a>, regularidade no pagamento de dividendos e liquidez das cotas. A atual composi\u00e7\u00e3o da carteira valer\u00e1 at\u00e9 dezembro.<\/p>\n\n\n\t<p>\n\t\t<a href=\"\" target=\"_blank\" data-element=\"shortcode-suno-banner\" title=\"Banner SUNO, clique e saiba mais\">\n\t\t\t<picture>\n\t\t\t\t<source media=\"(max-width: 500px)\" srcset=\"\">\n\t\t\t\t<img class=\"newsContent__article__imgCapa newsContent__article__imgCapa--banner\"\n\t\t\t\t\tsrc=\"\"\n\t\t\t\t\tdata-promo-id=\"494026\"\t\t\t\t\t\t\t\t\t\t\t\t\t\t\talt=\"\"\n\t\t\t\t>\n\t\t\t<\/picture>\n\t\t<\/a>\n\t<\/p>\n\n\n","protected":false},"excerpt":{"rendered":"<p>O mercado de fundos imobili\u00e1rios oscilou nos dois sentidos durante o preg\u00e3o desta ter\u00e7a-feira (16), mas os ventos positivos dos \u00faltimos dias predominaram especialmente no per\u00edodo da tarde e jogaram o IFIX para a quarta m\u00e1xima hist\u00f3rica em seguida. Confira os destaques do mercado de FIIs &#8211; Foto: Pixabay O HSML11, FII de shopping centers, [&hellip;]<\/p>\n","protected":false},"author":339,"featured_media":635864,"comment_status":"closed","ping_status":"closed","sticky":false,"template":"","format":"standard","meta":[],"categories":[66],"tags":[315,2689],"suno_strategy":[],"class_list":["post-635863","post","type-post","status-publish","format-standard","has-post-thumbnail","hentry","category-fiis","tag-fundos-imobiliarios-fiis","tag-ifix"],"yoast_head":"<!-- This site is optimized with the Yoast SEO plugin v24.4 - https:\/\/yoast.com\/wordpress\/plugins\/seo\/ -->\n<title>Fundos imobili\u00e1rios oscilam, mas IFIX reage e emenda 4\u00ba recorde<\/title>\n<meta name=\"description\" content=\"Mercado de fundos imobili\u00e1rios oscilou nos dois sentidos nesta ter\u00e7a-feira (16), mas os ventos positivos dos \u00faltimos dias predominaram,\" \/>\n<meta name=\"robots\" content=\"index, follow, max-snippet:-1, max-image-preview:large, max-video-preview:-1\" \/>\n<link rel=\"canonical\" href=\"https:\/\/www.suno.com.br\/noticias\/ifix-fechamento-161225\/\" \/>\n<meta property=\"og:locale\" content=\"pt_BR\" \/>\n<meta property=\"og:type\" content=\"article\" \/>\n<meta property=\"og:title\" content=\"Fundos imobili\u00e1rios oscilam, mas IFIX reage e emenda 4\u00ba recorde\" \/>\n<meta property=\"og:description\" content=\"Mercado de fundos imobili\u00e1rios oscilou nos dois sentidos nesta ter\u00e7a-feira (16), mas os ventos positivos dos \u00faltimos dias predominaram,\" \/>\n<meta property=\"og:url\" content=\"https:\/\/www.suno.com.br\/noticias\/ifix-fechamento-161225\/\" \/>\n<meta property=\"og:site_name\" content=\"Suno Not\u00edcias\" \/>\n<meta property=\"article:publisher\" content=\"https:\/\/facebook.com\/sunoresearch\" \/>\n<meta property=\"og:image\" content=\"https:\/\/files.sunoresearch.com.br\/n\/uploads\/2025\/12\/FIIs-IFIX-predios-pb-11-jpg.webp\" \/>\n\t<meta property=\"og:image:width\" content=\"1280\" \/>\n\t<meta property=\"og:image:height\" content=\"853\" \/>\n\t<meta property=\"og:image:type\" content=\"image\/jpeg\" \/>\n<meta name=\"author\" content=\"Fernando Cesarotti\" \/>\n<meta name=\"twitter:card\" content=\"summary_large_image\" \/>\n<meta name=\"twitter:creator\" content=\"@sunoresearch\" \/>\n<meta name=\"twitter:site\" content=\"@sunoresearch\" \/>\n<meta name=\"twitter:label1\" content=\"Escrito por\" \/>\n\t<meta name=\"twitter:data1\" content=\"Fernando Cesarotti\" \/>\n\t<meta name=\"twitter:label2\" content=\"Est. tempo de leitura\" \/>\n\t<meta name=\"twitter:data2\" content=\"3 minutos\" \/>\n<script type=\"application\/ld+json\" class=\"yoast-schema-graph\">{\"@context\":\"https:\/\/schema.org\",\"@graph\":[{\"@type\":\"NewsArticle\",\"@id\":\"https:\/\/www.suno.com.br\/noticias\/ifix-fechamento-161225\/#article\",\"isPartOf\":{\"@id\":\"https:\/\/www.suno.com.br\/noticias\/ifix-fechamento-161225\/\"},\"author\":{\"name\":\"Fernando Cesarotti\",\"@id\":\"https:\/\/www.suno.com.br\/noticias\/#\/schema\/person\/02171f82e02ec2306ed662847e114507\"},\"headline\":\"Fundos imobili\u00e1rios oscilam, mas mercado se recupera e IFIX emenda novo recorde\",\"datePublished\":\"2025-12-17T00:41:16+00:00\",\"dateModified\":\"2025-12-17T04:42:48+00:00\",\"mainEntityOfPage\":{\"@id\":\"https:\/\/www.suno.com.br\/noticias\/ifix-fechamento-161225\/\"},\"wordCount\":420,\"publisher\":{\"@id\":\"https:\/\/www.suno.com.br\/noticias\/#organization\"},\"image\":{\"@id\":\"https:\/\/www.suno.com.br\/noticias\/ifix-fechamento-161225\/#primaryimage\"},\"thumbnailUrl\":\"https:\/\/files.sunoresearch.com.br\/n\/uploads\/2025\/12\/FIIs-IFIX-predios-pb-11-jpg.webp\",\"keywords\":[\"Fundos Imobili\u00e1rios (FIIs)\",\"IFIX\"],\"articleSection\":[\"FIIs\"],\"inLanguage\":\"pt-BR\"},{\"@type\":\"WebPage\",\"@id\":\"https:\/\/www.suno.com.br\/noticias\/ifix-fechamento-161225\/\",\"url\":\"https:\/\/www.suno.com.br\/noticias\/ifix-fechamento-161225\/\",\"name\":\"Fundos imobili\u00e1rios oscilam, mas IFIX reage e emenda 4\u00ba recorde\",\"isPartOf\":{\"@id\":\"https:\/\/www.suno.com.br\/noticias\/#website\"},\"primaryImageOfPage\":{\"@id\":\"https:\/\/www.suno.com.br\/noticias\/ifix-fechamento-161225\/#primaryimage\"},\"image\":{\"@id\":\"https:\/\/www.suno.com.br\/noticias\/ifix-fechamento-161225\/#primaryimage\"},\"thumbnailUrl\":\"https:\/\/files.sunoresearch.com.br\/n\/uploads\/2025\/12\/FIIs-IFIX-predios-pb-11-jpg.webp\",\"datePublished\":\"2025-12-17T00:41:16+00:00\",\"dateModified\":\"2025-12-17T04:42:48+00:00\",\"description\":\"Mercado de fundos imobili\u00e1rios oscilou nos dois sentidos nesta ter\u00e7a-feira (16), mas os ventos positivos dos \u00faltimos dias predominaram,\",\"breadcrumb\":{\"@id\":\"https:\/\/www.suno.com.br\/noticias\/ifix-fechamento-161225\/#breadcrumb\"},\"inLanguage\":\"pt-BR\",\"potentialAction\":[{\"@type\":\"ReadAction\",\"target\":[\"https:\/\/www.suno.com.br\/noticias\/ifix-fechamento-161225\/\"]}]},{\"@type\":\"ImageObject\",\"inLanguage\":\"pt-BR\",\"@id\":\"https:\/\/www.suno.com.br\/noticias\/ifix-fechamento-161225\/#primaryimage\",\"url\":\"https:\/\/files.sunoresearch.com.br\/n\/uploads\/2025\/12\/FIIs-IFIX-predios-pb-11-jpg.webp\",\"contentUrl\":\"https:\/\/files.sunoresearch.com.br\/n\/uploads\/2025\/12\/FIIs-IFIX-predios-pb-11-jpg.webp\",\"width\":1280,\"height\":853,\"caption\":\"Confira os destaques do mercado de FIIs - Foto: Pixabay\"},{\"@type\":\"BreadcrumbList\",\"@id\":\"https:\/\/www.suno.com.br\/noticias\/ifix-fechamento-161225\/#breadcrumb\",\"itemListElement\":[{\"@type\":\"ListItem\",\"position\":1,\"name\":\"Not\u00edcias\",\"item\":\"https:\/\/www.suno.com.br\/noticias\/\"},{\"@type\":\"ListItem\",\"position\":2,\"name\":\"FIIs\",\"item\":\"https:\/\/www.suno.com.br\/noticias\/fiis\/\"},{\"@type\":\"ListItem\",\"position\":3,\"name\":\"Fundos imobili\u00e1rios oscilam, mas mercado se recupera e IFIX emenda novo recorde\"}]},{\"@type\":\"WebSite\",\"@id\":\"https:\/\/www.suno.com.br\/noticias\/#website\",\"url\":\"https:\/\/www.suno.com.br\/noticias\/\",\"name\":\"Suno Not\u00edcias\",\"description\":\"Seu portal de informa\u00e7\u00e3o sobre o mundo dos investimentos\",\"publisher\":{\"@id\":\"https:\/\/www.suno.com.br\/noticias\/#organization\"},\"potentialAction\":[{\"@type\":\"SearchAction\",\"target\":{\"@type\":\"EntryPoint\",\"urlTemplate\":\"https:\/\/www.suno.com.br\/noticias\/?s={search_term_string}\"},\"query-input\":{\"@type\":\"PropertyValueSpecification\",\"valueRequired\":true,\"valueName\":\"search_term_string\"}}],\"inLanguage\":\"pt-BR\"},{\"@type\":\"Organization\",\"@id\":\"https:\/\/www.suno.com.br\/noticias\/#organization\",\"name\":\"Suno Not\u00edcias\",\"url\":\"https:\/\/www.suno.com.br\/noticias\/\",\"logo\":{\"@type\":\"ImageObject\",\"inLanguage\":\"pt-BR\",\"@id\":\"https:\/\/www.suno.com.br\/noticias\/#\/schema\/logo\/image\/\",\"url\":\"https:\/\/files.sunoresearch.com.br\/n\/uploads\/2021\/09\/suno-logo.png\",\"contentUrl\":\"https:\/\/files.sunoresearch.com.br\/n\/uploads\/2021\/09\/suno-logo.png\",\"width\":180,\"height\":180,\"caption\":\"Suno Not\u00edcias\"},\"image\":{\"@id\":\"https:\/\/www.suno.com.br\/noticias\/#\/schema\/logo\/image\/\"},\"sameAs\":[\"https:\/\/facebook.com\/sunoresearch\",\"https:\/\/x.com\/sunoresearch\",\"https:\/\/www.instagram.com\/suno\",\"https:\/\/www.linkedin.com\/company\/suno-research\/\",\"https:\/\/www.youtube.com\/c\/sunoresearch\"]},{\"@type\":\"Person\",\"@id\":\"https:\/\/www.suno.com.br\/noticias\/#\/schema\/person\/02171f82e02ec2306ed662847e114507\",\"name\":\"Fernando Cesarotti\",\"image\":{\"@type\":\"ImageObject\",\"inLanguage\":\"pt-BR\",\"@id\":\"https:\/\/www.suno.com.br\/noticias\/#\/schema\/person\/image\/\",\"url\":\"https:\/\/secure.gravatar.com\/avatar\/fc3a37e1dd6249fd3cfdc1702d00d404?s=96&r=g\",\"contentUrl\":\"https:\/\/secure.gravatar.com\/avatar\/fc3a37e1dd6249fd3cfdc1702d00d404?s=96&r=g\",\"caption\":\"Fernando Cesarotti\"},\"description\":\"Jornalista, editor do FIIs.com.br. Graduado pela Unesp, com p\u00f3s-gradua\u00e7\u00e3o em Jornalismo Liter\u00e1rio, com mais de 20 anos de experi\u00eancia em coberturas de economia, pol\u00edtica e esportes. Passagem tamb\u00e9m pelo meio acad\u00eamico, como professor universit\u00e1rio em cursos de Comunica\u00e7\u00e3o e l\u00edder de empresa j\u00fanior.\",\"url\":\"https:\/\/www.suno.com.br\/noticias\/author\/fcesarottigmail-com\/\"}]}<\/script>\n<!-- \/ Yoast SEO plugin. -->","yoast_head_json":{"title":"Fundos imobili\u00e1rios oscilam, mas IFIX reage e emenda 4\u00ba recorde","description":"Mercado de fundos imobili\u00e1rios oscilou nos dois sentidos nesta ter\u00e7a-feira (16), mas os ventos positivos dos \u00faltimos dias predominaram,","robots":{"index":"index","follow":"follow","max-snippet":"max-snippet:-1","max-image-preview":"max-image-preview:large","max-video-preview":"max-video-preview:-1"},"canonical":"https:\/\/www.suno.com.br\/noticias\/ifix-fechamento-161225\/","og_locale":"pt_BR","og_type":"article","og_title":"Fundos imobili\u00e1rios oscilam, mas IFIX reage e emenda 4\u00ba recorde","og_description":"Mercado de fundos imobili\u00e1rios oscilou nos dois sentidos nesta ter\u00e7a-feira (16), mas os ventos positivos dos \u00faltimos dias predominaram,","og_url":"https:\/\/www.suno.com.br\/noticias\/ifix-fechamento-161225\/","og_site_name":"Suno Not\u00edcias","article_publisher":"https:\/\/facebook.com\/sunoresearch","og_image":[{"width":1280,"height":853,"url":"https:\/\/files.sunoresearch.com.br\/n\/uploads\/2025\/12\/FIIs-IFIX-predios-pb-11-jpg.webp","type":"image\/jpeg"}],"author":"Fernando Cesarotti","twitter_card":"summary_large_image","twitter_creator":"@sunoresearch","twitter_site":"@sunoresearch","twitter_misc":{"Escrito por":"Fernando Cesarotti","Est. tempo de leitura":"3 minutos"},"schema":{"@context":"https:\/\/schema.org","@graph":[{"@type":"NewsArticle","@id":"https:\/\/www.suno.com.br\/noticias\/ifix-fechamento-161225\/#article","isPartOf":{"@id":"https:\/\/www.suno.com.br\/noticias\/ifix-fechamento-161225\/"},"author":{"name":"Fernando Cesarotti","@id":"https:\/\/www.suno.com.br\/noticias\/#\/schema\/person\/02171f82e02ec2306ed662847e114507"},"headline":"Fundos imobili\u00e1rios oscilam, mas mercado se recupera e IFIX emenda novo recorde","datePublished":"2025-12-17T00:41:16+00:00","dateModified":"2025-12-17T04:42:48+00:00","mainEntityOfPage":{"@id":"https:\/\/www.suno.com.br\/noticias\/ifix-fechamento-161225\/"},"wordCount":420,"publisher":{"@id":"https:\/\/www.suno.com.br\/noticias\/#organization"},"image":{"@id":"https:\/\/www.suno.com.br\/noticias\/ifix-fechamento-161225\/#primaryimage"},"thumbnailUrl":"https:\/\/files.sunoresearch.com.br\/n\/uploads\/2025\/12\/FIIs-IFIX-predios-pb-11-jpg.webp","keywords":["Fundos Imobili\u00e1rios (FIIs)","IFIX"],"articleSection":["FIIs"],"inLanguage":"pt-BR"},{"@type":"WebPage","@id":"https:\/\/www.suno.com.br\/noticias\/ifix-fechamento-161225\/","url":"https:\/\/www.suno.com.br\/noticias\/ifix-fechamento-161225\/","name":"Fundos imobili\u00e1rios oscilam, mas IFIX reage e emenda 4\u00ba recorde","isPartOf":{"@id":"https:\/\/www.suno.com.br\/noticias\/#website"},"primaryImageOfPage":{"@id":"https:\/\/www.suno.com.br\/noticias\/ifix-fechamento-161225\/#primaryimage"},"image":{"@id":"https:\/\/www.suno.com.br\/noticias\/ifix-fechamento-161225\/#primaryimage"},"thumbnailUrl":"https:\/\/files.sunoresearch.com.br\/n\/uploads\/2025\/12\/FIIs-IFIX-predios-pb-11-jpg.webp","datePublished":"2025-12-17T00:41:16+00:00","dateModified":"2025-12-17T04:42:48+00:00","description":"Mercado de fundos imobili\u00e1rios oscilou nos dois sentidos nesta ter\u00e7a-feira (16), mas os ventos positivos dos \u00faltimos dias predominaram,","breadcrumb":{"@id":"https:\/\/www.suno.com.br\/noticias\/ifix-fechamento-161225\/#breadcrumb"},"inLanguage":"pt-BR","potentialAction":[{"@type":"ReadAction","target":["https:\/\/www.suno.com.br\/noticias\/ifix-fechamento-161225\/"]}]},{"@type":"ImageObject","inLanguage":"pt-BR","@id":"https:\/\/www.suno.com.br\/noticias\/ifix-fechamento-161225\/#primaryimage","url":"https:\/\/files.sunoresearch.com.br\/n\/uploads\/2025\/12\/FIIs-IFIX-predios-pb-11-jpg.webp","contentUrl":"https:\/\/files.sunoresearch.com.br\/n\/uploads\/2025\/12\/FIIs-IFIX-predios-pb-11-jpg.webp","width":1280,"height":853,"caption":"Confira os destaques do mercado de FIIs - Foto: Pixabay"},{"@type":"BreadcrumbList","@id":"https:\/\/www.suno.com.br\/noticias\/ifix-fechamento-161225\/#breadcrumb","itemListElement":[{"@type":"ListItem","position":1,"name":"Not\u00edcias","item":"https:\/\/www.suno.com.br\/noticias\/"},{"@type":"ListItem","position":2,"name":"FIIs","item":"https:\/\/www.suno.com.br\/noticias\/fiis\/"},{"@type":"ListItem","position":3,"name":"Fundos imobili\u00e1rios oscilam, mas mercado se recupera e IFIX emenda novo recorde"}]},{"@type":"WebSite","@id":"https:\/\/www.suno.com.br\/noticias\/#website","url":"https:\/\/www.suno.com.br\/noticias\/","name":"Suno Not\u00edcias","description":"Seu portal de informa\u00e7\u00e3o sobre o mundo dos investimentos","publisher":{"@id":"https:\/\/www.suno.com.br\/noticias\/#organization"},"potentialAction":[{"@type":"SearchAction","target":{"@type":"EntryPoint","urlTemplate":"https:\/\/www.suno.com.br\/noticias\/?s={search_term_string}"},"query-input":{"@type":"PropertyValueSpecification","valueRequired":true,"valueName":"search_term_string"}}],"inLanguage":"pt-BR"},{"@type":"Organization","@id":"https:\/\/www.suno.com.br\/noticias\/#organization","name":"Suno Not\u00edcias","url":"https:\/\/www.suno.com.br\/noticias\/","logo":{"@type":"ImageObject","inLanguage":"pt-BR","@id":"https:\/\/www.suno.com.br\/noticias\/#\/schema\/logo\/image\/","url":"https:\/\/files.sunoresearch.com.br\/n\/uploads\/2021\/09\/suno-logo.png","contentUrl":"https:\/\/files.sunoresearch.com.br\/n\/uploads\/2021\/09\/suno-logo.png","width":180,"height":180,"caption":"Suno Not\u00edcias"},"image":{"@id":"https:\/\/www.suno.com.br\/noticias\/#\/schema\/logo\/image\/"},"sameAs":["https:\/\/facebook.com\/sunoresearch","https:\/\/x.com\/sunoresearch","https:\/\/www.instagram.com\/suno","https:\/\/www.linkedin.com\/company\/suno-research\/","https:\/\/www.youtube.com\/c\/sunoresearch"]},{"@type":"Person","@id":"https:\/\/www.suno.com.br\/noticias\/#\/schema\/person\/02171f82e02ec2306ed662847e114507","name":"Fernando Cesarotti","image":{"@type":"ImageObject","inLanguage":"pt-BR","@id":"https:\/\/www.suno.com.br\/noticias\/#\/schema\/person\/image\/","url":"https:\/\/secure.gravatar.com\/avatar\/fc3a37e1dd6249fd3cfdc1702d00d404?s=96&r=g","contentUrl":"https:\/\/secure.gravatar.com\/avatar\/fc3a37e1dd6249fd3cfdc1702d00d404?s=96&r=g","caption":"Fernando Cesarotti"},"description":"Jornalista, editor do FIIs.com.br. Graduado pela Unesp, com p\u00f3s-gradua\u00e7\u00e3o em Jornalismo Liter\u00e1rio, com mais de 20 anos de experi\u00eancia em coberturas de economia, pol\u00edtica e esportes. Passagem tamb\u00e9m pelo meio acad\u00eamico, como professor universit\u00e1rio em cursos de Comunica\u00e7\u00e3o e l\u00edder de empresa j\u00fanior.","url":"https:\/\/www.suno.com.br\/noticias\/author\/fcesarottigmail-com\/"}]}},"default_loop_html":"<div class=\"cardsPage__listCard__boxs\"><div class=\"cardsPage__listCard__boxs__img\"><a href=\"https:\/\/www.suno.com.br\/noticias\/ifix-fechamento-161225\/\"><img class=\"mask\" src=\"https:\/\/www.suno.com.br\/noticias\/wp-content\/themes\/suno\/resources\/images\/spotlight\/spotlight1img\/bg-mask.png\" alt=\"Image Mask\"\/><img src=\"https:\/\/files.sunoresearch.com.br\/n\/uploads\/2025\/12\/FIIs-IFIX-predios-pb-11-400x200.webp\" alt=\"Fundos imobili\u00e1rios oscilam, mas mercado se recupera e IFIX emenda novo recorde\"\/><\/a><span class=\"spotlightCategory\"><a href=\"https:\/\/www.suno.com.br\/noticias\/fiis\/\">FIIs<\/a><\/span><\/div><div class=\"cardsPage__listCard__boxs__content\"><a href=\"https:\/\/www.suno.com.br\/noticias\/ifix-fechamento-161225\/\"><h2 class=\"content__title\">Fundos imobili\u00e1rios oscilam, mas mercado se recupera e IFIX emenda novo recorde<\/h2><\/a><div class=\"newsContent__article__meta\"><div class=\"newsContent__article__meta__authorBox\"><a href=\"https:\/\/www.suno.com.br\/noticias\/author\/fcesarottigmail-com\/\" class=\"authorBox__avatar noMobi\"><img src=\"https:\/\/files.sunoresearch.com.br\/n\/uploads\/2024\/02\/perfil-150x150.jpg\" alt=\"Fernando Cesarotti\"><\/a><div class=\"authorBox__name\"><span>por\n\t\t\t<a href=\"https:\/\/www.suno.com.br\/noticias\/author\/fcesarottigmail-com\/\"><span itemprop=\"author\">Fernando Cesarotti<\/span><\/a><\/span><time datetime=\"2025-12-16T21:41:16-03:00\" itemprop=\"datePublished\">16\/12\/2025 21:41<\/time><\/div><\/div><\/div><\/div><\/div>","single_layout":"posts","amp_enabled":true,"_links":{"self":[{"href":"https:\/\/www.suno.com.br\/noticias\/wp-json\/wp\/v2\/posts\/635863"}],"collection":[{"href":"https:\/\/www.suno.com.br\/noticias\/wp-json\/wp\/v2\/posts"}],"about":[{"href":"https:\/\/www.suno.com.br\/noticias\/wp-json\/wp\/v2\/types\/post"}],"author":[{"embeddable":true,"href":"https:\/\/www.suno.com.br\/noticias\/wp-json\/wp\/v2\/users\/339"}],"replies":[{"embeddable":true,"href":"https:\/\/www.suno.com.br\/noticias\/wp-json\/wp\/v2\/comments?post=635863"}],"version-history":[{"count":1,"href":"https:\/\/www.suno.com.br\/noticias\/wp-json\/wp\/v2\/posts\/635863\/revisions"}],"predecessor-version":[{"id":635874,"href":"https:\/\/www.suno.com.br\/noticias\/wp-json\/wp\/v2\/posts\/635863\/revisions\/635874"}],"wp:featuredmedia":[{"embeddable":true,"href":"https:\/\/www.suno.com.br\/noticias\/wp-json\/wp\/v2\/media\/635864"}],"wp:attachment":[{"href":"https:\/\/www.suno.com.br\/noticias\/wp-json\/wp\/v2\/media?parent=635863"}],"wp:term":[{"taxonomy":"category","embeddable":true,"href":"https:\/\/www.suno.com.br\/noticias\/wp-json\/wp\/v2\/categories?post=635863"},{"taxonomy":"post_tag","embeddable":true,"href":"https:\/\/www.suno.com.br\/noticias\/wp-json\/wp\/v2\/tags?post=635863"},{"taxonomy":"suno_strategy","embeddable":true,"href":"https:\/\/www.suno.com.br\/noticias\/wp-json\/wp\/v2\/suno_strategy?post=635863"}],"curies":[{"name":"wp","href":"https:\/\/api.w.org\/{rel}","templated":true}]}}