{"id":635464,"date":"2025-12-12T13:35:06","date_gmt":"2025-12-12T16:35:06","guid":{"rendered":"https:\/\/www.suno.com.br\/noticias\/ambipar-ambp3-acusada-drenar-caixa-recuperacao-judicial-mt\/"},"modified":"2025-12-12T13:35:06","modified_gmt":"2025-12-12T16:35:06","slug":"ambipar-ambp3-acusada-drenar-caixa-recuperacao-judicial-mt","status":"publish","type":"post","link":"https:\/\/www.suno.com.br\/noticias\/ambipar-ambp3-acusada-drenar-caixa-recuperacao-judicial-mt\/","title":{"rendered":"Ambipar (AMBP3) afunda na crise: Opportunity acusa grupo de drenar caixa em plena recupera\u00e7\u00e3o judicial"},"content":{"rendered":"<p>A turbul\u00eancia da\u00a0<strong>Ambipar<\/strong> (<strong><a class=\"suno-keyword\" data-force=\"no\" data-priority=\"2\" href=\"https:\/\/www.suno.com.br\/analitica\/acoes\/ambp3\/\" target=\"_blank\" rel=\"noopener\">AMBP3<\/a><\/strong>)\u00a0ganhou um cap\u00edtulo ainda mais tenso. A gestora Opportunity acionou a Justi\u00e7a dos Estados Unidos acusando a Ambipar de retirar recursos da subsidi\u00e1ria americana mesmo ap\u00f3s o in\u00edcio da <a class=\"suno-keyword\" data-force=\"no\" data-priority=\"2\" href=\"https:\/\/www.suno.com.br\/artigos\/recuperacao-judicial\/\" target=\"_blank\" rel=\"noopener\">recupera\u00e7\u00e3o judicial<\/a>, um movimento que amplia as d\u00favidas sobre a transpar\u00eancia e a solidez da reestrutura\u00e7\u00e3o do grupo. A disputa internacional pressiona um conglomerado que tenta reorganizar d\u00edvidas bilion\u00e1rias enquanto enfrenta resist\u00eancia crescente de credores e s\u00f3cios minorit\u00e1rios.<\/p>\t<div class=\"wrapper-featured-image\">\n\t\t<figure class=\"spotlightImg\">\n\n\t\t\t<picture>\n\t\t\t\t<source media=\"(max-width: 768px)\" srcset=\"https:\/\/files.sunoresearch.com.br\/n\/uploads\/2025\/12\/Politica_Residuos_destaque-700x271-1-400x200.webp\">\n\t\t\t\t<img loading=\"lazy\" decoding=\"async\" class=\"newsContent__article__imgCapa lazyloadDisabled \" src=\"https:\/\/files.sunoresearch.com.br\/n\/uploads\/2025\/12\/Politica_Residuos_destaque-700x271-1-jpg.webp\" width=\"800\" height=\"450\" alt=\"Ambipar (AMBP3) afunda na crise: Opportunity acusa grupo de drenar caixa em plena recupera\u00e7\u00e3o judicial\" fetchpriority=high \/>\n\t\t\t<\/picture>\n\n\t\t\t<figcaption class=\"wp-caption-text wp-caption-text--show\">Ambipar (AMBP3)<\/figcaption>\n\t\t<\/figure>\n\t<\/div>\n\n\n\n\n\n\n<p>A gestora sustenta que, pouco antes do pedido de recupera\u00e7\u00e3o judicial no Brasil, a holding esvaziou o caixa da Ambipar Emergency Response e continuou fazendo retiradas mesmo depois da abertura do Chapter 11. Para a Opportunity, o problema n\u00e3o \u00e9 falta de liquidez, mas a transfer\u00eancia cont\u00ednua de recursos da subsidi\u00e1ria para a controladora, pr\u00e1tica que teria comprometido uma opera\u00e7\u00e3o considerada lucrativa.<\/p>\n\n\n\n<h3 class=\"wp-block-heading\">Disputa nos EUA amplia d\u00favidas sobre a&nbsp;<strong>AMBP3<\/strong><\/h3>\n\n\n\n<p>O estopim da crise foi o pedido da subsidi\u00e1ria americana por um financiamento n\u00e3o reembols\u00e1vel de US$ 3 milh\u00f5es para custear o processo de Chapter 11. A Opportunity pede o bloqueio imediato da opera\u00e7\u00e3o e descreve o acordo como uma manobra capaz de prejudicar credores e validar condutas que j\u00e1 vinham sendo questionadas. A gestora destaca que a unidade possu\u00eda mais de R$ 358 milh\u00f5es em caixa consolidado no fim de 2024 e que o segmento de resposta a emerg\u00eancias mantinha performance positiva, o que torna a solicita\u00e7\u00e3o de <a class=\"suno-keyword\" target=\"_blank\" data-force=\"no\" data-priority=\"1\" href=\"https:\/\/www.suno.com.br\/artigos\/ajuda-financeira\/\" rel=\"noopener\">ajuda financeira<\/a> dif\u00edcil de justificar.<\/p>\n\n\n\n<p>A Ambipar, cujo pedido de recupera\u00e7\u00e3o judicial foi aprovado em outubro no Brasil, argumenta que a consolida\u00e7\u00e3o das 71 empresas inclu\u00eddas no processo facilita a elabora\u00e7\u00e3o do plano, preserva empregos e organiza um passivo estimado em cerca de R$ 10 bilh\u00f5es. Outras 16 companhias ficaram fora por n\u00e3o possu\u00edrem garantias cruzadas ou participa\u00e7\u00e3o direta nas d\u00edvidas.<\/p>\n\n\n\n<h3 class=\"wp-block-heading\">Minorit\u00e1rios pressionam e aumentam o isolamento da Ambipar<\/h3>\n\n\n\n<p>A ofensiva da Opportunity foi acompanhada por novas a\u00e7\u00f5es de s\u00f3cios minorit\u00e1rios de controladas lucrativas que afirmam que a holding passou a drenar o caixa das subsidi\u00e1rias por meio de transfer\u00eancias di\u00e1rias iniciadas logo ap\u00f3s o pedido de recupera\u00e7\u00e3o judicial. Para esses acionistas, v\u00e1rias delas estavam solventes e foram inclu\u00eddas no processo sem aprova\u00e7\u00e3o em assembleia, violando estatutos sociais e acordos de acionistas. Quatro controladas, entre elas Drypol Ambipar Environmental Pet Solutions e Ambipar Environment Circular, j\u00e1 contestam formalmente sua inclus\u00e3o.<\/p>\n\n\n\n<p>A empresa afirma que a consolida\u00e7\u00e3o do grupo \u00e9 essencial para viabilizar a reestrutura\u00e7\u00e3o. No entanto, entre cortes brasileiras e americanas, cresce a percep\u00e7\u00e3o de que a sobreviv\u00eancia da&nbsp;<strong>AMBP3<\/strong>&nbsp;depender\u00e1 da capacidade de reconstruir confian\u00e7a num momento em que as acusa\u00e7\u00f5es se acumulam e o mercado monitora cada movimento do grupo.<\/p>\n","protected":false},"excerpt":{"rendered":"<p>A turbul\u00eancia da\u00a0Ambipar (AMBP3)\u00a0ganhou um cap\u00edtulo ainda mais tenso. A gestora Opportunity acionou a Justi\u00e7a dos Estados Unidos acusando a Ambipar de retirar recursos da subsidi\u00e1ria americana mesmo ap\u00f3s o in\u00edcio da recupera\u00e7\u00e3o judicial, um movimento que amplia as d\u00favidas sobre a transpar\u00eancia e a solidez da reestrutura\u00e7\u00e3o do grupo. A disputa internacional pressiona um &hellip; Continued<\/p>\n","protected":false},"author":402,"featured_media":635465,"comment_status":"closed","ping_status":"closed","sticky":false,"template":"","format":"standard","meta":[],"categories":[1],"tags":[66864],"suno_strategy":[],"class_list":["post-635464","post","type-post","status-publish","format-standard","has-post-thumbnail","hentry","category-uncategorized","tag-ambipar-ambp3"],"yoast_head":"<!-- This site is optimized with the Yoast SEO plugin v24.4 - https:\/\/yoast.com\/wordpress\/plugins\/seo\/ -->\n<title>AMBP3 \u00e9 acusada de drenar caixa na recupera\u00e7\u00e3o judicial<\/title>\n<meta name=\"description\" content=\"Opportunity acusa a AMBP3 de retirar recursos de subsidi\u00e1ria nos EUA durante a recupera\u00e7\u00e3o judicial. Veja os detalhes\" \/>\n<meta name=\"robots\" content=\"index, follow, max-snippet:-1, max-image-preview:large, max-video-preview:-1\" \/>\n<link rel=\"canonical\" href=\"https:\/\/www.suno.com.br\/noticias\/ambipar-ambp3-acusada-drenar-caixa-recuperacao-judicial-mt\/\" \/>\n<meta property=\"og:locale\" content=\"pt_BR\" \/>\n<meta property=\"og:type\" content=\"article\" \/>\n<meta property=\"og:title\" content=\"AMBP3 \u00e9 acusada de drenar caixa na recupera\u00e7\u00e3o judicial\" \/>\n<meta property=\"og:description\" content=\"Opportunity acusa a AMBP3 de retirar recursos de subsidi\u00e1ria nos EUA durante a recupera\u00e7\u00e3o judicial. Veja os detalhes\" \/>\n<meta property=\"og:url\" content=\"https:\/\/www.suno.com.br\/noticias\/ambipar-ambp3-acusada-drenar-caixa-recuperacao-judicial-mt\/\" \/>\n<meta property=\"og:site_name\" content=\"Suno Not\u00edcias\" \/>\n<meta property=\"article:publisher\" content=\"https:\/\/facebook.com\/sunoresearch\" \/>\n<meta property=\"og:image\" content=\"http:\/\/files.sunoresearch.com.br\/n\/uploads\/2025\/12\/Politica_Residuos_destaque-700x271-1-jpg.webp\" \/>\n\t<meta property=\"og:image:width\" content=\"700\" \/>\n\t<meta property=\"og:image:height\" content=\"271\" \/>\n\t<meta property=\"og:image:type\" content=\"image\/jpeg\" \/>\n<meta name=\"author\" content=\"Ma\u00edra Telles\" \/>\n<meta name=\"twitter:card\" content=\"summary_large_image\" \/>\n<meta name=\"twitter:creator\" content=\"@sunoresearch\" \/>\n<meta name=\"twitter:site\" content=\"@sunoresearch\" \/>\n<meta name=\"twitter:label1\" content=\"Escrito por\" \/>\n\t<meta name=\"twitter:data1\" content=\"Ma\u00edra Telles\" \/>\n\t<meta name=\"twitter:label2\" content=\"Est. tempo de leitura\" \/>\n\t<meta name=\"twitter:data2\" content=\"2 minutos\" \/>\n<script type=\"application\/ld+json\" class=\"yoast-schema-graph\">{\"@context\":\"https:\/\/schema.org\",\"@graph\":[{\"@type\":\"NewsArticle\",\"@id\":\"https:\/\/www.suno.com.br\/noticias\/ambipar-ambp3-acusada-drenar-caixa-recuperacao-judicial-mt\/#article\",\"isPartOf\":{\"@id\":\"https:\/\/www.suno.com.br\/noticias\/ambipar-ambp3-acusada-drenar-caixa-recuperacao-judicial-mt\/\"},\"author\":{\"name\":\"Ma\u00edra Telles\",\"@id\":\"https:\/\/www.suno.com.br\/noticias\/#\/schema\/person\/0a8b51292bb96ee5f104094c0907eaef\"},\"headline\":\"Ambipar (AMBP3) afunda na crise: Opportunity acusa grupo de drenar caixa em plena recupera\u00e7\u00e3o judicial\",\"datePublished\":\"2025-12-12T16:35:06+00:00\",\"mainEntityOfPage\":{\"@id\":\"https:\/\/www.suno.com.br\/noticias\/ambipar-ambp3-acusada-drenar-caixa-recuperacao-judicial-mt\/\"},\"wordCount\":503,\"publisher\":{\"@id\":\"https:\/\/www.suno.com.br\/noticias\/#organization\"},\"image\":{\"@id\":\"https:\/\/www.suno.com.br\/noticias\/ambipar-ambp3-acusada-drenar-caixa-recuperacao-judicial-mt\/#primaryimage\"},\"thumbnailUrl\":\"https:\/\/files.sunoresearch.com.br\/n\/uploads\/2025\/12\/Politica_Residuos_destaque-700x271-1-jpg.webp\",\"keywords\":[\"Ambipar (AMBP3)\"],\"articleSection\":[\"Mercado Financeiro\"],\"inLanguage\":\"pt-BR\"},{\"@type\":\"WebPage\",\"@id\":\"https:\/\/www.suno.com.br\/noticias\/ambipar-ambp3-acusada-drenar-caixa-recuperacao-judicial-mt\/\",\"url\":\"https:\/\/www.suno.com.br\/noticias\/ambipar-ambp3-acusada-drenar-caixa-recuperacao-judicial-mt\/\",\"name\":\"AMBP3 \u00e9 acusada de drenar caixa na recupera\u00e7\u00e3o judicial\",\"isPartOf\":{\"@id\":\"https:\/\/www.suno.com.br\/noticias\/#website\"},\"primaryImageOfPage\":{\"@id\":\"https:\/\/www.suno.com.br\/noticias\/ambipar-ambp3-acusada-drenar-caixa-recuperacao-judicial-mt\/#primaryimage\"},\"image\":{\"@id\":\"https:\/\/www.suno.com.br\/noticias\/ambipar-ambp3-acusada-drenar-caixa-recuperacao-judicial-mt\/#primaryimage\"},\"thumbnailUrl\":\"https:\/\/files.sunoresearch.com.br\/n\/uploads\/2025\/12\/Politica_Residuos_destaque-700x271-1-jpg.webp\",\"datePublished\":\"2025-12-12T16:35:06+00:00\",\"description\":\"Opportunity acusa a AMBP3 de retirar recursos de subsidi\u00e1ria nos EUA durante a recupera\u00e7\u00e3o judicial. Veja os detalhes\",\"breadcrumb\":{\"@id\":\"https:\/\/www.suno.com.br\/noticias\/ambipar-ambp3-acusada-drenar-caixa-recuperacao-judicial-mt\/#breadcrumb\"},\"inLanguage\":\"pt-BR\",\"potentialAction\":[{\"@type\":\"ReadAction\",\"target\":[\"https:\/\/www.suno.com.br\/noticias\/ambipar-ambp3-acusada-drenar-caixa-recuperacao-judicial-mt\/\"]}]},{\"@type\":\"ImageObject\",\"inLanguage\":\"pt-BR\",\"@id\":\"https:\/\/www.suno.com.br\/noticias\/ambipar-ambp3-acusada-drenar-caixa-recuperacao-judicial-mt\/#primaryimage\",\"url\":\"https:\/\/files.sunoresearch.com.br\/n\/uploads\/2025\/12\/Politica_Residuos_destaque-700x271-1-jpg.webp\",\"contentUrl\":\"https:\/\/files.sunoresearch.com.br\/n\/uploads\/2025\/12\/Politica_Residuos_destaque-700x271-1-jpg.webp\",\"width\":700,\"height\":271,\"caption\":\"Ambipar (AMBP3)\"},{\"@type\":\"BreadcrumbList\",\"@id\":\"https:\/\/www.suno.com.br\/noticias\/ambipar-ambp3-acusada-drenar-caixa-recuperacao-judicial-mt\/#breadcrumb\",\"itemListElement\":[{\"@type\":\"ListItem\",\"position\":1,\"name\":\"Not\u00edcias\",\"item\":\"https:\/\/www.suno.com.br\/noticias\/\"},{\"@type\":\"ListItem\",\"position\":2,\"name\":\"Neg\u00f3cios\",\"item\":\"https:\/\/www.suno.com.br\/noticias\/negocios\/\"},{\"@type\":\"ListItem\",\"position\":3,\"name\":\"Ambipar (AMBP3) afunda na crise: Opportunity acusa grupo de drenar caixa em plena recupera\u00e7\u00e3o judicial\"}]},{\"@type\":\"WebSite\",\"@id\":\"https:\/\/www.suno.com.br\/noticias\/#website\",\"url\":\"https:\/\/www.suno.com.br\/noticias\/\",\"name\":\"Suno Not\u00edcias\",\"description\":\"Seu portal de informa\u00e7\u00e3o sobre o mundo dos investimentos\",\"publisher\":{\"@id\":\"https:\/\/www.suno.com.br\/noticias\/#organization\"},\"potentialAction\":[{\"@type\":\"SearchAction\",\"target\":{\"@type\":\"EntryPoint\",\"urlTemplate\":\"https:\/\/www.suno.com.br\/noticias\/?s={search_term_string}\"},\"query-input\":{\"@type\":\"PropertyValueSpecification\",\"valueRequired\":true,\"valueName\":\"search_term_string\"}}],\"inLanguage\":\"pt-BR\"},{\"@type\":\"Organization\",\"@id\":\"https:\/\/www.suno.com.br\/noticias\/#organization\",\"name\":\"Suno Not\u00edcias\",\"url\":\"https:\/\/www.suno.com.br\/noticias\/\",\"logo\":{\"@type\":\"ImageObject\",\"inLanguage\":\"pt-BR\",\"@id\":\"https:\/\/www.suno.com.br\/noticias\/#\/schema\/logo\/image\/\",\"url\":\"https:\/\/files.sunoresearch.com.br\/n\/uploads\/2021\/09\/suno-logo.png\",\"contentUrl\":\"https:\/\/files.sunoresearch.com.br\/n\/uploads\/2021\/09\/suno-logo.png\",\"width\":180,\"height\":180,\"caption\":\"Suno Not\u00edcias\"},\"image\":{\"@id\":\"https:\/\/www.suno.com.br\/noticias\/#\/schema\/logo\/image\/\"},\"sameAs\":[\"https:\/\/facebook.com\/sunoresearch\",\"https:\/\/x.com\/sunoresearch\",\"https:\/\/www.instagram.com\/suno\",\"https:\/\/www.linkedin.com\/company\/suno-research\/\",\"https:\/\/www.youtube.com\/c\/sunoresearch\"]},{\"@type\":\"Person\",\"@id\":\"https:\/\/www.suno.com.br\/noticias\/#\/schema\/person\/0a8b51292bb96ee5f104094c0907eaef\",\"name\":\"Ma\u00edra Telles\",\"image\":{\"@type\":\"ImageObject\",\"inLanguage\":\"pt-BR\",\"@id\":\"https:\/\/www.suno.com.br\/noticias\/#\/schema\/person\/image\/\",\"url\":\"https:\/\/secure.gravatar.com\/avatar\/8d13691eab6abc1d1050b62a4c2a6116?s=96&r=g\",\"contentUrl\":\"https:\/\/secure.gravatar.com\/avatar\/8d13691eab6abc1d1050b62a4c2a6116?s=96&r=g\",\"caption\":\"Ma\u00edra Telles\"},\"description\":\"Jornalista com passagem por reda\u00e7\u00f5es como ESPN, especializa\u00e7\u00e3o em marketing digital e em gest\u00e3o de crise. Com foco no mercado financeiro e no setor agropecu\u00e1rio, desenvolve conte\u00fados estrat\u00e9gicos e especializados para m\u00faltiplas plataformas, unindo an\u00e1lise de investimentos e neg\u00f3cios\",\"url\":\"https:\/\/www.suno.com.br\/noticias\/author\/mairaftellesgmail-com\/\"}]}<\/script>\n<!-- \/ Yoast SEO plugin. -->","yoast_head_json":{"title":"AMBP3 \u00e9 acusada de drenar caixa na recupera\u00e7\u00e3o judicial","description":"Opportunity acusa a AMBP3 de retirar recursos de subsidi\u00e1ria nos EUA durante a recupera\u00e7\u00e3o judicial. Veja os detalhes","robots":{"index":"index","follow":"follow","max-snippet":"max-snippet:-1","max-image-preview":"max-image-preview:large","max-video-preview":"max-video-preview:-1"},"canonical":"https:\/\/www.suno.com.br\/noticias\/ambipar-ambp3-acusada-drenar-caixa-recuperacao-judicial-mt\/","og_locale":"pt_BR","og_type":"article","og_title":"AMBP3 \u00e9 acusada de drenar caixa na recupera\u00e7\u00e3o judicial","og_description":"Opportunity acusa a AMBP3 de retirar recursos de subsidi\u00e1ria nos EUA durante a recupera\u00e7\u00e3o judicial. Veja os detalhes","og_url":"https:\/\/www.suno.com.br\/noticias\/ambipar-ambp3-acusada-drenar-caixa-recuperacao-judicial-mt\/","og_site_name":"Suno Not\u00edcias","article_publisher":"https:\/\/facebook.com\/sunoresearch","og_image":[{"width":700,"height":271,"url":"http:\/\/files.sunoresearch.com.br\/n\/uploads\/2025\/12\/Politica_Residuos_destaque-700x271-1-jpg.webp","type":"image\/jpeg"}],"author":"Ma\u00edra Telles","twitter_card":"summary_large_image","twitter_creator":"@sunoresearch","twitter_site":"@sunoresearch","twitter_misc":{"Escrito por":"Ma\u00edra Telles","Est. tempo de leitura":"2 minutos"},"schema":{"@context":"https:\/\/schema.org","@graph":[{"@type":"NewsArticle","@id":"https:\/\/www.suno.com.br\/noticias\/ambipar-ambp3-acusada-drenar-caixa-recuperacao-judicial-mt\/#article","isPartOf":{"@id":"https:\/\/www.suno.com.br\/noticias\/ambipar-ambp3-acusada-drenar-caixa-recuperacao-judicial-mt\/"},"author":{"name":"Ma\u00edra Telles","@id":"https:\/\/www.suno.com.br\/noticias\/#\/schema\/person\/0a8b51292bb96ee5f104094c0907eaef"},"headline":"Ambipar (AMBP3) afunda na crise: Opportunity acusa grupo de drenar caixa em plena recupera\u00e7\u00e3o judicial","datePublished":"2025-12-12T16:35:06+00:00","mainEntityOfPage":{"@id":"https:\/\/www.suno.com.br\/noticias\/ambipar-ambp3-acusada-drenar-caixa-recuperacao-judicial-mt\/"},"wordCount":503,"publisher":{"@id":"https:\/\/www.suno.com.br\/noticias\/#organization"},"image":{"@id":"https:\/\/www.suno.com.br\/noticias\/ambipar-ambp3-acusada-drenar-caixa-recuperacao-judicial-mt\/#primaryimage"},"thumbnailUrl":"https:\/\/files.sunoresearch.com.br\/n\/uploads\/2025\/12\/Politica_Residuos_destaque-700x271-1-jpg.webp","keywords":["Ambipar (AMBP3)"],"articleSection":["Mercado Financeiro"],"inLanguage":"pt-BR"},{"@type":"WebPage","@id":"https:\/\/www.suno.com.br\/noticias\/ambipar-ambp3-acusada-drenar-caixa-recuperacao-judicial-mt\/","url":"https:\/\/www.suno.com.br\/noticias\/ambipar-ambp3-acusada-drenar-caixa-recuperacao-judicial-mt\/","name":"AMBP3 \u00e9 acusada de drenar caixa na recupera\u00e7\u00e3o judicial","isPartOf":{"@id":"https:\/\/www.suno.com.br\/noticias\/#website"},"primaryImageOfPage":{"@id":"https:\/\/www.suno.com.br\/noticias\/ambipar-ambp3-acusada-drenar-caixa-recuperacao-judicial-mt\/#primaryimage"},"image":{"@id":"https:\/\/www.suno.com.br\/noticias\/ambipar-ambp3-acusada-drenar-caixa-recuperacao-judicial-mt\/#primaryimage"},"thumbnailUrl":"https:\/\/files.sunoresearch.com.br\/n\/uploads\/2025\/12\/Politica_Residuos_destaque-700x271-1-jpg.webp","datePublished":"2025-12-12T16:35:06+00:00","description":"Opportunity acusa a AMBP3 de retirar recursos de subsidi\u00e1ria nos EUA durante a recupera\u00e7\u00e3o judicial. Veja os detalhes","breadcrumb":{"@id":"https:\/\/www.suno.com.br\/noticias\/ambipar-ambp3-acusada-drenar-caixa-recuperacao-judicial-mt\/#breadcrumb"},"inLanguage":"pt-BR","potentialAction":[{"@type":"ReadAction","target":["https:\/\/www.suno.com.br\/noticias\/ambipar-ambp3-acusada-drenar-caixa-recuperacao-judicial-mt\/"]}]},{"@type":"ImageObject","inLanguage":"pt-BR","@id":"https:\/\/www.suno.com.br\/noticias\/ambipar-ambp3-acusada-drenar-caixa-recuperacao-judicial-mt\/#primaryimage","url":"https:\/\/files.sunoresearch.com.br\/n\/uploads\/2025\/12\/Politica_Residuos_destaque-700x271-1-jpg.webp","contentUrl":"https:\/\/files.sunoresearch.com.br\/n\/uploads\/2025\/12\/Politica_Residuos_destaque-700x271-1-jpg.webp","width":700,"height":271,"caption":"Ambipar (AMBP3)"},{"@type":"BreadcrumbList","@id":"https:\/\/www.suno.com.br\/noticias\/ambipar-ambp3-acusada-drenar-caixa-recuperacao-judicial-mt\/#breadcrumb","itemListElement":[{"@type":"ListItem","position":1,"name":"Not\u00edcias","item":"https:\/\/www.suno.com.br\/noticias\/"},{"@type":"ListItem","position":2,"name":"Neg\u00f3cios","item":"https:\/\/www.suno.com.br\/noticias\/negocios\/"},{"@type":"ListItem","position":3,"name":"Ambipar (AMBP3) afunda na crise: Opportunity acusa grupo de drenar caixa em plena recupera\u00e7\u00e3o judicial"}]},{"@type":"WebSite","@id":"https:\/\/www.suno.com.br\/noticias\/#website","url":"https:\/\/www.suno.com.br\/noticias\/","name":"Suno Not\u00edcias","description":"Seu portal de informa\u00e7\u00e3o sobre o mundo dos investimentos","publisher":{"@id":"https:\/\/www.suno.com.br\/noticias\/#organization"},"potentialAction":[{"@type":"SearchAction","target":{"@type":"EntryPoint","urlTemplate":"https:\/\/www.suno.com.br\/noticias\/?s={search_term_string}"},"query-input":{"@type":"PropertyValueSpecification","valueRequired":true,"valueName":"search_term_string"}}],"inLanguage":"pt-BR"},{"@type":"Organization","@id":"https:\/\/www.suno.com.br\/noticias\/#organization","name":"Suno Not\u00edcias","url":"https:\/\/www.suno.com.br\/noticias\/","logo":{"@type":"ImageObject","inLanguage":"pt-BR","@id":"https:\/\/www.suno.com.br\/noticias\/#\/schema\/logo\/image\/","url":"https:\/\/files.sunoresearch.com.br\/n\/uploads\/2021\/09\/suno-logo.png","contentUrl":"https:\/\/files.sunoresearch.com.br\/n\/uploads\/2021\/09\/suno-logo.png","width":180,"height":180,"caption":"Suno Not\u00edcias"},"image":{"@id":"https:\/\/www.suno.com.br\/noticias\/#\/schema\/logo\/image\/"},"sameAs":["https:\/\/facebook.com\/sunoresearch","https:\/\/x.com\/sunoresearch","https:\/\/www.instagram.com\/suno","https:\/\/www.linkedin.com\/company\/suno-research\/","https:\/\/www.youtube.com\/c\/sunoresearch"]},{"@type":"Person","@id":"https:\/\/www.suno.com.br\/noticias\/#\/schema\/person\/0a8b51292bb96ee5f104094c0907eaef","name":"Ma\u00edra Telles","image":{"@type":"ImageObject","inLanguage":"pt-BR","@id":"https:\/\/www.suno.com.br\/noticias\/#\/schema\/person\/image\/","url":"https:\/\/secure.gravatar.com\/avatar\/8d13691eab6abc1d1050b62a4c2a6116?s=96&r=g","contentUrl":"https:\/\/secure.gravatar.com\/avatar\/8d13691eab6abc1d1050b62a4c2a6116?s=96&r=g","caption":"Ma\u00edra Telles"},"description":"Jornalista com passagem por reda\u00e7\u00f5es como ESPN, especializa\u00e7\u00e3o em marketing digital e em gest\u00e3o de crise. Com foco no mercado financeiro e no setor agropecu\u00e1rio, desenvolve conte\u00fados estrat\u00e9gicos e especializados para m\u00faltiplas plataformas, unindo an\u00e1lise de investimentos e neg\u00f3cios","url":"https:\/\/www.suno.com.br\/noticias\/author\/mairaftellesgmail-com\/"}]}},"default_loop_html":"<div class=\"cardsPage__listCard__boxs\"><div class=\"cardsPage__listCard__boxs__img\"><a href=\"https:\/\/www.suno.com.br\/noticias\/ambipar-ambp3-acusada-drenar-caixa-recuperacao-judicial-mt\/\"><img class=\"mask\" src=\"https:\/\/www.suno.com.br\/noticias\/wp-content\/themes\/suno\/resources\/images\/spotlight\/spotlight1img\/bg-mask.png\" alt=\"Image Mask\"\/><img src=\"https:\/\/files.sunoresearch.com.br\/n\/uploads\/2025\/12\/Politica_Residuos_destaque-700x271-1-400x200.webp\" alt=\"Ambipar (AMBP3) afunda na crise: Opportunity acusa grupo de drenar caixa em plena recupera\u00e7\u00e3o judicial\"\/><\/a><span class=\"spotlightCategory\"><a href=\"https:\/\/www.suno.com.br\/noticias\/uncategorized\/\">Mercado Financeiro<\/a><\/span><\/div><div class=\"cardsPage__listCard__boxs__content\"><a href=\"https:\/\/www.suno.com.br\/noticias\/ambipar-ambp3-acusada-drenar-caixa-recuperacao-judicial-mt\/\"><h2 class=\"content__title\">Ambipar (AMBP3) afunda na crise: Opportunity acusa grupo de drenar caixa em plena recupera\u00e7\u00e3o judicial<\/h2><\/a><div class=\"newsContent__article__meta\"><div class=\"newsContent__article__meta__authorBox\"><a href=\"https:\/\/www.suno.com.br\/noticias\/author\/mairaftellesgmail-com\/\" class=\"authorBox__avatar noMobi\"><img src=\"https:\/\/secure.gravatar.com\/avatar\/8d13691eab6abc1d1050b62a4c2a6116?s=96&#038;r=g\" alt=\"Ma\u00edra Telles\"><\/a><div class=\"authorBox__name\"><span>por\n\t\t\t<a href=\"https:\/\/www.suno.com.br\/noticias\/author\/mairaftellesgmail-com\/\"><span itemprop=\"author\">Ma\u00edra Telles<\/span><\/a><\/span><time datetime=\"2025-12-12T13:35:06-03:00\" itemprop=\"datePublished\">12\/12\/2025 13:35<\/time><\/div><\/div><\/div><\/div><\/div>","single_layout":"posts","amp_enabled":true,"_links":{"self":[{"href":"https:\/\/www.suno.com.br\/noticias\/wp-json\/wp\/v2\/posts\/635464"}],"collection":[{"href":"https:\/\/www.suno.com.br\/noticias\/wp-json\/wp\/v2\/posts"}],"about":[{"href":"https:\/\/www.suno.com.br\/noticias\/wp-json\/wp\/v2\/types\/post"}],"author":[{"embeddable":true,"href":"https:\/\/www.suno.com.br\/noticias\/wp-json\/wp\/v2\/users\/402"}],"replies":[{"embeddable":true,"href":"https:\/\/www.suno.com.br\/noticias\/wp-json\/wp\/v2\/comments?post=635464"}],"version-history":[{"count":0,"href":"https:\/\/www.suno.com.br\/noticias\/wp-json\/wp\/v2\/posts\/635464\/revisions"}],"wp:featuredmedia":[{"embeddable":true,"href":"https:\/\/www.suno.com.br\/noticias\/wp-json\/wp\/v2\/media\/635465"}],"wp:attachment":[{"href":"https:\/\/www.suno.com.br\/noticias\/wp-json\/wp\/v2\/media?parent=635464"}],"wp:term":[{"taxonomy":"category","embeddable":true,"href":"https:\/\/www.suno.com.br\/noticias\/wp-json\/wp\/v2\/categories?post=635464"},{"taxonomy":"post_tag","embeddable":true,"href":"https:\/\/www.suno.com.br\/noticias\/wp-json\/wp\/v2\/tags?post=635464"},{"taxonomy":"suno_strategy","embeddable":true,"href":"https:\/\/www.suno.com.br\/noticias\/wp-json\/wp\/v2\/suno_strategy?post=635464"}],"curies":[{"name":"wp","href":"https:\/\/api.w.org\/{rel}","templated":true}]}}