{"id":635439,"date":"2025-12-12T10:25:06","date_gmt":"2025-12-12T13:25:06","guid":{"rendered":"https:\/\/www.suno.com.br\/noticias\/vivara-viva3-anuncia-ceo-diretor-de-operacoes-conheca-go\/"},"modified":"2025-12-12T10:25:06","modified_gmt":"2025-12-12T13:25:06","slug":"vivara-viva3-anuncia-ceo-diretor-de-operacoes-conheca-go","status":"publish","type":"post","link":"https:\/\/www.suno.com.br\/noticias\/vivara-viva3-anuncia-ceo-diretor-de-operacoes-conheca-go\/","title":{"rendered":"Vivara (VIVA3) anuncia novo CEO e diretor de opera\u00e7\u00f5es; conhe\u00e7a"},"content":{"rendered":"<p>A <strong><a class=\"suno-keyword\" target=\"_blank\" data-force=\"no\" data-priority=\"2\" href=\"https:\/\/www.suno.com.br\/analitica\/acoes\/VIVA3\/\" rel=\"noopener\">Vivara (VIVA3)<\/a> <\/strong>anunciou na noite de ontem (12) a sa\u00edda de Icaro Borrello da posi\u00e7\u00e3o de CEO e de Bruno Kruel Denardin da diretoria de opera\u00e7\u00f5es. Eles ser\u00e3o substitu\u00eddos por Thiago Lima Borges, que assume como diretor-presidente, e Cassiano Lemos da Cunha, escolhido para comandar as opera\u00e7\u00f5es.<\/p>\t<div class=\"wrapper-featured-image\">\n\t\t<figure class=\"spotlightImg\">\n\n\t\t\t<picture>\n\t\t\t\t<source media=\"(max-width: 768px)\" srcset=\"https:\/\/files.sunoresearch.com.br\/n\/uploads\/2025\/12\/5cb6dbec-vivara-scaled-1-400x200.webp\">\n\t\t\t\t<img loading=\"lazy\" decoding=\"async\" class=\"newsContent__article__imgCapa lazyloadDisabled \" src=\"https:\/\/files.sunoresearch.com.br\/n\/uploads\/2025\/12\/5cb6dbec-vivara-scaled-1-800x450.webp\" width=\"800\" height=\"450\" alt=\"Vivara (VIVA3) anuncia novo CEO e diretor de opera\u00e7\u00f5es; conhe\u00e7a\" fetchpriority=high \/>\n\t\t\t<\/picture>\n\n\t\t\t<figcaption class=\"wp-caption-text wp-caption-text--show\">A Vivara (VIVA3) sofreu os efeitos da pandemia do coronav\u00edrus<\/figcaption>\n\t\t<\/figure>\n\t<\/div>\n\n\n\n\n\n\n<p>As nomea\u00e7\u00f5es foram aprovadas pelo <a class=\"suno-keyword\" target=\"_blank\" data-force=\"no\" data-priority=\"1\" href=\"https:\/\/www.suno.com.br\/artigos\/conselho-administracao\/\" rel=\"noopener\">conselho de administra\u00e7\u00e3o<\/a> da <strong>Vivara<\/strong> e j\u00e1 entraram em vigor. Os novos executivos ter\u00e3o mandato at\u00e9 maio de 2027, conforme comunicado divulgado ao mercado.<\/p>\n\n\n\n<p>\u201cA decis\u00e3o anunciada hoje decorre de um movimento planejado e conduzido pelo Conselho de Administra\u00e7\u00e3o ao longo dos \u00faltimos meses\u201d, disse a empresa.<\/p>\n\n\n\n<p>O conselho avaliou o perfil profissional necess\u00e1rio para liderar a pr\u00f3xima fase de crescimento e conduziu a transi\u00e7\u00e3o com apoio de uma consultoria especializada. Segundo a empresa, o movimento est\u00e1 alinhado a prioridades como excel\u00eancia operacional, disciplina na aloca\u00e7\u00e3o de capital e refor\u00e7o das pr\u00e1ticas de governan\u00e7a corporativa.<\/p>\n\n\n\n<h2 class=\"wp-block-heading\"><strong>Quem s\u00e3o os novos executivos da Vivara (VIVA3)<\/strong><\/h2>\n\n\n\n<p>O novo CEO da Vivara, <strong>Thiago Lima Borges<\/strong>, possui mais de duas d\u00e9cadas de experi\u00eancia em posi\u00e7\u00f5es de lideran\u00e7a. Foi CFO e DRI do Grupo Smart Fit, onde tamb\u00e9m atua como conselheiro, e ocupou fun\u00e7\u00f5es estrat\u00e9gicas na Arezzo&amp;Co, incluindo o posto de vice-presidente corporativo. Ele tamb\u00e9m participou de processos de abertura de capital e liderou projetos voltados \u00e0 gera\u00e7\u00e3o de valor.<\/p>\n\n\n\n<p>J\u00e1 <strong>Cassiano Lemos da Cunha<\/strong> construiu sua trajet\u00f3ria no varejo de moda e acess\u00f3rios ao longo de mais de 20 anos. Trabalhou na Richards como diretor comercial e integrou a Arezzo&amp;Co em fun\u00e7\u00f5es ligadas \u00e0s \u00e1reas de opera\u00e7\u00f5es e planejamento, incluindo a posi\u00e7\u00e3o de COO.<\/p>\n\n\n\n<p>No mercado, a transi\u00e7\u00e3o anunciada pela <strong>Vivara (VIVA3)<\/strong> foi avaliada como positiva por analistas. Em relat\u00f3rio, a XP destacou que o hist\u00f3rico profissional dos novos executivos contribui para reduzir riscos de execu\u00e7\u00e3o e refor\u00e7a a estrat\u00e9gia de <a class=\"suno-keyword\" target=\"_blank\" data-force=\"no\" data-priority=\"1\" href=\"https:\/\/www.suno.com.br\/artigos\/longo-prazo\/\" rel=\"noopener\">longo prazo<\/a> da companhia.<\/p>\n","protected":false},"excerpt":{"rendered":"<p>A Vivara (VIVA3) anunciou na noite de ontem (12) a sa\u00edda de Icaro Borrello da posi\u00e7\u00e3o de CEO e de Bruno Kruel Denardin da diretoria de opera\u00e7\u00f5es. Eles ser\u00e3o substitu\u00eddos por Thiago Lima Borges, que assume como diretor-presidente, e Cassiano Lemos da Cunha, escolhido para comandar as opera\u00e7\u00f5es. As nomea\u00e7\u00f5es foram aprovadas pelo conselho de &hellip; Continued<\/p>\n","protected":false},"author":404,"featured_media":635440,"comment_status":"closed","ping_status":"closed","sticky":false,"template":"","format":"standard","meta":[],"categories":[64],"tags":[1431],"suno_strategy":[],"class_list":["post-635439","post","type-post","status-publish","format-standard","has-post-thumbnail","hentry","category-negocios","tag-vivara-viva3"],"yoast_head":"<!-- This site is optimized with the Yoast SEO plugin v24.4 - https:\/\/yoast.com\/wordpress\/plugins\/seo\/ -->\n<title>Vivara (VIVA3) anuncia novo CEO e diretor de opera\u00e7\u00f5es<\/title>\n<meta name=\"description\" content=\"A Vivara (VIVA3) anunciou novo CEO e novo diretor de opera\u00e7\u00f5es ap\u00f3s decis\u00e3o do conselho. Saiba quem s\u00e3o os novos executivos.\" \/>\n<meta name=\"robots\" content=\"index, follow, max-snippet:-1, max-image-preview:large, max-video-preview:-1\" \/>\n<link rel=\"canonical\" href=\"https:\/\/www.suno.com.br\/noticias\/vivara-viva3-anuncia-ceo-diretor-de-operacoes-conheca-go\/\" \/>\n<meta property=\"og:locale\" content=\"pt_BR\" \/>\n<meta property=\"og:type\" content=\"article\" \/>\n<meta property=\"og:title\" content=\"Vivara (VIVA3) anuncia novo CEO e diretor de opera\u00e7\u00f5es\" \/>\n<meta property=\"og:description\" content=\"A Vivara (VIVA3) anunciou novo CEO e novo diretor de opera\u00e7\u00f5es ap\u00f3s decis\u00e3o do conselho. Saiba quem s\u00e3o os novos executivos.\" \/>\n<meta property=\"og:url\" content=\"https:\/\/www.suno.com.br\/noticias\/vivara-viva3-anuncia-ceo-diretor-de-operacoes-conheca-go\/\" \/>\n<meta property=\"og:site_name\" content=\"Suno Not\u00edcias\" \/>\n<meta property=\"article:publisher\" content=\"https:\/\/facebook.com\/sunoresearch\" \/>\n<meta property=\"og:image\" content=\"http:\/\/files.sunoresearch.com.br\/n\/uploads\/2025\/12\/5cb6dbec-vivara-scaled-1.webp\" \/>\n\t<meta property=\"og:image:width\" content=\"2560\" \/>\n\t<meta property=\"og:image:height\" content=\"1522\" \/>\n\t<meta property=\"og:image:type\" content=\"image\/webp\" \/>\n<meta name=\"author\" content=\"Giovanna Oliveira\" \/>\n<meta name=\"twitter:card\" content=\"summary_large_image\" \/>\n<meta name=\"twitter:creator\" content=\"@sunoresearch\" \/>\n<meta name=\"twitter:site\" content=\"@sunoresearch\" \/>\n<meta name=\"twitter:label1\" content=\"Escrito por\" \/>\n\t<meta name=\"twitter:data1\" content=\"Giovanna Oliveira\" \/>\n\t<meta name=\"twitter:label2\" content=\"Est. tempo de leitura\" \/>\n\t<meta name=\"twitter:data2\" content=\"2 minutos\" \/>\n<script type=\"application\/ld+json\" class=\"yoast-schema-graph\">{\"@context\":\"https:\/\/schema.org\",\"@graph\":[{\"@type\":\"NewsArticle\",\"@id\":\"https:\/\/www.suno.com.br\/noticias\/vivara-viva3-anuncia-ceo-diretor-de-operacoes-conheca-go\/#article\",\"isPartOf\":{\"@id\":\"https:\/\/www.suno.com.br\/noticias\/vivara-viva3-anuncia-ceo-diretor-de-operacoes-conheca-go\/\"},\"author\":{\"name\":\"Giovanna Oliveira\",\"@id\":\"https:\/\/www.suno.com.br\/noticias\/#\/schema\/person\/506bb13f624e6983050ae5bf648c7a54\"},\"headline\":\"Vivara (VIVA3) anuncia novo CEO e diretor de opera\u00e7\u00f5es; conhe\u00e7a\",\"datePublished\":\"2025-12-12T13:25:06+00:00\",\"mainEntityOfPage\":{\"@id\":\"https:\/\/www.suno.com.br\/noticias\/vivara-viva3-anuncia-ceo-diretor-de-operacoes-conheca-go\/\"},\"wordCount\":355,\"publisher\":{\"@id\":\"https:\/\/www.suno.com.br\/noticias\/#organization\"},\"image\":{\"@id\":\"https:\/\/www.suno.com.br\/noticias\/vivara-viva3-anuncia-ceo-diretor-de-operacoes-conheca-go\/#primaryimage\"},\"thumbnailUrl\":\"https:\/\/files.sunoresearch.com.br\/n\/uploads\/2025\/12\/5cb6dbec-vivara-scaled-1.webp\",\"keywords\":[\"Vivara (VIVA3)\"],\"articleSection\":[\"Neg\u00f3cios\"],\"inLanguage\":\"pt-BR\"},{\"@type\":\"WebPage\",\"@id\":\"https:\/\/www.suno.com.br\/noticias\/vivara-viva3-anuncia-ceo-diretor-de-operacoes-conheca-go\/\",\"url\":\"https:\/\/www.suno.com.br\/noticias\/vivara-viva3-anuncia-ceo-diretor-de-operacoes-conheca-go\/\",\"name\":\"Vivara (VIVA3) anuncia novo CEO e diretor de opera\u00e7\u00f5es\",\"isPartOf\":{\"@id\":\"https:\/\/www.suno.com.br\/noticias\/#website\"},\"primaryImageOfPage\":{\"@id\":\"https:\/\/www.suno.com.br\/noticias\/vivara-viva3-anuncia-ceo-diretor-de-operacoes-conheca-go\/#primaryimage\"},\"image\":{\"@id\":\"https:\/\/www.suno.com.br\/noticias\/vivara-viva3-anuncia-ceo-diretor-de-operacoes-conheca-go\/#primaryimage\"},\"thumbnailUrl\":\"https:\/\/files.sunoresearch.com.br\/n\/uploads\/2025\/12\/5cb6dbec-vivara-scaled-1.webp\",\"datePublished\":\"2025-12-12T13:25:06+00:00\",\"description\":\"A Vivara (VIVA3) anunciou novo CEO e novo diretor de opera\u00e7\u00f5es ap\u00f3s decis\u00e3o do conselho. Saiba quem s\u00e3o os novos executivos.\",\"breadcrumb\":{\"@id\":\"https:\/\/www.suno.com.br\/noticias\/vivara-viva3-anuncia-ceo-diretor-de-operacoes-conheca-go\/#breadcrumb\"},\"inLanguage\":\"pt-BR\",\"potentialAction\":[{\"@type\":\"ReadAction\",\"target\":[\"https:\/\/www.suno.com.br\/noticias\/vivara-viva3-anuncia-ceo-diretor-de-operacoes-conheca-go\/\"]}]},{\"@type\":\"ImageObject\",\"inLanguage\":\"pt-BR\",\"@id\":\"https:\/\/www.suno.com.br\/noticias\/vivara-viva3-anuncia-ceo-diretor-de-operacoes-conheca-go\/#primaryimage\",\"url\":\"https:\/\/files.sunoresearch.com.br\/n\/uploads\/2025\/12\/5cb6dbec-vivara-scaled-1.webp\",\"contentUrl\":\"https:\/\/files.sunoresearch.com.br\/n\/uploads\/2025\/12\/5cb6dbec-vivara-scaled-1.webp\",\"width\":2560,\"height\":1522,\"caption\":\"A Vivara (VIVA3) sofreu os efeitos da pandemia do coronav\u00edrus\"},{\"@type\":\"BreadcrumbList\",\"@id\":\"https:\/\/www.suno.com.br\/noticias\/vivara-viva3-anuncia-ceo-diretor-de-operacoes-conheca-go\/#breadcrumb\",\"itemListElement\":[{\"@type\":\"ListItem\",\"position\":1,\"name\":\"Not\u00edcias\",\"item\":\"https:\/\/www.suno.com.br\/noticias\/\"},{\"@type\":\"ListItem\",\"position\":2,\"name\":\"Neg\u00f3cios\",\"item\":\"https:\/\/www.suno.com.br\/noticias\/negocios\/\"},{\"@type\":\"ListItem\",\"position\":3,\"name\":\"Vivara (VIVA3) anuncia novo CEO e diretor de opera\u00e7\u00f5es; conhe\u00e7a\"}]},{\"@type\":\"WebSite\",\"@id\":\"https:\/\/www.suno.com.br\/noticias\/#website\",\"url\":\"https:\/\/www.suno.com.br\/noticias\/\",\"name\":\"Suno Not\u00edcias\",\"description\":\"Seu portal de informa\u00e7\u00e3o sobre o mundo dos investimentos\",\"publisher\":{\"@id\":\"https:\/\/www.suno.com.br\/noticias\/#organization\"},\"potentialAction\":[{\"@type\":\"SearchAction\",\"target\":{\"@type\":\"EntryPoint\",\"urlTemplate\":\"https:\/\/www.suno.com.br\/noticias\/?s={search_term_string}\"},\"query-input\":{\"@type\":\"PropertyValueSpecification\",\"valueRequired\":true,\"valueName\":\"search_term_string\"}}],\"inLanguage\":\"pt-BR\"},{\"@type\":\"Organization\",\"@id\":\"https:\/\/www.suno.com.br\/noticias\/#organization\",\"name\":\"Suno Not\u00edcias\",\"url\":\"https:\/\/www.suno.com.br\/noticias\/\",\"logo\":{\"@type\":\"ImageObject\",\"inLanguage\":\"pt-BR\",\"@id\":\"https:\/\/www.suno.com.br\/noticias\/#\/schema\/logo\/image\/\",\"url\":\"https:\/\/files.sunoresearch.com.br\/n\/uploads\/2021\/09\/suno-logo.png\",\"contentUrl\":\"https:\/\/files.sunoresearch.com.br\/n\/uploads\/2021\/09\/suno-logo.png\",\"width\":180,\"height\":180,\"caption\":\"Suno Not\u00edcias\"},\"image\":{\"@id\":\"https:\/\/www.suno.com.br\/noticias\/#\/schema\/logo\/image\/\"},\"sameAs\":[\"https:\/\/facebook.com\/sunoresearch\",\"https:\/\/x.com\/sunoresearch\",\"https:\/\/www.instagram.com\/suno\",\"https:\/\/www.linkedin.com\/company\/suno-research\/\",\"https:\/\/www.youtube.com\/c\/sunoresearch\"]},{\"@type\":\"Person\",\"@id\":\"https:\/\/www.suno.com.br\/noticias\/#\/schema\/person\/506bb13f624e6983050ae5bf648c7a54\",\"name\":\"Giovanna Oliveira\",\"image\":{\"@type\":\"ImageObject\",\"inLanguage\":\"pt-BR\",\"@id\":\"https:\/\/www.suno.com.br\/noticias\/#\/schema\/person\/image\/\",\"url\":\"https:\/\/secure.gravatar.com\/avatar\/8d180e5cea232a9bb3af521589b133fa?s=96&r=g\",\"contentUrl\":\"https:\/\/secure.gravatar.com\/avatar\/8d180e5cea232a9bb3af521589b133fa?s=96&r=g\",\"caption\":\"Giovanna Oliveira\"},\"description\":\"Jornalista com mais de sete anos de experi\u00eancia na cobertura de finan\u00e7as e economia. P\u00f3s-graduada em Neg\u00f3cios e Inova\u00e7\u00e3o (ESPM-SP) e mestranda em Finan\u00e7as (UADE Business School\u2013Buenos Aires).\",\"url\":\"https:\/\/www.suno.com.br\/noticias\/author\/giovannalmd-oliveiragmail-com\/\"}]}<\/script>\n<!-- \/ Yoast SEO plugin. -->","yoast_head_json":{"title":"Vivara (VIVA3) anuncia novo CEO e diretor de opera\u00e7\u00f5es","description":"A Vivara (VIVA3) anunciou novo CEO e novo diretor de opera\u00e7\u00f5es ap\u00f3s decis\u00e3o do conselho. Saiba quem s\u00e3o os novos executivos.","robots":{"index":"index","follow":"follow","max-snippet":"max-snippet:-1","max-image-preview":"max-image-preview:large","max-video-preview":"max-video-preview:-1"},"canonical":"https:\/\/www.suno.com.br\/noticias\/vivara-viva3-anuncia-ceo-diretor-de-operacoes-conheca-go\/","og_locale":"pt_BR","og_type":"article","og_title":"Vivara (VIVA3) anuncia novo CEO e diretor de opera\u00e7\u00f5es","og_description":"A Vivara (VIVA3) anunciou novo CEO e novo diretor de opera\u00e7\u00f5es ap\u00f3s decis\u00e3o do conselho. Saiba quem s\u00e3o os novos executivos.","og_url":"https:\/\/www.suno.com.br\/noticias\/vivara-viva3-anuncia-ceo-diretor-de-operacoes-conheca-go\/","og_site_name":"Suno Not\u00edcias","article_publisher":"https:\/\/facebook.com\/sunoresearch","og_image":[{"width":2560,"height":1522,"url":"http:\/\/files.sunoresearch.com.br\/n\/uploads\/2025\/12\/5cb6dbec-vivara-scaled-1.webp","type":"image\/webp"}],"author":"Giovanna Oliveira","twitter_card":"summary_large_image","twitter_creator":"@sunoresearch","twitter_site":"@sunoresearch","twitter_misc":{"Escrito por":"Giovanna Oliveira","Est. tempo de leitura":"2 minutos"},"schema":{"@context":"https:\/\/schema.org","@graph":[{"@type":"NewsArticle","@id":"https:\/\/www.suno.com.br\/noticias\/vivara-viva3-anuncia-ceo-diretor-de-operacoes-conheca-go\/#article","isPartOf":{"@id":"https:\/\/www.suno.com.br\/noticias\/vivara-viva3-anuncia-ceo-diretor-de-operacoes-conheca-go\/"},"author":{"name":"Giovanna Oliveira","@id":"https:\/\/www.suno.com.br\/noticias\/#\/schema\/person\/506bb13f624e6983050ae5bf648c7a54"},"headline":"Vivara (VIVA3) anuncia novo CEO e diretor de opera\u00e7\u00f5es; conhe\u00e7a","datePublished":"2025-12-12T13:25:06+00:00","mainEntityOfPage":{"@id":"https:\/\/www.suno.com.br\/noticias\/vivara-viva3-anuncia-ceo-diretor-de-operacoes-conheca-go\/"},"wordCount":355,"publisher":{"@id":"https:\/\/www.suno.com.br\/noticias\/#organization"},"image":{"@id":"https:\/\/www.suno.com.br\/noticias\/vivara-viva3-anuncia-ceo-diretor-de-operacoes-conheca-go\/#primaryimage"},"thumbnailUrl":"https:\/\/files.sunoresearch.com.br\/n\/uploads\/2025\/12\/5cb6dbec-vivara-scaled-1.webp","keywords":["Vivara (VIVA3)"],"articleSection":["Neg\u00f3cios"],"inLanguage":"pt-BR"},{"@type":"WebPage","@id":"https:\/\/www.suno.com.br\/noticias\/vivara-viva3-anuncia-ceo-diretor-de-operacoes-conheca-go\/","url":"https:\/\/www.suno.com.br\/noticias\/vivara-viva3-anuncia-ceo-diretor-de-operacoes-conheca-go\/","name":"Vivara (VIVA3) anuncia novo CEO e diretor de opera\u00e7\u00f5es","isPartOf":{"@id":"https:\/\/www.suno.com.br\/noticias\/#website"},"primaryImageOfPage":{"@id":"https:\/\/www.suno.com.br\/noticias\/vivara-viva3-anuncia-ceo-diretor-de-operacoes-conheca-go\/#primaryimage"},"image":{"@id":"https:\/\/www.suno.com.br\/noticias\/vivara-viva3-anuncia-ceo-diretor-de-operacoes-conheca-go\/#primaryimage"},"thumbnailUrl":"https:\/\/files.sunoresearch.com.br\/n\/uploads\/2025\/12\/5cb6dbec-vivara-scaled-1.webp","datePublished":"2025-12-12T13:25:06+00:00","description":"A Vivara (VIVA3) anunciou novo CEO e novo diretor de opera\u00e7\u00f5es ap\u00f3s decis\u00e3o do conselho. Saiba quem s\u00e3o os novos executivos.","breadcrumb":{"@id":"https:\/\/www.suno.com.br\/noticias\/vivara-viva3-anuncia-ceo-diretor-de-operacoes-conheca-go\/#breadcrumb"},"inLanguage":"pt-BR","potentialAction":[{"@type":"ReadAction","target":["https:\/\/www.suno.com.br\/noticias\/vivara-viva3-anuncia-ceo-diretor-de-operacoes-conheca-go\/"]}]},{"@type":"ImageObject","inLanguage":"pt-BR","@id":"https:\/\/www.suno.com.br\/noticias\/vivara-viva3-anuncia-ceo-diretor-de-operacoes-conheca-go\/#primaryimage","url":"https:\/\/files.sunoresearch.com.br\/n\/uploads\/2025\/12\/5cb6dbec-vivara-scaled-1.webp","contentUrl":"https:\/\/files.sunoresearch.com.br\/n\/uploads\/2025\/12\/5cb6dbec-vivara-scaled-1.webp","width":2560,"height":1522,"caption":"A Vivara (VIVA3) sofreu os efeitos da pandemia do coronav\u00edrus"},{"@type":"BreadcrumbList","@id":"https:\/\/www.suno.com.br\/noticias\/vivara-viva3-anuncia-ceo-diretor-de-operacoes-conheca-go\/#breadcrumb","itemListElement":[{"@type":"ListItem","position":1,"name":"Not\u00edcias","item":"https:\/\/www.suno.com.br\/noticias\/"},{"@type":"ListItem","position":2,"name":"Neg\u00f3cios","item":"https:\/\/www.suno.com.br\/noticias\/negocios\/"},{"@type":"ListItem","position":3,"name":"Vivara (VIVA3) anuncia novo CEO e diretor de opera\u00e7\u00f5es; conhe\u00e7a"}]},{"@type":"WebSite","@id":"https:\/\/www.suno.com.br\/noticias\/#website","url":"https:\/\/www.suno.com.br\/noticias\/","name":"Suno Not\u00edcias","description":"Seu portal de informa\u00e7\u00e3o sobre o mundo dos investimentos","publisher":{"@id":"https:\/\/www.suno.com.br\/noticias\/#organization"},"potentialAction":[{"@type":"SearchAction","target":{"@type":"EntryPoint","urlTemplate":"https:\/\/www.suno.com.br\/noticias\/?s={search_term_string}"},"query-input":{"@type":"PropertyValueSpecification","valueRequired":true,"valueName":"search_term_string"}}],"inLanguage":"pt-BR"},{"@type":"Organization","@id":"https:\/\/www.suno.com.br\/noticias\/#organization","name":"Suno Not\u00edcias","url":"https:\/\/www.suno.com.br\/noticias\/","logo":{"@type":"ImageObject","inLanguage":"pt-BR","@id":"https:\/\/www.suno.com.br\/noticias\/#\/schema\/logo\/image\/","url":"https:\/\/files.sunoresearch.com.br\/n\/uploads\/2021\/09\/suno-logo.png","contentUrl":"https:\/\/files.sunoresearch.com.br\/n\/uploads\/2021\/09\/suno-logo.png","width":180,"height":180,"caption":"Suno Not\u00edcias"},"image":{"@id":"https:\/\/www.suno.com.br\/noticias\/#\/schema\/logo\/image\/"},"sameAs":["https:\/\/facebook.com\/sunoresearch","https:\/\/x.com\/sunoresearch","https:\/\/www.instagram.com\/suno","https:\/\/www.linkedin.com\/company\/suno-research\/","https:\/\/www.youtube.com\/c\/sunoresearch"]},{"@type":"Person","@id":"https:\/\/www.suno.com.br\/noticias\/#\/schema\/person\/506bb13f624e6983050ae5bf648c7a54","name":"Giovanna Oliveira","image":{"@type":"ImageObject","inLanguage":"pt-BR","@id":"https:\/\/www.suno.com.br\/noticias\/#\/schema\/person\/image\/","url":"https:\/\/secure.gravatar.com\/avatar\/8d180e5cea232a9bb3af521589b133fa?s=96&r=g","contentUrl":"https:\/\/secure.gravatar.com\/avatar\/8d180e5cea232a9bb3af521589b133fa?s=96&r=g","caption":"Giovanna Oliveira"},"description":"Jornalista com mais de sete anos de experi\u00eancia na cobertura de finan\u00e7as e economia. P\u00f3s-graduada em Neg\u00f3cios e Inova\u00e7\u00e3o (ESPM-SP) e mestranda em Finan\u00e7as (UADE Business School\u2013Buenos Aires).","url":"https:\/\/www.suno.com.br\/noticias\/author\/giovannalmd-oliveiragmail-com\/"}]}},"default_loop_html":"<div class=\"cardsPage__listCard__boxs\"><div class=\"cardsPage__listCard__boxs__img\"><a href=\"https:\/\/www.suno.com.br\/noticias\/vivara-viva3-anuncia-ceo-diretor-de-operacoes-conheca-go\/\"><img class=\"mask\" src=\"https:\/\/www.suno.com.br\/noticias\/wp-content\/themes\/suno\/resources\/images\/spotlight\/spotlight1img\/bg-mask.png\" alt=\"Image Mask\"\/><img src=\"https:\/\/files.sunoresearch.com.br\/n\/uploads\/2025\/12\/5cb6dbec-vivara-scaled-1-400x200.webp\" alt=\"Vivara (VIVA3) anuncia novo CEO e diretor de opera\u00e7\u00f5es; conhe\u00e7a\"\/><\/a><span class=\"spotlightCategory\"><a href=\"https:\/\/www.suno.com.br\/noticias\/negocios\/\">Neg\u00f3cios<\/a><\/span><\/div><div class=\"cardsPage__listCard__boxs__content\"><a href=\"https:\/\/www.suno.com.br\/noticias\/vivara-viva3-anuncia-ceo-diretor-de-operacoes-conheca-go\/\"><h2 class=\"content__title\">Vivara (VIVA3) anuncia novo CEO e diretor de opera\u00e7\u00f5es; conhe\u00e7a<\/h2><\/a><div class=\"newsContent__article__meta\"><div class=\"newsContent__article__meta__authorBox\"><a href=\"https:\/\/www.suno.com.br\/noticias\/author\/giovannalmd-oliveiragmail-com\/\" class=\"authorBox__avatar noMobi\"><img src=\"https:\/\/secure.gravatar.com\/avatar\/8d180e5cea232a9bb3af521589b133fa?s=96&#038;r=g\" alt=\"Giovanna Oliveira\"><\/a><div class=\"authorBox__name\"><span>por\n\t\t\t<a href=\"https:\/\/www.suno.com.br\/noticias\/author\/giovannalmd-oliveiragmail-com\/\"><span itemprop=\"author\">Giovanna Oliveira<\/span><\/a><\/span><time datetime=\"2025-12-12T10:25:06-03:00\" itemprop=\"datePublished\">12\/12\/2025 10:25<\/time><\/div><\/div><\/div><\/div><\/div>","single_layout":"posts","amp_enabled":true,"_links":{"self":[{"href":"https:\/\/www.suno.com.br\/noticias\/wp-json\/wp\/v2\/posts\/635439"}],"collection":[{"href":"https:\/\/www.suno.com.br\/noticias\/wp-json\/wp\/v2\/posts"}],"about":[{"href":"https:\/\/www.suno.com.br\/noticias\/wp-json\/wp\/v2\/types\/post"}],"author":[{"embeddable":true,"href":"https:\/\/www.suno.com.br\/noticias\/wp-json\/wp\/v2\/users\/404"}],"replies":[{"embeddable":true,"href":"https:\/\/www.suno.com.br\/noticias\/wp-json\/wp\/v2\/comments?post=635439"}],"version-history":[{"count":0,"href":"https:\/\/www.suno.com.br\/noticias\/wp-json\/wp\/v2\/posts\/635439\/revisions"}],"wp:featuredmedia":[{"embeddable":true,"href":"https:\/\/www.suno.com.br\/noticias\/wp-json\/wp\/v2\/media\/635440"}],"wp:attachment":[{"href":"https:\/\/www.suno.com.br\/noticias\/wp-json\/wp\/v2\/media?parent=635439"}],"wp:term":[{"taxonomy":"category","embeddable":true,"href":"https:\/\/www.suno.com.br\/noticias\/wp-json\/wp\/v2\/categories?post=635439"},{"taxonomy":"post_tag","embeddable":true,"href":"https:\/\/www.suno.com.br\/noticias\/wp-json\/wp\/v2\/tags?post=635439"},{"taxonomy":"suno_strategy","embeddable":true,"href":"https:\/\/www.suno.com.br\/noticias\/wp-json\/wp\/v2\/suno_strategy?post=635439"}],"curies":[{"name":"wp","href":"https:\/\/api.w.org\/{rel}","templated":true}]}}