{"id":635333,"date":"2025-12-11T14:01:59","date_gmt":"2025-12-11T17:01:59","guid":{"rendered":"https:\/\/www.suno.com.br\/noticias\/?p=635333"},"modified":"2025-12-11T14:02:08","modified_gmt":"2025-12-11T17:02:08","slug":"minerva-beef3-anuncia-162-milhoes-dividendos-quem-tem-direito-go","status":"publish","type":"post","link":"https:\/\/www.suno.com.br\/noticias\/minerva-beef3-anuncia-162-milhoes-dividendos-quem-tem-direito-go\/","title":{"rendered":"Minerva (BEEF3) anuncia R$ 162 milh\u00f5es em dividendos; veja quem tem direito"},"content":{"rendered":"<p>A <strong>Minerva (<a class=\"suno-keyword\" data-force=\"yes\" data-priority=\"2\" href=\"https:\/\/www.suno.com.br\/analitica\/acoes\/beef3\/\" target=\"_blank\" rel=\"noopener\">BEEF3<\/a>)<\/strong> anunciou nesta quinta-feira (11) a distribui\u00e7\u00e3o de R$ 162,1 milh\u00f5es em proventos aos seus acionistas. O montante corresponde ao pagamento de <a class=\"suno-keyword\" data-force=\"no\" data-priority=\"1\" href=\"https:\/\/www.suno.com.br\/guias\/dividendos\/\" target=\"_blank\" rel=\"noopener\">dividendos<\/a> intercalares referentes ao exerc\u00edcio de 2025.<\/p>\t<div class=\"wrapper-featured-image\">\n\t\t<figure class=\"spotlightImg\">\n\n\t\t\t<picture>\n\t\t\t\t<source media=\"(max-width: 768px)\" srcset=\"https:\/\/files.sunoresearch.com.br\/n\/uploads\/2022\/02\/pexels-pixabay-162240-400x200.jpg\">\n\t\t\t\t<img loading=\"lazy\" decoding=\"async\" class=\"newsContent__article__imgCapa lazyloadDisabled \" src=\"https:\/\/files.sunoresearch.com.br\/n\/uploads\/2022\/02\/pexels-pixabay-162240-800x450.jpg\" width=\"800\" height=\"450\" alt=\"Minerva (BEEF3) anuncia R$ 162 milh\u00f5es em dividendos; veja quem tem direito\" fetchpriority=high \/>\n\t\t\t<\/picture>\n\n\t\t\t<figcaption class=\"wp-caption-text wp-caption-text--show\">Minerva (BEEF3). Foto: Pexels.<\/figcaption>\n\t\t<\/figure>\n\t<\/div>\n\n\n\n\n\n\n\n\t<p>\n\t\t<a href=\"https:\/\/lp.suno.com.br\/planilha-da-vida-financeira\/\" target=\"_blank\" data-element=\"shortcode-suno-banner\" title=\"Banner SUNO, clique e saiba mais\">\n\t\t\t<picture>\n\t\t\t\t<source media=\"(max-width: 500px)\" srcset=\"https:\/\/files.sunoresearch.com.br\/n\/uploads\/2023\/04\/400x300-Planilha-vida-financeira-true.png\">\n\t\t\t\t<img class=\"newsContent__article__imgCapa newsContent__article__imgCapa--banner\"\n\t\t\t\t\tsrc=\"https:\/\/files.sunoresearch.com.br\/n\/uploads\/2023\/04\/1420x240-Planilha-vida-financeira-true.png\"\n\t\t\t\t\tdata-promo-id=\"106682\"\t\t\t\t\t\t\t\t\t\twidth='1420' height='240'\t\t\t\t\talt=\"https:\/\/files.sunoresearch.com.br\/n\/uploads\/2023\/04\/1420x240-Planilha-vida-financeira-true.png\"\n\t\t\t\t>\n\t\t\t<\/picture>\n\t\t<\/a>\n\t<\/p>\n\n\n\n\n\n<p>O valor aprovado pelo <a class=\"suno-keyword\" target=\"_blank\" data-force=\"no\" data-priority=\"1\" href=\"https:\/\/www.suno.com.br\/artigos\/conselho-administracao\/\" rel=\"noopener\">Conselho de Administra\u00e7\u00e3o<\/a> ser\u00e1 equivalente a R$ 0,16455195920 por a\u00e7\u00e3o ordin\u00e1ria. Com o an\u00fancio, a companhia se junta ao grupo de empresas que divulgaram proventos nos \u00faltimos dias. Somente nesta semana, <a class=\"suno-keyword\" target=\"_blank\" data-force=\"yes\" data-priority=\"2\" href=\"https:\/\/www.suno.com.br\/analitica\/acoes\/EMBR3\/\" rel=\"noopener\">Embraer (EMBR3)<\/a>, <a class=\"suno-keyword\" target=\"_blank\" data-force=\"yes\" data-priority=\"2\" href=\"https:\/\/www.suno.com.br\/analitica\/acoes\/ABEV3\/\" rel=\"noopener\">Ambev (ABEV3)<\/a> e <a class=\"suno-keyword\" target=\"_blank\" data-force=\"yes\" data-priority=\"2\" href=\"https:\/\/www.suno.com.br\/analitica\/acoes\/KLBN11\/\" rel=\"noopener\">Klabin (KLBN11)<\/a> comunicaram novas distribui\u00e7\u00f5es.<\/p>\n\n\n\n<p>A movimenta\u00e7\u00e3o ocorre em meio \u00e0 corrida pelo pagamento de proventos antes da entrada em vigor da tributa\u00e7\u00e3o sobre dividendos, que deve funcionar como contrapartida \u00e0 isen\u00e7\u00e3o do imposto de renda para pessoas que recebem at\u00e9 R$ 5 mil por m\u00eas.<\/p>\n\n\n\t<p>\n\t\t<a href=\"https:\/\/lp.suno.com.br\/ebook-como-analisar-uma-acao\/\" target=\"_blank\" data-element=\"shortcode-suno-banner\" title=\"Banner SUNO, clique e saiba mais\">\n\t\t\t<picture>\n\t\t\t\t<source media=\"(max-width: 500px)\" srcset=\"https:\/\/files.sunoresearch.com.br\/n\/uploads\/2023\/03\/Ebook-Acoes-Mobile.jpg\">\n\t\t\t\t<img class=\"newsContent__article__imgCapa newsContent__article__imgCapa--banner\"\n\t\t\t\t\tsrc=\"https:\/\/files.sunoresearch.com.br\/n\/uploads\/2023\/03\/Ebook-Acoes-Desktop.jpg\"\n\t\t\t\t\tdata-promo-id=\"378302\"\t\t\t\t\t\t\t\t\t\twidth='1420' height='286'\t\t\t\t\talt=\"https:\/\/files.sunoresearch.com.br\/n\/uploads\/2023\/03\/Ebook-Acoes-Desktop.jpg\"\n\t\t\t\t>\n\t\t\t<\/picture>\n\t\t<\/a>\n\t<\/p>\n\n\n\n\n\n<h2 class=\"wp-block-heading\"><strong>Veja quem tem direito aos dividendos da Minerva (BEEF3)<\/strong><\/h2>\n\n\n\n<p>O valor total aprovado soma R$ 162,1 milh\u00f5es, correspondente a R$ 0,16455195920 por a\u00e7\u00e3o. A data de corte ser\u00e1 em 15 de dezembro de 2025. Somente investidores posicionados at\u00e9 essa data ter\u00e3o direito aos <strong>dividendos da Minerva<\/strong>. As a\u00e7\u00f5es passam a ser negociadas ex a partir de 16 de dezembro.<\/p>\n\n\n\n<p>Segundo a companhia, o pagamento ser\u00e1 realizado em 29 de dezembro de 2025, em parcela \u00fanica. <\/p>\n\n\n\n<p>A empresa informou que os cr\u00e9ditos ser\u00e3o depositados diretamente na conta banc\u00e1ria cadastrada pelos acionistas junto \u00e0 institui\u00e7\u00e3o escrituradora. Quem tiver pend\u00eancias cadastrais receber\u00e1 os valores somente ap\u00f3s a devida regulariza\u00e7\u00e3o.<\/p>\n\n\n\n<p>A Minerva (BEEF3) tamb\u00e9m destacou que os proventos anunciados ser\u00e3o inclu\u00eddos no c\u00e1lculo do dividendo m\u00ednimo obrigat\u00f3rio do exerc\u00edcio que se encerra em 31 de dezembro de 2025.<\/p>\n\n\n\t<p>\n\t\t<a href=\"https:\/\/lp.suno.com.br\/planilha-da-vida-financeira\/\" target=\"_blank\" data-element=\"shortcode-suno-banner\" title=\"Banner SUNO, clique e saiba mais\">\n\t\t\t<picture>\n\t\t\t\t<source media=\"(max-width: 500px)\" srcset=\"https:\/\/files.sunoresearch.com.br\/n\/uploads\/2023\/04\/400x300-Planilha-vida-financeira-true.png\">\n\t\t\t\t<img class=\"newsContent__article__imgCapa newsContent__article__imgCapa--banner\"\n\t\t\t\t\tsrc=\"https:\/\/files.sunoresearch.com.br\/n\/uploads\/2023\/04\/1420x240-Planilha-vida-financeira-true.png\"\n\t\t\t\t\tdata-promo-id=\"383123\"\t\t\t\t\t\t\t\t\t\twidth='1420' height='240'\t\t\t\t\talt=\"https:\/\/files.sunoresearch.com.br\/n\/uploads\/2023\/04\/1420x240-Planilha-vida-financeira-true.png\"\n\t\t\t\t>\n\t\t\t<\/picture>\n\t\t<\/a>\n\t<\/p>\n\n\n","protected":false},"excerpt":{"rendered":"<p>A Minerva (BEEF3) anunciou nesta quinta-feira (11) a distribui\u00e7\u00e3o de R$ 162,1 milh\u00f5es em proventos aos seus acionistas. O montante corresponde ao pagamento de dividendos intercalares referentes ao exerc\u00edcio de 2025. Minerva (BEEF3). Foto: Pexels. O valor aprovado pelo Conselho de Administra\u00e7\u00e3o ser\u00e1 equivalente a R$ 0,16455195920 por a\u00e7\u00e3o ordin\u00e1ria. Com o an\u00fancio, a companhia [&hellip;]<\/p>\n","protected":false},"author":404,"featured_media":235757,"comment_status":"closed","ping_status":"closed","sticky":false,"template":"","format":"standard","meta":[],"categories":[64],"tags":[563],"suno_strategy":[],"class_list":["post-635333","post","type-post","status-publish","format-standard","has-post-thumbnail","hentry","category-negocios","tag-minerva-beef11-beef3"],"yoast_head":"<!-- This site is optimized with the Yoast SEO plugin v24.4 - https:\/\/yoast.com\/wordpress\/plugins\/seo\/ -->\n<title>Minerva (BEEF3) aprova R$ 162 milh\u00f5es em dividendos<\/title>\n<meta name=\"description\" content=\"A Minerva (BEEF3) anunciou nesta quinta-feira (11) a distribui\u00e7\u00e3o de R$ 162,1 milh\u00f5es em proventos aos seus acionistas. Leia mais.\" \/>\n<meta name=\"robots\" content=\"index, follow, max-snippet:-1, max-image-preview:large, max-video-preview:-1\" \/>\n<link rel=\"canonical\" href=\"https:\/\/www.suno.com.br\/noticias\/minerva-beef3-anuncia-162-milhoes-dividendos-quem-tem-direito-go\/\" \/>\n<meta property=\"og:locale\" content=\"pt_BR\" \/>\n<meta property=\"og:type\" content=\"article\" \/>\n<meta property=\"og:title\" content=\"Minerva (BEEF3) aprova R$ 162 milh\u00f5es em dividendos\" \/>\n<meta property=\"og:description\" content=\"A Minerva (BEEF3) anunciou nesta quinta-feira (11) a distribui\u00e7\u00e3o de R$ 162,1 milh\u00f5es em proventos aos seus acionistas. Leia mais.\" \/>\n<meta property=\"og:url\" content=\"https:\/\/www.suno.com.br\/noticias\/minerva-beef3-anuncia-162-milhoes-dividendos-quem-tem-direito-go\/\" \/>\n<meta property=\"og:site_name\" content=\"Suno Not\u00edcias\" \/>\n<meta property=\"article:publisher\" content=\"https:\/\/facebook.com\/sunoresearch\" \/>\n<meta property=\"og:image\" content=\"https:\/\/files.sunoresearch.com.br\/n\/uploads\/2022\/02\/pexels-pixabay-162240-scaled.jpg\" \/>\n\t<meta property=\"og:image:width\" content=\"2560\" \/>\n\t<meta property=\"og:image:height\" content=\"1707\" \/>\n\t<meta property=\"og:image:type\" content=\"image\/jpeg\" \/>\n<meta name=\"author\" content=\"Giovanna Oliveira\" \/>\n<meta name=\"twitter:card\" content=\"summary_large_image\" \/>\n<meta name=\"twitter:creator\" content=\"@sunoresearch\" \/>\n<meta name=\"twitter:site\" content=\"@sunoresearch\" \/>\n<meta name=\"twitter:label1\" content=\"Escrito por\" \/>\n\t<meta name=\"twitter:data1\" content=\"Giovanna Oliveira\" \/>\n\t<meta name=\"twitter:label2\" content=\"Est. tempo de leitura\" \/>\n\t<meta name=\"twitter:data2\" content=\"2 minutos\" \/>\n<script type=\"application\/ld+json\" class=\"yoast-schema-graph\">{\"@context\":\"https:\/\/schema.org\",\"@graph\":[{\"@type\":\"NewsArticle\",\"@id\":\"https:\/\/www.suno.com.br\/noticias\/minerva-beef3-anuncia-162-milhoes-dividendos-quem-tem-direito-go\/#article\",\"isPartOf\":{\"@id\":\"https:\/\/www.suno.com.br\/noticias\/minerva-beef3-anuncia-162-milhoes-dividendos-quem-tem-direito-go\/\"},\"author\":{\"name\":\"Giovanna Oliveira\",\"@id\":\"https:\/\/www.suno.com.br\/noticias\/#\/schema\/person\/506bb13f624e6983050ae5bf648c7a54\"},\"headline\":\"Minerva (BEEF3) anuncia R$ 162 milh\u00f5es em dividendos; veja quem tem direito\",\"datePublished\":\"2025-12-11T17:01:59+00:00\",\"dateModified\":\"2025-12-11T17:02:08+00:00\",\"mainEntityOfPage\":{\"@id\":\"https:\/\/www.suno.com.br\/noticias\/minerva-beef3-anuncia-162-milhoes-dividendos-quem-tem-direito-go\/\"},\"wordCount\":285,\"publisher\":{\"@id\":\"https:\/\/www.suno.com.br\/noticias\/#organization\"},\"image\":{\"@id\":\"https:\/\/www.suno.com.br\/noticias\/minerva-beef3-anuncia-162-milhoes-dividendos-quem-tem-direito-go\/#primaryimage\"},\"thumbnailUrl\":\"https:\/\/files.sunoresearch.com.br\/n\/uploads\/2022\/02\/pexels-pixabay-162240-scaled.jpg\",\"keywords\":[\"Minerva (BEEF11\/BEEF3)\"],\"articleSection\":[\"Neg\u00f3cios\"],\"inLanguage\":\"pt-BR\"},{\"@type\":\"WebPage\",\"@id\":\"https:\/\/www.suno.com.br\/noticias\/minerva-beef3-anuncia-162-milhoes-dividendos-quem-tem-direito-go\/\",\"url\":\"https:\/\/www.suno.com.br\/noticias\/minerva-beef3-anuncia-162-milhoes-dividendos-quem-tem-direito-go\/\",\"name\":\"Minerva (BEEF3) aprova R$ 162 milh\u00f5es em dividendos\",\"isPartOf\":{\"@id\":\"https:\/\/www.suno.com.br\/noticias\/#website\"},\"primaryImageOfPage\":{\"@id\":\"https:\/\/www.suno.com.br\/noticias\/minerva-beef3-anuncia-162-milhoes-dividendos-quem-tem-direito-go\/#primaryimage\"},\"image\":{\"@id\":\"https:\/\/www.suno.com.br\/noticias\/minerva-beef3-anuncia-162-milhoes-dividendos-quem-tem-direito-go\/#primaryimage\"},\"thumbnailUrl\":\"https:\/\/files.sunoresearch.com.br\/n\/uploads\/2022\/02\/pexels-pixabay-162240-scaled.jpg\",\"datePublished\":\"2025-12-11T17:01:59+00:00\",\"dateModified\":\"2025-12-11T17:02:08+00:00\",\"description\":\"A Minerva (BEEF3) anunciou nesta quinta-feira (11) a distribui\u00e7\u00e3o de R$ 162,1 milh\u00f5es em proventos aos seus acionistas. Leia mais.\",\"breadcrumb\":{\"@id\":\"https:\/\/www.suno.com.br\/noticias\/minerva-beef3-anuncia-162-milhoes-dividendos-quem-tem-direito-go\/#breadcrumb\"},\"inLanguage\":\"pt-BR\",\"potentialAction\":[{\"@type\":\"ReadAction\",\"target\":[\"https:\/\/www.suno.com.br\/noticias\/minerva-beef3-anuncia-162-milhoes-dividendos-quem-tem-direito-go\/\"]}]},{\"@type\":\"ImageObject\",\"inLanguage\":\"pt-BR\",\"@id\":\"https:\/\/www.suno.com.br\/noticias\/minerva-beef3-anuncia-162-milhoes-dividendos-quem-tem-direito-go\/#primaryimage\",\"url\":\"https:\/\/files.sunoresearch.com.br\/n\/uploads\/2022\/02\/pexels-pixabay-162240-scaled.jpg\",\"contentUrl\":\"https:\/\/files.sunoresearch.com.br\/n\/uploads\/2022\/02\/pexels-pixabay-162240-scaled.jpg\",\"width\":2560,\"height\":1707,\"caption\":\"Minerva (BEEF3). Foto: Pexels.\"},{\"@type\":\"BreadcrumbList\",\"@id\":\"https:\/\/www.suno.com.br\/noticias\/minerva-beef3-anuncia-162-milhoes-dividendos-quem-tem-direito-go\/#breadcrumb\",\"itemListElement\":[{\"@type\":\"ListItem\",\"position\":1,\"name\":\"Not\u00edcias\",\"item\":\"https:\/\/www.suno.com.br\/noticias\/\"},{\"@type\":\"ListItem\",\"position\":2,\"name\":\"Neg\u00f3cios\",\"item\":\"https:\/\/www.suno.com.br\/noticias\/negocios\/\"},{\"@type\":\"ListItem\",\"position\":3,\"name\":\"Minerva (BEEF3) anuncia R$ 162 milh\u00f5es em dividendos; veja quem tem direito\"}]},{\"@type\":\"WebSite\",\"@id\":\"https:\/\/www.suno.com.br\/noticias\/#website\",\"url\":\"https:\/\/www.suno.com.br\/noticias\/\",\"name\":\"Suno Not\u00edcias\",\"description\":\"Seu portal de informa\u00e7\u00e3o sobre o mundo dos investimentos\",\"publisher\":{\"@id\":\"https:\/\/www.suno.com.br\/noticias\/#organization\"},\"potentialAction\":[{\"@type\":\"SearchAction\",\"target\":{\"@type\":\"EntryPoint\",\"urlTemplate\":\"https:\/\/www.suno.com.br\/noticias\/?s={search_term_string}\"},\"query-input\":{\"@type\":\"PropertyValueSpecification\",\"valueRequired\":true,\"valueName\":\"search_term_string\"}}],\"inLanguage\":\"pt-BR\"},{\"@type\":\"Organization\",\"@id\":\"https:\/\/www.suno.com.br\/noticias\/#organization\",\"name\":\"Suno Not\u00edcias\",\"url\":\"https:\/\/www.suno.com.br\/noticias\/\",\"logo\":{\"@type\":\"ImageObject\",\"inLanguage\":\"pt-BR\",\"@id\":\"https:\/\/www.suno.com.br\/noticias\/#\/schema\/logo\/image\/\",\"url\":\"https:\/\/files.sunoresearch.com.br\/n\/uploads\/2021\/09\/suno-logo.png\",\"contentUrl\":\"https:\/\/files.sunoresearch.com.br\/n\/uploads\/2021\/09\/suno-logo.png\",\"width\":180,\"height\":180,\"caption\":\"Suno Not\u00edcias\"},\"image\":{\"@id\":\"https:\/\/www.suno.com.br\/noticias\/#\/schema\/logo\/image\/\"},\"sameAs\":[\"https:\/\/facebook.com\/sunoresearch\",\"https:\/\/x.com\/sunoresearch\",\"https:\/\/www.instagram.com\/suno\",\"https:\/\/www.linkedin.com\/company\/suno-research\/\",\"https:\/\/www.youtube.com\/c\/sunoresearch\"]},{\"@type\":\"Person\",\"@id\":\"https:\/\/www.suno.com.br\/noticias\/#\/schema\/person\/506bb13f624e6983050ae5bf648c7a54\",\"name\":\"Giovanna Oliveira\",\"image\":{\"@type\":\"ImageObject\",\"inLanguage\":\"pt-BR\",\"@id\":\"https:\/\/www.suno.com.br\/noticias\/#\/schema\/person\/image\/\",\"url\":\"https:\/\/secure.gravatar.com\/avatar\/8d180e5cea232a9bb3af521589b133fa?s=96&r=g\",\"contentUrl\":\"https:\/\/secure.gravatar.com\/avatar\/8d180e5cea232a9bb3af521589b133fa?s=96&r=g\",\"caption\":\"Giovanna Oliveira\"},\"description\":\"Jornalista com mais de sete anos de experi\u00eancia na cobertura de finan\u00e7as e economia. P\u00f3s-graduada em Neg\u00f3cios e Inova\u00e7\u00e3o (ESPM-SP) e mestranda em Finan\u00e7as (UADE Business School\u2013Buenos Aires).\",\"url\":\"https:\/\/www.suno.com.br\/noticias\/author\/giovannalmd-oliveiragmail-com\/\"}]}<\/script>\n<!-- \/ Yoast SEO plugin. -->","yoast_head_json":{"title":"Minerva (BEEF3) aprova R$ 162 milh\u00f5es em dividendos","description":"A Minerva (BEEF3) anunciou nesta quinta-feira (11) a distribui\u00e7\u00e3o de R$ 162,1 milh\u00f5es em proventos aos seus acionistas. Leia mais.","robots":{"index":"index","follow":"follow","max-snippet":"max-snippet:-1","max-image-preview":"max-image-preview:large","max-video-preview":"max-video-preview:-1"},"canonical":"https:\/\/www.suno.com.br\/noticias\/minerva-beef3-anuncia-162-milhoes-dividendos-quem-tem-direito-go\/","og_locale":"pt_BR","og_type":"article","og_title":"Minerva (BEEF3) aprova R$ 162 milh\u00f5es em dividendos","og_description":"A Minerva (BEEF3) anunciou nesta quinta-feira (11) a distribui\u00e7\u00e3o de R$ 162,1 milh\u00f5es em proventos aos seus acionistas. Leia mais.","og_url":"https:\/\/www.suno.com.br\/noticias\/minerva-beef3-anuncia-162-milhoes-dividendos-quem-tem-direito-go\/","og_site_name":"Suno Not\u00edcias","article_publisher":"https:\/\/facebook.com\/sunoresearch","og_image":[{"width":2560,"height":1707,"url":"https:\/\/files.sunoresearch.com.br\/n\/uploads\/2022\/02\/pexels-pixabay-162240-scaled.jpg","type":"image\/jpeg"}],"author":"Giovanna Oliveira","twitter_card":"summary_large_image","twitter_creator":"@sunoresearch","twitter_site":"@sunoresearch","twitter_misc":{"Escrito por":"Giovanna Oliveira","Est. tempo de leitura":"2 minutos"},"schema":{"@context":"https:\/\/schema.org","@graph":[{"@type":"NewsArticle","@id":"https:\/\/www.suno.com.br\/noticias\/minerva-beef3-anuncia-162-milhoes-dividendos-quem-tem-direito-go\/#article","isPartOf":{"@id":"https:\/\/www.suno.com.br\/noticias\/minerva-beef3-anuncia-162-milhoes-dividendos-quem-tem-direito-go\/"},"author":{"name":"Giovanna Oliveira","@id":"https:\/\/www.suno.com.br\/noticias\/#\/schema\/person\/506bb13f624e6983050ae5bf648c7a54"},"headline":"Minerva (BEEF3) anuncia R$ 162 milh\u00f5es em dividendos; veja quem tem direito","datePublished":"2025-12-11T17:01:59+00:00","dateModified":"2025-12-11T17:02:08+00:00","mainEntityOfPage":{"@id":"https:\/\/www.suno.com.br\/noticias\/minerva-beef3-anuncia-162-milhoes-dividendos-quem-tem-direito-go\/"},"wordCount":285,"publisher":{"@id":"https:\/\/www.suno.com.br\/noticias\/#organization"},"image":{"@id":"https:\/\/www.suno.com.br\/noticias\/minerva-beef3-anuncia-162-milhoes-dividendos-quem-tem-direito-go\/#primaryimage"},"thumbnailUrl":"https:\/\/files.sunoresearch.com.br\/n\/uploads\/2022\/02\/pexels-pixabay-162240-scaled.jpg","keywords":["Minerva (BEEF11\/BEEF3)"],"articleSection":["Neg\u00f3cios"],"inLanguage":"pt-BR"},{"@type":"WebPage","@id":"https:\/\/www.suno.com.br\/noticias\/minerva-beef3-anuncia-162-milhoes-dividendos-quem-tem-direito-go\/","url":"https:\/\/www.suno.com.br\/noticias\/minerva-beef3-anuncia-162-milhoes-dividendos-quem-tem-direito-go\/","name":"Minerva (BEEF3) aprova R$ 162 milh\u00f5es em dividendos","isPartOf":{"@id":"https:\/\/www.suno.com.br\/noticias\/#website"},"primaryImageOfPage":{"@id":"https:\/\/www.suno.com.br\/noticias\/minerva-beef3-anuncia-162-milhoes-dividendos-quem-tem-direito-go\/#primaryimage"},"image":{"@id":"https:\/\/www.suno.com.br\/noticias\/minerva-beef3-anuncia-162-milhoes-dividendos-quem-tem-direito-go\/#primaryimage"},"thumbnailUrl":"https:\/\/files.sunoresearch.com.br\/n\/uploads\/2022\/02\/pexels-pixabay-162240-scaled.jpg","datePublished":"2025-12-11T17:01:59+00:00","dateModified":"2025-12-11T17:02:08+00:00","description":"A Minerva (BEEF3) anunciou nesta quinta-feira (11) a distribui\u00e7\u00e3o de R$ 162,1 milh\u00f5es em proventos aos seus acionistas. Leia mais.","breadcrumb":{"@id":"https:\/\/www.suno.com.br\/noticias\/minerva-beef3-anuncia-162-milhoes-dividendos-quem-tem-direito-go\/#breadcrumb"},"inLanguage":"pt-BR","potentialAction":[{"@type":"ReadAction","target":["https:\/\/www.suno.com.br\/noticias\/minerva-beef3-anuncia-162-milhoes-dividendos-quem-tem-direito-go\/"]}]},{"@type":"ImageObject","inLanguage":"pt-BR","@id":"https:\/\/www.suno.com.br\/noticias\/minerva-beef3-anuncia-162-milhoes-dividendos-quem-tem-direito-go\/#primaryimage","url":"https:\/\/files.sunoresearch.com.br\/n\/uploads\/2022\/02\/pexels-pixabay-162240-scaled.jpg","contentUrl":"https:\/\/files.sunoresearch.com.br\/n\/uploads\/2022\/02\/pexels-pixabay-162240-scaled.jpg","width":2560,"height":1707,"caption":"Minerva (BEEF3). Foto: Pexels."},{"@type":"BreadcrumbList","@id":"https:\/\/www.suno.com.br\/noticias\/minerva-beef3-anuncia-162-milhoes-dividendos-quem-tem-direito-go\/#breadcrumb","itemListElement":[{"@type":"ListItem","position":1,"name":"Not\u00edcias","item":"https:\/\/www.suno.com.br\/noticias\/"},{"@type":"ListItem","position":2,"name":"Neg\u00f3cios","item":"https:\/\/www.suno.com.br\/noticias\/negocios\/"},{"@type":"ListItem","position":3,"name":"Minerva (BEEF3) anuncia R$ 162 milh\u00f5es em dividendos; veja quem tem direito"}]},{"@type":"WebSite","@id":"https:\/\/www.suno.com.br\/noticias\/#website","url":"https:\/\/www.suno.com.br\/noticias\/","name":"Suno Not\u00edcias","description":"Seu portal de informa\u00e7\u00e3o sobre o mundo dos investimentos","publisher":{"@id":"https:\/\/www.suno.com.br\/noticias\/#organization"},"potentialAction":[{"@type":"SearchAction","target":{"@type":"EntryPoint","urlTemplate":"https:\/\/www.suno.com.br\/noticias\/?s={search_term_string}"},"query-input":{"@type":"PropertyValueSpecification","valueRequired":true,"valueName":"search_term_string"}}],"inLanguage":"pt-BR"},{"@type":"Organization","@id":"https:\/\/www.suno.com.br\/noticias\/#organization","name":"Suno Not\u00edcias","url":"https:\/\/www.suno.com.br\/noticias\/","logo":{"@type":"ImageObject","inLanguage":"pt-BR","@id":"https:\/\/www.suno.com.br\/noticias\/#\/schema\/logo\/image\/","url":"https:\/\/files.sunoresearch.com.br\/n\/uploads\/2021\/09\/suno-logo.png","contentUrl":"https:\/\/files.sunoresearch.com.br\/n\/uploads\/2021\/09\/suno-logo.png","width":180,"height":180,"caption":"Suno Not\u00edcias"},"image":{"@id":"https:\/\/www.suno.com.br\/noticias\/#\/schema\/logo\/image\/"},"sameAs":["https:\/\/facebook.com\/sunoresearch","https:\/\/x.com\/sunoresearch","https:\/\/www.instagram.com\/suno","https:\/\/www.linkedin.com\/company\/suno-research\/","https:\/\/www.youtube.com\/c\/sunoresearch"]},{"@type":"Person","@id":"https:\/\/www.suno.com.br\/noticias\/#\/schema\/person\/506bb13f624e6983050ae5bf648c7a54","name":"Giovanna Oliveira","image":{"@type":"ImageObject","inLanguage":"pt-BR","@id":"https:\/\/www.suno.com.br\/noticias\/#\/schema\/person\/image\/","url":"https:\/\/secure.gravatar.com\/avatar\/8d180e5cea232a9bb3af521589b133fa?s=96&r=g","contentUrl":"https:\/\/secure.gravatar.com\/avatar\/8d180e5cea232a9bb3af521589b133fa?s=96&r=g","caption":"Giovanna Oliveira"},"description":"Jornalista com mais de sete anos de experi\u00eancia na cobertura de finan\u00e7as e economia. P\u00f3s-graduada em Neg\u00f3cios e Inova\u00e7\u00e3o (ESPM-SP) e mestranda em Finan\u00e7as (UADE Business School\u2013Buenos Aires).","url":"https:\/\/www.suno.com.br\/noticias\/author\/giovannalmd-oliveiragmail-com\/"}]}},"default_loop_html":"<div class=\"cardsPage__listCard__boxs\"><div class=\"cardsPage__listCard__boxs__img\"><a href=\"https:\/\/www.suno.com.br\/noticias\/minerva-beef3-anuncia-162-milhoes-dividendos-quem-tem-direito-go\/\"><img class=\"mask\" src=\"https:\/\/www.suno.com.br\/noticias\/wp-content\/themes\/suno\/resources\/images\/spotlight\/spotlight1img\/bg-mask.png\" alt=\"Image Mask\"\/><img src=\"https:\/\/files.sunoresearch.com.br\/n\/uploads\/2022\/02\/pexels-pixabay-162240-400x200.jpg\" alt=\"Minerva (BEEF3) anuncia R$ 162 milh\u00f5es em dividendos; veja quem tem direito\"\/><\/a><span class=\"spotlightCategory\"><a href=\"https:\/\/www.suno.com.br\/noticias\/negocios\/\">Neg\u00f3cios<\/a><\/span><\/div><div class=\"cardsPage__listCard__boxs__content\"><a href=\"https:\/\/www.suno.com.br\/noticias\/minerva-beef3-anuncia-162-milhoes-dividendos-quem-tem-direito-go\/\"><h2 class=\"content__title\">Minerva (BEEF3) anuncia R$ 162 milh\u00f5es em dividendos; veja quem tem direito<\/h2><\/a><div class=\"newsContent__article__meta\"><div class=\"newsContent__article__meta__authorBox\"><a href=\"https:\/\/www.suno.com.br\/noticias\/author\/giovannalmd-oliveiragmail-com\/\" class=\"authorBox__avatar noMobi\"><img src=\"https:\/\/secure.gravatar.com\/avatar\/8d180e5cea232a9bb3af521589b133fa?s=96&#038;r=g\" alt=\"Giovanna Oliveira\"><\/a><div class=\"authorBox__name\"><span>por\n\t\t\t<a href=\"https:\/\/www.suno.com.br\/noticias\/author\/giovannalmd-oliveiragmail-com\/\"><span itemprop=\"author\">Giovanna Oliveira<\/span><\/a><\/span><time datetime=\"2025-12-11T14:01:59-03:00\" itemprop=\"datePublished\">11\/12\/2025 14:01<\/time><\/div><\/div><\/div><\/div><\/div>","single_layout":"posts","amp_enabled":true,"_links":{"self":[{"href":"https:\/\/www.suno.com.br\/noticias\/wp-json\/wp\/v2\/posts\/635333"}],"collection":[{"href":"https:\/\/www.suno.com.br\/noticias\/wp-json\/wp\/v2\/posts"}],"about":[{"href":"https:\/\/www.suno.com.br\/noticias\/wp-json\/wp\/v2\/types\/post"}],"author":[{"embeddable":true,"href":"https:\/\/www.suno.com.br\/noticias\/wp-json\/wp\/v2\/users\/404"}],"replies":[{"embeddable":true,"href":"https:\/\/www.suno.com.br\/noticias\/wp-json\/wp\/v2\/comments?post=635333"}],"version-history":[{"count":2,"href":"https:\/\/www.suno.com.br\/noticias\/wp-json\/wp\/v2\/posts\/635333\/revisions"}],"predecessor-version":[{"id":635336,"href":"https:\/\/www.suno.com.br\/noticias\/wp-json\/wp\/v2\/posts\/635333\/revisions\/635336"}],"wp:featuredmedia":[{"embeddable":true,"href":"https:\/\/www.suno.com.br\/noticias\/wp-json\/wp\/v2\/media\/235757"}],"wp:attachment":[{"href":"https:\/\/www.suno.com.br\/noticias\/wp-json\/wp\/v2\/media?parent=635333"}],"wp:term":[{"taxonomy":"category","embeddable":true,"href":"https:\/\/www.suno.com.br\/noticias\/wp-json\/wp\/v2\/categories?post=635333"},{"taxonomy":"post_tag","embeddable":true,"href":"https:\/\/www.suno.com.br\/noticias\/wp-json\/wp\/v2\/tags?post=635333"},{"taxonomy":"suno_strategy","embeddable":true,"href":"https:\/\/www.suno.com.br\/noticias\/wp-json\/wp\/v2\/suno_strategy?post=635333"}],"curies":[{"name":"wp","href":"https:\/\/api.w.org\/{rel}","templated":true}]}}