{"id":635072,"date":"2025-12-09T21:02:00","date_gmt":"2025-12-10T00:02:00","guid":{"rendered":"https:\/\/www.suno.com.br\/noticias\/?p=635072"},"modified":"2025-12-10T02:16:05","modified_gmt":"2025-12-10T05:16:05","slug":"ifix-fechamento-091225","status":"publish","type":"post","link":"https:\/\/www.suno.com.br\/noticias\/ifix-fechamento-091225\/","title":{"rendered":"Fundos imobili\u00e1rios t\u00eam recuo leve na v\u00e9spera de an\u00fancio da Selic e IFIX fecha em queda"},"content":{"rendered":"<p>O mercado de <strong>fundos imobili\u00e1rios<\/strong> operou em leve queda nesta ter\u00e7a-feira (9), um dia antes do an\u00fancio do Comit\u00ea de <a class=\"suno-keyword\" target=\"_blank\" data-force=\"no\" data-priority=\"1\" href=\"https:\/\/www.suno.com.br\/artigos\/politica-monetaria\/\" rel=\"noopener\">Pol\u00edtica Monet\u00e1ria<\/a> do Banco Central (Copom) sobre a Selic, e o IFIX caiu 0,06% em rela\u00e7\u00e3o \u00e0 m\u00e1xima hist\u00f3rica registrada na segunda-feira (8).<\/p>\t<div class=\"wrapper-featured-image\">\n\t\t<figure class=\"spotlightImg\">\n\n\t\t\t<picture>\n\t\t\t\t<source media=\"(max-width: 768px)\" srcset=\"https:\/\/files.sunoresearch.com.br\/n\/uploads\/2025\/12\/FIIs-IFIX-predios-pb-2-1-400x200.webp\">\n\t\t\t\t<img loading=\"lazy\" decoding=\"async\" class=\"newsContent__article__imgCapa lazyloadDisabled \" src=\"https:\/\/files.sunoresearch.com.br\/n\/uploads\/2025\/12\/FIIs-IFIX-predios-pb-2-1-800x450.webp\" width=\"800\" height=\"450\" alt=\"Fundos imobili\u00e1rios t\u00eam recuo leve na v\u00e9spera de an\u00fancio da Selic e IFIX fecha em queda\" fetchpriority=high \/>\n\t\t\t<\/picture>\n\n\t\t\t<figcaption class=\"wp-caption-text wp-caption-text--show\">Confira os destaques do mercado de FIIs - Foto: Pixabay<\/figcaption>\n\t\t<\/figure>\n\t<\/div>\n\n\n\n\n\n\t<p>\n\t\t<a href=\"\" target=\"_blank\" data-element=\"shortcode-suno-banner\" title=\"Banner SUNO, clique e saiba mais\">\n\t\t\t<picture>\n\t\t\t\t<source media=\"(max-width: 500px)\" srcset=\"\">\n\t\t\t\t<img class=\"newsContent__article__imgCapa newsContent__article__imgCapa--banner\"\n\t\t\t\t\tsrc=\"\"\n\t\t\t\t\tdata-promo-id=\"425919\"\t\t\t\t\t\t\t\t\t\t\t\t\t\t\talt=\"\"\n\t\t\t\t>\n\t\t\t<\/picture>\n\t\t<\/a>\n\t<\/p>\n\n\n\n\n\n<p>V\u00e1rios FIIs de <a class=\"suno-keyword\" target=\"_blank\" data-force=\"no\" data-priority=\"1\" href=\"https:\/\/www.suno.com.br\/artigos\/lajes-corporativas\/\" rel=\"noopener\">lajes corporativas<\/a> acabaram o dia entre as maiores quedas do preg\u00e3o, com destaque para o <a class=\"suno-keyword\" target=\"_blank\" data-force=\"yes\" data-priority=\"2\" href=\"https:\/\/www.suno.com.br\/fundos-imobiliarios\/vino11\/\" rel=\"noopener\">VINO11<\/a>, que caiu 1,55% e terminou o dia negociado a R$ 5,07, e o <a class=\"suno-keyword\" target=\"_blank\" data-force=\"yes\" data-priority=\"2\" href=\"https:\/\/www.suno.com.br\/fundos-imobiliarios\/fatn11\/\" rel=\"noopener\">FATN11<\/a>, que fechou em R$ 82,85, recuo de 1,35%.<\/p>\n\n\n\n<p>Na contram\u00e3o, o <a class=\"suno-keyword\" data-force=\"yes\" data-priority=\"2\" href=\"https:\/\/www.suno.com.br\/fundos-imobiliarios\/urpr11\/\" target=\"_blank\" rel=\"noopener\">URPR11<\/a> foi o destaque positivo, com alta de 4,44% e fechamento em R$ 33,42. Mesmo assim, o fundo segue como um dos mais descontados do mercado, mais de 65% abaixo de seu <a class=\"suno-keyword\" data-force=\"no\" data-priority=\"1\" href=\"https:\/\/www.suno.com.br\/artigos\/valor-patrimonial\/\" target=\"_blank\" rel=\"noopener\">valor patrimonial<\/a> por cota, de R$ 100,15.<\/p>\n\n\n\n<p>Entre os FIIs de maior liquidez, o <a class=\"suno-keyword\" target=\"_blank\" data-force=\"yes\" data-priority=\"2\" href=\"https:\/\/www.suno.com.br\/fundos-imobiliarios\/mxrf11\/\" rel=\"noopener\">MXRF11<\/a> subiu 0,21%, a R$ 9,50, enquanto o <a class=\"suno-keyword\" target=\"_blank\" data-force=\"yes\" data-priority=\"2\" href=\"https:\/\/www.suno.com.br\/fundos-imobiliarios\/cpts11\/\" rel=\"noopener\">CPTS11<\/a> caiu 0,26%, a R$ 7,62. Na v\u00e9spera de anunciar sua distribui\u00e7\u00e3o de <a class=\"suno-keyword\" target=\"_blank\" data-force=\"no\" data-priority=\"1\" href=\"https:\/\/www.suno.com.br\/guias\/dividendos\/\" rel=\"noopener\">dividendos<\/a> para dezembro, o FII da Capit\u00e2nia registrou liquidez acima do volume normal, com mais de 2,6 milh\u00f5es de cotas negociadas, ante uma m\u00e9dia di\u00e1ria de 760 mil em novembro.<\/p>\n\n\n\n<h2 class=\"wp-block-heading\">Fundos imobili\u00e1rios recuam e IFIX tem primeira queda na semana<\/h2>\n\n\n\n<p>O <strong>IFIX<\/strong> come\u00e7ou o dia reproduzindo a tend\u00eancia da v\u00e9spera, com abertura em alta e a cota\u00e7\u00e3o m\u00e1xima alcan\u00e7ada nos primeiros minutos. Rapidamente, por\u00e9m, a tend\u00eancia se inverteu e o mercado passou a operar de forma est\u00e1vel, mas sempre abaixo do resultado da v\u00e9spera, at\u00e9 o fechamento em 3.675,58 pontos.<\/p>\n\n\n\n<p>O mercado segue \u00e0 espera do resultado das decis\u00f5es de juros nesta quarta-feira (10), tanto nos Estados Unidos quanto no Brasil. L\u00e1 fora, a tend\u00eancia \u00e9 de um novo corte de 0,25 ponto percentual, para o intervalo entre 3,5% e 3,75% ao ano; aqui, a Selic deve permanecer em 15% ao ano.<\/p>\n\n\n\n<p>Mais uma vez, as principais expectativas s\u00e3o para os comunicados. Nos EUA, os analistas esperam um direcionamento mais concreto do Fed sobre as pr\u00f3ximas decis\u00f5es, num cen\u00e1rio ainda marcado por incertezas e atrasos sobre dados, devido ao shutdown vivido pelo governo por 45 dias, em outubro e na primeira quinzena de novembro.<\/p>\n\n\n\n<p>No Brasil, a expectativa \u00e9 se o Copom j\u00e1 apresentar\u00e1 uma tend\u00eancia de queda para a primeira reuni\u00e3o de 2026, em janeiro, ou se aguardar\u00e1 por novos dados sobre infla\u00e7\u00e3o e <a class=\"suno-keyword\" target=\"_blank\" data-force=\"no\" data-priority=\"2\" href=\"https:\/\/www.suno.com.br\/artigos\/mercado-de-trabalho\/\" rel=\"noopener\">mercado de trabalho<\/a>, deixando o in\u00edcio do ciclo de queda da Selic apenas para o segundo encontro do ano, em mar\u00e7o.<\/p>\n\n\n\n<h2 class=\"wp-block-heading\">IFIX \u2014 resumo do dia 09\/12\/2025<\/h2>\n\n\n\n<ul class=\"wp-block-list\">\n<li>Fechamento: 3.675,58 pontos (-0,06%)<\/li>\n\n\n\n<li>M\u00ednima: 3.668,62 (-0,25%)<\/li>\n\n\n\n<li>M\u00e1xima: 3.682,78 (+0,14%)<\/li>\n\n\n\n<li>Acumulado da semana: +0,14%<\/li>\n\n\n\n<li>Acumulado do m\u00eas: +0,41%<\/li>\n\n\n\n<li>Acumulado do ano: +17,95%<\/li>\n<\/ul>\n\n\n\n<p>A <a class=\"suno-keyword\" target=\"_blank\" data-force=\"no\" data-priority=\"1\" href=\"https:\/\/www.suno.com.br\/artigos\/carteira-teorica\/\" rel=\"noopener\">carteira te\u00f3rica<\/a> do IFIX \u00e9 modificada a cada quatro meses pela B3, e conta com 112 <strong>fundos imobili\u00e1rios<\/strong>. A sele\u00e7\u00e3o de um FII leva em conta fatores como valor patrimonial, regularidade no pagamento de dividendos e liquidez das cotas. A atual composi\u00e7\u00e3o da carteira valer\u00e1 at\u00e9 dezembro.<\/p>\n\n\n\t<p>\n\t\t<a href=\"\" target=\"_blank\" data-element=\"shortcode-suno-banner\" title=\"Banner SUNO, clique e saiba mais\">\n\t\t\t<picture>\n\t\t\t\t<source media=\"(max-width: 500px)\" srcset=\"\">\n\t\t\t\t<img class=\"newsContent__article__imgCapa newsContent__article__imgCapa--banner\"\n\t\t\t\t\tsrc=\"\"\n\t\t\t\t\tdata-promo-id=\"285519\"\t\t\t\t\t\t\t\t\t\t\t\t\t\t\talt=\"\"\n\t\t\t\t>\n\t\t\t<\/picture>\n\t\t<\/a>\n\t<\/p>\n\n\n","protected":false},"excerpt":{"rendered":"<p>O mercado de fundos imobili\u00e1rios operou em leve queda nesta ter\u00e7a-feira (9), um dia antes do an\u00fancio do Comit\u00ea de Pol\u00edtica Monet\u00e1ria do Banco Central (Copom) sobre a Selic, e o IFIX caiu 0,06% em rela\u00e7\u00e3o \u00e0 m\u00e1xima hist\u00f3rica registrada na segunda-feira (8). Confira os destaques do mercado de FIIs &#8211; Foto: Pixabay V\u00e1rios FIIs [&hellip;]<\/p>\n","protected":false},"author":339,"featured_media":635073,"comment_status":"closed","ping_status":"closed","sticky":false,"template":"","format":"standard","meta":[],"categories":[66],"tags":[106941,315,2689],"suno_strategy":[],"class_list":["post-635072","post","type-post","status-publish","format-standard","has-post-thumbnail","hentry","category-fiis","tag-fechamento-ifix","tag-fundos-imobiliarios-fiis","tag-ifix"],"yoast_head":"<!-- This site is optimized with the Yoast SEO plugin v24.4 - https:\/\/yoast.com\/wordpress\/plugins\/seo\/ -->\n<title>Fundos imobili\u00e1rios recuam e IFIX cai antes de decis\u00f5es de juros<\/title>\n<meta name=\"description\" content=\"Fundos imobili\u00e1rios t\u00eam dia de leve recuo antes de an\u00fancios de juros nos EUA e no Brasil, com maior espera do mercado por comunicados.\" \/>\n<meta name=\"robots\" content=\"index, follow, max-snippet:-1, max-image-preview:large, max-video-preview:-1\" \/>\n<link rel=\"canonical\" href=\"https:\/\/www.suno.com.br\/noticias\/ifix-fechamento-091225\/\" \/>\n<meta property=\"og:locale\" content=\"pt_BR\" \/>\n<meta property=\"og:type\" content=\"article\" \/>\n<meta property=\"og:title\" content=\"Fundos imobili\u00e1rios recuam e IFIX cai antes de decis\u00f5es de juros\" \/>\n<meta property=\"og:description\" content=\"Fundos imobili\u00e1rios t\u00eam dia de leve recuo antes de an\u00fancios de juros nos EUA e no Brasil, com maior espera do mercado por comunicados.\" \/>\n<meta property=\"og:url\" content=\"https:\/\/www.suno.com.br\/noticias\/ifix-fechamento-091225\/\" \/>\n<meta property=\"og:site_name\" content=\"Suno Not\u00edcias\" \/>\n<meta property=\"article:publisher\" content=\"https:\/\/facebook.com\/sunoresearch\" \/>\n<meta property=\"og:image\" content=\"https:\/\/files.sunoresearch.com.br\/n\/uploads\/2025\/12\/FIIs-IFIX-predios-pb-2-1-jpg.webp\" \/>\n\t<meta property=\"og:image:width\" content=\"1280\" \/>\n\t<meta property=\"og:image:height\" content=\"853\" \/>\n\t<meta property=\"og:image:type\" content=\"image\/jpeg\" \/>\n<meta name=\"author\" content=\"Fernando Cesarotti\" \/>\n<meta name=\"twitter:card\" content=\"summary_large_image\" \/>\n<meta name=\"twitter:creator\" content=\"@sunoresearch\" \/>\n<meta name=\"twitter:site\" content=\"@sunoresearch\" \/>\n<meta name=\"twitter:label1\" content=\"Escrito por\" \/>\n\t<meta name=\"twitter:data1\" content=\"Fernando Cesarotti\" \/>\n\t<meta name=\"twitter:label2\" content=\"Est. tempo de leitura\" \/>\n\t<meta name=\"twitter:data2\" content=\"3 minutos\" \/>\n<script type=\"application\/ld+json\" class=\"yoast-schema-graph\">{\"@context\":\"https:\/\/schema.org\",\"@graph\":[{\"@type\":\"NewsArticle\",\"@id\":\"https:\/\/www.suno.com.br\/noticias\/ifix-fechamento-091225\/#article\",\"isPartOf\":{\"@id\":\"https:\/\/www.suno.com.br\/noticias\/ifix-fechamento-091225\/\"},\"author\":{\"name\":\"Fernando Cesarotti\",\"@id\":\"https:\/\/www.suno.com.br\/noticias\/#\/schema\/person\/02171f82e02ec2306ed662847e114507\"},\"headline\":\"Fundos imobili\u00e1rios t\u00eam recuo leve na v\u00e9spera de an\u00fancio da Selic e IFIX fecha em queda\",\"datePublished\":\"2025-12-10T00:02:00+00:00\",\"dateModified\":\"2025-12-10T05:16:05+00:00\",\"mainEntityOfPage\":{\"@id\":\"https:\/\/www.suno.com.br\/noticias\/ifix-fechamento-091225\/\"},\"wordCount\":508,\"publisher\":{\"@id\":\"https:\/\/www.suno.com.br\/noticias\/#organization\"},\"image\":{\"@id\":\"https:\/\/www.suno.com.br\/noticias\/ifix-fechamento-091225\/#primaryimage\"},\"thumbnailUrl\":\"https:\/\/files.sunoresearch.com.br\/n\/uploads\/2025\/12\/FIIs-IFIX-predios-pb-2-1-jpg.webp\",\"keywords\":[\"Fechamento IFIX\",\"Fundos Imobili\u00e1rios (FIIs)\",\"IFIX\"],\"articleSection\":[\"FIIs\"],\"inLanguage\":\"pt-BR\"},{\"@type\":\"WebPage\",\"@id\":\"https:\/\/www.suno.com.br\/noticias\/ifix-fechamento-091225\/\",\"url\":\"https:\/\/www.suno.com.br\/noticias\/ifix-fechamento-091225\/\",\"name\":\"Fundos imobili\u00e1rios recuam e IFIX cai antes de decis\u00f5es de juros\",\"isPartOf\":{\"@id\":\"https:\/\/www.suno.com.br\/noticias\/#website\"},\"primaryImageOfPage\":{\"@id\":\"https:\/\/www.suno.com.br\/noticias\/ifix-fechamento-091225\/#primaryimage\"},\"image\":{\"@id\":\"https:\/\/www.suno.com.br\/noticias\/ifix-fechamento-091225\/#primaryimage\"},\"thumbnailUrl\":\"https:\/\/files.sunoresearch.com.br\/n\/uploads\/2025\/12\/FIIs-IFIX-predios-pb-2-1-jpg.webp\",\"datePublished\":\"2025-12-10T00:02:00+00:00\",\"dateModified\":\"2025-12-10T05:16:05+00:00\",\"description\":\"Fundos imobili\u00e1rios t\u00eam dia de leve recuo antes de an\u00fancios de juros nos EUA e no Brasil, com maior espera do mercado por comunicados.\",\"breadcrumb\":{\"@id\":\"https:\/\/www.suno.com.br\/noticias\/ifix-fechamento-091225\/#breadcrumb\"},\"inLanguage\":\"pt-BR\",\"potentialAction\":[{\"@type\":\"ReadAction\",\"target\":[\"https:\/\/www.suno.com.br\/noticias\/ifix-fechamento-091225\/\"]}]},{\"@type\":\"ImageObject\",\"inLanguage\":\"pt-BR\",\"@id\":\"https:\/\/www.suno.com.br\/noticias\/ifix-fechamento-091225\/#primaryimage\",\"url\":\"https:\/\/files.sunoresearch.com.br\/n\/uploads\/2025\/12\/FIIs-IFIX-predios-pb-2-1-jpg.webp\",\"contentUrl\":\"https:\/\/files.sunoresearch.com.br\/n\/uploads\/2025\/12\/FIIs-IFIX-predios-pb-2-1-jpg.webp\",\"width\":1280,\"height\":853,\"caption\":\"Confira os destaques do mercado de FIIs - Foto: Pixabay\"},{\"@type\":\"BreadcrumbList\",\"@id\":\"https:\/\/www.suno.com.br\/noticias\/ifix-fechamento-091225\/#breadcrumb\",\"itemListElement\":[{\"@type\":\"ListItem\",\"position\":1,\"name\":\"Not\u00edcias\",\"item\":\"https:\/\/www.suno.com.br\/noticias\/\"},{\"@type\":\"ListItem\",\"position\":2,\"name\":\"FIIs\",\"item\":\"https:\/\/www.suno.com.br\/noticias\/fiis\/\"},{\"@type\":\"ListItem\",\"position\":3,\"name\":\"Fundos imobili\u00e1rios t\u00eam recuo leve na v\u00e9spera de an\u00fancio da Selic e IFIX fecha em queda\"}]},{\"@type\":\"WebSite\",\"@id\":\"https:\/\/www.suno.com.br\/noticias\/#website\",\"url\":\"https:\/\/www.suno.com.br\/noticias\/\",\"name\":\"Suno Not\u00edcias\",\"description\":\"Seu portal de informa\u00e7\u00e3o sobre o mundo dos investimentos\",\"publisher\":{\"@id\":\"https:\/\/www.suno.com.br\/noticias\/#organization\"},\"potentialAction\":[{\"@type\":\"SearchAction\",\"target\":{\"@type\":\"EntryPoint\",\"urlTemplate\":\"https:\/\/www.suno.com.br\/noticias\/?s={search_term_string}\"},\"query-input\":{\"@type\":\"PropertyValueSpecification\",\"valueRequired\":true,\"valueName\":\"search_term_string\"}}],\"inLanguage\":\"pt-BR\"},{\"@type\":\"Organization\",\"@id\":\"https:\/\/www.suno.com.br\/noticias\/#organization\",\"name\":\"Suno Not\u00edcias\",\"url\":\"https:\/\/www.suno.com.br\/noticias\/\",\"logo\":{\"@type\":\"ImageObject\",\"inLanguage\":\"pt-BR\",\"@id\":\"https:\/\/www.suno.com.br\/noticias\/#\/schema\/logo\/image\/\",\"url\":\"https:\/\/files.sunoresearch.com.br\/n\/uploads\/2021\/09\/suno-logo.png\",\"contentUrl\":\"https:\/\/files.sunoresearch.com.br\/n\/uploads\/2021\/09\/suno-logo.png\",\"width\":180,\"height\":180,\"caption\":\"Suno Not\u00edcias\"},\"image\":{\"@id\":\"https:\/\/www.suno.com.br\/noticias\/#\/schema\/logo\/image\/\"},\"sameAs\":[\"https:\/\/facebook.com\/sunoresearch\",\"https:\/\/x.com\/sunoresearch\",\"https:\/\/www.instagram.com\/suno\",\"https:\/\/www.linkedin.com\/company\/suno-research\/\",\"https:\/\/www.youtube.com\/c\/sunoresearch\"]},{\"@type\":\"Person\",\"@id\":\"https:\/\/www.suno.com.br\/noticias\/#\/schema\/person\/02171f82e02ec2306ed662847e114507\",\"name\":\"Fernando Cesarotti\",\"image\":{\"@type\":\"ImageObject\",\"inLanguage\":\"pt-BR\",\"@id\":\"https:\/\/www.suno.com.br\/noticias\/#\/schema\/person\/image\/\",\"url\":\"https:\/\/secure.gravatar.com\/avatar\/fc3a37e1dd6249fd3cfdc1702d00d404?s=96&r=g\",\"contentUrl\":\"https:\/\/secure.gravatar.com\/avatar\/fc3a37e1dd6249fd3cfdc1702d00d404?s=96&r=g\",\"caption\":\"Fernando Cesarotti\"},\"description\":\"Jornalista, editor do FIIs.com.br. Graduado pela Unesp, com p\u00f3s-gradua\u00e7\u00e3o em Jornalismo Liter\u00e1rio, com mais de 20 anos de experi\u00eancia em coberturas de economia, pol\u00edtica e esportes. Passagem tamb\u00e9m pelo meio acad\u00eamico, como professor universit\u00e1rio em cursos de Comunica\u00e7\u00e3o e l\u00edder de empresa j\u00fanior.\",\"url\":\"https:\/\/www.suno.com.br\/noticias\/author\/fcesarottigmail-com\/\"}]}<\/script>\n<!-- \/ Yoast SEO plugin. -->","yoast_head_json":{"title":"Fundos imobili\u00e1rios recuam e IFIX cai antes de decis\u00f5es de juros","description":"Fundos imobili\u00e1rios t\u00eam dia de leve recuo antes de an\u00fancios de juros nos EUA e no Brasil, com maior espera do mercado por comunicados.","robots":{"index":"index","follow":"follow","max-snippet":"max-snippet:-1","max-image-preview":"max-image-preview:large","max-video-preview":"max-video-preview:-1"},"canonical":"https:\/\/www.suno.com.br\/noticias\/ifix-fechamento-091225\/","og_locale":"pt_BR","og_type":"article","og_title":"Fundos imobili\u00e1rios recuam e IFIX cai antes de decis\u00f5es de juros","og_description":"Fundos imobili\u00e1rios t\u00eam dia de leve recuo antes de an\u00fancios de juros nos EUA e no Brasil, com maior espera do mercado por comunicados.","og_url":"https:\/\/www.suno.com.br\/noticias\/ifix-fechamento-091225\/","og_site_name":"Suno Not\u00edcias","article_publisher":"https:\/\/facebook.com\/sunoresearch","og_image":[{"width":1280,"height":853,"url":"https:\/\/files.sunoresearch.com.br\/n\/uploads\/2025\/12\/FIIs-IFIX-predios-pb-2-1-jpg.webp","type":"image\/jpeg"}],"author":"Fernando Cesarotti","twitter_card":"summary_large_image","twitter_creator":"@sunoresearch","twitter_site":"@sunoresearch","twitter_misc":{"Escrito por":"Fernando Cesarotti","Est. tempo de leitura":"3 minutos"},"schema":{"@context":"https:\/\/schema.org","@graph":[{"@type":"NewsArticle","@id":"https:\/\/www.suno.com.br\/noticias\/ifix-fechamento-091225\/#article","isPartOf":{"@id":"https:\/\/www.suno.com.br\/noticias\/ifix-fechamento-091225\/"},"author":{"name":"Fernando Cesarotti","@id":"https:\/\/www.suno.com.br\/noticias\/#\/schema\/person\/02171f82e02ec2306ed662847e114507"},"headline":"Fundos imobili\u00e1rios t\u00eam recuo leve na v\u00e9spera de an\u00fancio da Selic e IFIX fecha em queda","datePublished":"2025-12-10T00:02:00+00:00","dateModified":"2025-12-10T05:16:05+00:00","mainEntityOfPage":{"@id":"https:\/\/www.suno.com.br\/noticias\/ifix-fechamento-091225\/"},"wordCount":508,"publisher":{"@id":"https:\/\/www.suno.com.br\/noticias\/#organization"},"image":{"@id":"https:\/\/www.suno.com.br\/noticias\/ifix-fechamento-091225\/#primaryimage"},"thumbnailUrl":"https:\/\/files.sunoresearch.com.br\/n\/uploads\/2025\/12\/FIIs-IFIX-predios-pb-2-1-jpg.webp","keywords":["Fechamento IFIX","Fundos Imobili\u00e1rios (FIIs)","IFIX"],"articleSection":["FIIs"],"inLanguage":"pt-BR"},{"@type":"WebPage","@id":"https:\/\/www.suno.com.br\/noticias\/ifix-fechamento-091225\/","url":"https:\/\/www.suno.com.br\/noticias\/ifix-fechamento-091225\/","name":"Fundos imobili\u00e1rios recuam e IFIX cai antes de decis\u00f5es de juros","isPartOf":{"@id":"https:\/\/www.suno.com.br\/noticias\/#website"},"primaryImageOfPage":{"@id":"https:\/\/www.suno.com.br\/noticias\/ifix-fechamento-091225\/#primaryimage"},"image":{"@id":"https:\/\/www.suno.com.br\/noticias\/ifix-fechamento-091225\/#primaryimage"},"thumbnailUrl":"https:\/\/files.sunoresearch.com.br\/n\/uploads\/2025\/12\/FIIs-IFIX-predios-pb-2-1-jpg.webp","datePublished":"2025-12-10T00:02:00+00:00","dateModified":"2025-12-10T05:16:05+00:00","description":"Fundos imobili\u00e1rios t\u00eam dia de leve recuo antes de an\u00fancios de juros nos EUA e no Brasil, com maior espera do mercado por comunicados.","breadcrumb":{"@id":"https:\/\/www.suno.com.br\/noticias\/ifix-fechamento-091225\/#breadcrumb"},"inLanguage":"pt-BR","potentialAction":[{"@type":"ReadAction","target":["https:\/\/www.suno.com.br\/noticias\/ifix-fechamento-091225\/"]}]},{"@type":"ImageObject","inLanguage":"pt-BR","@id":"https:\/\/www.suno.com.br\/noticias\/ifix-fechamento-091225\/#primaryimage","url":"https:\/\/files.sunoresearch.com.br\/n\/uploads\/2025\/12\/FIIs-IFIX-predios-pb-2-1-jpg.webp","contentUrl":"https:\/\/files.sunoresearch.com.br\/n\/uploads\/2025\/12\/FIIs-IFIX-predios-pb-2-1-jpg.webp","width":1280,"height":853,"caption":"Confira os destaques do mercado de FIIs - Foto: Pixabay"},{"@type":"BreadcrumbList","@id":"https:\/\/www.suno.com.br\/noticias\/ifix-fechamento-091225\/#breadcrumb","itemListElement":[{"@type":"ListItem","position":1,"name":"Not\u00edcias","item":"https:\/\/www.suno.com.br\/noticias\/"},{"@type":"ListItem","position":2,"name":"FIIs","item":"https:\/\/www.suno.com.br\/noticias\/fiis\/"},{"@type":"ListItem","position":3,"name":"Fundos imobili\u00e1rios t\u00eam recuo leve na v\u00e9spera de an\u00fancio da Selic e IFIX fecha em queda"}]},{"@type":"WebSite","@id":"https:\/\/www.suno.com.br\/noticias\/#website","url":"https:\/\/www.suno.com.br\/noticias\/","name":"Suno Not\u00edcias","description":"Seu portal de informa\u00e7\u00e3o sobre o mundo dos investimentos","publisher":{"@id":"https:\/\/www.suno.com.br\/noticias\/#organization"},"potentialAction":[{"@type":"SearchAction","target":{"@type":"EntryPoint","urlTemplate":"https:\/\/www.suno.com.br\/noticias\/?s={search_term_string}"},"query-input":{"@type":"PropertyValueSpecification","valueRequired":true,"valueName":"search_term_string"}}],"inLanguage":"pt-BR"},{"@type":"Organization","@id":"https:\/\/www.suno.com.br\/noticias\/#organization","name":"Suno Not\u00edcias","url":"https:\/\/www.suno.com.br\/noticias\/","logo":{"@type":"ImageObject","inLanguage":"pt-BR","@id":"https:\/\/www.suno.com.br\/noticias\/#\/schema\/logo\/image\/","url":"https:\/\/files.sunoresearch.com.br\/n\/uploads\/2021\/09\/suno-logo.png","contentUrl":"https:\/\/files.sunoresearch.com.br\/n\/uploads\/2021\/09\/suno-logo.png","width":180,"height":180,"caption":"Suno Not\u00edcias"},"image":{"@id":"https:\/\/www.suno.com.br\/noticias\/#\/schema\/logo\/image\/"},"sameAs":["https:\/\/facebook.com\/sunoresearch","https:\/\/x.com\/sunoresearch","https:\/\/www.instagram.com\/suno","https:\/\/www.linkedin.com\/company\/suno-research\/","https:\/\/www.youtube.com\/c\/sunoresearch"]},{"@type":"Person","@id":"https:\/\/www.suno.com.br\/noticias\/#\/schema\/person\/02171f82e02ec2306ed662847e114507","name":"Fernando Cesarotti","image":{"@type":"ImageObject","inLanguage":"pt-BR","@id":"https:\/\/www.suno.com.br\/noticias\/#\/schema\/person\/image\/","url":"https:\/\/secure.gravatar.com\/avatar\/fc3a37e1dd6249fd3cfdc1702d00d404?s=96&r=g","contentUrl":"https:\/\/secure.gravatar.com\/avatar\/fc3a37e1dd6249fd3cfdc1702d00d404?s=96&r=g","caption":"Fernando Cesarotti"},"description":"Jornalista, editor do FIIs.com.br. Graduado pela Unesp, com p\u00f3s-gradua\u00e7\u00e3o em Jornalismo Liter\u00e1rio, com mais de 20 anos de experi\u00eancia em coberturas de economia, pol\u00edtica e esportes. Passagem tamb\u00e9m pelo meio acad\u00eamico, como professor universit\u00e1rio em cursos de Comunica\u00e7\u00e3o e l\u00edder de empresa j\u00fanior.","url":"https:\/\/www.suno.com.br\/noticias\/author\/fcesarottigmail-com\/"}]}},"default_loop_html":"<div class=\"cardsPage__listCard__boxs\"><div class=\"cardsPage__listCard__boxs__img\"><a href=\"https:\/\/www.suno.com.br\/noticias\/ifix-fechamento-091225\/\"><img class=\"mask\" src=\"https:\/\/www.suno.com.br\/noticias\/wp-content\/themes\/suno\/resources\/images\/spotlight\/spotlight1img\/bg-mask.png\" alt=\"Image Mask\"\/><img src=\"https:\/\/files.sunoresearch.com.br\/n\/uploads\/2025\/12\/FIIs-IFIX-predios-pb-2-1-400x200.webp\" alt=\"Fundos imobili\u00e1rios t\u00eam recuo leve na v\u00e9spera de an\u00fancio da Selic e IFIX fecha em queda\"\/><\/a><span class=\"spotlightCategory\"><a href=\"https:\/\/www.suno.com.br\/noticias\/fiis\/\">FIIs<\/a><\/span><\/div><div class=\"cardsPage__listCard__boxs__content\"><a href=\"https:\/\/www.suno.com.br\/noticias\/ifix-fechamento-091225\/\"><h2 class=\"content__title\">Fundos imobili\u00e1rios t\u00eam recuo leve na v\u00e9spera de an\u00fancio da Selic e IFIX fecha em queda<\/h2><\/a><div class=\"newsContent__article__meta\"><div class=\"newsContent__article__meta__authorBox\"><a href=\"https:\/\/www.suno.com.br\/noticias\/author\/fcesarottigmail-com\/\" class=\"authorBox__avatar noMobi\"><img src=\"https:\/\/files.sunoresearch.com.br\/n\/uploads\/2024\/02\/perfil-150x150.jpg\" alt=\"Fernando Cesarotti\"><\/a><div class=\"authorBox__name\"><span>por\n\t\t\t<a href=\"https:\/\/www.suno.com.br\/noticias\/author\/fcesarottigmail-com\/\"><span itemprop=\"author\">Fernando Cesarotti<\/span><\/a><\/span><time datetime=\"2025-12-09T21:02:00-03:00\" itemprop=\"datePublished\">09\/12\/2025 21:02<\/time><\/div><\/div><\/div><\/div><\/div>","single_layout":"posts","amp_enabled":true,"_links":{"self":[{"href":"https:\/\/www.suno.com.br\/noticias\/wp-json\/wp\/v2\/posts\/635072"}],"collection":[{"href":"https:\/\/www.suno.com.br\/noticias\/wp-json\/wp\/v2\/posts"}],"about":[{"href":"https:\/\/www.suno.com.br\/noticias\/wp-json\/wp\/v2\/types\/post"}],"author":[{"embeddable":true,"href":"https:\/\/www.suno.com.br\/noticias\/wp-json\/wp\/v2\/users\/339"}],"replies":[{"embeddable":true,"href":"https:\/\/www.suno.com.br\/noticias\/wp-json\/wp\/v2\/comments?post=635072"}],"version-history":[{"count":3,"href":"https:\/\/www.suno.com.br\/noticias\/wp-json\/wp\/v2\/posts\/635072\/revisions"}],"predecessor-version":[{"id":635078,"href":"https:\/\/www.suno.com.br\/noticias\/wp-json\/wp\/v2\/posts\/635072\/revisions\/635078"}],"wp:featuredmedia":[{"embeddable":true,"href":"https:\/\/www.suno.com.br\/noticias\/wp-json\/wp\/v2\/media\/635073"}],"wp:attachment":[{"href":"https:\/\/www.suno.com.br\/noticias\/wp-json\/wp\/v2\/media?parent=635072"}],"wp:term":[{"taxonomy":"category","embeddable":true,"href":"https:\/\/www.suno.com.br\/noticias\/wp-json\/wp\/v2\/categories?post=635072"},{"taxonomy":"post_tag","embeddable":true,"href":"https:\/\/www.suno.com.br\/noticias\/wp-json\/wp\/v2\/tags?post=635072"},{"taxonomy":"suno_strategy","embeddable":true,"href":"https:\/\/www.suno.com.br\/noticias\/wp-json\/wp\/v2\/suno_strategy?post=635072"}],"curies":[{"name":"wp","href":"https:\/\/api.w.org\/{rel}","templated":true}]}}