{"id":634714,"date":"2025-12-05T17:15:28","date_gmt":"2025-12-05T20:15:28","guid":{"rendered":"https:\/\/www.suno.com.br\/noticias\/sare11-liquidacao-amortizacao-btlg11\/"},"modified":"2025-12-05T23:43:41","modified_gmt":"2025-12-06T02:43:41","slug":"sare11-liquidacao-amortizacao-btlg11","status":"publish","type":"post","link":"https:\/\/www.suno.com.br\/noticias\/sare11-liquidacao-amortizacao-btlg11\/","title":{"rendered":"SARE11 conclui liquida\u00e7\u00e3o e divulga amortiza\u00e7\u00e3o; confira valor"},"content":{"rendered":"<p>O fundo imobili\u00e1rio <strong>SARE11<\/strong> entrou na fase conclusiva de sua liquida\u00e7\u00e3o, com a confirma\u00e7\u00e3o do valor total de amortiza\u00e7\u00e3o em R$ 5,0296604 por cota. Esse montante servir\u00e1 tamb\u00e9m como refer\u00eancia para a reten\u00e7\u00e3o do <a class=\"suno-keyword\" data-force=\"no\" data-priority=\"2\" href=\"https:\/\/www.suno.com.br\/guias\/imposto-de-renda-guia\/\" target=\"_blank\" rel=\"noopener\">imposto de renda<\/a> na fonte. A opera\u00e7\u00e3o decorre da venda integral dos ativos do portf\u00f3lio ao BTLG11 e ser\u00e1 liquidada em duas modalidades de pagamento aos cotistas, combinando entrega de cotas e parcela em esp\u00e9cie.<\/p>\t<div class=\"wrapper-featured-image\">\n\t\t<figure class=\"spotlightImg\">\n\n\t\t\t<picture>\n\t\t\t\t<source media=\"(max-width: 768px)\" srcset=\"https:\/\/files.sunoresearch.com.br\/n\/uploads\/2025\/12\/MXRF11-2-400x200.webp\">\n\t\t\t\t<img loading=\"lazy\" decoding=\"async\" class=\"newsContent__article__imgCapa lazyloadDisabled \" src=\"https:\/\/files.sunoresearch.com.br\/n\/uploads\/2025\/12\/MXRF11-2-800x450.webp\" width=\"800\" height=\"450\" alt=\"SARE11 conclui liquida\u00e7\u00e3o e divulga amortiza\u00e7\u00e3o; confira valor\" fetchpriority=high \/>\n\t\t\t<\/picture>\n\n\t\t\t<figcaption class=\"wp-caption-text wp-caption-text--show\">SARE11 entra na fase final de liquida\u00e7\u00e3o e define valor de amortiza\u00e7\u00e3o. Foto: Pixabay<\/figcaption>\n\t\t<\/figure>\n\t<\/div>\n\n\n\n\n\n\n<p>A primeira modalidade corresponde a R$ 4,66737323 por cota, a serem entregues em cotas do BTLG11, totalizando aproximadamente R$ 431 milh\u00f5es. A segunda parcela, no valor de R$ 0,36228718 por cota, ser\u00e1 paga em dinheiro, somando R$ 33,45 milh\u00f5es. Com isso, a amortiza\u00e7\u00e3o integral do <strong>SARE11<\/strong> fica definida, oferecendo previsibilidade ao investidor sobre valores e prazos.<\/p>\n\n\n\n<p>Convers\u00e3o entre fundos: a cada cota do <strong>fundo imobili\u00e1rio SARE11<\/strong>, o investidor receber\u00e1 0,0450953935 cotas de BTLG11, o que equivale, de forma proporcional, a uma cota de BTLG11 para cada 22,1752139697 cotas de SARE11. O pre\u00e7o de fechamento do BTLG11 em 1\u00ba de dezembro de 2025, de R$ 103,50, foi adotado como custo m\u00e9dio para a parcela convertida, baseando os c\u00e1lculos de distribui\u00e7\u00e3o e de apura\u00e7\u00e3o fiscal.<\/p>\n\n\n\n<p>Foram destinadas 4.164.257 cotas de BTLG11 para distribui\u00e7\u00e3o entre os cotistas. A fra\u00e7\u00e3o excedente foi vendida pelo <strong>FII SARE11<\/strong> a fim de permitir a reten\u00e7\u00e3o adequada do imposto de renda, evitando res\u00edduos de fracionamento e simplificando a concilia\u00e7\u00e3o tribut\u00e1ria do processo.<\/p>\n\n\n\n<h2 class=\"wp-block-heading\">SARE11: confira as regras tribut\u00e1rias<\/h2>\n\n\n\n<p>A gest\u00e3o informou que cotistas que n\u00e3o apresentaram o custo m\u00e9dio de aquisi\u00e7\u00e3o, ou o fizeram em formato inadequado, ter\u00e3o a tributa\u00e7\u00e3o calculada pelo menor pre\u00e7o hist\u00f3rico do SARE11 na B3, fixado em R$ 3,41 por cota. A gest\u00e3o ressalta que n\u00e3o assumir\u00e1 responsabilidade por ajustes ou restitui\u00e7\u00f5es futuras caso a reten\u00e7\u00e3o supere o devido.<\/p>\n\n\n\n<p>O edital de convoca\u00e7\u00e3o com a proposta de liquida\u00e7\u00e3o foi publicado em 19 de maio de 2025. A assembleia aprovou a opera\u00e7\u00e3o em 10 de junho, com conclus\u00e3o do fechamento em 16 de outubro e encerramento das negocia\u00e7\u00f5es do <strong>fundo SARE11<\/strong> na B3 em 23 de outubro.<\/p>\n\n\n\n<p>Entre 28 de outubro e 27 de novembro, cotistas puderam declarar o custo m\u00e9dio. Em 2 de dezembro, foram informadas as propor\u00e7\u00f5es e valores. A entrega das cotas do BTLG11 ocorre em 5 de dezembro, a apura\u00e7\u00e3o fiscal em 9 de dezembro e o encerramento definitivo em 11 de dezembro de 2025.<\/p>\n","protected":false},"excerpt":{"rendered":"<p>O Fundo imobili\u00e1rio SARE11 entrou na fase conclusiva de sua liquida\u00e7\u00e3o, com a confirma\u00e7\u00e3o do valor total de amortiza\u00e7\u00e3o em R$ 5,0296604 por cota. Esse montante servir\u00e1 tamb\u00e9m como refer\u00eancia para a reten\u00e7\u00e3o do imposto de renda na fonte. A opera\u00e7\u00e3o decorre da venda integral dos ativos do portf\u00f3lio ao BTLG11 e ser\u00e1 liquidada em &hellip; Continued<\/p>\n","protected":false},"author":43,"featured_media":634715,"comment_status":"closed","ping_status":"closed","sticky":false,"template":"","format":"standard","meta":[],"categories":[66],"tags":[315,106759],"suno_strategy":[],"class_list":["post-634714","post","type-post","status-publish","format-standard","has-post-thumbnail","hentry","category-fiis","tag-fundos-imobiliarios-fiis","tag-sare11"],"yoast_head":"<!-- This site is optimized with the Yoast SEO plugin v24.4 - https:\/\/yoast.com\/wordpress\/plugins\/seo\/ -->\n<title>SARE11 conclui liquida\u00e7\u00e3o e divulga amortiza\u00e7\u00e3o; veja valor<\/title>\n<meta name=\"description\" content=\"SARE11 confirma liquida\u00e7\u00e3o: R$ 5,0296604 por cota, parte em BTLG11 e parte em esp\u00e9cie. Veja regras fiscais e cronograma final.\" \/>\n<meta name=\"robots\" content=\"index, follow, max-snippet:-1, max-image-preview:large, max-video-preview:-1\" \/>\n<link rel=\"canonical\" href=\"https:\/\/www.suno.com.br\/noticias\/sare11-liquidacao-amortizacao-btlg11\/\" \/>\n<meta property=\"og:locale\" content=\"pt_BR\" \/>\n<meta property=\"og:type\" content=\"article\" \/>\n<meta property=\"og:title\" content=\"SARE11 conclui liquida\u00e7\u00e3o e divulga amortiza\u00e7\u00e3o; veja valor\" \/>\n<meta property=\"og:description\" content=\"SARE11 confirma liquida\u00e7\u00e3o: R$ 5,0296604 por cota, parte em BTLG11 e parte em esp\u00e9cie. Veja regras fiscais e cronograma final.\" \/>\n<meta property=\"og:url\" content=\"https:\/\/www.suno.com.br\/noticias\/sare11-liquidacao-amortizacao-btlg11\/\" \/>\n<meta property=\"og:site_name\" content=\"Suno Not\u00edcias\" \/>\n<meta property=\"article:publisher\" content=\"https:\/\/facebook.com\/sunoresearch\" \/>\n<meta property=\"article:author\" content=\"https:\/\/www.facebook.com\/sunonoticias\/\" \/>\n<meta property=\"og:image\" content=\"https:\/\/files.sunoresearch.com.br\/n\/uploads\/2025\/12\/MXRF11-2-jpg.webp\" \/>\n\t<meta property=\"og:image:width\" content=\"1280\" \/>\n\t<meta property=\"og:image:height\" content=\"959\" \/>\n\t<meta property=\"og:image:type\" content=\"image\/jpeg\" \/>\n<meta name=\"author\" content=\"Reda\u00e7\u00e3o Suno Not\u00edcias\" \/>\n<meta name=\"twitter:card\" content=\"summary_large_image\" \/>\n<meta name=\"twitter:creator\" content=\"@https:\/\/twitter.com\/sunoresearch\" \/>\n<meta name=\"twitter:site\" content=\"@sunoresearch\" \/>\n<meta name=\"twitter:label1\" content=\"Escrito por\" \/>\n\t<meta name=\"twitter:data1\" content=\"Reda\u00e7\u00e3o Suno Not\u00edcias\" \/>\n\t<meta name=\"twitter:label2\" content=\"Est. tempo de leitura\" \/>\n\t<meta name=\"twitter:data2\" content=\"3 minutos\" \/>\n<script type=\"application\/ld+json\" class=\"yoast-schema-graph\">{\"@context\":\"https:\/\/schema.org\",\"@graph\":[{\"@type\":\"NewsArticle\",\"@id\":\"https:\/\/www.suno.com.br\/noticias\/sare11-liquidacao-amortizacao-btlg11\/#article\",\"isPartOf\":{\"@id\":\"https:\/\/www.suno.com.br\/noticias\/sare11-liquidacao-amortizacao-btlg11\/\"},\"author\":{\"name\":\"Reda\u00e7\u00e3o Suno Not\u00edcias\",\"@id\":\"https:\/\/www.suno.com.br\/noticias\/#\/schema\/person\/c1b1bd3727fa852bd045e9dbff3673ea\"},\"headline\":\"SARE11 conclui liquida\u00e7\u00e3o e divulga amortiza\u00e7\u00e3o; confira valor\",\"datePublished\":\"2025-12-05T20:15:28+00:00\",\"dateModified\":\"2025-12-06T02:43:41+00:00\",\"mainEntityOfPage\":{\"@id\":\"https:\/\/www.suno.com.br\/noticias\/sare11-liquidacao-amortizacao-btlg11\/\"},\"wordCount\":425,\"publisher\":{\"@id\":\"https:\/\/www.suno.com.br\/noticias\/#organization\"},\"image\":{\"@id\":\"https:\/\/www.suno.com.br\/noticias\/sare11-liquidacao-amortizacao-btlg11\/#primaryimage\"},\"thumbnailUrl\":\"https:\/\/files.sunoresearch.com.br\/n\/uploads\/2025\/12\/MXRF11-2-jpg.webp\",\"keywords\":[\"Fundos Imobili\u00e1rios (FIIs)\",\"SARE11\"],\"articleSection\":[\"FIIs\"],\"inLanguage\":\"pt-BR\"},{\"@type\":\"WebPage\",\"@id\":\"https:\/\/www.suno.com.br\/noticias\/sare11-liquidacao-amortizacao-btlg11\/\",\"url\":\"https:\/\/www.suno.com.br\/noticias\/sare11-liquidacao-amortizacao-btlg11\/\",\"name\":\"SARE11 conclui liquida\u00e7\u00e3o e divulga amortiza\u00e7\u00e3o; veja valor\",\"isPartOf\":{\"@id\":\"https:\/\/www.suno.com.br\/noticias\/#website\"},\"primaryImageOfPage\":{\"@id\":\"https:\/\/www.suno.com.br\/noticias\/sare11-liquidacao-amortizacao-btlg11\/#primaryimage\"},\"image\":{\"@id\":\"https:\/\/www.suno.com.br\/noticias\/sare11-liquidacao-amortizacao-btlg11\/#primaryimage\"},\"thumbnailUrl\":\"https:\/\/files.sunoresearch.com.br\/n\/uploads\/2025\/12\/MXRF11-2-jpg.webp\",\"datePublished\":\"2025-12-05T20:15:28+00:00\",\"dateModified\":\"2025-12-06T02:43:41+00:00\",\"description\":\"SARE11 confirma liquida\u00e7\u00e3o: R$ 5,0296604 por cota, parte em BTLG11 e parte em esp\u00e9cie. Veja regras fiscais e cronograma final.\",\"breadcrumb\":{\"@id\":\"https:\/\/www.suno.com.br\/noticias\/sare11-liquidacao-amortizacao-btlg11\/#breadcrumb\"},\"inLanguage\":\"pt-BR\",\"potentialAction\":[{\"@type\":\"ReadAction\",\"target\":[\"https:\/\/www.suno.com.br\/noticias\/sare11-liquidacao-amortizacao-btlg11\/\"]}]},{\"@type\":\"ImageObject\",\"inLanguage\":\"pt-BR\",\"@id\":\"https:\/\/www.suno.com.br\/noticias\/sare11-liquidacao-amortizacao-btlg11\/#primaryimage\",\"url\":\"https:\/\/files.sunoresearch.com.br\/n\/uploads\/2025\/12\/MXRF11-2-jpg.webp\",\"contentUrl\":\"https:\/\/files.sunoresearch.com.br\/n\/uploads\/2025\/12\/MXRF11-2-jpg.webp\",\"width\":1280,\"height\":959,\"caption\":\"SARE11 entra na fase final de liquida\u00e7\u00e3o e define valor de amortiza\u00e7\u00e3o. Foto: Pixabay\"},{\"@type\":\"BreadcrumbList\",\"@id\":\"https:\/\/www.suno.com.br\/noticias\/sare11-liquidacao-amortizacao-btlg11\/#breadcrumb\",\"itemListElement\":[{\"@type\":\"ListItem\",\"position\":1,\"name\":\"Not\u00edcias\",\"item\":\"https:\/\/www.suno.com.br\/noticias\/\"},{\"@type\":\"ListItem\",\"position\":2,\"name\":\"FIIs\",\"item\":\"https:\/\/www.suno.com.br\/noticias\/fiis\/\"},{\"@type\":\"ListItem\",\"position\":3,\"name\":\"SARE11 conclui liquida\u00e7\u00e3o e divulga amortiza\u00e7\u00e3o; confira valor\"}]},{\"@type\":\"WebSite\",\"@id\":\"https:\/\/www.suno.com.br\/noticias\/#website\",\"url\":\"https:\/\/www.suno.com.br\/noticias\/\",\"name\":\"Suno Not\u00edcias\",\"description\":\"Seu portal de informa\u00e7\u00e3o sobre o mundo dos investimentos\",\"publisher\":{\"@id\":\"https:\/\/www.suno.com.br\/noticias\/#organization\"},\"potentialAction\":[{\"@type\":\"SearchAction\",\"target\":{\"@type\":\"EntryPoint\",\"urlTemplate\":\"https:\/\/www.suno.com.br\/noticias\/?s={search_term_string}\"},\"query-input\":{\"@type\":\"PropertyValueSpecification\",\"valueRequired\":true,\"valueName\":\"search_term_string\"}}],\"inLanguage\":\"pt-BR\"},{\"@type\":\"Organization\",\"@id\":\"https:\/\/www.suno.com.br\/noticias\/#organization\",\"name\":\"Suno Not\u00edcias\",\"url\":\"https:\/\/www.suno.com.br\/noticias\/\",\"logo\":{\"@type\":\"ImageObject\",\"inLanguage\":\"pt-BR\",\"@id\":\"https:\/\/www.suno.com.br\/noticias\/#\/schema\/logo\/image\/\",\"url\":\"https:\/\/files.sunoresearch.com.br\/n\/uploads\/2021\/09\/suno-logo.png\",\"contentUrl\":\"https:\/\/files.sunoresearch.com.br\/n\/uploads\/2021\/09\/suno-logo.png\",\"width\":180,\"height\":180,\"caption\":\"Suno Not\u00edcias\"},\"image\":{\"@id\":\"https:\/\/www.suno.com.br\/noticias\/#\/schema\/logo\/image\/\"},\"sameAs\":[\"https:\/\/facebook.com\/sunoresearch\",\"https:\/\/x.com\/sunoresearch\",\"https:\/\/www.instagram.com\/suno\",\"https:\/\/www.linkedin.com\/company\/suno-research\/\",\"https:\/\/www.youtube.com\/c\/sunoresearch\"]},{\"@type\":\"Person\",\"@id\":\"https:\/\/www.suno.com.br\/noticias\/#\/schema\/person\/c1b1bd3727fa852bd045e9dbff3673ea\",\"name\":\"Reda\u00e7\u00e3o Suno Not\u00edcias\",\"image\":{\"@type\":\"ImageObject\",\"inLanguage\":\"pt-BR\",\"@id\":\"https:\/\/www.suno.com.br\/noticias\/#\/schema\/person\/image\/\",\"url\":\"https:\/\/secure.gravatar.com\/avatar\/b8104b9b5a71985d5238ee59fbe418af?s=96&r=g\",\"contentUrl\":\"https:\/\/secure.gravatar.com\/avatar\/b8104b9b5a71985d5238ee59fbe418af?s=96&r=g\",\"caption\":\"Reda\u00e7\u00e3o Suno Not\u00edcias\"},\"description\":\"O Suno Not\u00edcias \u00e9 um portal de informa\u00e7\u00f5es sobre Mercado Financeiro, Pol\u00edtica, Neg\u00f3cios, Economia e Finan\u00e7as Pessoais.\",\"sameAs\":[\"https:\/\/www.suno.com.br\/noticias\",\"https:\/\/www.facebook.com\/sunonoticias\/\",\"https:\/\/www.instagram.com\/sunonoticias\/\",\"https:\/\/x.com\/https:\/\/twitter.com\/sunoresearch\",\"https:\/\/www.youtube.com\/sunonoticias\"],\"url\":\"https:\/\/www.suno.com.br\/noticias\/author\/redacao-suno\/\"}]}<\/script>\n<!-- \/ Yoast SEO plugin. -->","yoast_head_json":{"title":"SARE11 conclui liquida\u00e7\u00e3o e divulga amortiza\u00e7\u00e3o; veja valor","description":"SARE11 confirma liquida\u00e7\u00e3o: R$ 5,0296604 por cota, parte em BTLG11 e parte em esp\u00e9cie. Veja regras fiscais e cronograma final.","robots":{"index":"index","follow":"follow","max-snippet":"max-snippet:-1","max-image-preview":"max-image-preview:large","max-video-preview":"max-video-preview:-1"},"canonical":"https:\/\/www.suno.com.br\/noticias\/sare11-liquidacao-amortizacao-btlg11\/","og_locale":"pt_BR","og_type":"article","og_title":"SARE11 conclui liquida\u00e7\u00e3o e divulga amortiza\u00e7\u00e3o; veja valor","og_description":"SARE11 confirma liquida\u00e7\u00e3o: R$ 5,0296604 por cota, parte em BTLG11 e parte em esp\u00e9cie. Veja regras fiscais e cronograma final.","og_url":"https:\/\/www.suno.com.br\/noticias\/sare11-liquidacao-amortizacao-btlg11\/","og_site_name":"Suno Not\u00edcias","article_publisher":"https:\/\/facebook.com\/sunoresearch","article_author":"https:\/\/www.facebook.com\/sunonoticias\/","og_image":[{"width":1280,"height":959,"url":"https:\/\/files.sunoresearch.com.br\/n\/uploads\/2025\/12\/MXRF11-2-jpg.webp","type":"image\/jpeg"}],"author":"Reda\u00e7\u00e3o Suno Not\u00edcias","twitter_card":"summary_large_image","twitter_creator":"@https:\/\/twitter.com\/sunoresearch","twitter_site":"@sunoresearch","twitter_misc":{"Escrito por":"Reda\u00e7\u00e3o Suno Not\u00edcias","Est. tempo de leitura":"3 minutos"},"schema":{"@context":"https:\/\/schema.org","@graph":[{"@type":"NewsArticle","@id":"https:\/\/www.suno.com.br\/noticias\/sare11-liquidacao-amortizacao-btlg11\/#article","isPartOf":{"@id":"https:\/\/www.suno.com.br\/noticias\/sare11-liquidacao-amortizacao-btlg11\/"},"author":{"name":"Reda\u00e7\u00e3o Suno Not\u00edcias","@id":"https:\/\/www.suno.com.br\/noticias\/#\/schema\/person\/c1b1bd3727fa852bd045e9dbff3673ea"},"headline":"SARE11 conclui liquida\u00e7\u00e3o e divulga amortiza\u00e7\u00e3o; confira valor","datePublished":"2025-12-05T20:15:28+00:00","dateModified":"2025-12-06T02:43:41+00:00","mainEntityOfPage":{"@id":"https:\/\/www.suno.com.br\/noticias\/sare11-liquidacao-amortizacao-btlg11\/"},"wordCount":425,"publisher":{"@id":"https:\/\/www.suno.com.br\/noticias\/#organization"},"image":{"@id":"https:\/\/www.suno.com.br\/noticias\/sare11-liquidacao-amortizacao-btlg11\/#primaryimage"},"thumbnailUrl":"https:\/\/files.sunoresearch.com.br\/n\/uploads\/2025\/12\/MXRF11-2-jpg.webp","keywords":["Fundos Imobili\u00e1rios (FIIs)","SARE11"],"articleSection":["FIIs"],"inLanguage":"pt-BR"},{"@type":"WebPage","@id":"https:\/\/www.suno.com.br\/noticias\/sare11-liquidacao-amortizacao-btlg11\/","url":"https:\/\/www.suno.com.br\/noticias\/sare11-liquidacao-amortizacao-btlg11\/","name":"SARE11 conclui liquida\u00e7\u00e3o e divulga amortiza\u00e7\u00e3o; veja valor","isPartOf":{"@id":"https:\/\/www.suno.com.br\/noticias\/#website"},"primaryImageOfPage":{"@id":"https:\/\/www.suno.com.br\/noticias\/sare11-liquidacao-amortizacao-btlg11\/#primaryimage"},"image":{"@id":"https:\/\/www.suno.com.br\/noticias\/sare11-liquidacao-amortizacao-btlg11\/#primaryimage"},"thumbnailUrl":"https:\/\/files.sunoresearch.com.br\/n\/uploads\/2025\/12\/MXRF11-2-jpg.webp","datePublished":"2025-12-05T20:15:28+00:00","dateModified":"2025-12-06T02:43:41+00:00","description":"SARE11 confirma liquida\u00e7\u00e3o: R$ 5,0296604 por cota, parte em BTLG11 e parte em esp\u00e9cie. Veja regras fiscais e cronograma final.","breadcrumb":{"@id":"https:\/\/www.suno.com.br\/noticias\/sare11-liquidacao-amortizacao-btlg11\/#breadcrumb"},"inLanguage":"pt-BR","potentialAction":[{"@type":"ReadAction","target":["https:\/\/www.suno.com.br\/noticias\/sare11-liquidacao-amortizacao-btlg11\/"]}]},{"@type":"ImageObject","inLanguage":"pt-BR","@id":"https:\/\/www.suno.com.br\/noticias\/sare11-liquidacao-amortizacao-btlg11\/#primaryimage","url":"https:\/\/files.sunoresearch.com.br\/n\/uploads\/2025\/12\/MXRF11-2-jpg.webp","contentUrl":"https:\/\/files.sunoresearch.com.br\/n\/uploads\/2025\/12\/MXRF11-2-jpg.webp","width":1280,"height":959,"caption":"SARE11 entra na fase final de liquida\u00e7\u00e3o e define valor de amortiza\u00e7\u00e3o. Foto: Pixabay"},{"@type":"BreadcrumbList","@id":"https:\/\/www.suno.com.br\/noticias\/sare11-liquidacao-amortizacao-btlg11\/#breadcrumb","itemListElement":[{"@type":"ListItem","position":1,"name":"Not\u00edcias","item":"https:\/\/www.suno.com.br\/noticias\/"},{"@type":"ListItem","position":2,"name":"FIIs","item":"https:\/\/www.suno.com.br\/noticias\/fiis\/"},{"@type":"ListItem","position":3,"name":"SARE11 conclui liquida\u00e7\u00e3o e divulga amortiza\u00e7\u00e3o; confira valor"}]},{"@type":"WebSite","@id":"https:\/\/www.suno.com.br\/noticias\/#website","url":"https:\/\/www.suno.com.br\/noticias\/","name":"Suno Not\u00edcias","description":"Seu portal de informa\u00e7\u00e3o sobre o mundo dos investimentos","publisher":{"@id":"https:\/\/www.suno.com.br\/noticias\/#organization"},"potentialAction":[{"@type":"SearchAction","target":{"@type":"EntryPoint","urlTemplate":"https:\/\/www.suno.com.br\/noticias\/?s={search_term_string}"},"query-input":{"@type":"PropertyValueSpecification","valueRequired":true,"valueName":"search_term_string"}}],"inLanguage":"pt-BR"},{"@type":"Organization","@id":"https:\/\/www.suno.com.br\/noticias\/#organization","name":"Suno Not\u00edcias","url":"https:\/\/www.suno.com.br\/noticias\/","logo":{"@type":"ImageObject","inLanguage":"pt-BR","@id":"https:\/\/www.suno.com.br\/noticias\/#\/schema\/logo\/image\/","url":"https:\/\/files.sunoresearch.com.br\/n\/uploads\/2021\/09\/suno-logo.png","contentUrl":"https:\/\/files.sunoresearch.com.br\/n\/uploads\/2021\/09\/suno-logo.png","width":180,"height":180,"caption":"Suno Not\u00edcias"},"image":{"@id":"https:\/\/www.suno.com.br\/noticias\/#\/schema\/logo\/image\/"},"sameAs":["https:\/\/facebook.com\/sunoresearch","https:\/\/x.com\/sunoresearch","https:\/\/www.instagram.com\/suno","https:\/\/www.linkedin.com\/company\/suno-research\/","https:\/\/www.youtube.com\/c\/sunoresearch"]},{"@type":"Person","@id":"https:\/\/www.suno.com.br\/noticias\/#\/schema\/person\/c1b1bd3727fa852bd045e9dbff3673ea","name":"Reda\u00e7\u00e3o Suno Not\u00edcias","image":{"@type":"ImageObject","inLanguage":"pt-BR","@id":"https:\/\/www.suno.com.br\/noticias\/#\/schema\/person\/image\/","url":"https:\/\/secure.gravatar.com\/avatar\/b8104b9b5a71985d5238ee59fbe418af?s=96&r=g","contentUrl":"https:\/\/secure.gravatar.com\/avatar\/b8104b9b5a71985d5238ee59fbe418af?s=96&r=g","caption":"Reda\u00e7\u00e3o Suno Not\u00edcias"},"description":"O Suno Not\u00edcias \u00e9 um portal de informa\u00e7\u00f5es sobre Mercado Financeiro, Pol\u00edtica, Neg\u00f3cios, Economia e Finan\u00e7as Pessoais.","sameAs":["https:\/\/www.suno.com.br\/noticias","https:\/\/www.facebook.com\/sunonoticias\/","https:\/\/www.instagram.com\/sunonoticias\/","https:\/\/x.com\/https:\/\/twitter.com\/sunoresearch","https:\/\/www.youtube.com\/sunonoticias"],"url":"https:\/\/www.suno.com.br\/noticias\/author\/redacao-suno\/"}]}},"default_loop_html":"<div class=\"cardsPage__listCard__boxs\"><div class=\"cardsPage__listCard__boxs__img\"><a href=\"https:\/\/www.suno.com.br\/noticias\/sare11-liquidacao-amortizacao-btlg11\/\"><img class=\"mask\" src=\"https:\/\/www.suno.com.br\/noticias\/wp-content\/themes\/suno\/resources\/images\/spotlight\/spotlight1img\/bg-mask.png\" alt=\"Image Mask\"\/><img src=\"https:\/\/files.sunoresearch.com.br\/n\/uploads\/2025\/12\/MXRF11-2-400x200.webp\" alt=\"SARE11 conclui liquida\u00e7\u00e3o e divulga amortiza\u00e7\u00e3o; confira valor\"\/><\/a><span class=\"spotlightCategory\"><a href=\"https:\/\/www.suno.com.br\/noticias\/fiis\/\">FIIs<\/a><\/span><\/div><div class=\"cardsPage__listCard__boxs__content\"><a href=\"https:\/\/www.suno.com.br\/noticias\/sare11-liquidacao-amortizacao-btlg11\/\"><h2 class=\"content__title\">SARE11 conclui liquida\u00e7\u00e3o e divulga amortiza\u00e7\u00e3o; confira valor<\/h2><\/a><div class=\"newsContent__article__meta\"><div class=\"newsContent__article__meta__authorBox\"><a href=\"https:\/\/www.suno.com.br\/noticias\/author\/redacao-suno\/\" class=\"authorBox__avatar noMobi\"><img src=\"https:\/\/files.sunoresearch.com.br\/n\/uploads\/2020\/08\/0ace682d-redacao-1-150x150.webp\" alt=\"Reda\u00e7\u00e3o Suno Not\u00edcias\"><\/a><div class=\"authorBox__name\"><span>por\n\t\t\t<a href=\"https:\/\/www.suno.com.br\/noticias\/author\/redacao-suno\/\"><span itemprop=\"author\">Reda\u00e7\u00e3o Suno Not\u00edcias<\/span><\/a><\/span><time datetime=\"2025-12-05T17:15:28-03:00\" itemprop=\"datePublished\">05\/12\/2025 17:15<\/time><\/div><\/div><\/div><\/div><\/div>","single_layout":"posts","amp_enabled":true,"_links":{"self":[{"href":"https:\/\/www.suno.com.br\/noticias\/wp-json\/wp\/v2\/posts\/634714"}],"collection":[{"href":"https:\/\/www.suno.com.br\/noticias\/wp-json\/wp\/v2\/posts"}],"about":[{"href":"https:\/\/www.suno.com.br\/noticias\/wp-json\/wp\/v2\/types\/post"}],"author":[{"embeddable":true,"href":"https:\/\/www.suno.com.br\/noticias\/wp-json\/wp\/v2\/users\/43"}],"replies":[{"embeddable":true,"href":"https:\/\/www.suno.com.br\/noticias\/wp-json\/wp\/v2\/comments?post=634714"}],"version-history":[{"count":1,"href":"https:\/\/www.suno.com.br\/noticias\/wp-json\/wp\/v2\/posts\/634714\/revisions"}],"predecessor-version":[{"id":634758,"href":"https:\/\/www.suno.com.br\/noticias\/wp-json\/wp\/v2\/posts\/634714\/revisions\/634758"}],"wp:featuredmedia":[{"embeddable":true,"href":"https:\/\/www.suno.com.br\/noticias\/wp-json\/wp\/v2\/media\/634715"}],"wp:attachment":[{"href":"https:\/\/www.suno.com.br\/noticias\/wp-json\/wp\/v2\/media?parent=634714"}],"wp:term":[{"taxonomy":"category","embeddable":true,"href":"https:\/\/www.suno.com.br\/noticias\/wp-json\/wp\/v2\/categories?post=634714"},{"taxonomy":"post_tag","embeddable":true,"href":"https:\/\/www.suno.com.br\/noticias\/wp-json\/wp\/v2\/tags?post=634714"},{"taxonomy":"suno_strategy","embeddable":true,"href":"https:\/\/www.suno.com.br\/noticias\/wp-json\/wp\/v2\/suno_strategy?post=634714"}],"curies":[{"name":"wp","href":"https:\/\/api.w.org\/{rel}","templated":true}]}}